{"id":9793,"date":"2025-10-17T15:43:35","date_gmt":"2025-10-17T13:43:35","guid":{"rendered":"https:\/\/blogaudioteka.wpcomstaging.com\/?p=9793"},"modified":"2025-10-17T19:15:42","modified_gmt":"2025-10-17T17:15:42","slug":"nowosci-tygodnia-w-audiotece-top-15-13-10-19-10","status":"publish","type":"post","link":"https:\/\/blogaudioteka.wpcomstaging.com\/nowosci-tygodnia-w-audiotece-top-15-13-10-19-10","title":{"rendered":"Nowo\u015bci tygodnia w Audiotece \u2013 TOP 15 [13.10 \u2013 19.10]"},"content":{"rendered":"\n<p class=\"has-text-align-justify wp-block-paragraph\"><strong>Kolejny tydzie\u0144 za nami, a&nbsp;jesie\u0144, cho\u0107 bywa nieco przyt\u0142aczaj\u0105ca, oferuje nam coraz wi\u0119cej chwil i&nbsp;d\u0142ugich wieczor\u00f3w, by w&nbsp;przyjemnej atmosferze zanurzy\u0107 si\u0119 w&nbsp;historie audio, pozna\u0107 nowych bohater\u00f3w i&nbsp;przenie\u015b\u0107 si\u0119 do \u015bwiata magii czy mi\u0142osnych relacji. Idealnie! Bo w\u0142a\u015bnie nadszed\u0142 czas na nasz cotygodniowy przegl\u0105d naj\u015bwie\u017cszych tytu\u0142\u00f3w, kt\u00f3re zasili\u0142y wirtualne p\u00f3\u0142ki Audioteki w&nbsp;dniach od 13 do 19 pa\u017adziernika. Sprawd\u017acie, jakie nowo\u015bci mamy dla Was \u2013 gwarantujemy, \u017ce ka\u017cdy znajdzie tu co\u015b, co umili mu jesienne popo\u0142udnia i&nbsp;wieczory!<\/strong><\/p>\n\n\n\n<div id=\"ez-toc-container\" class=\"ez-toc-v2_0_82_2 counter-hierarchy ez-toc-counter ez-toc-grey ez-toc-container-direction\">\n<div class=\"ez-toc-title-container\"><span class=\"ez-toc-title\" style=\"cursor:inherit\">Spis tre\u015bci<\/span>\n<\/div><nav><ul class='ez-toc-list ez-toc-list-level-1 ' ><li class='ez-toc-page-1 ez-toc-heading-level-2'><a class=\"ez-toc-link ez-toc-heading-1\" href=\"https:\/\/blogaudioteka.wpcomstaging.com\/nowosci-tygodnia-w-audiotece-top-15-13-10-19-10\/#1_Smoczyca_Audioserial\" >1. Smoczyca. Audioserial&nbsp;<\/a><\/li><li class='ez-toc-page-1 ez-toc-heading-level-2'><a class=\"ez-toc-link ez-toc-heading-2\" href=\"https:\/\/blogaudioteka.wpcomstaging.com\/nowosci-tygodnia-w-audiotece-top-15-13-10-19-10\/#2_Goloborze_%E2%80%93_Maciej_Siembieda\" >2. Go\u0142oborze &#8211; Maciej Siembieda<\/a><\/li><li class='ez-toc-page-1 ez-toc-heading-level-2'><a class=\"ez-toc-link ez-toc-heading-3\" href=\"https:\/\/blogaudioteka.wpcomstaging.com\/nowosci-tygodnia-w-audiotece-top-15-13-10-19-10\/#3_Skora_matki_Psychologiczny_portret_Eda_Geina_Psychologiczny_portret_Eda_Geina_%E2%80%93_Juliusz_J_Manell\" >3. Sk\u00f3ra matki. Psychologiczny portret Eda Geina Psychologiczny portret Eda Geina &#8211; Juliusz J. Manell<\/a><\/li><li class='ez-toc-page-1 ez-toc-heading-level-2'><a class=\"ez-toc-link ez-toc-heading-4\" href=\"https:\/\/blogaudioteka.wpcomstaging.com\/nowosci-tygodnia-w-audiotece-top-15-13-10-19-10\/#4_Lodowa_pulapka_Przygody_Dirka_Pitta_Tom_3_%E2%80%93_Clive_Cussler\" >4. Lodowa pu\u0142apka. Przygody Dirka Pitta. Tom 3 &#8211; Clive Cussler<\/a><\/li><li class='ez-toc-page-1 ez-toc-heading-level-2'><a class=\"ez-toc-link ez-toc-heading-5\" href=\"https:\/\/blogaudioteka.wpcomstaging.com\/nowosci-tygodnia-w-audiotece-top-15-13-10-19-10\/#5_Medytacja_Mindfulness_Podroz_Uwaznosci_%E2%80%93_Sandra_Osipiuk-Sienkiewicz\" >5. Medytacja Mindfulness: Podr\u00f3\u017c Uwa\u017cno\u015bci &#8211; Sandra Osipiuk-Sienkiewicz<\/a><\/li><li class='ez-toc-page-1 ez-toc-heading-level-2'><a class=\"ez-toc-link ez-toc-heading-6\" href=\"https:\/\/blogaudioteka.wpcomstaging.com\/nowosci-tygodnia-w-audiotece-top-15-13-10-19-10\/#6_Transformers_%E2%80%93_Prime_%E2%80%93_kolekcja_przygod_%E2%80%93_Transformers\" >6. Transformers &#8211; Prime &#8211; kolekcja przyg\u00f3d &#8211; Transformers<\/a><\/li><li class='ez-toc-page-1 ez-toc-heading-level-2'><a class=\"ez-toc-link ez-toc-heading-7\" href=\"https:\/\/blogaudioteka.wpcomstaging.com\/nowosci-tygodnia-w-audiotece-top-15-13-10-19-10\/#7_Godzina_wilka_Kroniki_polmroku_Tom_2_%E2%80%93_Katarzyna_Staniszewska\" >7. Godzina wilka. Kroniki p\u00f3\u0142mroku. Tom 2 &#8211; Katarzyna Staniszewska<\/a><\/li><li class='ez-toc-page-1 ez-toc-heading-level-2'><a class=\"ez-toc-link ez-toc-heading-8\" href=\"https:\/\/blogaudioteka.wpcomstaging.com\/nowosci-tygodnia-w-audiotece-top-15-13-10-19-10\/#8_Cher_Autobiografia_czesc_1_%E2%80%93_Cher\" >8. Cher. Autobiografia (cz\u0119\u015b\u0107 1) &#8211; Cher<\/a><\/li><li class='ez-toc-page-1 ez-toc-heading-level-2'><a class=\"ez-toc-link ez-toc-heading-9\" href=\"https:\/\/blogaudioteka.wpcomstaging.com\/nowosci-tygodnia-w-audiotece-top-15-13-10-19-10\/#9_Jak_poskromic_diabla_%E2%80%93_Kyra_Parsi\" >9. Jak poskromi\u0107 diab\u0142a &#8211; Kyra Parsi<\/a><\/li><li class='ez-toc-page-1 ez-toc-heading-level-2'><a class=\"ez-toc-link ez-toc-heading-10\" href=\"https:\/\/blogaudioteka.wpcomstaging.com\/nowosci-tygodnia-w-audiotece-top-15-13-10-19-10\/#10_Carmen_%E2%80%93_Prosper_Merimee\" >10. Carmen &#8211; Prosper M\u00e9rim\u00e9e<\/a><\/li><li class='ez-toc-page-1 ez-toc-heading-level-2'><a class=\"ez-toc-link ez-toc-heading-11\" href=\"https:\/\/blogaudioteka.wpcomstaging.com\/nowosci-tygodnia-w-audiotece-top-15-13-10-19-10\/#11_Kiedy_zapada_zmierzch_Czesc_1_%E2%80%93_Sara_Onnebo\" >11. Kiedy zapada zmierzch. Cz\u0119\u015b\u0107 1 &#8211; Sara \u00d6nnebo<\/a><\/li><li class='ez-toc-page-1 ez-toc-heading-level-2'><a class=\"ez-toc-link ez-toc-heading-12\" href=\"https:\/\/blogaudioteka.wpcomstaging.com\/nowosci-tygodnia-w-audiotece-top-15-13-10-19-10\/#12_Mate_%E2%80%93_Ali_Hazelwood\" >12. Mate &#8211; Ali Hazelwood<\/a><\/li><li class='ez-toc-page-1 ez-toc-heading-level-2'><a class=\"ez-toc-link ez-toc-heading-13\" href=\"https:\/\/blogaudioteka.wpcomstaging.com\/nowosci-tygodnia-w-audiotece-top-15-13-10-19-10\/#13_Skazany_%E2%80%93_Freida_McFadden\" >13. Skazany &#8211; Freida McFadden<\/a><\/li><li class='ez-toc-page-1 ez-toc-heading-level-2'><a class=\"ez-toc-link ez-toc-heading-14\" href=\"https:\/\/blogaudioteka.wpcomstaging.com\/nowosci-tygodnia-w-audiotece-top-15-13-10-19-10\/#14_Robin_Hood_i_jego_wesole_przygody_%E2%80%93_Howard_Pyle\" >14. Robin Hood i&nbsp;jego weso\u0142e przygody &#8211; Howard Pyle<\/a><\/li><li class='ez-toc-page-1 ez-toc-heading-level-2'><a class=\"ez-toc-link ez-toc-heading-15\" href=\"https:\/\/blogaudioteka.wpcomstaging.com\/nowosci-tygodnia-w-audiotece-top-15-13-10-19-10\/#15_Kotlina_Klodzko_Tom_1_%E2%80%93_Agata_Kunderman\" >15. Kotlina. K\u0142odzko. Tom 1 &#8211; Agata Kunderman<\/a><\/li><\/ul><\/nav><\/div>\n<h2 class=\"wp-block-heading\"><span class=\"ez-toc-section\" id=\"1_Smoczyca_Audioserial\"><\/span><strong>1. Smoczyca. Audioserial<\/strong>&nbsp;<span class=\"ez-toc-section-end\"><\/span><\/h2>\n\n\n\n<figure class=\"wp-block-image size-large\"><a href=\"https:\/\/audioteka.com\/pl\/cykl\/smoczyca-audioserial\/\" target=\"_blank\" rel=\"noopener\"><img data-recalc-dims=\"1\" loading=\"lazy\" decoding=\"async\" width=\"1024\" height=\"576\" data-attachment-id=\"9795\" data-permalink=\"https:\/\/blogaudioteka.wpcomstaging.com\/nowosci-tygodnia-w-audiotece-top-15-13-10-19-10\/smoczyca_blog_16x9\" data-orig-file=\"https:\/\/i0.wp.com\/blogaudioteka.wpcomstaging.com\/wp-content\/uploads\/smoczyca_blog_16x9.jpg?fit=1920%2C1080&amp;ssl=1\" data-orig-size=\"1920,1080\" data-comments-opened=\"0\" data-image-meta=\"{&quot;aperture&quot;:&quot;0&quot;,&quot;credit&quot;:&quot;&quot;,&quot;camera&quot;:&quot;&quot;,&quot;caption&quot;:&quot;&quot;,&quot;created_timestamp&quot;:&quot;0&quot;,&quot;copyright&quot;:&quot;&quot;,&quot;focal_length&quot;:&quot;0&quot;,&quot;iso&quot;:&quot;0&quot;,&quot;shutter_speed&quot;:&quot;0&quot;,&quot;title&quot;:&quot;&quot;,&quot;orientation&quot;:&quot;0&quot;}\" data-image-title=\"smoczyca_blog_16x9\" data-image-description=\"\" data-image-caption=\"\" data-large-file=\"https:\/\/i0.wp.com\/blogaudioteka.wpcomstaging.com\/wp-content\/uploads\/smoczyca_blog_16x9.jpg?fit=1024%2C576&amp;ssl=1\" src=\"https:\/\/i0.wp.com\/blogaudioteka.wpcomstaging.com\/wp-content\/uploads\/smoczyca_blog_16x9-1024x576.jpg?resize=1024%2C576&#038;ssl=1\" alt=\"\" class=\"wp-image-9795\" srcset=\"https:\/\/i0.wp.com\/blogaudioteka.wpcomstaging.com\/wp-content\/uploads\/smoczyca_blog_16x9.jpg?resize=1024%2C576&amp;ssl=1 1024w, https:\/\/i0.wp.com\/blogaudioteka.wpcomstaging.com\/wp-content\/uploads\/smoczyca_blog_16x9.jpg?resize=300%2C169&amp;ssl=1 300w, https:\/\/i0.wp.com\/blogaudioteka.wpcomstaging.com\/wp-content\/uploads\/smoczyca_blog_16x9.jpg?resize=768%2C432&amp;ssl=1 768w, https:\/\/i0.wp.com\/blogaudioteka.wpcomstaging.com\/wp-content\/uploads\/smoczyca_blog_16x9.jpg?resize=1536%2C864&amp;ssl=1 1536w, https:\/\/i0.wp.com\/blogaudioteka.wpcomstaging.com\/wp-content\/uploads\/smoczyca_blog_16x9.jpg?resize=512%2C288&amp;ssl=1 512w, https:\/\/i0.wp.com\/blogaudioteka.wpcomstaging.com\/wp-content\/uploads\/smoczyca_blog_16x9.jpg?resize=920%2C518&amp;ssl=1 920w, https:\/\/i0.wp.com\/blogaudioteka.wpcomstaging.com\/wp-content\/uploads\/smoczyca_blog_16x9.jpg?resize=1600%2C900&amp;ssl=1 1600w, https:\/\/i0.wp.com\/blogaudioteka.wpcomstaging.com\/wp-content\/uploads\/smoczyca_blog_16x9.jpg?w=1920&amp;ssl=1 1920w\" sizes=\"auto, (max-width: 1024px) 100vw, 1024px\" \/><\/a><\/figure>\n\n\n\n<p class=\"has-text-align-justify wp-block-paragraph\">Ogie\u0144, zdrada i&nbsp;krew. Tak zaczyna si\u0119 nowa era w&nbsp;&#8222;Smoczycy&#8221; \u2013 nowym audioserialu oryginalnym Audioteki! Gdy Kr\u00f3lowa umiera, tron przechodzi w&nbsp;r\u0119ce m\u0142odej Idalii, ku w\u015bciek\u0142o\u015bci jej brata, ksi\u0119cia Yotara. Kr\u00f3lestwo Madrigal pogr\u0105\u017ca si\u0119 w&nbsp;chaosie, gdzie krew staje si\u0119 walut\u0105, a&nbsp;lojalno\u015b\u0107 iluzj\u0105. <a href=\"https:\/\/audioteka.com\/pl\/lektor\/ewa-prus\/\" target=\"_blank\" rel=\"noopener\">Ewa Prus<\/a> (Idalia), <a href=\"https:\/\/audioteka.com\/pl\/lektor\/jedrzej-hycnar\/\" target=\"_blank\" rel=\"noopener\">J\u0119drzej Hycnar<\/a> (Yotar) i&nbsp;<a href=\"https:\/\/audioteka.com\/pl\/lektor\/jacek-rozenek\/\" target=\"_blank\" rel=\"noopener\">Jacek Rozenek<\/a> to tylko cz\u0119\u015b\u0107 gwiazdorskiej obsady tego epickiego s\u0142uchowiska. Napi\u0119cie narasta, gdy kr\u00f3lowa Ginerda (Barbara Ka\u0142u\u017cna) zapowiada swoj\u0105 ostatni\u0105 mow\u0119 tronow\u0105, a&nbsp;w powietrzu czu\u0107 zapach zdrady, kt\u00f3ra odmieni losy ca\u0142ego kr\u00f3lestwa. <a href=\"https:\/\/audioteka.com\/pl\/audiobook\/smoczyca-odcinek-1\/\" target=\"_blank\" rel=\"noopener\">S\u0142uchaj pierwszego odcinka<\/a> bezp\u0142atnie i&nbsp;zanurz si\u0119 w&nbsp;\u015bwiecie intryg i&nbsp;walki o&nbsp;w\u0142adz\u0119! Nowy odcinek pojawia si\u0119 w&nbsp;ka\u017cdy pi\u0105tek.<\/p>\n\n\n\n<h2 class=\"wp-block-heading has-text-align-justify\"><span class=\"ez-toc-section\" id=\"2_Goloborze_%E2%80%93_Maciej_Siembieda\"><\/span>2. Go\u0142oborze &#8211; Maciej Siembieda<span class=\"ez-toc-section-end\"><\/span><\/h2>\n\n\n<div class=\"wp-block-image\">\n<figure class=\"aligncenter size-full\"><img loading=\"lazy\" decoding=\"async\" width=\"300\" height=\"300\" data-attachment-id=\"9798\" data-permalink=\"https:\/\/blogaudioteka.wpcomstaging.com\/nowosci-tygodnia-w-audiotece-top-15-13-10-19-10\/goloborze-okladka\" data-orig-file=\"https:\/\/blogaudioteka.wpcomstaging.com\/wp-content\/uploads\/goloborze-okladka.avif\" data-orig-size=\"300,300\" data-comments-opened=\"0\" data-image-meta=\"{&quot;aperture&quot;:&quot;0&quot;,&quot;credit&quot;:&quot;&quot;,&quot;camera&quot;:&quot;&quot;,&quot;caption&quot;:&quot;&quot;,&quot;created_timestamp&quot;:&quot;0&quot;,&quot;copyright&quot;:&quot;&quot;,&quot;focal_length&quot;:&quot;0&quot;,&quot;iso&quot;:&quot;0&quot;,&quot;shutter_speed&quot;:&quot;0&quot;,&quot;title&quot;:&quot;&quot;,&quot;orientation&quot;:&quot;0&quot;}\" data-image-title=\"goloborze-okladka\" data-image-description=\"\" data-image-caption=\"\" data-large-file=\"https:\/\/blogaudioteka.wpcomstaging.com\/wp-content\/uploads\/goloborze-okladka.avif\" src=\"https:\/\/blogaudioteka.wpcomstaging.com\/wp-content\/uploads\/goloborze-okladka.avif\" alt=\"\" class=\"wp-image-9798\" srcset=\"https:\/\/blogaudioteka.wpcomstaging.com\/wp-content\/uploads\/goloborze-okladka.avif 300w, https:\/\/blogaudioteka.wpcomstaging.com\/wp-content\/uploads\/goloborze-okladka-150x150.avif 150w, https:\/\/blogaudioteka.wpcomstaging.com\/wp-content\/uploads\/goloborze-okladka-200x200.avif 200w, https:\/\/blogaudioteka.wpcomstaging.com\/wp-content\/uploads\/goloborze-okladka-148x148.avif 148w, https:\/\/blogaudioteka.wpcomstaging.com\/wp-content\/uploads\/goloborze-okladka-296x296.avif 296w\" sizes=\"auto, (max-width: 300px) 100vw, 300px\" \/><\/figure>\n<\/div>\n\n\n<p class=\"wp-block-paragraph\">\ud83c\udfa7<strong>S\u0142ucham: <a href=\"https:\/\/audioteka.com\/pl\/audiobook\/goloborze-znak\/\" target=\"_blank\" rel=\"noopener\">Go\u0142oborze &#8211; Audiobook &#8211; Maciej Siembieda &#8211; Znak Literanova | Audioteka<\/a><\/strong><\/p>\n\n\n\n<p class=\"has-text-align-justify wp-block-paragraph\">W \u015bwi\u0119tokrzyskich lasach, w&nbsp;cieniu \u0141ysej G\u00f3ry, toczy si\u0119 zajad\u0142a wojna, kt\u00f3rej podszewk\u0105 jest z\u0142o. <a href=\"https:\/\/audioteka.com\/pl\/autor\/maciej-siembieda\/\" target=\"_blank\" rel=\"noopener\">Maciej Siembieda<\/a> w&nbsp;&#8222;Go\u0142oborzu&#8221; przedstawia histori\u0119 dw\u00f3ch zwa\u015bnionych rod\u00f3w \u2013 Ko\u0144czak\u00f3w i&nbsp;Cebrzyn\u00f3w \u2013 piel\u0119gnuj\u0105cych nienawi\u015b\u0107 przekazywan\u0105 z&nbsp;pokolenia na pokolenie. W&nbsp;tej wsi honor znaczy wi\u0119cej ni\u017c \u017cycie, a&nbsp;zemsta dzia\u0142a nawet zza grobu. Stefan Cebrzyna nie m\u00f3g\u0142 uciec od przeznaczenia, nawet je\u015bli Jad\u017aka Ko\u0144czakowa by\u0142a dla niego wa\u017cniejsza ni\u017c zemsta. <a href=\"https:\/\/audioteka.com\/pl\/lektor\/mariusz-bonaszewski\/\" target=\"_blank\" rel=\"noopener\">Mariusz Bonaszewski<\/a> czyta t\u0119 osobist\u0105 powie\u015b\u0107, kt\u00f3ra odmienia zemst\u0119 przez wszystkie przypadki, rozliczaj\u0105c si\u0119 z&nbsp;trudn\u0105 histori\u0105 G\u00f3r \u015awi\u0119tokrzyskich. Intryga niczym z&nbsp;<a href=\"https:\/\/audioteka.com\/pl\/audiobook\/ojciec-chrzestny-super\/\" target=\"_blank\" rel=\"noopener\">&#8222;Ojca Chrzestnego&#8221;<\/a> przeplata si\u0119 tu z&nbsp;szekspirowskim dramatem, \u0142\u0105cz\u0105c legendy regionu z&nbsp;histori\u0105 Polski od powstania styczniowego a\u017c do lat 90. XX wieku.<\/p>\n\n\n\n<div class=\"wp-block-group is-style-cs-promo\"><div class=\"wp-block-group__inner-container is-layout-constrained wp-block-group-is-layout-constrained\">\n<p class=\"wp-block-paragraph\">\ud83d\udc49<a href=\"https:\/\/audioteka.com\/pl\/blog\/jak-wyglada-dzien-z-aplikacja-audioteka-sprawdz-sam\" target=\"_blank\" rel=\"noopener\">Jak wygl\u0105da dzie\u0144 z&nbsp;aplikacj\u0105 Audioteka? Sprawd\u017a sam!<\/a><\/p>\n<\/div><\/div>\n\n\n\n<h2 class=\"wp-block-heading\"><span class=\"ez-toc-section\" id=\"3_Skora_matki_Psychologiczny_portret_Eda_Geina_Psychologiczny_portret_Eda_Geina_%E2%80%93_Juliusz_J_Manell\"><\/span>3. Sk\u00f3ra matki. Psychologiczny portret Eda Geina Psychologiczny portret Eda Geina &#8211; Juliusz J. Manell<span class=\"ez-toc-section-end\"><\/span><\/h2>\n\n\n<div class=\"wp-block-image\">\n<figure class=\"aligncenter size-full\"><img loading=\"lazy\" decoding=\"async\" width=\"300\" height=\"300\" data-attachment-id=\"9801\" data-permalink=\"https:\/\/blogaudioteka.wpcomstaging.com\/nowosci-tygodnia-w-audiotece-top-15-13-10-19-10\/skora-matki-original\" data-orig-file=\"https:\/\/blogaudioteka.wpcomstaging.com\/wp-content\/uploads\/skora-matki-original.avif\" data-orig-size=\"300,300\" data-comments-opened=\"0\" data-image-meta=\"{&quot;aperture&quot;:&quot;0&quot;,&quot;credit&quot;:&quot;&quot;,&quot;camera&quot;:&quot;&quot;,&quot;caption&quot;:&quot;&quot;,&quot;created_timestamp&quot;:&quot;0&quot;,&quot;copyright&quot;:&quot;&quot;,&quot;focal_length&quot;:&quot;0&quot;,&quot;iso&quot;:&quot;0&quot;,&quot;shutter_speed&quot;:&quot;0&quot;,&quot;title&quot;:&quot;&quot;,&quot;orientation&quot;:&quot;0&quot;}\" data-image-title=\"skora-matki-original\" data-image-description=\"\" data-image-caption=\"\" data-large-file=\"https:\/\/blogaudioteka.wpcomstaging.com\/wp-content\/uploads\/skora-matki-original.avif\" src=\"https:\/\/blogaudioteka.wpcomstaging.com\/wp-content\/uploads\/skora-matki-original.avif\" alt=\"\" class=\"wp-image-9801\" srcset=\"https:\/\/blogaudioteka.wpcomstaging.com\/wp-content\/uploads\/skora-matki-original.avif 300w, https:\/\/blogaudioteka.wpcomstaging.com\/wp-content\/uploads\/skora-matki-original-150x150.avif 150w, https:\/\/blogaudioteka.wpcomstaging.com\/wp-content\/uploads\/skora-matki-original-200x200.avif 200w, https:\/\/blogaudioteka.wpcomstaging.com\/wp-content\/uploads\/skora-matki-original-148x148.avif 148w, https:\/\/blogaudioteka.wpcomstaging.com\/wp-content\/uploads\/skora-matki-original-296x296.avif 296w\" sizes=\"auto, (max-width: 300px) 100vw, 300px\" \/><\/figure>\n<\/div>\n\n\n<p class=\"wp-block-paragraph\">\ud83c\udfa7<strong>S\u0142ucham:<\/strong> <a href=\"https:\/\/audioteka.com\/pl\/audiobook\/skora-matki\/\" target=\"_blank\" rel=\"noopener\">Sk\u00f3ra matki. Psychologiczny portret Eda Geina Psychologiczny portret Eda Geina &#8211; Audiobook &#8211; Juliusz J. Manell &#8211; E-bookowo | Audioteka<\/a><\/p>\n\n\n\n<p class=\"has-text-align-justify wp-block-paragraph\">Ed Gein nie chcia\u0142 by\u0107 potworem, chcia\u0142 by\u0107 swoj\u0105 matk\u0105. Juliusz J. Manell w&nbsp;&#8222;Sk\u00f3rze matki. Psychologicznym portrecie Eda Geina&#8221; przedstawia autopsj\u0119 umys\u0142u &#8222;Rze\u017anika z&nbsp;Plainfield&#8221;, wykraczaj\u0105c\u0105 poza sensacj\u0119. Przez blisko p\u00f3\u0142torej godziny, czytanej przez samego autora, audiobook ujawnia, jak fanatyczna, toksyczna matka, Augusta Gein, stworzy\u0142a idealne warunki dla narodzin potwora. To dog\u0142\u0119bna analiza psychoanalityczna, kt\u00f3ra, u\u017cywaj\u0105c teorii &#8222;Sk\u00f3ry-Ego&#8221; i&nbsp;&#8222;Syndromu Uwi\u0119zionego Dziecka&#8221;, wyja\u015bnia, dlaczego Gein polowa\u0142 na kobiety i&nbsp;u\u017cywa\u0142 ich sk\u00f3r do tworzenia swojego &#8222;kostiumu matki&#8221;. Audiobook \u0142\u0105czy histori\u0119 zbrodni z&nbsp;psychologi\u0105, odpowiadaj\u0105c na fundamentalne pytanie: czy potwory rodz\u0105 si\u0119 z\u0142e, czy s\u0105 powoli rze\u017abione przez otoczenie? Pos\u0142uchaj, by zrozumie\u0107 dziedzictwo Geina w&nbsp;popkulturze i&nbsp;odkry\u0107, jak cienka jest granica mi\u0119dzy normalno\u015bci\u0105 a&nbsp;szale\u0144stwem.<\/p>\n\n\n\n<h2 class=\"wp-block-heading\"><span class=\"ez-toc-section\" id=\"4_Lodowa_pulapka_Przygody_Dirka_Pitta_Tom_3_%E2%80%93_Clive_Cussler\"><\/span>4. Lodowa pu\u0142apka. Przygody Dirka Pitta. Tom 3 &#8211; Clive Cussler<span class=\"ez-toc-section-end\"><\/span><\/h2>\n\n\n<div class=\"wp-block-image\">\n<figure class=\"aligncenter size-full\"><img loading=\"lazy\" decoding=\"async\" width=\"300\" height=\"300\" data-attachment-id=\"9804\" data-permalink=\"https:\/\/blogaudioteka.wpcomstaging.com\/nowosci-tygodnia-w-audiotece-top-15-13-10-19-10\/lodowa-pulapka-przygody-dirka-pitta-tom-3-original-1\" data-orig-file=\"https:\/\/blogaudioteka.wpcomstaging.com\/wp-content\/uploads\/lodowa-pulapka-przygody-dirka-pitta-tom-3-original-1.avif\" data-orig-size=\"300,300\" data-comments-opened=\"0\" data-image-meta=\"{&quot;aperture&quot;:&quot;0&quot;,&quot;credit&quot;:&quot;&quot;,&quot;camera&quot;:&quot;&quot;,&quot;caption&quot;:&quot;&quot;,&quot;created_timestamp&quot;:&quot;0&quot;,&quot;copyright&quot;:&quot;&quot;,&quot;focal_length&quot;:&quot;0&quot;,&quot;iso&quot;:&quot;0&quot;,&quot;shutter_speed&quot;:&quot;0&quot;,&quot;title&quot;:&quot;&quot;,&quot;orientation&quot;:&quot;0&quot;}\" data-image-title=\"lodowa-pulapka-przygody-dirka-pitta-tom-3-original (1)\" data-image-description=\"\" data-image-caption=\"\" data-large-file=\"https:\/\/blogaudioteka.wpcomstaging.com\/wp-content\/uploads\/lodowa-pulapka-przygody-dirka-pitta-tom-3-original-1.avif\" src=\"https:\/\/blogaudioteka.wpcomstaging.com\/wp-content\/uploads\/lodowa-pulapka-przygody-dirka-pitta-tom-3-original-1.avif\" alt=\"\" class=\"wp-image-9804\" srcset=\"https:\/\/blogaudioteka.wpcomstaging.com\/wp-content\/uploads\/lodowa-pulapka-przygody-dirka-pitta-tom-3-original-1.avif 300w, https:\/\/blogaudioteka.wpcomstaging.com\/wp-content\/uploads\/lodowa-pulapka-przygody-dirka-pitta-tom-3-original-1-150x150.avif 150w, https:\/\/blogaudioteka.wpcomstaging.com\/wp-content\/uploads\/lodowa-pulapka-przygody-dirka-pitta-tom-3-original-1-200x200.avif 200w, https:\/\/blogaudioteka.wpcomstaging.com\/wp-content\/uploads\/lodowa-pulapka-przygody-dirka-pitta-tom-3-original-1-148x148.avif 148w, https:\/\/blogaudioteka.wpcomstaging.com\/wp-content\/uploads\/lodowa-pulapka-przygody-dirka-pitta-tom-3-original-1-296x296.avif 296w\" sizes=\"auto, (max-width: 300px) 100vw, 300px\" \/><\/figure>\n<\/div>\n\n\n<p class=\"wp-block-paragraph\"><strong>\ud83c\udfa7S\u0142ucham: <a href=\"https:\/\/audioteka.com\/pl\/audiobook\/lodowa-pulapka-przygody-dirka-pitta-tom-3\/\" target=\"_blank\" rel=\"noopener\">Lodowa pu\u0142apka. Przygody Dirka Pitta. Tom 3 &#8211; Audiobook &#8211; Clive Cussler &#8211; Saga Egmont | Audioteka<\/a><\/strong><\/p>\n\n\n\n<p class=\"has-text-align-justify wp-block-paragraph\">Kolejna porywaj\u0105ca przygoda Dirka Pitta! W&nbsp;trzecim tomie <em><a href=\"https:\/\/audioteka.com\/pl\/cykl\/przygody-dirka-pitta\/\" target=\"_blank\" rel=\"noopener\">cyklu Przygody Dirka Pitta<\/a><\/em>, &#8222;Lodowej pu\u0142apce&#8221;, Clive Cussler zabiera nas w&nbsp;mro\u017an\u0105 podr\u00f3\u017c przez p\u00f3\u0142nocny Atlantyk. Kiedy z&nbsp;dryfuj\u0105cej lodowej g\u00f3ry wy\u0142ania si\u0119 supernowoczesny okr\u0119t szpiegowski, kt\u00f3ry zagin\u0105\u0142 jaki\u015b czas temu, niezawodny agent NUMA, Dirk Pitt, zostaje wys\u0142any do zbadania sprawy. Widok, jaki zastanie na pok\u0142adzie, na zawsze wryje si\u0119 w&nbsp;jego pami\u0119\u0107, a&nbsp;to dopiero pierwszy trop w&nbsp;skomplikowanej sprawie zwi\u0105zanej z&nbsp;tajnym projektem energetycznym. Audiobook jest pozycj\u0105 obowi\u0105zkow\u0105 dla mi\u0142o\u015bnik\u00f3w Indiany Jonesa i&nbsp;Jamesa Bonda. Charyzmatyczny in\u017cynier Dirk Pitt po raz kolejny bryluje w&nbsp;akcji, rozwi\u0105zuj\u0105c mi\u0119dzynarodow\u0105 zagadk\u0119, kt\u00f3ra trzyma w&nbsp;napi\u0119ciu do samego ko\u0144ca.<\/p>\n\n\n\n<h2 class=\"wp-block-heading\"><span class=\"ez-toc-section\" id=\"5_Medytacja_Mindfulness_Podroz_Uwaznosci_%E2%80%93_Sandra_Osipiuk-Sienkiewicz\"><\/span>5. Medytacja Mindfulness: Podr\u00f3\u017c Uwa\u017cno\u015bci &#8211; Sandra Osipiuk-Sienkiewicz<span class=\"ez-toc-section-end\"><\/span><\/h2>\n\n\n<div class=\"wp-block-image\">\n<figure class=\"aligncenter size-full\"><img loading=\"lazy\" decoding=\"async\" width=\"300\" height=\"300\" data-attachment-id=\"9807\" data-permalink=\"https:\/\/blogaudioteka.wpcomstaging.com\/nowosci-tygodnia-w-audiotece-top-15-13-10-19-10\/medytacja-mindfulness-podroz-uwaznosci-original\" data-orig-file=\"https:\/\/blogaudioteka.wpcomstaging.com\/wp-content\/uploads\/medytacja-mindfulness-podroz-uwaznosci-original.avif\" data-orig-size=\"300,300\" data-comments-opened=\"0\" data-image-meta=\"{&quot;aperture&quot;:&quot;0&quot;,&quot;credit&quot;:&quot;&quot;,&quot;camera&quot;:&quot;&quot;,&quot;caption&quot;:&quot;&quot;,&quot;created_timestamp&quot;:&quot;0&quot;,&quot;copyright&quot;:&quot;&quot;,&quot;focal_length&quot;:&quot;0&quot;,&quot;iso&quot;:&quot;0&quot;,&quot;shutter_speed&quot;:&quot;0&quot;,&quot;title&quot;:&quot;&quot;,&quot;orientation&quot;:&quot;0&quot;}\" data-image-title=\"medytacja-mindfulness-podroz-uwaznosci-original\" data-image-description=\"\" data-image-caption=\"\" data-large-file=\"https:\/\/blogaudioteka.wpcomstaging.com\/wp-content\/uploads\/medytacja-mindfulness-podroz-uwaznosci-original.avif\" src=\"https:\/\/blogaudioteka.wpcomstaging.com\/wp-content\/uploads\/medytacja-mindfulness-podroz-uwaznosci-original.avif\" alt=\"\" class=\"wp-image-9807\" srcset=\"https:\/\/blogaudioteka.wpcomstaging.com\/wp-content\/uploads\/medytacja-mindfulness-podroz-uwaznosci-original.avif 300w, https:\/\/blogaudioteka.wpcomstaging.com\/wp-content\/uploads\/medytacja-mindfulness-podroz-uwaznosci-original-150x150.avif 150w, https:\/\/blogaudioteka.wpcomstaging.com\/wp-content\/uploads\/medytacja-mindfulness-podroz-uwaznosci-original-200x200.avif 200w, https:\/\/blogaudioteka.wpcomstaging.com\/wp-content\/uploads\/medytacja-mindfulness-podroz-uwaznosci-original-148x148.avif 148w, https:\/\/blogaudioteka.wpcomstaging.com\/wp-content\/uploads\/medytacja-mindfulness-podroz-uwaznosci-original-296x296.avif 296w\" sizes=\"auto, (max-width: 300px) 100vw, 300px\" \/><\/figure>\n<\/div>\n\n\n<p class=\"wp-block-paragraph\">\ud83c\udfa7<strong>S\u0142ucham: <a href=\"https:\/\/audioteka.com\/pl\/audiobook\/medytacja-mindfulness-podroz-uwaznosci\/\" target=\"_blank\" rel=\"noopener\">Medytacja Mindfulness: Podr\u00f3\u017c Uwa\u017cno\u015bci &#8211; Audiobook &#8211; Sandra Osipiuk-Sienkiewicz &#8211; Audioteka | Audioteka<\/a><\/strong><\/p>\n\n\n\n<p class=\"has-text-align-justify wp-block-paragraph\">Pragniesz uwolni\u0107 si\u0119 od stresu, napi\u0119cia i&nbsp;nieustannego rozpami\u0119tywania przesz\u0142o\u015bci? <a href=\"https:\/\/audioteka.com\/pl\/autor\/sandra-osipiuk-sienkiewicz\/\" target=\"_blank\" rel=\"noopener\">Sandra Osipiuk-Sienkiewicz<\/a> w&nbsp;&#8222;Medytacji Mindfulness: Podr\u00f3\u017cy Uwa\u017cno\u015bci&#8221; zaprasza do praktyki \u015bwiadomego kierowania uwagi na chwil\u0119 obecn\u0105. Marta Markowicz czyta audiobooka, kt\u00f3ry dostarcza praktycznych medytacji i&nbsp;technik mindfulness, pomagaj\u0105cych w&nbsp;redukcji stresu, poprawie jako\u015bci snu i&nbsp;lepszej regulacji emocji. Minimalna cz\u0119\u015b\u0107 teoretyczna ma na celu wsparcie Twojej praktyki, a&nbsp;kluczowym elementem jest osobiste do\u015bwiadczanie. Pami\u0119taj, by podchodzi\u0107 do medytacji z&nbsp;otwarto\u015bci\u0105 i&nbsp;\u017cyczliwo\u015bci\u0105 \u2013 b\u0142\u0105dz\u0105cy umys\u0142 to co\u015b naturalnego. Mindfulness to inwestycja w&nbsp;spok\u00f3j i&nbsp;dobrostan, kt\u00f3rej efekty stan\u0105 si\u0119 widoczne przy systematycznym stosowaniu.<\/p>\n\n\n\n<h2 class=\"wp-block-heading\"><span class=\"ez-toc-section\" id=\"6_Transformers_%E2%80%93_Prime_%E2%80%93_kolekcja_przygod_%E2%80%93_Transformers\"><\/span>6. Transformers &#8211; Prime &#8211; kolekcja przyg\u00f3d &#8211; Transformers<span class=\"ez-toc-section-end\"><\/span><\/h2>\n\n\n<div class=\"wp-block-image\">\n<figure class=\"aligncenter size-full\"><img loading=\"lazy\" decoding=\"async\" width=\"300\" height=\"300\" data-attachment-id=\"9810\" data-permalink=\"https:\/\/blogaudioteka.wpcomstaging.com\/nowosci-tygodnia-w-audiotece-top-15-13-10-19-10\/transformers-prime-kolekcja-przygod-original\" data-orig-file=\"https:\/\/blogaudioteka.wpcomstaging.com\/wp-content\/uploads\/transformers-prime-kolekcja-przygod-original.avif\" data-orig-size=\"300,300\" data-comments-opened=\"0\" data-image-meta=\"{&quot;aperture&quot;:&quot;0&quot;,&quot;credit&quot;:&quot;&quot;,&quot;camera&quot;:&quot;&quot;,&quot;caption&quot;:&quot;&quot;,&quot;created_timestamp&quot;:&quot;0&quot;,&quot;copyright&quot;:&quot;&quot;,&quot;focal_length&quot;:&quot;0&quot;,&quot;iso&quot;:&quot;0&quot;,&quot;shutter_speed&quot;:&quot;0&quot;,&quot;title&quot;:&quot;&quot;,&quot;orientation&quot;:&quot;0&quot;}\" data-image-title=\"transformers&amp;#8212;prime&amp;#8212;kolekcja-przygod-original\" data-image-description=\"\" data-image-caption=\"\" data-large-file=\"https:\/\/blogaudioteka.wpcomstaging.com\/wp-content\/uploads\/transformers-prime-kolekcja-przygod-original.avif\" src=\"https:\/\/blogaudioteka.wpcomstaging.com\/wp-content\/uploads\/transformers-prime-kolekcja-przygod-original.avif\" alt=\"\" class=\"wp-image-9810\" srcset=\"https:\/\/blogaudioteka.wpcomstaging.com\/wp-content\/uploads\/transformers-prime-kolekcja-przygod-original.avif 300w, https:\/\/blogaudioteka.wpcomstaging.com\/wp-content\/uploads\/transformers-prime-kolekcja-przygod-original-150x150.avif 150w, https:\/\/blogaudioteka.wpcomstaging.com\/wp-content\/uploads\/transformers-prime-kolekcja-przygod-original-200x200.avif 200w, https:\/\/blogaudioteka.wpcomstaging.com\/wp-content\/uploads\/transformers-prime-kolekcja-przygod-original-148x148.avif 148w, https:\/\/blogaudioteka.wpcomstaging.com\/wp-content\/uploads\/transformers-prime-kolekcja-przygod-original-296x296.avif 296w\" sizes=\"auto, (max-width: 300px) 100vw, 300px\" \/><\/figure>\n<\/div>\n\n\n<p class=\"wp-block-paragraph\"><strong>\ud83c\udfa7S\u0142ucham: <a href=\"https:\/\/audioteka.com\/pl\/audiobook\/transformers---prime---kolekcja-przygod\/\" target=\"_blank\" rel=\"noopener\">Transformers &#8211; Prime &#8211; kolekcja przyg\u00f3d &#8211; Audiobook &#8211; Transformers &#8211; Saga Egmont | Audioteka<\/a><\/strong><\/p>\n\n\n\n<p class=\"has-text-align-justify wp-block-paragraph\">&nbsp;Zakr\u0119\u0107 silnikiem, aktywuj Most Ziemny i&nbsp;przygotuj si\u0119 na jazd\u0119 bez trzymanki! W&nbsp;&#8222;Transformers &#8211; Prime &#8211; kolekcji przyg\u00f3d&#8221; Autoboty wracaj\u0105 do akcji, a&nbsp;na Ziemi zn\u00f3w zawrze! Megatron zbroi si\u0119 w&nbsp;Mroczny Energon, Starscream knuje na w\u0142asn\u0105 r\u0119k\u0119, a&nbsp;Bumblebee zaczyna zachowywa\u0107 si\u0119 bardzo podejrzanie. W&nbsp;ten mi\u0119dzyplanetarny konflikt, z&nbsp;zombie-Botem w&nbsp;tle, zostaje wplatana tr\u00f3jka nastolatk\u00f3w \u2013 Jack, Miko i&nbsp;Raf. Zamiast do szko\u0142y, stan\u0105 u&nbsp;boku Optimusa Prime&#8217;a i&nbsp;jego dru\u017cyny, by zmierzy\u0107 si\u0119 z&nbsp;kolejn\u0105 pr\u00f3b\u0105 przej\u0119cia dominacji nad \u015bwiatem. Czy kosmiczne roboty poradz\u0105 sobie z&nbsp;zagro\u017ceniem z&nbsp;innego wymiaru? <a href=\"https:\/\/audioteka.com\/pl\/lektor\/damian-kulec\/\" target=\"_blank\" rel=\"noopener\">Damian Kulec<\/a> czyta trzy epickie przygody (&#8222;Bumblebee w&nbsp;niebezpiecze\u0144stwie&#8221;, &#8222;Powr\u00f3t Megatrona&#8221;, &#8222;Optimus w&nbsp;opa\u0142ach&#8221;), gdzie stawka jest wi\u0119ksza ni\u017c kiedykolwiek. To odlotowa historia dla m\u0142odzie\u017cy, pe\u0142na akcji i&nbsp;kosmicznych star\u0107.<\/p>\n\n\n\n<figure class=\"wp-block-image size-full\"><a href=\"https:\/\/klub.audioteka.com\/\" target=\"_blank\" rel=\"noopener\"><img data-recalc-dims=\"1\" loading=\"lazy\" decoding=\"async\" width=\"768\" height=\"216\" data-attachment-id=\"9443\" data-permalink=\"https:\/\/blogaudioteka.wpcomstaging.com\/10-cytatow-z-dumy-i-uprzedzenia-ktore-rozbrzmiewaja-do-dzis\/ponad_200_blog_banner\" data-orig-file=\"https:\/\/i0.wp.com\/blogaudioteka.wpcomstaging.com\/wp-content\/uploads\/ponad_200_blog_banner.png?fit=768%2C216&amp;ssl=1\" data-orig-size=\"768,216\" data-comments-opened=\"0\" data-image-meta=\"{&quot;aperture&quot;:&quot;0&quot;,&quot;credit&quot;:&quot;&quot;,&quot;camera&quot;:&quot;&quot;,&quot;caption&quot;:&quot;&quot;,&quot;created_timestamp&quot;:&quot;0&quot;,&quot;copyright&quot;:&quot;&quot;,&quot;focal_length&quot;:&quot;0&quot;,&quot;iso&quot;:&quot;0&quot;,&quot;shutter_speed&quot;:&quot;0&quot;,&quot;title&quot;:&quot;&quot;,&quot;orientation&quot;:&quot;0&quot;}\" data-image-title=\"ponad_200_blog_banner\" data-image-description=\"\" data-image-caption=\"\" data-large-file=\"https:\/\/i0.wp.com\/blogaudioteka.wpcomstaging.com\/wp-content\/uploads\/ponad_200_blog_banner.png?fit=768%2C216&amp;ssl=1\" src=\"https:\/\/i0.wp.com\/blogaudioteka.wpcomstaging.com\/wp-content\/uploads\/ponad_200_blog_banner.png?resize=768%2C216&#038;ssl=1\" alt=\"\" class=\"wp-image-9443\" srcset=\"https:\/\/i0.wp.com\/blogaudioteka.wpcomstaging.com\/wp-content\/uploads\/ponad_200_blog_banner.png?w=768&amp;ssl=1 768w, https:\/\/i0.wp.com\/blogaudioteka.wpcomstaging.com\/wp-content\/uploads\/ponad_200_blog_banner.png?resize=300%2C84&amp;ssl=1 300w, https:\/\/i0.wp.com\/blogaudioteka.wpcomstaging.com\/wp-content\/uploads\/ponad_200_blog_banner.png?resize=512%2C144&amp;ssl=1 512w\" sizes=\"auto, (max-width: 768px) 100vw, 768px\" \/><\/a><\/figure>\n\n\n\n<h2 class=\"wp-block-heading\"><span class=\"ez-toc-section\" id=\"7_Godzina_wilka_Kroniki_polmroku_Tom_2_%E2%80%93_Katarzyna_Staniszewska\"><\/span>7. Godzina wilka. Kroniki p\u00f3\u0142mroku. Tom 2 &#8211; Katarzyna Staniszewska<span class=\"ez-toc-section-end\"><\/span><\/h2>\n\n\n<div class=\"wp-block-image\">\n<figure class=\"aligncenter size-full\"><img loading=\"lazy\" decoding=\"async\" width=\"300\" height=\"300\" data-attachment-id=\"9812\" data-permalink=\"https:\/\/blogaudioteka.wpcomstaging.com\/nowosci-tygodnia-w-audiotece-top-15-13-10-19-10\/godzina-wilka-original\" data-orig-file=\"https:\/\/blogaudioteka.wpcomstaging.com\/wp-content\/uploads\/godzina-wilka-original.avif\" data-orig-size=\"300,300\" data-comments-opened=\"0\" data-image-meta=\"{&quot;aperture&quot;:&quot;0&quot;,&quot;credit&quot;:&quot;&quot;,&quot;camera&quot;:&quot;&quot;,&quot;caption&quot;:&quot;&quot;,&quot;created_timestamp&quot;:&quot;0&quot;,&quot;copyright&quot;:&quot;&quot;,&quot;focal_length&quot;:&quot;0&quot;,&quot;iso&quot;:&quot;0&quot;,&quot;shutter_speed&quot;:&quot;0&quot;,&quot;title&quot;:&quot;&quot;,&quot;orientation&quot;:&quot;0&quot;}\" data-image-title=\"godzina-wilka-original\" data-image-description=\"\" data-image-caption=\"\" data-large-file=\"https:\/\/blogaudioteka.wpcomstaging.com\/wp-content\/uploads\/godzina-wilka-original.avif\" src=\"https:\/\/blogaudioteka.wpcomstaging.com\/wp-content\/uploads\/godzina-wilka-original.avif\" alt=\"\" class=\"wp-image-9812\" srcset=\"https:\/\/blogaudioteka.wpcomstaging.com\/wp-content\/uploads\/godzina-wilka-original.avif 300w, https:\/\/blogaudioteka.wpcomstaging.com\/wp-content\/uploads\/godzina-wilka-original-150x150.avif 150w, https:\/\/blogaudioteka.wpcomstaging.com\/wp-content\/uploads\/godzina-wilka-original-200x200.avif 200w, https:\/\/blogaudioteka.wpcomstaging.com\/wp-content\/uploads\/godzina-wilka-original-148x148.avif 148w, https:\/\/blogaudioteka.wpcomstaging.com\/wp-content\/uploads\/godzina-wilka-original-296x296.avif 296w\" sizes=\"auto, (max-width: 300px) 100vw, 300px\" \/><\/figure>\n<\/div>\n\n\n<p class=\"wp-block-paragraph\"><strong>\ud83c\udfa7S\u0142ucham: <a href=\"https:\/\/audioteka.com\/pl\/audiobook\/godzina-wilka\/\" target=\"_blank\" rel=\"noopener\">Godzina wilka. Kroniki p\u00f3\u0142mroku. Tom 2 &#8211; Audiobook &#8211; Katarzyna Staniszewska &#8211; Nine Realms | Audioteka<\/a><\/strong><\/p>\n\n\n\n<p class=\"has-text-align-justify wp-block-paragraph\">Staniesz si\u0119 swoim najzajadlejszym wrogiem, ale w&nbsp;tym starciu nie zdo\u0142asz zwyci\u0119\u017cy\u0107. W&nbsp;&#8222;Godzinie wilka&#8221;, drugim tomie <a href=\"https:\/\/audioteka.com\/pl\/cykl\/polmrok\/\" target=\"_blank\" rel=\"noopener\">&#8222;Kronik p\u00f3\u0142mroku&#8221;<\/a>, Katarzyna Staniszewska kontynuuje porywaj\u0105c\u0105 histori\u0119 Erieny. Uciekaj\u0105c z&nbsp;Bia\u0142ych Wie\u017c, Eriena staje przed wrogiem, kt\u00f3rego nikt dot\u0105d nie pokona\u0142. Jej jedyn\u0105 nadziej\u0105 jest pomoc cz\u0142owieka, na kt\u00f3rego Imperium wyda\u0142o wyrok \u015bmierci. Marta Markowicz interpretuje opowie\u015b\u0107, w&nbsp;kt\u00f3rej Eriena, by przetrwa\u0107, musi sta\u0107 si\u0119 taka jak on, ale czy zdrajcy mo\u017cna zaufa\u0107? \u015acigani przez dawnych towarzyszy i&nbsp;otoczeni przez wrog\u00f3w, pr\u00f3buj\u0105 dokona\u0107 niemo\u017cliwego. Bo je\u015bli Eriena chce ocali\u0107 tych, kt\u00f3rych kocha, musi umrze\u0107. Albo odda\u0107 si\u0119 w&nbsp;r\u0119ce nieprzyjaci\u00f3\u0142 i&nbsp;zap\u0142aci\u0107 cen\u0119, kt\u00f3rej od niej za\u017c\u0105daj\u0105. Ile warte jest \u017cycie, gdy straci si\u0119 wszystko inne?&nbsp;<\/p>\n\n\n\n<h2 class=\"wp-block-heading\"><span class=\"ez-toc-section\" id=\"8_Cher_Autobiografia_czesc_1_%E2%80%93_Cher\"><\/span>8. Cher. Autobiografia (cz\u0119\u015b\u0107 1) &#8211; Cher<span class=\"ez-toc-section-end\"><\/span><\/h2>\n\n\n<div class=\"wp-block-image\">\n<figure class=\"aligncenter size-full\"><img loading=\"lazy\" decoding=\"async\" width=\"300\" height=\"300\" data-attachment-id=\"9814\" data-permalink=\"https:\/\/blogaudioteka.wpcomstaging.com\/nowosci-tygodnia-w-audiotece-top-15-13-10-19-10\/cher-autobiografia-czesc-1-original\" data-orig-file=\"https:\/\/blogaudioteka.wpcomstaging.com\/wp-content\/uploads\/cher-autobiografia-czesc-1-original.avif\" data-orig-size=\"300,300\" data-comments-opened=\"0\" data-image-meta=\"{&quot;aperture&quot;:&quot;0&quot;,&quot;credit&quot;:&quot;&quot;,&quot;camera&quot;:&quot;&quot;,&quot;caption&quot;:&quot;&quot;,&quot;created_timestamp&quot;:&quot;0&quot;,&quot;copyright&quot;:&quot;&quot;,&quot;focal_length&quot;:&quot;0&quot;,&quot;iso&quot;:&quot;0&quot;,&quot;shutter_speed&quot;:&quot;0&quot;,&quot;title&quot;:&quot;&quot;,&quot;orientation&quot;:&quot;0&quot;}\" data-image-title=\"cher-autobiografia-czesc-1-original\" data-image-description=\"\" data-image-caption=\"\" data-large-file=\"https:\/\/blogaudioteka.wpcomstaging.com\/wp-content\/uploads\/cher-autobiografia-czesc-1-original.avif\" src=\"https:\/\/blogaudioteka.wpcomstaging.com\/wp-content\/uploads\/cher-autobiografia-czesc-1-original.avif\" alt=\"\" class=\"wp-image-9814\" srcset=\"https:\/\/blogaudioteka.wpcomstaging.com\/wp-content\/uploads\/cher-autobiografia-czesc-1-original.avif 300w, https:\/\/blogaudioteka.wpcomstaging.com\/wp-content\/uploads\/cher-autobiografia-czesc-1-original-150x150.avif 150w, https:\/\/blogaudioteka.wpcomstaging.com\/wp-content\/uploads\/cher-autobiografia-czesc-1-original-200x200.avif 200w, https:\/\/blogaudioteka.wpcomstaging.com\/wp-content\/uploads\/cher-autobiografia-czesc-1-original-148x148.avif 148w, https:\/\/blogaudioteka.wpcomstaging.com\/wp-content\/uploads\/cher-autobiografia-czesc-1-original-296x296.avif 296w\" sizes=\"auto, (max-width: 300px) 100vw, 300px\" \/><\/figure>\n<\/div>\n\n\n<p class=\"wp-block-paragraph\"><strong>\ud83c\udfa7S\u0142ucham: <a href=\"https:\/\/audioteka.com\/pl\/audiobook\/cher-autobiografia-czesc-1\/\" target=\"_blank\" rel=\"noopener\">Cher. Autobiografia (cz\u0119\u015b\u0107 1) &#8211; Audiobook &#8211; Cher &#8211; Wydawnictwo Filia | Audioteka<\/a><\/strong><\/p>\n\n\n\n<p class=\"has-text-align-justify wp-block-paragraph\">Niezwyk\u0142e \u017cycie Cher mo\u017ce opowiedzie\u0107 tylko jedna osoba\u2026 sama Cher! W&nbsp;tej intymnej autobiografii, kt\u00f3rej Dorota Landowska u\u017cycza g\u0142osu, ikona muzyki i&nbsp;kina ujawnia swoj\u0105 prawdziw\u0105 histori\u0119. Odkryj jej niezwyk\u0142e pocz\u0105tki \u2013 od dzieci\u0144stwa po spotkanie i&nbsp;ma\u0142\u017ce\u0144stwo z&nbsp;Sonnym Bono. Cher w&nbsp;niezwykle szczery spos\u00f3b ods\u0142ania skomplikowan\u0105 relacj\u0119, kt\u00f3ra uczyni\u0142a ich s\u0142awnymi na ca\u0142ym \u015bwiecie, ale ostatecznie ich rozdzieli\u0142a. Ta pierwsza cz\u0119\u015b\u0107 autobiografii ukazuje Cher jako c\u00f3rk\u0119, siostr\u0119, \u017con\u0119, kochank\u0119, matk\u0119 i&nbsp;supergwiazd\u0119, kt\u00f3rej kariera jest bezprecedensowa \u2013 jako jedyna kobieta zdobywa\u0142a szczyty list Billboardu przez siedem kolejnych dekad, zdoby\u0142a Oscara, Emmy, Grammy i&nbsp;nagrod\u0119 w&nbsp;Cannes. To \u015bwiadectwo niezwyk\u0142ej odporno\u015bci, ca\u0142kowicie szczere i&nbsp;po prostu wspania\u0142e.<\/p>\n\n\n\n<h2 class=\"wp-block-heading\"><span class=\"ez-toc-section\" id=\"9_Jak_poskromic_diabla_%E2%80%93_Kyra_Parsi\"><\/span>9. Jak poskromi\u0107 diab\u0142a &#8211; Kyra Parsi<span class=\"ez-toc-section-end\"><\/span><\/h2>\n\n\n<div class=\"wp-block-image\">\n<figure class=\"aligncenter size-full\"><img loading=\"lazy\" decoding=\"async\" width=\"300\" height=\"300\" data-attachment-id=\"9816\" data-permalink=\"https:\/\/blogaudioteka.wpcomstaging.com\/nowosci-tygodnia-w-audiotece-top-15-13-10-19-10\/jak-poskromic-diabla-original\" data-orig-file=\"https:\/\/blogaudioteka.wpcomstaging.com\/wp-content\/uploads\/jak-poskromic-diabla-original.avif\" data-orig-size=\"300,300\" data-comments-opened=\"0\" data-image-meta=\"{&quot;aperture&quot;:&quot;0&quot;,&quot;credit&quot;:&quot;&quot;,&quot;camera&quot;:&quot;&quot;,&quot;caption&quot;:&quot;&quot;,&quot;created_timestamp&quot;:&quot;0&quot;,&quot;copyright&quot;:&quot;&quot;,&quot;focal_length&quot;:&quot;0&quot;,&quot;iso&quot;:&quot;0&quot;,&quot;shutter_speed&quot;:&quot;0&quot;,&quot;title&quot;:&quot;&quot;,&quot;orientation&quot;:&quot;0&quot;}\" data-image-title=\"jak-poskromic-diabla-original\" data-image-description=\"\" data-image-caption=\"\" data-large-file=\"https:\/\/blogaudioteka.wpcomstaging.com\/wp-content\/uploads\/jak-poskromic-diabla-original.avif\" src=\"https:\/\/blogaudioteka.wpcomstaging.com\/wp-content\/uploads\/jak-poskromic-diabla-original.avif\" alt=\"\" class=\"wp-image-9816\" srcset=\"https:\/\/blogaudioteka.wpcomstaging.com\/wp-content\/uploads\/jak-poskromic-diabla-original.avif 300w, https:\/\/blogaudioteka.wpcomstaging.com\/wp-content\/uploads\/jak-poskromic-diabla-original-150x150.avif 150w, https:\/\/blogaudioteka.wpcomstaging.com\/wp-content\/uploads\/jak-poskromic-diabla-original-200x200.avif 200w, https:\/\/blogaudioteka.wpcomstaging.com\/wp-content\/uploads\/jak-poskromic-diabla-original-148x148.avif 148w, https:\/\/blogaudioteka.wpcomstaging.com\/wp-content\/uploads\/jak-poskromic-diabla-original-296x296.avif 296w\" sizes=\"auto, (max-width: 300px) 100vw, 300px\" \/><\/figure>\n<\/div>\n\n\n<p class=\"wp-block-paragraph\"><strong>\ud83c\udfa7S\u0142ucham: <a href=\"https:\/\/audioteka.com\/pl\/audiobook\/jak-poskromic-diabla\/\" target=\"_blank\" rel=\"noopener\">Jak poskromi\u0107 diab\u0142a &#8211; Audiobook &#8211; Kyra Parsi &#8211; Wydawnictwo Ale! | Audioteka<\/a><\/strong><\/p>\n\n\n\n<p class=\"has-text-align-justify wp-block-paragraph\">Okej, mo\u017ce kilku rzeczy jednak \u017ca\u0142uj\u0119&#8230; Niczego nie \u017ca\u0142ujesz? W&nbsp;romansie &#8222;Jak poskromi\u0107 diab\u0142a&#8221; Kyry Parsi, bohaterka jest pewna, \u017ce nikt jej nie przy\u0142apie. Niestety, &#8222;incydent&#8221; staje si\u0119 viralem, a&nbsp;ona sama trafia w&nbsp;sam \u015brodek uk\u0142adu z&nbsp;Adrienem Cloutierem \u2013 najbardziej bezwzgl\u0119dnym miliarderem w&nbsp;Toronto. Przez wybryk dziewczyny, Adrien traci najwi\u0119kszy kontrakt w&nbsp;karierze i&nbsp;pragnie zemsty. Ma by\u0107 na ka\u017cde jego skinienie \u2013 24 godziny na dob\u0119 ma spe\u0142nia\u0107 ka\u017cde jego polecenie, ka\u017cd\u0105 zachciank\u0119. Tyle \u017ce im cz\u0119\u015bciej Adrien daje si\u0119 we znaki, tym bardziej bohaterka ma ochot\u0119 si\u0119 odgry\u017a\u0107. Piek\u0142o mo\u017ce by\u0107 ca\u0142kiem przyjemne, zw\u0142aszcza gdy mamy do czynienia z&nbsp;motywami&nbsp;<em>enemies to lovers<\/em>,&nbsp;<em>forced proximity<\/em>,&nbsp;<em>fake relationship<\/em>&nbsp;i&nbsp;<em>billionaire romance<\/em>!<\/p>\n\n\n\n<h2 class=\"wp-block-heading\"><span class=\"ez-toc-section\" id=\"10_Carmen_%E2%80%93_Prosper_Merimee\"><\/span>10. Carmen &#8211; Prosper M\u00e9rim\u00e9e<span class=\"ez-toc-section-end\"><\/span><\/h2>\n\n\n<div class=\"wp-block-image\">\n<figure class=\"aligncenter size-full\"><img loading=\"lazy\" decoding=\"async\" width=\"300\" height=\"300\" data-attachment-id=\"9822\" data-permalink=\"https:\/\/blogaudioteka.wpcomstaging.com\/nowosci-tygodnia-w-audiotece-top-15-13-10-19-10\/carmen-4p-acoustic-original\" data-orig-file=\"https:\/\/blogaudioteka.wpcomstaging.com\/wp-content\/uploads\/carmen-4p-acoustic-original.avif\" data-orig-size=\"300,300\" data-comments-opened=\"0\" data-image-meta=\"{&quot;aperture&quot;:&quot;0&quot;,&quot;credit&quot;:&quot;&quot;,&quot;camera&quot;:&quot;&quot;,&quot;caption&quot;:&quot;&quot;,&quot;created_timestamp&quot;:&quot;0&quot;,&quot;copyright&quot;:&quot;&quot;,&quot;focal_length&quot;:&quot;0&quot;,&quot;iso&quot;:&quot;0&quot;,&quot;shutter_speed&quot;:&quot;0&quot;,&quot;title&quot;:&quot;&quot;,&quot;orientation&quot;:&quot;0&quot;}\" data-image-title=\"carmen-4p-acoustic-original\" data-image-description=\"\" data-image-caption=\"\" data-large-file=\"https:\/\/blogaudioteka.wpcomstaging.com\/wp-content\/uploads\/carmen-4p-acoustic-original.avif\" src=\"https:\/\/blogaudioteka.wpcomstaging.com\/wp-content\/uploads\/carmen-4p-acoustic-original.avif\" alt=\"\" class=\"wp-image-9822\" srcset=\"https:\/\/blogaudioteka.wpcomstaging.com\/wp-content\/uploads\/carmen-4p-acoustic-original.avif 300w, https:\/\/blogaudioteka.wpcomstaging.com\/wp-content\/uploads\/carmen-4p-acoustic-original-150x150.avif 150w, https:\/\/blogaudioteka.wpcomstaging.com\/wp-content\/uploads\/carmen-4p-acoustic-original-200x200.avif 200w, https:\/\/blogaudioteka.wpcomstaging.com\/wp-content\/uploads\/carmen-4p-acoustic-original-148x148.avif 148w, https:\/\/blogaudioteka.wpcomstaging.com\/wp-content\/uploads\/carmen-4p-acoustic-original-296x296.avif 296w\" sizes=\"auto, (max-width: 300px) 100vw, 300px\" \/><\/figure>\n<\/div>\n\n\n<p class=\"wp-block-paragraph\"><strong>\ud83c\udfa7S\u0142ucham: <a href=\"https:\/\/audioteka.com\/pl\/audiobook\/carmen-4p-acoustic\/\" target=\"_blank\" rel=\"noopener\">Carmen &#8211; Audiobook &#8211; Prosper M\u00e9rim\u00e9e &#8211; Dom producencki 4P. Acoustic | Audioteka<\/a><\/strong><\/p>\n\n\n\n<p class=\"has-text-align-justify wp-block-paragraph\">Zanim \u015bwiat zakocha\u0142 si\u0119 w&nbsp;operze Bizeta, Carmen by\u0142a nowel\u0105 Prospera M\u00e9rim\u00e9e! Teraz mo\u017cesz j\u0105 pozna\u0107 w&nbsp;wyj\u0105tkowej wersji audiobooka, czytanej przez <a href=\"https:\/\/audioteka.com\/pl\/lektor\/marek-siudym\/\" target=\"_blank\" rel=\"noopener\">Marka Siudyma<\/a>, aktora o&nbsp;niezwykle sugestywnym g\u0142osie. Ta szczeg\u00f3\u0142owa interpretacja to historia nami\u0119tno\u015bci, wolno\u015bci i&nbsp;zazdro\u015bci, oparta na prawdziwych wydarzeniach, kt\u00f3re M\u00e9rim\u00e9e pozna\u0142 podczas podr\u00f3\u017cy po Hiszpanii. Przez ponad dwie godziny zanurzysz si\u0119 w&nbsp;egzotyczny klimat, poznasz niebezpieczn\u0105 kobiet\u0119 i&nbsp;prze\u017cyjesz dramatyczny fina\u0142 \u2013 wszystko, co sk\u0142ada si\u0119 na literacki pierwowz\u00f3r jednej z&nbsp;najs\u0142ynniejszych postaci kultury europejskiej. Produkcja 4P Acoustic zapewnia d\u017awi\u0119k na najwy\u017cszym poziomie, czyni\u0105c ten audiobook z&nbsp;dusz\u0105 i&nbsp;emocj\u0105 niezapomnianym do\u015bwiadczeniem.<\/p>\n\n\n\n<h2 class=\"wp-block-heading\"><span class=\"ez-toc-section\" id=\"11_Kiedy_zapada_zmierzch_Czesc_1_%E2%80%93_Sara_Onnebo\"><\/span>11. Kiedy zapada zmierzch. Cz\u0119\u015b\u0107 1 &#8211; Sara \u00d6nnebo<span class=\"ez-toc-section-end\"><\/span><\/h2>\n\n\n<div class=\"wp-block-image\">\n<figure class=\"aligncenter size-full\"><img loading=\"lazy\" decoding=\"async\" width=\"300\" height=\"300\" data-attachment-id=\"9825\" data-permalink=\"https:\/\/blogaudioteka.wpcomstaging.com\/nowosci-tygodnia-w-audiotece-top-15-13-10-19-10\/kiedy-zapada-zmierzch-czesc-1-original\" data-orig-file=\"https:\/\/blogaudioteka.wpcomstaging.com\/wp-content\/uploads\/kiedy-zapada-zmierzch-czesc-1-original.avif\" data-orig-size=\"300,300\" data-comments-opened=\"0\" data-image-meta=\"{&quot;aperture&quot;:&quot;0&quot;,&quot;credit&quot;:&quot;&quot;,&quot;camera&quot;:&quot;&quot;,&quot;caption&quot;:&quot;&quot;,&quot;created_timestamp&quot;:&quot;0&quot;,&quot;copyright&quot;:&quot;&quot;,&quot;focal_length&quot;:&quot;0&quot;,&quot;iso&quot;:&quot;0&quot;,&quot;shutter_speed&quot;:&quot;0&quot;,&quot;title&quot;:&quot;&quot;,&quot;orientation&quot;:&quot;0&quot;}\" data-image-title=\"kiedy-zapada-zmierzch-czesc-1-original\" data-image-description=\"\" data-image-caption=\"\" data-large-file=\"https:\/\/blogaudioteka.wpcomstaging.com\/wp-content\/uploads\/kiedy-zapada-zmierzch-czesc-1-original.avif\" src=\"https:\/\/blogaudioteka.wpcomstaging.com\/wp-content\/uploads\/kiedy-zapada-zmierzch-czesc-1-original.avif\" alt=\"\" class=\"wp-image-9825\" srcset=\"https:\/\/blogaudioteka.wpcomstaging.com\/wp-content\/uploads\/kiedy-zapada-zmierzch-czesc-1-original.avif 300w, https:\/\/blogaudioteka.wpcomstaging.com\/wp-content\/uploads\/kiedy-zapada-zmierzch-czesc-1-original-150x150.avif 150w, https:\/\/blogaudioteka.wpcomstaging.com\/wp-content\/uploads\/kiedy-zapada-zmierzch-czesc-1-original-200x200.avif 200w, https:\/\/blogaudioteka.wpcomstaging.com\/wp-content\/uploads\/kiedy-zapada-zmierzch-czesc-1-original-148x148.avif 148w, https:\/\/blogaudioteka.wpcomstaging.com\/wp-content\/uploads\/kiedy-zapada-zmierzch-czesc-1-original-296x296.avif 296w\" sizes=\"auto, (max-width: 300px) 100vw, 300px\" \/><\/figure>\n<\/div>\n\n\n<p class=\"wp-block-paragraph\"><strong>\ud83c\udfa7S\u0142ucham: <a href=\"https:\/\/audioteka.com\/pl\/audiobook\/kiedy-zapada-zmierzch-czesc-1\/\" target=\"_blank\" rel=\"noopener\">Kiedy zapada zmierzch. Cz\u0119\u015b\u0107 1 &#8211; Audiobook &#8211; Sara \u00d6nnebo &#8211; Gyldendal Astra | Audioteka<\/a><\/strong><\/p>\n\n\n\n<p class=\"has-text-align-justify wp-block-paragraph\">Gisela Forsell i&nbsp;Linus Mikkola wracaj\u0105 w&nbsp;wielkim stylu! W&nbsp;pierwszej cz\u0119\u015bci nowej serii Sary \u00d6nnebo, autorki bestsellerowego <a href=\"https:\/\/audioteka.com\/pl\/cykl\/krwawe-swieta\/\" target=\"_blank\" rel=\"noopener\">cyklu &#8222;Wszyscy jeste\u015bmy martwi&#8221;<\/a>, policjanci zostaj\u0105 wezwani do luksusowej willi na idyllicznej wyspie Str\u00f6ms\u00f6. W&nbsp;miasteczku Vaasa, po\u0142o\u017conym w&nbsp;malowniczym regionie Ostrobotnia, trwaj\u0105 przygotowania do Halloween, a&nbsp;tymczasem dochodzi do brutalnego morderstwa pope\u0142nionego najprawdopodobniej z&nbsp;u\u017cyciem no\u017ca. <a href=\"https:\/\/audioteka.com\/pl\/lektor\/bartosz-glogowski\/\" target=\"_blank\" rel=\"noopener\">Bartosz G\u0142ogowski<\/a> czyta przez blisko 4 godziny ten krymina\u0142, kt\u00f3ry wci\u0105gnie Ci\u0119 w&nbsp;mroczny \u015bwiat zbrodni.&nbsp;<\/p>\n\n\n\n<h2 class=\"wp-block-heading\"><span class=\"ez-toc-section\" id=\"12_Mate_%E2%80%93_Ali_Hazelwood\"><\/span>12. Mate &#8211; Ali Hazelwood<span class=\"ez-toc-section-end\"><\/span><\/h2>\n\n\n<div class=\"wp-block-image\">\n<figure class=\"aligncenter size-full\"><img loading=\"lazy\" decoding=\"async\" width=\"300\" height=\"300\" data-attachment-id=\"9828\" data-permalink=\"https:\/\/blogaudioteka.wpcomstaging.com\/nowosci-tygodnia-w-audiotece-top-15-13-10-19-10\/mate-original\" data-orig-file=\"https:\/\/blogaudioteka.wpcomstaging.com\/wp-content\/uploads\/mate-original.avif\" data-orig-size=\"300,300\" data-comments-opened=\"0\" data-image-meta=\"{&quot;aperture&quot;:&quot;0&quot;,&quot;credit&quot;:&quot;&quot;,&quot;camera&quot;:&quot;&quot;,&quot;caption&quot;:&quot;&quot;,&quot;created_timestamp&quot;:&quot;0&quot;,&quot;copyright&quot;:&quot;&quot;,&quot;focal_length&quot;:&quot;0&quot;,&quot;iso&quot;:&quot;0&quot;,&quot;shutter_speed&quot;:&quot;0&quot;,&quot;title&quot;:&quot;&quot;,&quot;orientation&quot;:&quot;0&quot;}\" data-image-title=\"mate-original\" data-image-description=\"\" data-image-caption=\"\" data-large-file=\"https:\/\/blogaudioteka.wpcomstaging.com\/wp-content\/uploads\/mate-original.avif\" src=\"https:\/\/blogaudioteka.wpcomstaging.com\/wp-content\/uploads\/mate-original.avif\" alt=\"\" class=\"wp-image-9828\" srcset=\"https:\/\/blogaudioteka.wpcomstaging.com\/wp-content\/uploads\/mate-original.avif 300w, https:\/\/blogaudioteka.wpcomstaging.com\/wp-content\/uploads\/mate-original-150x150.avif 150w, https:\/\/blogaudioteka.wpcomstaging.com\/wp-content\/uploads\/mate-original-200x200.avif 200w, https:\/\/blogaudioteka.wpcomstaging.com\/wp-content\/uploads\/mate-original-148x148.avif 148w, https:\/\/blogaudioteka.wpcomstaging.com\/wp-content\/uploads\/mate-original-296x296.avif 296w\" sizes=\"auto, (max-width: 300px) 100vw, 300px\" \/><\/figure>\n<\/div>\n\n\n<p class=\"wp-block-paragraph\"><strong>\ud83c\udfa7S\u0142ucham: <a href=\"https:\/\/audioteka.com\/pl\/audiobook\/mate\/\" target=\"_blank\" rel=\"noopener\">Mate &#8211; Audiobook &#8211; Ali Hazelwood &#8211; MUZA S.A. | Audioteka<\/a><\/strong><\/p>\n\n\n\n<p class=\"has-text-align-justify wp-block-paragraph\">&nbsp;Wyczekiwana kontynuacja bestsellerowego &#8222;Bride&#8221;! Ali Hazelwood w&nbsp;&#8222;Mate&#8221; rzuca nas w&nbsp;wir walki o&nbsp;przetrwanie i&nbsp;przeznaczenie. Serena Paris, pierwsza hybryda cz\u0142owieka z&nbsp;wilko\u0142akiem, jest sama, bez stada i&nbsp;sta\u0142a si\u0119 celem bezwzgl\u0119dnych przepychanek mi\u0119dzy wilkami, wampirami i&nbsp;lud\u017ami. Ma tylko jedn\u0105 szans\u0119: musi zechcie\u0107 j\u0105 ON. G\u0142os Ewy Jakubowicz, towarzysz\u0105cy nam w&nbsp;tej opowie\u015bci, o\u017cywia histori\u0119 Koena Aleksandra, alfy stada p\u00f3\u0142nocno-zachodniego, kt\u00f3ry rz\u0105dzi tward\u0105 r\u0119k\u0105 i&nbsp;ma w\u0142adz\u0119 absolutn\u0105. Nikt nie o\u015bmieli\u0142by si\u0119 zagrozi\u0107 jego partnerce, a&nbsp;on, mimo \u017ce Serena nie odwzajemnia jego uczu\u0107 (na razie), zrobi wszystko, by zapewni\u0107 jej bezpiecze\u0144stwo. \u017bycie by\u0142oby prostsze, gdyby zagro\u017ceniem by\u0142y tylko \u017c\u0105dne w\u0142adzy wampiry i&nbsp;wilko\u0142aki, ale nikt nie mo\u017ce uciec od swojej przesz\u0142o\u015bci. Koen jest mi\u0119dzy m\u0142otem a&nbsp;kowad\u0142em: mi\u0119dzy ni\u0105 a&nbsp;wizj\u0105 ca\u0142kowitej zag\u0142ady.<\/p>\n\n\n\n<h2 class=\"wp-block-heading\"><span class=\"ez-toc-section\" id=\"13_Skazany_%E2%80%93_Freida_McFadden\"><\/span>13. Skazany &#8211; Freida McFadden<span class=\"ez-toc-section-end\"><\/span><\/h2>\n\n\n<div class=\"wp-block-image\">\n<figure class=\"aligncenter size-full\"><img loading=\"lazy\" decoding=\"async\" width=\"300\" height=\"300\" data-attachment-id=\"9833\" data-permalink=\"https:\/\/blogaudioteka.wpcomstaging.com\/nowosci-tygodnia-w-audiotece-top-15-13-10-19-10\/skazany-original-2\" data-orig-file=\"https:\/\/blogaudioteka.wpcomstaging.com\/wp-content\/uploads\/skazany-original-2.avif\" data-orig-size=\"300,300\" data-comments-opened=\"0\" data-image-meta=\"{&quot;aperture&quot;:&quot;0&quot;,&quot;credit&quot;:&quot;&quot;,&quot;camera&quot;:&quot;&quot;,&quot;caption&quot;:&quot;&quot;,&quot;created_timestamp&quot;:&quot;0&quot;,&quot;copyright&quot;:&quot;&quot;,&quot;focal_length&quot;:&quot;0&quot;,&quot;iso&quot;:&quot;0&quot;,&quot;shutter_speed&quot;:&quot;0&quot;,&quot;title&quot;:&quot;&quot;,&quot;orientation&quot;:&quot;0&quot;}\" data-image-title=\"skazany-original (2)\" data-image-description=\"\" data-image-caption=\"\" data-large-file=\"https:\/\/blogaudioteka.wpcomstaging.com\/wp-content\/uploads\/skazany-original-2.avif\" src=\"https:\/\/blogaudioteka.wpcomstaging.com\/wp-content\/uploads\/skazany-original-2.avif\" alt=\"\" class=\"wp-image-9833\" srcset=\"https:\/\/blogaudioteka.wpcomstaging.com\/wp-content\/uploads\/skazany-original-2.avif 300w, https:\/\/blogaudioteka.wpcomstaging.com\/wp-content\/uploads\/skazany-original-2-150x150.avif 150w, https:\/\/blogaudioteka.wpcomstaging.com\/wp-content\/uploads\/skazany-original-2-200x200.avif 200w, https:\/\/blogaudioteka.wpcomstaging.com\/wp-content\/uploads\/skazany-original-2-148x148.avif 148w, https:\/\/blogaudioteka.wpcomstaging.com\/wp-content\/uploads\/skazany-original-2-296x296.avif 296w\" sizes=\"auto, (max-width: 300px) 100vw, 300px\" \/><\/figure>\n<\/div>\n\n\n<p class=\"wp-block-paragraph\"><strong>\ud83c\udfa7S\u0142ucham: <a href=\"https:\/\/audioteka.com\/pl\/audiobook\/skazany\/\" target=\"_blank\" rel=\"noopener\">Skazany &#8211; Audiobook &#8211; Freida McFadden &#8211; Czwarta Strona | Audioteka<\/a><\/strong><\/p>\n\n\n\n<p class=\"has-text-align-justify wp-block-paragraph\">Piel\u0119gniarka Brooke Sullivan rozpoczyna prac\u0119 w&nbsp;m\u0119skim zak\u0142adzie karnym o&nbsp;zaostrzonym rygorze, z&nbsp;trzema \u017celaznymi zasadami: szacunek dla wi\u0119\u017ani\u00f3w, poufno\u015b\u0107 danych i&nbsp;bezwzgl\u0119dny zakaz nawi\u0105zywania wi\u0119zi. Jednak w&nbsp;thrillerze &#8222;Skazany&#8221; <a href=\"https:\/\/audioteka.com\/pl\/autor\/freida-mcfadden\/\" target=\"_blank\" rel=\"noopener\">Freidy McFadden<\/a>, te regu\u0142y zostaj\u0105 brutalnie z\u0142amane. Nikt z&nbsp;personelu nie domy\u015bla si\u0119, \u017ce Brooke ma blisk\u0105 relacj\u0119 z&nbsp;Shanem Nelsonem, jednym z&nbsp;najbardziej znanych i&nbsp;niebezpiecznych osadzonych. To, czego nie wiedz\u0105 wsp\u00f3\u0142pracownicy, to \u017ce Shane by\u0142 kiedy\u015b licealnym ukochanym Sullivan, a&nbsp;jej zeznania pos\u0142a\u0142y go do wi\u0119zienia na reszt\u0119 \u017cycia. <a href=\"https:\/\/audioteka.com\/pl\/lektor\/maciej-kowalik\/\" target=\"_blank\" rel=\"noopener\">Maciej Kowalik<\/a> swoim g\u0142osem prowadzi nas przez kilka godzin tej mrocznej historii, w&nbsp;kt\u00f3rej Shane wie. I&nbsp;nigdy o&nbsp;tym nie zapomni. Ten krymina\u0142 wsp\u00f3\u0142czesny to studium konsekwencji przesz\u0142o\u015bci i&nbsp;ukrytych motywacji, kt\u00f3re z&nbsp;pewno\u015bci\u0105 trzyma w&nbsp;napi\u0119ciu.&nbsp;<\/p>\n\n\n\n<div class=\"wp-block-group is-style-cs-promo\"><div class=\"wp-block-group__inner-container is-layout-constrained wp-block-group-is-layout-constrained\">\n<p class=\"wp-block-paragraph\">\ud83d\udc49<a href=\"https:\/\/audioteka.com\/pl\/blog\/spooktober-czyli-pazdziernik-ze-strasznym-akcentem-w-formie-audio\" target=\"_blank\" rel=\"noopener\">Spooktober, czyli pa\u017adziernik ze strasznym akcentem w&nbsp;formie audio<\/a><\/p>\n<\/div><\/div>\n\n\n\n<h2 class=\"wp-block-heading\"><span class=\"ez-toc-section\" id=\"14_Robin_Hood_i_jego_wesole_przygody_%E2%80%93_Howard_Pyle\"><\/span>14. Robin Hood i&nbsp;jego weso\u0142e przygody &#8211; Howard Pyle<span class=\"ez-toc-section-end\"><\/span><\/h2>\n\n\n<div class=\"wp-block-image\">\n<figure class=\"aligncenter size-full\"><img loading=\"lazy\" decoding=\"async\" width=\"300\" height=\"300\" data-attachment-id=\"9836\" data-permalink=\"https:\/\/blogaudioteka.wpcomstaging.com\/nowosci-tygodnia-w-audiotece-top-15-13-10-19-10\/robin-hood-i-jego-wesole-przygody-wyd-blysk-original\" data-orig-file=\"https:\/\/blogaudioteka.wpcomstaging.com\/wp-content\/uploads\/robin-hood-i-jego-wesole-przygody-wyd-blysk-original.avif\" data-orig-size=\"300,300\" data-comments-opened=\"0\" data-image-meta=\"{&quot;aperture&quot;:&quot;0&quot;,&quot;credit&quot;:&quot;&quot;,&quot;camera&quot;:&quot;&quot;,&quot;caption&quot;:&quot;&quot;,&quot;created_timestamp&quot;:&quot;0&quot;,&quot;copyright&quot;:&quot;&quot;,&quot;focal_length&quot;:&quot;0&quot;,&quot;iso&quot;:&quot;0&quot;,&quot;shutter_speed&quot;:&quot;0&quot;,&quot;title&quot;:&quot;&quot;,&quot;orientation&quot;:&quot;0&quot;}\" data-image-title=\"robin-hood-i-jego-wesole-przygody-wyd-blysk-original\" data-image-description=\"\" data-image-caption=\"\" data-large-file=\"https:\/\/blogaudioteka.wpcomstaging.com\/wp-content\/uploads\/robin-hood-i-jego-wesole-przygody-wyd-blysk-original.avif\" src=\"https:\/\/blogaudioteka.wpcomstaging.com\/wp-content\/uploads\/robin-hood-i-jego-wesole-przygody-wyd-blysk-original.avif\" alt=\"\" class=\"wp-image-9836\" srcset=\"https:\/\/blogaudioteka.wpcomstaging.com\/wp-content\/uploads\/robin-hood-i-jego-wesole-przygody-wyd-blysk-original.avif 300w, https:\/\/blogaudioteka.wpcomstaging.com\/wp-content\/uploads\/robin-hood-i-jego-wesole-przygody-wyd-blysk-original-150x150.avif 150w, https:\/\/blogaudioteka.wpcomstaging.com\/wp-content\/uploads\/robin-hood-i-jego-wesole-przygody-wyd-blysk-original-200x200.avif 200w, https:\/\/blogaudioteka.wpcomstaging.com\/wp-content\/uploads\/robin-hood-i-jego-wesole-przygody-wyd-blysk-original-148x148.avif 148w, https:\/\/blogaudioteka.wpcomstaging.com\/wp-content\/uploads\/robin-hood-i-jego-wesole-przygody-wyd-blysk-original-296x296.avif 296w\" sizes=\"auto, (max-width: 300px) 100vw, 300px\" \/><\/figure>\n<\/div>\n\n\n<p class=\"wp-block-paragraph\"><strong>\ud83c\udfa7S\u0142ucham: <a href=\"https:\/\/audioteka.com\/pl\/audiobook\/robin-hood-i-jego-wesole-przygody-wyd-blysk\/\" target=\"_blank\" rel=\"noopener\">Robin Hood i&nbsp;jego weso\u0142e przygody &#8211; Audiobook &#8211; Howard Pyle &#8211; Wydawnictwo B\u0141YSK | Audioteka<\/a><\/strong><\/p>\n\n\n\n<p class=\"has-text-align-justify wp-block-paragraph\">Witaj w&nbsp;sercu lasu Sherwood, gdzie sprawiedliwo\u015b\u0107 nosi zielony kaptur! Howard Pyle w&nbsp;swojej klasycznej powie\u015bci &#8222;Robin Hood i&nbsp;jego weso\u0142e przygody&#8221; tka barwn\u0105 opowie\u015b\u0107 o&nbsp;legendarnym banicie, kt\u00f3ry z&nbsp;\u0142uku strzela celniej ni\u017c szeryf z&nbsp;Nottingham potrafi my\u015ble\u0107. Ten audiobook to prawdziwa gratka dla ka\u017cdego, kto t\u0119skni za przygod\u0105 i&nbsp;ponadczasowymi warto\u015bciami. Poznajemy Robina Hooda \u2013 sakso\u0144skiego szlachcica skazanego na banicj\u0119, kt\u00f3ry zbiera wok\u00f3\u0142 siebie dru\u017cyn\u0119 niepokornych i&nbsp;weso\u0142ych towarzyszy: Ma\u0142ego Johna, Szkar\u0142atnego Willa, Allana z&nbsp;Doliny i&nbsp;Braciszka Tucka. Razem nie tylko walcz\u0105 z&nbsp;niesprawiedliwo\u015bci\u0105, ale te\u017c celebruj\u0105 \u017cycie pe\u0142ne przyg\u00f3d, \u015bmiechu i&nbsp;odwagi. To literacka uczta \u0142\u0105cz\u0105ca \u015bredniowieczne ballady z&nbsp;nowoczesnym stylem narracji, idealna zar\u00f3wno dla m\u0142odszych, jak i&nbsp;starszych czytelnik\u00f3w, kt\u00f3ra rozgrzeje serce i&nbsp;przypomni, \u017ce warto walczy\u0107 o&nbsp;to, co s\u0142uszne.<\/p>\n\n\n\n<h2 class=\"wp-block-heading\"><span class=\"ez-toc-section\" id=\"15_Kotlina_Klodzko_Tom_1_%E2%80%93_Agata_Kunderman\"><\/span>15. Kotlina. K\u0142odzko. Tom 1 &#8211; Agata Kunderman<span class=\"ez-toc-section-end\"><\/span><\/h2>\n\n\n<div class=\"wp-block-image\">\n<figure class=\"aligncenter size-full\"><img loading=\"lazy\" decoding=\"async\" width=\"300\" height=\"300\" data-attachment-id=\"9838\" data-permalink=\"https:\/\/blogaudioteka.wpcomstaging.com\/nowosci-tygodnia-w-audiotece-top-15-13-10-19-10\/kotlina-klodzko-tom-1-original\" data-orig-file=\"https:\/\/blogaudioteka.wpcomstaging.com\/wp-content\/uploads\/kotlina-klodzko-tom-1-original.avif\" data-orig-size=\"300,300\" data-comments-opened=\"0\" data-image-meta=\"{&quot;aperture&quot;:&quot;0&quot;,&quot;credit&quot;:&quot;&quot;,&quot;camera&quot;:&quot;&quot;,&quot;caption&quot;:&quot;&quot;,&quot;created_timestamp&quot;:&quot;0&quot;,&quot;copyright&quot;:&quot;&quot;,&quot;focal_length&quot;:&quot;0&quot;,&quot;iso&quot;:&quot;0&quot;,&quot;shutter_speed&quot;:&quot;0&quot;,&quot;title&quot;:&quot;&quot;,&quot;orientation&quot;:&quot;0&quot;}\" data-image-title=\"kotlina-klodzko-tom-1-original\" data-image-description=\"\" data-image-caption=\"\" data-large-file=\"https:\/\/blogaudioteka.wpcomstaging.com\/wp-content\/uploads\/kotlina-klodzko-tom-1-original.avif\" src=\"https:\/\/blogaudioteka.wpcomstaging.com\/wp-content\/uploads\/kotlina-klodzko-tom-1-original.avif\" alt=\"\" class=\"wp-image-9838\" srcset=\"https:\/\/blogaudioteka.wpcomstaging.com\/wp-content\/uploads\/kotlina-klodzko-tom-1-original.avif 300w, https:\/\/blogaudioteka.wpcomstaging.com\/wp-content\/uploads\/kotlina-klodzko-tom-1-original-150x150.avif 150w, https:\/\/blogaudioteka.wpcomstaging.com\/wp-content\/uploads\/kotlina-klodzko-tom-1-original-200x200.avif 200w, https:\/\/blogaudioteka.wpcomstaging.com\/wp-content\/uploads\/kotlina-klodzko-tom-1-original-148x148.avif 148w, https:\/\/blogaudioteka.wpcomstaging.com\/wp-content\/uploads\/kotlina-klodzko-tom-1-original-296x296.avif 296w\" sizes=\"auto, (max-width: 300px) 100vw, 300px\" \/><\/figure>\n<\/div>\n\n\n<p class=\"wp-block-paragraph\"><strong>\ud83c\udfa7S\u0142ucham: <a href=\"https:\/\/audioteka.com\/pl\/audiobook\/kotlina-klodzko-tom-1\/\" target=\"_blank\" rel=\"noopener\">Kotlina. K\u0142odzko. Tom 1 &#8211; Audiobook &#8211; Agata Kunderman &#8211; Wydawnictwo Filia | Audioteka<\/a><\/strong><\/p>\n\n\n\n<p class=\"has-text-align-justify wp-block-paragraph\">Najstraszniejsze tajemnice skrywane s\u0105 w&nbsp;ciszy&#8230; <a href=\"https:\/\/audioteka.com\/pl\/autor\/agata-kunderman\/\" target=\"_blank\" rel=\"noopener\">Agata Kunderman<\/a> w&nbsp;&#8222;Kotlinie. K\u0142odzko. Tom 1&#8221; zabiera nas w&nbsp;mroczn\u0105 podr\u00f3\u017c do K\u0142odzka, gdzie podczas remontu starej kamienicy robotnicy natrafiaj\u0105 na ludzkie szcz\u0105tki i&nbsp;tajemnicz\u0105 figur\u0119 anio\u0142a z&nbsp;jednym skrzyd\u0142em. Nast\u0119pnego dnia lokalny historyk sztuki zostaje znaleziony martwy. Komisarz Miron Zaleski i&nbsp;prokurator Szymon Gawron podejmuj\u0105 \u015bledztwo, kt\u00f3re prowadzi w&nbsp;g\u0142\u0105b dramatycznych czas\u00f3w przesiedle\u0144 i&nbsp;odbudowy powojennego \u015bwiata. Spraw\u0119 dodatkowo komplikuje kilkuletni Sta\u015b, wychowanek domu dziecka, maluj\u0105cy symbole anio\u0142a z&nbsp;jednym skrzyd\u0142em. Czy dziecko widzi co\u015b, czego doro\u015bli boj\u0105 si\u0119 nazwa\u0107? I&nbsp;jak g\u0142\u0119boko w&nbsp;mrok si\u0119gaj\u0105 tajemnice miasta i&nbsp;jego mieszka\u0144c\u00f3w? Ten polski krymina\u0142 z&nbsp;pewno\u015bci\u0105 wci\u0105gnie Ci\u0119 w&nbsp;\u015bwiat pe\u0142en niewyja\u015bnionych zagadek.<\/p>\n\n\n\n<figure class=\"wp-block-image size-full\"><a href=\"https:\/\/audioteka.com\/pl\/applications\" target=\"_blank\" rel=\"noopener\"><img data-recalc-dims=\"1\" loading=\"lazy\" decoding=\"async\" width=\"768\" height=\"216\" data-attachment-id=\"9403\" data-permalink=\"https:\/\/blogaudioteka.wpcomstaging.com\/top-10-najlepszych-pilkarzy-swiata-wysluchaj-inspirujacych-biografii-legend-futbolu\/podro_e\" data-orig-file=\"https:\/\/i0.wp.com\/blogaudioteka.wpcomstaging.com\/wp-content\/uploads\/podro_e.png?fit=768%2C216&amp;ssl=1\" data-orig-size=\"768,216\" data-comments-opened=\"0\" data-image-meta=\"{&quot;aperture&quot;:&quot;0&quot;,&quot;credit&quot;:&quot;&quot;,&quot;camera&quot;:&quot;&quot;,&quot;caption&quot;:&quot;&quot;,&quot;created_timestamp&quot;:&quot;0&quot;,&quot;copyright&quot;:&quot;&quot;,&quot;focal_length&quot;:&quot;0&quot;,&quot;iso&quot;:&quot;0&quot;,&quot;shutter_speed&quot;:&quot;0&quot;,&quot;title&quot;:&quot;&quot;,&quot;orientation&quot;:&quot;0&quot;}\" data-image-title=\"podro_e\" data-image-description=\"\" data-image-caption=\"\" data-large-file=\"https:\/\/i0.wp.com\/blogaudioteka.wpcomstaging.com\/wp-content\/uploads\/podro_e.png?fit=768%2C216&amp;ssl=1\" src=\"https:\/\/i0.wp.com\/blogaudioteka.wpcomstaging.com\/wp-content\/uploads\/podro_e.png?resize=768%2C216&#038;ssl=1\" alt=\"\" class=\"wp-image-9403\" srcset=\"https:\/\/i0.wp.com\/blogaudioteka.wpcomstaging.com\/wp-content\/uploads\/podro_e.png?w=768&amp;ssl=1 768w, https:\/\/i0.wp.com\/blogaudioteka.wpcomstaging.com\/wp-content\/uploads\/podro_e.png?resize=300%2C84&amp;ssl=1 300w, https:\/\/i0.wp.com\/blogaudioteka.wpcomstaging.com\/wp-content\/uploads\/podro_e.png?resize=512%2C144&amp;ssl=1 512w\" sizes=\"auto, (max-width: 768px) 100vw, 768px\" \/><\/a><\/figure>\n\n\n\n<p class=\"wp-block-paragraph\"><\/p>\n","protected":false},"excerpt":{"rendered":"Kolejny tydzie\u0144 za nami, a&nbsp;jesie\u0144, cho\u0107 bywa nieco przyt\u0142aczaj\u0105ca, oferuje nam coraz wi\u0119cej chwil i&nbsp;d\u0142ugich wieczor\u00f3w, by w&nbsp;przyjemnej&hellip;","protected":false},"author":264736303,"featured_media":9830,"comment_status":"closed","ping_status":"closed","sticky":false,"template":"","format":"standard","meta":{"_crdt_document":"","csco_display_header_overlay":false,"csco_singular_sidebar":"","csco_page_header_type":"","_jetpack_memberships_contains_paid_content":false,"footnotes":""},"categories":[14931,14935],"tags":[],"class_list":{"0":"post-9793","1":"post","2":"type-post","3":"status-publish","4":"format-standard","5":"has-post-thumbnail","7":"category-aktualnosci","8":"category-lifestylowe","9":"cs-entry"},"jetpack_featured_media_url":"https:\/\/i0.wp.com\/blogaudioteka.wpcomstaging.com\/wp-content\/uploads\/nowosci_blog-14.jpg?fit=800%2C450&ssl=1","jetpack_sharing_enabled":true,"_links":{"self":[{"href":"https:\/\/blogaudioteka.wpcomstaging.com\/wp-json\/wp\/v2\/posts\/9793","targetHints":{"allow":["GET"]}}],"collection":[{"href":"https:\/\/blogaudioteka.wpcomstaging.com\/wp-json\/wp\/v2\/posts"}],"about":[{"href":"https:\/\/blogaudioteka.wpcomstaging.com\/wp-json\/wp\/v2\/types\/post"}],"author":[{"embeddable":true,"href":"https:\/\/blogaudioteka.wpcomstaging.com\/wp-json\/wp\/v2\/users\/264736303"}],"replies":[{"embeddable":true,"href":"https:\/\/blogaudioteka.wpcomstaging.com\/wp-json\/wp\/v2\/comments?post=9793"}],"version-history":[{"count":31,"href":"https:\/\/blogaudioteka.wpcomstaging.com\/wp-json\/wp\/v2\/posts\/9793\/revisions"}],"predecessor-version":[{"id":9842,"href":"https:\/\/blogaudioteka.wpcomstaging.com\/wp-json\/wp\/v2\/posts\/9793\/revisions\/9842"}],"wp:featuredmedia":[{"embeddable":true,"href":"https:\/\/blogaudioteka.wpcomstaging.com\/wp-json\/wp\/v2\/media\/9830"}],"wp:attachment":[{"href":"https:\/\/blogaudioteka.wpcomstaging.com\/wp-json\/wp\/v2\/media?parent=9793"}],"wp:term":[{"taxonomy":"category","embeddable":true,"href":"https:\/\/blogaudioteka.wpcomstaging.com\/wp-json\/wp\/v2\/categories?post=9793"},{"taxonomy":"post_tag","embeddable":true,"href":"https:\/\/blogaudioteka.wpcomstaging.com\/wp-json\/wp\/v2\/tags?post=9793"}],"curies":[{"name":"wp","href":"https:\/\/api.w.org\/{rel}","templated":true}]}}