{"id":9589,"date":"2025-10-29T07:57:00","date_gmt":"2025-10-29T06:57:00","guid":{"rendered":"https:\/\/blogaudioteka.wpcomstaging.com\/?p=9589"},"modified":"2025-10-27T18:30:52","modified_gmt":"2025-10-27T17:30:52","slug":"nominowani-i-laureaci-ksiazki-ktore-zdobyly-uznanie-w-swiecie-literackim-posluchaj-ich-u-nas","status":"publish","type":"post","link":"https:\/\/blogaudioteka.wpcomstaging.com\/nominowani-i-laureaci-ksiazki-ktore-zdobyly-uznanie-w-swiecie-literackim-posluchaj-ich-u-nas","title":{"rendered":"Nominowani i laureaci &#8211; ksi\u0105\u017cki, kt\u00f3re zdoby\u0142y uznanie w \u015bwiecie literackim. Pos\u0142uchaj ich u nas!"},"content":{"rendered":"\n<p class=\"has-text-align-justify wp-block-paragraph\"><strong>Zanurz si\u0119 w&nbsp;\u015bwiat literackich arcydzie\u0142, kt\u00f3re podbi\u0142y serca czytelnik\u00f3w i&nbsp;jury! Nagrody literackie, zar\u00f3wno te polskie, jak i&nbsp;mi\u0119dzynarodowe, to znak jako\u015bci i&nbsp;wskaz\u00f3wka, kt\u00f3re ksi\u0105\u017cki naprawd\u0119 warto pozna\u0107. W&nbsp;tym wpisie zabieramy Ci\u0119 w&nbsp;podr\u00f3\u017c po najwybitniejszych dzie\u0142ach, wyr\u00f3\u017cnionych presti\u017cowymi laurami \u2013 od Nagrody Nike, przez Literack\u0105 Nagrod\u0119 Europy \u015arodkowej Angelus, po Man Booker czy Pulitzera. To pozycje, kt\u00f3re poruszaj\u0105, inspiruj\u0105 i&nbsp;zmieniaj\u0105 perspektyw\u0119, staj\u0105c si\u0119 kamieniami milowymi literatury. A&nbsp;co najwa\u017cniejsze, wiele z&nbsp;tych wybitnych tytu\u0142\u00f3w czeka na Ciebie w&nbsp;Audiotece, gotowe, by\u015b zanurzy\u0142 si\u0119 w&nbsp;nich w&nbsp;formie audiobooka w&nbsp;dowolnym miejscu i&nbsp;czasie!<\/strong><\/p>\n\n\n\n<div id=\"ez-toc-container\" class=\"ez-toc-v2_0_82_2 counter-hierarchy ez-toc-counter ez-toc-grey ez-toc-container-direction\">\n<div class=\"ez-toc-title-container\"><span class=\"ez-toc-title\" style=\"cursor:inherit\">Spis tre\u015bci<\/span>\n<\/div><nav><ul class='ez-toc-list ez-toc-list-level-1 ' ><li class='ez-toc-page-1 ez-toc-heading-level-2'><a class=\"ez-toc-link ez-toc-heading-1\" href=\"https:\/\/blogaudioteka.wpcomstaging.com\/nominowani-i-laureaci-ksiazki-ktore-zdobyly-uznanie-w-swiecie-literackim-posluchaj-ich-u-nas\/#Dlaczego_warto_poznac_dziela_nagrodzone_najbardziej_prestizowymi_wyroznieniami_w_literackim_swiecie\" >Dlaczego warto pozna\u0107 dzie\u0142a nagrodzone najbardziej presti\u017cowymi wyr\u00f3\u017cnieniami w&nbsp;literackim \u015bwiecie?<\/a><\/li><li class='ez-toc-page-1 ez-toc-heading-level-2'><a class=\"ez-toc-link ez-toc-heading-2\" href=\"https:\/\/blogaudioteka.wpcomstaging.com\/nominowani-i-laureaci-ksiazki-ktore-zdobyly-uznanie-w-swiecie-literackim-posluchaj-ich-u-nas\/#Nagrodzone_ksiazki_ktorych_warto_wysluchac_Nasze_rekomendacje\" >Nagrodzone ksi\u0105\u017cki, kt\u00f3rych warto wys\u0142ucha\u0107. Nasze rekomendacje<\/a><ul class='ez-toc-list-level-3' ><li class='ez-toc-heading-level-3'><a class=\"ez-toc-link ez-toc-heading-3\" href=\"https:\/\/blogaudioteka.wpcomstaging.com\/nominowani-i-laureaci-ksiazki-ktore-zdobyly-uznanie-w-swiecie-literackim-posluchaj-ich-u-nas\/#1_Wczoraj_bylas_zla_na_zielono_Eliza_Kacka\" >1. Wczoraj by\u0142a\u015b z\u0142a na zielono (Eliza K\u0105cka)<\/a><\/li><li class='ez-toc-page-1 ez-toc-heading-level-3'><a class=\"ez-toc-link ez-toc-heading-4\" href=\"https:\/\/blogaudioteka.wpcomstaging.com\/nominowani-i-laureaci-ksiazki-ktore-zdobyly-uznanie-w-swiecie-literackim-posluchaj-ich-u-nas\/#2_Chlopki_Opowiesc_o_naszych_babkach_Joanna_Kuciel-Frydryszak\" >2. Ch\u0142opki. Opowie\u015b\u0107 o&nbsp;naszych babkach (Joanna Kuciel-Frydryszak)<\/a><\/li><li class='ez-toc-page-1 ez-toc-heading-level-3'><a class=\"ez-toc-link ez-toc-heading-5\" href=\"https:\/\/blogaudioteka.wpcomstaging.com\/nominowani-i-laureaci-ksiazki-ktore-zdobyly-uznanie-w-swiecie-literackim-posluchaj-ich-u-nas\/#3_Harde_Bestie_Aleksandra_Janusz_Aneta_Jadowska_Magdalena_Kubasiewicz_i_zespol_autorow\" >3. Harde Bestie (Aleksandra Janusz, Aneta Jadowska, Magdalena Kubasiewicz i&nbsp;zesp\u00f3\u0142 autor\u00f3w)<\/a><\/li><li class='ez-toc-page-1 ez-toc-heading-level-3'><a class=\"ez-toc-link ez-toc-heading-6\" href=\"https:\/\/blogaudioteka.wpcomstaging.com\/nominowani-i-laureaci-ksiazki-ktore-zdobyly-uznanie-w-swiecie-literackim-posluchaj-ich-u-nas\/#4_Jezus_umarl_w_Polsce_Mikolaj_Grynberg\" >4. Jezus umar\u0142 w&nbsp;Polsce (Miko\u0142aj Grynberg)<\/a><\/li><li class='ez-toc-page-1 ez-toc-heading-level-3'><a class=\"ez-toc-link ez-toc-heading-7\" href=\"https:\/\/blogaudioteka.wpcomstaging.com\/nominowani-i-laureaci-ksiazki-ktore-zdobyly-uznanie-w-swiecie-literackim-posluchaj-ich-u-nas\/#5_Ton_Ishbel_Szatrawska\" >5. To\u0144 (Ishbel Szatrawska)<\/a><\/li><li class='ez-toc-page-1 ez-toc-heading-level-3'><a class=\"ez-toc-link ez-toc-heading-8\" href=\"https:\/\/blogaudioteka.wpcomstaging.com\/nominowani-i-laureaci-ksiazki-ktore-zdobyly-uznanie-w-swiecie-literackim-posluchaj-ich-u-nas\/#6_Piesn_prorocza_Paul_Lynch\" >6. Pie\u015b\u0144 prorocza (Paul Lynch)<\/a><\/li><li class='ez-toc-page-1 ez-toc-heading-level-3'><a class=\"ez-toc-link ez-toc-heading-9\" href=\"https:\/\/blogaudioteka.wpcomstaging.com\/nominowani-i-laureaci-ksiazki-ktore-zdobyly-uznanie-w-swiecie-literackim-posluchaj-ich-u-nas\/#7_Rzeczy_ktorych_nie_wyrzucilem_Marcin_Wicha\" >7. Rzeczy, kt\u00f3rych nie wyrzuci\u0142em (Marcin Wicha)<\/a><\/li><li class='ez-toc-page-1 ez-toc-heading-level-3'><a class=\"ez-toc-link ez-toc-heading-10\" href=\"https:\/\/blogaudioteka.wpcomstaging.com\/nominowani-i-laureaci-ksiazki-ktore-zdobyly-uznanie-w-swiecie-literackim-posluchaj-ich-u-nas\/#8_Empuzjon_Olga_Tokarczuk\" >8. Empuzjon (Olga Tokarczuk)<\/a><\/li><li class='ez-toc-page-1 ez-toc-heading-level-3'><a class=\"ez-toc-link ez-toc-heading-11\" href=\"https:\/\/blogaudioteka.wpcomstaging.com\/nominowani-i-laureaci-ksiazki-ktore-zdobyly-uznanie-w-swiecie-literackim-posluchaj-ich-u-nas\/#9_Stary_czlowiek_i_morze_Ernest_Hemingway\" >9. Stary cz\u0142owiek i&nbsp;morze (Ernest Hemingway)<\/a><\/li><li class='ez-toc-page-1 ez-toc-heading-level-3'><a class=\"ez-toc-link ez-toc-heading-12\" href=\"https:\/\/blogaudioteka.wpcomstaging.com\/nominowani-i-laureaci-ksiazki-ktore-zdobyly-uznanie-w-swiecie-literackim-posluchaj-ich-u-nas\/#10_Skaza_Robert_Malecki\" >10. Skaza (Robert Ma\u0142ecki)<\/a><\/li><li class='ez-toc-page-1 ez-toc-heading-level-3'><a class=\"ez-toc-link ez-toc-heading-13\" href=\"https:\/\/blogaudioteka.wpcomstaging.com\/nominowani-i-laureaci-ksiazki-ktore-zdobyly-uznanie-w-swiecie-literackim-posluchaj-ich-u-nas\/#11_Mitologia_Grekow_i_Rzymian_Zygmunt_Kubiak\" >11. Mitologia Grek\u00f3w i&nbsp;Rzymian (Zygmunt Kubiak)<\/a><\/li><li class='ez-toc-page-1 ez-toc-heading-level-3'><a class=\"ez-toc-link ez-toc-heading-14\" href=\"https:\/\/blogaudioteka.wpcomstaging.com\/nominowani-i-laureaci-ksiazki-ktore-zdobyly-uznanie-w-swiecie-literackim-posluchaj-ich-u-nas\/#12_Testamenty_Margaret_Atwood\" >12. Testamenty (Margaret Atwood)<\/a><\/li><\/ul><\/li><\/ul><\/nav><\/div>\n<h2 class=\"wp-block-heading\"><span class=\"ez-toc-section\" id=\"Dlaczego_warto_poznac_dziela_nagrodzone_najbardziej_prestizowymi_wyroznieniami_w_literackim_swiecie\"><\/span>Dlaczego warto pozna\u0107 dzie\u0142a nagrodzone najbardziej presti\u017cowymi wyr\u00f3\u017cnieniami w&nbsp;literackim \u015bwiecie?<span class=\"ez-toc-section-end\"><\/span><\/h2>\n\n\n\n<p class=\"has-text-align-justify wp-block-paragraph\">S\u0142uchanie <a href=\"https:\/\/audioteka.com\/pl\/cykl\/laureaci-i-nominowani\/\" target=\"_blank\" rel=\"noopener\">nagradzanych ksi\u0105\u017cek<\/a> to wyj\u0105tkowa szansa na zanurzenie si\u0119 w&nbsp;to, co w&nbsp;literaturze najcenniejsze i&nbsp;najbardziej znacz\u0105ce. <strong>Nagrody literackie s\u0105 przyznawane za wybitne osi\u0105gni\u0119cia w&nbsp;dziedzinie literatury<\/strong>, co stanowi swoisty znak jako\u015bci i&nbsp;drogowskaz w&nbsp;g\u0105szczu wydawniczych nowo\u015bci. Kapitu\u0142y i&nbsp;jury, sk\u0142adaj\u0105ce si\u0119 z&nbsp;do\u015bwiadczonych ekspert\u00f3w i&nbsp;krytyk\u00f3w, wyr\u00f3\u017cniaj\u0105 dzie\u0142a za jako\u015b\u0107 pisania, oryginalno\u015b\u0107 my\u015bli, wk\u0142ad w&nbsp;literatur\u0119 oraz ich artystyczn\u0105 i&nbsp;literack\u0105 warto\u015b\u0107. Cz\u0119sto s\u0105 to ksi\u0105\u017cki, kt\u00f3re poruszaj\u0105 istotne problemy spo\u0142eczne, kulturowe i&nbsp;egzystencjalne, oferuj\u0105c czytelnikom szersz\u0105 perspektyw\u0119 na \u015bwiat i&nbsp;ludzkie do\u015bwiadczenie, a&nbsp;nawet przesuwaj\u0105c granice literackie. Niekt\u00f3re <strong>nagrody honoruj\u0105 ca\u0142okszta\u0142t tw\u00f3rczo\u015bci, inne skupiaj\u0105 si\u0119 na pojedynczej, wybitnej powie\u015bci opublikowanej w&nbsp;danym roku, a&nbsp;jeszcze inne wspieraj\u0105 m\u0142odych, innowacyjnych tw\u00f3rc\u00f3w, kt\u00f3rzy eksperymentuj\u0105 z&nbsp;form\u0105 i&nbsp;tre\u015bci\u0105.<\/strong><\/p>\n\n\n\n<figure class=\"wp-block-image size-full\"><a href=\"https:\/\/klub.audioteka.com\/\" target=\"_blank\" rel=\"noopener\"><img data-recalc-dims=\"1\" loading=\"lazy\" decoding=\"async\" width=\"768\" height=\"216\" data-attachment-id=\"9442\" data-permalink=\"https:\/\/blogaudioteka.wpcomstaging.com\/10-cytatow-z-dumy-i-uprzedzenia-ktore-rozbrzmiewaja-do-dzis\/znakomite_polskie_glosy_blog_banner-1\" data-orig-file=\"https:\/\/i0.wp.com\/blogaudioteka.wpcomstaging.com\/wp-content\/uploads\/znakomite_polskie_glosy_blog_banner-1.png?fit=768%2C216&amp;ssl=1\" data-orig-size=\"768,216\" data-comments-opened=\"0\" data-image-meta=\"{&quot;aperture&quot;:&quot;0&quot;,&quot;credit&quot;:&quot;&quot;,&quot;camera&quot;:&quot;&quot;,&quot;caption&quot;:&quot;&quot;,&quot;created_timestamp&quot;:&quot;0&quot;,&quot;copyright&quot;:&quot;&quot;,&quot;focal_length&quot;:&quot;0&quot;,&quot;iso&quot;:&quot;0&quot;,&quot;shutter_speed&quot;:&quot;0&quot;,&quot;title&quot;:&quot;&quot;,&quot;orientation&quot;:&quot;0&quot;}\" data-image-title=\"znakomite_polskie_glosy_blog_banner (1)\" data-image-description=\"\" data-image-caption=\"\" data-large-file=\"https:\/\/i0.wp.com\/blogaudioteka.wpcomstaging.com\/wp-content\/uploads\/znakomite_polskie_glosy_blog_banner-1.png?fit=768%2C216&amp;ssl=1\" src=\"https:\/\/i0.wp.com\/blogaudioteka.wpcomstaging.com\/wp-content\/uploads\/znakomite_polskie_glosy_blog_banner-1.png?resize=768%2C216&#038;ssl=1\" alt=\"\" class=\"wp-image-9442\" srcset=\"https:\/\/i0.wp.com\/blogaudioteka.wpcomstaging.com\/wp-content\/uploads\/znakomite_polskie_glosy_blog_banner-1.png?w=768&amp;ssl=1 768w, https:\/\/i0.wp.com\/blogaudioteka.wpcomstaging.com\/wp-content\/uploads\/znakomite_polskie_glosy_blog_banner-1.png?resize=300%2C84&amp;ssl=1 300w, https:\/\/i0.wp.com\/blogaudioteka.wpcomstaging.com\/wp-content\/uploads\/znakomite_polskie_glosy_blog_banner-1.png?resize=512%2C144&amp;ssl=1 512w\" sizes=\"auto, (max-width: 768px) 100vw, 768px\" \/><\/a><\/figure>\n\n\n\n<p class=\"has-text-align-justify wp-block-paragraph\">Dzi\u0119ki audiobookom, dost\u0119pnym w&nbsp;<a href=\"https:\/\/audioteka.com\/pl\/\" target=\"_blank\" rel=\"noopener\">Audiotece<\/a>, <strong>mo\u017cesz czerpa\u0107 z&nbsp;tych literackich skarb\u00f3w w&nbsp;ka\u017cdej chwili, bez wzgl\u0119du na to, jak bardzo jeste\u015b zaj\u0119ty. To idealne rozwi\u0105zanie dla os\u00f3b, kt\u00f3re maj\u0105 niewiele czasu na tradycyjne czytanie, pozwalaj\u0105c na \u0142\u0105czenie przyjemno\u015bci s\u0142uchania z&nbsp;codziennymi obowi\u0105zkami, podr\u00f3\u017c\u0105 czy aktywno\u015bci\u0105 fizyczn\u0105<\/strong>. Odkryj, dlaczego te dzie\u0142a zdoby\u0142y najwy\u017csze laury i&nbsp;pozw\u00f3l, by ich s\u0142owa towarzyszy\u0142y Ci w&nbsp;codziennym \u017cyciu, wzbogacaj\u0105c Twoje horyzonty i&nbsp;inspiruj\u0105c do refleksji.<\/p>\n\n\n\n<h2 class=\"wp-block-heading\"><span class=\"ez-toc-section\" id=\"Nagrodzone_ksiazki_ktorych_warto_wysluchac_Nasze_rekomendacje\"><\/span>Nagrodzone ksi\u0105\u017cki, kt\u00f3rych warto wys\u0142ucha\u0107. Nasze rekomendacje<span class=\"ez-toc-section-end\"><\/span><\/h2>\n\n\n\n<p class=\"has-text-align-justify wp-block-paragraph\">Zanurz si\u0119 w&nbsp;\u015bwiat literackich arcydzie\u0142, kt\u00f3re poruszy\u0142y jury i&nbsp;czytelnik\u00f3w na ca\u0142ym \u015bwiecie! <strong>Przygotowali\u015bmy dla Ciebie list\u0119 wyj\u0105tkowych audiobook\u00f3w, kt\u00f3re zdoby\u0142y najbardziej presti\u017cowe nagrody literackie. <\/strong>To historie, kt\u00f3re z&nbsp;pewno\u015bci\u0105 zostan\u0105 z&nbsp;Tob\u0105 na d\u0142ugo, oferuj\u0105c g\u0142\u0119bokie prze\u017cycia i&nbsp;inspiruj\u0105ce refleksje, a&nbsp;Ty mo\u017cesz ich pos\u0142ucha\u0107 w&nbsp;ka\u017cdej chwili w&nbsp;Audiotece.<\/p>\n\n\n\n<h3 class=\"wp-block-heading\"><span class=\"ez-toc-section\" id=\"1_Wczoraj_bylas_zla_na_zielono_Eliza_Kacka\"><\/span>1. Wczoraj by\u0142a\u015b z\u0142a na zielono (Eliza K\u0105cka)<span class=\"ez-toc-section-end\"><\/span><\/h3>\n\n\n\n<p class=\"wp-block-paragraph\">\ud83d\udc49<a href=\"https:\/\/audioteka.com\/pl\/audiobook\/wczoraj-bylas-zla-na-zielono\/\" target=\"_blank\" rel=\"noopener\">Wczoraj by\u0142a\u015b z\u0142a na zielono &#8211; Audiobook &#8211; Eliza K\u0105cka &#8211; Audioteka, Wydawnictwo Karakter | Audioteka<\/a><\/p>\n\n\n<div class=\"wp-block-image\">\n<figure class=\"aligncenter size-full\"><img loading=\"lazy\" decoding=\"async\" width=\"300\" height=\"300\" data-attachment-id=\"10230\" data-permalink=\"https:\/\/blogaudioteka.wpcomstaging.com\/nominowani-i-laureaci-ksiazki-ktore-zdobyly-uznanie-w-swiecie-literackim-posluchaj-ich-u-nas\/wczoraj-bylas-zla-na-zielono-original\" data-orig-file=\"https:\/\/blogaudioteka.wpcomstaging.com\/wp-content\/uploads\/wczoraj-bylas-zla-na-zielono-original.avif\" data-orig-size=\"300,300\" data-comments-opened=\"0\" data-image-meta=\"{&quot;aperture&quot;:&quot;0&quot;,&quot;credit&quot;:&quot;&quot;,&quot;camera&quot;:&quot;&quot;,&quot;caption&quot;:&quot;&quot;,&quot;created_timestamp&quot;:&quot;0&quot;,&quot;copyright&quot;:&quot;&quot;,&quot;focal_length&quot;:&quot;0&quot;,&quot;iso&quot;:&quot;0&quot;,&quot;shutter_speed&quot;:&quot;0&quot;,&quot;title&quot;:&quot;&quot;,&quot;orientation&quot;:&quot;0&quot;}\" data-image-title=\"wczoraj-bylas-zla-na-zielono-original\" data-image-description=\"\" data-image-caption=\"\" data-large-file=\"https:\/\/blogaudioteka.wpcomstaging.com\/wp-content\/uploads\/wczoraj-bylas-zla-na-zielono-original.avif\" src=\"https:\/\/blogaudioteka.wpcomstaging.com\/wp-content\/uploads\/wczoraj-bylas-zla-na-zielono-original.avif\" alt=\"\" class=\"wp-image-10230\" srcset=\"https:\/\/blogaudioteka.wpcomstaging.com\/wp-content\/uploads\/wczoraj-bylas-zla-na-zielono-original.avif 300w, https:\/\/blogaudioteka.wpcomstaging.com\/wp-content\/uploads\/wczoraj-bylas-zla-na-zielono-original-150x150.avif 150w, https:\/\/blogaudioteka.wpcomstaging.com\/wp-content\/uploads\/wczoraj-bylas-zla-na-zielono-original-200x200.avif 200w, https:\/\/blogaudioteka.wpcomstaging.com\/wp-content\/uploads\/wczoraj-bylas-zla-na-zielono-original-148x148.avif 148w, https:\/\/blogaudioteka.wpcomstaging.com\/wp-content\/uploads\/wczoraj-bylas-zla-na-zielono-original-296x296.avif 296w\" sizes=\"auto, (max-width: 300px) 100vw, 300px\" \/><\/figure>\n<\/div>\n\n\n<p class=\"has-text-align-justify wp-block-paragraph\">Autobiograficzna proza Elizy K\u0105ckiej to bezkompromisowa i&nbsp;brawurowa opowie\u015b\u0107 o&nbsp;do\u015bwiadczeniu odmienno\u015bci i&nbsp;nieprzystawalno\u015bci do spo\u0142ecznych ram. <strong>Ksi\u0105\u017cka dotyka trudnej, lecz pi\u0119knej relacji matki i&nbsp;c\u00f3rki, \u017cyciowego dryfu, performowania \u015bwiata i&nbsp;odkrywania wiedzy. <\/strong>To wzruszaj\u0105ca historia o&nbsp;dzielno\u015bci, mi\u0142o\u015bci i&nbsp;wychodzeniu z&nbsp;kokonu, a&nbsp;tak\u017ce o&nbsp;niezwyk\u0142ej percepcji s\u0142\u00f3w widzianych w&nbsp;kolorach.<\/p>\n\n\n\n<h3 class=\"wp-block-heading\"><span class=\"ez-toc-section\" id=\"2_Chlopki_Opowiesc_o_naszych_babkach_Joanna_Kuciel-Frydryszak\"><\/span>2. Ch\u0142opki. Opowie\u015b\u0107 o&nbsp;naszych babkach (Joanna Kuciel-Frydryszak)<span class=\"ez-toc-section-end\"><\/span><\/h3>\n\n\n\n<p class=\"wp-block-paragraph\">\ud83d\udc49<a href=\"https:\/\/audioteka.com\/pl\/audiobook\/chlopki-opowiesc-o-naszych-babkach\/\" target=\"_blank\" rel=\"noopener\">Ch\u0142opki. Opowie\u015b\u0107 o&nbsp;naszych babkach &#8211; Audiobook &#8211; Joanna Kuciel-Frydryszak &#8211; Marginesy | Audioteka<\/a><\/p>\n\n\n<div class=\"wp-block-image\">\n<figure class=\"aligncenter size-full\"><img loading=\"lazy\" decoding=\"async\" width=\"300\" height=\"300\" data-attachment-id=\"10232\" data-permalink=\"https:\/\/blogaudioteka.wpcomstaging.com\/nominowani-i-laureaci-ksiazki-ktore-zdobyly-uznanie-w-swiecie-literackim-posluchaj-ich-u-nas\/chlopki-opowiesc-o-naszych-babkach-original-1\" data-orig-file=\"https:\/\/blogaudioteka.wpcomstaging.com\/wp-content\/uploads\/chlopki-opowiesc-o-naszych-babkach-original-1-1.avif\" data-orig-size=\"300,300\" data-comments-opened=\"0\" data-image-meta=\"{&quot;aperture&quot;:&quot;0&quot;,&quot;credit&quot;:&quot;&quot;,&quot;camera&quot;:&quot;&quot;,&quot;caption&quot;:&quot;&quot;,&quot;created_timestamp&quot;:&quot;0&quot;,&quot;copyright&quot;:&quot;&quot;,&quot;focal_length&quot;:&quot;0&quot;,&quot;iso&quot;:&quot;0&quot;,&quot;shutter_speed&quot;:&quot;0&quot;,&quot;title&quot;:&quot;&quot;,&quot;orientation&quot;:&quot;0&quot;}\" data-image-title=\"chlopki-opowiesc-o-naszych-babkach-original (1)\" data-image-description=\"\" data-image-caption=\"\" data-large-file=\"https:\/\/blogaudioteka.wpcomstaging.com\/wp-content\/uploads\/chlopki-opowiesc-o-naszych-babkach-original-1-1.avif\" src=\"https:\/\/blogaudioteka.wpcomstaging.com\/wp-content\/uploads\/chlopki-opowiesc-o-naszych-babkach-original-1-1.avif\" alt=\"\" class=\"wp-image-10232\" srcset=\"https:\/\/blogaudioteka.wpcomstaging.com\/wp-content\/uploads\/chlopki-opowiesc-o-naszych-babkach-original-1-1.avif 300w, https:\/\/blogaudioteka.wpcomstaging.com\/wp-content\/uploads\/chlopki-opowiesc-o-naszych-babkach-original-1-1-150x150.avif 150w, https:\/\/blogaudioteka.wpcomstaging.com\/wp-content\/uploads\/chlopki-opowiesc-o-naszych-babkach-original-1-1-200x200.avif 200w, https:\/\/blogaudioteka.wpcomstaging.com\/wp-content\/uploads\/chlopki-opowiesc-o-naszych-babkach-original-1-1-148x148.avif 148w, https:\/\/blogaudioteka.wpcomstaging.com\/wp-content\/uploads\/chlopki-opowiesc-o-naszych-babkach-original-1-1-296x296.avif 296w\" sizes=\"auto, (max-width: 300px) 100vw, 300px\" \/><\/figure>\n<\/div>\n\n\n<p class=\"has-text-align-justify wp-block-paragraph\">Joanna Kuciel-Frydryszak w&nbsp;&#8222;Ch\u0142opkach&#8221; przywraca g\u0142os kobietom wiejskim, kt\u00f3re przez wieki by\u0142y niewidzialne. <strong>To poruszaj\u0105ca historia matek, c\u00f3rek, \u017con i&nbsp;dziewek folwarcznych, kt\u00f3re od \u015bwitu do nocy harowa\u0142y na roli, cz\u0119sto pozbawione praw, edukacji i&nbsp;godno\u015bci.<\/strong> Audiobook w&nbsp;interpretacji <a href=\"https:\/\/audioteka.com\/pl\/lektor\/maria-peszek\/\" target=\"_blank\" rel=\"noopener\">Marii Peszek<\/a> opowiada o&nbsp;ich sile, po\u015bwi\u0119ceniu i&nbsp;nier\u00f3wnej walce o&nbsp;przetrwanie w&nbsp;patriarchalnym spo\u0142ecze\u0144stwie, b\u0119d\u0105c jednocze\u015bnie kluczem do zrozumienia wsp\u00f3\u0142czesnej Polski.<\/p>\n\n\n\n<h3 class=\"wp-block-heading\"><span class=\"ez-toc-section\" id=\"3_Harde_Bestie_Aleksandra_Janusz_Aneta_Jadowska_Magdalena_Kubasiewicz_i_zespol_autorow\"><\/span>3. Harde Bestie (Aleksandra Janusz, Aneta Jadowska, Magdalena Kubasiewicz i&nbsp;zesp\u00f3\u0142 autor\u00f3w)<span class=\"ez-toc-section-end\"><\/span><\/h3>\n\n\n\n<p class=\"wp-block-paragraph\">\ud83d\udc49<a href=\"https:\/\/audioteka.com\/pl\/audiobook\/harde-bestie\/\" target=\"_blank\" rel=\"noopener\">Harde Bestie &#8211; Audiobook &#8211; Aleksandra Janusz, Aneta Jadowska, Magdalena Kubasiewicz, zesp\u00f3\u0142 autor\u00f3w &#8211; Sine Qua Non | Audioteka<\/a><\/p>\n\n\n<div class=\"wp-block-image\">\n<figure class=\"aligncenter size-full\"><img loading=\"lazy\" decoding=\"async\" width=\"300\" height=\"300\" data-attachment-id=\"10224\" data-permalink=\"https:\/\/blogaudioteka.wpcomstaging.com\/nominowani-i-laureaci-ksiazki-ktore-zdobyly-uznanie-w-swiecie-literackim-posluchaj-ich-u-nas\/harde-bestie-okladka-1\" data-orig-file=\"https:\/\/blogaudioteka.wpcomstaging.com\/wp-content\/uploads\/harde-bestie-okladka-1.avif\" data-orig-size=\"300,300\" data-comments-opened=\"0\" data-image-meta=\"{&quot;aperture&quot;:&quot;0&quot;,&quot;credit&quot;:&quot;&quot;,&quot;camera&quot;:&quot;&quot;,&quot;caption&quot;:&quot;&quot;,&quot;created_timestamp&quot;:&quot;0&quot;,&quot;copyright&quot;:&quot;&quot;,&quot;focal_length&quot;:&quot;0&quot;,&quot;iso&quot;:&quot;0&quot;,&quot;shutter_speed&quot;:&quot;0&quot;,&quot;title&quot;:&quot;&quot;,&quot;orientation&quot;:&quot;0&quot;}\" data-image-title=\"harde-bestie-okladka (1)\" data-image-description=\"\" data-image-caption=\"\" data-large-file=\"https:\/\/blogaudioteka.wpcomstaging.com\/wp-content\/uploads\/harde-bestie-okladka-1.avif\" src=\"https:\/\/blogaudioteka.wpcomstaging.com\/wp-content\/uploads\/harde-bestie-okladka-1.avif\" alt=\"\" class=\"wp-image-10224\" srcset=\"https:\/\/blogaudioteka.wpcomstaging.com\/wp-content\/uploads\/harde-bestie-okladka-1.avif 300w, https:\/\/blogaudioteka.wpcomstaging.com\/wp-content\/uploads\/harde-bestie-okladka-1-150x150.avif 150w, https:\/\/blogaudioteka.wpcomstaging.com\/wp-content\/uploads\/harde-bestie-okladka-1-200x200.avif 200w, https:\/\/blogaudioteka.wpcomstaging.com\/wp-content\/uploads\/harde-bestie-okladka-1-148x148.avif 148w, https:\/\/blogaudioteka.wpcomstaging.com\/wp-content\/uploads\/harde-bestie-okladka-1-296x296.avif 296w\" sizes=\"auto, (max-width: 300px) 100vw, 300px\" \/><\/figure>\n<\/div>\n\n\n<p class=\"has-text-align-justify wp-block-paragraph\">&#8222;Harde Bestie&#8221; to czwarta antologia stworzona przez najwa\u017cniejsze polskie pisarki fantastyczne. <strong>Trzyna\u015bcie utalentowanych autorek przedstawia trzyna\u015bcie niezwyk\u0142ych historii, w&nbsp;kt\u00f3rych g\u0142\u00f3wn\u0105 rol\u0119 odgrywaj\u0105 istoty nazywane bestiami<\/strong> \u2013 niezwyk\u0142e, przera\u017caj\u0105ce, a&nbsp;zarazem niepokoj\u0105co ludzkie. Antologia oferuje pot\u0119\u017cn\u0105 dawk\u0119 rozrywki, zabieraj\u0105c czytelnik\u00f3w w&nbsp;podr\u00f3\u017c po fascynuj\u0105cych i&nbsp;cz\u0119sto mrocznych \u015bwiatach, pe\u0142nych pradawnych opowie\u015bci i&nbsp;nieoczekiwanych zwrot\u00f3w akcji.<\/p>\n\n\n\n<h3 class=\"wp-block-heading\"><span class=\"ez-toc-section\" id=\"4_Jezus_umarl_w_Polsce_Mikolaj_Grynberg\"><\/span>4. Jezus umar\u0142 w&nbsp;Polsce (Miko\u0142aj Grynberg)<span class=\"ez-toc-section-end\"><\/span><\/h3>\n\n\n\n<p class=\"wp-block-paragraph\">\ud83d\udc49<a href=\"https:\/\/audioteka.com\/pl\/audiobook\/jezus-umarl-w-polsce\/\" target=\"_blank\" rel=\"noopener\">Jezus umar\u0142 w&nbsp;Polsce &#8211; Audiobook &#8211; Miko\u0142aj Grynberg &#8211; Agora | Audioteka<\/a><\/p>\n\n\n<div class=\"wp-block-image\">\n<figure class=\"aligncenter size-full\"><img loading=\"lazy\" decoding=\"async\" width=\"300\" height=\"300\" data-attachment-id=\"10222\" data-permalink=\"https:\/\/blogaudioteka.wpcomstaging.com\/nominowani-i-laureaci-ksiazki-ktore-zdobyly-uznanie-w-swiecie-literackim-posluchaj-ich-u-nas\/jezus-umarl-w-polsce-original\" data-orig-file=\"https:\/\/blogaudioteka.wpcomstaging.com\/wp-content\/uploads\/jezus-umarl-w-polsce-original.avif\" data-orig-size=\"300,300\" data-comments-opened=\"0\" data-image-meta=\"{&quot;aperture&quot;:&quot;0&quot;,&quot;credit&quot;:&quot;&quot;,&quot;camera&quot;:&quot;&quot;,&quot;caption&quot;:&quot;&quot;,&quot;created_timestamp&quot;:&quot;0&quot;,&quot;copyright&quot;:&quot;&quot;,&quot;focal_length&quot;:&quot;0&quot;,&quot;iso&quot;:&quot;0&quot;,&quot;shutter_speed&quot;:&quot;0&quot;,&quot;title&quot;:&quot;&quot;,&quot;orientation&quot;:&quot;0&quot;}\" data-image-title=\"jezus-umarl-w-polsce-original\" data-image-description=\"\" data-image-caption=\"\" data-large-file=\"https:\/\/blogaudioteka.wpcomstaging.com\/wp-content\/uploads\/jezus-umarl-w-polsce-original.avif\" src=\"https:\/\/blogaudioteka.wpcomstaging.com\/wp-content\/uploads\/jezus-umarl-w-polsce-original.avif\" alt=\"\" class=\"wp-image-10222\" srcset=\"https:\/\/blogaudioteka.wpcomstaging.com\/wp-content\/uploads\/jezus-umarl-w-polsce-original.avif 300w, https:\/\/blogaudioteka.wpcomstaging.com\/wp-content\/uploads\/jezus-umarl-w-polsce-original-150x150.avif 150w, https:\/\/blogaudioteka.wpcomstaging.com\/wp-content\/uploads\/jezus-umarl-w-polsce-original-200x200.avif 200w, https:\/\/blogaudioteka.wpcomstaging.com\/wp-content\/uploads\/jezus-umarl-w-polsce-original-148x148.avif 148w, https:\/\/blogaudioteka.wpcomstaging.com\/wp-content\/uploads\/jezus-umarl-w-polsce-original-296x296.avif 296w\" sizes=\"auto, (max-width: 300px) 100vw, 300px\" \/><\/figure>\n<\/div>\n\n\n<p class=\"has-text-align-justify wp-block-paragraph\"><a href=\"https:\/\/audioteka.com\/pl\/autor\/mikolaj-grynberg\/\" target=\"_blank\" rel=\"noopener\">Miko\u0142aj Grynberg<\/a> w&nbsp;tej ksi\u0105\u017cce dokumentalnej oddaje g\u0142os ludziom, kt\u00f3rzy odwa\u017cyli si\u0119 pomaga\u0107 uchod\u017acom na granicy polsko-bia\u0142oruskiej. <strong>To poruszaj\u0105ce \u015bwiadectwa o&nbsp;bohaterach podejmuj\u0105cych odpowiedzialno\u015b\u0107 tam, gdzie pa\u0144stwo zawiod\u0142o. <\/strong>Ksi\u0105\u017cka ukazuje, jak pomaganie, cho\u0107 nadaje \u017cyciu sens, jednocze\u015bnie odbiera spok\u00f3j i&nbsp;zostawia emocjonalne pi\u0119tno, a&nbsp;tak\u017ce jak polskie spo\u0142ecze\u0144stwo i&nbsp;s\u0142u\u017cby mierz\u0105 si\u0119 z&nbsp;kryzysem humanitarnym.<\/p>\n\n\n\n<h3 class=\"wp-block-heading\"><span class=\"ez-toc-section\" id=\"5_Ton_Ishbel_Szatrawska\"><\/span>5. To\u0144 (Ishbel Szatrawska)<span class=\"ez-toc-section-end\"><\/span><\/h3>\n\n\n\n<p class=\"wp-block-paragraph\">\ud83d\udc49<a href=\"https:\/\/audioteka.com\/pl\/audiobook\/ton-superprodukcja\/\" target=\"_blank\" rel=\"noopener\">To\u0144 &#8211; Audiobook &#8211; Ishbel Szatrawska &#8211; Audioteka | Audioteka<\/a><\/p>\n\n\n<div class=\"wp-block-image\">\n<figure class=\"aligncenter size-full\"><img loading=\"lazy\" decoding=\"async\" width=\"300\" height=\"300\" data-attachment-id=\"10219\" data-permalink=\"https:\/\/blogaudioteka.wpcomstaging.com\/nominowani-i-laureaci-ksiazki-ktore-zdobyly-uznanie-w-swiecie-literackim-posluchaj-ich-u-nas\/ton-superprodukcja-original-1\" data-orig-file=\"https:\/\/blogaudioteka.wpcomstaging.com\/wp-content\/uploads\/ton-superprodukcja-original-1-1.avif\" data-orig-size=\"300,300\" data-comments-opened=\"0\" data-image-meta=\"{&quot;aperture&quot;:&quot;0&quot;,&quot;credit&quot;:&quot;&quot;,&quot;camera&quot;:&quot;&quot;,&quot;caption&quot;:&quot;&quot;,&quot;created_timestamp&quot;:&quot;0&quot;,&quot;copyright&quot;:&quot;&quot;,&quot;focal_length&quot;:&quot;0&quot;,&quot;iso&quot;:&quot;0&quot;,&quot;shutter_speed&quot;:&quot;0&quot;,&quot;title&quot;:&quot;&quot;,&quot;orientation&quot;:&quot;0&quot;}\" data-image-title=\"ton-superprodukcja-original (1)\" data-image-description=\"\" data-image-caption=\"\" data-large-file=\"https:\/\/blogaudioteka.wpcomstaging.com\/wp-content\/uploads\/ton-superprodukcja-original-1-1.avif\" src=\"https:\/\/blogaudioteka.wpcomstaging.com\/wp-content\/uploads\/ton-superprodukcja-original-1-1.avif\" alt=\"\" class=\"wp-image-10219\" srcset=\"https:\/\/blogaudioteka.wpcomstaging.com\/wp-content\/uploads\/ton-superprodukcja-original-1-1.avif 300w, https:\/\/blogaudioteka.wpcomstaging.com\/wp-content\/uploads\/ton-superprodukcja-original-1-1-150x150.avif 150w, https:\/\/blogaudioteka.wpcomstaging.com\/wp-content\/uploads\/ton-superprodukcja-original-1-1-200x200.avif 200w, https:\/\/blogaudioteka.wpcomstaging.com\/wp-content\/uploads\/ton-superprodukcja-original-1-1-148x148.avif 148w, https:\/\/blogaudioteka.wpcomstaging.com\/wp-content\/uploads\/ton-superprodukcja-original-1-1-296x296.avif 296w\" sizes=\"auto, (max-width: 300px) 100vw, 300px\" \/><\/figure>\n<\/div>\n\n\n<p class=\"has-text-align-justify wp-block-paragraph\">&#8222;To\u0144&#8221; autorstwa Ishbel Szatrawskiej jako <a href=\"https:\/\/audioteka.com\/pl\/katalog\/superprodukcje-audioteki\/\" target=\"_blank\" rel=\"noopener\">superprodukcja Audioteki<\/a>, kt\u00f3ra <strong>zabiera s\u0142uchaczy w&nbsp;podr\u00f3\u017c na dawne ziemie Prus Wschodnich, gdzie historia i&nbsp;tajemnica splataj\u0105 si\u0119 z&nbsp;tera\u017aniejszo\u015bci\u0105. <\/strong>Alicja, antropolo\u017cka i&nbsp;ostatnia z&nbsp;rodu, staje przed dramatycznym wyborem dotycz\u0105cym rodzinnego domu nad Gubrem, miejsca przesi\u0105kni\u0119tego wspomnieniami i&nbsp;duchami przesz\u0142o\u015bci. Zrealizowana z&nbsp;dba\u0142o\u015bci\u0105 o&nbsp;detale, z&nbsp;<a href=\"https:\/\/audioteka.com\/pl\/lektor\/danuta-stenka\/\" target=\"_blank\" rel=\"noopener\">Danut\u0105 Stenk\u0105<\/a> jako narratork\u0105 oraz <a href=\"https:\/\/audioteka.com\/pl\/lektor\/agnieszka-zulewska\/\" target=\"_blank\" rel=\"noopener\">Agnieszk\u0105 \u017bulewsk\u0105<\/a> i&nbsp;<a href=\"https:\/\/audioteka.com\/pl\/lektor\/filip-plawiak\/\" target=\"_blank\" rel=\"noopener\">Filipem P\u0142awiakiem<\/a> w&nbsp;rolach g\u0142\u00f3wnych, ta produkcja wci\u0105ga od pierwszej chwili. Opowie\u015b\u0107 ta eksploruje mroczne sekrety, mi\u0142o\u015b\u0107 i&nbsp;historyczne przemiany, takie jak zmiana nazw miejscowo\u015bci, i&nbsp;zmusza do refleksji nad tym, co w&nbsp;przesz\u0142o\u015bci jest zakazane, a&nbsp;jednocze\u015bnie fascynuj\u0105ce.<\/p>\n\n\n\n<h3 class=\"wp-block-heading\"><span class=\"ez-toc-section\" id=\"6_Piesn_prorocza_Paul_Lynch\"><\/span>6. Pie\u015b\u0144 prorocza (Paul Lynch)<span class=\"ez-toc-section-end\"><\/span><\/h3>\n\n\n\n<p class=\"wp-block-paragraph\">\ud83d\udc49<a href=\"https:\/\/audioteka.com\/pl\/audiobook\/piesn-prorocza\/\" target=\"_blank\" rel=\"noopener\">Pie\u015b\u0144 prorocza &#8211; Audiobook &#8211; Paul Lynch &#8211; Marginesy | Audioteka<\/a><\/p>\n\n\n<div class=\"wp-block-image\">\n<figure class=\"aligncenter size-full\"><img loading=\"lazy\" decoding=\"async\" width=\"300\" height=\"300\" data-attachment-id=\"10226\" data-permalink=\"https:\/\/blogaudioteka.wpcomstaging.com\/nominowani-i-laureaci-ksiazki-ktore-zdobyly-uznanie-w-swiecie-literackim-posluchaj-ich-u-nas\/piesn-prorocza-original\" data-orig-file=\"https:\/\/blogaudioteka.wpcomstaging.com\/wp-content\/uploads\/piesn-prorocza-original.avif\" data-orig-size=\"300,300\" data-comments-opened=\"0\" data-image-meta=\"{&quot;aperture&quot;:&quot;0&quot;,&quot;credit&quot;:&quot;&quot;,&quot;camera&quot;:&quot;&quot;,&quot;caption&quot;:&quot;&quot;,&quot;created_timestamp&quot;:&quot;0&quot;,&quot;copyright&quot;:&quot;&quot;,&quot;focal_length&quot;:&quot;0&quot;,&quot;iso&quot;:&quot;0&quot;,&quot;shutter_speed&quot;:&quot;0&quot;,&quot;title&quot;:&quot;&quot;,&quot;orientation&quot;:&quot;0&quot;}\" data-image-title=\"piesn-prorocza-original\" data-image-description=\"\" data-image-caption=\"\" data-large-file=\"https:\/\/blogaudioteka.wpcomstaging.com\/wp-content\/uploads\/piesn-prorocza-original.avif\" src=\"https:\/\/blogaudioteka.wpcomstaging.com\/wp-content\/uploads\/piesn-prorocza-original.avif\" alt=\"\" class=\"wp-image-10226\" srcset=\"https:\/\/blogaudioteka.wpcomstaging.com\/wp-content\/uploads\/piesn-prorocza-original.avif 300w, https:\/\/blogaudioteka.wpcomstaging.com\/wp-content\/uploads\/piesn-prorocza-original-150x150.avif 150w, https:\/\/blogaudioteka.wpcomstaging.com\/wp-content\/uploads\/piesn-prorocza-original-200x200.avif 200w, https:\/\/blogaudioteka.wpcomstaging.com\/wp-content\/uploads\/piesn-prorocza-original-148x148.avif 148w, https:\/\/blogaudioteka.wpcomstaging.com\/wp-content\/uploads\/piesn-prorocza-original-296x296.avif 296w\" sizes=\"auto, (max-width: 300px) 100vw, 300px\" \/><\/figure>\n<\/div>\n\n\n<p class=\"has-text-align-justify wp-block-paragraph\">Powie\u015b\u0107 nagrodzona Nagrod\u0105 Bookera w&nbsp;2023 roku to mocna, klaustrofobiczna i&nbsp;przera\u017caj\u0105co prawdopodobna wizja stopniowej utraty wolno\u015bci w&nbsp;pa\u0144stwie totalitarnym. <strong>Paul Lynch opowiada histori\u0119 Eilish Stack, matki czw\u00f3rki dzieci, kt\u00f3rej m\u0105\u017c zostaje aresztowany przez nowo utworzon\u0105 irlandzk\u0105 tajn\u0105 policj\u0119. <\/strong>To poruszaj\u0105cy portret matki pr\u00f3buj\u0105cej ocali\u0107 najbli\u017cszych w&nbsp;obliczu upadku spo\u0142ecze\u0144stwa, a&nbsp;tak\u017ce krzyk i&nbsp;ostrze\u017cenie przed procesami prowadz\u0105cymi do tragedii.<\/p>\n\n\n\n<h3 class=\"wp-block-heading\"><span class=\"ez-toc-section\" id=\"7_Rzeczy_ktorych_nie_wyrzucilem_Marcin_Wicha\"><\/span>7. Rzeczy, kt\u00f3rych nie wyrzuci\u0142em (Marcin Wicha)<span class=\"ez-toc-section-end\"><\/span><\/h3>\n\n\n\n<p class=\"wp-block-paragraph\">\ud83d\udc49<a href=\"https:\/\/audioteka.com\/pl\/audiobook\/rzeczy-ktorych-nie-wyrzucilem-audioteka\/\" target=\"_blank\" rel=\"noopener\">Rzeczy, kt\u00f3rych nie wyrzuci\u0142em &#8211; Audiobook &#8211; Marcin Wicha &#8211; Wydawnictwo Karakter | Audioteka<\/a><\/p>\n\n\n<div class=\"wp-block-image\">\n<figure class=\"aligncenter size-full\"><img loading=\"lazy\" decoding=\"async\" width=\"300\" height=\"300\" data-attachment-id=\"10228\" data-permalink=\"https:\/\/blogaudioteka.wpcomstaging.com\/nominowani-i-laureaci-ksiazki-ktore-zdobyly-uznanie-w-swiecie-literackim-posluchaj-ich-u-nas\/rzeczy-ktorych-nie-wyrzucilem-audioteka\" data-orig-file=\"https:\/\/blogaudioteka.wpcomstaging.com\/wp-content\/uploads\/rzeczy-ktorych-nie-wyrzucilem-audioteka.avif\" data-orig-size=\"300,300\" data-comments-opened=\"0\" data-image-meta=\"{&quot;aperture&quot;:&quot;0&quot;,&quot;credit&quot;:&quot;&quot;,&quot;camera&quot;:&quot;&quot;,&quot;caption&quot;:&quot;&quot;,&quot;created_timestamp&quot;:&quot;0&quot;,&quot;copyright&quot;:&quot;&quot;,&quot;focal_length&quot;:&quot;0&quot;,&quot;iso&quot;:&quot;0&quot;,&quot;shutter_speed&quot;:&quot;0&quot;,&quot;title&quot;:&quot;&quot;,&quot;orientation&quot;:&quot;0&quot;}\" data-image-title=\"rzeczy-ktorych-nie-wyrzucilem-audioteka\" data-image-description=\"\" data-image-caption=\"\" data-large-file=\"https:\/\/blogaudioteka.wpcomstaging.com\/wp-content\/uploads\/rzeczy-ktorych-nie-wyrzucilem-audioteka.avif\" src=\"https:\/\/blogaudioteka.wpcomstaging.com\/wp-content\/uploads\/rzeczy-ktorych-nie-wyrzucilem-audioteka.avif\" alt=\"\" class=\"wp-image-10228\" srcset=\"https:\/\/blogaudioteka.wpcomstaging.com\/wp-content\/uploads\/rzeczy-ktorych-nie-wyrzucilem-audioteka.avif 300w, https:\/\/blogaudioteka.wpcomstaging.com\/wp-content\/uploads\/rzeczy-ktorych-nie-wyrzucilem-audioteka-150x150.avif 150w, https:\/\/blogaudioteka.wpcomstaging.com\/wp-content\/uploads\/rzeczy-ktorych-nie-wyrzucilem-audioteka-200x200.avif 200w, https:\/\/blogaudioteka.wpcomstaging.com\/wp-content\/uploads\/rzeczy-ktorych-nie-wyrzucilem-audioteka-148x148.avif 148w, https:\/\/blogaudioteka.wpcomstaging.com\/wp-content\/uploads\/rzeczy-ktorych-nie-wyrzucilem-audioteka-296x296.avif 296w\" sizes=\"auto, (max-width: 300px) 100vw, 300px\" \/><\/figure>\n<\/div>\n\n\n<p class=\"has-text-align-justify wp-block-paragraph\">&#8222;Rzeczy, kt\u00f3rych nie wyrzuci\u0142em&#8221; to subtelna i&nbsp;wzruszaj\u0105ca opowie\u015b\u0107 o&nbsp;porz\u0105dkowaniu wspomnie\u0144 i&nbsp;przedmiot\u00f3w po zmar\u0142ej matce. Narrator, Marcin Wicha, rekonstruuje obraz silnej i&nbsp;odwa\u017cnej kobiety, kt\u00f3ra w&nbsp;PRL-u i&nbsp;w kapitalistycznej rzeczywisto\u015bci \u017cy\u0142a wedle w\u0142asnych zasad. <strong>Ksi\u0105\u017cka pozbawiona sentymentalizmu, pe\u0142na za to czu\u0142o\u015bci i&nbsp;humoru, jest pr\u00f3b\u0105 zrozumienia losu najbli\u017cszej osoby i&nbsp;refleksj\u0105 nad odchodz\u0105cym pokoleniem powojennym.<\/strong><\/p>\n\n\n\n<h3 class=\"wp-block-heading\"><span class=\"ez-toc-section\" id=\"8_Empuzjon_Olga_Tokarczuk\"><\/span>8. Empuzjon (Olga Tokarczuk)<span class=\"ez-toc-section-end\"><\/span><\/h3>\n\n\n\n<p class=\"wp-block-paragraph\">\ud83d\udc49<a href=\"https:\/\/audioteka.com\/pl\/audiobook\/empuzjon\/\" target=\"_blank\" rel=\"noopener\">Empuzjon &#8211; Audiobook &#8211; Olga Tokarczuk &#8211; Wydawnictwo Literackie | Audioteka<\/a><\/p>\n\n\n<div class=\"wp-block-image\">\n<figure class=\"aligncenter size-full\"><img loading=\"lazy\" decoding=\"async\" width=\"300\" height=\"300\" data-attachment-id=\"10234\" data-permalink=\"https:\/\/blogaudioteka.wpcomstaging.com\/nominowani-i-laureaci-ksiazki-ktore-zdobyly-uznanie-w-swiecie-literackim-posluchaj-ich-u-nas\/empuzjon-original\" data-orig-file=\"https:\/\/blogaudioteka.wpcomstaging.com\/wp-content\/uploads\/empuzjon-original.avif\" data-orig-size=\"300,300\" data-comments-opened=\"0\" data-image-meta=\"{&quot;aperture&quot;:&quot;0&quot;,&quot;credit&quot;:&quot;&quot;,&quot;camera&quot;:&quot;&quot;,&quot;caption&quot;:&quot;&quot;,&quot;created_timestamp&quot;:&quot;0&quot;,&quot;copyright&quot;:&quot;&quot;,&quot;focal_length&quot;:&quot;0&quot;,&quot;iso&quot;:&quot;0&quot;,&quot;shutter_speed&quot;:&quot;0&quot;,&quot;title&quot;:&quot;&quot;,&quot;orientation&quot;:&quot;0&quot;}\" data-image-title=\"empuzjon-original\" data-image-description=\"\" data-image-caption=\"\" data-large-file=\"https:\/\/blogaudioteka.wpcomstaging.com\/wp-content\/uploads\/empuzjon-original.avif\" src=\"https:\/\/blogaudioteka.wpcomstaging.com\/wp-content\/uploads\/empuzjon-original.avif\" alt=\"\" class=\"wp-image-10234\" srcset=\"https:\/\/blogaudioteka.wpcomstaging.com\/wp-content\/uploads\/empuzjon-original.avif 300w, https:\/\/blogaudioteka.wpcomstaging.com\/wp-content\/uploads\/empuzjon-original-150x150.avif 150w, https:\/\/blogaudioteka.wpcomstaging.com\/wp-content\/uploads\/empuzjon-original-200x200.avif 200w, https:\/\/blogaudioteka.wpcomstaging.com\/wp-content\/uploads\/empuzjon-original-148x148.avif 148w, https:\/\/blogaudioteka.wpcomstaging.com\/wp-content\/uploads\/empuzjon-original-296x296.avif 296w\" sizes=\"auto, (max-width: 300px) 100vw, 300px\" \/><\/figure>\n<\/div>\n\n\n<p class=\"has-text-align-justify wp-block-paragraph\">Najnowsza powie\u015b\u0107 <a href=\"https:\/\/audioteka.com\/pl\/autor\/olga-tokarczuk\/\" target=\"_blank\" rel=\"noopener\">Olgi Tokarczuk<\/a>, napisana po otrzymaniu Literackiej Nagrody Nobla, przenosi czytelnik\u00f3w do uzdrowiska G\u00f6rbersdorf (dzi\u015b Soko\u0142owsko) w&nbsp;1913 roku. Student Mieczys\u0142aw Wojnicz przyje\u017cd\u017ca leczy\u0107 gru\u017alic\u0119, a&nbsp;w Pensjonacie dla Pan\u00f3w poznaje innych kuracjuszy.<strong> Opr\u00f3cz dyskusji o&nbsp;polityce i&nbsp;filozofii, Wojnicza fascynuj\u0105 przera\u017caj\u0105ce historie o&nbsp;tragicznych wydarzeniach w&nbsp;g\u00f3rach.<\/strong> Powie\u015b\u0107 ods\u0142ania prawdy o&nbsp;\u015bwiecie, kt\u00f3rych cz\u0119sto nie zauwa\u017camy, a&nbsp;Kinga Preis wzmacnia jej wymow\u0119 swoj\u0105 interpretacj\u0105.<\/p>\n\n\n\n<h3 class=\"wp-block-heading\"><span class=\"ez-toc-section\" id=\"9_Stary_czlowiek_i_morze_Ernest_Hemingway\"><\/span>9. Stary cz\u0142owiek i&nbsp;morze (Ernest Hemingway)<span class=\"ez-toc-section-end\"><\/span><\/h3>\n\n\n\n<p class=\"wp-block-paragraph\">\ud83d\udc49<a href=\"https:\/\/audioteka.com\/pl\/audiobook\/stary-czlowiek-i-morze-marginesy\/\" target=\"_blank\" rel=\"noopener\">Stary cz\u0142owiek i&nbsp;morze &#8211; Audiobook &#8211; Ernest Hemingway &#8211; Marginesy | Audioteka<\/a><\/p>\n\n\n<div class=\"wp-block-image\">\n<figure class=\"aligncenter size-full\"><img loading=\"lazy\" decoding=\"async\" width=\"300\" height=\"300\" data-attachment-id=\"10236\" data-permalink=\"https:\/\/blogaudioteka.wpcomstaging.com\/nominowani-i-laureaci-ksiazki-ktore-zdobyly-uznanie-w-swiecie-literackim-posluchaj-ich-u-nas\/stary-czlowiek-i-morze-marginesy-original-2\" data-orig-file=\"https:\/\/blogaudioteka.wpcomstaging.com\/wp-content\/uploads\/stary-czlowiek-i-morze-marginesy-original-2.avif\" data-orig-size=\"300,300\" data-comments-opened=\"0\" data-image-meta=\"{&quot;aperture&quot;:&quot;0&quot;,&quot;credit&quot;:&quot;&quot;,&quot;camera&quot;:&quot;&quot;,&quot;caption&quot;:&quot;&quot;,&quot;created_timestamp&quot;:&quot;0&quot;,&quot;copyright&quot;:&quot;&quot;,&quot;focal_length&quot;:&quot;0&quot;,&quot;iso&quot;:&quot;0&quot;,&quot;shutter_speed&quot;:&quot;0&quot;,&quot;title&quot;:&quot;&quot;,&quot;orientation&quot;:&quot;0&quot;}\" data-image-title=\"stary-czlowiek-i-morze-marginesy-original (2)\" data-image-description=\"\" data-image-caption=\"\" data-large-file=\"https:\/\/blogaudioteka.wpcomstaging.com\/wp-content\/uploads\/stary-czlowiek-i-morze-marginesy-original-2.avif\" src=\"https:\/\/blogaudioteka.wpcomstaging.com\/wp-content\/uploads\/stary-czlowiek-i-morze-marginesy-original-2.avif\" alt=\"\" class=\"wp-image-10236\" srcset=\"https:\/\/blogaudioteka.wpcomstaging.com\/wp-content\/uploads\/stary-czlowiek-i-morze-marginesy-original-2.avif 300w, https:\/\/blogaudioteka.wpcomstaging.com\/wp-content\/uploads\/stary-czlowiek-i-morze-marginesy-original-2-150x150.avif 150w, https:\/\/blogaudioteka.wpcomstaging.com\/wp-content\/uploads\/stary-czlowiek-i-morze-marginesy-original-2-200x200.avif 200w, https:\/\/blogaudioteka.wpcomstaging.com\/wp-content\/uploads\/stary-czlowiek-i-morze-marginesy-original-2-148x148.avif 148w, https:\/\/blogaudioteka.wpcomstaging.com\/wp-content\/uploads\/stary-czlowiek-i-morze-marginesy-original-2-296x296.avif 296w\" sizes=\"auto, (max-width: 300px) 100vw, 300px\" \/><\/figure>\n<\/div>\n\n\n<p class=\"has-text-align-justify wp-block-paragraph\">To jedno z&nbsp;najbardziej znanych dzie\u0142 <a href=\"https:\/\/audioteka.com\/pl\/autor\/ernest-hemingway\/\" target=\"_blank\" rel=\"noopener\">Ernesta Hemingwaya<\/a>, za kt\u00f3re otrzyma\u0142 Nagrod\u0119 Pulitzera w&nbsp;1953 roku i&nbsp;kt\u00f3re przyczyni\u0142o si\u0119 do przyznania mu Nagrody Nobla. Opowie\u015b\u0107 o&nbsp;starym rybaku Santiago, kt\u00f3ry po 84 dniach bez po\u0142owu samotnie wyrusza na morze, by z\u0142apa\u0107 ogromnego marlina. <strong>Ksi\u0105\u017cka w&nbsp;oszcz\u0119dnym stylu ukazuje dramatyczn\u0105 walk\u0119 cz\u0142owieka z&nbsp;natur\u0105, jego niez\u0142omn\u0105 si\u0142\u0119 ducha, up\u00f3r i&nbsp;mierzenie si\u0119 z&nbsp;wyzwaniami, b\u0119d\u0105c ponadczasow\u0105 metafor\u0105 ludzkiego losu.<\/strong><\/p>\n\n\n\n<h3 class=\"wp-block-heading\"><span class=\"ez-toc-section\" id=\"10_Skaza_Robert_Malecki\"><\/span>10. Skaza (Robert Ma\u0142ecki)<span class=\"ez-toc-section-end\"><\/span><\/h3>\n\n\n\n<p class=\"wp-block-paragraph\">\ud83d\udc49<a href=\"https:\/\/audioteka.com\/pl\/audiobook\/skaza\/\" target=\"_blank\" rel=\"noopener\">Skaza &#8211; Audiobook &#8211; Robert Ma\u0142ecki &#8211; Wydawnictwo Literackie | Audioteka<\/a><\/p>\n\n\n<div class=\"wp-block-image\">\n<figure class=\"aligncenter size-full\"><img loading=\"lazy\" decoding=\"async\" width=\"300\" height=\"300\" data-attachment-id=\"10242\" data-permalink=\"https:\/\/blogaudioteka.wpcomstaging.com\/nominowani-i-laureaci-ksiazki-ktore-zdobyly-uznanie-w-swiecie-literackim-posluchaj-ich-u-nas\/skaza-original\" data-orig-file=\"https:\/\/blogaudioteka.wpcomstaging.com\/wp-content\/uploads\/skaza-original.avif\" data-orig-size=\"300,300\" data-comments-opened=\"0\" data-image-meta=\"{&quot;aperture&quot;:&quot;0&quot;,&quot;credit&quot;:&quot;&quot;,&quot;camera&quot;:&quot;&quot;,&quot;caption&quot;:&quot;&quot;,&quot;created_timestamp&quot;:&quot;0&quot;,&quot;copyright&quot;:&quot;&quot;,&quot;focal_length&quot;:&quot;0&quot;,&quot;iso&quot;:&quot;0&quot;,&quot;shutter_speed&quot;:&quot;0&quot;,&quot;title&quot;:&quot;&quot;,&quot;orientation&quot;:&quot;0&quot;}\" data-image-title=\"skaza-original\" data-image-description=\"\" data-image-caption=\"\" data-large-file=\"https:\/\/blogaudioteka.wpcomstaging.com\/wp-content\/uploads\/skaza-original.avif\" src=\"https:\/\/blogaudioteka.wpcomstaging.com\/wp-content\/uploads\/skaza-original.avif\" alt=\"\" class=\"wp-image-10242\" srcset=\"https:\/\/blogaudioteka.wpcomstaging.com\/wp-content\/uploads\/skaza-original.avif 300w, https:\/\/blogaudioteka.wpcomstaging.com\/wp-content\/uploads\/skaza-original-150x150.avif 150w, https:\/\/blogaudioteka.wpcomstaging.com\/wp-content\/uploads\/skaza-original-200x200.avif 200w, https:\/\/blogaudioteka.wpcomstaging.com\/wp-content\/uploads\/skaza-original-148x148.avif 148w, https:\/\/blogaudioteka.wpcomstaging.com\/wp-content\/uploads\/skaza-original-296x296.avif 296w\" sizes=\"auto, (max-width: 300px) 100vw, 300px\" \/><\/figure>\n<\/div>\n\n\n<p class=\"has-text-align-justify wp-block-paragraph\">&#8222;Skaza&#8221; to pocz\u0105tek jednej z&nbsp;najpopularniejszych i&nbsp;najcz\u0119\u015bciej nagradzanych serii kryminalnych w&nbsp;Polsce, z&nbsp;komisarzem Bernardem Grossem w&nbsp;roli g\u0142\u00f3wnej. <strong>Robert Ma\u0142ecki, laureat <a href=\"https:\/\/audioteka.com\/pl\/cykl\/nagroda-wielkiego-kalibru\/\" target=\"_blank\" rel=\"noopener\">Nagrody Wielkiego Kalibru<\/a>, zabiera czytelnik\u00f3w do Che\u0142m\u017cy, gdzie z&nbsp;lodowatej wody wyci\u0105gni\u0119to zw\u0142oki nastoletniego ch\u0142opca. <\/strong>Gross odkrywa drugie cia\u0142o w&nbsp;\u0142\u00f3dce, co prowadzi do skomplikowanego \u015bledztwa, kt\u00f3re cofa si\u0119 do tajemniczego znikni\u0119cia ma\u0142\u017ce\u0144stwa Tarasewicz\u00f3w w&nbsp;2008 roku.<\/p>\n\n\n\n<h3 class=\"wp-block-heading\"><span class=\"ez-toc-section\" id=\"11_Mitologia_Grekow_i_Rzymian_Zygmunt_Kubiak\"><\/span>11. Mitologia Grek\u00f3w i&nbsp;Rzymian (Zygmunt Kubiak)<span class=\"ez-toc-section-end\"><\/span><\/h3>\n\n\n\n<p class=\"wp-block-paragraph\">\ud83d\udc49<a href=\"https:\/\/audioteka.com\/pl\/audiobook\/mitologia-grekow-i-rzymian\/\" target=\"_blank\" rel=\"noopener\">Mitologia Grek\u00f3w i&nbsp;Rzymian &#8211; Audiobook &#8211; Zygmunt Kubiak &#8211; ZNiW | Audioteka<\/a><\/p>\n\n\n<div class=\"wp-block-image\">\n<figure class=\"aligncenter size-full\"><img loading=\"lazy\" decoding=\"async\" width=\"300\" height=\"300\" data-attachment-id=\"10240\" data-permalink=\"https:\/\/blogaudioteka.wpcomstaging.com\/nominowani-i-laureaci-ksiazki-ktore-zdobyly-uznanie-w-swiecie-literackim-posluchaj-ich-u-nas\/mitologia-grekow-i-rzymian-original\" data-orig-file=\"https:\/\/blogaudioteka.wpcomstaging.com\/wp-content\/uploads\/mitologia-grekow-i-rzymian-original.avif\" data-orig-size=\"300,300\" data-comments-opened=\"0\" data-image-meta=\"{&quot;aperture&quot;:&quot;0&quot;,&quot;credit&quot;:&quot;&quot;,&quot;camera&quot;:&quot;&quot;,&quot;caption&quot;:&quot;&quot;,&quot;created_timestamp&quot;:&quot;0&quot;,&quot;copyright&quot;:&quot;&quot;,&quot;focal_length&quot;:&quot;0&quot;,&quot;iso&quot;:&quot;0&quot;,&quot;shutter_speed&quot;:&quot;0&quot;,&quot;title&quot;:&quot;&quot;,&quot;orientation&quot;:&quot;0&quot;}\" data-image-title=\"mitologia-grekow-i-rzymian-original\" data-image-description=\"\" data-image-caption=\"\" data-large-file=\"https:\/\/blogaudioteka.wpcomstaging.com\/wp-content\/uploads\/mitologia-grekow-i-rzymian-original.avif\" src=\"https:\/\/blogaudioteka.wpcomstaging.com\/wp-content\/uploads\/mitologia-grekow-i-rzymian-original.avif\" alt=\"\" class=\"wp-image-10240\" srcset=\"https:\/\/blogaudioteka.wpcomstaging.com\/wp-content\/uploads\/mitologia-grekow-i-rzymian-original.avif 300w, https:\/\/blogaudioteka.wpcomstaging.com\/wp-content\/uploads\/mitologia-grekow-i-rzymian-original-150x150.avif 150w, https:\/\/blogaudioteka.wpcomstaging.com\/wp-content\/uploads\/mitologia-grekow-i-rzymian-original-200x200.avif 200w, https:\/\/blogaudioteka.wpcomstaging.com\/wp-content\/uploads\/mitologia-grekow-i-rzymian-original-148x148.avif 148w, https:\/\/blogaudioteka.wpcomstaging.com\/wp-content\/uploads\/mitologia-grekow-i-rzymian-original-296x296.avif 296w\" sizes=\"auto, (max-width: 300px) 100vw, 300px\" \/><\/figure>\n<\/div>\n\n\n<p class=\"has-text-align-justify wp-block-paragraph\">Dzie\u0142o Zygmunta Kubiaka to fundamentalna pozycja dla ka\u017cdego, kto chce zg\u0142\u0119bi\u0107 korzenie europejskiej kultury i&nbsp;sztuki. Audiobook, czytany przez <a href=\"https:\/\/audioteka.com\/pl\/lektor\/ksawery-jasienski\/\" target=\"_blank\" rel=\"noopener\">Ksawerego Jasie\u0144skiego<\/a>, sprawia, \u017ce mitologiczne postaci, sylwetki bog\u00f3w i&nbsp;zwi\u0105zane z&nbsp;nimi historie staj\u0105 si\u0119 fascynuj\u0105cymi gaw\u0119dami. <strong>Dzi\u0119ki wiedzy profesora Kubiaka, mitologia staje si\u0119 przyst\u0119pna i&nbsp;anga\u017cuj\u0105ca, ukazuj\u0105c, jak bardzo mitologiczne w\u0105tki i&nbsp;archetypy wci\u0105\u017c kszta\u0142tuj\u0105 nasz\u0105 cywilizacj\u0119.<\/strong><\/p>\n\n\n\n<h3 class=\"wp-block-heading\"><span class=\"ez-toc-section\" id=\"12_Testamenty_Margaret_Atwood\"><\/span>12. Testamenty (Margaret Atwood)<span class=\"ez-toc-section-end\"><\/span><\/h3>\n\n\n\n<p class=\"wp-block-paragraph\">\ud83d\udc49<a href=\"https:\/\/audioteka.com\/pl\/audiobook\/testamenty\/\" target=\"_blank\" rel=\"noopener\">Testamenty &#8211; Audiobook &#8211; Margaret Atwood &#8211; Wielka Litera Sp.z o.o. | Audioteka<\/a><\/p>\n\n\n<div class=\"wp-block-image\">\n<figure class=\"aligncenter size-full\"><img loading=\"lazy\" decoding=\"async\" width=\"300\" height=\"300\" data-attachment-id=\"10238\" data-permalink=\"https:\/\/blogaudioteka.wpcomstaging.com\/nominowani-i-laureaci-ksiazki-ktore-zdobyly-uznanie-w-swiecie-literackim-posluchaj-ich-u-nas\/testamenty-original\" data-orig-file=\"https:\/\/blogaudioteka.wpcomstaging.com\/wp-content\/uploads\/testamenty-original.avif\" data-orig-size=\"300,300\" data-comments-opened=\"0\" data-image-meta=\"{&quot;aperture&quot;:&quot;0&quot;,&quot;credit&quot;:&quot;&quot;,&quot;camera&quot;:&quot;&quot;,&quot;caption&quot;:&quot;&quot;,&quot;created_timestamp&quot;:&quot;0&quot;,&quot;copyright&quot;:&quot;&quot;,&quot;focal_length&quot;:&quot;0&quot;,&quot;iso&quot;:&quot;0&quot;,&quot;shutter_speed&quot;:&quot;0&quot;,&quot;title&quot;:&quot;&quot;,&quot;orientation&quot;:&quot;0&quot;}\" data-image-title=\"testamenty-original\" data-image-description=\"\" data-image-caption=\"\" data-large-file=\"https:\/\/blogaudioteka.wpcomstaging.com\/wp-content\/uploads\/testamenty-original.avif\" src=\"https:\/\/blogaudioteka.wpcomstaging.com\/wp-content\/uploads\/testamenty-original.avif\" alt=\"\" class=\"wp-image-10238\" srcset=\"https:\/\/blogaudioteka.wpcomstaging.com\/wp-content\/uploads\/testamenty-original.avif 300w, https:\/\/blogaudioteka.wpcomstaging.com\/wp-content\/uploads\/testamenty-original-150x150.avif 150w, https:\/\/blogaudioteka.wpcomstaging.com\/wp-content\/uploads\/testamenty-original-200x200.avif 200w, https:\/\/blogaudioteka.wpcomstaging.com\/wp-content\/uploads\/testamenty-original-148x148.avif 148w, https:\/\/blogaudioteka.wpcomstaging.com\/wp-content\/uploads\/testamenty-original-296x296.avif 296w\" sizes=\"auto, (max-width: 300px) 100vw, 300px\" \/><\/figure>\n<\/div>\n\n\n<p class=\"has-text-align-justify wp-block-paragraph\"><strong>Nagrodzona Bookerem powie\u015b\u0107 Margaret Atwood to d\u0142ugo wyczekiwana kontynuacja kultowej <a href=\"https:\/\/audioteka.com\/pl\/cykl\/opowiesc-podrecznej-box\/\" target=\"_blank\" rel=\"noopener\">&#8222;Opowie\u015bci Podr\u0119cznej&#8221;<\/a>, kt\u00f3ra rozgrywa si\u0119 pi\u0119tna\u015bcie lat po wydarzeniach z&nbsp;pierwszej cz\u0119\u015bci. <\/strong>W obliczu dramatycznej sytuacji Republiki Gilead, historia skupia si\u0119 na losach trzech kobiet: bezwzgl\u0119dnej Ciotki Lidii, m\u0142odej Agnes oraz nastolatki Daisy, mieszkaj\u0105cej w&nbsp;Kanadzie. Atwood w&nbsp;mistrzowski spos\u00f3b ukazuje, jak powstaje i&nbsp;upada totalitaryzm, jednocze\u015bnie ostrzegaj\u0105c przed zagro\u017ceniami wsp\u00f3\u0142czesnego \u015bwiata.<\/p>\n\n\n\n<div class=\"wp-block-group is-style-cs-promo\"><div class=\"wp-block-group__inner-container is-layout-constrained wp-block-group-is-layout-constrained\">\n<p class=\"wp-block-paragraph\">\ud83d\udc49<a href=\"https:\/\/audioteka.com\/pl\/blog\/sluchaj-literackiej-elity-audiobooki-noblistow-w-audiotece\" target=\"_blank\" rel=\"noopener\">S\u0142uchaj literackiej elity: audiobooki noblist\u00f3w w&nbsp;Audiotece<\/a><\/p>\n<\/div><\/div>\n\n\n\n<figure class=\"wp-block-image size-full\"><a href=\"https:\/\/audioteka.com\/pl\/applications\" target=\"_blank\" rel=\"noopener\"><img data-recalc-dims=\"1\" loading=\"lazy\" decoding=\"async\" width=\"768\" height=\"216\" data-attachment-id=\"9403\" data-permalink=\"https:\/\/blogaudioteka.wpcomstaging.com\/top-10-najlepszych-pilkarzy-swiata-wysluchaj-inspirujacych-biografii-legend-futbolu\/podro_e\" data-orig-file=\"https:\/\/i0.wp.com\/blogaudioteka.wpcomstaging.com\/wp-content\/uploads\/podro_e.png?fit=768%2C216&amp;ssl=1\" data-orig-size=\"768,216\" data-comments-opened=\"0\" data-image-meta=\"{&quot;aperture&quot;:&quot;0&quot;,&quot;credit&quot;:&quot;&quot;,&quot;camera&quot;:&quot;&quot;,&quot;caption&quot;:&quot;&quot;,&quot;created_timestamp&quot;:&quot;0&quot;,&quot;copyright&quot;:&quot;&quot;,&quot;focal_length&quot;:&quot;0&quot;,&quot;iso&quot;:&quot;0&quot;,&quot;shutter_speed&quot;:&quot;0&quot;,&quot;title&quot;:&quot;&quot;,&quot;orientation&quot;:&quot;0&quot;}\" data-image-title=\"podro_e\" data-image-description=\"\" data-image-caption=\"\" data-large-file=\"https:\/\/i0.wp.com\/blogaudioteka.wpcomstaging.com\/wp-content\/uploads\/podro_e.png?fit=768%2C216&amp;ssl=1\" src=\"https:\/\/i0.wp.com\/blogaudioteka.wpcomstaging.com\/wp-content\/uploads\/podro_e.png?resize=768%2C216&#038;ssl=1\" alt=\"\" class=\"wp-image-9403\" srcset=\"https:\/\/i0.wp.com\/blogaudioteka.wpcomstaging.com\/wp-content\/uploads\/podro_e.png?w=768&amp;ssl=1 768w, https:\/\/i0.wp.com\/blogaudioteka.wpcomstaging.com\/wp-content\/uploads\/podro_e.png?resize=300%2C84&amp;ssl=1 300w, https:\/\/i0.wp.com\/blogaudioteka.wpcomstaging.com\/wp-content\/uploads\/podro_e.png?resize=512%2C144&amp;ssl=1 512w\" sizes=\"auto, (max-width: 768px) 100vw, 768px\" \/><\/a><\/figure>\n","protected":false},"excerpt":{"rendered":"Zanurz si\u0119 w&nbsp;\u015bwiat literackich arcydzie\u0142, kt\u00f3re podbi\u0142y serca czytelnik\u00f3w i&nbsp;jury! Nagrody literackie, zar\u00f3wno te polskie, jak i&nbsp;mi\u0119dzynarodowe, to&hellip;","protected":false},"author":264736302,"featured_media":10246,"comment_status":"closed","ping_status":"closed","sticky":false,"template":"","format":"standard","meta":{"_crdt_document":"","csco_display_header_overlay":false,"csco_singular_sidebar":"","csco_page_header_type":"","_jetpack_memberships_contains_paid_content":false,"footnotes":""},"categories":[14928,14930],"tags":[],"class_list":{"0":"post-9589","1":"post","2":"type-post","3":"status-publish","4":"format-standard","5":"has-post-thumbnail","7":"category-porady","8":"category-edukacyjne","9":"cs-entry"},"jetpack_featured_media_url":"https:\/\/i0.wp.com\/blogaudioteka.wpcomstaging.com\/wp-content\/uploads\/Projekt-bez-nazwy-93.png?fit=1920%2C1080&ssl=1","jetpack_sharing_enabled":true,"_links":{"self":[{"href":"https:\/\/blogaudioteka.wpcomstaging.com\/wp-json\/wp\/v2\/posts\/9589","targetHints":{"allow":["GET"]}}],"collection":[{"href":"https:\/\/blogaudioteka.wpcomstaging.com\/wp-json\/wp\/v2\/posts"}],"about":[{"href":"https:\/\/blogaudioteka.wpcomstaging.com\/wp-json\/wp\/v2\/types\/post"}],"author":[{"embeddable":true,"href":"https:\/\/blogaudioteka.wpcomstaging.com\/wp-json\/wp\/v2\/users\/264736302"}],"replies":[{"embeddable":true,"href":"https:\/\/blogaudioteka.wpcomstaging.com\/wp-json\/wp\/v2\/comments?post=9589"}],"version-history":[{"count":23,"href":"https:\/\/blogaudioteka.wpcomstaging.com\/wp-json\/wp\/v2\/posts\/9589\/revisions"}],"predecessor-version":[{"id":10247,"href":"https:\/\/blogaudioteka.wpcomstaging.com\/wp-json\/wp\/v2\/posts\/9589\/revisions\/10247"}],"wp:featuredmedia":[{"embeddable":true,"href":"https:\/\/blogaudioteka.wpcomstaging.com\/wp-json\/wp\/v2\/media\/10246"}],"wp:attachment":[{"href":"https:\/\/blogaudioteka.wpcomstaging.com\/wp-json\/wp\/v2\/media?parent=9589"}],"wp:term":[{"taxonomy":"category","embeddable":true,"href":"https:\/\/blogaudioteka.wpcomstaging.com\/wp-json\/wp\/v2\/categories?post=9589"},{"taxonomy":"post_tag","embeddable":true,"href":"https:\/\/blogaudioteka.wpcomstaging.com\/wp-json\/wp\/v2\/tags?post=9589"}],"curies":[{"name":"wp","href":"https:\/\/api.w.org\/{rel}","templated":true}]}}