{"id":9185,"date":"2025-10-02T12:35:07","date_gmt":"2025-10-02T10:35:07","guid":{"rendered":"https:\/\/blogaudioteka.wpcomstaging.com\/?p=9185"},"modified":"2025-10-29T14:07:24","modified_gmt":"2025-10-29T13:07:24","slug":"koc-herbata-i-king-wybralismy-13-audiobookow-idealnych-na-jesienne-wieczory-z-mistrzem-horroru","status":"publish","type":"post","link":"https:\/\/blogaudioteka.wpcomstaging.com\/koc-herbata-i-king-wybralismy-13-audiobookow-idealnych-na-jesienne-wieczory-z-mistrzem-horroru","title":{"rendered":"Koc, herbata i King: wybrali\u015bmy 13 audiobook\u00f3w idealnych na jesienne wieczory z Mistrzem horroru!"},"content":{"rendered":"\n<p class=\"has-text-align-justify wp-block-paragraph\"><strong>Jesie\u0144 to idealny czas, by zanurzy\u0107 si\u0119 w&nbsp;fascynuj\u0105ce \u015bwiaty Stephena Kinga. Kiedy za oknem robi si\u0119 ch\u0142odno, a&nbsp;dni staj\u0105 si\u0119 kr\u00f3tsze, nic nie pasuje lepiej ni\u017c porywaj\u0105ca historia mistrza grozy, s\u0142uchana w&nbsp;ulubionym fotelu z&nbsp;kubkiem gor\u0105cej herbaty. Stephen King to autor, kt\u00f3ry z&nbsp;r\u00f3wn\u0105 swobod\u0105 porusza si\u0119 po meandrach horroru, fantastyki, thrillera, a&nbsp;nawet g\u0142\u0119bokiego dramatu obyczajowego. Jego ponad pi\u0119\u0107dziesi\u0119cioletni dorobek literacki to prawdziwa skarbnica opowie\u015bci, kt\u00f3re wci\u0105gaj\u0105, wzruszaj\u0105 i\u2026 przera\u017caj\u0105 do szpiku ko\u015bci.<\/strong><\/p>\n\n\n\n<div id=\"ez-toc-container\" class=\"ez-toc-v2_0_82_2 counter-hierarchy ez-toc-counter ez-toc-grey ez-toc-container-direction\">\n<div class=\"ez-toc-title-container\"><span class=\"ez-toc-title\" style=\"cursor:inherit\">Spis tre\u015bci<\/span>\n<\/div><nav><ul class='ez-toc-list ez-toc-list-level-1 ' ><li class='ez-toc-page-1 ez-toc-heading-level-2'><a class=\"ez-toc-link ez-toc-heading-1\" href=\"https:\/\/blogaudioteka.wpcomstaging.com\/koc-herbata-i-king-wybralismy-13-audiobookow-idealnych-na-jesienne-wieczory-z-mistrzem-horroru\/#Nasz_subiektywny_wybor_13_najlepszych_audiobookow_Stephena_Kinga_do_posluchania_tej_jesieni\" >Nasz subiektywny wyb\u00f3r&nbsp;13 najlepszych audiobook\u00f3w Stephena Kinga do pos\u0142uchania tej jesieni!<\/a><ul class='ez-toc-list-level-3' ><li class='ez-toc-heading-level-3'><a class=\"ez-toc-link ez-toc-heading-2\" href=\"https:\/\/blogaudioteka.wpcomstaging.com\/koc-herbata-i-king-wybralismy-13-audiobookow-idealnych-na-jesienne-wieczory-z-mistrzem-horroru\/#1_Zielona_Mila\" >1. Zielona Mila<\/a><\/li><li class='ez-toc-page-1 ez-toc-heading-level-3'><a class=\"ez-toc-link ez-toc-heading-3\" href=\"https:\/\/blogaudioteka.wpcomstaging.com\/koc-herbata-i-king-wybralismy-13-audiobookow-idealnych-na-jesienne-wieczory-z-mistrzem-horroru\/#2_Bastion\" >2. Bastion<\/a><\/li><li class='ez-toc-page-1 ez-toc-heading-level-3'><a class=\"ez-toc-link ez-toc-heading-4\" href=\"https:\/\/blogaudioteka.wpcomstaging.com\/koc-herbata-i-king-wybralismy-13-audiobookow-idealnych-na-jesienne-wieczory-z-mistrzem-horroru\/#3_Lsnienie_%E2%80%93_w_fenomenalnej_superprodukcji_Audioteki\" >3. L\u015bnienie \u2013 w&nbsp;fenomenalnej superprodukcji Audioteki!<\/a><\/li><li class='ez-toc-page-1 ez-toc-heading-level-3'><a class=\"ez-toc-link ez-toc-heading-5\" href=\"https:\/\/blogaudioteka.wpcomstaging.com\/koc-herbata-i-king-wybralismy-13-audiobookow-idealnych-na-jesienne-wieczory-z-mistrzem-horroru\/#4_To\" >4. To<\/a><\/li><li class='ez-toc-page-1 ez-toc-heading-level-3'><a class=\"ez-toc-link ez-toc-heading-6\" href=\"https:\/\/blogaudioteka.wpcomstaging.com\/koc-herbata-i-king-wybralismy-13-audiobookow-idealnych-na-jesienne-wieczory-z-mistrzem-horroru\/#5_Cmetarz_zwiezat\" >5. Cm\u0119tarz zwie\u017c\u0105t<\/a><\/li><li class='ez-toc-page-1 ez-toc-heading-level-3'><a class=\"ez-toc-link ez-toc-heading-7\" href=\"https:\/\/blogaudioteka.wpcomstaging.com\/koc-herbata-i-king-wybralismy-13-audiobookow-idealnych-na-jesienne-wieczory-z-mistrzem-horroru\/#6_Misery\" >6. Misery<\/a><\/li><li class='ez-toc-page-1 ez-toc-heading-level-3'><a class=\"ez-toc-link ez-toc-heading-8\" href=\"https:\/\/blogaudioteka.wpcomstaging.com\/koc-herbata-i-king-wybralismy-13-audiobookow-idealnych-na-jesienne-wieczory-z-mistrzem-horroru\/#7_Miasteczko_Salem\" >7. Miasteczko Salem<\/a><\/li><li class='ez-toc-page-1 ez-toc-heading-level-3'><a class=\"ez-toc-link ez-toc-heading-9\" href=\"https:\/\/blogaudioteka.wpcomstaging.com\/koc-herbata-i-king-wybralismy-13-audiobookow-idealnych-na-jesienne-wieczory-z-mistrzem-horroru\/#8_Nie_wymiekaj\" >8. Nie wymi\u0119kaj<\/a><\/li><li class='ez-toc-page-1 ez-toc-heading-level-3'><a class=\"ez-toc-link ez-toc-heading-10\" href=\"https:\/\/blogaudioteka.wpcomstaging.com\/koc-herbata-i-king-wybralismy-13-audiobookow-idealnych-na-jesienne-wieczory-z-mistrzem-horroru\/#9_Reka_mistrza\" >9. R\u0119ka mistrza<\/a><\/li><li class='ez-toc-page-1 ez-toc-heading-level-3'><a class=\"ez-toc-link ez-toc-heading-11\" href=\"https:\/\/blogaudioteka.wpcomstaging.com\/koc-herbata-i-king-wybralismy-13-audiobookow-idealnych-na-jesienne-wieczory-z-mistrzem-horroru\/#10_Cykl_%E2%80%9EMroczna_Wieza%E2%80%9D\" >10. Cykl \u201eMroczna Wie\u017ca\u201d<\/a><\/li><li class='ez-toc-page-1 ez-toc-heading-level-3'><a class=\"ez-toc-link ez-toc-heading-12\" href=\"https:\/\/blogaudioteka.wpcomstaging.com\/koc-herbata-i-king-wybralismy-13-audiobookow-idealnych-na-jesienne-wieczory-z-mistrzem-horroru\/#11_Dallas_63\" >11. Dallas 63<\/a><\/li><li class='ez-toc-page-1 ez-toc-heading-level-3'><a class=\"ez-toc-link ez-toc-heading-13\" href=\"https:\/\/blogaudioteka.wpcomstaging.com\/koc-herbata-i-king-wybralismy-13-audiobookow-idealnych-na-jesienne-wieczory-z-mistrzem-horroru\/#12_Im_mroczniej_tym_lepiej\" >12. Im mroczniej, tym lepiej<\/a><\/li><li class='ez-toc-page-1 ez-toc-heading-level-3'><a class=\"ez-toc-link ez-toc-heading-14\" href=\"https:\/\/blogaudioteka.wpcomstaging.com\/koc-herbata-i-king-wybralismy-13-audiobookow-idealnych-na-jesienne-wieczory-z-mistrzem-horroru\/#13_Wielki_marsz\" >13. Wielki marsz<\/a><\/li><li class='ez-toc-page-1 ez-toc-heading-level-3'><a class=\"ez-toc-link ez-toc-heading-15\" href=\"https:\/\/blogaudioteka.wpcomstaging.com\/koc-herbata-i-king-wybralismy-13-audiobookow-idealnych-na-jesienne-wieczory-z-mistrzem-horroru\/#Stephen_King_w_Audiotece_%E2%80%93_Twoj_bilet_do_swiata_pelnego_strachu\" >Stephen King w&nbsp;Audiotece \u2013 Tw\u00f3j bilet do \u015bwiata pe\u0142nego strachu<\/a><\/li><\/ul><\/li><\/ul><\/nav><\/div>\n<h2 class=\"wp-block-heading has-text-align-justify\"><span class=\"ez-toc-section\" id=\"Nasz_subiektywny_wybor_13_najlepszych_audiobookow_Stephena_Kinga_do_posluchania_tej_jesieni\"><\/span><strong>Nasz subiektywny wyb\u00f3r&nbsp;13 najlepszych audiobook\u00f3w Stephena Kinga do pos\u0142uchania tej jesieni!<\/strong><span class=\"ez-toc-section-end\"><\/span><\/h2>\n\n\n\n<p class=\"has-text-align-justify wp-block-paragraph\">W Audiotece z&nbsp;dum\u0105 zgromadzili\u015bmy&nbsp;<strong>ponad 30 audiobook\u00f3w<\/strong>&nbsp;z kolekcji tw\u00f3rczo\u015bci Kinga, by dostarczy\u0107 Wam niezapomnianych wra\u017ce\u0144 s\u0142uchowych. Dzi\u0119ki doskona\u0142ym g\u0142osom wybitnych polskich lektor\u00f3w, takich jak&nbsp;np.: <strong><a href=\"https:\/\/audioteka.com\/pl\/lektor\/adam-woronowicz\/\" target=\"_blank\" rel=\"noopener\">Adam Woronowicz<\/a>, <a href=\"https:\/\/audioteka.com\/pl\/lektor\/roch-siemianowski\/\" target=\"_blank\" rel=\"noopener\">Roch Siemianowski<\/a>, <a href=\"https:\/\/audioteka.com\/pl\/lektor\/leszek-filipowicz\/\" target=\"_blank\" rel=\"noopener\">Leszek Filipowicz<\/a>, <a href=\"https:\/\/audioteka.com\/pl\/lektor\/krzysztof-globisz\/\" target=\"_blank\" rel=\"noopener\">Krzysztof Globisz<\/a>, <a href=\"https:\/\/audioteka.com\/pl\/lektor\/filip-kosior\/\" target=\"_blank\" rel=\"noopener\">Filip Kosior<\/a>, <a href=\"https:\/\/audioteka.com\/pl\/lektor\/agata-kulesza\/\" target=\"_blank\" rel=\"noopener\">Agata Kulesza<\/a>, <a href=\"https:\/\/audioteka.com\/pl\/lektor\/krzysztof-gosztyla\/\" target=\"_blank\" rel=\"noopener\">Krzysztof Goszty\u0142a<\/a>, <a href=\"https:\/\/audioteka.com\/pl\/lektor\/maciej-kowalik\/\" target=\"_blank\" rel=\"noopener\">Maciej Kowalik<\/a>, czy <a href=\"https:\/\/audioteka.com\/pl\/lektor\/krzysztof-plewako-szczerbinski-c19292f3\/\" target=\"_blank\" rel=\"noopener\">Krzysztof Plewako-Szczerbi\u0144ski<\/a><\/strong>, ka\u017cda historia o\u017cywa w&nbsp;zupe\u0142nie nowy spos\u00f3b. Przygotujcie si\u0119 na to, \u017ce us\u0142yszycie Kinga jak nigdy dot\u0105d!<\/p>\n\n\n\n<h3 class=\"wp-block-heading\"><span class=\"ez-toc-section\" id=\"1_Zielona_Mila\"><\/span>1. Zielona Mila <span class=\"ez-toc-section-end\"><\/span><\/h3>\n\n\n<div class=\"wp-block-image\">\n<figure class=\"aligncenter size-full\"><img loading=\"lazy\" decoding=\"async\" width=\"300\" height=\"300\" data-attachment-id=\"9202\" data-permalink=\"https:\/\/blogaudioteka.wpcomstaging.com\/koc-herbata-i-king-wybralismy-13-audiobookow-idealnych-na-jesienne-wieczory-z-mistrzem-horroru\/zielona-mila-albatros-original\" data-orig-file=\"https:\/\/blogaudioteka.wpcomstaging.com\/wp-content\/uploads\/zielona-mila-albatros-original.avif\" data-orig-size=\"300,300\" data-comments-opened=\"0\" data-image-meta=\"{&quot;aperture&quot;:&quot;0&quot;,&quot;credit&quot;:&quot;&quot;,&quot;camera&quot;:&quot;&quot;,&quot;caption&quot;:&quot;&quot;,&quot;created_timestamp&quot;:&quot;0&quot;,&quot;copyright&quot;:&quot;&quot;,&quot;focal_length&quot;:&quot;0&quot;,&quot;iso&quot;:&quot;0&quot;,&quot;shutter_speed&quot;:&quot;0&quot;,&quot;title&quot;:&quot;&quot;,&quot;orientation&quot;:&quot;0&quot;}\" data-image-title=\"zielona-mila-albatros-original\" data-image-description=\"\" data-image-caption=\"\" data-large-file=\"https:\/\/blogaudioteka.wpcomstaging.com\/wp-content\/uploads\/zielona-mila-albatros-original.avif\" src=\"https:\/\/blogaudioteka.wpcomstaging.com\/wp-content\/uploads\/zielona-mila-albatros-original.avif\" alt=\"\" class=\"wp-image-9202\" srcset=\"https:\/\/blogaudioteka.wpcomstaging.com\/wp-content\/uploads\/zielona-mila-albatros-original.avif 300w, https:\/\/blogaudioteka.wpcomstaging.com\/wp-content\/uploads\/zielona-mila-albatros-original-150x150.avif 150w, https:\/\/blogaudioteka.wpcomstaging.com\/wp-content\/uploads\/zielona-mila-albatros-original-200x200.avif 200w, https:\/\/blogaudioteka.wpcomstaging.com\/wp-content\/uploads\/zielona-mila-albatros-original-148x148.avif 148w, https:\/\/blogaudioteka.wpcomstaging.com\/wp-content\/uploads\/zielona-mila-albatros-original-296x296.avif 296w\" sizes=\"auto, (max-width: 300px) 100vw, 300px\" \/><\/figure>\n<\/div>\n\n\n<p class=\"has-text-align-justify wp-block-paragraph\">Ta poruszaj\u0105ca opowie\u015b\u0107 o&nbsp;\u017cyciu w&nbsp;cieniu \u015bmierci to absolutny majstersztyk, kt\u00f3ry chwyta za serce i&nbsp;prowokuje do refleksji. <strong>Wys\u0142uchaj historii stra\u017cnik\u00f3w bloku \u015bmierci i&nbsp;niezwyk\u0142ego skaza\u0144ca Johna Coffeya.<\/strong> <a href=\"https:\/\/audioteka.com\/pl\/audiobook\/zielona-mila-albatros\/\" target=\"_blank\" rel=\"noopener\">&#8222;Zielona Mila&#8221;<\/a> to dow\u00f3d na to, \u017ce King potrafi wzrusza\u0107 i&nbsp;opowiada\u0107 o&nbsp;cz\u0142owiecze\u0144stwie z&nbsp;tak\u0105 sam\u0105 si\u0142\u0105, z&nbsp;jak\u0105 przera\u017ca. Idealna na refleksyjne, jesienne wieczory.<\/p>\n\n\n\n<h3 class=\"wp-block-heading\"><span class=\"ez-toc-section\" id=\"2_Bastion\"><\/span>2. Bastion <span class=\"ez-toc-section-end\"><\/span><\/h3>\n\n\n<div class=\"wp-block-image\">\n<figure class=\"aligncenter size-full\"><img loading=\"lazy\" decoding=\"async\" width=\"300\" height=\"300\" data-attachment-id=\"9203\" data-permalink=\"https:\/\/blogaudioteka.wpcomstaging.com\/koc-herbata-i-king-wybralismy-13-audiobookow-idealnych-na-jesienne-wieczory-z-mistrzem-horroru\/bastion-original-1\" data-orig-file=\"https:\/\/blogaudioteka.wpcomstaging.com\/wp-content\/uploads\/bastion-original-1.avif\" data-orig-size=\"300,300\" data-comments-opened=\"0\" data-image-meta=\"{&quot;aperture&quot;:&quot;0&quot;,&quot;credit&quot;:&quot;&quot;,&quot;camera&quot;:&quot;&quot;,&quot;caption&quot;:&quot;&quot;,&quot;created_timestamp&quot;:&quot;0&quot;,&quot;copyright&quot;:&quot;&quot;,&quot;focal_length&quot;:&quot;0&quot;,&quot;iso&quot;:&quot;0&quot;,&quot;shutter_speed&quot;:&quot;0&quot;,&quot;title&quot;:&quot;&quot;,&quot;orientation&quot;:&quot;0&quot;}\" data-image-title=\"bastion-original (1)\" data-image-description=\"\" data-image-caption=\"\" data-large-file=\"https:\/\/blogaudioteka.wpcomstaging.com\/wp-content\/uploads\/bastion-original-1.avif\" src=\"https:\/\/blogaudioteka.wpcomstaging.com\/wp-content\/uploads\/bastion-original-1.avif\" alt=\"\" class=\"wp-image-9203\" srcset=\"https:\/\/blogaudioteka.wpcomstaging.com\/wp-content\/uploads\/bastion-original-1.avif 300w, https:\/\/blogaudioteka.wpcomstaging.com\/wp-content\/uploads\/bastion-original-1-150x150.avif 150w, https:\/\/blogaudioteka.wpcomstaging.com\/wp-content\/uploads\/bastion-original-1-200x200.avif 200w, https:\/\/blogaudioteka.wpcomstaging.com\/wp-content\/uploads\/bastion-original-1-148x148.avif 148w, https:\/\/blogaudioteka.wpcomstaging.com\/wp-content\/uploads\/bastion-original-1-296x296.avif 296w\" sizes=\"auto, (max-width: 300px) 100vw, 300px\" \/><\/figure>\n<\/div>\n\n\n<p class=\"has-text-align-justify wp-block-paragraph\">Je\u015bli lubisz epickie, d\u0142ugie historie, <a href=\"https:\/\/audioteka.com\/pl\/audiobook\/bastion\/\" target=\"_blank\" rel=\"noopener\">&#8222;Bastion&#8221;<\/a> to Twoja jesienna propozycja. To monumentalna saga o&nbsp;walce dobra ze z\u0142em w&nbsp;postapokaliptycznym \u015bwiecie, gdzie ludzko\u015b\u0107 po globalnej pandemii musi dokona\u0107 ostatecznego wyboru. Ta<strong> obszerna powie\u015b\u0107, w&nbsp;kt\u00f3rej rozmach fabularny \u0142\u0105czy si\u0119 z&nbsp;g\u0142\u0119bok\u0105 analiz\u0105 spo\u0142eczn\u0105<\/strong>, wci\u0105gnie Ci\u0119 bez reszty i&nbsp;pozwoli na d\u0142ugie godziny ucieczki od rzeczywisto\u015bci.<\/p>\n\n\n\n<div class=\"wp-block-group is-style-cs-promo\"><div class=\"wp-block-group__inner-container is-layout-constrained wp-block-group-is-layout-constrained\">\n<p class=\"wp-block-paragraph\">\ud83d\udc49<a href=\"https:\/\/audioteka.com\/pl\/blog\/top-10-najciekawsze-audiobooki-postapokaliptyczne-swiat-po-koncu-swiata\" target=\"_blank\" rel=\"noopener\">TOP 10: najciekawsze audiobooki postapokaliptyczne \u2013 \u015bwiat po ko\u0144cu \u015bwiata<\/a><\/p>\n<\/div><\/div>\n\n\n\n<h3 class=\"wp-block-heading\"><span class=\"ez-toc-section\" id=\"3_Lsnienie_%E2%80%93_w_fenomenalnej_superprodukcji_Audioteki\"><\/span>3. L\u015bnienie \u2013 w&nbsp;fenomenalnej superprodukcji Audioteki!<span class=\"ez-toc-section-end\"><\/span><\/h3>\n\n\n<div class=\"wp-block-image\">\n<figure class=\"aligncenter size-full\"><img loading=\"lazy\" decoding=\"async\" width=\"300\" height=\"300\" data-attachment-id=\"9193\" data-permalink=\"https:\/\/blogaudioteka.wpcomstaging.com\/koc-herbata-i-king-wybralismy-13-audiobookow-idealnych-na-jesienne-wieczory-z-mistrzem-horroru\/lsnienie-original-1-2\" data-orig-file=\"https:\/\/blogaudioteka.wpcomstaging.com\/wp-content\/uploads\/lsnienie-original-1.avif\" data-orig-size=\"300,300\" data-comments-opened=\"0\" data-image-meta=\"{&quot;aperture&quot;:&quot;0&quot;,&quot;credit&quot;:&quot;&quot;,&quot;camera&quot;:&quot;&quot;,&quot;caption&quot;:&quot;&quot;,&quot;created_timestamp&quot;:&quot;0&quot;,&quot;copyright&quot;:&quot;&quot;,&quot;focal_length&quot;:&quot;0&quot;,&quot;iso&quot;:&quot;0&quot;,&quot;shutter_speed&quot;:&quot;0&quot;,&quot;title&quot;:&quot;&quot;,&quot;orientation&quot;:&quot;0&quot;}\" data-image-title=\"lsnienie-original (1)\" data-image-description=\"\" data-image-caption=\"\" data-large-file=\"https:\/\/blogaudioteka.wpcomstaging.com\/wp-content\/uploads\/lsnienie-original-1.avif\" src=\"https:\/\/blogaudioteka.wpcomstaging.com\/wp-content\/uploads\/lsnienie-original-1.avif\" alt=\"\" class=\"wp-image-9193\" srcset=\"https:\/\/blogaudioteka.wpcomstaging.com\/wp-content\/uploads\/lsnienie-original-1.avif 300w, https:\/\/blogaudioteka.wpcomstaging.com\/wp-content\/uploads\/lsnienie-original-1-150x150.avif 150w, https:\/\/blogaudioteka.wpcomstaging.com\/wp-content\/uploads\/lsnienie-original-1-200x200.avif 200w, https:\/\/blogaudioteka.wpcomstaging.com\/wp-content\/uploads\/lsnienie-original-1-148x148.avif 148w, https:\/\/blogaudioteka.wpcomstaging.com\/wp-content\/uploads\/lsnienie-original-1-296x296.avif 296w\" sizes=\"auto, (max-width: 300px) 100vw, 300px\" \/><\/figure>\n<\/div>\n\n\n<p class=\"has-text-align-justify wp-block-paragraph\"><strong>Klasyk, kt\u00f3ry musisz us\u0142ysze\u0107! <\/strong><a href=\"https:\/\/audioteka.com\/pl\/audiobook\/lsnienie\/\" target=\"_blank\" rel=\"noopener\">&#8222;L\u015bnienie&#8221;<\/a> to nie tylko jedna z&nbsp;najbardziej znanych powie\u015bci Kinga, ale r\u00f3wnie\u017c wyj\u0105tkowa <a href=\"https:\/\/audioteka.com\/pl\/katalog\/superprodukcje-audioteki\/\" target=\"_blank\" rel=\"noopener\">superprodukcja Audioteki<\/a>, kt\u00f3ra o\u017cywia t\u0119 histori\u0119 w&nbsp;niesamowity spos\u00f3b. D\u017awi\u0119ki, nastrojowa muzyka i&nbsp;gwiazdorska obsada lektor\u00f3w sprawi\u0105, \u017ce poczujesz ka\u017cdy dreszcz i&nbsp;szmer w&nbsp;nawiedzonym hotelu Panorama. To studium szale\u0144stwa i&nbsp;osaczenia, kt\u00f3re idealnie pasuje do ponurej aury jesieni.<\/p>\n\n\n\n<h3 class=\"wp-block-heading\"><span class=\"ez-toc-section\" id=\"4_To\"><\/span>4. To <span class=\"ez-toc-section-end\"><\/span><\/h3>\n\n\n<div class=\"wp-block-image\">\n<figure class=\"aligncenter size-full\"><img loading=\"lazy\" decoding=\"async\" width=\"300\" height=\"300\" data-attachment-id=\"9195\" data-permalink=\"https:\/\/blogaudioteka.wpcomstaging.com\/koc-herbata-i-king-wybralismy-13-audiobookow-idealnych-na-jesienne-wieczory-z-mistrzem-horroru\/to-original-2-2\" data-orig-file=\"https:\/\/blogaudioteka.wpcomstaging.com\/wp-content\/uploads\/to-original-2.avif\" data-orig-size=\"300,300\" data-comments-opened=\"0\" data-image-meta=\"{&quot;aperture&quot;:&quot;0&quot;,&quot;credit&quot;:&quot;&quot;,&quot;camera&quot;:&quot;&quot;,&quot;caption&quot;:&quot;&quot;,&quot;created_timestamp&quot;:&quot;0&quot;,&quot;copyright&quot;:&quot;&quot;,&quot;focal_length&quot;:&quot;0&quot;,&quot;iso&quot;:&quot;0&quot;,&quot;shutter_speed&quot;:&quot;0&quot;,&quot;title&quot;:&quot;&quot;,&quot;orientation&quot;:&quot;0&quot;}\" data-image-title=\"to-original (2)\" data-image-description=\"\" data-image-caption=\"\" data-large-file=\"https:\/\/blogaudioteka.wpcomstaging.com\/wp-content\/uploads\/to-original-2.avif\" src=\"https:\/\/blogaudioteka.wpcomstaging.com\/wp-content\/uploads\/to-original-2.avif\" alt=\"\" class=\"wp-image-9195\" srcset=\"https:\/\/blogaudioteka.wpcomstaging.com\/wp-content\/uploads\/to-original-2.avif 300w, https:\/\/blogaudioteka.wpcomstaging.com\/wp-content\/uploads\/to-original-2-150x150.avif 150w, https:\/\/blogaudioteka.wpcomstaging.com\/wp-content\/uploads\/to-original-2-200x200.avif 200w, https:\/\/blogaudioteka.wpcomstaging.com\/wp-content\/uploads\/to-original-2-148x148.avif 148w, https:\/\/blogaudioteka.wpcomstaging.com\/wp-content\/uploads\/to-original-2-296x296.avif 296w\" sizes=\"auto, (max-width: 300px) 100vw, 300px\" \/><\/figure>\n<\/div>\n\n\n<p class=\"has-text-align-justify wp-block-paragraph\">Gotowi na spotkanie z&nbsp;Pennywise&#8217;em? <a href=\"https:\/\/audioteka.com\/pl\/audiobook\/to\/\" target=\"_blank\" rel=\"noopener\">&#8222;To&#8221;<\/a> to gigantyczna pod wzgl\u0119dem popularno\u015bci i&nbsp;obj\u0119to\u015bci historia, kt\u00f3ra <strong>\u0142\u0105czy w&nbsp;sobie elementy przygodowe z&nbsp;rasowym horrorem<\/strong>. S\u0142uchaj\u0105c jej, do\u015bwiadczysz podr\u00f3\u017cy przez dzieci\u0119ce l\u0119ki i&nbsp;doros\u0142e traumy, \u015bledz\u0105c losy Klubu Frajer\u00f3w. To opowie\u015b\u0107 o&nbsp;dorastaniu, przyja\u017ani i&nbsp;walce ze z\u0142em, kt\u00f3re czai si\u0119 g\u0142\u0119boko w&nbsp;kana\u0142ach miasteczka Derry.<\/p>\n\n\n\n<figure class=\"wp-block-video wp-block-embed is-type-video is-provider-videopress\"><div class=\"wp-block-embed__wrapper\">\n<iframe title=\"VideoPress Video Player\" aria-label='VideoPress Video Player' width='1200' height='675' src='https:\/\/videopress.com\/embed\/jru6Va4b?cover=1&amp;preloadContent=metadata&amp;useAverageColor=1&amp;hd=0' frameborder='0' allowfullscreen data-resize-to-parent=\"true\" allow='clipboard-write'><\/iframe><script src='https:\/\/v0.wordpress.com\/js\/next\/videopress-iframe.js?m=1739540970'><\/script>\n<\/div><\/figure>\n\n\n\n<p class=\"has-text-align-justify wp-block-paragraph\">W 1990 roku powsta\u0142 serial telewizyjny, a&nbsp;na adaptacj\u0119 kinow\u0105 trzeba by\u0142o czeka\u0107 prawie 30 lat. Re\u017cyser Andres Muschietti podzieli\u0142 akcj\u0119 na dwa filmy: pierwszy, z&nbsp;2017 roku, skupi\u0142 si\u0119 na historiach dzieci, a&nbsp;w drugim, z&nbsp;2019 roku, zobaczyli\u015bmy ju\u017c doros\u0142ych bohater\u00f3w w&nbsp;gwiazdorskiej obsadzie, m.in. z&nbsp;Jessic\u0105 Chastain, Jamesem McAvoyem i&nbsp;Billem Skarsg\u00e5rdem w&nbsp;roli Pennywise\u2019a. \u017badna adaptacja jednak nie odda pe\u0142ni tej monumentalnej opowie\u015bci tak, jak Ty sam mo\u017cesz jej do\u015bwiadczy\u0107 \u2013<strong> s\u0142uchaj\u0105c j\u0105, kawa\u0142ek po kawa\u0142ku, od pierwszej do ostatniej minuty.<\/strong><\/p>\n\n\n\n<h3 class=\"wp-block-heading\"><span class=\"ez-toc-section\" id=\"5_Cmetarz_zwiezat\"><\/span>5. Cm\u0119tarz zwie\u017c\u0105t <span class=\"ez-toc-section-end\"><\/span><\/h3>\n\n\n<div class=\"wp-block-image\">\n<figure class=\"aligncenter size-full\"><img loading=\"lazy\" decoding=\"async\" width=\"300\" height=\"300\" data-attachment-id=\"9197\" data-permalink=\"https:\/\/blogaudioteka.wpcomstaging.com\/koc-herbata-i-king-wybralismy-13-audiobookow-idealnych-na-jesienne-wieczory-z-mistrzem-horroru\/cmetarz-zwiezat-original-2\" data-orig-file=\"https:\/\/blogaudioteka.wpcomstaging.com\/wp-content\/uploads\/cmetarz-zwiezat-original-1.avif\" data-orig-size=\"300,300\" data-comments-opened=\"0\" data-image-meta=\"{&quot;aperture&quot;:&quot;0&quot;,&quot;credit&quot;:&quot;&quot;,&quot;camera&quot;:&quot;&quot;,&quot;caption&quot;:&quot;&quot;,&quot;created_timestamp&quot;:&quot;0&quot;,&quot;copyright&quot;:&quot;&quot;,&quot;focal_length&quot;:&quot;0&quot;,&quot;iso&quot;:&quot;0&quot;,&quot;shutter_speed&quot;:&quot;0&quot;,&quot;title&quot;:&quot;&quot;,&quot;orientation&quot;:&quot;0&quot;}\" data-image-title=\"cmetarz-zwiezat-original\" data-image-description=\"\" data-image-caption=\"\" data-large-file=\"https:\/\/blogaudioteka.wpcomstaging.com\/wp-content\/uploads\/cmetarz-zwiezat-original-1.avif\" src=\"https:\/\/blogaudioteka.wpcomstaging.com\/wp-content\/uploads\/cmetarz-zwiezat-original-1.avif\" alt=\"\" class=\"wp-image-9197\" srcset=\"https:\/\/blogaudioteka.wpcomstaging.com\/wp-content\/uploads\/cmetarz-zwiezat-original-1.avif 300w, https:\/\/blogaudioteka.wpcomstaging.com\/wp-content\/uploads\/cmetarz-zwiezat-original-1-150x150.avif 150w, https:\/\/blogaudioteka.wpcomstaging.com\/wp-content\/uploads\/cmetarz-zwiezat-original-1-200x200.avif 200w, https:\/\/blogaudioteka.wpcomstaging.com\/wp-content\/uploads\/cmetarz-zwiezat-original-1-148x148.avif 148w, https:\/\/blogaudioteka.wpcomstaging.com\/wp-content\/uploads\/cmetarz-zwiezat-original-1-296x296.avif 296w\" sizes=\"auto, (max-width: 300px) 100vw, 300px\" \/><\/figure>\n<\/div>\n\n\n<p class=\"has-text-align-justify wp-block-paragraph\">Ta mroczna opowie\u015b\u0107 o&nbsp;przekraczaniu progu \u015bmierci to King w&nbsp;najbardziej egzystencjalnym wydaniu. Czy mi\u0142o\u015b\u0107 rodzicielska ma swoje granice? Czy pragnienie cofni\u0119cia nieodwracalnego nie doprowadzi do katastrofy? Audiobook <a href=\"https:\/\/audioteka.com\/pl\/audiobook\/cmetarz-zwiezat\/\" target=\"_blank\" rel=\"noopener\">&#8222;Cm\u0119tarz zwie\u017c\u0105t&#8221;<\/a> to g\u0142\u0119boka i&nbsp;przera\u017caj\u0105ca refleksja nad \u017ca\u0142ob\u0105 i&nbsp;tym, co dzieje si\u0119, gdy pr\u00f3bujemy oszuka\u0107 natur\u0119.<\/p>\n\n\n\n<figure class=\"wp-block-image size-full\"><a href=\"https:\/\/klub.audioteka.com\/\" target=\"_blank\" rel=\"noopener\"><img data-recalc-dims=\"1\" loading=\"lazy\" decoding=\"async\" width=\"768\" height=\"216\" data-attachment-id=\"9030\" data-permalink=\"https:\/\/blogaudioteka.wpcomstaging.com\/nowosci-tygodnia-w-audiotece-top-15-22-09-28-09\/ak_1-1\" data-orig-file=\"https:\/\/i0.wp.com\/blogaudioteka.wpcomstaging.com\/wp-content\/uploads\/ak_1-1.png?fit=768%2C216&amp;ssl=1\" data-orig-size=\"768,216\" data-comments-opened=\"0\" data-image-meta=\"{&quot;aperture&quot;:&quot;0&quot;,&quot;credit&quot;:&quot;&quot;,&quot;camera&quot;:&quot;&quot;,&quot;caption&quot;:&quot;&quot;,&quot;created_timestamp&quot;:&quot;0&quot;,&quot;copyright&quot;:&quot;&quot;,&quot;focal_length&quot;:&quot;0&quot;,&quot;iso&quot;:&quot;0&quot;,&quot;shutter_speed&quot;:&quot;0&quot;,&quot;title&quot;:&quot;&quot;,&quot;orientation&quot;:&quot;0&quot;}\" data-image-title=\"ak_1 (1)\" data-image-description=\"\" data-image-caption=\"\" data-large-file=\"https:\/\/i0.wp.com\/blogaudioteka.wpcomstaging.com\/wp-content\/uploads\/ak_1-1.png?fit=768%2C216&amp;ssl=1\" src=\"https:\/\/i0.wp.com\/blogaudioteka.wpcomstaging.com\/wp-content\/uploads\/ak_1-1.png?resize=768%2C216&#038;ssl=1\" alt=\"\" class=\"wp-image-9030\" srcset=\"https:\/\/i0.wp.com\/blogaudioteka.wpcomstaging.com\/wp-content\/uploads\/ak_1-1.png?w=768&amp;ssl=1 768w, https:\/\/i0.wp.com\/blogaudioteka.wpcomstaging.com\/wp-content\/uploads\/ak_1-1.png?resize=300%2C84&amp;ssl=1 300w, https:\/\/i0.wp.com\/blogaudioteka.wpcomstaging.com\/wp-content\/uploads\/ak_1-1.png?resize=512%2C144&amp;ssl=1 512w\" sizes=\"auto, (max-width: 768px) 100vw, 768px\" \/><\/a><\/figure>\n\n\n\n<h3 class=\"wp-block-heading\"><span class=\"ez-toc-section\" id=\"6_Misery\"><\/span>6. Misery<span class=\"ez-toc-section-end\"><\/span><\/h3>\n\n\n<div class=\"wp-block-image\">\n<figure class=\"aligncenter size-full\"><img loading=\"lazy\" decoding=\"async\" width=\"300\" height=\"300\" data-attachment-id=\"9200\" data-permalink=\"https:\/\/blogaudioteka.wpcomstaging.com\/koc-herbata-i-king-wybralismy-13-audiobookow-idealnych-na-jesienne-wieczory-z-mistrzem-horroru\/misery-original-2\" data-orig-file=\"https:\/\/blogaudioteka.wpcomstaging.com\/wp-content\/uploads\/misery-original-1.avif\" data-orig-size=\"300,300\" data-comments-opened=\"0\" data-image-meta=\"{&quot;aperture&quot;:&quot;0&quot;,&quot;credit&quot;:&quot;&quot;,&quot;camera&quot;:&quot;&quot;,&quot;caption&quot;:&quot;&quot;,&quot;created_timestamp&quot;:&quot;0&quot;,&quot;copyright&quot;:&quot;&quot;,&quot;focal_length&quot;:&quot;0&quot;,&quot;iso&quot;:&quot;0&quot;,&quot;shutter_speed&quot;:&quot;0&quot;,&quot;title&quot;:&quot;&quot;,&quot;orientation&quot;:&quot;0&quot;}\" data-image-title=\"misery-original\" data-image-description=\"\" data-image-caption=\"\" data-large-file=\"https:\/\/blogaudioteka.wpcomstaging.com\/wp-content\/uploads\/misery-original-1.avif\" src=\"https:\/\/blogaudioteka.wpcomstaging.com\/wp-content\/uploads\/misery-original-1.avif\" alt=\"\" class=\"wp-image-9200\" srcset=\"https:\/\/blogaudioteka.wpcomstaging.com\/wp-content\/uploads\/misery-original-1.avif 300w, https:\/\/blogaudioteka.wpcomstaging.com\/wp-content\/uploads\/misery-original-1-150x150.avif 150w, https:\/\/blogaudioteka.wpcomstaging.com\/wp-content\/uploads\/misery-original-1-200x200.avif 200w, https:\/\/blogaudioteka.wpcomstaging.com\/wp-content\/uploads\/misery-original-1-148x148.avif 148w, https:\/\/blogaudioteka.wpcomstaging.com\/wp-content\/uploads\/misery-original-1-296x296.avif 296w\" sizes=\"auto, (max-width: 300px) 100vw, 300px\" \/><\/figure>\n<\/div>\n\n\n<p class=\"has-text-align-justify wp-block-paragraph\"><a href=\"https:\/\/audioteka.com\/pl\/katalog\/thriller\/\" target=\"_blank\" rel=\"noopener\">Thriller<\/a> psychologiczny, kt\u00f3ry wci\u015bnie Ci\u0119 w&nbsp;fotel! W&nbsp;<a href=\"https:\/\/audioteka.com\/pl\/audiobook\/misery\/\" target=\"_blank\" rel=\"noopener\">&#8222;Misery&#8221;<\/a> nie znajdziesz zjawisk nadprzyrodzonych, ale za to spotkasz prawdziwego potwora \u2013 Annie Wilkes. Ta kameralna, ale intensywna historia o&nbsp;obsesji i&nbsp;uwi\u0119zieniu, z&nbsp;mistrzowsko zbudowanym napi\u0119ciem, to doskona\u0142a propozycja dla mi\u0142o\u015bnik\u00f3w mrocznych dreszczowc\u00f3w.<\/p>\n\n\n\n<h3 class=\"wp-block-heading\"><span class=\"ez-toc-section\" id=\"7_Miasteczko_Salem\"><\/span>7. Miasteczko Salem <span class=\"ez-toc-section-end\"><\/span><\/h3>\n\n\n<div class=\"wp-block-image\">\n<figure class=\"aligncenter size-full\"><img loading=\"lazy\" decoding=\"async\" width=\"300\" height=\"300\" data-attachment-id=\"9206\" data-permalink=\"https:\/\/blogaudioteka.wpcomstaging.com\/koc-herbata-i-king-wybralismy-13-audiobookow-idealnych-na-jesienne-wieczory-z-mistrzem-horroru\/miasteczko-salem-original-2\" data-orig-file=\"https:\/\/blogaudioteka.wpcomstaging.com\/wp-content\/uploads\/miasteczko-salem-original-1.avif\" data-orig-size=\"300,300\" data-comments-opened=\"0\" data-image-meta=\"{&quot;aperture&quot;:&quot;0&quot;,&quot;credit&quot;:&quot;&quot;,&quot;camera&quot;:&quot;&quot;,&quot;caption&quot;:&quot;&quot;,&quot;created_timestamp&quot;:&quot;0&quot;,&quot;copyright&quot;:&quot;&quot;,&quot;focal_length&quot;:&quot;0&quot;,&quot;iso&quot;:&quot;0&quot;,&quot;shutter_speed&quot;:&quot;0&quot;,&quot;title&quot;:&quot;&quot;,&quot;orientation&quot;:&quot;0&quot;}\" data-image-title=\"miasteczko-salem-original\" data-image-description=\"\" data-image-caption=\"\" data-large-file=\"https:\/\/blogaudioteka.wpcomstaging.com\/wp-content\/uploads\/miasteczko-salem-original-1.avif\" src=\"https:\/\/blogaudioteka.wpcomstaging.com\/wp-content\/uploads\/miasteczko-salem-original-1.avif\" alt=\"\" class=\"wp-image-9206\" srcset=\"https:\/\/blogaudioteka.wpcomstaging.com\/wp-content\/uploads\/miasteczko-salem-original-1.avif 300w, https:\/\/blogaudioteka.wpcomstaging.com\/wp-content\/uploads\/miasteczko-salem-original-1-150x150.avif 150w, https:\/\/blogaudioteka.wpcomstaging.com\/wp-content\/uploads\/miasteczko-salem-original-1-200x200.avif 200w, https:\/\/blogaudioteka.wpcomstaging.com\/wp-content\/uploads\/miasteczko-salem-original-1-148x148.avif 148w, https:\/\/blogaudioteka.wpcomstaging.com\/wp-content\/uploads\/miasteczko-salem-original-1-296x296.avif 296w\" sizes=\"auto, (max-width: 300px) 100vw, 300px\" \/><\/figure>\n<\/div>\n\n\n<p class=\"wp-block-paragraph\">Klasyczny <a href=\"https:\/\/audioteka.com\/pl\/audiobook\/lsnienie\/\" target=\"_blank\" rel=\"noopener\">horror<\/a> o&nbsp;wampirach w&nbsp;sennym, ameryka\u0144skim miasteczku. <a href=\"https:\/\/audioteka.com\/pl\/audiobook\/miasteczko-salem\/\" target=\"_blank\" rel=\"noopener\">&#8222;Miasteczko Salem&#8221;<\/a> to ho\u0142d dla klasyki gatunku, okraszony Kingowskimi obserwacjami spo\u0142ecznymi. Wys\u0142uchaj, jak Ben Mears wraca do Salem, by odkry\u0107 mroczne sekrety, kt\u00f3re skrywa jego rodzinne strony. Idealne, gdy szukasz powolnego, narastaj\u0105cego niepokoju.<\/p>\n\n\n\n<h3 class=\"wp-block-heading\"><span class=\"ez-toc-section\" id=\"8_Nie_wymiekaj\"><\/span>8. Nie wymi\u0119kaj<span class=\"ez-toc-section-end\"><\/span><\/h3>\n\n\n<div class=\"wp-block-image\">\n<figure class=\"aligncenter size-full\"><img loading=\"lazy\" decoding=\"async\" width=\"300\" height=\"300\" data-attachment-id=\"9208\" data-permalink=\"https:\/\/blogaudioteka.wpcomstaging.com\/koc-herbata-i-king-wybralismy-13-audiobookow-idealnych-na-jesienne-wieczory-z-mistrzem-horroru\/nie-wymiekaj-1\" data-orig-file=\"https:\/\/blogaudioteka.wpcomstaging.com\/wp-content\/uploads\/nie-wymiekaj-1.avif\" data-orig-size=\"300,300\" data-comments-opened=\"0\" data-image-meta=\"{&quot;aperture&quot;:&quot;0&quot;,&quot;credit&quot;:&quot;&quot;,&quot;camera&quot;:&quot;&quot;,&quot;caption&quot;:&quot;&quot;,&quot;created_timestamp&quot;:&quot;0&quot;,&quot;copyright&quot;:&quot;&quot;,&quot;focal_length&quot;:&quot;0&quot;,&quot;iso&quot;:&quot;0&quot;,&quot;shutter_speed&quot;:&quot;0&quot;,&quot;title&quot;:&quot;&quot;,&quot;orientation&quot;:&quot;0&quot;}\" data-image-title=\"nie-wymiekaj (1)\" data-image-description=\"\" data-image-caption=\"\" data-large-file=\"https:\/\/blogaudioteka.wpcomstaging.com\/wp-content\/uploads\/nie-wymiekaj-1.avif\" src=\"https:\/\/blogaudioteka.wpcomstaging.com\/wp-content\/uploads\/nie-wymiekaj-1.avif\" alt=\"\" class=\"wp-image-9208\" srcset=\"https:\/\/blogaudioteka.wpcomstaging.com\/wp-content\/uploads\/nie-wymiekaj-1.avif 300w, https:\/\/blogaudioteka.wpcomstaging.com\/wp-content\/uploads\/nie-wymiekaj-1-150x150.avif 150w, https:\/\/blogaudioteka.wpcomstaging.com\/wp-content\/uploads\/nie-wymiekaj-1-200x200.avif 200w, https:\/\/blogaudioteka.wpcomstaging.com\/wp-content\/uploads\/nie-wymiekaj-1-148x148.avif 148w, https:\/\/blogaudioteka.wpcomstaging.com\/wp-content\/uploads\/nie-wymiekaj-1-296x296.avif 296w\" sizes=\"auto, (max-width: 300px) 100vw, 300px\" \/><\/figure>\n<\/div>\n\n\n<p class=\"has-text-align-justify wp-block-paragraph\">27 maja 2025 roku mia\u0142a premier\u0119<strong> najnowsza ksi\u0105\u017cka Stephena Kinga <a href=\"https:\/\/audioteka.com\/pl\/audiobook\/nie-wymiekaj\/\" target=\"_blank\" rel=\"noopener\">&#8222;Nie wymi\u0119kaj&#8221;<\/a>. To tytu\u0142, kt\u00f3ry udowadnia wszechstronno\u015b\u0107 autora, tym razem skupiaj\u0105c si\u0119 na wci\u0105gaj\u0105cej zagadce kryminalnej.<\/strong> G\u0142\u00f3wn\u0105 bohaterk\u0105 jest <a href=\"https:\/\/audioteka.com\/pl\/cykl\/holly-gibney\/\" target=\"_blank\" rel=\"noopener\">Holly Gibney<\/a>, posta\u0107 doskonale znana fanom z&nbsp;wcze\u015bniejszych powie\u015bci, takich jak <a href=\"https:\/\/audioteka.com\/pl\/audiobook\/pan-mercedes-audioteka\/\" target=\"_blank\" rel=\"noopener\">&#8222;Pan Mercedes&#8221;<\/a> czy <a href=\"https:\/\/audioteka.com\/pl\/audiobook\/outsider\/\" target=\"_blank\" rel=\"noopener\">&#8222;Outsider&#8221;<\/a>. <\/p>\n\n\n<div class=\"wp-block-image\">\n<figure class=\"aligncenter size-full\"><img loading=\"lazy\" decoding=\"async\" width=\"300\" height=\"300\" data-attachment-id=\"9210\" data-permalink=\"https:\/\/blogaudioteka.wpcomstaging.com\/koc-herbata-i-king-wybralismy-13-audiobookow-idealnych-na-jesienne-wieczory-z-mistrzem-horroru\/outsider-original\" data-orig-file=\"https:\/\/blogaudioteka.wpcomstaging.com\/wp-content\/uploads\/outsider-original.avif\" data-orig-size=\"300,300\" data-comments-opened=\"0\" data-image-meta=\"{&quot;aperture&quot;:&quot;0&quot;,&quot;credit&quot;:&quot;&quot;,&quot;camera&quot;:&quot;&quot;,&quot;caption&quot;:&quot;&quot;,&quot;created_timestamp&quot;:&quot;0&quot;,&quot;copyright&quot;:&quot;&quot;,&quot;focal_length&quot;:&quot;0&quot;,&quot;iso&quot;:&quot;0&quot;,&quot;shutter_speed&quot;:&quot;0&quot;,&quot;title&quot;:&quot;&quot;,&quot;orientation&quot;:&quot;0&quot;}\" data-image-title=\"outsider-original\" data-image-description=\"\" data-image-caption=\"\" data-large-file=\"https:\/\/blogaudioteka.wpcomstaging.com\/wp-content\/uploads\/outsider-original.avif\" src=\"https:\/\/blogaudioteka.wpcomstaging.com\/wp-content\/uploads\/outsider-original.avif\" alt=\"\" class=\"wp-image-9210\" srcset=\"https:\/\/blogaudioteka.wpcomstaging.com\/wp-content\/uploads\/outsider-original.avif 300w, https:\/\/blogaudioteka.wpcomstaging.com\/wp-content\/uploads\/outsider-original-150x150.avif 150w, https:\/\/blogaudioteka.wpcomstaging.com\/wp-content\/uploads\/outsider-original-200x200.avif 200w, https:\/\/blogaudioteka.wpcomstaging.com\/wp-content\/uploads\/outsider-original-148x148.avif 148w, https:\/\/blogaudioteka.wpcomstaging.com\/wp-content\/uploads\/outsider-original-296x296.avif 296w\" sizes=\"auto, (max-width: 300px) 100vw, 300px\" \/><\/figure>\n<\/div>\n\n\n<p class=\"has-text-align-justify wp-block-paragraph\">Holly Gibney mierzy si\u0119 z&nbsp;mrocznym, anonimowym listem zapowiadaj\u0105cym czterna\u015bcie zab\u00f3jstw w&nbsp;miasteczku Buckeye. Do tego dochodzi ochrona kontrowersyjnej polityczki. To wielow\u0105tkowa historia, \u0142\u0105cz\u0105ca <a href=\"https:\/\/audioteka.com\/pl\/katalog\/kryminaly\/\" target=\"_blank\" rel=\"noopener\">krymina\u0142<\/a> z&nbsp;elementami grozy, a&nbsp;wszystko to wie\u0144czy spektakularny fina\u0142. S\u0142uchajcie &#8222;Nie wymi\u0119kaj&#8221; i&nbsp;przekonajcie si\u0119 sami, czy to godny nast\u0119pca w&nbsp;dorobku mistrza!<\/p>\n\n\n\n<h3 class=\"wp-block-heading\"><span class=\"ez-toc-section\" id=\"9_Reka_mistrza\"><\/span>9. R\u0119ka mistrza <span class=\"ez-toc-section-end\"><\/span><\/h3>\n\n\n<div class=\"wp-block-image\">\n<figure class=\"aligncenter size-full\"><img loading=\"lazy\" decoding=\"async\" width=\"300\" height=\"300\" data-attachment-id=\"9212\" data-permalink=\"https:\/\/blogaudioteka.wpcomstaging.com\/koc-herbata-i-king-wybralismy-13-audiobookow-idealnych-na-jesienne-wieczory-z-mistrzem-horroru\/reka-mistrza-original-2\" data-orig-file=\"https:\/\/blogaudioteka.wpcomstaging.com\/wp-content\/uploads\/reka-mistrza-original-1.avif\" data-orig-size=\"300,300\" data-comments-opened=\"0\" data-image-meta=\"{&quot;aperture&quot;:&quot;0&quot;,&quot;credit&quot;:&quot;&quot;,&quot;camera&quot;:&quot;&quot;,&quot;caption&quot;:&quot;&quot;,&quot;created_timestamp&quot;:&quot;0&quot;,&quot;copyright&quot;:&quot;&quot;,&quot;focal_length&quot;:&quot;0&quot;,&quot;iso&quot;:&quot;0&quot;,&quot;shutter_speed&quot;:&quot;0&quot;,&quot;title&quot;:&quot;&quot;,&quot;orientation&quot;:&quot;0&quot;}\" data-image-title=\"reka-mistrza-original\" data-image-description=\"\" data-image-caption=\"\" data-large-file=\"https:\/\/blogaudioteka.wpcomstaging.com\/wp-content\/uploads\/reka-mistrza-original-1.avif\" src=\"https:\/\/blogaudioteka.wpcomstaging.com\/wp-content\/uploads\/reka-mistrza-original-1.avif\" alt=\"\" class=\"wp-image-9212\" srcset=\"https:\/\/blogaudioteka.wpcomstaging.com\/wp-content\/uploads\/reka-mistrza-original-1.avif 300w, https:\/\/blogaudioteka.wpcomstaging.com\/wp-content\/uploads\/reka-mistrza-original-1-150x150.avif 150w, https:\/\/blogaudioteka.wpcomstaging.com\/wp-content\/uploads\/reka-mistrza-original-1-200x200.avif 200w, https:\/\/blogaudioteka.wpcomstaging.com\/wp-content\/uploads\/reka-mistrza-original-1-148x148.avif 148w, https:\/\/blogaudioteka.wpcomstaging.com\/wp-content\/uploads\/reka-mistrza-original-1-296x296.avif 296w\" sizes=\"auto, (max-width: 300px) 100vw, 300px\" \/><\/figure>\n<\/div>\n\n\n<p class=\"has-text-align-justify wp-block-paragraph\">Dla tych, kt\u00f3rzy ceni\u0105 Kinga za jego melancholijn\u0105 i&nbsp;refleksyjn\u0105 stron\u0119. <a href=\"https:\/\/audioteka.com\/pl\/audiobook\/reka-mistrza\/\" target=\"_blank\" rel=\"noopener\">&#8222;R\u0119ka mistrza&#8221;<\/a> to nastrojowy thriller o&nbsp;stracie, obsesji i&nbsp;nadprzyrodzonej mocy sztuki. Historia Edgara Freemantle&#8217;a, kt\u00f3ry odnajduje ukojenie i&nbsp;dziwne zdolno\u015bci na wyspie Duma Key, to dow\u00f3d na wszechstronno\u015b\u0107 mistrza.<\/p>\n\n\n\n<h3 class=\"wp-block-heading\"><span class=\"ez-toc-section\" id=\"10_Cykl_%E2%80%9EMroczna_Wieza%E2%80%9D\"><\/span>10. Cykl \u201eMroczna Wie\u017ca\u201d <span class=\"ez-toc-section-end\"><\/span><\/h3>\n\n\n<div class=\"wp-block-image\">\n<figure class=\"aligncenter size-full\"><img loading=\"lazy\" decoding=\"async\" width=\"300\" height=\"300\" data-attachment-id=\"9213\" data-permalink=\"https:\/\/blogaudioteka.wpcomstaging.com\/koc-herbata-i-king-wybralismy-13-audiobookow-idealnych-na-jesienne-wieczory-z-mistrzem-horroru\/mroczna-wieza-tom-1-roland-original\" data-orig-file=\"https:\/\/blogaudioteka.wpcomstaging.com\/wp-content\/uploads\/mroczna-wieza-tom-1-roland-original.avif\" data-orig-size=\"300,300\" data-comments-opened=\"0\" data-image-meta=\"{&quot;aperture&quot;:&quot;0&quot;,&quot;credit&quot;:&quot;&quot;,&quot;camera&quot;:&quot;&quot;,&quot;caption&quot;:&quot;&quot;,&quot;created_timestamp&quot;:&quot;0&quot;,&quot;copyright&quot;:&quot;&quot;,&quot;focal_length&quot;:&quot;0&quot;,&quot;iso&quot;:&quot;0&quot;,&quot;shutter_speed&quot;:&quot;0&quot;,&quot;title&quot;:&quot;&quot;,&quot;orientation&quot;:&quot;0&quot;}\" data-image-title=\"mroczna-wieza-tom-1-roland-original\" data-image-description=\"\" data-image-caption=\"\" data-large-file=\"https:\/\/blogaudioteka.wpcomstaging.com\/wp-content\/uploads\/mroczna-wieza-tom-1-roland-original.avif\" src=\"https:\/\/blogaudioteka.wpcomstaging.com\/wp-content\/uploads\/mroczna-wieza-tom-1-roland-original.avif\" alt=\"\" class=\"wp-image-9213\" srcset=\"https:\/\/blogaudioteka.wpcomstaging.com\/wp-content\/uploads\/mroczna-wieza-tom-1-roland-original.avif 300w, https:\/\/blogaudioteka.wpcomstaging.com\/wp-content\/uploads\/mroczna-wieza-tom-1-roland-original-150x150.avif 150w, https:\/\/blogaudioteka.wpcomstaging.com\/wp-content\/uploads\/mroczna-wieza-tom-1-roland-original-200x200.avif 200w, https:\/\/blogaudioteka.wpcomstaging.com\/wp-content\/uploads\/mroczna-wieza-tom-1-roland-original-148x148.avif 148w, https:\/\/blogaudioteka.wpcomstaging.com\/wp-content\/uploads\/mroczna-wieza-tom-1-roland-original-296x296.avif 296w\" sizes=\"auto, (max-width: 300px) 100vw, 300px\" \/><\/figure>\n<\/div>\n\n\n<p class=\"has-text-align-justify wp-block-paragraph\">Je\u015bli szukasz literackiej podr\u00f3\u017cy na d\u0142ugie jesienne wieczory, <a href=\"https:\/\/audioteka.com\/pl\/cykl\/mroczna-wieza\/\" target=\"_blank\" rel=\"noopener\">cykl &#8222;Mroczna Wie\u017ca&#8221;<\/a> to opus magnum Stephena Kinga. To epicki cykl, \u0142\u0105cz\u0105cy western z&nbsp;fantasy, <a href=\"https:\/\/audioteka.com\/pl\/katalog\/science-fiction-n\/\" target=\"_blank\" rel=\"noopener\">science fiction<\/a> i&nbsp;horrorem, kt\u00f3ry zabierze Ci\u0119 w&nbsp;podr\u00f3\u017c przez multiwersum z&nbsp;Rolandem Deschainem, ostatnim rewolwerowcem. Daj si\u0119 porwa\u0107 tej niezwyk\u0142ej sadze!<\/p>\n\n\n\n<h3 class=\"wp-block-heading\"><span class=\"ez-toc-section\" id=\"11_Dallas_63\"><\/span>11. Dallas 63<span class=\"ez-toc-section-end\"><\/span><\/h3>\n\n\n<div class=\"wp-block-image\">\n<figure class=\"aligncenter size-full\"><img loading=\"lazy\" decoding=\"async\" width=\"300\" height=\"300\" data-attachment-id=\"9190\" data-permalink=\"https:\/\/blogaudioteka.wpcomstaging.com\/koc-herbata-i-king-wybralismy-13-audiobookow-idealnych-na-jesienne-wieczory-z-mistrzem-horroru\/dallas-63-original-1\" data-orig-file=\"https:\/\/blogaudioteka.wpcomstaging.com\/wp-content\/uploads\/dallas-63-original-1-1.avif\" data-orig-size=\"300,300\" data-comments-opened=\"0\" data-image-meta=\"{&quot;aperture&quot;:&quot;0&quot;,&quot;credit&quot;:&quot;&quot;,&quot;camera&quot;:&quot;&quot;,&quot;caption&quot;:&quot;&quot;,&quot;created_timestamp&quot;:&quot;0&quot;,&quot;copyright&quot;:&quot;&quot;,&quot;focal_length&quot;:&quot;0&quot;,&quot;iso&quot;:&quot;0&quot;,&quot;shutter_speed&quot;:&quot;0&quot;,&quot;title&quot;:&quot;&quot;,&quot;orientation&quot;:&quot;0&quot;}\" data-image-title=\"dallas-63-original (1)\" data-image-description=\"\" data-image-caption=\"\" data-large-file=\"https:\/\/blogaudioteka.wpcomstaging.com\/wp-content\/uploads\/dallas-63-original-1-1.avif\" src=\"https:\/\/blogaudioteka.wpcomstaging.com\/wp-content\/uploads\/dallas-63-original-1-1.avif\" alt=\"\" class=\"wp-image-9190\" srcset=\"https:\/\/blogaudioteka.wpcomstaging.com\/wp-content\/uploads\/dallas-63-original-1-1.avif 300w, https:\/\/blogaudioteka.wpcomstaging.com\/wp-content\/uploads\/dallas-63-original-1-1-150x150.avif 150w, https:\/\/blogaudioteka.wpcomstaging.com\/wp-content\/uploads\/dallas-63-original-1-1-200x200.avif 200w, https:\/\/blogaudioteka.wpcomstaging.com\/wp-content\/uploads\/dallas-63-original-1-1-148x148.avif 148w, https:\/\/blogaudioteka.wpcomstaging.com\/wp-content\/uploads\/dallas-63-original-1-1-296x296.avif 296w\" sizes=\"auto, (max-width: 300px) 100vw, 300px\" \/><\/figure>\n<\/div>\n\n\n<p class=\"has-text-align-justify wp-block-paragraph\">King udowadnia, \u017ce nie ogranicza si\u0119 wy\u0142\u0105cznie do horror\u00f3w! <a href=\"http:\/\/King udowadnia, \u017ce nie ogranicza si\u0119 wy\u0142\u0105cznie do horror\u00f3w! &quot;Dallas &#039;63&quot; to porywaj\u0105ca mieszanka powie\u015bci obyczajowej z&nbsp;fantastyk\u0105, kt\u00f3ra przeniesie Ci\u0119 w&nbsp;czasie do Ameryki lat 60. Wys\u0142uchaj historii Jake&#039;a Eppinga, kt\u00f3ry otrzymuje szalon\u0105 misj\u0119 powstrzymania zamachu na prezydenta Kennedy\u2019ego. To fascynuj\u0105ca refleksja nad histori\u0105, zmian\u0105 i&nbsp;pytaniem &quot;co by by\u0142o, gdyby\u2026&quot;.\">&#8222;Dallas &#8217;63&#8221;<\/a> to porywaj\u0105ca mieszanka powie\u015bci obyczajowej z&nbsp;<a href=\"https:\/\/audioteka.com\/pl\/katalog\/fantastyka\/\" target=\"_blank\" rel=\"noopener\">fantastyk\u0105<\/a>, kt\u00f3ra przeniesie Ci\u0119 w&nbsp;czasie do Ameryki lat 60. Wys\u0142uchaj historii Jake&#8217;a Eppinga, kt\u00f3ry otrzymuje szalon\u0105 misj\u0119 powstrzymania zamachu na prezydenta Kennedy\u2019ego. To fascynuj\u0105ca refleksja nad histori\u0105, zmian\u0105 i&nbsp;pytaniem &#8222;co by by\u0142o, gdyby\u2026&#8221;.<\/p>\n\n\n\n<h3 class=\"wp-block-heading\"><span class=\"ez-toc-section\" id=\"12_Im_mroczniej_tym_lepiej\"><\/span>12. Im mroczniej, tym lepiej<span class=\"ez-toc-section-end\"><\/span><\/h3>\n\n\n<div class=\"wp-block-image\">\n<figure class=\"aligncenter size-full\"><img loading=\"lazy\" decoding=\"async\" width=\"300\" height=\"300\" data-attachment-id=\"9214\" data-permalink=\"https:\/\/blogaudioteka.wpcomstaging.com\/koc-herbata-i-king-wybralismy-13-audiobookow-idealnych-na-jesienne-wieczory-z-mistrzem-horroru\/im-mroczniej-tym-lepiej-original\" data-orig-file=\"https:\/\/blogaudioteka.wpcomstaging.com\/wp-content\/uploads\/im-mroczniej-tym-lepiej-original.avif\" data-orig-size=\"300,300\" data-comments-opened=\"0\" data-image-meta=\"{&quot;aperture&quot;:&quot;0&quot;,&quot;credit&quot;:&quot;&quot;,&quot;camera&quot;:&quot;&quot;,&quot;caption&quot;:&quot;&quot;,&quot;created_timestamp&quot;:&quot;0&quot;,&quot;copyright&quot;:&quot;&quot;,&quot;focal_length&quot;:&quot;0&quot;,&quot;iso&quot;:&quot;0&quot;,&quot;shutter_speed&quot;:&quot;0&quot;,&quot;title&quot;:&quot;&quot;,&quot;orientation&quot;:&quot;0&quot;}\" data-image-title=\"im-mroczniej-tym-lepiej-original\" data-image-description=\"\" data-image-caption=\"\" data-large-file=\"https:\/\/blogaudioteka.wpcomstaging.com\/wp-content\/uploads\/im-mroczniej-tym-lepiej-original.avif\" src=\"https:\/\/blogaudioteka.wpcomstaging.com\/wp-content\/uploads\/im-mroczniej-tym-lepiej-original.avif\" alt=\"\" class=\"wp-image-9214\" srcset=\"https:\/\/blogaudioteka.wpcomstaging.com\/wp-content\/uploads\/im-mroczniej-tym-lepiej-original.avif 300w, https:\/\/blogaudioteka.wpcomstaging.com\/wp-content\/uploads\/im-mroczniej-tym-lepiej-original-150x150.avif 150w, https:\/\/blogaudioteka.wpcomstaging.com\/wp-content\/uploads\/im-mroczniej-tym-lepiej-original-200x200.avif 200w, https:\/\/blogaudioteka.wpcomstaging.com\/wp-content\/uploads\/im-mroczniej-tym-lepiej-original-148x148.avif 148w, https:\/\/blogaudioteka.wpcomstaging.com\/wp-content\/uploads\/im-mroczniej-tym-lepiej-original-296x296.avif 296w\" sizes=\"auto, (max-width: 300px) 100vw, 300px\" \/><\/figure>\n<\/div>\n\n\n<p class=\"has-text-align-justify wp-block-paragraph\"><a href=\"https:\/\/audioteka.com\/pl\/audiobook\/im-mroczniej-tym-lepiej\/\" target=\"_blank\" rel=\"noopener\">&#8222;Im mroczniej, tym lepiej&#8221;<\/a> to zbi\u00f3r opowiada\u0144, wydany w&nbsp;maju 2024, to idealna propozycja dla tych, kt\u00f3rzy chc\u0105 w&nbsp;pigu\u0142ce pozna\u0107 szeroki wachlarz umiej\u0119tno\u015bci Kinga. Od kr\u00f3tkich nowel po minipowie\u015bci, autor udowadnia, \u017ce nadal potrafi budowa\u0107 napi\u0119cie i&nbsp;zaskakiwa\u0107, niezale\u017cnie od formy. Us\u0142ysz, jak Kr\u00f3l Grozy nadal dzier\u017cy swoje ber\u0142o!<\/p>\n\n\n\n<h3 class=\"wp-block-heading\"><span class=\"ez-toc-section\" id=\"13_Wielki_marsz\"><\/span>13. Wielki marsz <span class=\"ez-toc-section-end\"><\/span><\/h3>\n\n\n<div class=\"wp-block-image\">\n<figure class=\"aligncenter size-full\"><img loading=\"lazy\" decoding=\"async\" width=\"300\" height=\"300\" data-attachment-id=\"9216\" data-permalink=\"https:\/\/blogaudioteka.wpcomstaging.com\/koc-herbata-i-king-wybralismy-13-audiobookow-idealnych-na-jesienne-wieczory-z-mistrzem-horroru\/wielki-marsz-original\" data-orig-file=\"https:\/\/blogaudioteka.wpcomstaging.com\/wp-content\/uploads\/wielki-marsz-original.avif\" data-orig-size=\"300,300\" data-comments-opened=\"0\" data-image-meta=\"{&quot;aperture&quot;:&quot;0&quot;,&quot;credit&quot;:&quot;&quot;,&quot;camera&quot;:&quot;&quot;,&quot;caption&quot;:&quot;&quot;,&quot;created_timestamp&quot;:&quot;0&quot;,&quot;copyright&quot;:&quot;&quot;,&quot;focal_length&quot;:&quot;0&quot;,&quot;iso&quot;:&quot;0&quot;,&quot;shutter_speed&quot;:&quot;0&quot;,&quot;title&quot;:&quot;&quot;,&quot;orientation&quot;:&quot;0&quot;}\" data-image-title=\"wielki-marsz-original\" data-image-description=\"\" data-image-caption=\"\" data-large-file=\"https:\/\/blogaudioteka.wpcomstaging.com\/wp-content\/uploads\/wielki-marsz-original.avif\" src=\"https:\/\/blogaudioteka.wpcomstaging.com\/wp-content\/uploads\/wielki-marsz-original.avif\" alt=\"\" class=\"wp-image-9216\" srcset=\"https:\/\/blogaudioteka.wpcomstaging.com\/wp-content\/uploads\/wielki-marsz-original.avif 300w, https:\/\/blogaudioteka.wpcomstaging.com\/wp-content\/uploads\/wielki-marsz-original-150x150.avif 150w, https:\/\/blogaudioteka.wpcomstaging.com\/wp-content\/uploads\/wielki-marsz-original-200x200.avif 200w, https:\/\/blogaudioteka.wpcomstaging.com\/wp-content\/uploads\/wielki-marsz-original-148x148.avif 148w, https:\/\/blogaudioteka.wpcomstaging.com\/wp-content\/uploads\/wielki-marsz-original-296x296.avif 296w\" sizes=\"auto, (max-width: 300px) 100vw, 300px\" \/><\/figure>\n<\/div>\n\n\n<p class=\"has-text-align-justify wp-block-paragraph\">A na koniec co\u015b naprawd\u0119 wyj\u0105tkowego! Audioteka z&nbsp;dum\u0105 prezentuje audiobook&nbsp;<strong><a href=\"https:\/\/audioteka.com\/pl\/audiobook\/wielki-marsz\/\" target=\"_blank\" rel=\"noopener\">&#8222;Wielki marsz<\/a>&#8221;&nbsp;\u2013 mroczn\u0105, alegoryczn\u0105 wizj\u0119 przysz\u0142o\u015bci Stan\u00f3w Zjednoczonych. <\/strong>Stu wybranych ch\u0142opc\u00f3w wyrusza w&nbsp;coroczny, morderczy marsz, gdzie meta oznacza \u017cycie tylko dla jednego z&nbsp;nich. To historia o&nbsp;walce o&nbsp;przetrwanie, gdzie stawk\u0105 jest wszystko. Co wi\u0119cej, <strong>19 wrze\u015bnia 2025 roku do kin trafi\u0142a filmowa adaptacja &#8222;Wielkiego marszu&#8221; w&nbsp;re\u017cyserii Francisa Lawrence\u2019a!<\/strong>&nbsp;<a href=\"https:\/\/audioteka.com\/pl\/cykl\/posluchaj-zanim-obejrzysz\/\" target=\"_blank\" rel=\"noopener\">Pos\u0142uchaj audiobooka, zanim obejrzysz!<\/a><\/p>\n\n\n\n<h3 class=\"wp-block-heading\"><span class=\"ez-toc-section\" id=\"Stephen_King_w_Audiotece_%E2%80%93_Twoj_bilet_do_swiata_pelnego_strachu\"><\/span>Stephen King w&nbsp;Audiotece \u2013 Tw\u00f3j bilet do \u015bwiata pe\u0142nego strachu<span class=\"ez-toc-section-end\"><\/span><\/h3>\n\n\n\n<p class=\"has-text-align-justify wp-block-paragraph\">Niezale\u017cnie od tego, czy jeste\u015b d\u0142ugoletnim fanem <a href=\"https:\/\/audioteka.com\/pl\/autor\/stephen-king\/\" target=\"_blank\" rel=\"noopener\">Stephena Kinga<\/a>, czy dopiero zaczynasz swoj\u0105 przygod\u0119 z&nbsp;jego tw\u00f3rczo\u015bci\u0105, Audioteka oferuje Ci unikalne do\u015bwiadczenie. Prawie 40 <strong>audiobook\u00f3w w&nbsp;naszej kolekcji, w&nbsp;tym superprodukcje i&nbsp;\u015bwietnie zrealizowane wydania z&nbsp;udzia\u0142em topowych lektor\u00f3w,<\/strong> czeka, by\u015b da\u0142 si\u0119 porwa\u0107 w&nbsp;podr\u00f3\u017c przez najbardziej fascynuj\u0105ce i&nbsp;przera\u017caj\u0105ce zakamarki ludzkiej wyobra\u017ani. Daj si\u0119 wci\u0105gn\u0105\u0107 w&nbsp;niezwyk\u0142e opowie\u015bci Mistrza tej jesieni!<\/p>\n\n\n\n<figure class=\"wp-block-image size-full\"><a href=\"https:\/\/audioteka.com\/pl\/applications\" target=\"_blank\" rel=\"noopener\"><img data-recalc-dims=\"1\" loading=\"lazy\" decoding=\"async\" width=\"768\" height=\"216\" data-attachment-id=\"9070\" data-permalink=\"https:\/\/blogaudioteka.wpcomstaging.com\/nowosci-tygodnia-w-audiotece-top-15-22-09-28-09\/banner_3-2-3\" data-orig-file=\"https:\/\/i0.wp.com\/blogaudioteka.wpcomstaging.com\/wp-content\/uploads\/banner_3-2-2.png?fit=768%2C216&amp;ssl=1\" data-orig-size=\"768,216\" data-comments-opened=\"0\" data-image-meta=\"{&quot;aperture&quot;:&quot;0&quot;,&quot;credit&quot;:&quot;&quot;,&quot;camera&quot;:&quot;&quot;,&quot;caption&quot;:&quot;&quot;,&quot;created_timestamp&quot;:&quot;0&quot;,&quot;copyright&quot;:&quot;&quot;,&quot;focal_length&quot;:&quot;0&quot;,&quot;iso&quot;:&quot;0&quot;,&quot;shutter_speed&quot;:&quot;0&quot;,&quot;title&quot;:&quot;&quot;,&quot;orientation&quot;:&quot;0&quot;}\" data-image-title=\"banner_3 (2)\" data-image-description=\"\" data-image-caption=\"\" data-large-file=\"https:\/\/i0.wp.com\/blogaudioteka.wpcomstaging.com\/wp-content\/uploads\/banner_3-2-2.png?fit=768%2C216&amp;ssl=1\" src=\"https:\/\/i0.wp.com\/blogaudioteka.wpcomstaging.com\/wp-content\/uploads\/banner_3-2-2.png?resize=768%2C216&#038;ssl=1\" alt=\"\" class=\"wp-image-9070\" srcset=\"https:\/\/i0.wp.com\/blogaudioteka.wpcomstaging.com\/wp-content\/uploads\/banner_3-2-2.png?w=768&amp;ssl=1 768w, https:\/\/i0.wp.com\/blogaudioteka.wpcomstaging.com\/wp-content\/uploads\/banner_3-2-2.png?resize=300%2C84&amp;ssl=1 300w, https:\/\/i0.wp.com\/blogaudioteka.wpcomstaging.com\/wp-content\/uploads\/banner_3-2-2.png?resize=512%2C144&amp;ssl=1 512w\" sizes=\"auto, (max-width: 768px) 100vw, 768px\" \/><\/a><\/figure>\n","protected":false},"excerpt":{"rendered":"Jesie\u0144 to idealny czas, by zanurzy\u0107 si\u0119 w&nbsp;fascynuj\u0105ce \u015bwiaty Stephena Kinga. Kiedy za oknem robi si\u0119 ch\u0142odno, a&nbsp;dni&hellip;","protected":false},"author":264736300,"featured_media":9220,"comment_status":"closed","ping_status":"closed","sticky":false,"template":"","format":"standard","meta":{"_crdt_document":"","csco_display_header_overlay":false,"csco_singular_sidebar":"","csco_page_header_type":"","_jetpack_memberships_contains_paid_content":false,"footnotes":""},"categories":[14925,14926],"tags":[],"class_list":{"0":"post-9185","1":"post","2":"type-post","3":"status-publish","4":"format-standard","5":"has-post-thumbnail","7":"category-rankingi-zestawienia","8":"category-zestawienia","9":"cs-entry"},"jetpack_featured_media_url":"https:\/\/i0.wp.com\/blogaudioteka.wpcomstaging.com\/wp-content\/uploads\/Projekt-bez-nazwy-4-1.jpg?fit=1920%2C1080&ssl=1","jetpack_sharing_enabled":true,"_links":{"self":[{"href":"https:\/\/blogaudioteka.wpcomstaging.com\/wp-json\/wp\/v2\/posts\/9185","targetHints":{"allow":["GET"]}}],"collection":[{"href":"https:\/\/blogaudioteka.wpcomstaging.com\/wp-json\/wp\/v2\/posts"}],"about":[{"href":"https:\/\/blogaudioteka.wpcomstaging.com\/wp-json\/wp\/v2\/types\/post"}],"author":[{"embeddable":true,"href":"https:\/\/blogaudioteka.wpcomstaging.com\/wp-json\/wp\/v2\/users\/264736300"}],"replies":[{"embeddable":true,"href":"https:\/\/blogaudioteka.wpcomstaging.com\/wp-json\/wp\/v2\/comments?post=9185"}],"version-history":[{"count":23,"href":"https:\/\/blogaudioteka.wpcomstaging.com\/wp-json\/wp\/v2\/posts\/9185\/revisions"}],"predecessor-version":[{"id":10380,"href":"https:\/\/blogaudioteka.wpcomstaging.com\/wp-json\/wp\/v2\/posts\/9185\/revisions\/10380"}],"wp:featuredmedia":[{"embeddable":true,"href":"https:\/\/blogaudioteka.wpcomstaging.com\/wp-json\/wp\/v2\/media\/9220"}],"wp:attachment":[{"href":"https:\/\/blogaudioteka.wpcomstaging.com\/wp-json\/wp\/v2\/media?parent=9185"}],"wp:term":[{"taxonomy":"category","embeddable":true,"href":"https:\/\/blogaudioteka.wpcomstaging.com\/wp-json\/wp\/v2\/categories?post=9185"},{"taxonomy":"post_tag","embeddable":true,"href":"https:\/\/blogaudioteka.wpcomstaging.com\/wp-json\/wp\/v2\/tags?post=9185"}],"curies":[{"name":"wp","href":"https:\/\/api.w.org\/{rel}","templated":true}]}}