{"id":8745,"date":"2025-09-21T13:10:59","date_gmt":"2025-09-21T11:10:59","guid":{"rendered":"https:\/\/blogaudioteka.wpcomstaging.com\/?p=8745"},"modified":"2025-09-24T11:31:23","modified_gmt":"2025-09-24T09:31:23","slug":"po-8-latach-dan-brown-powraca-z-tajemnica-tajemnic-robert-langdon-zmierzy-sie-z-szokujaca-prawda-premiera-audiobooka-juz-wkrotce","status":"publish","type":"post","link":"https:\/\/blogaudioteka.wpcomstaging.com\/po-8-latach-dan-brown-powraca-z-tajemnica-tajemnic-robert-langdon-zmierzy-sie-z-szokujaca-prawda-premiera-audiobooka-juz-wkrotce","title":{"rendered":"Po 8 latach! Dan Brown powraca z &#8222;Tajemnic\u0105 Tajemnic&#8221; \u2013 Robert Langdon zmierzy si\u0119 z szokuj\u0105c\u0105 prawd\u0105. Premiera audiobooka ju\u017c wkr\u00f3tce!"},"content":{"rendered":"\n<p class=\"has-text-align-justify wp-block-paragraph\"><strong>Fani Dana Browna na ca\u0142ym \u015bwiecie mog\u0105 zaciera\u0107 r\u0119ce! Po o\u015bmiu latach wyczekiwania autor mi\u0119dzynarodowych bestseller\u00f3w, znany z&nbsp;tak kultowych powie\u015bci jak &#8222;Kod Leonarda da Vinci&#8221;, powraca z&nbsp;now\u0105, porywaj\u0105c\u0105 histori\u0105. &#8222;Tajemnica Tajemnic&#8221; to jego najnowsze dzie\u0142o, kt\u00f3re, zgodnie z&nbsp;zapowiedziami, ma by\u0107 najbardziej ambitn\u0105 i&nbsp;misternie zaplanowan\u0105 powie\u015bci\u0105 w&nbsp;dorobku pisarza. A&nbsp;co najwa\u017cniejsze dla mi\u0142o\u015bnik\u00f3w s\u0142uchowisk \u2013 premiera audiobooka zbli\u017ca si\u0119 wielkimi krokami!<\/strong><\/p>\n\n\n\n<div id=\"ez-toc-container\" class=\"ez-toc-v2_0_82_2 counter-hierarchy ez-toc-counter ez-toc-grey ez-toc-container-direction\">\n<div class=\"ez-toc-title-container\"><span class=\"ez-toc-title\" style=\"cursor:inherit\">Spis tre\u015bci<\/span>\n<\/div><nav><ul class='ez-toc-list ez-toc-list-level-1 ' ><li class='ez-toc-page-1 ez-toc-heading-level-2'><a class=\"ez-toc-link ez-toc-heading-1\" href=\"https:\/\/blogaudioteka.wpcomstaging.com\/po-8-latach-dan-brown-powraca-z-tajemnica-tajemnic-robert-langdon-zmierzy-sie-z-szokujaca-prawda-premiera-audiobooka-juz-wkrotce\/#Dan_Brown_jako_globalny_fenomen_literacki\" >Dan Brown jako globalny fenomen literacki<\/a><\/li><li class='ez-toc-page-1 ez-toc-heading-level-2'><a class=\"ez-toc-link ez-toc-heading-2\" href=\"https:\/\/blogaudioteka.wpcomstaging.com\/po-8-latach-dan-brown-powraca-z-tajemnica-tajemnic-robert-langdon-zmierzy-sie-z-szokujaca-prawda-premiera-audiobooka-juz-wkrotce\/#Premiera_ksiazki_%E2%80%9ETajemnica_Tajemnic%E2%80%9D_%E2%80%93_wyrusz_w_podroz_z_Robertem_Langdonem\" >Premiera ksi\u0105\u017cki &#8222;Tajemnica Tajemnic&#8221; \u2013 wyrusz w&nbsp;podr\u00f3\u017c z&nbsp;Robertem Langdonem<\/a><\/li><li class='ez-toc-page-1 ez-toc-heading-level-2'><a class=\"ez-toc-link ez-toc-heading-3\" href=\"https:\/\/blogaudioteka.wpcomstaging.com\/po-8-latach-dan-brown-powraca-z-tajemnica-tajemnic-robert-langdon-zmierzy-sie-z-szokujaca-prawda-premiera-audiobooka-juz-wkrotce\/#Najnowsza_ksiazka_Browna_%E2%80%93_co_o_niej_mowia_w_wielkim_swiecie\" >Najnowsza ksi\u0105\u017cka Browna &#8211; co o&nbsp;niej m\u00f3wi\u0105 w&nbsp;wielkim \u015bwiecie?<\/a><\/li><li class='ez-toc-page-1 ez-toc-heading-level-2'><a class=\"ez-toc-link ez-toc-heading-4\" href=\"https:\/\/blogaudioteka.wpcomstaging.com\/po-8-latach-dan-brown-powraca-z-tajemnica-tajemnic-robert-langdon-zmierzy-sie-z-szokujaca-prawda-premiera-audiobooka-juz-wkrotce\/#Audiobook_%E2%80%9ETajemnica_Tajemnic%E2%80%9D_juz_wkrotce_w_Audiotece\" >Audiobook &#8222;Tajemnica Tajemnic&#8221; ju\u017c wkr\u00f3tce w&nbsp;Audiotece!<\/a><\/li><li class='ez-toc-page-1 ez-toc-heading-level-2'><a class=\"ez-toc-link ez-toc-heading-5\" href=\"https:\/\/blogaudioteka.wpcomstaging.com\/po-8-latach-dan-brown-powraca-z-tajemnica-tajemnic-robert-langdon-zmierzy-sie-z-szokujaca-prawda-premiera-audiobooka-juz-wkrotce\/#Moga_Cie_zainteresowac_%F0%9F%91%89\" >Mog\u0105 Ci\u0119 zainteresowa\u0107 \ud83d\udc49<\/a><ul class='ez-toc-list-level-3' ><li class='ez-toc-heading-level-3'><a class=\"ez-toc-link ez-toc-heading-6\" href=\"https:\/\/blogaudioteka.wpcomstaging.com\/po-8-latach-dan-brown-powraca-z-tajemnica-tajemnic-robert-langdon-zmierzy-sie-z-szokujaca-prawda-premiera-audiobooka-juz-wkrotce\/#Co_robic_w_majowke_Z_tymi_historiami_audio_nie_bedziesz_sie_nudzic_przy_pilnowaniu_grilla\" >Co robi\u0107 w&nbsp;maj\u00f3wk\u0119? Z&nbsp;tymi historiami audio nie b\u0119dziesz si\u0119 nudzi\u0107 przy pilnowaniu grilla<\/a><\/li><li class='ez-toc-page-1 ez-toc-heading-level-3'><a class=\"ez-toc-link ez-toc-heading-7\" href=\"https:\/\/blogaudioteka.wpcomstaging.com\/po-8-latach-dan-brown-powraca-z-tajemnica-tajemnic-robert-langdon-zmierzy-sie-z-szokujaca-prawda-premiera-audiobooka-juz-wkrotce\/#Gorace_nowosci_tygodnia_w_Audiotece_%E2%80%93_TOP_15_2004_%E2%80%93_2604\" >Gor\u0105ce nowo\u015bci tygodnia w&nbsp;Audiotece \u2013 TOP 15 [20.04 \u2013 26.04]<\/a><\/li><li class='ez-toc-page-1 ez-toc-heading-level-3'><a class=\"ez-toc-link ez-toc-heading-8\" href=\"https:\/\/blogaudioteka.wpcomstaging.com\/po-8-latach-dan-brown-powraca-z-tajemnica-tajemnic-robert-langdon-zmierzy-sie-z-szokujaca-prawda-premiera-audiobooka-juz-wkrotce\/#Za_co_najbardziej_kochacie_Filipa_Kosiora_Przeglad_opinii_i_komentarzy\" >Za co najbardziej kochacie Filipa Kosiora? Przegl\u0105d opinii i&nbsp;komentarzy<\/a><\/li><\/ul><\/li><\/ul><\/nav><\/div>\n<h2 class=\"wp-block-heading\"><span class=\"ez-toc-section\" id=\"Dan_Brown_jako_globalny_fenomen_literacki\"><\/span>Dan Brown jako globalny fenomen literacki<span class=\"ez-toc-section-end\"><\/span><\/h2>\n\n\n\n<p class=\"has-text-align-justify wp-block-paragraph\">Ksi\u0105\u017cki Dana Browna, <strong>przet\u0142umaczone na 56 j\u0119zyk\u00f3w i&nbsp;sprzedane w&nbsp;nak\u0142adzie przekraczaj\u0105cym 250 milion\u00f3w egzemplarzy,<\/strong> niezmiennie fascynuj\u0105 czytelnik\u00f3w, zabieraj\u0105c ich w&nbsp;podr\u00f3\u017c pe\u0142n\u0105 symboli, sztuki, historii i&nbsp;nauki. W\u015br\u00f3d jego bestseller\u00f3w znajduj\u0105 si\u0119 &#8222;<a href=\"https:\/\/audioteka.com\/pl\/audiobook\/poczatek-sonia-draga\/\" target=\"_blank\" rel=\"noopener\">Pocz\u0105tek<\/a>&#8222;, &#8222;<a href=\"https:\/\/audioteka.com\/pl\/audiobook\/inferno\/\" target=\"_blank\" rel=\"noopener\">Inferno<\/a>&#8222;, &#8222;<a href=\"https:\/\/audioteka.com\/pl\/audiobook\/zaginiony-symbol\/\" target=\"_blank\" rel=\"noopener\">Zaginiony symbol<\/a>&#8222;, &#8222;<a href=\"https:\/\/audioteka.com\/pl\/audiobook\/anioly-i-demony\/\" target=\"_blank\" rel=\"noopener\">Anio\u0142y i&nbsp;demony<\/a>&#8222;, &#8222;<a href=\"https:\/\/audioteka.com\/pl\/audiobook\/zwodniczy-punkt\/\" target=\"_blank\" rel=\"noopener\">Zwodniczy punkt<\/a>&#8221; i&nbsp;&#8222;<a href=\"https:\/\/audioteka.com\/pl\/audiobook\/cyfrowa-twierdza\/\" target=\"_blank\" rel=\"noopener\">Cyfrowa twierdza<\/a>&#8222;. Teraz do tej listy do\u0142\u0105cza &#8222;Tajemnica Tajemnic&#8221;, ponownie z&nbsp;kultowym profesorem Robertem Langdonem w&nbsp;roli g\u0142\u00f3wnej.<\/p>\n\n\n\n<figure class=\"wp-block-gallery has-nested-images columns-default is-cropped wp-block-gallery-6 is-layout-flex wp-block-gallery-is-layout-flex\">\n<figure class=\"wp-block-image size-large\"><a href=\"https:\/\/audioteka.com\/pl\/audiobook\/anioly-i-demony\/\" target=\"_blank\" rel=\"noopener\"><img loading=\"lazy\" decoding=\"async\" width=\"300\" height=\"300\" data-attachment-id=\"8751\" data-permalink=\"https:\/\/blogaudioteka.wpcomstaging.com\/po-8-latach-dan-brown-powraca-z-tajemnica-tajemnic-robert-langdon-zmierzy-sie-z-szokujaca-prawda-premiera-audiobooka-juz-wkrotce\/anioly-i-demony-original\" data-orig-file=\"https:\/\/blogaudioteka.wpcomstaging.com\/wp-content\/uploads\/anioly-i-demony-original.avif\" data-orig-size=\"300,300\" data-comments-opened=\"0\" data-image-meta=\"{&quot;aperture&quot;:&quot;0&quot;,&quot;credit&quot;:&quot;&quot;,&quot;camera&quot;:&quot;&quot;,&quot;caption&quot;:&quot;&quot;,&quot;created_timestamp&quot;:&quot;0&quot;,&quot;copyright&quot;:&quot;&quot;,&quot;focal_length&quot;:&quot;0&quot;,&quot;iso&quot;:&quot;0&quot;,&quot;shutter_speed&quot;:&quot;0&quot;,&quot;title&quot;:&quot;&quot;,&quot;orientation&quot;:&quot;0&quot;}\" data-image-title=\"anioly-i-demony-original\" data-image-description=\"\" data-image-caption=\"\" data-large-file=\"https:\/\/blogaudioteka.wpcomstaging.com\/wp-content\/uploads\/anioly-i-demony-original.avif\" data-id=\"8751\" src=\"https:\/\/blogaudioteka.wpcomstaging.com\/wp-content\/uploads\/anioly-i-demony-original.avif\" alt=\"\" class=\"wp-image-8751\" srcset=\"https:\/\/blogaudioteka.wpcomstaging.com\/wp-content\/uploads\/anioly-i-demony-original.avif 300w, https:\/\/blogaudioteka.wpcomstaging.com\/wp-content\/uploads\/anioly-i-demony-original-150x150.avif 150w, https:\/\/blogaudioteka.wpcomstaging.com\/wp-content\/uploads\/anioly-i-demony-original-200x200.avif 200w, https:\/\/blogaudioteka.wpcomstaging.com\/wp-content\/uploads\/anioly-i-demony-original-148x148.avif 148w, https:\/\/blogaudioteka.wpcomstaging.com\/wp-content\/uploads\/anioly-i-demony-original-296x296.avif 296w\" sizes=\"auto, (max-width: 300px) 100vw, 300px\" \/><\/a><\/figure>\n\n\n\n<figure class=\"wp-block-image size-large\"><a href=\"https:\/\/audioteka.com\/pl\/audiobook\/cyfrowa-twierdza\/\" target=\"_blank\" rel=\"noopener\"><img loading=\"lazy\" decoding=\"async\" width=\"300\" height=\"300\" data-attachment-id=\"8752\" data-permalink=\"https:\/\/blogaudioteka.wpcomstaging.com\/po-8-latach-dan-brown-powraca-z-tajemnica-tajemnic-robert-langdon-zmierzy-sie-z-szokujaca-prawda-premiera-audiobooka-juz-wkrotce\/cyfrowa-twierdza-original\" data-orig-file=\"https:\/\/blogaudioteka.wpcomstaging.com\/wp-content\/uploads\/cyfrowa-twierdza-original.avif\" data-orig-size=\"300,300\" data-comments-opened=\"0\" data-image-meta=\"{&quot;aperture&quot;:&quot;0&quot;,&quot;credit&quot;:&quot;&quot;,&quot;camera&quot;:&quot;&quot;,&quot;caption&quot;:&quot;&quot;,&quot;created_timestamp&quot;:&quot;0&quot;,&quot;copyright&quot;:&quot;&quot;,&quot;focal_length&quot;:&quot;0&quot;,&quot;iso&quot;:&quot;0&quot;,&quot;shutter_speed&quot;:&quot;0&quot;,&quot;title&quot;:&quot;&quot;,&quot;orientation&quot;:&quot;0&quot;}\" data-image-title=\"cyfrowa-twierdza-original\" data-image-description=\"\" data-image-caption=\"\" data-large-file=\"https:\/\/blogaudioteka.wpcomstaging.com\/wp-content\/uploads\/cyfrowa-twierdza-original.avif\" data-id=\"8752\" src=\"https:\/\/blogaudioteka.wpcomstaging.com\/wp-content\/uploads\/cyfrowa-twierdza-original.avif\" alt=\"\" class=\"wp-image-8752\" srcset=\"https:\/\/blogaudioteka.wpcomstaging.com\/wp-content\/uploads\/cyfrowa-twierdza-original.avif 300w, https:\/\/blogaudioteka.wpcomstaging.com\/wp-content\/uploads\/cyfrowa-twierdza-original-150x150.avif 150w, https:\/\/blogaudioteka.wpcomstaging.com\/wp-content\/uploads\/cyfrowa-twierdza-original-200x200.avif 200w, https:\/\/blogaudioteka.wpcomstaging.com\/wp-content\/uploads\/cyfrowa-twierdza-original-148x148.avif 148w, https:\/\/blogaudioteka.wpcomstaging.com\/wp-content\/uploads\/cyfrowa-twierdza-original-296x296.avif 296w\" sizes=\"auto, (max-width: 300px) 100vw, 300px\" \/><\/a><\/figure>\n\n\n\n<figure class=\"wp-block-image size-large\"><a href=\"https:\/\/audioteka.com\/pl\/audiobook\/poczatek-sonia-draga\/\" target=\"_blank\" rel=\"noopener\"><img loading=\"lazy\" decoding=\"async\" width=\"300\" height=\"300\" data-attachment-id=\"8753\" data-permalink=\"https:\/\/blogaudioteka.wpcomstaging.com\/po-8-latach-dan-brown-powraca-z-tajemnica-tajemnic-robert-langdon-zmierzy-sie-z-szokujaca-prawda-premiera-audiobooka-juz-wkrotce\/poczatek-sonia-draga-original\" data-orig-file=\"https:\/\/blogaudioteka.wpcomstaging.com\/wp-content\/uploads\/poczatek-sonia-draga-original.avif\" data-orig-size=\"300,300\" data-comments-opened=\"0\" data-image-meta=\"{&quot;aperture&quot;:&quot;0&quot;,&quot;credit&quot;:&quot;&quot;,&quot;camera&quot;:&quot;&quot;,&quot;caption&quot;:&quot;&quot;,&quot;created_timestamp&quot;:&quot;0&quot;,&quot;copyright&quot;:&quot;&quot;,&quot;focal_length&quot;:&quot;0&quot;,&quot;iso&quot;:&quot;0&quot;,&quot;shutter_speed&quot;:&quot;0&quot;,&quot;title&quot;:&quot;&quot;,&quot;orientation&quot;:&quot;0&quot;}\" data-image-title=\"poczatek-sonia-draga-original\" data-image-description=\"\" data-image-caption=\"\" data-large-file=\"https:\/\/blogaudioteka.wpcomstaging.com\/wp-content\/uploads\/poczatek-sonia-draga-original.avif\" data-id=\"8753\" src=\"https:\/\/blogaudioteka.wpcomstaging.com\/wp-content\/uploads\/poczatek-sonia-draga-original.avif\" alt=\"\" class=\"wp-image-8753\" srcset=\"https:\/\/blogaudioteka.wpcomstaging.com\/wp-content\/uploads\/poczatek-sonia-draga-original.avif 300w, https:\/\/blogaudioteka.wpcomstaging.com\/wp-content\/uploads\/poczatek-sonia-draga-original-150x150.avif 150w, https:\/\/blogaudioteka.wpcomstaging.com\/wp-content\/uploads\/poczatek-sonia-draga-original-200x200.avif 200w, https:\/\/blogaudioteka.wpcomstaging.com\/wp-content\/uploads\/poczatek-sonia-draga-original-148x148.avif 148w, https:\/\/blogaudioteka.wpcomstaging.com\/wp-content\/uploads\/poczatek-sonia-draga-original-296x296.avif 296w\" sizes=\"auto, (max-width: 300px) 100vw, 300px\" \/><\/a><\/figure>\n<\/figure>\n\n\n\n<h2 class=\"wp-block-heading\"><span class=\"ez-toc-section\" id=\"Premiera_ksiazki_%E2%80%9ETajemnica_Tajemnic%E2%80%9D_%E2%80%93_wyrusz_w_podroz_z_Robertem_Langdonem\"><\/span>Premiera ksi\u0105\u017cki &#8222;Tajemnica Tajemnic&#8221; \u2013 wyrusz w&nbsp;podr\u00f3\u017c z&nbsp;Robertem Langdonem<span class=\"ez-toc-section-end\"><\/span><\/h2>\n\n\n\n<p class=\"has-text-align-justify wp-block-paragraph\">W <a href=\"https:\/\/audioteka.com\/pl\/audiobook\/tajemnica-tajemnic\/\" target=\"_blank\" rel=\"noopener\">&#8222;Tajemnicy Tajemnic&#8221;<\/a> Robert Langdon, szanowany profesor symboliki z&nbsp;Harvardu, wyrusza do Pragi, aby wzi\u0105\u0107 udzia\u0142 w&nbsp;prze\u0142omowym wyk\u0142adzie swojej partnerki, Katherine Solomon \u2013 wybitnej noetyczki. Solomon zamierza opublikowa\u0107 kontrowersyjn\u0105 ksi\u0105\u017ck\u0119, kt\u00f3ra mo\u017ce wstrz\u0105sn\u0105\u0107 fundamentami wielowiekowych przekona\u0144 na temat natury ludzkiej \u015bwiadomo\u015bci.<\/p>\n\n\n<div class=\"wp-block-image\">\n<figure class=\"aligncenter size-full\"><img loading=\"lazy\" decoding=\"async\" width=\"300\" height=\"300\" data-attachment-id=\"8747\" data-permalink=\"https:\/\/blogaudioteka.wpcomstaging.com\/po-8-latach-dan-brown-powraca-z-tajemnica-tajemnic-robert-langdon-zmierzy-sie-z-szokujaca-prawda-premiera-audiobooka-juz-wkrotce\/tajemnica-tajemnic-original-1\" data-orig-file=\"https:\/\/blogaudioteka.wpcomstaging.com\/wp-content\/uploads\/tajemnica-tajemnic-original-1.avif\" data-orig-size=\"300,300\" data-comments-opened=\"0\" data-image-meta=\"{&quot;aperture&quot;:&quot;0&quot;,&quot;credit&quot;:&quot;&quot;,&quot;camera&quot;:&quot;&quot;,&quot;caption&quot;:&quot;&quot;,&quot;created_timestamp&quot;:&quot;0&quot;,&quot;copyright&quot;:&quot;&quot;,&quot;focal_length&quot;:&quot;0&quot;,&quot;iso&quot;:&quot;0&quot;,&quot;shutter_speed&quot;:&quot;0&quot;,&quot;title&quot;:&quot;&quot;,&quot;orientation&quot;:&quot;0&quot;}\" data-image-title=\"tajemnica-tajemnic-original (1)\" data-image-description=\"\" data-image-caption=\"\" data-large-file=\"https:\/\/blogaudioteka.wpcomstaging.com\/wp-content\/uploads\/tajemnica-tajemnic-original-1.avif\" src=\"https:\/\/blogaudioteka.wpcomstaging.com\/wp-content\/uploads\/tajemnica-tajemnic-original-1.avif\" alt=\"\" class=\"wp-image-8747\" srcset=\"https:\/\/blogaudioteka.wpcomstaging.com\/wp-content\/uploads\/tajemnica-tajemnic-original-1.avif 300w, https:\/\/blogaudioteka.wpcomstaging.com\/wp-content\/uploads\/tajemnica-tajemnic-original-1-150x150.avif 150w, https:\/\/blogaudioteka.wpcomstaging.com\/wp-content\/uploads\/tajemnica-tajemnic-original-1-200x200.avif 200w, https:\/\/blogaudioteka.wpcomstaging.com\/wp-content\/uploads\/tajemnica-tajemnic-original-1-148x148.avif 148w, https:\/\/blogaudioteka.wpcomstaging.com\/wp-content\/uploads\/tajemnica-tajemnic-original-1-296x296.avif 296w\" sizes=\"auto, (max-width: 300px) 100vw, 300px\" \/><\/figure>\n<\/div>\n\n\n<p class=\"has-text-align-justify wp-block-paragraph\">Jednak sielanka szybko si\u0119 ko\u0144czy. Brutalne morderstwo komplikuje podr\u00f3\u017c, a&nbsp;Katherine znika wraz z&nbsp;r\u0119kopisem. <a href=\"https:\/\/audioteka.com\/pl\/cykl\/robert-langdon\/\" target=\"_blank\" rel=\"noopener\">Robert Langdon<\/a> staje si\u0119 celem pot\u0119\u017cnej organizacji i&nbsp;jest \u015bcigany przez przera\u017caj\u0105cego napastnika, powi\u0105zanego z&nbsp;najstarsz\u0105 prask\u0105 mitologi\u0105. Akcja przenosi si\u0119 do Londynu i&nbsp;Nowego Jorku, gdzie bohater desperacko szuka Katherine i&nbsp;odpowiedzi. <strong>W porywaj\u0105cym wy\u015bcigu przez \u015bwiat futurystycznej nauki i&nbsp;mistycznej tradycji, Langdon odkrywa szokuj\u0105c\u0105 prawd\u0119<\/strong> o&nbsp;tajnym projekcie, kt\u00f3ry na zawsze zmieni nasze postrzeganie ludzkiego umys\u0142u.<\/p>\n\n\n\n<figure class=\"wp-block-image size-full\"><a href=\"https:\/\/klub.audioteka.com\/\" target=\"_blank\" rel=\"noopener\"><img data-recalc-dims=\"1\" loading=\"lazy\" decoding=\"async\" width=\"768\" height=\"216\" data-attachment-id=\"8351\" data-permalink=\"https:\/\/blogaudioteka.wpcomstaging.com\/wrogowie-czy-kochankowie-najpiekniejszy-literacki-zwrot-akcji\/ak_4-2\" data-orig-file=\"https:\/\/i0.wp.com\/blogaudioteka.wpcomstaging.com\/wp-content\/uploads\/ak_4.webp?fit=768%2C216&amp;ssl=1\" data-orig-size=\"768,216\" data-comments-opened=\"0\" data-image-meta=\"{&quot;aperture&quot;:&quot;0&quot;,&quot;credit&quot;:&quot;&quot;,&quot;camera&quot;:&quot;&quot;,&quot;caption&quot;:&quot;&quot;,&quot;created_timestamp&quot;:&quot;0&quot;,&quot;copyright&quot;:&quot;&quot;,&quot;focal_length&quot;:&quot;0&quot;,&quot;iso&quot;:&quot;0&quot;,&quot;shutter_speed&quot;:&quot;0&quot;,&quot;title&quot;:&quot;&quot;,&quot;orientation&quot;:&quot;0&quot;}\" data-image-title=\"audioteka klub\" data-image-description=\"\" data-image-caption=\"\" data-large-file=\"https:\/\/i0.wp.com\/blogaudioteka.wpcomstaging.com\/wp-content\/uploads\/ak_4.webp?fit=768%2C216&amp;ssl=1\" src=\"https:\/\/i0.wp.com\/blogaudioteka.wpcomstaging.com\/wp-content\/uploads\/ak_4.webp?resize=768%2C216&#038;ssl=1\" alt=\"audioteka klub\" class=\"wp-image-8351\" srcset=\"https:\/\/i0.wp.com\/blogaudioteka.wpcomstaging.com\/wp-content\/uploads\/ak_4.webp?w=768&amp;ssl=1 768w, https:\/\/i0.wp.com\/blogaudioteka.wpcomstaging.com\/wp-content\/uploads\/ak_4.webp?resize=300%2C84&amp;ssl=1 300w, https:\/\/i0.wp.com\/blogaudioteka.wpcomstaging.com\/wp-content\/uploads\/ak_4.webp?resize=512%2C144&amp;ssl=1 512w\" sizes=\"auto, (max-width: 768px) 100vw, 768px\" \/><\/a><\/figure>\n\n\n\n<h2 class=\"wp-block-heading\"><span class=\"ez-toc-section\" id=\"Najnowsza_ksiazka_Browna_%E2%80%93_co_o_niej_mowia_w_wielkim_swiecie\"><\/span>Najnowsza ksi\u0105\u017cka Browna &#8211; co o&nbsp;niej m\u00f3wi\u0105 w&nbsp;wielkim \u015bwiecie?<span class=\"ez-toc-section-end\"><\/span><\/h2>\n\n\n\n<p class=\"has-text-align-justify wp-block-paragraph\">Sam <a href=\"https:\/\/audioteka.com\/pl\/autor\/dan-brown\/\" target=\"_blank\" rel=\"noopener\">Dan Brown<\/a> okre\u015bla &#8222;Tajemnic\u0119 Tajemnic&#8221; jako swoje najbardziej ambitne i&nbsp;misternie zaplanowane dzie\u0142o, a&nbsp;praca nad ni\u0105 by\u0142a dla niego &#8222;niezapomnian\u0105, pe\u0142n\u0105 odkry\u0107 podr\u00f3\u017c\u0105&#8221;. Nihar Malaviya, szef Penguin Random House Global, zapowiada, \u017ce to &#8222;najlepsza do tej pory powie\u015b\u0107 Dana i&nbsp;b\u0119dzie to<strong> najwi\u0119ksze wydarzenie wydawnicze 2025 roku&#8221;<\/strong>. Jason Kaufman, wieloletni redaktor Browna, dodaje, \u017ce ksi\u0105\u017cka &#8222;zachwyca pomys\u0142owo\u015bci\u0105, ods\u0142aniaj\u0105c fascynuj\u0105cy \u015bwiat, ze zwrotami akcji, kt\u00f3rych nigdy si\u0119 nie spodziewasz. To klasyczny Dan Brown&#8221;.<\/p>\n\n\n\n<figure class=\"wp-block-gallery has-nested-images columns-default is-cropped wp-block-gallery-7 is-layout-flex wp-block-gallery-is-layout-flex\">\n<figure class=\"wp-block-image size-large\"><a href=\"https:\/\/audioteka.com\/pl\/audiobook\/inferno\/\" target=\"_blank\" rel=\"noopener\"><img loading=\"lazy\" decoding=\"async\" width=\"360\" height=\"360\" data-attachment-id=\"8754\" data-permalink=\"https:\/\/blogaudioteka.wpcomstaging.com\/po-8-latach-dan-brown-powraca-z-tajemnica-tajemnic-robert-langdon-zmierzy-sie-z-szokujaca-prawda-premiera-audiobooka-juz-wkrotce\/inferno-original-3\" data-orig-file=\"https:\/\/blogaudioteka.wpcomstaging.com\/wp-content\/uploads\/inferno-original-2.avif\" data-orig-size=\"360,360\" data-comments-opened=\"0\" data-image-meta=\"{&quot;aperture&quot;:&quot;0&quot;,&quot;credit&quot;:&quot;&quot;,&quot;camera&quot;:&quot;&quot;,&quot;caption&quot;:&quot;&quot;,&quot;created_timestamp&quot;:&quot;0&quot;,&quot;copyright&quot;:&quot;&quot;,&quot;focal_length&quot;:&quot;0&quot;,&quot;iso&quot;:&quot;0&quot;,&quot;shutter_speed&quot;:&quot;0&quot;,&quot;title&quot;:&quot;&quot;,&quot;orientation&quot;:&quot;0&quot;}\" data-image-title=\"inferno-original\" data-image-description=\"\" data-image-caption=\"\" data-large-file=\"https:\/\/blogaudioteka.wpcomstaging.com\/wp-content\/uploads\/inferno-original-2.avif\" data-id=\"8754\" src=\"https:\/\/blogaudioteka.wpcomstaging.com\/wp-content\/uploads\/inferno-original-2.avif\" alt=\"\" class=\"wp-image-8754\" srcset=\"https:\/\/blogaudioteka.wpcomstaging.com\/wp-content\/uploads\/inferno-original-2.avif 360w, https:\/\/blogaudioteka.wpcomstaging.com\/wp-content\/uploads\/inferno-original-2-300x300.avif 300w, https:\/\/blogaudioteka.wpcomstaging.com\/wp-content\/uploads\/inferno-original-2-150x150.avif 150w, https:\/\/blogaudioteka.wpcomstaging.com\/wp-content\/uploads\/inferno-original-2-200x200.avif 200w, https:\/\/blogaudioteka.wpcomstaging.com\/wp-content\/uploads\/inferno-original-2-148x148.avif 148w, https:\/\/blogaudioteka.wpcomstaging.com\/wp-content\/uploads\/inferno-original-2-296x296.avif 296w\" sizes=\"auto, (max-width: 360px) 100vw, 360px\" \/><\/a><\/figure>\n\n\n\n<figure class=\"wp-block-image size-large\"><a href=\"https:\/\/audioteka.com\/pl\/audiobook\/zaginiony-symbol\/\" target=\"_blank\" rel=\"noopener\"><img loading=\"lazy\" decoding=\"async\" width=\"360\" height=\"360\" data-attachment-id=\"8755\" data-permalink=\"https:\/\/blogaudioteka.wpcomstaging.com\/po-8-latach-dan-brown-powraca-z-tajemnica-tajemnic-robert-langdon-zmierzy-sie-z-szokujaca-prawda-premiera-audiobooka-juz-wkrotce\/zaginiony-symbol-original-2\" data-orig-file=\"https:\/\/blogaudioteka.wpcomstaging.com\/wp-content\/uploads\/zaginiony-symbol-original-1.avif\" data-orig-size=\"360,360\" data-comments-opened=\"0\" data-image-meta=\"{&quot;aperture&quot;:&quot;0&quot;,&quot;credit&quot;:&quot;&quot;,&quot;camera&quot;:&quot;&quot;,&quot;caption&quot;:&quot;&quot;,&quot;created_timestamp&quot;:&quot;0&quot;,&quot;copyright&quot;:&quot;&quot;,&quot;focal_length&quot;:&quot;0&quot;,&quot;iso&quot;:&quot;0&quot;,&quot;shutter_speed&quot;:&quot;0&quot;,&quot;title&quot;:&quot;&quot;,&quot;orientation&quot;:&quot;0&quot;}\" data-image-title=\"zaginiony-symbol-original\" data-image-description=\"\" data-image-caption=\"\" data-large-file=\"https:\/\/blogaudioteka.wpcomstaging.com\/wp-content\/uploads\/zaginiony-symbol-original-1.avif\" data-id=\"8755\" src=\"https:\/\/blogaudioteka.wpcomstaging.com\/wp-content\/uploads\/zaginiony-symbol-original-1.avif\" alt=\"\" class=\"wp-image-8755\" srcset=\"https:\/\/blogaudioteka.wpcomstaging.com\/wp-content\/uploads\/zaginiony-symbol-original-1.avif 360w, https:\/\/blogaudioteka.wpcomstaging.com\/wp-content\/uploads\/zaginiony-symbol-original-1-300x300.avif 300w, https:\/\/blogaudioteka.wpcomstaging.com\/wp-content\/uploads\/zaginiony-symbol-original-1-150x150.avif 150w, https:\/\/blogaudioteka.wpcomstaging.com\/wp-content\/uploads\/zaginiony-symbol-original-1-200x200.avif 200w, https:\/\/blogaudioteka.wpcomstaging.com\/wp-content\/uploads\/zaginiony-symbol-original-1-148x148.avif 148w, https:\/\/blogaudioteka.wpcomstaging.com\/wp-content\/uploads\/zaginiony-symbol-original-1-296x296.avif 296w\" sizes=\"auto, (max-width: 360px) 100vw, 360px\" \/><\/a><\/figure>\n\n\n\n<figure class=\"wp-block-image size-large\"><a href=\"https:\/\/audioteka.com\/pl\/audiobook\/zwodniczy-punkt\/\" target=\"_blank\" rel=\"noopener\"><img loading=\"lazy\" decoding=\"async\" width=\"300\" height=\"300\" data-attachment-id=\"8756\" data-permalink=\"https:\/\/blogaudioteka.wpcomstaging.com\/po-8-latach-dan-brown-powraca-z-tajemnica-tajemnic-robert-langdon-zmierzy-sie-z-szokujaca-prawda-premiera-audiobooka-juz-wkrotce\/zwodniczy-punkt-original\" data-orig-file=\"https:\/\/blogaudioteka.wpcomstaging.com\/wp-content\/uploads\/zwodniczy-punkt-original.avif\" data-orig-size=\"300,300\" data-comments-opened=\"0\" data-image-meta=\"{&quot;aperture&quot;:&quot;0&quot;,&quot;credit&quot;:&quot;&quot;,&quot;camera&quot;:&quot;&quot;,&quot;caption&quot;:&quot;&quot;,&quot;created_timestamp&quot;:&quot;0&quot;,&quot;copyright&quot;:&quot;&quot;,&quot;focal_length&quot;:&quot;0&quot;,&quot;iso&quot;:&quot;0&quot;,&quot;shutter_speed&quot;:&quot;0&quot;,&quot;title&quot;:&quot;&quot;,&quot;orientation&quot;:&quot;0&quot;}\" data-image-title=\"zwodniczy-punkt-original\" data-image-description=\"\" data-image-caption=\"\" data-large-file=\"https:\/\/blogaudioteka.wpcomstaging.com\/wp-content\/uploads\/zwodniczy-punkt-original.avif\" data-id=\"8756\" src=\"https:\/\/blogaudioteka.wpcomstaging.com\/wp-content\/uploads\/zwodniczy-punkt-original.avif\" alt=\"\" class=\"wp-image-8756\" srcset=\"https:\/\/blogaudioteka.wpcomstaging.com\/wp-content\/uploads\/zwodniczy-punkt-original.avif 300w, https:\/\/blogaudioteka.wpcomstaging.com\/wp-content\/uploads\/zwodniczy-punkt-original-150x150.avif 150w, https:\/\/blogaudioteka.wpcomstaging.com\/wp-content\/uploads\/zwodniczy-punkt-original-200x200.avif 200w, https:\/\/blogaudioteka.wpcomstaging.com\/wp-content\/uploads\/zwodniczy-punkt-original-148x148.avif 148w, https:\/\/blogaudioteka.wpcomstaging.com\/wp-content\/uploads\/zwodniczy-punkt-original-296x296.avif 296w\" sizes=\"auto, (max-width: 300px) 100vw, 300px\" \/><\/a><\/figure>\n<\/figure>\n\n\n\n<p class=\"has-text-align-justify wp-block-paragraph\">Polscy czytelnicy maj\u0105 dodatkowy pow\u00f3d do ekscytacji \u2013 polska wydawczyni ksi\u0105\u017cek Dana Browna, Sonia Draga, podkre\u015bla, \u017ce <strong>akcja ksi\u0105\u017cki toczy si\u0119 niedaleko granic Polski,<\/strong> w&nbsp;mie\u015bcie darzonym przez wielu ogromnym sentymentem. Powie\u015b\u0107 w&nbsp;formie papierowej ukaza\u0142a si\u0119 9 wrze\u015bnia 2025 roku.<\/p>\n\n\n\n<h2 class=\"wp-block-heading\"><span class=\"ez-toc-section\" id=\"Audiobook_%E2%80%9ETajemnica_Tajemnic%E2%80%9D_juz_wkrotce_w_Audiotece\"><\/span>Audiobook &#8222;Tajemnica Tajemnic&#8221; ju\u017c wkr\u00f3tce w&nbsp;Audiotece!<span class=\"ez-toc-section-end\"><\/span><\/h2>\n\n\n\n<p class=\"has-text-align-justify wp-block-paragraph\">Wydawc\u0105 polskiego audiobooka &#8222;Tajemnicy Tajemnic&#8221; jest Sonia Draga, a&nbsp;dost\u0119pny b\u0119dzie on w&nbsp;formacie MP3. Kategoria to <a href=\"https:\/\/audioteka.com\/pl\/katalog\/sensacja-i-thriller\/\" target=\"_blank\" rel=\"noopener\">sensacja i&nbsp;thriller<\/a>, co doskonale oddaje dynamiczny charakter powie\u015bci. <strong>Premiera audiobooka &#8222;Tajemnica tajemnic&#8221; w&nbsp;Audiotece jest ju\u017c wkr\u00f3tce! Je\u017celi nie chcecie przegapi\u0107 ujawnienia lektora, bacznie obserwujcie nasze &#8222;<a href=\"https:\/\/audioteka.com\/pl\/cykl\/nowosci\/\" target=\"_blank\" rel=\"noopener\">Nowo\u015bci<\/a>&#8222;.<\/strong><\/p>\n\n\n\n<p class=\"has-text-align-justify wp-block-paragraph\">Przygotujcie si\u0119 na wci\u0105gaj\u0105c\u0105 podr\u00f3\u017c w&nbsp;g\u0142\u0105b tajemnic ludzkiej \u015bwiadomo\u015bci i&nbsp;nieprzewidywalnych zakamark\u00f3w historii \u2013 &#8222;Tajemnica Tajemnic&#8221; Dana Browna z&nbsp;pewno\u015bci\u0105 dostarczy niezapomnianych wra\u017ce\u0144!<\/p>\n\n\n\n<figure class=\"wp-block-image size-full\"><a href=\"https:\/\/audioteka.com\/pl\/applications\" target=\"_blank\" rel=\"noopener\"><img data-recalc-dims=\"1\" loading=\"lazy\" decoding=\"async\" width=\"768\" height=\"216\" data-attachment-id=\"5813\" data-permalink=\"https:\/\/blogaudioteka.wpcomstaging.com\/sluchanie-zamiast-czytania-oto-7-powodow-dla-ktorych-audiobooki-zmienia-twoje-zycie\/banner_3-6\" data-orig-file=\"https:\/\/i0.wp.com\/blogaudioteka.wpcomstaging.com\/wp-content\/uploads\/banner_3-5.png?fit=768%2C216&amp;ssl=1\" data-orig-size=\"768,216\" data-comments-opened=\"0\" data-image-meta=\"{&quot;aperture&quot;:&quot;0&quot;,&quot;credit&quot;:&quot;&quot;,&quot;camera&quot;:&quot;&quot;,&quot;caption&quot;:&quot;&quot;,&quot;created_timestamp&quot;:&quot;0&quot;,&quot;copyright&quot;:&quot;&quot;,&quot;focal_length&quot;:&quot;0&quot;,&quot;iso&quot;:&quot;0&quot;,&quot;shutter_speed&quot;:&quot;0&quot;,&quot;title&quot;:&quot;&quot;,&quot;orientation&quot;:&quot;0&quot;}\" data-image-title=\"banner_3\" data-image-description=\"\" data-image-caption=\"\" data-large-file=\"https:\/\/i0.wp.com\/blogaudioteka.wpcomstaging.com\/wp-content\/uploads\/banner_3-5.png?fit=768%2C216&amp;ssl=1\" src=\"https:\/\/i0.wp.com\/blogaudioteka.wpcomstaging.com\/wp-content\/uploads\/banner_3-5.png?resize=768%2C216&#038;ssl=1\" alt=\"\" class=\"wp-image-5813\" srcset=\"https:\/\/i0.wp.com\/blogaudioteka.wpcomstaging.com\/wp-content\/uploads\/banner_3-5.png?w=768&amp;ssl=1 768w, https:\/\/i0.wp.com\/blogaudioteka.wpcomstaging.com\/wp-content\/uploads\/banner_3-5.png?resize=300%2C84&amp;ssl=1 300w, https:\/\/i0.wp.com\/blogaudioteka.wpcomstaging.com\/wp-content\/uploads\/banner_3-5.png?resize=512%2C144&amp;ssl=1 512w\" sizes=\"auto, (max-width: 768px) 100vw, 768px\" \/><\/a><\/figure>\n\n\n\t<div\n\t\tclass=\"wp-block-newspack-blocks-homepage-articles  wpnbha show-image image-alignleft ts-4 is-3 is-square  has-text-align-left\"\n\t\tstyle=\"\"\n\t\t>\n\t\t\t\t\t<style id=\"newspack-blocks-inline-css\" type=\"text\/css\">\t\t.wp-block-newspack-blocks-homepage-articles article .entry-title {\n\t\t\tfont-size: 1.2em;\n\t\t}\n\t\t.wp-block-newspack-blocks-homepage-articles .entry-meta {\n\t\t\tdisplay: flex;\n\t\t\tflex-wrap: wrap;\n\t\t\talign-items: center;\n\t\t\tmargin-top: 0.5em;\n\t\t}\n\t\t.wp-block-newspack-blocks-homepage-articles article .entry-meta {\n\t\t\tfont-size: 0.8em;\n\t\t}\n\t\t.wp-block-newspack-blocks-homepage-articles article .avatar {\n\t\t\theight: 25px;\n\t\t\twidth: 25px;\n\t\t}\n\t\t.wp-block-newspack-blocks-homepage-articles .post-thumbnail{\n\t\t\tmargin: 0;\n\t\t\tmargin-bottom: 0.25em;\n\t\t}\n\t\t.wp-block-newspack-blocks-homepage-articles .post-thumbnail img {\n\t\t\theight: auto;\n\t\t\twidth: 100%;\n\t\t}\n\t\t.wp-block-newspack-blocks-homepage-articles .post-thumbnail figcaption {\n\t\t\tmargin-bottom: 0.5em;\n\t\t}\n\t\t.wp-block-newspack-blocks-homepage-articles p {\n\t\t\tmargin: 0.5em 0;\n\t\t}\n\n\t\t\t<\/style>\n\t\t\t\t<div data-posts data-current-post-id=\"8745\">\n\t\t\t\t\t\t\t<h2 class=\"article-section-title\"><span class=\"ez-toc-section\" id=\"Moga_Cie_zainteresowac_%F0%9F%91%89\"><\/span>\n\t\t\t\t\t<span>Mog\u0105 Ci\u0119 zainteresowa\u0107 \ud83d\udc49<\/span>\n\t\t\t\t<span class=\"ez-toc-section-end\"><\/span><\/h2>\n\t\t\t\t\t\t\n\t<article data-post-id=\"17410\"\n\t\tclass=\"category-porady category-poradniki type-post post-has-image\"\n\t\t\t\t>\n\t\t\t\t\t\t\t<figure class=\"post-thumbnail\">\n\t\t\t\t\t\t\t\t<a href=\"https:\/\/blogaudioteka.wpcomstaging.com\/robert-m-wegner-przewodnik-po-tworczosci-jak-sluchac-opowiesci-z-meekhanskiego-pogranicza\" rel=\"bookmark\" tabindex=\"-1\" aria-hidden=\"true\">\n\t\t\t\t\t\t\t\t\t\t\t\t<img loading=\"lazy\" decoding=\"async\" width=\"800\" height=\"800\" src=\"https:\/\/i0.wp.com\/blogaudioteka.wpcomstaging.com\/wp-content\/uploads\/Projekt-bez-nazwy-86-2.png?resize=800%2C800&amp;ssl=1\" class=\"attachment-newspack-article-block-square-medium size-newspack-article-block-square-medium wp-post-image\" alt=\"Robert M. Wegner \u2013 przewodnik po tw\u00f3rczo\u015bci. Jak s\u0142ucha\u0107 &#8222;Opowie\u015bci z&nbsp;Meekha\u0144skiego Pogranicza\u201d?\" data-hero-candidate=\"1\" srcset=\"https:\/\/i0.wp.com\/blogaudioteka.wpcomstaging.com\/wp-content\/uploads\/Projekt-bez-nazwy-86-2.png?resize=150%2C150&amp;ssl=1 150w, https:\/\/i0.wp.com\/blogaudioteka.wpcomstaging.com\/wp-content\/uploads\/Projekt-bez-nazwy-86-2.png?resize=400%2C400&amp;ssl=1 400w, https:\/\/i0.wp.com\/blogaudioteka.wpcomstaging.com\/wp-content\/uploads\/Projekt-bez-nazwy-86-2.png?resize=148%2C148&amp;ssl=1 148w, https:\/\/i0.wp.com\/blogaudioteka.wpcomstaging.com\/wp-content\/uploads\/Projekt-bez-nazwy-86-2.png?resize=296%2C296&amp;ssl=1 296w, https:\/\/i0.wp.com\/blogaudioteka.wpcomstaging.com\/wp-content\/uploads\/Projekt-bez-nazwy-86-2.png?zoom=2&amp;resize=800%2C800&amp;ssl=1 1600w\" sizes=\"auto, (max-width: 800px) 100vw, 800px\" data-attachment-id=\"17437\" data-permalink=\"https:\/\/blogaudioteka.wpcomstaging.com\/robert-m-wegner-przewodnik-po-tworczosci-jak-sluchac-opowiesci-z-meekhanskiego-pogranicza\/projekt-bez-nazwy-86-3\" data-orig-file=\"https:\/\/i0.wp.com\/blogaudioteka.wpcomstaging.com\/wp-content\/uploads\/Projekt-bez-nazwy-86-2.png?fit=1920%2C1080&amp;ssl=1\" data-orig-size=\"1920,1080\" data-comments-opened=\"0\" data-image-meta=\"{&quot;aperture&quot;:&quot;0&quot;,&quot;credit&quot;:&quot;&quot;,&quot;camera&quot;:&quot;&quot;,&quot;caption&quot;:&quot;&quot;,&quot;created_timestamp&quot;:&quot;0&quot;,&quot;copyright&quot;:&quot;&quot;,&quot;focal_length&quot;:&quot;0&quot;,&quot;iso&quot;:&quot;0&quot;,&quot;shutter_speed&quot;:&quot;0&quot;,&quot;title&quot;:&quot;&quot;,&quot;orientation&quot;:&quot;0&quot;}\" data-image-title=\"Projekt bez nazwy (86)\" data-image-description=\"\" data-image-caption=\"\" data-large-file=\"https:\/\/i0.wp.com\/blogaudioteka.wpcomstaging.com\/wp-content\/uploads\/Projekt-bez-nazwy-86-2.png?fit=1024%2C576&amp;ssl=1\" \/>\t\t\t\t\t\t\t\t\t\t\t\t<\/a>\n\t\t\t\t\n\t\t\t\t\t\t\t<\/figure><!-- .featured-image -->\n\t\t\n\t\t<div class=\"entry-wrapper\">\n\t\t\t<h3 class=\"entry-title\"><a href=\"https:\/\/blogaudioteka.wpcomstaging.com\/robert-m-wegner-przewodnik-po-tworczosci-jak-sluchac-opowiesci-z-meekhanskiego-pogranicza\" rel=\"bookmark\">Robert M. Wegner \u2013 przewodnik po tw\u00f3rczo\u015bci. Jak s\u0142ucha\u0107 &#8222;Opowie\u015bci z&nbsp;Meekha\u0144skiego Pogranicza\u201d?<\/a><\/h3>\t\t\t\t\t\tRobert M. Wegner stworzy\u0142 jeden z&nbsp;najwa\u017cniejszych cykli polskiej fantasy ostatnich lat \u2013 monumentalny, wielog\u0142osowy i&nbsp;zaskakuj\u0105co dojrza\u0142y \u015bwiat, w&nbsp;kt\u00f3rym polityka, wojna, religia, magia i&nbsp;osobiste dramaty splataj\u0105 si\u0119 w&nbsp;opowie\u015b\u0107 wi\u0119ksz\u0105 ni\u017c pojedynczy bohater. &#8222;Opowie\u015bci z&nbsp;Meekha\u0144skiego Pogranicza\u201d to seria, do kt\u00f3rej warto wej\u015b\u0107 bez po\u015bpiechu, najlepiej od pocz\u0105tku i&nbsp;najlepiej w&nbsp;wersji\u2026\t\t\t\t<div class=\"entry-meta\">\n\t\t\t\t\t<a href=\"https:\/\/blogaudioteka.wpcomstaging.com\/autor\/zbialas\"><\/a>\t\t\t\t\t\t<span class=\"byline\">\n\t\t\t\t\t\t\t<span class=\"author-prefix\">przez<\/span> <span class=\"author vcard\"><a class=\"url fn n\" href=\"https:\/\/blogaudioteka.wpcomstaging.com\/autor\/zbialas\">Zuzanna Bia\u0142as<\/a><\/span>\t\t\t\t\t\t<\/span><!-- .author-name -->\n\t\t\t\t\t\t<time class=\"entry-date published\" datetime=\"2026-04-29T13:48:02+02:00\">29 kwietnia 2026<\/time><time class=\"updated\" datetime=\"2026-04-29T13:48:05+02:00\">29 kwietnia 2026<\/time>\t\t\t\t<\/div><!-- .entry-meta -->\n\t\t\t\t\t<\/div><!-- .entry-wrapper -->\n\t<\/article>\n\n\t\t\n\t<article data-post-id=\"17381\"\n\t\tclass=\"category-aktualnosci category-newsy type-post post-has-image\"\n\t\t\t\t>\n\t\t\t\t\t\t\t<figure class=\"post-thumbnail\">\n\t\t\t\t\t\t\t\t<a href=\"https:\/\/blogaudioteka.wpcomstaging.com\/ponad-2-300-audiobookow-od-wydawnictwa-heraclon-international-w-audioteka-klub\" rel=\"bookmark\" tabindex=\"-1\" aria-hidden=\"true\">\n\t\t\t\t\t\t\t\t\t\t\t\t<img loading=\"lazy\" decoding=\"async\" width=\"800\" height=\"800\" src=\"https:\/\/i0.wp.com\/blogaudioteka.wpcomstaging.com\/wp-content\/uploads\/Projekt-bez-nazwy-1-2.jpg?resize=800%2C800&amp;ssl=1\" class=\"attachment-newspack-article-block-square-medium size-newspack-article-block-square-medium wp-post-image\" alt=\"Ponad 2.300 audiobook\u00f3w od Wydawnictwa Heraclon International w&nbsp;Audioteka Klub\" data-hero-candidate=\"1\" srcset=\"https:\/\/i0.wp.com\/blogaudioteka.wpcomstaging.com\/wp-content\/uploads\/Projekt-bez-nazwy-1-2.jpg?resize=150%2C150&amp;ssl=1 150w, https:\/\/i0.wp.com\/blogaudioteka.wpcomstaging.com\/wp-content\/uploads\/Projekt-bez-nazwy-1-2.jpg?resize=400%2C400&amp;ssl=1 400w, https:\/\/i0.wp.com\/blogaudioteka.wpcomstaging.com\/wp-content\/uploads\/Projekt-bez-nazwy-1-2.jpg?resize=148%2C148&amp;ssl=1 148w, https:\/\/i0.wp.com\/blogaudioteka.wpcomstaging.com\/wp-content\/uploads\/Projekt-bez-nazwy-1-2.jpg?resize=296%2C296&amp;ssl=1 296w, https:\/\/i0.wp.com\/blogaudioteka.wpcomstaging.com\/wp-content\/uploads\/Projekt-bez-nazwy-1-2.jpg?zoom=2&amp;resize=800%2C800&amp;ssl=1 1600w\" sizes=\"auto, (max-width: 800px) 100vw, 800px\" data-attachment-id=\"17415\" data-permalink=\"https:\/\/blogaudioteka.wpcomstaging.com\/ponad-2-300-audiobookow-od-wydawnictwa-heraclon-international-w-audioteka-klub\/projekt-bez-nazwy-1-5\" data-orig-file=\"https:\/\/i0.wp.com\/blogaudioteka.wpcomstaging.com\/wp-content\/uploads\/Projekt-bez-nazwy-1-2.jpg?fit=1920%2C1080&amp;ssl=1\" data-orig-size=\"1920,1080\" data-comments-opened=\"0\" data-image-meta=\"{&quot;aperture&quot;:&quot;0&quot;,&quot;credit&quot;:&quot;&quot;,&quot;camera&quot;:&quot;&quot;,&quot;caption&quot;:&quot;&quot;,&quot;created_timestamp&quot;:&quot;0&quot;,&quot;copyright&quot;:&quot;&quot;,&quot;focal_length&quot;:&quot;0&quot;,&quot;iso&quot;:&quot;0&quot;,&quot;shutter_speed&quot;:&quot;0&quot;,&quot;title&quot;:&quot;&quot;,&quot;orientation&quot;:&quot;1&quot;}\" data-image-title=\"Projekt bez nazwy (1)\" data-image-description=\"\" data-image-caption=\"\" data-large-file=\"https:\/\/i0.wp.com\/blogaudioteka.wpcomstaging.com\/wp-content\/uploads\/Projekt-bez-nazwy-1-2.jpg?fit=1024%2C576&amp;ssl=1\" \/>\t\t\t\t\t\t\t\t\t\t\t\t<\/a>\n\t\t\t\t\n\t\t\t\t\t\t\t<\/figure><!-- .featured-image -->\n\t\t\n\t\t<div class=\"entry-wrapper\">\n\t\t\t<h3 class=\"entry-title\"><a href=\"https:\/\/blogaudioteka.wpcomstaging.com\/ponad-2-300-audiobookow-od-wydawnictwa-heraclon-international-w-audioteka-klub\" rel=\"bookmark\">Ponad 2.300 audiobook\u00f3w od Wydawnictwa Heraclon International w&nbsp;Audioteka Klub<\/a><\/h3>\t\t\t\t\t\tMamy fantastyczn\u0105 wiadomo\u015b\u0107 dla wszystkich mi\u0142o\u015bnik\u00f3w dobrej literatury i&nbsp;opowie\u015bci w&nbsp;formacie audio! Oferta Klubu Audioteki w\u0142a\u015bnie powi\u0119kszy\u0142a si\u0119 o&nbsp;niesamowit\u0105 liczb\u0119 2 300 tytu\u0142\u00f3w od Wydawnictwa Heraclon International. Je\u015bli szukacie wci\u0105gaj\u0105cych historii, kt\u00f3re umil\u0105 Wam codzienne obowi\u0105zki, podr\u00f3\u017c do pracy czy wieczorny relaks \u2013 w\u0142a\u015bnie otrzymali\u015bcie do nich nieograniczony dost\u0119p. Pasja do literatury i\u2026\t\t\t\t<div class=\"entry-meta\">\n\t\t\t\t\t<a href=\"https:\/\/blogaudioteka.wpcomstaging.com\/autor\/mwysokinska\"><\/a>\t\t\t\t\t\t<span class=\"byline\">\n\t\t\t\t\t\t\t<span class=\"author-prefix\">przez<\/span> <span class=\"author vcard\"><a class=\"url fn n\" href=\"https:\/\/blogaudioteka.wpcomstaging.com\/autor\/mwysokinska\">Martyna Wysoki\u0144ska<\/a><\/span>\t\t\t\t\t\t<\/span><!-- .author-name -->\n\t\t\t\t\t\t<time class=\"entry-date published\" datetime=\"2026-04-29T13:23:25+02:00\">29 kwietnia 2026<\/time><time class=\"updated\" datetime=\"2026-04-29T13:23:28+02:00\">29 kwietnia 2026<\/time>\t\t\t\t<\/div><!-- .entry-meta -->\n\t\t\t\t\t<\/div><!-- .entry-wrapper -->\n\t<\/article>\n\n\t\t\n\t<article data-post-id=\"17384\"\n\t\tclass=\"category-porady category-poradniki type-post post-has-image\"\n\t\t\t\t>\n\t\t\t\t\t\t\t<figure class=\"post-thumbnail\">\n\t\t\t\t\t\t\t\t<a href=\"https:\/\/blogaudioteka.wpcomstaging.com\/kompletny-przewodnik-po-trylogii-stulecie-kena-folletta-wszystko-o-superprodukcji-i-premierze-krawedzi-wiecznosci-w-gwiazdorskiej-obsadzie\" rel=\"bookmark\" tabindex=\"-1\" aria-hidden=\"true\">\n\t\t\t\t\t\t\t\t\t\t\t\t<img loading=\"lazy\" decoding=\"async\" width=\"800\" height=\"800\" src=\"https:\/\/i0.wp.com\/blogaudioteka.wpcomstaging.com\/wp-content\/uploads\/McP18-SQ-e1777381661917.png?resize=800%2C800&amp;ssl=1\" class=\"attachment-newspack-article-block-square-medium size-newspack-article-block-square-medium wp-post-image\" alt=\"Kompletny przewodnik po trylogii \u201eStulecie\u201d Kena Folletta \u2013 wszystko o&nbsp;superprodukcji i&nbsp;premierze \u201eKraw\u0119dzi wieczno\u015bci\u201d w&nbsp;gwiazdorskiej obsadzie!\" data-hero-candidate=\"1\" srcset=\"https:\/\/i0.wp.com\/blogaudioteka.wpcomstaging.com\/wp-content\/uploads\/McP18-SQ-e1777381661917.png?resize=150%2C150&amp;ssl=1 150w, https:\/\/i0.wp.com\/blogaudioteka.wpcomstaging.com\/wp-content\/uploads\/McP18-SQ-e1777381661917.png?resize=400%2C400&amp;ssl=1 400w, https:\/\/i0.wp.com\/blogaudioteka.wpcomstaging.com\/wp-content\/uploads\/McP18-SQ-e1777381661917.png?resize=148%2C148&amp;ssl=1 148w, https:\/\/i0.wp.com\/blogaudioteka.wpcomstaging.com\/wp-content\/uploads\/McP18-SQ-e1777381661917.png?resize=296%2C296&amp;ssl=1 296w, https:\/\/i0.wp.com\/blogaudioteka.wpcomstaging.com\/wp-content\/uploads\/McP18-SQ-e1777381661917.png?zoom=2&amp;resize=800%2C800&amp;ssl=1 1600w\" sizes=\"auto, (max-width: 800px) 100vw, 800px\" data-attachment-id=\"17396\" data-permalink=\"https:\/\/blogaudioteka.wpcomstaging.com\/kompletny-przewodnik-po-trylogii-stulecie-kena-folletta-wszystko-o-superprodukcji-i-premierze-krawedzi-wiecznosci-w-gwiazdorskiej-obsadzie\/mcp18-sq\" data-orig-file=\"https:\/\/i0.wp.com\/blogaudioteka.wpcomstaging.com\/wp-content\/uploads\/McP18-SQ-e1777381661917.png?fit=1920%2C944&amp;ssl=1\" data-orig-size=\"1920,944\" data-comments-opened=\"0\" data-image-meta=\"{&quot;aperture&quot;:&quot;0&quot;,&quot;credit&quot;:&quot;&quot;,&quot;camera&quot;:&quot;&quot;,&quot;caption&quot;:&quot;&quot;,&quot;created_timestamp&quot;:&quot;0&quot;,&quot;copyright&quot;:&quot;&quot;,&quot;focal_length&quot;:&quot;0&quot;,&quot;iso&quot;:&quot;0&quot;,&quot;shutter_speed&quot;:&quot;0&quot;,&quot;title&quot;:&quot;&quot;,&quot;orientation&quot;:&quot;0&quot;}\" data-image-title=\"McP18-SQ\" data-image-description=\"\" data-image-caption=\"\" data-large-file=\"https:\/\/i0.wp.com\/blogaudioteka.wpcomstaging.com\/wp-content\/uploads\/McP18-SQ-e1777381661917.png?fit=1024%2C503&amp;ssl=1\" \/>\t\t\t\t\t\t\t\t\t\t\t\t<\/a>\n\t\t\t\t\n\t\t\t\t\t\t\t<\/figure><!-- .featured-image -->\n\t\t\n\t\t<div class=\"entry-wrapper\">\n\t\t\t<h3 class=\"entry-title\"><a href=\"https:\/\/blogaudioteka.wpcomstaging.com\/kompletny-przewodnik-po-trylogii-stulecie-kena-folletta-wszystko-o-superprodukcji-i-premierze-krawedzi-wiecznosci-w-gwiazdorskiej-obsadzie\" rel=\"bookmark\">Kompletny przewodnik po trylogii \u201eStulecie\u201d Kena Folletta \u2013 wszystko o&nbsp;superprodukcji i&nbsp;premierze \u201eKraw\u0119dzi wieczno\u015bci\u201d w&nbsp;gwiazdorskiej obsadzie!<\/a><\/h3>\t\t\t\t\t\tMonumentalna, epicka, porywaj\u0105ca \u2013 tak najkr\u00f3cej mo\u017cna opisa\u0107 trylogi\u0119 \u201eStulecie\u201d autorstwa Kena Folletta. Z&nbsp;okazji premiery \u201eKraw\u0119dzi wieczno\u015bci\u201d (fina\u0142owej cz\u0119\u015bci trylogii \u201eStulecie\u201d) przygotowali\u015bmy dla Was kompletny przewodnik po tomach i&nbsp;superprodukcjach Audioteki. W&nbsp;tym artykule przybli\u017cymy sylwetk\u0119 samego autora, sprawdzimy, jakie w\u0105tki kryj\u0105 si\u0119 w&nbsp;fabule i&nbsp;dla kogo ten cykl b\u0119dzie strza\u0142em w&nbsp;dziesi\u0105tk\u0119.\u2026\t\t\t\t<div class=\"entry-meta\">\n\t\t\t\t\t<a href=\"https:\/\/blogaudioteka.wpcomstaging.com\/autor\/dominikazieba\"><\/a>\t\t\t\t\t\t<span class=\"byline\">\n\t\t\t\t\t\t\t<span class=\"author-prefix\">przez<\/span> <span class=\"author vcard\"><a class=\"url fn n\" href=\"https:\/\/blogaudioteka.wpcomstaging.com\/autor\/dominikazieba\">Dominika Zi\u0119ba<\/a><\/span>\t\t\t\t\t\t<\/span><!-- .author-name -->\n\t\t\t\t\t\t<time class=\"entry-date published\" datetime=\"2026-04-28T15:07:03+02:00\">28 kwietnia 2026<\/time><time class=\"updated\" datetime=\"2026-04-28T15:11:41+02:00\">28 kwietnia 2026<\/time>\t\t\t\t<\/div><!-- .entry-meta -->\n\t\t\t\t\t<\/div><!-- .entry-wrapper -->\n\t<\/article>\n\n\t\t\t\t<\/div>\n\t\t\n\t<\/div>\n\t","protected":false},"excerpt":{"rendered":"Fani Dana Browna na ca\u0142ym \u015bwiecie mog\u0105 zaciera\u0107 r\u0119ce! Po o\u015bmiu latach wyczekiwania autor mi\u0119dzynarodowych bestseller\u00f3w, znany z&nbsp;tak&hellip;","protected":false},"author":264736303,"featured_media":8759,"comment_status":"closed","ping_status":"closed","sticky":false,"template":"","format":"standard","meta":{"_crdt_document":"","csco_display_header_overlay":false,"csco_singular_sidebar":"","csco_page_header_type":"","_jetpack_memberships_contains_paid_content":false,"footnotes":""},"categories":[14931,14935],"tags":[],"class_list":{"0":"post-8745","1":"post","2":"type-post","3":"status-publish","4":"format-standard","5":"has-post-thumbnail","7":"category-aktualnosci","8":"category-lifestylowe","9":"cs-entry"},"jetpack_featured_media_url":"https:\/\/i0.wp.com\/blogaudioteka.wpcomstaging.com\/wp-content\/uploads\/Projekt-bez-nazwy-3-1.jpg?fit=1920%2C1080&ssl=1","jetpack_sharing_enabled":true,"_links":{"self":[{"href":"https:\/\/blogaudioteka.wpcomstaging.com\/wp-json\/wp\/v2\/posts\/8745","targetHints":{"allow":["GET"]}}],"collection":[{"href":"https:\/\/blogaudioteka.wpcomstaging.com\/wp-json\/wp\/v2\/posts"}],"about":[{"href":"https:\/\/blogaudioteka.wpcomstaging.com\/wp-json\/wp\/v2\/types\/post"}],"author":[{"embeddable":true,"href":"https:\/\/blogaudioteka.wpcomstaging.com\/wp-json\/wp\/v2\/users\/264736303"}],"replies":[{"embeddable":true,"href":"https:\/\/blogaudioteka.wpcomstaging.com\/wp-json\/wp\/v2\/comments?post=8745"}],"version-history":[{"count":9,"href":"https:\/\/blogaudioteka.wpcomstaging.com\/wp-json\/wp\/v2\/posts\/8745\/revisions"}],"predecessor-version":[{"id":8921,"href":"https:\/\/blogaudioteka.wpcomstaging.com\/wp-json\/wp\/v2\/posts\/8745\/revisions\/8921"}],"wp:featuredmedia":[{"embeddable":true,"href":"https:\/\/blogaudioteka.wpcomstaging.com\/wp-json\/wp\/v2\/media\/8759"}],"wp:attachment":[{"href":"https:\/\/blogaudioteka.wpcomstaging.com\/wp-json\/wp\/v2\/media?parent=8745"}],"wp:term":[{"taxonomy":"category","embeddable":true,"href":"https:\/\/blogaudioteka.wpcomstaging.com\/wp-json\/wp\/v2\/categories?post=8745"},{"taxonomy":"post_tag","embeddable":true,"href":"https:\/\/blogaudioteka.wpcomstaging.com\/wp-json\/wp\/v2\/tags?post=8745"}],"curies":[{"name":"wp","href":"https:\/\/api.w.org\/{rel}","templated":true}]}}