{"id":7943,"date":"2025-08-28T11:03:49","date_gmt":"2025-08-28T09:03:49","guid":{"rendered":"https:\/\/blogaudioteka.wpcomstaging.com\/?p=7943"},"modified":"2025-08-28T11:03:52","modified_gmt":"2025-08-28T09:03:52","slug":"ksiazki-ewy-woydyllo-ktore-kazdy-powinien-poznac-tych-tytulow-posluchasz-w-audiotece","status":"publish","type":"post","link":"https:\/\/blogaudioteka.wpcomstaging.com\/ksiazki-ewy-woydyllo-ktore-kazdy-powinien-poznac-tych-tytulow-posluchasz-w-audiotece","title":{"rendered":"Ksi\u0105\u017cki Ewy Woydy\u0142\u0142o, kt\u00f3re ka\u017cdy powinien pozna\u0107 &#8211; tych tytu\u0142\u00f3w pos\u0142uchasz w Audiotece!"},"content":{"rendered":"\n<p class=\"has-text-align-justify wp-block-paragraph\"><strong>Ewa Woydy\u0142\u0142o od lat nazywana jest \u201eg\u0142osem rozs\u0105dku i&nbsp;empatii\u201d polskiej psychologii. Jej ksi\u0105\u017cki towarzysz\u0105 ludziom w&nbsp;chwilach kryzysu, inspiruj\u0105 do zmiany i&nbsp;ucz\u0105, jak oswoi\u0107 emocje, kt\u00f3re cz\u0119sto wymykaj\u0105 si\u0119 spod kontroli. To literatura, kt\u00f3ra nie moralizuje, lecz podaje r\u0119k\u0119 \u2013 pe\u0142na \u017cyciowej m\u0105dro\u015bci i&nbsp;prostych, a&nbsp;zarazem g\u0142\u0119bokich prawd o&nbsp;cz\u0142owieku. Teraz najwa\u017cniejsze tytu\u0142y autorki mo\u017cesz pozna\u0107 w&nbsp;zupe\u0142nie nowy spos\u00f3b \u2013 s\u0142uchaj\u0105c ich w&nbsp;Audiotece. To podr\u00f3\u017c, kt\u00f3ra \u0142\u0105czy refleksj\u0119 z&nbsp;koj\u0105c\u0105 narracj\u0105, a&nbsp;ka\u017cde zdanie brzmi tak, jakby by\u0142o skierowane w\u0142a\u015bnie do Ciebie.<\/strong><\/p>\n\n\n\n<div id=\"ez-toc-container\" class=\"ez-toc-v2_0_82_2 counter-hierarchy ez-toc-counter ez-toc-grey ez-toc-container-direction\">\n<div class=\"ez-toc-title-container\"><span class=\"ez-toc-title\" style=\"cursor:inherit\">Spis tre\u015bci<\/span>\n<\/div><nav><ul class='ez-toc-list ez-toc-list-level-1 ' ><li class='ez-toc-page-1 ez-toc-heading-level-2'><a class=\"ez-toc-link ez-toc-heading-1\" href=\"https:\/\/blogaudioteka.wpcomstaging.com\/ksiazki-ewy-woydyllo-ktore-kazdy-powinien-poznac-tych-tytulow-posluchasz-w-audiotece\/#Najlepsze_audiobooki_Ewy_Woydyllo_%E2%80%93_%E2%80%9EZakrety_zycia%E2%80%9D_i_%E2%80%9ESzczescia_mozna_sie_nauczyc%E2%80%9D\" >Najlepsze audiobooki Ewy Woydy\u0142\u0142o \u2013 \u201eZakr\u0119ty \u017cycia\u201d i&nbsp;\u201eSzcz\u0119\u015bcia mo\u017cna si\u0119 nauczy\u0107\u201d<\/a><\/li><li class='ez-toc-page-1 ez-toc-heading-level-2'><a class=\"ez-toc-link ez-toc-heading-2\" href=\"https:\/\/blogaudioteka.wpcomstaging.com\/ksiazki-ewy-woydyllo-ktore-kazdy-powinien-poznac-tych-tytulow-posluchasz-w-audiotece\/#%E2%80%9EO_wstydzie_bez_wstydu%E2%80%9D_i_%E2%80%9EUkoic_siebie%E2%80%9D_%E2%80%93_audiobooki_o_emocjach_ktore_kazdy_powinien_znac\" >\u201eO wstydzie bez wstydu\u201d i&nbsp;\u201eUkoi\u0107 siebie\u201d \u2013 audiobooki o&nbsp;emocjach, kt\u00f3re ka\u017cdy powinien zna\u0107<\/a><\/li><li class='ez-toc-page-1 ez-toc-heading-level-2'><a class=\"ez-toc-link ez-toc-heading-3\" href=\"https:\/\/blogaudioteka.wpcomstaging.com\/ksiazki-ewy-woydyllo-ktore-kazdy-powinien-poznac-tych-tytulow-posluchasz-w-audiotece\/#%E2%80%9ESekrety_kobiet%E2%80%9D_i_inne_audiobooki_dla_kobiet_autorstwa_Ewy_Woydyllo\" >\u201eSekrety kobiet\u201d i&nbsp;inne audiobooki dla kobiet autorstwa Ewy Woydy\u0142\u0142o<\/a><\/li><li class='ez-toc-page-1 ez-toc-heading-level-2'><a class=\"ez-toc-link ez-toc-heading-4\" href=\"https:\/\/blogaudioteka.wpcomstaging.com\/ksiazki-ewy-woydyllo-ktore-kazdy-powinien-poznac-tych-tytulow-posluchasz-w-audiotece\/#Audiobooki_Ewy_Woydyllo_o_uzaleznieniach_i_trudnych_doswiadczeniach\" >Audiobooki Ewy Woydy\u0142\u0142o o&nbsp;uzale\u017cnieniach i&nbsp;trudnych do\u015bwiadczeniach<\/a><\/li><li class='ez-toc-page-1 ez-toc-heading-level-2'><a class=\"ez-toc-link ez-toc-heading-5\" href=\"https:\/\/blogaudioteka.wpcomstaging.com\/ksiazki-ewy-woydyllo-ktore-kazdy-powinien-poznac-tych-tytulow-posluchasz-w-audiotece\/#Ewa_Woydyllo_w_Audiotece_%E2%80%93_ksiazki_i_podcasty_ktore_inspiruja\" >Ewa Woydy\u0142\u0142o w&nbsp;Audiotece \u2013 ksi\u0105\u017cki i&nbsp;podcasty, kt\u00f3re inspiruj\u0105<\/a><\/li><\/ul><\/nav><\/div>\n<h2 class=\"wp-block-heading\"><span class=\"ez-toc-section\" id=\"Najlepsze_audiobooki_Ewy_Woydyllo_%E2%80%93_%E2%80%9EZakrety_zycia%E2%80%9D_i_%E2%80%9ESzczescia_mozna_sie_nauczyc%E2%80%9D\"><\/span>Najlepsze audiobooki Ewy Woydy\u0142\u0142o \u2013 \u201eZakr\u0119ty \u017cycia\u201d i&nbsp;\u201eSzcz\u0119\u015bcia mo\u017cna si\u0119 nauczy\u0107\u201d<span class=\"ez-toc-section-end\"><\/span><\/h2>\n\n\n\n<p class=\"has-text-align-justify wp-block-paragraph\">Jednym z&nbsp;najg\u0142o\u015bniejszych audiobook\u00f3w autorki jest <strong><a href=\"https:\/\/audioteka.com\/pl\/audiobook\/zakrety-zycia\/\" target=\"_blank\" rel=\"noopener\">\u201eZakr\u0119ty \u017cycia\u201d<\/a><\/strong>, gdzie Woydy\u0142\u0142o rozmawia o&nbsp;mi\u0142o\u015bci, depresji, na\u0142ogach i&nbsp;sztuce odnajdywania siebie. To zapis spotka\u0144 z&nbsp;cz\u0142owiekiem w&nbsp;jego najbardziej autentycznym wydaniu \u2013 w&nbsp;momentach zw\u0105tpienia i&nbsp;w chwilach triumfu. Podobny ton ma <strong><a href=\"https:\/\/audioteka.com\/pl\/audiobook\/szczescia-mozna-sie-nauczyc\/\" target=\"_blank\" rel=\"noopener\">\u201eSzcz\u0119\u015bcia mo\u017cna si\u0119 nauczy\u0107\u201d<\/a><\/strong> (napisana wsp\u00f3lnie z&nbsp;Agnieszk\u0105 Radomsk\u0105) \u2013 ksi\u0105\u017cka, kt\u00f3ra pokazuje, \u017ce rado\u015b\u0107 nie jest darem losu, ale umiej\u0119tno\u015bci\u0105, kt\u00f3r\u0105 mo\u017cna \u0107wiczy\u0107 ka\u017cdego dnia.<\/p>\n\n\n\n<figure class=\"wp-block-gallery has-nested-images columns-default is-cropped wp-block-gallery-6 is-layout-flex wp-block-gallery-is-layout-flex\">\n<figure class=\"wp-block-image size-large\"><img loading=\"lazy\" decoding=\"async\" width=\"300\" height=\"300\" data-attachment-id=\"8002\" data-permalink=\"https:\/\/blogaudioteka.wpcomstaging.com\/ksiazki-ewy-woydyllo-ktore-kazdy-powinien-poznac-tych-tytulow-posluchasz-w-audiotece\/szczescia-mozna-sie-nauczyc\" data-orig-file=\"https:\/\/blogaudioteka.wpcomstaging.com\/wp-content\/uploads\/szczescia-mozna-sie-nauczyc.avif\" data-orig-size=\"300,300\" data-comments-opened=\"0\" data-image-meta=\"{&quot;aperture&quot;:&quot;0&quot;,&quot;credit&quot;:&quot;&quot;,&quot;camera&quot;:&quot;&quot;,&quot;caption&quot;:&quot;&quot;,&quot;created_timestamp&quot;:&quot;0&quot;,&quot;copyright&quot;:&quot;&quot;,&quot;focal_length&quot;:&quot;0&quot;,&quot;iso&quot;:&quot;0&quot;,&quot;shutter_speed&quot;:&quot;0&quot;,&quot;title&quot;:&quot;&quot;,&quot;orientation&quot;:&quot;0&quot;}\" data-image-title=\"szczescia-mozna-sie-nauczyc\" data-image-description=\"\" data-image-caption=\"\" data-large-file=\"https:\/\/blogaudioteka.wpcomstaging.com\/wp-content\/uploads\/szczescia-mozna-sie-nauczyc.avif\" data-id=\"8002\" src=\"https:\/\/blogaudioteka.wpcomstaging.com\/wp-content\/uploads\/szczescia-mozna-sie-nauczyc.avif\" alt=\"\" class=\"wp-image-8002\" srcset=\"https:\/\/blogaudioteka.wpcomstaging.com\/wp-content\/uploads\/szczescia-mozna-sie-nauczyc.avif 300w, https:\/\/blogaudioteka.wpcomstaging.com\/wp-content\/uploads\/szczescia-mozna-sie-nauczyc-150x150.avif 150w, https:\/\/blogaudioteka.wpcomstaging.com\/wp-content\/uploads\/szczescia-mozna-sie-nauczyc-200x200.avif 200w, https:\/\/blogaudioteka.wpcomstaging.com\/wp-content\/uploads\/szczescia-mozna-sie-nauczyc-148x148.avif 148w, https:\/\/blogaudioteka.wpcomstaging.com\/wp-content\/uploads\/szczescia-mozna-sie-nauczyc-296x296.avif 296w\" sizes=\"auto, (max-width: 300px) 100vw, 300px\" \/><\/figure>\n\n\n\n<figure class=\"wp-block-image size-large\"><img loading=\"lazy\" decoding=\"async\" width=\"300\" height=\"300\" data-attachment-id=\"8003\" data-permalink=\"https:\/\/blogaudioteka.wpcomstaging.com\/ksiazki-ewy-woydyllo-ktore-kazdy-powinien-poznac-tych-tytulow-posluchasz-w-audiotece\/zakrety-zycia-original-1\" data-orig-file=\"https:\/\/blogaudioteka.wpcomstaging.com\/wp-content\/uploads\/zakrety-zycia-original-1.avif\" data-orig-size=\"300,300\" data-comments-opened=\"0\" data-image-meta=\"{&quot;aperture&quot;:&quot;0&quot;,&quot;credit&quot;:&quot;&quot;,&quot;camera&quot;:&quot;&quot;,&quot;caption&quot;:&quot;&quot;,&quot;created_timestamp&quot;:&quot;0&quot;,&quot;copyright&quot;:&quot;&quot;,&quot;focal_length&quot;:&quot;0&quot;,&quot;iso&quot;:&quot;0&quot;,&quot;shutter_speed&quot;:&quot;0&quot;,&quot;title&quot;:&quot;&quot;,&quot;orientation&quot;:&quot;0&quot;}\" data-image-title=\"zakrety-zycia-original (1)\" data-image-description=\"\" data-image-caption=\"\" data-large-file=\"https:\/\/blogaudioteka.wpcomstaging.com\/wp-content\/uploads\/zakrety-zycia-original-1.avif\" data-id=\"8003\" src=\"https:\/\/blogaudioteka.wpcomstaging.com\/wp-content\/uploads\/zakrety-zycia-original-1.avif\" alt=\"\" class=\"wp-image-8003\" srcset=\"https:\/\/blogaudioteka.wpcomstaging.com\/wp-content\/uploads\/zakrety-zycia-original-1.avif 300w, https:\/\/blogaudioteka.wpcomstaging.com\/wp-content\/uploads\/zakrety-zycia-original-1-150x150.avif 150w, https:\/\/blogaudioteka.wpcomstaging.com\/wp-content\/uploads\/zakrety-zycia-original-1-200x200.avif 200w, https:\/\/blogaudioteka.wpcomstaging.com\/wp-content\/uploads\/zakrety-zycia-original-1-148x148.avif 148w, https:\/\/blogaudioteka.wpcomstaging.com\/wp-content\/uploads\/zakrety-zycia-original-1-296x296.avif 296w\" sizes=\"auto, (max-width: 300px) 100vw, 300px\" \/><\/figure>\n<\/figure>\n\n\n\n<p class=\"has-text-align-justify wp-block-paragraph\">Ogromn\u0105 popularno\u015bci\u0105 cieszy si\u0119 tak\u017ce <strong><a href=\"https:\/\/audioteka.com\/pl\/audiobook\/droga-do-siebie-o-poczuciu-wartosci\/\" target=\"_blank\" rel=\"noopener\">\u201eDroga do siebie. O&nbsp;poczuciu warto\u015bci\u201d<\/a><\/strong>, audiobook b\u0119d\u0105cy przewodnikiem w&nbsp;pracy nad samoakceptacj\u0105. Woydy\u0142\u0142o przypomina w&nbsp;nim, \u017ce zdrowa relacja ze \u015bwiatem zaczyna si\u0119 od zdrowej relacji z&nbsp;samym sob\u0105.<\/p>\n\n\n\n<h2 class=\"wp-block-heading\"><span class=\"ez-toc-section\" id=\"%E2%80%9EO_wstydzie_bez_wstydu%E2%80%9D_i_%E2%80%9EUkoic_siebie%E2%80%9D_%E2%80%93_audiobooki_o_emocjach_ktore_kazdy_powinien_znac\"><\/span>\u201eO wstydzie bez wstydu\u201d i&nbsp;\u201eUkoi\u0107 siebie\u201d \u2013 audiobooki o&nbsp;emocjach, kt\u00f3re ka\u017cdy powinien zna\u0107<span class=\"ez-toc-section-end\"><\/span><\/h2>\n\n\n\n<p class=\"has-text-align-justify wp-block-paragraph\">W duecie z&nbsp;Martyn\u0105 Harland autorka stworzy\u0142a niezwykle poruszaj\u0105ce ksi\u0105\u017cki: <strong><a href=\"https:\/\/audioteka.com\/pl\/audiobook\/o-wstydzie-bez-wstydu-poczuj-sie-dobrze-ze-soba\/\" target=\"_blank\" rel=\"noopener\">\u201eO wstydzie bez wstydu\u201d<\/a><\/strong> i&nbsp;<strong><a href=\"https:\/\/audioteka.com\/pl\/audiobook\/ukoic-siebie-czyli-jak-oswoic-lek-i-traume\/\" target=\"_blank\" rel=\"noopener\">\u201eUkoi\u0107 siebie. Czyli jak oswoi\u0107 l\u0119k i&nbsp;traum\u0119\u201d<\/a><\/strong>. Pierwsza uczy, jak uwolni\u0107 si\u0119 od kr\u0119puj\u0105cego ci\u0119\u017caru wstydu i&nbsp;zacz\u0105\u0107 \u017cy\u0107 pe\u0142ni\u0105 siebie. Druga \u2013 jak zrozumie\u0107 i&nbsp;przepracowa\u0107 traum\u0119, by przesz\u0142o\u015b\u0107 nie rz\u0105dzi\u0142a naszym tu i&nbsp;teraz. To audiobooki, kt\u00f3re mo\u017cna traktowa\u0107 jak spotkania terapeutyczne \u2013 szczere, empatyczne i&nbsp;pe\u0142ne przyk\u0142ad\u00f3w z&nbsp;\u017cycia.<\/p>\n\n\n\n<figure class=\"wp-block-gallery has-nested-images columns-default is-cropped wp-block-gallery-7 is-layout-flex wp-block-gallery-is-layout-flex\">\n<figure class=\"wp-block-image size-large\"><img loading=\"lazy\" decoding=\"async\" width=\"300\" height=\"300\" data-attachment-id=\"8006\" data-permalink=\"https:\/\/blogaudioteka.wpcomstaging.com\/ksiazki-ewy-woydyllo-ktore-kazdy-powinien-poznac-tych-tytulow-posluchasz-w-audiotece\/ukoic-siebie-czyli-jak-oswoic-lek-i-traume-original\" data-orig-file=\"https:\/\/blogaudioteka.wpcomstaging.com\/wp-content\/uploads\/ukoic-siebie-czyli-jak-oswoic-lek-i-traume-original.avif\" data-orig-size=\"300,300\" data-comments-opened=\"0\" data-image-meta=\"{&quot;aperture&quot;:&quot;0&quot;,&quot;credit&quot;:&quot;&quot;,&quot;camera&quot;:&quot;&quot;,&quot;caption&quot;:&quot;&quot;,&quot;created_timestamp&quot;:&quot;0&quot;,&quot;copyright&quot;:&quot;&quot;,&quot;focal_length&quot;:&quot;0&quot;,&quot;iso&quot;:&quot;0&quot;,&quot;shutter_speed&quot;:&quot;0&quot;,&quot;title&quot;:&quot;&quot;,&quot;orientation&quot;:&quot;0&quot;}\" data-image-title=\"ukoic-siebie-czyli-jak-oswoic-lek-i-traume-original\" data-image-description=\"\" data-image-caption=\"\" data-large-file=\"https:\/\/blogaudioteka.wpcomstaging.com\/wp-content\/uploads\/ukoic-siebie-czyli-jak-oswoic-lek-i-traume-original.avif\" data-id=\"8006\" src=\"https:\/\/blogaudioteka.wpcomstaging.com\/wp-content\/uploads\/ukoic-siebie-czyli-jak-oswoic-lek-i-traume-original.avif\" alt=\"\" class=\"wp-image-8006\" srcset=\"https:\/\/blogaudioteka.wpcomstaging.com\/wp-content\/uploads\/ukoic-siebie-czyli-jak-oswoic-lek-i-traume-original.avif 300w, https:\/\/blogaudioteka.wpcomstaging.com\/wp-content\/uploads\/ukoic-siebie-czyli-jak-oswoic-lek-i-traume-original-150x150.avif 150w, https:\/\/blogaudioteka.wpcomstaging.com\/wp-content\/uploads\/ukoic-siebie-czyli-jak-oswoic-lek-i-traume-original-200x200.avif 200w, https:\/\/blogaudioteka.wpcomstaging.com\/wp-content\/uploads\/ukoic-siebie-czyli-jak-oswoic-lek-i-traume-original-148x148.avif 148w, https:\/\/blogaudioteka.wpcomstaging.com\/wp-content\/uploads\/ukoic-siebie-czyli-jak-oswoic-lek-i-traume-original-296x296.avif 296w\" sizes=\"auto, (max-width: 300px) 100vw, 300px\" \/><\/figure>\n\n\n\n<figure class=\"wp-block-image size-large\"><img loading=\"lazy\" decoding=\"async\" width=\"300\" height=\"300\" data-attachment-id=\"8005\" data-permalink=\"https:\/\/blogaudioteka.wpcomstaging.com\/ksiazki-ewy-woydyllo-ktore-kazdy-powinien-poznac-tych-tytulow-posluchasz-w-audiotece\/o-wstydzie-bez-wstydu-poczuj-sie-dobrze-ze-soba-original\" data-orig-file=\"https:\/\/blogaudioteka.wpcomstaging.com\/wp-content\/uploads\/o-wstydzie-bez-wstydu-poczuj-sie-dobrze-ze-soba-original.avif\" data-orig-size=\"300,300\" data-comments-opened=\"0\" data-image-meta=\"{&quot;aperture&quot;:&quot;0&quot;,&quot;credit&quot;:&quot;&quot;,&quot;camera&quot;:&quot;&quot;,&quot;caption&quot;:&quot;&quot;,&quot;created_timestamp&quot;:&quot;0&quot;,&quot;copyright&quot;:&quot;&quot;,&quot;focal_length&quot;:&quot;0&quot;,&quot;iso&quot;:&quot;0&quot;,&quot;shutter_speed&quot;:&quot;0&quot;,&quot;title&quot;:&quot;&quot;,&quot;orientation&quot;:&quot;0&quot;}\" data-image-title=\"o-wstydzie-bez-wstydu-poczuj-sie-dobrze-ze-soba-original\" data-image-description=\"\" data-image-caption=\"\" data-large-file=\"https:\/\/blogaudioteka.wpcomstaging.com\/wp-content\/uploads\/o-wstydzie-bez-wstydu-poczuj-sie-dobrze-ze-soba-original.avif\" data-id=\"8005\" src=\"https:\/\/blogaudioteka.wpcomstaging.com\/wp-content\/uploads\/o-wstydzie-bez-wstydu-poczuj-sie-dobrze-ze-soba-original.avif\" alt=\"\" class=\"wp-image-8005\" srcset=\"https:\/\/blogaudioteka.wpcomstaging.com\/wp-content\/uploads\/o-wstydzie-bez-wstydu-poczuj-sie-dobrze-ze-soba-original.avif 300w, https:\/\/blogaudioteka.wpcomstaging.com\/wp-content\/uploads\/o-wstydzie-bez-wstydu-poczuj-sie-dobrze-ze-soba-original-150x150.avif 150w, https:\/\/blogaudioteka.wpcomstaging.com\/wp-content\/uploads\/o-wstydzie-bez-wstydu-poczuj-sie-dobrze-ze-soba-original-200x200.avif 200w, https:\/\/blogaudioteka.wpcomstaging.com\/wp-content\/uploads\/o-wstydzie-bez-wstydu-poczuj-sie-dobrze-ze-soba-original-148x148.avif 148w, https:\/\/blogaudioteka.wpcomstaging.com\/wp-content\/uploads\/o-wstydzie-bez-wstydu-poczuj-sie-dobrze-ze-soba-original-296x296.avif 296w\" sizes=\"auto, (max-width: 300px) 100vw, 300px\" \/><\/figure>\n<\/figure>\n\n\n\n<p class=\"has-text-align-justify wp-block-paragraph\">Kolejn\u0105 wa\u017cn\u0105 pozycj\u0105 jest <strong><a href=\"https:\/\/audioteka.com\/pl\/audiobook\/my-rodzice-doroslych-dzieci\/\" target=\"_blank\" rel=\"noopener\">\u201eMy rodzice doros\u0142ych dzieci\u201d<\/a><\/strong> \u2013 audiobook dla pokolenia matek i&nbsp;ojc\u00f3w, kt\u00f3rzy musz\u0105 nauczy\u0107 si\u0119 odpuszcza\u0107 i&nbsp;pozwoli\u0107 swoim doros\u0142ym dzieciom \u017cy\u0107 po swojemu. To ksi\u0105\u017cka o&nbsp;mi\u0142o\u015bci, kt\u00f3ra nie wi\u0119zi, lecz daje przestrze\u0144 i&nbsp;akceptacj\u0119.<\/p>\n\n\n\n<h2 class=\"wp-block-heading\"><span class=\"ez-toc-section\" id=\"%E2%80%9ESekrety_kobiet%E2%80%9D_i_inne_audiobooki_dla_kobiet_autorstwa_Ewy_Woydyllo\"><\/span>\u201eSekrety kobiet\u201d i&nbsp;inne audiobooki dla kobiet autorstwa Ewy Woydy\u0142\u0142o<span class=\"ez-toc-section-end\"><\/span><\/h2>\n\n\n\n<p class=\"has-text-align-justify wp-block-paragraph\">Audioteka oferuje tak\u017ce tytu\u0142y skierowane szczeg\u00f3lnie do kobiet, takie jak <strong><a href=\"https:\/\/audioteka.com\/pl\/audiobook\/sekrety-kobiet\/\" target=\"_blank\" rel=\"noopener\">\u201eSekrety kobiet\u201d<\/a><\/strong> \u2013 niezwykle osobisty poradnik o&nbsp;emocjach, relacjach i&nbsp;odwadze bycia sob\u0105. W&nbsp;podobnym duchu utrzymany jest audiobook <strong><a href=\"https:\/\/audioteka.com\/pl\/audiobook\/nie-tylko-dla-kobiet-audioporadnik\/\" target=\"_blank\" rel=\"noopener\">\u201eNie tylko dla kobiet. Audioporadnik\u201d<\/a><\/strong>, kt\u00f3ry otwiera rozmow\u0119 o&nbsp;rolach spo\u0142ecznych i&nbsp;o tym, jak nie da\u0107 si\u0119 z\u0142ama\u0107 cudzym oczekiwaniom.<\/p>\n\n\n\n<figure class=\"wp-block-gallery has-nested-images columns-default is-cropped wp-block-gallery-8 is-layout-flex wp-block-gallery-is-layout-flex\">\n<figure class=\"wp-block-image size-large\"><img loading=\"lazy\" decoding=\"async\" width=\"300\" height=\"300\" data-attachment-id=\"8009\" data-permalink=\"https:\/\/blogaudioteka.wpcomstaging.com\/ksiazki-ewy-woydyllo-ktore-kazdy-powinien-poznac-tych-tytulow-posluchasz-w-audiotece\/nie-tylko-dla-kobiet-audioporadnik-original\" data-orig-file=\"https:\/\/blogaudioteka.wpcomstaging.com\/wp-content\/uploads\/nie-tylko-dla-kobiet-audioporadnik-original.avif\" data-orig-size=\"300,300\" data-comments-opened=\"0\" data-image-meta=\"{&quot;aperture&quot;:&quot;0&quot;,&quot;credit&quot;:&quot;&quot;,&quot;camera&quot;:&quot;&quot;,&quot;caption&quot;:&quot;&quot;,&quot;created_timestamp&quot;:&quot;0&quot;,&quot;copyright&quot;:&quot;&quot;,&quot;focal_length&quot;:&quot;0&quot;,&quot;iso&quot;:&quot;0&quot;,&quot;shutter_speed&quot;:&quot;0&quot;,&quot;title&quot;:&quot;&quot;,&quot;orientation&quot;:&quot;0&quot;}\" data-image-title=\"nie-tylko-dla-kobiet-audioporadnik-original\" data-image-description=\"\" data-image-caption=\"\" data-large-file=\"https:\/\/blogaudioteka.wpcomstaging.com\/wp-content\/uploads\/nie-tylko-dla-kobiet-audioporadnik-original.avif\" data-id=\"8009\" src=\"https:\/\/blogaudioteka.wpcomstaging.com\/wp-content\/uploads\/nie-tylko-dla-kobiet-audioporadnik-original.avif\" alt=\"\" class=\"wp-image-8009\" srcset=\"https:\/\/blogaudioteka.wpcomstaging.com\/wp-content\/uploads\/nie-tylko-dla-kobiet-audioporadnik-original.avif 300w, https:\/\/blogaudioteka.wpcomstaging.com\/wp-content\/uploads\/nie-tylko-dla-kobiet-audioporadnik-original-150x150.avif 150w, https:\/\/blogaudioteka.wpcomstaging.com\/wp-content\/uploads\/nie-tylko-dla-kobiet-audioporadnik-original-200x200.avif 200w, https:\/\/blogaudioteka.wpcomstaging.com\/wp-content\/uploads\/nie-tylko-dla-kobiet-audioporadnik-original-148x148.avif 148w, https:\/\/blogaudioteka.wpcomstaging.com\/wp-content\/uploads\/nie-tylko-dla-kobiet-audioporadnik-original-296x296.avif 296w\" sizes=\"auto, (max-width: 300px) 100vw, 300px\" \/><\/figure>\n\n\n\n<figure class=\"wp-block-image size-large\"><img loading=\"lazy\" decoding=\"async\" width=\"300\" height=\"300\" data-attachment-id=\"8008\" data-permalink=\"https:\/\/blogaudioteka.wpcomstaging.com\/ksiazki-ewy-woydyllo-ktore-kazdy-powinien-poznac-tych-tytulow-posluchasz-w-audiotece\/sekrety-kobiet-original\" data-orig-file=\"https:\/\/blogaudioteka.wpcomstaging.com\/wp-content\/uploads\/sekrety-kobiet-original.avif\" data-orig-size=\"300,300\" data-comments-opened=\"0\" data-image-meta=\"{&quot;aperture&quot;:&quot;0&quot;,&quot;credit&quot;:&quot;&quot;,&quot;camera&quot;:&quot;&quot;,&quot;caption&quot;:&quot;&quot;,&quot;created_timestamp&quot;:&quot;0&quot;,&quot;copyright&quot;:&quot;&quot;,&quot;focal_length&quot;:&quot;0&quot;,&quot;iso&quot;:&quot;0&quot;,&quot;shutter_speed&quot;:&quot;0&quot;,&quot;title&quot;:&quot;&quot;,&quot;orientation&quot;:&quot;0&quot;}\" data-image-title=\"sekrety-kobiet-original\" data-image-description=\"\" data-image-caption=\"\" data-large-file=\"https:\/\/blogaudioteka.wpcomstaging.com\/wp-content\/uploads\/sekrety-kobiet-original.avif\" data-id=\"8008\" src=\"https:\/\/blogaudioteka.wpcomstaging.com\/wp-content\/uploads\/sekrety-kobiet-original.avif\" alt=\"\" class=\"wp-image-8008\" srcset=\"https:\/\/blogaudioteka.wpcomstaging.com\/wp-content\/uploads\/sekrety-kobiet-original.avif 300w, https:\/\/blogaudioteka.wpcomstaging.com\/wp-content\/uploads\/sekrety-kobiet-original-150x150.avif 150w, https:\/\/blogaudioteka.wpcomstaging.com\/wp-content\/uploads\/sekrety-kobiet-original-200x200.avif 200w, https:\/\/blogaudioteka.wpcomstaging.com\/wp-content\/uploads\/sekrety-kobiet-original-148x148.avif 148w, https:\/\/blogaudioteka.wpcomstaging.com\/wp-content\/uploads\/sekrety-kobiet-original-296x296.avif 296w\" sizes=\"auto, (max-width: 300px) 100vw, 300px\" \/><\/figure>\n<\/figure>\n\n\n\n<p class=\"has-text-align-justify wp-block-paragraph\">Nie mo\u017cna pomin\u0105\u0107 ksi\u0105\u017cek nios\u0105cych nadziej\u0119 w&nbsp;codziennych zmaganiach: <strong><a href=\"https:\/\/audioteka.com\/pl\/audiobook\/podnies-glowe\/\" target=\"_blank\" rel=\"noopener\">\u201ePodnie\u015b g\u0142ow\u0119\u201d<\/a><\/strong>, <strong><a href=\"https:\/\/audioteka.com\/pl\/audiobook\/buty-szczescia\/\" target=\"_blank\" rel=\"noopener\">\u201eButy szcz\u0119\u015bcia\u201d<\/a><\/strong>, <strong><a href=\"https:\/\/audioteka.com\/pl\/audiobook\/zyc-lepiej\/\" target=\"_blank\" rel=\"noopener\">\u201e\u017by\u0107 lepiej\u201d<\/a><\/strong> czy <strong><a href=\"https:\/\/audioteka.com\/pl\/audiobook\/ludzie-ludzie\/\" target=\"_blank\" rel=\"noopener\">\u201eLudzie, ludzie\u201d<\/a><\/strong> \u2013 wszystkie one pokazuj\u0105, \u017ce nawet w&nbsp;kryzysie mo\u017cna znale\u017a\u0107 drog\u0119 do harmonii.<\/p>\n\n\n\n<h2 class=\"wp-block-heading\"><span class=\"ez-toc-section\" id=\"Audiobooki_Ewy_Woydyllo_o_uzaleznieniach_i_trudnych_doswiadczeniach\"><\/span>Audiobooki Ewy Woydy\u0142\u0142o o&nbsp;uzale\u017cnieniach i&nbsp;trudnych do\u015bwiadczeniach<span class=\"ez-toc-section-end\"><\/span><\/h2>\n\n\n\n<p class=\"has-text-align-justify wp-block-paragraph\">W dorobku <a href=\"https:\/\/audioteka.com\/pl\/autor\/ewa-woydyllo\/\" target=\"_blank\" rel=\"noopener\">Ewy Woydy\u0142\u0142o<\/a> znajdziemy te\u017c audiobooki dotykaj\u0105ce problemu uzale\u017cnie\u0144, m.in. <strong><a href=\"https:\/\/audioteka.com\/pl\/audiobook\/rak-duszy-o-alkoholizmie\/\" target=\"_blank\" rel=\"noopener\">\u201eRak duszy. O&nbsp;alkoholizmie\u201d<\/a><\/strong>, <strong><a href=\"https:\/\/audioteka.com\/pl\/audiobook\/nasz-bieg-z-przeszkodami\/\" target=\"_blank\" rel=\"noopener\">\u201eNasz bieg z&nbsp;przeszkodami\u201d<\/a><\/strong> czy <strong><a href=\"https:\/\/audioteka.com\/pl\/audiobook\/bo-jestes-czlowiekiem\/\" target=\"_blank\" rel=\"noopener\">\u201eBo jeste\u015b cz\u0142owiekiem\u201d<\/a><\/strong>. To poruszaj\u0105ce, cz\u0119sto osobiste historie i&nbsp;refleksje, kt\u00f3re daj\u0105 si\u0142\u0119 zar\u00f3wno osobom uzale\u017cnionym, jak i&nbsp;ich bliskim.<\/p>\n\n\n\n<figure class=\"wp-block-gallery has-nested-images columns-default is-cropped wp-block-gallery-9 is-layout-flex wp-block-gallery-is-layout-flex\">\n<figure class=\"wp-block-image size-large\"><img loading=\"lazy\" decoding=\"async\" width=\"300\" height=\"303\" data-attachment-id=\"8012\" data-permalink=\"https:\/\/blogaudioteka.wpcomstaging.com\/ksiazki-ewy-woydyllo-ktore-kazdy-powinien-poznac-tych-tytulow-posluchasz-w-audiotece\/w-zgodzie-ze-soba-original-1\" data-orig-file=\"https:\/\/blogaudioteka.wpcomstaging.com\/wp-content\/uploads\/w-zgodzie-ze-soba-original-1.avif\" data-orig-size=\"300,303\" data-comments-opened=\"0\" data-image-meta=\"{&quot;aperture&quot;:&quot;0&quot;,&quot;credit&quot;:&quot;&quot;,&quot;camera&quot;:&quot;&quot;,&quot;caption&quot;:&quot;&quot;,&quot;created_timestamp&quot;:&quot;0&quot;,&quot;copyright&quot;:&quot;&quot;,&quot;focal_length&quot;:&quot;0&quot;,&quot;iso&quot;:&quot;0&quot;,&quot;shutter_speed&quot;:&quot;0&quot;,&quot;title&quot;:&quot;&quot;,&quot;orientation&quot;:&quot;0&quot;}\" data-image-title=\"w-zgodzie-ze-soba-original (1)\" data-image-description=\"\" data-image-caption=\"\" data-large-file=\"https:\/\/blogaudioteka.wpcomstaging.com\/wp-content\/uploads\/w-zgodzie-ze-soba-original-1.avif\" data-id=\"8012\" src=\"https:\/\/blogaudioteka.wpcomstaging.com\/wp-content\/uploads\/w-zgodzie-ze-soba-original-1.avif\" alt=\"\" class=\"wp-image-8012\" srcset=\"https:\/\/blogaudioteka.wpcomstaging.com\/wp-content\/uploads\/w-zgodzie-ze-soba-original-1.avif 300w, https:\/\/blogaudioteka.wpcomstaging.com\/wp-content\/uploads\/w-zgodzie-ze-soba-original-1-297x300.avif 297w, https:\/\/blogaudioteka.wpcomstaging.com\/wp-content\/uploads\/w-zgodzie-ze-soba-original-1-148x148.avif 148w\" sizes=\"auto, (max-width: 300px) 100vw, 300px\" \/><\/figure>\n\n\n\n<figure class=\"wp-block-image size-large\"><img loading=\"lazy\" decoding=\"async\" width=\"300\" height=\"300\" data-attachment-id=\"8011\" data-permalink=\"https:\/\/blogaudioteka.wpcomstaging.com\/ksiazki-ewy-woydyllo-ktore-kazdy-powinien-poznac-tych-tytulow-posluchasz-w-audiotece\/rak-duszy-o-alkoholizmie-original\" data-orig-file=\"https:\/\/blogaudioteka.wpcomstaging.com\/wp-content\/uploads\/rak-duszy-o-alkoholizmie-original.avif\" data-orig-size=\"300,300\" data-comments-opened=\"0\" data-image-meta=\"{&quot;aperture&quot;:&quot;0&quot;,&quot;credit&quot;:&quot;&quot;,&quot;camera&quot;:&quot;&quot;,&quot;caption&quot;:&quot;&quot;,&quot;created_timestamp&quot;:&quot;0&quot;,&quot;copyright&quot;:&quot;&quot;,&quot;focal_length&quot;:&quot;0&quot;,&quot;iso&quot;:&quot;0&quot;,&quot;shutter_speed&quot;:&quot;0&quot;,&quot;title&quot;:&quot;&quot;,&quot;orientation&quot;:&quot;0&quot;}\" data-image-title=\"rak-duszy-o-alkoholizmie-original\" data-image-description=\"\" data-image-caption=\"\" data-large-file=\"https:\/\/blogaudioteka.wpcomstaging.com\/wp-content\/uploads\/rak-duszy-o-alkoholizmie-original.avif\" data-id=\"8011\" src=\"https:\/\/blogaudioteka.wpcomstaging.com\/wp-content\/uploads\/rak-duszy-o-alkoholizmie-original.avif\" alt=\"\" class=\"wp-image-8011\" srcset=\"https:\/\/blogaudioteka.wpcomstaging.com\/wp-content\/uploads\/rak-duszy-o-alkoholizmie-original.avif 300w, https:\/\/blogaudioteka.wpcomstaging.com\/wp-content\/uploads\/rak-duszy-o-alkoholizmie-original-150x150.avif 150w, https:\/\/blogaudioteka.wpcomstaging.com\/wp-content\/uploads\/rak-duszy-o-alkoholizmie-original-200x200.avif 200w, https:\/\/blogaudioteka.wpcomstaging.com\/wp-content\/uploads\/rak-duszy-o-alkoholizmie-original-148x148.avif 148w, https:\/\/blogaudioteka.wpcomstaging.com\/wp-content\/uploads\/rak-duszy-o-alkoholizmie-original-296x296.avif 296w\" sizes=\"auto, (max-width: 300px) 100vw, 300px\" \/><\/figure>\n<\/figure>\n\n\n\n<p class=\"has-text-align-justify wp-block-paragraph\">Dope\u0142nieniem tej kolekcji s\u0105 refleksyjne audiobooki, takie jak <strong><a href=\"https:\/\/audioteka.com\/pl\/audiobook\/zal-po-stracie\/\" target=\"_blank\" rel=\"noopener\">\u201e\u017bal po stracie\u201d<\/a><\/strong>, <strong><a href=\"https:\/\/audioteka.com\/pl\/audiobook\/poprawka-z-matury\/\" target=\"_blank\" rel=\"noopener\">\u201ePoprawka z&nbsp;matury\u201d<\/a><\/strong>, <strong><a href=\"https:\/\/audioteka.com\/pl\/audiobook\/dobra-pamiec-zla-pamiec\/\" target=\"_blank\" rel=\"noopener\">\u201eDobra pami\u0119\u0107, z\u0142a pami\u0119\u0107\u201d<\/a><\/strong> czy <strong><a href=\"https:\/\/audioteka.com\/pl\/audiobook\/w-zgodzie-ze-soba-wydawnictwo-literackie\/\" target=\"_blank\" rel=\"noopener\">\u201eW zgodzie ze sob\u0105\u201d<\/a><\/strong>. To tytu\u0142y, kt\u00f3re ucz\u0105, jak radzi\u0107 sobie ze strat\u0105, jak godzi\u0107 si\u0119 z&nbsp;przemijaniem i&nbsp;jak zachowa\u0107 pogod\u0119 ducha mimo do\u015bwiadcze\u0144, kt\u00f3rych nie da si\u0119 zmieni\u0107.<\/p>\n\n\n\n<h2 class=\"wp-block-heading\"><span class=\"ez-toc-section\" id=\"Ewa_Woydyllo_w_Audiotece_%E2%80%93_ksiazki_i_podcasty_ktore_inspiruja\"><\/span>Ewa Woydy\u0142\u0142o w&nbsp;Audiotece \u2013 ksi\u0105\u017cki i&nbsp;podcasty, kt\u00f3re inspiruj\u0105<span class=\"ez-toc-section-end\"><\/span><\/h2>\n\n\n\n<p class=\"has-text-align-justify wp-block-paragraph\">Jej ksi\u0105\u017cki s\u0105 jak spotkania \u2013 pe\u0142ne ciep\u0142a, m\u0105dro\u015bci i&nbsp;wsparcia. S\u0142uchaj\u0105c ich, mo\u017cna poczu\u0107 si\u0119 tak, jakby siedzia\u0142o si\u0119 naprzeciwko do\u015bwiadczonej terapeutki, kt\u00f3ra zamiast ocenia\u0107, zadaje pytania i&nbsp;delikatnie prowadzi ku refleksji. To literatura, kt\u00f3ra inspiruje, uzdrawia i&nbsp;pozwala lepiej zrozumie\u0107 samego siebie.<\/p>\n\n\n<div class=\"wp-block-image\">\n<figure class=\"aligncenter size-full\"><img loading=\"lazy\" decoding=\"async\" width=\"300\" height=\"300\" data-attachment-id=\"8014\" data-permalink=\"https:\/\/blogaudioteka.wpcomstaging.com\/ksiazki-ewy-woydyllo-ktore-kazdy-powinien-poznac-tych-tytulow-posluchasz-w-audiotece\/32bd665b-60270007074e7945f5b5734bf7c3153bb91be23e5bec27b67c65b2d0684c846b\" data-orig-file=\"https:\/\/blogaudioteka.wpcomstaging.com\/wp-content\/uploads\/32bd665b-60270007074e7945f5b5734bf7c3153bb91be23e5bec27b67c65b2d0684c846b.avif\" data-orig-size=\"300,300\" data-comments-opened=\"0\" data-image-meta=\"{&quot;aperture&quot;:&quot;0&quot;,&quot;credit&quot;:&quot;&quot;,&quot;camera&quot;:&quot;&quot;,&quot;caption&quot;:&quot;&quot;,&quot;created_timestamp&quot;:&quot;0&quot;,&quot;copyright&quot;:&quot;&quot;,&quot;focal_length&quot;:&quot;0&quot;,&quot;iso&quot;:&quot;0&quot;,&quot;shutter_speed&quot;:&quot;0&quot;,&quot;title&quot;:&quot;&quot;,&quot;orientation&quot;:&quot;0&quot;}\" data-image-title=\"32bd665b-60270007074e7945f5b5734bf7c3153bb91be23e5bec27b67c65b2d0684c846b\" data-image-description=\"\" data-image-caption=\"\" data-large-file=\"https:\/\/blogaudioteka.wpcomstaging.com\/wp-content\/uploads\/32bd665b-60270007074e7945f5b5734bf7c3153bb91be23e5bec27b67c65b2d0684c846b.avif\" src=\"https:\/\/blogaudioteka.wpcomstaging.com\/wp-content\/uploads\/32bd665b-60270007074e7945f5b5734bf7c3153bb91be23e5bec27b67c65b2d0684c846b.avif\" alt=\"\" class=\"wp-image-8014\" srcset=\"https:\/\/blogaudioteka.wpcomstaging.com\/wp-content\/uploads\/32bd665b-60270007074e7945f5b5734bf7c3153bb91be23e5bec27b67c65b2d0684c846b.avif 300w, https:\/\/blogaudioteka.wpcomstaging.com\/wp-content\/uploads\/32bd665b-60270007074e7945f5b5734bf7c3153bb91be23e5bec27b67c65b2d0684c846b-150x150.avif 150w, https:\/\/blogaudioteka.wpcomstaging.com\/wp-content\/uploads\/32bd665b-60270007074e7945f5b5734bf7c3153bb91be23e5bec27b67c65b2d0684c846b-200x200.avif 200w, https:\/\/blogaudioteka.wpcomstaging.com\/wp-content\/uploads\/32bd665b-60270007074e7945f5b5734bf7c3153bb91be23e5bec27b67c65b2d0684c846b-148x148.avif 148w, https:\/\/blogaudioteka.wpcomstaging.com\/wp-content\/uploads\/32bd665b-60270007074e7945f5b5734bf7c3153bb91be23e5bec27b67c65b2d0684c846b-296x296.avif 296w\" sizes=\"auto, (max-width: 300px) 100vw, 300px\" \/><\/figure>\n<\/div>\n\n\n<p class=\"wp-block-paragraph\">Na koniec warto doda\u0107, \u017ce g\u0142os Ewy Woydy\u0142\u0142o mo\u017cna us\u0142ysze\u0107 r\u00f3wnie\u017c w&nbsp;formie rozmowy \u2013 w&nbsp;podca\u015bcie <strong><a href=\"https:\/\/audioteka.com\/pl\/audiobook\/180-czy-kobiety-uzalezniaja-sie-szybciej-od-mezczyzn-alkoholizm-terapia-dr-ewa-woydyllo-osiatynska\/\" target=\"_blank\" rel=\"noopener\">#180 \u201eCzy Kobiety Uzale\u017cniaj\u0105 Si\u0119 Szybciej Od M\u0119\u017cczyzn? Alkoholizm, Terapia\u201d<\/a><\/strong> w&nbsp;<em><a href=\"https:\/\/audioteka.com\/pl\/podcast\/przemek-gorczyk-podcast\/\" target=\"_blank\" rel=\"noopener\">Przemek G\u00f3rczyk Podcast<\/a><\/em>, tak\u017ce dost\u0119pnym w&nbsp;Audiotece.<\/p>\n\n\n\n<p class=\"has-text-align-justify wp-block-paragraph\"><strong>\ud83d\udc49 <em>Si\u0119gnij po audiobooki Ewy Woydy\u0142\u0142o w&nbsp;Audiotece i&nbsp;pozw\u00f3l, by jej g\u0142os towarzyszy\u0142 Ci w&nbsp;codziennej drodze do lepszego \u017cycia.<\/em> Znajdziesz je wszystkie, oraz audiobooki o&nbsp;podobnej tematyce w&nbsp;kategoriach: <em><a href=\"https:\/\/audioteka.com\/pl\/katalog\/zdrowie-i-rozwoj-osobisty\/\" target=\"_blank\" rel=\"noopener\">zdrowie i&nbsp;rozw\u00f3j osobisty<\/a><\/em> oraz <em><a href=\"https:\/\/audioteka.com\/pl\/katalog\/rozwoj-osobisty\/\" target=\"_blank\" rel=\"noopener\">rozw\u00f3j osobisty<\/a><\/em>.<\/strong><\/p>\n\n\n\n<figure class=\"wp-block-image size-full\"><a href=\"https:\/\/klub.audioteka.com\/\" target=\"_blank\" rel=\"noopener\"><img data-recalc-dims=\"1\" loading=\"lazy\" decoding=\"async\" width=\"768\" height=\"216\" data-attachment-id=\"5868\" data-permalink=\"https:\/\/blogaudioteka.wpcomstaging.com\/jak-osiagnac-sukces-w-pracy-relacjach-i-rozwoju-osobistym-poradniki-dla-mezczyzn\/ak_4-1-2\" data-orig-file=\"https:\/\/i0.wp.com\/blogaudioteka.wpcomstaging.com\/wp-content\/uploads\/ak_4-1-1.png?fit=768%2C216&amp;ssl=1\" data-orig-size=\"768,216\" data-comments-opened=\"0\" data-image-meta=\"{&quot;aperture&quot;:&quot;0&quot;,&quot;credit&quot;:&quot;&quot;,&quot;camera&quot;:&quot;&quot;,&quot;caption&quot;:&quot;&quot;,&quot;created_timestamp&quot;:&quot;0&quot;,&quot;copyright&quot;:&quot;&quot;,&quot;focal_length&quot;:&quot;0&quot;,&quot;iso&quot;:&quot;0&quot;,&quot;shutter_speed&quot;:&quot;0&quot;,&quot;title&quot;:&quot;&quot;,&quot;orientation&quot;:&quot;0&quot;}\" data-image-title=\"ak_4 (1)\" data-image-description=\"\" data-image-caption=\"\" data-large-file=\"https:\/\/i0.wp.com\/blogaudioteka.wpcomstaging.com\/wp-content\/uploads\/ak_4-1-1.png?fit=768%2C216&amp;ssl=1\" src=\"https:\/\/i0.wp.com\/blogaudioteka.wpcomstaging.com\/wp-content\/uploads\/ak_4-1-1.png?resize=768%2C216&#038;ssl=1\" alt=\"\" class=\"wp-image-5868\" srcset=\"https:\/\/i0.wp.com\/blogaudioteka.wpcomstaging.com\/wp-content\/uploads\/ak_4-1-1.png?w=768&amp;ssl=1 768w, https:\/\/i0.wp.com\/blogaudioteka.wpcomstaging.com\/wp-content\/uploads\/ak_4-1-1.png?resize=300%2C84&amp;ssl=1 300w, https:\/\/i0.wp.com\/blogaudioteka.wpcomstaging.com\/wp-content\/uploads\/ak_4-1-1.png?resize=512%2C144&amp;ssl=1 512w\" sizes=\"auto, (max-width: 768px) 100vw, 768px\" \/><\/a><\/figure>\n","protected":false},"excerpt":{"rendered":"Ewa Woydy\u0142\u0142o od lat nazywana jest \u201eg\u0142osem rozs\u0105dku i&nbsp;empatii\u201d polskiej psychologii. Jej ksi\u0105\u017cki towarzysz\u0105 ludziom w&nbsp;chwilach kryzysu, inspiruj\u0105&hellip;","protected":false},"author":264736300,"featured_media":8016,"comment_status":"closed","ping_status":"closed","sticky":false,"template":"","format":"standard","meta":{"_crdt_document":"","csco_display_header_overlay":false,"csco_singular_sidebar":"","csco_page_header_type":"","_jetpack_memberships_contains_paid_content":false,"footnotes":""},"categories":[14928,14929],"tags":[],"class_list":{"0":"post-7943","1":"post","2":"type-post","3":"status-publish","4":"format-standard","5":"has-post-thumbnail","7":"category-porady","8":"category-poradniki","9":"cs-entry"},"jetpack_featured_media_url":"https:\/\/i0.wp.com\/blogaudioteka.wpcomstaging.com\/wp-content\/uploads\/Projekt-bez-nazwy-68.png?fit=1920%2C1080&ssl=1","jetpack_sharing_enabled":true,"_links":{"self":[{"href":"https:\/\/blogaudioteka.wpcomstaging.com\/wp-json\/wp\/v2\/posts\/7943","targetHints":{"allow":["GET"]}}],"collection":[{"href":"https:\/\/blogaudioteka.wpcomstaging.com\/wp-json\/wp\/v2\/posts"}],"about":[{"href":"https:\/\/blogaudioteka.wpcomstaging.com\/wp-json\/wp\/v2\/types\/post"}],"author":[{"embeddable":true,"href":"https:\/\/blogaudioteka.wpcomstaging.com\/wp-json\/wp\/v2\/users\/264736300"}],"replies":[{"embeddable":true,"href":"https:\/\/blogaudioteka.wpcomstaging.com\/wp-json\/wp\/v2\/comments?post=7943"}],"version-history":[{"count":10,"href":"https:\/\/blogaudioteka.wpcomstaging.com\/wp-json\/wp\/v2\/posts\/7943\/revisions"}],"predecessor-version":[{"id":8017,"href":"https:\/\/blogaudioteka.wpcomstaging.com\/wp-json\/wp\/v2\/posts\/7943\/revisions\/8017"}],"wp:featuredmedia":[{"embeddable":true,"href":"https:\/\/blogaudioteka.wpcomstaging.com\/wp-json\/wp\/v2\/media\/8016"}],"wp:attachment":[{"href":"https:\/\/blogaudioteka.wpcomstaging.com\/wp-json\/wp\/v2\/media?parent=7943"}],"wp:term":[{"taxonomy":"category","embeddable":true,"href":"https:\/\/blogaudioteka.wpcomstaging.com\/wp-json\/wp\/v2\/categories?post=7943"},{"taxonomy":"post_tag","embeddable":true,"href":"https:\/\/blogaudioteka.wpcomstaging.com\/wp-json\/wp\/v2\/tags?post=7943"}],"curies":[{"name":"wp","href":"https:\/\/api.w.org\/{rel}","templated":true}]}}