{"id":6824,"date":"2025-08-06T11:31:34","date_gmt":"2025-08-06T09:31:34","guid":{"rendered":"https:\/\/blogaudioteka.wpcomstaging.com\/?p=6824"},"modified":"2025-08-20T12:14:34","modified_gmt":"2025-08-20T10:14:34","slug":"tess-gerritsen-mistrzyni-thrillerow-i-jej-nowy-cykl-szpiegowski","status":"publish","type":"post","link":"https:\/\/blogaudioteka.wpcomstaging.com\/tess-gerritsen-mistrzyni-thrillerow-i-jej-nowy-cykl-szpiegowski","title":{"rendered":"Tess Gerritsen \u2013 mistrzyni thriller\u00f3w medycznych i jej nowy cykl szpiegowski"},"content":{"rendered":"\n<p class=\"has-text-align-justify wp-block-paragraph\"><strong>W \u015bwiecie, gdzie napi\u0119cie ro\u015bnie z&nbsp;ka\u017cd\u0105 stron\u0105, a&nbsp;sekrety maj\u0105 d\u0142ugie cienie, Tess Gerritsen powraca z&nbsp;powie\u015bci\u0105, kt\u00f3ra idealnie trafia w&nbsp;wakacyjny niepok\u00f3j. \u201eLato tajemnic\u201d to nie tylko kontynuacja serii \u201eKlub Martini\u201d, ale te\u017c literacki dow\u00f3d na to, \u017ce autorka thriller\u00f3w medycznych potrafi odnale\u017a\u0107 si\u0119 w&nbsp;ka\u017cdym gatunku. Od lat nazywana kr\u00f3low\u0105 thriller\u00f3w, Gerritsen nie zwalnia tempa. Jej najnowsza ksi\u0105\u017cka to spotkanie z&nbsp;nowymi bohaterami, innym klimatem, ale t\u0105 sam\u0105 pisarsk\u0105 precyzj\u0105, kt\u00f3r\u0105 pokocha\u0142y miliony czytelnik\u00f3w na ca\u0142ym \u015bwiecie. <\/strong><\/p>\n\n\n\n<div id=\"ez-toc-container\" class=\"ez-toc-v2_0_82_2 counter-hierarchy ez-toc-counter ez-toc-grey ez-toc-container-direction\">\n<div class=\"ez-toc-title-container\"><span class=\"ez-toc-title\" style=\"cursor:inherit\">Spis tre\u015bci<\/span>\n<\/div><nav><ul class='ez-toc-list ez-toc-list-level-1 ' ><li class='ez-toc-page-1 ez-toc-heading-level-2'><a class=\"ez-toc-link ez-toc-heading-1\" href=\"https:\/\/blogaudioteka.wpcomstaging.com\/tess-gerritsen-mistrzyni-thrillerow-i-jej-nowy-cykl-szpiegowski\/#Od_stetoskopu_do_piora_%E2%80%93_droga_Tess_Gerritsen_na_szczyt\" >Od stetoskopu do pi\u00f3ra \u2013 droga Tess Gerritsen na szczyt<\/a><\/li><li class='ez-toc-page-1 ez-toc-heading-level-2'><a class=\"ez-toc-link ez-toc-heading-2\" href=\"https:\/\/blogaudioteka.wpcomstaging.com\/tess-gerritsen-mistrzyni-thrillerow-i-jej-nowy-cykl-szpiegowski\/#%E2%80%9ERizzoli_Isles%E2%80%9D_%E2%80%93_duet_ktory_zdefiniowal_nowoczesny_thriller\" >\u201eRizzoli &amp; Isles\u201d \u2013 duet, kt\u00f3ry zdefiniowa\u0142 nowoczesny thriller<\/a><\/li><li class='ez-toc-page-1 ez-toc-heading-level-2'><a class=\"ez-toc-link ez-toc-heading-3\" href=\"https:\/\/blogaudioteka.wpcomstaging.com\/tess-gerritsen-mistrzyni-thrillerow-i-jej-nowy-cykl-szpiegowski\/#Szpiedzy_na_emeryturze_czyli_%E2%80%9EKlub_Martini%E2%80%9D_i_nowe_oblicze_Gerritsen\" >Szpiedzy na emeryturze, czyli \u201eKlub Martini\u201d i&nbsp;nowe oblicze Gerritsen<\/a><\/li><li class='ez-toc-page-1 ez-toc-heading-level-2'><a class=\"ez-toc-link ez-toc-heading-4\" href=\"https:\/\/blogaudioteka.wpcomstaging.com\/tess-gerritsen-mistrzyni-thrillerow-i-jej-nowy-cykl-szpiegowski\/#Nie_tylko_medycyna_i_szpiedzy_%E2%80%93_gotycki_romans_groza_i_prawo_krwi\" >Nie tylko medycyna i&nbsp;szpiedzy \u2013 gotycki romans, groza i&nbsp;prawo krwi<\/a><\/li><li class='ez-toc-page-1 ez-toc-heading-level-2'><a class=\"ez-toc-link ez-toc-heading-5\" href=\"https:\/\/blogaudioteka.wpcomstaging.com\/tess-gerritsen-mistrzyni-thrillerow-i-jej-nowy-cykl-szpiegowski\/#Jak_czytac_Tess_Gerritsen_Kolejnosc_serii_i_audiobooki_w_Audiotece\" >Jak czyta\u0107 Tess Gerritsen? Kolejno\u015b\u0107 serii i&nbsp;audiobooki w&nbsp;Audiotece<\/a><\/li><li class='ez-toc-page-1 ez-toc-heading-level-2'><a class=\"ez-toc-link ez-toc-heading-6\" href=\"https:\/\/blogaudioteka.wpcomstaging.com\/tess-gerritsen-mistrzyni-thrillerow-i-jej-nowy-cykl-szpiegowski\/#Tess_Gerritsen_%E2%80%93_pisarka_ktora_slucha_czytelnika\" >Tess Gerritsen \u2013 pisarka, kt\u00f3ra s\u0142ucha czytelnika<\/a><\/li><\/ul><\/nav><\/div>\n<h2 class=\"wp-block-heading\"><span class=\"ez-toc-section\" id=\"Od_stetoskopu_do_piora_%E2%80%93_droga_Tess_Gerritsen_na_szczyt\"><\/span>Od stetoskopu do pi\u00f3ra \u2013 droga Tess Gerritsen na szczyt<span class=\"ez-toc-section-end\"><\/span><\/h2>\n\n\n\n<p class=\"has-text-align-justify wp-block-paragraph\">Kiedy m\u0142oda absolwentka medycyny zaczyna\u0142a pisa\u0107 swoje pierwsze powie\u015bci, nikt nie podejrzewa\u0142, \u017ce \u015bwiat zyska jedn\u0105 z&nbsp;najpopularniejszych autorek thriller\u00f3w medycznych. <a href=\"https:\/\/audioteka.com\/pl\/szukaj\/?phrase=Tess+Gerritsen\" target=\"_blank\" rel=\"noopener\">Tess Gerritsen<\/a> przysz\u0142a na \u015bwiat w&nbsp;San Diego w&nbsp;1953 roku i&nbsp;przez wiele lat pracowa\u0142a jako internistka. Ale jak sama przyzna\u0142a, potrzeba snucia historii by\u0142a w&nbsp;niej silniejsza ni\u017c pasja do leczenia.<\/p>\n\n\n\n<p class=\"has-text-align-justify wp-block-paragraph\">Pierwsz\u0105 ksi\u0105\u017ck\u0119 \u2013 romans z&nbsp;w\u0105tkiem sensacyjnym \u2013 napisa\u0142a podczas urlopu macierzy\u0144skiego. I&nbsp;cho\u0107 <em>Call After Midnight<\/em> nie zawojowa\u0142 list bestseller\u00f3w, Gerritsen nie przesta\u0142a pisa\u0107. <strong>W ko\u0144cu trafi\u0142a w&nbsp;sedno: <em>Harvest<\/em>, znany w&nbsp;Polsce jako <em><a href=\"https:\/\/audioteka.com\/pl\/audiobook\/dawca\/\" target=\"_blank\" rel=\"noopener\">Dawca<\/a><\/em>, to thriller medyczny o&nbsp;handlu organami, kt\u00f3ry szturmem zdoby\u0142 \u201eNew York Timesa\u201d i&nbsp;da\u0142 autorce status gwiazdy.<\/strong><\/p>\n\n\n<div class=\"wp-block-image\">\n<figure class=\"aligncenter size-full\"><img loading=\"lazy\" decoding=\"async\" width=\"300\" height=\"300\" data-attachment-id=\"6828\" data-permalink=\"https:\/\/blogaudioteka.wpcomstaging.com\/tess-gerritsen-mistrzyni-thrillerow-i-jej-nowy-cykl-szpiegowski\/gerritsen-tess-dawca-audio-1400x1400\" data-orig-file=\"https:\/\/blogaudioteka.wpcomstaging.com\/wp-content\/uploads\/GERRITSEN-TESS-DAWCA-AUDIO-1400x1400-1.avif\" data-orig-size=\"300,300\" data-comments-opened=\"0\" data-image-meta=\"{&quot;aperture&quot;:&quot;0&quot;,&quot;credit&quot;:&quot;&quot;,&quot;camera&quot;:&quot;&quot;,&quot;caption&quot;:&quot;&quot;,&quot;created_timestamp&quot;:&quot;0&quot;,&quot;copyright&quot;:&quot;&quot;,&quot;focal_length&quot;:&quot;0&quot;,&quot;iso&quot;:&quot;0&quot;,&quot;shutter_speed&quot;:&quot;0&quot;,&quot;title&quot;:&quot;&quot;,&quot;orientation&quot;:&quot;0&quot;}\" data-image-title=\"GERRITSEN-TESS-DAWCA-AUDIO-1400&amp;#215;1400\" data-image-description=\"\" data-image-caption=\"\" data-large-file=\"https:\/\/blogaudioteka.wpcomstaging.com\/wp-content\/uploads\/GERRITSEN-TESS-DAWCA-AUDIO-1400x1400-1.avif\" src=\"https:\/\/blogaudioteka.wpcomstaging.com\/wp-content\/uploads\/GERRITSEN-TESS-DAWCA-AUDIO-1400x1400-1.avif\" alt=\"\" class=\"wp-image-6828\" srcset=\"https:\/\/blogaudioteka.wpcomstaging.com\/wp-content\/uploads\/GERRITSEN-TESS-DAWCA-AUDIO-1400x1400-1.avif 300w, https:\/\/blogaudioteka.wpcomstaging.com\/wp-content\/uploads\/GERRITSEN-TESS-DAWCA-AUDIO-1400x1400-1-150x150.avif 150w, https:\/\/blogaudioteka.wpcomstaging.com\/wp-content\/uploads\/GERRITSEN-TESS-DAWCA-AUDIO-1400x1400-1-200x200.avif 200w, https:\/\/blogaudioteka.wpcomstaging.com\/wp-content\/uploads\/GERRITSEN-TESS-DAWCA-AUDIO-1400x1400-1-148x148.avif 148w, https:\/\/blogaudioteka.wpcomstaging.com\/wp-content\/uploads\/GERRITSEN-TESS-DAWCA-AUDIO-1400x1400-1-296x296.avif 296w\" sizes=\"auto, (max-width: 300px) 100vw, 300px\" \/><\/figure>\n<\/div>\n\n\n<h2 class=\"wp-block-heading\"><span class=\"ez-toc-section\" id=\"%E2%80%9ERizzoli_Isles%E2%80%9D_%E2%80%93_duet_ktory_zdefiniowal_nowoczesny_thriller\"><\/span>\u201eRizzoli &amp; Isles\u201d \u2013 duet, kt\u00f3ry zdefiniowa\u0142 nowoczesny thriller<span class=\"ez-toc-section-end\"><\/span><\/h2>\n\n\n\n<p class=\"has-text-align-justify wp-block-paragraph\">Prawdziw\u0105 literack\u0105 eksplozj\u0105 okaza\u0142 si\u0119 jednak <em><a href=\"https:\/\/audioteka.com\/pl\/cykl\/rizzoli-isles\/\" target=\"_blank\" rel=\"noopener\">cykl \u201eRizzoli &amp; Isles\u201d<\/a><\/em>. Detektyw Jane Rizzoli i&nbsp;patolog s\u0105dowa Maura Isles to bohaterki, kt\u00f3re podbi\u0142y serca czytelnik\u00f3w i\u2026 producent\u00f3w telewizyjnych. <strong>Serial <em>Partnerki<\/em> (ang. <em>Rizzoli &amp; Isles<\/em>) sta\u0142 si\u0119 jednym z&nbsp;najpopularniejszych <a href=\"https:\/\/audioteka.com\/pl\/katalog\/kryminaly\/\" target=\"_blank\" rel=\"noopener\">krymina\u0142\u00f3w<\/a> w&nbsp;ameryka\u0144skiej telewizji, emitowanym przez siedem sezon\u00f3w.<\/strong><\/p>\n\n\n\n<figure class=\"wp-block-gallery has-nested-images columns-default is-cropped wp-block-gallery-6 is-layout-flex wp-block-gallery-is-layout-flex\">\n<figure class=\"wp-block-image size-large\"><img loading=\"lazy\" decoding=\"async\" width=\"300\" height=\"300\" data-attachment-id=\"6830\" data-permalink=\"https:\/\/blogaudioteka.wpcomstaging.com\/tess-gerritsen-mistrzyni-thrillerow-i-jej-nowy-cykl-szpiegowski\/gerritsen-tess-autopsja-135x205-audio-1\" data-orig-file=\"https:\/\/blogaudioteka.wpcomstaging.com\/wp-content\/uploads\/GERRITSEN-TESS-AUTOPSJA-135x205-AUDIO-1.avif\" data-orig-size=\"300,300\" data-comments-opened=\"0\" data-image-meta=\"{&quot;aperture&quot;:&quot;0&quot;,&quot;credit&quot;:&quot;&quot;,&quot;camera&quot;:&quot;&quot;,&quot;caption&quot;:&quot;&quot;,&quot;created_timestamp&quot;:&quot;0&quot;,&quot;copyright&quot;:&quot;&quot;,&quot;focal_length&quot;:&quot;0&quot;,&quot;iso&quot;:&quot;0&quot;,&quot;shutter_speed&quot;:&quot;0&quot;,&quot;title&quot;:&quot;&quot;,&quot;orientation&quot;:&quot;0&quot;}\" data-image-title=\"GERRITSEN-TESS-AUTOPSJA-135&amp;#215;205-AUDIO (1)\" data-image-description=\"\" data-image-caption=\"\" data-large-file=\"https:\/\/blogaudioteka.wpcomstaging.com\/wp-content\/uploads\/GERRITSEN-TESS-AUTOPSJA-135x205-AUDIO-1.avif\" data-id=\"6830\" src=\"https:\/\/blogaudioteka.wpcomstaging.com\/wp-content\/uploads\/GERRITSEN-TESS-AUTOPSJA-135x205-AUDIO-1.avif\" alt=\"\" class=\"wp-image-6830\" srcset=\"https:\/\/blogaudioteka.wpcomstaging.com\/wp-content\/uploads\/GERRITSEN-TESS-AUTOPSJA-135x205-AUDIO-1.avif 300w, https:\/\/blogaudioteka.wpcomstaging.com\/wp-content\/uploads\/GERRITSEN-TESS-AUTOPSJA-135x205-AUDIO-1-150x150.avif 150w, https:\/\/blogaudioteka.wpcomstaging.com\/wp-content\/uploads\/GERRITSEN-TESS-AUTOPSJA-135x205-AUDIO-1-200x200.avif 200w, https:\/\/blogaudioteka.wpcomstaging.com\/wp-content\/uploads\/GERRITSEN-TESS-AUTOPSJA-135x205-AUDIO-1-148x148.avif 148w, https:\/\/blogaudioteka.wpcomstaging.com\/wp-content\/uploads\/GERRITSEN-TESS-AUTOPSJA-135x205-AUDIO-1-296x296.avif 296w\" sizes=\"auto, (max-width: 300px) 100vw, 300px\" \/><\/figure>\n\n\n\n<figure class=\"wp-block-image size-large\"><img loading=\"lazy\" decoding=\"async\" width=\"300\" height=\"300\" data-attachment-id=\"6832\" data-permalink=\"https:\/\/blogaudioteka.wpcomstaging.com\/tess-gerritsen-mistrzyni-thrillerow-i-jej-nowy-cykl-szpiegowski\/gerritsen-tess-skalpel-135x205-audio\" data-orig-file=\"https:\/\/blogaudioteka.wpcomstaging.com\/wp-content\/uploads\/GERRITSEN-TESS-SKALPEL-135x205-AUDIO.avif\" data-orig-size=\"300,300\" data-comments-opened=\"0\" data-image-meta=\"{&quot;aperture&quot;:&quot;0&quot;,&quot;credit&quot;:&quot;&quot;,&quot;camera&quot;:&quot;&quot;,&quot;caption&quot;:&quot;&quot;,&quot;created_timestamp&quot;:&quot;0&quot;,&quot;copyright&quot;:&quot;&quot;,&quot;focal_length&quot;:&quot;0&quot;,&quot;iso&quot;:&quot;0&quot;,&quot;shutter_speed&quot;:&quot;0&quot;,&quot;title&quot;:&quot;&quot;,&quot;orientation&quot;:&quot;0&quot;}\" data-image-title=\"GERRITSEN-TESS-SKALPEL-135&amp;#215;205-AUDIO\" data-image-description=\"\" data-image-caption=\"\" data-large-file=\"https:\/\/blogaudioteka.wpcomstaging.com\/wp-content\/uploads\/GERRITSEN-TESS-SKALPEL-135x205-AUDIO.avif\" data-id=\"6832\" src=\"https:\/\/blogaudioteka.wpcomstaging.com\/wp-content\/uploads\/GERRITSEN-TESS-SKALPEL-135x205-AUDIO.avif\" alt=\"\" class=\"wp-image-6832\" srcset=\"https:\/\/blogaudioteka.wpcomstaging.com\/wp-content\/uploads\/GERRITSEN-TESS-SKALPEL-135x205-AUDIO.avif 300w, https:\/\/blogaudioteka.wpcomstaging.com\/wp-content\/uploads\/GERRITSEN-TESS-SKALPEL-135x205-AUDIO-150x150.avif 150w, https:\/\/blogaudioteka.wpcomstaging.com\/wp-content\/uploads\/GERRITSEN-TESS-SKALPEL-135x205-AUDIO-200x200.avif 200w, https:\/\/blogaudioteka.wpcomstaging.com\/wp-content\/uploads\/GERRITSEN-TESS-SKALPEL-135x205-AUDIO-148x148.avif 148w, https:\/\/blogaudioteka.wpcomstaging.com\/wp-content\/uploads\/GERRITSEN-TESS-SKALPEL-135x205-AUDIO-296x296.avif 296w\" sizes=\"auto, (max-width: 300px) 100vw, 300px\" \/><\/figure>\n\n\n\n<figure class=\"wp-block-image size-large\"><img loading=\"lazy\" decoding=\"async\" width=\"300\" height=\"300\" data-attachment-id=\"6831\" data-permalink=\"https:\/\/blogaudioteka.wpcomstaging.com\/tess-gerritsen-mistrzyni-thrillerow-i-jej-nowy-cykl-szpiegowski\/gerritsen-tess-chirurg-135x205-audio-2\" data-orig-file=\"https:\/\/blogaudioteka.wpcomstaging.com\/wp-content\/uploads\/GERRITSEN-TESS-CHIRURG-135x205-AUDIO-2.avif\" data-orig-size=\"300,300\" data-comments-opened=\"0\" data-image-meta=\"{&quot;aperture&quot;:&quot;0&quot;,&quot;credit&quot;:&quot;&quot;,&quot;camera&quot;:&quot;&quot;,&quot;caption&quot;:&quot;&quot;,&quot;created_timestamp&quot;:&quot;0&quot;,&quot;copyright&quot;:&quot;&quot;,&quot;focal_length&quot;:&quot;0&quot;,&quot;iso&quot;:&quot;0&quot;,&quot;shutter_speed&quot;:&quot;0&quot;,&quot;title&quot;:&quot;&quot;,&quot;orientation&quot;:&quot;0&quot;}\" data-image-title=\"GERRITSEN-TESS-CHIRURG-135&amp;#215;205-AUDIO (2)\" data-image-description=\"\" data-image-caption=\"\" data-large-file=\"https:\/\/blogaudioteka.wpcomstaging.com\/wp-content\/uploads\/GERRITSEN-TESS-CHIRURG-135x205-AUDIO-2.avif\" data-id=\"6831\" src=\"https:\/\/blogaudioteka.wpcomstaging.com\/wp-content\/uploads\/GERRITSEN-TESS-CHIRURG-135x205-AUDIO-2.avif\" alt=\"\" class=\"wp-image-6831\" srcset=\"https:\/\/blogaudioteka.wpcomstaging.com\/wp-content\/uploads\/GERRITSEN-TESS-CHIRURG-135x205-AUDIO-2.avif 300w, https:\/\/blogaudioteka.wpcomstaging.com\/wp-content\/uploads\/GERRITSEN-TESS-CHIRURG-135x205-AUDIO-2-150x150.avif 150w, https:\/\/blogaudioteka.wpcomstaging.com\/wp-content\/uploads\/GERRITSEN-TESS-CHIRURG-135x205-AUDIO-2-200x200.avif 200w, https:\/\/blogaudioteka.wpcomstaging.com\/wp-content\/uploads\/GERRITSEN-TESS-CHIRURG-135x205-AUDIO-2-148x148.avif 148w, https:\/\/blogaudioteka.wpcomstaging.com\/wp-content\/uploads\/GERRITSEN-TESS-CHIRURG-135x205-AUDIO-2-296x296.avif 296w\" sizes=\"auto, (max-width: 300px) 100vw, 300px\" \/><\/figure>\n<\/figure>\n\n\n\n<p class=\"has-text-align-justify wp-block-paragraph\">W ksi\u0105\u017ckach Gerritsen ten duet jest r\u00f3wnie elektryzuj\u0105cy. Ich relacja \u2013 zawodowa, przyjacielska, a&nbsp;momentami ch\u0142odna i&nbsp;napi\u0119ta \u2013 daje idealne pole do pog\u0142\u0119bionej psychologii postaci. <strong>W tle mamy za\u015b morderstwa tak pomys\u0142owe, \u017ce nieraz przypominaj\u0105 makabryczne \u0142amig\u0142\u00f3wki. <\/strong>Gerritsen nie boi si\u0119 si\u0119ga\u0107 po kontrowersyjne motywy: okultyzm, sekty, dewiacje, psychopati\u0119. A&nbsp;wszystko to \u2013 z&nbsp;precyzj\u0105 lekarki i&nbsp;wyobra\u017ani\u0105 rasowej narratorki.<\/p>\n\n\n\n<h2 class=\"wp-block-heading\"><span class=\"ez-toc-section\" id=\"Szpiedzy_na_emeryturze_czyli_%E2%80%9EKlub_Martini%E2%80%9D_i_nowe_oblicze_Gerritsen\"><\/span>Szpiedzy na emeryturze, czyli \u201eKlub Martini\u201d i&nbsp;nowe oblicze Gerritsen<span class=\"ez-toc-section-end\"><\/span><\/h2>\n\n\n\n<p class=\"has-text-align-justify wp-block-paragraph\"><strong>W 2023 roku autorka zaskoczy\u0142a fan\u00f3w, porzucaj\u0105c patologi\u0119 s\u0105dow\u0105 na rzecz \u015bwiata tajnych operacji i&nbsp;wywiadu. <\/strong><em><a href=\"https:\/\/audioteka.com\/pl\/audiobook\/wybrzeze-szpiegow\/\" target=\"_blank\" rel=\"noopener\">Wybrze\u017ce szpieg\u00f3w<\/a><\/em>, pierwszy tom <em><a href=\"https:\/\/audioteka.com\/pl\/cykl\/klub-martini-fbf6306a\/\" target=\"_blank\" rel=\"noopener\">serii \u201eKlub Martini\u201d<\/a><\/em>, przedstawi\u0142 Maggie Bird \u2013 emerytowan\u0105 agentk\u0119 CIA, kt\u00f3ra osiedla si\u0119 w&nbsp;spokojnym miasteczku Purity. Spok\u00f3j nie trwa jednak d\u0142ugo \u2013 przesz\u0142o\u015b\u0107 wraca, a&nbsp;Maggie wraz z&nbsp;dawnymi towarzyszami broni musi wr\u00f3ci\u0107 do gry.<\/p>\n\n\n<div class=\"wp-block-image\">\n<figure class=\"aligncenter size-full\"><img loading=\"lazy\" decoding=\"async\" width=\"300\" height=\"300\" data-attachment-id=\"6836\" data-permalink=\"https:\/\/blogaudioteka.wpcomstaging.com\/tess-gerritsen-mistrzyni-thrillerow-i-jej-nowy-cykl-szpiegowski\/wybrzeze-szpiegow-original\" data-orig-file=\"https:\/\/blogaudioteka.wpcomstaging.com\/wp-content\/uploads\/wybrzeze-szpiegow-original.avif\" data-orig-size=\"300,300\" data-comments-opened=\"0\" data-image-meta=\"{&quot;aperture&quot;:&quot;0&quot;,&quot;credit&quot;:&quot;&quot;,&quot;camera&quot;:&quot;&quot;,&quot;caption&quot;:&quot;&quot;,&quot;created_timestamp&quot;:&quot;0&quot;,&quot;copyright&quot;:&quot;&quot;,&quot;focal_length&quot;:&quot;0&quot;,&quot;iso&quot;:&quot;0&quot;,&quot;shutter_speed&quot;:&quot;0&quot;,&quot;title&quot;:&quot;&quot;,&quot;orientation&quot;:&quot;0&quot;}\" data-image-title=\"wybrzeze-szpiegow-original\" data-image-description=\"\" data-image-caption=\"\" data-large-file=\"https:\/\/blogaudioteka.wpcomstaging.com\/wp-content\/uploads\/wybrzeze-szpiegow-original.avif\" src=\"https:\/\/blogaudioteka.wpcomstaging.com\/wp-content\/uploads\/wybrzeze-szpiegow-original.avif\" alt=\"\" class=\"wp-image-6836\" srcset=\"https:\/\/blogaudioteka.wpcomstaging.com\/wp-content\/uploads\/wybrzeze-szpiegow-original.avif 300w, https:\/\/blogaudioteka.wpcomstaging.com\/wp-content\/uploads\/wybrzeze-szpiegow-original-150x150.avif 150w, https:\/\/blogaudioteka.wpcomstaging.com\/wp-content\/uploads\/wybrzeze-szpiegow-original-200x200.avif 200w, https:\/\/blogaudioteka.wpcomstaging.com\/wp-content\/uploads\/wybrzeze-szpiegow-original-148x148.avif 148w, https:\/\/blogaudioteka.wpcomstaging.com\/wp-content\/uploads\/wybrzeze-szpiegow-original-296x296.avif 296w\" sizes=\"auto, (max-width: 300px) 100vw, 300px\" \/><\/figure>\n<\/div>\n\n\n<p class=\"has-text-align-justify wp-block-paragraph\"><strong>Kontynuacj\u0105 tej historii jest <em><a href=\"https:\/\/audioteka.com\/pl\/audiobook\/lato-tajemnic-klub-martini-tom-2\/\" target=\"_blank\" rel=\"noopener\">Lato tajemnic<\/a><\/em> \u2013 najnowsza powie\u015b\u0107 Gerritsen, kt\u00f3ra ukaza\u0142a si\u0119 w&nbsp;marcu 2025 roku. <\/strong>Tym razem \u015bledzimy znikni\u0119cie nastolatki i&nbsp;domys\u0142y, kt\u00f3re burz\u0105 lokaln\u0105 spo\u0142eczno\u015b\u0107. Czy s\u0105siad Maggie jest winny? A&nbsp;mo\u017ce ca\u0142a historia si\u0119ga dalej ni\u017c ktokolwiek przypuszcza? W&nbsp;tle: wino, oliwki i&nbsp;spotkania przy martini. To lektura idealna na wakacje \u2013 lekka w&nbsp;formie, ale mroczna w&nbsp;tre\u015bci.<\/p>\n\n\n<div class=\"wp-block-image\">\n<figure class=\"aligncenter size-full\"><img loading=\"lazy\" decoding=\"async\" width=\"300\" height=\"300\" data-attachment-id=\"6834\" data-permalink=\"https:\/\/blogaudioteka.wpcomstaging.com\/tess-gerritsen-mistrzyni-thrillerow-i-jej-nowy-cykl-szpiegowski\/lato-tajemnic-klub-martini-tom-2-original-1\" data-orig-file=\"https:\/\/blogaudioteka.wpcomstaging.com\/wp-content\/uploads\/lato-tajemnic-klub-martini-tom-2-original-1.avif\" data-orig-size=\"300,300\" data-comments-opened=\"0\" data-image-meta=\"{&quot;aperture&quot;:&quot;0&quot;,&quot;credit&quot;:&quot;&quot;,&quot;camera&quot;:&quot;&quot;,&quot;caption&quot;:&quot;&quot;,&quot;created_timestamp&quot;:&quot;0&quot;,&quot;copyright&quot;:&quot;&quot;,&quot;focal_length&quot;:&quot;0&quot;,&quot;iso&quot;:&quot;0&quot;,&quot;shutter_speed&quot;:&quot;0&quot;,&quot;title&quot;:&quot;&quot;,&quot;orientation&quot;:&quot;0&quot;}\" data-image-title=\"lato-tajemnic-klub-martini-tom-2-original (1)\" data-image-description=\"\" data-image-caption=\"\" data-large-file=\"https:\/\/blogaudioteka.wpcomstaging.com\/wp-content\/uploads\/lato-tajemnic-klub-martini-tom-2-original-1.avif\" src=\"https:\/\/blogaudioteka.wpcomstaging.com\/wp-content\/uploads\/lato-tajemnic-klub-martini-tom-2-original-1.avif\" alt=\"\" class=\"wp-image-6834\" srcset=\"https:\/\/blogaudioteka.wpcomstaging.com\/wp-content\/uploads\/lato-tajemnic-klub-martini-tom-2-original-1.avif 300w, https:\/\/blogaudioteka.wpcomstaging.com\/wp-content\/uploads\/lato-tajemnic-klub-martini-tom-2-original-1-150x150.avif 150w, https:\/\/blogaudioteka.wpcomstaging.com\/wp-content\/uploads\/lato-tajemnic-klub-martini-tom-2-original-1-200x200.avif 200w, https:\/\/blogaudioteka.wpcomstaging.com\/wp-content\/uploads\/lato-tajemnic-klub-martini-tom-2-original-1-148x148.avif 148w, https:\/\/blogaudioteka.wpcomstaging.com\/wp-content\/uploads\/lato-tajemnic-klub-martini-tom-2-original-1-296x296.avif 296w\" sizes=\"auto, (max-width: 300px) 100vw, 300px\" \/><\/figure>\n<\/div>\n\n\n<p class=\"has-text-align-justify wp-block-paragraph\">Nowy cykl autorki to uk\u0142on w&nbsp;stron\u0119 czytelnik\u00f3w, kt\u00f3rzy t\u0119skni\u0105 za thrillerem z&nbsp;klas\u0105, intryg\u0105 bez rozlewu krwi i&nbsp;bohaterami z&nbsp;drugiej m\u0142odo\u015bci, kt\u00f3rzy wiedz\u0105 wi\u0119cej, ni\u017c m\u00f3wi\u0105. \u201eKlub Martini\u201d to taka <strong>szpiegowska wersja <em>Expendables<\/em>, ale z&nbsp;humorem, elegancj\u0105 i&nbsp;kobiec\u0105 perspektyw\u0105.<\/strong><\/p>\n\n\n\n<h2 class=\"wp-block-heading\"><span class=\"ez-toc-section\" id=\"Nie_tylko_medycyna_i_szpiedzy_%E2%80%93_gotycki_romans_groza_i_prawo_krwi\"><\/span>Nie tylko medycyna i&nbsp;szpiedzy \u2013 gotycki romans, groza i&nbsp;prawo krwi<span class=\"ez-toc-section-end\"><\/span><\/h2>\n\n\n\n<p class=\"has-text-align-justify wp-block-paragraph\">Cho\u0107 Gerritsen zas\u0142yn\u0119\u0142a z&nbsp;thriller\u00f3w medycznych i&nbsp;policyjnych, nie boi si\u0119 romansowa\u0107 z&nbsp;innymi gatunkami. <strong>W <em><a href=\"https:\/\/audioteka.com\/pl\/audiobook\/ksztalt-nocy\/\" target=\"_blank\" rel=\"noopener\">Kszta\u0142cie nocy<\/a><\/em> z&nbsp;2019 roku stworzy\u0142a atmosferyczn\u0105 powie\u015b\u0107 grozy, w&nbsp;kt\u00f3rej g\u0142\u00f3wn\u0105 rol\u0119 gra duch kapitana Brodiego i&nbsp;dom pe\u0142en sekret\u00f3w. <\/strong>G\u0142\u00f3wna bohaterka stara si\u0119 uciec przed w\u0142asnymi demonami \u2013 i&nbsp;trafia w&nbsp;sam \u015brodek\u2026 nawiedzenia.<\/p>\n\n\n<div class=\"wp-block-image\">\n<figure class=\"aligncenter size-full\"><img loading=\"lazy\" decoding=\"async\" width=\"300\" height=\"300\" data-attachment-id=\"6839\" data-permalink=\"https:\/\/blogaudioteka.wpcomstaging.com\/tess-gerritsen-mistrzyni-thrillerow-i-jej-nowy-cykl-szpiegowski\/ksztalt-nocy-original\" data-orig-file=\"https:\/\/blogaudioteka.wpcomstaging.com\/wp-content\/uploads\/ksztalt-nocy-original.avif\" data-orig-size=\"300,300\" data-comments-opened=\"0\" data-image-meta=\"{&quot;aperture&quot;:&quot;0&quot;,&quot;credit&quot;:&quot;&quot;,&quot;camera&quot;:&quot;&quot;,&quot;caption&quot;:&quot;&quot;,&quot;created_timestamp&quot;:&quot;0&quot;,&quot;copyright&quot;:&quot;&quot;,&quot;focal_length&quot;:&quot;0&quot;,&quot;iso&quot;:&quot;0&quot;,&quot;shutter_speed&quot;:&quot;0&quot;,&quot;title&quot;:&quot;&quot;,&quot;orientation&quot;:&quot;0&quot;}\" data-image-title=\"ksztalt-nocy-original\" data-image-description=\"\" data-image-caption=\"\" data-large-file=\"https:\/\/blogaudioteka.wpcomstaging.com\/wp-content\/uploads\/ksztalt-nocy-original.avif\" src=\"https:\/\/blogaudioteka.wpcomstaging.com\/wp-content\/uploads\/ksztalt-nocy-original.avif\" alt=\"\" class=\"wp-image-6839\" srcset=\"https:\/\/blogaudioteka.wpcomstaging.com\/wp-content\/uploads\/ksztalt-nocy-original.avif 300w, https:\/\/blogaudioteka.wpcomstaging.com\/wp-content\/uploads\/ksztalt-nocy-original-150x150.avif 150w, https:\/\/blogaudioteka.wpcomstaging.com\/wp-content\/uploads\/ksztalt-nocy-original-200x200.avif 200w, https:\/\/blogaudioteka.wpcomstaging.com\/wp-content\/uploads\/ksztalt-nocy-original-148x148.avif 148w, https:\/\/blogaudioteka.wpcomstaging.com\/wp-content\/uploads\/ksztalt-nocy-original-296x296.avif 296w\" sizes=\"auto, (max-width: 300px) 100vw, 300px\" \/><\/figure>\n<\/div>\n\n\n<p class=\"has-text-align-justify wp-block-paragraph\">W <em><a href=\"https:\/\/audioteka.com\/pl\/audiobook\/ogrod-kosci\/\" target=\"_blank\" rel=\"noopener\">Ogr\u00f3dzie ko\u015bci<\/a><\/em> autorka si\u0119ga z&nbsp;kolei po histori\u0119 i&nbsp;przenosi nas do XIX wieku, tworz\u0105c wielowarstwow\u0105 opowie\u015b\u0107 o&nbsp;tajemnicach kryj\u0105cych si\u0119 pod powierzchni\u0105 wsp\u00f3\u0142czesnego Bostonu. To nie tylko krymina\u0142, ale te\u017c medyczna retrospekcja i&nbsp;historia kobiecej si\u0142y.<\/p>\n\n\n<div class=\"wp-block-image\">\n<figure class=\"aligncenter size-full\"><img loading=\"lazy\" decoding=\"async\" width=\"300\" height=\"300\" data-attachment-id=\"6838\" data-permalink=\"https:\/\/blogaudioteka.wpcomstaging.com\/tess-gerritsen-mistrzyni-thrillerow-i-jej-nowy-cykl-szpiegowski\/ogrod-kosci-original\" data-orig-file=\"https:\/\/blogaudioteka.wpcomstaging.com\/wp-content\/uploads\/ogrod-kosci-original.avif\" data-orig-size=\"300,300\" data-comments-opened=\"0\" data-image-meta=\"{&quot;aperture&quot;:&quot;0&quot;,&quot;credit&quot;:&quot;&quot;,&quot;camera&quot;:&quot;&quot;,&quot;caption&quot;:&quot;&quot;,&quot;created_timestamp&quot;:&quot;0&quot;,&quot;copyright&quot;:&quot;&quot;,&quot;focal_length&quot;:&quot;0&quot;,&quot;iso&quot;:&quot;0&quot;,&quot;shutter_speed&quot;:&quot;0&quot;,&quot;title&quot;:&quot;&quot;,&quot;orientation&quot;:&quot;0&quot;}\" data-image-title=\"ogrod-kosci-original\" data-image-description=\"\" data-image-caption=\"\" data-large-file=\"https:\/\/blogaudioteka.wpcomstaging.com\/wp-content\/uploads\/ogrod-kosci-original.avif\" src=\"https:\/\/blogaudioteka.wpcomstaging.com\/wp-content\/uploads\/ogrod-kosci-original.avif\" alt=\"\" class=\"wp-image-6838\" srcset=\"https:\/\/blogaudioteka.wpcomstaging.com\/wp-content\/uploads\/ogrod-kosci-original.avif 300w, https:\/\/blogaudioteka.wpcomstaging.com\/wp-content\/uploads\/ogrod-kosci-original-150x150.avif 150w, https:\/\/blogaudioteka.wpcomstaging.com\/wp-content\/uploads\/ogrod-kosci-original-200x200.avif 200w, https:\/\/blogaudioteka.wpcomstaging.com\/wp-content\/uploads\/ogrod-kosci-original-148x148.avif 148w, https:\/\/blogaudioteka.wpcomstaging.com\/wp-content\/uploads\/ogrod-kosci-original-296x296.avif 296w\" sizes=\"auto, (max-width: 300px) 100vw, 300px\" \/><\/figure>\n<\/div>\n\n\n<p class=\"has-text-align-justify wp-block-paragraph\">Z kolei <em><a href=\"https:\/\/audioteka.com\/pl\/audiobook\/grawitacja\/\" target=\"_blank\" rel=\"noopener\">Grawitacja<\/a><\/em> (1999) to thriller rozgrywaj\u0105cy si\u0119\u2026 na orbicie. Kiedy <strong>\u015bmier\u0107 zaczyna zbiera\u0107 \u017cniwo na Mi\u0119dzynarodowej Stacji Kosmicznej, bohaterka musi odkry\u0107, co zabija ludzi w&nbsp;pr\u00f3\u017cni. <\/strong>Wok\u00f3\u0142 tej powie\u015bci toczy\u0142 si\u0119 g\u0142o\u015bny sp\u00f3r prawny \u2013 Gerritsen domaga\u0142a si\u0119 uznania jej autorstwa po premierze filmu Alfonso Cuar\u00f3na, kt\u00f3ry mia\u0142 zaskakuj\u0105co podobn\u0105 fabu\u0142\u0119. Mimo licznych dowod\u00f3w, s\u0105d oddali\u0142 roszczenia pisarki.<\/p>\n\n\n<div class=\"wp-block-image\">\n<figure class=\"aligncenter size-full\"><img loading=\"lazy\" decoding=\"async\" width=\"300\" height=\"300\" data-attachment-id=\"6841\" data-permalink=\"https:\/\/blogaudioteka.wpcomstaging.com\/tess-gerritsen-mistrzyni-thrillerow-i-jej-nowy-cykl-szpiegowski\/gerritsen-tess-grawitacja-audio-1400x1400\" data-orig-file=\"https:\/\/blogaudioteka.wpcomstaging.com\/wp-content\/uploads\/GERRITSEN-TESS-GRAWITACJA-AUDIO-1400x1400-1.avif\" data-orig-size=\"300,300\" data-comments-opened=\"0\" data-image-meta=\"{&quot;aperture&quot;:&quot;0&quot;,&quot;credit&quot;:&quot;&quot;,&quot;camera&quot;:&quot;&quot;,&quot;caption&quot;:&quot;&quot;,&quot;created_timestamp&quot;:&quot;0&quot;,&quot;copyright&quot;:&quot;&quot;,&quot;focal_length&quot;:&quot;0&quot;,&quot;iso&quot;:&quot;0&quot;,&quot;shutter_speed&quot;:&quot;0&quot;,&quot;title&quot;:&quot;&quot;,&quot;orientation&quot;:&quot;0&quot;}\" data-image-title=\"GERRITSEN-TESS-GRAWITACJA-AUDIO-1400&amp;#215;1400\" data-image-description=\"\" data-image-caption=\"\" data-large-file=\"https:\/\/blogaudioteka.wpcomstaging.com\/wp-content\/uploads\/GERRITSEN-TESS-GRAWITACJA-AUDIO-1400x1400-1.avif\" src=\"https:\/\/blogaudioteka.wpcomstaging.com\/wp-content\/uploads\/GERRITSEN-TESS-GRAWITACJA-AUDIO-1400x1400-1.avif\" alt=\"\" class=\"wp-image-6841\" srcset=\"https:\/\/blogaudioteka.wpcomstaging.com\/wp-content\/uploads\/GERRITSEN-TESS-GRAWITACJA-AUDIO-1400x1400-1.avif 300w, https:\/\/blogaudioteka.wpcomstaging.com\/wp-content\/uploads\/GERRITSEN-TESS-GRAWITACJA-AUDIO-1400x1400-1-150x150.avif 150w, https:\/\/blogaudioteka.wpcomstaging.com\/wp-content\/uploads\/GERRITSEN-TESS-GRAWITACJA-AUDIO-1400x1400-1-200x200.avif 200w, https:\/\/blogaudioteka.wpcomstaging.com\/wp-content\/uploads\/GERRITSEN-TESS-GRAWITACJA-AUDIO-1400x1400-1-148x148.avif 148w, https:\/\/blogaudioteka.wpcomstaging.com\/wp-content\/uploads\/GERRITSEN-TESS-GRAWITACJA-AUDIO-1400x1400-1-296x296.avif 296w\" sizes=\"auto, (max-width: 300px) 100vw, 300px\" \/><\/figure>\n<\/div>\n\n\n<h2 class=\"wp-block-heading\"><span class=\"ez-toc-section\" id=\"Jak_czytac_Tess_Gerritsen_Kolejnosc_serii_i_audiobooki_w_Audiotece\"><\/span>Jak czyta\u0107 Tess Gerritsen? Kolejno\u015b\u0107 serii i&nbsp;audiobooki w&nbsp;Audiotece<span class=\"ez-toc-section-end\"><\/span><\/h2>\n\n\n\n<p class=\"has-text-align-justify wp-block-paragraph\">Tw\u00f3rczo\u015b\u0107 Gerritsen to nie tylko jednorazowe <a href=\"https:\/\/audioteka.com\/pl\/katalog\/thriller\/\" target=\"_blank\" rel=\"noopener\">thrillery<\/a>, ale r\u00f3wnie\u017c rozbudowane cykle. Opr\u00f3cz wspomnianych serii \u201eRizzoli &amp; Isles\u201d i&nbsp;\u201eKlub Martini\u201d, warto si\u0119gn\u0105\u0107 tak\u017ce po jej wcze\u015bniejsze powie\u015bci, jak <em><a href=\"https:\/\/audioteka.com\/pl\/audiobook\/nosiciel\/\" target=\"_blank\" rel=\"noopener\">Nosiciel<\/a><\/em>, <em><a href=\"https:\/\/audioteka.com\/pl\/audiobook\/infekcja\/\" target=\"_blank\" rel=\"noopener\">Infekcja<\/a><\/em>, czy <em><a href=\"https:\/\/audioteka.com\/pl\/audiobook\/infekcja\/\" target=\"_blank\" rel=\"noopener\">Czarna loteria<\/a><\/em>. To w\u0142a\u015bnie te tytu\u0142y budowa\u0142y podwaliny pod jej styl \u2013 pe\u0142en napi\u0119cia, logiki, ale te\u017c emocji.<\/p>\n\n\n\n<figure class=\"wp-block-gallery has-nested-images columns-default is-cropped wp-block-gallery-7 is-layout-flex wp-block-gallery-is-layout-flex\">\n<figure class=\"wp-block-image size-large\"><img loading=\"lazy\" decoding=\"async\" width=\"300\" height=\"300\" data-attachment-id=\"6843\" data-permalink=\"https:\/\/blogaudioteka.wpcomstaging.com\/tess-gerritsen-mistrzyni-thrillerow-i-jej-nowy-cykl-szpiegowski\/czarna-loteria-original\" data-orig-file=\"https:\/\/blogaudioteka.wpcomstaging.com\/wp-content\/uploads\/czarna-loteria-original.avif\" data-orig-size=\"300,300\" data-comments-opened=\"0\" data-image-meta=\"{&quot;aperture&quot;:&quot;0&quot;,&quot;credit&quot;:&quot;&quot;,&quot;camera&quot;:&quot;&quot;,&quot;caption&quot;:&quot;&quot;,&quot;created_timestamp&quot;:&quot;0&quot;,&quot;copyright&quot;:&quot;&quot;,&quot;focal_length&quot;:&quot;0&quot;,&quot;iso&quot;:&quot;0&quot;,&quot;shutter_speed&quot;:&quot;0&quot;,&quot;title&quot;:&quot;&quot;,&quot;orientation&quot;:&quot;0&quot;}\" data-image-title=\"czarna-loteria-original\" data-image-description=\"\" data-image-caption=\"\" data-large-file=\"https:\/\/blogaudioteka.wpcomstaging.com\/wp-content\/uploads\/czarna-loteria-original.avif\" data-id=\"6843\" src=\"https:\/\/blogaudioteka.wpcomstaging.com\/wp-content\/uploads\/czarna-loteria-original.avif\" alt=\"\" class=\"wp-image-6843\" srcset=\"https:\/\/blogaudioteka.wpcomstaging.com\/wp-content\/uploads\/czarna-loteria-original.avif 300w, https:\/\/blogaudioteka.wpcomstaging.com\/wp-content\/uploads\/czarna-loteria-original-150x150.avif 150w, https:\/\/blogaudioteka.wpcomstaging.com\/wp-content\/uploads\/czarna-loteria-original-200x200.avif 200w, https:\/\/blogaudioteka.wpcomstaging.com\/wp-content\/uploads\/czarna-loteria-original-148x148.avif 148w, https:\/\/blogaudioteka.wpcomstaging.com\/wp-content\/uploads\/czarna-loteria-original-296x296.avif 296w\" sizes=\"auto, (max-width: 300px) 100vw, 300px\" \/><\/figure>\n\n\n\n<figure class=\"wp-block-image size-large\"><img loading=\"lazy\" decoding=\"async\" width=\"300\" height=\"300\" data-attachment-id=\"6844\" data-permalink=\"https:\/\/blogaudioteka.wpcomstaging.com\/tess-gerritsen-mistrzyni-thrillerow-i-jej-nowy-cykl-szpiegowski\/infekcja-original\" data-orig-file=\"https:\/\/blogaudioteka.wpcomstaging.com\/wp-content\/uploads\/infekcja-original.avif\" data-orig-size=\"300,300\" data-comments-opened=\"0\" data-image-meta=\"{&quot;aperture&quot;:&quot;0&quot;,&quot;credit&quot;:&quot;&quot;,&quot;camera&quot;:&quot;&quot;,&quot;caption&quot;:&quot;&quot;,&quot;created_timestamp&quot;:&quot;0&quot;,&quot;copyright&quot;:&quot;&quot;,&quot;focal_length&quot;:&quot;0&quot;,&quot;iso&quot;:&quot;0&quot;,&quot;shutter_speed&quot;:&quot;0&quot;,&quot;title&quot;:&quot;&quot;,&quot;orientation&quot;:&quot;0&quot;}\" data-image-title=\"infekcja-original\" data-image-description=\"\" data-image-caption=\"\" data-large-file=\"https:\/\/blogaudioteka.wpcomstaging.com\/wp-content\/uploads\/infekcja-original.avif\" data-id=\"6844\" src=\"https:\/\/blogaudioteka.wpcomstaging.com\/wp-content\/uploads\/infekcja-original.avif\" alt=\"\" class=\"wp-image-6844\" srcset=\"https:\/\/blogaudioteka.wpcomstaging.com\/wp-content\/uploads\/infekcja-original.avif 300w, https:\/\/blogaudioteka.wpcomstaging.com\/wp-content\/uploads\/infekcja-original-150x150.avif 150w, https:\/\/blogaudioteka.wpcomstaging.com\/wp-content\/uploads\/infekcja-original-200x200.avif 200w, https:\/\/blogaudioteka.wpcomstaging.com\/wp-content\/uploads\/infekcja-original-148x148.avif 148w, https:\/\/blogaudioteka.wpcomstaging.com\/wp-content\/uploads\/infekcja-original-296x296.avif 296w\" sizes=\"auto, (max-width: 300px) 100vw, 300px\" \/><\/figure>\n\n\n\n<figure class=\"wp-block-image size-large\"><img loading=\"lazy\" decoding=\"async\" width=\"300\" height=\"300\" data-attachment-id=\"6845\" data-permalink=\"https:\/\/blogaudioteka.wpcomstaging.com\/tess-gerritsen-mistrzyni-thrillerow-i-jej-nowy-cykl-szpiegowski\/gerritsen-tess-nosiciel-audio1400x1400\" data-orig-file=\"https:\/\/blogaudioteka.wpcomstaging.com\/wp-content\/uploads\/GERRITSEN-TESS-NOSICIEL-AUDIO1400x1400.avif\" data-orig-size=\"300,300\" data-comments-opened=\"0\" data-image-meta=\"{&quot;aperture&quot;:&quot;0&quot;,&quot;credit&quot;:&quot;&quot;,&quot;camera&quot;:&quot;&quot;,&quot;caption&quot;:&quot;&quot;,&quot;created_timestamp&quot;:&quot;0&quot;,&quot;copyright&quot;:&quot;&quot;,&quot;focal_length&quot;:&quot;0&quot;,&quot;iso&quot;:&quot;0&quot;,&quot;shutter_speed&quot;:&quot;0&quot;,&quot;title&quot;:&quot;&quot;,&quot;orientation&quot;:&quot;0&quot;}\" data-image-title=\"GERRITSEN-TESS-NOSICIEL-AUDIO1400x1400\" data-image-description=\"\" data-image-caption=\"\" data-large-file=\"https:\/\/blogaudioteka.wpcomstaging.com\/wp-content\/uploads\/GERRITSEN-TESS-NOSICIEL-AUDIO1400x1400.avif\" data-id=\"6845\" src=\"https:\/\/blogaudioteka.wpcomstaging.com\/wp-content\/uploads\/GERRITSEN-TESS-NOSICIEL-AUDIO1400x1400.avif\" alt=\"\" class=\"wp-image-6845\" srcset=\"https:\/\/blogaudioteka.wpcomstaging.com\/wp-content\/uploads\/GERRITSEN-TESS-NOSICIEL-AUDIO1400x1400.avif 300w, https:\/\/blogaudioteka.wpcomstaging.com\/wp-content\/uploads\/GERRITSEN-TESS-NOSICIEL-AUDIO1400x1400-150x150.avif 150w, https:\/\/blogaudioteka.wpcomstaging.com\/wp-content\/uploads\/GERRITSEN-TESS-NOSICIEL-AUDIO1400x1400-200x200.avif 200w, https:\/\/blogaudioteka.wpcomstaging.com\/wp-content\/uploads\/GERRITSEN-TESS-NOSICIEL-AUDIO1400x1400-148x148.avif 148w, https:\/\/blogaudioteka.wpcomstaging.com\/wp-content\/uploads\/GERRITSEN-TESS-NOSICIEL-AUDIO1400x1400-296x296.avif 296w\" sizes=\"auto, (max-width: 300px) 100vw, 300px\" \/><\/figure>\n<\/figure>\n\n\n\n<p class=\"has-text-align-justify wp-block-paragraph\">Je\u015bli chcesz zanurzy\u0107 si\u0119 w&nbsp;jej \u015bwiecie jeszcze g\u0142\u0119biej \u2013 wybierz audiobooki. G\u0142osy lektor\u00f3w potrafi\u0105 doda\u0107 kolejn\u0105 warstw\u0119 do opowie\u015bci Gerritsen: od zimnej precyzji, przez niepok\u00f3j, a\u017c po duszn\u0105 atmosfer\u0119 \u015bledztwa. Audiobooki z&nbsp;serii \u201eRizzoli &amp; Isles\u201d i&nbsp;\u201eKlub Martini\u201d dost\u0119pne s\u0105 w&nbsp;Audiotece \u2013 idealne do s\u0142uchania w&nbsp;drodze, na wakacjach albo w&nbsp;\u015brodku bezsennej nocy.<\/p>\n\n\n\n<p class=\"wp-block-paragraph\"><strong>Sugerowana kolejno\u015b\u0107 s\u0142uchania cyklu \u201eRizzoli &amp; Isles\u201d:<\/strong><\/p>\n\n\n\n<ol class=\"wp-block-list\">\n<li><em>Chirurg<\/em><\/li>\n\n\n\n<li><em>Skalpel<\/em><\/li>\n\n\n\n<li><em><a href=\"https:\/\/audioteka.com\/pl\/audiobook\/grzesznik\/\" target=\"_blank\" rel=\"noopener\">Grzesznik<\/a><\/em><\/li>\n\n\n\n<li><em><a href=\"https:\/\/audioteka.com\/pl\/audiobook\/sobowtor\/\" target=\"_blank\" rel=\"noopener\">Sobowt\u00f3r<\/a><\/em><\/li>\n\n\n\n<li><em>Autopsja<\/em><\/li>\n\n\n\n<li><em><a href=\"https:\/\/audioteka.com\/pl\/audiobook\/klub-mefista\/\" target=\"_blank\" rel=\"noopener\">Klub Mefista<\/a><\/em><\/li>\n\n\n\n<li><em><a href=\"https:\/\/audioteka.com\/pl\/audiobook\/mumia-albatros\/\" target=\"_blank\" rel=\"noopener\">Mumia<\/a><\/em><\/li>\n\n\n\n<li><em><a href=\"https:\/\/audioteka.com\/pl\/audiobook\/dolina-umarlych\/\" target=\"_blank\" rel=\"noopener\">Dolina umar\u0142ych<\/a><\/em><\/li>\n\n\n\n<li><em><a href=\"https:\/\/audioteka.com\/pl\/audiobook\/milczaca-dziewczyna\/\" target=\"_blank\" rel=\"noopener\">Milcz\u0105ca dziewczyna<\/a><\/em><\/li>\n\n\n\n<li><em><a href=\"https:\/\/audioteka.com\/pl\/audiobook\/ostatni-ktory-umrze\/\" target=\"_blank\" rel=\"noopener\">Ostatni, kt\u00f3ry umrze<\/a><\/em><\/li>\n\n\n\n<li><em><a href=\"https:\/\/audioteka.com\/pl\/audiobook\/umrzec-po-raz-drugi\/\" target=\"_blank\" rel=\"noopener\">Umrze\u0107 po raz drugi<\/a><\/em><\/li>\n\n\n\n<li><em><a href=\"https:\/\/audioteka.com\/pl\/audiobook\/sekret-ktorego-nie-zdradze\/\" target=\"_blank\" rel=\"noopener\">Sekret, kt\u00f3rego nie zdradz\u0119<\/a><\/em><\/li>\n\n\n\n<li><em><a href=\"https:\/\/audioteka.com\/pl\/audiobook\/wysluchaj-mnie\/\" target=\"_blank\" rel=\"noopener\">Wys\u0142uchaj mnie<\/a><\/em><\/li>\n<\/ol>\n\n\n\n<figure class=\"wp-block-gallery has-nested-images columns-default is-cropped wp-block-gallery-8 is-layout-flex wp-block-gallery-is-layout-flex\">\n<figure class=\"wp-block-image size-large\"><img loading=\"lazy\" decoding=\"async\" width=\"300\" height=\"300\" data-attachment-id=\"6850\" data-permalink=\"https:\/\/blogaudioteka.wpcomstaging.com\/tess-gerritsen-mistrzyni-thrillerow-i-jej-nowy-cykl-szpiegowski\/gerritsen-tess-umrzec-po-raz-drugi-135x205-audio\" data-orig-file=\"https:\/\/blogaudioteka.wpcomstaging.com\/wp-content\/uploads\/GERRITSEN-TESS-UMRZEC-PO-RAZ-DRUGI-135x205-AUDIO.avif\" data-orig-size=\"300,300\" data-comments-opened=\"0\" data-image-meta=\"{&quot;aperture&quot;:&quot;0&quot;,&quot;credit&quot;:&quot;&quot;,&quot;camera&quot;:&quot;&quot;,&quot;caption&quot;:&quot;&quot;,&quot;created_timestamp&quot;:&quot;0&quot;,&quot;copyright&quot;:&quot;&quot;,&quot;focal_length&quot;:&quot;0&quot;,&quot;iso&quot;:&quot;0&quot;,&quot;shutter_speed&quot;:&quot;0&quot;,&quot;title&quot;:&quot;&quot;,&quot;orientation&quot;:&quot;0&quot;}\" data-image-title=\"GERRITSEN-TESS-UMRZEC-PO-RAZ-DRUGI-135&amp;#215;205-AUDIO\" data-image-description=\"\" data-image-caption=\"\" data-large-file=\"https:\/\/blogaudioteka.wpcomstaging.com\/wp-content\/uploads\/GERRITSEN-TESS-UMRZEC-PO-RAZ-DRUGI-135x205-AUDIO.avif\" data-id=\"6850\" src=\"https:\/\/blogaudioteka.wpcomstaging.com\/wp-content\/uploads\/GERRITSEN-TESS-UMRZEC-PO-RAZ-DRUGI-135x205-AUDIO.avif\" alt=\"\" class=\"wp-image-6850\" srcset=\"https:\/\/blogaudioteka.wpcomstaging.com\/wp-content\/uploads\/GERRITSEN-TESS-UMRZEC-PO-RAZ-DRUGI-135x205-AUDIO.avif 300w, https:\/\/blogaudioteka.wpcomstaging.com\/wp-content\/uploads\/GERRITSEN-TESS-UMRZEC-PO-RAZ-DRUGI-135x205-AUDIO-150x150.avif 150w, https:\/\/blogaudioteka.wpcomstaging.com\/wp-content\/uploads\/GERRITSEN-TESS-UMRZEC-PO-RAZ-DRUGI-135x205-AUDIO-200x200.avif 200w, https:\/\/blogaudioteka.wpcomstaging.com\/wp-content\/uploads\/GERRITSEN-TESS-UMRZEC-PO-RAZ-DRUGI-135x205-AUDIO-148x148.avif 148w, https:\/\/blogaudioteka.wpcomstaging.com\/wp-content\/uploads\/GERRITSEN-TESS-UMRZEC-PO-RAZ-DRUGI-135x205-AUDIO-296x296.avif 296w\" sizes=\"auto, (max-width: 300px) 100vw, 300px\" \/><\/figure>\n\n\n\n<figure class=\"wp-block-image size-large\"><img loading=\"lazy\" decoding=\"async\" width=\"300\" height=\"300\" data-attachment-id=\"6848\" data-permalink=\"https:\/\/blogaudioteka.wpcomstaging.com\/tess-gerritsen-mistrzyni-thrillerow-i-jej-nowy-cykl-szpiegowski\/gerritsen-tess-klub-mefista-135x205-audio\" data-orig-file=\"https:\/\/blogaudioteka.wpcomstaging.com\/wp-content\/uploads\/GERRITSEN-TESS-KLUB-MEFISTA-135x205-AUDIO.avif\" data-orig-size=\"300,300\" data-comments-opened=\"0\" data-image-meta=\"{&quot;aperture&quot;:&quot;0&quot;,&quot;credit&quot;:&quot;&quot;,&quot;camera&quot;:&quot;&quot;,&quot;caption&quot;:&quot;&quot;,&quot;created_timestamp&quot;:&quot;0&quot;,&quot;copyright&quot;:&quot;&quot;,&quot;focal_length&quot;:&quot;0&quot;,&quot;iso&quot;:&quot;0&quot;,&quot;shutter_speed&quot;:&quot;0&quot;,&quot;title&quot;:&quot;&quot;,&quot;orientation&quot;:&quot;0&quot;}\" data-image-title=\"GERRITSEN-TESS-KLUB-MEFISTA-135&amp;#215;205-AUDIO\" data-image-description=\"\" data-image-caption=\"\" data-large-file=\"https:\/\/blogaudioteka.wpcomstaging.com\/wp-content\/uploads\/GERRITSEN-TESS-KLUB-MEFISTA-135x205-AUDIO.avif\" data-id=\"6848\" src=\"https:\/\/blogaudioteka.wpcomstaging.com\/wp-content\/uploads\/GERRITSEN-TESS-KLUB-MEFISTA-135x205-AUDIO.avif\" alt=\"\" class=\"wp-image-6848\" srcset=\"https:\/\/blogaudioteka.wpcomstaging.com\/wp-content\/uploads\/GERRITSEN-TESS-KLUB-MEFISTA-135x205-AUDIO.avif 300w, https:\/\/blogaudioteka.wpcomstaging.com\/wp-content\/uploads\/GERRITSEN-TESS-KLUB-MEFISTA-135x205-AUDIO-150x150.avif 150w, https:\/\/blogaudioteka.wpcomstaging.com\/wp-content\/uploads\/GERRITSEN-TESS-KLUB-MEFISTA-135x205-AUDIO-200x200.avif 200w, https:\/\/blogaudioteka.wpcomstaging.com\/wp-content\/uploads\/GERRITSEN-TESS-KLUB-MEFISTA-135x205-AUDIO-148x148.avif 148w, https:\/\/blogaudioteka.wpcomstaging.com\/wp-content\/uploads\/GERRITSEN-TESS-KLUB-MEFISTA-135x205-AUDIO-296x296.avif 296w\" sizes=\"auto, (max-width: 300px) 100vw, 300px\" \/><\/figure>\n\n\n\n<figure class=\"wp-block-image size-large\"><img loading=\"lazy\" decoding=\"async\" width=\"300\" height=\"300\" data-attachment-id=\"6849\" data-permalink=\"https:\/\/blogaudioteka.wpcomstaging.com\/tess-gerritsen-mistrzyni-thrillerow-i-jej-nowy-cykl-szpiegowski\/gerritsen-tess-sobowtor-135x205-audio\" data-orig-file=\"https:\/\/blogaudioteka.wpcomstaging.com\/wp-content\/uploads\/GERRITSEN-TESS-SOBOWTOR-135x205-AUDIO.avif\" data-orig-size=\"300,300\" data-comments-opened=\"0\" data-image-meta=\"{&quot;aperture&quot;:&quot;0&quot;,&quot;credit&quot;:&quot;&quot;,&quot;camera&quot;:&quot;&quot;,&quot;caption&quot;:&quot;&quot;,&quot;created_timestamp&quot;:&quot;0&quot;,&quot;copyright&quot;:&quot;&quot;,&quot;focal_length&quot;:&quot;0&quot;,&quot;iso&quot;:&quot;0&quot;,&quot;shutter_speed&quot;:&quot;0&quot;,&quot;title&quot;:&quot;&quot;,&quot;orientation&quot;:&quot;0&quot;}\" data-image-title=\"GERRITSEN-TESS-SOBOWTOR-135&amp;#215;205-AUDIO\" data-image-description=\"\" data-image-caption=\"\" data-large-file=\"https:\/\/blogaudioteka.wpcomstaging.com\/wp-content\/uploads\/GERRITSEN-TESS-SOBOWTOR-135x205-AUDIO.avif\" data-id=\"6849\" src=\"https:\/\/blogaudioteka.wpcomstaging.com\/wp-content\/uploads\/GERRITSEN-TESS-SOBOWTOR-135x205-AUDIO.avif\" alt=\"\" class=\"wp-image-6849\" srcset=\"https:\/\/blogaudioteka.wpcomstaging.com\/wp-content\/uploads\/GERRITSEN-TESS-SOBOWTOR-135x205-AUDIO.avif 300w, https:\/\/blogaudioteka.wpcomstaging.com\/wp-content\/uploads\/GERRITSEN-TESS-SOBOWTOR-135x205-AUDIO-150x150.avif 150w, https:\/\/blogaudioteka.wpcomstaging.com\/wp-content\/uploads\/GERRITSEN-TESS-SOBOWTOR-135x205-AUDIO-200x200.avif 200w, https:\/\/blogaudioteka.wpcomstaging.com\/wp-content\/uploads\/GERRITSEN-TESS-SOBOWTOR-135x205-AUDIO-148x148.avif 148w, https:\/\/blogaudioteka.wpcomstaging.com\/wp-content\/uploads\/GERRITSEN-TESS-SOBOWTOR-135x205-AUDIO-296x296.avif 296w\" sizes=\"auto, (max-width: 300px) 100vw, 300px\" \/><\/figure>\n<\/figure>\n\n\n\n<p class=\"wp-block-paragraph\"><strong>Cykl \u201eKlub Martini\u201d:<\/strong><\/p>\n\n\n\n<ol class=\"wp-block-list\">\n<li><em>Wybrze\u017ce szpieg\u00f3w<\/em><\/li>\n\n\n\n<li><em>Lato tajemnic<\/em><\/li>\n<\/ol>\n\n\n\n<h2 class=\"wp-block-heading\"><span class=\"ez-toc-section\" id=\"Tess_Gerritsen_%E2%80%93_pisarka_ktora_slucha_czytelnika\"><\/span>Tess Gerritsen \u2013 pisarka, kt\u00f3ra s\u0142ucha czytelnika<span class=\"ez-toc-section-end\"><\/span><\/h2>\n\n\n\n<p class=\"has-text-align-justify wp-block-paragraph\">Sukces Gerritsen nie jest dzie\u0142em przypadku. Jej ksi\u0105\u017cki nie tylko trzymaj\u0105 w&nbsp;napi\u0119ciu, ale te\u017c trafiaj\u0105 w&nbsp;emocje wsp\u00f3\u0142czesnych czytelnik\u00f3w. Porusza tematy traumy, odpowiedzialno\u015bci, granic empatii i&nbsp;moralnych wybor\u00f3w. Bohaterki Gerritsen to kobiety silne, ale zranione \u2013 nie superbohaterki, ale postacie z&nbsp;krwi i&nbsp;ko\u015bci.<\/p>\n\n\n\n<p class=\"has-text-align-justify wp-block-paragraph\">Tess aktywnie uczestniczy w&nbsp;spotkaniach autorskich, cz\u0119sto rozmawia z&nbsp;czytelnikami, a&nbsp;jej media spo\u0142eczno\u015bciowe t\u0119tni\u0105 \u017cyciem. Ma dar s\u0142uchania \u2013 co wida\u0107 w&nbsp;tym, jak ewoluuj\u0105 jej historie. Z&nbsp;detektywistycznych \u015bledztw przenosi si\u0119 w&nbsp;stron\u0119 thriller\u00f3w szpiegowskich, romans\u00f3w z&nbsp;dreszczykiem czy powie\u015bci grozy \u2013 ale zawsze w&nbsp;centrum zostaj\u0105 bohaterowie i&nbsp;ich wybory.<\/p>\n\n\n\n<figure class=\"wp-block-image size-full\"><a href=\"https:\/\/audioteka.com\/pl\/applications\" target=\"_blank\" rel=\"noopener\"><img data-recalc-dims=\"1\" loading=\"lazy\" decoding=\"async\" width=\"768\" height=\"216\" data-attachment-id=\"5813\" data-permalink=\"https:\/\/blogaudioteka.wpcomstaging.com\/sluchanie-zamiast-czytania-oto-7-powodow-dla-ktorych-audiobooki-zmienia-twoje-zycie\/banner_3-6\" data-orig-file=\"https:\/\/i0.wp.com\/blogaudioteka.wpcomstaging.com\/wp-content\/uploads\/banner_3-5.png?fit=768%2C216&amp;ssl=1\" data-orig-size=\"768,216\" data-comments-opened=\"0\" data-image-meta=\"{&quot;aperture&quot;:&quot;0&quot;,&quot;credit&quot;:&quot;&quot;,&quot;camera&quot;:&quot;&quot;,&quot;caption&quot;:&quot;&quot;,&quot;created_timestamp&quot;:&quot;0&quot;,&quot;copyright&quot;:&quot;&quot;,&quot;focal_length&quot;:&quot;0&quot;,&quot;iso&quot;:&quot;0&quot;,&quot;shutter_speed&quot;:&quot;0&quot;,&quot;title&quot;:&quot;&quot;,&quot;orientation&quot;:&quot;0&quot;}\" data-image-title=\"banner_3\" data-image-description=\"\" data-image-caption=\"\" data-large-file=\"https:\/\/i0.wp.com\/blogaudioteka.wpcomstaging.com\/wp-content\/uploads\/banner_3-5.png?fit=768%2C216&amp;ssl=1\" src=\"https:\/\/i0.wp.com\/blogaudioteka.wpcomstaging.com\/wp-content\/uploads\/banner_3-5.png?resize=768%2C216&#038;ssl=1\" alt=\"\" class=\"wp-image-5813\" srcset=\"https:\/\/i0.wp.com\/blogaudioteka.wpcomstaging.com\/wp-content\/uploads\/banner_3-5.png?w=768&amp;ssl=1 768w, https:\/\/i0.wp.com\/blogaudioteka.wpcomstaging.com\/wp-content\/uploads\/banner_3-5.png?resize=300%2C84&amp;ssl=1 300w, https:\/\/i0.wp.com\/blogaudioteka.wpcomstaging.com\/wp-content\/uploads\/banner_3-5.png?resize=512%2C144&amp;ssl=1 512w\" sizes=\"auto, (max-width: 768px) 100vw, 768px\" \/><\/a><\/figure>\n\n\n\n<p class=\"has-text-align-justify wp-block-paragraph\"><strong>Czas odkry\u0107 \u201eLato tajemnic\u201d i&nbsp;zanurzy\u0107 si\u0119 w&nbsp;kolejn\u0105 przygod\u0119 z&nbsp;Klubem Martini. Szpiedzy, sekrety i&nbsp;letni mrok czekaj\u0105 \u2013 s\u0142uchaj w&nbsp;Audiotece.<\/strong> \ud83c\udfa7<\/p>\n","protected":false},"excerpt":{"rendered":"W \u015bwiecie, gdzie napi\u0119cie ro\u015bnie z&nbsp;ka\u017cd\u0105 stron\u0105, a&nbsp;sekrety maj\u0105 d\u0142ugie cienie, Tess Gerritsen powraca z&nbsp;powie\u015bci\u0105, kt\u00f3ra idealnie trafia&hellip;","protected":false},"author":264736300,"featured_media":6853,"comment_status":"closed","ping_status":"closed","sticky":false,"template":"","format":"standard","meta":{"_crdt_document":"","csco_display_header_overlay":false,"csco_singular_sidebar":"","csco_page_header_type":"","_jetpack_memberships_contains_paid_content":false,"footnotes":""},"categories":[14931,14935],"tags":[],"class_list":{"0":"post-6824","1":"post","2":"type-post","3":"status-publish","4":"format-standard","5":"has-post-thumbnail","7":"category-aktualnosci","8":"category-lifestylowe","9":"cs-entry"},"jetpack_featured_media_url":"https:\/\/i0.wp.com\/blogaudioteka.wpcomstaging.com\/wp-content\/uploads\/Projekt-bez-nazwy-39.png?fit=1920%2C1080&ssl=1","jetpack_sharing_enabled":true,"_links":{"self":[{"href":"https:\/\/blogaudioteka.wpcomstaging.com\/wp-json\/wp\/v2\/posts\/6824","targetHints":{"allow":["GET"]}}],"collection":[{"href":"https:\/\/blogaudioteka.wpcomstaging.com\/wp-json\/wp\/v2\/posts"}],"about":[{"href":"https:\/\/blogaudioteka.wpcomstaging.com\/wp-json\/wp\/v2\/types\/post"}],"author":[{"embeddable":true,"href":"https:\/\/blogaudioteka.wpcomstaging.com\/wp-json\/wp\/v2\/users\/264736300"}],"replies":[{"embeddable":true,"href":"https:\/\/blogaudioteka.wpcomstaging.com\/wp-json\/wp\/v2\/comments?post=6824"}],"version-history":[{"count":15,"href":"https:\/\/blogaudioteka.wpcomstaging.com\/wp-json\/wp\/v2\/posts\/6824\/revisions"}],"predecessor-version":[{"id":6855,"href":"https:\/\/blogaudioteka.wpcomstaging.com\/wp-json\/wp\/v2\/posts\/6824\/revisions\/6855"}],"wp:featuredmedia":[{"embeddable":true,"href":"https:\/\/blogaudioteka.wpcomstaging.com\/wp-json\/wp\/v2\/media\/6853"}],"wp:attachment":[{"href":"https:\/\/blogaudioteka.wpcomstaging.com\/wp-json\/wp\/v2\/media?parent=6824"}],"wp:term":[{"taxonomy":"category","embeddable":true,"href":"https:\/\/blogaudioteka.wpcomstaging.com\/wp-json\/wp\/v2\/categories?post=6824"},{"taxonomy":"post_tag","embeddable":true,"href":"https:\/\/blogaudioteka.wpcomstaging.com\/wp-json\/wp\/v2\/tags?post=6824"}],"curies":[{"name":"wp","href":"https:\/\/api.w.org\/{rel}","templated":true}]}}