{"id":5820,"date":"2025-07-18T15:56:58","date_gmt":"2025-07-18T13:56:58","guid":{"rendered":"https:\/\/blogaudioteka.wpcomstaging.com\/?p=5820"},"modified":"2025-08-20T12:15:25","modified_gmt":"2025-08-20T10:15:25","slug":"nowosci-tygodnia-w-audiotece-top-15-14-07-20-07","status":"publish","type":"post","link":"https:\/\/blogaudioteka.wpcomstaging.com\/nowosci-tygodnia-w-audiotece-top-15-14-07-20-07","title":{"rendered":"Nowo\u015bci tygodnia w Audiotece \u2013 TOP 15 [14.07 \u2013 20.07]"},"content":{"rendered":"\n<p class=\"has-text-align-justify wp-block-paragraph\"><strong>Lato w&nbsp;pe\u0142ni, a&nbsp;my wci\u0105\u017c czujemy powiew \u015bwie\u017co\u015bci \u2013 nie tylko na zewn\u0105trz, ale i&nbsp;w naszych najnowszych audiobookach! W&nbsp;tym tygodniu przygotowali\u015bmy dla Was zestawienie naj\u015bwie\u017cszych premier, kt\u00f3re idealnie wpasuj\u0105 si\u0119 w&nbsp;letnie dni. Niezale\u017cnie od tego, czy planujecie relaks na pla\u017cy, podr\u00f3\u017c w&nbsp;nieznane, czy leniwe popo\u0142udnia w&nbsp;ogrodzie \u2013 w&nbsp;Audiotece czeka na Was co\u015b wyj\u0105tkowego! Czas na s\u0142uchanie, odpoczynek i&nbsp;zanurzenie si\u0119 w&nbsp;najnowszych opowie\u015bciach \u2013 sprawd\u017acie nasze topowe nowo\u015bci, kt\u00f3re zachwyc\u0105 Was latem pe\u0142nym przyg\u00f3d!<\/strong><\/p>\n\n\n\n<div id=\"ez-toc-container\" class=\"ez-toc-v2_0_82_2 counter-hierarchy ez-toc-counter ez-toc-grey ez-toc-container-direction\">\n<div class=\"ez-toc-title-container\"><span class=\"ez-toc-title\" style=\"cursor:inherit\">Spis tre\u015bci<\/span>\n<\/div><nav><ul class='ez-toc-list ez-toc-list-level-1 ' ><li class='ez-toc-page-1 ez-toc-heading-level-2'><a class=\"ez-toc-link ez-toc-heading-1\" href=\"https:\/\/blogaudioteka.wpcomstaging.com\/nowosci-tygodnia-w-audiotece-top-15-14-07-20-07\/#1_Desire_%E2%80%93_Wieslaw_Cybulski\" >1. Desire \u2013 Wies\u0142aw Cybulski<\/a><\/li><li class='ez-toc-page-1 ez-toc-heading-level-2'><a class=\"ez-toc-link ez-toc-heading-2\" href=\"https:\/\/blogaudioteka.wpcomstaging.com\/nowosci-tygodnia-w-audiotece-top-15-14-07-20-07\/#2_Bolko_%E2%80%93_Grzegorz_Gajek\" >2. Bolko \u2013 Grzegorz Gajek<\/a><ul class='ez-toc-list-level-3' ><li class='ez-toc-heading-level-3'><a class=\"ez-toc-link ez-toc-heading-3\" href=\"https:\/\/blogaudioteka.wpcomstaging.com\/nowosci-tygodnia-w-audiotece-top-15-14-07-20-07\/#3_Cycero_Trylogia_rzymska_Tom_1_%E2%80%93_Robert_Harris\" >3. Cycero. Trylogia rzymska. Tom 1 \u2013 Robert Harris<\/a><\/li><\/ul><\/li><li class='ez-toc-page-1 ez-toc-heading-level-2'><a class=\"ez-toc-link ez-toc-heading-4\" href=\"https:\/\/blogaudioteka.wpcomstaging.com\/nowosci-tygodnia-w-audiotece-top-15-14-07-20-07\/#4_Regiel_%E2%80%93_Michal_Smielak\" >4. Regiel \u2013 Micha\u0142 \u015amielak<\/a><\/li><li class='ez-toc-page-1 ez-toc-heading-level-2'><a class=\"ez-toc-link ez-toc-heading-5\" href=\"https:\/\/blogaudioteka.wpcomstaging.com\/nowosci-tygodnia-w-audiotece-top-15-14-07-20-07\/#5_Zmorowisko_%E2%80%93_Kamil_Piechura\" >5. Zmorowisko \u2013 Kamil Piechura<\/a><\/li><li class='ez-toc-page-1 ez-toc-heading-level-2'><a class=\"ez-toc-link ez-toc-heading-6\" href=\"https:\/\/blogaudioteka.wpcomstaging.com\/nowosci-tygodnia-w-audiotece-top-15-14-07-20-07\/#6_Lato_marnotrawnych_%E2%80%93_Barbara_Kingsolver\" >6. Lato marnotrawnych \u2013 Barbara Kingsolver<\/a><\/li><li class='ez-toc-page-1 ez-toc-heading-level-2'><a class=\"ez-toc-link ez-toc-heading-7\" href=\"https:\/\/blogaudioteka.wpcomstaging.com\/nowosci-tygodnia-w-audiotece-top-15-14-07-20-07\/#7_Ostre_ciecia_%E2%80%93_Joe_Abercrombie\" >7. Ostre ci\u0119cia \u2013 Joe Abercrombie<\/a><\/li><li class='ez-toc-page-1 ez-toc-heading-level-2'><a class=\"ez-toc-link ez-toc-heading-8\" href=\"https:\/\/blogaudioteka.wpcomstaging.com\/nowosci-tygodnia-w-audiotece-top-15-14-07-20-07\/#8_Bez_ryzyka_%E2%80%93_Lee_Child\" >8. Bez ryzyka \u2013 Lee Child<\/a><\/li><li class='ez-toc-page-1 ez-toc-heading-level-2'><a class=\"ez-toc-link ez-toc-heading-9\" href=\"https:\/\/blogaudioteka.wpcomstaging.com\/nowosci-tygodnia-w-audiotece-top-15-14-07-20-07\/#9_Hiroszima_%E2%80%93_John_Hersey\" >9. Hiroszima \u2013 John Hersey<\/a><\/li><li class='ez-toc-page-1 ez-toc-heading-level-2'><a class=\"ez-toc-link ez-toc-heading-10\" href=\"https:\/\/blogaudioteka.wpcomstaging.com\/nowosci-tygodnia-w-audiotece-top-15-14-07-20-07\/#10_Zwiastuny_zla_Cykl_z_detektyw_Lottie_Parker_%E2%80%93_Patricia_Gibney\" >10. Zwiastuny z\u0142a. Cykl z&nbsp;detektyw Lottie Parker \u2013 Patricia Gibney<\/a><\/li><li class='ez-toc-page-1 ez-toc-heading-level-2'><a class=\"ez-toc-link ez-toc-heading-11\" href=\"https:\/\/blogaudioteka.wpcomstaging.com\/nowosci-tygodnia-w-audiotece-top-15-14-07-20-07\/#11_Listy_z_Ameryki_%E2%80%93_Rudyard_Kipling\" >11. Listy z&nbsp;Ameryki \u2013 Rudyard Kipling<\/a><\/li><li class='ez-toc-page-1 ez-toc-heading-level-2'><a class=\"ez-toc-link ez-toc-heading-12\" href=\"https:\/\/blogaudioteka.wpcomstaging.com\/nowosci-tygodnia-w-audiotece-top-15-14-07-20-07\/#12_Obronca_ulicy_%E2%80%93_John_Grisham\" >12. Obro\u0144ca ulicy \u2013 John Grisham<\/a><\/li><li class='ez-toc-page-1 ez-toc-heading-level-2'><a class=\"ez-toc-link ez-toc-heading-13\" href=\"https:\/\/blogaudioteka.wpcomstaging.com\/nowosci-tygodnia-w-audiotece-top-15-14-07-20-07\/#15_Wszystko_zostaje_w_rodzinie_%E2%80%93_John_Marrs\" >15. Wszystko zostaje w&nbsp;rodzinie \u2013 John Marrs<\/a><\/li><li class='ez-toc-page-1 ez-toc-heading-level-2'><a class=\"ez-toc-link ez-toc-heading-14\" href=\"https:\/\/blogaudioteka.wpcomstaging.com\/nowosci-tygodnia-w-audiotece-top-15-14-07-20-07\/#14_Smierc_pani_Westaway_%E2%80%93_Ruth_Ware\" >14. \u015amier\u0107 pani Westaway \u2013 Ruth Ware<\/a><\/li><li class='ez-toc-page-1 ez-toc-heading-level-2'><a class=\"ez-toc-link ez-toc-heading-15\" href=\"https:\/\/blogaudioteka.wpcomstaging.com\/nowosci-tygodnia-w-audiotece-top-15-14-07-20-07\/#15_Zaginiona_dziewczyna_%E2%80%93_Simone_St_James\" >15. Zaginiona dziewczyna \u2013 Simone St. James<\/a><\/li><\/ul><\/nav><\/div>\n<h2 class=\"wp-block-heading\"><span class=\"ez-toc-section\" id=\"1_Desire_%E2%80%93_Wieslaw_Cybulski\"><\/span>1. Desire \u2013 Wies\u0142aw Cybulski<span class=\"ez-toc-section-end\"><\/span><\/h2>\n\n\n\n<p class=\"wp-block-paragraph\">\ud83c\udfa7 <em><a href=\"https:\/\/audioteka.com\/pl\/audiobook\/desire-superprodukcja\/\" target=\"_blank\" rel=\"noopener\">Pos\u0142uchaj &#8222;Desire&#8221; w&nbsp;Audiotece \u2013 prze\u017cyj t\u0119 podr\u00f3\u017c w&nbsp;\u015bwiecie pe\u0142nym tajemnic i&nbsp;napi\u0119\u0107.<\/a><\/em><\/p>\n\n\n<div class=\"wp-block-image\">\n<figure class=\"aligncenter size-full\"><img loading=\"lazy\" decoding=\"async\" width=\"300\" height=\"300\" data-attachment-id=\"5848\" data-permalink=\"https:\/\/blogaudioteka.wpcomstaging.com\/nowosci-tygodnia-w-audiotece-top-15-14-07-20-07\/desire-superprodukcja-original\" data-orig-file=\"https:\/\/blogaudioteka.wpcomstaging.com\/wp-content\/uploads\/desire-superprodukcja-original.avif\" data-orig-size=\"300,300\" data-comments-opened=\"0\" data-image-meta=\"{&quot;aperture&quot;:&quot;0&quot;,&quot;credit&quot;:&quot;&quot;,&quot;camera&quot;:&quot;&quot;,&quot;caption&quot;:&quot;&quot;,&quot;created_timestamp&quot;:&quot;0&quot;,&quot;copyright&quot;:&quot;&quot;,&quot;focal_length&quot;:&quot;0&quot;,&quot;iso&quot;:&quot;0&quot;,&quot;shutter_speed&quot;:&quot;0&quot;,&quot;title&quot;:&quot;&quot;,&quot;orientation&quot;:&quot;0&quot;}\" data-image-title=\"desire-superprodukcja-original\" data-image-description=\"\" data-image-caption=\"\" data-large-file=\"https:\/\/blogaudioteka.wpcomstaging.com\/wp-content\/uploads\/desire-superprodukcja-original.avif\" src=\"https:\/\/blogaudioteka.wpcomstaging.com\/wp-content\/uploads\/desire-superprodukcja-original.avif\" alt=\"\" class=\"wp-image-5848\" srcset=\"https:\/\/blogaudioteka.wpcomstaging.com\/wp-content\/uploads\/desire-superprodukcja-original.avif 300w, https:\/\/blogaudioteka.wpcomstaging.com\/wp-content\/uploads\/desire-superprodukcja-original-150x150.avif 150w, https:\/\/blogaudioteka.wpcomstaging.com\/wp-content\/uploads\/desire-superprodukcja-original-200x200.avif 200w, https:\/\/blogaudioteka.wpcomstaging.com\/wp-content\/uploads\/desire-superprodukcja-original-148x148.avif 148w, https:\/\/blogaudioteka.wpcomstaging.com\/wp-content\/uploads\/desire-superprodukcja-original-296x296.avif 296w\" sizes=\"auto, (max-width: 300px) 100vw, 300px\" \/><\/figure>\n<\/div>\n\n\n<p class=\"has-text-align-justify wp-block-paragraph\">&#8222;Desire&#8221; to <a href=\"https:\/\/audioteka.com\/pl\/katalog\/superprodukcje-audioteki\/\" target=\"_blank\" rel=\"noopener\">superprodukcja<\/a>, kt\u00f3re wci\u0105ga od pierwszych chwil i&nbsp;pokazuje, jak czasami wystarczy niewielka zmiana otoczenia, by ujawni\u0142y si\u0119 skrywane emocje i&nbsp;tajemnice. G\u0142\u00f3wne postacie, Micha\u0142, Agata, Wojtek i&nbsp;Mirka, wybieraj\u0105 si\u0119 na miesi\u0119czny rejs po Ba\u0142tyku, licz\u0105c na spok\u00f3j i&nbsp;oderwanie si\u0119 od codziennych trosk. Jednak zbli\u017caj\u0105ca si\u0119 burza nie dotyczy tylko pogody. Z&nbsp;ka\u017cdym dniem napi\u0119cia mi\u0119dzy bohaterami narastaj\u0105, a&nbsp;na jaw wychodz\u0105 niewygodne prawdy. Pomi\u0119dzy relaksuj\u0105c\u0105 podr\u00f3\u017c\u0105 a&nbsp;nieoczekiwanym odkryciem, zaczynaj\u0105 pojawia\u0107 si\u0119 pytania o&nbsp;to, co tak naprawd\u0119 ich \u0142\u0105czy.<\/p>\n\n\n\n<figure class=\"wp-block-embed is-type-video is-provider-youtube wp-block-embed-youtube wp-embed-aspect-16-9 wp-has-aspect-ratio\"><div class=\"wp-block-embed__wrapper\">\n<span class=\"embed-youtube\" style=\"text-align:center; display: block;\"><iframe loading=\"lazy\" class=\"youtube-player\" width=\"1200\" height=\"675\" src=\"https:\/\/www.youtube.com\/embed\/gWgUJzwr7-Q?version=3&#038;rel=1&#038;showsearch=0&#038;showinfo=1&#038;iv_load_policy=1&#038;fs=1&#038;hl=pl-PL&#038;autohide=2&#038;wmode=transparent\" allowfullscreen=\"true\" style=\"border:0;\" sandbox=\"allow-scripts allow-same-origin allow-popups allow-presentation allow-popups-to-escape-sandbox\"><\/iframe><\/span>\n<\/div><\/figure>\n\n\n\n<p class=\"has-text-align-justify wp-block-paragraph\">To pe\u0142ne napi\u0119cia, wielowymiarowe s\u0142uchowisko o&nbsp;tym, jak krucha jest granica mi\u0119dzy zaufaniem a&nbsp;k\u0142amstwem, o&nbsp;tym, co trzyma nas na powierzchni i&nbsp;o tym, jak \u017cycie na morzu mo\u017ce wp\u0142yn\u0105\u0107 na nasze wybory. Zrealizowane w&nbsp;mistrzowski spos\u00f3b, z&nbsp;udzia\u0142em takich lektor\u00f3w jak <a href=\"https:\/\/audioteka.com\/pl\/lektor\/grzegorz-kwiecien\/\" target=\"_blank\" rel=\"noopener\">Grzegorz Kwiecie\u0144<\/a>, <a href=\"https:\/\/audioteka.com\/pl\/lektor\/mikolaj-krawczyk\/\" target=\"_blank\" rel=\"noopener\">Miko\u0142aj Krawczyk<\/a> i&nbsp;<a href=\"https:\/\/audioteka.com\/pl\/lektor\/laura-breszka\/\" target=\"_blank\" rel=\"noopener\">Laura Breszka<\/a>, &#8222;Desire&#8221; jest pe\u0142ne emocji, dramatu i&nbsp;niezapomnianych zwrot\u00f3w akcji.<\/p>\n\n\n\n<h2 class=\"wp-block-heading\"><span class=\"ez-toc-section\" id=\"2_Bolko_%E2%80%93_Grzegorz_Gajek\"><\/span>2. Bolko \u2013 Grzegorz Gajek<span class=\"ez-toc-section-end\"><\/span><\/h2>\n\n\n\n<p class=\"wp-block-paragraph\">\ud83c\udfa7 <em><a href=\"https:\/\/audioteka.com\/pl\/audiobook\/bolko\/\" target=\"_blank\" rel=\"noopener\">S\u0142uchaj &#8222;Bolko&#8221; w&nbsp;Audiotece \u2013 poczuj, jak historia nabiera mocy w&nbsp;\u015bwiecie pe\u0142nym krwi i&nbsp;\u017celaza.<\/a><\/em><\/p>\n\n\n<div class=\"wp-block-image\">\n<figure class=\"aligncenter size-full\"><img loading=\"lazy\" decoding=\"async\" width=\"300\" height=\"300\" data-attachment-id=\"5852\" data-permalink=\"https:\/\/blogaudioteka.wpcomstaging.com\/nowosci-tygodnia-w-audiotece-top-15-14-07-20-07\/bolko-original\" data-orig-file=\"https:\/\/blogaudioteka.wpcomstaging.com\/wp-content\/uploads\/bolko-original.avif\" data-orig-size=\"300,300\" data-comments-opened=\"0\" data-image-meta=\"{&quot;aperture&quot;:&quot;0&quot;,&quot;credit&quot;:&quot;&quot;,&quot;camera&quot;:&quot;&quot;,&quot;caption&quot;:&quot;&quot;,&quot;created_timestamp&quot;:&quot;0&quot;,&quot;copyright&quot;:&quot;&quot;,&quot;focal_length&quot;:&quot;0&quot;,&quot;iso&quot;:&quot;0&quot;,&quot;shutter_speed&quot;:&quot;0&quot;,&quot;title&quot;:&quot;&quot;,&quot;orientation&quot;:&quot;0&quot;}\" data-image-title=\"bolko-original\" data-image-description=\"\" data-image-caption=\"\" data-large-file=\"https:\/\/blogaudioteka.wpcomstaging.com\/wp-content\/uploads\/bolko-original.avif\" src=\"https:\/\/blogaudioteka.wpcomstaging.com\/wp-content\/uploads\/bolko-original.avif\" alt=\"\" class=\"wp-image-5852\" srcset=\"https:\/\/blogaudioteka.wpcomstaging.com\/wp-content\/uploads\/bolko-original.avif 300w, https:\/\/blogaudioteka.wpcomstaging.com\/wp-content\/uploads\/bolko-original-150x150.avif 150w, https:\/\/blogaudioteka.wpcomstaging.com\/wp-content\/uploads\/bolko-original-200x200.avif 200w, https:\/\/blogaudioteka.wpcomstaging.com\/wp-content\/uploads\/bolko-original-148x148.avif 148w, https:\/\/blogaudioteka.wpcomstaging.com\/wp-content\/uploads\/bolko-original-296x296.avif 296w\" sizes=\"auto, (max-width: 300px) 100vw, 300px\" \/><\/figure>\n<\/div>\n\n\n<p class=\"has-text-align-justify wp-block-paragraph\">&#8222;Bolko&#8221; to powie\u015b\u0107, kt\u00f3ra przenosi s\u0142uchaczy w&nbsp;epok\u0119 pe\u0142n\u0105 przemian, gdzie \u017celazo i&nbsp;krew rozstrzygaj\u0105 losy ludzi i&nbsp;kr\u00f3lestw. Akcja rozgrywa si\u0119 na s\u0142owia\u0144skich ziemiach, gdzie plemiona Wielet\u00f3w wznosz\u0105 powstanie przeciw Cesarstwu. W&nbsp;tym \u015bwiecie m\u0142ody Bolko Mieszkowic powraca do domu z&nbsp;dalekiej P\u00f3\u0142nocy, by przej\u015b\u0107 przez pr\u00f3b\u0119, kt\u00f3ra uczyni go m\u0119\u017cczyzn\u0105. To opowie\u015b\u0107 o&nbsp;walce, mi\u0142o\u015bci, wojnie i&nbsp;okrucie\u0144stwie, kt\u00f3rej bohaterowie musz\u0105 nauczy\u0107 si\u0119, co oznacza by\u0107 liderem, a&nbsp;co to znaczy by\u0107 cz\u0142owiekiem.<\/p>\n\n\n\n<p class=\"has-text-align-justify wp-block-paragraph\">Wzruszaj\u0105ca i&nbsp;emocjonuj\u0105ca historia przedstawia drog\u0119 Bolka, kt\u00f3ry, cho\u0107 wychowany w&nbsp;mrocznych czasach, stanie si\u0119 postaci\u0105, kt\u00f3r\u0105 zapami\u0119ta historia. To opowie\u015b\u0107, kt\u00f3ra pokazuje, jak w&nbsp;jednym cz\u0142owieku mog\u0105 splata\u0107 si\u0119 losy ca\u0142ych narod\u00f3w, jak z&nbsp;ma\u0142ego ch\u0142opca rodzi si\u0119 wielki wojownik i&nbsp;przysz\u0142y knia\u017a.<\/p>\n\n\n\n<figure class=\"wp-block-image size-full\"><a href=\"https:\/\/klub.audioteka.com\/\" target=\"_blank\" rel=\"noopener\"><img data-recalc-dims=\"1\" loading=\"lazy\" decoding=\"async\" width=\"768\" height=\"216\" data-attachment-id=\"5805\" data-permalink=\"https:\/\/blogaudioteka.wpcomstaging.com\/sluchanie-zamiast-czytania-oto-7-powodow-dla-ktorych-audiobooki-zmienia-twoje-zycie\/ak_2-1\" data-orig-file=\"https:\/\/i0.wp.com\/blogaudioteka.wpcomstaging.com\/wp-content\/uploads\/ak_2-1.png?fit=768%2C216&amp;ssl=1\" data-orig-size=\"768,216\" data-comments-opened=\"0\" data-image-meta=\"{&quot;aperture&quot;:&quot;0&quot;,&quot;credit&quot;:&quot;&quot;,&quot;camera&quot;:&quot;&quot;,&quot;caption&quot;:&quot;&quot;,&quot;created_timestamp&quot;:&quot;0&quot;,&quot;copyright&quot;:&quot;&quot;,&quot;focal_length&quot;:&quot;0&quot;,&quot;iso&quot;:&quot;0&quot;,&quot;shutter_speed&quot;:&quot;0&quot;,&quot;title&quot;:&quot;&quot;,&quot;orientation&quot;:&quot;0&quot;}\" data-image-title=\"ak_2 (1)\" data-image-description=\"\" data-image-caption=\"\" data-large-file=\"https:\/\/i0.wp.com\/blogaudioteka.wpcomstaging.com\/wp-content\/uploads\/ak_2-1.png?fit=768%2C216&amp;ssl=1\" src=\"https:\/\/i0.wp.com\/blogaudioteka.wpcomstaging.com\/wp-content\/uploads\/ak_2-1.png?resize=768%2C216&#038;ssl=1\" alt=\"\" class=\"wp-image-5805\" srcset=\"https:\/\/i0.wp.com\/blogaudioteka.wpcomstaging.com\/wp-content\/uploads\/ak_2-1.png?w=768&amp;ssl=1 768w, https:\/\/i0.wp.com\/blogaudioteka.wpcomstaging.com\/wp-content\/uploads\/ak_2-1.png?resize=300%2C84&amp;ssl=1 300w, https:\/\/i0.wp.com\/blogaudioteka.wpcomstaging.com\/wp-content\/uploads\/ak_2-1.png?resize=512%2C144&amp;ssl=1 512w\" sizes=\"auto, (max-width: 768px) 100vw, 768px\" \/><\/a><\/figure>\n\n\n\n<h3 class=\"wp-block-heading\"><span class=\"ez-toc-section\" id=\"3_Cycero_Trylogia_rzymska_Tom_1_%E2%80%93_Robert_Harris\"><\/span>3. Cycero. Trylogia rzymska. Tom 1 \u2013 Robert Harris<span class=\"ez-toc-section-end\"><\/span><\/h3>\n\n\n\n<p class=\"wp-block-paragraph\">\ud83c\udfa7 <em><a href=\"https:\/\/audioteka.com\/pl\/audiobook\/cycero-trylogia-rzymska-tom-1\/\" target=\"_blank\" rel=\"noopener\">S\u0142uchaj \u201eCycero\u201d w&nbsp;Audiotece \u2013 zanurz si\u0119 w&nbsp;brutalnym \u015bwiecie rzymskich intryg, z&nbsp;kt\u00f3rymi b\u0119dziesz musia\u0142 stawi\u0107 czo\u0142a do samego ko\u0144ca.<\/a><\/em><\/p>\n\n\n<div class=\"wp-block-image\">\n<figure class=\"aligncenter size-full\"><img loading=\"lazy\" decoding=\"async\" width=\"300\" height=\"300\" data-attachment-id=\"5853\" data-permalink=\"https:\/\/blogaudioteka.wpcomstaging.com\/nowosci-tygodnia-w-audiotece-top-15-14-07-20-07\/harris-cycero\" data-orig-file=\"https:\/\/blogaudioteka.wpcomstaging.com\/wp-content\/uploads\/harris-cycero.avif\" data-orig-size=\"300,300\" data-comments-opened=\"0\" data-image-meta=\"{&quot;aperture&quot;:&quot;0&quot;,&quot;credit&quot;:&quot;&quot;,&quot;camera&quot;:&quot;&quot;,&quot;caption&quot;:&quot;&quot;,&quot;created_timestamp&quot;:&quot;0&quot;,&quot;copyright&quot;:&quot;&quot;,&quot;focal_length&quot;:&quot;0&quot;,&quot;iso&quot;:&quot;0&quot;,&quot;shutter_speed&quot;:&quot;0&quot;,&quot;title&quot;:&quot;&quot;,&quot;orientation&quot;:&quot;0&quot;}\" data-image-title=\"harris-cycero\" data-image-description=\"\" data-image-caption=\"\" data-large-file=\"https:\/\/blogaudioteka.wpcomstaging.com\/wp-content\/uploads\/harris-cycero.avif\" src=\"https:\/\/blogaudioteka.wpcomstaging.com\/wp-content\/uploads\/harris-cycero.avif\" alt=\"\" class=\"wp-image-5853\" srcset=\"https:\/\/blogaudioteka.wpcomstaging.com\/wp-content\/uploads\/harris-cycero.avif 300w, https:\/\/blogaudioteka.wpcomstaging.com\/wp-content\/uploads\/harris-cycero-150x150.avif 150w, https:\/\/blogaudioteka.wpcomstaging.com\/wp-content\/uploads\/harris-cycero-200x200.avif 200w, https:\/\/blogaudioteka.wpcomstaging.com\/wp-content\/uploads\/harris-cycero-148x148.avif 148w, https:\/\/blogaudioteka.wpcomstaging.com\/wp-content\/uploads\/harris-cycero-296x296.avif 296w\" sizes=\"auto, (max-width: 300px) 100vw, 300px\" \/><\/figure>\n<\/div>\n\n\n<p class=\"has-text-align-justify wp-block-paragraph\">Wielka historia rzymskiej polityki i&nbsp;w\u0142adzy, pe\u0142na zdrad, intryg, zbrodni i&nbsp;fascynuj\u0105cych postaci. Cycero, m\u0142ody polityk i&nbsp;m\u00f3wca, pragnie zdoby\u0107 konsulat w&nbsp;czasach, gdy Rzym zmienia si\u0119 nie do poznania. Nie dysponuj\u0105c ani armi\u0105, ani wielkim maj\u0105tkiem, Cycero ma co\u015b, co pozwoli mu zdoby\u0107 szczyty w\u0142adzy \u2013 talent oratorski. Pierwsz\u0105 szans\u0119 daje mu proces przeciwko Gajuszowi Werresowi, namiestnikowi Sycylii, kt\u00f3ry jest oskar\u017cony o&nbsp;korupcj\u0119 i&nbsp;brutalne traktowanie swoich poddanych.<\/p>\n\n\n\n<p class=\"has-text-align-justify wp-block-paragraph\">To pasjonuj\u0105ca opowie\u015b\u0107 o&nbsp;wy\u015bcigu po w\u0142adz\u0119, zdradzie i&nbsp;manipulacjach. W&nbsp;ksi\u0105\u017cce znajdziesz nie tylko polityczn\u0105 gr\u0119, ale r\u00f3wnie\u017c wci\u0105gaj\u0105cy portret cz\u0142owieka, kt\u00f3ry postanawia postawi\u0107 wszystko na jedn\u0105 kart\u0119, aby spe\u0142ni\u0107 swoje ambicje. S\u0142uchaj\u0105c audiobooka w&nbsp;interpretacji <a href=\"https:\/\/audioteka.com\/pl\/lektor\/marcin-popczynski\/\" target=\"_blank\" rel=\"noopener\">Marcina Popczy\u0144skiego<\/a>, wkraczasz w&nbsp;\u015bwiat politycznych nieczysto\u015bci i&nbsp;dramatycznych wybor\u00f3w.<\/p>\n\n\n\n<h2 class=\"wp-block-heading\"><span class=\"ez-toc-section\" id=\"4_Regiel_%E2%80%93_Michal_Smielak\"><\/span>4. Regiel \u2013 Micha\u0142 \u015amielak<span class=\"ez-toc-section-end\"><\/span><\/h2>\n\n\n\n<p class=\"wp-block-paragraph\">\ud83c\udfa7 <em><a href=\"https:\/\/audioteka.com\/pl\/audiobook\/regiel\/\" target=\"_blank\" rel=\"noopener\">S\u0142uchaj \u201eRegiel\u201d w&nbsp;Audiotece \u2013 do\u0142\u0105cz do \u015bledztwa, kt\u00f3re przeplata w&nbsp;sobie mroczne tajemnice, legendy i&nbsp;zagadki Bieszczad.<\/a><\/em><\/p>\n\n\n<div class=\"wp-block-image\">\n<figure class=\"aligncenter size-full\"><img loading=\"lazy\" decoding=\"async\" width=\"300\" height=\"300\" data-attachment-id=\"5855\" data-permalink=\"https:\/\/blogaudioteka.wpcomstaging.com\/nowosci-tygodnia-w-audiotece-top-15-14-07-20-07\/regiel-original\" data-orig-file=\"https:\/\/blogaudioteka.wpcomstaging.com\/wp-content\/uploads\/regiel-original.avif\" data-orig-size=\"300,300\" data-comments-opened=\"0\" data-image-meta=\"{&quot;aperture&quot;:&quot;0&quot;,&quot;credit&quot;:&quot;&quot;,&quot;camera&quot;:&quot;&quot;,&quot;caption&quot;:&quot;&quot;,&quot;created_timestamp&quot;:&quot;0&quot;,&quot;copyright&quot;:&quot;&quot;,&quot;focal_length&quot;:&quot;0&quot;,&quot;iso&quot;:&quot;0&quot;,&quot;shutter_speed&quot;:&quot;0&quot;,&quot;title&quot;:&quot;&quot;,&quot;orientation&quot;:&quot;0&quot;}\" data-image-title=\"regiel-original\" data-image-description=\"\" data-image-caption=\"\" data-large-file=\"https:\/\/blogaudioteka.wpcomstaging.com\/wp-content\/uploads\/regiel-original.avif\" src=\"https:\/\/blogaudioteka.wpcomstaging.com\/wp-content\/uploads\/regiel-original.avif\" alt=\"\" class=\"wp-image-5855\" srcset=\"https:\/\/blogaudioteka.wpcomstaging.com\/wp-content\/uploads\/regiel-original.avif 300w, https:\/\/blogaudioteka.wpcomstaging.com\/wp-content\/uploads\/regiel-original-150x150.avif 150w, https:\/\/blogaudioteka.wpcomstaging.com\/wp-content\/uploads\/regiel-original-200x200.avif 200w, https:\/\/blogaudioteka.wpcomstaging.com\/wp-content\/uploads\/regiel-original-148x148.avif 148w, https:\/\/blogaudioteka.wpcomstaging.com\/wp-content\/uploads\/regiel-original-296x296.avif 296w\" sizes=\"auto, (max-width: 300px) 100vw, 300px\" \/><\/figure>\n<\/div>\n\n\n<p class=\"has-text-align-justify wp-block-paragraph\">W \u201eRegielu\u201d poznajemy ma\u0142\u0105 bieszczadzk\u0105 wiosk\u0119, w&nbsp;kt\u00f3rej pewne lokalne legendy nabieraj\u0105 nowego znaczenia, kiedy deweloper postanawia zbudowa\u0107 hotel w&nbsp;sercu tych dzikich g\u00f3r. To mroczna opowie\u015b\u0107 o&nbsp;staro\u017cytnych wierzeniach, kt\u00f3re nie zgin\u0119\u0142y z&nbsp;up\u0142ywem czasu, a&nbsp;tylko czeka\u0142y na odpowiedni moment, by ujawni\u0107 swoje niebezpieczne oblicze. Gdy na placu budowy zostaj\u0105 znalezione zw\u0142oki, sprawa zaczyna nabiera\u0107 rozmachu.<\/p>\n\n\n\n<p class=\"has-text-align-justify wp-block-paragraph\">Podkomisarz Przemys\u0142aw Nowacki musi zmierzy\u0107 si\u0119 z&nbsp;tajemnic\u0105, kt\u00f3ra rozrasta si\u0119, jak g\u0119sty las wok\u00f3\u0142 niego. W&nbsp;tej grze nie chodzi tylko o&nbsp;rozwik\u0142anie zagadki, ale o&nbsp;przetrwanie. Po\u0142\u0105czenie legendy z&nbsp;brutaln\u0105 rzeczywisto\u015bci\u0105 Bieszczad stawia bohater\u00f3w w&nbsp;obliczu niewyja\u015bnionego z\u0142a. To intensywna, pe\u0142na napi\u0119cia historia, kt\u00f3ra trzyma w&nbsp;niepewno\u015bci do ostatniego momentu. Audiobook w&nbsp;interpretacji <a href=\"https:\/\/audioteka.com\/pl\/lektor\/janusz-zadura\/\" target=\"_blank\" rel=\"noopener\">Janusza Zadury<\/a> przyci\u0105ga s\u0142uchacza od samego pocz\u0105tku i&nbsp;nie pozwala mu oderwa\u0107 si\u0119 od historii.<\/p>\n\n\n\n<h2 class=\"wp-block-heading\"><span class=\"ez-toc-section\" id=\"5_Zmorowisko_%E2%80%93_Kamil_Piechura\"><\/span>5. Zmorowisko \u2013 Kamil Piechura<span class=\"ez-toc-section-end\"><\/span><\/h2>\n\n\n\n<p class=\"wp-block-paragraph\">\ud83c\udfa7 <em><a href=\"https:\/\/audioteka.com\/pl\/audiobook\/zmorowisko\/\" target=\"_blank\" rel=\"noopener\">S\u0142uchaj \u201eZmorowiska\u201d w&nbsp;Audiotece \u2013 sprawd\u017a, co skrywa Czarny Dom i&nbsp;jakie mroczne tajemnice zosta\u0142y ujawnione.<\/a><\/em><\/p>\n\n\n<div class=\"wp-block-image\">\n<figure class=\"aligncenter size-full\"><img loading=\"lazy\" decoding=\"async\" width=\"300\" height=\"300\" data-attachment-id=\"5845\" data-permalink=\"https:\/\/blogaudioteka.wpcomstaging.com\/nowosci-tygodnia-w-audiotece-top-15-14-07-20-07\/zmorowisko-original\" data-orig-file=\"https:\/\/blogaudioteka.wpcomstaging.com\/wp-content\/uploads\/zmorowisko-original.avif\" data-orig-size=\"300,300\" data-comments-opened=\"0\" data-image-meta=\"{&quot;aperture&quot;:&quot;0&quot;,&quot;credit&quot;:&quot;&quot;,&quot;camera&quot;:&quot;&quot;,&quot;caption&quot;:&quot;&quot;,&quot;created_timestamp&quot;:&quot;0&quot;,&quot;copyright&quot;:&quot;&quot;,&quot;focal_length&quot;:&quot;0&quot;,&quot;iso&quot;:&quot;0&quot;,&quot;shutter_speed&quot;:&quot;0&quot;,&quot;title&quot;:&quot;&quot;,&quot;orientation&quot;:&quot;0&quot;}\" data-image-title=\"zmorowisko-original\" data-image-description=\"\" data-image-caption=\"\" data-large-file=\"https:\/\/blogaudioteka.wpcomstaging.com\/wp-content\/uploads\/zmorowisko-original.avif\" src=\"https:\/\/blogaudioteka.wpcomstaging.com\/wp-content\/uploads\/zmorowisko-original.avif\" alt=\"\" class=\"wp-image-5845\" srcset=\"https:\/\/blogaudioteka.wpcomstaging.com\/wp-content\/uploads\/zmorowisko-original.avif 300w, https:\/\/blogaudioteka.wpcomstaging.com\/wp-content\/uploads\/zmorowisko-original-150x150.avif 150w, https:\/\/blogaudioteka.wpcomstaging.com\/wp-content\/uploads\/zmorowisko-original-200x200.avif 200w, https:\/\/blogaudioteka.wpcomstaging.com\/wp-content\/uploads\/zmorowisko-original-148x148.avif 148w, https:\/\/blogaudioteka.wpcomstaging.com\/wp-content\/uploads\/zmorowisko-original-296x296.avif 296w\" sizes=\"auto, (max-width: 300px) 100vw, 300px\" \/><\/figure>\n<\/div>\n\n\n<p class=\"has-text-align-justify wp-block-paragraph\">\u201eZmorowisko\u201d to pe\u0142noprawny <a href=\"https:\/\/audioteka.com\/pl\/katalog\/thriller\/\" target=\"_blank\" rel=\"noopener\">thriller<\/a>, kt\u00f3ry po raz kolejny udowadnia, \u017ce Max Czornyj mia\u0142 racj\u0119, m\u00f3wi\u0105c, \u017ce to jeden z&nbsp;najlepszych gatunk\u00f3w. W&nbsp;miasteczku nieopodal Krakowa dochodzi do morderstwa grupy student\u00f3w, kt\u00f3rzy sp\u0119dzali weekend majowy w&nbsp;wynajmowanym domu. Trup \u015bciele si\u0119 g\u0119sto, a&nbsp;podkomisarz Lidia Ewert, znana ze swoich niekonwencjonalnych metod, zostaje wezwana do \u015bcigania sprawcy. Mimo pocz\u0105tkowego sukcesu w&nbsp;typowaniu winnego, sprawa pog\u0142\u0119bia si\u0119, a&nbsp;rozwi\u0105zanie zagadki wci\u0105\u017c pozostaje nieuchwytne.<\/p>\n\n\n\n<p class=\"has-text-align-justify wp-block-paragraph\">Audiobook w&nbsp;wykonaniu Marcina Popczy\u0144skiego jest prawdziw\u0105 gratk\u0105 dla mi\u0142o\u015bnik\u00f3w mrocznych historii z&nbsp;elementami zjawisk nadprzyrodzonych. \u015awietnie napisana, z&nbsp;dobrze wykreowanymi postaciami i&nbsp;nieoczekiwanymi zwrotami akcji \u2013 \u201eZmorowisko\u201d to thriller, kt\u00f3ry zapadnie w&nbsp;pami\u0119\u0107 na d\u0142ugo.<\/p>\n\n\n\n<h2 class=\"wp-block-heading\"><span class=\"ez-toc-section\" id=\"6_Lato_marnotrawnych_%E2%80%93_Barbara_Kingsolver\"><\/span>6. Lato marnotrawnych \u2013 Barbara Kingsolver<span class=\"ez-toc-section-end\"><\/span><\/h2>\n\n\n\n<p class=\"wp-block-paragraph\">\ud83c\udfa7 <em><a href=\"https:\/\/audioteka.com\/pl\/audiobook\/lato-marnotrawnych\/\" target=\"_blank\" rel=\"noopener\">S\u0142uchaj \u201eLata marnotrawnych\u201d w&nbsp;Audiotece \u2013 do\u015bwiadcz pe\u0142nej emocji opowie\u015bci o&nbsp;zmianach, kt\u00f3re zachodz\u0105 w&nbsp;\u017cyciu cz\u0142owieka, naturze i&nbsp;ziemi.<\/a><\/em><\/p>\n\n\n<div class=\"wp-block-image\">\n<figure class=\"aligncenter size-full\"><img loading=\"lazy\" decoding=\"async\" width=\"300\" height=\"300\" data-attachment-id=\"5843\" data-permalink=\"https:\/\/blogaudioteka.wpcomstaging.com\/nowosci-tygodnia-w-audiotece-top-15-14-07-20-07\/lato-marnotrawnych-original\" data-orig-file=\"https:\/\/blogaudioteka.wpcomstaging.com\/wp-content\/uploads\/lato-marnotrawnych-original.avif\" data-orig-size=\"300,300\" data-comments-opened=\"0\" data-image-meta=\"{&quot;aperture&quot;:&quot;0&quot;,&quot;credit&quot;:&quot;&quot;,&quot;camera&quot;:&quot;&quot;,&quot;caption&quot;:&quot;&quot;,&quot;created_timestamp&quot;:&quot;0&quot;,&quot;copyright&quot;:&quot;&quot;,&quot;focal_length&quot;:&quot;0&quot;,&quot;iso&quot;:&quot;0&quot;,&quot;shutter_speed&quot;:&quot;0&quot;,&quot;title&quot;:&quot;&quot;,&quot;orientation&quot;:&quot;0&quot;}\" data-image-title=\"lato-marnotrawnych-original\" data-image-description=\"\" data-image-caption=\"\" data-large-file=\"https:\/\/blogaudioteka.wpcomstaging.com\/wp-content\/uploads\/lato-marnotrawnych-original.avif\" src=\"https:\/\/blogaudioteka.wpcomstaging.com\/wp-content\/uploads\/lato-marnotrawnych-original.avif\" alt=\"\" class=\"wp-image-5843\" srcset=\"https:\/\/blogaudioteka.wpcomstaging.com\/wp-content\/uploads\/lato-marnotrawnych-original.avif 300w, https:\/\/blogaudioteka.wpcomstaging.com\/wp-content\/uploads\/lato-marnotrawnych-original-150x150.avif 150w, https:\/\/blogaudioteka.wpcomstaging.com\/wp-content\/uploads\/lato-marnotrawnych-original-200x200.avif 200w, https:\/\/blogaudioteka.wpcomstaging.com\/wp-content\/uploads\/lato-marnotrawnych-original-148x148.avif 148w, https:\/\/blogaudioteka.wpcomstaging.com\/wp-content\/uploads\/lato-marnotrawnych-original-296x296.avif 296w\" sizes=\"auto, (max-width: 300px) 100vw, 300px\" \/><\/figure>\n<\/div>\n\n\n<p class=\"has-text-align-justify wp-block-paragraph\">\u201eLato marnotrawnych\u201d to ksi\u0105\u017cka, kt\u00f3ra pi\u0119knie splata trzy r\u00f3\u017cne historie, pe\u0142ne trudnych decyzji, refleksji o&nbsp;\u017cyciu i&nbsp;relacjach mi\u0119dzyludzkich. W&nbsp;g\u00f3rskich lasach Appalach\u00f3w, w&nbsp;odosobnionej chatce, biolo\u017cka Deanna Wolfe prowadzi badania nad kojotami. Jej spokojne \u017cycie zak\u0142\u00f3ca m\u0142ody my\u015bliwy, kt\u00f3ry wkracza w&nbsp;jej najbardziej prywatn\u0105 przestrze\u0144. Z&nbsp;kolei Lusa Maluf Landowski, mieszczucha, kt\u00f3ra przeprowadza si\u0119 na farm\u0119 po \u015blubie, staje przed dylematem, czy zwi\u0105za\u0107 swoje \u017cycie z&nbsp;ziemi\u0105, kt\u00f3ra niespodziewanie sta\u0142a si\u0119 jej w\u0142asno\u015bci\u0105.<\/p>\n\n\n\n<p class=\"has-text-align-justify wp-block-paragraph\">W tej powie\u015bci <a href=\"https:\/\/audioteka.com\/pl\/autor\/barbara-kingsolver\/\" target=\"_blank\" rel=\"noopener\">Barbara Kingsolver<\/a> po mistrzowsku pokazuje z\u0142o\u017cono\u015b\u0107 ludzkich emocji i&nbsp;idei. Autorka zabiera nas w&nbsp;podr\u00f3\u017c przez g\u00f3rzyste tereny, gdzie \u017cycie zmusza bohater\u00f3w do podejmowania trudnych decyzji, kt\u00f3re maj\u0105 wp\u0142yw na ich przysz\u0142o\u015b\u0107.<\/p>\n\n\n\n<h2 class=\"wp-block-heading\"><span class=\"ez-toc-section\" id=\"7_Ostre_ciecia_%E2%80%93_Joe_Abercrombie\"><\/span><em>7<\/em>. Ostre ci\u0119cia \u2013 Joe Abercrombie<span class=\"ez-toc-section-end\"><\/span><\/h2>\n\n\n\n<p class=\"wp-block-paragraph\">\ud83c\udfa7 <em><a href=\"https:\/\/audioteka.com\/pl\/audiobook\/ostre-ciecia-wyd-mag\/\" target=\"_blank\" rel=\"noopener\">S\u0142uchaj \u201eOstrych ci\u0119\u0107\u201d w&nbsp;Audiotece \u2013 wkrocz do \u015bwiata, w&nbsp;kt\u00f3rym ka\u017cda decyzja mo\u017ce kosztowa\u0107 \u017cycie, a&nbsp;zemsta ma swoje nieoczekiwane oblicze.<\/a><\/em><\/p>\n\n\n<div class=\"wp-block-image\">\n<figure class=\"aligncenter size-full\"><img loading=\"lazy\" decoding=\"async\" width=\"300\" height=\"300\" data-attachment-id=\"5841\" data-permalink=\"https:\/\/blogaudioteka.wpcomstaging.com\/nowosci-tygodnia-w-audiotece-top-15-14-07-20-07\/ostre_ciecia_cover\" data-orig-file=\"https:\/\/blogaudioteka.wpcomstaging.com\/wp-content\/uploads\/ostre_ciecia_cover.avif\" data-orig-size=\"300,300\" data-comments-opened=\"0\" data-image-meta=\"{&quot;aperture&quot;:&quot;0&quot;,&quot;credit&quot;:&quot;&quot;,&quot;camera&quot;:&quot;&quot;,&quot;caption&quot;:&quot;&quot;,&quot;created_timestamp&quot;:&quot;0&quot;,&quot;copyright&quot;:&quot;&quot;,&quot;focal_length&quot;:&quot;0&quot;,&quot;iso&quot;:&quot;0&quot;,&quot;shutter_speed&quot;:&quot;0&quot;,&quot;title&quot;:&quot;&quot;,&quot;orientation&quot;:&quot;0&quot;}\" data-image-title=\"ostre_ciecia_cover\" data-image-description=\"\" data-image-caption=\"\" data-large-file=\"https:\/\/blogaudioteka.wpcomstaging.com\/wp-content\/uploads\/ostre_ciecia_cover.avif\" src=\"https:\/\/blogaudioteka.wpcomstaging.com\/wp-content\/uploads\/ostre_ciecia_cover.avif\" alt=\"\" class=\"wp-image-5841\" srcset=\"https:\/\/blogaudioteka.wpcomstaging.com\/wp-content\/uploads\/ostre_ciecia_cover.avif 300w, https:\/\/blogaudioteka.wpcomstaging.com\/wp-content\/uploads\/ostre_ciecia_cover-150x150.avif 150w, https:\/\/blogaudioteka.wpcomstaging.com\/wp-content\/uploads\/ostre_ciecia_cover-200x200.avif 200w, https:\/\/blogaudioteka.wpcomstaging.com\/wp-content\/uploads\/ostre_ciecia_cover-148x148.avif 148w, https:\/\/blogaudioteka.wpcomstaging.com\/wp-content\/uploads\/ostre_ciecia_cover-296x296.avif 296w\" sizes=\"auto, (max-width: 300px) 100vw, 300px\" \/><\/figure>\n<\/div>\n\n\n<p class=\"has-text-align-justify wp-block-paragraph\">\u201eOstre ci\u0119cia\u201d to zbi\u00f3r fascynuj\u0105cych historii autorstwa mistrza mrocznej <a href=\"https:\/\/audioteka.com\/pl\/katalog\/fantasy-n\/\" target=\"_blank\" rel=\"noopener\">fantasy<\/a>, <a href=\"https:\/\/audioteka.com\/pl\/autor\/joe-abercrombie\/\" target=\"_blank\" rel=\"noopener\">Joe Abercrombiego<\/a>, kt\u00f3ry zbudowa\u0142 \u015bwiat pe\u0142en zdrady, wojny i&nbsp;okrucie\u0144stwa. Ka\u017cda opowie\u015b\u0107 w&nbsp;tym zbiorze rzuca nowe \u015bwiat\u0142o na z\u0142o\u017cono\u015b\u0107 postaci, w&nbsp;kt\u00f3rych przemiany i&nbsp;motywacje s\u0105 r\u00f3wnie nieprzewidywalne jak ich decyzje. W&nbsp;\u015bwiecie, gdzie honor i&nbsp;lojalno\u015b\u0107 mieszaj\u0105 si\u0119 z&nbsp;brutalno\u015bci\u0105, a&nbsp;pot\u0119\u017cni przyw\u00f3dcy i&nbsp;\u017co\u0142nierze musz\u0105 zmierzy\u0107 si\u0119 z&nbsp;w\u0142asnymi demonami, \u201eOstre ci\u0119cia\u201d to prawdziwa gratka dla ka\u017cdego mi\u0142o\u015bnika krymina\u0142\u00f3w i&nbsp;epickiej fantasy.<\/p>\n\n\n\n<p class=\"has-text-align-justify wp-block-paragraph\">Akcja tej ksi\u0105\u017cki nieustannie zaskakuje, od brutalnych star\u0107, przez zdrady, po przejmuj\u0105ce zako\u0144czenia. W\u015br\u00f3d bohater\u00f3w spotkamy legendarnych wojownik\u00f3w, nieufnych sprzymierze\u0144c\u00f3w, a&nbsp;tak\u017ce postaci, kt\u00f3re zdolne s\u0105 po\u015bwi\u0119ci\u0107 wszystko w&nbsp;imi\u0119 w\u0142asnych ambicji. Jako t\u0142o dla tych wydarze\u0144 s\u0142u\u017cy \u015bwiat wojen, politycznych gier i&nbsp;krwawych zmaga\u0144. Zbi\u00f3r ten jest wyj\u0105tkowy tak\u017ce dlatego, \u017ce opowiadania tworz\u0105 tward\u0105, mroczn\u0105 mozaik\u0119, w&nbsp;kt\u00f3rej nie ma miejsca na oszcz\u0119dno\u015b\u0107.<\/p>\n\n\n\n<h2 class=\"wp-block-heading\"><span class=\"ez-toc-section\" id=\"8_Bez_ryzyka_%E2%80%93_Lee_Child\"><\/span><em>8<\/em>. Bez ryzyka \u2013 Lee Child<span class=\"ez-toc-section-end\"><\/span><\/h2>\n\n\n\n<p class=\"wp-block-paragraph\">\ud83c\udfa7 <em><a href=\"https:\/\/audioteka.com\/pl\/audiobook\/bez-ryzyka\/\" target=\"_blank\" rel=\"noopener\">S\u0142uchaj \u201eBez ryzyka\u201d w&nbsp;Audiotece \u2013 prze\u017cyj pe\u0142n\u0105 napi\u0119cia podr\u00f3\u017c przez \u015bwiat, w&nbsp;kt\u00f3rym \u017cadna decyzja nie jest bez konsekwencji.<\/a><\/em><\/p>\n\n\n<div class=\"wp-block-image\">\n<figure class=\"aligncenter size-full\"><img loading=\"lazy\" decoding=\"async\" width=\"300\" height=\"300\" data-attachment-id=\"5838\" data-permalink=\"https:\/\/blogaudioteka.wpcomstaging.com\/nowosci-tygodnia-w-audiotece-top-15-14-07-20-07\/bez-ryzyka-original\" data-orig-file=\"https:\/\/blogaudioteka.wpcomstaging.com\/wp-content\/uploads\/bez-ryzyka-original.avif\" data-orig-size=\"300,300\" data-comments-opened=\"0\" data-image-meta=\"{&quot;aperture&quot;:&quot;0&quot;,&quot;credit&quot;:&quot;&quot;,&quot;camera&quot;:&quot;&quot;,&quot;caption&quot;:&quot;&quot;,&quot;created_timestamp&quot;:&quot;0&quot;,&quot;copyright&quot;:&quot;&quot;,&quot;focal_length&quot;:&quot;0&quot;,&quot;iso&quot;:&quot;0&quot;,&quot;shutter_speed&quot;:&quot;0&quot;,&quot;title&quot;:&quot;&quot;,&quot;orientation&quot;:&quot;0&quot;}\" data-image-title=\"bez-ryzyka-original\" data-image-description=\"\" data-image-caption=\"\" data-large-file=\"https:\/\/blogaudioteka.wpcomstaging.com\/wp-content\/uploads\/bez-ryzyka-original.avif\" src=\"https:\/\/blogaudioteka.wpcomstaging.com\/wp-content\/uploads\/bez-ryzyka-original.avif\" alt=\"\" class=\"wp-image-5838\" srcset=\"https:\/\/blogaudioteka.wpcomstaging.com\/wp-content\/uploads\/bez-ryzyka-original.avif 300w, https:\/\/blogaudioteka.wpcomstaging.com\/wp-content\/uploads\/bez-ryzyka-original-150x150.avif 150w, https:\/\/blogaudioteka.wpcomstaging.com\/wp-content\/uploads\/bez-ryzyka-original-200x200.avif 200w, https:\/\/blogaudioteka.wpcomstaging.com\/wp-content\/uploads\/bez-ryzyka-original-148x148.avif 148w, https:\/\/blogaudioteka.wpcomstaging.com\/wp-content\/uploads\/bez-ryzyka-original-296x296.avif 296w\" sizes=\"auto, (max-width: 300px) 100vw, 300px\" \/><\/figure>\n<\/div>\n\n\n<p class=\"has-text-align-justify wp-block-paragraph\">\u201eBez ryzyka\u201d to zbi\u00f3r dwudziestu pasjonuj\u0105cych opowiada\u0144 autorstwa Lee Childa, autora kultowej <a href=\"https:\/\/audioteka.com\/pl\/cykl\/jack-reacher\/\" target=\"_blank\" rel=\"noopener\">serii o&nbsp;Jacku Reacherze<\/a>. W&nbsp;tym tomie Child przyci\u0105ga s\u0142uchacza b\u0142yskotliwymi, pe\u0142nymi akcji historiami o&nbsp;ludziach zmagaj\u0105cych si\u0119 z&nbsp;w\u0142asnymi wewn\u0119trznymi demonami i&nbsp;wyzwaniami, w&nbsp;kt\u00f3rych granice mi\u0119dzy dobrem a&nbsp;z\u0142em s\u0105 zaciemnione. Mamy tu morderc\u00f3w, policjant\u00f3w, agent\u00f3w CIA, gangster\u00f3w \u2013 ka\u017cda posta\u0107 stanowi odr\u0119bn\u0105, emocjonuj\u0105c\u0105 opowie\u015b\u0107 o&nbsp;b\u0142\u0119dach, kt\u00f3re mog\u0105 ich zniszczy\u0107, ale tak\u017ce o&nbsp;ich szansach na odkupienie.<\/p>\n\n\n\n<p class=\"has-text-align-justify wp-block-paragraph\">Opowiadania <a href=\"https:\/\/audioteka.com\/pl\/autor\/lee-child\/Opowiadania Lee Childa pokazuj\u0105 nie tylko umiej\u0119tno\u015bci literackie, ale r\u00f3wnie\u017c zdolno\u015b\u0107 do tworzenia napi\u0119cia i&nbsp;nieoczekiwanych zwrot\u00f3w akcji. Od pierwszego opowiadania do ostatniego, s\u0142uchacze zostan\u0105 wci\u0105gni\u0119ci w&nbsp;mroczny \u015bwiat, w&nbsp;kt\u00f3rym ka\u017cde dzia\u0142anie ma swoje konsekwencje. Szczeg\u00f3lne wra\u017cenie robi nowela napisana wsp\u00f3lnie z&nbsp;Tess Gerritsen, kt\u00f3ra \u0142\u0105czy burzliwe losy Jacka Reachera z&nbsp;Maggie Bird.\" target=\"_blank\" rel=\"noopener\">Lee Childa<\/a> pokazuj\u0105 nie tylko umiej\u0119tno\u015bci literackie, ale r\u00f3wnie\u017c zdolno\u015b\u0107 do tworzenia napi\u0119cia i&nbsp;nieoczekiwanych zwrot\u00f3w akcji. Od pierwszego opowiadania do ostatniego, s\u0142uchacze zostan\u0105 wci\u0105gni\u0119ci w&nbsp;mroczny \u015bwiat, w&nbsp;kt\u00f3rym ka\u017cde dzia\u0142anie ma swoje konsekwencje. Szczeg\u00f3lne wra\u017cenie robi nowela napisana wsp\u00f3lnie z&nbsp;Tess Gerritsen, kt\u00f3ra \u0142\u0105czy burzliwe losy Jacka Reachera z&nbsp;Maggie Bird.<\/p>\n\n\n\n<h2 class=\"wp-block-heading\"><span class=\"ez-toc-section\" id=\"9_Hiroszima_%E2%80%93_John_Hersey\"><\/span>9. Hiroszima \u2013 John Hersey<span class=\"ez-toc-section-end\"><\/span><\/h2>\n\n\n\n<p class=\"wp-block-paragraph\">\ud83c\udfa7 <em><a href=\"https:\/\/audioteka.com\/pl\/audiobook\/hiroszima-znak\/\" target=\"_blank\" rel=\"noopener\">S\u0142uchaj \u201eHiroszimy\u201d w&nbsp;Audiotece \u2013 i&nbsp;zanurz si\u0119 w&nbsp;emocjonuj\u0105c\u0105 opowie\u015b\u0107 o&nbsp;ludziach, kt\u00f3rzy prze\u017cyli najwi\u0119ksz\u0105 katastrof\u0119 atomow\u0105 w&nbsp;historii.<\/a><\/em><\/p>\n\n\n<div class=\"wp-block-image\">\n<figure class=\"aligncenter size-full\"><img loading=\"lazy\" decoding=\"async\" width=\"300\" height=\"300\" data-attachment-id=\"5836\" data-permalink=\"https:\/\/blogaudioteka.wpcomstaging.com\/nowosci-tygodnia-w-audiotece-top-15-14-07-20-07\/hiroszima-znak-original\" data-orig-file=\"https:\/\/blogaudioteka.wpcomstaging.com\/wp-content\/uploads\/hiroszima-znak-original.avif\" data-orig-size=\"300,300\" data-comments-opened=\"0\" data-image-meta=\"{&quot;aperture&quot;:&quot;0&quot;,&quot;credit&quot;:&quot;&quot;,&quot;camera&quot;:&quot;&quot;,&quot;caption&quot;:&quot;&quot;,&quot;created_timestamp&quot;:&quot;0&quot;,&quot;copyright&quot;:&quot;&quot;,&quot;focal_length&quot;:&quot;0&quot;,&quot;iso&quot;:&quot;0&quot;,&quot;shutter_speed&quot;:&quot;0&quot;,&quot;title&quot;:&quot;&quot;,&quot;orientation&quot;:&quot;0&quot;}\" data-image-title=\"hiroszima-znak-original\" data-image-description=\"\" data-image-caption=\"\" data-large-file=\"https:\/\/blogaudioteka.wpcomstaging.com\/wp-content\/uploads\/hiroszima-znak-original.avif\" src=\"https:\/\/blogaudioteka.wpcomstaging.com\/wp-content\/uploads\/hiroszima-znak-original.avif\" alt=\"\" class=\"wp-image-5836\" srcset=\"https:\/\/blogaudioteka.wpcomstaging.com\/wp-content\/uploads\/hiroszima-znak-original.avif 300w, https:\/\/blogaudioteka.wpcomstaging.com\/wp-content\/uploads\/hiroszima-znak-original-150x150.avif 150w, https:\/\/blogaudioteka.wpcomstaging.com\/wp-content\/uploads\/hiroszima-znak-original-200x200.avif 200w, https:\/\/blogaudioteka.wpcomstaging.com\/wp-content\/uploads\/hiroszima-znak-original-148x148.avif 148w, https:\/\/blogaudioteka.wpcomstaging.com\/wp-content\/uploads\/hiroszima-znak-original-296x296.avif 296w\" sizes=\"auto, (max-width: 300px) 100vw, 300px\" \/><\/figure>\n<\/div>\n\n\n<p class=\"has-text-align-justify wp-block-paragraph\">\u201eHiroszima\u201d to kultowy <a href=\"https:\/\/audioteka.com\/pl\/katalog\/reportaz-i-dokument\/\" target=\"_blank\" rel=\"noopener\">reporta\u017c<\/a>, kt\u00f3ry porusza czytelnik\u00f3w i&nbsp;s\u0142uchaczy na ca\u0142ym \u015bwiecie. Opisuje dramatyczne wydarzenia 6 sierpnia 1945 roku, kiedy to ameryka\u0144skie wojsko zrzuci\u0142o bomb\u0119 atomow\u0105 na japo\u0144skie miasto, zmieniaj\u0105c na zawsze losy ludzko\u015bci. John Hersey, m\u0142ody reporter, przeprowadzi\u0142 ponad 50 wywiad\u00f3w z&nbsp;osobami, kt\u00f3re prze\u017cy\u0142y t\u0119 katastrof\u0119, opisuj\u0105c ich prze\u017cycia godzina po godzinie, ukazuj\u0105c niewyobra\u017calny b\u00f3l i&nbsp;cierpienie.<\/p>\n\n\n\n<p class=\"has-text-align-justify wp-block-paragraph\">Jest to ksi\u0105\u017cka, kt\u00f3ra nie zajmuje si\u0119 politycznymi decyzjami, ale koncentruje si\u0119 na ludzkiej tragedii, przedstawiaj\u0105c jej efekty w&nbsp;spos\u00f3b niezwykle poruszaj\u0105cy. Hersey stawia w&nbsp;centrum opowie\u015bci \u015bwiadectwa ofiar, kt\u00f3re ocaleli z&nbsp;piek\u0142a wojny atomowej. W&nbsp;wyniku tego reporta\u017cu, kt\u00f3ry ukaza\u0142 si\u0119 w&nbsp;\u201eNew Yorkerze\u201d w&nbsp;1946 roku, \u015bwiat na nowo spojrza\u0142 na skutki u\u017cycia broni j\u0105drowej, zmieniaj\u0105c tym samym histori\u0119 XX wieku.<\/p>\n\n\n\n<h2 class=\"wp-block-heading\"><span class=\"ez-toc-section\" id=\"10_Zwiastuny_zla_Cykl_z_detektyw_Lottie_Parker_%E2%80%93_Patricia_Gibney\"><\/span>10. Zwiastuny z\u0142a. Cykl z&nbsp;detektyw Lottie Parker \u2013 Patricia Gibney<span class=\"ez-toc-section-end\"><\/span><\/h2>\n\n\n\n<p class=\"wp-block-paragraph\">\ud83c\udfa7 <em><a href=\"https:\/\/audioteka.com\/pl\/audiobook\/zwiastuny-zla-cykl-z-detektyw-lottie-parker\/\" target=\"_blank\" rel=\"noopener\">S\u0142uchaj \u201eZwiastun\u00f3w z\u0142a\u201d w&nbsp;Audiotece \u2013 i&nbsp;odkryj sekrety, kt\u00f3re skrywaj\u0105 mroczne zak\u0105tki Ragmullin.<\/a><\/em><\/p>\n\n\n<div class=\"wp-block-image\">\n<figure class=\"aligncenter size-full\"><img loading=\"lazy\" decoding=\"async\" width=\"300\" height=\"300\" data-attachment-id=\"5834\" data-permalink=\"https:\/\/blogaudioteka.wpcomstaging.com\/nowosci-tygodnia-w-audiotece-top-15-14-07-20-07\/zwiastuny-zla-cykl-z-detektyw-lottie-parker-original\" data-orig-file=\"https:\/\/blogaudioteka.wpcomstaging.com\/wp-content\/uploads\/zwiastuny-zla-cykl-z-detektyw-lottie-parker-original.avif\" data-orig-size=\"300,300\" data-comments-opened=\"0\" data-image-meta=\"{&quot;aperture&quot;:&quot;0&quot;,&quot;credit&quot;:&quot;&quot;,&quot;camera&quot;:&quot;&quot;,&quot;caption&quot;:&quot;&quot;,&quot;created_timestamp&quot;:&quot;0&quot;,&quot;copyright&quot;:&quot;&quot;,&quot;focal_length&quot;:&quot;0&quot;,&quot;iso&quot;:&quot;0&quot;,&quot;shutter_speed&quot;:&quot;0&quot;,&quot;title&quot;:&quot;&quot;,&quot;orientation&quot;:&quot;0&quot;}\" data-image-title=\"zwiastuny-zla-cykl-z-detektyw-lottie-parker-original\" data-image-description=\"\" data-image-caption=\"\" data-large-file=\"https:\/\/blogaudioteka.wpcomstaging.com\/wp-content\/uploads\/zwiastuny-zla-cykl-z-detektyw-lottie-parker-original.avif\" src=\"https:\/\/blogaudioteka.wpcomstaging.com\/wp-content\/uploads\/zwiastuny-zla-cykl-z-detektyw-lottie-parker-original.avif\" alt=\"\" class=\"wp-image-5834\" srcset=\"https:\/\/blogaudioteka.wpcomstaging.com\/wp-content\/uploads\/zwiastuny-zla-cykl-z-detektyw-lottie-parker-original.avif 300w, https:\/\/blogaudioteka.wpcomstaging.com\/wp-content\/uploads\/zwiastuny-zla-cykl-z-detektyw-lottie-parker-original-150x150.avif 150w, https:\/\/blogaudioteka.wpcomstaging.com\/wp-content\/uploads\/zwiastuny-zla-cykl-z-detektyw-lottie-parker-original-200x200.avif 200w, https:\/\/blogaudioteka.wpcomstaging.com\/wp-content\/uploads\/zwiastuny-zla-cykl-z-detektyw-lottie-parker-original-148x148.avif 148w, https:\/\/blogaudioteka.wpcomstaging.com\/wp-content\/uploads\/zwiastuny-zla-cykl-z-detektyw-lottie-parker-original-296x296.avif 296w\" sizes=\"auto, (max-width: 300px) 100vw, 300px\" \/><\/figure>\n<\/div>\n\n\n<p class=\"has-text-align-justify wp-block-paragraph\">\u201eZwiastuny z\u0142a\u201d to pierwszy tom serii z&nbsp;detektyw Lottie Parker, w&nbsp;kt\u00f3rym \u015bledzimy mroczne wydarzenia w&nbsp;mie\u015bcie Ragmullin. Po tragedii na cmentarzu, gdzie zostaje znalezione zakrwawione cia\u0142o m\u0142odej kobiety, Lottie zaczyna prowadzi\u0107 \u015bledztwo, kt\u00f3re wkr\u00f3tce przeradza si\u0119 w&nbsp;walk\u0119 o&nbsp;\u017cycie. Kiedy kolejne kobiety zaczynaj\u0105 znika\u0107, detektyw Lottie Parker staje przed wyzwaniem \u2013 musi odkry\u0107, kto kryje si\u0119 za tymi makabrycznymi zbrodniami. Sprawa okazuje si\u0119 jeszcze bardziej skomplikowana, gdy okazuje si\u0119, \u017ce zagini\u0119cia przypominaj\u0105 nierozwi\u0105zan\u0105 spraw\u0119 sprzed lat.<\/p>\n\n\n\n<p class=\"has-text-align-justify wp-block-paragraph\">Zdeterminowana, by rozwi\u0105za\u0107 zagadk\u0119, Lottie nie mo\u017ce jednak oprze\u0107 si\u0119 rosn\u0105cemu strachowi, \u017ce morderca mo\u017ce uderzy\u0107 ponownie. W&nbsp;tej opowie\u015bci z&nbsp;napi\u0119ciem i&nbsp;niepewno\u015bci\u0105, ka\u017cdy trop prowadzi do nowych, szokuj\u0105cych odkry\u0107.<\/p>\n\n\n\n<h2 class=\"wp-block-heading\"><span class=\"ez-toc-section\" id=\"11_Listy_z_Ameryki_%E2%80%93_Rudyard_Kipling\"><\/span>11. Listy z&nbsp;Ameryki \u2013 Rudyard Kipling<span class=\"ez-toc-section-end\"><\/span><\/h2>\n\n\n\n<p class=\"wp-block-paragraph\">\ud83c\udfa7 <em><a href=\"https:\/\/audioteka.com\/pl\/audiobook\/listy-z-ameryki\/\" target=\"_blank\" rel=\"noopener\">S\u0142uchaj \u201eList\u00f3w z&nbsp;Ameryki\u201d w&nbsp;Audiotece \u2013 odkryj Ameryk\u0119 XIX wieku oczami mistrza s\u0142owa!<\/a><\/em><\/p>\n\n\n<div class=\"wp-block-image\">\n<figure class=\"aligncenter size-full\"><img loading=\"lazy\" decoding=\"async\" width=\"300\" height=\"300\" data-attachment-id=\"5832\" data-permalink=\"https:\/\/blogaudioteka.wpcomstaging.com\/nowosci-tygodnia-w-audiotece-top-15-14-07-20-07\/listy-z-ameryki-original\" data-orig-file=\"https:\/\/blogaudioteka.wpcomstaging.com\/wp-content\/uploads\/listy-z-ameryki-original.avif\" data-orig-size=\"300,300\" data-comments-opened=\"0\" data-image-meta=\"{&quot;aperture&quot;:&quot;0&quot;,&quot;credit&quot;:&quot;&quot;,&quot;camera&quot;:&quot;&quot;,&quot;caption&quot;:&quot;&quot;,&quot;created_timestamp&quot;:&quot;0&quot;,&quot;copyright&quot;:&quot;&quot;,&quot;focal_length&quot;:&quot;0&quot;,&quot;iso&quot;:&quot;0&quot;,&quot;shutter_speed&quot;:&quot;0&quot;,&quot;title&quot;:&quot;&quot;,&quot;orientation&quot;:&quot;0&quot;}\" data-image-title=\"listy-z-ameryki-original\" data-image-description=\"\" data-image-caption=\"\" data-large-file=\"https:\/\/blogaudioteka.wpcomstaging.com\/wp-content\/uploads\/listy-z-ameryki-original.avif\" src=\"https:\/\/blogaudioteka.wpcomstaging.com\/wp-content\/uploads\/listy-z-ameryki-original.avif\" alt=\"\" class=\"wp-image-5832\" srcset=\"https:\/\/blogaudioteka.wpcomstaging.com\/wp-content\/uploads\/listy-z-ameryki-original.avif 300w, https:\/\/blogaudioteka.wpcomstaging.com\/wp-content\/uploads\/listy-z-ameryki-original-150x150.avif 150w, https:\/\/blogaudioteka.wpcomstaging.com\/wp-content\/uploads\/listy-z-ameryki-original-200x200.avif 200w, https:\/\/blogaudioteka.wpcomstaging.com\/wp-content\/uploads\/listy-z-ameryki-original-148x148.avif 148w, https:\/\/blogaudioteka.wpcomstaging.com\/wp-content\/uploads\/listy-z-ameryki-original-296x296.avif 296w\" sizes=\"auto, (max-width: 300px) 100vw, 300px\" \/><\/figure>\n<\/div>\n\n\n<p class=\"has-text-align-justify wp-block-paragraph\">\u201eListy z&nbsp;Ameryki\u201d to fascynuj\u0105ce reporta\u017ce m\u0142odego <a href=\"https:\/\/audioteka.com\/pl\/autor\/rudyard-kipling\/\" target=\"_blank\" rel=\"noopener\">Rudyard Kiplinga<\/a>, autora <a href=\"https:\/\/audioteka.com\/pl\/audiobook\/ksiega-dzungli-opania\/\" target=\"_blank\" rel=\"noopener\">\u201eKsi\u0119gi d\u017cungli\u201d<\/a>, kt\u00f3ry w&nbsp;wieku zaledwie 25 lat przemierza\u0142 Stany Zjednoczone. Jego relacje z&nbsp;tej podr\u00f3\u017cy s\u0105 pe\u0142ne \u017cycia, barw i&nbsp;wnikliwo\u015bci, ukazuj\u0105c obraz Ameryki u&nbsp;progu nowoczesno\u015bci. Kipling, z&nbsp;b\u0142yskotliwo\u015bci\u0105 i&nbsp;humorem, opisuje swoje wra\u017cenia z&nbsp;podr\u00f3\u017cy przez Yellowstone, mormo\u0144skie \u015bwi\u0105tynie, rze\u017anie Chicago oraz saloony Dzikiego Zachodu. Spotyka kaznodziej\u00f3w, hazardzist\u00f3w, farmer\u00f3w, milioner\u00f3w, tworz\u0105c mozaik\u0119 obraz\u00f3w pe\u0142nych sprzeczno\u015bci i&nbsp;fascynuj\u0105cych postaci.<\/p>\n\n\n\n<p class=\"has-text-align-justify wp-block-paragraph\">Dzi\u0119ki audiobookowi przeniesiesz si\u0119 w&nbsp;czasie i&nbsp;miejscu, by prze\u017cy\u0107 t\u0119 niesamowit\u0105 podr\u00f3\u017c. Kipling uchwyci\u0142 obraz \u015bwiata, kt\u00f3ry ju\u017c nie istnieje, i&nbsp;z mistrzostwem opisa\u0142 nie tylko otaczaj\u0105c\u0105 go rzeczywisto\u015b\u0107, ale tak\u017ce mentalno\u015b\u0107 ludzi, kt\u00f3rzy go zamieszkiwali.<\/p>\n\n\n\n<h2 class=\"wp-block-heading\"><span class=\"ez-toc-section\" id=\"12_Obronca_ulicy_%E2%80%93_John_Grisham\"><\/span>12<strong>. Obro\u0144ca ulicy \u2013 John Grisham<br><\/strong><span class=\"ez-toc-section-end\"><\/span><\/h2>\n\n\n\n<p class=\"wp-block-paragraph\">\ud83c\udfa7 <em><a href=\"https:\/\/audioteka.com\/pl\/audiobook\/obronca-ulicy\/\" target=\"_blank\" rel=\"noopener\">S\u0142uchaj \u201eObro\u0144cy ulicy\u201d w&nbsp;Audiotece \u2013 thriller, kt\u00f3ry trzyma w&nbsp;napi\u0119ciu i&nbsp;stawia pytanie o&nbsp;granice sumienia.<\/a><\/em><\/p>\n\n\n<div class=\"wp-block-image\">\n<figure class=\"aligncenter size-full\"><img loading=\"lazy\" decoding=\"async\" width=\"300\" height=\"300\" data-attachment-id=\"5830\" data-permalink=\"https:\/\/blogaudioteka.wpcomstaging.com\/nowosci-tygodnia-w-audiotece-top-15-14-07-20-07\/obronca-ulicy-original\" data-orig-file=\"https:\/\/blogaudioteka.wpcomstaging.com\/wp-content\/uploads\/obronca-ulicy-original.avif\" data-orig-size=\"300,300\" data-comments-opened=\"0\" data-image-meta=\"{&quot;aperture&quot;:&quot;0&quot;,&quot;credit&quot;:&quot;&quot;,&quot;camera&quot;:&quot;&quot;,&quot;caption&quot;:&quot;&quot;,&quot;created_timestamp&quot;:&quot;0&quot;,&quot;copyright&quot;:&quot;&quot;,&quot;focal_length&quot;:&quot;0&quot;,&quot;iso&quot;:&quot;0&quot;,&quot;shutter_speed&quot;:&quot;0&quot;,&quot;title&quot;:&quot;&quot;,&quot;orientation&quot;:&quot;0&quot;}\" data-image-title=\"obronca-ulicy-original\" data-image-description=\"\" data-image-caption=\"\" data-large-file=\"https:\/\/blogaudioteka.wpcomstaging.com\/wp-content\/uploads\/obronca-ulicy-original.avif\" src=\"https:\/\/blogaudioteka.wpcomstaging.com\/wp-content\/uploads\/obronca-ulicy-original.avif\" alt=\"\" class=\"wp-image-5830\" srcset=\"https:\/\/blogaudioteka.wpcomstaging.com\/wp-content\/uploads\/obronca-ulicy-original.avif 300w, https:\/\/blogaudioteka.wpcomstaging.com\/wp-content\/uploads\/obronca-ulicy-original-150x150.avif 150w, https:\/\/blogaudioteka.wpcomstaging.com\/wp-content\/uploads\/obronca-ulicy-original-200x200.avif 200w, https:\/\/blogaudioteka.wpcomstaging.com\/wp-content\/uploads\/obronca-ulicy-original-148x148.avif 148w, https:\/\/blogaudioteka.wpcomstaging.com\/wp-content\/uploads\/obronca-ulicy-original-296x296.avif 296w\" sizes=\"auto, (max-width: 300px) 100vw, 300px\" \/><\/figure>\n<\/div>\n\n\n<p class=\"has-text-align-justify wp-block-paragraph\">\u201eObro\u0144ca ulicy\u201d to klasyczny thriller prawniczy autorstwa <a href=\"https:\/\/audioteka.com\/pl\/autor\/john-grisham\/\" target=\"_blank\" rel=\"noopener\">Johna Grishama<\/a>, kt\u00f3ry wci\u0105ga od pierwszych minut. Michael Brock, odnosz\u0105cy sukcesy prawnik w&nbsp;jednej z&nbsp;najpot\u0119\u017cniejszych kancelarii w&nbsp;Waszyngtonie, staje przed nieoczekiwan\u0105 pr\u00f3b\u0105 sumienia. Jego \u017cycie zawodowe zmienia si\u0119 w&nbsp;momencie, gdy podczas zamachy na jego biuro ginie uzbrojony bezdomny. To zdarzenie budzi w&nbsp;Michaelu co\u015b, co dawno zapomnia\u0142 \u2013 poczucie odpowiedzialno\u015bci za innych.<\/p>\n\n\n\n<p class=\"has-text-align-justify wp-block-paragraph\">Zdeterminowany, by odkry\u0107 prawd\u0119 o&nbsp;tym, co si\u0119 wydarzy\u0142o, Michael wkr\u00f3tce odkrywa sekret, kt\u00f3ry zmienia jego \u017cycie na zawsze. Zostaje wci\u0105gni\u0119ty w&nbsp;gr\u0119 z&nbsp;pot\u0119\u017cnymi przeciwnikami, a&nbsp;jego sumienie nie pozwala na powr\u00f3t do starego \u017cycia. Decyzje, kt\u00f3re podejmie, b\u0119d\u0105 mia\u0142y wp\u0142yw na jego karier\u0119 i&nbsp;\u017cycie \u2013 a&nbsp;pomoc znajdzie jedynie w\u015br\u00f3d bezdomnych na ulicach.<\/p>\n\n\n\n<h2 class=\"wp-block-heading\"><span class=\"ez-toc-section\" id=\"15_Wszystko_zostaje_w_rodzinie_%E2%80%93_John_Marrs\"><\/span>15. Wszystko zostaje w&nbsp;rodzinie \u2013 John Marrs<span class=\"ez-toc-section-end\"><\/span><\/h2>\n\n\n\n<p class=\"wp-block-paragraph\">\ud83c\udfa7 <em><a href=\"https:\/\/audioteka.com\/pl\/audiobook\/wszystko-zostaje-w-rodzinie-czwarta-strona\/\" target=\"_blank\" rel=\"noopener\">S\u0142uchaj \u201eWszystko zostaje w&nbsp;rodzinie\u201d w&nbsp;Audiotece \u2013 zanurz si\u0119 w&nbsp;thrillerze, kt\u00f3ry pe\u0142en jest mrocznych tajemnic i&nbsp;nieoczekiwanych zwrot\u00f3w akcji.<\/a><\/em><\/p>\n\n\n<div class=\"wp-block-image\">\n<figure class=\"aligncenter size-full\"><img loading=\"lazy\" decoding=\"async\" width=\"300\" height=\"300\" data-attachment-id=\"5828\" data-permalink=\"https:\/\/blogaudioteka.wpcomstaging.com\/nowosci-tygodnia-w-audiotece-top-15-14-07-20-07\/wszystko-zostaje-w-rodzinie-czwarta-strona-original\" data-orig-file=\"https:\/\/blogaudioteka.wpcomstaging.com\/wp-content\/uploads\/wszystko-zostaje-w-rodzinie-czwarta-strona-original.avif\" data-orig-size=\"300,300\" data-comments-opened=\"0\" data-image-meta=\"{&quot;aperture&quot;:&quot;0&quot;,&quot;credit&quot;:&quot;&quot;,&quot;camera&quot;:&quot;&quot;,&quot;caption&quot;:&quot;&quot;,&quot;created_timestamp&quot;:&quot;0&quot;,&quot;copyright&quot;:&quot;&quot;,&quot;focal_length&quot;:&quot;0&quot;,&quot;iso&quot;:&quot;0&quot;,&quot;shutter_speed&quot;:&quot;0&quot;,&quot;title&quot;:&quot;&quot;,&quot;orientation&quot;:&quot;0&quot;}\" data-image-title=\"wszystko-zostaje-w-rodzinie-czwarta-strona-original\" data-image-description=\"\" data-image-caption=\"\" data-large-file=\"https:\/\/blogaudioteka.wpcomstaging.com\/wp-content\/uploads\/wszystko-zostaje-w-rodzinie-czwarta-strona-original.avif\" src=\"https:\/\/blogaudioteka.wpcomstaging.com\/wp-content\/uploads\/wszystko-zostaje-w-rodzinie-czwarta-strona-original.avif\" alt=\"\" class=\"wp-image-5828\" srcset=\"https:\/\/blogaudioteka.wpcomstaging.com\/wp-content\/uploads\/wszystko-zostaje-w-rodzinie-czwarta-strona-original.avif 300w, https:\/\/blogaudioteka.wpcomstaging.com\/wp-content\/uploads\/wszystko-zostaje-w-rodzinie-czwarta-strona-original-150x150.avif 150w, https:\/\/blogaudioteka.wpcomstaging.com\/wp-content\/uploads\/wszystko-zostaje-w-rodzinie-czwarta-strona-original-200x200.avif 200w, https:\/\/blogaudioteka.wpcomstaging.com\/wp-content\/uploads\/wszystko-zostaje-w-rodzinie-czwarta-strona-original-148x148.avif 148w, https:\/\/blogaudioteka.wpcomstaging.com\/wp-content\/uploads\/wszystko-zostaje-w-rodzinie-czwarta-strona-original-296x296.avif 296w\" sizes=\"auto, (max-width: 300px) 100vw, 300px\" \/><\/figure>\n<\/div>\n\n\n<p class=\"has-text-align-justify wp-block-paragraph\">\u201eWszystko zostaje w&nbsp;rodzinie\u201d to ksi\u0105\u017cka, kt\u00f3ra nie pozwala si\u0119 oderwa\u0107. M\u0142ode ma\u0142\u017ce\u0144stwo, Mia i&nbsp;Finn, z&nbsp;entuzjazmem remontuj\u0105 stary dom, marz\u0105c o&nbsp;stworzeniu swojego wymarzonego miejsca. Jednak gdy Mia dowiaduje si\u0119, \u017ce jest w&nbsp;ci\u0105\u017cy, szcz\u0119\u015bcie szybko ust\u0119puje miejsca niepokoju. Podczas remontu odkrywaj\u0105 na jednej z&nbsp;listew przera\u017caj\u0105c\u0105 wiadomo\u015b\u0107, kt\u00f3ra zapocz\u0105tkowuje \u015bledztwo w&nbsp;sprawie mrocznych tajemnic skrywanych przez ich dom. Okazuje si\u0119, \u017ce to, co mia\u0142o by\u0107 pocz\u0105tkiem ich szcz\u0119\u015bliwego \u017cycia, staje si\u0119 \u015bmiertelnym niebezpiecze\u0144stwem.<\/p>\n\n\n\n<p class=\"has-text-align-justify wp-block-paragraph\">Kiedy po narodzinach dziecka, Mia zaczyna odkrywa\u0107 coraz wi\u0119cej niepokoj\u0105cych znak\u00f3w, jej obsesja na punkcie przesz\u0142o\u015bci domu prowadzi j\u0105 wprost do przera\u017caj\u0105cej prawdy. Kiedy kolejne wydarzenia zaczynaj\u0105 wskazywa\u0107 na zagro\u017cenie, Mia staje przed pytaniem, czy uda jej si\u0119 ochroni\u0107 swoj\u0105 rodzin\u0119, zanim b\u0119dzie za p\u00f3\u017ano.<\/p>\n\n\n\n<h2 class=\"wp-block-heading\"><span class=\"ez-toc-section\" id=\"14_Smierc_pani_Westaway_%E2%80%93_Ruth_Ware\"><\/span>14. \u015amier\u0107 pani Westaway \u2013 Ruth Ware<span class=\"ez-toc-section-end\"><\/span><\/h2>\n\n\n\n<p class=\"wp-block-paragraph\">\ud83c\udfa7 <em><a href=\"https:\/\/audioteka.com\/pl\/audiobook\/smierc-pani-westaway\/\" target=\"_blank\" rel=\"noopener\">S\u0142uchaj \u201e\u015amierci pani Westaway\u201d w&nbsp;Audiotece \u2013 thriller pe\u0142en napi\u0119cia, zaskakuj\u0105cych zwrot\u00f3w akcji i&nbsp;mrocznej atmosfery.<\/a><\/em><\/p>\n\n\n<div class=\"wp-block-image\">\n<figure class=\"aligncenter size-full\"><img loading=\"lazy\" decoding=\"async\" width=\"300\" height=\"300\" data-attachment-id=\"5826\" data-permalink=\"https:\/\/blogaudioteka.wpcomstaging.com\/nowosci-tygodnia-w-audiotece-top-15-14-07-20-07\/smierc-pani-westaway-original\" data-orig-file=\"https:\/\/blogaudioteka.wpcomstaging.com\/wp-content\/uploads\/smierc-pani-westaway-original.avif\" data-orig-size=\"300,300\" data-comments-opened=\"0\" data-image-meta=\"{&quot;aperture&quot;:&quot;0&quot;,&quot;credit&quot;:&quot;&quot;,&quot;camera&quot;:&quot;&quot;,&quot;caption&quot;:&quot;&quot;,&quot;created_timestamp&quot;:&quot;0&quot;,&quot;copyright&quot;:&quot;&quot;,&quot;focal_length&quot;:&quot;0&quot;,&quot;iso&quot;:&quot;0&quot;,&quot;shutter_speed&quot;:&quot;0&quot;,&quot;title&quot;:&quot;&quot;,&quot;orientation&quot;:&quot;0&quot;}\" data-image-title=\"smierc-pani-westaway-original\" data-image-description=\"\" data-image-caption=\"\" data-large-file=\"https:\/\/blogaudioteka.wpcomstaging.com\/wp-content\/uploads\/smierc-pani-westaway-original.avif\" src=\"https:\/\/blogaudioteka.wpcomstaging.com\/wp-content\/uploads\/smierc-pani-westaway-original.avif\" alt=\"\" class=\"wp-image-5826\" srcset=\"https:\/\/blogaudioteka.wpcomstaging.com\/wp-content\/uploads\/smierc-pani-westaway-original.avif 300w, https:\/\/blogaudioteka.wpcomstaging.com\/wp-content\/uploads\/smierc-pani-westaway-original-150x150.avif 150w, https:\/\/blogaudioteka.wpcomstaging.com\/wp-content\/uploads\/smierc-pani-westaway-original-200x200.avif 200w, https:\/\/blogaudioteka.wpcomstaging.com\/wp-content\/uploads\/smierc-pani-westaway-original-148x148.avif 148w, https:\/\/blogaudioteka.wpcomstaging.com\/wp-content\/uploads\/smierc-pani-westaway-original-296x296.avif 296w\" sizes=\"auto, (max-width: 300px) 100vw, 300px\" \/><\/figure>\n<\/div>\n\n\n<p class=\"has-text-align-justify wp-block-paragraph\">\u201e\u015amier\u0107 pani Westaway\u201d to powie\u015b\u0107, kt\u00f3ra przenosi nas do \u015bwiata mrocznych sekret\u00f3w, starych posiad\u0142o\u015bci i&nbsp;rodzinnych dramat\u00f3w. Hal, m\u0142oda tarocistka, zmaga si\u0119 z&nbsp;trudno\u015bciami finansowymi, po \u015bmierci matki. Sytuacja staje si\u0119 jeszcze bardziej skomplikowana, gdy otrzymuje tajemniczy list, kt\u00f3ry sugeruje, \u017ce jej zmar\u0142a babcia \u2013 Hester Westaway, zostawi\u0142a jej du\u017c\u0105 sum\u0119 w&nbsp;testamencie. Problem w&nbsp;tym, \u017ce Hal wie, i\u017c jej babcia nie \u017cyje od lat.<\/p>\n\n\n\n<p class=\"has-text-align-justify wp-block-paragraph\">Zaintrygowana, postanawia uda\u0107 si\u0119 na pogrzeb, licz\u0105c na finansowe wsparcie. Na miejscu jednak zaczyna odkrywa\u0107 mroczne sekrety z&nbsp;przesz\u0142o\u015bci rodziny Westaway, kt\u00f3re mog\u0105 zmieni\u0107 wszystko, co do tej pory wiedzia\u0142a. Z&nbsp;ka\u017cdym krokiem wkracza w&nbsp;\u015bwiat pe\u0142en intryg, zdrad i&nbsp;niebezpiecze\u0144stw, kt\u00f3re czekaj\u0105 na odkrycie.<\/p>\n\n\n\n<h2 class=\"wp-block-heading\"><span class=\"ez-toc-section\" id=\"15_Zaginiona_dziewczyna_%E2%80%93_Simone_St_James\"><\/span>15. Zaginiona dziewczyna \u2013 Simone St. James<br><span class=\"ez-toc-section-end\"><\/span><\/h2>\n\n\n\n<p class=\"wp-block-paragraph\"><em>\ud83c\udfa7 <a href=\"https:\/\/audioteka.com\/pl\/audiobook\/zaginiona-dziewczyna-kobiece\/\" target=\"_blank\" rel=\"noopener\">S\u0142uchaj \u201eZaginionej dziewczyny\u201d w&nbsp;Audiotece \u2013 daj si\u0119 wci\u0105gn\u0105\u0107 w&nbsp;\u015bwiat mrocznych sekret\u00f3w i&nbsp;szokuj\u0105cych odkry\u0107.<\/a><\/em><\/p>\n\n\n<div class=\"wp-block-image\">\n<figure class=\"aligncenter size-full\"><img loading=\"lazy\" decoding=\"async\" width=\"300\" height=\"300\" data-attachment-id=\"5824\" data-permalink=\"https:\/\/blogaudioteka.wpcomstaging.com\/nowosci-tygodnia-w-audiotece-top-15-14-07-20-07\/zaginiona-dziewczyna-kobiece-original\" data-orig-file=\"https:\/\/blogaudioteka.wpcomstaging.com\/wp-content\/uploads\/zaginiona-dziewczyna-kobiece-original.avif\" data-orig-size=\"300,300\" data-comments-opened=\"0\" data-image-meta=\"{&quot;aperture&quot;:&quot;0&quot;,&quot;credit&quot;:&quot;&quot;,&quot;camera&quot;:&quot;&quot;,&quot;caption&quot;:&quot;&quot;,&quot;created_timestamp&quot;:&quot;0&quot;,&quot;copyright&quot;:&quot;&quot;,&quot;focal_length&quot;:&quot;0&quot;,&quot;iso&quot;:&quot;0&quot;,&quot;shutter_speed&quot;:&quot;0&quot;,&quot;title&quot;:&quot;&quot;,&quot;orientation&quot;:&quot;0&quot;}\" data-image-title=\"zaginiona-dziewczyna-kobiece-original\" data-image-description=\"\" data-image-caption=\"\" data-large-file=\"https:\/\/blogaudioteka.wpcomstaging.com\/wp-content\/uploads\/zaginiona-dziewczyna-kobiece-original.avif\" src=\"https:\/\/blogaudioteka.wpcomstaging.com\/wp-content\/uploads\/zaginiona-dziewczyna-kobiece-original.avif\" alt=\"\" class=\"wp-image-5824\" srcset=\"https:\/\/blogaudioteka.wpcomstaging.com\/wp-content\/uploads\/zaginiona-dziewczyna-kobiece-original.avif 300w, https:\/\/blogaudioteka.wpcomstaging.com\/wp-content\/uploads\/zaginiona-dziewczyna-kobiece-original-150x150.avif 150w, https:\/\/blogaudioteka.wpcomstaging.com\/wp-content\/uploads\/zaginiona-dziewczyna-kobiece-original-200x200.avif 200w, https:\/\/blogaudioteka.wpcomstaging.com\/wp-content\/uploads\/zaginiona-dziewczyna-kobiece-original-148x148.avif 148w, https:\/\/blogaudioteka.wpcomstaging.com\/wp-content\/uploads\/zaginiona-dziewczyna-kobiece-original-296x296.avif 296w\" sizes=\"auto, (max-width: 300px) 100vw, 300px\" \/><\/figure>\n<\/div>\n\n\n<p class=\"has-text-align-justify wp-block-paragraph\">\u201eZaginiona dziewczyna\u201d to thriller, kt\u00f3ry wci\u0105ga od pierwszych minut. M\u0142ode ma\u0142\u017ce\u0144stwo \u2013 April i&nbsp;Eddie \u2013 rozpoczynaj\u0105 wsp\u00f3lne \u017cycie pe\u0142ne nadziei, jednak ich podr\u00f3\u017c po\u015blubna, zamiast by\u0107 pocz\u0105tkiem szcz\u0119\u015bliwego rozdzia\u0142u, szybko zmienia si\u0119 w&nbsp;prawdziwy koszmar. Zjazd z&nbsp;autostrady i&nbsp;spotkanie tajemniczej autostopowiczki w&nbsp;mrocznej okolicy Atticus Lane rozpoczynaj\u0105 lawin\u0119 wydarze\u0144, kt\u00f3re wystawi\u0105 ich mi\u0142o\u015b\u0107 na pr\u00f3b\u0119.<\/p>\n\n\n\n<p class=\"has-text-align-justify wp-block-paragraph\"><a href=\"https:\/\/audioteka.com\/pl\/autor\/simone-st-james\/\" target=\"_blank\" rel=\"noopener\">Simone St. James<\/a> mistrzowsko \u0142\u0105czy atmosfer\u0119 ma\u0142ego miasteczka, groz\u0119 lat 90. i&nbsp;psychologiczne napi\u0119cie, wzbogacaj\u0105c fabu\u0142\u0119 o&nbsp;nadprzyrodzone elementy. Opowie\u015b\u0107 o&nbsp;winie, strachu, miejskich legendach oraz mi\u0142o\u015bci wystawionej na najci\u0119\u017csze pr\u00f3by porywa od pocz\u0105tku do ko\u0144ca. \u015aledztwo w&nbsp;tej zaskakuj\u0105cej opowie\u015bci prowadzi przez mroczne drogi, gdzie nic nie jest takim, jakim si\u0119 wydaje.<\/p>\n\n\n\n<figure class=\"wp-block-image size-full\"><a href=\"https:\/\/audioteka.com\/pl\/applications\" target=\"_blank\" rel=\"noopener\"><img data-recalc-dims=\"1\" loading=\"lazy\" decoding=\"async\" width=\"768\" height=\"216\" data-attachment-id=\"5792\" data-permalink=\"https:\/\/blogaudioteka.wpcomstaging.com\/sluchanie-zamiast-czytania-oto-7-powodow-dla-ktorych-audiobooki-zmienia-twoje-zycie\/banner_3-1\" data-orig-file=\"https:\/\/i0.wp.com\/blogaudioteka.wpcomstaging.com\/wp-content\/uploads\/banner_3-1-2.png?fit=768%2C216&amp;ssl=1\" data-orig-size=\"768,216\" data-comments-opened=\"0\" data-image-meta=\"{&quot;aperture&quot;:&quot;0&quot;,&quot;credit&quot;:&quot;&quot;,&quot;camera&quot;:&quot;&quot;,&quot;caption&quot;:&quot;&quot;,&quot;created_timestamp&quot;:&quot;0&quot;,&quot;copyright&quot;:&quot;&quot;,&quot;focal_length&quot;:&quot;0&quot;,&quot;iso&quot;:&quot;0&quot;,&quot;shutter_speed&quot;:&quot;0&quot;,&quot;title&quot;:&quot;&quot;,&quot;orientation&quot;:&quot;0&quot;}\" data-image-title=\"banner_3 (1)\" data-image-description=\"\" data-image-caption=\"\" data-large-file=\"https:\/\/i0.wp.com\/blogaudioteka.wpcomstaging.com\/wp-content\/uploads\/banner_3-1-2.png?fit=768%2C216&amp;ssl=1\" src=\"https:\/\/i0.wp.com\/blogaudioteka.wpcomstaging.com\/wp-content\/uploads\/banner_3-1-2.png?resize=768%2C216&#038;ssl=1\" alt=\"\" class=\"wp-image-5792\" srcset=\"https:\/\/i0.wp.com\/blogaudioteka.wpcomstaging.com\/wp-content\/uploads\/banner_3-1-2.png?w=768&amp;ssl=1 768w, https:\/\/i0.wp.com\/blogaudioteka.wpcomstaging.com\/wp-content\/uploads\/banner_3-1-2.png?resize=300%2C84&amp;ssl=1 300w, https:\/\/i0.wp.com\/blogaudioteka.wpcomstaging.com\/wp-content\/uploads\/banner_3-1-2.png?resize=512%2C144&amp;ssl=1 512w\" sizes=\"auto, (max-width: 768px) 100vw, 768px\" \/><\/a><\/figure>\n\n\n\n<p class=\"has-text-align-justify wp-block-paragraph\">Letnie wieczory sprzyjaj\u0105 odkrywaniu nowych ksi\u0105\u017cek, kt\u00f3re zapewni\u0105 ci emocjonuj\u0105c\u0105 podr\u00f3\u017c przez strony pe\u0142ne tajemnic i&nbsp;nieoczekiwanych zwrot\u00f3w akcji. W&nbsp;tym zestawieniu przedstawiamy najnowsze thrillery i&nbsp;mroczne opowie\u015bci, kt\u00f3re zaskocz\u0105 Ci\u0119 na ka\u017cdym kroku. Od \u015bledztw kryminalnych po historie pe\u0142ne element\u00f3w nadprzyrodzonych \u2013 w&nbsp;naszej kolekcji znajdziesz wszystko, czego potrzeba, by umili\u0107 sobie letnie dni.<\/p>\n\n\n\n<p class=\"wp-block-paragraph\">\ud83d\udc49<strong><em>Nie czekaj d\u0142u\u017cej! S\u0142uchaj nowych tytu\u0142\u00f3w w&nbsp;Audiotece i&nbsp;zanurz si\u0119 w&nbsp;historie, kt\u00f3re wci\u0105gn\u0105 Ci\u0119 od pierwszej sekundy!<\/em><\/strong><\/p>\n","protected":false},"excerpt":{"rendered":"Lato w&nbsp;pe\u0142ni, a&nbsp;my wci\u0105\u017c czujemy powiew \u015bwie\u017co\u015bci \u2013 nie tylko na zewn\u0105trz, ale i&nbsp;w naszych najnowszych audiobookach! W&nbsp;tym&hellip;","protected":false},"author":264736300,"featured_media":5810,"comment_status":"closed","ping_status":"closed","sticky":false,"template":"","format":"standard","meta":{"_crdt_document":"","csco_display_header_overlay":false,"csco_singular_sidebar":"","csco_page_header_type":"","_jetpack_memberships_contains_paid_content":false,"footnotes":""},"categories":[14931,14933],"tags":[],"class_list":{"0":"post-5820","1":"post","2":"type-post","3":"status-publish","4":"format-standard","5":"has-post-thumbnail","7":"category-aktualnosci","8":"category-newsy","9":"cs-entry"},"jetpack_featured_media_url":"https:\/\/i0.wp.com\/blogaudioteka.wpcomstaging.com\/wp-content\/uploads\/nowosci_blog-3.jpg?fit=800%2C450&ssl=1","jetpack_sharing_enabled":true,"_links":{"self":[{"href":"https:\/\/blogaudioteka.wpcomstaging.com\/wp-json\/wp\/v2\/posts\/5820","targetHints":{"allow":["GET"]}}],"collection":[{"href":"https:\/\/blogaudioteka.wpcomstaging.com\/wp-json\/wp\/v2\/posts"}],"about":[{"href":"https:\/\/blogaudioteka.wpcomstaging.com\/wp-json\/wp\/v2\/types\/post"}],"author":[{"embeddable":true,"href":"https:\/\/blogaudioteka.wpcomstaging.com\/wp-json\/wp\/v2\/users\/264736300"}],"replies":[{"embeddable":true,"href":"https:\/\/blogaudioteka.wpcomstaging.com\/wp-json\/wp\/v2\/comments?post=5820"}],"version-history":[{"count":23,"href":"https:\/\/blogaudioteka.wpcomstaging.com\/wp-json\/wp\/v2\/posts\/5820\/revisions"}],"predecessor-version":[{"id":5859,"href":"https:\/\/blogaudioteka.wpcomstaging.com\/wp-json\/wp\/v2\/posts\/5820\/revisions\/5859"}],"wp:featuredmedia":[{"embeddable":true,"href":"https:\/\/blogaudioteka.wpcomstaging.com\/wp-json\/wp\/v2\/media\/5810"}],"wp:attachment":[{"href":"https:\/\/blogaudioteka.wpcomstaging.com\/wp-json\/wp\/v2\/media?parent=5820"}],"wp:term":[{"taxonomy":"category","embeddable":true,"href":"https:\/\/blogaudioteka.wpcomstaging.com\/wp-json\/wp\/v2\/categories?post=5820"},{"taxonomy":"post_tag","embeddable":true,"href":"https:\/\/blogaudioteka.wpcomstaging.com\/wp-json\/wp\/v2\/tags?post=5820"}],"curies":[{"name":"wp","href":"https:\/\/api.w.org\/{rel}","templated":true}]}}