{"id":5695,"date":"2025-07-16T11:14:21","date_gmt":"2025-07-16T09:14:21","guid":{"rendered":"https:\/\/blogaudioteka.wpcomstaging.com\/?p=5695"},"modified":"2025-07-16T13:59:25","modified_gmt":"2025-07-16T11:59:25","slug":"top-10-czerwca-w-audiotece-najpopularniejsze-audiobooki-miesiac","status":"publish","type":"post","link":"https:\/\/blogaudioteka.wpcomstaging.com\/top-10-czerwca-w-audiotece-najpopularniejsze-audiobooki-miesiac","title":{"rendered":"TOP 10 czerwca w Audiotece \u2013 najpopularniejsze audiobooki miesi\u0105ca"},"content":{"rendered":"\n<p class=\"has-text-align-justify wp-block-paragraph\"><strong>Czerwiec up\u0142yn\u0105\u0142 pod znakiem mocnych historii, zaskakuj\u0105cych premier i&nbsp;powrot\u00f3w ulubionych bohater\u00f3w. Na li\u015bcie najch\u0119tniej s\u0142uchanych audiobook\u00f3w w&nbsp;Audiotece znalaz\u0142y si\u0119 thrillery, romanse, steampunkowe przygody i&nbsp;historie, kt\u00f3re zostaj\u0105 z&nbsp;nami na d\u0142ugo po ostatnim rozdziale. Zobacz, co kr\u00f3lowa\u0142o w&nbsp;s\u0142uchawkach tysi\u0119cy u\u017cytkownik\u00f3w i&nbsp;odkryj, czy Tw\u00f3j faworyt te\u017c znalaz\u0142 si\u0119 w&nbsp;zestawieniu.<\/strong><\/p>\n\n\n\n<div id=\"ez-toc-container\" class=\"ez-toc-v2_0_82_2 counter-hierarchy ez-toc-counter ez-toc-grey ez-toc-container-direction\">\n<div class=\"ez-toc-title-container\"><span class=\"ez-toc-title\" style=\"cursor:inherit\">Spis tre\u015bci<\/span>\n<\/div><nav><ul class='ez-toc-list ez-toc-list-level-1 ' ><li class='ez-toc-page-1 ez-toc-heading-level-2'><a class=\"ez-toc-link ez-toc-heading-1\" href=\"https:\/\/blogaudioteka.wpcomstaging.com\/top-10-czerwca-w-audiotece-najpopularniejsze-audiobooki-miesiac\/#1_Wieza_Jaskolki_Tom_1\" >1. Wie\u017ca Jask\u00f3\u0142ki. Tom 1<\/a><\/li><li class='ez-toc-page-1 ez-toc-heading-level-2'><a class=\"ez-toc-link ez-toc-heading-2\" href=\"https:\/\/blogaudioteka.wpcomstaging.com\/top-10-czerwca-w-audiotece-najpopularniejsze-audiobooki-miesiac\/#2_Wieza_Jaskolki_Tom_2\" >2. Wie\u017ca Jask\u00f3\u0142ki. Tom 2<\/a><\/li><li class='ez-toc-page-1 ez-toc-heading-level-2'><a class=\"ez-toc-link ez-toc-heading-3\" href=\"https:\/\/blogaudioteka.wpcomstaging.com\/top-10-czerwca-w-audiotece-najpopularniejsze-audiobooki-miesiac\/#3_Rytual_%E2%80%93_Wojciech_Chmielarz\" >3. Rytua\u0142 \u2013 Wojciech Chmielarz<\/a><\/li><li class='ez-toc-page-1 ez-toc-heading-level-2'><a class=\"ez-toc-link ez-toc-heading-4\" href=\"https:\/\/blogaudioteka.wpcomstaging.com\/top-10-czerwca-w-audiotece-najpopularniejsze-audiobooki-miesiac\/#4_Mazurski_przekret_%E2%80%93_audioserial\" >4. Mazurski przekr\u0119t \u2013 audioserial<\/a><\/li><li class='ez-toc-page-1 ez-toc-heading-level-2'><a class=\"ez-toc-link ez-toc-heading-5\" href=\"https:\/\/blogaudioteka.wpcomstaging.com\/top-10-czerwca-w-audiotece-najpopularniejsze-audiobooki-miesiac\/#5_Slup_ognia_Czesc_pierwsza_%E2%80%93_Ken_Follett\" >5. S\u0142up ognia. Cz\u0119\u015b\u0107 pierwsza \u2013 Ken Follett<\/a><\/li><li class='ez-toc-page-1 ez-toc-heading-level-2'><a class=\"ez-toc-link ez-toc-heading-6\" href=\"https:\/\/blogaudioteka.wpcomstaging.com\/top-10-czerwca-w-audiotece-najpopularniejsze-audiobooki-miesiac\/#6_Szacki_Czesc_3_Gniew_%E2%80%93_audioserial\" >6. Szacki. Cz\u0119\u015b\u0107 3: Gniew \u2013 audioserial<\/a><\/li><li class='ez-toc-page-1 ez-toc-heading-level-2'><a class=\"ez-toc-link ez-toc-heading-7\" href=\"https:\/\/blogaudioteka.wpcomstaging.com\/top-10-czerwca-w-audiotece-najpopularniejsze-audiobooki-miesiac\/#7_Szacki_Czesc_2_Ziarno_prawdy_%E2%80%93_audioserial\" >7. Szacki. Cz\u0119\u015b\u0107 2: Ziarno prawdy \u2013 audioserial<\/a><\/li><li class='ez-toc-page-1 ez-toc-heading-level-2'><a class=\"ez-toc-link ez-toc-heading-8\" href=\"https:\/\/blogaudioteka.wpcomstaging.com\/top-10-czerwca-w-audiotece-najpopularniejsze-audiobooki-miesiac\/#8_Kasprowy_%E2%80%93_Remigiusz_Mroz\" >8. Kasprowy \u2013 Remigiusz Mr\u00f3z<\/a><\/li><li class='ez-toc-page-1 ez-toc-heading-level-2'><a class=\"ez-toc-link ez-toc-heading-9\" href=\"https:\/\/blogaudioteka.wpcomstaging.com\/top-10-czerwca-w-audiotece-najpopularniejsze-audiobooki-miesiac\/#9_Rota_%E2%80%93_Grzegorz_Brudnik\" >9. Rota \u2013 Grzegorz Brudnik<\/a><\/li><li class='ez-toc-page-1 ez-toc-heading-level-2'><a class=\"ez-toc-link ez-toc-heading-10\" href=\"https:\/\/blogaudioteka.wpcomstaging.com\/top-10-czerwca-w-audiotece-najpopularniejsze-audiobooki-miesiac\/#10_Jestem_Czarna_%E2%80%93_audioserial\" >10. Jestem Czarna \u2013 audioserial<\/a><\/li><\/ul><\/nav><\/div>\n<h2 class=\"wp-block-heading\"><span class=\"ez-toc-section\" id=\"1_Wieza_Jaskolki_Tom_1\"><\/span><strong>1. Wie\u017ca Jask\u00f3\u0142ki. Tom 1<\/strong><span class=\"ez-toc-section-end\"><\/span><\/h2>\n\n\n\n<p class=\"has-text-align-justify wp-block-paragraph\">Wielki powr\u00f3t do \u015bwiata Bia\u0142ego Wilka. \u201eWie\u017ca Jask\u00f3\u0142ki. Tom 1\u201d to pierwszy tom czwartej cz\u0119\u015bci sagi o&nbsp;wied\u017aminie Geralcie \u2013 d\u0142ugo wyczekiwana kontynuacja, kt\u00f3ra rozgrza\u0142a fan\u00f3w do czerwono\u015bci. Ciri, rozdzielona z&nbsp;Geraltem, trafia pod opiek\u0119 tajemniczego pustelnika. Ale przeznaczenie nie daje o&nbsp;sobie zapomnie\u0107 \u2013 Dziki Gon ju\u017c p\u0119dzi przez niebo, a&nbsp;Wie\u017ca Jask\u00f3\u0142ki staje si\u0119 symbolem nadchodz\u0105cego chaosu. Mroczna, nastrojowa superprodukcja z&nbsp;genialnym <a href=\"https:\/\/audioteka.com\/pl\/lektor\/krzysztof-gosztyla\/\" target=\"_blank\" rel=\"noopener\">Krzysztofem Goszty\u0142\u0105<\/a> w&nbsp;roli narratora przenosi s\u0142uchaczy do \u015bwiata, gdzie ka\u017cda decyzja niesie \u015bmiertelne konsekwencje. Audiofestiwal wyobra\u017ani, kt\u00f3ry zachwyca od pierwszej sceny.<\/p>\n\n\n<div class=\"wp-block-image\">\n<figure class=\"aligncenter size-full\"><img loading=\"lazy\" decoding=\"async\" width=\"300\" height=\"300\" data-attachment-id=\"5700\" data-permalink=\"https:\/\/blogaudioteka.wpcomstaging.com\/top-10-czerwca-w-audiotece-najpopularniejsze-audiobooki-miesiac\/wieza-jaskolki-tom-1-original-1-3\" data-orig-file=\"https:\/\/blogaudioteka.wpcomstaging.com\/wp-content\/uploads\/wieza-jaskolki-tom-1-original-1-2.avif\" data-orig-size=\"300,300\" data-comments-opened=\"0\" data-image-meta=\"{&quot;aperture&quot;:&quot;0&quot;,&quot;credit&quot;:&quot;&quot;,&quot;camera&quot;:&quot;&quot;,&quot;caption&quot;:&quot;&quot;,&quot;created_timestamp&quot;:&quot;0&quot;,&quot;copyright&quot;:&quot;&quot;,&quot;focal_length&quot;:&quot;0&quot;,&quot;iso&quot;:&quot;0&quot;,&quot;shutter_speed&quot;:&quot;0&quot;,&quot;title&quot;:&quot;&quot;,&quot;orientation&quot;:&quot;0&quot;}\" data-image-title=\"wieza-jaskolki-tom-1-original (1)\" data-image-description=\"\" data-image-caption=\"\" data-large-file=\"https:\/\/blogaudioteka.wpcomstaging.com\/wp-content\/uploads\/wieza-jaskolki-tom-1-original-1-2.avif\" src=\"https:\/\/blogaudioteka.wpcomstaging.com\/wp-content\/uploads\/wieza-jaskolki-tom-1-original-1-2.avif\" alt=\"\" class=\"wp-image-5700\" srcset=\"https:\/\/blogaudioteka.wpcomstaging.com\/wp-content\/uploads\/wieza-jaskolki-tom-1-original-1-2.avif 300w, https:\/\/blogaudioteka.wpcomstaging.com\/wp-content\/uploads\/wieza-jaskolki-tom-1-original-1-2-150x150.avif 150w, https:\/\/blogaudioteka.wpcomstaging.com\/wp-content\/uploads\/wieza-jaskolki-tom-1-original-1-2-200x200.avif 200w, https:\/\/blogaudioteka.wpcomstaging.com\/wp-content\/uploads\/wieza-jaskolki-tom-1-original-1-2-148x148.avif 148w, https:\/\/blogaudioteka.wpcomstaging.com\/wp-content\/uploads\/wieza-jaskolki-tom-1-original-1-2-296x296.avif 296w\" sizes=\"auto, (max-width: 300px) 100vw, 300px\" \/><\/figure>\n<\/div>\n\n\n<p class=\"wp-block-paragraph\"><strong>\ud83c\udfa7Pos\u0142uchaj: <a href=\"https:\/\/audioteka.com\/pl\/audiobook\/wieza-jaskolki-tom-1\/\" target=\"_blank\" rel=\"noopener\">Wie\u017ca Jask\u00f3\u0142ki. Tom 1 &#8211; Audiobook &#8211; Andrzej Sapkowski &#8211; SuperNOWA | Audioteka<\/a><\/strong><\/p>\n\n\n\n<p class=\"wp-block-paragraph\"><strong>Co pisz\u0105 nasi s\u0142uchacze?<\/strong><\/p>\n\n\n\n<ul class=\"wp-block-list\">\n<li><em>\u201eArcymistrzostwo pi\u00f3ra p. Andrzeja Sapkowskiego mo\u017cna w&nbsp;pe\u0142ni doceni\u0107 s\u0142uchaj\u0105c realizacji audio.\u201d<\/em><\/li>\n\n\n\n<li><em> \u201eCudowna interpretacja wszystkich aktor\u00f3w. Dla mnie lepszy ni\u017c ksi\u0105\u017cka.\u201d<\/em><\/li>\n\n\n\n<li><em>\u201eFani wied\u017amina nie maj\u0105 \u017cadnej wym\u00f3wki. Majstersztyk!\u201d<\/em><\/li>\n\n\n\n<li><em> \u201eCa\u0142e s\u0142uchowisko to co\u015b wspania\u0142ego. Wielkie gratulacje!\u201d<\/em><\/li>\n\n\n\n<li><em>\u201eFantastyczna realizacja \u2013 zamykam oczy i&nbsp;jestem w&nbsp;\u015bwiecie wied\u017amina.\u201d<\/em><\/li>\n\n\n\n<li><em>\u201eTo nie audiobook, to s\u0142uchowisko! Obsada aktorska z&nbsp;najwy\u017cszej p\u00f3\u0142ki.\u201d<\/em><\/li>\n\n\n\n<li><em>\u201eNiech to nie b\u0119dzie koniec! Zosta\u0142a jeszcze jedna ksi\u0105\u017cka!\u201d<\/em><\/li>\n<\/ul>\n\n\n\n<h2 class=\"wp-block-heading has-text-align-justify\"><span class=\"ez-toc-section\" id=\"2_Wieza_Jaskolki_Tom_2\"><\/span><strong>2. <em>Wie\u017ca Jask\u00f3\u0142ki. Tom 2<\/em><\/strong><span class=\"ez-toc-section-end\"><\/span><\/h2>\n\n\n\n<p class=\"has-text-align-justify wp-block-paragraph\">Druga cz\u0119\u015b\u0107 czwartego tomu \u201eSagi o&nbsp;Wied\u017aminie\u201d <a href=\"https:\/\/audioteka.com\/pl\/autor\/andrzej-sapkowski\/\" target=\"_blank\" rel=\"noopener\">Andrzeja Sapkowskiego<\/a> to emocjonalna kulminacja \u2013 g\u0142\u0119boka, filozoficzna i&nbsp;g\u0119sta jak mg\u0142a nad Brokilonem. Ciri przechodzi wewn\u0119trzn\u0105 metamorfoz\u0119, a&nbsp;Wie\u017ca Jask\u00f3\u0142ki coraz wyra\u017aniej wo\u0142a jej imi\u0119. Geralt i&nbsp;jego towarzysze wci\u0105\u017c pod\u0105\u017caj\u0105 \u015bladami znikaj\u0105cej dziewczyny, lecz \u015bwiat nie jest ju\u017c tym, czym by\u0142. Opowie\u015b\u0107 Sapkowskiego zamienia si\u0119 w&nbsp;przypowie\u015b\u0107 o&nbsp;losie, wolno\u015bci i&nbsp;cenie, jak\u0105 trzeba zap\u0142aci\u0107 za przetrwanie. Produkcja <a href=\"https:\/\/audioteka.com\/pl\/wydawca\/supernowa\/\" target=\"_blank\" rel=\"noopener\">SuperNOWA<\/a> po raz kolejny zachwyca \u2013 zar\u00f3wno perfekcj\u0105 d\u017awi\u0119ku, jak i&nbsp;pot\u0119\u017cn\u0105 rol\u0105 narracyjn\u0105 Krzysztofa Goszty\u0142y. S\u0142uchacze jednog\u0142o\u015bnie przyznaj\u0105: to nie tylko audiobook, to wydarzenie.<\/p>\n\n\n<div class=\"wp-block-image\">\n<figure class=\"aligncenter size-full\"><img loading=\"lazy\" decoding=\"async\" width=\"300\" height=\"300\" data-attachment-id=\"5702\" data-permalink=\"https:\/\/blogaudioteka.wpcomstaging.com\/top-10-czerwca-w-audiotece-najpopularniejsze-audiobooki-miesiac\/wieza-jaskolki-tom-2-original-3\" data-orig-file=\"https:\/\/blogaudioteka.wpcomstaging.com\/wp-content\/uploads\/wieza-jaskolki-tom-2-original-2.avif\" data-orig-size=\"300,300\" data-comments-opened=\"0\" data-image-meta=\"{&quot;aperture&quot;:&quot;0&quot;,&quot;credit&quot;:&quot;&quot;,&quot;camera&quot;:&quot;&quot;,&quot;caption&quot;:&quot;&quot;,&quot;created_timestamp&quot;:&quot;0&quot;,&quot;copyright&quot;:&quot;&quot;,&quot;focal_length&quot;:&quot;0&quot;,&quot;iso&quot;:&quot;0&quot;,&quot;shutter_speed&quot;:&quot;0&quot;,&quot;title&quot;:&quot;&quot;,&quot;orientation&quot;:&quot;0&quot;}\" data-image-title=\"wieza-jaskolki-tom-2-original\" data-image-description=\"\" data-image-caption=\"\" data-large-file=\"https:\/\/blogaudioteka.wpcomstaging.com\/wp-content\/uploads\/wieza-jaskolki-tom-2-original-2.avif\" src=\"https:\/\/blogaudioteka.wpcomstaging.com\/wp-content\/uploads\/wieza-jaskolki-tom-2-original-2.avif\" alt=\"\" class=\"wp-image-5702\" srcset=\"https:\/\/blogaudioteka.wpcomstaging.com\/wp-content\/uploads\/wieza-jaskolki-tom-2-original-2.avif 300w, https:\/\/blogaudioteka.wpcomstaging.com\/wp-content\/uploads\/wieza-jaskolki-tom-2-original-2-150x150.avif 150w, https:\/\/blogaudioteka.wpcomstaging.com\/wp-content\/uploads\/wieza-jaskolki-tom-2-original-2-200x200.avif 200w, https:\/\/blogaudioteka.wpcomstaging.com\/wp-content\/uploads\/wieza-jaskolki-tom-2-original-2-148x148.avif 148w, https:\/\/blogaudioteka.wpcomstaging.com\/wp-content\/uploads\/wieza-jaskolki-tom-2-original-2-296x296.avif 296w\" sizes=\"auto, (max-width: 300px) 100vw, 300px\" \/><\/figure>\n<\/div>\n\n\n<p class=\"wp-block-paragraph\"><strong>\ud83c\udfa7Pos\u0142uchaj: <a href=\"https:\/\/audioteka.com\/pl\/audiobook\/wieza-jaskolki-tom-2\/\" target=\"_blank\" rel=\"noopener\">Wie\u017ca Jask\u00f3\u0142ki. Tom 2 &#8211; Audiobook &#8211; Andrzej Sapkowski &#8211; SuperNOWA | Audioteka<\/a><\/strong><\/p>\n\n\n\n<p class=\"wp-block-paragraph\"><strong>Co pisz\u0105 nasi s\u0142uchacze?<\/strong><\/p>\n\n\n\n<ul class=\"wp-block-list\">\n<li><em>\u201eChyl\u0119 czo\u0142a\u2026 roz\u0142o\u017cyli\u015bcie mnie na \u0142opatki. Doskonale!!!\u201d<\/em><\/li>\n\n\n\n<li><em>\u201eMoim zdaniem to najgorsza cz\u0119\u015b\u0107 ksi\u0105\u017cki\u2026 ale s\u0142uchowisko? \u015awietne!\u201d<\/em><\/li>\n\n\n\n<li><em>\u201eSama opowie\u015b\u0107 skupiona na Ciri \u2013 dobra i&nbsp;wci\u0105\u017c trzyma poziom serii.\u201d<\/em><\/li>\n\n\n\n<li><em> \u201eRewelacja. Pan Sapkowski \u2013 najlepszy po Tolkienie.\u201d<\/em><\/li>\n\n\n\n<li><em>\u201eDzi\u0119kuj\u0119 Audiotece, \u017ce przywr\u00f3cili\u015bcie brakuj\u0105c\u0105 per\u0142\u0119 w&nbsp;koronie sagi.\u201d<\/em><\/li>\n\n\n\n<li><em>\u201ePan Goszty\u0142a przeszed\u0142 samego siebie. Historia nie znudzi si\u0119 nigdy.\u201d<\/em><\/li>\n<\/ul>\n\n\n\n<h2 class=\"wp-block-heading\"><span class=\"ez-toc-section\" id=\"3_Rytual_%E2%80%93_Wojciech_Chmielarz\"><\/span><strong>3. Rytua\u0142 \u2013 Wojciech Chmielarz<\/strong><span class=\"ez-toc-section-end\"><\/span><\/h2>\n\n\n\n<p class=\"has-text-align-justify wp-block-paragraph\"><em><a href=\"https:\/\/audioteka.com\/pl\/cykl\/komisarz-jakub-mortka\/\" target=\"_blank\" rel=\"noopener\">Komisarz Jakub Mortka<\/a><\/em> wraca \u2013 i&nbsp;to w&nbsp;wielkim stylu. Tym razem nie jako \u015bledczy z&nbsp;ramienia policji, ale jako nie\u015bwiadomy \u015bwiadek zbrodni. \u201eRytua\u0142\u201d rozpoczyna si\u0119 od urlopowej wycieczki w&nbsp;Karkonosze, kt\u00f3ra szybko zamienia si\u0119 w&nbsp;kryminalny koszmar. Znalezione zw\u0142oki, kt\u00f3re zaraz potem znikaj\u0105, tajemnicza wie\u015b, mroczne legendy o&nbsp;Bestii z&nbsp;Izer i&nbsp;satanistyczne rytua\u0142y to dopiero pocz\u0105tek. W&nbsp;tej si\u00f3dmej cz\u0119\u015bci cyklu Mortka \u0142\u0105czy si\u0142y z&nbsp;aspirantk\u0105 Mari\u0105 Szulej, a&nbsp;ka\u017cde odkrycie rodzi nowe pytania \u2013 i&nbsp;gro\u017aniejsze podejrzenia. <a href=\"https:\/\/audioteka.com\/pl\/autor\/wojciech-chmielarz\/\" target=\"_blank\" rel=\"noopener\">Wojciech Chmielarz<\/a> jak zawsze trzyma w&nbsp;napi\u0119ciu \u2013 nie tylko intryg\u0105, ale i&nbsp;psychologiczn\u0105 g\u0142\u0119bi\u0105 postaci. Rytua\u0142 nie jest tylko krymina\u0142em \u2013 to mroczna opowie\u015b\u0107 o&nbsp;tym, jak przesz\u0142o\u015b\u0107 wci\u0105\u017c oddycha pod powierzchni\u0105 tera\u017aniejszo\u015bci. W&nbsp;roli narratora znakomity <a href=\"https:\/\/audioteka.com\/pl\/lektor\/janusz-zadura\/\" target=\"_blank\" rel=\"noopener\">Janusz Zadura<\/a>, kt\u00f3ry w&nbsp;pe\u0142ni oddaje klimat historii i&nbsp;emocjonalne zawirowania bohater\u00f3w.<\/p>\n\n\n<div class=\"wp-block-image\">\n<figure class=\"aligncenter size-full\"><img loading=\"lazy\" decoding=\"async\" width=\"300\" height=\"300\" data-attachment-id=\"5706\" data-permalink=\"https:\/\/blogaudioteka.wpcomstaging.com\/top-10-czerwca-w-audiotece-najpopularniejsze-audiobooki-miesiac\/rytual-2\" data-orig-file=\"https:\/\/blogaudioteka.wpcomstaging.com\/wp-content\/uploads\/rytual-2.avif\" data-orig-size=\"300,300\" data-comments-opened=\"0\" data-image-meta=\"{&quot;aperture&quot;:&quot;0&quot;,&quot;credit&quot;:&quot;&quot;,&quot;camera&quot;:&quot;&quot;,&quot;caption&quot;:&quot;&quot;,&quot;created_timestamp&quot;:&quot;0&quot;,&quot;copyright&quot;:&quot;&quot;,&quot;focal_length&quot;:&quot;0&quot;,&quot;iso&quot;:&quot;0&quot;,&quot;shutter_speed&quot;:&quot;0&quot;,&quot;title&quot;:&quot;&quot;,&quot;orientation&quot;:&quot;0&quot;}\" data-image-title=\"rytual\" data-image-description=\"\" data-image-caption=\"\" data-large-file=\"https:\/\/blogaudioteka.wpcomstaging.com\/wp-content\/uploads\/rytual-2.avif\" src=\"https:\/\/blogaudioteka.wpcomstaging.com\/wp-content\/uploads\/rytual-2.avif\" alt=\"\" class=\"wp-image-5706\" srcset=\"https:\/\/blogaudioteka.wpcomstaging.com\/wp-content\/uploads\/rytual-2.avif 300w, https:\/\/blogaudioteka.wpcomstaging.com\/wp-content\/uploads\/rytual-2-150x150.avif 150w, https:\/\/blogaudioteka.wpcomstaging.com\/wp-content\/uploads\/rytual-2-200x200.avif 200w, https:\/\/blogaudioteka.wpcomstaging.com\/wp-content\/uploads\/rytual-2-148x148.avif 148w, https:\/\/blogaudioteka.wpcomstaging.com\/wp-content\/uploads\/rytual-2-296x296.avif 296w\" sizes=\"auto, (max-width: 300px) 100vw, 300px\" \/><\/figure>\n<\/div>\n\n\n<p class=\"wp-block-paragraph\"><strong>\ud83c\udfa7Pos\u0142uchaj: <a href=\"https:\/\/audioteka.com\/pl\/audiobook\/rytual-marginesy\/\" target=\"_blank\" rel=\"noopener\">Rytua\u0142 &#8211; Audiobook &#8211; Wojciech Chmielarz &#8211; Marginesy | Audioteka<\/a><\/strong><\/p>\n\n\n\n<p class=\"wp-block-paragraph\"><strong>Co pisz\u0105 nasi s\u0142uchacze? <\/strong><\/p>\n\n\n\n<div class=\"wp-block-group is-vertical is-layout-flex wp-container-core-group-is-layout-4fc3f8e1 wp-block-group-is-layout-flex\">\n<ul class=\"wp-block-list\">\n<li><em>\u201eTrudno oderwa\u0107 si\u0119 od s\u0142uchania, koniec jest zarazem zapowiedzi\u0105 kolejnej ksi\u0105\u017cki z&nbsp;cyklu \u2013 oby jak najszybciej.\u201d<\/em><\/li>\n<\/ul>\n\n\n\n<ul class=\"wp-block-list\">\n<li><em>\u201eKomisarz Mortka to jest go\u015b\u0107!!! Pan Zadura jest doskona\u0142y\u2026 chocia\u017c to ma\u0142o powiedziane \u2013 on jest doskona\u0142y. Brawo! Brawo! Brawo!\u201d<\/em><\/li>\n\n\n\n<li><em>\u201eUdany powr\u00f3t Mortki. Historia jak zawsze wielow\u0105tkowa i&nbsp;nie\u0142atwa do rozwik\u0142ania. Lektor doskona\u0142y \u2013 nie wyobra\u017cam sobie tej serii z&nbsp;kim\u015b innym.\u201d<\/em><\/li>\n\n\n\n<li><em>\u201eU Chmielarza nic nie jest oczywiste. Zwroty akcji zaskakuj\u0105 do samego ko\u0144ca.\u201d<\/em><\/li>\n\n\n\n<li><em>\u201eKrymina\u0142 skrzy\u017cowany z&nbsp;powie\u015bci\u0105 obyczajow\u0105 o&nbsp;\u017cyciu m\u0142odzie\u017cy na prowincji. I&nbsp;ten g\u0142os \u2013 \u015bwietny.\u201d<\/em><\/li>\n\n\n\n<li><em>\u201ePosta\u0107 Williguta \u2013 wyrazista, skrajna, patologiczna. Nie da si\u0119 o&nbsp;niej zapomnie\u0107.\u201d<\/em><\/li>\n\n\n\n<li><em>\u201eSmaczki dla fan\u00f3w \u2013 pojawia si\u0119 posta\u0107 z&nbsp;innej serii. Historia bez zb\u0119dnego s\u0142owa. Tego by\u0142o mi trzeba.\u201d<\/em><\/li>\n<\/ul>\n<\/div>\n\n\n\n<h2 class=\"wp-block-heading\"><span class=\"ez-toc-section\" id=\"4_Mazurski_przekret_%E2%80%93_audioserial\"><\/span><strong>4. Mazurski przekr\u0119t \u2013 audioserial<\/strong><span class=\"ez-toc-section-end\"><\/span><\/h2>\n\n\n\n<p class=\"has-text-align-justify wp-block-paragraph\">Mazury \u2013 jeziora, lasy i&#8230; trzy trupy w&nbsp;\u0142\u00f3dce. Gdy by\u0142y muzyk Piotr Brandt znajduje si\u0119 w&nbsp;centrum makabrycznego odkrycia, jego nowe \u017cycie na prowincji zaczyna przypomina\u0107 scenariusz kryminalnego thrillera. \u201eMazurski przekr\u0119t\u201d to dynamiczny audioserial, kt\u00f3ry \u0142\u0105czy lokalny koloryt z&nbsp;mroczn\u0105 intryg\u0105, sensacyjnymi tropami i&nbsp;pe\u0142nokrwistymi postaciami. Developerzy, w\u00f3jtowie z&nbsp;ambicjami, podejrzane inwestycje, alkohol przemys\u0142owy i&nbsp;Bestia z&nbsp;Izer \u2013 wszystko to sk\u0142ada si\u0119 na wielowarstwow\u0105 histori\u0119 o&nbsp;chciwo\u015bci, tajemnicach i&nbsp;zbrodni, kt\u00f3ra nie daje o&nbsp;sobie zapomnie\u0107. Wyj\u0105tkowy klimat Mazur i&nbsp;wartka akcja to jedno, ale si\u0142\u0105 tej produkcji s\u0105 te\u017c \u015bwietnie zagrane postaci \u2013 z&nbsp;<a href=\"https:\/\/audioteka.com\/pl\/lektor\/grzegorz-malecki\/\" target=\"_blank\" rel=\"noopener\">Grzegorzem Ma\u0142eckim<\/a> jako Brandtem i&nbsp;<a href=\"https:\/\/audioteka.com\/pl\/lektor\/szymon-kusmider\/\" target=\"_blank\" rel=\"noopener\">Szymonem Ku\u015bmidrem<\/a> w&nbsp;roli komisarza Niwicza. <\/p>\n\n\n<div class=\"wp-block-image\">\n<figure class=\"aligncenter size-full\"><img loading=\"lazy\" decoding=\"async\" width=\"300\" height=\"300\" data-attachment-id=\"5711\" data-permalink=\"https:\/\/blogaudioteka.wpcomstaging.com\/top-10-czerwca-w-audiotece-najpopularniejsze-audiobooki-miesiac\/c20fe275-b73c6094b473477cab3543a74642a3186451bd7093a44a1cd998d3074b854c58-1-3\" data-orig-file=\"https:\/\/blogaudioteka.wpcomstaging.com\/wp-content\/uploads\/c20fe275-b73c6094b473477cab3543a74642a3186451bd7093a44a1cd998d3074b854c58-1-3.avif\" data-orig-size=\"300,300\" data-comments-opened=\"0\" data-image-meta=\"{&quot;aperture&quot;:&quot;0&quot;,&quot;credit&quot;:&quot;&quot;,&quot;camera&quot;:&quot;&quot;,&quot;caption&quot;:&quot;&quot;,&quot;created_timestamp&quot;:&quot;0&quot;,&quot;copyright&quot;:&quot;&quot;,&quot;focal_length&quot;:&quot;0&quot;,&quot;iso&quot;:&quot;0&quot;,&quot;shutter_speed&quot;:&quot;0&quot;,&quot;title&quot;:&quot;&quot;,&quot;orientation&quot;:&quot;0&quot;}\" data-image-title=\"c20fe275-b73c6094b473477cab3543a74642a3186451bd7093a44a1cd998d3074b854c58 (1)\" data-image-description=\"\" data-image-caption=\"\" data-large-file=\"https:\/\/blogaudioteka.wpcomstaging.com\/wp-content\/uploads\/c20fe275-b73c6094b473477cab3543a74642a3186451bd7093a44a1cd998d3074b854c58-1-3.avif\" src=\"https:\/\/blogaudioteka.wpcomstaging.com\/wp-content\/uploads\/c20fe275-b73c6094b473477cab3543a74642a3186451bd7093a44a1cd998d3074b854c58-1-3.avif\" alt=\"\" class=\"wp-image-5711\" srcset=\"https:\/\/blogaudioteka.wpcomstaging.com\/wp-content\/uploads\/c20fe275-b73c6094b473477cab3543a74642a3186451bd7093a44a1cd998d3074b854c58-1-3.avif 300w, https:\/\/blogaudioteka.wpcomstaging.com\/wp-content\/uploads\/c20fe275-b73c6094b473477cab3543a74642a3186451bd7093a44a1cd998d3074b854c58-1-3-150x150.avif 150w, https:\/\/blogaudioteka.wpcomstaging.com\/wp-content\/uploads\/c20fe275-b73c6094b473477cab3543a74642a3186451bd7093a44a1cd998d3074b854c58-1-3-200x200.avif 200w, https:\/\/blogaudioteka.wpcomstaging.com\/wp-content\/uploads\/c20fe275-b73c6094b473477cab3543a74642a3186451bd7093a44a1cd998d3074b854c58-1-3-148x148.avif 148w, https:\/\/blogaudioteka.wpcomstaging.com\/wp-content\/uploads\/c20fe275-b73c6094b473477cab3543a74642a3186451bd7093a44a1cd998d3074b854c58-1-3-296x296.avif 296w\" sizes=\"auto, (max-width: 300px) 100vw, 300px\" \/><\/figure>\n<\/div>\n\n\n<p class=\"wp-block-paragraph\"><strong>\ud83c\udfa7Pos\u0142uchaj: <a href=\"https:\/\/audioteka.com\/pl\/cykl\/mazurski-przekret-audioserial\/\" target=\"_blank\" rel=\"noopener\">Mazurski Przekr\u0119t. Audioserial &#8211; cykl audiobook\u00f3w | Audioteka<\/a><\/strong><\/p>\n\n\n\n<p class=\"wp-block-paragraph\"><strong>Co pisz\u0105 nasi s\u0142uchacze? <\/strong><\/p>\n\n\n\n<ul class=\"wp-block-list\">\n<li><em>\u201eSama fabu\u0142a \u015bwietna i&nbsp;przemy\u015blana. A&nbsp;co do voice aktor\u00f3w \u2013 odgrywaj\u0105 tu \u015bwietn\u0105 robot\u0119. Z&nbsp;niecierpliwo\u015bci\u0105 czekam na kolejne odcinki.\u201d<\/em><\/li>\n\n\n\n<li><em>\u201eZabawna opowie\u015b\u0107, \u015bwietni aktorzy, polecam.\u201d<\/em><\/li>\n\n\n\n<li><em>\u201eW ko\u0144cu fajna fabu\u0142a. Ud\u017awi\u0119kowienie i&nbsp;realizacja na najwy\u017cszym poziomie! Aktorzy super. Oby tak dalej AUDIOTEKO!\u201d<\/em><\/li>\n\n\n\n<li><em>\u201eWreszcie co\u015b do pos\u0142uchania \ud83d\ude42 \u015awietna produkcja jak w&nbsp;\u2018Jezioranach\u2019, sentymentalnie ;)\u201d<\/em><\/li>\n\n\n\n<li><em>\u201eTo bardzo dobry podkast i&nbsp;\u015bwietnie zagrany. Temat na czasie, pomys\u0142 z&nbsp;dusz\u0105, kt\u00f3ra ma wgl\u0105d w&nbsp;afer\u0119 \u2013 super. Polecam.\u201d<\/em><\/li>\n\n\n\n<li><em>\u201eSuper produkcja! Na to czeka\u0142em. Wielkie brawa \ud83d\udc4f\u201d<\/em><\/li>\n<\/ul>\n\n\n\n<h2 class=\"wp-block-heading\"><span class=\"ez-toc-section\" id=\"5_Slup_ognia_Czesc_pierwsza_%E2%80%93_Ken_Follett\"><\/span><strong>5. S\u0142up ognia. Cz\u0119\u015b\u0107 pierwsza \u2013 Ken Follett <\/strong><span class=\"ez-toc-section-end\"><\/span><\/h2>\n\n\n\n<p class=\"has-text-align-justify wp-block-paragraph\">Renesansowa Anglia \u2013 czas zdrad, walki o&nbsp;w\u0142adz\u0119 i&nbsp;wielkich nami\u0119tno\u015bci. W&nbsp;tym \u015bwiecie pojawia si\u0119 m\u0142ody Ned Willard, kt\u00f3ry nie tylko b\u0119dzie musia\u0142 wybra\u0107 mi\u0119dzy mi\u0142o\u015bci\u0105 a&nbsp;lojalno\u015bci\u0105 wobec przysz\u0142ej kr\u00f3lowej, ale te\u017c zmierzy\u0107 si\u0119 z&nbsp;machin\u0105 politycznych intryg, rozgrywaj\u0105cych si\u0119 nie tylko w&nbsp;Londynie, lecz tak\u017ce w&nbsp;Pary\u017cu i&nbsp;Sewilli. To epickie s\u0142uchowisko z&nbsp;udzia\u0142em najlepszych polskich aktor\u00f3w, na czele z&nbsp;Krzysztofem Goszty\u0142\u0105 jako narratorem, <a href=\"https:\/\/audioteka.com\/pl\/lektor\/piotr-witkowski\/\" target=\"_blank\" rel=\"noopener\">Piotrem Witkowskim<\/a> w&nbsp;roli Neda i&nbsp;<a href=\"https:\/\/audioteka.com\/pl\/lektor\/vanessa-aleksander\/\" target=\"_blank\" rel=\"noopener\">Vaness\u0105 Aleksander<\/a> jako Margery. T\u0142o d\u017awi\u0119kowe, aran\u017cacja i&nbsp;monta\u017c \u2013 wszystko w&nbsp;tej <a href=\"https:\/\/audioteka.com\/pl\/katalog\/superprodukcje-audioteki\/\" target=\"_blank\" rel=\"noopener\">superprodukcji<\/a> zachwyca rozmachem i&nbsp;jako\u015bci\u0105. Audioteka po raz kolejny udowadnia, \u017ce literatura historyczna w&nbsp;wersji audio potrafi by\u0107 r\u00f3wnie poruszaj\u0105ca, co najwi\u0119ksze filmowe widowiska.<\/p>\n\n\n<div class=\"wp-block-image\">\n<figure class=\"aligncenter size-full\"><img loading=\"lazy\" decoding=\"async\" width=\"300\" height=\"300\" data-attachment-id=\"5714\" data-permalink=\"https:\/\/blogaudioteka.wpcomstaging.com\/top-10-czerwca-w-audiotece-najpopularniejsze-audiobooki-miesiac\/slup-ognia-czesc-pierwsza-original-2\" data-orig-file=\"https:\/\/blogaudioteka.wpcomstaging.com\/wp-content\/uploads\/slup-ognia-czesc-pierwsza-original-2.avif\" data-orig-size=\"300,300\" data-comments-opened=\"0\" data-image-meta=\"{&quot;aperture&quot;:&quot;0&quot;,&quot;credit&quot;:&quot;&quot;,&quot;camera&quot;:&quot;&quot;,&quot;caption&quot;:&quot;&quot;,&quot;created_timestamp&quot;:&quot;0&quot;,&quot;copyright&quot;:&quot;&quot;,&quot;focal_length&quot;:&quot;0&quot;,&quot;iso&quot;:&quot;0&quot;,&quot;shutter_speed&quot;:&quot;0&quot;,&quot;title&quot;:&quot;&quot;,&quot;orientation&quot;:&quot;0&quot;}\" data-image-title=\"slup-ognia-czesc-pierwsza-original (2)\" data-image-description=\"\" data-image-caption=\"\" data-large-file=\"https:\/\/blogaudioteka.wpcomstaging.com\/wp-content\/uploads\/slup-ognia-czesc-pierwsza-original-2.avif\" src=\"https:\/\/blogaudioteka.wpcomstaging.com\/wp-content\/uploads\/slup-ognia-czesc-pierwsza-original-2.avif\" alt=\"\" class=\"wp-image-5714\" srcset=\"https:\/\/blogaudioteka.wpcomstaging.com\/wp-content\/uploads\/slup-ognia-czesc-pierwsza-original-2.avif 300w, https:\/\/blogaudioteka.wpcomstaging.com\/wp-content\/uploads\/slup-ognia-czesc-pierwsza-original-2-150x150.avif 150w, https:\/\/blogaudioteka.wpcomstaging.com\/wp-content\/uploads\/slup-ognia-czesc-pierwsza-original-2-200x200.avif 200w, https:\/\/blogaudioteka.wpcomstaging.com\/wp-content\/uploads\/slup-ognia-czesc-pierwsza-original-2-148x148.avif 148w, https:\/\/blogaudioteka.wpcomstaging.com\/wp-content\/uploads\/slup-ognia-czesc-pierwsza-original-2-296x296.avif 296w\" sizes=\"auto, (max-width: 300px) 100vw, 300px\" \/><\/figure>\n<\/div>\n\n\n<p class=\"wp-block-paragraph\"><strong>\ud83c\udfa7Pos\u0142uchaj: <a href=\"https:\/\/audioteka.com\/pl\/audiobook\/slup-ognia-czesc-pierwsza\/\" target=\"_blank\" rel=\"noopener\">S\u0142up ognia. Cz\u0119\u015b\u0107 pierwsza &#8211; Audiobook &#8211; Ken Follett &#8211; Audioteka, Wydawnictwo Albatros | Audioteka<\/a><\/strong><\/p>\n\n\n\n<p class=\"wp-block-paragraph\"><strong>Co pisz\u0105 nasi s\u0142uchacze? <\/strong><\/p>\n\n\n\n<ul class=\"wp-block-list\">\n<li><em>\u201e\u015awietna powie\u015b\u0107, kapitalne interpretacje lektor\u00f3w, doskona\u0142e t\u0142a d\u017awi\u0119kowe. Ciekawe, kiedy kolejna cz\u0119\u015b\u0107\u2026\u201d<\/em><\/li>\n\n\n\n<li><em>\u201eAle\u017c to jest poezja! Nie mo\u017cna si\u0119 by\u0142o oderwa\u0107 od cudownej tre\u015bci i&nbsp;\u015bwietnej realizacji.\u201d<\/em><\/li>\n\n\n\n<li><em>\u201eFollett + Goszty\u0142a + superprodukcja \u2013 nie ma nic lepszego na rynku wydawniczym w&nbsp;j\u0119zyku polskim!\u201d<\/em><\/li>\n\n\n\n<li><em>\u201eM\u00f3j ulubiony pisarz i&nbsp;ulubiona seria, wi\u0119c w&nbsp;ciemno daj\u0119 pi\u0119\u0107 gwiazdek. Pan Krzysztof nadaje super klimat.\u201d<\/em><\/li>\n\n\n\n<li><em>\u201eCi\u0119\u017cko si\u0119 oderwa\u0107 cho\u0107by na minut\u0119.\u201d<\/em><\/li>\n\n\n\n<li><em>\u201eTo oczywi\u015bcie fenomenalna superprodukcja \u2013 uwielbiam po\u0142\u0105czenie autora i&nbsp;lektor\u00f3w.\u201d<\/em><\/li>\n\n\n\n<li><em>\u201eDoskona\u0142a ksi\u0105\u017cka, a&nbsp;nagranie pobudza wyobra\u017ani\u0119. Serdecznie polecam.\u201d<\/em><\/li>\n\n\n\n<li><em>\u201eJak zwykle genialny Follett \u2013 nie zawi\u00f3d\u0142!\u201d<\/em><\/li>\n<\/ul>\n\n\n\n<h2 class=\"wp-block-heading\"><span class=\"ez-toc-section\" id=\"6_Szacki_Czesc_3_Gniew_%E2%80%93_audioserial\"><\/span><strong>6. Szacki. Cz\u0119\u015b\u0107 3: Gniew \u2013 audioserial<\/strong><span class=\"ez-toc-section-end\"><\/span><\/h2>\n\n\n\n<p class=\"has-text-align-justify wp-block-paragraph\">To koniec \u2013 i&nbsp;w\u0142a\u015bnie dlatego nie wolno go przegapi\u0107. \u201eGniew\u201d to ostatnia cz\u0119\u015b\u0107 trylogii o&nbsp;prokuratorze Teodorze Szackim \u2013 opowie\u015b\u0107 mroczna, bolesna i&nbsp;emocjonalnie rozbrajaj\u0105ca. Zaczyna si\u0119 od znaleziska w&nbsp;Olsztynie \u2013 ludzkie szcz\u0105tki w&nbsp;czasie rob\u00f3t drogowych. Ale to, co wygl\u0105da na rutynowe \u015bledztwo, szybko zamienia si\u0119 w&nbsp;histori\u0119 o&nbsp;przemocy domowej, milczeniu, kt\u00f3re zabija, i&nbsp;gniewie, kt\u00f3ry nie zna granic. Szacki coraz bardziej anga\u017cuje si\u0119 w&nbsp;spraw\u0119, kt\u00f3ra niepostrze\u017cenie dotyka jego prywatnego \u017cycia. <a href=\"https:\/\/audioteka.com\/pl\/lektor\/michal-zebrowski\/\" target=\"_blank\" rel=\"noopener\">Micha\u0142 \u017bebrowski<\/a> jako Szacki, <a href=\"https:\/\/audioteka.com\/pl\/lektor\/karolina-gorczyca\/\" target=\"_blank\" rel=\"noopener\">Karolina Gorczyca<\/a>, <a href=\"https:\/\/audioteka.com\/pl\/lektor\/piotr-cyrwus\/\" target=\"_blank\" rel=\"noopener\">Piotr Cyrwus<\/a>, Dominika Suchecka i&nbsp;ca\u0142a obsada \u2013 to aktorska ekstraklasa. To nie tylko godne zako\u0144czenie serii. To jedno z&nbsp;najmocniejszych s\u0142uchowisk kryminalnych ostatnich lat.<\/p>\n\n\n<div class=\"wp-block-image\">\n<figure class=\"aligncenter size-full\"><img loading=\"lazy\" decoding=\"async\" width=\"300\" height=\"300\" data-attachment-id=\"5718\" data-permalink=\"https:\/\/blogaudioteka.wpcomstaging.com\/top-10-czerwca-w-audiotece-najpopularniejsze-audiobooki-miesiac\/c20fe275-04154dedc47f530a24c0235ceaf23d144de03de273fbcb59e7862fddf17ca084\" data-orig-file=\"https:\/\/blogaudioteka.wpcomstaging.com\/wp-content\/uploads\/c20fe275-04154dedc47f530a24c0235ceaf23d144de03de273fbcb59e7862fddf17ca084.avif\" data-orig-size=\"300,300\" data-comments-opened=\"0\" data-image-meta=\"{&quot;aperture&quot;:&quot;0&quot;,&quot;credit&quot;:&quot;&quot;,&quot;camera&quot;:&quot;&quot;,&quot;caption&quot;:&quot;&quot;,&quot;created_timestamp&quot;:&quot;0&quot;,&quot;copyright&quot;:&quot;&quot;,&quot;focal_length&quot;:&quot;0&quot;,&quot;iso&quot;:&quot;0&quot;,&quot;shutter_speed&quot;:&quot;0&quot;,&quot;title&quot;:&quot;&quot;,&quot;orientation&quot;:&quot;0&quot;}\" data-image-title=\"c20fe275-04154dedc47f530a24c0235ceaf23d144de03de273fbcb59e7862fddf17ca084\" data-image-description=\"\" data-image-caption=\"\" data-large-file=\"https:\/\/blogaudioteka.wpcomstaging.com\/wp-content\/uploads\/c20fe275-04154dedc47f530a24c0235ceaf23d144de03de273fbcb59e7862fddf17ca084.avif\" src=\"https:\/\/blogaudioteka.wpcomstaging.com\/wp-content\/uploads\/c20fe275-04154dedc47f530a24c0235ceaf23d144de03de273fbcb59e7862fddf17ca084.avif\" alt=\"\" class=\"wp-image-5718\" srcset=\"https:\/\/blogaudioteka.wpcomstaging.com\/wp-content\/uploads\/c20fe275-04154dedc47f530a24c0235ceaf23d144de03de273fbcb59e7862fddf17ca084.avif 300w, https:\/\/blogaudioteka.wpcomstaging.com\/wp-content\/uploads\/c20fe275-04154dedc47f530a24c0235ceaf23d144de03de273fbcb59e7862fddf17ca084-150x150.avif 150w, https:\/\/blogaudioteka.wpcomstaging.com\/wp-content\/uploads\/c20fe275-04154dedc47f530a24c0235ceaf23d144de03de273fbcb59e7862fddf17ca084-200x200.avif 200w, https:\/\/blogaudioteka.wpcomstaging.com\/wp-content\/uploads\/c20fe275-04154dedc47f530a24c0235ceaf23d144de03de273fbcb59e7862fddf17ca084-148x148.avif 148w, https:\/\/blogaudioteka.wpcomstaging.com\/wp-content\/uploads\/c20fe275-04154dedc47f530a24c0235ceaf23d144de03de273fbcb59e7862fddf17ca084-296x296.avif 296w\" sizes=\"auto, (max-width: 300px) 100vw, 300px\" \/><\/figure>\n<\/div>\n\n\n<p class=\"wp-block-paragraph\"><strong>\ud83c\udfa7Pos\u0142uchaj:<\/strong> <a href=\"https:\/\/audioteka.com\/pl\/cykl\/szacki-czesc-3-gniew-audioserial\/\" target=\"_blank\" rel=\"noopener\">Szacki. Cz\u0119\u015b\u0107 3: Gniew. Audioserial &#8211; cykl audiobook\u00f3w | Audioteka<\/a><\/p>\n\n\n\n<p class=\"wp-block-paragraph\"><strong>Co pisz\u0105 nasi s\u0142uchacze? <\/strong><\/p>\n\n\n\n<ul class=\"wp-block-list\">\n<li><em>\u201eZosta\u0142y mi tylko trzy odcinki do ko\u0144ca, a&nbsp;ja ju\u017c si\u0119 martwi\u0119 co dalej. Wszystko super \u2013 opowie\u015b\u0107, g\u0142osy, po prostu wszystko.\u201d<\/em><\/li>\n\n\n\n<li><em>\u201eOlsztyn i&nbsp;wszystko jasne. Szacki\/\u017bebrowski pasuje tu jak ula\u0142. Dzi\u0119kujemy Mi\u0142oszewskiemu i&nbsp;Audiotece za te trzy pi\u0119kne audioseriale.\u201d<\/em><\/li>\n\n\n\n<li><em>\u201eKlimat miejsc i&nbsp;historie bardzo wci\u0105gaj\u0105ce. Czeka\u0142am ka\u017cdego dnia, by znale\u017a\u0107 woln\u0105 chwil\u0119 i&nbsp;wr\u00f3ci\u0107 do \u015bwiata Szackiego.\u201d<\/em><\/li>\n\n\n\n<li><em>\u201eS\u0142ucham trzeciej serii i&nbsp;a\u017c dr\u017c\u0119 na my\u015bl, \u017ce to si\u0119 kiedy\u015b sko\u0144czy\u2026 REWELACJA! Oby wi\u0119cej takich produkcji.\u201d<\/em><\/li>\n\n\n\n<li><em>\u201eM\u00f3j ulubiony tom! To trzeba by\u0142o zrobi\u0107 i&nbsp;zosta\u0142o zrobione bardzo dobrze.\u201d<\/em><\/li>\n\n\n\n<li><em>\u201eMega. Wszystkie trzy s\u0105 \u015bwietnie czytane, atmosfera doskonale oddana.\u201d<\/em><\/li>\n\n\n\n<li><em>\u201eHistoria wci\u0105ga od pierwszych minut. Super narracja.\u201d<\/em><\/li>\n\n\n\n<li><em>\u201eREWELACJA!\u201d<\/em><\/li>\n<\/ul>\n\n\n\n<h2 class=\"wp-block-heading\"><span class=\"ez-toc-section\" id=\"7_Szacki_Czesc_2_Ziarno_prawdy_%E2%80%93_audioserial\"><\/span><strong>7. Szacki. Cz\u0119\u015b\u0107 2: Ziarno prawdy \u2013 audioserial<\/strong><span class=\"ez-toc-section-end\"><\/span><\/h2>\n\n\n\n<p class=\"has-text-align-justify wp-block-paragraph\">Sandomierz \u2013 cichy, malowniczy, pe\u0142en legend. Ale gdy na jednym z&nbsp;miejskich skwer\u00f3w znalezione zostaje cia\u0142o kobiety upozowanej na ofiar\u0119 rytualnego mordu, ten spok\u00f3j p\u0119ka jak szyba pod napi\u0119ciem. Prokurator Teodor Szacki w\u0142a\u015bnie rozpoczyna tu nowe \u017cycie, ale zamiast sielanki trafia na spraw\u0119, kt\u00f3ra wyci\u0105ga z&nbsp;lokalnej historii najciemniejsze cienie. \u201eZiarno prawdy\u201d to druga cz\u0119\u015b\u0107 znakomitego cyklu <a href=\"https:\/\/audioteka.com\/pl\/autor\/zygmunt-miloszewski\/\" target=\"_blank\" rel=\"noopener\">Zygmunta Mi\u0142oszewskiego<\/a> \u2013 historia o&nbsp;uprzedzeniach, nieufno\u015bci i&nbsp;pytaniu, kt\u00f3re nie przestaje by\u0107 aktualne: czy naprawd\u0119 wiemy, z&nbsp;kim \u017cyjemy? Micha\u0142 \u017bebrowski jako Szacki, Karolina Gorczyca w&nbsp;roli narratorki oraz znakomita obsada (m.in. <a href=\"https:\/\/audioteka.com\/pl\/lektor\/cezary-zak\/\" target=\"_blank\" rel=\"noopener\">Cezary \u017bak<\/a>, <a href=\"https:\/\/audioteka.com\/pl\/lektor\/krzysztof-czeczot\/\" target=\"_blank\" rel=\"noopener\">Krzysztof Czeczot<\/a>, <a href=\"https:\/\/audioteka.com\/pl\/lektor\/paulina-galazka\/\" target=\"_blank\" rel=\"noopener\">Paulina Ga\u0142\u0105zka<\/a>) tworz\u0105 pe\u0142nokrwiste s\u0142uchowisko, kt\u00f3re zachwyca klimatem, tempem i&nbsp;jako\u015bci\u0105 produkcji. <\/p>\n\n\n<div class=\"wp-block-image\">\n<figure class=\"aligncenter size-full\"><img loading=\"lazy\" decoding=\"async\" width=\"300\" height=\"300\" data-attachment-id=\"5722\" data-permalink=\"https:\/\/blogaudioteka.wpcomstaging.com\/top-10-czerwca-w-audiotece-najpopularniejsze-audiobooki-miesiac\/c20fe275-6ef86d3020994f67e3acf57a377500c187e7440b13d3d7921af617e52f14b68f-1-2\" data-orig-file=\"https:\/\/blogaudioteka.wpcomstaging.com\/wp-content\/uploads\/c20fe275-6ef86d3020994f67e3acf57a377500c187e7440b13d3d7921af617e52f14b68f-1-1.avif\" data-orig-size=\"300,300\" data-comments-opened=\"0\" data-image-meta=\"{&quot;aperture&quot;:&quot;0&quot;,&quot;credit&quot;:&quot;&quot;,&quot;camera&quot;:&quot;&quot;,&quot;caption&quot;:&quot;&quot;,&quot;created_timestamp&quot;:&quot;0&quot;,&quot;copyright&quot;:&quot;&quot;,&quot;focal_length&quot;:&quot;0&quot;,&quot;iso&quot;:&quot;0&quot;,&quot;shutter_speed&quot;:&quot;0&quot;,&quot;title&quot;:&quot;&quot;,&quot;orientation&quot;:&quot;0&quot;}\" data-image-title=\"c20fe275-6ef86d3020994f67e3acf57a377500c187e7440b13d3d7921af617e52f14b68f (1)\" data-image-description=\"\" data-image-caption=\"\" data-large-file=\"https:\/\/blogaudioteka.wpcomstaging.com\/wp-content\/uploads\/c20fe275-6ef86d3020994f67e3acf57a377500c187e7440b13d3d7921af617e52f14b68f-1-1.avif\" src=\"https:\/\/blogaudioteka.wpcomstaging.com\/wp-content\/uploads\/c20fe275-6ef86d3020994f67e3acf57a377500c187e7440b13d3d7921af617e52f14b68f-1-1.avif\" alt=\"\" class=\"wp-image-5722\" srcset=\"https:\/\/blogaudioteka.wpcomstaging.com\/wp-content\/uploads\/c20fe275-6ef86d3020994f67e3acf57a377500c187e7440b13d3d7921af617e52f14b68f-1-1.avif 300w, https:\/\/blogaudioteka.wpcomstaging.com\/wp-content\/uploads\/c20fe275-6ef86d3020994f67e3acf57a377500c187e7440b13d3d7921af617e52f14b68f-1-1-150x150.avif 150w, https:\/\/blogaudioteka.wpcomstaging.com\/wp-content\/uploads\/c20fe275-6ef86d3020994f67e3acf57a377500c187e7440b13d3d7921af617e52f14b68f-1-1-200x200.avif 200w, https:\/\/blogaudioteka.wpcomstaging.com\/wp-content\/uploads\/c20fe275-6ef86d3020994f67e3acf57a377500c187e7440b13d3d7921af617e52f14b68f-1-1-148x148.avif 148w, https:\/\/blogaudioteka.wpcomstaging.com\/wp-content\/uploads\/c20fe275-6ef86d3020994f67e3acf57a377500c187e7440b13d3d7921af617e52f14b68f-1-1-296x296.avif 296w\" sizes=\"auto, (max-width: 300px) 100vw, 300px\" \/><\/figure>\n<\/div>\n\n\n<p class=\"wp-block-paragraph\"><strong>\ud83c\udfa7Pos\u0142uchaj: <a href=\"https:\/\/audioteka.com\/pl\/cykl\/szacki-czesc-2-ziarno-prawdy-audioserial\/\" target=\"_blank\" rel=\"noopener\">Szacki. Cz\u0119\u015b\u0107 2: Ziarno prawdy. Audioserial &#8211; cykl audiobook\u00f3w | Audioteka<\/a><\/strong><\/p>\n\n\n\n<p class=\"wp-block-paragraph\"><strong>Co pisz\u0105 nasi s\u0142uchacze?<\/strong><\/p>\n\n\n\n<ul class=\"wp-block-list\">\n<li><em>\u201eWspania\u0142a ksi\u0105\u017cka i&nbsp;wspaniale zagrana przez wybitnych aktor\u00f3w i&nbsp;oczywi\u015bcie wspania\u0142\u0105 narratork\u0119 Karolin\u0119 Gorczyc\u0119. \u015awietny klimat, polecam!\u201d<\/em><\/li>\n\n\n\n<li><em>\u201ePani Karolina Gorczyca \u2013 fenomenalna w&nbsp;roli narratora. \u015awietna produkcja.\u201d<\/em><\/li>\n\n\n\n<li><em>\u201eZdecydowanie lepsza produkcja ni\u017c pierwsza cz\u0119\u015b\u0107. Polecam!\u201d<\/em><\/li>\n\n\n\n<li><em>\u201eJedno z&nbsp;najlepszych s\u0142uchowisk. To jest mega dobre!\u201d<\/em><\/li>\n\n\n\n<li><em>\u201eWspania\u0142a obsada! Hanna \u015aleszy\u0144ska \u2013 cudowna. Paulina Ga\u0142\u0105zka \u2013 gratuluj\u0119 rozwoju i&nbsp;wsp\u00f3\u0142pracy z&nbsp;takim zespo\u0142em.\u201d<\/em><\/li>\n\n\n\n<li><em>\u201eCzekam na kolejn\u0105 cz\u0119\u015b\u0107. Jak dla mnie super: fabu\u0142a, aktorzy, no po prostu super.\u201d<\/em><\/li>\n<\/ul>\n\n\n\n<h2 class=\"wp-block-heading\"><span class=\"ez-toc-section\" id=\"8_Kasprowy_%E2%80%93_Remigiusz_Mroz\"><\/span><strong>8. Kasprowy \u2013 Remigiusz Mr\u00f3z<\/strong><span class=\"ez-toc-section-end\"><\/span><\/h2>\n\n\n\n<p class=\"has-text-align-justify wp-block-paragraph\">Tatry. Sezon w&nbsp;pe\u0142ni, kolejka do Kasprowego jak zwykle d\u0142uga, a&nbsp;napi\u0119cie \u2013 ro\u015bnie z&nbsp;ka\u017cd\u0105 minut\u0105. Nikt nie spodziewa si\u0119, \u017ce lada chwila dojdzie do zamachu, kt\u00f3ry na zawsze odmieni \u017cycie bohater\u00f3w. \u201eKasprowy\u201d to kolejna cz\u0119\u015b\u0107 bestsellerowej <em><a href=\"https:\/\/audioteka.com\/pl\/cykl\/komisarz-forst\/\" target=\"_blank\" rel=\"noopener\">serii o&nbsp;komisarzu Wiktorze For\u015bcie<\/a><\/em>, kt\u00f3ry tym razem staje przed wyzwaniem wi\u0119kszym ni\u017c kiedykolwiek wcze\u015bniej \u2013 zagro\u017cenie z&nbsp;przesz\u0142o\u015bci si\u0119ga tera\u017aniejszo\u015bci i&nbsp;nie daje o&nbsp;sobie zapomnie\u0107. Akcja rozgrywa si\u0119 dwutorowo: w&nbsp;2022 roku Forst i&nbsp;Dominika pr\u00f3buj\u0105 rozpocz\u0105\u0107 nowe, spokojne \u017cycie w&nbsp;Krakowie, a&nbsp;ona anga\u017cuje si\u0119 w&nbsp;\u015bledztwo dotycz\u0105ce masowego grobu. Trzy lata p\u00f3\u017aniej ich przesz\u0142o\u015b\u0107 wraca z&nbsp;si\u0142\u0105 burzy, kt\u00f3ra przelewa si\u0119 nad Zakopanem. <\/p>\n\n\n<div class=\"wp-block-image\">\n<figure class=\"aligncenter size-full\"><img loading=\"lazy\" decoding=\"async\" width=\"300\" height=\"300\" data-attachment-id=\"5725\" data-permalink=\"https:\/\/blogaudioteka.wpcomstaging.com\/top-10-czerwca-w-audiotece-najpopularniejsze-audiobooki-miesiac\/kasprowy\" data-orig-file=\"https:\/\/blogaudioteka.wpcomstaging.com\/wp-content\/uploads\/kasprowy.avif\" data-orig-size=\"300,300\" data-comments-opened=\"0\" data-image-meta=\"{&quot;aperture&quot;:&quot;0&quot;,&quot;credit&quot;:&quot;&quot;,&quot;camera&quot;:&quot;&quot;,&quot;caption&quot;:&quot;&quot;,&quot;created_timestamp&quot;:&quot;0&quot;,&quot;copyright&quot;:&quot;&quot;,&quot;focal_length&quot;:&quot;0&quot;,&quot;iso&quot;:&quot;0&quot;,&quot;shutter_speed&quot;:&quot;0&quot;,&quot;title&quot;:&quot;&quot;,&quot;orientation&quot;:&quot;0&quot;}\" data-image-title=\"kasprowy\" data-image-description=\"\" data-image-caption=\"\" data-large-file=\"https:\/\/blogaudioteka.wpcomstaging.com\/wp-content\/uploads\/kasprowy.avif\" src=\"https:\/\/blogaudioteka.wpcomstaging.com\/wp-content\/uploads\/kasprowy.avif\" alt=\"\" class=\"wp-image-5725\" srcset=\"https:\/\/blogaudioteka.wpcomstaging.com\/wp-content\/uploads\/kasprowy.avif 300w, https:\/\/blogaudioteka.wpcomstaging.com\/wp-content\/uploads\/kasprowy-150x150.avif 150w, https:\/\/blogaudioteka.wpcomstaging.com\/wp-content\/uploads\/kasprowy-200x200.avif 200w, https:\/\/blogaudioteka.wpcomstaging.com\/wp-content\/uploads\/kasprowy-148x148.avif 148w, https:\/\/blogaudioteka.wpcomstaging.com\/wp-content\/uploads\/kasprowy-296x296.avif 296w\" sizes=\"auto, (max-width: 300px) 100vw, 300px\" \/><\/figure>\n<\/div>\n\n\n<p class=\"wp-block-paragraph\"><strong>\ud83c\udfa7Pos\u0142uchaj: <a href=\"https:\/\/audioteka.com\/pl\/audiobook\/kasprowy\/\" target=\"_blank\" rel=\"noopener\">Kasprowy &#8211; Audiobook &#8211; Remigiusz Mr\u00f3z &#8211; Wydawnictwo Filia | Audioteka<\/a><\/strong><\/p>\n\n\n\n<p class=\"wp-block-paragraph\"><strong>Co pisz\u0105 nasi s\u0142uchacze?<\/strong><\/p>\n\n\n\n<ul class=\"wp-block-list\">\n<li><em>\u201eZ\u0142apa\u0142 mnie w&nbsp;swoje sid\u0142a opowie\u015bci\u0105 o&nbsp;Tatrach, kt\u00f3rej bohaterami s\u0105 nasi ulubie\u0144cy: Forst, Osica i&nbsp;Z\u0142y Cz\u0142owiek.\u201d<\/em><\/li>\n\n\n\n<li><em>\u201eLektura porwa\u0142a mnie bez reszty, czerpi\u0105c przyjemno\u015b\u0107 z&nbsp;ka\u017cdej minuty. To jedna z&nbsp;tych ksi\u0105\u017cek, za kt\u00f3rymi si\u0119 t\u0119skni.\u201d<\/em><\/li>\n\n\n\n<li><em>\u201eCiekawie prowadzona narracja \u2013 przeskoki w&nbsp;czasie i&nbsp;precyzyjnie oznaczone daty pomagaj\u0105 zrozumie\u0107 przebieg wydarze\u0144.\u201d<\/em><\/li>\n\n\n\n<li><em>\u201eZnowu mog\u0142am znale\u017a\u0107 si\u0119 w&nbsp;kochanych Taterkach \u2013 Autor RM uwi\u00f3d\u0142 mnie zaskakuj\u0105c\u0105 fabu\u0142\u0105 i&nbsp;szlachetno\u015bci\u0105 postaci.\u201d<\/em><\/li>\n\n\n\n<li><em>\u201ePan Krzysztof Goszty\u0142a swoim kunsztem przy\u0107miewa wszystkich scenarzyst\u00f3w i&nbsp;re\u017cyser\u00f3w. To lepsze ni\u017c ekranizacja.\u201d<\/em><\/li>\n\n\n\n<li><em>\u201ePo obejrzeniu serialu by\u0142em sceptyczny, ale audiobooki to zupe\u0142nie inna liga. Forst uzale\u017cnia!\u201d<\/em><\/li>\n\n\n\n<li><em>\u201eWidz\u0119 tu sporo z&nbsp;Larssona \u2013 Mr\u00f3z idzie nawet krok dalej. Fantazja \u2018tego z\u0142ego\u2019 naprawd\u0119 zbija z&nbsp;n\u00f3g.\u201d<\/em><\/li>\n<\/ul>\n\n\n\n<h2 class=\"wp-block-heading\"><span class=\"ez-toc-section\" id=\"9_Rota_%E2%80%93_Grzegorz_Brudnik\"><\/span><strong>9. Rota \u2013 Grzegorz Brudnik<\/strong><span class=\"ez-toc-section-end\"><\/span><\/h2>\n\n\n\n<p class=\"wp-block-paragraph\">Zima. Beskid \u015al\u0105ski. Cisza przed burz\u0105, kt\u00f3ra nadchodzi z&nbsp;ka\u017cdym p\u0142atkiem \u015bniegu. W&nbsp;\u201eRocie\u201d \u2013 pierwszym miejsko-g\u00f3rskim kryminale noir autorstwa Grzegorza Brudnika \u2013 tajemnice osnute mg\u0142\u0105 s\u0105 g\u0119stsze ni\u017c \u015bnie\u017cyca nad Szyndzielni\u0105. Gdy w&nbsp;wagoniku kolejki linowej gin\u0105 dwie osoby, a&nbsp;kolejne \u015bledztwo prowadzi do p\u0142on\u0105cego co roku ko\u015bcio\u0142a na zboczu Kotarza, inspektor Katarzyna \u0141ezka i&nbsp;podkomisarz Micha\u0142 Gazda musz\u0105 rozsup\u0142a\u0107 zagadk\u0119, kt\u00f3rej nitki prowadz\u0105 w&nbsp;przesz\u0142o\u015b\u0107\u2026 i&nbsp;wprost w&nbsp;ciemno\u015b\u0107.<\/p>\n\n\n\n<p class=\"wp-block-paragraph\">To duszna, niepokoj\u0105ca opowie\u015b\u0107 o&nbsp;winie, milczeniu i&nbsp;sprawiedliwo\u015bci, kt\u00f3ra mo\u017ce nadej\u015b\u0107 w&nbsp;najbardziej nieoczekiwanej formie. \u0141ezka i&nbsp;Gazda \u2013 duet z&nbsp;charakterem \u2013 nie tylko mierz\u0105 si\u0119 z&nbsp;trudn\u0105 spraw\u0105, ale te\u017c z&nbsp;w\u0142asnymi demonami. A&nbsp;czas ucieka \u2013 bo morderca nie zamierza czeka\u0107, a\u017c g\u00f3ry si\u0119 roztopi\u0105.<\/p>\n\n\n\n<p class=\"wp-block-paragraph\">\u201eRota\u201d to nowy rozdzia\u0142 w&nbsp;dorobku Brudnika \u2013 mocna fabu\u0142a, malarskie opisy Beskid\u00f3w i&nbsp;precyzyjnie skonstruowane napi\u0119cie. W&nbsp;roli lektora: niepodrabialny Mariusz Bonaszewski \u2013 jego interpretacja to prawdziwa uczta dla fan\u00f3w polskiego krymina\u0142u audio.<\/p>\n\n\n<div class=\"wp-block-image\">\n<figure class=\"aligncenter size-full\"><img loading=\"lazy\" decoding=\"async\" width=\"300\" height=\"300\" data-attachment-id=\"5729\" data-permalink=\"https:\/\/blogaudioteka.wpcomstaging.com\/top-10-czerwca-w-audiotece-najpopularniejsze-audiobooki-miesiac\/rota-original-2\" data-orig-file=\"https:\/\/blogaudioteka.wpcomstaging.com\/wp-content\/uploads\/rota-original-2.avif\" data-orig-size=\"300,300\" data-comments-opened=\"0\" data-image-meta=\"{&quot;aperture&quot;:&quot;0&quot;,&quot;credit&quot;:&quot;&quot;,&quot;camera&quot;:&quot;&quot;,&quot;caption&quot;:&quot;&quot;,&quot;created_timestamp&quot;:&quot;0&quot;,&quot;copyright&quot;:&quot;&quot;,&quot;focal_length&quot;:&quot;0&quot;,&quot;iso&quot;:&quot;0&quot;,&quot;shutter_speed&quot;:&quot;0&quot;,&quot;title&quot;:&quot;&quot;,&quot;orientation&quot;:&quot;0&quot;}\" data-image-title=\"rota-original\" data-image-description=\"\" data-image-caption=\"\" data-large-file=\"https:\/\/blogaudioteka.wpcomstaging.com\/wp-content\/uploads\/rota-original-2.avif\" src=\"https:\/\/blogaudioteka.wpcomstaging.com\/wp-content\/uploads\/rota-original-2.avif\" alt=\"\" class=\"wp-image-5729\" srcset=\"https:\/\/blogaudioteka.wpcomstaging.com\/wp-content\/uploads\/rota-original-2.avif 300w, https:\/\/blogaudioteka.wpcomstaging.com\/wp-content\/uploads\/rota-original-2-150x150.avif 150w, https:\/\/blogaudioteka.wpcomstaging.com\/wp-content\/uploads\/rota-original-2-200x200.avif 200w, https:\/\/blogaudioteka.wpcomstaging.com\/wp-content\/uploads\/rota-original-2-148x148.avif 148w, https:\/\/blogaudioteka.wpcomstaging.com\/wp-content\/uploads\/rota-original-2-296x296.avif 296w\" sizes=\"auto, (max-width: 300px) 100vw, 300px\" \/><\/figure>\n<\/div>\n\n\n<p class=\"wp-block-paragraph\"><strong>\ud83c\udfa7Pos\u0142uchaj: <a href=\"https:\/\/audioteka.com\/pl\/audiobook\/rota\/\" target=\"_blank\" rel=\"noopener\">Rota &#8211; Audiobook &#8211; Grzegorz Brudnik &#8211; Wydawnictwo Filia | Audioteka<\/a><\/strong><\/p>\n\n\n\n<p class=\"wp-block-paragraph\"><strong>Co pisz\u0105 nasi s\u0142uchacze?<\/strong><\/p>\n\n\n\n<ul class=\"wp-block-list\">\n<li><em>\u201e5\/5 i&nbsp;nic doda\u0107, nic uj\u0105\u0107. Cho\u0107 brakuje Lichego, \u0141ezka i&nbsp;Gazda tworz\u0105 godny poznania duet. Zako\u0144czenie wzmaga apetyt na kolejn\u0105 cz\u0119\u015b\u0107!\u201d<\/em><\/li>\n\n\n\n<li><em>\u201eWychodzi na to, \u017ce\u015b Pan jest najlepszym polskim pisarzem. Ale Lichego wci\u0105\u017c czekam! Kolejna znakomita ksi\u0105\u017cka!\u201d<\/em><\/li>\n\n\n\n<li><em>\u201e\u0141agodne przej\u015bcie z&nbsp;serii z&nbsp;Lichym do nowej \u2013 i&nbsp;zn\u00f3w 5\/5. Czekamy z&nbsp;niecierpliwo\u015bci\u0105 na kolejne ods\u0142ony.\u201d<\/em><\/li>\n\n\n\n<li><em>\u201eSztos! D\u0142ugo czeka\u0142em na krymina\u0142, kt\u00f3ry wyskoczy ponad \u2018regularny poziom\u2019. Lepsza ni\u017c seria z&nbsp;Lichym \u2013 brawo!\u201d<\/em><\/li>\n\n\n\n<li><em>\u201eKsi\u0105\u017cki Brudnika s\u0105 niesamowite \u2013 i&nbsp;ten klimat! Bonaszewski to absolutna klasa.\u201d<\/em><\/li>\n\n\n\n<li><em>\u201ePo serii z&nbsp;Lichym i&nbsp;Cyr\u0105 brakowa\u0142o czego\u015b takiego. \u0141ezka i&nbsp;Gazda to co\u015b pi\u0119knego. Wszystko si\u0119 zgadza \u2013 fabu\u0142a, postaci i&nbsp;zako\u0144czenie.\u201d<\/em><\/li>\n\n\n\n<li><em>\u201eFantastyczny krymina\u0142, kt\u00f3rego wys\u0142ucha\u0142am w&nbsp;jeden dzie\u0144. \u0141ezka i&nbsp;Gazda pasuj\u0105 do siebie jak ula\u0142.\u201d<\/em><\/li>\n<\/ul>\n\n\n\n<h2 class=\"wp-block-heading\"><span class=\"ez-toc-section\" id=\"10_Jestem_Czarna_%E2%80%93_audioserial\"><\/span><strong>10. Jestem Czarna \u2013 audioserial<\/strong><span class=\"ez-toc-section-end\"><\/span><\/h2>\n\n\n\n<p class=\"has-text-align-justify wp-block-paragraph\">Luksus, podcast i&nbsp;wielka gra o&nbsp;w\u0142asne \u201eja\u201d. W&nbsp;audioserialu <em>\u201eJestem Czarna\u201d<\/em> poznajemy osiemnastoletni\u0105 Noeli\u0119 Czarneck\u0105, kt\u00f3ra postanawia opowiedzie\u0107 swoj\u0105 histori\u0119 \u2013 dok\u0142adnie tak, jak chce. Zak\u0142ada podcast, nagrywa wszystko i&nbsp;nikogo o&nbsp;tym nie informuje. W&nbsp;\u015bwiecie, gdzie lajki i&nbsp;wy\u015bwietlenia s\u0105 walut\u0105, Czarna idzie po swoje. A&nbsp;\u017ce przekracza granice? Tak, ale kto dzi\u015b ich nie przekracza? \u015awietny scenariusz <a href=\"https:\/\/audioteka.com\/pl\/autor\/dawid-kornaga\/\" target=\"_blank\" rel=\"noopener\">Dawida Kornagi<\/a> i&nbsp;re\u017cyseria Aleksandra Pietrzaka tworz\u0105 produkcj\u0119, kt\u00f3ra przypomina po\u0142\u0105czenie serialu <em>Euforia<\/em>, m\u0142odzie\u017cowych dramat\u00f3w Cobena i&nbsp;stylowej opowie\u015bci o&nbsp;pokoleniu TikToka. W&nbsp;rolach g\u0142\u00f3wnych Matylda Gawe\u0142, Ma\u0142gorzata Socha i&nbsp;Jacek Borcuch \u2013 obsada jak z&nbsp;najlepszych streamingowych produkcji.<\/p>\n\n\n<div class=\"wp-block-image\">\n<figure class=\"aligncenter size-full\"><img loading=\"lazy\" decoding=\"async\" width=\"300\" height=\"300\" data-attachment-id=\"5731\" data-permalink=\"https:\/\/blogaudioteka.wpcomstaging.com\/top-10-czerwca-w-audiotece-najpopularniejsze-audiobooki-miesiac\/c20fe275-0503acd0e07572e95e25ec03056bc97d81a64478058b410afdfd30aee2c0836b-2\" data-orig-file=\"https:\/\/blogaudioteka.wpcomstaging.com\/wp-content\/uploads\/c20fe275-0503acd0e07572e95e25ec03056bc97d81a64478058b410afdfd30aee2c0836b-1.avif\" data-orig-size=\"300,300\" data-comments-opened=\"0\" data-image-meta=\"{&quot;aperture&quot;:&quot;0&quot;,&quot;credit&quot;:&quot;&quot;,&quot;camera&quot;:&quot;&quot;,&quot;caption&quot;:&quot;&quot;,&quot;created_timestamp&quot;:&quot;0&quot;,&quot;copyright&quot;:&quot;&quot;,&quot;focal_length&quot;:&quot;0&quot;,&quot;iso&quot;:&quot;0&quot;,&quot;shutter_speed&quot;:&quot;0&quot;,&quot;title&quot;:&quot;&quot;,&quot;orientation&quot;:&quot;0&quot;}\" data-image-title=\"c20fe275-0503acd0e07572e95e25ec03056bc97d81a64478058b410afdfd30aee2c0836b\" data-image-description=\"\" data-image-caption=\"\" data-large-file=\"https:\/\/blogaudioteka.wpcomstaging.com\/wp-content\/uploads\/c20fe275-0503acd0e07572e95e25ec03056bc97d81a64478058b410afdfd30aee2c0836b-1.avif\" src=\"https:\/\/blogaudioteka.wpcomstaging.com\/wp-content\/uploads\/c20fe275-0503acd0e07572e95e25ec03056bc97d81a64478058b410afdfd30aee2c0836b-1.avif\" alt=\"\" class=\"wp-image-5731\" srcset=\"https:\/\/blogaudioteka.wpcomstaging.com\/wp-content\/uploads\/c20fe275-0503acd0e07572e95e25ec03056bc97d81a64478058b410afdfd30aee2c0836b-1.avif 300w, https:\/\/blogaudioteka.wpcomstaging.com\/wp-content\/uploads\/c20fe275-0503acd0e07572e95e25ec03056bc97d81a64478058b410afdfd30aee2c0836b-1-150x150.avif 150w, https:\/\/blogaudioteka.wpcomstaging.com\/wp-content\/uploads\/c20fe275-0503acd0e07572e95e25ec03056bc97d81a64478058b410afdfd30aee2c0836b-1-200x200.avif 200w, https:\/\/blogaudioteka.wpcomstaging.com\/wp-content\/uploads\/c20fe275-0503acd0e07572e95e25ec03056bc97d81a64478058b410afdfd30aee2c0836b-1-148x148.avif 148w, https:\/\/blogaudioteka.wpcomstaging.com\/wp-content\/uploads\/c20fe275-0503acd0e07572e95e25ec03056bc97d81a64478058b410afdfd30aee2c0836b-1-296x296.avif 296w\" sizes=\"auto, (max-width: 300px) 100vw, 300px\" \/><\/figure>\n<\/div>\n\n\n<p class=\"wp-block-paragraph\"><strong>\ud83c\udfa7Pos\u0142uchaj: <a href=\"https:\/\/audioteka.com\/pl\/cykl\/jestem-czarna-audioserial\/\" target=\"_blank\" rel=\"noopener\">Jestem Czarna. Audioserial &#8211; cykl audiobook\u00f3w | Audioteka<\/a><\/strong><\/p>\n\n\n\n<p class=\"wp-block-paragraph\"><strong>Co pisz\u0105 nasi s\u0142uchacze?<\/strong><\/p>\n\n\n\n<ul class=\"wp-block-list\">\n<li><em>\u201eCo\u015b, co przypomina najlepsze hollywoodzkie produkcje dla m\u0142odzie\u017cy i&nbsp;doros\u0142ych \u2013 co\u015b mi\u0119dzy Harlanem Cobenem a&nbsp;Miley Cyrus.\u201d<\/em><\/li>\n\n\n\n<li><em>\u201eWow! Ale to jest \u015bwie\u017ce!\u201d<\/em><\/li>\n\n\n\n<li><em>\u201eNie zawsze pochwalam wybory bohater\u00f3w, ale produkcja jest \u015bwietnie zrobiona, historia ciekawa. Fajne do pos\u0142uchania.\u201d<\/em><\/li>\n\n\n\n<li><em>\u201eDefinitywnie co\u015b innego.\u201d<\/em><\/li>\n\n\n\n<li><em>\u201eSpoko m\u0142odzie\u017c\u00f3wka.\u201d<\/em><\/li>\n\n\n\n<li><em>\u201e\u015awie\u017ce! Gosia Socha \u2013 co za kobieta! \u2764\ufe0f\u201d<\/em><\/li>\n\n\n\n<li><em>\u201eSuper \ud83d\udca5\u201d<\/em><\/li>\n\n\n\n<li><em>\u201eDobre to!\u201d<\/em><\/li>\n<\/ul>\n\n\n\n<figure class=\"wp-block-pullquote\"><blockquote><p>\ud83d\udc49Sprawd\u017a te\u017c: <a href=\"https:\/\/audioteka.com\/pl\/blog\/top-10-maja-w-audiotece-najpopularniejsze-audiobooki-miesiaca\" target=\"_blank\" rel=\"noopener\">TOP 10 maja w&nbsp;Audiotece \u2013 najpopularniejsze audiobooki miesi\u0105ca<\/a><\/p><\/blockquote><\/figure>\n\n\n\n<figure class=\"wp-block-image size-full\"><a href=\"https:\/\/klub.audioteka.com\/\" target=\"_blank\" rel=\"noopener\"><img data-recalc-dims=\"1\" loading=\"lazy\" decoding=\"async\" width=\"768\" height=\"216\" data-attachment-id=\"5532\" data-permalink=\"https:\/\/blogaudioteka.wpcomstaging.com\/nowosci-tygodnia-w-audiotece-top-15-07-07-13-07\/banner_2_v1-2\" data-orig-file=\"https:\/\/i0.wp.com\/blogaudioteka.wpcomstaging.com\/wp-content\/uploads\/banner_2_v1.png?fit=768%2C216&amp;ssl=1\" data-orig-size=\"768,216\" data-comments-opened=\"0\" data-image-meta=\"{&quot;aperture&quot;:&quot;0&quot;,&quot;credit&quot;:&quot;&quot;,&quot;camera&quot;:&quot;&quot;,&quot;caption&quot;:&quot;&quot;,&quot;created_timestamp&quot;:&quot;0&quot;,&quot;copyright&quot;:&quot;&quot;,&quot;focal_length&quot;:&quot;0&quot;,&quot;iso&quot;:&quot;0&quot;,&quot;shutter_speed&quot;:&quot;0&quot;,&quot;title&quot;:&quot;&quot;,&quot;orientation&quot;:&quot;0&quot;}\" data-image-title=\"banner_2_v1\" data-image-description=\"\" data-image-caption=\"\" data-large-file=\"https:\/\/i0.wp.com\/blogaudioteka.wpcomstaging.com\/wp-content\/uploads\/banner_2_v1.png?fit=768%2C216&amp;ssl=1\" src=\"https:\/\/i0.wp.com\/blogaudioteka.wpcomstaging.com\/wp-content\/uploads\/banner_2_v1.png?resize=768%2C216&#038;ssl=1\" alt=\"\" class=\"wp-image-5532\" srcset=\"https:\/\/i0.wp.com\/blogaudioteka.wpcomstaging.com\/wp-content\/uploads\/banner_2_v1.png?w=768&amp;ssl=1 768w, https:\/\/i0.wp.com\/blogaudioteka.wpcomstaging.com\/wp-content\/uploads\/banner_2_v1.png?resize=300%2C84&amp;ssl=1 300w, https:\/\/i0.wp.com\/blogaudioteka.wpcomstaging.com\/wp-content\/uploads\/banner_2_v1.png?resize=512%2C144&amp;ssl=1 512w\" sizes=\"auto, (max-width: 768px) 100vw, 768px\" \/><\/a><\/figure>\n","protected":false},"excerpt":{"rendered":"Czerwiec up\u0142yn\u0105\u0142 pod znakiem mocnych historii, zaskakuj\u0105cych premier i&nbsp;powrot\u00f3w ulubionych bohater\u00f3w. Na li\u015bcie najch\u0119tniej s\u0142uchanych audiobook\u00f3w w&nbsp;Audiotece znalaz\u0142y&hellip;","protected":false},"author":264736300,"featured_media":5696,"comment_status":"closed","ping_status":"closed","sticky":false,"template":"","format":"standard","meta":{"_crdt_document":"","csco_display_header_overlay":false,"csco_singular_sidebar":"","csco_page_header_type":"","_jetpack_memberships_contains_paid_content":false,"footnotes":""},"categories":[14931,14933],"tags":[],"class_list":{"0":"post-5695","1":"post","2":"type-post","3":"status-publish","4":"format-standard","5":"has-post-thumbnail","7":"category-aktualnosci","8":"category-newsy","9":"cs-entry"},"jetpack_featured_media_url":"https:\/\/i0.wp.com\/blogaudioteka.wpcomstaging.com\/wp-content\/uploads\/BLOG-OKLADKA.png?fit=1920%2C1280&ssl=1","jetpack_sharing_enabled":true,"_links":{"self":[{"href":"https:\/\/blogaudioteka.wpcomstaging.com\/wp-json\/wp\/v2\/posts\/5695","targetHints":{"allow":["GET"]}}],"collection":[{"href":"https:\/\/blogaudioteka.wpcomstaging.com\/wp-json\/wp\/v2\/posts"}],"about":[{"href":"https:\/\/blogaudioteka.wpcomstaging.com\/wp-json\/wp\/v2\/types\/post"}],"author":[{"embeddable":true,"href":"https:\/\/blogaudioteka.wpcomstaging.com\/wp-json\/wp\/v2\/users\/264736300"}],"replies":[{"embeddable":true,"href":"https:\/\/blogaudioteka.wpcomstaging.com\/wp-json\/wp\/v2\/comments?post=5695"}],"version-history":[{"count":33,"href":"https:\/\/blogaudioteka.wpcomstaging.com\/wp-json\/wp\/v2\/posts\/5695\/revisions"}],"predecessor-version":[{"id":5741,"href":"https:\/\/blogaudioteka.wpcomstaging.com\/wp-json\/wp\/v2\/posts\/5695\/revisions\/5741"}],"wp:featuredmedia":[{"embeddable":true,"href":"https:\/\/blogaudioteka.wpcomstaging.com\/wp-json\/wp\/v2\/media\/5696"}],"wp:attachment":[{"href":"https:\/\/blogaudioteka.wpcomstaging.com\/wp-json\/wp\/v2\/media?parent=5695"}],"wp:term":[{"taxonomy":"category","embeddable":true,"href":"https:\/\/blogaudioteka.wpcomstaging.com\/wp-json\/wp\/v2\/categories?post=5695"},{"taxonomy":"post_tag","embeddable":true,"href":"https:\/\/blogaudioteka.wpcomstaging.com\/wp-json\/wp\/v2\/tags?post=5695"}],"curies":[{"name":"wp","href":"https:\/\/api.w.org\/{rel}","templated":true}]}}