{"id":5506,"date":"2025-07-11T14:25:00","date_gmt":"2025-07-11T12:25:00","guid":{"rendered":"https:\/\/blogaudioteka.wpcomstaging.com\/?p=5506"},"modified":"2025-07-11T14:25:03","modified_gmt":"2025-07-11T12:25:03","slug":"nowosci-tygodnia-w-audiotece-top-15-07-07-13-07","status":"publish","type":"post","link":"https:\/\/blogaudioteka.wpcomstaging.com\/nowosci-tygodnia-w-audiotece-top-15-07-07-13-07","title":{"rendered":"Nowo\u015bci tygodnia w Audiotece \u2013 TOP 15 [07.07 \u2013 13.07]"},"content":{"rendered":"\n<p class=\"has-text-align-justify wp-block-paragraph\"><strong>Gotowi na nowe literackie emocje? Bo lipiec dopiero si\u0119 rozkr\u0119ca! Nowe audiobooki w&nbsp;Audiotece przynosz\u0105 moc przyg\u00f3d, tajemnic i&nbsp;niezapomnianych historii, kt\u00f3re zabior\u0105 Ci\u0119 do zupe\u0142nie innych \u015bwiat\u00f3w. Co czeka Ci\u0119 w&nbsp;tym tygodniu? Thrillery, kt\u00f3re nie pozwol\u0105 Ci zasn\u0105\u0107, powie\u015bci, kt\u00f3re wzrusz\u0105 Ci\u0119 do \u0142ez, a&nbsp;tak\u017ce opowie\u015bci, kt\u00f3re wywr\u00f3c\u0105 Twoje spojrzenie na rzeczywisto\u015b\u0107. Koniec z&nbsp;nud\u0105 \u2013 nowe tytu\u0142y czekaj\u0105 na Ciebie, gotowe, by\u015b da\u0142 si\u0119 im porwa\u0107! Sprawd\u017a nasze TOP 15 audiobook\u00f3w na 7-13 lipca i&nbsp;do\u0142\u0105cz do literackiej podr\u00f3\u017cy, kt\u00f3ra zostanie z&nbsp;Tob\u0105 na d\u0142ugo.<\/strong><\/p>\n\n\n\n<div id=\"ez-toc-container\" class=\"ez-toc-v2_0_82_2 counter-hierarchy ez-toc-counter ez-toc-grey ez-toc-container-direction\">\n<div class=\"ez-toc-title-container\"><span class=\"ez-toc-title\" style=\"cursor:inherit\">Spis tre\u015bci<\/span>\n<\/div><nav><ul class='ez-toc-list ez-toc-list-level-1 ' ><li class='ez-toc-page-1 ez-toc-heading-level-2'><a class=\"ez-toc-link ez-toc-heading-1\" href=\"https:\/\/blogaudioteka.wpcomstaging.com\/nowosci-tygodnia-w-audiotece-top-15-07-07-13-07\/#1_Wampirze_elity_Audioserial_%E2%80%93_Audioteka\" >1. Wampirze elity. Audioserial \u2013 Audioteka<\/a><\/li><li class='ez-toc-page-1 ez-toc-heading-level-2'><a class=\"ez-toc-link ez-toc-heading-2\" href=\"https:\/\/blogaudioteka.wpcomstaging.com\/nowosci-tygodnia-w-audiotece-top-15-07-07-13-07\/#2_Prosta_metoda_jak_skutecznie_kontrolowac_alkohol_%E2%80%93_Allen_Carr\" >2. Prosta metoda jak skutecznie kontrolowa\u0107 alkohol \u2013 Allen Carr<\/a><\/li><li class='ez-toc-page-1 ez-toc-heading-level-2'><a class=\"ez-toc-link ez-toc-heading-3\" href=\"https:\/\/blogaudioteka.wpcomstaging.com\/nowosci-tygodnia-w-audiotece-top-15-07-07-13-07\/#3_Harde_Bestie_%E2%80%93_Aleksandra_Janusz_Aneta_Jadowska_Magdalena_Kubasiewicz_zespol_autorow\" >3. Harde Bestie \u2013 Aleksandra Janusz, Aneta Jadowska, Magdalena Kubasiewicz (zesp\u00f3\u0142 autor\u00f3w)<\/a><\/li><li class='ez-toc-page-1 ez-toc-heading-level-2'><a class=\"ez-toc-link ez-toc-heading-4\" href=\"https:\/\/blogaudioteka.wpcomstaging.com\/nowosci-tygodnia-w-audiotece-top-15-07-07-13-07\/#4_Klamstwo_bladej_twarzy_%E2%80%93_David_Crow\" >4. K\u0142amstwo bladej twarzy \u2013 David Crow<\/a><\/li><li class='ez-toc-page-1 ez-toc-heading-level-2'><a class=\"ez-toc-link ez-toc-heading-5\" href=\"https:\/\/blogaudioteka.wpcomstaging.com\/nowosci-tygodnia-w-audiotece-top-15-07-07-13-07\/#5_Lodowata_noc_%E2%80%93_Kamilla_Oresvard\" >5. Lodowata noc \u2013 Kamilla Oresv\u00e4rd<\/a><\/li><li class='ez-toc-page-1 ez-toc-heading-level-2'><a class=\"ez-toc-link ez-toc-heading-6\" href=\"https:\/\/blogaudioteka.wpcomstaging.com\/nowosci-tygodnia-w-audiotece-top-15-07-07-13-07\/#6_Noc_w_bibliotece_%E2%80%93_Agatha_Christie\" >6. Noc w&nbsp;bibliotece \u2013 Agatha Christie<\/a><\/li><li class='ez-toc-page-1 ez-toc-heading-level-2'><a class=\"ez-toc-link ez-toc-heading-7\" href=\"https:\/\/blogaudioteka.wpcomstaging.com\/nowosci-tygodnia-w-audiotece-top-15-07-07-13-07\/#7_Skauting_dla_chlopcow_%E2%80%93_Robert_Baden-Powell\" >7. Skauting dla ch\u0142opc\u00f3w \u2013 Robert Baden-Powell<\/a><\/li><li class='ez-toc-page-1 ez-toc-heading-level-2'><a class=\"ez-toc-link ez-toc-heading-8\" href=\"https:\/\/blogaudioteka.wpcomstaging.com\/nowosci-tygodnia-w-audiotece-top-15-07-07-13-07\/#8_Do_perfekcji_%E2%80%93_Vincenzo_Latronico\" >8. Do perfekcji \u2013 Vincenzo Latronico<\/a><\/li><li class='ez-toc-page-1 ez-toc-heading-level-2'><a class=\"ez-toc-link ez-toc-heading-9\" href=\"https:\/\/blogaudioteka.wpcomstaging.com\/nowosci-tygodnia-w-audiotece-top-15-07-07-13-07\/#9_Ostatni_nielegal_%E2%80%93_Robert_Foks\" >9. Ostatni nielega\u0142 \u2013 Robert Foks<\/a><\/li><li class='ez-toc-page-1 ez-toc-heading-level-2'><a class=\"ez-toc-link ez-toc-heading-10\" href=\"https:\/\/blogaudioteka.wpcomstaging.com\/nowosci-tygodnia-w-audiotece-top-15-07-07-13-07\/#10_Szosty_etap_zaloby_%E2%80%93_David_Kessler\" >10. Sz\u00f3sty etap \u017ca\u0142oby \u2013 David Kessler<\/a><\/li><li class='ez-toc-page-1 ez-toc-heading-level-2'><a class=\"ez-toc-link ez-toc-heading-11\" href=\"https:\/\/blogaudioteka.wpcomstaging.com\/nowosci-tygodnia-w-audiotece-top-15-07-07-13-07\/#11_Najwyzsza_wygrana_Komisarz_Oczko_Tom_24_%E2%80%93_Tomasz_Wandzel\" >11. Najwy\u017csza wygrana. Komisarz Oczko. Tom 24 \u2013 Tomasz Wandzel<\/a><\/li><li class='ez-toc-page-1 ez-toc-heading-level-2'><a class=\"ez-toc-link ez-toc-heading-12\" href=\"https:\/\/blogaudioteka.wpcomstaging.com\/nowosci-tygodnia-w-audiotece-top-15-07-07-13-07\/#12_Dlaczego_kobiety_uprawiaja_ogrody_%E2%80%93_Alice_Vincent\" >12. Dlaczego kobiety uprawiaj\u0105 ogrody \u2013 Alice Vincent<\/a><\/li><li class='ez-toc-page-1 ez-toc-heading-level-2'><a class=\"ez-toc-link ez-toc-heading-13\" href=\"https:\/\/blogaudioteka.wpcomstaging.com\/nowosci-tygodnia-w-audiotece-top-15-07-07-13-07\/#13_Cylinder_van_Troffa_%E2%80%93_Janusz_A_Zajdel\" >13. Cylinder van Troffa \u2013 Janusz A. Zajdel<\/a><\/li><li class='ez-toc-page-1 ez-toc-heading-level-2'><a class=\"ez-toc-link ez-toc-heading-14\" href=\"https:\/\/blogaudioteka.wpcomstaging.com\/nowosci-tygodnia-w-audiotece-top-15-07-07-13-07\/#14_Kapturek_musi_zginac_%E2%80%93_AK_Benedict\" >14. Kapturek musi zgin\u0105\u0107 \u2013 A.K. Benedict<\/a><\/li><li class='ez-toc-page-1 ez-toc-heading-level-2'><a class=\"ez-toc-link ez-toc-heading-15\" href=\"https:\/\/blogaudioteka.wpcomstaging.com\/nowosci-tygodnia-w-audiotece-top-15-07-07-13-07\/#15_Plan_emerytalny_%E2%80%93_Sue_Hincenbergs\" >15. Plan emerytalny \u2013 Sue Hincenbergs<\/a><\/li><\/ul><\/nav><\/div>\n<h2 class=\"wp-block-heading\"><span class=\"ez-toc-section\" id=\"1_Wampirze_elity_Audioserial_%E2%80%93_Audioteka\"><\/span>1. Wampirze elity. Audioserial \u2013 Audioteka<span class=\"ez-toc-section-end\"><\/span><\/h2>\n\n\n\n<p class=\"wp-block-paragraph\">\ud83c\udfa7 <a href=\"https:\/\/audioteka.com\/pl\/cykl\/wampirze-elity-audioserial\/\" target=\"_blank\" rel=\"noopener\"><em>S\u0142uchaj audioserialu \u201eWampirze Elity\u201d w&nbsp;Audiotece \u2013 i&nbsp;odkryj, co naprawd\u0119 kryje si\u0119 w&nbsp;cieniu w\u0142adzy.<\/em><\/a><\/p>\n\n\n<div class=\"wp-block-image\">\n<figure class=\"aligncenter size-full\"><img loading=\"lazy\" decoding=\"async\" width=\"300\" height=\"300\" data-attachment-id=\"5508\" data-permalink=\"https:\/\/blogaudioteka.wpcomstaging.com\/nowosci-tygodnia-w-audiotece-top-15-07-07-13-07\/c20fe275-79dfc0cf43924956925e4664f99af8a7897c4d9d26924cbe58e1abf66de9282b\" data-orig-file=\"https:\/\/blogaudioteka.wpcomstaging.com\/wp-content\/uploads\/c20fe275-79dfc0cf43924956925e4664f99af8a7897c4d9d26924cbe58e1abf66de9282b.avif\" data-orig-size=\"300,300\" data-comments-opened=\"0\" data-image-meta=\"{&quot;aperture&quot;:&quot;0&quot;,&quot;credit&quot;:&quot;&quot;,&quot;camera&quot;:&quot;&quot;,&quot;caption&quot;:&quot;&quot;,&quot;created_timestamp&quot;:&quot;0&quot;,&quot;copyright&quot;:&quot;&quot;,&quot;focal_length&quot;:&quot;0&quot;,&quot;iso&quot;:&quot;0&quot;,&quot;shutter_speed&quot;:&quot;0&quot;,&quot;title&quot;:&quot;&quot;,&quot;orientation&quot;:&quot;0&quot;}\" data-image-title=\"c20fe275-79dfc0cf43924956925e4664f99af8a7897c4d9d26924cbe58e1abf66de9282b\" data-image-description=\"\" data-image-caption=\"\" data-large-file=\"https:\/\/blogaudioteka.wpcomstaging.com\/wp-content\/uploads\/c20fe275-79dfc0cf43924956925e4664f99af8a7897c4d9d26924cbe58e1abf66de9282b.avif\" src=\"https:\/\/blogaudioteka.wpcomstaging.com\/wp-content\/uploads\/c20fe275-79dfc0cf43924956925e4664f99af8a7897c4d9d26924cbe58e1abf66de9282b.avif\" alt=\"\" class=\"wp-image-5508\" srcset=\"https:\/\/blogaudioteka.wpcomstaging.com\/wp-content\/uploads\/c20fe275-79dfc0cf43924956925e4664f99af8a7897c4d9d26924cbe58e1abf66de9282b.avif 300w, https:\/\/blogaudioteka.wpcomstaging.com\/wp-content\/uploads\/c20fe275-79dfc0cf43924956925e4664f99af8a7897c4d9d26924cbe58e1abf66de9282b-150x150.avif 150w, https:\/\/blogaudioteka.wpcomstaging.com\/wp-content\/uploads\/c20fe275-79dfc0cf43924956925e4664f99af8a7897c4d9d26924cbe58e1abf66de9282b-200x200.avif 200w, https:\/\/blogaudioteka.wpcomstaging.com\/wp-content\/uploads\/c20fe275-79dfc0cf43924956925e4664f99af8a7897c4d9d26924cbe58e1abf66de9282b-148x148.avif 148w, https:\/\/blogaudioteka.wpcomstaging.com\/wp-content\/uploads\/c20fe275-79dfc0cf43924956925e4664f99af8a7897c4d9d26924cbe58e1abf66de9282b-296x296.avif 296w\" sizes=\"auto, (max-width: 300px) 100vw, 300px\" \/><\/figure>\n<\/div>\n\n\n<p class=\"has-text-align-justify wp-block-paragraph\">Nowy <strong>audioserial<\/strong> \u201e<strong>Wampirze elity<\/strong>\u201d wci\u0105ga nas w&nbsp;mroczny \u015bwiat <strong>politycznych intryg<\/strong>, <strong>wampirzych rodzin<\/strong> i&nbsp;<strong>zdrad<\/strong>, kt\u00f3re zmieniaj\u0105 \u017cycie bohater\u00f3w. W&nbsp;pierwszym odcinku poznajemy <strong>Komisarza Trockiego<\/strong>, kt\u00f3ry zostaje wci\u0105gni\u0119ty w&nbsp;<strong>\u015blepy zau\u0142ek \u015bledztwa<\/strong> po tajemniczym <strong>znikni\u0119ciu syna magnata<\/strong>. Z&nbsp;ka\u017cd\u0105 minut\u0105 dochodzi do <strong>zaskakuj\u0105cych odkry\u0107<\/strong>, kt\u00f3re wywracaj\u0105 dotychczasow\u0105 rzeczywisto\u015b\u0107, a&nbsp;Warszawa staje si\u0119 aren\u0105 <strong>wampirzych gier<\/strong> i&nbsp;<strong>krwawych rozgrywek<\/strong>.<\/p>\n\n\n\n<p class=\"has-text-align-justify wp-block-paragraph\">Pocz\u0105tek intryguj\u0105cej serii \u0142\u0105cz\u0105cej <strong>kryminaln\u0105 zagadk\u0119<\/strong>, <strong>polityczne t\u0142o<\/strong> oraz <strong>wampirze tajemnice<\/strong>, kt\u00f3re sprawi\u0105, \u017ce nie b\u0119dziesz m\u00f3g\u0142 oderwa\u0107 si\u0119 od s\u0142uchania. Z&nbsp;odcinka na odcinek napi\u0119cie ro\u015bnie, a&nbsp;<a href=\"https:\/\/audioteka.com\/pl\/lektor\/michal-zurawski\/\" target=\"_blank\" rel=\"noopener\"><strong>Micha\u0142 \u017burawski<\/strong><\/a>, <a href=\"https:\/\/audioteka.com\/pl\/lektor\/andrzej-grabowski\/\" target=\"_blank\" rel=\"noopener\"><strong>Andrzej Grabowski<\/strong><\/a><strong>, <\/strong><a href=\"https:\/\/audioteka.com\/pl\/lektor\/maria-kowalska\/\" target=\"_blank\" rel=\"noopener\"><strong>Maria Kowalska<\/strong><\/a> oraz inni lektorzy wprowadzaj\u0105 s\u0142uchaczy w&nbsp;pe\u0142en <strong>emocji<\/strong> i&nbsp;<strong>zagadek \u015bwiat<\/strong>.<\/p>\n\n\n\n<figure class=\"wp-block-embed is-type-video is-provider-youtube wp-block-embed-youtube wp-embed-aspect-16-9 wp-has-aspect-ratio\"><div class=\"wp-block-embed__wrapper\">\n<span class=\"embed-youtube\" style=\"text-align:center; display: block;\"><iframe loading=\"lazy\" class=\"youtube-player\" width=\"1200\" height=\"675\" src=\"https:\/\/www.youtube.com\/embed\/GeFr-2s96RE?version=3&#038;rel=1&#038;showsearch=0&#038;showinfo=1&#038;iv_load_policy=1&#038;fs=1&#038;hl=pl-PL&#038;autohide=2&#038;wmode=transparent\" allowfullscreen=\"true\" style=\"border:0;\" sandbox=\"allow-scripts allow-same-origin allow-popups allow-presentation allow-popups-to-escape-sandbox\"><\/iframe><\/span>\n<\/div><\/figure>\n\n\n\n<h2 class=\"wp-block-heading\"><span class=\"ez-toc-section\" id=\"2_Prosta_metoda_jak_skutecznie_kontrolowac_alkohol_%E2%80%93_Allen_Carr\"><\/span>2. Prosta metoda jak skutecznie kontrolowa\u0107 alkohol \u2013 Allen Carr<span class=\"ez-toc-section-end\"><\/span><\/h2>\n\n\n\n<p class=\"wp-block-paragraph\">\ud83c\udfa7 <a href=\"https:\/\/audioteka.com\/pl\/audiobook\/prosta-metoda-jak-skutecznie-kontrolowac-alkohol\/\" target=\"_blank\" rel=\"noopener\"><em>S\u0142uchaj \u201eProstej metody\u201d w&nbsp;Audiotece \u2013 i&nbsp;zmie\u0144 swoje \u017cycie na lepsze, bez poczucia po\u015bwi\u0119cenia!<\/em><\/a><\/p>\n\n\n<div class=\"wp-block-image\">\n<figure class=\"aligncenter size-full\"><img loading=\"lazy\" decoding=\"async\" width=\"300\" height=\"300\" data-attachment-id=\"5510\" data-permalink=\"https:\/\/blogaudioteka.wpcomstaging.com\/nowosci-tygodnia-w-audiotece-top-15-07-07-13-07\/prosta-metoda-jak-skutecznie-kontrolowac-alkohol-original\" data-orig-file=\"https:\/\/blogaudioteka.wpcomstaging.com\/wp-content\/uploads\/prosta-metoda-jak-skutecznie-kontrolowac-alkohol-original.avif\" data-orig-size=\"300,300\" data-comments-opened=\"0\" data-image-meta=\"{&quot;aperture&quot;:&quot;0&quot;,&quot;credit&quot;:&quot;&quot;,&quot;camera&quot;:&quot;&quot;,&quot;caption&quot;:&quot;&quot;,&quot;created_timestamp&quot;:&quot;0&quot;,&quot;copyright&quot;:&quot;&quot;,&quot;focal_length&quot;:&quot;0&quot;,&quot;iso&quot;:&quot;0&quot;,&quot;shutter_speed&quot;:&quot;0&quot;,&quot;title&quot;:&quot;&quot;,&quot;orientation&quot;:&quot;0&quot;}\" data-image-title=\"prosta-metoda-jak-skutecznie-kontrolowac-alkohol-original\" data-image-description=\"\" data-image-caption=\"\" data-large-file=\"https:\/\/blogaudioteka.wpcomstaging.com\/wp-content\/uploads\/prosta-metoda-jak-skutecznie-kontrolowac-alkohol-original.avif\" src=\"https:\/\/blogaudioteka.wpcomstaging.com\/wp-content\/uploads\/prosta-metoda-jak-skutecznie-kontrolowac-alkohol-original.avif\" alt=\"\" class=\"wp-image-5510\" srcset=\"https:\/\/blogaudioteka.wpcomstaging.com\/wp-content\/uploads\/prosta-metoda-jak-skutecznie-kontrolowac-alkohol-original.avif 300w, https:\/\/blogaudioteka.wpcomstaging.com\/wp-content\/uploads\/prosta-metoda-jak-skutecznie-kontrolowac-alkohol-original-150x150.avif 150w, https:\/\/blogaudioteka.wpcomstaging.com\/wp-content\/uploads\/prosta-metoda-jak-skutecznie-kontrolowac-alkohol-original-200x200.avif 200w, https:\/\/blogaudioteka.wpcomstaging.com\/wp-content\/uploads\/prosta-metoda-jak-skutecznie-kontrolowac-alkohol-original-148x148.avif 148w, https:\/\/blogaudioteka.wpcomstaging.com\/wp-content\/uploads\/prosta-metoda-jak-skutecznie-kontrolowac-alkohol-original-296x296.avif 296w\" sizes=\"auto, (max-width: 300px) 100vw, 300px\" \/><\/figure>\n<\/div>\n\n\n<p class=\"has-text-align-justify wp-block-paragraph\"><strong>Skuteczna pomoc w&nbsp;walce z&nbsp;alkoholizmem \u2013 bez poczucia straty, po\u015bwi\u0119cenia i&nbsp;uzale\u017cnienia.<\/strong><\/p>\n\n\n\n<p class=\"has-text-align-justify wp-block-paragraph\">\u201e<strong>Prosta metoda jak skutecznie kontrolowa\u0107 alkohol<\/strong>\u201d to prze\u0142omowa ksi\u0105\u017cka <a href=\"https:\/\/audioteka.com\/pl\/autor\/allen-carr\/\" target=\"_blank\" rel=\"noopener\"><strong>Allena Carra<\/strong><\/a>, kt\u00f3ra pomo\u017ce Ci <strong>wyrwa\u0107 si\u0119 z&nbsp;alkoholowej pu\u0142apki<\/strong> i&nbsp;<strong>odzyska\u0107 kontrol\u0119<\/strong> nad swoim \u017cyciem. Dzi\u0119ki tej <a href=\"https:\/\/audioteka.com\/pl\/cykl\/metoda-easyway\/\" target=\"_blank\" rel=\"noopener\"><strong>metodzie Easyway<\/strong><\/a>, znanej na ca\u0142ym \u015bwiecie, Allen Carr krok po kroku wyja\u015bnia mechanizmy uzale\u017cnienia, obala mity o&nbsp;alkoholu oraz pokazuje <strong>prost\u0105 drog\u0119<\/strong> do trwa\u0142ej zmiany.<\/p>\n\n\n\n<p class=\"has-text-align-justify wp-block-paragraph\">Audiobook w&nbsp;wykonaniu <strong>Mateusza Drozdy<\/strong> to <strong>praktyczna pomoc<\/strong> dla os\u00f3b, kt\u00f3re czuj\u0105, \u017ce alkohol zaczyna <strong>zbytnio ingerowa\u0107<\/strong> w&nbsp;ich \u017cycie. To tak\u017ce <strong>idealne rozwi\u0105zanie<\/strong> dla zapracowanych os\u00f3b, kt\u00f3re chc\u0105 pos\u0142ucha\u0107 w&nbsp;ka\u017cdej chwili \u2013 w&nbsp;podr\u00f3\u017cy, w&nbsp;samochodzie czy podczas codziennych zaj\u0119\u0107. Ta ksi\u0105\u017cka nie daje uczucia straty, ale motywuje do <strong>pozytywnych zmian<\/strong>, kt\u00f3re wp\u0142ywaj\u0105 na <strong>jako\u015b\u0107 \u017cycia<\/strong>.<\/p>\n\n\n\n<h2 class=\"wp-block-heading\"><span class=\"ez-toc-section\" id=\"3_Harde_Bestie_%E2%80%93_Aleksandra_Janusz_Aneta_Jadowska_Magdalena_Kubasiewicz_zespol_autorow\"><\/span>3. Harde Bestie \u2013 Aleksandra Janusz, Aneta Jadowska, Magdalena Kubasiewicz (zesp\u00f3\u0142 autor\u00f3w)<span class=\"ez-toc-section-end\"><\/span><\/h2>\n\n\n\n<p class=\"wp-block-paragraph\">\ud83c\udfa7 <a href=\"https:\/\/audioteka.com\/pl\/audiobook\/harde-bestie\/\" target=\"_blank\" rel=\"noopener\"><em>S\u0142uchaj \u201eHardych Bestii\u201d w&nbsp;Audiotece \u2013 i&nbsp;odkryj, jak w&nbsp;\u015bwiecie pe\u0142nym magii i&nbsp;niebezpiecze\u0144stw, najwi\u0119ksze bestie to te, kt\u00f3re nosimy w&nbsp;sobie.<\/em><\/a><\/p>\n\n\n<div class=\"wp-block-image\">\n<figure class=\"aligncenter size-full\"><img loading=\"lazy\" decoding=\"async\" width=\"300\" height=\"300\" data-attachment-id=\"5513\" data-permalink=\"https:\/\/blogaudioteka.wpcomstaging.com\/nowosci-tygodnia-w-audiotece-top-15-07-07-13-07\/harde-bestie-okladka\" data-orig-file=\"https:\/\/blogaudioteka.wpcomstaging.com\/wp-content\/uploads\/harde-bestie-okladka.avif\" data-orig-size=\"300,300\" data-comments-opened=\"0\" data-image-meta=\"{&quot;aperture&quot;:&quot;0&quot;,&quot;credit&quot;:&quot;&quot;,&quot;camera&quot;:&quot;&quot;,&quot;caption&quot;:&quot;&quot;,&quot;created_timestamp&quot;:&quot;0&quot;,&quot;copyright&quot;:&quot;&quot;,&quot;focal_length&quot;:&quot;0&quot;,&quot;iso&quot;:&quot;0&quot;,&quot;shutter_speed&quot;:&quot;0&quot;,&quot;title&quot;:&quot;&quot;,&quot;orientation&quot;:&quot;0&quot;}\" data-image-title=\"harde-bestie-okladka\" data-image-description=\"\" data-image-caption=\"\" data-large-file=\"https:\/\/blogaudioteka.wpcomstaging.com\/wp-content\/uploads\/harde-bestie-okladka.avif\" src=\"https:\/\/blogaudioteka.wpcomstaging.com\/wp-content\/uploads\/harde-bestie-okladka.avif\" alt=\"\" class=\"wp-image-5513\" srcset=\"https:\/\/blogaudioteka.wpcomstaging.com\/wp-content\/uploads\/harde-bestie-okladka.avif 300w, https:\/\/blogaudioteka.wpcomstaging.com\/wp-content\/uploads\/harde-bestie-okladka-150x150.avif 150w, https:\/\/blogaudioteka.wpcomstaging.com\/wp-content\/uploads\/harde-bestie-okladka-200x200.avif 200w, https:\/\/blogaudioteka.wpcomstaging.com\/wp-content\/uploads\/harde-bestie-okladka-148x148.avif 148w, https:\/\/blogaudioteka.wpcomstaging.com\/wp-content\/uploads\/harde-bestie-okladka-296x296.avif 296w\" sizes=\"auto, (max-width: 300px) 100vw, 300px\" \/><\/figure>\n<\/div>\n\n\n<p class=\"has-text-align-justify wp-block-paragraph\">\u201e<strong>Harde Bestie<\/strong>\u201d to czw\u00f3rka wyj\u0105tkowych autorek, kt\u00f3re po raz kolejny \u0142\u0105cz\u0105 swoje talenty, by stworzy\u0107 niesamowit\u0105 antologi\u0119. W&nbsp;tej <strong>fantastycznej opowie\u015bci<\/strong> znajdziesz <strong>mroczne<\/strong> i&nbsp;<strong>zaskakuj\u0105ce historie<\/strong> pe\u0142ne <strong>bestii<\/strong>, kt\u00f3re s\u0105 <strong>nie tylko przera\u017caj\u0105ce<\/strong>, ale tak\u017ce dziwnie <strong>ludzkie<\/strong>.<\/p>\n\n\n\n<p class=\"has-text-align-justify wp-block-paragraph\">W\u015br\u00f3d opowiada\u0144 czekaj\u0105 na Ciebie <strong>makabryczne dowcipy<\/strong>, <strong>krwawe tajemnice<\/strong> i&nbsp;<strong>wci\u0105gaj\u0105ce w\u0105tki<\/strong>, kt\u00f3re wci\u0105gn\u0105 Ci\u0119 w&nbsp;\u015bwiat pe\u0142en <strong>istot zrodzonych z&nbsp;\u017cywio\u0142\u00f3w<\/strong>. Poznaj historie, w&nbsp;kt\u00f3rych <strong>rodzinne sekrety<\/strong>, <strong>zbrodnie sprzed lat<\/strong> oraz <strong>niespodziewane spotkania<\/strong> zmieniaj\u0105 \u017cycie bohater\u00f3w, a&nbsp;mroczne si\u0142y maj\u0105 do odegrania swoj\u0105 rol\u0119.<\/p>\n\n\n\n<p class=\"has-text-align-justify wp-block-paragraph\">W audiobooku w&nbsp;doskona\u0142ym wykonaniu <a href=\"https:\/\/audioteka.com\/pl\/lektor\/krzysztof-gosztyla\/\" target=\"_blank\" rel=\"noopener\"><strong>Krzysztofa Goszty\u0142y<\/strong><\/a>, <a href=\"https:\/\/audioteka.com\/pl\/lektor\/vanessa-aleksander\/\" target=\"_blank\" rel=\"noopener\"><strong>Vanessy Aleksander<\/strong><\/a> i&nbsp;innych lektor\u00f3w, przeniesiesz si\u0119 do <strong>\u015bwiat\u00f3w pe\u0142nych magii<\/strong>, kt\u00f3re na d\u0142ugo zostan\u0105 w&nbsp;Twojej pami\u0119ci. Z&nbsp;ka\u017cd\u0105 minut\u0105 akcja nabiera tempa, a&nbsp;<strong>mroczne opowie\u015bci<\/strong> zmuszaj\u0105 do przemy\u015ble\u0144 na temat <strong>przeznaczenia<\/strong>, <strong>grzech\u00f3w<\/strong> i&nbsp;<strong>odkupienia<\/strong>.<\/p>\n\n\n\n<h2 class=\"wp-block-heading\"><span class=\"ez-toc-section\" id=\"4_Klamstwo_bladej_twarzy_%E2%80%93_David_Crow\"><\/span>4. K\u0142amstwo bladej twarzy \u2013 David Crow<span class=\"ez-toc-section-end\"><\/span><\/h2>\n\n\n\n<p class=\"wp-block-paragraph\">\ud83c\udfa7 <a href=\"https:\/\/audioteka.com\/pl\/audiobook\/klamstwo-bladej-twarzy\/\" target=\"_blank\" rel=\"noopener\"><em>S\u0142uchaj \u201eK\u0142amstwa bladej twarzy\u201d w&nbsp;Audiotece \u2013 i&nbsp;odkryj, jak przesz\u0142o\u015b\u0107 mo\u017ce kszta\u0142towa\u0107 przysz\u0142o\u015b\u0107, a&nbsp;zbrodnia staje si\u0119 cz\u0119\u015bci\u0105 naszej to\u017csamo\u015bci.<\/em><\/a><\/p>\n\n\n<div class=\"wp-block-image\">\n<figure class=\"aligncenter size-full\"><img loading=\"lazy\" decoding=\"async\" width=\"300\" height=\"300\" data-attachment-id=\"5514\" data-permalink=\"https:\/\/blogaudioteka.wpcomstaging.com\/nowosci-tygodnia-w-audiotece-top-15-07-07-13-07\/klamstwo-bladej-twarzy-original\" data-orig-file=\"https:\/\/blogaudioteka.wpcomstaging.com\/wp-content\/uploads\/klamstwo-bladej-twarzy-original.avif\" data-orig-size=\"300,300\" data-comments-opened=\"0\" data-image-meta=\"{&quot;aperture&quot;:&quot;0&quot;,&quot;credit&quot;:&quot;&quot;,&quot;camera&quot;:&quot;&quot;,&quot;caption&quot;:&quot;&quot;,&quot;created_timestamp&quot;:&quot;0&quot;,&quot;copyright&quot;:&quot;&quot;,&quot;focal_length&quot;:&quot;0&quot;,&quot;iso&quot;:&quot;0&quot;,&quot;shutter_speed&quot;:&quot;0&quot;,&quot;title&quot;:&quot;&quot;,&quot;orientation&quot;:&quot;0&quot;}\" data-image-title=\"klamstwo-bladej-twarzy-original\" data-image-description=\"\" data-image-caption=\"\" data-large-file=\"https:\/\/blogaudioteka.wpcomstaging.com\/wp-content\/uploads\/klamstwo-bladej-twarzy-original.avif\" src=\"https:\/\/blogaudioteka.wpcomstaging.com\/wp-content\/uploads\/klamstwo-bladej-twarzy-original.avif\" alt=\"\" class=\"wp-image-5514\" srcset=\"https:\/\/blogaudioteka.wpcomstaging.com\/wp-content\/uploads\/klamstwo-bladej-twarzy-original.avif 300w, https:\/\/blogaudioteka.wpcomstaging.com\/wp-content\/uploads\/klamstwo-bladej-twarzy-original-150x150.avif 150w, https:\/\/blogaudioteka.wpcomstaging.com\/wp-content\/uploads\/klamstwo-bladej-twarzy-original-200x200.avif 200w, https:\/\/blogaudioteka.wpcomstaging.com\/wp-content\/uploads\/klamstwo-bladej-twarzy-original-148x148.avif 148w, https:\/\/blogaudioteka.wpcomstaging.com\/wp-content\/uploads\/klamstwo-bladej-twarzy-original-296x296.avif 296w\" sizes=\"auto, (max-width: 300px) 100vw, 300px\" \/><\/figure>\n<\/div>\n\n\n<p class=\"has-text-align-justify wp-block-paragraph\">\u201e<strong>K\u0142amstwo bladej twarzy<\/strong>\u201d to <strong>szokuj\u0105ca<\/strong> historia, kt\u00f3ra przenosi nas w&nbsp;\u015bwiat pe\u0142en <strong>przemocy<\/strong>, <strong>manipulacji<\/strong> i&nbsp;<strong>psychologicznych gier<\/strong>. David Crow dorasta\u0142 w&nbsp;<strong>rezerwacie Nawaho<\/strong>, pod opiek\u0105 ojca, kt\u00f3ry by\u0142 jego <strong>idolem<\/strong> i&nbsp;<strong>koszmarem jednocze\u015bnie<\/strong>. <strong>Thurston Crow<\/strong>, charyzmatyczny, by\u0142y wi\u0119zie\u0144, by\u0142 m\u0119\u017cczyzn\u0105, kt\u00f3ry \u017cy\u0142 wed\u0142ug <strong>w\u0142asnych zasad<\/strong> \u2013 bez lito\u015bci, bez skrupu\u0142\u00f3w i&nbsp;bez sumienia. Dla swojego syna mia\u0142 jeden cel: uczyni\u0107 z&nbsp;niego <strong>twardziela<\/strong>, gotowego na wszystko, nawet <strong>zbrodni\u0119<\/strong>.<\/p>\n\n\n\n<p class=\"has-text-align-justify wp-block-paragraph\">Historia Davida, opowiedziana oczami dziecka, kt\u00f3re stopniowo odkrywa, jak jego \u015bwiat jest utkany z&nbsp;<strong>k\u0142amstw<\/strong>, <strong>mrocznych sekret\u00f3w<\/strong> i&nbsp;<strong>manipulacji<\/strong>, zmusza do refleksji na temat <strong>to\u017csamo\u015bci<\/strong> i&nbsp;<strong>przeznaczenia<\/strong>. To <strong>opowie\u015b\u0107 o&nbsp;desperackiej walce o&nbsp;wolno\u015b\u0107<\/strong>, gdy cz\u0142owiek pr\u00f3buje wyrwa\u0107 si\u0119 z&nbsp;okow\u00f3w toksycznej lojalno\u015bci i&nbsp;sta\u0107 si\u0119 tym, kim naprawd\u0119 chce by\u0107.<\/p>\n\n\n\n<p class=\"has-text-align-justify wp-block-paragraph\"><a href=\"https:\/\/audioteka.com\/pl\/lektor\/maciej-kowalik\/\" target=\"_blank\" rel=\"noopener\"><strong>Maciej Kowalik<\/strong><\/a> w&nbsp;roli lektora przekazuje <strong>g\u0142\u0119bi\u0119 emocji<\/strong> tej historii, pe\u0142nej <strong>dramatyzmu<\/strong> i&nbsp;<strong>mocnych prze\u017cy\u0107<\/strong>, co pozwala lepiej poczu\u0107 <strong>ci\u0119\u017car<\/strong> opowiadanych wydarze\u0144.<\/p>\n\n\n\n<h2 class=\"wp-block-heading\"><span class=\"ez-toc-section\" id=\"5_Lodowata_noc_%E2%80%93_Kamilla_Oresvard\"><\/span>5. Lodowata noc \u2013 Kamilla Oresv\u00e4rd<span class=\"ez-toc-section-end\"><\/span><\/h2>\n\n\n\n<p class=\"wp-block-paragraph\">\ud83c\udfa7 <a href=\"https:\/\/audioteka.com\/pl\/audiobook\/lodowata-noc\/\" target=\"_blank\" rel=\"noopener\"><em>S\u0142uchaj \u201eLodowatej nocy\u201d w&nbsp;Audiotece \u2013 i&nbsp;odkryj, co kryje si\u0119 za \u015bcianami ma\u0142ej spo\u0142eczno\u015bci pe\u0142nej mrocznych sekret\u00f3w.<\/em><\/a><\/p>\n\n\n<div class=\"wp-block-image\">\n<figure class=\"aligncenter size-full\"><img loading=\"lazy\" decoding=\"async\" width=\"300\" height=\"300\" data-attachment-id=\"5516\" data-permalink=\"https:\/\/blogaudioteka.wpcomstaging.com\/nowosci-tygodnia-w-audiotece-top-15-07-07-13-07\/lodowata-noc-original\" data-orig-file=\"https:\/\/blogaudioteka.wpcomstaging.com\/wp-content\/uploads\/lodowata-noc-original.avif\" data-orig-size=\"300,300\" data-comments-opened=\"0\" data-image-meta=\"{&quot;aperture&quot;:&quot;0&quot;,&quot;credit&quot;:&quot;&quot;,&quot;camera&quot;:&quot;&quot;,&quot;caption&quot;:&quot;&quot;,&quot;created_timestamp&quot;:&quot;0&quot;,&quot;copyright&quot;:&quot;&quot;,&quot;focal_length&quot;:&quot;0&quot;,&quot;iso&quot;:&quot;0&quot;,&quot;shutter_speed&quot;:&quot;0&quot;,&quot;title&quot;:&quot;&quot;,&quot;orientation&quot;:&quot;0&quot;}\" data-image-title=\"lodowata-noc-original\" data-image-description=\"\" data-image-caption=\"\" data-large-file=\"https:\/\/blogaudioteka.wpcomstaging.com\/wp-content\/uploads\/lodowata-noc-original.avif\" src=\"https:\/\/blogaudioteka.wpcomstaging.com\/wp-content\/uploads\/lodowata-noc-original.avif\" alt=\"\" class=\"wp-image-5516\" srcset=\"https:\/\/blogaudioteka.wpcomstaging.com\/wp-content\/uploads\/lodowata-noc-original.avif 300w, https:\/\/blogaudioteka.wpcomstaging.com\/wp-content\/uploads\/lodowata-noc-original-150x150.avif 150w, https:\/\/blogaudioteka.wpcomstaging.com\/wp-content\/uploads\/lodowata-noc-original-200x200.avif 200w, https:\/\/blogaudioteka.wpcomstaging.com\/wp-content\/uploads\/lodowata-noc-original-148x148.avif 148w, https:\/\/blogaudioteka.wpcomstaging.com\/wp-content\/uploads\/lodowata-noc-original-296x296.avif 296w\" sizes=\"auto, (max-width: 300px) 100vw, 300px\" \/><\/figure>\n<\/div>\n\n\n<p class=\"has-text-align-justify wp-block-paragraph\"><strong>\u201eLodowata noc\u201d<\/strong> to <strong>czwarta cz\u0119\u015b\u0107 <\/strong><a href=\"https:\/\/audioteka.com\/pl\/cykl\/vargoen\/\" target=\"_blank\" rel=\"noopener\"><strong><em>serii<\/em><\/strong><em> o&nbsp;osadzie robotniczej <\/em><strong><em>Varg\u00f6n<\/em><\/strong><\/a>, kt\u00f3ra skrywa <strong>niejedn\u0105 mroczn\u0105 tajemnic\u0119<\/strong>. W&nbsp;1989 roku, w&nbsp;noc \u015awi\u0119tej \u0141ucji, <strong>w\u0119dkarz<\/strong> znajduje w&nbsp;jeziorze Wener cia\u0142o zamordowanej dziewczyny. <strong>Ch\u0142opak z&nbsp;kr\u0119gu jej znajomych<\/strong> zostaje uznany za sprawc\u0119, ale <strong>po 35 latach<\/strong>, sprawa wci\u0105\u017c nie daje spokoju lokalnej spo\u0142eczno\u015bci. M\u0119\u017cczyzna po wyj\u015bciu z&nbsp;wi\u0119zienia wraca do rodzinnych stron, gdzie <strong>nie jest mile widziany<\/strong>, a&nbsp;sama spo\u0142eczno\u015b\u0107 \u017cyje wci\u0105\u017c <strong>w cieniu przesz\u0142o\u015bci<\/strong>.<\/p>\n\n\n\n<p class=\"has-text-align-justify wp-block-paragraph\"><strong>Mona Schiller<\/strong>, przyjaci\u00f3\u0142ka ofiary, postanawia <strong>rozpocz\u0105\u0107 \u015bledztwo<\/strong> na w\u0142asn\u0105 r\u0119k\u0119, odkrywaj\u0105c coraz to nowe w\u0105tki, kt\u00f3re prowadz\u0105 j\u0105 ku niebezpiecznym <strong>sekretom<\/strong>. W&nbsp;miar\u0119 jak zbli\u017ca si\u0119 do <strong>prawdy<\/strong>, nara\u017ca si\u0119 na <strong>coraz wi\u0119ksze ryzyko<\/strong>, nie zdaj\u0105c sobie sprawy, jak daleko b\u0119d\u0105 gotowi si\u0119 posun\u0105\u0107 ci, kt\u00f3rzy chc\u0105 ukry\u0107 prawd\u0119.<\/p>\n\n\n\n<p class=\"has-text-align-justify wp-block-paragraph\">W tej opowie\u015bci <strong>mroczne tajemnice przesz\u0142o\u015bci<\/strong> i&nbsp;<strong>ludzkie dramaty<\/strong> \u0142\u0105cz\u0105 si\u0119 z&nbsp;niebezpiecze\u0144stwem, kt\u00f3re kryje si\u0119 za ka\u017cdym rogiem. <a href=\"https:\/\/audioteka.com\/pl\/autor\/kamilla-oresvaerd\/\" target=\"_blank\" rel=\"noopener\"><strong>Kamilla Oresv\u00e4rd<\/strong><\/a> po mistrzowsku prowadzi nas przez <strong>trzymaj\u0105c\u0105 w&nbsp;napi\u0119ciu<\/strong> fabu\u0142\u0119, pe\u0142n\u0105 <strong>zagadek<\/strong>, <strong>spisk\u00f3w<\/strong> i&nbsp;<strong>emocji<\/strong>.<\/p>\n\n\n\n<h2 class=\"wp-block-heading\"><span class=\"ez-toc-section\" id=\"6_Noc_w_bibliotece_%E2%80%93_Agatha_Christie\"><\/span>6. Noc w&nbsp;bibliotece \u2013 Agatha Christie<span class=\"ez-toc-section-end\"><\/span><\/h2>\n\n\n\n<p class=\"wp-block-paragraph\">\ud83c\udfa7 <a href=\"https:\/\/audioteka.com\/pl\/audiobook\/noc-w-bibliotece-saga-egmont\/\" target=\"_blank\" rel=\"noopener\"><em>S\u0142uchaj \u201eNocy w&nbsp;bibliotece\u201d w&nbsp;Audiotece \u2013 zag\u0142\u0119b si\u0119 w&nbsp;detektywistyczn\u0105 opowie\u015b\u0107, kt\u00f3ra nie pozwoli Ci oderwa\u0107 si\u0119 od s\u0142uchania.<\/em><\/a><\/p>\n\n\n<div class=\"wp-block-image\">\n<figure class=\"aligncenter size-full\"><img loading=\"lazy\" decoding=\"async\" width=\"300\" height=\"300\" data-attachment-id=\"5517\" data-permalink=\"https:\/\/blogaudioteka.wpcomstaging.com\/nowosci-tygodnia-w-audiotece-top-15-07-07-13-07\/noc-w-bibliotece-saga-egmont-original\" data-orig-file=\"https:\/\/blogaudioteka.wpcomstaging.com\/wp-content\/uploads\/noc-w-bibliotece-saga-egmont-original.avif\" data-orig-size=\"300,300\" data-comments-opened=\"0\" data-image-meta=\"{&quot;aperture&quot;:&quot;0&quot;,&quot;credit&quot;:&quot;&quot;,&quot;camera&quot;:&quot;&quot;,&quot;caption&quot;:&quot;&quot;,&quot;created_timestamp&quot;:&quot;0&quot;,&quot;copyright&quot;:&quot;&quot;,&quot;focal_length&quot;:&quot;0&quot;,&quot;iso&quot;:&quot;0&quot;,&quot;shutter_speed&quot;:&quot;0&quot;,&quot;title&quot;:&quot;&quot;,&quot;orientation&quot;:&quot;0&quot;}\" data-image-title=\"noc-w-bibliotece-saga-egmont-original\" data-image-description=\"\" data-image-caption=\"\" data-large-file=\"https:\/\/blogaudioteka.wpcomstaging.com\/wp-content\/uploads\/noc-w-bibliotece-saga-egmont-original.avif\" src=\"https:\/\/blogaudioteka.wpcomstaging.com\/wp-content\/uploads\/noc-w-bibliotece-saga-egmont-original.avif\" alt=\"\" class=\"wp-image-5517\" srcset=\"https:\/\/blogaudioteka.wpcomstaging.com\/wp-content\/uploads\/noc-w-bibliotece-saga-egmont-original.avif 300w, https:\/\/blogaudioteka.wpcomstaging.com\/wp-content\/uploads\/noc-w-bibliotece-saga-egmont-original-150x150.avif 150w, https:\/\/blogaudioteka.wpcomstaging.com\/wp-content\/uploads\/noc-w-bibliotece-saga-egmont-original-200x200.avif 200w, https:\/\/blogaudioteka.wpcomstaging.com\/wp-content\/uploads\/noc-w-bibliotece-saga-egmont-original-148x148.avif 148w, https:\/\/blogaudioteka.wpcomstaging.com\/wp-content\/uploads\/noc-w-bibliotece-saga-egmont-original-296x296.avif 296w\" sizes=\"auto, (max-width: 300px) 100vw, 300px\" \/><\/figure>\n<\/div>\n\n\n<p class=\"wp-block-paragraph\"><strong>Zagadkowa \u015bmier\u0107, intrygi, nieoczekiwane rozwi\u0105zania \u2013 klasyka krymina\u0142u z&nbsp;Pann\u0105 Marple w&nbsp;roli g\u0142\u00f3wnej!<\/strong><\/p>\n\n\n\n<p class=\"has-text-align-justify wp-block-paragraph\">W \u201e<strong>Nocy w&nbsp;bibliotece<\/strong>\u201d <a href=\"https:\/\/audioteka.com\/pl\/autor\/agatha-christie\/\" target=\"_blank\" rel=\"noopener\">Agatha Christie<\/a> przenosi nas w&nbsp;\u015bwiat pe\u0142en zagadek, tajemnic i&nbsp;niepokoj\u0105cych wydarze\u0144. Wszystko zaczyna si\u0119 od <strong>\u015bmierci m\u0142odej dziewczyny<\/strong> w&nbsp;rezydencji Bantrych, a&nbsp;podejrzenie pada na <strong>pu\u0142kownika Bantry<\/strong>. W&nbsp;miar\u0119 jak \u015bledztwo nabiera tempa, odkrywamy mroczne sekrety w\u015br\u00f3d cz\u0142onk\u00f3w <strong>dwie pot\u0119\u017cne rodziny<\/strong>, a&nbsp;kluczow\u0105 rol\u0119 w&nbsp;rozwi\u0105zaniu zagadki odgrywa <a href=\"https:\/\/audioteka.com\/pl\/cykl\/panna-marple-box\/\" target=\"_blank\" rel=\"noopener\"><strong>Panna Marple<\/strong><\/a>, detektywka-amator, kt\u00f3ra nie boi si\u0119 wchodzi\u0107 w&nbsp;miejsca pe\u0142ne k\u0142amstw.<\/p>\n\n\n\n<p class=\"has-text-align-justify wp-block-paragraph\">Dzi\u0119ki interpretacji <strong>Krzysztofa Goszty\u0142y<\/strong>, audiobook przenosi nas w&nbsp;klimatyczny \u015bwiat Christie pe\u0142en <strong>suspensu<\/strong>, <strong>zagubionych trop\u00f3w<\/strong> i&nbsp;<strong>prze\u0142omowych odkry\u0107<\/strong>.<\/p>\n\n\n\n<h2 class=\"wp-block-heading\"><span class=\"ez-toc-section\" id=\"7_Skauting_dla_chlopcow_%E2%80%93_Robert_Baden-Powell\"><\/span>7. Skauting dla ch\u0142opc\u00f3w \u2013 Robert Baden-Powell<span class=\"ez-toc-section-end\"><\/span><\/h2>\n\n\n\n<p class=\"wp-block-paragraph\">\ud83c\udfa7 <a href=\"https:\/\/audioteka.com\/pl\/audiobook\/skauting-dla-chlopcow\/\" target=\"_blank\" rel=\"noopener\"><em>S\u0142uchaj \u201eSkautingu dla ch\u0142opc\u00f3w\u201d w&nbsp;Audiotece \u2013 ksi\u0105\u017cki, kt\u00f3ra inspiruje m\u0142odych ludzi do odkrywania \u015bwiata i&nbsp;pomagania innym, od ponad stu lat!<\/em><\/a><\/p>\n\n\n<div class=\"wp-block-image\">\n<figure class=\"aligncenter size-full\"><img loading=\"lazy\" decoding=\"async\" width=\"300\" height=\"300\" data-attachment-id=\"5518\" data-permalink=\"https:\/\/blogaudioteka.wpcomstaging.com\/nowosci-tygodnia-w-audiotece-top-15-07-07-13-07\/skauting\" data-orig-file=\"https:\/\/blogaudioteka.wpcomstaging.com\/wp-content\/uploads\/skauting.avif\" data-orig-size=\"300,300\" data-comments-opened=\"0\" data-image-meta=\"{&quot;aperture&quot;:&quot;0&quot;,&quot;credit&quot;:&quot;&quot;,&quot;camera&quot;:&quot;&quot;,&quot;caption&quot;:&quot;&quot;,&quot;created_timestamp&quot;:&quot;0&quot;,&quot;copyright&quot;:&quot;&quot;,&quot;focal_length&quot;:&quot;0&quot;,&quot;iso&quot;:&quot;0&quot;,&quot;shutter_speed&quot;:&quot;0&quot;,&quot;title&quot;:&quot;&quot;,&quot;orientation&quot;:&quot;0&quot;}\" data-image-title=\"skauting\" data-image-description=\"\" data-image-caption=\"\" data-large-file=\"https:\/\/blogaudioteka.wpcomstaging.com\/wp-content\/uploads\/skauting.avif\" src=\"https:\/\/blogaudioteka.wpcomstaging.com\/wp-content\/uploads\/skauting.avif\" alt=\"\" class=\"wp-image-5518\" srcset=\"https:\/\/blogaudioteka.wpcomstaging.com\/wp-content\/uploads\/skauting.avif 300w, https:\/\/blogaudioteka.wpcomstaging.com\/wp-content\/uploads\/skauting-150x150.avif 150w, https:\/\/blogaudioteka.wpcomstaging.com\/wp-content\/uploads\/skauting-200x200.avif 200w, https:\/\/blogaudioteka.wpcomstaging.com\/wp-content\/uploads\/skauting-148x148.avif 148w, https:\/\/blogaudioteka.wpcomstaging.com\/wp-content\/uploads\/skauting-296x296.avif 296w\" sizes=\"auto, (max-width: 300px) 100vw, 300px\" \/><\/figure>\n<\/div>\n\n\n<p class=\"wp-block-paragraph\"><strong>Podr\u00f3\u017c do korzeni harcerstwa \u2013 ksi\u0105\u017cka, kt\u00f3ra zmieni\u0142a m\u0142odzie\u017cowy ruch na ca\u0142ym \u015bwiecie!<\/strong><\/p>\n\n\n\n<p class=\"has-text-align-justify wp-block-paragraph\">\u201e<strong>Skauting dla ch\u0142opc\u00f3w<\/strong>\u201d to <strong>nie tylko poradnik<\/strong>, ale tak\u017ce <strong>przewodnik po \u017cyciu<\/strong> pe\u0142nym <strong>odwagi<\/strong>, <strong>pomocy<\/strong> i&nbsp;<strong>odpowiedzialno\u015bci<\/strong>. <strong>Robert Baden-Powell<\/strong>, za\u0142o\u017cyciel harcerstwa, zebra\u0142 swoje do\u015bwiadczenia i&nbsp;przekaza\u0142 je m\u0142odzie\u017cy, ucz\u0105c ich, jak przetrwa\u0107 w&nbsp;trudnych warunkach, jak wsp\u00f3\u0142pracowa\u0107 z&nbsp;innymi oraz jak by\u0107 warto\u015bciowym cz\u0142owiekiem.<\/p>\n\n\n\n<p class=\"has-text-align-justify wp-block-paragraph\">Ksi\u0105\u017cka pe\u0142na <strong>przygodowych historii<\/strong>, <strong>zada\u0144 do wykonania<\/strong> i&nbsp;<strong>mora\u0142\u00f3w<\/strong>, kt\u00f3re zaskakuj\u0105 tak\u017ce dzi\u015b. Mimo up\u0142ywu czasu \u201eSkauting dla ch\u0142opc\u00f3w\u201d pozostaje <strong>\u017ar\u00f3d\u0142em inspiracji<\/strong> i&nbsp;<strong>motywacji<\/strong> do dzia\u0142ania, w&nbsp;tym tak\u017ce dla dzisiejszych harcerzy. Audiobook, z&nbsp;interpretacj\u0105 <strong>Wojciecha Chor\u0105\u017cego<\/strong>, przenosi nas w&nbsp;\u015bwiat <strong>prostych warto\u015bci<\/strong>, <strong>wsp\u00f3lnoty<\/strong> i&nbsp;<strong>przyja\u017ani<\/strong>, kt\u00f3re nadaj\u0105 sens ka\u017cdej przygodzie.<\/p>\n\n\n\n<h2 class=\"wp-block-heading\"><span class=\"ez-toc-section\" id=\"8_Do_perfekcji_%E2%80%93_Vincenzo_Latronico\"><\/span>8. Do perfekcji \u2013 Vincenzo Latronico<span class=\"ez-toc-section-end\"><\/span><\/h2>\n\n\n\n<p class=\"wp-block-paragraph\">\ud83c\udfa7 <a href=\"https:\/\/audioteka.com\/pl\/audiobook\/do-perfekcji\/\" target=\"_blank\" rel=\"noopener\"><em>S\u0142uchaj \u201eDo perfekcji\u201d w&nbsp;Audiotece \u2013 je\u015bli szukasz powie\u015bci, kt\u00f3ra zmusi ci\u0119 do przemy\u015ble\u0144 o&nbsp;wsp\u00f3\u0142czesnym \u015bwiecie.<\/em><\/a><\/p>\n\n\n<div class=\"wp-block-image\">\n<figure class=\"aligncenter size-full\"><img loading=\"lazy\" decoding=\"async\" width=\"300\" height=\"300\" data-attachment-id=\"5520\" data-permalink=\"https:\/\/blogaudioteka.wpcomstaging.com\/nowosci-tygodnia-w-audiotece-top-15-07-07-13-07\/do-perfekcji-original\" data-orig-file=\"https:\/\/blogaudioteka.wpcomstaging.com\/wp-content\/uploads\/do-perfekcji-original.avif\" data-orig-size=\"300,300\" data-comments-opened=\"0\" data-image-meta=\"{&quot;aperture&quot;:&quot;0&quot;,&quot;credit&quot;:&quot;&quot;,&quot;camera&quot;:&quot;&quot;,&quot;caption&quot;:&quot;&quot;,&quot;created_timestamp&quot;:&quot;0&quot;,&quot;copyright&quot;:&quot;&quot;,&quot;focal_length&quot;:&quot;0&quot;,&quot;iso&quot;:&quot;0&quot;,&quot;shutter_speed&quot;:&quot;0&quot;,&quot;title&quot;:&quot;&quot;,&quot;orientation&quot;:&quot;0&quot;}\" data-image-title=\"do-perfekcji-original\" data-image-description=\"\" data-image-caption=\"\" data-large-file=\"https:\/\/blogaudioteka.wpcomstaging.com\/wp-content\/uploads\/do-perfekcji-original.avif\" src=\"https:\/\/blogaudioteka.wpcomstaging.com\/wp-content\/uploads\/do-perfekcji-original.avif\" alt=\"\" class=\"wp-image-5520\" srcset=\"https:\/\/blogaudioteka.wpcomstaging.com\/wp-content\/uploads\/do-perfekcji-original.avif 300w, https:\/\/blogaudioteka.wpcomstaging.com\/wp-content\/uploads\/do-perfekcji-original-150x150.avif 150w, https:\/\/blogaudioteka.wpcomstaging.com\/wp-content\/uploads\/do-perfekcji-original-200x200.avif 200w, https:\/\/blogaudioteka.wpcomstaging.com\/wp-content\/uploads\/do-perfekcji-original-148x148.avif 148w, https:\/\/blogaudioteka.wpcomstaging.com\/wp-content\/uploads\/do-perfekcji-original-296x296.avif 296w\" sizes=\"auto, (max-width: 300px) 100vw, 300px\" \/><\/figure>\n<\/div>\n\n\n<p class=\"has-text-align-justify wp-block-paragraph\">\u201e<strong>Do perfekcji<\/strong>\u201d to powie\u015b\u0107 o&nbsp;marzeniach, aspiracjach i&nbsp;rozczarowaniach wsp\u00f3\u0142czesnych trzydziestolatk\u00f3w, kt\u00f3rzy \u017cyj\u0105 zgodnie z&nbsp;oczekiwaniami spo\u0142ecze\u0144stwa i&nbsp;idea\u0142ami przedstawianymi w&nbsp;mediach spo\u0142eczno\u015bciowych. W&nbsp;centrum historii znajduj\u0105 si\u0119 <strong>Tom<\/strong> i&nbsp;<strong>Anna<\/strong>, para m\u0142odych ludzi, kt\u00f3rzy pragn\u0105 \u017cy\u0107 idealnie \u2013 wed\u0142ug zaplanowanych wzorc\u00f3w. Jednak ich \u017cycie pe\u0142ne <strong>sukces\u00f3w<\/strong>, <strong>przyjaci\u00f3\u0142<\/strong> i&nbsp;<strong>wielkich aspiracji<\/strong> nie jest wcale tak idealne, jak si\u0119 wydaje na pierwszy rzut oka. Ch\u0142odna rzeczywisto\u015b\u0107 obna\u017ca puste warto\u015bci i&nbsp;pog\u0142\u0119bia kryzys to\u017csamo\u015bci bohater\u00f3w.<\/p>\n\n\n\n<p class=\"has-text-align-justify wp-block-paragraph\">W ksi\u0105\u017cce Latronico w&nbsp;mistrzowski spos\u00f3b przedstawia <strong>niepokoj\u0105cy portret pokolenia<\/strong>, kt\u00f3re poddaje si\u0119 trendom i&nbsp;modom, ale nie potrafi odnale\u017a\u0107 prawdziwego sensu. Wnikliwa, prowokuj\u0105ca do refleksji, z&nbsp;odrobin\u0105 cynizmu \u2013 to powie\u015b\u0107, kt\u00f3ra zmusi Ci\u0119 do zastanowienia si\u0119 nad tym, co jest naprawd\u0119 wa\u017cne w&nbsp;\u017cyciu.<\/p>\n\n\n\n<p class=\"has-text-align-justify wp-block-paragraph\">Narracja w&nbsp;wykonaniu <a href=\"https:\/\/audioteka.com\/pl\/lektor\/andrzej-hausner\/\" target=\"_blank\" rel=\"noopener\">Andrzeja Hausnera<\/a> sprawia, \u017ce ksi\u0105\u017cka nabiera <strong>dodatkowego wymiaru<\/strong> i&nbsp;wci\u0105ga od pierwszych minut. Dzie\u0142o to jest doskona\u0142ym przyk\u0142adem literatury wsp\u00f3\u0142czesnej, kt\u00f3ra w&nbsp;satyryczny spos\u00f3b ukazuje <strong>perypetie<\/strong> ludzi, kt\u00f3rzy gubi\u0105 si\u0119 w&nbsp;pogoni za perfekcj\u0105.<\/p>\n\n\n\n<h2 class=\"wp-block-heading\"><span class=\"ez-toc-section\" id=\"9_Ostatni_nielegal_%E2%80%93_Robert_Foks\"><\/span>9. Ostatni nielega\u0142 \u2013 Robert Foks<span class=\"ez-toc-section-end\"><\/span><\/h2>\n\n\n\n<p class=\"wp-block-paragraph\">\ud83c\udfa7 <a href=\"https:\/\/audioteka.com\/pl\/audiobook\/ostatni-nielegal\/\" target=\"_blank\" rel=\"noopener\"><em>S\u0142uchaj \u201eOstatniego nielega\u0142a\u201d w&nbsp;Audiotece \u2013 wci\u0105gaj\u0105ca opowie\u015b\u0107 o&nbsp;politycznych grach i&nbsp;tajemnicach, kt\u00f3re mog\u0105 wp\u0142yn\u0105\u0107 na przysz\u0142o\u015b\u0107.<\/em><\/a><\/p>\n\n\n<div class=\"wp-block-image\">\n<figure class=\"aligncenter size-full\"><img loading=\"lazy\" decoding=\"async\" width=\"300\" height=\"300\" data-attachment-id=\"5521\" data-permalink=\"https:\/\/blogaudioteka.wpcomstaging.com\/nowosci-tygodnia-w-audiotece-top-15-07-07-13-07\/ostatni-nielegal-original\" data-orig-file=\"https:\/\/blogaudioteka.wpcomstaging.com\/wp-content\/uploads\/ostatni-nielegal-original.avif\" data-orig-size=\"300,300\" data-comments-opened=\"0\" data-image-meta=\"{&quot;aperture&quot;:&quot;0&quot;,&quot;credit&quot;:&quot;&quot;,&quot;camera&quot;:&quot;&quot;,&quot;caption&quot;:&quot;&quot;,&quot;created_timestamp&quot;:&quot;0&quot;,&quot;copyright&quot;:&quot;&quot;,&quot;focal_length&quot;:&quot;0&quot;,&quot;iso&quot;:&quot;0&quot;,&quot;shutter_speed&quot;:&quot;0&quot;,&quot;title&quot;:&quot;&quot;,&quot;orientation&quot;:&quot;0&quot;}\" data-image-title=\"ostatni-nielegal-original\" data-image-description=\"\" data-image-caption=\"\" data-large-file=\"https:\/\/blogaudioteka.wpcomstaging.com\/wp-content\/uploads\/ostatni-nielegal-original.avif\" src=\"https:\/\/blogaudioteka.wpcomstaging.com\/wp-content\/uploads\/ostatni-nielegal-original.avif\" alt=\"\" class=\"wp-image-5521\" srcset=\"https:\/\/blogaudioteka.wpcomstaging.com\/wp-content\/uploads\/ostatni-nielegal-original.avif 300w, https:\/\/blogaudioteka.wpcomstaging.com\/wp-content\/uploads\/ostatni-nielegal-original-150x150.avif 150w, https:\/\/blogaudioteka.wpcomstaging.com\/wp-content\/uploads\/ostatni-nielegal-original-200x200.avif 200w, https:\/\/blogaudioteka.wpcomstaging.com\/wp-content\/uploads\/ostatni-nielegal-original-148x148.avif 148w, https:\/\/blogaudioteka.wpcomstaging.com\/wp-content\/uploads\/ostatni-nielegal-original-296x296.avif 296w\" sizes=\"auto, (max-width: 300px) 100vw, 300px\" \/><\/figure>\n<\/div>\n\n\n<p class=\"has-text-align-justify wp-block-paragraph\">\u201e<strong>Ostatni nielega\u0142<\/strong>\u201d to pe\u0142en napi\u0119cia <a href=\"https:\/\/audioteka.com\/pl\/katalog\/thriller\/\" target=\"_blank\" rel=\"noopener\"><strong>thriller kryminalny<\/strong><\/a>, kt\u00f3ry przenosi nas w&nbsp;mroczny \u015bwiat <strong>politycznych intryg<\/strong>, <strong>szpiegostwa<\/strong> i&nbsp;<strong>zbrodni<\/strong>, z&nbsp;czas\u00f3w <strong>komunistycznej Polski<\/strong>. Podkomisarz <strong>Zygmunt Vesely<\/strong> prowadzi \u015bledztwo, kt\u00f3re pocz\u0105tkowo wydaje si\u0119 by\u0107 zwi\u0105zane z&nbsp;banalnym wypadkiem drogowym, jednak szybko przeradza si\u0119 w&nbsp;spraw\u0119 o&nbsp;<strong>mi\u0119dzynarodowym zasi\u0119gu<\/strong>. Motywy zbrodni s\u0105 g\u0142\u0119boko zakorzenione w&nbsp;<strong>dawnej dzia\u0142alno\u015bci S\u0142u\u017cby Bezpiecze\u0144stwa<\/strong>, a&nbsp;<strong>znikni\u0119cie wa\u017cnych dokument\u00f3w<\/strong> prowadzi do rozwoju kolejnych tajemnic.<\/p>\n\n\n\n<p class=\"has-text-align-justify wp-block-paragraph\"><strong>Vesely<\/strong>, pe\u0142en osobistych w\u0105tpliwo\u015bci, staje si\u0119 kluczow\u0105 postaci\u0105 w&nbsp;\u015bciganiu <strong>by\u0142ego szpiega<\/strong>, kt\u00f3ry m\u00f3g\u0142by sprowokowa\u0107 mi\u0119dzynarodowy skandal. Z&nbsp;ka\u017cdym krokiem bohater odkrywa coraz to mroczniejsze aspekty przesz\u0142o\u015bci i&nbsp;wchodzi na <strong>ryzykown\u0105 \u015bcie\u017ck\u0119<\/strong>, gdzie <strong>polityczne i&nbsp;osobiste<\/strong> granice zaczynaj\u0105 si\u0119 zaciera\u0107.<\/p>\n\n\n\n<h2 class=\"wp-block-heading\"><span class=\"ez-toc-section\" id=\"10_Szosty_etap_zaloby_%E2%80%93_David_Kessler\"><\/span>10. Sz\u00f3sty etap \u017ca\u0142oby \u2013 David Kessler<span class=\"ez-toc-section-end\"><\/span><\/h2>\n\n\n\n<p class=\"wp-block-paragraph\">\ud83c\udfa7 <a href=\"https:\/\/audioteka.com\/pl\/audiobook\/szosty-etap-zaloby\/\" target=\"_blank\" rel=\"noopener\"><em>Pos\u0142uchaj \u201eSz\u00f3stego etapu \u017ca\u0142oby\u201d w&nbsp;Audiotece i&nbsp;znajd\u017a spos\u00f3b na poradzenie sobie z&nbsp;najtrudniejszymi stratami w&nbsp;\u017cyciu.<\/em><\/a><\/p>\n\n\n<div class=\"wp-block-image\">\n<figure class=\"aligncenter size-full\"><img loading=\"lazy\" decoding=\"async\" width=\"300\" height=\"300\" data-attachment-id=\"5523\" data-permalink=\"https:\/\/blogaudioteka.wpcomstaging.com\/nowosci-tygodnia-w-audiotece-top-15-07-07-13-07\/szosty-etap-zaloby-original\" data-orig-file=\"https:\/\/blogaudioteka.wpcomstaging.com\/wp-content\/uploads\/szosty-etap-zaloby-original.avif\" data-orig-size=\"300,300\" data-comments-opened=\"0\" data-image-meta=\"{&quot;aperture&quot;:&quot;0&quot;,&quot;credit&quot;:&quot;&quot;,&quot;camera&quot;:&quot;&quot;,&quot;caption&quot;:&quot;&quot;,&quot;created_timestamp&quot;:&quot;0&quot;,&quot;copyright&quot;:&quot;&quot;,&quot;focal_length&quot;:&quot;0&quot;,&quot;iso&quot;:&quot;0&quot;,&quot;shutter_speed&quot;:&quot;0&quot;,&quot;title&quot;:&quot;&quot;,&quot;orientation&quot;:&quot;0&quot;}\" data-image-title=\"szosty-etap-zaloby-original\" data-image-description=\"\" data-image-caption=\"\" data-large-file=\"https:\/\/blogaudioteka.wpcomstaging.com\/wp-content\/uploads\/szosty-etap-zaloby-original.avif\" src=\"https:\/\/blogaudioteka.wpcomstaging.com\/wp-content\/uploads\/szosty-etap-zaloby-original.avif\" alt=\"\" class=\"wp-image-5523\" srcset=\"https:\/\/blogaudioteka.wpcomstaging.com\/wp-content\/uploads\/szosty-etap-zaloby-original.avif 300w, https:\/\/blogaudioteka.wpcomstaging.com\/wp-content\/uploads\/szosty-etap-zaloby-original-150x150.avif 150w, https:\/\/blogaudioteka.wpcomstaging.com\/wp-content\/uploads\/szosty-etap-zaloby-original-200x200.avif 200w, https:\/\/blogaudioteka.wpcomstaging.com\/wp-content\/uploads\/szosty-etap-zaloby-original-148x148.avif 148w, https:\/\/blogaudioteka.wpcomstaging.com\/wp-content\/uploads\/szosty-etap-zaloby-original-296x296.avif 296w\" sizes=\"auto, (max-width: 300px) 100vw, 300px\" \/><\/figure>\n<\/div>\n\n\n<p class=\"has-text-align-justify wp-block-paragraph\"><strong>Odkryj sz\u00f3sty etap \u017ca\u0142oby \u2013 \u201eZnaczenie\u201d i&nbsp;pozw\u00f3l sobie na uzdrowienie.<\/strong><\/p>\n\n\n\n<p class=\"has-text-align-justify wp-block-paragraph\">\u201e<strong>Sz\u00f3sty etap \u017ca\u0142oby<\/strong>\u201d to wyj\u0105tkowy przewodnik, kt\u00f3ry zabiera nas poza klasyczne pi\u0119\u0107 etap\u00f3w \u017ca\u0142oby: zaprzeczenie, gniew, targowanie si\u0119, depresja i&nbsp;akceptacja. David Kessler, ekspert w&nbsp;dziedzinie \u017ca\u0142oby, odkrywa dla nas <strong>sz\u00f3sty etap<\/strong>, kt\u00f3ry jest kluczowy do przej\u015bcia przez proces \u017ca\u0142oby \u2013 etap, w&nbsp;kt\u00f3rym odkrywamy <strong>znaczenie<\/strong> naszej straty.<\/p>\n\n\n\n<p class=\"has-text-align-justify wp-block-paragraph\">Ta ksi\u0105\u017cka jest pe\u0142na <strong>empatii<\/strong>, <strong>delikatno\u015bci<\/strong> i&nbsp;<strong>g\u0142\u0119bokiej wiedzy<\/strong> o&nbsp;tym, jak radzi\u0107 sobie z&nbsp;<strong>\u017calem i&nbsp;smutkiem<\/strong> po utracie ukochanej osoby. Kessler, sam przechodz\u0105c przez osobist\u0105 tragedi\u0119, dzieli si\u0119 swoimi spostrze\u017ceniami i&nbsp;narz\u0119dziami, kt\u00f3re pomog\u0142y mu znale\u017a\u0107 sens i&nbsp;<strong>p\u00f3j\u015b\u0107 naprz\u00f3d<\/strong>. To lektura dla tych, kt\u00f3rzy chc\u0105 zrozumie\u0107 <strong>\u017cyciow\u0105 strat\u0119<\/strong> i&nbsp;nada\u0107 jej <strong>znaczenie<\/strong>, otwieraj\u0105c drzwi do uzdrowienia.<\/p>\n\n\n\n<h2 class=\"wp-block-heading\"><span class=\"ez-toc-section\" id=\"11_Najwyzsza_wygrana_Komisarz_Oczko_Tom_24_%E2%80%93_Tomasz_Wandzel\"><\/span>11. Najwy\u017csza wygrana. Komisarz Oczko. Tom 24 \u2013 Tomasz Wandzel<span class=\"ez-toc-section-end\"><\/span><\/h2>\n\n\n\n<p class=\"wp-block-paragraph\">\ud83c\udfa7<a href=\"https:\/\/audioteka.com\/pl\/audiobook\/najwyzsza-wygrana-komisarz-oczko-tom-24\/\" target=\"_blank\" rel=\"noopener\"> <em>S\u0142uchaj \u201eNajwy\u017cszej wygranej\u201d w&nbsp;Audiotece \u2013 do\u0142\u0105cz do komisarza Oczko i&nbsp;pom\u00f3\u017c mu rozwi\u0105za\u0107 mroczn\u0105 zagadk\u0119!<\/em><\/a><\/p>\n\n\n<div class=\"wp-block-image\">\n<figure class=\"aligncenter size-full\"><img loading=\"lazy\" decoding=\"async\" width=\"300\" height=\"300\" data-attachment-id=\"5526\" data-permalink=\"https:\/\/blogaudioteka.wpcomstaging.com\/nowosci-tygodnia-w-audiotece-top-15-07-07-13-07\/najwyzsza-wygrana-komisarz-oczko-tom-24-original\" data-orig-file=\"https:\/\/blogaudioteka.wpcomstaging.com\/wp-content\/uploads\/najwyzsza-wygrana-komisarz-oczko-tom-24-original.avif\" data-orig-size=\"300,300\" data-comments-opened=\"0\" data-image-meta=\"{&quot;aperture&quot;:&quot;0&quot;,&quot;credit&quot;:&quot;&quot;,&quot;camera&quot;:&quot;&quot;,&quot;caption&quot;:&quot;&quot;,&quot;created_timestamp&quot;:&quot;0&quot;,&quot;copyright&quot;:&quot;&quot;,&quot;focal_length&quot;:&quot;0&quot;,&quot;iso&quot;:&quot;0&quot;,&quot;shutter_speed&quot;:&quot;0&quot;,&quot;title&quot;:&quot;&quot;,&quot;orientation&quot;:&quot;0&quot;}\" data-image-title=\"najwyzsza-wygrana-komisarz-oczko-tom-24-original\" data-image-description=\"\" data-image-caption=\"\" data-large-file=\"https:\/\/blogaudioteka.wpcomstaging.com\/wp-content\/uploads\/najwyzsza-wygrana-komisarz-oczko-tom-24-original.avif\" src=\"https:\/\/blogaudioteka.wpcomstaging.com\/wp-content\/uploads\/najwyzsza-wygrana-komisarz-oczko-tom-24-original.avif\" alt=\"\" class=\"wp-image-5526\" srcset=\"https:\/\/blogaudioteka.wpcomstaging.com\/wp-content\/uploads\/najwyzsza-wygrana-komisarz-oczko-tom-24-original.avif 300w, https:\/\/blogaudioteka.wpcomstaging.com\/wp-content\/uploads\/najwyzsza-wygrana-komisarz-oczko-tom-24-original-150x150.avif 150w, https:\/\/blogaudioteka.wpcomstaging.com\/wp-content\/uploads\/najwyzsza-wygrana-komisarz-oczko-tom-24-original-200x200.avif 200w, https:\/\/blogaudioteka.wpcomstaging.com\/wp-content\/uploads\/najwyzsza-wygrana-komisarz-oczko-tom-24-original-148x148.avif 148w, https:\/\/blogaudioteka.wpcomstaging.com\/wp-content\/uploads\/najwyzsza-wygrana-komisarz-oczko-tom-24-original-296x296.avif 296w\" sizes=\"auto, (max-width: 300px) 100vw, 300px\" \/><\/figure>\n<\/div>\n\n\n<p class=\"wp-block-paragraph\"><strong>Zab\u00f3jstwo z&nbsp;zagadkowym motywem \u2013 nowa sprawa komisarza Oczko!<\/strong><\/p>\n\n\n\n<p class=\"has-text-align-justify wp-block-paragraph\">\u201e<strong>Najwy\u017csza wygrana<\/strong>\u201d to <strong>krymina\u0142<\/strong> z&nbsp;<a href=\"https:\/\/audioteka.com\/pl\/cykl\/komisarz-oczko\/\" target=\"_blank\" rel=\"noopener\"><em>serii o&nbsp;<\/em><strong><em>komisarzu Oczko<\/em><\/strong><\/a>, kt\u00f3ry tym razem ma do rozwi\u0105zania zagadkow\u0105 spraw\u0119 <strong>zab\u00f3jstwa<\/strong> emerytowanego nauczyciela matematyki. Na pierwszy rzut oka \u015bmier\u0107 Bogus\u0142awa Kostrzewskiego wydaje si\u0119 wynikiem <strong>rabunku<\/strong>, jednak po znalezieniu w&nbsp;jego biurku <strong>kupon\u00f3w totolotka<\/strong>, komisarz zaczyna dostrzega\u0107 prawdziwy motyw zbrodni.<\/p>\n\n\n\n<p class=\"has-text-align-justify wp-block-paragraph\">Zab\u00f3jstwo nie jest jedyn\u0105 tajemnic\u0105 tej sprawy \u2013 w&nbsp;tle narasta <strong>napi\u0119cie<\/strong> zwi\u0105zane z&nbsp;<strong>brudnymi sekretami<\/strong> ofiary i&nbsp;jego mo\u017cliwymi powi\u0105zaniami z&nbsp;przesz\u0142o\u015bci\u0105. <strong>Komisarz Oczko<\/strong> nie spocznie, dop\u00f3ki nie odkryje prawdy, a&nbsp;\u015bledztwo prowadzi go do <strong>mrocznych i&nbsp;skomplikowanych<\/strong> w\u0105tk\u00f3w. Kolejna cz\u0119\u015b\u0107 kryminalnych opowiada\u0144, kt\u00f3re trzymaj\u0105 w&nbsp;napi\u0119ciu i&nbsp;zmuszaj\u0105 do zastanowienia nad <strong>prawdziwymi motywami<\/strong> zbrodni.<\/p>\n\n\n\n<h2 class=\"wp-block-heading\"><span class=\"ez-toc-section\" id=\"12_Dlaczego_kobiety_uprawiaja_ogrody_%E2%80%93_Alice_Vincent\"><\/span>12. Dlaczego kobiety uprawiaj\u0105 ogrody \u2013 Alice Vincent<span class=\"ez-toc-section-end\"><\/span><\/h2>\n\n\n\n<p class=\"wp-block-paragraph\">\ud83c\udfa7 <a href=\"https:\/\/audioteka.com\/pl\/audiobook\/dlaczego-kobiety-uprawiaja-ogrody\/\" target=\"_blank\" rel=\"noopener\"><em>S\u0142uchaj \u201eDlaczego kobiety uprawiaj\u0105 ogrody\u201d w&nbsp;Audiotece i&nbsp;odkryj, jak piel\u0119gnowanie ro\u015blin mo\u017ce sta\u0107 si\u0119 g\u0142\u0119bok\u0105 duchow\u0105 podr\u00f3\u017c\u0105.<\/em><\/a><\/p>\n\n\n<div class=\"wp-block-image\">\n<figure class=\"aligncenter size-full\"><img loading=\"lazy\" decoding=\"async\" width=\"300\" height=\"300\" data-attachment-id=\"5525\" data-permalink=\"https:\/\/blogaudioteka.wpcomstaging.com\/nowosci-tygodnia-w-audiotece-top-15-07-07-13-07\/dlaczego-kobiety-uprawiaja-ogrody-original\" data-orig-file=\"https:\/\/blogaudioteka.wpcomstaging.com\/wp-content\/uploads\/dlaczego-kobiety-uprawiaja-ogrody-original.avif\" data-orig-size=\"300,300\" data-comments-opened=\"0\" data-image-meta=\"{&quot;aperture&quot;:&quot;0&quot;,&quot;credit&quot;:&quot;&quot;,&quot;camera&quot;:&quot;&quot;,&quot;caption&quot;:&quot;&quot;,&quot;created_timestamp&quot;:&quot;0&quot;,&quot;copyright&quot;:&quot;&quot;,&quot;focal_length&quot;:&quot;0&quot;,&quot;iso&quot;:&quot;0&quot;,&quot;shutter_speed&quot;:&quot;0&quot;,&quot;title&quot;:&quot;&quot;,&quot;orientation&quot;:&quot;0&quot;}\" data-image-title=\"dlaczego-kobiety-uprawiaja-ogrody-original\" data-image-description=\"\" data-image-caption=\"\" data-large-file=\"https:\/\/blogaudioteka.wpcomstaging.com\/wp-content\/uploads\/dlaczego-kobiety-uprawiaja-ogrody-original.avif\" src=\"https:\/\/blogaudioteka.wpcomstaging.com\/wp-content\/uploads\/dlaczego-kobiety-uprawiaja-ogrody-original.avif\" alt=\"\" class=\"wp-image-5525\" srcset=\"https:\/\/blogaudioteka.wpcomstaging.com\/wp-content\/uploads\/dlaczego-kobiety-uprawiaja-ogrody-original.avif 300w, https:\/\/blogaudioteka.wpcomstaging.com\/wp-content\/uploads\/dlaczego-kobiety-uprawiaja-ogrody-original-150x150.avif 150w, https:\/\/blogaudioteka.wpcomstaging.com\/wp-content\/uploads\/dlaczego-kobiety-uprawiaja-ogrody-original-200x200.avif 200w, https:\/\/blogaudioteka.wpcomstaging.com\/wp-content\/uploads\/dlaczego-kobiety-uprawiaja-ogrody-original-148x148.avif 148w, https:\/\/blogaudioteka.wpcomstaging.com\/wp-content\/uploads\/dlaczego-kobiety-uprawiaja-ogrody-original-296x296.avif 296w\" sizes=\"auto, (max-width: 300px) 100vw, 300px\" \/><\/figure>\n<\/div>\n\n\n<p class=\"wp-block-paragraph\"><strong>Prze\u017cyj inspiruj\u0105c\u0105 podr\u00f3\u017c przez historie ogrodniczek.<\/strong><\/p>\n\n\n\n<p class=\"has-text-align-justify wp-block-paragraph\">\u201eDlaczego kobiety uprawiaj\u0105 ogrody\u201d to ksi\u0105\u017cka, kt\u00f3ra oddaje g\u0142os tym, kt\u00f3re z&nbsp;mi\u0142o\u015bci do ro\u015blin, ziemi i&nbsp;przyrody odkrywaj\u0105 co\u015b wi\u0119cej ni\u017c tylko spos\u00f3b na sp\u0119dzenie wolnego czasu. Alice Vincent zabiera nas w&nbsp;niezwyk\u0142\u0105 podr\u00f3\u017c po ogrodach, kt\u00f3re stanowi\u0105 nie tylko przestrze\u0144 do uprawy ro\u015blin, ale tak\u017ce miejscem introspekcji, szukania sensu i&nbsp;pokoju.<strong> Autorka bada, co sprawia, \u017ce ogrodnictwo staje si\u0119 dla kobiet aktem odrodzenia, pracy nad sob\u0105 i&nbsp;swoimi emocjami, a&nbsp;tak\u017ce sposobem na przepracowanie osobistych strat.<\/strong><\/p>\n\n\n\n<p class=\"has-text-align-justify wp-block-paragraph\">W tej wyj\u0105tkowej ksi\u0105\u017cce znajdziesz historie kobiet ogrodniczek, kt\u00f3re poprzez kontakt z&nbsp;natur\u0105 odkrywaj\u0105 w\u0142asne pok\u0142ady kreatywno\u015bci i&nbsp;odwagi. Ta ksi\u0105\u017cka to ho\u0142d dla ich pasji, wytrwa\u0142o\u015bci i&nbsp;wra\u017cliwo\u015bci.<\/p>\n\n\n\n<h2 class=\"wp-block-heading\"><span class=\"ez-toc-section\" id=\"13_Cylinder_van_Troffa_%E2%80%93_Janusz_A_Zajdel\"><\/span>13. Cylinder van Troffa \u2013 Janusz A. Zajdel<span class=\"ez-toc-section-end\"><\/span><\/h2>\n\n\n\n<p class=\"wp-block-paragraph\">\ud83c\udfa7 <a href=\"https:\/\/audioteka.com\/pl\/audiobook\/cylinder-van-troffa-superprodukcja\/\" target=\"_blank\" rel=\"noopener\"><em>S\u0142uchaj \u201eCylinder van Troffa\u201d w&nbsp;Audiotece i&nbsp;wejd\u017a do \u015bwiata, w&nbsp;kt\u00f3rym przysz\u0142o\u015b\u0107 ludzko\u015bci zostaje zapisane w&nbsp;ruiny, a&nbsp;ostatni ocala\u0142y musz\u0105 odkry\u0107, jak si\u0119gn\u0105\u0107 po to, co zosta\u0142o stracone.<\/em><\/a><\/p>\n\n\n<div class=\"wp-block-image\">\n<figure class=\"aligncenter size-full\"><img loading=\"lazy\" decoding=\"async\" width=\"300\" height=\"300\" data-attachment-id=\"5528\" data-permalink=\"https:\/\/blogaudioteka.wpcomstaging.com\/nowosci-tygodnia-w-audiotece-top-15-07-07-13-07\/cylinder-van-troffa-superprodukcja-original\" data-orig-file=\"https:\/\/blogaudioteka.wpcomstaging.com\/wp-content\/uploads\/cylinder-van-troffa-superprodukcja-original.avif\" data-orig-size=\"300,300\" data-comments-opened=\"0\" data-image-meta=\"{&quot;aperture&quot;:&quot;0&quot;,&quot;credit&quot;:&quot;&quot;,&quot;camera&quot;:&quot;&quot;,&quot;caption&quot;:&quot;&quot;,&quot;created_timestamp&quot;:&quot;0&quot;,&quot;copyright&quot;:&quot;&quot;,&quot;focal_length&quot;:&quot;0&quot;,&quot;iso&quot;:&quot;0&quot;,&quot;shutter_speed&quot;:&quot;0&quot;,&quot;title&quot;:&quot;&quot;,&quot;orientation&quot;:&quot;0&quot;}\" data-image-title=\"cylinder-van-troffa-superprodukcja-original\" data-image-description=\"\" data-image-caption=\"\" data-large-file=\"https:\/\/blogaudioteka.wpcomstaging.com\/wp-content\/uploads\/cylinder-van-troffa-superprodukcja-original.avif\" src=\"https:\/\/blogaudioteka.wpcomstaging.com\/wp-content\/uploads\/cylinder-van-troffa-superprodukcja-original.avif\" alt=\"\" class=\"wp-image-5528\" srcset=\"https:\/\/blogaudioteka.wpcomstaging.com\/wp-content\/uploads\/cylinder-van-troffa-superprodukcja-original.avif 300w, https:\/\/blogaudioteka.wpcomstaging.com\/wp-content\/uploads\/cylinder-van-troffa-superprodukcja-original-150x150.avif 150w, https:\/\/blogaudioteka.wpcomstaging.com\/wp-content\/uploads\/cylinder-van-troffa-superprodukcja-original-200x200.avif 200w, https:\/\/blogaudioteka.wpcomstaging.com\/wp-content\/uploads\/cylinder-van-troffa-superprodukcja-original-148x148.avif 148w, https:\/\/blogaudioteka.wpcomstaging.com\/wp-content\/uploads\/cylinder-van-troffa-superprodukcja-original-296x296.avif 296w\" sizes=\"auto, (max-width: 300px) 100vw, 300px\" \/><\/figure>\n<\/div>\n\n\n<p class=\"has-text-align-justify wp-block-paragraph\">\u201eCylinder van Troffa\u201d to jeden z&nbsp;najwa\u017cniejszych polskich utwor\u00f3w <a href=\"https:\/\/audioteka.com\/pl\/katalog\/science-fiction-n\/\" target=\"_blank\" rel=\"noopener\">science fiction<\/a>. W&nbsp;tej historii Zajdel przenosi nas w&nbsp;odleg\u0142\u0105 przysz\u0142o\u015b\u0107, gdzie ludzko\u015b\u0107 zasiedla nowe planety, ale nie potrafi uwolni\u0107 si\u0119 od destrukcyjnych b\u0142\u0119d\u00f3w przesz\u0142o\u015bci. Powr\u00f3cili koloni\u015bci, ale<strong> Ziemia, kt\u00f3ra niegdy\u015b by\u0142a domem ludzko\u015bci, jest zrujnowana, a&nbsp;wszystkie ksi\u0105\u017cki i&nbsp;zapiski zgin\u0119\u0142y.<\/strong> Jedyne, co pozosta\u0142o, to \u201eNotatnik Nie\u015bmiertelnego\u201d, kt\u00f3ry mo\u017ce wyja\u015bni\u0107, co doprowadzi\u0142o do upadku planety.<\/p>\n\n\n\n<p class=\"has-text-align-justify wp-block-paragraph\"><a href=\"https:\/\/audioteka.com\/pl\/autor\/janusz-a-zajdel\/\" target=\"_blank\" rel=\"noopener\">Janusz A. Zajdel<\/a> \u0142\u0105czy elementy technologii, filozofii i&nbsp;etyki w&nbsp;swojej opowie\u015bci o&nbsp;przysz\u0142o\u015bci, w&nbsp;kt\u00f3rej czysto ludzka ambicja doprowadzi\u0142a do katastrofy. \u201eCylinder van Troffa\u201d to<strong> opowie\u015b\u0107 o&nbsp;mi\u0142o\u015bci, po\u015bwi\u0119ceniu i&nbsp;moralno\u015bci,<\/strong> kt\u00f3ra zmusza do refleksji o&nbsp;roli cz\u0142owieka w&nbsp;tworzeniu w\u0142asnego przeznaczenia.<\/p>\n\n\n\n<h2 class=\"wp-block-heading\"><span class=\"ez-toc-section\" id=\"14_Kapturek_musi_zginac_%E2%80%93_AK_Benedict\"><\/span>14. Kapturek musi zgin\u0105\u0107 \u2013 A.K. Benedict<span class=\"ez-toc-section-end\"><\/span><\/h2>\n\n\n\n<p class=\"wp-block-paragraph\"><em>\ud83c\udfa7 <\/em><a href=\"https:\/\/audioteka.com\/pl\/audiobook\/kapturek-musi-zginac\/\" target=\"_blank\" rel=\"noopener\"><em>S\u0142uchaj w&nbsp;Audiotece \u201eKapturek musi zgin\u0105\u0107\u201d i&nbsp;daj si\u0119 porwa\u0107 tej przera\u017caj\u0105cej ba\u015bni.<\/em><\/a><\/p>\n\n\n<div class=\"wp-block-image\">\n<figure class=\"aligncenter size-full\"><img loading=\"lazy\" decoding=\"async\" width=\"300\" height=\"300\" data-attachment-id=\"5527\" data-permalink=\"https:\/\/blogaudioteka.wpcomstaging.com\/nowosci-tygodnia-w-audiotece-top-15-07-07-13-07\/kapturek-musi-zginac-original\" data-orig-file=\"https:\/\/blogaudioteka.wpcomstaging.com\/wp-content\/uploads\/kapturek-musi-zginac-original.avif\" data-orig-size=\"300,300\" data-comments-opened=\"0\" data-image-meta=\"{&quot;aperture&quot;:&quot;0&quot;,&quot;credit&quot;:&quot;&quot;,&quot;camera&quot;:&quot;&quot;,&quot;caption&quot;:&quot;&quot;,&quot;created_timestamp&quot;:&quot;0&quot;,&quot;copyright&quot;:&quot;&quot;,&quot;focal_length&quot;:&quot;0&quot;,&quot;iso&quot;:&quot;0&quot;,&quot;shutter_speed&quot;:&quot;0&quot;,&quot;title&quot;:&quot;&quot;,&quot;orientation&quot;:&quot;0&quot;}\" data-image-title=\"kapturek-musi-zginac-original\" data-image-description=\"\" data-image-caption=\"\" data-large-file=\"https:\/\/blogaudioteka.wpcomstaging.com\/wp-content\/uploads\/kapturek-musi-zginac-original.avif\" src=\"https:\/\/blogaudioteka.wpcomstaging.com\/wp-content\/uploads\/kapturek-musi-zginac-original.avif\" alt=\"\" class=\"wp-image-5527\" srcset=\"https:\/\/blogaudioteka.wpcomstaging.com\/wp-content\/uploads\/kapturek-musi-zginac-original.avif 300w, https:\/\/blogaudioteka.wpcomstaging.com\/wp-content\/uploads\/kapturek-musi-zginac-original-150x150.avif 150w, https:\/\/blogaudioteka.wpcomstaging.com\/wp-content\/uploads\/kapturek-musi-zginac-original-200x200.avif 200w, https:\/\/blogaudioteka.wpcomstaging.com\/wp-content\/uploads\/kapturek-musi-zginac-original-148x148.avif 148w, https:\/\/blogaudioteka.wpcomstaging.com\/wp-content\/uploads\/kapturek-musi-zginac-original-296x296.avif 296w\" sizes=\"auto, (max-width: 300px) 100vw, 300px\" \/><\/figure>\n<\/div>\n\n\n<p class=\"wp-block-paragraph\"><strong>Ostrze\u017cenie: ta ba\u015b\u0144 b\u0119dzie krwawa.<\/strong><\/p>\n\n\n\n<p class=\"has-text-align-justify wp-block-paragraph\">W <strong>&#8222;<\/strong>Kapturek musi zgin\u0105\u0107&#8221; poznajemy histori\u0119, kt\u00f3ra \u0142\u0105czy klasyczn\u0105 ba\u015b\u0144 z&nbsp;mrocznym thrillerem. G\u0142\u00f3wn\u0105 bohaterk\u0105 jest Kapturek, jednak tym razem to niezwyk\u0142a dziewczynka, a&nbsp;posta\u0107 uwik\u0142ana w&nbsp;intryg\u0119, kt\u00f3rej nie powstydziliby si\u0119 bohaterowie thriller\u00f3w. <strong>Wci\u0105gaj\u0105ca opowie\u015b\u0107 o&nbsp;zem\u015bcie, niebezpiecze\u0144stwach, kt\u00f3re czyhaj\u0105 za ka\u017cdym rogiem, oraz o&nbsp;przekraczaniu granic moralno\u015bci.<\/strong> Czuwa nad tym \u201eWilk\u201d, kt\u00f3ry ma swoje w\u0142asne cele i&nbsp;nie cofnie si\u0119 przed niczym. Do tego dochodz\u0105 zbrodnie inspirowane ba\u015bniami braci Grimm. <strong>Czy Kapturek spe\u0142ni wymagania swojego oprawcy?<\/strong> Historia pe\u0142na napi\u0119cia, nieoczekiwanych zwrot\u00f3w akcji i&nbsp;psychologicznych gier. Je\u015bli kochasz thriller i&nbsp;mroczne opowie\u015bci, ta ksi\u0105\u017cka jest dla Ciebie!<\/p>\n\n\n\n<p class=\"has-text-align-justify wp-block-paragraph\"><strong>G\u0142os <\/strong><a href=\"https:\/\/audioteka.com\/pl\/lektor\/filip-kosior\/\" target=\"_blank\" rel=\"noopener\"><strong>Filipa Kosiora<\/strong><\/a> wprowadza nas w&nbsp;\u015bwiat pe\u0142en intryg, zbrodni inspirowanych ba\u015bniami braci Grimm, i&nbsp;psychologicznych gier, kt\u00f3re trzymaj\u0105 w&nbsp;napi\u0119ciu do ostatniej chwili.<\/p>\n\n\n\n<h2 class=\"wp-block-heading\"><span class=\"ez-toc-section\" id=\"15_Plan_emerytalny_%E2%80%93_Sue_Hincenbergs\"><\/span>15. Plan emerytalny \u2013 Sue Hincenbergs<span class=\"ez-toc-section-end\"><\/span><\/h2>\n\n\n\n<p class=\"wp-block-paragraph\"><em>\ud83c\udfa7 <\/em><a href=\"https:\/\/audioteka.com\/pl\/audiobook\/plan-emerytalny\/\" target=\"_blank\" rel=\"noopener\"><em>Pos\u0142uchaj w&nbsp;Audiotece \u201ePlan emerytalny\u201d \u2013 historia, kt\u00f3ra sprawi, \u017ce b\u0119dziesz si\u0119 \u015bmia\u0107 przez \u0142zy!<\/em><\/a><\/p>\n\n\n<div class=\"wp-block-image\">\n<figure class=\"aligncenter size-full\"><img loading=\"lazy\" decoding=\"async\" width=\"300\" height=\"269\" data-attachment-id=\"5530\" data-permalink=\"https:\/\/blogaudioteka.wpcomstaging.com\/nowosci-tygodnia-w-audiotece-top-15-07-07-13-07\/plan-emerytalny-original\" data-orig-file=\"https:\/\/blogaudioteka.wpcomstaging.com\/wp-content\/uploads\/plan-emerytalny-original.avif\" data-orig-size=\"300,269\" data-comments-opened=\"0\" data-image-meta=\"{&quot;aperture&quot;:&quot;0&quot;,&quot;credit&quot;:&quot;&quot;,&quot;camera&quot;:&quot;&quot;,&quot;caption&quot;:&quot;&quot;,&quot;created_timestamp&quot;:&quot;0&quot;,&quot;copyright&quot;:&quot;&quot;,&quot;focal_length&quot;:&quot;0&quot;,&quot;iso&quot;:&quot;0&quot;,&quot;shutter_speed&quot;:&quot;0&quot;,&quot;title&quot;:&quot;&quot;,&quot;orientation&quot;:&quot;0&quot;}\" data-image-title=\"plan-emerytalny-original\" data-image-description=\"\" data-image-caption=\"\" data-large-file=\"https:\/\/blogaudioteka.wpcomstaging.com\/wp-content\/uploads\/plan-emerytalny-original.avif\" src=\"https:\/\/blogaudioteka.wpcomstaging.com\/wp-content\/uploads\/plan-emerytalny-original.avif\" alt=\"\" class=\"wp-image-5530\"\/><\/figure>\n<\/div>\n\n\n<p class=\"wp-block-paragraph\"><strong>Przyja\u017a\u0144, zemsta i&nbsp;jeden zab\u00f3jczy plan!<\/strong><\/p>\n\n\n\n<p class=\"has-text-align-justify wp-block-paragraph\"><strong>\u201ePlan emerytalny\u201d<\/strong> to kryminalna komedia, w&nbsp;kt\u00f3rej cztery przyjaci\u00f3\u0142ki \u2013 Pam, Nancy, Shalisa i&nbsp;Marlene \u2013 zostaj\u0105 wpl\u0105tane w&nbsp;kryminaln\u0105 intryg\u0119, kt\u00f3rej konsekwencje zaskocz\u0105 ka\u017cdego. Kiedy ich m\u0119\u017cowie trac\u0105 wszystkie oszcz\u0119dno\u015bci, kobiety odkrywaj\u0105 nieoczekiwane rozwi\u0105zanie \u2013 plan oparty na \u017cyciowych polisach swoich partner\u00f3w. <strong>Ale m\u0119\u017cczy\u017ani maj\u0105 w\u0142asny plan, a&nbsp;ka\u017cda strona tej rywalizacji zmienia si\u0119 w&nbsp;niebezpieczn\u0105 gr\u0119 o&nbsp;\u017cycie.<\/strong><\/p>\n\n\n\n<p class=\"has-text-align-justify wp-block-paragraph\">Przyja\u017a\u0144 i&nbsp;zemsta \u0142\u0105cz\u0105 si\u0119 z&nbsp;b\u0142yskotliwo\u015bci\u0105 w&nbsp;tej szalonej historii, kt\u00f3ra z&nbsp;ka\u017cd\u0105 minut\u0105 staje si\u0119 bardziej napi\u0119ta, zabawna, ale i&nbsp;pe\u0142na nieoczekiwanych zwrot\u00f3w akcji. To nie tylko ksi\u0105\u017cka o&nbsp;planach na emerytur\u0119 \u2013 to zab\u00f3jcza opowie\u015b\u0107 o&nbsp;tym, co mo\u017ce si\u0119 wydarzy\u0107, gdy \u017cycie przekroczy granice prawa.<\/p>\n\n\n\n<figure class=\"wp-block-image size-full\"><a href=\"https:\/\/klub.audioteka.com\/\" target=\"_blank\" rel=\"noopener\"><img data-recalc-dims=\"1\" loading=\"lazy\" decoding=\"async\" width=\"768\" height=\"216\" data-attachment-id=\"5532\" data-permalink=\"https:\/\/blogaudioteka.wpcomstaging.com\/nowosci-tygodnia-w-audiotece-top-15-07-07-13-07\/banner_2_v1-2\" data-orig-file=\"https:\/\/i0.wp.com\/blogaudioteka.wpcomstaging.com\/wp-content\/uploads\/banner_2_v1.png?fit=768%2C216&amp;ssl=1\" data-orig-size=\"768,216\" data-comments-opened=\"0\" data-image-meta=\"{&quot;aperture&quot;:&quot;0&quot;,&quot;credit&quot;:&quot;&quot;,&quot;camera&quot;:&quot;&quot;,&quot;caption&quot;:&quot;&quot;,&quot;created_timestamp&quot;:&quot;0&quot;,&quot;copyright&quot;:&quot;&quot;,&quot;focal_length&quot;:&quot;0&quot;,&quot;iso&quot;:&quot;0&quot;,&quot;shutter_speed&quot;:&quot;0&quot;,&quot;title&quot;:&quot;&quot;,&quot;orientation&quot;:&quot;0&quot;}\" data-image-title=\"banner_2_v1\" data-image-description=\"\" data-image-caption=\"\" data-large-file=\"https:\/\/i0.wp.com\/blogaudioteka.wpcomstaging.com\/wp-content\/uploads\/banner_2_v1.png?fit=768%2C216&amp;ssl=1\" src=\"https:\/\/i0.wp.com\/blogaudioteka.wpcomstaging.com\/wp-content\/uploads\/banner_2_v1.png?resize=768%2C216&#038;ssl=1\" alt=\"\" class=\"wp-image-5532\" srcset=\"https:\/\/i0.wp.com\/blogaudioteka.wpcomstaging.com\/wp-content\/uploads\/banner_2_v1.png?w=768&amp;ssl=1 768w, https:\/\/i0.wp.com\/blogaudioteka.wpcomstaging.com\/wp-content\/uploads\/banner_2_v1.png?resize=300%2C84&amp;ssl=1 300w, https:\/\/i0.wp.com\/blogaudioteka.wpcomstaging.com\/wp-content\/uploads\/banner_2_v1.png?resize=512%2C144&amp;ssl=1 512w\" sizes=\"auto, (max-width: 768px) 100vw, 768px\" \/><\/a><\/figure>\n\n\n\n<p class=\"has-text-align-justify wp-block-paragraph\">Nie czekaj d\u0142u\u017cej i&nbsp;zanurz si\u0119 w&nbsp;\u015bwiat nowych ksi\u0105\u017cek!<strong> Zapisz si\u0119 do Audioteka Klub i&nbsp;ciesz si\u0119 dost\u0119pem do tysi\u0119cy tytu\u0142\u00f3w \u2013 pierwsze 14 dni za darmo, <\/strong>a p\u00f3\u017aniej wiele specjalnych korzy\u015bci i&nbsp;rabat\u00f3w. Warto by\u0107 z&nbsp;nami!<\/p>\n\n\n\n<p class=\"wp-block-paragraph\"><\/p>\n","protected":false},"excerpt":{"rendered":"Gotowi na nowe literackie emocje? Bo lipiec dopiero si\u0119 rozkr\u0119ca! Nowe audiobooki w&nbsp;Audiotece przynosz\u0105 moc przyg\u00f3d, tajemnic i&nbsp;niezapomnianych&hellip;","protected":false},"author":264736300,"featured_media":5533,"comment_status":"closed","ping_status":"closed","sticky":false,"template":"","format":"standard","meta":{"_crdt_document":"","csco_display_header_overlay":false,"csco_singular_sidebar":"","csco_page_header_type":"","_jetpack_memberships_contains_paid_content":false,"footnotes":""},"categories":[14931,14933],"tags":[],"class_list":{"0":"post-5506","1":"post","2":"type-post","3":"status-publish","4":"format-standard","5":"has-post-thumbnail","7":"category-aktualnosci","8":"category-newsy","9":"cs-entry"},"jetpack_featured_media_url":"https:\/\/i0.wp.com\/blogaudioteka.wpcomstaging.com\/wp-content\/uploads\/nowosci_blog-5-1.png?fit=1920%2C1080&ssl=1","jetpack_sharing_enabled":true,"_links":{"self":[{"href":"https:\/\/blogaudioteka.wpcomstaging.com\/wp-json\/wp\/v2\/posts\/5506","targetHints":{"allow":["GET"]}}],"collection":[{"href":"https:\/\/blogaudioteka.wpcomstaging.com\/wp-json\/wp\/v2\/posts"}],"about":[{"href":"https:\/\/blogaudioteka.wpcomstaging.com\/wp-json\/wp\/v2\/types\/post"}],"author":[{"embeddable":true,"href":"https:\/\/blogaudioteka.wpcomstaging.com\/wp-json\/wp\/v2\/users\/264736300"}],"replies":[{"embeddable":true,"href":"https:\/\/blogaudioteka.wpcomstaging.com\/wp-json\/wp\/v2\/comments?post=5506"}],"version-history":[{"count":10,"href":"https:\/\/blogaudioteka.wpcomstaging.com\/wp-json\/wp\/v2\/posts\/5506\/revisions"}],"predecessor-version":[{"id":5534,"href":"https:\/\/blogaudioteka.wpcomstaging.com\/wp-json\/wp\/v2\/posts\/5506\/revisions\/5534"}],"wp:featuredmedia":[{"embeddable":true,"href":"https:\/\/blogaudioteka.wpcomstaging.com\/wp-json\/wp\/v2\/media\/5533"}],"wp:attachment":[{"href":"https:\/\/blogaudioteka.wpcomstaging.com\/wp-json\/wp\/v2\/media?parent=5506"}],"wp:term":[{"taxonomy":"category","embeddable":true,"href":"https:\/\/blogaudioteka.wpcomstaging.com\/wp-json\/wp\/v2\/categories?post=5506"},{"taxonomy":"post_tag","embeddable":true,"href":"https:\/\/blogaudioteka.wpcomstaging.com\/wp-json\/wp\/v2\/tags?post=5506"}],"curies":[{"name":"wp","href":"https:\/\/api.w.org\/{rel}","templated":true}]}}