{"id":4705,"date":"2025-06-24T10:36:32","date_gmt":"2025-06-24T08:36:32","guid":{"rendered":"https:\/\/blogaudioteka.wpcomstaging.com\/?p=4705"},"modified":"2025-06-24T10:36:34","modified_gmt":"2025-06-24T08:36:34","slug":"gdzie-i-jak-sluchac-audiobookow-bez-oplat-legalne-sposoby","status":"publish","type":"post","link":"https:\/\/blogaudioteka.wpcomstaging.com\/gdzie-i-jak-sluchac-audiobookow-bez-oplat-legalne-sposoby","title":{"rendered":"Gdzie i jak s\u0142ucha\u0107 audiobook\u00f3w bez op\u0142at? (Legalne sposoby!)"},"content":{"rendered":"\n<p class=\"has-text-align-justify wp-block-paragraph\"><strong>Audiobooki to doskona\u0142y spos\u00f3b na czerpanie przyjemno\u015bci z&nbsp;literatury w&nbsp;ka\u017cdej sytuacji \u2013 podczas podr\u00f3\u017cy, sprz\u0105tania czy relaksu. Je\u015bli zastanawiasz si\u0119, gdzie mo\u017cna s\u0142ucha\u0107 ich za darmo i&nbsp;legalnie, przygotowali\u015bmy dla Ciebie list\u0119 kilku sprawdzonych \u017ar\u00f3de\u0142.<\/strong><\/p>\n\n\n\n<div id=\"ez-toc-container\" class=\"ez-toc-v2_0_82_2 counter-hierarchy ez-toc-counter ez-toc-grey ez-toc-container-direction\">\n<div class=\"ez-toc-title-container\"><span class=\"ez-toc-title\" style=\"cursor:inherit\">Spis tre\u015bci<\/span>\n<\/div><nav><ul class='ez-toc-list ez-toc-list-level-1 ' ><li class='ez-toc-page-1 ez-toc-heading-level-2'><a class=\"ez-toc-link ez-toc-heading-1\" href=\"https:\/\/blogaudioteka.wpcomstaging.com\/gdzie-i-jak-sluchac-audiobookow-bez-oplat-legalne-sposoby\/#Audiobooki_bez_zobowiazan_Z_Audioteka_mozesz_sluchac_za_darmo\" >Audiobooki bez zobowi\u0105za\u0144? Z&nbsp;Audiotek\u0105 mo\u017cesz s\u0142ucha\u0107 za darmo!<\/a><\/li><li class='ez-toc-page-1 ez-toc-heading-level-2'><a class=\"ez-toc-link ez-toc-heading-2\" href=\"https:\/\/blogaudioteka.wpcomstaging.com\/gdzie-i-jak-sluchac-audiobookow-bez-oplat-legalne-sposoby\/#Co_warto_posluchac_w_ramach_probnej_subskrypcji_za_darmo\" >Co warto pos\u0142ucha\u0107 w&nbsp;ramach pr\u00f3bnej subskrypcji za darmo?<\/a><ul class='ez-toc-list-level-3' ><li class='ez-toc-heading-level-3'><a class=\"ez-toc-link ez-toc-heading-3\" href=\"https:\/\/blogaudioteka.wpcomstaging.com\/gdzie-i-jak-sluchac-audiobookow-bez-oplat-legalne-sposoby\/#1_Saga_Wiedzmin_Wieza_Jaskolki_%E2%80%93_Andrzej_Sapkowski\" >1. Saga Wied\u017amin: Wie\u017ca Jask\u00f3\u0142ki &#8211; Andrzej Sapkowski<\/a><\/li><li class='ez-toc-page-1 ez-toc-heading-level-3'><a class=\"ez-toc-link ez-toc-heading-4\" href=\"https:\/\/blogaudioteka.wpcomstaging.com\/gdzie-i-jak-sluchac-audiobookow-bez-oplat-legalne-sposoby\/#2_Seria_z_komisarzem_Forstem_Kasprowy_%E2%80%93_Remigiusz_Mroz\" >2. Seria z&nbsp;komisarzem Forstem: Kasprowy &#8211; Remigiusz Mr\u00f3z<\/a><\/li><li class='ez-toc-page-1 ez-toc-heading-level-3'><a class=\"ez-toc-link ez-toc-heading-5\" href=\"https:\/\/blogaudioteka.wpcomstaging.com\/gdzie-i-jak-sluchac-audiobookow-bez-oplat-legalne-sposoby\/#3_Mistrz_i_Malgorzata_%E2%80%93_Michail_Bulhakow\" >3. Mistrz i&nbsp;Ma\u0142gorzata &#8211; Michai\u0142 Bu\u0142hakow<\/a><\/li><li class='ez-toc-page-1 ez-toc-heading-level-3'><a class=\"ez-toc-link ez-toc-heading-6\" href=\"https:\/\/blogaudioteka.wpcomstaging.com\/gdzie-i-jak-sluchac-audiobookow-bez-oplat-legalne-sposoby\/#4_Cykl_Kingsbridge_Slup_ognia_%E2%80%93_Ken_Follett\" >4. Cykl Kingsbridge: S\u0142up ognia &#8211; Ken Follett<\/a><\/li><li class='ez-toc-page-1 ez-toc-heading-level-3'><a class=\"ez-toc-link ez-toc-heading-7\" href=\"https:\/\/blogaudioteka.wpcomstaging.com\/gdzie-i-jak-sluchac-audiobookow-bez-oplat-legalne-sposoby\/#5_Cykl_Langer_Ozyrys_%E2%80%93_Remigiusz_Mroz\" >5. Cykl Langer: Ozyrys &#8211; Remigiusz Mr\u00f3z<\/a><\/li><li class='ez-toc-page-1 ez-toc-heading-level-3'><a class=\"ez-toc-link ez-toc-heading-8\" href=\"https:\/\/blogaudioteka.wpcomstaging.com\/gdzie-i-jak-sluchac-audiobookow-bez-oplat-legalne-sposoby\/#6_Seria_z_prokuratorem_Teodorem_Szackim_%E2%80%93_Zygmunt_Miloszewski\" >6. Seria z&nbsp;prokuratorem Teodorem Szackim &#8211; Zygmunt Mi\u0142oszewski<\/a><\/li><li class='ez-toc-page-1 ez-toc-heading-level-3'><a class=\"ez-toc-link ez-toc-heading-9\" href=\"https:\/\/blogaudioteka.wpcomstaging.com\/gdzie-i-jak-sluchac-audiobookow-bez-oplat-legalne-sposoby\/#7_Zbrodnia_i_kara_%E2%80%93_Fiodor_Dostojewski\" >7. Zbrodnia i&nbsp;kara &#8211; Fiodor Dostojewski<\/a><\/li><li class='ez-toc-page-1 ez-toc-heading-level-3'><a class=\"ez-toc-link ez-toc-heading-10\" href=\"https:\/\/blogaudioteka.wpcomstaging.com\/gdzie-i-jak-sluchac-audiobookow-bez-oplat-legalne-sposoby\/#8_Foliarze_%E2%80%93_Jan_Jurkowski_Marcin_Osiadacz_Marek_Hucz\" >8. Foliarze &#8211; Jan Jurkowski, Marcin Osiadacz, Marek Hucz<\/a><\/li><li class='ez-toc-page-1 ez-toc-heading-level-3'><a class=\"ez-toc-link ez-toc-heading-11\" href=\"https:\/\/blogaudioteka.wpcomstaging.com\/gdzie-i-jak-sluchac-audiobookow-bez-oplat-legalne-sposoby\/#9_Mazurski_przekret_%E2%80%93_Bartlomiej_Swiderski\" >9.  Mazurski przekr\u0119t &#8211;  Bart\u0142omiej \u015awiderski<\/a><\/li><li class='ez-toc-page-1 ez-toc-heading-level-3'><a class=\"ez-toc-link ez-toc-heading-12\" href=\"https:\/\/blogaudioteka.wpcomstaging.com\/gdzie-i-jak-sluchac-audiobookow-bez-oplat-legalne-sposoby\/#10_Rewanz_%E2%80%93_Alicja_Czepli\" >10. Rewan\u017c &#8211; Alicja Czepli<\/a><\/li><\/ul><\/li><li class='ez-toc-page-1 ez-toc-heading-level-2'><a class=\"ez-toc-link ez-toc-heading-13\" href=\"https:\/\/blogaudioteka.wpcomstaging.com\/gdzie-i-jak-sluchac-audiobookow-bez-oplat-legalne-sposoby\/#Czy_darmowe_audiobooki_na_YouTube_sa_legalne\" >Czy darmowe audiobooki na YouTube s\u0105 legalne?<\/a><ul class='ez-toc-list-level-3' ><li class='ez-toc-heading-level-3'><a class=\"ez-toc-link ez-toc-heading-14\" href=\"https:\/\/blogaudioteka.wpcomstaging.com\/gdzie-i-jak-sluchac-audiobookow-bez-oplat-legalne-sposoby\/#FAQ_czyli_wszystko_co_warto_wiedziec_o_legalnych_audiobookach_za_darmo\" >FAQ, czyli wszystko, co warto wiedzie\u0107 o&nbsp;legalnych audiobookach za darmo<\/a><\/li><\/ul><\/li><\/ul><\/nav><\/div>\n<h2 class=\"wp-block-heading\"><span class=\"ez-toc-section\" id=\"Audiobooki_bez_zobowiazan_Z_Audioteka_mozesz_sluchac_za_darmo\"><\/span>Audiobooki bez zobowi\u0105za\u0144? Z&nbsp;Audiotek\u0105 mo\u017cesz s\u0142ucha\u0107 za darmo!<span class=\"ez-toc-section-end\"><\/span><\/h2>\n\n\n\n<p class=\"has-text-align-justify wp-block-paragraph\">Chcesz przekona\u0107 si\u0119, czy audiobooki to co\u015b dla Ciebie (albo dla Twojego dziecka), ale nie masz pewno\u015bci, od czego zacz\u0105\u0107? Audioteka oferuje wyj\u0105tkow\u0105 mo\u017cliwo\u015b\u0107 \u2013 <strong>14 dni darmowego dost\u0119pu do ca\u0142ej biblioteki w&nbsp;ramach pr\u00f3bnej subskrypcji<\/strong>. To \u015bwietny spos\u00f3b, by w&nbsp;pe\u0142ni przetestowa\u0107 funkcje aplikacji i&nbsp;pos\u0142ucha\u0107 tak wielu tytu\u0142\u00f3w, jak tylko zechcesz \u2013 bez \u017cadnych op\u0142at i&nbsp;zobowi\u0105za\u0144. W&nbsp;tym czasie mo\u017cesz odkry\u0107 <a href=\"https:\/\/audioteka.com\/pl\/katalog\/superprodukcje-audioteki\/\" target=\"_blank\" rel=\"noopener\">Superprodukcje Audioteki<\/a>, kt\u00f3re Ci\u0119 zachwyc\u0105 lub bajki dla maluch\u00f3w. To idealna okazja, by wprowadzi\u0107 audiobooki do codziennej rutyny \u2013 przed snem, w&nbsp;podr\u00f3\u017cy czy podczas zabawy.<\/p>\n\n\n\n<p class=\"has-text-align-justify wp-block-paragraph\">Ale to nie wszystko \u2013<strong> Audioteka udost\u0119pnia r\u00f3wnie\u017c darmowe fragmenty ksi\u0105\u017cek audio<\/strong>, dzi\u0119ki czemu mo\u017cesz sprawdzi\u0107, czy historia i&nbsp;lektor Ci odpowiadaj\u0105, zanim zdecydujesz si\u0119 na pe\u0142ne s\u0142uchanie. To uczciwe i&nbsp;wygodne rozwi\u0105zanie, kt\u00f3re daje pe\u0142n\u0105 swobod\u0119 wyboru. Je\u015bli wi\u0119c chcesz zacz\u0105\u0107 swoj\u0105 przygod\u0119 z&nbsp;literatur\u0105 audio, darmowy dost\u0119p od Audioteki to \u015bwietny start. <strong>Nie potrzebujesz wi\u0119cej ni\u017c telefonu i&nbsp;kilku minut<\/strong>, by przenie\u015b\u0107 si\u0119 do \u015bwiata opowie\u015bci, kt\u00f3re zostaj\u0105 w&nbsp;pami\u0119ci na d\u0142ugo.<\/p>\n\n\n\n<h2 class=\"wp-block-heading\"><span class=\"ez-toc-section\" id=\"Co_warto_posluchac_w_ramach_probnej_subskrypcji_za_darmo\"><\/span>Co warto pos\u0142ucha\u0107 w&nbsp;ramach pr\u00f3bnej subskrypcji za darmo?<span class=\"ez-toc-section-end\"><\/span><\/h2>\n\n\n\n<h3 class=\"wp-block-heading\"><span class=\"ez-toc-section\" id=\"1_Saga_Wiedzmin_Wieza_Jaskolki_%E2%80%93_Andrzej_Sapkowski\"><\/span>1. Saga Wied\u017amin: Wie\u017ca Jask\u00f3\u0142ki &#8211; Andrzej Sapkowski<span class=\"ez-toc-section-end\"><\/span><\/h3>\n\n\n\n<figure class=\"wp-block-embed is-type-video is-provider-youtube wp-block-embed-youtube wp-embed-aspect-16-9 wp-has-aspect-ratio\"><div class=\"wp-block-embed__wrapper\">\n<span class=\"embed-youtube\" style=\"text-align:center; display: block;\"><iframe loading=\"lazy\" class=\"youtube-player\" width=\"1200\" height=\"675\" src=\"https:\/\/www.youtube.com\/embed\/Ig1X0trafZ8?version=3&#038;rel=1&#038;showsearch=0&#038;showinfo=1&#038;iv_load_policy=1&#038;fs=1&#038;hl=pl-PL&#038;autohide=2&#038;wmode=transparent\" allowfullscreen=\"true\" style=\"border:0;\" sandbox=\"allow-scripts allow-same-origin allow-popups allow-presentation allow-popups-to-escape-sandbox\"><\/iframe><\/span>\n<\/div><\/figure>\n\n\n\n<p class=\"wp-block-paragraph\"><strong>\ud83c\udfa7Pos\u0142uchaj: <em><a href=\"https:\/\/audioteka.com\/pl\/audiobook\/wieza-jaskolki-tom-1\/\" target=\"_blank\" rel=\"noopener\">Wie\u017ca Jask\u00f3\u0142ki. Tom 1<\/a> i&nbsp;<a href=\"https:\/\/audioteka.com\/pl\/audiobook\/wieza-jaskolki-tom-2\/\" target=\"_blank\" rel=\"noopener\">Wie\u017ca Jask\u00f3\u0142ki. Tom 2<\/a><\/em><\/strong><\/p>\n\n\n\n<p class=\"has-text-align-justify wp-block-paragraph\">\u201eWie\u017ca Jask\u00f3\u0142ki\u201d to wyj\u0105tkowa superprodukcja audio, kt\u00f3ra przenosi s\u0142uchaczy w&nbsp;mroczny i&nbsp;prze\u0142omowy etap <a href=\"https:\/\/audioteka.com\/pl\/cykl\/wiedzmin\/\" target=\"_blank\" rel=\"noopener\">wied\u017ami\u0144skiej sagi Andrzeja Sapkowskiego<\/a> \u2013 <strong>kontynuacj\u0119 los\u00f3w Geralta i&nbsp;Ciri,<\/strong> opowiedzian\u0105 z&nbsp;epickim rozmachem. Wci\u0105gaj\u0105ca fabu\u0142a, dramatyczne zwroty akcji i&nbsp;doskona\u0142a realizacja d\u017awi\u0119kowa z&nbsp;udzia\u0142em <a href=\"https:\/\/audioteka.com\/pl\/lektor\/krzysztof-gosztyla\/\" target=\"_blank\" rel=\"noopener\">Krzysztofa Goszty\u0142y<\/a> oraz zespo\u0142u znakomitych aktor\u00f3w tworz\u0105 hipnotyzuj\u0105ce s\u0142uchowisko, kt\u00f3re zachwyca zar\u00f3wno oddanych fan\u00f3w serii, jak i&nbsp;nowych odbiorc\u00f3w. <strong>W Audiotece dost\u0119pne s\u0105 r\u00f3wnie\u017c darmowe fragmenty<\/strong> \u2013 idealne, by zanurzy\u0107 si\u0119 w&nbsp;tej pe\u0142nej emocji opowie\u015bci i&nbsp;da\u0107 si\u0119 porwa\u0107 magii kontynentu, gdzie ka\u017cda decyzja ma swoj\u0105 cen\u0119.<\/p>\n\n\n\n<h3 class=\"wp-block-heading\"><span class=\"ez-toc-section\" id=\"2_Seria_z_komisarzem_Forstem_Kasprowy_%E2%80%93_Remigiusz_Mroz\"><\/span>2. Seria z&nbsp;komisarzem Forstem: Kasprowy &#8211; Remigiusz Mr\u00f3z<span class=\"ez-toc-section-end\"><\/span><\/h3>\n\n\n\n<figure class=\"wp-block-embed is-type-video is-provider-youtube wp-block-embed-youtube wp-embed-aspect-16-9 wp-has-aspect-ratio\"><div class=\"wp-block-embed__wrapper\">\n<span class=\"embed-youtube\" style=\"text-align:center; display: block;\"><iframe loading=\"lazy\" class=\"youtube-player\" width=\"1200\" height=\"675\" src=\"https:\/\/www.youtube.com\/embed\/l47z96LH5Rs?version=3&#038;rel=1&#038;showsearch=0&#038;showinfo=1&#038;iv_load_policy=1&#038;fs=1&#038;hl=pl-PL&#038;autohide=2&#038;wmode=transparent\" allowfullscreen=\"true\" style=\"border:0;\" sandbox=\"allow-scripts allow-same-origin allow-popups allow-presentation allow-popups-to-escape-sandbox\"><\/iframe><\/span>\n<\/div><\/figure>\n\n\n\n<p class=\"wp-block-paragraph\"><strong>\ud83c\udfa7Pos\u0142uchaj: <em><a href=\"https:\/\/audioteka.com\/pl\/audiobook\/kasprowy\/\" target=\"_blank\" rel=\"noopener\">Kasprowy &#8211; Audiobook &#8211; Remigiusz Mr\u00f3z &#8211; Wydawnictwo Filia | Audioteka<\/a> <\/em><\/strong><\/p>\n\n\n\n<p class=\"has-text-align-justify wp-block-paragraph\">\u201eKasprowy\u201d <a href=\"https:\/\/audioteka.com\/pl\/autor\/remigiusz-mroz\/\" target=\"_blank\" rel=\"noopener\">Remigiusza Mroza<\/a> to trzymaj\u0105cy w&nbsp;napi\u0119ciu thriller z&nbsp;<a href=\"https:\/\/audioteka.com\/pl\/cykl\/komisarz-forst\/\" target=\"_blank\" rel=\"noopener\">serii z&nbsp;komisarzem Forstem<\/a> w&nbsp;roli g\u0142\u00f3wnej, kt\u00f3ry <strong>\u0142\u0105czy dwa dramatyczne w\u0105tki rozgrywaj\u0105ce si\u0119 w&nbsp;odst\u0119pie trzech lat \u2013 od masowego grobu odkrytego w&nbsp;Pleszowie po zamach planowany na kolejk\u0119 linow\u0105 w&nbsp;sercu Tatr.<\/strong> Audiobook w&nbsp;interpretacji Krzysztofa Goszty\u0142y to pe\u0142na emocji superprodukcja, w&nbsp;kt\u00f3rej rodzinne relacje, policyjne \u015bledztwa i&nbsp;terrorystyczne zagro\u017cenia splataj\u0105 si\u0119 w&nbsp;jeden niepokoj\u0105cy obraz. W&nbsp;Audiotece mo\u017cesz ods\u0142ucha\u0107 a\u017c 76 minut darmowego fragmentu, by przekona\u0107 si\u0119, czy to w\u0142a\u015bnie ten klimat wci\u0105gnie Ci\u0119 na d\u0142ugie godziny.<\/p>\n\n\n\n<h3 class=\"wp-block-heading\"><span class=\"ez-toc-section\" id=\"3_Mistrz_i_Malgorzata_%E2%80%93_Michail_Bulhakow\"><\/span>3. Mistrz i&nbsp;Ma\u0142gorzata &#8211; Michai\u0142 Bu\u0142hakow<span class=\"ez-toc-section-end\"><\/span><\/h3>\n\n\n\n<figure class=\"wp-block-embed is-type-video is-provider-youtube wp-block-embed-youtube wp-embed-aspect-16-9 wp-has-aspect-ratio\"><div class=\"wp-block-embed__wrapper\">\n<span class=\"embed-youtube\" style=\"text-align:center; display: block;\"><iframe loading=\"lazy\" class=\"youtube-player\" width=\"1200\" height=\"675\" src=\"https:\/\/www.youtube.com\/embed\/LVzbZmUUcaI?version=3&#038;rel=1&#038;showsearch=0&#038;showinfo=1&#038;iv_load_policy=1&#038;fs=1&#038;hl=pl-PL&#038;autohide=2&#038;wmode=transparent\" allowfullscreen=\"true\" style=\"border:0;\" sandbox=\"allow-scripts allow-same-origin allow-popups allow-presentation allow-popups-to-escape-sandbox\"><\/iframe><\/span>\n<\/div><\/figure>\n\n\n\n<p class=\"wp-block-paragraph\"><strong>\ud83c\udfa7Pos\u0142uchaj: <a href=\"https:\/\/audioteka.com\/pl\/audiobook\/mistrz-i-malgorzata-superprodukcja\/\" target=\"_blank\" rel=\"noopener\"><em>Mistrz i&nbsp;Ma\u0142gorzata &#8211; Audiobook &#8211; Michai\u0142 Bu\u0142hakow &#8211; Audioteka | Audioteka<\/em><\/a><\/strong><\/p>\n\n\n\n<p class=\"has-text-align-justify wp-block-paragraph\">\u201eMistrz i&nbsp;Ma\u0142gorzata\u201d to jedna z&nbsp;najbardziej hipnotyzuj\u0105cych superprodukcji Audioteki \u2013 <strong>spektakl d\u017awi\u0119kowy, w&nbsp;kt\u00f3rym <a href=\"https:\/\/audioteka.com\/pl\/katalog\/klasyka-literatury\/\" target=\"_blank\" rel=\"noopener\">klasyka literatury<\/a> o\u017cywa dzi\u0119ki znakomitej obsadzie, <\/strong>sugestywnej muzyce i&nbsp;dopracowanej re\u017cyserii. Groteska, filozofia i&nbsp;metafizyka splataj\u0105 si\u0119 w&nbsp;historii o&nbsp;mi\u0142o\u015bci silniejszej ni\u017c piek\u0142o, gdzie diabe\u0142 przechadza si\u0119 po Moskwie, a&nbsp;Ma\u0142gorzata gotowa jest po\u015bwi\u0119ci\u0107 wszystko, by ocali\u0107 ukochanego Mistrza. Audiobook dost\u0119pny jest wy\u0142\u0105cznie w&nbsp;Audiotece, a&nbsp;<strong>dzi\u0119ki opcji 14 dni za darmo mo\u017cesz zanurzy\u0107 si\u0119 w&nbsp;ten literacki \u015bwiat bez ryzyka<\/strong> \u2013 i&nbsp;sprawdzi\u0107, czy magia tej opowie\u015bci porwie r\u00f3wnie\u017c Ciebie.<\/p>\n\n\n\n<h3 class=\"wp-block-heading\"><span class=\"ez-toc-section\" id=\"4_Cykl_Kingsbridge_Slup_ognia_%E2%80%93_Ken_Follett\"><\/span>4. Cykl Kingsbridge: S\u0142up ognia &#8211; Ken Follett<span class=\"ez-toc-section-end\"><\/span><\/h3>\n\n\n\n<figure class=\"wp-block-embed is-type-video is-provider-youtube wp-block-embed-youtube wp-embed-aspect-16-9 wp-has-aspect-ratio\"><div class=\"wp-block-embed__wrapper\">\n<span class=\"embed-youtube\" style=\"text-align:center; display: block;\"><iframe loading=\"lazy\" class=\"youtube-player\" width=\"1200\" height=\"675\" src=\"https:\/\/www.youtube.com\/embed\/E_AOw3PN0tA?version=3&#038;rel=1&#038;showsearch=0&#038;showinfo=1&#038;iv_load_policy=1&#038;fs=1&#038;hl=pl-PL&#038;autohide=2&#038;wmode=transparent\" allowfullscreen=\"true\" style=\"border:0;\" sandbox=\"allow-scripts allow-same-origin allow-popups allow-presentation allow-popups-to-escape-sandbox\"><\/iframe><\/span>\n<\/div><\/figure>\n\n\n\n<p class=\"wp-block-paragraph\">\ud83c\udfa7<strong>Pos\u0142uchaj: <a href=\"https:\/\/audioteka.com\/pl\/audiobook\/slup-ognia-czesc-pierwsza\/\" target=\"_blank\" rel=\"noopener\"><em>S\u0142up ognia. Cz\u0119\u015b\u0107 pierwsza &#8211; Audiobook &#8211; Ken Follett &#8211; Audioteka, Wydawnictwo Albatros | Audioteka<\/em><\/a><\/strong><\/p>\n\n\n\n<p class=\"has-text-align-justify wp-block-paragraph\">\u201eS\u0142up ognia. Cz\u0119\u015b\u0107 pierwsza\u201d to kontynuacja <a href=\"https:\/\/audioteka.com\/pl\/cykl\/kingsbridge\/\" target=\"_blank\" rel=\"noopener\">cyklu Kingsbridge<\/a> w&nbsp;formie superprodukcji oparta na bestsellerowej powie\u015bci <a href=\"https:\/\/audioteka.com\/pl\/autor\/ken-follett\/\" target=\"_blank\" rel=\"noopener\">Kena Folletta<\/a> \u2013 pe\u0142na nami\u0119tno\u015bci, zdrad i&nbsp;politycznych intryg historia osadzona w&nbsp;burzliwej rzeczywisto\u015bci XVI-wiecznej Europy. <strong>Audiobook w&nbsp;formie audioserialu ol\u015bniewa skal\u0105 produkcji i&nbsp;g\u0142osami najlepszych polskich aktor\u00f3w<\/strong>, takich jak Krzysztof Goszty\u0142a, Vanessa Aleksander czy Zofia Wich\u0142acz, a&nbsp;dramatyczne losy Neda Willarda i&nbsp;Margery Fitzgerald uk\u0142adaj\u0105 si\u0119 w&nbsp;pasjonuj\u0105c\u0105 opowie\u015b\u0107 o&nbsp;mi\u0142o\u015bci, wierze i&nbsp;odwadze. <strong><a href=\"https:\/\/audioteka.com\/pl\/audiobook\/slup-ognia-odcinek-1\/\" target=\"_blank\" rel=\"noopener\">Pierwszy odcinek audioserialu<\/a> dost\u0119pny jest ca\u0142kowicie za darmo<\/strong>, wi\u0119c mo\u017cesz natychmiast zanurzy\u0107 si\u0119 w&nbsp;ten \u015bwiat \u2013 i&nbsp;przekona\u0107 si\u0119, czy to historia, kt\u00f3ra wci\u0105gnie Ci\u0119 na wiele kolejnych godzin.<\/p>\n\n\n\n<h3 class=\"wp-block-heading\"><span class=\"ez-toc-section\" id=\"5_Cykl_Langer_Ozyrys_%E2%80%93_Remigiusz_Mroz\"><\/span>5. Cykl Langer: Ozyrys &#8211; Remigiusz Mr\u00f3z<span class=\"ez-toc-section-end\"><\/span><\/h3>\n\n\n\n<figure class=\"wp-block-embed is-type-video is-provider-youtube wp-block-embed-youtube wp-embed-aspect-16-9 wp-has-aspect-ratio\"><div class=\"wp-block-embed__wrapper\">\n<span class=\"embed-youtube\" style=\"text-align:center; display: block;\"><iframe loading=\"lazy\" class=\"youtube-player\" width=\"1200\" height=\"675\" src=\"https:\/\/www.youtube.com\/embed\/LwNQY35MB94?version=3&#038;rel=1&#038;showsearch=0&#038;showinfo=1&#038;iv_load_policy=1&#038;fs=1&#038;hl=pl-PL&#038;autohide=2&#038;wmode=transparent\" allowfullscreen=\"true\" style=\"border:0;\" sandbox=\"allow-scripts allow-same-origin allow-popups allow-presentation allow-popups-to-escape-sandbox\"><\/iframe><\/span>\n<\/div><\/figure>\n\n\n\n<p class=\"wp-block-paragraph\"><strong>\ud83c\udfa7Pos\u0142uchaj: <a href=\"https:\/\/audioteka.com\/pl\/audiobook\/ozyrys\/\" target=\"_blank\" rel=\"noopener\"><em>Ozyrys &#8211; Audiobook &#8211; Remigiusz Mr\u00f3z &#8211; Audioteka, Czwarta Strona | Audioteka<\/em><\/a><\/strong><\/p>\n\n\n\n<p class=\"has-text-align-justify wp-block-paragraph\"><strong>\u201eOzyrys\u201d<\/strong> Remigiusza Mroza to porywaj\u0105ca superprodukcja kryminalna, w&nbsp;kt\u00f3rej przesz\u0142o\u015b\u0107 wraca z&nbsp;przera\u017caj\u0105c\u0105 si\u0142\u0105, a&nbsp;kolejne morderstwa budz\u0105 demony, o&nbsp;jakich lepiej by\u0142o zapomnie\u0107. W&nbsp;\u015bwiecie, gdzie z\u0142o ma wiele twarzy, gdy jeden potw\u00f3r staje przed s\u0105dem, inny rozpoczyna krwawe \u0142owy \u2013 a&nbsp;trop wiedzie w&nbsp;stron\u0119 tajemnic powi\u0105zanych z&nbsp;Piotrem Langerem i&nbsp;jego mrocznym dziedzictwem. Audiobook z&nbsp;udzia\u0142em takich gwiazd jak <a href=\"https:\/\/audioteka.com\/pl\/lektor\/filip-kosior\/\" target=\"_blank\" rel=\"noopener\">Filip Kosior<\/a>, <a href=\"https:\/\/audioteka.com\/pl\/lektor\/aleksandra-adamska\/\" target=\"_blank\" rel=\"noopener\">Aleksandra Adamska<\/a>, <a href=\"https:\/\/audioteka.com\/pl\/lektor\/grzegorz-damiecki\/\" target=\"_blank\" rel=\"noopener\">Grzegorz Dami\u0119cki<\/a> i&nbsp;<a href=\"https:\/\/audioteka.com\/pl\/lektor\/karolina-gorczyca\/\" target=\"_blank\" rel=\"noopener\">Karolina Gorczyca<\/a> to intensywna, \u015bwietnie ud\u017awi\u0119kowiona opowie\u015b\u0107, kt\u00f3ra trzyma w&nbsp;napi\u0119ciu do samego ko\u0144ca \u2013 a&nbsp;<strong>dzi\u0119ki darmowemu fragmentowi trwaj\u0105cemu a\u017c 51 minut<\/strong>, mo\u017cesz bez zobowi\u0105za\u0144 sprawdzi\u0107, czy ta historia Ci\u0119 poch\u0142onie.<\/p>\n\n\n\n<h3 class=\"wp-block-heading\"><span class=\"ez-toc-section\" id=\"6_Seria_z_prokuratorem_Teodorem_Szackim_%E2%80%93_Zygmunt_Miloszewski\"><\/span>6. Seria z&nbsp;prokuratorem Teodorem Szackim &#8211; Zygmunt Mi\u0142oszewski<span class=\"ez-toc-section-end\"><\/span><\/h3>\n\n\n\n<p class=\"wp-block-paragraph\"><strong>\ud83c\udfa7Pos\u0142uchaj: <em><a href=\"https:\/\/audioteka.com\/pl\/cykl\/szacki-czesc-1-uwiklanie-audioserial\/\" target=\"_blank\" rel=\"noopener\">Szacki. Cz\u0119\u015b\u0107 1: Uwik\u0142anie<\/a>; <a href=\"https:\/\/audioteka.com\/pl\/cykl\/szacki-czesc-2-ziarno-prawdy-audioserial\/\" target=\"_blank\" rel=\"noopener\">Szacki. Cz\u0119\u015b\u0107 2: Ziarno prawdy<\/a> i&nbsp;<a href=\"https:\/\/audioteka.com\/pl\/cykl\/szacki-czesc-3-gniew-audioserial\/\" target=\"_blank\" rel=\"noopener\">Szacki. Cz\u0119\u015b\u0107 3: Gniew<\/a><\/em><\/strong><\/p>\n\n\n\n<figure class=\"wp-block-embed is-type-video is-provider-youtube wp-block-embed-youtube wp-embed-aspect-16-9 wp-has-aspect-ratio\"><div class=\"wp-block-embed__wrapper\">\n<span class=\"embed-youtube\" style=\"text-align:center; display: block;\"><iframe loading=\"lazy\" class=\"youtube-player\" width=\"1200\" height=\"675\" src=\"https:\/\/www.youtube.com\/embed\/6X4a3hA-4hc?version=3&#038;rel=1&#038;showsearch=0&#038;showinfo=1&#038;iv_load_policy=1&#038;fs=1&#038;hl=pl-PL&#038;autohide=2&#038;wmode=transparent\" allowfullscreen=\"true\" style=\"border:0;\" sandbox=\"allow-scripts allow-same-origin allow-popups allow-presentation allow-popups-to-escape-sandbox\"><\/iframe><\/span>\n<\/div><\/figure>\n\n\n\n<p class=\"has-text-align-justify wp-block-paragraph\">\u201e<a href=\"https:\/\/audioteka.com\/pl\/cykl\/szacki\/\" target=\"_blank\" rel=\"noopener\">Szacki<\/a>\u201d to intensywna, mroczna superprodukcja Audioteki oparta na bestsellerowej trylogii <a href=\"https:\/\/audioteka.com\/pl\/autor\/zygmunt-miloszewski\/\" target=\"_blank\" rel=\"noopener\">Zygmunta Mi\u0142oszewskiego<\/a> \u2013 <strong>z Micha\u0142em \u017bebrowskim w&nbsp;roli kultowego prokuratora, kt\u00f3ry wraca do \u015bledztw r\u00f3wnie skomplikowanych, co jego w\u0142asne \u017cycie.<\/strong> Teodor Szacki jest zm\u0119czony, ironiczny i&nbsp;niepokorny, ale zawsze got\u00f3w wgry\u017a\u0107 si\u0119 w&nbsp;spraw\u0119 \u2013 nawet je\u015bli zn\u00f3w kto\u015b zosta\u0142 zamordowany po siedemnastej. Ka\u017cda z&nbsp;trzech cz\u0119\u015bci \u2013 \u201eUwik\u0142anie\u201d, \u201eZiarno prawdy\u201d i&nbsp;\u201eGniew\u201d \u2013 to osobna historia, rozgrywaj\u0105ca si\u0119 w&nbsp;innym mie\u015bcie, z&nbsp;innym morderstwem, inn\u0105 prawd\u0105 i&nbsp;nowymi demonami, kt\u00f3re trzeba oswoi\u0107 lub zniszczy\u0107. W&nbsp;obsadzie \u2013 <strong>opr\u00f3cz <a href=\"https:\/\/audioteka.com\/pl\/lektor\/michal-zebrowski\/\" target=\"_blank\" rel=\"noopener\">Micha\u0142a \u017bebrowskiego<\/a> \u2013 us\u0142yszysz m.in. Karolin\u0119 Gorczyc\u0119 i&nbsp;Krzysztofa Czeczota<\/strong>, a&nbsp;klimat budowany jest z&nbsp;precyzj\u0105 thriller\u00f3w najwy\u017cszej pr\u00f3by. Pierwszego odcinka ka\u017cdej cz\u0119\u015bci mo\u017cesz pos\u0142ucha\u0107 bezp\u0142atnie \u2013 idealna dla tych, kt\u00f3rzy w&nbsp;kryminale szukaj\u0105 czego\u015b wi\u0119cej ni\u017c tylko zagadki.<\/p>\n\n\n\n<h3 class=\"wp-block-heading\"><span class=\"ez-toc-section\" id=\"7_Zbrodnia_i_kara_%E2%80%93_Fiodor_Dostojewski\"><\/span>7. Zbrodnia i&nbsp;kara &#8211; Fiodor Dostojewski<span class=\"ez-toc-section-end\"><\/span><\/h3>\n\n\n\n<figure class=\"wp-block-embed is-type-video is-provider-youtube wp-block-embed-youtube wp-embed-aspect-16-9 wp-has-aspect-ratio\"><div class=\"wp-block-embed__wrapper\">\n<span class=\"embed-youtube\" style=\"text-align:center; display: block;\"><iframe loading=\"lazy\" class=\"youtube-player\" width=\"1200\" height=\"675\" src=\"https:\/\/www.youtube.com\/embed\/sm-dj37fZbs?version=3&#038;rel=1&#038;showsearch=0&#038;showinfo=1&#038;iv_load_policy=1&#038;fs=1&#038;hl=pl-PL&#038;autohide=2&#038;wmode=transparent\" allowfullscreen=\"true\" style=\"border:0;\" sandbox=\"allow-scripts allow-same-origin allow-popups allow-presentation allow-popups-to-escape-sandbox\"><\/iframe><\/span>\n<\/div><\/figure>\n\n\n\n<p class=\"wp-block-paragraph\"><strong>\ud83c\udfa7Pos\u0142uchaj: <a href=\"https:\/\/audioteka.com\/pl\/audiobook\/zbrodnia-i-kara-superprodukcja\/\" target=\"_blank\" rel=\"noopener\"><em>Zbrodnia i&nbsp;kara &#8211; Audiobook &#8211; Fiodor Dostojewski &#8211; Audioteka | Audioteka<\/em><\/a><\/strong><\/p>\n\n\n\n<p class=\"has-text-align-justify wp-block-paragraph\">\u201eZbrodnia i&nbsp;kara\u201d w&nbsp;interpretacji <a href=\"https:\/\/audioteka.com\/pl\/\" target=\"_blank\" rel=\"noopener\">Audioteki<\/a> to superprodukcja, kt\u00f3ra zamienia jedno z&nbsp;najwa\u017cniejszych dzie\u0142 literatury \u015bwiatowej w&nbsp;intensywne, d\u017awi\u0119kowe prze\u017cycie na najwy\u017cszym poziomie. W&nbsp;tej opowie\u015bci o&nbsp;zbrodni, winie i&nbsp;psychicznej udr\u0119ce Raskolnikowa, ka\u017cda scena \u2013 dzi\u0119ki g\u0142osom <a href=\"https:\/\/audioteka.com\/pl\/lektor\/adam-ferency\/\" target=\"_blank\" rel=\"noopener\">Adama Ferencego<\/a>, <a href=\"https:\/\/audioteka.com\/pl\/lektor\/jedrzej-hycnar\/\" target=\"_blank\" rel=\"noopener\">J\u0119drzeja Hycnar<\/a>a i&nbsp;Karoliny Gorczycy \u2013 brzmi jak teatralny spektakl przeniesiony do Twoich s\u0142uchawek. <strong>Ju\u017c teraz mo\u017cesz pos\u0142ucha\u0107 godzinnego darmowego fragmentu<\/strong>, by zanurzy\u0107 si\u0119 w&nbsp;dusznym Petersburgu i&nbsp;przekona\u0107 si\u0119, czy dramat moralny bohatera poruszy r\u00f3wnie\u017c Twoje sumienie.<\/p>\n\n\n\n<h3 class=\"wp-block-heading\"><span class=\"ez-toc-section\" id=\"8_Foliarze_%E2%80%93_Jan_Jurkowski_Marcin_Osiadacz_Marek_Hucz\"><\/span>8. Foliarze &#8211; Jan Jurkowski, Marcin Osiadacz, Marek Hucz<span class=\"ez-toc-section-end\"><\/span><\/h3>\n\n\n\n<figure class=\"wp-block-embed is-type-video is-provider-youtube wp-block-embed-youtube wp-embed-aspect-16-9 wp-has-aspect-ratio\"><div class=\"wp-block-embed__wrapper\">\n<span class=\"embed-youtube\" style=\"text-align:center; display: block;\"><iframe loading=\"lazy\" class=\"youtube-player\" width=\"1200\" height=\"675\" src=\"https:\/\/www.youtube.com\/embed\/sF8-Vsi8DLY?version=3&#038;rel=1&#038;showsearch=0&#038;showinfo=1&#038;iv_load_policy=1&#038;fs=1&#038;hl=pl-PL&#038;autohide=2&#038;wmode=transparent\" allowfullscreen=\"true\" style=\"border:0;\" sandbox=\"allow-scripts allow-same-origin allow-popups allow-presentation allow-popups-to-escape-sandbox\"><\/iframe><\/span>\n<\/div><\/figure>\n\n\n\n<p class=\"wp-block-paragraph\"><strong>\ud83c\udfa7Pos\u0142uchaj: <a href=\"https:\/\/audioteka.com\/pl\/audiobook\/foliarze\/\" target=\"_blank\" rel=\"noopener\"><em>Foliarze &#8211; Audiobook &#8211; Jan Jurkowski, Marcin Osiadacz, Marek Hucz &#8211; Audioteka | Audioteka<\/em><\/a><\/strong><\/p>\n\n\n\n<p class=\"has-text-align-justify wp-block-paragraph\">\u201eFoliarze\u201d to szalona, przewrotna i&nbsp;niepokoj\u0105co <strong>aktualna superprodukcja Audioteki, w&nbsp;kt\u00f3rej spiskowe teorie z&nbsp;mem\u00f3w zamieniaj\u0105 si\u0119 w&nbsp;brutaln\u0105 rzeczywisto\u015b\u0107,<\/strong> a&nbsp;Reptilianie i&nbsp;p\u0142aska Ziemia przestaj\u0105 by\u0107 \u017cartem. Kiedy dw\u00f3ch \u017cyciowych nieudacznik\u00f3w przypadkiem odkrywa istnienie tajnego gadziego imperium, rozpoczyna si\u0119 pe\u0142na absurd\u00f3w walka o&nbsp;prawd\u0119 \u2013 zabawna, a&nbsp;zarazem dziwnie bliska wsp\u00f3\u0142czesnym l\u0119kom. W&nbsp;rolach g\u0142\u00f3wnych wyst\u0119puj\u0105 Tomasz Kot oraz Grupa Filmowa Darwin, a&nbsp;<strong>dzi\u0119ki subskrypcji <a href=\"https:\/\/klub.audioteka.com\/\" target=\"_blank\" rel=\"noopener\">Audioteka Klub<\/a> mo\u017cesz s\u0142ucha\u0107 ca\u0142ego audioserialu bez dodatkowych op\u0142at<\/strong> <strong>\u2013 lub skorzysta\u0107 z&nbsp;oferty 14 dni za darmo<\/strong> i&nbsp;sprawdzi\u0107, dlaczego ta historia zdoby\u0142a tak wysokie oceny i&nbsp;zosta\u0142a okrzykni\u0119ta jedn\u0105 z&nbsp;najbardziej oryginalnych produkcji ostatnich lat. \u015awietna cena, doskona\u0142y humor i&nbsp;d\u017awi\u0119kowa uczta gwarantowane!<\/p>\n\n\n\n<h3 class=\"wp-block-heading\"><span class=\"ez-toc-section\" id=\"9_Mazurski_przekret_%E2%80%93_Bartlomiej_Swiderski\"><\/span>9.  Mazurski przekr\u0119t &#8211;  Bart\u0142omiej \u015awiderski<span class=\"ez-toc-section-end\"><\/span><\/h3>\n\n\n\n<figure class=\"wp-block-embed is-type-video is-provider-youtube wp-block-embed-youtube wp-embed-aspect-16-9 wp-has-aspect-ratio\"><div class=\"wp-block-embed__wrapper\">\n<span class=\"embed-youtube\" style=\"text-align:center; display: block;\"><iframe loading=\"lazy\" class=\"youtube-player\" width=\"1200\" height=\"675\" src=\"https:\/\/www.youtube.com\/embed\/h6r7YX_fwpQ?version=3&#038;rel=1&#038;showsearch=0&#038;showinfo=1&#038;iv_load_policy=1&#038;fs=1&#038;hl=pl-PL&#038;autohide=2&#038;wmode=transparent\" allowfullscreen=\"true\" style=\"border:0;\" sandbox=\"allow-scripts allow-same-origin allow-popups allow-presentation allow-popups-to-escape-sandbox\"><\/iframe><\/span>\n<\/div><\/figure>\n\n\n\n<p class=\"wp-block-paragraph\"><strong>\ud83c\udfa7Pos\u0142uchaj: <a href=\"https:\/\/audioteka.com\/pl\/cykl\/mazurski-przekret-audioserial\/\" target=\"_blank\" rel=\"noopener\"><em>Mazurski Przekr\u0119t. Audioserial &#8211; cykl audiobook\u00f3w | Audioteka<\/em><\/a><\/strong><\/p>\n\n\n\n<p class=\"has-text-align-justify wp-block-paragraph\">\u201eMazurski przekr\u0119t\u201d to  pe\u0142en zwrot\u00f3w akcji audioserial kryminalny od Audioteki, w&nbsp;kt\u00f3rym za spokojnym krajobrazem jezior kryj\u0105 si\u0119 bardzo brudne interesy. G\u0142\u00f3wny bohater, Piotr Brandt, by\u0142y rockman, szuka\u0142 ciszy i&nbsp;porz\u0105dku \u2013 znalaz\u0142 jednak trzy cia\u0142a, walizk\u0119 pieni\u0119dzy i&nbsp;tajemnic\u0119, kt\u00f3ra zatacza coraz szersze kr\u0119gi, obejmuj\u0105c deweloper\u00f3w, lokalne elity i&nbsp;ludzi medi\u00f3w. <strong><a href=\"https:\/\/audioteka.com\/pl\/audiobook\/mazurski-przekret-odcinek-1\/\" target=\"_blank\" rel=\"noopener\">Pierwszy odcinek<\/a> mo\u017cesz pos\u0142ucha\u0107 za darmo<\/strong>, a&nbsp;kolejne pojawiaj\u0105 si\u0119 <strong>w ka\u017cdy czwartek<\/strong>, stopniowo ods\u0142aniaj\u0105c uk\u0142adank\u0119, w&nbsp;kt\u00f3rej ka\u017cda odpowied\u017a prowadzi do jeszcze trudniejszych pyta\u0144. Je\u015bli szukasz krymina\u0142u z&nbsp;charakterem, duszn\u0105 atmosfer\u0105 i&nbsp;doskona\u0142\u0105 obsad\u0105, to w\u0142a\u015bnie tu ko\u0144czy si\u0119 sielanka \u2013 i&nbsp;zaczyna prawdziwe \u015bledztwo.<\/p>\n\n\n\n<h3 class=\"wp-block-heading\"><span class=\"ez-toc-section\" id=\"10_Rewanz_%E2%80%93_Alicja_Czepli\"><\/span>10. Rewan\u017c &#8211; Alicja Czepli<span class=\"ez-toc-section-end\"><\/span><\/h3>\n\n\n\n<p class=\"wp-block-paragraph\">\ud83c\udfa7<strong>Pos\u0142uchaj: <a href=\"https:\/\/audioteka.com\/pl\/cykl\/rewanz-audioserial\/\" target=\"_blank\" rel=\"noopener\"><em>Rewan\u017c. Audioserial &#8211; cykl audiobook\u00f3w | Audioteka<\/em><\/a><\/strong><\/p>\n\n\n\n<figure class=\"wp-block-embed is-type-video is-provider-youtube wp-block-embed-youtube wp-embed-aspect-16-9 wp-has-aspect-ratio\"><div class=\"wp-block-embed__wrapper\">\n<span class=\"embed-youtube\" style=\"text-align:center; display: block;\"><iframe loading=\"lazy\" class=\"youtube-player\" width=\"1200\" height=\"675\" src=\"https:\/\/www.youtube.com\/embed\/E7uKOyr0BW4?version=3&#038;rel=1&#038;showsearch=0&#038;showinfo=1&#038;iv_load_policy=1&#038;fs=1&#038;hl=pl-PL&#038;autohide=2&#038;wmode=transparent\" allowfullscreen=\"true\" style=\"border:0;\" sandbox=\"allow-scripts allow-same-origin allow-popups allow-presentation allow-popups-to-escape-sandbox\"><\/iframe><\/span>\n<\/div><\/figure>\n\n\n\n<p class=\"has-text-align-justify wp-block-paragraph\">\u201eRewan\u017c\u201d to jeden z&nbsp;<a href=\"https:\/\/audioteka.com\/pl\/katalog\/audioseriale\/\" target=\"_blank\" rel=\"noopener\">audioseriali<\/a>, kt\u00f3ry <strong>wci\u0105ga w&nbsp;\u015bwiat wielkiego tenisa, ale gra toczy si\u0119 tu o&nbsp;znacznie wi\u0119cej ni\u017c sportowe trofea<\/strong> \u2013 stawk\u0105 s\u0105 reputacja, prawda i&nbsp;drugie \u017cycie po upadku. G\u0142\u00f3wna bohaterka, by\u0142a mistrzyni kortu, powraca po roku ciszy, by zmierzy\u0107 si\u0119 nie tylko z&nbsp;przeciwniczkami, lecz tak\u017ce z&nbsp;cieniem przesz\u0142o\u015bci, kt\u00f3ra wci\u0105\u017c j\u0105 \u015bledzi i&nbsp;nie daje spokoju. <strong><a href=\"https:\/\/audioteka.com\/pl\/audiobook\/rewanz-odcinek-1\/\" target=\"_blank\" rel=\"noopener\">Pierwszy odcinek<\/a> mo\u017cesz wys\u0142ucha\u0107 ca\u0142kowicie za darmo<\/strong>, by poczu\u0107 napi\u0119cie tej opowie\u015bci i&nbsp;przekona\u0107 si\u0119, \u017ce to nie tylko sportowy dramat, ale i&nbsp;psychologiczny thriller z&nbsp;intryg\u0105, kt\u00f3ra wci\u0105ga od pierwszej minuty<\/p>\n\n\n\n<h2 class=\"wp-block-heading\"><span class=\"ez-toc-section\" id=\"Czy_darmowe_audiobooki_na_YouTube_sa_legalne\"><\/span>Czy darmowe audiobooki na YouTube s\u0105 legalne?<span class=\"ez-toc-section-end\"><\/span><\/h2>\n\n\n\n<p class=\"has-text-align-justify wp-block-paragraph\"><a href=\"https:\/\/youtube.com\/@audioteka?si=dyUyAeCp4JbTCxoT\" target=\"_blank\" rel=\"noopener\">Kana\u0142 Audioteki na YouTubie<\/a> to prawdziwa gratka dla mi\u0142o\u015bnik\u00f3w audiobook\u00f3w i&nbsp;superprodukcji. <strong>Mo\u017cesz tu zajrze\u0107 za kulisy powstawania najwi\u0119kszych hit\u00f3w,<\/strong> zobaczy\u0107 najlepszych polskich aktor\u00f3w przy pracy i&nbsp;poczu\u0107 atmosfer\u0119 studia nagra\u0144. W&nbsp;zak\u0142adce \u201eMaking of\u201d dowiesz si\u0119, jak wygl\u0105da proces tw\u00f3rczy od \u015brodka, a&nbsp;fragmenty superprodukcji pozwol\u0105 Ci odkry\u0107 brzmienie topowych tytu\u0142\u00f3w zanim zaczniesz s\u0142ucha\u0107 ich w&nbsp;ca\u0142o\u015bci. <strong>Znajdziesz te\u017c darmowe fragmenty audiobook\u00f3w,<\/strong> dzi\u0119ki kt\u00f3rym \u0142atwiej wybierzesz idealn\u0105 histori\u0119 dla siebie. Audioteka przygotowuje r\u00f3wnie\u017c wyj\u0105tkowe zwiastuny \u2013 po\u0142\u0105czenie obrazu i&nbsp;d\u017awi\u0119ku, kt\u00f3re pozwala poczu\u0107 klimat nadchodz\u0105cych premier. Nie brakuje te\u017c tre\u015bci dla dzieci \u2013 kolorowych, radosnych, pe\u0142nych przyg\u00f3d i&nbsp;fantazji. A&nbsp;je\u015bli szukasz inspiracji do rozm\u00f3w i&nbsp;refleksji, <strong>wpadnij do sekcji podcast\u00f3w z&nbsp;oryginalnymi formatami i&nbsp;ciekawymi go\u015b\u0107mi. <\/strong>Warto zajrze\u0107, zasubskrybowa\u0107 i&nbsp;zosta\u0107 na d\u0142u\u017cej \u2013 to przestrze\u0144, gdzie d\u017awi\u0119k naprawd\u0119 o\u017cywa.<\/p>\n\n\n\n<p class=\"has-text-align-justify wp-block-paragraph\">Wiemy, \u017ce korzystanie z&nbsp;darmowych audiobook\u00f3w na YouTube jest kusz\u0105ce, ale warto wiedzie\u0107, \u017ce <strong>nie zawsze powstaj\u0105 one\u2026 legalnie<\/strong>. Publikowanie pe\u0142nych wersji audiobook\u00f3w bez zgody w\u0142a\u015bciciela praw autorskich stanowi naruszenie prawa. Je\u015bli jednak utw\u00f3r znajduje si\u0119 w&nbsp;domenie publicznej, czyli prawa autorskie do niego wygas\u0142y (70 lat po \u015bmierci autora),<strong> jego udost\u0119pnianie jest legalne<\/strong>. Przyk\u0142ady takich dzie\u0142 to klasyki literatury, kt\u00f3re mo\u017cna znale\u017a\u0107 np. na kana\u0142ach LibriVox (po angielsku) czy Audiobook. Przygoda z&nbsp;ksi\u0105\u017ck\u0105. Czyta Robert Fra\u015b.<\/p>\n\n\n\n<p class=\"has-text-align-justify wp-block-paragraph\">Warto jednak zachowa\u0107 ostro\u017cno\u015b\u0107: niekt\u00f3re kana\u0142y mog\u0105 udost\u0119pnia\u0107 tre\u015bci chronione prawem autorskim bez odpowiednich zezwole\u0144. <strong>YouTube stosuje system Content ID, kt\u00f3ry pozwala w\u0142a\u015bcicielom praw identyfikowa\u0107<\/strong> i&nbsp;zarz\u0105dza\u0107 swoimi tre\u015bciami. Je\u015bli naruszenie zostanie wykryte, materia\u0142 mo\u017ce zosta\u0107 usuni\u0119ty, a&nbsp;konto u\u017cytkownika obci\u0105\u017cone ostrze\u017ceniem. \u200b<\/p>\n\n\n\n<figure class=\"wp-block-image size-full\"><a href=\"https:\/\/audioteka.com\/pl\/applications\" target=\"_blank\" rel=\"noopener\"><img data-recalc-dims=\"1\" loading=\"lazy\" decoding=\"async\" width=\"768\" height=\"216\" data-attachment-id=\"3444\" data-permalink=\"https:\/\/blogaudioteka.wpcomstaging.com\/odwaz-sie-sluchac-za-co-kochamy-erotyki\/banner_3v2-7-3\" data-orig-file=\"https:\/\/i0.wp.com\/blogaudioteka.wpcomstaging.com\/wp-content\/uploads\/banner_3v2-7-1.webp?fit=768%2C216&amp;ssl=1\" data-orig-size=\"768,216\" data-comments-opened=\"0\" data-image-meta=\"{&quot;aperture&quot;:&quot;0&quot;,&quot;credit&quot;:&quot;&quot;,&quot;camera&quot;:&quot;&quot;,&quot;caption&quot;:&quot;&quot;,&quot;created_timestamp&quot;:&quot;0&quot;,&quot;copyright&quot;:&quot;&quot;,&quot;focal_length&quot;:&quot;0&quot;,&quot;iso&quot;:&quot;0&quot;,&quot;shutter_speed&quot;:&quot;0&quot;,&quot;title&quot;:&quot;&quot;,&quot;orientation&quot;:&quot;0&quot;}\" data-image-title=\"banner_3v2-7\" data-image-description=\"\" data-image-caption=\"\" data-large-file=\"https:\/\/i0.wp.com\/blogaudioteka.wpcomstaging.com\/wp-content\/uploads\/banner_3v2-7-1.webp?fit=768%2C216&amp;ssl=1\" src=\"https:\/\/i0.wp.com\/blogaudioteka.wpcomstaging.com\/wp-content\/uploads\/banner_3v2-7-1.webp?resize=768%2C216&#038;ssl=1\" alt=\"\" class=\"wp-image-3444\" srcset=\"https:\/\/i0.wp.com\/blogaudioteka.wpcomstaging.com\/wp-content\/uploads\/banner_3v2-7-1.webp?w=768&amp;ssl=1 768w, https:\/\/i0.wp.com\/blogaudioteka.wpcomstaging.com\/wp-content\/uploads\/banner_3v2-7-1.webp?resize=300%2C84&amp;ssl=1 300w, https:\/\/i0.wp.com\/blogaudioteka.wpcomstaging.com\/wp-content\/uploads\/banner_3v2-7-1.webp?resize=512%2C144&amp;ssl=1 512w\" sizes=\"auto, (max-width: 768px) 100vw, 768px\" \/><\/a><\/figure>\n\n\n\n<h3 class=\"wp-block-heading\"><span class=\"ez-toc-section\" id=\"FAQ_czyli_wszystko_co_warto_wiedziec_o_legalnych_audiobookach_za_darmo\"><\/span><strong>FAQ, czyli wszystko, co warto wiedzie\u0107 o&nbsp;legalnych audiobookach za darmo<\/strong><span class=\"ez-toc-section-end\"><\/span><\/h3>\n\n\n\n<ol class=\"wp-block-list\">\n<li><strong>Czy naprawd\u0119 mo\u017cna s\u0142ucha\u0107 audiobook\u00f3w za darmo i&nbsp;legalnie?<\/strong><strong><br><\/strong>Tak! Istnieje wiele legalnych \u017ar\u00f3de\u0142 oferuj\u0105cych darmowe audiobooki. S\u0105 to m.in. polskie czy mi\u0119dzynarodowe projekty wolontariackie. Warto te\u017c korzysta\u0107 z&nbsp;aplikacji i&nbsp;bibliotek publicznych, kt\u00f3re udost\u0119pniaj\u0105 kody do platform z&nbsp;audiobookami.<br><\/li>\n\n\n\n<li><strong>Sk\u0105d mam wiedzie\u0107, \u017ce dany audiobook nie narusza praw autorskich?<\/strong><strong><br><\/strong>Legalny audiobook powinien pochodzi\u0107 z&nbsp;wiarygodnego \u017ar\u00f3d\u0142a \u2013 najlepiej z&nbsp;oficjalnej strony platformy, biblioteki cyfrowej lub kana\u0142u, kt\u00f3ry ma prawa do jego publikacji (np. wydawnictwo, autor, instytucja kulturalna). Unikaj przypadkowych film\u00f3w z&nbsp;YouTube, kt\u00f3re nie wskazuj\u0105 autora i&nbsp;wydawcy \u2013 mog\u0105 \u0142ama\u0107 prawa autorskie, nawet je\u015bli wygl\u0105daj\u0105 profesjonalnie.<br><\/li>\n\n\n\n<li><strong>Czy audiobooki z&nbsp;domeny publicznej s\u0105 darmowe dla ka\u017cdego?<br><\/strong>Tak, dzie\u0142a znajduj\u0105ce si\u0119 w&nbsp;domenie publicznej \u2013 czyli takie, do kt\u00f3rych wygas\u0142y prawa autorskie (najcz\u0119\u015bciej 70 lat po \u015bmierci autora) \u2013 mog\u0105 by\u0107 legalnie rozpowszechniane i&nbsp;s\u0142uchane przez wszystkich. Znajdziesz je np. na kanale Audioteki, na Wolnych Lekturach, w&nbsp;aplikacjach mobilnych z&nbsp;otwartymi zbiorami lub na kana\u0142ach LibriVox.<\/li>\n<\/ol>\n","protected":false},"excerpt":{"rendered":"Audiobooki to doskona\u0142y spos\u00f3b na czerpanie przyjemno\u015bci z&nbsp;literatury w&nbsp;ka\u017cdej sytuacji \u2013 podczas podr\u00f3\u017cy, sprz\u0105tania czy relaksu. Je\u015bli zastanawiasz&hellip;","protected":false},"author":264736300,"featured_media":4745,"comment_status":"closed","ping_status":"closed","sticky":false,"template":"","format":"standard","meta":{"_crdt_document":"","csco_display_header_overlay":false,"csco_singular_sidebar":"","csco_page_header_type":"","_jetpack_memberships_contains_paid_content":false,"footnotes":""},"categories":[14928,14929],"tags":[],"class_list":{"0":"post-4705","1":"post","2":"type-post","3":"status-publish","4":"format-standard","5":"has-post-thumbnail","7":"category-porady","8":"category-poradniki","9":"cs-entry"},"jetpack_featured_media_url":"https:\/\/i0.wp.com\/blogaudioteka.wpcomstaging.com\/wp-content\/uploads\/atk_group_60848_hyper-realistic_photo_of_white_headphones_bet_d6b1b2d0-421a-44c0-ab8f-4b982a071d01_0.png?fit=1456%2C816&ssl=1","jetpack_sharing_enabled":true,"_links":{"self":[{"href":"https:\/\/blogaudioteka.wpcomstaging.com\/wp-json\/wp\/v2\/posts\/4705","targetHints":{"allow":["GET"]}}],"collection":[{"href":"https:\/\/blogaudioteka.wpcomstaging.com\/wp-json\/wp\/v2\/posts"}],"about":[{"href":"https:\/\/blogaudioteka.wpcomstaging.com\/wp-json\/wp\/v2\/types\/post"}],"author":[{"embeddable":true,"href":"https:\/\/blogaudioteka.wpcomstaging.com\/wp-json\/wp\/v2\/users\/264736300"}],"replies":[{"embeddable":true,"href":"https:\/\/blogaudioteka.wpcomstaging.com\/wp-json\/wp\/v2\/comments?post=4705"}],"version-history":[{"count":29,"href":"https:\/\/blogaudioteka.wpcomstaging.com\/wp-json\/wp\/v2\/posts\/4705\/revisions"}],"predecessor-version":[{"id":4750,"href":"https:\/\/blogaudioteka.wpcomstaging.com\/wp-json\/wp\/v2\/posts\/4705\/revisions\/4750"}],"wp:featuredmedia":[{"embeddable":true,"href":"https:\/\/blogaudioteka.wpcomstaging.com\/wp-json\/wp\/v2\/media\/4745"}],"wp:attachment":[{"href":"https:\/\/blogaudioteka.wpcomstaging.com\/wp-json\/wp\/v2\/media?parent=4705"}],"wp:term":[{"taxonomy":"category","embeddable":true,"href":"https:\/\/blogaudioteka.wpcomstaging.com\/wp-json\/wp\/v2\/categories?post=4705"},{"taxonomy":"post_tag","embeddable":true,"href":"https:\/\/blogaudioteka.wpcomstaging.com\/wp-json\/wp\/v2\/tags?post=4705"}],"curies":[{"name":"wp","href":"https:\/\/api.w.org\/{rel}","templated":true}]}}