{"id":4665,"date":"2025-06-23T10:16:02","date_gmt":"2025-06-23T08:16:02","guid":{"rendered":"https:\/\/blogaudioteka.wpcomstaging.com\/?p=4665"},"modified":"2025-06-23T10:16:05","modified_gmt":"2025-06-23T08:16:05","slug":"poznaj-tworczosc-jakuba-zulczyka","status":"publish","type":"post","link":"https:\/\/blogaudioteka.wpcomstaging.com\/poznaj-tworczosc-jakuba-zulczyka","title":{"rendered":"Poznaj tw\u00f3rczo\u015b\u0107 Jakuba \u017bulczyka"},"content":{"rendered":"\n<p class=\"has-text-align-justify wp-block-paragraph\"><strong>Je\u015bli szukasz literatury, kt\u00f3ra poruszy Ci\u0119 do g\u0142\u0119bi, a&nbsp;jednocze\u015bnie pozwoli na refleksj\u0119 nad kondycj\u0105 wsp\u00f3\u0142czesnego \u015bwiata, to powie\u015bci Jakuba \u017bulczyka b\u0119d\u0105 dla Ciebie strza\u0142em w&nbsp;dziesi\u0105tk\u0119. Pisarz ten z&nbsp;jednej strony si\u0119ga po mroczne zakamarki ludzkiej psychiki, z&nbsp;drugiej \u2013 cechuje si\u0119 ogromn\u0105 wra\u017cliwo\u015bci\u0105 rozpisuje relacje mi\u0119dzyludzkie. Jego pe\u0142en ironii styl sprawia, \u017ce ka\u017cde zdanie wbija si\u0119 w&nbsp;pami\u0119\u0107. Poznaj autora, kt\u00f3ry zdoby\u0142 serca czytelnik\u00f3w i&nbsp;widz\u00f3w dzi\u0119ki inteligentnym, prowokuj\u0105cym tekstom o&nbsp;Polsce, jakiej nie znasz \u2013 a&nbsp;mo\u017ce nie chcesz zna\u0107?<\/strong><\/p>\n\n\n\n<div id=\"ez-toc-container\" class=\"ez-toc-v2_0_82_2 counter-hierarchy ez-toc-counter ez-toc-grey ez-toc-container-direction\">\n<div class=\"ez-toc-title-container\"><span class=\"ez-toc-title\" style=\"cursor:inherit\">Spis tre\u015bci<\/span>\n<\/div><nav><ul class='ez-toc-list ez-toc-list-level-1 ' ><li class='ez-toc-page-1 ez-toc-heading-level-2'><a class=\"ez-toc-link ez-toc-heading-1\" href=\"https:\/\/blogaudioteka.wpcomstaging.com\/poznaj-tworczosc-jakuba-zulczyka\/#Jakub_Zulczyk_%E2%80%93_autor_ktory_mowi_wprost\" >Jakub \u017bulczyk \u2013 autor, kt\u00f3ry m\u00f3wi wprost<\/a><\/li><li class='ez-toc-page-1 ez-toc-heading-level-2'><a class=\"ez-toc-link ez-toc-heading-2\" href=\"https:\/\/blogaudioteka.wpcomstaging.com\/poznaj-tworczosc-jakuba-zulczyka\/#Dlaczego_kochamy_powiesci_Zulczyka\" >Dlaczego kochamy powie\u015bci \u017bulczyka?<\/a><\/li><li class='ez-toc-page-1 ez-toc-heading-level-2'><a class=\"ez-toc-link ez-toc-heading-3\" href=\"https:\/\/blogaudioteka.wpcomstaging.com\/poznaj-tworczosc-jakuba-zulczyka\/#Powiesci_Jakuba_Zulczyka_ktore_koniecznie_musisz_poznac\" >Powie\u015bci Jakuba \u017bulczyka, kt\u00f3re koniecznie musisz pozna\u0107<\/a><ul class='ez-toc-list-level-3' ><li class='ez-toc-heading-level-3'><a class=\"ez-toc-link ez-toc-heading-4\" href=\"https:\/\/blogaudioteka.wpcomstaging.com\/poznaj-tworczosc-jakuba-zulczyka\/#Slepnac_od_swiatel_2014\" >\u015alepn\u0105c od \u015bwiate\u0142 (2014)<\/a><\/li><li class='ez-toc-page-1 ez-toc-heading-level-3'><a class=\"ez-toc-link ez-toc-heading-5\" href=\"https:\/\/blogaudioteka.wpcomstaging.com\/poznaj-tworczosc-jakuba-zulczyka\/#Wzgorze_psow_2017\" >Wzg\u00f3rze ps\u00f3w (2017)<\/a><\/li><li class='ez-toc-page-1 ez-toc-heading-level-3'><a class=\"ez-toc-link ez-toc-heading-6\" href=\"https:\/\/blogaudioteka.wpcomstaging.com\/poznaj-tworczosc-jakuba-zulczyka\/#Informacja_zwrotna_2021\" >Informacja zwrotna (2021)<\/a><\/li><li class='ez-toc-page-1 ez-toc-heading-level-3'><a class=\"ez-toc-link ez-toc-heading-7\" href=\"https:\/\/blogaudioteka.wpcomstaging.com\/poznaj-tworczosc-jakuba-zulczyka\/#Instytut_2010\" >Instytut (2010)<\/a><\/li><li class='ez-toc-page-1 ez-toc-heading-level-3'><a class=\"ez-toc-link ez-toc-heading-8\" href=\"https:\/\/blogaudioteka.wpcomstaging.com\/poznaj-tworczosc-jakuba-zulczyka\/#Zrob_mi_jakas_krzywde_2006\" >Zr\u00f3b mi jak\u0105\u015b krzywd\u0119 (2006)<\/a><\/li><\/ul><\/li><li class='ez-toc-page-1 ez-toc-heading-level-2'><a class=\"ez-toc-link ez-toc-heading-9\" href=\"https:\/\/blogaudioteka.wpcomstaging.com\/poznaj-tworczosc-jakuba-zulczyka\/#Audiobooki_Jakuba_Zulczyka_w_Audiotece_%E2%80%93_poznaj_bestsellery_topowego_pisarza\" >Audiobooki Jakuba \u017bulczyka w&nbsp;Audiotece \u2013 poznaj bestsellery topowego pisarza<\/a><\/li><li class='ez-toc-page-1 ez-toc-heading-level-2'><a class=\"ez-toc-link ez-toc-heading-10\" href=\"https:\/\/blogaudioteka.wpcomstaging.com\/poznaj-tworczosc-jakuba-zulczyka\/#Bonus_posluchaj_co_Jakub_Zulczyk_mowi_o_swojej_tworczosci\" >Bonus: pos\u0142uchaj, co Jakub \u017bulczyk m\u00f3wi o&nbsp;swojej tw\u00f3rczo\u015bci<\/a><ul class='ez-toc-list-level-3' ><li class='ez-toc-heading-level-3'><a class=\"ez-toc-link ez-toc-heading-11\" href=\"https:\/\/blogaudioteka.wpcomstaging.com\/poznaj-tworczosc-jakuba-zulczyka\/#Podsumowanie\" >Podsumowanie<\/a><\/li><\/ul><\/li><\/ul><\/nav><\/div>\n<h2 class=\"wp-block-heading\"><span class=\"ez-toc-section\" id=\"Jakub_Zulczyk_%E2%80%93_autor_ktory_mowi_wprost\"><\/span>Jakub \u017bulczyk \u2013 autor, kt\u00f3ry m\u00f3wi wprost<span class=\"ez-toc-section-end\"><\/span><\/h2>\n\n\n\n<p class=\"has-text-align-justify wp-block-paragraph\"><a href=\"https:\/\/audioteka.com\/pl\/autor\/jakub-zulczyk\/\" target=\"_blank\" rel=\"noopener\">Jakub \u017bulczyk<\/a> (ur. 12 sierpnia 1983) to pisarz, dziennikarz, scenarzysta i&nbsp;komentator rzeczywisto\u015bci. Urodzony w&nbsp;Szczytnie, studiowa\u0142 dziennikarstwo na Uniwersytecie Jagiello\u0144skim, a&nbsp;jego kariera obejmuje felietony w&nbsp;\u201cPolityce\u201d, \u201cWprost\u201d czy \u201cPlayboy\u2019u\u201d oraz scenariusze seriali (np. \u201eBelfer\u201d). Debiutowa\u0142 w&nbsp;2006 roku powie\u015bci\u0105 drogi \u201cZr\u00f3b mi jak\u0105\u015b krzywd\u0119\u201d, a&nbsp;od tego czasu regularnie <strong>eksploruje tematy spo\u0142eczne, mentalne i&nbsp;moralne<\/strong>, cz\u0119sto balansuj\u0105c na granicy konwencji gatunkowych.<\/p>\n\n\n\n<p class=\"has-text-align-justify wp-block-paragraph\">Jego tw\u00f3rczo\u015b\u0107 cz\u0119sto oscyluje wok\u00f3\u0142 mroku \u2013 <strong>narkotyk\u00f3w, przemocy, toksycznych relacji <\/strong>\u2013 ale robi to z&nbsp;niezwyk\u0142ym stylem i&nbsp;swad\u0105. Najwi\u0119kszy rozg\u0142os przyni\u00f3s\u0142 mu krymina\u0142 \u201c\u015alepn\u0105c od \u015bwiate\u0142\u201d (2014), kt\u00f3ry trafi\u0142 na list\u0119 nominowanych do Paszport\u00f3w Polityki i&nbsp;sta\u0142 si\u0119 fundamentem scenariusza kultowego ju\u017c serialem HBO. Ale \u017bulczyk potrafi pisa\u0107 te\u017c lirycznie (\u201cWzg\u00f3rze ps\u00f3w\u201d) czy filozoficznie (\u201cInformacja zwrotna\u201d), przez co jest jednym z&nbsp;najbardziej wszechstronnych g\u0142os\u00f3w polskiej prozy wsp\u00f3\u0142czesnej.<\/p>\n\n\n\n<h2 class=\"wp-block-heading\"><span class=\"ez-toc-section\" id=\"Dlaczego_kochamy_powiesci_Zulczyka\"><\/span>Dlaczego kochamy powie\u015bci \u017bulczyka?<span class=\"ez-toc-section-end\"><\/span><\/h2>\n\n\n\n<p class=\"has-text-align-justify wp-block-paragraph\">Co sprawia, \u017ce Polacy pokochali \u017bulczyka? Powodem jest przede wszystkim jego ironiczny, \u017cywy j\u0119zyk. Pisze tak, jak si\u0119 rozmawia:<strong> z&nbsp;b\u0142yskotliwymi metaforami, ci\u0119t\u0105 ripost\u0105 i&nbsp;g\u0142\u0119bokim brakiem moralnej oboj\u0119tno\u015bci<\/strong>. Narkotyczny klimat warszawskich rezydencji, bolesne obrazy ma\u0142ych miasteczek, ale tak\u017ce uczucia \u2013 z\u0142o\u015b\u0107, wstyd, t\u0119sknota \u2013 wyp\u0142ywaj\u0105 z&nbsp;jego tekst\u00f3w naturalnie i&nbsp;intensywnie.<\/p>\n\n\n\n<figure class=\"wp-block-pullquote\"><blockquote><p>\ud83d\udc49<a href=\"https:\/\/audioteka.com\/pl\/cykl\/posluchaj-zanim-obejrzysz\/\" target=\"_blank\" rel=\"noopener\">Sprawd\u017a interesuj\u0105cy cykl &#8222;Pos\u0142uchaj, zanim obejrzysz&#8221; w&nbsp;Audiotece<\/a><\/p><\/blockquote><\/figure>\n\n\n\n<p class=\"has-text-align-justify wp-block-paragraph\">Po drugie \u2013 czytelnicy doceniaj\u0105 odwag\u0119.<strong> \u017bulczyk nie boi si\u0119 pokazywa\u0107 brudnej strony \u017cycia<\/strong>: korupcji, uzale\u017cnie\u0144, psychicznego za\u0142amania. Jednak jego bohaterowie nie s\u0105 jednoznacznymi ofiarami ani potworami \u2013 to ludzie z&nbsp;krwi i&nbsp;ko\u015bci, cz\u0119sto sami nie potrafi\u0105cy zrozumie\u0107 swojej traumy. W\u0142a\u015bnie ta autentyczno\u015b\u0107, po\u0142\u0105czenie czerni z&nbsp;g\u0142\u0119bok\u0105 empati\u0105, wyr\u00f3\u017cnia jego powie\u015bci na tle mainstreamowej prozy.<\/p>\n\n\n\n<h2 class=\"wp-block-heading\"><span class=\"ez-toc-section\" id=\"Powiesci_Jakuba_Zulczyka_ktore_koniecznie_musisz_poznac\"><\/span>Powie\u015bci Jakuba \u017bulczyka, kt\u00f3re koniecznie musisz pozna\u0107<span class=\"ez-toc-section-end\"><\/span><\/h2>\n\n\n\n<p class=\"has-text-align-justify wp-block-paragraph\">Je\u015bli chcesz pozna\u0107 \u017bulczyka od najbardziej refleksyjnej, wielowymiarowej strony \u2013 poni\u017cej znajdziesz 5 najwa\u017cniejszych tytu\u0142\u00f3w jego autorstwa. Oto opowie\u015bci, kt\u00f3re r\u00f3wnocze\u015bnie trzymaj\u0105 w&nbsp;napi\u0119ciu i&nbsp;sk\u0142aniaj\u0105 do my\u015blenia.<\/p>\n\n\n\n<h3 class=\"wp-block-heading\"><span class=\"ez-toc-section\" id=\"Slepnac_od_swiatel_2014\"><\/span><a href=\"https:\/\/audioteka.com\/pl\/audiobook\/slepnac-od-swiatel\/\" target=\"_blank\" rel=\"noopener\">\u015alepn\u0105c od \u015bwiate\u0142<\/a> (2014)<span class=\"ez-toc-section-end\"><\/span><\/h3>\n\n\n<div class=\"wp-block-image\">\n<figure class=\"aligncenter size-full\"><img loading=\"lazy\" decoding=\"async\" width=\"300\" height=\"300\" data-attachment-id=\"4676\" data-permalink=\"https:\/\/blogaudioteka.wpcomstaging.com\/poznaj-tworczosc-jakuba-zulczyka\/slepnac-od-swiatel-nowa\" data-orig-file=\"https:\/\/blogaudioteka.wpcomstaging.com\/wp-content\/uploads\/slepnac-od-swiatel-nowa.avif\" data-orig-size=\"300,300\" data-comments-opened=\"0\" data-image-meta=\"{&quot;aperture&quot;:&quot;0&quot;,&quot;credit&quot;:&quot;&quot;,&quot;camera&quot;:&quot;&quot;,&quot;caption&quot;:&quot;&quot;,&quot;created_timestamp&quot;:&quot;0&quot;,&quot;copyright&quot;:&quot;&quot;,&quot;focal_length&quot;:&quot;0&quot;,&quot;iso&quot;:&quot;0&quot;,&quot;shutter_speed&quot;:&quot;0&quot;,&quot;title&quot;:&quot;&quot;,&quot;orientation&quot;:&quot;0&quot;}\" data-image-title=\"slepnac-od-swiatel-nowa\" data-image-description=\"\" data-image-caption=\"\" data-large-file=\"https:\/\/blogaudioteka.wpcomstaging.com\/wp-content\/uploads\/slepnac-od-swiatel-nowa.avif\" src=\"https:\/\/blogaudioteka.wpcomstaging.com\/wp-content\/uploads\/slepnac-od-swiatel-nowa.avif\" alt=\"\" class=\"wp-image-4676\" srcset=\"https:\/\/blogaudioteka.wpcomstaging.com\/wp-content\/uploads\/slepnac-od-swiatel-nowa.avif 300w, https:\/\/blogaudioteka.wpcomstaging.com\/wp-content\/uploads\/slepnac-od-swiatel-nowa-150x150.avif 150w, https:\/\/blogaudioteka.wpcomstaging.com\/wp-content\/uploads\/slepnac-od-swiatel-nowa-200x200.avif 200w, https:\/\/blogaudioteka.wpcomstaging.com\/wp-content\/uploads\/slepnac-od-swiatel-nowa-148x148.avif 148w, https:\/\/blogaudioteka.wpcomstaging.com\/wp-content\/uploads\/slepnac-od-swiatel-nowa-296x296.avif 296w\" sizes=\"auto, (max-width: 300px) 100vw, 300px\" \/><\/figure>\n<\/div>\n\n\n<p class=\"has-text-align-justify wp-block-paragraph\">Kultowy thriller o&nbsp;warszawskim dilerze narkotykowym, Kubie Niteckim, kt\u00f3ry pr\u00f3buje wyrwa\u0107 si\u0119 z&nbsp;mrocznego \u015bwiata. To ksi\u0105\u017cka k\u0105\u015bliwa, brutalna i&nbsp;niepokoj\u0105co prawdziwa, z&nbsp;<strong>bohaterem-widmem, kt\u00f3ry balansuje na kraw\u0119dzi<\/strong>. Serial HBO tylko podkre\u015bli\u0142 moc tej powie\u015bci \u2013 ale to w&nbsp;ksi\u0105\u017cce \u017bulczyka kryje si\u0119 prawdziwa g\u0142\u0119bia postaci i&nbsp;miasta.<\/p>\n\n\n\n<h3 class=\"wp-block-heading\"><span class=\"ez-toc-section\" id=\"Wzgorze_psow_2017\"><\/span><a href=\"https:\/\/audioteka.com\/pl\/audiobook\/wzgorze-psow\/\" target=\"_blank\" rel=\"noopener\">Wzg\u00f3rze ps\u00f3w<\/a> (2017)<span class=\"ez-toc-section-end\"><\/span><\/h3>\n\n\n<div class=\"wp-block-image\">\n<figure class=\"aligncenter size-full\"><img loading=\"lazy\" decoding=\"async\" width=\"300\" height=\"300\" data-attachment-id=\"4678\" data-permalink=\"https:\/\/blogaudioteka.wpcomstaging.com\/poznaj-tworczosc-jakuba-zulczyka\/wzgorze-psow-serialowa\" data-orig-file=\"https:\/\/blogaudioteka.wpcomstaging.com\/wp-content\/uploads\/wzgorze-psow-serialowa.avif\" data-orig-size=\"300,300\" data-comments-opened=\"0\" data-image-meta=\"{&quot;aperture&quot;:&quot;0&quot;,&quot;credit&quot;:&quot;&quot;,&quot;camera&quot;:&quot;&quot;,&quot;caption&quot;:&quot;&quot;,&quot;created_timestamp&quot;:&quot;0&quot;,&quot;copyright&quot;:&quot;&quot;,&quot;focal_length&quot;:&quot;0&quot;,&quot;iso&quot;:&quot;0&quot;,&quot;shutter_speed&quot;:&quot;0&quot;,&quot;title&quot;:&quot;&quot;,&quot;orientation&quot;:&quot;0&quot;}\" data-image-title=\"wzgorze-psow-serialowa\" data-image-description=\"\" data-image-caption=\"\" data-large-file=\"https:\/\/blogaudioteka.wpcomstaging.com\/wp-content\/uploads\/wzgorze-psow-serialowa.avif\" src=\"https:\/\/blogaudioteka.wpcomstaging.com\/wp-content\/uploads\/wzgorze-psow-serialowa.avif\" alt=\"\" class=\"wp-image-4678\" srcset=\"https:\/\/blogaudioteka.wpcomstaging.com\/wp-content\/uploads\/wzgorze-psow-serialowa.avif 300w, https:\/\/blogaudioteka.wpcomstaging.com\/wp-content\/uploads\/wzgorze-psow-serialowa-150x150.avif 150w, https:\/\/blogaudioteka.wpcomstaging.com\/wp-content\/uploads\/wzgorze-psow-serialowa-200x200.avif 200w, https:\/\/blogaudioteka.wpcomstaging.com\/wp-content\/uploads\/wzgorze-psow-serialowa-148x148.avif 148w, https:\/\/blogaudioteka.wpcomstaging.com\/wp-content\/uploads\/wzgorze-psow-serialowa-296x296.avif 296w\" sizes=\"auto, (max-width: 300px) 100vw, 300px\" \/><\/figure>\n<\/div>\n\n\n<p class=\"has-text-align-justify wp-block-paragraph\">Psychologiczna powie\u015b\u0107 obyczajowa osadzona w&nbsp;ma\u0142ym miasteczku, w&nbsp;kt\u00f3rym zbrodnia wywraca \u017cycie lokalnej spo\u0142eczno\u015bci. <strong>\u017bulczyk znakomicie oddaje atmosfer\u0119 strachu i&nbsp;tajemnicy<\/strong>, a&nbsp;portret ma\u0142omiasteczkowej rzeczywisto\u015bci jego autorstwa jest bolesny, cz\u0119sto tragiczny, a&nbsp;i przejmuj\u0105co ludzki. Nagrody, w&nbsp;tym Literacka Nagroda Warszawy i&nbsp;nominacja Nike, potwierdzaj\u0105 znaczenie tej ksi\u0105\u017cki.<\/p>\n\n\n\n<h3 class=\"wp-block-heading\"><span class=\"ez-toc-section\" id=\"Informacja_zwrotna_2021\"><\/span><a href=\"https:\/\/audioteka.com\/pl\/audiobook\/informacja-zwrotna\/\" target=\"_blank\" rel=\"noopener\">Informacja zwrotna<\/a> (2021)<span class=\"ez-toc-section-end\"><\/span><\/h3>\n\n\n<div class=\"wp-block-image\">\n<figure class=\"aligncenter size-full\"><img loading=\"lazy\" decoding=\"async\" width=\"300\" height=\"300\" data-attachment-id=\"4679\" data-permalink=\"https:\/\/blogaudioteka.wpcomstaging.com\/poznaj-tworczosc-jakuba-zulczyka\/informacja_zwrotna-new-ok\" data-orig-file=\"https:\/\/blogaudioteka.wpcomstaging.com\/wp-content\/uploads\/informacja_zwrotna-new-OK.avif\" data-orig-size=\"300,300\" data-comments-opened=\"0\" data-image-meta=\"{&quot;aperture&quot;:&quot;0&quot;,&quot;credit&quot;:&quot;&quot;,&quot;camera&quot;:&quot;&quot;,&quot;caption&quot;:&quot;&quot;,&quot;created_timestamp&quot;:&quot;0&quot;,&quot;copyright&quot;:&quot;&quot;,&quot;focal_length&quot;:&quot;0&quot;,&quot;iso&quot;:&quot;0&quot;,&quot;shutter_speed&quot;:&quot;0&quot;,&quot;title&quot;:&quot;&quot;,&quot;orientation&quot;:&quot;0&quot;}\" data-image-title=\"informacja_zwrotna-new-OK\" data-image-description=\"\" data-image-caption=\"\" data-large-file=\"https:\/\/blogaudioteka.wpcomstaging.com\/wp-content\/uploads\/informacja_zwrotna-new-OK.avif\" src=\"https:\/\/blogaudioteka.wpcomstaging.com\/wp-content\/uploads\/informacja_zwrotna-new-OK.avif\" alt=\"\" class=\"wp-image-4679\" srcset=\"https:\/\/blogaudioteka.wpcomstaging.com\/wp-content\/uploads\/informacja_zwrotna-new-OK.avif 300w, https:\/\/blogaudioteka.wpcomstaging.com\/wp-content\/uploads\/informacja_zwrotna-new-OK-150x150.avif 150w, https:\/\/blogaudioteka.wpcomstaging.com\/wp-content\/uploads\/informacja_zwrotna-new-OK-200x200.avif 200w, https:\/\/blogaudioteka.wpcomstaging.com\/wp-content\/uploads\/informacja_zwrotna-new-OK-148x148.avif 148w, https:\/\/blogaudioteka.wpcomstaging.com\/wp-content\/uploads\/informacja_zwrotna-new-OK-296x296.avif 296w\" sizes=\"auto, (max-width: 300px) 100vw, 300px\" \/><\/figure>\n<\/div>\n\n\n<p class=\"has-text-align-justify wp-block-paragraph\">Wci\u0105gaj\u0105ca saga rodzinna i&nbsp;kryminalna jednocze\u015bnie \u2013 <strong>historia pieni\u0105dza, mocy i&nbsp;zemsty<\/strong>. \u017bulczyk rozwija ni\u0107 intrygi z&nbsp;klas\u0105 i&nbsp;elegancj\u0105, a&nbsp;jednocze\u015bnie z&nbsp;pokazem si\u0142y emocjonalnej: jak daleko jeste\u015bmy gotowi i\u015b\u0107, by obroni\u0107 swoje. Netflixowa adaptacja \u201cFeedback\u201d podkre\u015bli\u0142a uniwersalno\u015b\u0107 i&nbsp;si\u0142\u0119 tego tekstu.<\/p>\n\n\n\n<h3 class=\"wp-block-heading\"><span class=\"ez-toc-section\" id=\"Instytut_2010\"><\/span><a href=\"https:\/\/audioteka.com\/pl\/audiobook\/instytut\/\" target=\"_blank\" rel=\"noopener\">Instytut<\/a> (2010)<span class=\"ez-toc-section-end\"><\/span><\/h3>\n\n\n<div class=\"wp-block-image\">\n<figure class=\"aligncenter size-full\"><img loading=\"lazy\" decoding=\"async\" width=\"300\" height=\"300\" data-attachment-id=\"4682\" data-permalink=\"https:\/\/blogaudioteka.wpcomstaging.com\/poznaj-tworczosc-jakuba-zulczyka\/instytut-original\" data-orig-file=\"https:\/\/blogaudioteka.wpcomstaging.com\/wp-content\/uploads\/instytut-original.avif\" data-orig-size=\"300,300\" data-comments-opened=\"0\" data-image-meta=\"{&quot;aperture&quot;:&quot;0&quot;,&quot;credit&quot;:&quot;&quot;,&quot;camera&quot;:&quot;&quot;,&quot;caption&quot;:&quot;&quot;,&quot;created_timestamp&quot;:&quot;0&quot;,&quot;copyright&quot;:&quot;&quot;,&quot;focal_length&quot;:&quot;0&quot;,&quot;iso&quot;:&quot;0&quot;,&quot;shutter_speed&quot;:&quot;0&quot;,&quot;title&quot;:&quot;&quot;,&quot;orientation&quot;:&quot;0&quot;}\" data-image-title=\"instytut-original\" data-image-description=\"\" data-image-caption=\"\" data-large-file=\"https:\/\/blogaudioteka.wpcomstaging.com\/wp-content\/uploads\/instytut-original.avif\" src=\"https:\/\/blogaudioteka.wpcomstaging.com\/wp-content\/uploads\/instytut-original.avif\" alt=\"\" class=\"wp-image-4682\" srcset=\"https:\/\/blogaudioteka.wpcomstaging.com\/wp-content\/uploads\/instytut-original.avif 300w, https:\/\/blogaudioteka.wpcomstaging.com\/wp-content\/uploads\/instytut-original-150x150.avif 150w, https:\/\/blogaudioteka.wpcomstaging.com\/wp-content\/uploads\/instytut-original-200x200.avif 200w, https:\/\/blogaudioteka.wpcomstaging.com\/wp-content\/uploads\/instytut-original-148x148.avif 148w, https:\/\/blogaudioteka.wpcomstaging.com\/wp-content\/uploads\/instytut-original-296x296.avif 296w\" sizes=\"auto, (max-width: 300px) 100vw, 300px\" \/><\/figure>\n<\/div>\n\n\n<p class=\"has-text-align-justify wp-block-paragraph\">Thriller psychologiczny o&nbsp;eksperymentach na ludzkim umy\u015ble, o&nbsp;granicach wolno\u015bci i&nbsp;to\u017csamo\u015bci. \u017bulczyk si\u0119ga po mroczny temat i&nbsp;prowadzi go z&nbsp;ch\u0142odn\u0105 precyzj\u0105 \u2013 <strong>to nie tylko sensacja, ale refleksja<\/strong> o&nbsp;kondycji jednostki we wsp\u00f3\u0142czesnym \u015bwiecie techniki.<\/p>\n\n\n\n<h3 class=\"wp-block-heading\"><span class=\"ez-toc-section\" id=\"Zrob_mi_jakas_krzywde_2006\"><\/span><a href=\"https:\/\/audioteka.com\/pl\/audiobook\/zrob-mi-jakas-krzywde\/\" target=\"_blank\" rel=\"noopener\">Zr\u00f3b mi jak\u0105\u015b krzywd\u0119<\/a> (2006)<span class=\"ez-toc-section-end\"><\/span><\/h3>\n\n\n<div class=\"wp-block-image\">\n<figure class=\"aligncenter size-full\"><img loading=\"lazy\" decoding=\"async\" width=\"300\" height=\"300\" data-attachment-id=\"4681\" data-permalink=\"https:\/\/blogaudioteka.wpcomstaging.com\/poznaj-tworczosc-jakuba-zulczyka\/zrob-mi-jakas-krzywde-new-okladka\" data-orig-file=\"https:\/\/blogaudioteka.wpcomstaging.com\/wp-content\/uploads\/zrob-mi-jakas-krzywde-new-okladka.avif\" data-orig-size=\"300,300\" data-comments-opened=\"0\" data-image-meta=\"{&quot;aperture&quot;:&quot;0&quot;,&quot;credit&quot;:&quot;&quot;,&quot;camera&quot;:&quot;&quot;,&quot;caption&quot;:&quot;&quot;,&quot;created_timestamp&quot;:&quot;0&quot;,&quot;copyright&quot;:&quot;&quot;,&quot;focal_length&quot;:&quot;0&quot;,&quot;iso&quot;:&quot;0&quot;,&quot;shutter_speed&quot;:&quot;0&quot;,&quot;title&quot;:&quot;&quot;,&quot;orientation&quot;:&quot;0&quot;}\" data-image-title=\"zrob-mi-jakas-krzywde-new-okladka\" data-image-description=\"\" data-image-caption=\"\" data-large-file=\"https:\/\/blogaudioteka.wpcomstaging.com\/wp-content\/uploads\/zrob-mi-jakas-krzywde-new-okladka.avif\" src=\"https:\/\/blogaudioteka.wpcomstaging.com\/wp-content\/uploads\/zrob-mi-jakas-krzywde-new-okladka.avif\" alt=\"\" class=\"wp-image-4681\" srcset=\"https:\/\/blogaudioteka.wpcomstaging.com\/wp-content\/uploads\/zrob-mi-jakas-krzywde-new-okladka.avif 300w, https:\/\/blogaudioteka.wpcomstaging.com\/wp-content\/uploads\/zrob-mi-jakas-krzywde-new-okladka-150x150.avif 150w, https:\/\/blogaudioteka.wpcomstaging.com\/wp-content\/uploads\/zrob-mi-jakas-krzywde-new-okladka-200x200.avif 200w, https:\/\/blogaudioteka.wpcomstaging.com\/wp-content\/uploads\/zrob-mi-jakas-krzywde-new-okladka-148x148.avif 148w, https:\/\/blogaudioteka.wpcomstaging.com\/wp-content\/uploads\/zrob-mi-jakas-krzywde-new-okladka-296x296.avif 296w\" sizes=\"auto, (max-width: 300px) 100vw, 300px\" \/><\/figure>\n<\/div>\n\n\n<p class=\"has-text-align-justify wp-block-paragraph\">Literacki debiut Jakuba \u017bulczyka \u2013 powie\u015b\u0107 drogi o&nbsp;m\u0142odych ludziach, grach video i&nbsp;poszukiwaniu to\u017csamo\u015bci. \u017bulczyk w&nbsp;spos\u00f3b przejmuj\u0105co osobisty<strong> \u0142\u0105czy popkultur\u0119 z&nbsp;emocjami dojrzewaj\u0105cych bohater\u00f3w<\/strong>, zapisuj\u0105c uniwersalny portret pokolenia.<\/p>\n\n\n\n<p class=\"has-text-align-justify wp-block-paragraph\">Jakub \u017bulczyk to autor, kt\u00f3ry potrafi pisa\u0107 o&nbsp;Polsce bez lukru, ale i&nbsp;z niezwyk\u0142ym wyczuciem emocji. Jego powie\u015bci zaskakuj\u0105 form\u0105 i&nbsp;tre\u015bci\u0105 \u2013 <strong>to teksty, kt\u00f3re zostaj\u0105 ze s\u0142uchaczem d\u0142ugo po ostatniej stronie<\/strong>. Je\u015bli lubisz ksi\u0105\u017cki, kt\u00f3re buduj\u0105 napi\u0119cie, ale i&nbsp;s\u0105 g\u0142\u0119boko osadzone w&nbsp;realnym \u015bwiecie, si\u0119gnij po \u017bulczyka \u2013 gwarantuj\u0119, \u017ce to b\u0119dzie literacka przygoda pe\u0142na refleksji i&nbsp;adrenaliny.<\/p>\n\n\n\n<h2 class=\"wp-block-heading\"><span class=\"ez-toc-section\" id=\"Audiobooki_Jakuba_Zulczyka_w_Audiotece_%E2%80%93_poznaj_bestsellery_topowego_pisarza\"><\/span>Audiobooki Jakuba \u017bulczyka w&nbsp;Audiotece \u2013 poznaj bestsellery topowego pisarza<span class=\"ez-toc-section-end\"><\/span><\/h2>\n\n\n\n<p class=\"has-text-align-justify wp-block-paragraph\">Jakub \u017bulczyk to jeden z&nbsp;najch\u0119tniej s\u0142uchanych autor\u00f3w w&nbsp;<a href=\"https:\/\/audioteka.com\/pl\/\" target=\"_blank\" rel=\"noopener\">Audiotece<\/a> \u2013 a&nbsp;to za spraw\u0105 licznych produkcji, kt\u00f3re regularnie trafiaj\u0105 do sekcji <a href=\"https:\/\/audioteka.com\/pl\/cykl\/bestsellery\/\" target=\"_blank\" rel=\"noopener\">bestseller\u00f3w<\/a>. W&nbsp;naszej ofercie znajdziesz nie tylko wspomniane wcze\u015bniej tytu\u0142y, ale te\u017c m.in. <a href=\"https:\/\/audioteka.com\/pl\/audiobook\/radio-armageddon\/\" target=\"_blank\" rel=\"noopener\">\u201cRadio Armagedon\u201d<\/a> czy <a href=\"https:\/\/audioteka.com\/pl\/audiobook\/kandydat\/\" target=\"_blank\" rel=\"noopener\">\u201cKandydata\u201d<\/a>. \u017bulczyk trafia w&nbsp;przestrze\u0144 literackich oczekiwa\u0144 naszych u\u017cytkownik\u00f3w, kt\u00f3rzy \u0142akn\u0105 mocnego tekstu: <strong>mrocznych wizji miast, dramat\u00f3w psychologicznych jednostki, trudnych temat\u00f3w spo\u0142ecznych, przemocy<\/strong>.<\/p>\n\n\n\n<p class=\"has-text-align-justify wp-block-paragraph\">W wersjach audio proza Jakuba \u017bulczyk zyskuje now\u0105 ram\u0119 artystyczn\u0105 \u2013 wymiar narracyjny, kt\u00f3ry spotyka si\u0119 z&nbsp;doskona\u0142ym wykonaniem lektor\u00f3w. To ca\u0142a plejada gwiazd: <a href=\"https:\/\/audioteka.com\/pl\/lektor\/grzegorz-damiecki\/\" target=\"_blank\" rel=\"noopener\">Grzegorz Dami\u0119cki<\/a>, Jakub Wieczorek, <a href=\"https:\/\/audioteka.com\/pl\/lektor\/filip-kosior\/\" target=\"_blank\" rel=\"noopener\">Filip Kosior<\/a>, a&nbsp;nawet raper Wojtek Sok\u00f3\u0142 czy wokalista Krzysztof Zalewski.<\/p>\n\n\n\n<p class=\"has-text-align-justify wp-block-paragraph\">Nasza produkcje pozwalaj\u0105 lepiej pozna\u0107 tonacj\u0119, emocje i&nbsp;ducha ksi\u0105\u017cek jednego z&nbsp;najpopularniejszych polskich pisarzy \u2013 a&nbsp;dla wielu s\u0142uchaczy to w\u0142a\u015bnie format audio staje si\u0119 <strong>najlepszym sposobem na odkrycie \u017bulczyka (r\u00f3wnie\u017c na nowo<\/strong>).<\/p>\n\n\n\n<h2 class=\"wp-block-heading\"><span class=\"ez-toc-section\" id=\"Bonus_posluchaj_co_Jakub_Zulczyk_mowi_o_swojej_tworczosci\"><\/span>Bonus: pos\u0142uchaj, co Jakub \u017bulczyk m\u00f3wi o&nbsp;swojej tw\u00f3rczo\u015bci<span class=\"ez-toc-section-end\"><\/span><\/h2>\n\n\n\n<p class=\"has-text-align-justify wp-block-paragraph\">Je\u015bli chcesz zajrze\u0107 za kulisy tw\u00f3rczo\u015bci Jakuba \u017bulczyka i&nbsp;lepiej zrozumie\u0107, <strong>sk\u0105d bior\u0105 si\u0119 jego pomys\u0142y, inspiracje i&nbsp;mroczny styl<\/strong> \u2013 koniecznie si\u0119gnij po dost\u0119pne w&nbsp;Audiotece <a href=\"https:\/\/audioteka.com\/pl\/katalog\/podcasty-audycje\/\" target=\"_blank\" rel=\"noopener\">podcasty i&nbsp;audycje<\/a> z&nbsp;jego udzia\u0142em. Znajdziesz tam szczere rozmowy o&nbsp;literaturze, Polsce, emocjach i&nbsp;granicach w&nbsp;opowiadaniu historii. \u017bulczyk m\u00f3wi wprost, bez pozy i&nbsp;cenzury, dzi\u0119ki czemu te rozmowy to nie tylko literacki komentarz, ale <strong>pe\u0142nokrwisty portret jednego z&nbsp;najwa\u017cniejszych g\u0142os\u00f3w polskiej prozy ostatnich lat<\/strong>. To doskona\u0142e uzupe\u0142nienie jego ksi\u0105\u017cek \u2013 dla fan\u00f3w i&nbsp;tych, kt\u00f3rzy dopiero wchodz\u0105 w&nbsp;jego \u015bwiat. Od siebie mo\u017cemy doda\u0107, \u017ce \u017bulczyk jest znakomitym rozm\u00f3wc\u0105 \u2013 warto pos\u0142ucha\u0107!<\/p>\n\n\n\n<ul class=\"wp-block-list\">\n<li><a href=\"https:\/\/audioteka.com\/pl\/audiobook\/radio-ksiazki-99-jakub-zulczyk\/\" target=\"_blank\" rel=\"noopener\">Radio Ksi\u0105\u017cki 99. Jakub \u017bulczyk&nbsp;<\/a><\/li>\n\n\n\n<li><a href=\"https:\/\/audioteka.com\/pl\/audiobook\/339-jak-nie-zniszczyc-sobie-zycia-alkoholem-jak-wyglada-czyste-zlo-adhd-odwyk-jakub-zulczyk\/\" target=\"_blank\" rel=\"noopener\">#339 Jak Nie Zniszczy\u0107 Sobie \u017bycia Alkoholem? Jak Wygl\u0105da Czyste Z\u0142o? ADHD, Odwyk &#8211; Jakub \u017bulczyk<\/a><\/li>\n\n\n\n<li><a href=\"https:\/\/audioteka.com\/pl\/audiobook\/odcinek-czwarty-jakub-zulczyk\/\" target=\"_blank\" rel=\"noopener\">Brzmi jak Talk-Show. Odcinek 4: Jakub \u017bulczyk<\/a><\/li>\n<\/ul>\n\n\n\n<figure class=\"wp-block-image size-full\"><a href=\"https:\/\/audioteka.com\/pl\/applications\" target=\"_blank\" rel=\"noopener\"><img data-recalc-dims=\"1\" loading=\"lazy\" decoding=\"async\" width=\"768\" height=\"216\" data-attachment-id=\"3459\" data-permalink=\"https:\/\/blogaudioteka.wpcomstaging.com\/przeglad-prasy-w-audiotece-zrodlo-informacji-w-formie-audio-dla-tych-co-chca-byc-na-biezaco\/banner_3v2-7-4\" data-orig-file=\"https:\/\/i0.wp.com\/blogaudioteka.wpcomstaging.com\/wp-content\/uploads\/banner_3v2-7-2.webp?fit=768%2C216&amp;ssl=1\" data-orig-size=\"768,216\" data-comments-opened=\"0\" data-image-meta=\"{&quot;aperture&quot;:&quot;0&quot;,&quot;credit&quot;:&quot;&quot;,&quot;camera&quot;:&quot;&quot;,&quot;caption&quot;:&quot;&quot;,&quot;created_timestamp&quot;:&quot;0&quot;,&quot;copyright&quot;:&quot;&quot;,&quot;focal_length&quot;:&quot;0&quot;,&quot;iso&quot;:&quot;0&quot;,&quot;shutter_speed&quot;:&quot;0&quot;,&quot;title&quot;:&quot;&quot;,&quot;orientation&quot;:&quot;0&quot;}\" data-image-title=\"banner_3v2-7\" data-image-description=\"\" data-image-caption=\"\" data-large-file=\"https:\/\/i0.wp.com\/blogaudioteka.wpcomstaging.com\/wp-content\/uploads\/banner_3v2-7-2.webp?fit=768%2C216&amp;ssl=1\" src=\"https:\/\/i0.wp.com\/blogaudioteka.wpcomstaging.com\/wp-content\/uploads\/banner_3v2-7-2.webp?resize=768%2C216&#038;ssl=1\" alt=\"\" class=\"wp-image-3459\" srcset=\"https:\/\/i0.wp.com\/blogaudioteka.wpcomstaging.com\/wp-content\/uploads\/banner_3v2-7-2.webp?w=768&amp;ssl=1 768w, https:\/\/i0.wp.com\/blogaudioteka.wpcomstaging.com\/wp-content\/uploads\/banner_3v2-7-2.webp?resize=300%2C84&amp;ssl=1 300w, https:\/\/i0.wp.com\/blogaudioteka.wpcomstaging.com\/wp-content\/uploads\/banner_3v2-7-2.webp?resize=512%2C144&amp;ssl=1 512w\" sizes=\"auto, (max-width: 768px) 100vw, 768px\" \/><\/a><\/figure>\n\n\n\n<h3 class=\"wp-block-heading\"><span class=\"ez-toc-section\" id=\"Podsumowanie\"><\/span>Podsumowanie<span class=\"ez-toc-section-end\"><\/span><\/h3>\n\n\n\n<ul class=\"wp-block-list\">\n<li>Jakub \u017bulczyk to jeden z&nbsp;najbardziej wyrazistych polskich pisarzy wsp\u00f3\u0142czesnych \u2013 jego powie\u015bci \u0142\u0105cz\u0105 brutaln\u0105 szczero\u015b\u0107 z&nbsp;emocjonaln\u0105 g\u0142\u0119bi\u0105.<\/li>\n\n\n\n<li>W\u015br\u00f3d najwa\u017cniejszych ksi\u0105\u017cek \u017bulczyka znajduj\u0105 si\u0119 m.in. \u201c\u015alepn\u0105c od \u015bwiate\u0142\u201d, \u201cWzg\u00f3rze ps\u00f3w\u201d, \u201cInformacja zwrotna\u201d, \u201cInstytut\u201d i&nbsp;debiutancka \u201cZr\u00f3b mi jak\u0105\u015b krzywd\u0119\u201d.<\/li>\n\n\n\n<li>Powie\u015bci \u017bulczyka wyr\u00f3\u017cnia bezkompromisowy j\u0119zyk, autentyczni bohaterowie i&nbsp;umiej\u0119tno\u015b\u0107 opisywania mrocznej strony polskiej rzeczywisto\u015bci.<\/li>\n\n\n\n<li>Audiobooki autora, dost\u0119pne w&nbsp;Audiotece, ciesz\u0105 si\u0119 ogromn\u0105 popularno\u015bci\u0105 i&nbsp;s\u0105 realizowane z&nbsp;udzia\u0142em topowych lektor\u00f3w i&nbsp;aktor\u00f3w.<\/li>\n\n\n\n<li>Warto r\u00f3wnie\u017c pos\u0142ucha\u0107 podcast\u00f3w z&nbsp;Jakubem \u017bulczykiem \u2013 to \u015bwietna okazja, by pozna\u0107 jego spojrzenie na literatur\u0119, spo\u0142ecze\u0144stwo i&nbsp;samego siebie jako tw\u00f3rc\u0119.<\/li>\n<\/ul>\n","protected":false},"excerpt":{"rendered":"Je\u015bli szukasz literatury, kt\u00f3ra poruszy Ci\u0119 do g\u0142\u0119bi, a&nbsp;jednocze\u015bnie pozwoli na refleksj\u0119 nad kondycj\u0105 wsp\u00f3\u0142czesnego \u015bwiata, to powie\u015bci&hellip;","protected":false},"author":264736300,"featured_media":4685,"comment_status":"closed","ping_status":"closed","sticky":false,"template":"","format":"standard","meta":{"_crdt_document":"","csco_display_header_overlay":false,"csco_singular_sidebar":"","csco_page_header_type":"","_jetpack_memberships_contains_paid_content":false,"footnotes":""},"categories":[14931,14935],"tags":[],"class_list":{"0":"post-4665","1":"post","2":"type-post","3":"status-publish","4":"format-standard","5":"has-post-thumbnail","7":"category-aktualnosci","8":"category-lifestylowe","9":"cs-entry"},"jetpack_featured_media_url":"https:\/\/i0.wp.com\/blogaudioteka.wpcomstaging.com\/wp-content\/uploads\/Projekt-bez-nazwy.png?fit=1920%2C1080&ssl=1","jetpack_sharing_enabled":true,"_links":{"self":[{"href":"https:\/\/blogaudioteka.wpcomstaging.com\/wp-json\/wp\/v2\/posts\/4665","targetHints":{"allow":["GET"]}}],"collection":[{"href":"https:\/\/blogaudioteka.wpcomstaging.com\/wp-json\/wp\/v2\/posts"}],"about":[{"href":"https:\/\/blogaudioteka.wpcomstaging.com\/wp-json\/wp\/v2\/types\/post"}],"author":[{"embeddable":true,"href":"https:\/\/blogaudioteka.wpcomstaging.com\/wp-json\/wp\/v2\/users\/264736300"}],"replies":[{"embeddable":true,"href":"https:\/\/blogaudioteka.wpcomstaging.com\/wp-json\/wp\/v2\/comments?post=4665"}],"version-history":[{"count":8,"href":"https:\/\/blogaudioteka.wpcomstaging.com\/wp-json\/wp\/v2\/posts\/4665\/revisions"}],"predecessor-version":[{"id":4686,"href":"https:\/\/blogaudioteka.wpcomstaging.com\/wp-json\/wp\/v2\/posts\/4665\/revisions\/4686"}],"wp:featuredmedia":[{"embeddable":true,"href":"https:\/\/blogaudioteka.wpcomstaging.com\/wp-json\/wp\/v2\/media\/4685"}],"wp:attachment":[{"href":"https:\/\/blogaudioteka.wpcomstaging.com\/wp-json\/wp\/v2\/media?parent=4665"}],"wp:term":[{"taxonomy":"category","embeddable":true,"href":"https:\/\/blogaudioteka.wpcomstaging.com\/wp-json\/wp\/v2\/categories?post=4665"},{"taxonomy":"post_tag","embeddable":true,"href":"https:\/\/blogaudioteka.wpcomstaging.com\/wp-json\/wp\/v2\/tags?post=4665"}],"curies":[{"name":"wp","href":"https:\/\/api.w.org\/{rel}","templated":true}]}}