{"id":4338,"date":"2025-06-16T07:38:54","date_gmt":"2025-06-16T05:38:54","guid":{"rendered":"https:\/\/blogaudioteka.wpcomstaging.com\/?p=4338"},"modified":"2025-06-16T07:38:57","modified_gmt":"2025-06-16T05:38:57","slug":"najlepsze-sagi-rodzinne-ktorych-warto-posluchac","status":"publish","type":"post","link":"https:\/\/blogaudioteka.wpcomstaging.com\/najlepsze-sagi-rodzinne-ktorych-warto-posluchac","title":{"rendered":"Najlepsze sagi rodzinne, kt\u00f3rych warto pos\u0142ucha\u0107"},"content":{"rendered":"\n<p class=\"has-text-align-justify wp-block-paragraph\"><strong>S\u0105 takie opowie\u015bci, kt\u00f3re zostaj\u0105 z&nbsp;nami na d\u0142ugo \u2013 pe\u0142ne emocji, wielopokoleniowych tajemnic, dramat\u00f3w, czu\u0142o\u015bci. Sagi rodzinne s\u0105 literackim wehiku\u0142em czasu, dzi\u0119ki kt\u00f3remu mo\u017cemy \u015bledzi\u0107 losy bohater\u00f3w przez dekady, a&nbsp;czasem nawet ca\u0142e stulecia. Je\u015bli szukasz historii, kt\u00f3re porusz\u0105 serce i&nbsp;pozwol\u0105 oderwa\u0107 si\u0119 od codzienno\u015bci \u2013 te audiobooki s\u0105 dla Ciebie stworzone.<\/strong><\/p>\n\n\n\n<div id=\"ez-toc-container\" class=\"ez-toc-v2_0_82_2 counter-hierarchy ez-toc-counter ez-toc-grey ez-toc-container-direction\">\n<div class=\"ez-toc-title-container\"><span class=\"ez-toc-title\" style=\"cursor:inherit\">Spis tre\u015bci<\/span>\n<\/div><nav><ul class='ez-toc-list ez-toc-list-level-1 ' ><li class='ez-toc-page-1 ez-toc-heading-level-2'><a class=\"ez-toc-link ez-toc-heading-1\" href=\"https:\/\/blogaudioteka.wpcomstaging.com\/najlepsze-sagi-rodzinne-ktorych-warto-posluchac\/#Gdy_historia_rodziny_staje_sie_historia_swiata\" >Gdy historia rodziny staje si\u0119 histori\u0105 \u015bwiata<\/a><\/li><li class='ez-toc-page-1 ez-toc-heading-level-2'><a class=\"ez-toc-link ez-toc-heading-2\" href=\"https:\/\/blogaudioteka.wpcomstaging.com\/najlepsze-sagi-rodzinne-ktorych-warto-posluchac\/#Jakie_rodzinne_sagi_w_wersji_audio_warto_przesluchac\" >Jakie rodzinne sagi w&nbsp;wersji audio warto przes\u0142ucha\u0107?<\/a><ul class='ez-toc-list-level-3' ><li class='ez-toc-heading-level-3'><a class=\"ez-toc-link ez-toc-heading-3\" href=\"https:\/\/blogaudioteka.wpcomstaging.com\/najlepsze-sagi-rodzinne-ktorych-warto-posluchac\/#1_Korzenie_%E2%80%93_Alex_Haley\" >1. Korzenie \u2013 Alex Haley<\/a><\/li><li class='ez-toc-page-1 ez-toc-heading-level-3'><a class=\"ez-toc-link ez-toc-heading-4\" href=\"https:\/\/blogaudioteka.wpcomstaging.com\/najlepsze-sagi-rodzinne-ktorych-warto-posluchac\/#2_Ton_%E2%80%93_Ishbel_Szatrawska\" >2. To\u0144 \u2013 Ishbel Szatrawska<\/a><\/li><li class='ez-toc-page-1 ez-toc-heading-level-3'><a class=\"ez-toc-link ez-toc-heading-5\" href=\"https:\/\/blogaudioteka.wpcomstaging.com\/najlepsze-sagi-rodzinne-ktorych-warto-posluchac\/#3_Niebezpieczna_fortuna_%E2%80%93_Ken_Follett\" >3. Niebezpieczna fortuna \u2013 Ken Follett<\/a><\/li><li class='ez-toc-page-1 ez-toc-heading-level-3'><a class=\"ez-toc-link ez-toc-heading-6\" href=\"https:\/\/blogaudioteka.wpcomstaging.com\/najlepsze-sagi-rodzinne-ktorych-warto-posluchac\/#4_Cykl_Siedem_Siostr_%E2%80%93_Lucinda_Riley\" >4. Cykl\u00a0 Siedem Si\u00f3str \u2013 Lucinda Riley<\/a><\/li><li class='ez-toc-page-1 ez-toc-heading-level-3'><a class=\"ez-toc-link ez-toc-heading-7\" href=\"https:\/\/blogaudioteka.wpcomstaging.com\/najlepsze-sagi-rodzinne-ktorych-warto-posluchac\/#5_Saga_rodu_Quinnow_%E2%80%93_Nora_Roberts\" >5. Saga rodu Quinn\u00f3w \u2013 Nora Roberts<\/a><\/li><li class='ez-toc-page-1 ez-toc-heading-level-3'><a class=\"ez-toc-link ez-toc-heading-8\" href=\"https:\/\/blogaudioteka.wpcomstaging.com\/najlepsze-sagi-rodzinne-ktorych-warto-posluchac\/#6_Saga_Bridgertonowie_%E2%80%93_Julia_Quinn\" >6. Saga Bridgertonowie \u2013 Julia Quinn<\/a><\/li><\/ul><\/li><\/ul><\/nav><\/div>\n<h2 class=\"wp-block-heading\"><span class=\"ez-toc-section\" id=\"Gdy_historia_rodziny_staje_sie_historia_swiata\"><\/span>Gdy historia rodziny staje si\u0119 histori\u0105 \u015bwiata<span class=\"ez-toc-section-end\"><\/span><\/h2>\n\n\n\n<p class=\"has-text-align-justify wp-block-paragraph\">Sagi rodzinne od lat fascynuj\u0105&nbsp; czytelnik\u00f3w i&nbsp;s\u0142uchaczy na ca\u0142ym \u015bwiecie. To <a href=\"https:\/\/audioteka.com\/pl\/katalog\/literatura-obyczajowa\/\" target=\"_blank\" rel=\"noopener\">literatura obyczajowa<\/a> o&nbsp;mi\u0142o\u015bci, lojalno\u015bci, zdradzie, nadziei i&nbsp;stracie, a&nbsp;ka\u017cda opowie\u015b\u0107 zawsze jest spleciona z&nbsp;wydarzeniami historycznymi i&nbsp;spo\u0142ecznymi. Losy jednej rodziny cz\u0119sto staj\u0105 si\u0119 <strong>pretekstem do opowiedzenia o&nbsp;zmianach zachodz\u0105cych w&nbsp;\u015bwiecie<\/strong>, a&nbsp;\u017cycie bohater\u00f3w \u2013 lustrzanym odbiciem naszych w\u0142asnych emocji i&nbsp;dylemat\u00f3w. Taki format pozwala wczu\u0107 si\u0119 w&nbsp;postacie, z\u017cy\u0107 si\u0119 z&nbsp;nimi, a&nbsp;niekiedy nawet odnale\u017a\u0107 w&nbsp;nich cz\u0105stk\u0119 siebie.<\/p>\n\n\n\n<p class=\"has-text-align-justify wp-block-paragraph\">W audiobookach ten gatunek zyskuje dodatkow\u0105 warstw\u0119. Dzi\u0119ki odpowiedniej narracji, g\u0142osom lektor\u00f3w i&nbsp;klimatycznej oprawie sagi rodzinne nabieraj\u0105 g\u0142\u0119bi i&nbsp;anga\u017cuj\u0105 jeszcze bardziej. Przez wiele godzin <strong>mo\u017cemy \u015bledzi\u0107 losy kobiet i&nbsp;m\u0119\u017cczyzn na tle burzliwych dziej\u00f3w<\/strong>, zmieniaj\u0105cych si\u0119 krajobraz\u00f3w i&nbsp;rodzinnych sekret\u00f3w. Warto po nie si\u0119gn\u0105\u0107 na wypadek d\u0142ugich spacer\u00f3w, wieczor\u00f3w z&nbsp;herbat\u0105 i&nbsp;wszystkich tych chwil, kiedy chcemy zanurzy\u0107 si\u0119 w&nbsp;opowie\u015bci, kt\u00f3ra p\u0142ynie wolno, ale zostawia po sobie \u015blad.<\/p>\n\n\n\n<h2 class=\"wp-block-heading\"><span class=\"ez-toc-section\" id=\"Jakie_rodzinne_sagi_w_wersji_audio_warto_przesluchac\"><\/span>Jakie rodzinne sagi w&nbsp;wersji audio warto przes\u0142ucha\u0107?<span class=\"ez-toc-section-end\"><\/span><\/h2>\n\n\n\n<p class=\"has-text-align-justify wp-block-paragraph\">Je\u015bli masz ochot\u0119 na wielow\u0105tkow\u0105 opowie\u015b\u0107, w&nbsp;kt\u00f3rej przesz\u0142o\u015b\u0107 miesza si\u0119 z&nbsp;tera\u017aniejszo\u015bci\u0105, a&nbsp;losy bohater\u00f3w splataj\u0105 si\u0119 na tle historii, <strong>nie ma lepszego wyboru ni\u017c saga rodzinna z&nbsp;<\/strong><a href=\"https:\/\/audioteka.com\/pl\/\" target=\"_blank\" rel=\"noopener\"><strong>Audioteki<\/strong><\/a>. W&nbsp;wersji audio gatunek ten tylko zyskuje \u2013 g\u0142os lektora (lub ca\u0142ego zespolu profesjonalnych aktorow) potrafi podkre\u015bli\u0107 emocje, wydoby\u0107 napi\u0119cie i&nbsp;wci\u0105gn\u0105\u0107 s\u0142uchacza w&nbsp;\u015bwiat przedstawiony jak ma\u0142o kt\u00f3ra forma. Poni\u017cej znajdziesz <strong>zestawienie audiobook\u00f3w, kt\u00f3re zachwycaj\u0105 klimatem, bohaterami i&nbsp;narracj\u0105<\/strong>. Ka\u017cdy z&nbsp;nich to spotkanie z&nbsp;histori\u0105, kt\u00f3r\u0105 trudno b\u0119dzie przerwa\u0107 w&nbsp;po\u0142owie.<\/p>\n\n\n\n<h3 class=\"wp-block-heading\"><span class=\"ez-toc-section\" id=\"1_Korzenie_%E2%80%93_Alex_Haley\"><\/span>1. <a href=\"https:\/\/audioteka.com\/pl\/audiobook\/korzenie\/\" target=\"_blank\" rel=\"noopener\">Korzenie \u2013 Alex Haley<\/a><span class=\"ez-toc-section-end\"><\/span><\/h3>\n\n\n<div class=\"wp-block-image\">\n<figure class=\"aligncenter size-full\"><img loading=\"lazy\" decoding=\"async\" width=\"300\" height=\"300\" data-attachment-id=\"4339\" data-permalink=\"https:\/\/blogaudioteka.wpcomstaging.com\/najlepsze-sagi-rodzinne-ktorych-warto-posluchac\/korzenie-original-2\" data-orig-file=\"https:\/\/blogaudioteka.wpcomstaging.com\/wp-content\/uploads\/korzenie-original-2.avif\" data-orig-size=\"300,300\" data-comments-opened=\"0\" data-image-meta=\"{&quot;aperture&quot;:&quot;0&quot;,&quot;credit&quot;:&quot;&quot;,&quot;camera&quot;:&quot;&quot;,&quot;caption&quot;:&quot;&quot;,&quot;created_timestamp&quot;:&quot;0&quot;,&quot;copyright&quot;:&quot;&quot;,&quot;focal_length&quot;:&quot;0&quot;,&quot;iso&quot;:&quot;0&quot;,&quot;shutter_speed&quot;:&quot;0&quot;,&quot;title&quot;:&quot;&quot;,&quot;orientation&quot;:&quot;0&quot;}\" data-image-title=\"korzenie-original (2)\" data-image-description=\"\" data-image-caption=\"\" data-large-file=\"https:\/\/blogaudioteka.wpcomstaging.com\/wp-content\/uploads\/korzenie-original-2.avif\" src=\"https:\/\/blogaudioteka.wpcomstaging.com\/wp-content\/uploads\/korzenie-original-2.avif\" alt=\"\" class=\"wp-image-4339\" srcset=\"https:\/\/blogaudioteka.wpcomstaging.com\/wp-content\/uploads\/korzenie-original-2.avif 300w, https:\/\/blogaudioteka.wpcomstaging.com\/wp-content\/uploads\/korzenie-original-2-150x150.avif 150w, https:\/\/blogaudioteka.wpcomstaging.com\/wp-content\/uploads\/korzenie-original-2-200x200.avif 200w, https:\/\/blogaudioteka.wpcomstaging.com\/wp-content\/uploads\/korzenie-original-2-148x148.avif 148w, https:\/\/blogaudioteka.wpcomstaging.com\/wp-content\/uploads\/korzenie-original-2-296x296.avif 296w\" sizes=\"auto, (max-width: 300px) 100vw, 300px\" \/><\/figure>\n<\/div>\n\n\n<p class=\"has-text-align-justify wp-block-paragraph\">To monumentalna saga rodzinna, w&nbsp;kt\u00f3rej mo\u017cemy \u015bledzi\u0107 losy czarnosk\u00f3rej rodziny od czas\u00f3w niewolnictwa a\u017c po wiek XX. W&nbsp;centrum historii znajduje si\u0119 Kunta Kinte, porwany z&nbsp;Afryki i&nbsp;sprzedany jako niewolnik w&nbsp;Ameryce. Jego potomkowie zmagaj\u0105 si\u0119 z&nbsp;degradacj\u0105, rasow\u0105 przemoc\u0105 i&nbsp;pr\u00f3bami zachowania to\u017csamo\u015bci. Z&nbsp;perspektywy dziecka, przez kolejne dziedziny \u017cycia (edukacja, relacje, emigracja) mo\u017cemy przygl\u0105da\u0107 si\u0119 temu, <strong>w jaki spos\u00f3b pami\u0119\u0107 o&nbsp;przesz\u0142o\u015bci kszta\u0142tuje przysz\u0142o\u015b\u0107<\/strong>. To nie tylko pasjonuj\u0105ca historia, ale r\u00f3wnie\u017c poruszaj\u0105cy portret trudnego dziedzictwa. Powie\u015b\u0107 przez kilka miesi\u0119cy utrzymywa\u0142a si\u0119 na pierwszym miejscu listy bestseller\u00f3w \u201cNew York Timesa\u201d, a&nbsp;nakr\u0119cony na jej podstawie serial sta\u0142 si\u0119 superhitem. Audiobook czyta <a href=\"https:\/\/audioteka.com\/pl\/lektor\/mateusz-drozda\/\" target=\"_blank\" rel=\"noopener\">Mateusz Drozda<\/a>.<\/p>\n\n\n\n<h3 class=\"wp-block-heading\"><span class=\"ez-toc-section\" id=\"2_Ton_%E2%80%93_Ishbel_Szatrawska\"><\/span>2. <a href=\"https:\/\/audioteka.com\/pl\/audiobook\/ton-superprodukcja\/\" target=\"_blank\" rel=\"noopener\">To\u0144 \u2013 Ishbel Szatrawska<\/a><span class=\"ez-toc-section-end\"><\/span><\/h3>\n\n\n<div class=\"wp-block-image\">\n<figure class=\"aligncenter size-full\"><img loading=\"lazy\" decoding=\"async\" width=\"300\" height=\"300\" data-attachment-id=\"4341\" data-permalink=\"https:\/\/blogaudioteka.wpcomstaging.com\/najlepsze-sagi-rodzinne-ktorych-warto-posluchac\/ton-superprodukcja-original\" data-orig-file=\"https:\/\/blogaudioteka.wpcomstaging.com\/wp-content\/uploads\/ton-superprodukcja-original.avif\" data-orig-size=\"300,300\" data-comments-opened=\"0\" data-image-meta=\"{&quot;aperture&quot;:&quot;0&quot;,&quot;credit&quot;:&quot;&quot;,&quot;camera&quot;:&quot;&quot;,&quot;caption&quot;:&quot;&quot;,&quot;created_timestamp&quot;:&quot;0&quot;,&quot;copyright&quot;:&quot;&quot;,&quot;focal_length&quot;:&quot;0&quot;,&quot;iso&quot;:&quot;0&quot;,&quot;shutter_speed&quot;:&quot;0&quot;,&quot;title&quot;:&quot;&quot;,&quot;orientation&quot;:&quot;0&quot;}\" data-image-title=\"ton-superprodukcja-original\" data-image-description=\"\" data-image-caption=\"\" data-large-file=\"https:\/\/blogaudioteka.wpcomstaging.com\/wp-content\/uploads\/ton-superprodukcja-original.avif\" src=\"https:\/\/blogaudioteka.wpcomstaging.com\/wp-content\/uploads\/ton-superprodukcja-original.avif\" alt=\"\" class=\"wp-image-4341\" srcset=\"https:\/\/blogaudioteka.wpcomstaging.com\/wp-content\/uploads\/ton-superprodukcja-original.avif 300w, https:\/\/blogaudioteka.wpcomstaging.com\/wp-content\/uploads\/ton-superprodukcja-original-150x150.avif 150w, https:\/\/blogaudioteka.wpcomstaging.com\/wp-content\/uploads\/ton-superprodukcja-original-200x200.avif 200w, https:\/\/blogaudioteka.wpcomstaging.com\/wp-content\/uploads\/ton-superprodukcja-original-148x148.avif 148w, https:\/\/blogaudioteka.wpcomstaging.com\/wp-content\/uploads\/ton-superprodukcja-original-296x296.avif 296w\" sizes=\"auto, (max-width: 300px) 100vw, 300px\" \/><\/figure>\n<\/div>\n\n\n<p class=\"has-text-align-justify wp-block-paragraph\">Ten wyj\u0105tkowy <a href=\"https:\/\/audioteka.com\/pl\/katalog\/audioseriale\/\" target=\"_blank\" rel=\"noopener\">audioserial<\/a> <strong>przenosi s\u0142uchacza na dawn\u0105 Warmi\u0119 i&nbsp;Mazury<\/strong>. Opowie\u015b\u0107 zaczyna si\u0119 od postaci Jana, kt\u00f3ry jako dziecko wraz z&nbsp;rodzin\u0105 zostaje przesiedlony na tereny zrabowane po II wojnie \u015bwiatowej \u2013 Eichmedien. Histori\u0119 przenikaj\u0105 echa K\u00f6nigsbergu, Rastenburga, rod\u00f3w mazursko-niemiecko-polskich, a<strong> r\u00f3wnolegle biegnie w\u0105tek trzech pokole\u0144 kobiet<\/strong>: od Janki, przez arystokratyczn\u0105 Gudrun, po Alicj\u0119 \u2013 ostatni\u0105 z&nbsp;rodu, antropolo\u017ck\u0119, kt\u00f3ra staje przed dramatycznym wyborem ocalenia rodzinnej siedziby nad jeziorem Guber. Warto pozna\u0107 t\u0119 pe\u0142n\u0105 emocji, mroku i&nbsp;uczuciowo\u015bci opowie\u015b\u0107 o&nbsp;to\u017csamo\u015bci, granicach pami\u0119ci oraz sensie przynale\u017cno\u015bci. Plusem <a href=\"https:\/\/audioteka.com\/pl\/katalog\/superprodukcje-audioteki\/\" target=\"_blank\" rel=\"noopener\">Superprodukcji Audioteki<\/a> jest udzia\u0142 znanych gwiazd, m.in. <a href=\"https:\/\/audioteka.com\/pl\/lektor\/danuta-stenka\/\" target=\"_blank\" rel=\"noopener\">Danuty Stenki<\/a>.<\/p>\n\n\n\n<h3 class=\"wp-block-heading\"><span class=\"ez-toc-section\" id=\"3_Niebezpieczna_fortuna_%E2%80%93_Ken_Follett\"><\/span>3. <a href=\"https:\/\/audioteka.com\/pl\/audiobook\/niebezpieczna-fortuna\/\" target=\"_blank\" rel=\"noopener\">Niebezpieczna fortuna \u2013 Ken Follett<\/a><span class=\"ez-toc-section-end\"><\/span><\/h3>\n\n\n<div class=\"wp-block-image\">\n<figure class=\"aligncenter size-full\"><img loading=\"lazy\" decoding=\"async\" width=\"300\" height=\"300\" data-attachment-id=\"4348\" data-permalink=\"https:\/\/blogaudioteka.wpcomstaging.com\/najlepsze-sagi-rodzinne-ktorych-warto-posluchac\/niebezpieczna-fortuna-original\" data-orig-file=\"https:\/\/blogaudioteka.wpcomstaging.com\/wp-content\/uploads\/niebezpieczna-fortuna-original.avif\" data-orig-size=\"300,300\" data-comments-opened=\"0\" data-image-meta=\"{&quot;aperture&quot;:&quot;0&quot;,&quot;credit&quot;:&quot;&quot;,&quot;camera&quot;:&quot;&quot;,&quot;caption&quot;:&quot;&quot;,&quot;created_timestamp&quot;:&quot;0&quot;,&quot;copyright&quot;:&quot;&quot;,&quot;focal_length&quot;:&quot;0&quot;,&quot;iso&quot;:&quot;0&quot;,&quot;shutter_speed&quot;:&quot;0&quot;,&quot;title&quot;:&quot;&quot;,&quot;orientation&quot;:&quot;0&quot;}\" data-image-title=\"niebezpieczna-fortuna-original\" data-image-description=\"\" data-image-caption=\"\" data-large-file=\"https:\/\/blogaudioteka.wpcomstaging.com\/wp-content\/uploads\/niebezpieczna-fortuna-original.avif\" src=\"https:\/\/blogaudioteka.wpcomstaging.com\/wp-content\/uploads\/niebezpieczna-fortuna-original.avif\" alt=\"\" class=\"wp-image-4348\" srcset=\"https:\/\/blogaudioteka.wpcomstaging.com\/wp-content\/uploads\/niebezpieczna-fortuna-original.avif 300w, https:\/\/blogaudioteka.wpcomstaging.com\/wp-content\/uploads\/niebezpieczna-fortuna-original-150x150.avif 150w, https:\/\/blogaudioteka.wpcomstaging.com\/wp-content\/uploads\/niebezpieczna-fortuna-original-200x200.avif 200w, https:\/\/blogaudioteka.wpcomstaging.com\/wp-content\/uploads\/niebezpieczna-fortuna-original-148x148.avif 148w, https:\/\/blogaudioteka.wpcomstaging.com\/wp-content\/uploads\/niebezpieczna-fortuna-original-296x296.avif 296w\" sizes=\"auto, (max-width: 300px) 100vw, 300px\" \/><\/figure>\n<\/div>\n\n\n<p class=\"has-text-align-justify wp-block-paragraph\">Wci\u0105gaj\u0105cy <a href=\"https:\/\/audioteka.com\/pl\/katalog\/thriller\/\" target=\"_blank\" rel=\"noopener\">thriller<\/a> i&nbsp;saga rodzinna w&nbsp;jednym. Mi\u0142o\u015b\u0107, pieni\u0105dze, zdrada \u2013 intryga oscyluje tu mi\u0119dzy moralno\u015bci\u0105 a&nbsp;\u017c\u0105dz\u0105 sukcesu. Ta historia,<strong> osadzona w&nbsp;po\u0142owie XIX wieku w&nbsp;Anglii <\/strong>pokazuje nam, jak daleko cz\u0142owiek mo\u017ce si\u0119 posun\u0105\u0107, by zdoby\u0107 fortun\u0119. G\u0142\u00f3wnymi bohaterami s\u0105 cz\u0142onkowie jednego rodu: Hugh Pilaster i&nbsp;Edward Pilaster, kt\u00f3rzy<strong> r\u00f3\u017cni\u0105 si\u0119 wszystkim poza \u017c\u0105dz\u0105 sukcesu i&nbsp;ambicj\u0105<\/strong>. To w\u0142a\u015bnie oni od dwudziestu lat tocz\u0105 pojedynek o&nbsp;przej\u0119cie kontroli nad pot\u0119\u017cnym bankiem, kt\u00f3ry bogaci si\u0119 na podejrzanych operacjach finansowych z&nbsp;n\u0119kanym wojn\u0105 domow\u0105 krajem Ameryki Po\u0142udniowej. Nawet \u201cLos Angeles Times\u201c uzna\u0142, \u017ce to \u201cNiesamowicie uzale\u017cniaj\u0105ca fabu\u0142a\u201d. Znakomit\u0105 ksi\u0105\u017ck\u0119 <a href=\"https:\/\/audioteka.com\/pl\/autor\/ken-follett\/\" target=\"_blank\" rel=\"noopener\">Kena Folletta<\/a> czyta <a href=\"https:\/\/audioteka.com\/pl\/lektor\/andrzej-ferenc\/\" target=\"_blank\" rel=\"noopener\">Andrzej Ferenc<\/a>.<\/p>\n\n\n\n<div class=\"wp-block-group is-style-cs-promo\"><div class=\"wp-block-group__inner-container is-layout-constrained wp-block-group-is-layout-constrained\">\n<p class=\"wp-block-paragraph\">\ud83d\udc49<a href=\"https:\/\/audioteka.com\/pl\/blog\/jak-budowano-kingsbridge-cykl-kena-folletta-od-a-do-z\" target=\"_blank\" rel=\"noopener\">Jak budowano Kingsbridge? Cykl Kena Folletta od A&nbsp;do Z<\/a><\/p>\n<\/div><\/div>\n\n\n\n<h3 class=\"wp-block-heading\"><span class=\"ez-toc-section\" id=\"4_Cykl_Siedem_Siostr_%E2%80%93_Lucinda_Riley\"><\/span>4. <a href=\"https:\/\/audioteka.com\/pl\/cykl\/siedem-siostr\/\" target=\"_blank\" rel=\"noopener\">Cykl\u00a0 Siedem Si\u00f3str \u2013 Lucinda Riley<\/a><span class=\"ez-toc-section-end\"><\/span><\/h3>\n\n\n<div class=\"wp-block-image\">\n<figure class=\"aligncenter size-full\"><img loading=\"lazy\" decoding=\"async\" width=\"300\" height=\"300\" data-attachment-id=\"4347\" data-permalink=\"https:\/\/blogaudioteka.wpcomstaging.com\/najlepsze-sagi-rodzinne-ktorych-warto-posluchac\/siostra-perly-_-audio-1400\" data-orig-file=\"https:\/\/blogaudioteka.wpcomstaging.com\/wp-content\/uploads\/Siostra-perly-_-audio-1400.avif\" data-orig-size=\"300,300\" data-comments-opened=\"0\" data-image-meta=\"{&quot;aperture&quot;:&quot;0&quot;,&quot;credit&quot;:&quot;&quot;,&quot;camera&quot;:&quot;&quot;,&quot;caption&quot;:&quot;&quot;,&quot;created_timestamp&quot;:&quot;0&quot;,&quot;copyright&quot;:&quot;&quot;,&quot;focal_length&quot;:&quot;0&quot;,&quot;iso&quot;:&quot;0&quot;,&quot;shutter_speed&quot;:&quot;0&quot;,&quot;title&quot;:&quot;&quot;,&quot;orientation&quot;:&quot;0&quot;}\" data-image-title=\"Siostra-perly-_-audio-1400\" data-image-description=\"\" data-image-caption=\"\" data-large-file=\"https:\/\/blogaudioteka.wpcomstaging.com\/wp-content\/uploads\/Siostra-perly-_-audio-1400.avif\" src=\"https:\/\/blogaudioteka.wpcomstaging.com\/wp-content\/uploads\/Siostra-perly-_-audio-1400.avif\" alt=\"\" class=\"wp-image-4347\" srcset=\"https:\/\/blogaudioteka.wpcomstaging.com\/wp-content\/uploads\/Siostra-perly-_-audio-1400.avif 300w, https:\/\/blogaudioteka.wpcomstaging.com\/wp-content\/uploads\/Siostra-perly-_-audio-1400-150x150.avif 150w, https:\/\/blogaudioteka.wpcomstaging.com\/wp-content\/uploads\/Siostra-perly-_-audio-1400-200x200.avif 200w, https:\/\/blogaudioteka.wpcomstaging.com\/wp-content\/uploads\/Siostra-perly-_-audio-1400-148x148.avif 148w, https:\/\/blogaudioteka.wpcomstaging.com\/wp-content\/uploads\/Siostra-perly-_-audio-1400-296x296.avif 296w\" sizes=\"auto, (max-width: 300px) 100vw, 300px\" \/><\/figure>\n<\/div>\n\n\n<p class=\"has-text-align-justify wp-block-paragraph\">Siedmiocz\u0119\u015bciowa saga o&nbsp;siostrach, kt\u00f3re urodzi\u0142y si\u0119 w&nbsp;r\u00f3\u017cnych cz\u0119\u015bciach \u015bwiata: Hiszpanii, Brazylii, Kenii, Stanach Zjednoczonych, Norwegii, Australii i&nbsp;Anglii. Po \u015bmierci przybranego ojca <strong>Maia, Ally, Star, Cece, Tiggy, Elektra i&nbsp;Merope wracaj\u0105 do rodzinnej posiad\u0142o\u015bci<\/strong>, gdzie czekaj\u0105 na nie zaszyfrowane informacje o&nbsp;ich pochodzeniu. W&nbsp;odkryciu rodzinnej historii pomagaj\u0105 im pozostawione przez ojca listy i&nbsp;cenne wskaz\u00f3wki. Kombinacja kobiecych historii i&nbsp;tajemnic z&nbsp;przesz\u0142o\u015bci zamienia t\u0119 sag\u0119 w&nbsp;epick\u0105, emocjonaln\u0105 podr\u00f3\u017c, od kt\u00f3rej naprawd\u0119 nie spos\u00f3b si\u0119 oderwa\u0107. Dla tych emocji warto zapisa\u0107 si\u0119 do <a href=\"https:\/\/klub.audioteka.com\/\" target=\"_blank\" rel=\"noopener\">Klubu Audioteki<\/a>!<\/p>\n\n\n\n<h3 class=\"wp-block-heading\"><span class=\"ez-toc-section\" id=\"5_Saga_rodu_Quinnow_%E2%80%93_Nora_Roberts\"><\/span>5. <a href=\"https:\/\/audioteka.com\/pl\/cykl\/saga-rodu-quinnow\/\" target=\"_blank\" rel=\"noopener\">Saga rodu Quinn\u00f3w \u2013 Nora Roberts<\/a><span class=\"ez-toc-section-end\"><\/span><\/h3>\n\n\n<div class=\"wp-block-image\">\n<figure class=\"aligncenter size-full\"><img loading=\"lazy\" decoding=\"async\" width=\"300\" height=\"300\" data-attachment-id=\"4346\" data-permalink=\"https:\/\/blogaudioteka.wpcomstaging.com\/najlepsze-sagi-rodzinne-ktorych-warto-posluchac\/wzburzone-fale-saga-rodu-quinnow-tom-1-original\" data-orig-file=\"https:\/\/blogaudioteka.wpcomstaging.com\/wp-content\/uploads\/wzburzone-fale-saga-rodu-quinnow-tom-1-original.avif\" data-orig-size=\"300,300\" data-comments-opened=\"0\" data-image-meta=\"{&quot;aperture&quot;:&quot;0&quot;,&quot;credit&quot;:&quot;&quot;,&quot;camera&quot;:&quot;&quot;,&quot;caption&quot;:&quot;&quot;,&quot;created_timestamp&quot;:&quot;0&quot;,&quot;copyright&quot;:&quot;&quot;,&quot;focal_length&quot;:&quot;0&quot;,&quot;iso&quot;:&quot;0&quot;,&quot;shutter_speed&quot;:&quot;0&quot;,&quot;title&quot;:&quot;&quot;,&quot;orientation&quot;:&quot;0&quot;}\" data-image-title=\"wzburzone-fale-saga-rodu-quinnow-tom-1-original\" data-image-description=\"\" data-image-caption=\"\" data-large-file=\"https:\/\/blogaudioteka.wpcomstaging.com\/wp-content\/uploads\/wzburzone-fale-saga-rodu-quinnow-tom-1-original.avif\" src=\"https:\/\/blogaudioteka.wpcomstaging.com\/wp-content\/uploads\/wzburzone-fale-saga-rodu-quinnow-tom-1-original.avif\" alt=\"\" class=\"wp-image-4346\" srcset=\"https:\/\/blogaudioteka.wpcomstaging.com\/wp-content\/uploads\/wzburzone-fale-saga-rodu-quinnow-tom-1-original.avif 300w, https:\/\/blogaudioteka.wpcomstaging.com\/wp-content\/uploads\/wzburzone-fale-saga-rodu-quinnow-tom-1-original-150x150.avif 150w, https:\/\/blogaudioteka.wpcomstaging.com\/wp-content\/uploads\/wzburzone-fale-saga-rodu-quinnow-tom-1-original-200x200.avif 200w, https:\/\/blogaudioteka.wpcomstaging.com\/wp-content\/uploads\/wzburzone-fale-saga-rodu-quinnow-tom-1-original-148x148.avif 148w, https:\/\/blogaudioteka.wpcomstaging.com\/wp-content\/uploads\/wzburzone-fale-saga-rodu-quinnow-tom-1-original-296x296.avif 296w\" sizes=\"auto, (max-width: 300px) 100vw, 300px\" \/><\/figure>\n<\/div>\n\n\n<p class=\"has-text-align-justify wp-block-paragraph\">Saga Rodu Quinn\u00f3w to czterocz\u0119\u015bciowa opowie\u015b\u0107 o&nbsp;Cameronie, Ethanie, Philipie i&nbsp;Sethcie \u2013 braciach, kt\u00f3rych \u017cycie naznaczone trudnym dzieci\u0144stwem splata si\u0119 z&nbsp;si\u0142\u0105 rodzinnych wi\u0119zi i&nbsp;nadziej\u0105 na nowe pocz\u0105tki. <strong>Przygarni\u0119ci przez Stell\u0119 i&nbsp;Raymonda Quinn\u00f3w, ucz\u0105 si\u0119, czym jest dom, blisko\u015b\u0107 i&nbsp;mi\u0142o\u015b\u0107<\/strong>, a&nbsp;ka\u017cdy z&nbsp;tom\u00f3w ukazuje ich indywidualn\u0105 walk\u0119 z&nbsp;przesz\u0142o\u015bci\u0105, marzenia i&nbsp;drog\u0119 ku wewn\u0119trznej przemianie. Nora Roberts, mistrzyni emocjonalnej g\u0142\u0119bi, \u0142\u0105czy w&nbsp;tej serii dramat z&nbsp;czu\u0142o\u015bci\u0105, codzienno\u015b\u0107 z&nbsp;poruszeniem, tworz\u0105c poruszaj\u0105ce historie o&nbsp;odbudowywaniu siebie i&nbsp;odkrywaniu sensu w&nbsp;relacjach. To <a href=\"https:\/\/audioteka.com\/pl\/katalog\/literatura-obyczajowa\/\" target=\"_blank\" rel=\"noopener\">literatura obyczajowa<\/a> z&nbsp;sercem \u2013 dla tych, kt\u00f3rzy ceni\u0105 emocje, bohater\u00f3w z&nbsp;krwi i&nbsp;ko\u015bci oraz opowie\u015bci, kt\u00f3re zostaj\u0105 z&nbsp;czytelnikiem na d\u0142ugo.<\/p>\n\n\n\n<h3 class=\"wp-block-heading\"><span class=\"ez-toc-section\" id=\"6_Saga_Bridgertonowie_%E2%80%93_Julia_Quinn\"><\/span>6. <a href=\"https:\/\/audioteka.com\/pl\/cykl\/bridgertonowie\/\" target=\"_blank\" rel=\"noopener\">Saga Bridgertonowie \u2013 Julia Quinn<\/a><span class=\"ez-toc-section-end\"><\/span><\/h3>\n\n\n<div class=\"wp-block-image\">\n<figure class=\"aligncenter size-full\"><img loading=\"lazy\" decoding=\"async\" width=\"300\" height=\"300\" data-attachment-id=\"4343\" data-permalink=\"https:\/\/blogaudioteka.wpcomstaging.com\/najlepsze-sagi-rodzinne-ktorych-warto-posluchac\/moj-ksiaze-original\" data-orig-file=\"https:\/\/blogaudioteka.wpcomstaging.com\/wp-content\/uploads\/moj-ksiaze-original.avif\" data-orig-size=\"300,300\" data-comments-opened=\"0\" data-image-meta=\"{&quot;aperture&quot;:&quot;0&quot;,&quot;credit&quot;:&quot;&quot;,&quot;camera&quot;:&quot;&quot;,&quot;caption&quot;:&quot;&quot;,&quot;created_timestamp&quot;:&quot;0&quot;,&quot;copyright&quot;:&quot;&quot;,&quot;focal_length&quot;:&quot;0&quot;,&quot;iso&quot;:&quot;0&quot;,&quot;shutter_speed&quot;:&quot;0&quot;,&quot;title&quot;:&quot;&quot;,&quot;orientation&quot;:&quot;0&quot;}\" data-image-title=\"moj-ksiaze-original\" data-image-description=\"\" data-image-caption=\"\" data-large-file=\"https:\/\/blogaudioteka.wpcomstaging.com\/wp-content\/uploads\/moj-ksiaze-original.avif\" src=\"https:\/\/blogaudioteka.wpcomstaging.com\/wp-content\/uploads\/moj-ksiaze-original.avif\" alt=\"\" class=\"wp-image-4343\" srcset=\"https:\/\/blogaudioteka.wpcomstaging.com\/wp-content\/uploads\/moj-ksiaze-original.avif 300w, https:\/\/blogaudioteka.wpcomstaging.com\/wp-content\/uploads\/moj-ksiaze-original-150x150.avif 150w, https:\/\/blogaudioteka.wpcomstaging.com\/wp-content\/uploads\/moj-ksiaze-original-148x148.avif 148w, https:\/\/blogaudioteka.wpcomstaging.com\/wp-content\/uploads\/moj-ksiaze-original-296x296.avif 296w\" sizes=\"auto, (max-width: 300px) 100vw, 300px\" \/><\/figure>\n<\/div>\n\n\n<p class=\"has-text-align-justify wp-block-paragraph\">To lekka, ale pe\u0142na gor\u0105cych scen i&nbsp;spo\u0142ecznych intryg opowie\u015b\u0107 o&nbsp;rodzinie Bridgerton\u00f3w \u2013 dzieci siedmiorga ekscentrycznych arystokrat\u00f3w w&nbsp;londy\u0144skim tonie XIX wieku. Mo\u017cemy si\u0119 z&nbsp;bliska przyjrze\u0107 pierwszym mi\u0142o\u015bciom, aran\u017cowanym ma\u0142\u017ce\u0144stwom, emocjonalnym konfliktom, zdradom i&nbsp;napi\u0119ciom mi\u0119dzy r\u00f3\u017cnymi cz\u0142onkami rodziny. <strong>Mistyka regencji, uk\u0142ady towarzyskie i&nbsp;ogrody skrywaj\u0105ce niejeden sekret <\/strong>\u2013 to wszystko w&nbsp;zmys\u0142owo ud\u017awi\u0119kowionej wersji, kt\u00f3ra \u0142\u0105czy comic relief z&nbsp;romansu i&nbsp;eleganckiego stylu. Warto przes\u0142ucha\u0107 wszystkie 12 cz\u0119\u015bci tego cyklu \u2013 czy jeste\u015b fanem kultowego serialu Netflixa, kt\u00f3ry powsta\u0142 na kanwie tej historii, czy nie. W&nbsp;Audiotece wys\u0142uchasz te\u017c rewelacyjnych audiobook\u00f3w z&nbsp;<em><a href=\"https:\/\/audioteka.com\/pl\/cykl\/rodzina-rokesby\/\" target=\"_blank\" rel=\"noopener\">sagi Rodzina Rokesby<\/a><\/em>, kt\u00f3re s\u0105 wst\u0119pem do historii Bridgerton\u00f3w.<\/p>\n\n\n\n<figure class=\"wp-block-pullquote\"><blockquote><p>\ud83d\udc49<a href=\"https:\/\/audioteka.com\/pl\/cykl\/posluchaj-zanim-obejrzysz\/\" target=\"_blank\" rel=\"noopener\">Sprawd\u017a wi\u0119cej inspiruj\u0105cych audiobook\u00f3w <\/a><br><a href=\"https:\/\/audioteka.com\/pl\/cykl\/posluchaj-zanim-obejrzysz\/\" target=\"_blank\" rel=\"noopener\">z cyklu &#8222;Pos\u0142uchaj, zanim obejrzysz&#8221;<\/a><\/p><\/blockquote><\/figure>\n\n\n\n<p class=\"wp-block-paragraph\"><strong><em>Podsumowanie<\/em><\/strong><\/p>\n\n\n\n<ul class=\"wp-block-list\">\n<li>Sagi rodzinne w&nbsp;wersji audio stanowi\u0105 wyj\u0105tkowe opowie\u015bci o&nbsp;losach rodzin, emocjach i&nbsp;tajemnicach, kt\u00f3re wci\u0105gaj\u0105 na wiele godzin s\u0142uchania.<\/li>\n\n\n\n<li>Audiobooki z&nbsp;tego gatunku s\u0105 wielowarstwowymi historiami osadzonymi w&nbsp;konkretnym czasie i&nbsp;miejscu \u2013 od polskiej wsi po Gda\u0144sk przedwojenny czy Odess\u0119 XIX wieku.<\/li>\n\n\n\n<li>W\u015br\u00f3d polecanych tytu\u0142\u00f3w znajdziesz w&nbsp;Audiotece m.in. sag\u0119 o&nbsp;rodzinie Quinn\u00f3w czy Bridgertonach.<\/li>\n\n\n\n<li>Profesjonalni lektorzy i&nbsp;staranna produkcja dodaj\u0105 sagom g\u0142\u0119bi i&nbsp;emocjonalnej si\u0142y, czyni\u0105c z&nbsp;nich literack\u0105 podr\u00f3\u017c przez pokolenia.<\/li>\n\n\n\n<li>To idealna propozycja dla tych, kt\u00f3rzy szukaj\u0105 wzrusze\u0144, rodzinnych sekret\u00f3w i&nbsp;opowie\u015bci, kt\u00f3re zostaj\u0105 w&nbsp;pami\u0119ci na d\u0142ugo!<\/li>\n<\/ul>\n\n\n\n<figure class=\"wp-block-image size-full\"><a href=\"https:\/\/audioteka.com\/pl\/applications\" target=\"_blank\" rel=\"noopener\"><img data-recalc-dims=\"1\" loading=\"lazy\" decoding=\"async\" width=\"768\" height=\"216\" data-attachment-id=\"3389\" data-permalink=\"https:\/\/blogaudioteka.wpcomstaging.com\/ojciec-wiedzmina-i-arcymistrz-polskiej-fantastyki-andrzej-sapkowski\/banner_3v2-10\" data-orig-file=\"https:\/\/i0.wp.com\/blogaudioteka.wpcomstaging.com\/wp-content\/uploads\/banner_3v2-9.png?fit=768%2C216&amp;ssl=1\" data-orig-size=\"768,216\" data-comments-opened=\"0\" data-image-meta=\"{&quot;aperture&quot;:&quot;0&quot;,&quot;credit&quot;:&quot;&quot;,&quot;camera&quot;:&quot;&quot;,&quot;caption&quot;:&quot;&quot;,&quot;created_timestamp&quot;:&quot;0&quot;,&quot;copyright&quot;:&quot;&quot;,&quot;focal_length&quot;:&quot;0&quot;,&quot;iso&quot;:&quot;0&quot;,&quot;shutter_speed&quot;:&quot;0&quot;,&quot;title&quot;:&quot;&quot;,&quot;orientation&quot;:&quot;0&quot;}\" data-image-title=\"banner_3v2\" data-image-description=\"\" data-image-caption=\"\" data-large-file=\"https:\/\/i0.wp.com\/blogaudioteka.wpcomstaging.com\/wp-content\/uploads\/banner_3v2-9.png?fit=768%2C216&amp;ssl=1\" src=\"https:\/\/i0.wp.com\/blogaudioteka.wpcomstaging.com\/wp-content\/uploads\/banner_3v2-9.png?resize=768%2C216&#038;ssl=1\" alt=\"\" class=\"wp-image-3389\" srcset=\"https:\/\/i0.wp.com\/blogaudioteka.wpcomstaging.com\/wp-content\/uploads\/banner_3v2-9.png?w=768&amp;ssl=1 768w, https:\/\/i0.wp.com\/blogaudioteka.wpcomstaging.com\/wp-content\/uploads\/banner_3v2-9.png?resize=300%2C84&amp;ssl=1 300w, https:\/\/i0.wp.com\/blogaudioteka.wpcomstaging.com\/wp-content\/uploads\/banner_3v2-9.png?resize=512%2C144&amp;ssl=1 512w\" sizes=\"auto, (max-width: 768px) 100vw, 768px\" \/><\/a><\/figure>\n","protected":false},"excerpt":{"rendered":"S\u0105 takie opowie\u015bci, kt\u00f3re zostaj\u0105 z&nbsp;nami na d\u0142ugo \u2013 pe\u0142ne emocji, wielopokoleniowych tajemnic, dramat\u00f3w, czu\u0142o\u015bci. Sagi rodzinne s\u0105&hellip;","protected":false},"author":264736300,"featured_media":4352,"comment_status":"closed","ping_status":"closed","sticky":false,"template":"","format":"standard","meta":{"_crdt_document":"","csco_display_header_overlay":false,"csco_singular_sidebar":"","csco_page_header_type":"","_jetpack_memberships_contains_paid_content":false,"footnotes":""},"categories":[14925,14926],"tags":[],"class_list":{"0":"post-4338","1":"post","2":"type-post","3":"status-publish","4":"format-standard","5":"has-post-thumbnail","7":"category-rankingi-zestawienia","8":"category-zestawienia","9":"cs-entry"},"jetpack_featured_media_url":"https:\/\/i0.wp.com\/blogaudioteka.wpcomstaging.com\/wp-content\/uploads\/Projekt-bez-nazwy-23.png?fit=1920%2C1280&ssl=1","jetpack_sharing_enabled":true,"_links":{"self":[{"href":"https:\/\/blogaudioteka.wpcomstaging.com\/wp-json\/wp\/v2\/posts\/4338","targetHints":{"allow":["GET"]}}],"collection":[{"href":"https:\/\/blogaudioteka.wpcomstaging.com\/wp-json\/wp\/v2\/posts"}],"about":[{"href":"https:\/\/blogaudioteka.wpcomstaging.com\/wp-json\/wp\/v2\/types\/post"}],"author":[{"embeddable":true,"href":"https:\/\/blogaudioteka.wpcomstaging.com\/wp-json\/wp\/v2\/users\/264736300"}],"replies":[{"embeddable":true,"href":"https:\/\/blogaudioteka.wpcomstaging.com\/wp-json\/wp\/v2\/comments?post=4338"}],"version-history":[{"count":8,"href":"https:\/\/blogaudioteka.wpcomstaging.com\/wp-json\/wp\/v2\/posts\/4338\/revisions"}],"predecessor-version":[{"id":4353,"href":"https:\/\/blogaudioteka.wpcomstaging.com\/wp-json\/wp\/v2\/posts\/4338\/revisions\/4353"}],"wp:featuredmedia":[{"embeddable":true,"href":"https:\/\/blogaudioteka.wpcomstaging.com\/wp-json\/wp\/v2\/media\/4352"}],"wp:attachment":[{"href":"https:\/\/blogaudioteka.wpcomstaging.com\/wp-json\/wp\/v2\/media?parent=4338"}],"wp:term":[{"taxonomy":"category","embeddable":true,"href":"https:\/\/blogaudioteka.wpcomstaging.com\/wp-json\/wp\/v2\/categories?post=4338"},{"taxonomy":"post_tag","embeddable":true,"href":"https:\/\/blogaudioteka.wpcomstaging.com\/wp-json\/wp\/v2\/tags?post=4338"}],"curies":[{"name":"wp","href":"https:\/\/api.w.org\/{rel}","templated":true}]}}