{"id":4107,"date":"2025-06-09T09:40:29","date_gmt":"2025-06-09T07:40:29","guid":{"rendered":"https:\/\/blogaudioteka.wpcomstaging.com\/?p=4107"},"modified":"2025-06-09T09:40:31","modified_gmt":"2025-06-09T07:40:31","slug":"top-10-maja-w-audiotece-najpopularniejsze-audiobooki-miesiaca","status":"publish","type":"post","link":"https:\/\/blogaudioteka.wpcomstaging.com\/top-10-maja-w-audiotece-najpopularniejsze-audiobooki-miesiaca","title":{"rendered":"TOP 10 maja w Audiotece \u2013 najpopularniejsze audiobooki miesi\u0105ca"},"content":{"rendered":"\n<p class=\"has-text-align-justify wp-block-paragraph\"><strong>Co w&nbsp;tym miesi\u0105cu najcz\u0119\u015bciej trafia\u0142o na s\u0142uchawki u\u017cytkownik\u00f3w Audioteki? Maj przyni\u00f3s\u0142 prawdziw\u0105 r\u00f3\u017cnorodno\u015b\u0107 \u2013 od hipnotyzuj\u0105cych thriller\u00f3w po poruszaj\u0105ce powie\u015bci obyczajowe. Je\u015bli szukasz audiobook\u00f3w, kt\u00f3re przyci\u0105gaj\u0105 t\u0142umy i&nbsp;zdobywaj\u0105 najlepsze recenzje, ta lista jest w\u0142a\u015bnie dla Ciebie. Sprawd\u017a, co zachwyci\u0142o s\u0142uchaczy w&nbsp;maju i&nbsp;daj si\u0119 porwa\u0107 opowie\u015bciom, kt\u00f3re trudno wy\u0142\u0105czy\u0107!<\/strong><\/p>\n\n\n\n<div id=\"ez-toc-container\" class=\"ez-toc-v2_0_82_2 counter-hierarchy ez-toc-counter ez-toc-grey ez-toc-container-direction\">\n<div class=\"ez-toc-title-container\"><span class=\"ez-toc-title\" style=\"cursor:inherit\">Spis tre\u015bci<\/span>\n<\/div><nav><ul class='ez-toc-list ez-toc-list-level-1 ' ><li class='ez-toc-page-1 ez-toc-heading-level-2'><a class=\"ez-toc-link ez-toc-heading-1\" href=\"https:\/\/blogaudioteka.wpcomstaging.com\/top-10-maja-w-audiotece-najpopularniejsze-audiobooki-miesiaca\/#Czego_sluchalismy_w_maju_2025\" >Czego s\u0142uchali\u015bmy w&nbsp;maju 2025?<\/a><\/li><li class='ez-toc-page-1 ez-toc-heading-level-2'><a class=\"ez-toc-link ez-toc-heading-2\" href=\"https:\/\/blogaudioteka.wpcomstaging.com\/top-10-maja-w-audiotece-najpopularniejsze-audiobooki-miesiaca\/#Najpopularniejsze_audiobooki_w_maju_%E2%80%93_lista_Audioteki\" >Najpopularniejsze audiobooki w&nbsp;maju \u2013 lista Audioteki<\/a><\/li><li class='ez-toc-page-1 ez-toc-heading-level-2'><a class=\"ez-toc-link ez-toc-heading-3\" href=\"https:\/\/blogaudioteka.wpcomstaging.com\/top-10-maja-w-audiotece-najpopularniejsze-audiobooki-miesiaca\/#1_Kasprowy_Remigiusz_Mroz\" >1. Kasprowy, Remigiusz Mr\u00f3z<\/a><\/li><li class='ez-toc-page-1 ez-toc-heading-level-2'><a class=\"ez-toc-link ez-toc-heading-4\" href=\"https:\/\/blogaudioteka.wpcomstaging.com\/top-10-maja-w-audiotece-najpopularniejsze-audiobooki-miesiaca\/#2_Szacki_Czesc_2_Ziarno_prawdy_audioserial\" >2. Szacki. Cz\u0119\u015b\u0107 2:\u00a0 Ziarno prawdy (audioserial)<\/a><\/li><li class='ez-toc-page-1 ez-toc-heading-level-2'><a class=\"ez-toc-link ez-toc-heading-5\" href=\"https:\/\/blogaudioteka.wpcomstaging.com\/top-10-maja-w-audiotece-najpopularniejsze-audiobooki-miesiaca\/#3_Mazurski_przekret_audioserial\" >3. Mazurski przekr\u0119t (audioserial)<\/a><\/li><li class='ez-toc-page-1 ez-toc-heading-level-2'><a class=\"ez-toc-link ez-toc-heading-6\" href=\"https:\/\/blogaudioteka.wpcomstaging.com\/top-10-maja-w-audiotece-najpopularniejsze-audiobooki-miesiaca\/#4_Zla_przeszlosc_Mieczyslaw_Gorzka\" >4. Z\u0142a przesz\u0142o\u015b\u0107, Mieczys\u0142aw Gorzka<\/a><\/li><li class='ez-toc-page-1 ez-toc-heading-level-2'><a class=\"ez-toc-link ez-toc-heading-7\" href=\"https:\/\/blogaudioteka.wpcomstaging.com\/top-10-maja-w-audiotece-najpopularniejsze-audiobooki-miesiaca\/#5_Sobowtor_Maciej_Siembieda\" >5. Sobowt\u00f3r, Maciej Siembieda<\/a><\/li><li class='ez-toc-page-1 ez-toc-heading-level-2'><a class=\"ez-toc-link ez-toc-heading-8\" href=\"https:\/\/blogaudioteka.wpcomstaging.com\/top-10-maja-w-audiotece-najpopularniejsze-audiobooki-miesiaca\/#6_Konklawe_Robert_Harris\" >6. Konklawe, Robert Harris<\/a><\/li><li class='ez-toc-page-1 ez-toc-heading-level-2'><a class=\"ez-toc-link ez-toc-heading-9\" href=\"https:\/\/blogaudioteka.wpcomstaging.com\/top-10-maja-w-audiotece-najpopularniejsze-audiobooki-miesiaca\/#7_Zlo_Katarzyna_Wolwowicz\" >7. Z\u0142o, Katarzyna Wolwowicz<\/a><\/li><li class='ez-toc-page-1 ez-toc-heading-level-2'><a class=\"ez-toc-link ez-toc-heading-10\" href=\"https:\/\/blogaudioteka.wpcomstaging.com\/top-10-maja-w-audiotece-najpopularniejsze-audiobooki-miesiaca\/#8_Wiezi_MM_Perr\" >8. Wi\u0119zi, M.M. Perr<\/a><\/li><li class='ez-toc-page-1 ez-toc-heading-level-2'><a class=\"ez-toc-link ez-toc-heading-11\" href=\"https:\/\/blogaudioteka.wpcomstaging.com\/top-10-maja-w-audiotece-najpopularniejsze-audiobooki-miesiaca\/#9_Rewanz_audioserial\" >9. Rewan\u017c (audioserial)<\/a><\/li><li class='ez-toc-page-1 ez-toc-heading-level-2'><a class=\"ez-toc-link ez-toc-heading-12\" href=\"https:\/\/blogaudioteka.wpcomstaging.com\/top-10-maja-w-audiotece-najpopularniejsze-audiobooki-miesiaca\/#10_I_przekroczyl_granice_Kroczacy_wsrod_cieni_2_Jaroslaw_Kukielka\" >10. I&nbsp;przekroczy\u0142 granic\u0119. Krocz\u0105cy w\u015br\u00f3d cieni 2, Jaros\u0142aw Kukie\u0142ka<\/a><ul class='ez-toc-list-level-3' ><li class='ez-toc-heading-level-3'><a class=\"ez-toc-link ez-toc-heading-13\" href=\"https:\/\/blogaudioteka.wpcomstaging.com\/top-10-maja-w-audiotece-najpopularniejsze-audiobooki-miesiaca\/#Podsumowanie\" >Podsumowanie<\/a><\/li><\/ul><\/li><\/ul><\/nav><\/div>\n<h2 class=\"wp-block-heading\"><span class=\"ez-toc-section\" id=\"Czego_sluchalismy_w_maju_2025\"><\/span>Czego s\u0142uchali\u015bmy w&nbsp;maju 2025?<span class=\"ez-toc-section-end\"><\/span><\/h2>\n\n\n\n<p class=\"has-text-align-justify wp-block-paragraph\">Maj w&nbsp;Audiotece up\u0142yn\u0105\u0142 pod znakiem mocnych historii, wci\u0105gaj\u0105cych fabu\u0142 i&nbsp;g\u0142os\u00f3w, od kt\u00f3rych trudno si\u0119 oderwa\u0107. S\u0142uchacze si\u0119gali przede wszystkim po emocjonuj\u0105ce thrillery i&nbsp;pe\u0142ne napi\u0119cia <a href=\"https:\/\/audioteka.com\/pl\/katalog\/audioseriale\/\" target=\"_blank\" rel=\"noopener\">audioseriale<\/a>, cho\u0107 nie zabrak\u0142o te\u017c opowie\u015bci z&nbsp;przymru\u017ceniem oka. W\u015br\u00f3d najcz\u0119\u015bciej wybieranych tytu\u0142\u00f3w znajdziemy zar\u00f3wno d\u0142ugo wyczekiwane premiery, jak i&nbsp;ksi\u0105\u017cki, kt\u00f3re zyska\u0142y drugie \u017cycie dzi\u0119ki rekomendacjom u\u017cytkownik\u00f3w.<\/p>\n\n\n\n<p class=\"has-text-align-justify wp-block-paragraph\">Audiobooki z&nbsp;zestawienia<strong> TOP 10 maja \u0142\u0105czy jedno \u2013 nie pozwalaj\u0105 s\u0142uchaczowi przej\u015b\u0107 oboj\u0119tnie<\/strong>. Ka\u017cdy z&nbsp;nich czym\u015b zaskakuje: b\u0142yskotliwym j\u0119zykiem, klimatem, aktorsk\u0105 interpretacj\u0105 albo ponadczasowym przes\u0142aniem. Je\u015bli nie wiesz, po jaki tytu\u0142 si\u0119gn\u0105\u0107 w&nbsp;najbli\u017cszych dniach, z&nbsp;tej listy na pewno co\u015b wybierzesz. Czas sprawdzi\u0107, co w&nbsp;maju s\u0142uchacze <a href=\"https:\/\/audioteka.com\/pl\/\" target=\"_blank\" rel=\"noopener\">Audioteki<\/a> pokochali najbardziej!<\/p>\n\n\n\n<h2 class=\"wp-block-heading\"><span class=\"ez-toc-section\" id=\"Najpopularniejsze_audiobooki_w_maju_%E2%80%93_lista_Audioteki\"><\/span>Najpopularniejsze audiobooki w&nbsp;maju \u2013 lista Audioteki<span class=\"ez-toc-section-end\"><\/span><\/h2>\n\n\n\n<h2 class=\"wp-block-heading\"><span class=\"ez-toc-section\" id=\"1_Kasprowy_Remigiusz_Mroz\"><\/span>1. <strong>Kasprowy, Remigiusz Mr\u00f3z<\/strong><span class=\"ez-toc-section-end\"><\/span><\/h2>\n\n\n<div class=\"wp-block-image\">\n<figure class=\"aligncenter size-full is-resized\"><img loading=\"lazy\" decoding=\"async\" width=\"300\" height=\"300\" data-attachment-id=\"4110\" data-permalink=\"https:\/\/blogaudioteka.wpcomstaging.com\/top-10-maja-w-audiotece-najpopularniejsze-audiobooki-miesiaca\/kasprowy-2\" data-orig-file=\"https:\/\/blogaudioteka.wpcomstaging.com\/wp-content\/uploads\/kasprowy-2.avif\" data-orig-size=\"300,300\" data-comments-opened=\"0\" data-image-meta=\"{&quot;aperture&quot;:&quot;0&quot;,&quot;credit&quot;:&quot;&quot;,&quot;camera&quot;:&quot;&quot;,&quot;caption&quot;:&quot;&quot;,&quot;created_timestamp&quot;:&quot;0&quot;,&quot;copyright&quot;:&quot;&quot;,&quot;focal_length&quot;:&quot;0&quot;,&quot;iso&quot;:&quot;0&quot;,&quot;shutter_speed&quot;:&quot;0&quot;,&quot;title&quot;:&quot;&quot;,&quot;orientation&quot;:&quot;0&quot;}\" data-image-title=\"kasprowy (2)\" data-image-description=\"\" data-image-caption=\"\" data-large-file=\"https:\/\/blogaudioteka.wpcomstaging.com\/wp-content\/uploads\/kasprowy-2.avif\" src=\"https:\/\/blogaudioteka.wpcomstaging.com\/wp-content\/uploads\/kasprowy-2.avif\" alt=\"\" class=\"wp-image-4110\" style=\"width:346px;height:auto\" srcset=\"https:\/\/blogaudioteka.wpcomstaging.com\/wp-content\/uploads\/kasprowy-2.avif 300w, https:\/\/blogaudioteka.wpcomstaging.com\/wp-content\/uploads\/kasprowy-2-150x150.avif 150w, https:\/\/blogaudioteka.wpcomstaging.com\/wp-content\/uploads\/kasprowy-2-200x200.avif 200w, https:\/\/blogaudioteka.wpcomstaging.com\/wp-content\/uploads\/kasprowy-2-148x148.avif 148w, https:\/\/blogaudioteka.wpcomstaging.com\/wp-content\/uploads\/kasprowy-2-296x296.avif 296w\" sizes=\"auto, (max-width: 300px) 100vw, 300px\" \/><\/figure>\n<\/div>\n\n\n<p class=\"wp-block-paragraph\"><strong>\ud83d\udc49S\u0142uchaj: <a href=\"https:\/\/audioteka.com\/pl\/audiobook\/kasprowy\/\" target=\"_blank\" rel=\"noopener\">Kasprowy &#8211; Audiobook &#8211; Remigiusz Mr\u00f3z &#8211; Wydawnictwo Filia | Audioteka<\/a><\/strong><\/p>\n\n\n\n<p class=\"has-text-align-justify wp-block-paragraph\"><a href=\"https:\/\/audioteka.com\/pl\/autor\/remigiusz-mroz\/\" target=\"_blank\" rel=\"noopener\">Remigiusz Mr\u00f3z<\/a> powraca z&nbsp;kolejn\u0105 cz\u0119\u015bci\u0105 serii o&nbsp;komisarzu Wiktorze For\u015bcie. W&nbsp;&#8222;Kasprowym&#8221; akcja toczy si\u0119 w&nbsp;dw\u00f3ch liniach czasowych: w&nbsp;czerwcu 2022 roku, gdy Dominika Wadry\u015b-Hansen prowadzi \u015bledztwo w&nbsp;sprawie masowego grobu w&nbsp;Pleszowie, oraz w&nbsp;czerwcu 2025 roku, kiedy zamachowcy planuj\u0105 atak na kolej linow\u0105 na Kasprowy Wierch. Audiobook trwa 12 godzin i&nbsp;51 minut, a&nbsp;w roli lektora wyst\u0119puje znakomity <a href=\"https:\/\/audioteka.com\/pl\/lektor\/krzysztof-gosztyla\/\" target=\"_blank\" rel=\"noopener\">Krzysztof Goszty\u0142a<\/a>, kt\u00f3rego interpretacja dodaje tej historii jeszcze wi\u0119kszej g\u0142\u0119bi.\u00a0<\/p>\n\n\n\n<h2 class=\"wp-block-heading\"><span class=\"ez-toc-section\" id=\"2_Szacki_Czesc_2_Ziarno_prawdy_audioserial\"><\/span>2. Szacki. Cz\u0119\u015b\u0107 2:\u00a0 Ziarno prawdy (audioserial)<span class=\"ez-toc-section-end\"><\/span><\/h2>\n\n\n<div class=\"wp-block-image\">\n<figure class=\"aligncenter size-full\"><img loading=\"lazy\" decoding=\"async\" width=\"360\" height=\"360\" data-attachment-id=\"4113\" data-permalink=\"https:\/\/blogaudioteka.wpcomstaging.com\/top-10-maja-w-audiotece-najpopularniejsze-audiobooki-miesiaca\/c20fe275-6ef86d3020994f67e3acf57a377500c187e7440b13d3d7921af617e52f14b68f-1\" data-orig-file=\"https:\/\/blogaudioteka.wpcomstaging.com\/wp-content\/uploads\/c20fe275-6ef86d3020994f67e3acf57a377500c187e7440b13d3d7921af617e52f14b68f-1.avif\" data-orig-size=\"360,360\" data-comments-opened=\"0\" data-image-meta=\"{&quot;aperture&quot;:&quot;0&quot;,&quot;credit&quot;:&quot;&quot;,&quot;camera&quot;:&quot;&quot;,&quot;caption&quot;:&quot;&quot;,&quot;created_timestamp&quot;:&quot;0&quot;,&quot;copyright&quot;:&quot;&quot;,&quot;focal_length&quot;:&quot;0&quot;,&quot;iso&quot;:&quot;0&quot;,&quot;shutter_speed&quot;:&quot;0&quot;,&quot;title&quot;:&quot;&quot;,&quot;orientation&quot;:&quot;0&quot;}\" data-image-title=\"c20fe275-6ef86d3020994f67e3acf57a377500c187e7440b13d3d7921af617e52f14b68f (1)\" data-image-description=\"\" data-image-caption=\"\" data-large-file=\"https:\/\/blogaudioteka.wpcomstaging.com\/wp-content\/uploads\/c20fe275-6ef86d3020994f67e3acf57a377500c187e7440b13d3d7921af617e52f14b68f-1.avif\" src=\"https:\/\/blogaudioteka.wpcomstaging.com\/wp-content\/uploads\/c20fe275-6ef86d3020994f67e3acf57a377500c187e7440b13d3d7921af617e52f14b68f-1.avif\" alt=\"\" class=\"wp-image-4113\" srcset=\"https:\/\/blogaudioteka.wpcomstaging.com\/wp-content\/uploads\/c20fe275-6ef86d3020994f67e3acf57a377500c187e7440b13d3d7921af617e52f14b68f-1.avif 360w, https:\/\/blogaudioteka.wpcomstaging.com\/wp-content\/uploads\/c20fe275-6ef86d3020994f67e3acf57a377500c187e7440b13d3d7921af617e52f14b68f-1-300x300.avif 300w, https:\/\/blogaudioteka.wpcomstaging.com\/wp-content\/uploads\/c20fe275-6ef86d3020994f67e3acf57a377500c187e7440b13d3d7921af617e52f14b68f-1-150x150.avif 150w, https:\/\/blogaudioteka.wpcomstaging.com\/wp-content\/uploads\/c20fe275-6ef86d3020994f67e3acf57a377500c187e7440b13d3d7921af617e52f14b68f-1-200x200.avif 200w, https:\/\/blogaudioteka.wpcomstaging.com\/wp-content\/uploads\/c20fe275-6ef86d3020994f67e3acf57a377500c187e7440b13d3d7921af617e52f14b68f-1-148x148.avif 148w, https:\/\/blogaudioteka.wpcomstaging.com\/wp-content\/uploads\/c20fe275-6ef86d3020994f67e3acf57a377500c187e7440b13d3d7921af617e52f14b68f-1-296x296.avif 296w\" sizes=\"auto, (max-width: 360px) 100vw, 360px\" \/><\/figure>\n<\/div>\n\n\n<p class=\"wp-block-paragraph\"><strong>\ud83d\udc49S\u0142uchaj: <a href=\"https:\/\/audioteka.com\/pl\/cykl\/szacki-czesc-2-ziarno-prawdy-audioserial\/\" target=\"_blank\" rel=\"noopener\">Szacki. Cz\u0119\u015b\u0107 2: Ziarno prawdy. Audioserial &#8211; cykl audiobook\u00f3w | Audioteka<\/a><\/strong><\/p>\n\n\n\n<p class=\"has-text-align-justify wp-block-paragraph\">Kontynuacja bestsellerowej trylogii <a href=\"https:\/\/audioteka.com\/pl\/autor\/zygmunt-miloszewski\/\" target=\"_blank\" rel=\"noopener\">Zygmunta Mi\u0142oszewskiego<\/a> o&nbsp;prokuratorze Teodorze Szackim. Tym razem akcja przenosi si\u0119 do Sandomierza, gdzie dochodzi do morderstwa kobiety upozowanej na ofiar\u0119 rytualnego mordu. Szacki musi zmierzy\u0107 si\u0119 nie tylko z&nbsp;morderc\u0105, ale te\u017c z&nbsp;legend\u0105, kt\u00f3ra od wiek\u00f3w dzieli ludzi. W&nbsp;rolach g\u0142\u00f3wnych wyst\u0119puj\u0105 m.in. <a href=\"https:\/\/audioteka.com\/pl\/lektor\/michal-zebrowski\/\" target=\"_blank\" rel=\"noopener\">Micha\u0142 \u017bebrowski<\/a>, <a href=\"https:\/\/audioteka.com\/pl\/lektor\/karolina-gorczyca\/\" target=\"_blank\" rel=\"noopener\">Karolina Gorczyca<\/a> i&nbsp;<a href=\"https:\/\/audioteka.com\/pl\/lektor\/krzysztof-czeczot\/\" target=\"_blank\" rel=\"noopener\">Krzysztof Czeczot<\/a>. Jak widzisz, w&nbsp;maju u\u017cytkownicy Audioteki nie stronili od mrocznych opowi\u015bci z&nbsp;dreszczykiem.<\/p>\n\n\n\n<h2 class=\"wp-block-heading\"><span class=\"ez-toc-section\" id=\"3_Mazurski_przekret_audioserial\"><\/span>3. Mazurski przekr\u0119t (audioserial)<span class=\"ez-toc-section-end\"><\/span><\/h2>\n\n\n<div class=\"wp-block-image\">\n<figure class=\"aligncenter size-full\"><img loading=\"lazy\" decoding=\"async\" width=\"360\" height=\"360\" data-attachment-id=\"4115\" data-permalink=\"https:\/\/blogaudioteka.wpcomstaging.com\/top-10-maja-w-audiotece-najpopularniejsze-audiobooki-miesiaca\/c20fe275-b73c6094b473477cab3543a74642a3186451bd7093a44a1cd998d3074b854c58-2-2\" data-orig-file=\"https:\/\/blogaudioteka.wpcomstaging.com\/wp-content\/uploads\/c20fe275-b73c6094b473477cab3543a74642a3186451bd7093a44a1cd998d3074b854c58-2.avif\" data-orig-size=\"360,360\" data-comments-opened=\"0\" data-image-meta=\"{&quot;aperture&quot;:&quot;0&quot;,&quot;credit&quot;:&quot;&quot;,&quot;camera&quot;:&quot;&quot;,&quot;caption&quot;:&quot;&quot;,&quot;created_timestamp&quot;:&quot;0&quot;,&quot;copyright&quot;:&quot;&quot;,&quot;focal_length&quot;:&quot;0&quot;,&quot;iso&quot;:&quot;0&quot;,&quot;shutter_speed&quot;:&quot;0&quot;,&quot;title&quot;:&quot;&quot;,&quot;orientation&quot;:&quot;0&quot;}\" data-image-title=\"c20fe275-b73c6094b473477cab3543a74642a3186451bd7093a44a1cd998d3074b854c58 (2)\" data-image-description=\"\" data-image-caption=\"\" data-large-file=\"https:\/\/blogaudioteka.wpcomstaging.com\/wp-content\/uploads\/c20fe275-b73c6094b473477cab3543a74642a3186451bd7093a44a1cd998d3074b854c58-2.avif\" src=\"https:\/\/blogaudioteka.wpcomstaging.com\/wp-content\/uploads\/c20fe275-b73c6094b473477cab3543a74642a3186451bd7093a44a1cd998d3074b854c58-2.avif\" alt=\"\" class=\"wp-image-4115\" srcset=\"https:\/\/blogaudioteka.wpcomstaging.com\/wp-content\/uploads\/c20fe275-b73c6094b473477cab3543a74642a3186451bd7093a44a1cd998d3074b854c58-2.avif 360w, https:\/\/blogaudioteka.wpcomstaging.com\/wp-content\/uploads\/c20fe275-b73c6094b473477cab3543a74642a3186451bd7093a44a1cd998d3074b854c58-2-300x300.avif 300w, https:\/\/blogaudioteka.wpcomstaging.com\/wp-content\/uploads\/c20fe275-b73c6094b473477cab3543a74642a3186451bd7093a44a1cd998d3074b854c58-2-150x150.avif 150w, https:\/\/blogaudioteka.wpcomstaging.com\/wp-content\/uploads\/c20fe275-b73c6094b473477cab3543a74642a3186451bd7093a44a1cd998d3074b854c58-2-200x200.avif 200w, https:\/\/blogaudioteka.wpcomstaging.com\/wp-content\/uploads\/c20fe275-b73c6094b473477cab3543a74642a3186451bd7093a44a1cd998d3074b854c58-2-148x148.avif 148w, https:\/\/blogaudioteka.wpcomstaging.com\/wp-content\/uploads\/c20fe275-b73c6094b473477cab3543a74642a3186451bd7093a44a1cd998d3074b854c58-2-296x296.avif 296w\" sizes=\"auto, (max-width: 360px) 100vw, 360px\" \/><\/figure>\n<\/div>\n\n\n<p class=\"wp-block-paragraph\"><strong>\ud83d\udc49S\u0142uchaj: <a href=\"https:\/\/audioteka.com\/pl\/cykl\/mazurski-przekret-audioserial\/\" target=\"_blank\" rel=\"noopener\">Mazurski Przekr\u0119t. Audioserial &#8211; cykl audiobook\u00f3w | Audioteka<\/a><\/strong><\/p>\n\n\n\n<p class=\"has-text-align-justify wp-block-paragraph\">&#8222;Mazurski przekr\u0119t&#8221; to kryminalna opowie\u015b\u0107 Bart\u0142omieja \u015awiderskiego, osadzona w&nbsp;realiach malowniczych Mazur. G\u0142\u00f3wny bohater, Piotr Brandt, by\u0142y rockman, znajduje si\u0119 w&nbsp;centrum intrygi po odkryciu trzech cia\u0142 i\u2026 got\u00f3wki. \u015aledztwo prowadzi przez deweloperskie koneksje, medialne ambicje i&nbsp;lokaln\u0105 elit\u0119. W&nbsp;rolach g\u0142\u00f3wnych m.in. <a href=\"https:\/\/audioteka.com\/pl\/lektor\/szymon-kusmider\/\" target=\"_blank\" rel=\"noopener\">Szymon Ku\u015bmider<\/a>. Naszym&nbsp; zdaniem ten audioserial jest wprost idealny nie tylko na wakacje, ale i&nbsp;na wszystkie wakacyjne woja\u017ce!<\/p>\n\n\n\n<h2 class=\"wp-block-heading\"><span class=\"ez-toc-section\" id=\"4_Zla_przeszlosc_Mieczyslaw_Gorzka\"><\/span>4. Z\u0142a przesz\u0142o\u015b\u0107, Mieczys\u0142aw Gorzka<span class=\"ez-toc-section-end\"><\/span><\/h2>\n\n\n<div class=\"wp-block-image\">\n<figure class=\"aligncenter size-full is-resized\"><img loading=\"lazy\" decoding=\"async\" width=\"300\" height=\"300\" data-attachment-id=\"4117\" data-permalink=\"https:\/\/blogaudioteka.wpcomstaging.com\/top-10-maja-w-audiotece-najpopularniejsze-audiobooki-miesiaca\/zla-przeszlosc-original\" data-orig-file=\"https:\/\/blogaudioteka.wpcomstaging.com\/wp-content\/uploads\/zla-przeszlosc-original.avif\" data-orig-size=\"300,300\" data-comments-opened=\"0\" data-image-meta=\"{&quot;aperture&quot;:&quot;0&quot;,&quot;credit&quot;:&quot;&quot;,&quot;camera&quot;:&quot;&quot;,&quot;caption&quot;:&quot;&quot;,&quot;created_timestamp&quot;:&quot;0&quot;,&quot;copyright&quot;:&quot;&quot;,&quot;focal_length&quot;:&quot;0&quot;,&quot;iso&quot;:&quot;0&quot;,&quot;shutter_speed&quot;:&quot;0&quot;,&quot;title&quot;:&quot;&quot;,&quot;orientation&quot;:&quot;0&quot;}\" data-image-title=\"zla-przeszlosc-original\" data-image-description=\"\" data-image-caption=\"\" data-large-file=\"https:\/\/blogaudioteka.wpcomstaging.com\/wp-content\/uploads\/zla-przeszlosc-original.avif\" src=\"https:\/\/blogaudioteka.wpcomstaging.com\/wp-content\/uploads\/zla-przeszlosc-original.avif\" alt=\"\" class=\"wp-image-4117\" style=\"width:348px;height:auto\" srcset=\"https:\/\/blogaudioteka.wpcomstaging.com\/wp-content\/uploads\/zla-przeszlosc-original.avif 300w, https:\/\/blogaudioteka.wpcomstaging.com\/wp-content\/uploads\/zla-przeszlosc-original-150x150.avif 150w, https:\/\/blogaudioteka.wpcomstaging.com\/wp-content\/uploads\/zla-przeszlosc-original-200x200.avif 200w, https:\/\/blogaudioteka.wpcomstaging.com\/wp-content\/uploads\/zla-przeszlosc-original-148x148.avif 148w, https:\/\/blogaudioteka.wpcomstaging.com\/wp-content\/uploads\/zla-przeszlosc-original-296x296.avif 296w\" sizes=\"auto, (max-width: 300px) 100vw, 300px\" \/><\/figure>\n<\/div>\n\n\n<p class=\"wp-block-paragraph\"><strong>\ud83d\udc49S\u0142uchaj: <a href=\"https:\/\/audioteka.com\/pl\/audiobook\/zla-przeszlosc\/\" target=\"_blank\" rel=\"noopener\">Z\u0142a przesz\u0142o\u015b\u0107 &#8211; Audiobook &#8211; Mieczys\u0142aw Gorzka &#8211; Skarpa Warszawska | Audioteka<\/a><\/strong><\/p>\n\n\n\n<p class=\"has-text-align-justify wp-block-paragraph\">Znany z&nbsp;mocnych powie\u015bci <a href=\"https:\/\/audioteka.com\/pl\/autor\/mieczyslaw-gorzka\/\" target=\"_blank\" rel=\"noopener\">Mieczys\u0142aw Gorzka<\/a> tym razem przedstawia histori\u0119 powrotu seryjnego mordercy zwanego Prorokiem. Podkomisarz Karina Buczko staje na czele grupy \u015bledczej, jednak mimo szeroko zakrojonych dzia\u0142a\u0144 nie ma nawet podejrzanego. Audiobook trwa 10 godzin i&nbsp;27 minut, a&nbsp;w roli lektora wyst\u0119puje <a href=\"https:\/\/audioteka.com\/pl\/lektor\/filip-kosior\/\" target=\"_blank\" rel=\"noopener\">Filip Kosior<\/a>, kt\u00f3ry jak zawsze stan\u0105\u0142 na wysoko\u015bci zadania.<\/p>\n\n\n\n<h2 class=\"wp-block-heading\"><span class=\"ez-toc-section\" id=\"5_Sobowtor_Maciej_Siembieda\"><\/span>5. Sobowt\u00f3r, Maciej Siembieda<span class=\"ez-toc-section-end\"><\/span><\/h2>\n\n\n<div class=\"wp-block-image\">\n<figure class=\"aligncenter size-full is-resized\"><img loading=\"lazy\" decoding=\"async\" width=\"300\" height=\"300\" data-attachment-id=\"4129\" data-permalink=\"https:\/\/blogaudioteka.wpcomstaging.com\/top-10-maja-w-audiotece-najpopularniejsze-audiobooki-miesiaca\/sobowtor\" data-orig-file=\"https:\/\/blogaudioteka.wpcomstaging.com\/wp-content\/uploads\/sobowtor.avif\" data-orig-size=\"300,300\" data-comments-opened=\"0\" data-image-meta=\"{&quot;aperture&quot;:&quot;0&quot;,&quot;credit&quot;:&quot;&quot;,&quot;camera&quot;:&quot;&quot;,&quot;caption&quot;:&quot;&quot;,&quot;created_timestamp&quot;:&quot;0&quot;,&quot;copyright&quot;:&quot;&quot;,&quot;focal_length&quot;:&quot;0&quot;,&quot;iso&quot;:&quot;0&quot;,&quot;shutter_speed&quot;:&quot;0&quot;,&quot;title&quot;:&quot;&quot;,&quot;orientation&quot;:&quot;0&quot;}\" data-image-title=\"sobowtor\" data-image-description=\"\" data-image-caption=\"\" data-large-file=\"https:\/\/blogaudioteka.wpcomstaging.com\/wp-content\/uploads\/sobowtor.avif\" src=\"https:\/\/blogaudioteka.wpcomstaging.com\/wp-content\/uploads\/sobowtor.avif\" alt=\"\" class=\"wp-image-4129\" style=\"width:360px;height:auto\" srcset=\"https:\/\/blogaudioteka.wpcomstaging.com\/wp-content\/uploads\/sobowtor.avif 300w, https:\/\/blogaudioteka.wpcomstaging.com\/wp-content\/uploads\/sobowtor-150x150.avif 150w, https:\/\/blogaudioteka.wpcomstaging.com\/wp-content\/uploads\/sobowtor-200x200.avif 200w, https:\/\/blogaudioteka.wpcomstaging.com\/wp-content\/uploads\/sobowtor-148x148.avif 148w, https:\/\/blogaudioteka.wpcomstaging.com\/wp-content\/uploads\/sobowtor-296x296.avif 296w\" sizes=\"auto, (max-width: 300px) 100vw, 300px\" \/><\/figure>\n<\/div>\n\n\n<p class=\"wp-block-paragraph\"><strong>\ud83d\udc49S\u0142uchaj: <a href=\"https:\/\/audioteka.com\/pl\/audiobook\/sobowtor-agora\/\" target=\"_blank\" rel=\"noopener\">Sobowt\u00f3r &#8211; Audiobook &#8211; Maciej Siembieda &#8211; Agora | Audioteka<\/a><\/strong><\/p>\n\n\n\n<p class=\"has-text-align-justify wp-block-paragraph\"><a href=\"https:\/\/audioteka.com\/pl\/autor\/maciej-siembieda\/\" target=\"_blank\" rel=\"noopener\">Maciej Siembieda<\/a> w&nbsp;&#8222;Sobowt\u00f3rze&#8221; snuje opowie\u015b\u0107 o&nbsp;fa\u0142szerzu dzie\u0142 sztuki, znanym jako &#8222;Gemello&#8221;, kt\u00f3ry od setek lat oszukuje \u015bwiat sztuki. By\u0142y prokurator IPN, Jakub Kania, prowadzi \u015bledztwo w&nbsp;sprawie nieznanych portret\u00f3w Marcina Lutra i&nbsp;Jana Kalwina. Ten audiobook to 11 godzin i&nbsp;7 minut znakomitej, nie zawsze oczywistej rozrywki, od kt\u00f3rej trudno si\u0119 oderwa\u0107 \u2013 nic dziwnego, \u017ce u\u017cytkownicy Audioteki pokochali t\u0119 produkcj\u0119! Ten audiobook jest cz\u0119\u015bci\u0105 <a href=\"https:\/\/audioteka.com\/pl\/cykl\/jakub-kania\/\" target=\"_blank\" rel=\"noopener\">cyklu z&nbsp;Jakubem Kani\u0105<\/a>.<\/p>\n\n\n\n<h2 class=\"wp-block-heading\"><span class=\"ez-toc-section\" id=\"6_Konklawe_Robert_Harris\"><\/span>6. Konklawe, Robert Harris<span class=\"ez-toc-section-end\"><\/span><\/h2>\n\n\n<div class=\"wp-block-image\">\n<figure class=\"aligncenter size-full is-resized\"><img loading=\"lazy\" decoding=\"async\" width=\"300\" height=\"300\" data-attachment-id=\"4127\" data-permalink=\"https:\/\/blogaudioteka.wpcomstaging.com\/top-10-maja-w-audiotece-najpopularniejsze-audiobooki-miesiaca\/konklawe-original-1\" data-orig-file=\"https:\/\/blogaudioteka.wpcomstaging.com\/wp-content\/uploads\/konklawe-original-1.avif\" data-orig-size=\"300,300\" data-comments-opened=\"0\" data-image-meta=\"{&quot;aperture&quot;:&quot;0&quot;,&quot;credit&quot;:&quot;&quot;,&quot;camera&quot;:&quot;&quot;,&quot;caption&quot;:&quot;&quot;,&quot;created_timestamp&quot;:&quot;0&quot;,&quot;copyright&quot;:&quot;&quot;,&quot;focal_length&quot;:&quot;0&quot;,&quot;iso&quot;:&quot;0&quot;,&quot;shutter_speed&quot;:&quot;0&quot;,&quot;title&quot;:&quot;&quot;,&quot;orientation&quot;:&quot;0&quot;}\" data-image-title=\"konklawe-original (1)\" data-image-description=\"\" data-image-caption=\"\" data-large-file=\"https:\/\/blogaudioteka.wpcomstaging.com\/wp-content\/uploads\/konklawe-original-1.avif\" src=\"https:\/\/blogaudioteka.wpcomstaging.com\/wp-content\/uploads\/konklawe-original-1.avif\" alt=\"\" class=\"wp-image-4127\" style=\"width:370px;height:auto\" srcset=\"https:\/\/blogaudioteka.wpcomstaging.com\/wp-content\/uploads\/konklawe-original-1.avif 300w, https:\/\/blogaudioteka.wpcomstaging.com\/wp-content\/uploads\/konklawe-original-1-150x150.avif 150w, https:\/\/blogaudioteka.wpcomstaging.com\/wp-content\/uploads\/konklawe-original-1-200x200.avif 200w, https:\/\/blogaudioteka.wpcomstaging.com\/wp-content\/uploads\/konklawe-original-1-148x148.avif 148w, https:\/\/blogaudioteka.wpcomstaging.com\/wp-content\/uploads\/konklawe-original-1-296x296.avif 296w\" sizes=\"auto, (max-width: 300px) 100vw, 300px\" \/><\/figure>\n<\/div>\n\n\n<p class=\"wp-block-paragraph\"><strong>\ud83d\udc49S\u0142uchaj: <a href=\"https:\/\/audioteka.com\/pl\/audiobook\/konklawe\/\" target=\"_blank\" rel=\"noopener\">Konklawe &#8211; Audiobook &#8211; Robert Harris &#8211; Wydawnictwo Albatros | Audioteka<\/a><\/strong><\/p>\n\n\n\n<p class=\"has-text-align-justify wp-block-paragraph\">Angielski pisarz <a href=\"https:\/\/audioteka.com\/pl\/autor\/robert-harris\/\" target=\"_blank\" rel=\"noopener\">Robert Harris<\/a> w&nbsp;&#8222;Konklawe&#8221; zabiera s\u0142uchaczy za zamkni\u0119te drzwi Kaplicy Syksty\u0144skiej, gdzie 117 kardyna\u0142\u00f3w wybiera nowego papie\u017ca. G\u0142\u00f3wnym bohaterem jest kardyna\u0142 Lomeli, prze\u017cywaj\u0105cy kryzys wiary. S\u0105dzimy, \u017ce popularno\u015b\u0107 tego tytu\u0142u w&nbsp;maju 2025 w&nbsp;Audiotece zwi\u0105zana jest z&nbsp;wyborem papie\u017ca Leona XIV. Je\u015bli masz ochot\u0119 p\u00f3j\u015b\u0107 krok dalej,\u00a0 mo\u017cesz te\u017c od razu obejrze\u0107 ekranizacj\u0119 powie\u015bci Harrisa w&nbsp;re\u017cyserii Edwarda Bergera.<\/p>\n\n\n\n<h2 class=\"wp-block-heading\"><span class=\"ez-toc-section\" id=\"7_Zlo_Katarzyna_Wolwowicz\"><\/span>7. Z\u0142o, Katarzyna Wolwowicz<span class=\"ez-toc-section-end\"><\/span><\/h2>\n\n\n<div class=\"wp-block-image\">\n<figure class=\"aligncenter size-full is-resized\"><img loading=\"lazy\" decoding=\"async\" width=\"300\" height=\"300\" data-attachment-id=\"4125\" data-permalink=\"https:\/\/blogaudioteka.wpcomstaging.com\/top-10-maja-w-audiotece-najpopularniejsze-audiobooki-miesiaca\/zlo-wyd-zwierciadlo\" data-orig-file=\"https:\/\/blogaudioteka.wpcomstaging.com\/wp-content\/uploads\/zlo-wyd-zwierciadlo.avif\" data-orig-size=\"300,300\" data-comments-opened=\"0\" data-image-meta=\"{&quot;aperture&quot;:&quot;0&quot;,&quot;credit&quot;:&quot;&quot;,&quot;camera&quot;:&quot;&quot;,&quot;caption&quot;:&quot;&quot;,&quot;created_timestamp&quot;:&quot;0&quot;,&quot;copyright&quot;:&quot;&quot;,&quot;focal_length&quot;:&quot;0&quot;,&quot;iso&quot;:&quot;0&quot;,&quot;shutter_speed&quot;:&quot;0&quot;,&quot;title&quot;:&quot;&quot;,&quot;orientation&quot;:&quot;0&quot;}\" data-image-title=\"zlo-wyd-zwierciadlo\" data-image-description=\"\" data-image-caption=\"\" data-large-file=\"https:\/\/blogaudioteka.wpcomstaging.com\/wp-content\/uploads\/zlo-wyd-zwierciadlo.avif\" src=\"https:\/\/blogaudioteka.wpcomstaging.com\/wp-content\/uploads\/zlo-wyd-zwierciadlo.avif\" alt=\"\" class=\"wp-image-4125\" style=\"width:350px;height:auto\" srcset=\"https:\/\/blogaudioteka.wpcomstaging.com\/wp-content\/uploads\/zlo-wyd-zwierciadlo.avif 300w, https:\/\/blogaudioteka.wpcomstaging.com\/wp-content\/uploads\/zlo-wyd-zwierciadlo-150x150.avif 150w, https:\/\/blogaudioteka.wpcomstaging.com\/wp-content\/uploads\/zlo-wyd-zwierciadlo-200x200.avif 200w, https:\/\/blogaudioteka.wpcomstaging.com\/wp-content\/uploads\/zlo-wyd-zwierciadlo-148x148.avif 148w, https:\/\/blogaudioteka.wpcomstaging.com\/wp-content\/uploads\/zlo-wyd-zwierciadlo-296x296.avif 296w\" sizes=\"auto, (max-width: 300px) 100vw, 300px\" \/><\/figure>\n<\/div>\n\n\n<p class=\"wp-block-paragraph\"><strong>\ud83d\udc49S\u0142uchaj: <a href=\"https:\/\/audioteka.com\/pl\/audiobook\/zlo-wyd-zwierciadlo\/\" target=\"_blank\" rel=\"noopener\">Z\u0142o &#8211; Audiobook &#8211; Katarzyna Wolwowicz &#8211; Wydawnictwo Zwierciad\u0142o | Audioteka<\/a><\/strong><\/p>\n\n\n\n<p class=\"has-text-align-justify wp-block-paragraph\"><a href=\"https:\/\/audioteka.com\/pl\/autor\/katarzyna-wolwowicz\/\" target=\"_blank\" rel=\"noopener\">Katarzyna Wolwowicz<\/a> w&nbsp;charakterystyczny dla siebie, przejmuj\u0105cy spos\u00f3b opowiada histori\u0119 Iwony Kolibry, kt\u00f3ra po otrzymaniu listu z&nbsp;o\u015brodka adopcyjnego dowiaduje si\u0119, \u017ce jej c\u00f3rka zagin\u0119\u0142a dwadzie\u015bcia lat temu, a&nbsp;policja prawdopodobnie w\u0142a\u015bnie odnalaz\u0142a jej szcz\u0105tki. \u015aledztwo prowadzi komisarz Olga Balicka. W&nbsp;tym audiobooku popis swoich umiej\u0119tno\u015bci po raz kolejny zaprezentowa\u0142 Filip Kosior. Warto!<\/p>\n\n\n\n<h2 class=\"wp-block-heading\"><span class=\"ez-toc-section\" id=\"8_Wiezi_MM_Perr\"><\/span>8. Wi\u0119zi, M.M. Perr<span class=\"ez-toc-section-end\"><\/span><\/h2>\n\n\n<div class=\"wp-block-image\">\n<figure class=\"aligncenter size-full is-resized\"><img loading=\"lazy\" decoding=\"async\" width=\"300\" height=\"300\" data-attachment-id=\"4124\" data-permalink=\"https:\/\/blogaudioteka.wpcomstaging.com\/top-10-maja-w-audiotece-najpopularniejsze-audiobooki-miesiaca\/wiezi-original\" data-orig-file=\"https:\/\/blogaudioteka.wpcomstaging.com\/wp-content\/uploads\/wiezi-original.avif\" data-orig-size=\"300,300\" data-comments-opened=\"0\" data-image-meta=\"{&quot;aperture&quot;:&quot;0&quot;,&quot;credit&quot;:&quot;&quot;,&quot;camera&quot;:&quot;&quot;,&quot;caption&quot;:&quot;&quot;,&quot;created_timestamp&quot;:&quot;0&quot;,&quot;copyright&quot;:&quot;&quot;,&quot;focal_length&quot;:&quot;0&quot;,&quot;iso&quot;:&quot;0&quot;,&quot;shutter_speed&quot;:&quot;0&quot;,&quot;title&quot;:&quot;&quot;,&quot;orientation&quot;:&quot;0&quot;}\" data-image-title=\"wiezi-original\" data-image-description=\"\" data-image-caption=\"\" data-large-file=\"https:\/\/blogaudioteka.wpcomstaging.com\/wp-content\/uploads\/wiezi-original.avif\" src=\"https:\/\/blogaudioteka.wpcomstaging.com\/wp-content\/uploads\/wiezi-original.avif\" alt=\"\" class=\"wp-image-4124\" style=\"width:346px;height:auto\" srcset=\"https:\/\/blogaudioteka.wpcomstaging.com\/wp-content\/uploads\/wiezi-original.avif 300w, https:\/\/blogaudioteka.wpcomstaging.com\/wp-content\/uploads\/wiezi-original-150x150.avif 150w, https:\/\/blogaudioteka.wpcomstaging.com\/wp-content\/uploads\/wiezi-original-200x200.avif 200w, https:\/\/blogaudioteka.wpcomstaging.com\/wp-content\/uploads\/wiezi-original-148x148.avif 148w, https:\/\/blogaudioteka.wpcomstaging.com\/wp-content\/uploads\/wiezi-original-296x296.avif 296w\" sizes=\"auto, (max-width: 300px) 100vw, 300px\" \/><\/figure>\n<\/div>\n\n\n<p class=\"wp-block-paragraph\"><strong>\ud83d\udc49S\u0142uchaj: <a href=\"https:\/\/audioteka.com\/pl\/audiobook\/wiezi\/\" target=\"_blank\" rel=\"noopener\">Wi\u0119zi &#8211; Audiobook &#8211; M.M. Perr &#8211; Wydawnictwo Prozami | Audioteka<\/a><\/strong><\/p>\n\n\n\n<p class=\"has-text-align-justify wp-block-paragraph\">W <a href=\"https:\/\/audioteka.com\/pl\/katalog\/kryminal-polski\/\" target=\"_blank\" rel=\"noopener\">polskim kryminale<\/a> &#8222;Wi\u0119zi&#8221; poznajemy znan\u0105 pisark\u0119, kt\u00f3ra natrafia na trop \u0142\u0105cz\u0105cy niewyja\u015bnione zagini\u0119cia dziewczyn ze star\u0105 spraw\u0105 znikni\u0119cia Melisy Laskiewicz. Podkomisarz Robert Lew zostaje zmuszony do powrotu do \u015bledztwa sprzed pi\u0119tnastu lat. Wci\u0105ga bez reszty, o&nbsp;czym \u015bwiadcz\u0105 opinie u\u017cytkownik\u00f3w Audioteki, np.: \u201cMi\u0142e zaskoczenie. Zn\u00f3w autorka poszybowa\u0142a z&nbsp;jako\u015bci\u0105 wysoko w&nbsp;g\u00f3r\u0119\u201d czy \u201cCykl z&nbsp;komisarzem Lwem trzyma wysoki poziom\u201d.<\/p>\n\n\n\n<h2 class=\"wp-block-heading\"><span class=\"ez-toc-section\" id=\"9_Rewanz_audioserial\"><\/span>9. Rewan\u017c (audioserial)<span class=\"ez-toc-section-end\"><\/span><\/h2>\n\n\n<div class=\"wp-block-image\">\n<figure class=\"aligncenter size-full\"><img loading=\"lazy\" decoding=\"async\" width=\"360\" height=\"360\" data-attachment-id=\"4122\" data-permalink=\"https:\/\/blogaudioteka.wpcomstaging.com\/top-10-maja-w-audiotece-najpopularniejsze-audiobooki-miesiaca\/c20fe275-0dc09aadc321440980e6a55449111675d96d4dbb817f94ad6fd78f5e1613e4d0-1\" data-orig-file=\"https:\/\/blogaudioteka.wpcomstaging.com\/wp-content\/uploads\/c20fe275-0dc09aadc321440980e6a55449111675d96d4dbb817f94ad6fd78f5e1613e4d0-1.avif\" data-orig-size=\"360,360\" data-comments-opened=\"0\" data-image-meta=\"{&quot;aperture&quot;:&quot;0&quot;,&quot;credit&quot;:&quot;&quot;,&quot;camera&quot;:&quot;&quot;,&quot;caption&quot;:&quot;&quot;,&quot;created_timestamp&quot;:&quot;0&quot;,&quot;copyright&quot;:&quot;&quot;,&quot;focal_length&quot;:&quot;0&quot;,&quot;iso&quot;:&quot;0&quot;,&quot;shutter_speed&quot;:&quot;0&quot;,&quot;title&quot;:&quot;&quot;,&quot;orientation&quot;:&quot;0&quot;}\" data-image-title=\"c20fe275-0dc09aadc321440980e6a55449111675d96d4dbb817f94ad6fd78f5e1613e4d0 (1)\" data-image-description=\"\" data-image-caption=\"\" data-large-file=\"https:\/\/blogaudioteka.wpcomstaging.com\/wp-content\/uploads\/c20fe275-0dc09aadc321440980e6a55449111675d96d4dbb817f94ad6fd78f5e1613e4d0-1.avif\" src=\"https:\/\/blogaudioteka.wpcomstaging.com\/wp-content\/uploads\/c20fe275-0dc09aadc321440980e6a55449111675d96d4dbb817f94ad6fd78f5e1613e4d0-1.avif\" alt=\"\" class=\"wp-image-4122\" srcset=\"https:\/\/blogaudioteka.wpcomstaging.com\/wp-content\/uploads\/c20fe275-0dc09aadc321440980e6a55449111675d96d4dbb817f94ad6fd78f5e1613e4d0-1.avif 360w, https:\/\/blogaudioteka.wpcomstaging.com\/wp-content\/uploads\/c20fe275-0dc09aadc321440980e6a55449111675d96d4dbb817f94ad6fd78f5e1613e4d0-1-300x300.avif 300w, https:\/\/blogaudioteka.wpcomstaging.com\/wp-content\/uploads\/c20fe275-0dc09aadc321440980e6a55449111675d96d4dbb817f94ad6fd78f5e1613e4d0-1-150x150.avif 150w, https:\/\/blogaudioteka.wpcomstaging.com\/wp-content\/uploads\/c20fe275-0dc09aadc321440980e6a55449111675d96d4dbb817f94ad6fd78f5e1613e4d0-1-200x200.avif 200w, https:\/\/blogaudioteka.wpcomstaging.com\/wp-content\/uploads\/c20fe275-0dc09aadc321440980e6a55449111675d96d4dbb817f94ad6fd78f5e1613e4d0-1-148x148.avif 148w, https:\/\/blogaudioteka.wpcomstaging.com\/wp-content\/uploads\/c20fe275-0dc09aadc321440980e6a55449111675d96d4dbb817f94ad6fd78f5e1613e4d0-1-296x296.avif 296w\" sizes=\"auto, (max-width: 360px) 100vw, 360px\" \/><\/figure>\n<\/div>\n\n\n<p class=\"wp-block-paragraph\"><strong>\ud83d\udc49S\u0142uchaj: <a href=\"https:\/\/audioteka.com\/pl\/cykl\/rewanz-audioserial\/\" target=\"_blank\" rel=\"noopener\">Rewan\u017c. Audioserial &#8211; cykl audiobook\u00f3w | Audioteka<\/a><\/strong><\/p>\n\n\n\n<p class=\"has-text-align-justify wp-block-paragraph\">&#8222;Rewan\u017c&#8221; to audioserial, kt\u00f3ry w&nbsp;maju 2025 bez reszty wci\u0105gn\u0105\u0142 s\u0142uchaczy w&nbsp;\u015bwiat pe\u0142en napi\u0119cia i&nbsp;nieoczekiwanych zwrot\u00f3w akcji. 7 odcink\u00f3w tworzy histori\u0119 wielkiego powrotu s\u0142ynnej tenisistki po medialnym upadku, napisan\u0105 przez <a href=\"https:\/\/audioteka.com\/pl\/autor\/alicja-czepli\/\" target=\"_blank\" rel=\"noopener\">Alicj\u0119 Czepli<\/a>. Momentami zabawna, ale te\u017c daje do my\u015blenia. Warto\u015b\u0107 dodana? <a href=\"https:\/\/audioteka.com\/pl\/lektor\/joanna-trzepiecinska\/\" target=\"_blank\" rel=\"noopener\">Joanna Trzepieci\u0144ska<\/a> w&nbsp;roli terapeutki.<\/p>\n\n\n\n<h2 class=\"wp-block-heading\"><span class=\"ez-toc-section\" id=\"10_I_przekroczyl_granice_Kroczacy_wsrod_cieni_2_Jaroslaw_Kukielka\"><\/span>10. I&nbsp;przekroczy\u0142 granic\u0119. Krocz\u0105cy w\u015br\u00f3d cieni 2, Jaros\u0142aw Kukie\u0142ka<span class=\"ez-toc-section-end\"><\/span><\/h2>\n\n\n<div class=\"wp-block-image\">\n<figure class=\"aligncenter size-full is-resized\"><img loading=\"lazy\" decoding=\"async\" width=\"300\" height=\"300\" data-attachment-id=\"4121\" data-permalink=\"https:\/\/blogaudioteka.wpcomstaging.com\/top-10-maja-w-audiotece-najpopularniejsze-audiobooki-miesiaca\/i-przekroczyl-granice-kroczacy-wsrod-cieni-tom-2-original\" data-orig-file=\"https:\/\/blogaudioteka.wpcomstaging.com\/wp-content\/uploads\/i-przekroczyl-granice-kroczacy-wsrod-cieni-tom-2-original.avif\" data-orig-size=\"300,300\" data-comments-opened=\"0\" data-image-meta=\"{&quot;aperture&quot;:&quot;0&quot;,&quot;credit&quot;:&quot;&quot;,&quot;camera&quot;:&quot;&quot;,&quot;caption&quot;:&quot;&quot;,&quot;created_timestamp&quot;:&quot;0&quot;,&quot;copyright&quot;:&quot;&quot;,&quot;focal_length&quot;:&quot;0&quot;,&quot;iso&quot;:&quot;0&quot;,&quot;shutter_speed&quot;:&quot;0&quot;,&quot;title&quot;:&quot;&quot;,&quot;orientation&quot;:&quot;0&quot;}\" data-image-title=\"i-przekroczyl-granice-kroczacy-wsrod-cieni-tom-2-original\" data-image-description=\"\" data-image-caption=\"\" data-large-file=\"https:\/\/blogaudioteka.wpcomstaging.com\/wp-content\/uploads\/i-przekroczyl-granice-kroczacy-wsrod-cieni-tom-2-original.avif\" src=\"https:\/\/blogaudioteka.wpcomstaging.com\/wp-content\/uploads\/i-przekroczyl-granice-kroczacy-wsrod-cieni-tom-2-original.avif\" alt=\"\" class=\"wp-image-4121\" style=\"width:350px;height:auto\" srcset=\"https:\/\/blogaudioteka.wpcomstaging.com\/wp-content\/uploads\/i-przekroczyl-granice-kroczacy-wsrod-cieni-tom-2-original.avif 300w, https:\/\/blogaudioteka.wpcomstaging.com\/wp-content\/uploads\/i-przekroczyl-granice-kroczacy-wsrod-cieni-tom-2-original-150x150.avif 150w, https:\/\/blogaudioteka.wpcomstaging.com\/wp-content\/uploads\/i-przekroczyl-granice-kroczacy-wsrod-cieni-tom-2-original-200x200.avif 200w, https:\/\/blogaudioteka.wpcomstaging.com\/wp-content\/uploads\/i-przekroczyl-granice-kroczacy-wsrod-cieni-tom-2-original-148x148.avif 148w, https:\/\/blogaudioteka.wpcomstaging.com\/wp-content\/uploads\/i-przekroczyl-granice-kroczacy-wsrod-cieni-tom-2-original-296x296.avif 296w\" sizes=\"auto, (max-width: 300px) 100vw, 300px\" \/><\/figure>\n<\/div>\n\n\n<p class=\"wp-block-paragraph\"><strong>\ud83d\udc49S\u0142uchaj: <a href=\"https:\/\/audioteka.com\/pl\/audiobook\/i-przekroczyl-granice-kroczacy-wsrod-cieni-tom-2\/\" target=\"_blank\" rel=\"noopener\">I przekroczy\u0142 granic\u0119. Krocz\u0105cy w\u015br\u00f3d cieni. Tom 2 &#8211; Audiobook &#8211; Jaros\u0142aw Kukie\u0142ka &#8211; Sine Qua Non | Audioteka<\/a><\/strong><\/p>\n\n\n\n<p class=\"has-text-align-justify wp-block-paragraph\"><a href=\"https:\/\/audioteka.com\/pl\/autor\/jaroslaw-kukielka\/\" target=\"_blank\" rel=\"noopener\">Jaros\u0142aw Kukie\u0142ka<\/a> w&nbsp;drugiej cz\u0119\u015bci serii <a href=\"https:\/\/audioteka.com\/pl\/cykl\/kroczacy-wsrod-cieni-fa13ff78\/\" target=\"_blank\" rel=\"noopener\">&#8222;Krocz\u0105cy w\u015br\u00f3d cieni&#8221;<\/a> kontynuuje histori\u0119 pe\u0142n\u0105 mroku i&nbsp;tajemnic, pe\u0142n\u0105 brutalno\u015bci, politycznych intryg, zdrad i&nbsp;tajemniczych mocy. Tu ka\u017cda decyzja niesie \u015bmiertelne konsekwencje, a&nbsp;u\u017cytkownikom Audioteki najwyra\u017aniej w\u0142a\u015bnie taki klimat najbardziej odpowiada wiosn\u0105. My si\u0119 temu&nbsp; wcale nie dziwimy!<\/p>\n\n\n\n<h3 class=\"wp-block-heading\"><span class=\"ez-toc-section\" id=\"Podsumowanie\"><\/span>Podsumowanie<span class=\"ez-toc-section-end\"><\/span><\/h3>\n\n\n\n<ul class=\"wp-block-list\">\n<li>Maj 2025 w&nbsp;Audiotece up\u0142yn\u0105\u0142 pod znakiem r\u00f3\u017cnorodnych gatunk\u00f3w \u2013 od thriller\u00f3w i&nbsp;krymina\u0142\u00f3w po poruszaj\u0105ce dramaty i&nbsp;ambitne superprodukcje.<\/li>\n\n\n\n<li>&#8222;Kasprowy&#8221; Remigiusza Mroza i&nbsp;&#8222;Z\u0142a przesz\u0142o\u015b\u0107&#8221; Mieczys\u0142awa Gorzki to mocne propozycje dla fan\u00f3w mrocznych, wielow\u0105tkowych \u015bledztw.<\/li>\n\n\n\n<li>Seria o&nbsp;Teodorze Szackim w&nbsp;wersji audioserialu oraz &#8222;Mazurski przekr\u0119t&#8221; przyci\u0105gn\u0119\u0142y uwag\u0119 s\u0142uchaczy anga\u017cuj\u0105c\u0105 fabu\u0142\u0105 i&nbsp;znakomit\u0105 obsad\u0105.<\/li>\n\n\n\n<li>&#8222;Konklawe&#8221; Roberta Harrisa zyska\u0142o na popularno\u015bci dzi\u0119ki aktualno\u015bci tematu i&nbsp;polityczno-religijnemu napi\u0119ciu.<\/li>\n\n\n\n<li>&#8222;Sobowt\u00f3r&#8221; Macieja Siembiedy i&nbsp;&#8222;Wi\u0119zi&#8221; M.M. Perr udowodni\u0142y, \u017ce polski thriller trzyma bardzo wysoki poziom.<\/li>\n\n\n\n<li>Produkcje w&nbsp;rodzaju &#8222;Rewan\u017c&#8221; pokazuj\u0105, \u017ce audioseriale zyskuj\u0105 coraz wi\u0119cej wiernych fan\u00f3w.<\/li>\n\n\n\n<li>Audiobooki z&nbsp;listy TOP 10 \u0142\u0105czy wci\u0105gaj\u0105ca fabu\u0142a, doskona\u0142e nagranie i&nbsp;\u015bwietni lektorzy, z&nbsp;Filipem Kosiorem i&nbsp;Krzysztofem Goszty\u0142\u0105 na czele.<\/li>\n\n\n\n<li>To \u015bwietny punkt wyj\u015bcia, je\u015bli szukasz tytu\u0142\u00f3w, kt\u00f3re poch\u0142on\u0105 Ci\u0119 bez reszty \u2013 tak\u017ce w&nbsp;letnie dni!<\/li>\n<\/ul>\n\n\n\n<figure class=\"wp-block-image size-full\"><a href=\"https:\/\/audioteka.com\/pl\/dolacz-do-audioteka-klub\/\" target=\"_blank\" rel=\"noopener\"><img data-recalc-dims=\"1\" loading=\"lazy\" decoding=\"async\" width=\"768\" height=\"216\" data-attachment-id=\"4130\" data-permalink=\"https:\/\/blogaudioteka.wpcomstaging.com\/top-10-maja-w-audiotece-najpopularniejsze-audiobooki-miesiaca\/banner_2_v2-1\" data-orig-file=\"https:\/\/i0.wp.com\/blogaudioteka.wpcomstaging.com\/wp-content\/uploads\/banner_2_v2-1-1.png?fit=768%2C216&amp;ssl=1\" data-orig-size=\"768,216\" data-comments-opened=\"0\" data-image-meta=\"{&quot;aperture&quot;:&quot;0&quot;,&quot;credit&quot;:&quot;&quot;,&quot;camera&quot;:&quot;&quot;,&quot;caption&quot;:&quot;&quot;,&quot;created_timestamp&quot;:&quot;0&quot;,&quot;copyright&quot;:&quot;&quot;,&quot;focal_length&quot;:&quot;0&quot;,&quot;iso&quot;:&quot;0&quot;,&quot;shutter_speed&quot;:&quot;0&quot;,&quot;title&quot;:&quot;&quot;,&quot;orientation&quot;:&quot;0&quot;}\" data-image-title=\"banner_2_v2 (1)\" data-image-description=\"\" data-image-caption=\"\" data-large-file=\"https:\/\/i0.wp.com\/blogaudioteka.wpcomstaging.com\/wp-content\/uploads\/banner_2_v2-1-1.png?fit=768%2C216&amp;ssl=1\" src=\"https:\/\/i0.wp.com\/blogaudioteka.wpcomstaging.com\/wp-content\/uploads\/banner_2_v2-1-1.png?resize=768%2C216&#038;ssl=1\" alt=\"\" class=\"wp-image-4130\" srcset=\"https:\/\/i0.wp.com\/blogaudioteka.wpcomstaging.com\/wp-content\/uploads\/banner_2_v2-1-1.png?w=768&amp;ssl=1 768w, https:\/\/i0.wp.com\/blogaudioteka.wpcomstaging.com\/wp-content\/uploads\/banner_2_v2-1-1.png?resize=300%2C84&amp;ssl=1 300w, https:\/\/i0.wp.com\/blogaudioteka.wpcomstaging.com\/wp-content\/uploads\/banner_2_v2-1-1.png?resize=512%2C144&amp;ssl=1 512w\" sizes=\"auto, (max-width: 768px) 100vw, 768px\" \/><\/a><\/figure>\n","protected":false},"excerpt":{"rendered":"Co w&nbsp;tym miesi\u0105cu najcz\u0119\u015bciej trafia\u0142o na s\u0142uchawki u\u017cytkownik\u00f3w Audioteki? Maj przyni\u00f3s\u0142 prawdziw\u0105 r\u00f3\u017cnorodno\u015b\u0107 \u2013 od hipnotyzuj\u0105cych thriller\u00f3w po&hellip;","protected":false},"author":264736300,"featured_media":4133,"comment_status":"closed","ping_status":"closed","sticky":false,"template":"","format":"standard","meta":{"_crdt_document":"","csco_display_header_overlay":false,"csco_singular_sidebar":"","csco_page_header_type":"","_jetpack_memberships_contains_paid_content":false,"footnotes":""},"categories":[14925,14927],"tags":[],"class_list":{"0":"post-4107","1":"post","2":"type-post","3":"status-publish","4":"format-standard","5":"has-post-thumbnail","7":"category-rankingi-zestawienia","8":"category-ranking","9":"cs-entry"},"jetpack_featured_media_url":"https:\/\/i0.wp.com\/blogaudioteka.wpcomstaging.com\/wp-content\/uploads\/BLOG-OKLADKA_2.png?fit=1920%2C1280&ssl=1","jetpack_sharing_enabled":true,"_links":{"self":[{"href":"https:\/\/blogaudioteka.wpcomstaging.com\/wp-json\/wp\/v2\/posts\/4107","targetHints":{"allow":["GET"]}}],"collection":[{"href":"https:\/\/blogaudioteka.wpcomstaging.com\/wp-json\/wp\/v2\/posts"}],"about":[{"href":"https:\/\/blogaudioteka.wpcomstaging.com\/wp-json\/wp\/v2\/types\/post"}],"author":[{"embeddable":true,"href":"https:\/\/blogaudioteka.wpcomstaging.com\/wp-json\/wp\/v2\/users\/264736300"}],"replies":[{"embeddable":true,"href":"https:\/\/blogaudioteka.wpcomstaging.com\/wp-json\/wp\/v2\/comments?post=4107"}],"version-history":[{"count":13,"href":"https:\/\/blogaudioteka.wpcomstaging.com\/wp-json\/wp\/v2\/posts\/4107\/revisions"}],"predecessor-version":[{"id":4132,"href":"https:\/\/blogaudioteka.wpcomstaging.com\/wp-json\/wp\/v2\/posts\/4107\/revisions\/4132"}],"wp:featuredmedia":[{"embeddable":true,"href":"https:\/\/blogaudioteka.wpcomstaging.com\/wp-json\/wp\/v2\/media\/4133"}],"wp:attachment":[{"href":"https:\/\/blogaudioteka.wpcomstaging.com\/wp-json\/wp\/v2\/media?parent=4107"}],"wp:term":[{"taxonomy":"category","embeddable":true,"href":"https:\/\/blogaudioteka.wpcomstaging.com\/wp-json\/wp\/v2\/categories?post=4107"},{"taxonomy":"post_tag","embeddable":true,"href":"https:\/\/blogaudioteka.wpcomstaging.com\/wp-json\/wp\/v2\/tags?post=4107"}],"curies":[{"name":"wp","href":"https:\/\/api.w.org\/{rel}","templated":true}]}}