{"id":3937,"date":"2025-06-05T08:17:15","date_gmt":"2025-06-05T06:17:15","guid":{"rendered":"https:\/\/blogaudioteka.wpcomstaging.com\/?p=3937"},"modified":"2025-06-05T08:17:18","modified_gmt":"2025-06-05T06:17:18","slug":"najlepsze-superprodukcje-w-audiotece-czego-warto-posluchac","status":"publish","type":"post","link":"https:\/\/blogaudioteka.wpcomstaging.com\/najlepsze-superprodukcje-w-audiotece-czego-warto-posluchac","title":{"rendered":"Najlepsze superprodukcje w Audiotece \u2013 czego warto pos\u0142ucha\u0107?"},"content":{"rendered":"\n<p class=\"has-text-align-justify wp-block-paragraph\"><strong>To nie s\u0105 zwyk\u0142e audiobooki. To pe\u0142nokrwiste s\u0142uchowiska z&nbsp;aktorsk\u0105 obsad\u0105, filmow\u0105 opraw\u0105 d\u017awi\u0119kow\u0105 i&nbsp;scenariuszami, kt\u00f3re brzmi\u0105 jak gotowe do ekranizacji. Superprodukcje Audioteki to d\u017awi\u0119kowe spektakle, kt\u00f3re przenosz\u0105 s\u0142uchaczy do wn\u0119trza opowie\u015bci \u2013 dos\u0142ownie. Oto zestawienie najlepszych z&nbsp;nich, wybranych nie tylko za jako\u015b\u0107 realizacji, ale te\u017c za emocje, kt\u00f3re wywo\u0142uj\u0105. Sprawd\u017a, co naprawd\u0119 znaczy <em>\u201ewci\u0105gn\u0105\u0107 si\u0119 bez reszty\u201d<\/em>.<\/strong><\/p>\n\n\n\n<div id=\"ez-toc-container\" class=\"ez-toc-v2_0_82_2 counter-hierarchy ez-toc-counter ez-toc-grey ez-toc-container-direction\">\n<div class=\"ez-toc-title-container\"><span class=\"ez-toc-title\" style=\"cursor:inherit\">Spis tre\u015bci<\/span>\n<\/div><nav><ul class='ez-toc-list ez-toc-list-level-1 ' ><li class='ez-toc-page-1 ez-toc-heading-level-2'><a class=\"ez-toc-link ez-toc-heading-1\" href=\"https:\/\/blogaudioteka.wpcomstaging.com\/najlepsze-superprodukcje-w-audiotece-czego-warto-posluchac\/#%E2%80%9EJestem_Czarna%E2%80%9D_%E2%80%93_lajki_sekrety_i_gra_w_ktorej_stawka_jest_wszystko\" >\u201eJestem Czarna\u201d \u2013 lajki, sekrety i&nbsp;gra, w&nbsp;kt\u00f3rej stawk\u0105 jest wszystko<\/a><\/li><li class='ez-toc-page-1 ez-toc-heading-level-2'><a class=\"ez-toc-link ez-toc-heading-2\" href=\"https:\/\/blogaudioteka.wpcomstaging.com\/najlepsze-superprodukcje-w-audiotece-czego-warto-posluchac\/#%E2%80%9ERewanz%E2%80%9D_%E2%80%93_tenis_tajemnice_i_walka_o_druga_szanse\" >\u201eRewan\u017c\u201d \u2013 tenis, tajemnice i&nbsp;walka o&nbsp;drug\u0105 szans\u0119<\/a><\/li><li class='ez-toc-page-1 ez-toc-heading-level-2'><a class=\"ez-toc-link ez-toc-heading-3\" href=\"https:\/\/blogaudioteka.wpcomstaging.com\/najlepsze-superprodukcje-w-audiotece-czego-warto-posluchac\/#%E2%80%9EMazurski_przekret%E2%80%9D_%E2%80%93_piekne_widoki_brudne_sprawy\" >\u201eMazurski przekr\u0119t\u201d \u2013 pi\u0119kne widoki, brudne sprawy<\/a><\/li><li class='ez-toc-page-1 ez-toc-heading-level-2'><a class=\"ez-toc-link ez-toc-heading-4\" href=\"https:\/\/blogaudioteka.wpcomstaging.com\/najlepsze-superprodukcje-w-audiotece-czego-warto-posluchac\/#%E2%80%9EPaderborn%E2%80%9D_%E2%80%93_brutalna_prawda_ktora_nie_daje_o_sobie_zapomniec\" >\u201ePaderborn\u201d \u2013 brutalna prawda, kt\u00f3ra nie daje o&nbsp;sobie zapomnie\u0107<\/a><\/li><li class='ez-toc-page-1 ez-toc-heading-level-2'><a class=\"ez-toc-link ez-toc-heading-5\" href=\"https:\/\/blogaudioteka.wpcomstaging.com\/najlepsze-superprodukcje-w-audiotece-czego-warto-posluchac\/#%E2%80%9EDzienniki_gwiazdowe%E2%80%9D_%E2%80%93_Lemowska_podroz_przez_galaktyki_i_absurdy_ludzkosci\" >\u201eDzienniki gwiazdowe\u201d \u2013 Lemowska podr\u00f3\u017c przez galaktyki i&nbsp;absurdy ludzko\u015bci<\/a><\/li><li class='ez-toc-page-1 ez-toc-heading-level-2'><a class=\"ez-toc-link ez-toc-heading-6\" href=\"https:\/\/blogaudioteka.wpcomstaging.com\/najlepsze-superprodukcje-w-audiotece-czego-warto-posluchac\/#%E2%80%9EFoliarze%E2%80%9D_%E2%80%93_absurd_humor_i_teoria_spisku_w_jednym\" >\u201eFoliarze\u201d \u2013 absurd, humor i&nbsp;teoria spisku w&nbsp;jednym<\/a><\/li><li class='ez-toc-page-1 ez-toc-heading-level-2'><a class=\"ez-toc-link ez-toc-heading-7\" href=\"https:\/\/blogaudioteka.wpcomstaging.com\/najlepsze-superprodukcje-w-audiotece-czego-warto-posluchac\/#_%E2%80%9EOzyrys%E2%80%9D_%E2%80%93_kosmiczna_konspiracja_od_Mroza\" >&nbsp;\u201eOzyrys\u201d \u2013 kosmiczna konspiracja od Mroza<\/a><\/li><li class='ez-toc-page-1 ez-toc-heading-level-2'><a class=\"ez-toc-link ez-toc-heading-8\" href=\"https:\/\/blogaudioteka.wpcomstaging.com\/najlepsze-superprodukcje-w-audiotece-czego-warto-posluchac\/#_%E2%80%9ELanger%E2%80%9D_%E2%80%93_psychologiczny_dreszczowiec_w_wersji_audio\" >&nbsp;\u201eLanger\u201d \u2013 psychologiczny dreszczowiec w&nbsp;wersji audio<\/a><\/li><li class='ez-toc-page-1 ez-toc-heading-level-2'><a class=\"ez-toc-link ez-toc-heading-9\" href=\"https:\/\/blogaudioteka.wpcomstaging.com\/najlepsze-superprodukcje-w-audiotece-czego-warto-posluchac\/#%E2%80%9EGra_o_tron%E2%80%9D_%E2%80%93_walka_o_wladze_w_wersji_ktorej_nie_zapomnisz\" >\u201eGra o&nbsp;tron\u201d \u2013 walka o&nbsp;w\u0142adz\u0119 w&nbsp;wersji, kt\u00f3rej nie zapomnisz<\/a><\/li><li class='ez-toc-page-1 ez-toc-heading-level-2'><a class=\"ez-toc-link ez-toc-heading-10\" href=\"https:\/\/blogaudioteka.wpcomstaging.com\/najlepsze-superprodukcje-w-audiotece-czego-warto-posluchac\/#Co_wyroznia_Superprodukcje_Audioteki\" >Co wyr\u00f3\u017cnia Superprodukcje Audioteki?<\/a><\/li><\/ul><\/nav><\/div>\n<h2 class=\"wp-block-heading\"><span class=\"ez-toc-section\" id=\"%E2%80%9EJestem_Czarna%E2%80%9D_%E2%80%93_lajki_sekrety_i_gra_w_ktorej_stawka_jest_wszystko\"><\/span>\u201eJestem Czarna\u201d \u2013 lajki, sekrety i&nbsp;gra, w&nbsp;kt\u00f3rej stawk\u0105 jest wszystko<span class=\"ez-toc-section-end\"><\/span><\/h2>\n\n\n<div class=\"wp-block-image\">\n<figure class=\"aligncenter size-full\"><img loading=\"lazy\" decoding=\"async\" width=\"360\" height=\"360\" data-attachment-id=\"3939\" data-permalink=\"https:\/\/blogaudioteka.wpcomstaging.com\/najlepsze-superprodukcje-w-audiotece-czego-warto-posluchac\/c20fe275-0503acd0e07572e95e25ec03056bc97d81a64478058b410afdfd30aee2c0836b\" data-orig-file=\"https:\/\/blogaudioteka.wpcomstaging.com\/wp-content\/uploads\/c20fe275-0503acd0e07572e95e25ec03056bc97d81a64478058b410afdfd30aee2c0836b.avif\" data-orig-size=\"360,360\" data-comments-opened=\"0\" data-image-meta=\"{&quot;aperture&quot;:&quot;0&quot;,&quot;credit&quot;:&quot;&quot;,&quot;camera&quot;:&quot;&quot;,&quot;caption&quot;:&quot;&quot;,&quot;created_timestamp&quot;:&quot;0&quot;,&quot;copyright&quot;:&quot;&quot;,&quot;focal_length&quot;:&quot;0&quot;,&quot;iso&quot;:&quot;0&quot;,&quot;shutter_speed&quot;:&quot;0&quot;,&quot;title&quot;:&quot;&quot;,&quot;orientation&quot;:&quot;0&quot;}\" data-image-title=\"c20fe275-0503acd0e07572e95e25ec03056bc97d81a64478058b410afdfd30aee2c0836b\" data-image-description=\"\" data-image-caption=\"\" data-large-file=\"https:\/\/blogaudioteka.wpcomstaging.com\/wp-content\/uploads\/c20fe275-0503acd0e07572e95e25ec03056bc97d81a64478058b410afdfd30aee2c0836b.avif\" src=\"https:\/\/blogaudioteka.wpcomstaging.com\/wp-content\/uploads\/c20fe275-0503acd0e07572e95e25ec03056bc97d81a64478058b410afdfd30aee2c0836b.avif\" alt=\"\" class=\"wp-image-3939\" srcset=\"https:\/\/blogaudioteka.wpcomstaging.com\/wp-content\/uploads\/c20fe275-0503acd0e07572e95e25ec03056bc97d81a64478058b410afdfd30aee2c0836b.avif 360w, https:\/\/blogaudioteka.wpcomstaging.com\/wp-content\/uploads\/c20fe275-0503acd0e07572e95e25ec03056bc97d81a64478058b410afdfd30aee2c0836b-300x300.avif 300w, https:\/\/blogaudioteka.wpcomstaging.com\/wp-content\/uploads\/c20fe275-0503acd0e07572e95e25ec03056bc97d81a64478058b410afdfd30aee2c0836b-150x150.avif 150w, https:\/\/blogaudioteka.wpcomstaging.com\/wp-content\/uploads\/c20fe275-0503acd0e07572e95e25ec03056bc97d81a64478058b410afdfd30aee2c0836b-200x200.avif 200w, https:\/\/blogaudioteka.wpcomstaging.com\/wp-content\/uploads\/c20fe275-0503acd0e07572e95e25ec03056bc97d81a64478058b410afdfd30aee2c0836b-148x148.avif 148w, https:\/\/blogaudioteka.wpcomstaging.com\/wp-content\/uploads\/c20fe275-0503acd0e07572e95e25ec03056bc97d81a64478058b410afdfd30aee2c0836b-296x296.avif 296w\" sizes=\"auto, (max-width: 360px) 100vw, 360px\" \/><\/figure>\n<\/div>\n\n\n<p class=\"wp-block-paragraph\"><strong><br><\/strong><strong> \ud83d\udc49 Pos\u0142uchaj: <\/strong><a href=\"https:\/\/audioteka.com\/pl\/cykl\/jestem-czarna-audioserial\/\" target=\"_blank\" rel=\"noopener\"><strong>Jestem Czarna. Audioserial &#8211; cykl audiobook\u00f3w | Audioteka<\/strong><\/a><\/p>\n\n\n\n<p class=\"has-text-align-justify wp-block-paragraph\">W \u015bwiecie Noeli Czarnecky \u2013 czyli Czarnej \u2013 wszystko dzieje si\u0119 na \u017cywo. Podcast, imprezy, selfie, decyzje. Maj\u0105c osiemna\u015bcie lat, wie jedno:<strong> je\u015bli czego\u015b pragnie, to \u015bwiat ma si\u0119 o&nbsp;tym dowiedzie\u0107. <\/strong>Tyle \u017ce lajki nie zawsze r\u00f3wne s\u0105 prawdziwe, a&nbsp;gra o&nbsp;uwag\u0119 potrafi wci\u0105gn\u0105\u0107 g\u0142\u0119biej, ni\u017c ktokolwiek si\u0119 spodziewa\u0142.<\/p>\n\n\n\n<p class=\"has-text-align-justify wp-block-paragraph\">\u201eJestem Czarna\u201d to audioserial, kt\u00f3ry <strong>zagl\u0105da za kulisy luksusowego \u017cycia na przedmie\u015bciach<\/strong> \u2013 tam, gdzie b\u0142ysk fleszy maskuje p\u0119kni\u0119cia w&nbsp;rodzinnych wi\u0119ziach, a&nbsp;doros\u0142o\u015b\u0107 wchodzi tylnymi drzwiami. G\u0142\u00f3wna bohaterka nagrywa wszystko \u2013 nawet to, co mia\u0142o pozosta\u0107 w&nbsp;cieniu. I&nbsp;w\u0142a\u015bnie wtedy zaczyna si\u0119 problem.<\/p>\n\n\n\n<p class=\"has-text-align-justify wp-block-paragraph\">W rolach g\u0142\u00f3wnych Matylda Gawe\u0142 jako Czarna, Ma\u0142gorzata Socha, Jacek Borcuch i&nbsp;Piotr Napiera\u0142a wci\u0105gaj\u0105 nas <strong>w \u015bwiat, kt\u00f3ry przypomina po\u0142\u0105czenie Euforii z&nbsp;mrokiem Cobena i&nbsp;pazurem m\u0142odej Miley Cyrus.<\/strong> Opinie s\u0142uchaczy m\u00f3wi\u0105 wszystko:<\/p>\n\n\n\n<p class=\"has-text-align-center wp-block-paragraph\"><em>\u201eWow! Ale to jest \u015bwie\u017ce!\u201d<br>\u201eCo\u015b, co przypomina najlepsze hollywoodzkie produkcje dla m\u0142odzie\u017cy i&nbsp;doros\u0142ych.\u201d<br>\u201eDefinitywnie co\u015b innego.\u201d<\/em><\/p>\n\n\n\n<h2 class=\"wp-block-heading\"><span class=\"ez-toc-section\" id=\"%E2%80%9ERewanz%E2%80%9D_%E2%80%93_tenis_tajemnice_i_walka_o_druga_szanse\"><\/span>\u201eRewan\u017c\u201d \u2013 tenis, tajemnice i&nbsp;walka o&nbsp;drug\u0105 szans\u0119<span class=\"ez-toc-section-end\"><\/span><\/h2>\n\n\n<div class=\"wp-block-image\">\n<figure class=\"aligncenter size-full\"><img loading=\"lazy\" decoding=\"async\" width=\"360\" height=\"360\" data-attachment-id=\"3940\" data-permalink=\"https:\/\/blogaudioteka.wpcomstaging.com\/najlepsze-superprodukcje-w-audiotece-czego-warto-posluchac\/c20fe275-0dc09aadc321440980e6a55449111675d96d4dbb817f94ad6fd78f5e1613e4d0\" data-orig-file=\"https:\/\/blogaudioteka.wpcomstaging.com\/wp-content\/uploads\/c20fe275-0dc09aadc321440980e6a55449111675d96d4dbb817f94ad6fd78f5e1613e4d0.avif\" data-orig-size=\"360,360\" data-comments-opened=\"0\" data-image-meta=\"{&quot;aperture&quot;:&quot;0&quot;,&quot;credit&quot;:&quot;&quot;,&quot;camera&quot;:&quot;&quot;,&quot;caption&quot;:&quot;&quot;,&quot;created_timestamp&quot;:&quot;0&quot;,&quot;copyright&quot;:&quot;&quot;,&quot;focal_length&quot;:&quot;0&quot;,&quot;iso&quot;:&quot;0&quot;,&quot;shutter_speed&quot;:&quot;0&quot;,&quot;title&quot;:&quot;&quot;,&quot;orientation&quot;:&quot;0&quot;}\" data-image-title=\"c20fe275-0dc09aadc321440980e6a55449111675d96d4dbb817f94ad6fd78f5e1613e4d0\" data-image-description=\"\" data-image-caption=\"\" data-large-file=\"https:\/\/blogaudioteka.wpcomstaging.com\/wp-content\/uploads\/c20fe275-0dc09aadc321440980e6a55449111675d96d4dbb817f94ad6fd78f5e1613e4d0.avif\" src=\"https:\/\/blogaudioteka.wpcomstaging.com\/wp-content\/uploads\/c20fe275-0dc09aadc321440980e6a55449111675d96d4dbb817f94ad6fd78f5e1613e4d0.avif\" alt=\"\" class=\"wp-image-3940\" srcset=\"https:\/\/blogaudioteka.wpcomstaging.com\/wp-content\/uploads\/c20fe275-0dc09aadc321440980e6a55449111675d96d4dbb817f94ad6fd78f5e1613e4d0.avif 360w, https:\/\/blogaudioteka.wpcomstaging.com\/wp-content\/uploads\/c20fe275-0dc09aadc321440980e6a55449111675d96d4dbb817f94ad6fd78f5e1613e4d0-300x300.avif 300w, https:\/\/blogaudioteka.wpcomstaging.com\/wp-content\/uploads\/c20fe275-0dc09aadc321440980e6a55449111675d96d4dbb817f94ad6fd78f5e1613e4d0-150x150.avif 150w, https:\/\/blogaudioteka.wpcomstaging.com\/wp-content\/uploads\/c20fe275-0dc09aadc321440980e6a55449111675d96d4dbb817f94ad6fd78f5e1613e4d0-200x200.avif 200w, https:\/\/blogaudioteka.wpcomstaging.com\/wp-content\/uploads\/c20fe275-0dc09aadc321440980e6a55449111675d96d4dbb817f94ad6fd78f5e1613e4d0-148x148.avif 148w, https:\/\/blogaudioteka.wpcomstaging.com\/wp-content\/uploads\/c20fe275-0dc09aadc321440980e6a55449111675d96d4dbb817f94ad6fd78f5e1613e4d0-296x296.avif 296w\" sizes=\"auto, (max-width: 360px) 100vw, 360px\" \/><\/figure>\n<\/div>\n\n\n<p class=\"wp-block-paragraph\"><strong><br><\/strong><strong> \ud83d\udc49Pos\u0142uchaj: <\/strong><a href=\"https:\/\/audioteka.com\/pl\/cykl\/rewanz-audioserial\/\" target=\"_blank\" rel=\"noopener\"><strong>Rewan\u017c. Audioserial &#8211; cykl audiobook\u00f3w | Audioteka<\/strong><\/a><\/p>\n\n\n\n<p class=\"has-text-align-justify wp-block-paragraph\">Na korcie nie ma miejsca na s\u0142abo\u015b\u0107. <strong>W \u015bwiecie \u201eRewan\u017cu\u201d liczy si\u0119 wytrzyma\u0142o\u015b\u0107 \u2013 fizyczna, psychiczna i&nbsp;moralna. <\/strong>Marta Maciejewska jeszcze rok temu by\u0142a u&nbsp;szczytu kariery. Dzi\u015b wraca po g\u0142o\u015bnym upadku, otoczona szeptami, plotkami i&nbsp;niedopowiedzeniami. Ale zamiast wiwat\u00f3w, wita j\u0105 niepok\u00f3j: dziwne wiadomo\u015bci, dziurawe alibi, napi\u0119cia w&nbsp;zespole i&nbsp;coraz bardziej jawne sygna\u0142y, \u017ce jej powr\u00f3t komu\u015b przeszkadza.<\/p>\n\n\n\n<p class=\"has-text-align-justify wp-block-paragraph\">To nie tylko opowie\u015b\u0107 o&nbsp;sporcie. To pe\u0142nokrwisty thriller, kt\u00f3ry rozgrywa si\u0119 zar\u00f3wno na l\u015bni\u0105cej nawierzchni kortu, jak i&nbsp;w ciemnych korytarzach federacji, stacji telewizyjnych i&#8230; ludzkich intencji. <strong>Marta walczy o&nbsp;zwyci\u0119stwo \u2013 ale to nie przeciwniczki na korcie s\u0105 jej najwi\u0119kszym wyzwaniem.<\/strong> \u0106wier\u0107fina\u0142 o&nbsp;wszystko, konfrontacja, na kt\u00f3r\u0105 czeka\u0142a ca\u0142a Polska \u2013 i&nbsp;pytanie, kt\u00f3re wisi nad ka\u017cd\u0105 scen\u0105: co naprawd\u0119 wydarzy\u0142o si\u0119 rok temu?<\/p>\n\n\n\n<p class=\"has-text-align-justify wp-block-paragraph\">W rolach g\u0142\u00f3wnych Joanna Trzepieci\u0144ska, Marta Pi\u0119tka, Mateusz Wi\u0119c\u0142awek i&nbsp;Robert Gonera tworz\u0105 galeri\u0119 emocji \u2013 od sportowego napi\u0119cia po dramatyczne rozliczenia z&nbsp;przesz\u0142o\u015bci\u0105. <strong>Opinie s\u0142uchaczy m\u00f3wi\u0105 same za siebie:<\/strong><\/p>\n\n\n\n<p class=\"has-text-align-center wp-block-paragraph\"><em>&nbsp;\u201eRakieta. Pierwszy serial, kt\u00f3ry mnie tu wci\u0105gn\u0105\u0142.\u201d<\/em><em><br><\/em><em> \u201e\u015awietny Robert Gonera i&nbsp;komentatorzy oraz odtw\u00f3rczyni Asi. Polecam.\u201d<\/em><em><br><\/em><em> \u201eDobra robota. Wpuszcza nas za kurtyn\u0119 \u015bwiata tenisowego.\u201d<\/em><\/p>\n\n\n\n<h2 class=\"wp-block-heading\"><span class=\"ez-toc-section\" id=\"%E2%80%9EMazurski_przekret%E2%80%9D_%E2%80%93_piekne_widoki_brudne_sprawy\"><\/span>\u201eMazurski przekr\u0119t\u201d \u2013 pi\u0119kne widoki, brudne sprawy<span class=\"ez-toc-section-end\"><\/span><\/h2>\n\n\n<div class=\"wp-block-image\">\n<figure class=\"aligncenter size-full\"><img loading=\"lazy\" decoding=\"async\" width=\"360\" height=\"360\" data-attachment-id=\"3943\" data-permalink=\"https:\/\/blogaudioteka.wpcomstaging.com\/najlepsze-superprodukcje-w-audiotece-czego-warto-posluchac\/c20fe275-b73c6094b473477cab3543a74642a3186451bd7093a44a1cd998d3074b854c58-1\" data-orig-file=\"https:\/\/blogaudioteka.wpcomstaging.com\/wp-content\/uploads\/c20fe275-b73c6094b473477cab3543a74642a3186451bd7093a44a1cd998d3074b854c58-1-1.avif\" data-orig-size=\"360,360\" data-comments-opened=\"0\" data-image-meta=\"{&quot;aperture&quot;:&quot;0&quot;,&quot;credit&quot;:&quot;&quot;,&quot;camera&quot;:&quot;&quot;,&quot;caption&quot;:&quot;&quot;,&quot;created_timestamp&quot;:&quot;0&quot;,&quot;copyright&quot;:&quot;&quot;,&quot;focal_length&quot;:&quot;0&quot;,&quot;iso&quot;:&quot;0&quot;,&quot;shutter_speed&quot;:&quot;0&quot;,&quot;title&quot;:&quot;&quot;,&quot;orientation&quot;:&quot;0&quot;}\" data-image-title=\"c20fe275-b73c6094b473477cab3543a74642a3186451bd7093a44a1cd998d3074b854c58 (1)\" data-image-description=\"\" data-image-caption=\"\" data-large-file=\"https:\/\/blogaudioteka.wpcomstaging.com\/wp-content\/uploads\/c20fe275-b73c6094b473477cab3543a74642a3186451bd7093a44a1cd998d3074b854c58-1-1.avif\" src=\"https:\/\/blogaudioteka.wpcomstaging.com\/wp-content\/uploads\/c20fe275-b73c6094b473477cab3543a74642a3186451bd7093a44a1cd998d3074b854c58-1-1.avif\" alt=\"\" class=\"wp-image-3943\" srcset=\"https:\/\/blogaudioteka.wpcomstaging.com\/wp-content\/uploads\/c20fe275-b73c6094b473477cab3543a74642a3186451bd7093a44a1cd998d3074b854c58-1-1.avif 360w, https:\/\/blogaudioteka.wpcomstaging.com\/wp-content\/uploads\/c20fe275-b73c6094b473477cab3543a74642a3186451bd7093a44a1cd998d3074b854c58-1-1-300x300.avif 300w, https:\/\/blogaudioteka.wpcomstaging.com\/wp-content\/uploads\/c20fe275-b73c6094b473477cab3543a74642a3186451bd7093a44a1cd998d3074b854c58-1-1-150x150.avif 150w, https:\/\/blogaudioteka.wpcomstaging.com\/wp-content\/uploads\/c20fe275-b73c6094b473477cab3543a74642a3186451bd7093a44a1cd998d3074b854c58-1-1-148x148.avif 148w, https:\/\/blogaudioteka.wpcomstaging.com\/wp-content\/uploads\/c20fe275-b73c6094b473477cab3543a74642a3186451bd7093a44a1cd998d3074b854c58-1-1-296x296.avif 296w\" sizes=\"auto, (max-width: 360px) 100vw, 360px\" \/><\/figure>\n<\/div>\n\n\n<p class=\"wp-block-paragraph\"><strong><br><\/strong><strong> \ud83d\udc49 Pos\u0142uchaj: <\/strong><a href=\"https:\/\/audioteka.com\/pl\/cykl\/mazurski-przekret-audioserial\/\" target=\"_blank\" rel=\"noopener\"><strong>Mazurski Przekr\u0119t. Audioserial &#8211; cykl audiobook\u00f3w | Audioteka<\/strong><\/a><\/p>\n\n\n\n<p class=\"has-text-align-justify wp-block-paragraph\">Piotr Brandt przyjecha\u0142 na Mazury z&nbsp;nadziej\u0105 na cisz\u0119, spok\u00f3j i&nbsp;drugie \u017cycie z&nbsp;dala od \u015bwiate\u0142 sceny. Zamiast tego <strong>znalaz\u0142 dryfuj\u0105c\u0105 \u0142\u00f3dk\u0119, trzy trupy i&nbsp;walizk\u0119 pe\u0142n\u0105 pieni\u0119dzy.<\/strong> I&nbsp;cho\u0107 z&nbsp;muzyk\u0105 by\u0142 ju\u017c na \u201edo widzenia\u201d, to nowa melodia, jaka rozbrzmiewa w&nbsp;mazurskiej g\u0142uszy, brzmi jak ponury krymina\u0142 z&nbsp;uk\u0142adami, polityk\u0105 i&nbsp;zatrutym \u015bledziem.<\/p>\n\n\n\n<p class=\"has-text-align-justify wp-block-paragraph\">\u201eMazurski przekr\u0119t\u201d to audioserial, kt\u00f3ry demaskuje drugie dno lokalnej sielanki. Komisarz Niwicz pr\u00f3buje posk\u0142ada\u0107 t\u0119 uk\u0142adank\u0119: developer w&nbsp;szpitalu, dziwny przypadek zatrucia, powi\u0105zania z&nbsp;w\u00f3jtem, kt\u00f3ry bardziej ni\u017c jeziora kocha w\u0142adz\u0119. <strong>Im g\u0142\u0119biej si\u0119gaj\u0105 \u015bledczy, tym wi\u0119cej powi\u0105za\u0144 z&nbsp;lokaln\u0105 elit\u0105,<\/strong> mediami i&nbsp;interesami, kt\u00f3re z&nbsp;turystyczn\u0105 wizj\u0105 Mazur nie maj\u0105 nic wsp\u00f3lnego.<\/p>\n\n\n\n<p class=\"has-text-align-justify wp-block-paragraph\">Damian Kulec, Grzegorz Ma\u0142ecki i&nbsp;Szymon Ku\u015bmider prowadz\u0105 nas przez \u015bwiat, gdzie ka\u017cda rozmowa mo\u017ce by\u0107 kluczem\u2026 albo kolejnym k\u0142amstwem. <strong>S\u0142uchacze nie maj\u0105 w\u0105tpliwo\u015bci:<\/strong><\/p>\n\n\n\n<p class=\"has-text-align-center wp-block-paragraph\"><br><em>\u201eW ko\u0144cu co\u015b o&nbsp;Mazurach. Dobra fraza, dobra obsada. Troch\u0119 taki nasz Ozark :)\u201d<br>\u201eWci\u0105gaj\u0105ca. Trudno si\u0119 oderwa\u0107 od tej produkcji.\u201d<br>\u201e\u015awietny. Takie opowie\u015bci najbardziej lubi\u0119 w&nbsp;Audiotece!\u201d<\/em><\/p>\n\n\n\n<figure class=\"wp-block-pullquote\"><blockquote><p><a href=\"https:\/\/audioteka.com\/pl\/katalog\/superprodukcje-audioteki\/\" target=\"_blank\" rel=\"noopener\">\ud83c\udfa7Sprawd\u017a jeszcze wi\u0119cej Superprodukcji Audioteki <\/a><\/p><\/blockquote><\/figure>\n\n\n\n<h2 class=\"wp-block-heading\"><span class=\"ez-toc-section\" id=\"%E2%80%9EPaderborn%E2%80%9D_%E2%80%93_brutalna_prawda_ktora_nie_daje_o_sobie_zapomniec\"><\/span>\u201ePaderborn\u201d \u2013 brutalna prawda, kt\u00f3ra nie daje o&nbsp;sobie zapomnie\u0107<span class=\"ez-toc-section-end\"><\/span><\/h2>\n\n\n<div class=\"wp-block-image\">\n<figure class=\"aligncenter size-full is-resized\"><img loading=\"lazy\" decoding=\"async\" width=\"300\" height=\"300\" data-attachment-id=\"3945\" data-permalink=\"https:\/\/blogaudioteka.wpcomstaging.com\/najlepsze-superprodukcje-w-audiotece-czego-warto-posluchac\/paderborn-original-2\" data-orig-file=\"https:\/\/blogaudioteka.wpcomstaging.com\/wp-content\/uploads\/paderborn-original-2.avif\" data-orig-size=\"300,300\" data-comments-opened=\"0\" data-image-meta=\"{&quot;aperture&quot;:&quot;0&quot;,&quot;credit&quot;:&quot;&quot;,&quot;camera&quot;:&quot;&quot;,&quot;caption&quot;:&quot;&quot;,&quot;created_timestamp&quot;:&quot;0&quot;,&quot;copyright&quot;:&quot;&quot;,&quot;focal_length&quot;:&quot;0&quot;,&quot;iso&quot;:&quot;0&quot;,&quot;shutter_speed&quot;:&quot;0&quot;,&quot;title&quot;:&quot;&quot;,&quot;orientation&quot;:&quot;0&quot;}\" data-image-title=\"paderborn-original (2)\" data-image-description=\"\" data-image-caption=\"\" data-large-file=\"https:\/\/blogaudioteka.wpcomstaging.com\/wp-content\/uploads\/paderborn-original-2.avif\" src=\"https:\/\/blogaudioteka.wpcomstaging.com\/wp-content\/uploads\/paderborn-original-2.avif\" alt=\"\" class=\"wp-image-3945\" style=\"width:328px;height:auto\" srcset=\"https:\/\/blogaudioteka.wpcomstaging.com\/wp-content\/uploads\/paderborn-original-2.avif 300w, https:\/\/blogaudioteka.wpcomstaging.com\/wp-content\/uploads\/paderborn-original-2-150x150.avif 150w, https:\/\/blogaudioteka.wpcomstaging.com\/wp-content\/uploads\/paderborn-original-2-200x200.avif 200w, https:\/\/blogaudioteka.wpcomstaging.com\/wp-content\/uploads\/paderborn-original-2-148x148.avif 148w, https:\/\/blogaudioteka.wpcomstaging.com\/wp-content\/uploads\/paderborn-original-2-296x296.avif 296w\" sizes=\"auto, (max-width: 300px) 100vw, 300px\" \/><\/figure>\n<\/div>\n\n\n<p class=\"wp-block-paragraph\"><strong>\ud83d\udc49Pos\u0142uchaj: <a href=\"https:\/\/audioteka.com\/pl\/audiobook\/paderborn\/\" target=\"_blank\" rel=\"noopener\">Paderborn &#8211; Audiobook &#8211; Remigiusz Mr\u00f3z &#8211; Audioteka, Czwarta Strona | Audioteka<\/a><\/strong><\/p>\n\n\n\n<p class=\"has-text-align-justify wp-block-paragraph\">W \u015bwiecie Paderborn nie ma miejsca na przypadki. To opowie\u015b\u0107 o&nbsp;starciach w&nbsp;cieniu wielkiej polityki, gdzie gra toczy si\u0119 nie tylko o&nbsp;w\u0142adz\u0119, ale i&nbsp;o przetrwanie. <strong>Osadzona w&nbsp;tym samym uniwersum co seria z&nbsp;Chy\u0142k\u0105 i&nbsp;Langerem,<\/strong> historia wci\u0105ga od pierwszych minut, roztaczaj\u0105c przed s\u0142uchaczem ponury obraz systemu, w&nbsp;kt\u00f3rym ludzkie \u017cycie cz\u0119sto staje si\u0119 kart\u0105 przetargow\u0105. Brutalne morderstwa, uk\u0142ady nie do rozerwania, cyniczne zagrania i&nbsp;cienka granica mi\u0119dzy sprawiedliwo\u015bci\u0105 a&nbsp;zemst\u0105 \u2013 to codzienno\u015b\u0107 bohater\u00f3w tej historii.<\/p>\n\n\n\n<p class=\"has-text-align-justify wp-block-paragraph\"><strong>Audioteka zadba\u0142a o&nbsp;najwy\u017cszy poziom realizacji:<\/strong> efektowna warstwa d\u017awi\u0119kowa podkre\u015bla dramatyzm ka\u017cdej sceny, a&nbsp;obsada aktorska sprawia, \u017ce postacie \u017cyj\u0105 i&nbsp;oddychaj\u0105 w&nbsp;s\u0142uchawkach s\u0142uchacza. Opinie nie pozostawiaj\u0105 z\u0142udze\u0144:<\/p>\n\n\n\n<div class=\"wp-block-group is-vertical is-layout-flex wp-container-core-group-is-layout-4fc3f8e1 wp-block-group-is-layout-flex\">\n<p class=\"has-text-align-center wp-block-paragraph\"><em>\u201eCzu\u0142em niejaki przymus i&nbsp;obowi\u0105zek prze\u015bledzenia wszystkiego maj\u0105cego zwi\u0105zek z&nbsp;Chy\u0142k\u0105, Langerem, Paderbornem&#8230; Przyjemnie si\u0119 tego s\u0142ucha\u0142o.\u201d<\/em><\/p>\n\n\n\n<p class=\"has-text-align-center wp-block-paragraph\"><em>\u201eZnakomita ksi\u0105\u017cka ,\u015bwietni aktorzy ,du\u017co znajomych postaci .Trzymaj\u0105ce w&nbsp;napi\u0119ciu do samego ko\u0144ca . Da\u0142bym wi\u0119cej ni\u017c 5 gwiazdek.&#8221;<\/em><\/p>\n<\/div>\n\n\n\n<h2 class=\"wp-block-heading\"><span class=\"ez-toc-section\" id=\"%E2%80%9EDzienniki_gwiazdowe%E2%80%9D_%E2%80%93_Lemowska_podroz_przez_galaktyki_i_absurdy_ludzkosci\"><\/span>\u201eDzienniki gwiazdowe\u201d \u2013 Lemowska podr\u00f3\u017c przez galaktyki i&nbsp;absurdy ludzko\u015bci<span class=\"ez-toc-section-end\"><\/span><\/h2>\n\n\n<div class=\"wp-block-image\">\n<figure class=\"aligncenter size-full is-resized\"><img loading=\"lazy\" decoding=\"async\" width=\"300\" height=\"300\" data-attachment-id=\"3947\" data-permalink=\"https:\/\/blogaudioteka.wpcomstaging.com\/najlepsze-superprodukcje-w-audiotece-czego-warto-posluchac\/dzienniki-gwiazdowe-superprodukcja-original\" data-orig-file=\"https:\/\/blogaudioteka.wpcomstaging.com\/wp-content\/uploads\/dzienniki-gwiazdowe-superprodukcja-original.avif\" data-orig-size=\"300,300\" data-comments-opened=\"0\" data-image-meta=\"{&quot;aperture&quot;:&quot;0&quot;,&quot;credit&quot;:&quot;&quot;,&quot;camera&quot;:&quot;&quot;,&quot;caption&quot;:&quot;&quot;,&quot;created_timestamp&quot;:&quot;0&quot;,&quot;copyright&quot;:&quot;&quot;,&quot;focal_length&quot;:&quot;0&quot;,&quot;iso&quot;:&quot;0&quot;,&quot;shutter_speed&quot;:&quot;0&quot;,&quot;title&quot;:&quot;&quot;,&quot;orientation&quot;:&quot;0&quot;}\" data-image-title=\"dzienniki-gwiazdowe-superprodukcja-original\" data-image-description=\"\" data-image-caption=\"\" data-large-file=\"https:\/\/blogaudioteka.wpcomstaging.com\/wp-content\/uploads\/dzienniki-gwiazdowe-superprodukcja-original.avif\" src=\"https:\/\/blogaudioteka.wpcomstaging.com\/wp-content\/uploads\/dzienniki-gwiazdowe-superprodukcja-original.avif\" alt=\"\" class=\"wp-image-3947\" style=\"width:332px;height:auto\" srcset=\"https:\/\/blogaudioteka.wpcomstaging.com\/wp-content\/uploads\/dzienniki-gwiazdowe-superprodukcja-original.avif 300w, https:\/\/blogaudioteka.wpcomstaging.com\/wp-content\/uploads\/dzienniki-gwiazdowe-superprodukcja-original-150x150.avif 150w, https:\/\/blogaudioteka.wpcomstaging.com\/wp-content\/uploads\/dzienniki-gwiazdowe-superprodukcja-original-200x200.avif 200w, https:\/\/blogaudioteka.wpcomstaging.com\/wp-content\/uploads\/dzienniki-gwiazdowe-superprodukcja-original-148x148.avif 148w, https:\/\/blogaudioteka.wpcomstaging.com\/wp-content\/uploads\/dzienniki-gwiazdowe-superprodukcja-original-296x296.avif 296w\" sizes=\"auto, (max-width: 300px) 100vw, 300px\" \/><\/figure>\n<\/div>\n\n\n<p class=\"wp-block-paragraph\"><strong>\ud83d\udc49Pos\u0142uchaj: <a href=\"https:\/\/audioteka.com\/pl\/audiobook\/dzienniki-gwiazdowe-superprodukcja\/\" target=\"_blank\" rel=\"noopener\">Dzienniki gwiazdowe &#8211; Audiobook &#8211; Stanis\u0142aw Lem &#8211; Audioteka, BiT Lem | Audioteka<\/a><\/strong><\/p>\n\n\n\n<p class=\"has-text-align-justify wp-block-paragraph\">Kultowe opowiadania Stanis\u0142awa Lema w&nbsp;wersji audio to czysta magia \u2013 dos\u0142ownie i&nbsp;w przeno\u015bni. W&nbsp;roli Ijona Tichego us\u0142yszymy <strong>Adama Adamczyka, kt\u00f3rego kreacja zosta\u0142a okrzykni\u0119ta przez s\u0142uchaczy jedn\u0105 z&nbsp;najlepszych r\u00f3l lektorskich w&nbsp;historii <\/strong>superprodukcji Audioteki. Jego g\u0142os oddaje ca\u0142\u0105 gam\u0119 emocji: od cynizmu i&nbsp;ironii po naiwn\u0105 ciekawo\u015b\u0107 i&nbsp;filozoficzne zadumanie. \u201eDzienniki gwiazdowe\u201d to zbi\u00f3r opowie\u015bci o&nbsp;podr\u00f3\u017cach mi\u0119dzygwiezdnych, ale te\u017c podr\u00f3\u017cach przez nasze w\u0142asne l\u0119ki, b\u0142\u0119dy i&nbsp;absurdy cywilizacyjne. <strong>Lem uderza w&nbsp;najczulsze punkty: pokazuje, jak \u0142atwo zamieni\u0107 post\u0119p w&nbsp;opresj\u0119, a&nbsp;technologi\u0119 w&nbsp;iluzj\u0119 w\u0142adzy nad \u015bwiatem.<\/strong><\/p>\n\n\n\n<p class=\"has-text-align-justify wp-block-paragraph\">W tej superprodukcji nie brakuje znakomitej oprawy d\u017awi\u0119kowej, idealnie zsynchronizowanej z&nbsp;narracj\u0105 i&nbsp;aktorstwem. Sceny akcji, dialogi i&nbsp;przerysowane spo\u0142ecze\u0144stwa obcych cywilizacji brzmi\u0105 jak fragmenty galaktycznego kabaretu \u2013 zabawnego, ale te\u017c g\u0142\u0119boko refleksyjnego. Ka\u017cde z&nbsp;opowiada\u0144 stanowi osobn\u0105 przygod\u0119, a&nbsp;<strong>ca\u0142o\u015b\u0107 uk\u0142ada si\u0119 w&nbsp;sp\u00f3jn\u0105 opowie\u015b\u0107 o&nbsp;tym, jacy jeste\u015bmy \u2013 i&nbsp;jacy mogliby\u015bmy si\u0119 sta\u0107.<\/strong><\/p>\n\n\n\n<div class=\"wp-block-group alignwide is-vertical is-content-justification-center is-layout-flex wp-container-core-group-is-layout-940f1955 wp-block-group-is-layout-flex\">\n<p class=\"has-text-align-center wp-block-paragraph\"><em>\u201eNajlepsza jak dot\u0105d superprodukcja Audioteki. Ogromnie si\u0119 ciesz\u0119, \u017ce si\u0119gn\u0119li\u015bcie po Lema i&nbsp;\u017ce tak rewelacyjnie zosta\u0142 zrealizowany.\u201d<\/em><\/p>\n\n\n\n<p class=\"has-text-align-center wp-block-paragraph\"><em>\u201eDoskona\u0142a! Przezabawna i&nbsp;idealnie zgrana narracja. Uzale\u017cnia!\u201d<\/em><\/p>\n\n\n\n<p class=\"has-text-align-center wp-block-paragraph\"><em>\u201eKiedy kolejne przygody? Prosimy o&nbsp;wi\u0119cej Lema w&nbsp;takim wydaniu.\u201d<\/em><\/p>\n<\/div>\n\n\n\n<h2 class=\"wp-block-heading\"><span class=\"ez-toc-section\" id=\"%E2%80%9EFoliarze%E2%80%9D_%E2%80%93_absurd_humor_i_teoria_spisku_w_jednym\"><\/span>\u201eFoliarze\u201d \u2013 absurd, humor i&nbsp;teoria spisku w&nbsp;jednym<span class=\"ez-toc-section-end\"><\/span><\/h2>\n\n\n<div class=\"wp-block-image\">\n<figure class=\"aligncenter size-full is-resized\"><img loading=\"lazy\" decoding=\"async\" width=\"300\" height=\"300\" data-attachment-id=\"3949\" data-permalink=\"https:\/\/blogaudioteka.wpcomstaging.com\/najlepsze-superprodukcje-w-audiotece-czego-warto-posluchac\/foliarze-original-1\" data-orig-file=\"https:\/\/blogaudioteka.wpcomstaging.com\/wp-content\/uploads\/foliarze-original-1.avif\" data-orig-size=\"300,300\" data-comments-opened=\"0\" data-image-meta=\"{&quot;aperture&quot;:&quot;0&quot;,&quot;credit&quot;:&quot;&quot;,&quot;camera&quot;:&quot;&quot;,&quot;caption&quot;:&quot;&quot;,&quot;created_timestamp&quot;:&quot;0&quot;,&quot;copyright&quot;:&quot;&quot;,&quot;focal_length&quot;:&quot;0&quot;,&quot;iso&quot;:&quot;0&quot;,&quot;shutter_speed&quot;:&quot;0&quot;,&quot;title&quot;:&quot;&quot;,&quot;orientation&quot;:&quot;0&quot;}\" data-image-title=\"foliarze-original (1)\" data-image-description=\"\" data-image-caption=\"\" data-large-file=\"https:\/\/blogaudioteka.wpcomstaging.com\/wp-content\/uploads\/foliarze-original-1.avif\" src=\"https:\/\/blogaudioteka.wpcomstaging.com\/wp-content\/uploads\/foliarze-original-1.avif\" alt=\"\" class=\"wp-image-3949\" style=\"width:338px;height:auto\" srcset=\"https:\/\/blogaudioteka.wpcomstaging.com\/wp-content\/uploads\/foliarze-original-1.avif 300w, https:\/\/blogaudioteka.wpcomstaging.com\/wp-content\/uploads\/foliarze-original-1-150x150.avif 150w, https:\/\/blogaudioteka.wpcomstaging.com\/wp-content\/uploads\/foliarze-original-1-200x200.avif 200w, https:\/\/blogaudioteka.wpcomstaging.com\/wp-content\/uploads\/foliarze-original-1-148x148.avif 148w, https:\/\/blogaudioteka.wpcomstaging.com\/wp-content\/uploads\/foliarze-original-1-296x296.avif 296w\" sizes=\"auto, (max-width: 300px) 100vw, 300px\" \/><\/figure>\n<\/div>\n\n\n<p class=\"wp-block-paragraph\"><strong>\ud83d\udc49Pos\u0142uchaj: <a href=\"https:\/\/audioteka.com\/pl\/audiobook\/foliarze\/\" target=\"_blank\" rel=\"noopener\">Foliarze &#8211; Audiobook &#8211; Jan Jurkowski, Marcin Osiadacz, Marek Hucz &#8211; Audioteka | Audioteka<\/a><\/strong><\/p>\n\n\n\n<p class=\"has-text-align-justify wp-block-paragraph\">Tw\u00f3rczo\u015b\u0107 Braci Darwin\u00f3w nie zawodzi \u2013 \u201eFoliarze\u201d to <strong>opowie\u015b\u0107 przewrotna, zabawna i&nbsp;szalenie aktualna, kt\u00f3ra z&nbsp;lekko\u015bci\u0105 i&nbsp;humorem demaskuje absurdy wsp\u00f3\u0142czesno\u015bci. <\/strong>G\u0142\u00f3wna o\u015b fabularna skupia si\u0119 na grupie ludzi g\u0142\u0119boko wierz\u0105cych w&nbsp;najbardziej zaskakuj\u0105ce teorie spiskowe \u2013 od kontroli umys\u0142\u00f3w przez sygna\u0142y 5G, przez ukrywane przez rz\u0105dy technologie, a\u017c po reptilian, kt\u00f3rzy rzekomo kieruj\u0105 \u015bwiatow\u0105 polityk\u0105 zza kulis. Brzmi absurdalnie? I&nbsp;o to chodzi! Ta historia to lustrzane odbicie naszych czas\u00f3w, w&nbsp;kt\u00f3rych informacja miesza si\u0119 z&nbsp;dezinformacj\u0105, a&nbsp;granica mi\u0119dzy prawd\u0105 a&nbsp;fikcj\u0105 bywa zaskakuj\u0105co cienka.<\/p>\n\n\n\n<p class=\"has-text-align-justify wp-block-paragraph\">\u201eFoliarze\u201d to nie tylko satyra, ale te\u017c celne spojrzenie na ludzkie potrzeby \u2013 potrzeb\u0119 wiary, przynale\u017cno\u015bci, poczucia, \u017ce wiemy wi\u0119cej ni\u017c inni. <strong>Superprodukcja opiera si\u0119 na b\u0142yskotliwych dialogach, doskonale skonstruowanych scenach i&nbsp;nieprzeci\u0119tnej grze aktorskiej. <\/strong>D\u017awi\u0119ki, muzyka i&nbsp;tempo opowie\u015bci sprawiaj\u0105, \u017ce ka\u017cda minuta tego s\u0142uchowiska to nie tylko \u015bmiech, ale i&nbsp;refleksja nad tym, dok\u0105d zmierza wsp\u00f3\u0142czesny \u015bwiat.<\/p>\n\n\n\n<p class=\"has-text-align-center wp-block-paragraph\"><em>\u201eGenialnie zagrane! I&nbsp;niez\u0142a zabawa.\u201d<br>\u201ePo tej lekturze zaczynam wierzy\u0107, \u017ce Putin i&nbsp;Trump to Reptilianie \ud83d\ude06\u201d<br>\u201eFantastyczne s\u0142uchowisko! Czekam na kontynuacj\u0119.\u201d<\/em><\/p>\n\n\n\n<h2 class=\"wp-block-heading\"><span class=\"ez-toc-section\" id=\"_%E2%80%9EOzyrys%E2%80%9D_%E2%80%93_kosmiczna_konspiracja_od_Mroza\"><\/span>&nbsp;\u201eOzyrys\u201d \u2013 kosmiczna konspiracja od Mroza<span class=\"ez-toc-section-end\"><\/span><\/h2>\n\n\n<div class=\"wp-block-image\">\n<figure class=\"aligncenter size-full is-resized\"><img loading=\"lazy\" decoding=\"async\" width=\"300\" height=\"300\" data-attachment-id=\"3957\" data-permalink=\"https:\/\/blogaudioteka.wpcomstaging.com\/najlepsze-superprodukcje-w-audiotece-czego-warto-posluchac\/ozyrys-v2-3\" data-orig-file=\"https:\/\/blogaudioteka.wpcomstaging.com\/wp-content\/uploads\/ozyrys-v2-3.avif\" data-orig-size=\"300,300\" data-comments-opened=\"0\" data-image-meta=\"{&quot;aperture&quot;:&quot;0&quot;,&quot;credit&quot;:&quot;&quot;,&quot;camera&quot;:&quot;&quot;,&quot;caption&quot;:&quot;&quot;,&quot;created_timestamp&quot;:&quot;0&quot;,&quot;copyright&quot;:&quot;&quot;,&quot;focal_length&quot;:&quot;0&quot;,&quot;iso&quot;:&quot;0&quot;,&quot;shutter_speed&quot;:&quot;0&quot;,&quot;title&quot;:&quot;&quot;,&quot;orientation&quot;:&quot;0&quot;}\" data-image-title=\"ozyrys-v2 (3)\" data-image-description=\"\" data-image-caption=\"\" data-large-file=\"https:\/\/blogaudioteka.wpcomstaging.com\/wp-content\/uploads\/ozyrys-v2-3.avif\" src=\"https:\/\/blogaudioteka.wpcomstaging.com\/wp-content\/uploads\/ozyrys-v2-3.avif\" alt=\"\" class=\"wp-image-3957\" style=\"width:328px;height:auto\" srcset=\"https:\/\/blogaudioteka.wpcomstaging.com\/wp-content\/uploads\/ozyrys-v2-3.avif 300w, https:\/\/blogaudioteka.wpcomstaging.com\/wp-content\/uploads\/ozyrys-v2-3-150x150.avif 150w, https:\/\/blogaudioteka.wpcomstaging.com\/wp-content\/uploads\/ozyrys-v2-3-200x200.avif 200w, https:\/\/blogaudioteka.wpcomstaging.com\/wp-content\/uploads\/ozyrys-v2-3-148x148.avif 148w, https:\/\/blogaudioteka.wpcomstaging.com\/wp-content\/uploads\/ozyrys-v2-3-296x296.avif 296w\" sizes=\"auto, (max-width: 300px) 100vw, 300px\" \/><\/figure>\n<\/div>\n\n\n<p class=\"wp-block-paragraph\"><strong>\ud83d\udc49Pos\u0142uchaj: <a href=\"https:\/\/audioteka.com\/pl\/audiobook\/ozyrys\/\" target=\"_blank\" rel=\"noopener\">Ozyrys &#8211; Audiobook &#8211; Remigiusz Mr\u00f3z &#8211; Audioteka, Czwarta Strona | Audioteka<\/a><\/strong><\/p>\n\n\n\n<p class=\"has-text-align-justify wp-block-paragraph\">Remigiusz Mr\u00f3z zabiera nas w&nbsp;przysz\u0142o\u015b\u0107, gdzie nic nie jest oczywiste, a&nbsp;granica mi\u0119dzy rzeczywisto\u015bci\u0105 a&nbsp;iluzj\u0105 stale si\u0119 przesuwa. \u201eOzyrys\u201d to opowie\u015b\u0107 osadzona w&nbsp;niedalekiej przysz\u0142o\u015bci, w&nbsp;kt\u00f3rej cz\u0142owiek musi zmierzy\u0107 si\u0119 nie tylko z&nbsp;nowymi technologiami, ale tak\u017ce z&nbsp;fundamentalnymi pytaniami o&nbsp;w\u0142asn\u0105 to\u017csamo\u015b\u0107, wolno\u015b\u0107 i&nbsp;granice poznania. <strong>G\u0142\u00f3wny bohater zostaje uwik\u0142any w&nbsp;spisek si\u0119gaj\u0105cy poza Ziemi\u0119, a&nbsp;tropy prowadz\u0105 do tajemniczej stacji <\/strong>\u201eOzyrys\u201d, gdzie wszystko mo\u017ce si\u0119 wydarzy\u0107 \u2013 albo ju\u017c si\u0119 wydarzy\u0142o.<\/p>\n\n\n\n<p class=\"has-text-align-justify wp-block-paragraph\">To thriller science fiction o&nbsp;szybkim tempie i&nbsp;pe\u0142en nieoczekiwanych zwrot\u00f3w akcji, w&nbsp;kt\u00f3rym granica mi\u0119dzy realnym a&nbsp;iluzj\u0105 coraz bardziej si\u0119 zaciera. Wci\u0105gaj\u0105ca narracja, doskonale rozpisane dialogi i&nbsp;przemy\u015blana <strong>fabu\u0142a sprawiaj\u0105, \u017ce s\u0142uchacz nie ma chwili wytchnienia. <\/strong>Superprodukcja wykorzystuje pe\u0142ni\u0119 mo\u017cliwo\u015bci d\u017awi\u0119ku: od szum\u00f3w mi\u0119dzyplanetarnych komunikator\u00f3w, po ci\u0119\u017ck\u0105, emocjonaln\u0105 cisz\u0119, kt\u00f3ra zapada po ka\u017cdej odkrytej prawdzie.<\/p>\n\n\n\n<p class=\"has-text-align-center wp-block-paragraph\"><em>\u201eEmocjonuj\u0105ca do ostatniej minuty. Ko\u0144c\u00f3wka? 'Wje\u017cd\u017cam z&nbsp;buta tak, \u017ce szcz\u0119ka opad\u0142a&#8217; \u2013 opad\u0142a. Serio.\u201d<\/em><\/p>\n\n\n\n<p class=\"has-text-align-center wp-block-paragraph\"><em>\u201eRemigiusz ma wyobra\u017ani\u0119 i&nbsp;czasem leci ponad nasz\u0105 galaktyk\u0105, ale nie wszystko musi by\u0107 prawd\u0105. Mi\u0142o sp\u0119dzony czas przy s\u0142uchaniu.\u201d<\/em><\/p>\n\n\n\n<p class=\"has-text-align-center wp-block-paragraph\"><em>\u201ePosta\u0107 Langera bardzo mi si\u0119 podoba i&nbsp;ch\u0142on\u0119 wszystkie ksi\u0105\u017cki o&nbsp;nim. Seria si\u0119 sko\u0144czy\u0142a zbyt szybko!\u201d<\/em><\/p>\n\n\n\n<h2 class=\"wp-block-heading\"><span class=\"ez-toc-section\" id=\"_%E2%80%9ELanger%E2%80%9D_%E2%80%93_psychologiczny_dreszczowiec_w_wersji_audio\"><\/span>&nbsp;\u201eLanger\u201d \u2013 psychologiczny dreszczowiec w&nbsp;wersji audio<span class=\"ez-toc-section-end\"><\/span><\/h2>\n\n\n<div class=\"wp-block-image\">\n<figure class=\"aligncenter size-full is-resized\"><img loading=\"lazy\" decoding=\"async\" width=\"300\" height=\"300\" data-attachment-id=\"3954\" data-permalink=\"https:\/\/blogaudioteka.wpcomstaging.com\/najlepsze-superprodukcje-w-audiotece-czego-warto-posluchac\/langer_v2-1\" data-orig-file=\"https:\/\/blogaudioteka.wpcomstaging.com\/wp-content\/uploads\/langer_v2-1.avif\" data-orig-size=\"300,300\" data-comments-opened=\"0\" data-image-meta=\"{&quot;aperture&quot;:&quot;0&quot;,&quot;credit&quot;:&quot;&quot;,&quot;camera&quot;:&quot;&quot;,&quot;caption&quot;:&quot;&quot;,&quot;created_timestamp&quot;:&quot;0&quot;,&quot;copyright&quot;:&quot;&quot;,&quot;focal_length&quot;:&quot;0&quot;,&quot;iso&quot;:&quot;0&quot;,&quot;shutter_speed&quot;:&quot;0&quot;,&quot;title&quot;:&quot;&quot;,&quot;orientation&quot;:&quot;0&quot;}\" data-image-title=\"langer_v2 (1)\" data-image-description=\"\" data-image-caption=\"\" data-large-file=\"https:\/\/blogaudioteka.wpcomstaging.com\/wp-content\/uploads\/langer_v2-1.avif\" src=\"https:\/\/blogaudioteka.wpcomstaging.com\/wp-content\/uploads\/langer_v2-1.avif\" alt=\"\" class=\"wp-image-3954\" style=\"width:344px;height:auto\" srcset=\"https:\/\/blogaudioteka.wpcomstaging.com\/wp-content\/uploads\/langer_v2-1.avif 300w, https:\/\/blogaudioteka.wpcomstaging.com\/wp-content\/uploads\/langer_v2-1-150x150.avif 150w, https:\/\/blogaudioteka.wpcomstaging.com\/wp-content\/uploads\/langer_v2-1-200x200.avif 200w, https:\/\/blogaudioteka.wpcomstaging.com\/wp-content\/uploads\/langer_v2-1-148x148.avif 148w, https:\/\/blogaudioteka.wpcomstaging.com\/wp-content\/uploads\/langer_v2-1-296x296.avif 296w\" sizes=\"auto, (max-width: 300px) 100vw, 300px\" \/><\/figure>\n<\/div>\n\n\n<p class=\"wp-block-paragraph\"><strong>\ud83d\udc49Pos\u0142uchaj: <a href=\"https:\/\/audioteka.com\/pl\/audiobook\/langer\/\" target=\"_blank\" rel=\"noopener\">Langer &#8211; Audiobook &#8211; Remigiusz Mr\u00f3z &#8211; Audioteka, Czwarta Strona | Audioteka<\/a><\/strong><\/p>\n\n\n\n<p class=\"has-text-align-justify wp-block-paragraph\">Brutalna, niepokoj\u0105ca i&nbsp;szalenie dobrze zrealizowana, zabiera s\u0142uchacza w&nbsp;g\u0142\u0105b mrocznego \u015bwiata przest\u0119pczo\u015bci, przemocy i&nbsp;osobistych demon\u00f3w. <strong>Tytu\u0142owy bohater \u2013 niejednoznaczny, charyzmatyczny, a&nbsp;momentami przera\u017caj\u0105cy \u2013 to posta\u0107, kt\u00f3rej nie spos\u00f3b zapomnie\u0107.<\/strong> Jego dzia\u0142ania s\u0105 nieprzewidywalne, a&nbsp;przesz\u0142o\u015b\u0107 pe\u0142na tajemnic, kt\u00f3re wychodz\u0105 na powierzchni\u0119 w&nbsp;najbardziej nieoczekiwanych momentach.<\/p>\n\n\n\n<p class=\"has-text-align-justify wp-block-paragraph\">Fabu\u0142a balansuje na granicy thrillera psychologicznego i&nbsp;horroru \u2013 nie brakuje tu zar\u00f3wno \u015bledztw, jak i&nbsp;wewn\u0119trznych dramat\u00f3w postaci, a&nbsp;ka\u017cda kolejna scena pot\u0119guje napi\u0119cie. Warstwa d\u017awi\u0119kowa zosta\u0142a dopracowana w&nbsp;najmniejszych detalach \u2013 od odg\u0142os\u00f3w otoczenia, przez niepokoj\u0105c\u0105 muzyk\u0119, a\u017c po aktorskie kreacje, kt\u00f3re sprawiaj\u0105, \u017ce<strong> \u201eLanger\u201d brzmi jak film grozy, w&nbsp;kt\u00f3rym jeste\u015b nie widzem, a&nbsp;uczestnikiem.<\/strong><\/p>\n\n\n\n<p class=\"has-text-align-center wp-block-paragraph\"><em>\u201eMuzyka i&nbsp;audio na bardzo wysokim poziomie \u2013 idealnie oddaj\u0105 klimat grozy i&nbsp;terroru.\u201d<\/em><em><br><\/em><em>\u201eDami\u0119cki w&nbsp;roli Langera? Charakterystyczny, nie do zapomnienia.\u201d<\/em><em><br><\/em><em>\u201e\u015awietna narracja i&nbsp;klimat, kt\u00f3ry zostaje w&nbsp;g\u0142owie d\u0142ugo po zako\u0144czeniu.\u201d<\/em><\/p>\n\n\n\n<h2 class=\"wp-block-heading\"><span class=\"ez-toc-section\" id=\"%E2%80%9EGra_o_tron%E2%80%9D_%E2%80%93_walka_o_wladze_w_wersji_ktorej_nie_zapomnisz\"><\/span>\u201eGra o&nbsp;tron\u201d \u2013 walka o&nbsp;w\u0142adz\u0119 w&nbsp;wersji, kt\u00f3rej nie zapomnisz<span class=\"ez-toc-section-end\"><\/span><\/h2>\n\n\n<div class=\"wp-block-image\">\n<figure class=\"aligncenter size-full is-resized\"><img loading=\"lazy\" decoding=\"async\" width=\"300\" height=\"300\" data-attachment-id=\"3951\" data-permalink=\"https:\/\/blogaudioteka.wpcomstaging.com\/najlepsze-superprodukcje-w-audiotece-czego-warto-posluchac\/gra-o-tron-original-1\" data-orig-file=\"https:\/\/blogaudioteka.wpcomstaging.com\/wp-content\/uploads\/gra-o-tron-original-1.avif\" data-orig-size=\"300,300\" data-comments-opened=\"0\" data-image-meta=\"{&quot;aperture&quot;:&quot;0&quot;,&quot;credit&quot;:&quot;&quot;,&quot;camera&quot;:&quot;&quot;,&quot;caption&quot;:&quot;&quot;,&quot;created_timestamp&quot;:&quot;0&quot;,&quot;copyright&quot;:&quot;&quot;,&quot;focal_length&quot;:&quot;0&quot;,&quot;iso&quot;:&quot;0&quot;,&quot;shutter_speed&quot;:&quot;0&quot;,&quot;title&quot;:&quot;&quot;,&quot;orientation&quot;:&quot;0&quot;}\" data-image-title=\"gra-o-tron-original (1)\" data-image-description=\"\" data-image-caption=\"\" data-large-file=\"https:\/\/blogaudioteka.wpcomstaging.com\/wp-content\/uploads\/gra-o-tron-original-1.avif\" src=\"https:\/\/blogaudioteka.wpcomstaging.com\/wp-content\/uploads\/gra-o-tron-original-1.avif\" alt=\"\" class=\"wp-image-3951\" style=\"width:352px;height:auto\" srcset=\"https:\/\/blogaudioteka.wpcomstaging.com\/wp-content\/uploads\/gra-o-tron-original-1.avif 300w, https:\/\/blogaudioteka.wpcomstaging.com\/wp-content\/uploads\/gra-o-tron-original-1-150x150.avif 150w, https:\/\/blogaudioteka.wpcomstaging.com\/wp-content\/uploads\/gra-o-tron-original-1-200x200.avif 200w, https:\/\/blogaudioteka.wpcomstaging.com\/wp-content\/uploads\/gra-o-tron-original-1-148x148.avif 148w, https:\/\/blogaudioteka.wpcomstaging.com\/wp-content\/uploads\/gra-o-tron-original-1-296x296.avif 296w\" sizes=\"auto, (max-width: 300px) 100vw, 300px\" \/><\/figure>\n<\/div>\n\n\n<p class=\"wp-block-paragraph\"><strong>\ud83d\udc49Pos\u0142uchaj: <a href=\"https:\/\/audioteka.com\/pl\/audiobook\/gra-o-tron\/\" target=\"_blank\" rel=\"noopener\">Gra o&nbsp;Tron. Tom 1 &#8211; Audiobook &#8211; George R.R. Martin &#8211; ZYSK i&nbsp;S-ka | Audioteka<\/a><\/strong><\/p>\n\n\n\n<p class=\"has-text-align-justify wp-block-paragraph\">Serial zrobi\u0142 swoje, ale to <strong>superprodukcja Audioteki naprawd\u0119 oddaje literacki rozmach<\/strong> George\u2019a R.R. Martina. \u201eGra o&nbsp;tron\u201d w&nbsp;tej ods\u0142onie to pe\u0142nokrwiste s\u0142uchowisko zbudowane z&nbsp;epickiego materia\u0142u \u017ar\u00f3d\u0142owego, wielog\u0142osowej obsady i&nbsp;d\u017awi\u0119kowej realizacji, kt\u00f3ra nie ust\u0119puje najlepszym filmowym produkcjom fantasy. Fabu\u0142a pierwszego tomu toczy si\u0119 wok\u00f3\u0142 rywalizacji mo\u017cnych rod\u00f3w Westeros o&nbsp;<strong>\u017belazny Tron \u2013 symbol w\u0142adzy absolutnej, za kt\u00f3ry niekt\u00f3rzy s\u0105 w&nbsp;stanie po\u015bwi\u0119ci\u0107 wszystko.<\/strong><\/p>\n\n\n\n<p class=\"has-text-align-justify wp-block-paragraph\">W s\u0142uchowisku znajdziemy wszystko, co czyni sag\u0119 Martina wyj\u0105tkow\u0105: polityczne intrygi, zdrady, poruszaj\u0105ce dramaty rodzinne, elementy magii oraz portrety bohater\u00f3w, kt\u00f3rzy zmieniaj\u0105 si\u0119 wraz z&nbsp;wydarzeniami. Realizacja Audioteki dodaje ca\u0142o\u015bci intensywno\u015bci \u2013 dynamiczna narracja, efekty specjalne i&nbsp;doskona\u0142e aktorskie interpretacje sprawiaj\u0105, \u017ce <strong>Westeros staje si\u0119 rzeczywisto\u015bci\u0105, do kt\u00f3rej wraca si\u0119 z&nbsp;wypiekami na twarzy.<\/strong><\/p>\n\n\n\n<p class=\"has-text-align-center wp-block-paragraph\"><em>\u201eAudiobook ma tylko jeden minus \u2013 \u017ce ko\u0144czy si\u0119 na pierwszym tomie. Chc\u0119 wi\u0119cej!\u201d<br>\u201eSuperprodukcja, kt\u00f3ra przywr\u00f3ci\u0142a mi ch\u0119\u0107 poznania tej historii od nowa.\u201d<\/em><\/p>\n\n\n\n<h2 class=\"wp-block-heading\"><span class=\"ez-toc-section\" id=\"Co_wyroznia_Superprodukcje_Audioteki\"><\/span>Co wyr\u00f3\u017cnia Superprodukcje Audioteki?<span class=\"ez-toc-section-end\"><\/span><\/h2>\n\n\n\n<p class=\"has-text-align-justify wp-block-paragraph\">Superprodukcje to nie tylko ksi\u0105\u017cki. To do\u015bwiadczenie s\u0142uchowe, kt\u00f3re anga\u017cuje wszystkie zmys\u0142y. Aktorzy, muzyka, t\u0142o d\u017awi\u0119kowe \u2013 <strong>wszystko dzia\u0142a jak dobrze wyre\u017cyserowany film.<\/strong> R\u00f3\u017cnorodno\u015b\u0107 temat\u00f3w \u2013 od literatury klasycznej po futurystyczne wizje \u2013 sprawia, \u017ce ka\u017cdy znajdzie tu co\u015b dla siebie.<\/p>\n\n\n\n<p class=\"has-text-align-center wp-block-paragraph\"><em>\u201eS\u0142uchanie superprodukcji w&nbsp;Audiotece to jak wej\u015bcie do \u015bwiata przedstawionego. Czujesz, \u017ce jeste\u015b w&nbsp;\u015brodku historii.\u201d<\/em><\/p>\n\n\n\n<p class=\"has-text-align-justify wp-block-paragraph\"><strong>Gotowy na swoj\u0105 pierwsz\u0105 superprodukcj\u0119?<\/strong> Wybierz tytu\u0142, za\u0142\u00f3\u017c s\u0142uchawki i&nbsp;zanurz si\u0119 w&nbsp;historii, kt\u00f3ra nie brzmi jak audiobook \u2013 brzmi jak kino w&nbsp;Twojej g\u0142owie. Wszystkie superprodukcje znajdziesz na<a href=\"https:\/\/audioteka.com\/pl\" target=\"_blank\" rel=\"noopener\"> Audioteka.com\/pl<\/a>.<\/p>\n\n\n\n<figure class=\"wp-block-image size-full\"><a href=\"https:\/\/audioteka.com\/pl\/applications\" target=\"_blank\" rel=\"noopener\"><img data-recalc-dims=\"1\" loading=\"lazy\" decoding=\"async\" width=\"768\" height=\"216\" data-attachment-id=\"3955\" data-permalink=\"https:\/\/blogaudioteka.wpcomstaging.com\/najlepsze-superprodukcje-w-audiotece-czego-warto-posluchac\/banner_3v2-11\" data-orig-file=\"https:\/\/i0.wp.com\/blogaudioteka.wpcomstaging.com\/wp-content\/uploads\/banner_3v2-10.png?fit=768%2C216&amp;ssl=1\" data-orig-size=\"768,216\" data-comments-opened=\"0\" data-image-meta=\"{&quot;aperture&quot;:&quot;0&quot;,&quot;credit&quot;:&quot;&quot;,&quot;camera&quot;:&quot;&quot;,&quot;caption&quot;:&quot;&quot;,&quot;created_timestamp&quot;:&quot;0&quot;,&quot;copyright&quot;:&quot;&quot;,&quot;focal_length&quot;:&quot;0&quot;,&quot;iso&quot;:&quot;0&quot;,&quot;shutter_speed&quot;:&quot;0&quot;,&quot;title&quot;:&quot;&quot;,&quot;orientation&quot;:&quot;0&quot;}\" data-image-title=\"banner_3v2\" data-image-description=\"\" data-image-caption=\"\" data-large-file=\"https:\/\/i0.wp.com\/blogaudioteka.wpcomstaging.com\/wp-content\/uploads\/banner_3v2-10.png?fit=768%2C216&amp;ssl=1\" src=\"https:\/\/i0.wp.com\/blogaudioteka.wpcomstaging.com\/wp-content\/uploads\/banner_3v2-10.png?resize=768%2C216&#038;ssl=1\" alt=\"\" class=\"wp-image-3955\" srcset=\"https:\/\/i0.wp.com\/blogaudioteka.wpcomstaging.com\/wp-content\/uploads\/banner_3v2-10.png?w=768&amp;ssl=1 768w, https:\/\/i0.wp.com\/blogaudioteka.wpcomstaging.com\/wp-content\/uploads\/banner_3v2-10.png?resize=300%2C84&amp;ssl=1 300w, https:\/\/i0.wp.com\/blogaudioteka.wpcomstaging.com\/wp-content\/uploads\/banner_3v2-10.png?resize=512%2C144&amp;ssl=1 512w\" sizes=\"auto, (max-width: 768px) 100vw, 768px\" \/><\/a><\/figure>\n\n\n\n<p class=\"wp-block-paragraph\"><\/p>\n","protected":false},"excerpt":{"rendered":"To nie s\u0105 zwyk\u0142e audiobooki. To pe\u0142nokrwiste s\u0142uchowiska z&nbsp;aktorsk\u0105 obsad\u0105, filmow\u0105 opraw\u0105 d\u017awi\u0119kow\u0105 i&nbsp;scenariuszami, kt\u00f3re brzmi\u0105 jak gotowe&hellip;","protected":false},"author":264736300,"featured_media":3973,"comment_status":"closed","ping_status":"closed","sticky":false,"template":"","format":"standard","meta":{"_crdt_document":"","csco_display_header_overlay":false,"csco_singular_sidebar":"","csco_page_header_type":"","_jetpack_memberships_contains_paid_content":false,"footnotes":""},"categories":[14925,14926],"tags":[],"class_list":{"0":"post-3937","1":"post","2":"type-post","3":"status-publish","4":"format-standard","5":"has-post-thumbnail","7":"category-rankingi-zestawienia","8":"category-zestawienia","9":"cs-entry"},"jetpack_featured_media_url":"https:\/\/i0.wp.com\/blogaudioteka.wpcomstaging.com\/wp-content\/uploads\/jestem_czarna_google_ads_1200x628_2-1.jpg?fit=1200%2C628&ssl=1","jetpack_sharing_enabled":true,"_links":{"self":[{"href":"https:\/\/blogaudioteka.wpcomstaging.com\/wp-json\/wp\/v2\/posts\/3937","targetHints":{"allow":["GET"]}}],"collection":[{"href":"https:\/\/blogaudioteka.wpcomstaging.com\/wp-json\/wp\/v2\/posts"}],"about":[{"href":"https:\/\/blogaudioteka.wpcomstaging.com\/wp-json\/wp\/v2\/types\/post"}],"author":[{"embeddable":true,"href":"https:\/\/blogaudioteka.wpcomstaging.com\/wp-json\/wp\/v2\/users\/264736300"}],"replies":[{"embeddable":true,"href":"https:\/\/blogaudioteka.wpcomstaging.com\/wp-json\/wp\/v2\/comments?post=3937"}],"version-history":[{"count":13,"href":"https:\/\/blogaudioteka.wpcomstaging.com\/wp-json\/wp\/v2\/posts\/3937\/revisions"}],"predecessor-version":[{"id":3982,"href":"https:\/\/blogaudioteka.wpcomstaging.com\/wp-json\/wp\/v2\/posts\/3937\/revisions\/3982"}],"wp:featuredmedia":[{"embeddable":true,"href":"https:\/\/blogaudioteka.wpcomstaging.com\/wp-json\/wp\/v2\/media\/3973"}],"wp:attachment":[{"href":"https:\/\/blogaudioteka.wpcomstaging.com\/wp-json\/wp\/v2\/media?parent=3937"}],"wp:term":[{"taxonomy":"category","embeddable":true,"href":"https:\/\/blogaudioteka.wpcomstaging.com\/wp-json\/wp\/v2\/categories?post=3937"},{"taxonomy":"post_tag","embeddable":true,"href":"https:\/\/blogaudioteka.wpcomstaging.com\/wp-json\/wp\/v2\/tags?post=3937"}],"curies":[{"name":"wp","href":"https:\/\/api.w.org\/{rel}","templated":true}]}}