{"id":3905,"date":"2025-06-04T08:14:40","date_gmt":"2025-06-04T06:14:40","guid":{"rendered":"https:\/\/blogaudioteka.wpcomstaging.com\/?p=3905"},"modified":"2025-06-03T08:38:57","modified_gmt":"2025-06-03T06:38:57","slug":"ksiazki-dla-seniorow-w-formie-audio-przewodnik-po-najlepszych-historiach","status":"publish","type":"post","link":"https:\/\/blogaudioteka.wpcomstaging.com\/ksiazki-dla-seniorow-w-formie-audio-przewodnik-po-najlepszych-historiach","title":{"rendered":"Ksi\u0105\u017cki dla senior\u00f3w w formie audio: przewodnik po najlepszych historiach\u00a0"},"content":{"rendered":"\n<p class=\"has-text-align-justify wp-block-paragraph\"><strong>Ksi\u0105\u017cki dla senior\u00f3w w&nbsp;formie audio to nie tylko znakomity spos\u00f3b na popraw\u0119 nastroju i&nbsp;dostarczenie rozrywki, ale tak\u017ce coraz popularniejsza forma kontaktu z&nbsp;literatur\u0105 w&nbsp;Polsce. Nasz kompleksowy przewodnik po audiobookach rekomendowanych seniorom w&nbsp;2025 roku prezentuje najlepsze tytu\u0142y z&nbsp;katalogu Audioteki, praktyczne porady dotycz\u0105ce rozpocz\u0119cia przygody ze s\u0142uchaniem oraz sprawdzone rozwi\u0105zania techniczne u\u0142atwiaj\u0105ce korzystanie z&nbsp;tej formy literatury.<\/strong><\/p>\n\n\n\n<div id=\"ez-toc-container\" class=\"ez-toc-v2_0_82_2 counter-hierarchy ez-toc-counter ez-toc-grey ez-toc-container-direction\">\n<div class=\"ez-toc-title-container\"><span class=\"ez-toc-title\" style=\"cursor:inherit\">Spis tre\u015bci<\/span>\n<\/div><nav><ul class='ez-toc-list ez-toc-list-level-1 ' ><li class='ez-toc-page-1 ez-toc-heading-level-2'><a class=\"ez-toc-link ez-toc-heading-1\" href=\"https:\/\/blogaudioteka.wpcomstaging.com\/ksiazki-dla-seniorow-w-formie-audio-przewodnik-po-najlepszych-historiach\/#Dlaczego_audiobooki_sa_idealne_dla_seniorow\" >Dlaczego audiobooki s\u0105 idealne dla senior\u00f3w?<\/a><ul class='ez-toc-list-level-3' ><li class='ez-toc-heading-level-3'><a class=\"ez-toc-link ez-toc-heading-2\" href=\"https:\/\/blogaudioteka.wpcomstaging.com\/ksiazki-dla-seniorow-w-formie-audio-przewodnik-po-najlepszych-historiach\/#Korzysci_dla_zdrowia_i_samopoczucia\" >Korzy\u015bci dla zdrowia i&nbsp;samopoczucia<\/a><\/li><li class='ez-toc-page-1 ez-toc-heading-level-3'><a class=\"ez-toc-link ez-toc-heading-3\" href=\"https:\/\/blogaudioteka.wpcomstaging.com\/ksiazki-dla-seniorow-w-formie-audio-przewodnik-po-najlepszych-historiach\/#Rozwiazanie_dla_problemow_ze_wzrokiem\" >Rozwi\u0105zanie dla problem\u00f3w ze wzrokiem<\/a><\/li><li class='ez-toc-page-1 ez-toc-heading-level-3'><a class=\"ez-toc-link ez-toc-heading-4\" href=\"https:\/\/blogaudioteka.wpcomstaging.com\/ksiazki-dla-seniorow-w-formie-audio-przewodnik-po-najlepszych-historiach\/#Mozliwosc_sluchania_w_kazdej_sytuacji\" >Mo\u017cliwo\u015b\u0107 s\u0142uchania w&nbsp;ka\u017cdej sytuacji<\/a><\/li><\/ul><\/li><li class='ez-toc-page-1 ez-toc-heading-level-2'><a class=\"ez-toc-link ez-toc-heading-5\" href=\"https:\/\/blogaudioteka.wpcomstaging.com\/ksiazki-dla-seniorow-w-formie-audio-przewodnik-po-najlepszych-historiach\/#Najlepsze_audiobooki_dla_seniorow_w_2025_roku\" >Najlepsze audiobooki dla senior\u00f3w w&nbsp;2025 roku<\/a><ul class='ez-toc-list-level-3' ><li class='ez-toc-heading-level-3'><a class=\"ez-toc-link ez-toc-heading-6\" href=\"https:\/\/blogaudioteka.wpcomstaging.com\/ksiazki-dla-seniorow-w-formie-audio-przewodnik-po-najlepszych-historiach\/#Powiesci_historyczne_i_biograficzne\" >Powie\u015bci historyczne i&nbsp;biograficzne<\/a><\/li><li class='ez-toc-page-1 ez-toc-heading-level-3'><a class=\"ez-toc-link ez-toc-heading-7\" href=\"https:\/\/blogaudioteka.wpcomstaging.com\/ksiazki-dla-seniorow-w-formie-audio-przewodnik-po-najlepszych-historiach\/#Kryminaly_i_thrillery_audio\" >Krymina\u0142y i&nbsp;thrillery audio<\/a><\/li><li class='ez-toc-page-1 ez-toc-heading-level-3'><a class=\"ez-toc-link ez-toc-heading-8\" href=\"https:\/\/blogaudioteka.wpcomstaging.com\/ksiazki-dla-seniorow-w-formie-audio-przewodnik-po-najlepszych-historiach\/#Literatura_klasyczna_w_nowej_odslonie\" >Literatura klasyczna w&nbsp;nowej ods\u0142onie<\/a><\/li><li class='ez-toc-page-1 ez-toc-heading-level-3'><a class=\"ez-toc-link ez-toc-heading-9\" href=\"https:\/\/blogaudioteka.wpcomstaging.com\/ksiazki-dla-seniorow-w-formie-audio-przewodnik-po-najlepszych-historiach\/#Ksiazki_podroznicze_i_przyrodnicze\" >Ksi\u0105\u017cki podr\u00f3\u017cnicze i&nbsp;przyrodnicze<\/a><\/li><\/ul><\/li><\/ul><\/nav><\/div>\n<h2 class=\"wp-block-heading\"><span class=\"ez-toc-section\" id=\"Dlaczego_audiobooki_sa_idealne_dla_seniorow\"><\/span>Dlaczego audiobooki s\u0105 idealne dla senior\u00f3w?<span class=\"ez-toc-section-end\"><\/span><\/h2>\n\n\n\n<p class=\"has-text-align-justify wp-block-paragraph\">W erze cyfrowej audiobooki sta\u0142y si\u0119 bezcennym narz\u0119dziem dla starszych os\u00f3b. Stanowi\u0105 one nie tylko form\u0119 rozrywki, ale tak\u017ce ewolucj\u0119 wiekowej tradycji opowiadania historii, <strong>dostosowan\u0105 do potrzeb wsp\u00f3\u0142czesnego seniora<\/strong>. Przyjrzyjmy si\u0119 bli\u017cej, dlaczego ksi\u0105\u017cki dla senior\u00f3w w&nbsp;formie audio zas\u0142uguj\u0105 na szczeg\u00f3ln\u0105 uwag\u0119.<\/p>\n\n\n\n<figure class=\"wp-block-pullquote\"><blockquote><p>\ud83d\udc49<a href=\"https:\/\/audioteka.com\/pl\/katalog\/\" target=\"_blank\" rel=\"noopener\">Sprawd\u017a katalog audiobook\u00f3w Audioteki <\/a><br><a href=\"https:\/\/audioteka.com\/pl\/katalog\/\" target=\"_blank\" rel=\"noopener\">i wybierz swoje ulubione<\/a>\ud83c\udfa7<\/p><\/blockquote><\/figure>\n\n\n\n<h3 class=\"wp-block-heading\"><span class=\"ez-toc-section\" id=\"Korzysci_dla_zdrowia_i_samopoczucia\"><\/span>Korzy\u015bci dla zdrowia i&nbsp;samopoczucia<span class=\"ez-toc-section-end\"><\/span><\/h3>\n\n\n\n<p class=\"has-text-align-justify wp-block-paragraph\">Regularnie s\u0142uchaj\u0105c audiobook\u00f3w dla doros\u0142ych, seniorzy mog\u0105 znacz\u0105co poprawi\u0107 swoje funkcje poznawcze. Badania opublikowane w&nbsp;The Journals of Gerontology wykaza\u0142y, \u017ce <strong>s\u0142uchanie pomaga zachowa\u0107 bystro\u015b\u0107 umys\u0142u<\/strong>, co jest niezwykle wa\u017cne w&nbsp;okresie starzenia si\u0119. Ta aktywno\u015b\u0107 umys\u0142owa przyczynia si\u0119 do:<\/p>\n\n\n\n<ul class=\"wp-block-list\">\n<li><strong>Spowalniania post\u0119pu chor\u00f3b neurodegeneracyjnych<\/strong>, takich jak demencja czy choroba Alzheimera,<\/li>\n\n\n\n<li><strong>Poprawy pami\u0119ci i&nbsp;koncentracji,<\/strong> co wspiera zachowanie m\u0142odo\u015bci umys\u0142u,<\/li>\n\n\n\n<li><strong>Lepszego samopoczucia i&nbsp;wi\u0119kszej motywacji<\/strong> do podejmowania innych aktywno\u015bci.<\/li>\n<\/ul>\n\n\n\n<p class=\"has-text-align-justify wp-block-paragraph\">Audiobooki pe\u0142ni\u0105 r\u00f3wnie\u017c funkcj\u0119 wsparcia emocjonalnego. G\u0142os lektora mo\u017ce by\u0107 prawdziwym towarzyszem w&nbsp;codziennym \u017cyciu, zw\u0142aszcza gdy brakuje kontakt\u00f3w spo\u0142ecznych. Ponadto, s\u0142uchanie ksi\u0105\u017cek przed snem<strong> pomaga w&nbsp;wyciszeniu i&nbsp;uspokojeniu si\u0119, <\/strong>co przek\u0142ada si\u0119 na lepsz\u0105 jako\u015b\u0107 odpoczynku.<\/p>\n\n\n\n<h3 class=\"wp-block-heading\"><span class=\"ez-toc-section\" id=\"Rozwiazanie_dla_problemow_ze_wzrokiem\"><\/span>Rozwi\u0105zanie dla problem\u00f3w ze wzrokiem<span class=\"ez-toc-section-end\"><\/span><\/h3>\n\n\n\n<p class=\"has-text-align-justify wp-block-paragraph\">Jedn\u0105 z&nbsp;najwa\u017cniejszych zalet audiobook\u00f3w dla starszych os\u00f3b jest eliminacja barier zwi\u0105zanych z&nbsp;pogarszaj\u0105cym si\u0119 wzrokiem. Seniorzy cz\u0119sto narzekaj\u0105 na szybkie zm\u0119czenie oczu podczas tradycyjnej lektury. W&nbsp;przeciwie\u0144stwie do drukowanych ksi\u0105\u017cek, audiobooki:<\/p>\n\n\n\n<ul class=\"wp-block-list\">\n<li>Umo\u017cliwiaj\u0105 <strong>&#8222;czytanie&#8221; za pomoc\u0105 s\u0142uchu<\/strong>, bez nadwyr\u0119\u017cania wzroku,<\/li>\n\n\n\n<li>Eliminuj\u0105 przeszkody, umo\u017cliwiaj\u0105c p\u0142ynne \u015bledzenie narracji,<\/li>\n\n\n\n<li>Stanowi\u0105 doskona\u0142\u0105 <strong>alternatyw\u0119 dla os\u00f3b niewidomych i&nbsp;s\u0142abowidz\u0105cych<\/strong>.<\/li>\n<\/ul>\n\n\n\n<p class=\"wp-block-paragraph\">Dzi\u0119ki temu literatura staje si\u0119 bardziej otwarta i&nbsp;dost\u0119pna, przekraczaj\u0105c bariery, kt\u00f3re wcze\u015bniej wyklucza\u0142y niekt\u00f3re grupy spo\u0142eczne. Polecane ksi\u0105\u017cki dla senior\u00f3w w&nbsp;formie audio s\u0105 szczeg\u00f3lnie cenne <strong>w przypadku os\u00f3b maj\u0105cych ograniczenia fizyczne, kt\u00f3re uniemo\u017cliwiaj\u0105 im aktywne uczestniczenie w&nbsp;\u017cyciu spo\u0142ecznym.<\/strong><\/p>\n\n\n\n<h3 class=\"wp-block-heading\"><span class=\"ez-toc-section\" id=\"Mozliwosc_sluchania_w_kazdej_sytuacji\"><\/span>Mo\u017cliwo\u015b\u0107 s\u0142uchania w&nbsp;ka\u017cdej sytuacji<span class=\"ez-toc-section-end\"><\/span><\/h3>\n\n\n\n<p class=\"has-text-align-justify wp-block-paragraph\">Ciekawe ksi\u0105\u017cki dla senior\u00f3w w&nbsp;formie audio mo\u017cna ods\u0142uchiwa\u0107 praktycznie wsz\u0119dzie. Audiobooki umo\u017cliwiaj\u0105 <strong>po\u0142\u0105czenie przyjemnego z&nbsp;po\u017cytecznym,<\/strong> przekszta\u0142caj\u0105c codzienne, cz\u0119sto monotonne czynno\u015bci w&nbsp;okazje do nauki i&nbsp;rozrywki.<\/p>\n\n\n\n<p class=\"wp-block-paragraph\"><strong>Osoby starsze mog\u0105 s\u0142ucha\u0107 ksi\u0105\u017cek podczas:<\/strong><\/p>\n\n\n\n<ul class=\"wp-block-list\">\n<li>Spacer\u00f3w na \u015bwie\u017cym powietrzu,<\/li>\n\n\n\n<li>Wykonywania domowych obowi\u0105zk\u00f3w jak gotowanie czy sprz\u0105tanie,<\/li>\n\n\n\n<li>Podr\u00f3\u017cy samochodem lub transportem publicznym,<\/li>\n\n\n\n<li>Odpoczynku w&nbsp;fotelu lub w&nbsp;\u0142\u00f3\u017cku.<\/li>\n<\/ul>\n\n\n\n<h2 class=\"wp-block-heading\"><span class=\"ez-toc-section\" id=\"Najlepsze_audiobooki_dla_seniorow_w_2025_roku\"><\/span>Najlepsze audiobooki dla senior\u00f3w w&nbsp;2025 roku<span class=\"ez-toc-section-end\"><\/span><\/h2>\n\n\n\n<p class=\"has-text-align-justify wp-block-paragraph\">Rok 2025 przyni\u00f3s\u0142 seniorom prawdziwe bogactwo propozycji ksi\u0105\u017ckowych w&nbsp;formie audio. <strong>Przygotowane przez profesjonalnych lektor\u00f3w<\/strong>, stanowi\u0105 doskona\u0142\u0105 alternatyw\u0119 dla tradycyjnej lektury, oferuj\u0105c niespotykan\u0105 dot\u0105d jako\u015b\u0107 i&nbsp;r\u00f3\u017cnorodno\u015b\u0107.<\/p>\n\n\n\n<h3 class=\"wp-block-heading\"><span class=\"ez-toc-section\" id=\"Powiesci_historyczne_i_biograficzne\"><\/span>Powie\u015bci historyczne i&nbsp;biograficzne<span class=\"ez-toc-section-end\"><\/span><\/h3>\n\n\n\n<p class=\"has-text-align-justify wp-block-paragraph\">Seniorzy szczeg\u00f3lnie ceni\u0105 sobie opowie\u015bci o&nbsp;prawdziwych wydarzeniach. W\u015br\u00f3d najbardziej popularnych biografii znalaz\u0142y si\u0119 &#8222;<a href=\"https:\/\/audioteka.com\/pl\/audiobook\/udreka-i-ekstaza\/\" target=\"_blank\" rel=\"noopener\">Udr\u0119ka i&nbsp;ekstaza<\/a>&#8221; oraz &#8222;<a href=\"https:\/\/audioteka.com\/pl\/audiobook\/smakujac-zycie\/\" target=\"_blank\" rel=\"noopener\">Smakuj\u0105c \u017cycie<\/a>&#8222;, kt\u00f3re zajmuj\u0105 czo\u0142owe miejsca w&nbsp;rankingach. Doceniana jest r\u00f3wnie\u017c &#8222;Historia Lego&#8221; opowiadaj\u0105ca o&nbsp;powstaniu najs\u0142ynniejszej zabawki na \u015bwiecie.<\/p>\n\n\n\n<figure class=\"wp-block-gallery has-nested-images columns-default is-cropped wp-block-gallery-6 is-layout-flex wp-block-gallery-is-layout-flex\">\n<figure class=\"wp-block-image size-large\"><img loading=\"lazy\" decoding=\"async\" width=\"300\" height=\"300\" data-attachment-id=\"3926\" data-permalink=\"https:\/\/blogaudioteka.wpcomstaging.com\/ksiazki-dla-seniorow-w-formie-audio-przewodnik-po-najlepszych-historiach\/maria-sklodowska-curie-biografia-o-moim-zyciu-i-pracach-original\" data-orig-file=\"https:\/\/blogaudioteka.wpcomstaging.com\/wp-content\/uploads\/maria-sklodowska-curie-biografia-o-moim-zyciu-i-pracach-original.avif\" data-orig-size=\"300,300\" data-comments-opened=\"0\" data-image-meta=\"{&quot;aperture&quot;:&quot;0&quot;,&quot;credit&quot;:&quot;&quot;,&quot;camera&quot;:&quot;&quot;,&quot;caption&quot;:&quot;&quot;,&quot;created_timestamp&quot;:&quot;0&quot;,&quot;copyright&quot;:&quot;&quot;,&quot;focal_length&quot;:&quot;0&quot;,&quot;iso&quot;:&quot;0&quot;,&quot;shutter_speed&quot;:&quot;0&quot;,&quot;title&quot;:&quot;&quot;,&quot;orientation&quot;:&quot;0&quot;}\" data-image-title=\"maria-sklodowska-curie-biografia-o-moim-zyciu-i-pracach-original\" data-image-description=\"\" data-image-caption=\"\" data-large-file=\"https:\/\/blogaudioteka.wpcomstaging.com\/wp-content\/uploads\/maria-sklodowska-curie-biografia-o-moim-zyciu-i-pracach-original.avif\" data-id=\"3926\" src=\"https:\/\/blogaudioteka.wpcomstaging.com\/wp-content\/uploads\/maria-sklodowska-curie-biografia-o-moim-zyciu-i-pracach-original.avif\" alt=\"\" class=\"wp-image-3926\" srcset=\"https:\/\/blogaudioteka.wpcomstaging.com\/wp-content\/uploads\/maria-sklodowska-curie-biografia-o-moim-zyciu-i-pracach-original.avif 300w, https:\/\/blogaudioteka.wpcomstaging.com\/wp-content\/uploads\/maria-sklodowska-curie-biografia-o-moim-zyciu-i-pracach-original-150x150.avif 150w, https:\/\/blogaudioteka.wpcomstaging.com\/wp-content\/uploads\/maria-sklodowska-curie-biografia-o-moim-zyciu-i-pracach-original-200x200.avif 200w, https:\/\/blogaudioteka.wpcomstaging.com\/wp-content\/uploads\/maria-sklodowska-curie-biografia-o-moim-zyciu-i-pracach-original-148x148.avif 148w, https:\/\/blogaudioteka.wpcomstaging.com\/wp-content\/uploads\/maria-sklodowska-curie-biografia-o-moim-zyciu-i-pracach-original-296x296.avif 296w\" sizes=\"auto, (max-width: 300px) 100vw, 300px\" \/><\/figure>\n\n\n\n<figure class=\"wp-block-image size-large\"><img loading=\"lazy\" decoding=\"async\" width=\"300\" height=\"300\" data-attachment-id=\"3925\" data-permalink=\"https:\/\/blogaudioteka.wpcomstaging.com\/ksiazki-dla-seniorow-w-formie-audio-przewodnik-po-najlepszych-historiach\/upadek-jak-stracilismy-pierwsza-rzeczpospolita-original\" data-orig-file=\"https:\/\/blogaudioteka.wpcomstaging.com\/wp-content\/uploads\/upadek-jak-stracilismy-pierwsza-rzeczpospolita-original.avif\" data-orig-size=\"300,300\" data-comments-opened=\"0\" data-image-meta=\"{&quot;aperture&quot;:&quot;0&quot;,&quot;credit&quot;:&quot;&quot;,&quot;camera&quot;:&quot;&quot;,&quot;caption&quot;:&quot;&quot;,&quot;created_timestamp&quot;:&quot;0&quot;,&quot;copyright&quot;:&quot;&quot;,&quot;focal_length&quot;:&quot;0&quot;,&quot;iso&quot;:&quot;0&quot;,&quot;shutter_speed&quot;:&quot;0&quot;,&quot;title&quot;:&quot;&quot;,&quot;orientation&quot;:&quot;0&quot;}\" data-image-title=\"upadek-jak-stracilismy-pierwsza-rzeczpospolita-original\" data-image-description=\"\" data-image-caption=\"\" data-large-file=\"https:\/\/blogaudioteka.wpcomstaging.com\/wp-content\/uploads\/upadek-jak-stracilismy-pierwsza-rzeczpospolita-original.avif\" data-id=\"3925\" src=\"https:\/\/blogaudioteka.wpcomstaging.com\/wp-content\/uploads\/upadek-jak-stracilismy-pierwsza-rzeczpospolita-original.avif\" alt=\"\" class=\"wp-image-3925\" srcset=\"https:\/\/blogaudioteka.wpcomstaging.com\/wp-content\/uploads\/upadek-jak-stracilismy-pierwsza-rzeczpospolita-original.avif 300w, https:\/\/blogaudioteka.wpcomstaging.com\/wp-content\/uploads\/upadek-jak-stracilismy-pierwsza-rzeczpospolita-original-150x150.avif 150w, https:\/\/blogaudioteka.wpcomstaging.com\/wp-content\/uploads\/upadek-jak-stracilismy-pierwsza-rzeczpospolita-original-200x200.avif 200w, https:\/\/blogaudioteka.wpcomstaging.com\/wp-content\/uploads\/upadek-jak-stracilismy-pierwsza-rzeczpospolita-original-148x148.avif 148w, https:\/\/blogaudioteka.wpcomstaging.com\/wp-content\/uploads\/upadek-jak-stracilismy-pierwsza-rzeczpospolita-original-296x296.avif 296w\" sizes=\"auto, (max-width: 300px) 100vw, 300px\" \/><\/figure>\n\n\n\n<figure class=\"wp-block-image size-large\"><img loading=\"lazy\" decoding=\"async\" width=\"300\" height=\"300\" data-attachment-id=\"3924\" data-permalink=\"https:\/\/blogaudioteka.wpcomstaging.com\/ksiazki-dla-seniorow-w-formie-audio-przewodnik-po-najlepszych-historiach\/smakujac-zycie-original\" data-orig-file=\"https:\/\/blogaudioteka.wpcomstaging.com\/wp-content\/uploads\/smakujac-zycie-original.avif\" data-orig-size=\"300,300\" data-comments-opened=\"0\" data-image-meta=\"{&quot;aperture&quot;:&quot;0&quot;,&quot;credit&quot;:&quot;&quot;,&quot;camera&quot;:&quot;&quot;,&quot;caption&quot;:&quot;&quot;,&quot;created_timestamp&quot;:&quot;0&quot;,&quot;copyright&quot;:&quot;&quot;,&quot;focal_length&quot;:&quot;0&quot;,&quot;iso&quot;:&quot;0&quot;,&quot;shutter_speed&quot;:&quot;0&quot;,&quot;title&quot;:&quot;&quot;,&quot;orientation&quot;:&quot;0&quot;}\" data-image-title=\"smakujac-zycie-original\" data-image-description=\"\" data-image-caption=\"\" data-large-file=\"https:\/\/blogaudioteka.wpcomstaging.com\/wp-content\/uploads\/smakujac-zycie-original.avif\" data-id=\"3924\" src=\"https:\/\/blogaudioteka.wpcomstaging.com\/wp-content\/uploads\/smakujac-zycie-original.avif\" alt=\"\" class=\"wp-image-3924\" srcset=\"https:\/\/blogaudioteka.wpcomstaging.com\/wp-content\/uploads\/smakujac-zycie-original.avif 300w, https:\/\/blogaudioteka.wpcomstaging.com\/wp-content\/uploads\/smakujac-zycie-original-150x150.avif 150w, https:\/\/blogaudioteka.wpcomstaging.com\/wp-content\/uploads\/smakujac-zycie-original-200x200.avif 200w, https:\/\/blogaudioteka.wpcomstaging.com\/wp-content\/uploads\/smakujac-zycie-original-148x148.avif 148w, https:\/\/blogaudioteka.wpcomstaging.com\/wp-content\/uploads\/smakujac-zycie-original-296x296.avif 296w\" sizes=\"auto, (max-width: 300px) 100vw, 300px\" \/><\/figure>\n<\/figure>\n\n\n\n<p class=\"has-text-align-justify wp-block-paragraph\">Z kolei mi\u0142o\u015bnicy historii mog\u0105 si\u0119gn\u0105\u0107 po &#8222;<a href=\"https:\/\/audioteka.com\/pl\/cykl\/dzieje-polski\/\" target=\"_blank\" rel=\"noopener\">Dzieje Polski<\/a>&#8221; czy &#8222;<a href=\"https:\/\/audioteka.com\/pl\/audiobook\/upadek-jak-stracilismy-pierwsza-rzeczpospolita\/\" target=\"_blank\" rel=\"noopener\">Upadek. Jak stracili\u015bmy Pierwsz\u0105 Rzeczpospolit\u0105<\/a>&#8222;. Na uwag\u0119 zas\u0142uguje r\u00f3wnie\u017c &#8222;<a href=\"https:\/\/audioteka.com\/pl\/audiobook\/maria-sklodowska-curie-biografia-o-moim-zyciu-i-pracach\/\" target=\"_blank\" rel=\"noopener\">Maria Sk\u0142odowska-Curie. Biografia<\/a>&#8221; oraz &#8222;<a href=\"https:\/\/audioteka.com\/pl\/audiobook\/rotmistrz-pilecki-niezlomny-bohater\/\" target=\"_blank\" rel=\"noopener\">Rotmistrz Pilecki. Niez\u0142omny bohater<\/a>&#8221; &#8211; pozycje przybli\u017caj\u0105ce losy wybitnych Polak\u00f3w.<\/p>\n\n\n\n<h3 class=\"wp-block-heading\"><span class=\"ez-toc-section\" id=\"Kryminaly_i_thrillery_audio\"><\/span>Krymina\u0142y i&nbsp;thrillery audio<span class=\"ez-toc-section-end\"><\/span><\/h3>\n\n\n\n<p class=\"has-text-align-justify wp-block-paragraph\">Dla poszukuj\u0105cych emocji, ksi\u0105\u017cki dla starszych os\u00f3b w&nbsp;formie audio oferuj\u0105 bogactwo krymina\u0142\u00f3w i&nbsp;thriller\u00f3w. W&nbsp;tej kategorii dominuj\u0105 skandynawskie powie\u015bci autorstwa <a href=\"https:\/\/audioteka.com\/pl\/autor\/jo-nesbo\/\" target=\"_blank\" rel=\"noopener\">Jo Nesb\u00f8<\/a>, Stiega Larssona czy <a href=\"https:\/\/audioteka.com\/pl\/autor\/camilla-laeckberg\/\" target=\"_blank\" rel=\"noopener\">Camilli L\u00e4ckberg<\/a>, czytane przez profesjonalnych lektor\u00f3w, kt\u00f3rzy potrafi\u0105 odda\u0107 mroczn\u0105 atmosfer\u0119 P\u00f3\u0142nocy.<\/p>\n\n\n\n<figure class=\"wp-block-gallery has-nested-images columns-default is-cropped wp-block-gallery-7 is-layout-flex wp-block-gallery-is-layout-flex\">\n<figure class=\"wp-block-image size-large\"><a href=\"https:\/\/audioteka.com\/pl\/audiobook\/sherlock-holmes-dolina-trwogi\/\" target=\"_blank\" rel=\"noopener\"><img loading=\"lazy\" decoding=\"async\" width=\"360\" height=\"360\" data-attachment-id=\"3919\" data-permalink=\"https:\/\/blogaudioteka.wpcomstaging.com\/ksiazki-dla-seniorow-w-formie-audio-przewodnik-po-najlepszych-historiach\/sherlock-holmes-dolina-trwogi-original\" data-orig-file=\"https:\/\/blogaudioteka.wpcomstaging.com\/wp-content\/uploads\/sherlock-holmes-dolina-trwogi-original.avif\" data-orig-size=\"360,360\" data-comments-opened=\"0\" data-image-meta=\"{&quot;aperture&quot;:&quot;0&quot;,&quot;credit&quot;:&quot;&quot;,&quot;camera&quot;:&quot;&quot;,&quot;caption&quot;:&quot;&quot;,&quot;created_timestamp&quot;:&quot;0&quot;,&quot;copyright&quot;:&quot;&quot;,&quot;focal_length&quot;:&quot;0&quot;,&quot;iso&quot;:&quot;0&quot;,&quot;shutter_speed&quot;:&quot;0&quot;,&quot;title&quot;:&quot;&quot;,&quot;orientation&quot;:&quot;0&quot;}\" data-image-title=\"sherlock-holmes-dolina-trwogi-original\" data-image-description=\"\" data-image-caption=\"\" data-large-file=\"https:\/\/blogaudioteka.wpcomstaging.com\/wp-content\/uploads\/sherlock-holmes-dolina-trwogi-original.avif\" data-id=\"3919\" src=\"https:\/\/blogaudioteka.wpcomstaging.com\/wp-content\/uploads\/sherlock-holmes-dolina-trwogi-original.avif\" alt=\"\" class=\"wp-image-3919\" srcset=\"https:\/\/blogaudioteka.wpcomstaging.com\/wp-content\/uploads\/sherlock-holmes-dolina-trwogi-original.avif 360w, https:\/\/blogaudioteka.wpcomstaging.com\/wp-content\/uploads\/sherlock-holmes-dolina-trwogi-original-300x300.avif 300w, https:\/\/blogaudioteka.wpcomstaging.com\/wp-content\/uploads\/sherlock-holmes-dolina-trwogi-original-150x150.avif 150w, https:\/\/blogaudioteka.wpcomstaging.com\/wp-content\/uploads\/sherlock-holmes-dolina-trwogi-original-200x200.avif 200w, https:\/\/blogaudioteka.wpcomstaging.com\/wp-content\/uploads\/sherlock-holmes-dolina-trwogi-original-148x148.avif 148w, https:\/\/blogaudioteka.wpcomstaging.com\/wp-content\/uploads\/sherlock-holmes-dolina-trwogi-original-296x296.avif 296w\" sizes=\"auto, (max-width: 360px) 100vw, 360px\" \/><\/a><\/figure>\n\n\n\n<figure class=\"wp-block-image size-large\"><a href=\"https:\/\/audioteka.com\/pl\/audiobook\/szacki-czesc-1-uwiklanie\/\" target=\"_blank\" rel=\"noopener\"><img loading=\"lazy\" decoding=\"async\" width=\"300\" height=\"300\" data-attachment-id=\"3920\" data-permalink=\"https:\/\/blogaudioteka.wpcomstaging.com\/ksiazki-dla-seniorow-w-formie-audio-przewodnik-po-najlepszych-historiach\/szacki-czesc-1-uwiklanie-original\" data-orig-file=\"https:\/\/blogaudioteka.wpcomstaging.com\/wp-content\/uploads\/szacki-czesc-1-uwiklanie-original.avif\" data-orig-size=\"300,300\" data-comments-opened=\"0\" data-image-meta=\"{&quot;aperture&quot;:&quot;0&quot;,&quot;credit&quot;:&quot;&quot;,&quot;camera&quot;:&quot;&quot;,&quot;caption&quot;:&quot;&quot;,&quot;created_timestamp&quot;:&quot;0&quot;,&quot;copyright&quot;:&quot;&quot;,&quot;focal_length&quot;:&quot;0&quot;,&quot;iso&quot;:&quot;0&quot;,&quot;shutter_speed&quot;:&quot;0&quot;,&quot;title&quot;:&quot;&quot;,&quot;orientation&quot;:&quot;0&quot;}\" data-image-title=\"szacki-czesc-1-uwiklanie-original\" data-image-description=\"\" data-image-caption=\"\" data-large-file=\"https:\/\/blogaudioteka.wpcomstaging.com\/wp-content\/uploads\/szacki-czesc-1-uwiklanie-original.avif\" data-id=\"3920\" src=\"https:\/\/blogaudioteka.wpcomstaging.com\/wp-content\/uploads\/szacki-czesc-1-uwiklanie-original.avif\" alt=\"\" class=\"wp-image-3920\" srcset=\"https:\/\/blogaudioteka.wpcomstaging.com\/wp-content\/uploads\/szacki-czesc-1-uwiklanie-original.avif 300w, https:\/\/blogaudioteka.wpcomstaging.com\/wp-content\/uploads\/szacki-czesc-1-uwiklanie-original-150x150.avif 150w, https:\/\/blogaudioteka.wpcomstaging.com\/wp-content\/uploads\/szacki-czesc-1-uwiklanie-original-200x200.avif 200w, https:\/\/blogaudioteka.wpcomstaging.com\/wp-content\/uploads\/szacki-czesc-1-uwiklanie-original-148x148.avif 148w, https:\/\/blogaudioteka.wpcomstaging.com\/wp-content\/uploads\/szacki-czesc-1-uwiklanie-original-296x296.avif 296w\" sizes=\"auto, (max-width: 300px) 100vw, 300px\" \/><\/a><\/figure>\n\n\n\n<figure class=\"wp-block-image size-large\"><a href=\"https:\/\/audioteka.com\/pl\/audiobook\/slonie-maja-dobra-pamiec\/\" target=\"_blank\" rel=\"noopener\"><img loading=\"lazy\" decoding=\"async\" width=\"360\" height=\"360\" data-attachment-id=\"3918\" data-permalink=\"https:\/\/blogaudioteka.wpcomstaging.com\/ksiazki-dla-seniorow-w-formie-audio-przewodnik-po-najlepszych-historiach\/slonie-maja-dobra-pamiec-original\" data-orig-file=\"https:\/\/blogaudioteka.wpcomstaging.com\/wp-content\/uploads\/slonie-maja-dobra-pamiec-original.avif\" data-orig-size=\"360,360\" data-comments-opened=\"0\" data-image-meta=\"{&quot;aperture&quot;:&quot;0&quot;,&quot;credit&quot;:&quot;&quot;,&quot;camera&quot;:&quot;&quot;,&quot;caption&quot;:&quot;&quot;,&quot;created_timestamp&quot;:&quot;0&quot;,&quot;copyright&quot;:&quot;&quot;,&quot;focal_length&quot;:&quot;0&quot;,&quot;iso&quot;:&quot;0&quot;,&quot;shutter_speed&quot;:&quot;0&quot;,&quot;title&quot;:&quot;&quot;,&quot;orientation&quot;:&quot;0&quot;}\" data-image-title=\"slonie-maja-dobra-pamiec-original\" data-image-description=\"\" data-image-caption=\"\" data-large-file=\"https:\/\/blogaudioteka.wpcomstaging.com\/wp-content\/uploads\/slonie-maja-dobra-pamiec-original.avif\" data-id=\"3918\" src=\"https:\/\/blogaudioteka.wpcomstaging.com\/wp-content\/uploads\/slonie-maja-dobra-pamiec-original.avif\" alt=\"\" class=\"wp-image-3918\" srcset=\"https:\/\/blogaudioteka.wpcomstaging.com\/wp-content\/uploads\/slonie-maja-dobra-pamiec-original.avif 360w, https:\/\/blogaudioteka.wpcomstaging.com\/wp-content\/uploads\/slonie-maja-dobra-pamiec-original-300x300.avif 300w, https:\/\/blogaudioteka.wpcomstaging.com\/wp-content\/uploads\/slonie-maja-dobra-pamiec-original-150x150.avif 150w, https:\/\/blogaudioteka.wpcomstaging.com\/wp-content\/uploads\/slonie-maja-dobra-pamiec-original-200x200.avif 200w, https:\/\/blogaudioteka.wpcomstaging.com\/wp-content\/uploads\/slonie-maja-dobra-pamiec-original-148x148.avif 148w, https:\/\/blogaudioteka.wpcomstaging.com\/wp-content\/uploads\/slonie-maja-dobra-pamiec-original-296x296.avif 296w\" sizes=\"auto, (max-width: 360px) 100vw, 360px\" \/><\/a><\/figure>\n<\/figure>\n\n\n\n<p class=\"has-text-align-justify wp-block-paragraph\">R\u00f3wnie popularne s\u0105 polskie krymina\u0142y, w&nbsp;tym powie\u015bci <a href=\"https:\/\/audioteka.com\/pl\/autor\/wojciech-chmielarz\/\" target=\"_blank\" rel=\"noopener\">Wojciecha Chmielarza<\/a> z&nbsp;komisarzem Jakubem Mortk\u0105 czy seria o&nbsp;prokuratorze Teodorze Szackim autorstwa <a href=\"https:\/\/audioteka.com\/pl\/autor\/zygmunt-miloszewski\/\" target=\"_blank\" rel=\"noopener\">Zygmunta Mi\u0142oszewskiego<\/a>. Nie mo\u017cna te\u017c zapomnie\u0107 o&nbsp;klasykach gatunku &#8211; przygodach <a href=\"https:\/\/audioteka.com\/pl\/cykl\/sherlock-holmes\/\" target=\"_blank\" rel=\"noopener\">Sherlocka Holmesa<\/a> czy krymina\u0142ach <a href=\"https:\/\/audioteka.com\/pl\/autor\/agatha-christie\/\" target=\"_blank\" rel=\"noopener\">Agathy Christie<\/a> dost\u0119pnych w&nbsp;formie audiobook\u00f3w.<\/p>\n\n\n\n<h3 class=\"wp-block-heading\"><span class=\"ez-toc-section\" id=\"Literatura_klasyczna_w_nowej_odslonie\"><\/span>Literatura klasyczna w&nbsp;nowej ods\u0142onie<span class=\"ez-toc-section-end\"><\/span><\/h3>\n\n\n\n<p class=\"has-text-align-justify wp-block-paragraph\">Audiobooki dla doros\u0142ych obejmuj\u0105 tak\u017ce klasyczne dzie\u0142a literatury polskiej. W&nbsp;serwisie Audioteka znajdziemy takie pere\u0142ki jak &#8222;<a href=\"https:\/\/audioteka.com\/pl\/audiobook\/w-pustyni-i-w-puszczy-audioteka\/\" target=\"_blank\" rel=\"noopener\">W pustyni i&nbsp;w puszczy<\/a>&#8221; Henryka Sienkiewicza, &#8222;<a href=\"https:\/\/audioteka.com\/pl\/audiobook\/lalka-audioteka\/\" target=\"_blank\" rel=\"noopener\">Lalka<\/a>&#8221; Boles\u0142awa Prusa czy nieco bardziej komediowo \u201c<a href=\"https:\/\/audioteka.com\/pl\/audiobook\/dom-niespokojnej-starosci\/\" target=\"_blank\" rel=\"noopener\">Dom (nie)spokojnej staro\u015bci<\/a>\u201d.<\/p>\n\n\n\n<figure class=\"wp-block-gallery has-nested-images columns-default is-cropped wp-block-gallery-8 is-layout-flex wp-block-gallery-is-layout-flex\">\n<figure class=\"wp-block-image size-large\"><img loading=\"lazy\" decoding=\"async\" width=\"360\" height=\"360\" data-attachment-id=\"3914\" data-permalink=\"https:\/\/blogaudioteka.wpcomstaging.com\/ksiazki-dla-seniorow-w-formie-audio-przewodnik-po-najlepszych-historiach\/noce-i-dnie-tom-i-i-ii-aleksandria-original\" data-orig-file=\"https:\/\/blogaudioteka.wpcomstaging.com\/wp-content\/uploads\/noce-i-dnie-tom-i-i-ii-aleksandria-original.avif\" data-orig-size=\"360,360\" data-comments-opened=\"0\" data-image-meta=\"{&quot;aperture&quot;:&quot;0&quot;,&quot;credit&quot;:&quot;&quot;,&quot;camera&quot;:&quot;&quot;,&quot;caption&quot;:&quot;&quot;,&quot;created_timestamp&quot;:&quot;0&quot;,&quot;copyright&quot;:&quot;&quot;,&quot;focal_length&quot;:&quot;0&quot;,&quot;iso&quot;:&quot;0&quot;,&quot;shutter_speed&quot;:&quot;0&quot;,&quot;title&quot;:&quot;&quot;,&quot;orientation&quot;:&quot;0&quot;}\" data-image-title=\"noce-i-dnie-tom-i-i-ii-aleksandria-original\" data-image-description=\"\" data-image-caption=\"\" data-large-file=\"https:\/\/blogaudioteka.wpcomstaging.com\/wp-content\/uploads\/noce-i-dnie-tom-i-i-ii-aleksandria-original.avif\" data-id=\"3914\" src=\"https:\/\/blogaudioteka.wpcomstaging.com\/wp-content\/uploads\/noce-i-dnie-tom-i-i-ii-aleksandria-original.avif\" alt=\"\" class=\"wp-image-3914\" srcset=\"https:\/\/blogaudioteka.wpcomstaging.com\/wp-content\/uploads\/noce-i-dnie-tom-i-i-ii-aleksandria-original.avif 360w, https:\/\/blogaudioteka.wpcomstaging.com\/wp-content\/uploads\/noce-i-dnie-tom-i-i-ii-aleksandria-original-300x300.avif 300w, https:\/\/blogaudioteka.wpcomstaging.com\/wp-content\/uploads\/noce-i-dnie-tom-i-i-ii-aleksandria-original-150x150.avif 150w, https:\/\/blogaudioteka.wpcomstaging.com\/wp-content\/uploads\/noce-i-dnie-tom-i-i-ii-aleksandria-original-200x200.avif 200w, https:\/\/blogaudioteka.wpcomstaging.com\/wp-content\/uploads\/noce-i-dnie-tom-i-i-ii-aleksandria-original-148x148.avif 148w, https:\/\/blogaudioteka.wpcomstaging.com\/wp-content\/uploads\/noce-i-dnie-tom-i-i-ii-aleksandria-original-296x296.avif 296w\" sizes=\"auto, (max-width: 360px) 100vw, 360px\" \/><\/figure>\n\n\n\n<figure class=\"wp-block-image size-large\"><img loading=\"lazy\" decoding=\"async\" width=\"300\" height=\"300\" data-attachment-id=\"3915\" data-permalink=\"https:\/\/blogaudioteka.wpcomstaging.com\/ksiazki-dla-seniorow-w-formie-audio-przewodnik-po-najlepszych-historiach\/zemsta-audioteka-original\" data-orig-file=\"https:\/\/blogaudioteka.wpcomstaging.com\/wp-content\/uploads\/zemsta-audioteka-original.avif\" data-orig-size=\"300,300\" data-comments-opened=\"0\" data-image-meta=\"{&quot;aperture&quot;:&quot;0&quot;,&quot;credit&quot;:&quot;&quot;,&quot;camera&quot;:&quot;&quot;,&quot;caption&quot;:&quot;&quot;,&quot;created_timestamp&quot;:&quot;0&quot;,&quot;copyright&quot;:&quot;&quot;,&quot;focal_length&quot;:&quot;0&quot;,&quot;iso&quot;:&quot;0&quot;,&quot;shutter_speed&quot;:&quot;0&quot;,&quot;title&quot;:&quot;&quot;,&quot;orientation&quot;:&quot;0&quot;}\" data-image-title=\"zemsta-audioteka-original\" data-image-description=\"\" data-image-caption=\"\" data-large-file=\"https:\/\/blogaudioteka.wpcomstaging.com\/wp-content\/uploads\/zemsta-audioteka-original.avif\" data-id=\"3915\" src=\"https:\/\/blogaudioteka.wpcomstaging.com\/wp-content\/uploads\/zemsta-audioteka-original.avif\" alt=\"\" class=\"wp-image-3915\" srcset=\"https:\/\/blogaudioteka.wpcomstaging.com\/wp-content\/uploads\/zemsta-audioteka-original.avif 300w, https:\/\/blogaudioteka.wpcomstaging.com\/wp-content\/uploads\/zemsta-audioteka-original-150x150.avif 150w, https:\/\/blogaudioteka.wpcomstaging.com\/wp-content\/uploads\/zemsta-audioteka-original-200x200.avif 200w, https:\/\/blogaudioteka.wpcomstaging.com\/wp-content\/uploads\/zemsta-audioteka-original-148x148.avif 148w, https:\/\/blogaudioteka.wpcomstaging.com\/wp-content\/uploads\/zemsta-audioteka-original-296x296.avif 296w\" sizes=\"auto, (max-width: 300px) 100vw, 300px\" \/><\/figure>\n\n\n\n<figure class=\"wp-block-image size-large\"><img loading=\"lazy\" decoding=\"async\" width=\"300\" height=\"300\" data-attachment-id=\"3913\" data-permalink=\"https:\/\/blogaudioteka.wpcomstaging.com\/ksiazki-dla-seniorow-w-formie-audio-przewodnik-po-najlepszych-historiach\/dom-niespokojnej-starosci-original\" data-orig-file=\"https:\/\/blogaudioteka.wpcomstaging.com\/wp-content\/uploads\/dom-niespokojnej-starosci-original.avif\" data-orig-size=\"300,300\" data-comments-opened=\"0\" data-image-meta=\"{&quot;aperture&quot;:&quot;0&quot;,&quot;credit&quot;:&quot;&quot;,&quot;camera&quot;:&quot;&quot;,&quot;caption&quot;:&quot;&quot;,&quot;created_timestamp&quot;:&quot;0&quot;,&quot;copyright&quot;:&quot;&quot;,&quot;focal_length&quot;:&quot;0&quot;,&quot;iso&quot;:&quot;0&quot;,&quot;shutter_speed&quot;:&quot;0&quot;,&quot;title&quot;:&quot;&quot;,&quot;orientation&quot;:&quot;0&quot;}\" data-image-title=\"dom-niespokojnej-starosci-original\" data-image-description=\"\" data-image-caption=\"\" data-large-file=\"https:\/\/blogaudioteka.wpcomstaging.com\/wp-content\/uploads\/dom-niespokojnej-starosci-original.avif\" data-id=\"3913\" src=\"https:\/\/blogaudioteka.wpcomstaging.com\/wp-content\/uploads\/dom-niespokojnej-starosci-original.avif\" alt=\"\" class=\"wp-image-3913\" srcset=\"https:\/\/blogaudioteka.wpcomstaging.com\/wp-content\/uploads\/dom-niespokojnej-starosci-original.avif 300w, https:\/\/blogaudioteka.wpcomstaging.com\/wp-content\/uploads\/dom-niespokojnej-starosci-original-150x150.avif 150w, https:\/\/blogaudioteka.wpcomstaging.com\/wp-content\/uploads\/dom-niespokojnej-starosci-original-200x200.avif 200w, https:\/\/blogaudioteka.wpcomstaging.com\/wp-content\/uploads\/dom-niespokojnej-starosci-original-148x148.avif 148w, https:\/\/blogaudioteka.wpcomstaging.com\/wp-content\/uploads\/dom-niespokojnej-starosci-original-296x296.avif 296w\" sizes=\"auto, (max-width: 300px) 100vw, 300px\" \/><\/figure>\n<\/figure>\n\n\n\n<p class=\"has-text-align-justify wp-block-paragraph\">Dost\u0119pne s\u0105 r\u00f3wnie\u017c &#8222;Ch\u0142opi&#8221; W\u0142adys\u0142awa Reymonta, &#8222;<a href=\"https:\/\/audioteka.com\/pl\/audiobook\/zemsta-audioteka\/\" target=\"_blank\" rel=\"noopener\">Zemsta<\/a>&#8221; Aleksandra Fredry oraz &#8222;<a href=\"https:\/\/audioteka.com\/pl\/cykl\/noce-i-dnie-c2ec3c9d\/\" target=\"_blank\" rel=\"noopener\">Noce i&nbsp;dnie<\/a>&#8221; Marii D\u0105browskiej. Z&nbsp;literatury \u015bwiatowej warto wymieni\u0107 &#8222;Mistrza i&nbsp;Ma\u0142gorzat\u0119&#8221; Michai\u0142a Bu\u0142hakowa czy &#8222;<a href=\"https:\/\/audioteka.com\/pl\/audiobook\/portret-doriana-graya\/\" target=\"_blank\" rel=\"noopener\">Portret Doriana Graya<\/a>&#8221; Oscara Wilde&#8217;a.<\/p>\n\n\n\n<h3 class=\"wp-block-heading\"><span class=\"ez-toc-section\" id=\"Ksiazki_podroznicze_i_przyrodnicze\"><\/span>Ksi\u0105\u017cki podr\u00f3\u017cnicze i&nbsp;przyrodnicze<span class=\"ez-toc-section-end\"><\/span><\/h3>\n\n\n\n<p class=\"has-text-align-justify wp-block-paragraph\">Polecane ksi\u0105\u017cki dla senior\u00f3w to r\u00f3wnie\u017c te, kt\u00f3re pozwalaj\u0105 odby\u0107 fascynuj\u0105c\u0105 podr\u00f3\u017c bez wychodzenia z&nbsp;domu. Audiobooki takie jak &#8222;<a href=\"https:\/\/audioteka.com\/pl\/audiobook\/muzyka-moich-ulic-lizbona\/\" target=\"_blank\" rel=\"noopener\">Muzyka moich ulic. Lizbona<\/a>&#8221; Marcina Kydry\u0144skiego, &#8222;<a href=\"https:\/\/audioteka.com\/pl\/audiobook\/samotne-wyprawy\/\" target=\"_blank\" rel=\"noopener\">Samotne wyprawy<\/a>&#8221; Beaty Pawlikowskiej czy &#8222;<a href=\"https:\/\/audioteka.com\/pl\/audiobook\/polacy-na-emigracji-dlaczego-i-po-co-wyjezdzamy\/\" target=\"_blank\" rel=\"noopener\">Polacy na emigracji. Dlaczego i&nbsp;po co wyje\u017cd\u017camy<\/a>&#8221; Agnieszki Ko\u0142odziejskiej przenosz\u0105 s\u0142uchaczy w&nbsp;odleg\u0142e zak\u0105tki \u015bwiata.<\/p>\n\n\n\n<figure class=\"wp-block-gallery has-nested-images columns-default is-cropped wp-block-gallery-9 is-layout-flex wp-block-gallery-is-layout-flex\">\n<figure class=\"wp-block-image size-large\"><img loading=\"lazy\" decoding=\"async\" width=\"300\" height=\"300\" data-attachment-id=\"3910\" data-permalink=\"https:\/\/blogaudioteka.wpcomstaging.com\/ksiazki-dla-seniorow-w-formie-audio-przewodnik-po-najlepszych-historiach\/polacy-na-emigracji-dlaczego-i-po-co-wyjezdzamy-duze\" data-orig-file=\"https:\/\/blogaudioteka.wpcomstaging.com\/wp-content\/uploads\/polacy-na-emigracji-dlaczego-i-po-co-wyjezdzamy-duze.avif\" data-orig-size=\"300,300\" data-comments-opened=\"0\" data-image-meta=\"{&quot;aperture&quot;:&quot;0&quot;,&quot;credit&quot;:&quot;&quot;,&quot;camera&quot;:&quot;&quot;,&quot;caption&quot;:&quot;&quot;,&quot;created_timestamp&quot;:&quot;0&quot;,&quot;copyright&quot;:&quot;&quot;,&quot;focal_length&quot;:&quot;0&quot;,&quot;iso&quot;:&quot;0&quot;,&quot;shutter_speed&quot;:&quot;0&quot;,&quot;title&quot;:&quot;&quot;,&quot;orientation&quot;:&quot;0&quot;}\" data-image-title=\"polacy-na-emigracji-dlaczego-i-po-co-wyjezdzamy-duze\" data-image-description=\"\" data-image-caption=\"\" data-large-file=\"https:\/\/blogaudioteka.wpcomstaging.com\/wp-content\/uploads\/polacy-na-emigracji-dlaczego-i-po-co-wyjezdzamy-duze.avif\" data-id=\"3910\" src=\"https:\/\/blogaudioteka.wpcomstaging.com\/wp-content\/uploads\/polacy-na-emigracji-dlaczego-i-po-co-wyjezdzamy-duze.avif\" alt=\"\" class=\"wp-image-3910\" srcset=\"https:\/\/blogaudioteka.wpcomstaging.com\/wp-content\/uploads\/polacy-na-emigracji-dlaczego-i-po-co-wyjezdzamy-duze.avif 300w, https:\/\/blogaudioteka.wpcomstaging.com\/wp-content\/uploads\/polacy-na-emigracji-dlaczego-i-po-co-wyjezdzamy-duze-150x150.avif 150w, https:\/\/blogaudioteka.wpcomstaging.com\/wp-content\/uploads\/polacy-na-emigracji-dlaczego-i-po-co-wyjezdzamy-duze-200x200.avif 200w, https:\/\/blogaudioteka.wpcomstaging.com\/wp-content\/uploads\/polacy-na-emigracji-dlaczego-i-po-co-wyjezdzamy-duze-148x148.avif 148w, https:\/\/blogaudioteka.wpcomstaging.com\/wp-content\/uploads\/polacy-na-emigracji-dlaczego-i-po-co-wyjezdzamy-duze-296x296.avif 296w\" sizes=\"auto, (max-width: 300px) 100vw, 300px\" \/><\/figure>\n\n\n\n<figure class=\"wp-block-image size-large\"><img loading=\"lazy\" decoding=\"async\" width=\"300\" height=\"300\" data-attachment-id=\"3909\" data-permalink=\"https:\/\/blogaudioteka.wpcomstaging.com\/ksiazki-dla-seniorow-w-formie-audio-przewodnik-po-najlepszych-historiach\/muzyka-moich-ulic-lizbona-original\" data-orig-file=\"https:\/\/blogaudioteka.wpcomstaging.com\/wp-content\/uploads\/muzyka-moich-ulic-lizbona-original.avif\" data-orig-size=\"300,300\" data-comments-opened=\"0\" data-image-meta=\"{&quot;aperture&quot;:&quot;0&quot;,&quot;credit&quot;:&quot;&quot;,&quot;camera&quot;:&quot;&quot;,&quot;caption&quot;:&quot;&quot;,&quot;created_timestamp&quot;:&quot;0&quot;,&quot;copyright&quot;:&quot;&quot;,&quot;focal_length&quot;:&quot;0&quot;,&quot;iso&quot;:&quot;0&quot;,&quot;shutter_speed&quot;:&quot;0&quot;,&quot;title&quot;:&quot;&quot;,&quot;orientation&quot;:&quot;0&quot;}\" data-image-title=\"muzyka-moich-ulic-lizbona-original\" data-image-description=\"\" data-image-caption=\"\" data-large-file=\"https:\/\/blogaudioteka.wpcomstaging.com\/wp-content\/uploads\/muzyka-moich-ulic-lizbona-original.avif\" data-id=\"3909\" src=\"https:\/\/blogaudioteka.wpcomstaging.com\/wp-content\/uploads\/muzyka-moich-ulic-lizbona-original.avif\" alt=\"\" class=\"wp-image-3909\" srcset=\"https:\/\/blogaudioteka.wpcomstaging.com\/wp-content\/uploads\/muzyka-moich-ulic-lizbona-original.avif 300w, https:\/\/blogaudioteka.wpcomstaging.com\/wp-content\/uploads\/muzyka-moich-ulic-lizbona-original-150x150.avif 150w, https:\/\/blogaudioteka.wpcomstaging.com\/wp-content\/uploads\/muzyka-moich-ulic-lizbona-original-200x200.avif 200w, https:\/\/blogaudioteka.wpcomstaging.com\/wp-content\/uploads\/muzyka-moich-ulic-lizbona-original-148x148.avif 148w, https:\/\/blogaudioteka.wpcomstaging.com\/wp-content\/uploads\/muzyka-moich-ulic-lizbona-original-296x296.avif 296w\" sizes=\"auto, (max-width: 300px) 100vw, 300px\" \/><\/figure>\n\n\n\n<figure class=\"wp-block-image size-large\"><img loading=\"lazy\" decoding=\"async\" width=\"300\" height=\"300\" data-attachment-id=\"3911\" data-permalink=\"https:\/\/blogaudioteka.wpcomstaging.com\/ksiazki-dla-seniorow-w-formie-audio-przewodnik-po-najlepszych-historiach\/okladka-samotne-wyprawy_audiobook\" data-orig-file=\"https:\/\/blogaudioteka.wpcomstaging.com\/wp-content\/uploads\/OKLADKA-Samotne-wyprawy_AUDIOBOOK.avif\" data-orig-size=\"300,300\" data-comments-opened=\"0\" data-image-meta=\"{&quot;aperture&quot;:&quot;0&quot;,&quot;credit&quot;:&quot;&quot;,&quot;camera&quot;:&quot;&quot;,&quot;caption&quot;:&quot;&quot;,&quot;created_timestamp&quot;:&quot;0&quot;,&quot;copyright&quot;:&quot;&quot;,&quot;focal_length&quot;:&quot;0&quot;,&quot;iso&quot;:&quot;0&quot;,&quot;shutter_speed&quot;:&quot;0&quot;,&quot;title&quot;:&quot;&quot;,&quot;orientation&quot;:&quot;0&quot;}\" data-image-title=\"OKLADKA-Samotne-wyprawy_AUDIOBOOK\" data-image-description=\"\" data-image-caption=\"\" data-large-file=\"https:\/\/blogaudioteka.wpcomstaging.com\/wp-content\/uploads\/OKLADKA-Samotne-wyprawy_AUDIOBOOK.avif\" data-id=\"3911\" src=\"https:\/\/blogaudioteka.wpcomstaging.com\/wp-content\/uploads\/OKLADKA-Samotne-wyprawy_AUDIOBOOK.avif\" alt=\"\" class=\"wp-image-3911\" srcset=\"https:\/\/blogaudioteka.wpcomstaging.com\/wp-content\/uploads\/OKLADKA-Samotne-wyprawy_AUDIOBOOK.avif 300w, https:\/\/blogaudioteka.wpcomstaging.com\/wp-content\/uploads\/OKLADKA-Samotne-wyprawy_AUDIOBOOK-150x150.avif 150w, https:\/\/blogaudioteka.wpcomstaging.com\/wp-content\/uploads\/OKLADKA-Samotne-wyprawy_AUDIOBOOK-200x200.avif 200w, https:\/\/blogaudioteka.wpcomstaging.com\/wp-content\/uploads\/OKLADKA-Samotne-wyprawy_AUDIOBOOK-148x148.avif 148w, https:\/\/blogaudioteka.wpcomstaging.com\/wp-content\/uploads\/OKLADKA-Samotne-wyprawy_AUDIOBOOK-296x296.avif 296w\" sizes=\"auto, (max-width: 300px) 100vw, 300px\" \/><\/figure>\n<\/figure>\n\n\n\n<p class=\"has-text-align-justify wp-block-paragraph\">Te ciekawe ksi\u0105\u017cki dla senior\u00f3w s\u0105 nie tylko \u017ar\u00f3d\u0142em wiedzy o&nbsp;odleg\u0142ych kulturach i&nbsp;przyrodzie, ale tak\u017ce inspiracj\u0105 do w\u0142asnych refleksji i&nbsp;przemy\u015ble\u0144. Dla wielu senior\u00f3w, kt\u00f3rzy z&nbsp;r\u00f3\u017cnych przyczyn nie mog\u0105 podr\u00f3\u017cowa\u0107 fizycznie, <strong>stanowi\u0105 one okno na \u015bwiat i&nbsp;mo\u017cliwo\u015b\u0107 prze\u017cycia przygody w&nbsp;bezpiecznej przestrzeni w\u0142asnego domu.<\/strong><\/p>\n\n\n\n<p class=\"has-text-align-justify wp-block-paragraph\">Audiobooki bez w\u0105tpienia zmieni\u0142y spos\u00f3b, w&nbsp;jaki seniorzy mog\u0105 cieszy\u0107 si\u0119 literatur\u0105. Przede wszystkim <strong>oferuj\u0105 one niezr\u00f3wnan\u0105 wygod\u0119 i&nbsp;dost\u0119pno\u015b\u0107, pozwalaj\u0105c osobom starszym na powr\u00f3t do przyjemno\u015bci czytania, nawet gdy wzrok lub inne ograniczenia fizyczne utrudniaj\u0105 tradycyjn\u0105 lektur\u0119.<\/strong> Ostatecznie, audiobooki to nie tylko forma rozrywki &#8211; stanowi\u0105 one skuteczne narz\u0119dzie wspieraj\u0105ce funkcje poznawcze i&nbsp;zapewniaj\u0105ce towarzystwo w&nbsp;codziennym \u017cyciu. Warto wi\u0119c zach\u0119ci\u0107 naszych bliskich senior\u00f3w do wypr\u00f3bowania tej formy literatury, kt\u00f3ra mo\u017ce otworzy\u0107 przed nimi zupe\u0142nie nowy \u015bwiat mo\u017cliwo\u015bci.<\/p>\n\n\n\n<figure class=\"wp-block-image size-full\"><a href=\"https:\/\/audioteka.com\/pl\/applications\" target=\"_blank\" rel=\"noopener\"><img data-recalc-dims=\"1\" loading=\"lazy\" decoding=\"async\" width=\"768\" height=\"216\" data-attachment-id=\"3389\" data-permalink=\"https:\/\/blogaudioteka.wpcomstaging.com\/ojciec-wiedzmina-i-arcymistrz-polskiej-fantastyki-andrzej-sapkowski\/banner_3v2-10\" data-orig-file=\"https:\/\/i0.wp.com\/blogaudioteka.wpcomstaging.com\/wp-content\/uploads\/banner_3v2-9.png?fit=768%2C216&amp;ssl=1\" data-orig-size=\"768,216\" data-comments-opened=\"0\" data-image-meta=\"{&quot;aperture&quot;:&quot;0&quot;,&quot;credit&quot;:&quot;&quot;,&quot;camera&quot;:&quot;&quot;,&quot;caption&quot;:&quot;&quot;,&quot;created_timestamp&quot;:&quot;0&quot;,&quot;copyright&quot;:&quot;&quot;,&quot;focal_length&quot;:&quot;0&quot;,&quot;iso&quot;:&quot;0&quot;,&quot;shutter_speed&quot;:&quot;0&quot;,&quot;title&quot;:&quot;&quot;,&quot;orientation&quot;:&quot;0&quot;}\" data-image-title=\"banner_3v2\" data-image-description=\"\" data-image-caption=\"\" data-large-file=\"https:\/\/i0.wp.com\/blogaudioteka.wpcomstaging.com\/wp-content\/uploads\/banner_3v2-9.png?fit=768%2C216&amp;ssl=1\" src=\"https:\/\/i0.wp.com\/blogaudioteka.wpcomstaging.com\/wp-content\/uploads\/banner_3v2-9.png?resize=768%2C216&#038;ssl=1\" alt=\"\" class=\"wp-image-3389\" srcset=\"https:\/\/i0.wp.com\/blogaudioteka.wpcomstaging.com\/wp-content\/uploads\/banner_3v2-9.png?w=768&amp;ssl=1 768w, https:\/\/i0.wp.com\/blogaudioteka.wpcomstaging.com\/wp-content\/uploads\/banner_3v2-9.png?resize=300%2C84&amp;ssl=1 300w, https:\/\/i0.wp.com\/blogaudioteka.wpcomstaging.com\/wp-content\/uploads\/banner_3v2-9.png?resize=512%2C144&amp;ssl=1 512w\" sizes=\"auto, (max-width: 768px) 100vw, 768px\" \/><\/a><\/figure>\n","protected":false},"excerpt":{"rendered":"Ksi\u0105\u017cki dla senior\u00f3w w&nbsp;formie audio to nie tylko znakomity spos\u00f3b na popraw\u0119 nastroju i&nbsp;dostarczenie rozrywki, ale tak\u017ce coraz&hellip;","protected":false},"author":264736302,"featured_media":3923,"comment_status":"closed","ping_status":"closed","sticky":false,"template":"","format":"standard","meta":{"_crdt_document":"","csco_display_header_overlay":false,"csco_singular_sidebar":"","csco_page_header_type":"","_jetpack_memberships_contains_paid_content":false,"footnotes":""},"categories":[14928,14929],"tags":[],"class_list":{"0":"post-3905","1":"post","2":"type-post","3":"status-publish","4":"format-standard","5":"has-post-thumbnail","7":"category-porady","8":"category-poradniki","9":"cs-entry"},"jetpack_featured_media_url":"https:\/\/i0.wp.com\/blogaudioteka.wpcomstaging.com\/wp-content\/uploads\/image1.png?fit=1344%2C768&ssl=1","jetpack_sharing_enabled":true,"_links":{"self":[{"href":"https:\/\/blogaudioteka.wpcomstaging.com\/wp-json\/wp\/v2\/posts\/3905","targetHints":{"allow":["GET"]}}],"collection":[{"href":"https:\/\/blogaudioteka.wpcomstaging.com\/wp-json\/wp\/v2\/posts"}],"about":[{"href":"https:\/\/blogaudioteka.wpcomstaging.com\/wp-json\/wp\/v2\/types\/post"}],"author":[{"embeddable":true,"href":"https:\/\/blogaudioteka.wpcomstaging.com\/wp-json\/wp\/v2\/users\/264736302"}],"replies":[{"embeddable":true,"href":"https:\/\/blogaudioteka.wpcomstaging.com\/wp-json\/wp\/v2\/comments?post=3905"}],"version-history":[{"count":8,"href":"https:\/\/blogaudioteka.wpcomstaging.com\/wp-json\/wp\/v2\/posts\/3905\/revisions"}],"predecessor-version":[{"id":3927,"href":"https:\/\/blogaudioteka.wpcomstaging.com\/wp-json\/wp\/v2\/posts\/3905\/revisions\/3927"}],"wp:featuredmedia":[{"embeddable":true,"href":"https:\/\/blogaudioteka.wpcomstaging.com\/wp-json\/wp\/v2\/media\/3923"}],"wp:attachment":[{"href":"https:\/\/blogaudioteka.wpcomstaging.com\/wp-json\/wp\/v2\/media?parent=3905"}],"wp:term":[{"taxonomy":"category","embeddable":true,"href":"https:\/\/blogaudioteka.wpcomstaging.com\/wp-json\/wp\/v2\/categories?post=3905"},{"taxonomy":"post_tag","embeddable":true,"href":"https:\/\/blogaudioteka.wpcomstaging.com\/wp-json\/wp\/v2\/tags?post=3905"}],"curies":[{"name":"wp","href":"https:\/\/api.w.org\/{rel}","templated":true}]}}