{"id":2991,"date":"2025-05-15T14:37:01","date_gmt":"2025-05-15T12:37:01","guid":{"rendered":"https:\/\/blogaudioteka.wpcomstaging.com\/?p=2991"},"modified":"2025-05-19T10:06:41","modified_gmt":"2025-05-19T08:06:41","slug":"najlepsze-audiobooki-biograficzne-historie-ktore-zmieniaja-zycie","status":"publish","type":"post","link":"https:\/\/blogaudioteka.wpcomstaging.com\/najlepsze-audiobooki-biograficzne-historie-ktore-zmieniaja-zycie","title":{"rendered":"Najlepsze audiobooki biograficzne \u2013 historie, kt\u00f3re zmieniaj\u0105 \u017cycie"},"content":{"rendered":"\n<p class=\"has-text-align-justify wp-block-paragraph\"><strong>Biografie to fascynuj\u0105cy gatunek literacki, kt\u00f3ry pozwala nam zajrze\u0107 w&nbsp;\u017cycie niezwyk\u0142ych ludzi, odkry\u0107 ich tajemnice i&nbsp;zainspirowa\u0107 si\u0119 ich historiami. W&nbsp;formie audiobook\u00f3w nabieraj\u0105 one jeszcze wi\u0119kszej mocy \u2013 szczeg\u00f3lnie gdy s\u0105 czytane przez samych autor\u00f3w lub charyzmatycznych lektor\u00f3w. Oto ranking najciekawszych audiobook\u00f3w biograficznych, kt\u00f3re warto doda\u0107 do swojej biblioteki.<\/strong><\/p>\n\n\n\n<div id=\"ez-toc-container\" class=\"ez-toc-v2_0_82_2 counter-hierarchy ez-toc-counter ez-toc-grey ez-toc-container-direction\">\n<div class=\"ez-toc-title-container\"><span class=\"ez-toc-title\" style=\"cursor:inherit\">Spis tre\u015bci<\/span>\n<\/div><nav><ul class='ez-toc-list ez-toc-list-level-1 ' ><li class='ez-toc-page-1 ez-toc-heading-level-2'><a class=\"ez-toc-link ez-toc-heading-1\" href=\"https:\/\/blogaudioteka.wpcomstaging.com\/najlepsze-audiobooki-biograficzne-historie-ktore-zmieniaja-zycie\/#1_%E2%80%9ESteve_Jobs%E2%80%9D_%E2%80%93_Walter_Isaacson\" >1. &#8222;Steve Jobs&#8221; \u2013 Walter Isaacson<\/a><\/li><li class='ez-toc-page-1 ez-toc-heading-level-2'><a class=\"ez-toc-link ez-toc-heading-2\" href=\"https:\/\/blogaudioteka.wpcomstaging.com\/najlepsze-audiobooki-biograficzne-historie-ktore-zmieniaja-zycie\/#2_%E2%80%9EBecoming_Moja_historia%E2%80%9D_%E2%80%93_Michelle_Obama\" >2. &#8222;Becoming. Moja historia&#8221; \u2013 Michelle Obama<\/a><\/li><li class='ez-toc-page-1 ez-toc-heading-level-2'><a class=\"ez-toc-link ez-toc-heading-3\" href=\"https:\/\/blogaudioteka.wpcomstaging.com\/najlepsze-audiobooki-biograficzne-historie-ktore-zmieniaja-zycie\/#3_%E2%80%9EElon_Musk%E2%80%9D_%E2%80%93_Ashlee_Vance\" >3. &#8222;Elon Musk&#8221; \u2013 Ashlee Vance<\/a><\/li><li class='ez-toc-page-1 ez-toc-heading-level-2'><a class=\"ez-toc-link ez-toc-heading-4\" href=\"https:\/\/blogaudioteka.wpcomstaging.com\/najlepsze-audiobooki-biograficzne-historie-ktore-zmieniaja-zycie\/#4_%E2%80%9EJa_Ibra%E2%80%9D_%E2%80%93_Zlatan_Ibrahimovic_David_Lagercrantz\" >4. &#8222;Ja, Ibra&#8221; \u2013 Zlatan Ibrahimovi\u0107, David Lagercrantz<\/a><\/li><li class='ez-toc-page-1 ez-toc-heading-level-2'><a class=\"ez-toc-link ez-toc-heading-5\" href=\"https:\/\/blogaudioteka.wpcomstaging.com\/najlepsze-audiobooki-biograficzne-historie-ktore-zmieniaja-zycie\/#5_%E2%80%9ELeonardo_da_Vinci%E2%80%9D_%E2%80%93_Walter_Isaacson\" >5. &#8222;Leonardo da Vinci&#8221; \u2013 Walter Isaacson<\/a><\/li><li class='ez-toc-page-1 ez-toc-heading-level-2'><a class=\"ez-toc-link ez-toc-heading-6\" href=\"https:\/\/blogaudioteka.wpcomstaging.com\/najlepsze-audiobooki-biograficzne-historie-ktore-zmieniaja-zycie\/#6_%E2%80%9EMark_Zuckerberg_Kim_jest_tworca_Facebooka%E2%80%9D_%E2%80%93_Ewa_Szach_Kinga_Soltysiak_Renata_Pawlak\" >6. &#8222;Mark Zuckerberg. Kim jest tw\u00f3rca Facebooka?&#8221; &#8211; Ewa Szach, Kinga So\u0142tysiak, Renata Pawlak<\/a><\/li><li class='ez-toc-page-1 ez-toc-heading-level-2'><a class=\"ez-toc-link ez-toc-heading-7\" href=\"https:\/\/blogaudioteka.wpcomstaging.com\/najlepsze-audiobooki-biograficzne-historie-ktore-zmieniaja-zycie\/#7_%E2%80%9EMaradona_Reka_Boga%E2%80%9D_%E2%80%93_Jimmy_Burns\" >7. &#8222;Maradona. R\u0119ka Boga&#8221; &#8211; Jimmy Burns<\/a><\/li><li class='ez-toc-page-1 ez-toc-heading-level-2'><a class=\"ez-toc-link ez-toc-heading-8\" href=\"https:\/\/blogaudioteka.wpcomstaging.com\/najlepsze-audiobooki-biograficzne-historie-ktore-zmieniaja-zycie\/#8_%E2%80%9EOpen_Autobiografia_tenisisty%E2%80%9D_%E2%80%93_Andre_Agassi\" >8. &#8222;Open. Autobiografia tenisisty&#8221; \u2013 Andre Agassi<\/a><\/li><li class='ez-toc-page-1 ez-toc-heading-level-2'><a class=\"ez-toc-link ez-toc-heading-9\" href=\"https:\/\/blogaudioteka.wpcomstaging.com\/najlepsze-audiobooki-biograficzne-historie-ktore-zmieniaja-zycie\/#9_%E2%80%9ENikola_Tesla_Moje_zycie_i_wynalazki%E2%80%9D_%E2%80%93_Nikola_Tesla\" >9. &#8222;Nikola Tesla. Moje \u017cycie i&nbsp;wynalazki&#8221; &#8211; Nikola Tesla<\/a><\/li><li class='ez-toc-page-1 ez-toc-heading-level-2'><a class=\"ez-toc-link ez-toc-heading-10\" href=\"https:\/\/blogaudioteka.wpcomstaging.com\/najlepsze-audiobooki-biograficzne-historie-ktore-zmieniaja-zycie\/#10_%E2%80%9EWszechmocny_Amazon_Jeff_Bezos_i_jego_globalne_imperium%E2%80%9D_%E2%80%93_Brad_Stone\" >10. &#8222;Wszechmocny Amazon. Jeff Bezos i&nbsp;jego globalne imperium&#8221; &#8211; Brad Stone<\/a><\/li><\/ul><\/nav><\/div>\n<h2 class=\"wp-block-heading\"><span class=\"ez-toc-section\" id=\"1_%E2%80%9ESteve_Jobs%E2%80%9D_%E2%80%93_Walter_Isaacson\"><\/span>1. &#8222;Steve Jobs&#8221; \u2013 Walter Isaacson<span class=\"ez-toc-section-end\"><\/span><\/h2>\n\n\n<div class=\"wp-block-image\">\n<figure class=\"aligncenter size-full\"><img loading=\"lazy\" decoding=\"async\" width=\"300\" height=\"300\" data-attachment-id=\"2993\" data-permalink=\"https:\/\/blogaudioteka.wpcomstaging.com\/najlepsze-audiobooki-biograficzne-historie-ktore-zmieniaja-zycie\/steve-jobs-original\" data-orig-file=\"https:\/\/blogaudioteka.wpcomstaging.com\/wp-content\/uploads\/2025\/05\/steve-jobs-original.avif\" data-orig-size=\"300,300\" data-comments-opened=\"0\" data-image-meta=\"{&quot;aperture&quot;:&quot;0&quot;,&quot;credit&quot;:&quot;&quot;,&quot;camera&quot;:&quot;&quot;,&quot;caption&quot;:&quot;&quot;,&quot;created_timestamp&quot;:&quot;0&quot;,&quot;copyright&quot;:&quot;&quot;,&quot;focal_length&quot;:&quot;0&quot;,&quot;iso&quot;:&quot;0&quot;,&quot;shutter_speed&quot;:&quot;0&quot;,&quot;title&quot;:&quot;&quot;,&quot;orientation&quot;:&quot;0&quot;}\" data-image-title=\"steve-jobs-original\" data-image-description=\"\" data-image-caption=\"\" data-large-file=\"https:\/\/blogaudioteka.wpcomstaging.com\/wp-content\/uploads\/2025\/05\/steve-jobs-original.avif\" src=\"https:\/\/blogaudioteka.wpcomstaging.com\/wp-content\/uploads\/2025\/05\/steve-jobs-original.avif\" alt=\"\" class=\"wp-image-2993\" srcset=\"https:\/\/blogaudioteka.wpcomstaging.com\/wp-content\/uploads\/2025\/05\/steve-jobs-original.avif 300w, https:\/\/blogaudioteka.wpcomstaging.com\/wp-content\/uploads\/2025\/05\/steve-jobs-original-150x150.avif 150w, https:\/\/blogaudioteka.wpcomstaging.com\/wp-content\/uploads\/2025\/05\/steve-jobs-original-200x200.avif 200w, https:\/\/blogaudioteka.wpcomstaging.com\/wp-content\/uploads\/2025\/05\/steve-jobs-original-148x148.avif 148w, https:\/\/blogaudioteka.wpcomstaging.com\/wp-content\/uploads\/2025\/05\/steve-jobs-original-296x296.avif 296w\" sizes=\"auto, (max-width: 300px) 100vw, 300px\" \/><\/figure>\n<\/div>\n\n\n<p class=\"wp-block-paragraph\"><strong>\ud83c\udfa7Pos\u0142uchaj: <a href=\"https:\/\/audioteka.com\/pl\/audiobook\/steve-jobs-a274a498\/\" target=\"_blank\" rel=\"noopener\">Steve Jobs &#8211; Audiobook &#8211; Walter Isaacson &#8211; Insignis Media | Audioteka<\/a><\/strong><\/p>\n\n\n\n<p class=\"has-text-align-justify wp-block-paragraph\">Nie ma chyba lepszej biografii legendy technologii ni\u017c ta napisana przez Waltera Isaacsona. Historia Steve&#8217;a Jobsa, tw\u00f3rcy Apple, to opowie\u015b\u0107 o&nbsp;geniuszu, ambicji i&nbsp;bezkompromisowym d\u0105\u017ceniu do doskona\u0142o\u015bci. Audiobook przedstawia pe\u0142ny obraz tej niezwyk\u0142ej postaci \u2013 od lat m\u0142odo\u015bci i&nbsp;fascynacji elektronik\u0105, przez rewolucyjne pomys\u0142y wprowadzane w&nbsp;Apple, a\u017c po osobiste dramaty i&nbsp;chorob\u0119. Isaacson korzysta\u0142 z&nbsp;ponad czterdziestu wywiad\u00f3w z&nbsp;Jobsem oraz rozm\u00f3w z&nbsp;jego wsp\u00f3\u0142pracownikami, rodzin\u0105 i&nbsp;przyjaci\u00f3\u0142mi, dzi\u0119ki czemu uzyska\u0142 niezwykle autentyczny portret wizjonera.<\/p>\n\n\n\n<h2 class=\"wp-block-heading\"><span class=\"ez-toc-section\" id=\"2_%E2%80%9EBecoming_Moja_historia%E2%80%9D_%E2%80%93_Michelle_Obama\"><\/span>2. &#8222;Becoming. Moja historia&#8221; \u2013 Michelle Obama<span class=\"ez-toc-section-end\"><\/span><\/h2>\n\n\n<div class=\"wp-block-image\">\n<figure class=\"aligncenter size-full\"><img loading=\"lazy\" decoding=\"async\" width=\"300\" height=\"300\" data-attachment-id=\"2995\" data-permalink=\"https:\/\/blogaudioteka.wpcomstaging.com\/najlepsze-audiobooki-biograficzne-historie-ktore-zmieniaja-zycie\/becoming-moja-historia-original\" data-orig-file=\"https:\/\/blogaudioteka.wpcomstaging.com\/wp-content\/uploads\/2025\/05\/becoming-moja-historia-original.avif\" data-orig-size=\"300,300\" data-comments-opened=\"0\" data-image-meta=\"{&quot;aperture&quot;:&quot;0&quot;,&quot;credit&quot;:&quot;&quot;,&quot;camera&quot;:&quot;&quot;,&quot;caption&quot;:&quot;&quot;,&quot;created_timestamp&quot;:&quot;0&quot;,&quot;copyright&quot;:&quot;&quot;,&quot;focal_length&quot;:&quot;0&quot;,&quot;iso&quot;:&quot;0&quot;,&quot;shutter_speed&quot;:&quot;0&quot;,&quot;title&quot;:&quot;&quot;,&quot;orientation&quot;:&quot;0&quot;}\" data-image-title=\"becoming-moja-historia-original\" data-image-description=\"\" data-image-caption=\"\" data-large-file=\"https:\/\/blogaudioteka.wpcomstaging.com\/wp-content\/uploads\/2025\/05\/becoming-moja-historia-original.avif\" src=\"https:\/\/blogaudioteka.wpcomstaging.com\/wp-content\/uploads\/2025\/05\/becoming-moja-historia-original.avif\" alt=\"\" class=\"wp-image-2995\" srcset=\"https:\/\/blogaudioteka.wpcomstaging.com\/wp-content\/uploads\/2025\/05\/becoming-moja-historia-original.avif 300w, https:\/\/blogaudioteka.wpcomstaging.com\/wp-content\/uploads\/2025\/05\/becoming-moja-historia-original-150x150.avif 150w, https:\/\/blogaudioteka.wpcomstaging.com\/wp-content\/uploads\/2025\/05\/becoming-moja-historia-original-200x200.avif 200w, https:\/\/blogaudioteka.wpcomstaging.com\/wp-content\/uploads\/2025\/05\/becoming-moja-historia-original-148x148.avif 148w, https:\/\/blogaudioteka.wpcomstaging.com\/wp-content\/uploads\/2025\/05\/becoming-moja-historia-original-296x296.avif 296w\" sizes=\"auto, (max-width: 300px) 100vw, 300px\" \/><\/figure>\n<\/div>\n\n\n<p class=\"wp-block-paragraph\"><strong>\ud83c\udfa7Pos\u0142uchaj: <a href=\"https:\/\/audioteka.com\/pl\/audiobook\/becoming-moja-historia\/\" target=\"_blank\" rel=\"noopener\">Becoming. Moja historia &#8211; Audiobook &#8211; Michelle Obama &#8211; Agora | Audioteka<\/a><\/strong><\/p>\n\n\n\n<p class=\"has-text-align-justify wp-block-paragraph\">By\u0142a pierwsza dama Stan\u00f3w Zjednoczonych otwarcie opowiada o&nbsp;swoim \u017cyciu, wyzwaniach i&nbsp;roli, jak\u0105 odegra\u0142a w&nbsp;historii Ameryki. Michelle Obama dzieli si\u0119 wspomnieniami z&nbsp;dzieci\u0144stwa, lat studenckich oraz pocz\u0105tk\u00f3w swojej kariery prawniczej. Opowiada tak\u017ce o&nbsp;mi\u0142o\u015bci do Baracka Obamy i&nbsp;trudno\u015bciach, z&nbsp;jakimi przysz\u0142o im si\u0119 mierzy\u0107 podczas jego prezydentury. Wersja audio, czytana przez sam\u0105 Michelle, sprawia, \u017ce historia ta nabiera niezwyk\u0142ej osobistej intymno\u015bci i&nbsp;inspiruje do walki o&nbsp;w\u0142asne marzenia.<\/p>\n\n\n\n<h2 class=\"wp-block-heading\"><span class=\"ez-toc-section\" id=\"3_%E2%80%9EElon_Musk%E2%80%9D_%E2%80%93_Ashlee_Vance\"><\/span>3. &#8222;Elon Musk&#8221; \u2013 Ashlee Vance<span class=\"ez-toc-section-end\"><\/span><\/h2>\n\n\n<div class=\"wp-block-image\">\n<figure class=\"aligncenter size-full\"><img loading=\"lazy\" decoding=\"async\" width=\"300\" height=\"300\" data-attachment-id=\"2997\" data-permalink=\"https:\/\/blogaudioteka.wpcomstaging.com\/najlepsze-audiobooki-biograficzne-historie-ktore-zmieniaja-zycie\/elon-musk-insignis-original\" data-orig-file=\"https:\/\/blogaudioteka.wpcomstaging.com\/wp-content\/uploads\/2025\/05\/elon-musk-insignis-original.avif\" data-orig-size=\"300,300\" data-comments-opened=\"0\" data-image-meta=\"{&quot;aperture&quot;:&quot;0&quot;,&quot;credit&quot;:&quot;&quot;,&quot;camera&quot;:&quot;&quot;,&quot;caption&quot;:&quot;&quot;,&quot;created_timestamp&quot;:&quot;0&quot;,&quot;copyright&quot;:&quot;&quot;,&quot;focal_length&quot;:&quot;0&quot;,&quot;iso&quot;:&quot;0&quot;,&quot;shutter_speed&quot;:&quot;0&quot;,&quot;title&quot;:&quot;&quot;,&quot;orientation&quot;:&quot;0&quot;}\" data-image-title=\"elon-musk-insignis-original\" data-image-description=\"\" data-image-caption=\"\" data-large-file=\"https:\/\/blogaudioteka.wpcomstaging.com\/wp-content\/uploads\/2025\/05\/elon-musk-insignis-original.avif\" src=\"https:\/\/blogaudioteka.wpcomstaging.com\/wp-content\/uploads\/2025\/05\/elon-musk-insignis-original.avif\" alt=\"\" class=\"wp-image-2997\" srcset=\"https:\/\/blogaudioteka.wpcomstaging.com\/wp-content\/uploads\/2025\/05\/elon-musk-insignis-original.avif 300w, https:\/\/blogaudioteka.wpcomstaging.com\/wp-content\/uploads\/2025\/05\/elon-musk-insignis-original-150x150.avif 150w, https:\/\/blogaudioteka.wpcomstaging.com\/wp-content\/uploads\/2025\/05\/elon-musk-insignis-original-200x200.avif 200w, https:\/\/blogaudioteka.wpcomstaging.com\/wp-content\/uploads\/2025\/05\/elon-musk-insignis-original-148x148.avif 148w, https:\/\/blogaudioteka.wpcomstaging.com\/wp-content\/uploads\/2025\/05\/elon-musk-insignis-original-296x296.avif 296w\" sizes=\"auto, (max-width: 300px) 100vw, 300px\" \/><\/figure>\n<\/div>\n\n\n<p class=\"wp-block-paragraph\">\ud83c\udfa7<strong>Pos\u0142uchaj: <a href=\"https:\/\/audioteka.com\/pl\/audiobook\/elon-musk-insignis\/\" target=\"_blank\" rel=\"noopener\">Elon Musk &#8211; Audiobook &#8211; Walter Isaacson &#8211; Insignis Media | Audioteka<\/a><\/strong><\/p>\n\n\n\n<p class=\"has-text-align-justify wp-block-paragraph\">Wizjoner, ekscentryk, innowator \u2013 Elon Musk to jedna z&nbsp;najbardziej intryguj\u0105cych postaci naszych czas\u00f3w. Biografia napisana przez Ashlee Vance&#8217;a ods\u0142ania kulisy jego \u017cycia i&nbsp;pracy nad Tesl\u0105, SpaceX i&nbsp;innymi projektami zmieniaj\u0105cymi \u015bwiat. Autor przedstawia Muska jako osob\u0119 skrajnie wymagaj\u0105c\u0105, kt\u00f3ra po\u015bwi\u0119ci\u0142a \u017cycie dla swoich innowacyjnych przedsi\u0119wzi\u0119\u0107. Audiobook to fascynuj\u0105ca opowie\u015b\u0107 o&nbsp;determinacji, ryzyku i&nbsp;odwadze.<\/p>\n\n\n\n<h2 class=\"wp-block-heading\"><span class=\"ez-toc-section\" id=\"4_%E2%80%9EJa_Ibra%E2%80%9D_%E2%80%93_Zlatan_Ibrahimovic_David_Lagercrantz\"><\/span>4. &#8222;Ja, Ibra&#8221; \u2013 Zlatan Ibrahimovi\u0107, David Lagercrantz<span class=\"ez-toc-section-end\"><\/span><\/h2>\n\n\n<div class=\"wp-block-image\">\n<figure class=\"aligncenter size-full\"><img data-recalc-dims=\"1\" loading=\"lazy\" decoding=\"async\" width=\"300\" height=\"300\" data-attachment-id=\"2999\" data-permalink=\"https:\/\/blogaudioteka.wpcomstaging.com\/najlepsze-audiobooki-biograficzne-historie-ktore-zmieniaja-zycie\/image-30\" data-orig-file=\"https:\/\/i0.wp.com\/blogaudioteka.wpcomstaging.com\/wp-content\/uploads\/2025\/05\/image.png?fit=300%2C300&amp;ssl=1\" data-orig-size=\"300,300\" data-comments-opened=\"0\" data-image-meta=\"{&quot;aperture&quot;:&quot;0&quot;,&quot;credit&quot;:&quot;&quot;,&quot;camera&quot;:&quot;&quot;,&quot;caption&quot;:&quot;&quot;,&quot;created_timestamp&quot;:&quot;0&quot;,&quot;copyright&quot;:&quot;&quot;,&quot;focal_length&quot;:&quot;0&quot;,&quot;iso&quot;:&quot;0&quot;,&quot;shutter_speed&quot;:&quot;0&quot;,&quot;title&quot;:&quot;&quot;,&quot;orientation&quot;:&quot;0&quot;}\" data-image-title=\"image\" data-image-description=\"\" data-image-caption=\"\" data-large-file=\"https:\/\/i0.wp.com\/blogaudioteka.wpcomstaging.com\/wp-content\/uploads\/2025\/05\/image.png?fit=300%2C300&amp;ssl=1\" src=\"https:\/\/i0.wp.com\/blogaudioteka.wpcomstaging.com\/wp-content\/uploads\/2025\/05\/image.png?resize=300%2C300&#038;ssl=1\" alt=\"\" class=\"wp-image-2999\" srcset=\"https:\/\/i0.wp.com\/blogaudioteka.wpcomstaging.com\/wp-content\/uploads\/2025\/05\/image.png?w=300&amp;ssl=1 300w, https:\/\/i0.wp.com\/blogaudioteka.wpcomstaging.com\/wp-content\/uploads\/2025\/05\/image.png?resize=150%2C150&amp;ssl=1 150w, https:\/\/i0.wp.com\/blogaudioteka.wpcomstaging.com\/wp-content\/uploads\/2025\/05\/image.png?resize=200%2C200&amp;ssl=1 200w, https:\/\/i0.wp.com\/blogaudioteka.wpcomstaging.com\/wp-content\/uploads\/2025\/05\/image.png?resize=148%2C148&amp;ssl=1 148w, https:\/\/i0.wp.com\/blogaudioteka.wpcomstaging.com\/wp-content\/uploads\/2025\/05\/image.png?resize=296%2C296&amp;ssl=1 296w\" sizes=\"auto, (max-width: 300px) 100vw, 300px\" \/><\/figure>\n<\/div>\n\n\n<p class=\"wp-block-paragraph\"><strong>\ud83c\udfa7Pos\u0142uchaj: <a href=\"https:\/\/audioteka.com\/pl\/audiobook\/ja-ibra-moja-historia\/\" target=\"_blank\" rel=\"noopener\">Ja, Ibra. Moja historia. &#8211; Audiobook &#8211; David Lagercrantz, Zlatan Ibrahimovi\u0107 &#8211; Sine Qua Non | Audioteka<\/a><\/strong><\/p>\n\n\n\n<p class=\"has-text-align-justify wp-block-paragraph\">Zlatan Ibrahimovi\u0107 to jedna z&nbsp;najbardziej kontrowersyjnych i&nbsp;charyzmatycznych postaci w&nbsp;\u015bwiecie pi\u0142ki no\u017cnej. Jego autobiografia to nie tylko historia pi\u0142karza, ale tak\u017ce opowie\u015b\u0107 o&nbsp;pokonywaniu przeciwno\u015bci losu i&nbsp;budowaniu legendy. Audiobook dostarcza niezwyk\u0142ych emocji \u2013 od dramatycznych moment\u00f3w z&nbsp;dzieci\u0144stwa sp\u0119dzonego w&nbsp;trudnych warunkach po triumfy na boisku i&nbsp;starcia z&nbsp;mened\u017cerami. To szczera, brutalna i&nbsp;zarazem inspiruj\u0105ca historia.<\/p>\n\n\n\n<h2 class=\"wp-block-heading\"><span class=\"ez-toc-section\" id=\"5_%E2%80%9ELeonardo_da_Vinci%E2%80%9D_%E2%80%93_Walter_Isaacson\"><\/span>5. &#8222;Leonardo da Vinci&#8221; \u2013 Walter Isaacson<span class=\"ez-toc-section-end\"><\/span><\/h2>\n\n\n<div class=\"wp-block-image\">\n<figure class=\"aligncenter size-full\"><img loading=\"lazy\" decoding=\"async\" width=\"300\" height=\"300\" data-attachment-id=\"3001\" data-permalink=\"https:\/\/blogaudioteka.wpcomstaging.com\/najlepsze-audiobooki-biograficzne-historie-ktore-zmieniaja-zycie\/leonardo-da-vinci-original\" data-orig-file=\"https:\/\/blogaudioteka.wpcomstaging.com\/wp-content\/uploads\/2025\/05\/leonardo-da-vinci-original.avif\" data-orig-size=\"300,300\" data-comments-opened=\"0\" data-image-meta=\"{&quot;aperture&quot;:&quot;0&quot;,&quot;credit&quot;:&quot;&quot;,&quot;camera&quot;:&quot;&quot;,&quot;caption&quot;:&quot;&quot;,&quot;created_timestamp&quot;:&quot;0&quot;,&quot;copyright&quot;:&quot;&quot;,&quot;focal_length&quot;:&quot;0&quot;,&quot;iso&quot;:&quot;0&quot;,&quot;shutter_speed&quot;:&quot;0&quot;,&quot;title&quot;:&quot;&quot;,&quot;orientation&quot;:&quot;0&quot;}\" data-image-title=\"leonardo-da-vinci-original\" data-image-description=\"\" data-image-caption=\"\" data-large-file=\"https:\/\/blogaudioteka.wpcomstaging.com\/wp-content\/uploads\/2025\/05\/leonardo-da-vinci-original.avif\" src=\"https:\/\/blogaudioteka.wpcomstaging.com\/wp-content\/uploads\/2025\/05\/leonardo-da-vinci-original.avif\" alt=\"\" class=\"wp-image-3001\" srcset=\"https:\/\/blogaudioteka.wpcomstaging.com\/wp-content\/uploads\/2025\/05\/leonardo-da-vinci-original.avif 300w, https:\/\/blogaudioteka.wpcomstaging.com\/wp-content\/uploads\/2025\/05\/leonardo-da-vinci-original-150x150.avif 150w, https:\/\/blogaudioteka.wpcomstaging.com\/wp-content\/uploads\/2025\/05\/leonardo-da-vinci-original-200x200.avif 200w, https:\/\/blogaudioteka.wpcomstaging.com\/wp-content\/uploads\/2025\/05\/leonardo-da-vinci-original-148x148.avif 148w, https:\/\/blogaudioteka.wpcomstaging.com\/wp-content\/uploads\/2025\/05\/leonardo-da-vinci-original-296x296.avif 296w\" sizes=\"auto, (max-width: 300px) 100vw, 300px\" \/><\/figure>\n<\/div>\n\n\n<p class=\"wp-block-paragraph\">\ud83c\udfa7<strong>Pos\u0142uchaj: <a href=\"https:\/\/audioteka.com\/pl\/audiobook\/leonardo-da-vinci-1ba43614\/\" target=\"_blank\" rel=\"noopener\">Leonardo da Vinci &#8211; Audiobook &#8211; Walter Isaacson &#8211; Insignis Media | Audioteka<\/a><\/strong><\/p>\n\n\n\n<p class=\"has-text-align-justify wp-block-paragraph\">Isaacson po raz kolejny udowadnia, \u017ce jest mistrzem biografii. Tym razem zag\u0142\u0119bia si\u0119 w&nbsp;\u017cycie jednego z&nbsp;najwi\u0119kszych geniuszy wszech czas\u00f3w \u2013 Leonardo da Vinci. Historia renesansowego mistrza, jego pasji do nauki, sztuki i&nbsp;technologii to fascynuj\u0105ca podr\u00f3\u017c przez epok\u0119 i&nbsp;umys\u0142 geniusza. Audiobook ukazuje Leonarda nie tylko jako artyst\u0119, ale r\u00f3wnie\u017c jako cz\u0142owieka g\u0142odnego wiedzy, kt\u00f3ry nieustannie zadawa\u0142 pytania i&nbsp;eksplorowa\u0142 nowe dziedziny.<\/p>\n\n\n\n<h2 class=\"wp-block-heading\"><span class=\"ez-toc-section\" id=\"6_%E2%80%9EMark_Zuckerberg_Kim_jest_tworca_Facebooka%E2%80%9D_%E2%80%93_Ewa_Szach_Kinga_Soltysiak_Renata_Pawlak\"><\/span>6. &#8222;Mark Zuckerberg. Kim jest tw\u00f3rca Facebooka?&#8221; &#8211; Ewa Szach, Kinga So\u0142tysiak, Renata Pawlak<span class=\"ez-toc-section-end\"><\/span><\/h2>\n\n\n<div class=\"wp-block-image\">\n<figure class=\"aligncenter size-full\"><img loading=\"lazy\" decoding=\"async\" width=\"300\" height=\"300\" data-attachment-id=\"3003\" data-permalink=\"https:\/\/blogaudioteka.wpcomstaging.com\/najlepsze-audiobooki-biograficzne-historie-ktore-zmieniaja-zycie\/mark-zuckerberg-kim-jest-tworca-facebooka-original\" data-orig-file=\"https:\/\/blogaudioteka.wpcomstaging.com\/wp-content\/uploads\/2025\/05\/mark-zuckerberg-kim-jest-tworca-facebooka-original.avif\" data-orig-size=\"300,300\" data-comments-opened=\"0\" data-image-meta=\"{&quot;aperture&quot;:&quot;0&quot;,&quot;credit&quot;:&quot;&quot;,&quot;camera&quot;:&quot;&quot;,&quot;caption&quot;:&quot;&quot;,&quot;created_timestamp&quot;:&quot;0&quot;,&quot;copyright&quot;:&quot;&quot;,&quot;focal_length&quot;:&quot;0&quot;,&quot;iso&quot;:&quot;0&quot;,&quot;shutter_speed&quot;:&quot;0&quot;,&quot;title&quot;:&quot;&quot;,&quot;orientation&quot;:&quot;0&quot;}\" data-image-title=\"mark-zuckerberg-kim-jest-tworca-facebooka-original\" data-image-description=\"\" data-image-caption=\"\" data-large-file=\"https:\/\/blogaudioteka.wpcomstaging.com\/wp-content\/uploads\/2025\/05\/mark-zuckerberg-kim-jest-tworca-facebooka-original.avif\" src=\"https:\/\/blogaudioteka.wpcomstaging.com\/wp-content\/uploads\/2025\/05\/mark-zuckerberg-kim-jest-tworca-facebooka-original.avif\" alt=\"\" class=\"wp-image-3003\" srcset=\"https:\/\/blogaudioteka.wpcomstaging.com\/wp-content\/uploads\/2025\/05\/mark-zuckerberg-kim-jest-tworca-facebooka-original.avif 300w, https:\/\/blogaudioteka.wpcomstaging.com\/wp-content\/uploads\/2025\/05\/mark-zuckerberg-kim-jest-tworca-facebooka-original-150x150.avif 150w, https:\/\/blogaudioteka.wpcomstaging.com\/wp-content\/uploads\/2025\/05\/mark-zuckerberg-kim-jest-tworca-facebooka-original-200x200.avif 200w, https:\/\/blogaudioteka.wpcomstaging.com\/wp-content\/uploads\/2025\/05\/mark-zuckerberg-kim-jest-tworca-facebooka-original-148x148.avif 148w, https:\/\/blogaudioteka.wpcomstaging.com\/wp-content\/uploads\/2025\/05\/mark-zuckerberg-kim-jest-tworca-facebooka-original-296x296.avif 296w\" sizes=\"auto, (max-width: 300px) 100vw, 300px\" \/><\/figure>\n<\/div>\n\n\n<p class=\"wp-block-paragraph\"><strong>\ud83c\udfa7Pos\u0142uchaj: <a href=\"https:\/\/audioteka.com\/pl\/audiobook\/mark-zuckerberg-kim-jest-tworca-facebooka\/\" target=\"_blank\" rel=\"noopener\">Mark Zuckerberg. Kim jest tw\u00f3rca Facebooka? &#8211; Audiobook &#8211; Ewa Szach, Kinga So\u0142tysiak, Renata Pawlak &#8211; Wydawnictwo \u0141ukasz Tomys Publishing | Audioteka<\/a><\/strong><\/p>\n\n\n\n<p class=\"has-text-align-justify wp-block-paragraph\">Mark Zuckerberg to cz\u0142owiek, kt\u00f3ry zmieni\u0142 spos\u00f3b, w&nbsp;jaki ludzie na ca\u0142ym \u015bwiecie komunikuj\u0105 si\u0119 ze sob\u0105. Audiobook ten przedstawia histori\u0119 m\u0142odego programisty, kt\u00f3ry na studiach w&nbsp;Harvardzie stworzy\u0142 projekt, kt\u00f3ry mia\u0142 pocz\u0105tkowo u\u0142atwia\u0107 kontakty studentom, a&nbsp;przerodzi\u0142 si\u0119 w&nbsp;globalne imperium medialne. Biografia ta nie tylko ukazuje jego determinacj\u0119 i&nbsp;wizj\u0119, ale tak\u017ce analizuje kontrowersje zwi\u0105zane z&nbsp;Facebookiem, jego wp\u0142yw na polityk\u0119, prywatno\u015b\u0107 u\u017cytkownik\u00f3w oraz wsp\u00f3\u0142czesne spo\u0142ecze\u0144stwo. Biografia Marka Zuckerberga, za\u0142o\u017cyciela Facebooka, to historia m\u0142odego programisty, kt\u00f3ry zmieni\u0142 spos\u00f3b, w&nbsp;jaki ludzie komunikuj\u0105 si\u0119 na ca\u0142ym \u015bwiecie. Audiobook ukazuje jego drog\u0119 od skromnych pocz\u0105tk\u00f3w na Harvardzie po stworzenie jednej z&nbsp;najpot\u0119\u017cniejszych firm technologicznych. To tak\u017ce opowie\u015b\u0107 o&nbsp;wyzwaniach zwi\u0105zanych z&nbsp;globalnym wp\u0142ywem medi\u00f3w spo\u0142eczno\u015bciowych.<\/p>\n\n\n\n<h2 class=\"wp-block-heading\"><span class=\"ez-toc-section\" id=\"7_%E2%80%9EMaradona_Reka_Boga%E2%80%9D_%E2%80%93_Jimmy_Burns\"><\/span>7. &#8222;Maradona. R\u0119ka Boga&#8221; &#8211; Jimmy Burns<span class=\"ez-toc-section-end\"><\/span><\/h2>\n\n\n<div class=\"wp-block-image\">\n<figure class=\"aligncenter size-full\"><img loading=\"lazy\" decoding=\"async\" width=\"300\" height=\"300\" data-attachment-id=\"3011\" data-permalink=\"https:\/\/blogaudioteka.wpcomstaging.com\/najlepsze-audiobooki-biograficzne-historie-ktore-zmieniaja-zycie\/maradona-reka-boga-original\" data-orig-file=\"https:\/\/blogaudioteka.wpcomstaging.com\/wp-content\/uploads\/2025\/05\/maradona-reka-boga-original.avif\" data-orig-size=\"300,300\" data-comments-opened=\"0\" data-image-meta=\"{&quot;aperture&quot;:&quot;0&quot;,&quot;credit&quot;:&quot;&quot;,&quot;camera&quot;:&quot;&quot;,&quot;caption&quot;:&quot;&quot;,&quot;created_timestamp&quot;:&quot;0&quot;,&quot;copyright&quot;:&quot;&quot;,&quot;focal_length&quot;:&quot;0&quot;,&quot;iso&quot;:&quot;0&quot;,&quot;shutter_speed&quot;:&quot;0&quot;,&quot;title&quot;:&quot;&quot;,&quot;orientation&quot;:&quot;0&quot;}\" data-image-title=\"maradona-reka-boga-original\" data-image-description=\"\" data-image-caption=\"\" data-large-file=\"https:\/\/blogaudioteka.wpcomstaging.com\/wp-content\/uploads\/2025\/05\/maradona-reka-boga-original.avif\" src=\"https:\/\/blogaudioteka.wpcomstaging.com\/wp-content\/uploads\/2025\/05\/maradona-reka-boga-original.avif\" alt=\"\" class=\"wp-image-3011\" srcset=\"https:\/\/blogaudioteka.wpcomstaging.com\/wp-content\/uploads\/2025\/05\/maradona-reka-boga-original.avif 300w, https:\/\/blogaudioteka.wpcomstaging.com\/wp-content\/uploads\/2025\/05\/maradona-reka-boga-original-150x150.avif 150w, https:\/\/blogaudioteka.wpcomstaging.com\/wp-content\/uploads\/2025\/05\/maradona-reka-boga-original-200x200.avif 200w, https:\/\/blogaudioteka.wpcomstaging.com\/wp-content\/uploads\/2025\/05\/maradona-reka-boga-original-148x148.avif 148w, https:\/\/blogaudioteka.wpcomstaging.com\/wp-content\/uploads\/2025\/05\/maradona-reka-boga-original-296x296.avif 296w\" sizes=\"auto, (max-width: 300px) 100vw, 300px\" \/><\/figure>\n<\/div>\n\n\n<p class=\"wp-block-paragraph\">\ud83c\udfa7Pos\u0142uchaj: <a href=\"https:\/\/audioteka.com\/pl\/audiobook\/maradona-reka-boga\/\" target=\"_blank\" rel=\"noopener\">Maradona. R\u0119ka Boga &#8211; Audiobook &#8211; Jimmy Burns &#8211; Wydawnictwo Albatros | Audioteka<\/a><\/p>\n\n\n\n<p class=\"has-text-align-justify wp-block-paragraph\">Diego Maradona to legenda futbolu, kt\u00f3ra wzbudza\u0142a skrajne emocje \u2013 od uwielbienia po kontrowersje. Audiobook ten to opowie\u015b\u0107 o&nbsp;genialnym pi\u0142karzu, kt\u00f3rego talent podziwia\u0142 ca\u0142y \u015bwiat. \u015aledzimy jego drog\u0119 od dzieci\u0144stwa w&nbsp;biednych dzielnicach Buenos Aires, przez triumf na Mistrzostwach \u015awiata w&nbsp;1986 roku, a\u017c po jego upadki zwi\u0105zane z&nbsp;uzale\u017cnieniem i&nbsp;problemami osobistymi. To biografia pe\u0142na pasji, charyzmy i&nbsp;dramatyzmu \u2013 idealna dla fan\u00f3w sportu i&nbsp;niezwyk\u0142ych historii. Diego Maradona to jedna z&nbsp;najbardziej barwnych i&nbsp;kontrowersyjnych postaci w&nbsp;historii pi\u0142ki no\u017cnej. Audiobook przedstawia jego niesamowit\u0105 karier\u0119 \u2013 od skromnych pocz\u0105tk\u00f3w w&nbsp;Argentynie, przez triumfy na Mistrzostwach \u015awiata, a\u017c po burzliwe \u017cycie prywatne i&nbsp;problemy z&nbsp;uzale\u017cnieniami. To historia geniusza, kt\u00f3ry wp\u0142yn\u0105\u0142 na histori\u0119 futbolu jak ma\u0142o kto.<\/p>\n\n\n\n<h2 class=\"wp-block-heading\"><span class=\"ez-toc-section\" id=\"8_%E2%80%9EOpen_Autobiografia_tenisisty%E2%80%9D_%E2%80%93_Andre_Agassi\"><\/span>8. &#8222;Open. Autobiografia tenisisty&#8221; \u2013 Andre Agassi<span class=\"ez-toc-section-end\"><\/span><\/h2>\n\n\n<div class=\"wp-block-image\">\n<figure class=\"aligncenter size-full\"><img loading=\"lazy\" decoding=\"async\" width=\"300\" height=\"300\" data-attachment-id=\"3010\" data-permalink=\"https:\/\/blogaudioteka.wpcomstaging.com\/najlepsze-audiobooki-biograficzne-historie-ktore-zmieniaja-zycie\/open-autobiografia-tenisisty-original\" data-orig-file=\"https:\/\/blogaudioteka.wpcomstaging.com\/wp-content\/uploads\/2025\/05\/open-autobiografia-tenisisty-original.avif\" data-orig-size=\"300,300\" data-comments-opened=\"0\" data-image-meta=\"{&quot;aperture&quot;:&quot;0&quot;,&quot;credit&quot;:&quot;&quot;,&quot;camera&quot;:&quot;&quot;,&quot;caption&quot;:&quot;&quot;,&quot;created_timestamp&quot;:&quot;0&quot;,&quot;copyright&quot;:&quot;&quot;,&quot;focal_length&quot;:&quot;0&quot;,&quot;iso&quot;:&quot;0&quot;,&quot;shutter_speed&quot;:&quot;0&quot;,&quot;title&quot;:&quot;&quot;,&quot;orientation&quot;:&quot;0&quot;}\" data-image-title=\"open-autobiografia-tenisisty-original\" data-image-description=\"\" data-image-caption=\"\" data-large-file=\"https:\/\/blogaudioteka.wpcomstaging.com\/wp-content\/uploads\/2025\/05\/open-autobiografia-tenisisty-original.avif\" src=\"https:\/\/blogaudioteka.wpcomstaging.com\/wp-content\/uploads\/2025\/05\/open-autobiografia-tenisisty-original.avif\" alt=\"\" class=\"wp-image-3010\" srcset=\"https:\/\/blogaudioteka.wpcomstaging.com\/wp-content\/uploads\/2025\/05\/open-autobiografia-tenisisty-original.avif 300w, https:\/\/blogaudioteka.wpcomstaging.com\/wp-content\/uploads\/2025\/05\/open-autobiografia-tenisisty-original-150x150.avif 150w, https:\/\/blogaudioteka.wpcomstaging.com\/wp-content\/uploads\/2025\/05\/open-autobiografia-tenisisty-original-200x200.avif 200w, https:\/\/blogaudioteka.wpcomstaging.com\/wp-content\/uploads\/2025\/05\/open-autobiografia-tenisisty-original-148x148.avif 148w, https:\/\/blogaudioteka.wpcomstaging.com\/wp-content\/uploads\/2025\/05\/open-autobiografia-tenisisty-original-296x296.avif 296w\" sizes=\"auto, (max-width: 300px) 100vw, 300px\" \/><\/figure>\n<\/div>\n\n\n<p class=\"wp-block-paragraph\"><strong>\ud83c\udfa7Pos\u0142uchaj: <a href=\"https:\/\/audioteka.com\/pl\/audiobook\/open-autobiografia-tenisisty\/\" target=\"_blank\" rel=\"noopener\">Open. Autobiografia tenisisty &#8211; Audiobook &#8211; Andre Agassi &#8211; Bukowy Las | Audioteka<\/a><\/strong><\/p>\n\n\n\n<p class=\"has-text-align-justify wp-block-paragraph\">Jedna z&nbsp;najbardziej szczerych autobiografii sportowych. Andre Agassi w&nbsp;niezwykle otwarty spos\u00f3b opisuje swoje trudne dzieci\u0144stwo, kiedy ojciec zmusza\u0142 go do trening\u00f3w, oraz jego burzliw\u0105 karier\u0119 tenisow\u0105. Audiobook ukazuje zar\u00f3wno blaski, jak i&nbsp;cienie bycia zawodowym sportowcem \u2013 presj\u0119, samotno\u015b\u0107, ale tak\u017ce momenty triumfu. To historia cz\u0142owieka, kt\u00f3ry przez lata walczy\u0142 nie tylko na korcie, ale r\u00f3wnie\u017c ze sob\u0105 samym, by odnale\u017a\u0107 prawdziwe szcz\u0119\u015bcie i&nbsp;spe\u0142nienie. Jedna z&nbsp;najlepszych autobiografii sportowych, w&nbsp;kt\u00f3rej Andre Agassi w&nbsp;szczery spos\u00f3b opisuje swoje \u017cycie i&nbsp;karier\u0119. Opowiada o&nbsp;trudach dorastania w&nbsp;cieniu surowego ojca, presji bycia numerem jeden na \u015bwiecie oraz walce z&nbsp;w\u0142asnymi demonami. Audiobook to przejmuj\u0105ca opowie\u015b\u0107 o&nbsp;pasji, cierpieniu i&nbsp;mi\u0142o\u015bci do tenisa.<\/p>\n\n\n\n<h2 class=\"wp-block-heading\"><span class=\"ez-toc-section\" id=\"9_%E2%80%9ENikola_Tesla_Moje_zycie_i_wynalazki%E2%80%9D_%E2%80%93_Nikola_Tesla\"><\/span>9. &#8222;Nikola Tesla. Moje \u017cycie i&nbsp;wynalazki&#8221; &#8211; Nikola Tesla<span class=\"ez-toc-section-end\"><\/span><\/h2>\n\n\n<div class=\"wp-block-image\">\n<figure class=\"aligncenter size-full\"><img loading=\"lazy\" decoding=\"async\" width=\"300\" height=\"300\" data-attachment-id=\"3008\" data-permalink=\"https:\/\/blogaudioteka.wpcomstaging.com\/najlepsze-audiobooki-biograficzne-historie-ktore-zmieniaja-zycie\/nikola-tesla-moje-zycie-i-wynalazki-original\" data-orig-file=\"https:\/\/blogaudioteka.wpcomstaging.com\/wp-content\/uploads\/2025\/05\/nikola-tesla-moje-zycie-i-wynalazki-original.avif\" data-orig-size=\"300,300\" data-comments-opened=\"0\" data-image-meta=\"{&quot;aperture&quot;:&quot;0&quot;,&quot;credit&quot;:&quot;&quot;,&quot;camera&quot;:&quot;&quot;,&quot;caption&quot;:&quot;&quot;,&quot;created_timestamp&quot;:&quot;0&quot;,&quot;copyright&quot;:&quot;&quot;,&quot;focal_length&quot;:&quot;0&quot;,&quot;iso&quot;:&quot;0&quot;,&quot;shutter_speed&quot;:&quot;0&quot;,&quot;title&quot;:&quot;&quot;,&quot;orientation&quot;:&quot;0&quot;}\" data-image-title=\"nikola-tesla-moje-zycie-i-wynalazki-original\" data-image-description=\"\" data-image-caption=\"\" data-large-file=\"https:\/\/blogaudioteka.wpcomstaging.com\/wp-content\/uploads\/2025\/05\/nikola-tesla-moje-zycie-i-wynalazki-original.avif\" src=\"https:\/\/blogaudioteka.wpcomstaging.com\/wp-content\/uploads\/2025\/05\/nikola-tesla-moje-zycie-i-wynalazki-original.avif\" alt=\"\" class=\"wp-image-3008\" srcset=\"https:\/\/blogaudioteka.wpcomstaging.com\/wp-content\/uploads\/2025\/05\/nikola-tesla-moje-zycie-i-wynalazki-original.avif 300w, https:\/\/blogaudioteka.wpcomstaging.com\/wp-content\/uploads\/2025\/05\/nikola-tesla-moje-zycie-i-wynalazki-original-150x150.avif 150w, https:\/\/blogaudioteka.wpcomstaging.com\/wp-content\/uploads\/2025\/05\/nikola-tesla-moje-zycie-i-wynalazki-original-200x200.avif 200w, https:\/\/blogaudioteka.wpcomstaging.com\/wp-content\/uploads\/2025\/05\/nikola-tesla-moje-zycie-i-wynalazki-original-148x148.avif 148w, https:\/\/blogaudioteka.wpcomstaging.com\/wp-content\/uploads\/2025\/05\/nikola-tesla-moje-zycie-i-wynalazki-original-296x296.avif 296w\" sizes=\"auto, (max-width: 300px) 100vw, 300px\" \/><\/figure>\n<\/div>\n\n\n<p class=\"has-text-align-justify wp-block-paragraph\"><strong>\ud83c\udfa7Pos\u0142uchaj:  <a href=\"https:\/\/audioteka.com\/pl\/audiobook\/nikola-tesla-moje-zycie-i-wynalazki\/\" target=\"_blank\" rel=\"noopener\">Nikola Tesla. Moje \u017cycie i&nbsp;wynalazki &#8211; Audiobook &#8211; Nikola Tesla &#8211; \u0141ukasz Tomys Publishing | Audioteka<\/a><\/strong><\/p>\n\n\n\n<p class=\"has-text-align-justify wp-block-paragraph\">Nikola Tesla by\u0142 jednym z&nbsp;najwi\u0119kszych wizjoner\u00f3w w&nbsp;historii nauki, a&nbsp;jego autobiografia pozwala zajrze\u0107 w&nbsp;umys\u0142 cz\u0142owieka, kt\u00f3ry wyprzedza\u0142 swoje czasy. Audiobook ten to pasjonuj\u0105ca podr\u00f3\u017c przez \u017cycie wynalazcy \u2013 od dzieci\u0144stwa w&nbsp;Serbii, przez rywalizacj\u0119 z&nbsp;Thomasem Edisonem, a\u017c po jego rewolucyjne odkrycia, kt\u00f3re ukszta\u0142towa\u0142y wsp\u00f3\u0142czesny \u015bwiat. To historia geniusza, kt\u00f3ry nigdy nie zosta\u0142 w&nbsp;pe\u0142ni doceniony za \u017cycia, ale jego wynalazki zmieni\u0142y przysz\u0142o\u015b\u0107 technologii. Nikola Tesla by\u0142 jednym z&nbsp;najwi\u0119kszych wynalazc\u00f3w w&nbsp;historii, a&nbsp;jego autobiografia pozwala spojrze\u0107 na jego \u017cycie oczami samego geniusza. Audiobook opisuje jego dzieci\u0144stwo, edukacj\u0119, walk\u0119 z&nbsp;Edisonem oraz rewolucyjne wynalazki, kt\u00f3re zmieni\u0142y \u015bwiat. To fascynuj\u0105ca podr\u00f3\u017c w&nbsp;umys\u0142 wizjonera, kt\u00f3ry wyprzedza\u0142 swoje czasy.<\/p>\n\n\n\n<h2 class=\"wp-block-heading\"><span class=\"ez-toc-section\" id=\"10_%E2%80%9EWszechmocny_Amazon_Jeff_Bezos_i_jego_globalne_imperium%E2%80%9D_%E2%80%93_Brad_Stone\"><\/span>10. &#8222;Wszechmocny Amazon. Jeff Bezos i&nbsp;jego globalne imperium&#8221; &#8211; Brad Stone<span class=\"ez-toc-section-end\"><\/span><\/h2>\n\n\n<div class=\"wp-block-image\">\n<figure class=\"aligncenter size-full\"><img loading=\"lazy\" decoding=\"async\" width=\"300\" height=\"300\" data-attachment-id=\"3006\" data-permalink=\"https:\/\/blogaudioteka.wpcomstaging.com\/najlepsze-audiobooki-biograficzne-historie-ktore-zmieniaja-zycie\/wszechmocny-amazon-original\" data-orig-file=\"https:\/\/blogaudioteka.wpcomstaging.com\/wp-content\/uploads\/2025\/05\/wszechmocny-amazon-original.avif\" data-orig-size=\"300,300\" data-comments-opened=\"0\" data-image-meta=\"{&quot;aperture&quot;:&quot;0&quot;,&quot;credit&quot;:&quot;&quot;,&quot;camera&quot;:&quot;&quot;,&quot;caption&quot;:&quot;&quot;,&quot;created_timestamp&quot;:&quot;0&quot;,&quot;copyright&quot;:&quot;&quot;,&quot;focal_length&quot;:&quot;0&quot;,&quot;iso&quot;:&quot;0&quot;,&quot;shutter_speed&quot;:&quot;0&quot;,&quot;title&quot;:&quot;&quot;,&quot;orientation&quot;:&quot;0&quot;}\" data-image-title=\"wszechmocny-amazon-original\" data-image-description=\"\" data-image-caption=\"\" data-large-file=\"https:\/\/blogaudioteka.wpcomstaging.com\/wp-content\/uploads\/2025\/05\/wszechmocny-amazon-original.avif\" src=\"https:\/\/blogaudioteka.wpcomstaging.com\/wp-content\/uploads\/2025\/05\/wszechmocny-amazon-original.avif\" alt=\"\" class=\"wp-image-3006\" srcset=\"https:\/\/blogaudioteka.wpcomstaging.com\/wp-content\/uploads\/2025\/05\/wszechmocny-amazon-original.avif 300w, https:\/\/blogaudioteka.wpcomstaging.com\/wp-content\/uploads\/2025\/05\/wszechmocny-amazon-original-150x150.avif 150w, https:\/\/blogaudioteka.wpcomstaging.com\/wp-content\/uploads\/2025\/05\/wszechmocny-amazon-original-200x200.avif 200w, https:\/\/blogaudioteka.wpcomstaging.com\/wp-content\/uploads\/2025\/05\/wszechmocny-amazon-original-148x148.avif 148w, https:\/\/blogaudioteka.wpcomstaging.com\/wp-content\/uploads\/2025\/05\/wszechmocny-amazon-original-296x296.avif 296w\" sizes=\"auto, (max-width: 300px) 100vw, 300px\" \/><\/figure>\n<\/div>\n\n\n<p class=\"wp-block-paragraph\"><strong>\ud83c\udfa7Pos\u0142uchaj: <a href=\"https:\/\/audioteka.com\/pl\/audiobook\/wszechmocny-amazon\/\" target=\"_blank\" rel=\"noopener\">Wszechmocny Amazon. Jeff Bezos i&nbsp;jego globalne imperium &#8211; Audiobook &#8211; Brad Stone &#8211; Wydawnictwo Albatros | Audioteka<\/a><\/strong><\/p>\n\n\n\n<p class=\"has-text-align-justify wp-block-paragraph\">Audiobook ten przedstawia niezwyk\u0142\u0105 histori\u0119 Jeffa Bezosa, tw\u00f3rcy Amazona, kt\u00f3ry zrewolucjonizowa\u0142 handel internetowy i&nbsp;zmieni\u0142 spos\u00f3b, w&nbsp;jaki ludzie kupuj\u0105 i&nbsp;sprzedaj\u0105 produkty. To opowie\u015b\u0107 o&nbsp;jego wizji, innowacyjno\u015bci i&nbsp;strategiach biznesowych, kt\u00f3re doprowadzi\u0142y do powstania jednej z&nbsp;najwi\u0119kszych firm na \u015bwiecie. Biografia ta pokazuje, jak Bezos przeszed\u0142 drog\u0119 od skromnych pocz\u0105tk\u00f3w jako pracownik funduszu inwestycyjnego do stworzenia globalnego giganta e-commerce. Audiobook ujawnia kulisy podejmowania kluczowych decyzji, rywalizacji z&nbsp;konkurencj\u0105, a&nbsp;tak\u017ce kontrowersji zwi\u0105zanych z&nbsp;wp\u0142ywem Amazona na gospodark\u0119, prawa pracownik\u00f3w i&nbsp;przysz\u0142o\u015b\u0107 technologii.&nbsp;<\/p>\n\n\n\n<p class=\"has-text-align-justify wp-block-paragraph\">Ka\u017cdy z&nbsp;powy\u017cszych tytu\u0142\u00f3w to nie tylko historia niezwyk\u0142ego cz\u0142owieka, ale r\u00f3wnie\u017c inspiracja i&nbsp;motywacja do dzia\u0142ania. Kt\u00f3ry z&nbsp;tych audiobook\u00f3w dodasz do swojej playlisty? Zajrzyj do <a href=\"https:\/\/audioteka.com\/pl\/\" target=\"_blank\" rel=\"noopener\">Audioteki<\/a> i&nbsp;wybierz swoje ulubione!<\/p>\n\n\n\n<p class=\"wp-block-paragraph\"><strong><em>Podsumowanie<\/em><\/strong><\/p>\n\n\n\n<ul class=\"wp-block-list\">\n<li><em>&nbsp;Biografia to ksi\u0105\u017cka opisuj\u0105ca \u017cycie i&nbsp;osi\u0105gni\u0119cia prawdziwej osoby, napisana przez kogo\u015b innego lub samego bohatera (autobiografia).<\/em><\/li>\n\n\n\n<li><em><a href=\"https:\/\/audioteka.com\/pl\/katalog\/biografie\/\" target=\"_blank\" rel=\"noopener\">Biografie<\/a> inspiruj\u0105, ucz\u0105 na b\u0142\u0119dach innych i&nbsp;pokazuj\u0105 drog\u0119 do sukcesu, pora\u017cek i&nbsp;wa\u017cnych decyzji.<\/em><\/li>\n\n\n\n<li><em>&nbsp;Najbardziej inspiruj\u0105 historie ludzi, kt\u00f3rzy pokonali trudno\u015bci lub zmienili \u015bwiat \u2013 np. Steve Jobs, Maria Sk\u0142odowska-Curie, Nelson Mandela.<\/em><\/li>\n\n\n\n<li><em>Warto si\u0119gn\u0105\u0107 po biografie znanych postaci czytane przez profesjonalnych lektor\u00f3w \u2013 np. \u201eBecoming. Moja historia\u201d Michelle Obamy czy \u201eSkazany na sukces\u201d Elona Muska.<\/em><\/li>\n<\/ul>\n\n\n<div class=\"wp-block-image\">\n<figure class=\"aligncenter size-full\"><a href=\"https:\/\/audioteka.com\/pl\/applications\" target=\"_blank\" rel=\"noopener\"><img data-recalc-dims=\"1\" loading=\"lazy\" decoding=\"async\" width=\"768\" height=\"216\" data-attachment-id=\"3349\" data-permalink=\"https:\/\/blogaudioteka.wpcomstaging.com\/czym-jest-audiobook-i-dlaczego-warto-go-sluchac\/banner_3v2-8\" data-orig-file=\"https:\/\/i0.wp.com\/blogaudioteka.wpcomstaging.com\/wp-content\/uploads\/banner_3v2-7.png?fit=768%2C216&amp;ssl=1\" data-orig-size=\"768,216\" data-comments-opened=\"0\" data-image-meta=\"{&quot;aperture&quot;:&quot;0&quot;,&quot;credit&quot;:&quot;&quot;,&quot;camera&quot;:&quot;&quot;,&quot;caption&quot;:&quot;&quot;,&quot;created_timestamp&quot;:&quot;0&quot;,&quot;copyright&quot;:&quot;&quot;,&quot;focal_length&quot;:&quot;0&quot;,&quot;iso&quot;:&quot;0&quot;,&quot;shutter_speed&quot;:&quot;0&quot;,&quot;title&quot;:&quot;&quot;,&quot;orientation&quot;:&quot;0&quot;}\" data-image-title=\"banner_3v2\" data-image-description=\"\" data-image-caption=\"\" data-large-file=\"https:\/\/i0.wp.com\/blogaudioteka.wpcomstaging.com\/wp-content\/uploads\/banner_3v2-7.png?fit=768%2C216&amp;ssl=1\" src=\"https:\/\/i0.wp.com\/blogaudioteka.wpcomstaging.com\/wp-content\/uploads\/banner_3v2-7.png?resize=768%2C216&#038;ssl=1\" alt=\"\" class=\"wp-image-3349\" srcset=\"https:\/\/i0.wp.com\/blogaudioteka.wpcomstaging.com\/wp-content\/uploads\/banner_3v2-7.png?w=768&amp;ssl=1 768w, https:\/\/i0.wp.com\/blogaudioteka.wpcomstaging.com\/wp-content\/uploads\/banner_3v2-7.png?resize=300%2C84&amp;ssl=1 300w, https:\/\/i0.wp.com\/blogaudioteka.wpcomstaging.com\/wp-content\/uploads\/banner_3v2-7.png?resize=512%2C144&amp;ssl=1 512w\" sizes=\"auto, (max-width: 768px) 100vw, 768px\" \/><\/a><\/figure>\n<\/div>\n\n\n<p class=\"wp-block-paragraph\"><\/p>\n","protected":false},"excerpt":{"rendered":"Biografie to fascynuj\u0105cy gatunek literacki, kt\u00f3ry pozwala nam zajrze\u0107 w&nbsp;\u017cycie niezwyk\u0142ych ludzi, odkry\u0107 ich tajemnice i&nbsp;zainspirowa\u0107 si\u0119 ich&hellip;","protected":false},"author":264736300,"featured_media":3014,"comment_status":"closed","ping_status":"closed","sticky":false,"template":"","format":"standard","meta":{"_crdt_document":"","csco_display_header_overlay":false,"csco_singular_sidebar":"","csco_page_header_type":"","_jetpack_memberships_contains_paid_content":false,"footnotes":""},"categories":[14930,14928],"tags":[],"class_list":{"0":"post-2991","1":"post","2":"type-post","3":"status-publish","4":"format-standard","5":"has-post-thumbnail","7":"category-edukacyjne","8":"category-porady","9":"cs-entry"},"jetpack_featured_media_url":"https:\/\/i0.wp.com\/blogaudioteka.wpcomstaging.com\/wp-content\/uploads\/2025\/05\/Projekt-bez-nazwy-2.png?fit=1920%2C1080&ssl=1","jetpack_sharing_enabled":true,"_links":{"self":[{"href":"https:\/\/blogaudioteka.wpcomstaging.com\/wp-json\/wp\/v2\/posts\/2991","targetHints":{"allow":["GET"]}}],"collection":[{"href":"https:\/\/blogaudioteka.wpcomstaging.com\/wp-json\/wp\/v2\/posts"}],"about":[{"href":"https:\/\/blogaudioteka.wpcomstaging.com\/wp-json\/wp\/v2\/types\/post"}],"author":[{"embeddable":true,"href":"https:\/\/blogaudioteka.wpcomstaging.com\/wp-json\/wp\/v2\/users\/264736300"}],"replies":[{"embeddable":true,"href":"https:\/\/blogaudioteka.wpcomstaging.com\/wp-json\/wp\/v2\/comments?post=2991"}],"version-history":[{"count":15,"href":"https:\/\/blogaudioteka.wpcomstaging.com\/wp-json\/wp\/v2\/posts\/2991\/revisions"}],"predecessor-version":[{"id":3373,"href":"https:\/\/blogaudioteka.wpcomstaging.com\/wp-json\/wp\/v2\/posts\/2991\/revisions\/3373"}],"wp:featuredmedia":[{"embeddable":true,"href":"https:\/\/blogaudioteka.wpcomstaging.com\/wp-json\/wp\/v2\/media\/3014"}],"wp:attachment":[{"href":"https:\/\/blogaudioteka.wpcomstaging.com\/wp-json\/wp\/v2\/media?parent=2991"}],"wp:term":[{"taxonomy":"category","embeddable":true,"href":"https:\/\/blogaudioteka.wpcomstaging.com\/wp-json\/wp\/v2\/categories?post=2991"},{"taxonomy":"post_tag","embeddable":true,"href":"https:\/\/blogaudioteka.wpcomstaging.com\/wp-json\/wp\/v2\/tags?post=2991"}],"curies":[{"name":"wp","href":"https:\/\/api.w.org\/{rel}","templated":true}]}}