{"id":23129,"date":"2026-08-30T13:45:26","date_gmt":"2026-08-30T11:45:26","guid":{"rendered":"https:\/\/blogaudioteka.wpcomstaging.com\/?p=23129"},"modified":"2026-08-30T13:45:30","modified_gmt":"2026-08-30T11:45:30","slug":"15-nowych-audiobookow-ktore-brzmia-jak-koncowka-lata-troche-slodko-troche-nostalgicznie-24-30-08","status":"publish","type":"post","link":"https:\/\/blogaudioteka.wpcomstaging.com\/15-nowych-audiobookow-ktore-brzmia-jak-koncowka-lata-troche-slodko-troche-nostalgicznie-24-30-08","title":{"rendered":"15 nowych audiobook\u00f3w, kt\u00f3re brzmi\u0105 jak ko\u0144c\u00f3wka lata &#8211; troch\u0119 s\u0142odko, troch\u0119 nostalgicznie [24-30.08]"},"content":{"rendered":"\n<p class=\"has-text-align-justify wp-block-paragraph\"><strong>Ko\u0144c\u00f3wka sierpnia ma sw\u00f3j w\u0142asny klimat: dni wci\u0105\u017c pachn\u0105 latem, ale w&nbsp;powietrzu czu\u0107 ju\u017c pierwsz\u0105 zapowied\u017a wrze\u015bnia. To idealny moment, \u017ceby z\u0142apa\u0107 jeszcze kilka dobrych historii przed powrotem do codziennego rytmu. W&nbsp;tygodniu 24-30 sierpnia przejrzeli\u015bmy nowo\u015bci w&nbsp;Audiotece i&nbsp;wybrali\u015bmy TOP 15 audiobook\u00f3w, kt\u00f3re s\u0105 dojrza\u0142e jak \u015bliwki pod koniec lata &#8211; s\u0142odkie, intensywne, czasem lekko cierpkie i&nbsp;stworzone do s\u0142uchania podczas ostatnich wakacyjnych spacer\u00f3w, podr\u00f3\u017cy albo wieczor\u00f3w na balkonie.<\/strong><\/p>\n\n\n\n<div id=\"ez-toc-container\" class=\"ez-toc-v2_0_87 counter-hierarchy ez-toc-counter ez-toc-grey ez-toc-container-direction\">\n<div class=\"ez-toc-title-container\"><span class=\"ez-toc-title\" style=\"cursor:inherit\">Spis tre\u015bci<\/span>\n<\/div><nav><ul class='ez-toc-list ez-toc-list-level-1 ' ><li class='ez-toc-page-1 ez-toc-heading-level-2'><a class=\"ez-toc-link ez-toc-heading-1\" href=\"https:\/\/blogaudioteka.wpcomstaging.com\/15-nowych-audiobookow-ktore-brzmia-jak-koncowka-lata-troche-slodko-troche-nostalgicznie-24-30-08\/#1_%E2%80%9EPoslaniec_Upadek_cesarstwa_Tom_1%E2%80%9D_%E2%80%93_Krzysztof_Barrek\" >1. \u201ePos\u0142aniec. Upadek cesarstwa. Tom 1\u201d &#8211; Krzysztof Barrek<\/a><\/li><li class='ez-toc-page-1 ez-toc-heading-level-2'><a class=\"ez-toc-link ez-toc-heading-2\" href=\"https:\/\/blogaudioteka.wpcomstaging.com\/15-nowych-audiobookow-ktore-brzmia-jak-koncowka-lata-troche-slodko-troche-nostalgicznie-24-30-08\/#2_%E2%80%9ESladami_utraconego_zycia%E2%80%9D_%E2%80%93_Katarzyna_Wolwowicz\" >2. \u201e\u015aladami utraconego \u017cycia\u201d &#8211; Katarzyna Wolwowicz<\/a><\/li><li class='ez-toc-page-1 ez-toc-heading-level-2'><a class=\"ez-toc-link ez-toc-heading-3\" href=\"https:\/\/blogaudioteka.wpcomstaging.com\/15-nowych-audiobookow-ktore-brzmia-jak-koncowka-lata-troche-slodko-troche-nostalgicznie-24-30-08\/#3_%E2%80%9ENarzeczona%E2%80%9D_%E2%80%93_Marcel_Moss\" >3. \u201eNarzeczona\u201d &#8211; Marcel Moss<\/a><\/li><li class='ez-toc-page-1 ez-toc-heading-level-2'><a class=\"ez-toc-link ez-toc-heading-4\" href=\"https:\/\/blogaudioteka.wpcomstaging.com\/15-nowych-audiobookow-ktore-brzmia-jak-koncowka-lata-troche-slodko-troche-nostalgicznie-24-30-08\/#4_%E2%80%9ETylko_dla_twoich_oczu_James_Bond_Tom_8%E2%80%9D_%E2%80%93_Ian_Fleming\" >4. \u201eTylko dla twoich oczu. James Bond. Tom 8\u201d &#8211; Ian Fleming<\/a><\/li><li class='ez-toc-page-1 ez-toc-heading-level-2'><a class=\"ez-toc-link ez-toc-heading-5\" href=\"https:\/\/blogaudioteka.wpcomstaging.com\/15-nowych-audiobookow-ktore-brzmia-jak-koncowka-lata-troche-slodko-troche-nostalgicznie-24-30-08\/#5_%E2%80%9EWidze_ze_interesuje_cie_ciemnosc%E2%80%9D_%E2%80%93_Illarion_Pawliuk\" >5. \u201eWidz\u0119, \u017ce interesuje ci\u0119 ciemno\u015b\u0107\u201d &#8211; Illarion Pawliuk<\/a><\/li><li class='ez-toc-page-1 ez-toc-heading-level-2'><a class=\"ez-toc-link ez-toc-heading-6\" href=\"https:\/\/blogaudioteka.wpcomstaging.com\/15-nowych-audiobookow-ktore-brzmia-jak-koncowka-lata-troche-slodko-troche-nostalgicznie-24-30-08\/#6_%E2%80%9EKarambol_Komisarz_Van_Veeteren_Tom_7%E2%80%9D_%E2%80%93_Hakan_Nesser\" >6. \u201eKarambol. Komisarz Van Veeteren. Tom 7\u201d &#8211; H\u00e5kan Nesser<\/a><\/li><li class='ez-toc-page-1 ez-toc-heading-level-2'><a class=\"ez-toc-link ez-toc-heading-7\" href=\"https:\/\/blogaudioteka.wpcomstaging.com\/15-nowych-audiobookow-ktore-brzmia-jak-koncowka-lata-troche-slodko-troche-nostalgicznie-24-30-08\/#7_%E2%80%9EBieda_w_Ameryce%E2%80%9D_%E2%80%93_Matthew_Desmond\" >7. \u201eBieda w&nbsp;Ameryce\u201d &#8211; Matthew Desmond<\/a><\/li><li class='ez-toc-page-1 ez-toc-heading-level-2'><a class=\"ez-toc-link ez-toc-heading-8\" href=\"https:\/\/blogaudioteka.wpcomstaging.com\/15-nowych-audiobookow-ktore-brzmia-jak-koncowka-lata-troche-slodko-troche-nostalgicznie-24-30-08\/#8_%E2%80%9EKrzemowa_kompania_Jak_kolonizuje_nas_Big_Tech%E2%80%9D_%E2%80%93_Agata_Kazmierska_Wojciech_Brzezinski\" >8. \u201eKrzemowa kompania. Jak kolonizuje nas Big Tech\u201d &#8211; Agata Ka\u017amierska, Wojciech Brzezi\u0144ski<\/a><\/li><li class='ez-toc-page-1 ez-toc-heading-level-2'><a class=\"ez-toc-link ez-toc-heading-9\" href=\"https:\/\/blogaudioteka.wpcomstaging.com\/15-nowych-audiobookow-ktore-brzmia-jak-koncowka-lata-troche-slodko-troche-nostalgicznie-24-30-08\/#9_%E2%80%9ESkradzione_piekno%E2%80%9D_%E2%80%93_Diana_Brzezinska\" >9. \u201eSkradzione pi\u0119kno\u201d &#8211; Diana Brzezi\u0144ska<\/a><\/li><li class='ez-toc-page-1 ez-toc-heading-level-2'><a class=\"ez-toc-link ez-toc-heading-10\" href=\"https:\/\/blogaudioteka.wpcomstaging.com\/15-nowych-audiobookow-ktore-brzmia-jak-koncowka-lata-troche-slodko-troche-nostalgicznie-24-30-08\/#10_%E2%80%9EBiblioteka_Amorlin%E2%80%9D_%E2%80%93_Kalyn_Josephson\" >10. \u201eBiblioteka Amorlin\u201d &#8211; Kalyn Josephson<\/a><\/li><li class='ez-toc-page-1 ez-toc-heading-level-2'><a class=\"ez-toc-link ez-toc-heading-11\" href=\"https:\/\/blogaudioteka.wpcomstaging.com\/15-nowych-audiobookow-ktore-brzmia-jak-koncowka-lata-troche-slodko-troche-nostalgicznie-24-30-08\/#11_%E2%80%9EOczy_sa_najsmaczniejsze%E2%80%9D_%E2%80%93_Monika_Kim\" >11. \u201eOczy s\u0105 najsmaczniejsze\u201d &#8211; Monika Kim<\/a><\/li><li class='ez-toc-page-1 ez-toc-heading-level-2'><a class=\"ez-toc-link ez-toc-heading-12\" href=\"https:\/\/blogaudioteka.wpcomstaging.com\/15-nowych-audiobookow-ktore-brzmia-jak-koncowka-lata-troche-slodko-troche-nostalgicznie-24-30-08\/#12_%E2%80%9EHeated_Rivalry%E2%80%9D_%E2%80%93_Rachel_Reid\" >12. \u201eHeated Rivalry\u201d &#8211; Rachel Reid<\/a><\/li><li class='ez-toc-page-1 ez-toc-heading-level-2'><a class=\"ez-toc-link ez-toc-heading-13\" href=\"https:\/\/blogaudioteka.wpcomstaging.com\/15-nowych-audiobookow-ktore-brzmia-jak-koncowka-lata-troche-slodko-troche-nostalgicznie-24-30-08\/#13_%E2%80%9ECzy_jestesmy_sami_na_Ziemi%E2%80%9D_%E2%80%93_Neil_deGrasse_Tyson\" >13. \u201eCzy jeste\u015bmy sami na Ziemi?\u201d &#8211; Neil deGrasse Tyson<\/a><\/li><li class='ez-toc-page-1 ez-toc-heading-level-2'><a class=\"ez-toc-link ez-toc-heading-14\" href=\"https:\/\/blogaudioteka.wpcomstaging.com\/15-nowych-audiobookow-ktore-brzmia-jak-koncowka-lata-troche-slodko-troche-nostalgicznie-24-30-08\/#14_%E2%80%9EUspione_archiwum_Yggdrasill_1_1%E2%80%9D_%E2%80%93_Wawrzyniec_Podrzucki\" >14. \u201eU\u015bpione archiwum. Yggdrasill 1 (#1)\u201d &#8211; Wawrzyniec Podrzucki<\/a><\/li><li class='ez-toc-page-1 ez-toc-heading-level-2'><a class=\"ez-toc-link ez-toc-heading-15\" href=\"https:\/\/blogaudioteka.wpcomstaging.com\/15-nowych-audiobookow-ktore-brzmia-jak-koncowka-lata-troche-slodko-troche-nostalgicznie-24-30-08\/#15_%E2%80%9ETaki_diabel_straszny_Diabelska_sukcesja_Tom_2%E2%80%9D_%E2%80%93_Jakub_Cwiek\" >15. \u201eTaki diabe\u0142 straszny. Diabelska sukcesja. Tom 2\u201d &#8211; Jakub \u0106wiek<\/a><\/li><\/ul><\/nav><\/div>\n<h2 class=\"wp-block-heading\"><span class=\"ez-toc-section\" id=\"1_%E2%80%9EPoslaniec_Upadek_cesarstwa_Tom_1%E2%80%9D_%E2%80%93_Krzysztof_Barrek\"><\/span>1. \u201ePos\u0142aniec. Upadek cesarstwa. Tom 1\u201d &#8211; Krzysztof Barrek<span class=\"ez-toc-section-end\"><\/span><\/h2>\n\n\n<div class=\"wp-block-image\">\n<figure class=\"aligncenter size-full\"><img data-recalc-dims=\"1\" loading=\"lazy\" decoding=\"async\" width=\"300\" height=\"300\" data-attachment-id=\"23196\" data-permalink=\"https:\/\/blogaudioteka.wpcomstaging.com\/15-nowych-audiobookow-ktore-brzmia-jak-koncowka-lata-troche-slodko-troche-nostalgicznie-24-30-08\/12-22-2\" data-orig-file=\"https:\/\/i0.wp.com\/blogaudioteka.wpcomstaging.com\/wp-content\/uploads\/12-22-1.webp?fit=300%2C300&amp;ssl=1\" data-orig-size=\"300,300\" data-comments-opened=\"0\" data-image-meta=\"{&quot;aperture&quot;:&quot;0&quot;,&quot;credit&quot;:&quot;&quot;,&quot;camera&quot;:&quot;&quot;,&quot;caption&quot;:&quot;&quot;,&quot;created_timestamp&quot;:&quot;0&quot;,&quot;copyright&quot;:&quot;&quot;,&quot;focal_length&quot;:&quot;0&quot;,&quot;iso&quot;:&quot;0&quot;,&quot;shutter_speed&quot;:&quot;0&quot;,&quot;title&quot;:&quot;&quot;,&quot;orientation&quot;:&quot;0&quot;,&quot;alt&quot;:&quot;&quot;}\" data-image-title=\"12 (22)\" data-image-description=\"\" data-image-caption=\"\" data-large-file=\"https:\/\/i0.wp.com\/blogaudioteka.wpcomstaging.com\/wp-content\/uploads\/12-22-1.webp?fit=300%2C300&amp;ssl=1\" src=\"https:\/\/i0.wp.com\/blogaudioteka.wpcomstaging.com\/wp-content\/uploads\/12-22-1.webp?resize=300%2C300&#038;ssl=1\" alt=\"\" class=\"wp-image-23196\" srcset=\"https:\/\/i0.wp.com\/blogaudioteka.wpcomstaging.com\/wp-content\/uploads\/12-22-1.webp?w=300&amp;ssl=1 300w, https:\/\/i0.wp.com\/blogaudioteka.wpcomstaging.com\/wp-content\/uploads\/12-22-1.webp?resize=150%2C150&amp;ssl=1 150w, https:\/\/i0.wp.com\/blogaudioteka.wpcomstaging.com\/wp-content\/uploads\/12-22-1.webp?resize=148%2C148&amp;ssl=1 148w, https:\/\/i0.wp.com\/blogaudioteka.wpcomstaging.com\/wp-content\/uploads\/12-22-1.webp?resize=296%2C296&amp;ssl=1 296w\" sizes=\"auto, (max-width: 300px) 100vw, 300px\" \/><\/figure>\n<\/div>\n\n\n<p class=\"wp-block-paragraph\"><strong>Dlaczego wybrali\u015bmy t\u0119 pozycj\u0119?<\/strong><\/p>\n\n\n\n<ul class=\"wp-block-list\">\n<li>To <a href=\"https:\/\/audioteka.com\/pl\/katalog\/fantasy-n\/\" target=\"_blank\" rel=\"noopener\">fantasy<\/a> z&nbsp;du\u017cym rozmachem, kt\u00f3re od razu wrzuca s\u0142uchacza w&nbsp;\u015bwiat wulkanicznych twierdz, lataj\u0105cych \u0142odzi i&nbsp;pot\u0119\u017cnego Imperium.<\/li>\n\n\n\n<li>Nidro mia\u0142 po prostu rozpocz\u0105\u0107 s\u0142u\u017cb\u0119 w&nbsp;cesarskiej armii, ale jedna pochopna decyzja zmienia jego drog\u0119 w&nbsp;niebezpieczn\u0105 przygod\u0119.<\/li>\n\n\n\n<li>Historia dobrze \u0142\u0105czy akcj\u0119, humor i&nbsp;soczyste dialogi, wi\u0119c nie jest to ci\u0119\u017cka wyprawa przez fantasy, tylko dynamiczna opowie\u015b\u0107 z&nbsp;charakterem.<\/li>\n\n\n\n<li>Tajemniczy zbieg, polityczne napi\u0119cie i&nbsp;widmo upadku cesarstwa szybko podbijaj\u0105 stawk\u0119.<\/li>\n\n\n\n<li>Wielog\u0142osowa obsada <a href=\"https:\/\/audioteka.com\/pl\/katalog\/superprodukcje-audioteki\/\" target=\"_blank\" rel=\"noopener\">superproduckji<\/a> z&nbsp;Leszkiem Zduniem, Aleksandrem Kalet\u0105, Mil\u0105 Jankowsk\u0105, Stanis\u0142awem Biczysko i&nbsp;Markiem Kalit\u0105 nadaje produkcji rozmach.<\/li>\n\n\n\n<li>To dobry wyb\u00f3r dla tych, kt\u00f3rzy lubi\u0105 pierwsze tomy du\u017cych fantastycznych historii, gdzie \u015bwiat dopiero si\u0119 otwiera, a&nbsp;bohater nie wie jeszcze, jak wielk\u0105 rol\u0119 przyjdzie mu odegra\u0107.<\/li>\n<\/ul>\n\n\n\n<p class=\"wp-block-paragraph\"><strong><em>\ud83c\udfa7Chc\u0119 pos\u0142ucha\u0107! \u27a1\ufe0f<a href=\"https:\/\/audioteka.com\/pl\/audiobook\/poslaniec-upadek-cesarstwa-tom-1-superprodukcja\/\" target=\"_blank\" rel=\"noopener\">Pos\u0142aniec. Upadek cesarstwa. Tom 1 &#8211; Audiobook &#8211; Krzysztof Barrek &#8211; Audioteka | Audioteka<\/a><\/em><\/strong><\/p>\n\n\n\n<h2 class=\"wp-block-heading\"><span class=\"ez-toc-section\" id=\"2_%E2%80%9ESladami_utraconego_zycia%E2%80%9D_%E2%80%93_Katarzyna_Wolwowicz\"><\/span>2. \u201e\u015aladami utraconego \u017cycia\u201d &#8211; Katarzyna Wolwowicz<span class=\"ez-toc-section-end\"><\/span><\/h2>\n\n\n<div class=\"wp-block-image\">\n<figure class=\"aligncenter size-full\"><img data-recalc-dims=\"1\" loading=\"lazy\" decoding=\"async\" width=\"300\" height=\"300\" data-attachment-id=\"23195\" data-permalink=\"https:\/\/blogaudioteka.wpcomstaging.com\/15-nowych-audiobookow-ktore-brzmia-jak-koncowka-lata-troche-slodko-troche-nostalgicznie-24-30-08\/17-14-2\" data-orig-file=\"https:\/\/i0.wp.com\/blogaudioteka.wpcomstaging.com\/wp-content\/uploads\/17-14-1.webp?fit=300%2C300&amp;ssl=1\" data-orig-size=\"300,300\" data-comments-opened=\"0\" data-image-meta=\"{&quot;aperture&quot;:&quot;0&quot;,&quot;credit&quot;:&quot;&quot;,&quot;camera&quot;:&quot;&quot;,&quot;caption&quot;:&quot;&quot;,&quot;created_timestamp&quot;:&quot;0&quot;,&quot;copyright&quot;:&quot;&quot;,&quot;focal_length&quot;:&quot;0&quot;,&quot;iso&quot;:&quot;0&quot;,&quot;shutter_speed&quot;:&quot;0&quot;,&quot;title&quot;:&quot;&quot;,&quot;orientation&quot;:&quot;0&quot;,&quot;alt&quot;:&quot;&quot;}\" data-image-title=\"17 (14)\" data-image-description=\"\" data-image-caption=\"\" data-large-file=\"https:\/\/i0.wp.com\/blogaudioteka.wpcomstaging.com\/wp-content\/uploads\/17-14-1.webp?fit=300%2C300&amp;ssl=1\" src=\"https:\/\/i0.wp.com\/blogaudioteka.wpcomstaging.com\/wp-content\/uploads\/17-14-1.webp?resize=300%2C300&#038;ssl=1\" alt=\"\" class=\"wp-image-23195\" srcset=\"https:\/\/i0.wp.com\/blogaudioteka.wpcomstaging.com\/wp-content\/uploads\/17-14-1.webp?w=300&amp;ssl=1 300w, https:\/\/i0.wp.com\/blogaudioteka.wpcomstaging.com\/wp-content\/uploads\/17-14-1.webp?resize=150%2C150&amp;ssl=1 150w, https:\/\/i0.wp.com\/blogaudioteka.wpcomstaging.com\/wp-content\/uploads\/17-14-1.webp?resize=148%2C148&amp;ssl=1 148w, https:\/\/i0.wp.com\/blogaudioteka.wpcomstaging.com\/wp-content\/uploads\/17-14-1.webp?resize=296%2C296&amp;ssl=1 296w\" sizes=\"auto, (max-width: 300px) 100vw, 300px\" \/><\/figure>\n<\/div>\n\n\n<p class=\"wp-block-paragraph\"><strong>Dlaczego wybrali\u015bmy t\u0119 pozycj\u0119?<\/strong><\/p>\n\n\n\n<ul class=\"wp-block-list\">\n<li>To krymina\u0142 z&nbsp;mocnym haczykiem ju\u017c na starcie: na sandomierskiej star\u00f3wce dochodzi do sceny, kt\u00f3ra wygl\u0105da jak tragedia, ale okazuje si\u0119 przera\u017caj\u0105c\u0105 inscenizacj\u0105.<\/li>\n\n\n\n<li><a href=\"https:\/\/audioteka.com\/pl\/cykl\/seria-z-rupertem-ogrodnikiem\/\" target=\"_blank\" rel=\"noopener\">Rupert Ogrodnik<\/a> przyje\u017cd\u017ca do Sandomierza, \u017ceby odzyska\u0107 rodzinny czas, a&nbsp;trafia w&nbsp;sam \u015brodek sprawy zagini\u0119cia nastolatki.<\/li>\n\n\n\n<li>Makabryczny \u017cart z&nbsp;kuk\u0142\u0105 wyrzucon\u0105 z&nbsp;wie\u017cy ratusza tworzy obraz, kt\u00f3rego trudno szybko pozby\u0107 si\u0119 z&nbsp;g\u0142owy.<\/li>\n\n\n\n<li>W\u0105tek rodzinny dodaje historii napi\u0119cia, bo Rupert musi jednocze\u015bnie mierzy\u0107 si\u0119 z&nbsp;tajemnic\u0105 Oliwii i&nbsp;niepokoj\u0105cymi sygna\u0142ami od w\u0142asnego rodze\u0144stwa.<\/li>\n\n\n\n<li><a href=\"https:\/\/audioteka.com\/pl\/lektor\/filip-kosior\/\" target=\"_blank\" rel=\"noopener\">Filip Kosior<\/a> dobrze trzyma kryminalne tempo i&nbsp;potrafi podbi\u0107 atmosfer\u0119 niepewno\u015bci, kt\u00f3ra g\u0119stnieje z&nbsp;ka\u017cd\u0105 kolejn\u0105 scen\u0105.<\/li>\n\n\n\n<li>To propozycja dla s\u0142uchaczy, kt\u00f3rzy lubi\u0105 polskie krymina\u0142y z&nbsp;lokalnym klimatem, spl\u0105tanymi relacjami i&nbsp;bohaterem, kt\u00f3ry sam pakuje si\u0119 w&nbsp;coraz wi\u0119ksze k\u0142opoty.<\/li>\n<\/ul>\n\n\n\n<p class=\"wp-block-paragraph\"><strong><em>\ud83c\udfa7Chc\u0119 pos\u0142ucha\u0107! \u27a1\ufe0f<a href=\"https:\/\/audioteka.com\/pl\/audiobook\/sladami-utraconego-zycia\/\" target=\"_blank\" rel=\"noopener\">\u015aladami utraconego \u017cycia &#8211; Audiobook &#8211; Katarzyna Wolwowicz &#8211; Wydawnictwo Zwierciad\u0142o | Audioteka<\/a><\/em><\/strong><\/p>\n\n\n\n<h2 class=\"wp-block-heading\"><span class=\"ez-toc-section\" id=\"3_%E2%80%9ENarzeczona%E2%80%9D_%E2%80%93_Marcel_Moss\"><\/span>3. \u201eNarzeczona\u201d &#8211; Marcel Moss<span class=\"ez-toc-section-end\"><\/span><\/h2>\n\n\n<div class=\"wp-block-image\">\n<figure class=\"aligncenter size-full\"><img data-recalc-dims=\"1\" loading=\"lazy\" decoding=\"async\" width=\"300\" height=\"300\" data-attachment-id=\"23199\" data-permalink=\"https:\/\/blogaudioteka.wpcomstaging.com\/15-nowych-audiobookow-ktore-brzmia-jak-koncowka-lata-troche-slodko-troche-nostalgicznie-24-30-08\/4-2026-08-29t204248-584\" data-orig-file=\"https:\/\/i0.wp.com\/blogaudioteka.wpcomstaging.com\/wp-content\/uploads\/4-2026-08-29T204248.584.webp?fit=300%2C300&amp;ssl=1\" data-orig-size=\"300,300\" data-comments-opened=\"0\" data-image-meta=\"{&quot;aperture&quot;:&quot;0&quot;,&quot;credit&quot;:&quot;&quot;,&quot;camera&quot;:&quot;&quot;,&quot;caption&quot;:&quot;&quot;,&quot;created_timestamp&quot;:&quot;0&quot;,&quot;copyright&quot;:&quot;&quot;,&quot;focal_length&quot;:&quot;0&quot;,&quot;iso&quot;:&quot;0&quot;,&quot;shutter_speed&quot;:&quot;0&quot;,&quot;title&quot;:&quot;&quot;,&quot;orientation&quot;:&quot;0&quot;,&quot;alt&quot;:&quot;&quot;}\" data-image-title=\"4 &amp;#8211; 2026-08-29T204248.584\" data-image-description=\"\" data-image-caption=\"\" data-large-file=\"https:\/\/i0.wp.com\/blogaudioteka.wpcomstaging.com\/wp-content\/uploads\/4-2026-08-29T204248.584.webp?fit=300%2C300&amp;ssl=1\" src=\"https:\/\/i0.wp.com\/blogaudioteka.wpcomstaging.com\/wp-content\/uploads\/4-2026-08-29T204248.584.webp?resize=300%2C300&#038;ssl=1\" alt=\"\" class=\"wp-image-23199\" srcset=\"https:\/\/i0.wp.com\/blogaudioteka.wpcomstaging.com\/wp-content\/uploads\/4-2026-08-29T204248.584.webp?w=300&amp;ssl=1 300w, https:\/\/i0.wp.com\/blogaudioteka.wpcomstaging.com\/wp-content\/uploads\/4-2026-08-29T204248.584.webp?resize=150%2C150&amp;ssl=1 150w, https:\/\/i0.wp.com\/blogaudioteka.wpcomstaging.com\/wp-content\/uploads\/4-2026-08-29T204248.584.webp?resize=148%2C148&amp;ssl=1 148w, https:\/\/i0.wp.com\/blogaudioteka.wpcomstaging.com\/wp-content\/uploads\/4-2026-08-29T204248.584.webp?resize=296%2C296&amp;ssl=1 296w\" sizes=\"auto, (max-width: 300px) 100vw, 300px\" \/><\/figure>\n<\/div>\n\n\n<p class=\"wp-block-paragraph\"><strong>Dlaczego wybrali\u015bmy t\u0119 pozycj\u0119?<\/strong><\/p>\n\n\n\n<ul class=\"wp-block-list\">\n<li>To <a href=\"https:\/\/audioteka.com\/pl\/katalog\/thriller\/\" target=\"_blank\" rel=\"noopener\">thriller<\/a> z&nbsp;pytaniem, kt\u00f3re dzia\u0142a od pierwszej sceny: ile naprawd\u0119 wiemy o&nbsp;cz\u0142owieku, z&nbsp;kt\u00f3rym dzielimy \u017cycie?<\/li>\n\n\n\n<li>Rocznicowa kolacja Odety i&nbsp;Huberta mia\u0142a by\u0107 \u015bwi\u0119tem mi\u0142o\u015bci, ale jedno wej\u015bcie obcej kobiety zamienia j\u0105 w&nbsp;publiczny koszmar.<\/li>\n\n\n\n<li>Adrianna, by\u0142a narzeczona Huberta, wraca po latach jak tajemnica, kt\u00f3rej nikt nie mia\u0142 ju\u017c odkopa\u0107.<\/li>\n\n\n\n<li>Jej \u015bmier\u0107 i&nbsp;nagrania kr\u0105\u017c\u0105ce w&nbsp;internecie wci\u0105gaj\u0105 bohater\u00f3w w&nbsp;spiral\u0119 podejrze\u0144, hejtu i&nbsp;coraz bardziej niewygodnych pyta\u0144.<\/li>\n\n\n\n<li>Filip Kosior dodaje tej historii napi\u0119cia i&nbsp;dobrze prowadzi opowie\u015b\u0107, w&nbsp;kt\u00f3rej zaufanie zaczyna p\u0119ka\u0107 scena po scenie.<\/li>\n\n\n\n<li>To wyb\u00f3r dla tych, kt\u00f3rzy lubi\u0105 thrillery psychologiczne o&nbsp;sekretach w&nbsp;zwi\u0105zku, mrocznej przesz\u0142o\u015bci i&nbsp;prawdzie, kt\u00f3ra mo\u017ce zniszczy\u0107 wszystko.<\/li>\n<\/ul>\n\n\n\n<p class=\"wp-block-paragraph\"><strong><em>\ud83c\udfa7Chc\u0119 pos\u0142ucha\u0107! \u27a1\ufe0f<a href=\"https:\/\/audioteka.com\/pl\/audiobook\/narzeczona-wydawnictwo-filia\/\" target=\"_blank\" rel=\"noopener\">Narzeczona &#8211; Audiobook &#8211; Marcel Moss &#8211; Wydawnictwo Filia | Audioteka<\/a><\/em><\/strong><\/p>\n\n\n\n<h2 class=\"wp-block-heading\"><span class=\"ez-toc-section\" id=\"4_%E2%80%9ETylko_dla_twoich_oczu_James_Bond_Tom_8%E2%80%9D_%E2%80%93_Ian_Fleming\"><\/span>4. \u201eTylko dla twoich oczu. James Bond. Tom 8\u201d &#8211; Ian Fleming<span class=\"ez-toc-section-end\"><\/span><\/h2>\n\n\n<div class=\"wp-block-image\">\n<figure class=\"aligncenter size-full\"><img data-recalc-dims=\"1\" loading=\"lazy\" decoding=\"async\" width=\"300\" height=\"300\" data-attachment-id=\"23212\" data-permalink=\"https:\/\/blogaudioteka.wpcomstaging.com\/15-nowych-audiobookow-ktore-brzmia-jak-koncowka-lata-troche-slodko-troche-nostalgicznie-24-30-08\/4-2026-08-30t133744-594\" data-orig-file=\"https:\/\/i0.wp.com\/blogaudioteka.wpcomstaging.com\/wp-content\/uploads\/4-2026-08-30T133744.594.webp?fit=300%2C300&amp;ssl=1\" data-orig-size=\"300,300\" data-comments-opened=\"0\" data-image-meta=\"{&quot;aperture&quot;:&quot;0&quot;,&quot;credit&quot;:&quot;&quot;,&quot;camera&quot;:&quot;&quot;,&quot;caption&quot;:&quot;&quot;,&quot;created_timestamp&quot;:&quot;0&quot;,&quot;copyright&quot;:&quot;&quot;,&quot;focal_length&quot;:&quot;0&quot;,&quot;iso&quot;:&quot;0&quot;,&quot;shutter_speed&quot;:&quot;0&quot;,&quot;title&quot;:&quot;&quot;,&quot;orientation&quot;:&quot;0&quot;,&quot;alt&quot;:&quot;&quot;}\" data-image-title=\"4 &amp;#8211; 2026-08-30T133744.594\" data-image-description=\"\" data-image-caption=\"\" data-large-file=\"https:\/\/i0.wp.com\/blogaudioteka.wpcomstaging.com\/wp-content\/uploads\/4-2026-08-30T133744.594.webp?fit=300%2C300&amp;ssl=1\" src=\"https:\/\/i0.wp.com\/blogaudioteka.wpcomstaging.com\/wp-content\/uploads\/4-2026-08-30T133744.594.webp?resize=300%2C300&#038;ssl=1\" alt=\"\" class=\"wp-image-23212\" srcset=\"https:\/\/i0.wp.com\/blogaudioteka.wpcomstaging.com\/wp-content\/uploads\/4-2026-08-30T133744.594.webp?w=300&amp;ssl=1 300w, https:\/\/i0.wp.com\/blogaudioteka.wpcomstaging.com\/wp-content\/uploads\/4-2026-08-30T133744.594.webp?resize=150%2C150&amp;ssl=1 150w, https:\/\/i0.wp.com\/blogaudioteka.wpcomstaging.com\/wp-content\/uploads\/4-2026-08-30T133744.594.webp?resize=148%2C148&amp;ssl=1 148w, https:\/\/i0.wp.com\/blogaudioteka.wpcomstaging.com\/wp-content\/uploads\/4-2026-08-30T133744.594.webp?resize=296%2C296&amp;ssl=1 296w\" sizes=\"auto, (max-width: 300px) 100vw, 300px\" \/><\/figure>\n<\/div>\n\n\n<p class=\"wp-block-paragraph\"><strong>Dlaczego wybrali\u015bmy t\u0119 pozycj\u0119?<\/strong><\/p>\n\n\n\n<ul class=\"wp-block-list\">\n<li>To <a href=\"https:\/\/audioteka.com\/pl\/cykl\/james-bond\/\" target=\"_blank\" rel=\"noopener\">James Bond<\/a> w&nbsp;kr\u00f3tszej, bardzo filmowej formie, czyli pi\u0119\u0107 opowiada\u0144 pe\u0142nych intryg, ryzyka i&nbsp;egzotycznych miejsc.<\/li>\n\n\n\n<li><a href=\"https:\/\/audioteka.com\/pl\/autor\/ian-fleming\/\" target=\"_blank\" rel=\"noopener\">Ian Fleming<\/a> zabiera s\u0142uchaczy na Bermudy, Bahamy, do Francji i&nbsp;nad Morze \u015ar\u00f3dziemne, wi\u0119c ten audiobook ma przygodowy rytm idealny na ko\u0144c\u00f3wk\u0119 lata.<\/li>\n\n\n\n<li>Ka\u017cda historia pokazuje Bonda w&nbsp;troch\u0119 innym \u015bwietle: jako agenta, obserwatora, uczestnika prywatnej wendety i&nbsp;cz\u0142owieka, kt\u00f3ry sam musi mierzy\u0107 si\u0119 z&nbsp;cieniem przesz\u0142o\u015bci.<\/li>\n\n\n\n<li>Szpiegowska akcja miesza si\u0119 tu z&nbsp;krymina\u0142em, przemytem, nami\u0119tno\u015bci\u0105 i&nbsp;moralnymi wyborami, kt\u00f3re nie zawsze maj\u0105 czyste rozwi\u0105zania.<\/li>\n\n\n\n<li>Filip Kosior dodaje opowie\u015bciom elegancji, tempa i&nbsp;charakterystycznego napi\u0119cia, kt\u00f3rego od historii o&nbsp;007 po prostu si\u0119 oczekuje.<\/li>\n\n\n\n<li>To propozycja dla tych, kt\u00f3rzy lubi\u0105 klasyczn\u0105 sensacj\u0119, szybkie fabu\u0142y i&nbsp;klimat starej szko\u0142y szpiegowskiej przygody.<\/li>\n<\/ul>\n\n\n\n<p class=\"wp-block-paragraph\"><strong><em>\ud83c\udfa7Chc\u0119 pos\u0142ucha\u0107! \u27a1\ufe0f<a href=\"https:\/\/audioteka.com\/pl\/audiobook\/tylko-dla-twoich-oczu-james-bond-tom-8\/\" target=\"_blank\" rel=\"noopener\">Tylko dla twoich oczu. James Bond. Tom 8 &#8211; Audiobook &#8211; Ian Fleming &#8211; Skarpa Warszawska | Audioteka<\/a><\/em><\/strong><\/p>\n\n\n\n<h2 class=\"wp-block-heading\"><span class=\"ez-toc-section\" id=\"5_%E2%80%9EWidze_ze_interesuje_cie_ciemnosc%E2%80%9D_%E2%80%93_Illarion_Pawliuk\"><\/span>5. \u201eWidz\u0119, \u017ce interesuje ci\u0119 ciemno\u015b\u0107\u201d &#8211; Illarion Pawliuk<span class=\"ez-toc-section-end\"><\/span><\/h2>\n\n\n<div class=\"wp-block-image\">\n<figure class=\"aligncenter size-full\"><img data-recalc-dims=\"1\" loading=\"lazy\" decoding=\"async\" width=\"300\" height=\"300\" data-attachment-id=\"23214\" data-permalink=\"https:\/\/blogaudioteka.wpcomstaging.com\/15-nowych-audiobookow-ktore-brzmia-jak-koncowka-lata-troche-slodko-troche-nostalgicznie-24-30-08\/4-2026-08-30t133908-104\" data-orig-file=\"https:\/\/i0.wp.com\/blogaudioteka.wpcomstaging.com\/wp-content\/uploads\/4-2026-08-30T133908.104.webp?fit=300%2C300&amp;ssl=1\" data-orig-size=\"300,300\" data-comments-opened=\"0\" data-image-meta=\"{&quot;aperture&quot;:&quot;0&quot;,&quot;credit&quot;:&quot;&quot;,&quot;camera&quot;:&quot;&quot;,&quot;caption&quot;:&quot;&quot;,&quot;created_timestamp&quot;:&quot;0&quot;,&quot;copyright&quot;:&quot;&quot;,&quot;focal_length&quot;:&quot;0&quot;,&quot;iso&quot;:&quot;0&quot;,&quot;shutter_speed&quot;:&quot;0&quot;,&quot;title&quot;:&quot;&quot;,&quot;orientation&quot;:&quot;0&quot;,&quot;alt&quot;:&quot;&quot;}\" data-image-title=\"4 &amp;#8211; 2026-08-30T133908.104\" data-image-description=\"\" data-image-caption=\"\" data-large-file=\"https:\/\/i0.wp.com\/blogaudioteka.wpcomstaging.com\/wp-content\/uploads\/4-2026-08-30T133908.104.webp?fit=300%2C300&amp;ssl=1\" src=\"https:\/\/i0.wp.com\/blogaudioteka.wpcomstaging.com\/wp-content\/uploads\/4-2026-08-30T133908.104.webp?resize=300%2C300&#038;ssl=1\" alt=\"\" class=\"wp-image-23214\" srcset=\"https:\/\/i0.wp.com\/blogaudioteka.wpcomstaging.com\/wp-content\/uploads\/4-2026-08-30T133908.104.webp?w=300&amp;ssl=1 300w, https:\/\/i0.wp.com\/blogaudioteka.wpcomstaging.com\/wp-content\/uploads\/4-2026-08-30T133908.104.webp?resize=150%2C150&amp;ssl=1 150w, https:\/\/i0.wp.com\/blogaudioteka.wpcomstaging.com\/wp-content\/uploads\/4-2026-08-30T133908.104.webp?resize=148%2C148&amp;ssl=1 148w, https:\/\/i0.wp.com\/blogaudioteka.wpcomstaging.com\/wp-content\/uploads\/4-2026-08-30T133908.104.webp?resize=296%2C296&amp;ssl=1 296w\" sizes=\"auto, (max-width: 300px) 100vw, 300px\" \/><\/figure>\n<\/div>\n\n\n<p class=\"wp-block-paragraph\"><strong>Dlaczego wybrali\u015bmy t\u0119 pozycj\u0119?<\/strong><\/p>\n\n\n\n<ul class=\"wp-block-list\">\n<li>To mroczny, hipnotyczny krymina\u0142, kt\u00f3ry zaczyna si\u0119 od zagini\u0119cia dziecka, a&nbsp;potem schodzi coraz g\u0142\u0119biej w&nbsp;ludzk\u0105 oboj\u0119tno\u015b\u0107 i&nbsp;poczucie winy.<\/li>\n\n\n\n<li>Bus\u0142owy Sad dzia\u0142a jak miejsce poza czasem, zapomniane, duszne i&nbsp;pe\u0142ne ludzi, kt\u00f3rzy wol\u0105 nie patrze\u0107 tam, gdzie naprawd\u0119 czai si\u0119 z\u0142o.<\/li>\n\n\n\n<li>Andrij Hajster trafia do miasteczka z&nbsp;w\u0142asnymi demonami, dlatego \u015bledztwo szybko staje si\u0119 tak\u017ce konfrontacj\u0105 z&nbsp;nim samym.<\/li>\n\n\n\n<li>Obecno\u015b\u0107 Bestii i&nbsp;dziwna bierno\u015b\u0107 mieszka\u0144c\u00f3w buduj\u0105 atmosfer\u0119 wschodnioeuropejskiego noir z&nbsp;niemal mistycznym niepokojem.<\/li>\n\n\n\n<li><a href=\"https:\/\/audioteka.com\/pl\/lektor\/wojciech-zoladkowicz\/\" target=\"_blank\" rel=\"noopener\">Wojciech \u017bo\u0142\u0105dkowicz<\/a> dobrze prowadzi d\u0142ug\u0105, g\u0119st\u0105 opowie\u015b\u0107, w&nbsp;kt\u00f3rej napi\u0119cie wynika nie tylko ze zbrodni, ale te\u017c z&nbsp;pyta\u0144 o&nbsp;pami\u0119\u0107, win\u0119 i&nbsp;odkupienie.<\/li>\n\n\n\n<li>To wyb\u00f3r dla s\u0142uchaczy, kt\u00f3rzy lubi\u0105 krymina\u0142y wymykaj\u0105ce si\u0119 prostym regu\u0142om gatunku, bardziej \u201eTwin Peaks\u201d ni\u017c klasyczne \u015bledztwo od punktu A&nbsp;do punktu B.<\/li>\n<\/ul>\n\n\n\n<p class=\"wp-block-paragraph\"><em><strong>\ud83c\udfa7Chc\u0119 pos\u0142ucha\u0107! \u27a1\ufe0f<a href=\"https:\/\/audioteka.com\/pl\/audiobook\/widze-ze-interesuje-cie-ciemnosc\/\" target=\"_blank\" rel=\"noopener\">Widz\u0119, \u017ce interesuje ci\u0119 ciemno\u015b\u0107 &#8211; Audiobook &#8211; Illarion Pawliuk &#8211; Insignis Media | Audioteka<\/a><\/strong><\/em><\/p>\n\n\n\n<h2 class=\"wp-block-heading\"><span class=\"ez-toc-section\" id=\"6_%E2%80%9EKarambol_Komisarz_Van_Veeteren_Tom_7%E2%80%9D_%E2%80%93_Hakan_Nesser\"><\/span>6. \u201eKarambol. Komisarz Van Veeteren. Tom 7\u201d &#8211; H\u00e5kan Nesser<span class=\"ez-toc-section-end\"><\/span><\/h2>\n\n\n<div class=\"wp-block-image\">\n<figure class=\"aligncenter size-full\"><img data-recalc-dims=\"1\" loading=\"lazy\" decoding=\"async\" width=\"300\" height=\"300\" data-attachment-id=\"23216\" data-permalink=\"https:\/\/blogaudioteka.wpcomstaging.com\/15-nowych-audiobookow-ktore-brzmia-jak-koncowka-lata-troche-slodko-troche-nostalgicznie-24-30-08\/7-57-2\" data-orig-file=\"https:\/\/i0.wp.com\/blogaudioteka.wpcomstaging.com\/wp-content\/uploads\/7-57-1.webp?fit=300%2C300&amp;ssl=1\" data-orig-size=\"300,300\" data-comments-opened=\"0\" data-image-meta=\"{&quot;aperture&quot;:&quot;0&quot;,&quot;credit&quot;:&quot;&quot;,&quot;camera&quot;:&quot;&quot;,&quot;caption&quot;:&quot;&quot;,&quot;created_timestamp&quot;:&quot;0&quot;,&quot;copyright&quot;:&quot;&quot;,&quot;focal_length&quot;:&quot;0&quot;,&quot;iso&quot;:&quot;0&quot;,&quot;shutter_speed&quot;:&quot;0&quot;,&quot;title&quot;:&quot;&quot;,&quot;orientation&quot;:&quot;0&quot;,&quot;alt&quot;:&quot;&quot;}\" data-image-title=\"7 (57)\" data-image-description=\"\" data-image-caption=\"\" data-large-file=\"https:\/\/i0.wp.com\/blogaudioteka.wpcomstaging.com\/wp-content\/uploads\/7-57-1.webp?fit=300%2C300&amp;ssl=1\" src=\"https:\/\/i0.wp.com\/blogaudioteka.wpcomstaging.com\/wp-content\/uploads\/7-57-1.webp?resize=300%2C300&#038;ssl=1\" alt=\"\" class=\"wp-image-23216\" srcset=\"https:\/\/i0.wp.com\/blogaudioteka.wpcomstaging.com\/wp-content\/uploads\/7-57-1.webp?w=300&amp;ssl=1 300w, https:\/\/i0.wp.com\/blogaudioteka.wpcomstaging.com\/wp-content\/uploads\/7-57-1.webp?resize=150%2C150&amp;ssl=1 150w, https:\/\/i0.wp.com\/blogaudioteka.wpcomstaging.com\/wp-content\/uploads\/7-57-1.webp?resize=148%2C148&amp;ssl=1 148w, https:\/\/i0.wp.com\/blogaudioteka.wpcomstaging.com\/wp-content\/uploads\/7-57-1.webp?resize=296%2C296&amp;ssl=1 296w\" sizes=\"auto, (max-width: 300px) 100vw, 300px\" \/><\/figure>\n<\/div>\n\n\n<p class=\"wp-block-paragraph\"><strong>Dlaczego wybrali\u015bmy t\u0119 pozycj\u0119?<\/strong><\/p>\n\n\n\n<ul class=\"wp-block-list\">\n<li>To <a href=\"https:\/\/audioteka.com\/pl\/katalog\/kryminal-skandynawski-n\/\" target=\"_blank\" rel=\"noopener\">skandynawski krymina\u0142<\/a> z&nbsp;mocnym otwarciem: noc, ulewa, pijany kierowca i&nbsp;tragedia, kt\u00f3rej nie da si\u0119 ju\u017c cofn\u0105\u0107.<\/li>\n\n\n\n<li>Jedno potr\u0105cenie uruchamia \u0142a\u0144cuch wydarze\u0144, w&nbsp;kt\u00f3rym przypadek szybko zaczyna wygl\u0105da\u0107 jak cz\u0119\u015b\u0107 wi\u0119kszej, mrocznej logiki.<\/li>\n\n\n\n<li><a href=\"https:\/\/audioteka.com\/pl\/cykl\/komisarz-van-veeteren\/\" target=\"_blank\" rel=\"noopener\">Komisarz Van Veeteren<\/a> jest ju\u017c na emeryturze, ale sprawa uderza tak blisko niego, \u017ce nie mo\u017ce pozosta\u0107 poza \u015bledztwem.<\/li>\n\n\n\n<li>Nesser dobrze buduje napi\u0119cie wok\u00f3\u0142 winy, konsekwencji i&nbsp;zbrodni, kt\u00f3ra zatacza coraz szersze kr\u0119gi.<\/li>\n\n\n\n<li><a href=\"https:\/\/audioteka.com\/pl\/lektor\/janusz-zadura\/\" target=\"_blank\" rel=\"noopener\">Janusz Zadura<\/a> pasuje do spokojniejszego, ch\u0142odnego tonu tej historii i&nbsp;pomaga utrzyma\u0107 atmosfer\u0119 narastaj\u0105cego niepokoju.<\/li>\n\n\n\n<li>To propozycja dla fan\u00f3w klasycznego skandynawskiego krymina\u0142u, gdzie najwa\u017cniejsze s\u0105 psychologia, klimat i&nbsp;pytanie, jak daleko mo\u017ce zaprowadzi\u0107 jedna nocna decyzja.<\/li>\n<\/ul>\n\n\n\n<p class=\"wp-block-paragraph\"><strong><em>\ud83c\udfa7Chc\u0119 pos\u0142ucha\u0107! \u27a1\ufe0f<a href=\"https:\/\/audioteka.com\/pl\/audiobook\/karambol-komisarz-van-veeteren-tom-7\/\" target=\"_blank\" rel=\"noopener\">Karambol. Komisarz Van Veeteren. Tom 7 &#8211; Audiobook &#8211; H\u00e5kan Nesser &#8211; Marginesy | Audioteka<\/a><\/em><\/strong><\/p>\n\n\n\n<h2 class=\"wp-block-heading\"><span class=\"ez-toc-section\" id=\"7_%E2%80%9EBieda_w_Ameryce%E2%80%9D_%E2%80%93_Matthew_Desmond\"><\/span>7. \u201eBieda w&nbsp;Ameryce\u201d &#8211; Matthew Desmond<span class=\"ez-toc-section-end\"><\/span><\/h2>\n\n\n<div class=\"wp-block-image\">\n<figure class=\"aligncenter size-full\"><img data-recalc-dims=\"1\" loading=\"lazy\" decoding=\"async\" width=\"300\" height=\"300\" data-attachment-id=\"23220\" data-permalink=\"https:\/\/blogaudioteka.wpcomstaging.com\/15-nowych-audiobookow-ktore-brzmia-jak-koncowka-lata-troche-slodko-troche-nostalgicznie-24-30-08\/4-2026-08-30t134243-506\" data-orig-file=\"https:\/\/i0.wp.com\/blogaudioteka.wpcomstaging.com\/wp-content\/uploads\/4-2026-08-30T134243.506.webp?fit=300%2C300&amp;ssl=1\" data-orig-size=\"300,300\" data-comments-opened=\"0\" data-image-meta=\"{&quot;aperture&quot;:&quot;0&quot;,&quot;credit&quot;:&quot;&quot;,&quot;camera&quot;:&quot;&quot;,&quot;caption&quot;:&quot;&quot;,&quot;created_timestamp&quot;:&quot;0&quot;,&quot;copyright&quot;:&quot;&quot;,&quot;focal_length&quot;:&quot;0&quot;,&quot;iso&quot;:&quot;0&quot;,&quot;shutter_speed&quot;:&quot;0&quot;,&quot;title&quot;:&quot;&quot;,&quot;orientation&quot;:&quot;0&quot;,&quot;alt&quot;:&quot;&quot;}\" data-image-title=\"4 &amp;#8211; 2026-08-30T134243.506\" data-image-description=\"\" data-image-caption=\"\" data-large-file=\"https:\/\/i0.wp.com\/blogaudioteka.wpcomstaging.com\/wp-content\/uploads\/4-2026-08-30T134243.506.webp?fit=300%2C300&amp;ssl=1\" src=\"https:\/\/i0.wp.com\/blogaudioteka.wpcomstaging.com\/wp-content\/uploads\/4-2026-08-30T134243.506.webp?resize=300%2C300&#038;ssl=1\" alt=\"\" class=\"wp-image-23220\" srcset=\"https:\/\/i0.wp.com\/blogaudioteka.wpcomstaging.com\/wp-content\/uploads\/4-2026-08-30T134243.506.webp?w=300&amp;ssl=1 300w, https:\/\/i0.wp.com\/blogaudioteka.wpcomstaging.com\/wp-content\/uploads\/4-2026-08-30T134243.506.webp?resize=150%2C150&amp;ssl=1 150w, https:\/\/i0.wp.com\/blogaudioteka.wpcomstaging.com\/wp-content\/uploads\/4-2026-08-30T134243.506.webp?resize=148%2C148&amp;ssl=1 148w, https:\/\/i0.wp.com\/blogaudioteka.wpcomstaging.com\/wp-content\/uploads\/4-2026-08-30T134243.506.webp?resize=296%2C296&amp;ssl=1 296w\" sizes=\"auto, (max-width: 300px) 100vw, 300px\" \/><\/figure>\n<\/div>\n\n\n<p class=\"wp-block-paragraph\"><strong>Dlaczego wybrali\u015bmy t\u0119 pozycj\u0119?<\/strong><\/p>\n\n\n\n<ul class=\"wp-block-list\">\n<li>To mocne non-fiction o&nbsp;kraju, kt\u00f3ry kojarzy si\u0119 z&nbsp;bogactwem, ale wci\u0105\u017c nie potrafi poradzi\u0107 sobie z&nbsp;ub\u00f3stwem.<\/li>\n\n\n\n<li>Matthew Desmond nie zatrzymuje si\u0119 na prostym wsp\u00f3\u0142czuciu, tylko pokazuje system, kt\u00f3ry pozwala biedzie trwa\u0107 przez lata.<\/li>\n\n\n\n<li>Audiobook uderza najmocniej wtedy, gdy pokazuje, \u017ce na nier\u00f3wno\u015bciach kto\u015b zawsze zarabia.<\/li>\n\n\n\n<li>To historia o&nbsp;mieszkaniach, pracy, podatkach, wyzysku i&nbsp;codziennych mechanizmach, kt\u00f3re spychaj\u0105 ludzi coraz ni\u017cej.<\/li>\n\n\n\n<li><a href=\"https:\/\/audioteka.com\/pl\/lektor\/michal-kozlik\/\" target=\"_blank\" rel=\"noopener\">Micha\u0142 Ko\u017alik<\/a> prowadzi ten temat spokojnie i&nbsp;rzeczowo, co dobrze pasuje do reporta\u017cu, kt\u00f3ry ma si\u0142\u0119 w\u0142a\u015bnie w&nbsp;konkretach.<\/li>\n\n\n\n<li>To propozycja dla s\u0142uchaczy, kt\u00f3rzy lubi\u0105 wa\u017cne ksi\u0105\u017cki o&nbsp;\u015bwiecie, spo\u0142ecze\u0144stwie i&nbsp;cenie wygody, kt\u00f3r\u0105 cz\u0119sto p\u0142aci kto\u015b inny.<\/li>\n<\/ul>\n\n\n\n<p class=\"wp-block-paragraph\"><strong><em>\ud83c\udfa7Chc\u0119 pos\u0142ucha\u0107! \u27a1\ufe0f<a href=\"https:\/\/audioteka.com\/pl\/audiobook\/bieda-w-ameryce\/\" target=\"_blank\" rel=\"noopener\">Bieda w&nbsp;Ameryce &#8211; Audiobook &#8211; Matthew Desmond &#8211; Marginesy | Audioteka<\/a><\/em><\/strong><\/p>\n\n\n\n<h2 class=\"wp-block-heading\"><span class=\"ez-toc-section\" id=\"8_%E2%80%9EKrzemowa_kompania_Jak_kolonizuje_nas_Big_Tech%E2%80%9D_%E2%80%93_Agata_Kazmierska_Wojciech_Brzezinski\"><\/span>8. \u201eKrzemowa kompania. Jak kolonizuje nas Big Tech\u201d &#8211; Agata Ka\u017amierska, Wojciech Brzezi\u0144ski<span class=\"ez-toc-section-end\"><\/span><\/h2>\n\n\n<div class=\"wp-block-image\">\n<figure class=\"aligncenter size-full\"><img data-recalc-dims=\"1\" loading=\"lazy\" decoding=\"async\" width=\"300\" height=\"300\" data-attachment-id=\"23219\" data-permalink=\"https:\/\/blogaudioteka.wpcomstaging.com\/15-nowych-audiobookow-ktore-brzmia-jak-koncowka-lata-troche-slodko-troche-nostalgicznie-24-30-08\/4-2026-08-30t134116-664\" data-orig-file=\"https:\/\/i0.wp.com\/blogaudioteka.wpcomstaging.com\/wp-content\/uploads\/4-2026-08-30T134116.664.webp?fit=300%2C300&amp;ssl=1\" data-orig-size=\"300,300\" data-comments-opened=\"0\" data-image-meta=\"{&quot;aperture&quot;:&quot;0&quot;,&quot;credit&quot;:&quot;&quot;,&quot;camera&quot;:&quot;&quot;,&quot;caption&quot;:&quot;&quot;,&quot;created_timestamp&quot;:&quot;0&quot;,&quot;copyright&quot;:&quot;&quot;,&quot;focal_length&quot;:&quot;0&quot;,&quot;iso&quot;:&quot;0&quot;,&quot;shutter_speed&quot;:&quot;0&quot;,&quot;title&quot;:&quot;&quot;,&quot;orientation&quot;:&quot;0&quot;,&quot;alt&quot;:&quot;&quot;}\" data-image-title=\"4 &amp;#8211; 2026-08-30T134116.664\" data-image-description=\"\" data-image-caption=\"\" data-large-file=\"https:\/\/i0.wp.com\/blogaudioteka.wpcomstaging.com\/wp-content\/uploads\/4-2026-08-30T134116.664.webp?fit=300%2C300&amp;ssl=1\" src=\"https:\/\/i0.wp.com\/blogaudioteka.wpcomstaging.com\/wp-content\/uploads\/4-2026-08-30T134116.664.webp?resize=300%2C300&#038;ssl=1\" alt=\"\" class=\"wp-image-23219\" srcset=\"https:\/\/i0.wp.com\/blogaudioteka.wpcomstaging.com\/wp-content\/uploads\/4-2026-08-30T134116.664.webp?w=300&amp;ssl=1 300w, https:\/\/i0.wp.com\/blogaudioteka.wpcomstaging.com\/wp-content\/uploads\/4-2026-08-30T134116.664.webp?resize=150%2C150&amp;ssl=1 150w, https:\/\/i0.wp.com\/blogaudioteka.wpcomstaging.com\/wp-content\/uploads\/4-2026-08-30T134116.664.webp?resize=148%2C148&amp;ssl=1 148w, https:\/\/i0.wp.com\/blogaudioteka.wpcomstaging.com\/wp-content\/uploads\/4-2026-08-30T134116.664.webp?resize=296%2C296&amp;ssl=1 296w\" sizes=\"auto, (max-width: 300px) 100vw, 300px\" \/><\/figure>\n<\/div>\n\n\n<p class=\"wp-block-paragraph\"><strong>Dlaczego wybrali\u015bmy t\u0119 pozycj\u0119?<\/strong><\/p>\n\n\n\n<ul class=\"wp-block-list\">\n<li>To <a href=\"https:\/\/audioteka.com\/pl\/katalog\/reportaz-i-dokument\/\" target=\"_blank\" rel=\"noopener\">reporta\u017c<\/a> o&nbsp;\u015bwiecie, w&nbsp;kt\u00f3rym nie trzeba podbija\u0107 ludzi si\u0142\u0105, wystarczy da\u0107 im aplikacj\u0119 i&nbsp;przycisk \u201eakceptuj\u0119\u201d.<\/li>\n\n\n\n<li>Autorzy pokazuj\u0105, jak Big Tech przej\u0105\u0142 nasz\u0105 uwag\u0119, dane, emocje i&nbsp;codzienne wybory.<\/li>\n\n\n\n<li>Facebook, YouTube, OpenAI, Palantir, kryptowaluty i&nbsp;cyfrowy nadz\u00f3r tworz\u0105 tu map\u0119 nowej w\u0142adzy.<\/li>\n\n\n\n<li>Najmocniej dzia\u0142a my\u015bl, \u017ce kolonizacja XXI wieku nie wygl\u0105da jak wojna, tylko jak wygoda w&nbsp;telefonie.<\/li>\n\n\n\n<li>Jan Pasterski dobrze prowadzi opowie\u015b\u0107, kt\u00f3ra \u0142\u0105czy technologi\u0119, polityk\u0119, biznes i&nbsp;bardzo wsp\u00f3\u0142czesny niepok\u00f3j.<\/li>\n\n\n\n<li>To wyb\u00f3r dla tych, kt\u00f3rzy chc\u0105 lepiej zrozumie\u0107, kto naprawd\u0119 projektuje nasz\u0105 przysz\u0142o\u015b\u0107 i&nbsp;ile oddali\u015bmy za obietnic\u0119 \u0142atwiejszego \u017cycia.<\/li>\n<\/ul>\n\n\n\n<p class=\"wp-block-paragraph\"><strong><em>\ud83c\udfa7Chc\u0119 pos\u0142ucha\u0107! \u27a1\ufe0f<a href=\"https:\/\/audioteka.com\/pl\/audiobook\/krzemowa-kompania-jak-kolonizuje-nas-big-tech\/\" target=\"_blank\" rel=\"noopener\">Krzemowa kompania. Jak kolonizuje nas Big Tech &#8211; Audiobook &#8211; Agata Ka\u017amierska, Wojciech Brzezi\u0144ski &#8211; Wydawnictwo Port | Audioteka<\/a><\/em><\/strong><\/p>\n\n\n\n<h2 class=\"wp-block-heading\"><span class=\"ez-toc-section\" id=\"9_%E2%80%9ESkradzione_piekno%E2%80%9D_%E2%80%93_Diana_Brzezinska\"><\/span>9. \u201eSkradzione pi\u0119kno\u201d &#8211; Diana Brzezi\u0144ska<span class=\"ez-toc-section-end\"><\/span><\/h2>\n\n\n<div class=\"wp-block-image\">\n<figure class=\"aligncenter size-full\"><img data-recalc-dims=\"1\" loading=\"lazy\" decoding=\"async\" width=\"300\" height=\"300\" data-attachment-id=\"23209\" data-permalink=\"https:\/\/blogaudioteka.wpcomstaging.com\/15-nowych-audiobookow-ktore-brzmia-jak-koncowka-lata-troche-slodko-troche-nostalgicznie-24-30-08\/4-2026-08-30t133408-723\" data-orig-file=\"https:\/\/i0.wp.com\/blogaudioteka.wpcomstaging.com\/wp-content\/uploads\/4-2026-08-30T133408.723.webp?fit=300%2C300&amp;ssl=1\" data-orig-size=\"300,300\" data-comments-opened=\"0\" data-image-meta=\"{&quot;aperture&quot;:&quot;0&quot;,&quot;credit&quot;:&quot;&quot;,&quot;camera&quot;:&quot;&quot;,&quot;caption&quot;:&quot;&quot;,&quot;created_timestamp&quot;:&quot;0&quot;,&quot;copyright&quot;:&quot;&quot;,&quot;focal_length&quot;:&quot;0&quot;,&quot;iso&quot;:&quot;0&quot;,&quot;shutter_speed&quot;:&quot;0&quot;,&quot;title&quot;:&quot;&quot;,&quot;orientation&quot;:&quot;0&quot;,&quot;alt&quot;:&quot;&quot;}\" data-image-title=\"4 &amp;#8211; 2026-08-30T133408.723\" data-image-description=\"\" data-image-caption=\"\" data-large-file=\"https:\/\/i0.wp.com\/blogaudioteka.wpcomstaging.com\/wp-content\/uploads\/4-2026-08-30T133408.723.webp?fit=300%2C300&amp;ssl=1\" src=\"https:\/\/i0.wp.com\/blogaudioteka.wpcomstaging.com\/wp-content\/uploads\/4-2026-08-30T133408.723.webp?resize=300%2C300&#038;ssl=1\" alt=\"\" class=\"wp-image-23209\" srcset=\"https:\/\/i0.wp.com\/blogaudioteka.wpcomstaging.com\/wp-content\/uploads\/4-2026-08-30T133408.723.webp?w=300&amp;ssl=1 300w, https:\/\/i0.wp.com\/blogaudioteka.wpcomstaging.com\/wp-content\/uploads\/4-2026-08-30T133408.723.webp?resize=150%2C150&amp;ssl=1 150w, https:\/\/i0.wp.com\/blogaudioteka.wpcomstaging.com\/wp-content\/uploads\/4-2026-08-30T133408.723.webp?resize=148%2C148&amp;ssl=1 148w, https:\/\/i0.wp.com\/blogaudioteka.wpcomstaging.com\/wp-content\/uploads\/4-2026-08-30T133408.723.webp?resize=296%2C296&amp;ssl=1 296w\" sizes=\"auto, (max-width: 300px) 100vw, 300px\" \/><\/figure>\n<\/div>\n\n\n<p class=\"wp-block-paragraph\"><strong>Dlaczego wybrali\u015bmy t\u0119 pozycj\u0119?<\/strong><\/p>\n\n\n\n<ul class=\"wp-block-list\">\n<li>To <a href=\"https:\/\/audioteka.com\/pl\/katalog\/kryminaly\/\" target=\"_blank\" rel=\"noopener\">krymina\u0142<\/a> ze \u015bwiatem sztuki w&nbsp;tle, gdzie pi\u0119kno od pocz\u0105tku ma w&nbsp;sobie co\u015b bardzo niepokoj\u0105cego.<\/li>\n\n\n\n<li>Astrid jest tajemnicz\u0105 artystk\u0105, kt\u00f3rej portrety zachwycaj\u0105 krytyk\u00f3w, ale ka\u017cda modelka mo\u017ce skrywa\u0107 inn\u0105 histori\u0119.<\/li>\n\n\n\n<li>Odnalezione po latach zw\u0142oki jednej z&nbsp;muz zmieniaj\u0105 artystyczny sukces w&nbsp;mroczn\u0105 zagadk\u0119.<\/li>\n\n\n\n<li>Oskar Pieni\u0105\u017cek, fan podcast\u00f3w kryminalnych i&nbsp;asystent malarki, zaczyna \u0142\u0105czy\u0107 fakty, kt\u00f3re powinny pozosta\u0107 ukryte.<\/li>\n\n\n\n<li>Filip Kosior \u015bwietnie pasuje do historii o&nbsp;obsesji, s\u0142awie i&nbsp;sekretach zamkni\u0119tych w&nbsp;obrazach.<\/li>\n\n\n\n<li>To propozycja dla s\u0142uchaczy, kt\u00f3rzy lubi\u0105 krymina\u0142y z&nbsp;klimatem, artystyczn\u0105 aur\u0105 i&nbsp;pytaniem, jak\u0105 cen\u0119 p\u0142aci si\u0119 za nie\u015bmiertelno\u015b\u0107.<\/li>\n<\/ul>\n\n\n\n<p class=\"wp-block-paragraph\"><strong>\ud83c\udfa7Chc\u0119 pos\u0142ucha\u0107! \u27a1\ufe0f<a href=\"https:\/\/audioteka.com\/pl\/audiobook\/skradzione-piekno\/\" target=\"_blank\" rel=\"noopener\">Skradzione pi\u0119kno &#8211; Audiobook &#8211; Diana Brzezi\u0144ska &#8211; Czwarta Strona | Audioteka<\/a><\/strong><\/p>\n\n\n\n<h2 class=\"wp-block-heading\"><span class=\"ez-toc-section\" id=\"10_%E2%80%9EBiblioteka_Amorlin%E2%80%9D_%E2%80%93_Kalyn_Josephson\"><\/span>10. \u201eBiblioteka Amorlin\u201d &#8211; Kalyn Josephson<span class=\"ez-toc-section-end\"><\/span><\/h2>\n\n\n<div class=\"wp-block-image\">\n<figure class=\"aligncenter size-full\"><img data-recalc-dims=\"1\" loading=\"lazy\" decoding=\"async\" width=\"300\" height=\"300\" data-attachment-id=\"23207\" data-permalink=\"https:\/\/blogaudioteka.wpcomstaging.com\/15-nowych-audiobookow-ktore-brzmia-jak-koncowka-lata-troche-slodko-troche-nostalgicznie-24-30-08\/4-2026-08-30t133252-565\" data-orig-file=\"https:\/\/i0.wp.com\/blogaudioteka.wpcomstaging.com\/wp-content\/uploads\/4-2026-08-30T133252.565.webp?fit=300%2C300&amp;ssl=1\" data-orig-size=\"300,300\" data-comments-opened=\"0\" data-image-meta=\"{&quot;aperture&quot;:&quot;0&quot;,&quot;credit&quot;:&quot;&quot;,&quot;camera&quot;:&quot;&quot;,&quot;caption&quot;:&quot;&quot;,&quot;created_timestamp&quot;:&quot;0&quot;,&quot;copyright&quot;:&quot;&quot;,&quot;focal_length&quot;:&quot;0&quot;,&quot;iso&quot;:&quot;0&quot;,&quot;shutter_speed&quot;:&quot;0&quot;,&quot;title&quot;:&quot;&quot;,&quot;orientation&quot;:&quot;0&quot;,&quot;alt&quot;:&quot;&quot;}\" data-image-title=\"4 &amp;#8211; 2026-08-30T133252.565\" data-image-description=\"\" data-image-caption=\"\" data-large-file=\"https:\/\/i0.wp.com\/blogaudioteka.wpcomstaging.com\/wp-content\/uploads\/4-2026-08-30T133252.565.webp?fit=300%2C300&amp;ssl=1\" src=\"https:\/\/i0.wp.com\/blogaudioteka.wpcomstaging.com\/wp-content\/uploads\/4-2026-08-30T133252.565.webp?resize=300%2C300&#038;ssl=1\" alt=\"\" class=\"wp-image-23207\" srcset=\"https:\/\/i0.wp.com\/blogaudioteka.wpcomstaging.com\/wp-content\/uploads\/4-2026-08-30T133252.565.webp?w=300&amp;ssl=1 300w, https:\/\/i0.wp.com\/blogaudioteka.wpcomstaging.com\/wp-content\/uploads\/4-2026-08-30T133252.565.webp?resize=150%2C150&amp;ssl=1 150w, https:\/\/i0.wp.com\/blogaudioteka.wpcomstaging.com\/wp-content\/uploads\/4-2026-08-30T133252.565.webp?resize=148%2C148&amp;ssl=1 148w, https:\/\/i0.wp.com\/blogaudioteka.wpcomstaging.com\/wp-content\/uploads\/4-2026-08-30T133252.565.webp?resize=296%2C296&amp;ssl=1 296w\" sizes=\"auto, (max-width: 300px) 100vw, 300px\" \/><\/figure>\n<\/div>\n\n\n<p class=\"wp-block-paragraph\"><strong>Dlaczego wybrali\u015bmy t\u0119 pozycj\u0119?<\/strong><\/p>\n\n\n\n<ul class=\"wp-block-list\">\n<li>To <a href=\"https:\/\/audioteka.com\/pl\/katalog\/fantasy-n\/\" target=\"_blank\" rel=\"noopener\">fantasy<\/a> z&nbsp;bardzo kusz\u0105cym punktem wyj\u015bcia: genialna oszustka dostaje ostatnie zlecenie i&nbsp;musi rozbi\u0107 magiczn\u0105 bibliotek\u0119 od \u015brodka.<\/li>\n\n\n\n<li>Kasira trafia do miejsca pe\u0142nego tajemnic, niezwyk\u0142ych ksi\u0105g i&nbsp;stworze\u0144, kt\u00f3re mog\u0105 by\u0107 r\u00f3wnie pi\u0119kne, co niebezpieczne.<\/li>\n\n\n\n<li>Biblioteka Amorlin dzia\u0142a jak osobny \u015bwiat, w&nbsp;kt\u00f3rym magia, polityka sze\u015bciu kr\u00f3lestw i&nbsp;sekrety splataj\u0105 si\u0119 w&nbsp;jedn\u0105 wci\u0105gaj\u0105c\u0105 intryg\u0119.<\/li>\n\n\n\n<li>Allaster dodaje historii napi\u0119cia, bo jest tajemniczy, niedost\u0119pny i&nbsp;zdecydowanie wie wi\u0119cej, ni\u017c m\u00f3wi.<\/li>\n\n\n\n<li>Agata Sk\u00f3rska dobrze prowadzi opowie\u015b\u0107, kt\u00f3ra potrzebuje ba\u015bniowego zachwytu, przygodowego tempa i&nbsp;odrobiny mroku.<\/li>\n\n\n\n<li>To propozycja dla tych, kt\u00f3rzy lubi\u0105 fantasy o&nbsp;magicznych instytucjach, niebezpiecznych uk\u0142adach i&nbsp;bohaterkach, kt\u00f3re potrafi\u0105 oszuka\u0107 prawie wszystkich.<\/li>\n<\/ul>\n\n\n\n<p class=\"wp-block-paragraph\"><strong><em>\ud83c\udfa7Chc\u0119 pos\u0142ucha\u0107! \u27a1\ufe0f<a href=\"https:\/\/audioteka.com\/pl\/audiobook\/biblioteka-amorlin\/\" target=\"_blank\" rel=\"noopener\">Biblioteka Amorlin &#8211; Audiobook &#8211; Kalyn Josephson &#8211; Lumivera | Audioteka<\/a><\/em><\/strong><\/p>\n\n\n\n<h2 class=\"wp-block-heading\"><span class=\"ez-toc-section\" id=\"11_%E2%80%9EOczy_sa_najsmaczniejsze%E2%80%9D_%E2%80%93_Monika_Kim\"><\/span>11. \u201eOczy s\u0105 najsmaczniejsze\u201d &#8211; Monika Kim<span class=\"ez-toc-section-end\"><\/span><\/h2>\n\n\n<div class=\"wp-block-image\">\n<figure class=\"aligncenter size-full\"><img data-recalc-dims=\"1\" loading=\"lazy\" decoding=\"async\" width=\"300\" height=\"300\" data-attachment-id=\"23205\" data-permalink=\"https:\/\/blogaudioteka.wpcomstaging.com\/15-nowych-audiobookow-ktore-brzmia-jak-koncowka-lata-troche-slodko-troche-nostalgicznie-24-30-08\/4-2026-08-30t132814-251\" data-orig-file=\"https:\/\/i0.wp.com\/blogaudioteka.wpcomstaging.com\/wp-content\/uploads\/4-2026-08-30T132814.251.webp?fit=300%2C300&amp;ssl=1\" data-orig-size=\"300,300\" data-comments-opened=\"0\" data-image-meta=\"{&quot;aperture&quot;:&quot;0&quot;,&quot;credit&quot;:&quot;&quot;,&quot;camera&quot;:&quot;&quot;,&quot;caption&quot;:&quot;&quot;,&quot;created_timestamp&quot;:&quot;0&quot;,&quot;copyright&quot;:&quot;&quot;,&quot;focal_length&quot;:&quot;0&quot;,&quot;iso&quot;:&quot;0&quot;,&quot;shutter_speed&quot;:&quot;0&quot;,&quot;title&quot;:&quot;&quot;,&quot;orientation&quot;:&quot;0&quot;,&quot;alt&quot;:&quot;&quot;}\" data-image-title=\"4 &amp;#8211; 2026-08-30T132814.251\" data-image-description=\"\" data-image-caption=\"\" data-large-file=\"https:\/\/i0.wp.com\/blogaudioteka.wpcomstaging.com\/wp-content\/uploads\/4-2026-08-30T132814.251.webp?fit=300%2C300&amp;ssl=1\" src=\"https:\/\/i0.wp.com\/blogaudioteka.wpcomstaging.com\/wp-content\/uploads\/4-2026-08-30T132814.251.webp?resize=300%2C300&#038;ssl=1\" alt=\"\" class=\"wp-image-23205\" srcset=\"https:\/\/i0.wp.com\/blogaudioteka.wpcomstaging.com\/wp-content\/uploads\/4-2026-08-30T132814.251.webp?w=300&amp;ssl=1 300w, https:\/\/i0.wp.com\/blogaudioteka.wpcomstaging.com\/wp-content\/uploads\/4-2026-08-30T132814.251.webp?resize=150%2C150&amp;ssl=1 150w, https:\/\/i0.wp.com\/blogaudioteka.wpcomstaging.com\/wp-content\/uploads\/4-2026-08-30T132814.251.webp?resize=148%2C148&amp;ssl=1 148w, https:\/\/i0.wp.com\/blogaudioteka.wpcomstaging.com\/wp-content\/uploads\/4-2026-08-30T132814.251.webp?resize=296%2C296&amp;ssl=1 296w\" sizes=\"auto, (max-width: 300px) 100vw, 300px\" \/><\/figure>\n<\/div>\n\n\n<p class=\"wp-block-paragraph\"><strong>Dlaczego wybrali\u015bmy t\u0119 pozycj\u0119?<\/strong><\/p>\n\n\n\n<ul class=\"wp-block-list\">\n<li>To <a href=\"https:\/\/audioteka.com\/pl\/katalog\/horror-n\/\" target=\"_blank\" rel=\"noopener\">horror<\/a>, kt\u00f3ry ju\u017c samym tytu\u0142em \u0142apie za gard\u0142o i&nbsp;obiecuje co\u015b odwa\u017cnego, dziwnego i&nbsp;bardzo niepokoj\u0105cego.<\/li>\n\n\n\n<li>Ji-won prze\u017cywa rodzinny rozpad, ale jej gniew szybko zaczyna zmienia\u0107 si\u0119 w&nbsp;co\u015b znacznie mroczniejszego.<\/li>\n\n\n\n<li>Motyw apetycznych, niebieskich oczu jest makabryczny, hipnotyczny i&nbsp;trudny do wyrzucenia z&nbsp;g\u0142owy.<\/li>\n\n\n\n<li>Historia dobrze miesza traum\u0119, zemst\u0119, koszmary i&nbsp;brutalne morderstwa, przez co granica mi\u0119dzy psychologi\u0105 a&nbsp;horrorem robi si\u0119 coraz cie\u0144sza.<\/li>\n\n\n\n<li>Barbara Liberek pasuje do opowie\u015bci, kt\u00f3ra potrzebuje napi\u0119cia, emocjonalnego niepokoju i&nbsp;narastaj\u0105cej obsesji.<\/li>\n\n\n\n<li>To wyb\u00f3r dla s\u0142uchaczy, kt\u00f3rzy szukaj\u0105 horroru z&nbsp;mocnym pomys\u0142em, kobiec\u0105 z\u0142o\u015bci\u0105 i&nbsp;atmosfer\u0105, od kt\u00f3rej robi si\u0119 ch\u0142odniej nawet pod koniec lata.<\/li>\n<\/ul>\n\n\n\n<p class=\"wp-block-paragraph\"><strong><em>\ud83c\udfa7Chc\u0119 pos\u0142ucha\u0107! \u27a1\ufe0f<a href=\"https:\/\/audioteka.com\/pl\/audiobook\/oczy-sa-najsmaczniejsze\/\" target=\"_blank\" rel=\"noopener\">Oczy s\u0105 najsmaczniejsze &#8211; Audiobook &#8211; Monika Kim &#8211; Wydawnictwo Pozna\u0144skie | Audioteka<\/a><\/em><\/strong><\/p>\n\n\n\n<h2 class=\"wp-block-heading\"><span class=\"ez-toc-section\" id=\"12_%E2%80%9EHeated_Rivalry%E2%80%9D_%E2%80%93_Rachel_Reid\"><\/span>12. \u201eHeated Rivalry\u201d &#8211; Rachel Reid<span class=\"ez-toc-section-end\"><\/span><\/h2>\n\n\n<div class=\"wp-block-image\">\n<figure class=\"aligncenter size-full\"><img data-recalc-dims=\"1\" loading=\"lazy\" decoding=\"async\" width=\"300\" height=\"300\" data-attachment-id=\"23203\" data-permalink=\"https:\/\/blogaudioteka.wpcomstaging.com\/15-nowych-audiobookow-ktore-brzmia-jak-koncowka-lata-troche-slodko-troche-nostalgicznie-24-30-08\/4-2026-08-30t132521-635\" data-orig-file=\"https:\/\/i0.wp.com\/blogaudioteka.wpcomstaging.com\/wp-content\/uploads\/4-2026-08-30T132521.635.webp?fit=300%2C300&amp;ssl=1\" data-orig-size=\"300,300\" data-comments-opened=\"0\" data-image-meta=\"{&quot;aperture&quot;:&quot;0&quot;,&quot;credit&quot;:&quot;&quot;,&quot;camera&quot;:&quot;&quot;,&quot;caption&quot;:&quot;&quot;,&quot;created_timestamp&quot;:&quot;0&quot;,&quot;copyright&quot;:&quot;&quot;,&quot;focal_length&quot;:&quot;0&quot;,&quot;iso&quot;:&quot;0&quot;,&quot;shutter_speed&quot;:&quot;0&quot;,&quot;title&quot;:&quot;&quot;,&quot;orientation&quot;:&quot;0&quot;,&quot;alt&quot;:&quot;&quot;}\" data-image-title=\"4 &amp;#8211; 2026-08-30T132521.635\" data-image-description=\"\" data-image-caption=\"\" data-large-file=\"https:\/\/i0.wp.com\/blogaudioteka.wpcomstaging.com\/wp-content\/uploads\/4-2026-08-30T132521.635.webp?fit=300%2C300&amp;ssl=1\" src=\"https:\/\/i0.wp.com\/blogaudioteka.wpcomstaging.com\/wp-content\/uploads\/4-2026-08-30T132521.635.webp?resize=300%2C300&#038;ssl=1\" alt=\"\" class=\"wp-image-23203\" srcset=\"https:\/\/i0.wp.com\/blogaudioteka.wpcomstaging.com\/wp-content\/uploads\/4-2026-08-30T132521.635.webp?w=300&amp;ssl=1 300w, https:\/\/i0.wp.com\/blogaudioteka.wpcomstaging.com\/wp-content\/uploads\/4-2026-08-30T132521.635.webp?resize=150%2C150&amp;ssl=1 150w, https:\/\/i0.wp.com\/blogaudioteka.wpcomstaging.com\/wp-content\/uploads\/4-2026-08-30T132521.635.webp?resize=148%2C148&amp;ssl=1 148w, https:\/\/i0.wp.com\/blogaudioteka.wpcomstaging.com\/wp-content\/uploads\/4-2026-08-30T132521.635.webp?resize=296%2C296&amp;ssl=1 296w\" sizes=\"auto, (max-width: 300px) 100vw, 300px\" \/><\/figure>\n<\/div>\n\n\n<p class=\"wp-block-paragraph\"><strong>Dlaczego wybrali\u015bmy t\u0119 pozycj\u0119?<\/strong><\/p>\n\n\n\n<ul class=\"wp-block-list\">\n<li>To <a href=\"https:\/\/audioteka.com\/pl\/cykl\/goraca-rywalizacja\/\" target=\"_blank\" rel=\"noopener\">gor\u0105cy romans sportowy<\/a>, w&nbsp;kt\u00f3rym rywalizacja na lodzie zmienia si\u0119 w&nbsp;relacj\u0119 zbyt intensywn\u0105, \u017ceby da\u0142o si\u0119 j\u0105 dalej ukrywa\u0107.<\/li>\n\n\n\n<li>Shane i&nbsp;Ilya s\u0105 dla siebie najwi\u0119kszymi przeciwnikami, ale w\u0142a\u015bnie dlatego mi\u0119dzy nimi od pocz\u0105tku iskrzy najmocniej.<\/li>\n\n\n\n<li>Hokejowe t\u0142o dodaje historii tempa, ambicji i&nbsp;presji, bo obaj bohaterowie maj\u0105 kariery, kt\u00f3re mog\u0105 run\u0105\u0107 po ujawnieniu prawdy.<\/li>\n\n\n\n<li>Sekretne spotkania, publiczny wizerunek i&nbsp;rosn\u0105ce uczucia tworz\u0105 napi\u0119cie du\u017co wi\u0119ksze ni\u017c sam wynik meczu.<\/li>\n\n\n\n<li>Marek Sajmbor dobrze odnajduje si\u0119 w&nbsp;historii, kt\u00f3ra \u0142\u0105czy sportow\u0105 energi\u0119, emocje i&nbsp;mocn\u0105 chemi\u0119 mi\u0119dzy bohaterami.<\/li>\n\n\n\n<li>To propozycja dla fan\u00f3w <a href=\"https:\/\/audioteka.com\/pl\/katalog\/erotyka-i-romans\/\" target=\"_blank\" rel=\"noopener\">romans\u00f3w<\/a> enemies to lovers, sportowych emocji i&nbsp;relacji, w&nbsp;kt\u00f3rych najwi\u0119ksza walka zaczyna si\u0119 dopiero poza lodowiskiem.<\/li>\n<\/ul>\n\n\n\n<p class=\"wp-block-paragraph\"><strong><em>\ud83c\udfa7Chc\u0119 pos\u0142ucha\u0107! \u27a1\ufe0f<a href=\"https:\/\/audioteka.com\/pl\/audiobook\/heated-rivalry\/\" target=\"_blank\" rel=\"noopener\">Heated Rivalry &#8211; Audiobook &#8211; Rachel Reid &#8211; Wydawnictwo NieZwyk\u0142e Zagraniczne | Audioteka<\/a><\/em><\/strong><\/p>\n\n\n\n<h2 class=\"wp-block-heading\"><span class=\"ez-toc-section\" id=\"13_%E2%80%9ECzy_jestesmy_sami_na_Ziemi%E2%80%9D_%E2%80%93_Neil_deGrasse_Tyson\"><\/span>13. \u201eCzy jeste\u015bmy sami na Ziemi?\u201d &#8211; Neil deGrasse Tyson<span class=\"ez-toc-section-end\"><\/span><\/h2>\n\n\n<div class=\"wp-block-image\">\n<figure class=\"aligncenter size-full\"><img data-recalc-dims=\"1\" loading=\"lazy\" decoding=\"async\" width=\"300\" height=\"300\" data-attachment-id=\"23201\" data-permalink=\"https:\/\/blogaudioteka.wpcomstaging.com\/15-nowych-audiobookow-ktore-brzmia-jak-koncowka-lata-troche-slodko-troche-nostalgicznie-24-30-08\/4-2026-08-30t132358-262\" data-orig-file=\"https:\/\/i0.wp.com\/blogaudioteka.wpcomstaging.com\/wp-content\/uploads\/4-2026-08-30T132358.262.webp?fit=300%2C300&amp;ssl=1\" data-orig-size=\"300,300\" data-comments-opened=\"0\" data-image-meta=\"{&quot;aperture&quot;:&quot;0&quot;,&quot;credit&quot;:&quot;&quot;,&quot;camera&quot;:&quot;&quot;,&quot;caption&quot;:&quot;&quot;,&quot;created_timestamp&quot;:&quot;0&quot;,&quot;copyright&quot;:&quot;&quot;,&quot;focal_length&quot;:&quot;0&quot;,&quot;iso&quot;:&quot;0&quot;,&quot;shutter_speed&quot;:&quot;0&quot;,&quot;title&quot;:&quot;&quot;,&quot;orientation&quot;:&quot;0&quot;,&quot;alt&quot;:&quot;&quot;}\" data-image-title=\"4 &amp;#8211; 2026-08-30T132358.262\" data-image-description=\"\" data-image-caption=\"\" data-large-file=\"https:\/\/i0.wp.com\/blogaudioteka.wpcomstaging.com\/wp-content\/uploads\/4-2026-08-30T132358.262.webp?fit=300%2C300&amp;ssl=1\" src=\"https:\/\/i0.wp.com\/blogaudioteka.wpcomstaging.com\/wp-content\/uploads\/4-2026-08-30T132358.262.webp?resize=300%2C300&#038;ssl=1\" alt=\"\" class=\"wp-image-23201\" srcset=\"https:\/\/i0.wp.com\/blogaudioteka.wpcomstaging.com\/wp-content\/uploads\/4-2026-08-30T132358.262.webp?w=300&amp;ssl=1 300w, https:\/\/i0.wp.com\/blogaudioteka.wpcomstaging.com\/wp-content\/uploads\/4-2026-08-30T132358.262.webp?resize=150%2C150&amp;ssl=1 150w, https:\/\/i0.wp.com\/blogaudioteka.wpcomstaging.com\/wp-content\/uploads\/4-2026-08-30T132358.262.webp?resize=148%2C148&amp;ssl=1 148w, https:\/\/i0.wp.com\/blogaudioteka.wpcomstaging.com\/wp-content\/uploads\/4-2026-08-30T132358.262.webp?resize=296%2C296&amp;ssl=1 296w\" sizes=\"auto, (max-width: 300px) 100vw, 300px\" \/><\/figure>\n<\/div>\n\n\n<p class=\"wp-block-paragraph\"><strong>Dlaczego wybrali\u015bmy t\u0119 pozycj\u0119?<\/strong><\/p>\n\n\n\n<ul class=\"wp-block-list\">\n<li>Neil deGrasse Tyson bierze jedno z&nbsp;najwi\u0119kszych pyta\u0144 ludzko\u015bci i&nbsp;opowiada o&nbsp;nim lekko, b\u0142yskotliwie i&nbsp;z humorem.<\/li>\n\n\n\n<li>To audiobook dla tych, kt\u00f3rzy lubi\u0105 popularn\u0105 nauk\u0119 podan\u0105 bez nad\u0119cia, ale z&nbsp;du\u017c\u0105 dawk\u0105 wyobra\u017ani.<\/li>\n\n\n\n<li>UFO, kosmici, prawa fizyki, popkultura i&nbsp;kino spotykaj\u0105 si\u0119 tu w&nbsp;jednej opowie\u015bci o&nbsp;tym, jak mog\u0142oby wygl\u0105da\u0107 pierwsze spotkanie z&nbsp;obc\u0105 cywilizacj\u0105.<\/li>\n\n\n\n<li>Tyson nie tylko pyta, czy jeste\u015bmy sami, ale te\u017c zastanawia si\u0119, co kosmici mogliby pomy\u015ble\u0107 o&nbsp;nas.<\/li>\n\n\n\n<li><a href=\"https:\/\/audioteka.com\/pl\/lektor\/bartosz-glogowski\/\" target=\"_blank\" rel=\"noopener\">Bartosz G\u0142ogowski<\/a> dobrze prowadzi ten kosmiczny temat, zachowuj\u0105c lekko\u015b\u0107 i&nbsp;ciekawo\u015b\u0107, kt\u00f3re s\u0105 znakiem rozpoznawczym autora.<\/li>\n\n\n\n<li>To propozycja dla s\u0142uchaczy, kt\u00f3rzy chc\u0105 na chwil\u0119 oderwa\u0107 si\u0119 od Ziemi i&nbsp;spojrze\u0107 na nasz\u0105 planet\u0119 z&nbsp;du\u017co szerszej perspektywy.<\/li>\n<\/ul>\n\n\n\n<p class=\"wp-block-paragraph\"><strong><em>\ud83c\udfa7Chc\u0119 pos\u0142ucha\u0107! \u27a1\ufe0f<a href=\"https:\/\/audioteka.com\/pl\/audiobook\/czy-jestesmy-sami-na-ziemi\/\" target=\"_blank\" rel=\"noopener\">Czy jeste\u015bmy sami na Ziemi? &#8211; Audiobook &#8211; Neil de Grasse Tyson &#8211; Wydawnictwo Filia | Audioteka<\/a><\/em><\/strong><\/p>\n\n\n\n<h2 class=\"wp-block-heading\"><span class=\"ez-toc-section\" id=\"14_%E2%80%9EUspione_archiwum_Yggdrasill_1_1%E2%80%9D_%E2%80%93_Wawrzyniec_Podrzucki\"><\/span>14. \u201eU\u015bpione archiwum. Yggdrasill 1 (#1)\u201d &#8211; Wawrzyniec Podrzucki<span class=\"ez-toc-section-end\"><\/span><\/h2>\n\n\n<div class=\"wp-block-image\">\n<figure class=\"aligncenter size-full\"><img data-recalc-dims=\"1\" loading=\"lazy\" decoding=\"async\" width=\"300\" height=\"300\" data-attachment-id=\"23140\" data-permalink=\"https:\/\/blogaudioteka.wpcomstaging.com\/15-nowych-audiobookow-ktore-brzmia-jak-koncowka-lata-troche-slodko-troche-nostalgicznie-24-30-08\/3-14-2\" data-orig-file=\"https:\/\/i0.wp.com\/blogaudioteka.wpcomstaging.com\/wp-content\/uploads\/3-14-1.webp?fit=300%2C300&amp;ssl=1\" data-orig-size=\"300,300\" data-comments-opened=\"0\" data-image-meta=\"{&quot;aperture&quot;:&quot;0&quot;,&quot;credit&quot;:&quot;&quot;,&quot;camera&quot;:&quot;&quot;,&quot;caption&quot;:&quot;&quot;,&quot;created_timestamp&quot;:&quot;0&quot;,&quot;copyright&quot;:&quot;&quot;,&quot;focal_length&quot;:&quot;0&quot;,&quot;iso&quot;:&quot;0&quot;,&quot;shutter_speed&quot;:&quot;0&quot;,&quot;title&quot;:&quot;&quot;,&quot;orientation&quot;:&quot;0&quot;,&quot;alt&quot;:&quot;&quot;}\" data-image-title=\"3 (14)\" data-image-description=\"\" data-image-caption=\"\" data-large-file=\"https:\/\/i0.wp.com\/blogaudioteka.wpcomstaging.com\/wp-content\/uploads\/3-14-1.webp?fit=300%2C300&amp;ssl=1\" src=\"https:\/\/i0.wp.com\/blogaudioteka.wpcomstaging.com\/wp-content\/uploads\/3-14-1.webp?resize=300%2C300&#038;ssl=1\" alt=\"\" class=\"wp-image-23140\" srcset=\"https:\/\/i0.wp.com\/blogaudioteka.wpcomstaging.com\/wp-content\/uploads\/3-14-1.webp?w=300&amp;ssl=1 300w, https:\/\/i0.wp.com\/blogaudioteka.wpcomstaging.com\/wp-content\/uploads\/3-14-1.webp?resize=150%2C150&amp;ssl=1 150w, https:\/\/i0.wp.com\/blogaudioteka.wpcomstaging.com\/wp-content\/uploads\/3-14-1.webp?resize=148%2C148&amp;ssl=1 148w, https:\/\/i0.wp.com\/blogaudioteka.wpcomstaging.com\/wp-content\/uploads\/3-14-1.webp?resize=296%2C296&amp;ssl=1 296w\" sizes=\"auto, (max-width: 300px) 100vw, 300px\" \/><\/figure>\n<\/div>\n\n\n<p class=\"wp-block-paragraph\"><strong>Dlaczego wybrali\u015bmy t\u0119 pozycj\u0119?<\/strong><\/p>\n\n\n\n<ul class=\"wp-block-list\">\n<li>To <a href=\"https:\/\/audioteka.com\/pl\/katalog\/science-fiction-n\/\" target=\"_blank\" rel=\"noopener\">science fiction<\/a> z&nbsp;imponuj\u0105cym pomys\u0142em na \u015bwiat: ludzko\u015b\u0107 \u017cyje wewn\u0105trz gigantycznego Drzewa stworzonego przez nanotechnologi\u0119.<\/li>\n\n\n\n<li>Yggdrasill dzia\u0142a jak osobny wszech\u015bwiat, pe\u0142en kultur, warstw, tajemnic i&nbsp;spo\u0142ecze\u0144stw, kt\u00f3re cz\u0119sto nie wiedz\u0105 o&nbsp;sobie nawzajem.<\/li>\n\n\n\n<li>Thomas Farquahart rusza w&nbsp;podr\u00f3\u017c, kt\u00f3ra zaczyna si\u0119 jak przygoda, ale szybko ods\u0142ania znacznie wi\u0119ksze zagro\u017cenie.<\/li>\n\n\n\n<li>Najciekawsze jest tu zderzenie cywilizacji, technologii i&nbsp;pytania o&nbsp;to, czym staje si\u0119 cz\u0142owiek w&nbsp;\u015bwiecie, kt\u00f3ry sam stworzy\u0142.<\/li>\n\n\n\n<li>Kamil Maria Ma\u0142anicz prowadzi t\u0119 d\u0142ug\u0105 opowie\u015b\u0107 z&nbsp;rozmachem potrzebnym historii o&nbsp;eksploracji, przemianie i&nbsp;ukrytej pot\u0119dze Drzewa.<\/li>\n\n\n\n<li>To wyb\u00f3r dla fan\u00f3w ambitniejszej fantastyki, kt\u00f3rzy lubi\u0105 du\u017ce \u015bwiaty, wielowarstwowe uniwersa i&nbsp;science fiction z&nbsp;biologicznym twistem.<\/li>\n<\/ul>\n\n\n\n<p class=\"wp-block-paragraph\"><strong><em>\ud83c\udfa7Chc\u0119 pos\u0142ucha\u0107! \u27a1\ufe0f<a href=\"https:\/\/audioteka.com\/pl\/audiobook\/uspione-archiwum-yggdrasill-1-1\/\" target=\"_blank\" rel=\"noopener\">U\u015bpione archiwum. Yggdrasill 1 (#1) &#8211; Audiobook &#8211; Wawrzyniec Podrzucki &#8211; Saga Egmont | Audioteka<\/a><\/em><\/strong><\/p>\n\n\n\n<h2 class=\"wp-block-heading\"><span class=\"ez-toc-section\" id=\"15_%E2%80%9ETaki_diabel_straszny_Diabelska_sukcesja_Tom_2%E2%80%9D_%E2%80%93_Jakub_Cwiek\"><\/span>15. \u201eTaki diabe\u0142 straszny. Diabelska sukcesja. Tom 2\u201d &#8211; Jakub \u0106wiek<span class=\"ez-toc-section-end\"><\/span><\/h2>\n\n\n<div class=\"wp-block-image\">\n<figure class=\"aligncenter size-full\"><img data-recalc-dims=\"1\" loading=\"lazy\" decoding=\"async\" width=\"300\" height=\"300\" data-attachment-id=\"23135\" data-permalink=\"https:\/\/blogaudioteka.wpcomstaging.com\/15-nowych-audiobookow-ktore-brzmia-jak-koncowka-lata-troche-slodko-troche-nostalgicznie-24-30-08\/4-2026-08-28t111648-840\" data-orig-file=\"https:\/\/i0.wp.com\/blogaudioteka.wpcomstaging.com\/wp-content\/uploads\/4-2026-08-28T111648.840.webp?fit=300%2C300&amp;ssl=1\" data-orig-size=\"300,300\" data-comments-opened=\"0\" data-image-meta=\"{&quot;aperture&quot;:&quot;0&quot;,&quot;credit&quot;:&quot;&quot;,&quot;camera&quot;:&quot;&quot;,&quot;caption&quot;:&quot;&quot;,&quot;created_timestamp&quot;:&quot;0&quot;,&quot;copyright&quot;:&quot;&quot;,&quot;focal_length&quot;:&quot;0&quot;,&quot;iso&quot;:&quot;0&quot;,&quot;shutter_speed&quot;:&quot;0&quot;,&quot;title&quot;:&quot;&quot;,&quot;orientation&quot;:&quot;0&quot;,&quot;alt&quot;:&quot;&quot;}\" data-image-title=\"4 &amp;#8211; 2026-08-28T111648.840\" data-image-description=\"\" data-image-caption=\"\" data-large-file=\"https:\/\/i0.wp.com\/blogaudioteka.wpcomstaging.com\/wp-content\/uploads\/4-2026-08-28T111648.840.webp?fit=300%2C300&amp;ssl=1\" src=\"https:\/\/i0.wp.com\/blogaudioteka.wpcomstaging.com\/wp-content\/uploads\/4-2026-08-28T111648.840.webp?resize=300%2C300&#038;ssl=1\" alt=\"\" class=\"wp-image-23135\" srcset=\"https:\/\/i0.wp.com\/blogaudioteka.wpcomstaging.com\/wp-content\/uploads\/4-2026-08-28T111648.840.webp?w=300&amp;ssl=1 300w, https:\/\/i0.wp.com\/blogaudioteka.wpcomstaging.com\/wp-content\/uploads\/4-2026-08-28T111648.840.webp?resize=150%2C150&amp;ssl=1 150w, https:\/\/i0.wp.com\/blogaudioteka.wpcomstaging.com\/wp-content\/uploads\/4-2026-08-28T111648.840.webp?resize=148%2C148&amp;ssl=1 148w, https:\/\/i0.wp.com\/blogaudioteka.wpcomstaging.com\/wp-content\/uploads\/4-2026-08-28T111648.840.webp?resize=296%2C296&amp;ssl=1 296w\" sizes=\"auto, (max-width: 300px) 100vw, 300px\" \/><\/figure>\n<\/div>\n\n\n<p class=\"wp-block-paragraph\"><strong>Dlaczego wybrali\u015bmy t\u0119 pozycj\u0119?<\/strong><\/p>\n\n\n\n<ul class=\"wp-block-list\">\n<li><a href=\"https:\/\/audioteka.com\/pl\/autor\/jakub-cwiek\/\" target=\"_blank\" rel=\"noopener\">Jakub \u0106wiek<\/a> wraca z&nbsp;fantasy, kt\u00f3re nie udaje grzecznej opowie\u015bci, tylko od razu odpala piekielny chaos.<\/li>\n\n\n\n<li>Svietlana budzi si\u0119 podczas egzorcyzmu odprawianego na niej samej i&nbsp;nie pami\u0119ta o\u015bmiu miesi\u0119cy, w&nbsp;kt\u00f3rych najwyra\u017aniej zd\u0105\u017cy\u0142a narobi\u0107 sporo zamieszania.<\/li>\n\n\n\n<li>Fanatycy, potwory, inkwizytor i&nbsp;utracone wspomnienia tworz\u0105 jazd\u0119 bez trzymanki od pierwszych scen.<\/li>\n\n\n\n<li>Najwi\u0119ksz\u0105 si\u0142\u0105 tej historii jest po\u0142\u0105czenie humoru, grozy, popkulturowego szale\u0144stwa i&nbsp;diabelskiej intrygi.<\/li>\n\n\n\n<li><a href=\"https:\/\/audioteka.com\/pl\/lektor\/julia-kaminska\/\" target=\"_blank\" rel=\"noopener\">Julia Kami\u0144ska<\/a> dodaje opowie\u015bci energii, charakteru i&nbsp;tonu idealnego dla bohaterki, kt\u00f3ra komentuje w\u0142asny chaos z&nbsp;pazurem.<\/li>\n\n\n\n<li>To propozycja dla s\u0142uchaczy, kt\u00f3rzy lubi\u0105 fantasy bez patosu, za to z&nbsp;ci\u0119tym dialogiem, szybkim tempem i&nbsp;poczuciem, \u017ce za chwil\u0119 wydarzy si\u0119 co\u015b kompletnie nieprzewidywalnego.<\/li>\n<\/ul>\n\n\n\n<p class=\"wp-block-paragraph\"><strong><em>\ud83c\udfa7Chc\u0119 pos\u0142ucha\u0107! \u27a1\ufe0f<a href=\"https:\/\/audioteka.com\/pl\/audiobook\/taki-diabel-straszny\/\" target=\"_blank\" rel=\"noopener\">Taki diabe\u0142 straszny. Diabelska sukcesja. Tom 2 &#8211; Audiobook &#8211; Jakub \u0106wiek &#8211; Sine Qua Non | Audioteka<\/a><\/em><\/strong><\/p>\n\n\n\n<p class=\"has-text-align-justify wp-block-paragraph\">To zestawienie jest jak kosz \u015bliwek pod koniec lata &#8211; s\u0142odkie, intensywne, czasem cierpkie, ale trudno poprzesta\u0107 na jednej. Je\u015bli szukacie audiobooka na drog\u0119, balkon, wieczorny spacer albo ostatni spokojny weekend przed wrze\u015bniem, te premiery warto mie\u0107 pod r\u0119k\u0105. <strong>Sprawd\u017acie TOP 15 nowo\u015bci tygodnia w&nbsp;Audiotece i&nbsp;wybierzcie histori\u0119, z&nbsp;kt\u00f3r\u0105 po\u017cegnacie sierpie\u0144.<\/strong><\/p>\n\n\n\n<figure class=\"wp-block-image size-full is-resized\"><img data-recalc-dims=\"1\" loading=\"lazy\" decoding=\"async\" width=\"768\" height=\"216\" data-attachment-id=\"23086\" data-permalink=\"https:\/\/blogaudioteka.wpcomstaging.com\/lista-bestsellerow-new-york-timesa-to-marzenie-pisarzy-ale-jak-naprawde-trafiaja-na-nia-ksiazki\/gdy-tajemnice-wychodza-na-jaw-22\" data-orig-file=\"https:\/\/i0.wp.com\/blogaudioteka.wpcomstaging.com\/wp-content\/uploads\/Gdy-tajemnice-wychodza-na-jaw.-22.png?fit=768%2C216&amp;ssl=1\" data-orig-size=\"768,216\" data-comments-opened=\"0\" data-image-meta=\"{&quot;aperture&quot;:&quot;0&quot;,&quot;credit&quot;:&quot;&quot;,&quot;camera&quot;:&quot;&quot;,&quot;caption&quot;:&quot;&quot;,&quot;created_timestamp&quot;:&quot;0&quot;,&quot;copyright&quot;:&quot;&quot;,&quot;focal_length&quot;:&quot;0&quot;,&quot;iso&quot;:&quot;0&quot;,&quot;shutter_speed&quot;:&quot;0&quot;,&quot;title&quot;:&quot;&quot;,&quot;orientation&quot;:&quot;0&quot;,&quot;alt&quot;:&quot;&quot;}\" data-image-title=\"Gdy tajemnice wychodz\u0105 na jaw. (22)\" data-image-description=\"\" data-image-caption=\"\" data-large-file=\"https:\/\/i0.wp.com\/blogaudioteka.wpcomstaging.com\/wp-content\/uploads\/Gdy-tajemnice-wychodza-na-jaw.-22.png?fit=768%2C216&amp;ssl=1\" src=\"https:\/\/i0.wp.com\/blogaudioteka.wpcomstaging.com\/wp-content\/uploads\/Gdy-tajemnice-wychodza-na-jaw.-22.png?resize=768%2C216&#038;ssl=1\" alt=\"\" class=\"wp-image-23086\" style=\"width:800px;height:auto\" srcset=\"https:\/\/i0.wp.com\/blogaudioteka.wpcomstaging.com\/wp-content\/uploads\/Gdy-tajemnice-wychodza-na-jaw.-22.png?w=768&amp;ssl=1 768w, https:\/\/i0.wp.com\/blogaudioteka.wpcomstaging.com\/wp-content\/uploads\/Gdy-tajemnice-wychodza-na-jaw.-22.png?resize=300%2C84&amp;ssl=1 300w, https:\/\/i0.wp.com\/blogaudioteka.wpcomstaging.com\/wp-content\/uploads\/Gdy-tajemnice-wychodza-na-jaw.-22.png?resize=512%2C144&amp;ssl=1 512w\" sizes=\"auto, (max-width: 768px) 100vw, 768px\" \/><\/figure>\n","protected":false},"excerpt":{"rendered":"Ko\u0144c\u00f3wka sierpnia ma sw\u00f3j w\u0142asny klimat: dni wci\u0105\u017c pachn\u0105 latem, ale w&nbsp;powietrzu czu\u0107 ju\u017c pierwsz\u0105 zapowied\u017a wrze\u015bnia. To&hellip;","protected":false},"author":264736300,"featured_media":23224,"comment_status":"closed","ping_status":"closed","sticky":false,"template":"","format":"standard","meta":{"thumbnail_image":"","_jetpack_newsletter_access":"","_jetpack_dont_email_post_to_subs":false,"_jetpack_newsletter_tier_id":0,"_jetpack_memberships_contains_paywalled_content":false,"_wpcom_ai_launchpad_first_post":false,"csco_display_header_overlay":false,"csco_singular_sidebar":"","csco_page_header_type":"","_jetpack_feature_clip_id":0,"_jetpack_memberships_contains_paid_content":false,"footnotes":"","jetpack_post_was_ever_published":false},"categories":[14931,14933],"tags":[],"class_list":["post-23129","post","type-post","status-publish","format-standard","has-post-thumbnail","category-aktualnosci","category-newsy","cs-entry"],"jetpack_sharing_enabled":true,"jetpack_featured_media_url":"https:\/\/i0.wp.com\/blogaudioteka.wpcomstaging.com\/wp-content\/uploads\/nowosci_blog-49-1.png?fit=1920%2C1080&ssl=1","_links":{"self":[{"href":"https:\/\/blogaudioteka.wpcomstaging.com\/wp-json\/wp\/v2\/posts\/23129","targetHints":{"allow":["GET"]}}],"collection":[{"href":"https:\/\/blogaudioteka.wpcomstaging.com\/wp-json\/wp\/v2\/posts"}],"about":[{"href":"https:\/\/blogaudioteka.wpcomstaging.com\/wp-json\/wp\/v2\/types\/post"}],"author":[{"embeddable":true,"href":"https:\/\/blogaudioteka.wpcomstaging.com\/wp-json\/wp\/v2\/users\/264736300"}],"replies":[{"embeddable":true,"href":"https:\/\/blogaudioteka.wpcomstaging.com\/wp-json\/wp\/v2\/comments?post=23129"}],"version-history":[{"count":27,"href":"https:\/\/blogaudioteka.wpcomstaging.com\/wp-json\/wp\/v2\/posts\/23129\/revisions"}],"predecessor-version":[{"id":23225,"href":"https:\/\/blogaudioteka.wpcomstaging.com\/wp-json\/wp\/v2\/posts\/23129\/revisions\/23225"}],"wp:featuredmedia":[{"embeddable":true,"href":"https:\/\/blogaudioteka.wpcomstaging.com\/wp-json\/wp\/v2\/media\/23224"}],"wp:attachment":[{"href":"https:\/\/blogaudioteka.wpcomstaging.com\/wp-json\/wp\/v2\/media?parent=23129"}],"wp:term":[{"taxonomy":"category","embeddable":true,"href":"https:\/\/blogaudioteka.wpcomstaging.com\/wp-json\/wp\/v2\/categories?post=23129"},{"taxonomy":"post_tag","embeddable":true,"href":"https:\/\/blogaudioteka.wpcomstaging.com\/wp-json\/wp\/v2\/tags?post=23129"}],"curies":[{"name":"wp","href":"https:\/\/api.w.org\/{rel}","templated":true}]}}