{"id":22861,"date":"2026-09-04T08:03:00","date_gmt":"2026-09-04T06:03:00","guid":{"rendered":"https:\/\/blogaudioteka.wpcomstaging.com\/?p=22861"},"modified":"2026-08-22T15:14:46","modified_gmt":"2026-08-22T13:14:46","slug":"porywajacy-na-kazdym-kroku-seria-z-detektyw-erika-foster-roberta-bryndzy-kolejnosc-najciekawsze-watki-i-bohaterowie","status":"publish","type":"post","link":"https:\/\/blogaudioteka.wpcomstaging.com\/porywajacy-na-kazdym-kroku-seria-z-detektyw-erika-foster-roberta-bryndzy-kolejnosc-najciekawsze-watki-i-bohaterowie","title":{"rendered":"Porywaj\u0105cy na ka\u017cdym kroku! Seria z detektyw Erik\u0105 Foster Roberta Bryndzy \u2013 kolejno\u015b\u0107, najciekawsze w\u0105tki i bohaterowie"},"content":{"rendered":"\n<p class=\"has-text-align-justify wp-block-paragraph\"><strong>W londy\u0144skim parku pod lodem spoczywa cia\u0142o m\u0142odej kobiety. Na miejsce przyje\u017cd\u017ca Erika Foster \u2013 policjantka wracaj\u0105ca do s\u0142u\u017cby po tragedii, kt\u00f3ra wci\u0105\u017c wp\u0142ywa na ka\u017cd\u0105 jej decyzj\u0119. Tak zaczyna si\u0119 cykl Roberta Bryndzy: proceduralny, zwarty i&nbsp;konsekwentnie rozwijaj\u0105cy zar\u00f3wno kolejne \u015bledztwa, jak i&nbsp;portret g\u0142\u00f3wnej bohaterki.<\/strong><\/p>\n\n\n\n<p class=\"wp-block-paragraph\"><strong>Czego dowiesz si\u0119 z&nbsp;artyku\u0142u?<\/strong><\/p>\n\n\n\n<ul class=\"wp-block-list\">\n<li>Kim jest <a href=\"https:\/\/audioteka.com\/pl\/autor\/robert-bryndza\/\" target=\"_blank\" rel=\"noopener\">Robert Bryndza<\/a> i&nbsp;co wyr\u00f3\u017cnia jego krymina\u0142y;<\/li>\n\n\n\n<li>o czym opowiada seria z&nbsp;Erik\u0105 Foster;<\/li>\n\n\n\n<li>w jakiej kolejno\u015bci s\u0142ucha\u0107 siedmiu tom\u00f3w;<\/li>\n\n\n\n<li>kt\u00f3rzy bohaterowie i&nbsp;w\u0105tki buduj\u0105 ci\u0105g\u0142o\u015b\u0107 cyklu.<\/li>\n<\/ul>\n\n\n\n<div id=\"ez-toc-container\" class=\"ez-toc-v2_0_87 counter-hierarchy ez-toc-counter ez-toc-grey ez-toc-container-direction\">\n<div class=\"ez-toc-title-container\"><span class=\"ez-toc-title\" style=\"cursor:inherit\">Spis tre\u015bci<\/span>\n<\/div><nav><ul class='ez-toc-list ez-toc-list-level-1 ' ><li class='ez-toc-page-1 ez-toc-heading-level-2'><a class=\"ez-toc-link ez-toc-heading-1\" href=\"https:\/\/blogaudioteka.wpcomstaging.com\/porywajacy-na-kazdym-kroku-seria-z-detektyw-erika-foster-roberta-bryndzy-kolejnosc-najciekawsze-watki-i-bohaterowie\/#Robert_Bryndza_%E2%80%93_kim_jest_autor_ktory_przeszedl_od_teatru_do_kryminalu\" >Robert Bryndza \u2013 kim jest autor, kt\u00f3ry przeszed\u0142 od teatru do krymina\u0142u?<\/a><\/li><li class='ez-toc-page-1 ez-toc-heading-level-2'><a class=\"ez-toc-link ez-toc-heading-2\" href=\"https:\/\/blogaudioteka.wpcomstaging.com\/porywajacy-na-kazdym-kroku-seria-z-detektyw-erika-foster-roberta-bryndzy-kolejnosc-najciekawsze-watki-i-bohaterowie\/#O_czym_jest_seria_z_Erika_Foster\" >O czym jest seria z&nbsp;Erik\u0105 Foster?<\/a><\/li><li class='ez-toc-page-1 ez-toc-heading-level-2'><a class=\"ez-toc-link ez-toc-heading-3\" href=\"https:\/\/blogaudioteka.wpcomstaging.com\/porywajacy-na-kazdym-kroku-seria-z-detektyw-erika-foster-roberta-bryndzy-kolejnosc-najciekawsze-watki-i-bohaterowie\/#Erika_Foster_%E2%80%93_kolejnosc_ksiazek_Od_czego_zaczac\" >Erika Foster \u2013 kolejno\u015b\u0107 ksi\u0105\u017cek. Od czego zacz\u0105\u0107?<\/a><ul class='ez-toc-list-level-3' ><li class='ez-toc-heading-level-3'><a class=\"ez-toc-link ez-toc-heading-4\" href=\"https:\/\/blogaudioteka.wpcomstaging.com\/porywajacy-na-kazdym-kroku-seria-z-detektyw-erika-foster-roberta-bryndzy-kolejnosc-najciekawsze-watki-i-bohaterowie\/#Dziewczyna_w_lodzie\" >Dziewczyna w&nbsp;lodzie<\/a><\/li><li class='ez-toc-page-1 ez-toc-heading-level-3'><a class=\"ez-toc-link ez-toc-heading-5\" href=\"https:\/\/blogaudioteka.wpcomstaging.com\/porywajacy-na-kazdym-kroku-seria-z-detektyw-erika-foster-roberta-bryndzy-kolejnosc-najciekawsze-watki-i-bohaterowie\/#Nocny_stalker\" >Nocny stalker<\/a><\/li><li class='ez-toc-page-1 ez-toc-heading-level-3'><a class=\"ez-toc-link ez-toc-heading-6\" href=\"https:\/\/blogaudioteka.wpcomstaging.com\/porywajacy-na-kazdym-kroku-seria-z-detektyw-erika-foster-roberta-bryndzy-kolejnosc-najciekawsze-watki-i-bohaterowie\/#Mroczna_ton\" >Mroczna to\u0144<\/a><\/li><li class='ez-toc-page-1 ez-toc-heading-level-3'><a class=\"ez-toc-link ez-toc-heading-7\" href=\"https:\/\/blogaudioteka.wpcomstaging.com\/porywajacy-na-kazdym-kroku-seria-z-detektyw-erika-foster-roberta-bryndzy-kolejnosc-najciekawsze-watki-i-bohaterowie\/#Ostatni_oddech\" >Ostatni oddech<\/a><\/li><li class='ez-toc-page-1 ez-toc-heading-level-3'><a class=\"ez-toc-link ez-toc-heading-8\" href=\"https:\/\/blogaudioteka.wpcomstaging.com\/porywajacy-na-kazdym-kroku-seria-z-detektyw-erika-foster-roberta-bryndzy-kolejnosc-najciekawsze-watki-i-bohaterowie\/#Z_zimna_krwia\" >Z zimn\u0105 krwi\u0105<\/a><\/li><li class='ez-toc-page-1 ez-toc-heading-level-3'><a class=\"ez-toc-link ez-toc-heading-9\" href=\"https:\/\/blogaudioteka.wpcomstaging.com\/porywajacy-na-kazdym-kroku-seria-z-detektyw-erika-foster-roberta-bryndzy-kolejnosc-najciekawsze-watki-i-bohaterowie\/#Zabojcze_tajemnice\" >Zab\u00f3jcze tajemnice<\/a><\/li><li class='ez-toc-page-1 ez-toc-heading-level-3'><a class=\"ez-toc-link ez-toc-heading-10\" href=\"https:\/\/blogaudioteka.wpcomstaging.com\/porywajacy-na-kazdym-kroku-seria-z-detektyw-erika-foster-roberta-bryndzy-kolejnosc-najciekawsze-watki-i-bohaterowie\/#Martwy_swiadek\" >Martwy \u015bwiadek<\/a><\/li><\/ul><\/li><li class='ez-toc-page-1 ez-toc-heading-level-2'><a class=\"ez-toc-link ez-toc-heading-11\" href=\"https:\/\/blogaudioteka.wpcomstaging.com\/porywajacy-na-kazdym-kroku-seria-z-detektyw-erika-foster-roberta-bryndzy-kolejnosc-najciekawsze-watki-i-bohaterowie\/#Erika_Moss_Peterson_i_Marsh_%E2%80%93_bohaterowie_cyklu\" >Erika, Moss, Peterson i&nbsp;Marsh \u2013 bohaterowie cyklu<\/a><\/li><li class='ez-toc-page-1 ez-toc-heading-level-2'><a class=\"ez-toc-link ez-toc-heading-12\" href=\"https:\/\/blogaudioteka.wpcomstaging.com\/porywajacy-na-kazdym-kroku-seria-z-detektyw-erika-foster-roberta-bryndzy-kolejnosc-najciekawsze-watki-i-bohaterowie\/#Najwazniejsze_watki_serii_ktore_pokochali_czytelnicy\" >Najwa\u017cniejsze w\u0105tki serii, kt\u00f3re pokochali czytelnicy<\/a><\/li><li class='ez-toc-page-1 ez-toc-heading-level-2'><a class=\"ez-toc-link ez-toc-heading-13\" href=\"https:\/\/blogaudioteka.wpcomstaging.com\/porywajacy-na-kazdym-kroku-seria-z-detektyw-erika-foster-roberta-bryndzy-kolejnosc-najciekawsze-watki-i-bohaterowie\/#Seria_z_Erika_Foster_w_Audiotece_%E2%80%93_do_odsluchania_juz_teraz\" >Seria z&nbsp;Erik\u0105 Foster w&nbsp;Audiotece \u2013 do ods\u0142uchania ju\u017c teraz<\/a><\/li><li class='ez-toc-page-1 ez-toc-heading-level-2'><a class=\"ez-toc-link ez-toc-heading-14\" href=\"https:\/\/blogaudioteka.wpcomstaging.com\/porywajacy-na-kazdym-kroku-seria-z-detektyw-erika-foster-roberta-bryndzy-kolejnosc-najciekawsze-watki-i-bohaterowie\/#FAQ\" >FAQ<\/a><ul class='ez-toc-list-level-3' ><li class='ez-toc-heading-level-3'><a class=\"ez-toc-link ez-toc-heading-15\" href=\"https:\/\/blogaudioteka.wpcomstaging.com\/porywajacy-na-kazdym-kroku-seria-z-detektyw-erika-foster-roberta-bryndzy-kolejnosc-najciekawsze-watki-i-bohaterowie\/#W_jakiej_kolejnosci_nalezy_czytac_lub_sluchac_serie_z_Erika_Foster_Roberta_Bryndzy\" >W jakiej kolejno\u015bci nale\u017cy czyta\u0107 lub s\u0142ucha\u0107 seri\u0119 z&nbsp;Erik\u0105 Foster Roberta Bryndzy?<\/a><\/li><li class='ez-toc-page-1 ez-toc-heading-level-3'><a class=\"ez-toc-link ez-toc-heading-16\" href=\"https:\/\/blogaudioteka.wpcomstaging.com\/porywajacy-na-kazdym-kroku-seria-z-detektyw-erika-foster-roberta-bryndzy-kolejnosc-najciekawsze-watki-i-bohaterowie\/#Od_ktorego_tomu_zaczac_serie_z_detektyw_Erika_Foster\" >Od kt\u00f3rego tomu zacz\u0105\u0107 seri\u0119 z&nbsp;detektyw Erik\u0105 Foster?<\/a><\/li><li class='ez-toc-page-1 ez-toc-heading-level-3'><a class=\"ez-toc-link ez-toc-heading-17\" href=\"https:\/\/blogaudioteka.wpcomstaging.com\/porywajacy-na-kazdym-kroku-seria-z-detektyw-erika-foster-roberta-bryndzy-kolejnosc-najciekawsze-watki-i-bohaterowie\/#Kim_jest_Erika_Foster_w_ksiazkach_Roberta_Bryndzy\" >Kim jest Erika Foster w&nbsp;ksi\u0105\u017ckach Roberta Bryndzy?<\/a><\/li><li class='ez-toc-page-1 ez-toc-heading-level-3'><a class=\"ez-toc-link ez-toc-heading-18\" href=\"https:\/\/blogaudioteka.wpcomstaging.com\/porywajacy-na-kazdym-kroku-seria-z-detektyw-erika-foster-roberta-bryndzy-kolejnosc-najciekawsze-watki-i-bohaterowie\/#Czy_kazdy_tom_serii_z_Erika_Foster_opowiada_odrebna_historie\" >Czy ka\u017cdy tom serii z&nbsp;Erik\u0105 Foster opowiada odr\u0119bn\u0105 histori\u0119?<\/a><\/li><li class='ez-toc-page-1 ez-toc-heading-level-3'><a class=\"ez-toc-link ez-toc-heading-19\" href=\"https:\/\/blogaudioteka.wpcomstaging.com\/porywajacy-na-kazdym-kroku-seria-z-detektyw-erika-foster-roberta-bryndzy-kolejnosc-najciekawsze-watki-i-bohaterowie\/#Kim_sa_najwazniejsi_bohaterowie_serii_z_Erika_Foster\" >Kim s\u0105 najwa\u017cniejsi bohaterowie serii z&nbsp;Erik\u0105 Foster?<\/a><\/li><li class='ez-toc-page-1 ez-toc-heading-level-3'><a class=\"ez-toc-link ez-toc-heading-20\" href=\"https:\/\/blogaudioteka.wpcomstaging.com\/porywajacy-na-kazdym-kroku-seria-z-detektyw-erika-foster-roberta-bryndzy-kolejnosc-najciekawsze-watki-i-bohaterowie\/#Gdzie_mozna_posluchac_audiobookow_z_serii_o_Erice_Foster\" >Gdzie mo\u017cna pos\u0142ucha\u0107 audiobook\u00f3w z&nbsp;serii o&nbsp;Erice Foster?<\/a><\/li><\/ul><\/li><\/ul><\/nav><\/div>\n<h2 class=\"wp-block-heading\"><span class=\"ez-toc-section\" id=\"Robert_Bryndza_%E2%80%93_kim_jest_autor_ktory_przeszedl_od_teatru_do_kryminalu\"><\/span>Robert Bryndza \u2013 kim jest autor, kt\u00f3ry przeszed\u0142 od teatru do krymina\u0142u?<span class=\"ez-toc-section-end\"><\/span><\/h2>\n\n\n\n<p class=\"has-text-align-justify wp-block-paragraph\">Robert Bryndza urodzi\u0142 si\u0119 w&nbsp;angielskim Lowestoft, studiowa\u0142 na Aberystwyth University i&nbsp;kszta\u0142ci\u0142 si\u0119 w&nbsp;Guildford School of Acting. Po kilku latach pracy aktorskiej zaj\u0105\u0142 si\u0119 pisaniem. <strong>Najpierw tworzy\u0142 komedie romantyczne, mi\u0119dzy innymi cykl o&nbsp;Coco Pinchard. Prze\u0142omem by\u0142a wydana w&nbsp;2016 roku &#8222;Dziewczyna w&nbsp;lodzie&#8221;.<\/strong> Bryndza mieszka na S\u0142owacji i&nbsp;jest tak\u017ce autorem serii z&nbsp;prywatn\u0105 detektyw Kate Marshall.<\/p>\n\n\n\n<figure class=\"wp-block-image size-full is-resized\"><a href=\"https:\/\/audioteka.com\/pl\/dolacz-do-audioteka-klub\/\" target=\"_blank\" rel=\"noopener\"><img data-recalc-dims=\"1\" loading=\"lazy\" decoding=\"async\" width=\"768\" height=\"216\" data-attachment-id=\"19441\" data-permalink=\"https:\/\/blogaudioteka.wpcomstaging.com\/wschod-widziany-oczami-zachodu-przewodnik-po-kultowej-sadze-azjatyckiej-kolejnosc-sluchania\/banner_3-1-3\" data-orig-file=\"https:\/\/i0.wp.com\/blogaudioteka.wpcomstaging.com\/wp-content\/uploads\/banner_3-1-4.png?fit=768%2C216&amp;ssl=1\" data-orig-size=\"768,216\" data-comments-opened=\"0\" data-image-meta=\"{&quot;aperture&quot;:&quot;0&quot;,&quot;credit&quot;:&quot;&quot;,&quot;camera&quot;:&quot;&quot;,&quot;caption&quot;:&quot;&quot;,&quot;created_timestamp&quot;:&quot;0&quot;,&quot;copyright&quot;:&quot;&quot;,&quot;focal_length&quot;:&quot;0&quot;,&quot;iso&quot;:&quot;0&quot;,&quot;shutter_speed&quot;:&quot;0&quot;,&quot;title&quot;:&quot;&quot;,&quot;orientation&quot;:&quot;0&quot;,&quot;alt&quot;:&quot;&quot;}\" data-image-title=\"banner_3-1\" data-image-description=\"\" data-image-caption=\"\" data-large-file=\"https:\/\/i0.wp.com\/blogaudioteka.wpcomstaging.com\/wp-content\/uploads\/banner_3-1-4.png?fit=768%2C216&amp;ssl=1\" src=\"https:\/\/i0.wp.com\/blogaudioteka.wpcomstaging.com\/wp-content\/uploads\/banner_3-1-4.png?resize=768%2C216&#038;ssl=1\" alt=\"\" class=\"wp-image-19441\" style=\"width:800px;height:auto\" srcset=\"https:\/\/i0.wp.com\/blogaudioteka.wpcomstaging.com\/wp-content\/uploads\/banner_3-1-4.png?w=768&amp;ssl=1 768w, https:\/\/i0.wp.com\/blogaudioteka.wpcomstaging.com\/wp-content\/uploads\/banner_3-1-4.png?resize=300%2C84&amp;ssl=1 300w, https:\/\/i0.wp.com\/blogaudioteka.wpcomstaging.com\/wp-content\/uploads\/banner_3-1-4.png?resize=512%2C144&amp;ssl=1 512w\" sizes=\"auto, (max-width: 768px) 100vw, 768px\" \/><\/a><\/figure>\n\n\n\n<h2 class=\"wp-block-heading\"><span class=\"ez-toc-section\" id=\"O_czym_jest_seria_z_Erika_Foster\"><\/span>O czym jest seria z&nbsp;Erik\u0105 Foster?<span class=\"ez-toc-section-end\"><\/span><\/h2>\n\n\n\n<p class=\"has-text-align-justify wp-block-paragraph\"><strong>Erika Foster jest urodzon\u0105 na S\u0142owacji funkcjonariuszk\u0105 londy\u0144skiej policji.<\/strong> Poznajemy j\u0105, gdy wraca do pracy po \u015bmierci m\u0119\u017ca Marka, kt\u00f3ry zgin\u0105\u0142 podczas nieudanej operacji. \u017ba\u0142oba przenika kolejne decyzje bohaterki, wzmacnia jej nieufno\u015b\u0107 wobec hierarchii i&nbsp;t\u0142umaczy, dlaczego tak cz\u0119sto dzia\u0142a poza wyznaczonymi granicami.<\/p>\n\n\n\n<p class=\"has-text-align-justify wp-block-paragraph\"><strong>Ka\u017cdy tom<\/strong> <a href=\"https:\/\/audioteka.com\/pl\/cykl\/dci-erika-foster\/\" target=\"_blank\" rel=\"noopener\"><strong>serii z&nbsp;Erik\u0105 Foster<\/strong><\/a> <strong>przynosi odr\u0119bne dochodzenie:<\/strong> od zab\u00f3jstw seryjnych i&nbsp;sprawy sprzed dekad po przest\u0119pstwa zwi\u0105zane z&nbsp;fa\u0142szywymi profilami, narkotykami czy&#8230; podcastem true crime. Cykl pokazuje przy tym presj\u0119 prze\u0142o\u017conych, prac\u0119 z&nbsp;dowodami i&nbsp;cen\u0119 d\u0142ugiego kontaktu z&nbsp;przemoc\u0105. Londyn jako miasto stanowi integraln\u0105 cz\u0119\u015b\u0107 powie\u015bci \u2013 parki, przedmie\u015bcia, kamienio\u0142omy i&nbsp;po\u0142udniowe dzielnice tworz\u0105 map\u0119 miejsc, w&nbsp;kt\u00f3rych uporz\u0105dkowane \u017cycie rozpada si\u0119 po odkryciu pierwszego cia\u0142a.<\/p>\n\n\n\n<div class=\"wp-block-group is-style-cs-promo\"><div class=\"wp-block-group__inner-container is-layout-constrained wp-block-group-is-layout-constrained\">\n<p class=\"wp-block-paragraph\">\ud83d\udc49<a href=\"https:\/\/audioteka.com\/pl\/blog\/najlepsze-cykle-kryminalne-wszech-czasow-te-serie-true-crime-zagranicznych-autorow-pokochaly-miliony\" target=\"_blank\" rel=\"noopener\">Najlepsze cykle kryminalne wszech czas\u00f3w \u2013 te serie true crime zagranicznych autor\u00f3w pokocha\u0142y miliony<\/a><\/p>\n<\/div><\/div>\n\n\n\n<h2 class=\"wp-block-heading\"><span class=\"ez-toc-section\" id=\"Erika_Foster_%E2%80%93_kolejnosc_ksiazek_Od_czego_zaczac\"><\/span>Erika Foster \u2013 kolejno\u015b\u0107 ksi\u0105\u017cek. Od czego zacz\u0105\u0107?<span class=\"ez-toc-section-end\"><\/span><\/h2>\n\n\n\n<p class=\"has-text-align-justify wp-block-paragraph\">Najlepiej s\u0142ucha\u0107 cyklu zgodnie z&nbsp;numeracj\u0105. Sprawy kryminalne s\u0105 zamkni\u0119te, lecz relacje, awanse i&nbsp;prywatne konsekwencje przechodz\u0105 z&nbsp;tomu na tom.<\/p>\n\n\n\n<h3 class=\"wp-block-heading\"><span class=\"ez-toc-section\" id=\"Dziewczyna_w_lodzie\"><\/span><a href=\"https:\/\/audioteka.com\/pl\/audiobook\/dziewczyna-w-lodzie-erika-foster-tom-1\/\" target=\"_blank\" rel=\"noopener\">Dziewczyna w&nbsp;lodzie<\/a><span class=\"ez-toc-section-end\"><\/span><\/h3>\n\n\n<div class=\"wp-block-image\">\n<figure class=\"aligncenter size-full\"><img data-recalc-dims=\"1\" loading=\"lazy\" decoding=\"async\" width=\"300\" height=\"300\" data-attachment-id=\"22863\" data-permalink=\"https:\/\/blogaudioteka.wpcomstaging.com\/porywajacy-na-kazdym-kroku-seria-z-detektyw-erika-foster-roberta-bryndzy-kolejnosc-najciekawsze-watki-i-bohaterowie\/4-2026-08-22t150508-317\" data-orig-file=\"https:\/\/i0.wp.com\/blogaudioteka.wpcomstaging.com\/wp-content\/uploads\/4-2026-08-22T150508.317.webp?fit=300%2C300&amp;ssl=1\" data-orig-size=\"300,300\" data-comments-opened=\"0\" data-image-meta=\"{&quot;aperture&quot;:&quot;0&quot;,&quot;credit&quot;:&quot;&quot;,&quot;camera&quot;:&quot;&quot;,&quot;caption&quot;:&quot;&quot;,&quot;created_timestamp&quot;:&quot;0&quot;,&quot;copyright&quot;:&quot;&quot;,&quot;focal_length&quot;:&quot;0&quot;,&quot;iso&quot;:&quot;0&quot;,&quot;shutter_speed&quot;:&quot;0&quot;,&quot;title&quot;:&quot;&quot;,&quot;orientation&quot;:&quot;0&quot;,&quot;alt&quot;:&quot;&quot;}\" data-image-title=\"4 &amp;#8211; 2026-08-22T150508.317\" data-image-description=\"\" data-image-caption=\"\" data-large-file=\"https:\/\/i0.wp.com\/blogaudioteka.wpcomstaging.com\/wp-content\/uploads\/4-2026-08-22T150508.317.webp?fit=300%2C300&amp;ssl=1\" src=\"https:\/\/i0.wp.com\/blogaudioteka.wpcomstaging.com\/wp-content\/uploads\/4-2026-08-22T150508.317.webp?resize=300%2C300&#038;ssl=1\" alt=\"\" class=\"wp-image-22863\" srcset=\"https:\/\/i0.wp.com\/blogaudioteka.wpcomstaging.com\/wp-content\/uploads\/4-2026-08-22T150508.317.webp?w=300&amp;ssl=1 300w, https:\/\/i0.wp.com\/blogaudioteka.wpcomstaging.com\/wp-content\/uploads\/4-2026-08-22T150508.317.webp?resize=150%2C150&amp;ssl=1 150w, https:\/\/i0.wp.com\/blogaudioteka.wpcomstaging.com\/wp-content\/uploads\/4-2026-08-22T150508.317.webp?resize=200%2C200&amp;ssl=1 200w, https:\/\/i0.wp.com\/blogaudioteka.wpcomstaging.com\/wp-content\/uploads\/4-2026-08-22T150508.317.webp?resize=148%2C148&amp;ssl=1 148w, https:\/\/i0.wp.com\/blogaudioteka.wpcomstaging.com\/wp-content\/uploads\/4-2026-08-22T150508.317.webp?resize=296%2C296&amp;ssl=1 296w\" sizes=\"auto, (max-width: 300px) 100vw, 300px\" \/><\/figure>\n<\/div>\n\n\n<p class=\"has-text-align-justify wp-block-paragraph\">Cia\u0142o Andrei Douglas-Brown, c\u00f3rki wp\u0142ywowego polityka, zostaje znalezione w&nbsp;parku. Erika \u0142\u0105czy zbrodni\u0119 z&nbsp;wcze\u015bniejszymi morderstwami trzech kobiet.<\/p>\n\n\n\n<h3 class=\"wp-block-heading\"><span class=\"ez-toc-section\" id=\"Nocny_stalker\"><\/span><a href=\"https:\/\/audioteka.com\/pl\/audiobook\/nocny-stalker-erika-foster-tom-2\/\" target=\"_blank\" rel=\"noopener\">Nocny stalker<\/a><span class=\"ez-toc-section-end\"><\/span><\/h3>\n\n\n<div class=\"wp-block-image\">\n<figure class=\"aligncenter size-full\"><img data-recalc-dims=\"1\" loading=\"lazy\" decoding=\"async\" width=\"300\" height=\"300\" data-attachment-id=\"22864\" data-permalink=\"https:\/\/blogaudioteka.wpcomstaging.com\/porywajacy-na-kazdym-kroku-seria-z-detektyw-erika-foster-roberta-bryndzy-kolejnosc-najciekawsze-watki-i-bohaterowie\/4-2026-08-22t150525-693\" data-orig-file=\"https:\/\/i0.wp.com\/blogaudioteka.wpcomstaging.com\/wp-content\/uploads\/4-2026-08-22T150525.693.webp?fit=300%2C300&amp;ssl=1\" data-orig-size=\"300,300\" data-comments-opened=\"0\" data-image-meta=\"{&quot;aperture&quot;:&quot;0&quot;,&quot;credit&quot;:&quot;&quot;,&quot;camera&quot;:&quot;&quot;,&quot;caption&quot;:&quot;&quot;,&quot;created_timestamp&quot;:&quot;0&quot;,&quot;copyright&quot;:&quot;&quot;,&quot;focal_length&quot;:&quot;0&quot;,&quot;iso&quot;:&quot;0&quot;,&quot;shutter_speed&quot;:&quot;0&quot;,&quot;title&quot;:&quot;&quot;,&quot;orientation&quot;:&quot;0&quot;,&quot;alt&quot;:&quot;&quot;}\" data-image-title=\"4 &amp;#8211; 2026-08-22T150525.693\" data-image-description=\"\" data-image-caption=\"\" data-large-file=\"https:\/\/i0.wp.com\/blogaudioteka.wpcomstaging.com\/wp-content\/uploads\/4-2026-08-22T150525.693.webp?fit=300%2C300&amp;ssl=1\" src=\"https:\/\/i0.wp.com\/blogaudioteka.wpcomstaging.com\/wp-content\/uploads\/4-2026-08-22T150525.693.webp?resize=300%2C300&#038;ssl=1\" alt=\"\" class=\"wp-image-22864\" srcset=\"https:\/\/i0.wp.com\/blogaudioteka.wpcomstaging.com\/wp-content\/uploads\/4-2026-08-22T150525.693.webp?w=300&amp;ssl=1 300w, https:\/\/i0.wp.com\/blogaudioteka.wpcomstaging.com\/wp-content\/uploads\/4-2026-08-22T150525.693.webp?resize=150%2C150&amp;ssl=1 150w, https:\/\/i0.wp.com\/blogaudioteka.wpcomstaging.com\/wp-content\/uploads\/4-2026-08-22T150525.693.webp?resize=200%2C200&amp;ssl=1 200w, https:\/\/i0.wp.com\/blogaudioteka.wpcomstaging.com\/wp-content\/uploads\/4-2026-08-22T150525.693.webp?resize=148%2C148&amp;ssl=1 148w, https:\/\/i0.wp.com\/blogaudioteka.wpcomstaging.com\/wp-content\/uploads\/4-2026-08-22T150525.693.webp?resize=296%2C296&amp;ssl=1 296w\" sizes=\"auto, (max-width: 300px) 100vw, 300px\" \/><\/figure>\n<\/div>\n\n\n<p class=\"has-text-align-justify wp-block-paragraph\">Doktor Gregory Munro ginie po odurzeniu i&nbsp;skr\u0119powaniu. Kolejna ofiara wskazuje na seryjnego sprawc\u0119, kt\u00f3ry drobiazgowo planuje ataki.<\/p>\n\n\n\n<h3 class=\"wp-block-heading\"><span class=\"ez-toc-section\" id=\"Mroczna_ton\"><\/span><a href=\"https:\/\/audioteka.com\/pl\/audiobook\/mroczna-ton-erika-foster-tom-3\/\" target=\"_blank\" rel=\"noopener\">Mroczna to\u0144<\/a><span class=\"ez-toc-section-end\"><\/span><\/h3>\n\n\n<div class=\"wp-block-image\">\n<figure class=\"aligncenter size-full\"><img data-recalc-dims=\"1\" loading=\"lazy\" decoding=\"async\" width=\"300\" height=\"300\" data-attachment-id=\"22865\" data-permalink=\"https:\/\/blogaudioteka.wpcomstaging.com\/porywajacy-na-kazdym-kroku-seria-z-detektyw-erika-foster-roberta-bryndzy-kolejnosc-najciekawsze-watki-i-bohaterowie\/4-2026-08-22t150541-870\" data-orig-file=\"https:\/\/i0.wp.com\/blogaudioteka.wpcomstaging.com\/wp-content\/uploads\/4-2026-08-22T150541.870.webp?fit=300%2C300&amp;ssl=1\" data-orig-size=\"300,300\" data-comments-opened=\"0\" data-image-meta=\"{&quot;aperture&quot;:&quot;0&quot;,&quot;credit&quot;:&quot;&quot;,&quot;camera&quot;:&quot;&quot;,&quot;caption&quot;:&quot;&quot;,&quot;created_timestamp&quot;:&quot;0&quot;,&quot;copyright&quot;:&quot;&quot;,&quot;focal_length&quot;:&quot;0&quot;,&quot;iso&quot;:&quot;0&quot;,&quot;shutter_speed&quot;:&quot;0&quot;,&quot;title&quot;:&quot;&quot;,&quot;orientation&quot;:&quot;0&quot;,&quot;alt&quot;:&quot;&quot;}\" data-image-title=\"4 &amp;#8211; 2026-08-22T150541.870\" data-image-description=\"\" data-image-caption=\"\" data-large-file=\"https:\/\/i0.wp.com\/blogaudioteka.wpcomstaging.com\/wp-content\/uploads\/4-2026-08-22T150541.870.webp?fit=300%2C300&amp;ssl=1\" src=\"https:\/\/i0.wp.com\/blogaudioteka.wpcomstaging.com\/wp-content\/uploads\/4-2026-08-22T150541.870.webp?resize=300%2C300&#038;ssl=1\" alt=\"\" class=\"wp-image-22865\" srcset=\"https:\/\/i0.wp.com\/blogaudioteka.wpcomstaging.com\/wp-content\/uploads\/4-2026-08-22T150541.870.webp?w=300&amp;ssl=1 300w, https:\/\/i0.wp.com\/blogaudioteka.wpcomstaging.com\/wp-content\/uploads\/4-2026-08-22T150541.870.webp?resize=150%2C150&amp;ssl=1 150w, https:\/\/i0.wp.com\/blogaudioteka.wpcomstaging.com\/wp-content\/uploads\/4-2026-08-22T150541.870.webp?resize=200%2C200&amp;ssl=1 200w, https:\/\/i0.wp.com\/blogaudioteka.wpcomstaging.com\/wp-content\/uploads\/4-2026-08-22T150541.870.webp?resize=148%2C148&amp;ssl=1 148w, https:\/\/i0.wp.com\/blogaudioteka.wpcomstaging.com\/wp-content\/uploads\/4-2026-08-22T150541.870.webp?resize=296%2C296&amp;ssl=1 296w\" sizes=\"auto, (max-width: 300px) 100vw, 300px\" \/><\/figure>\n<\/div>\n\n\n<p class=\"has-text-align-justify wp-block-paragraph\">Zesp\u00f3\u0142 odnajduje szkielet siedmioletniej Jessiki Collins, zaginionej dwadzie\u015bcia sze\u015b\u0107 lat wcze\u015bniej. Erika wraca do b\u0142\u0119d\u00f3w dawnego dochodzenia.<\/p>\n\n\n\n<h3 class=\"wp-block-heading\"><span class=\"ez-toc-section\" id=\"Ostatni_oddech\"><\/span><a href=\"https:\/\/audioteka.com\/pl\/audiobook\/ostatni-oddech-erika-foster-tom-4\/\" target=\"_blank\" rel=\"noopener\">Ostatni oddech<\/a><span class=\"ez-toc-section-end\"><\/span><\/h3>\n\n\n<div class=\"wp-block-image\">\n<figure class=\"aligncenter size-full\"><img data-recalc-dims=\"1\" loading=\"lazy\" decoding=\"async\" width=\"300\" height=\"300\" data-attachment-id=\"22867\" data-permalink=\"https:\/\/blogaudioteka.wpcomstaging.com\/porywajacy-na-kazdym-kroku-seria-z-detektyw-erika-foster-roberta-bryndzy-kolejnosc-najciekawsze-watki-i-bohaterowie\/4-2026-08-22t150603-848\" data-orig-file=\"https:\/\/i0.wp.com\/blogaudioteka.wpcomstaging.com\/wp-content\/uploads\/4-2026-08-22T150603.848.webp?fit=300%2C300&amp;ssl=1\" data-orig-size=\"300,300\" data-comments-opened=\"0\" data-image-meta=\"{&quot;aperture&quot;:&quot;0&quot;,&quot;credit&quot;:&quot;&quot;,&quot;camera&quot;:&quot;&quot;,&quot;caption&quot;:&quot;&quot;,&quot;created_timestamp&quot;:&quot;0&quot;,&quot;copyright&quot;:&quot;&quot;,&quot;focal_length&quot;:&quot;0&quot;,&quot;iso&quot;:&quot;0&quot;,&quot;shutter_speed&quot;:&quot;0&quot;,&quot;title&quot;:&quot;&quot;,&quot;orientation&quot;:&quot;0&quot;,&quot;alt&quot;:&quot;&quot;}\" data-image-title=\"4 &amp;#8211; 2026-08-22T150603.848\" data-image-description=\"\" data-image-caption=\"\" data-large-file=\"https:\/\/i0.wp.com\/blogaudioteka.wpcomstaging.com\/wp-content\/uploads\/4-2026-08-22T150603.848.webp?fit=300%2C300&amp;ssl=1\" src=\"https:\/\/i0.wp.com\/blogaudioteka.wpcomstaging.com\/wp-content\/uploads\/4-2026-08-22T150603.848.webp?resize=300%2C300&#038;ssl=1\" alt=\"\" class=\"wp-image-22867\" srcset=\"https:\/\/i0.wp.com\/blogaudioteka.wpcomstaging.com\/wp-content\/uploads\/4-2026-08-22T150603.848.webp?w=300&amp;ssl=1 300w, https:\/\/i0.wp.com\/blogaudioteka.wpcomstaging.com\/wp-content\/uploads\/4-2026-08-22T150603.848.webp?resize=150%2C150&amp;ssl=1 150w, https:\/\/i0.wp.com\/blogaudioteka.wpcomstaging.com\/wp-content\/uploads\/4-2026-08-22T150603.848.webp?resize=200%2C200&amp;ssl=1 200w, https:\/\/i0.wp.com\/blogaudioteka.wpcomstaging.com\/wp-content\/uploads\/4-2026-08-22T150603.848.webp?resize=148%2C148&amp;ssl=1 148w, https:\/\/i0.wp.com\/blogaudioteka.wpcomstaging.com\/wp-content\/uploads\/4-2026-08-22T150603.848.webp?resize=296%2C296&amp;ssl=1 296w\" sizes=\"auto, (max-width: 300px) 100vw, 300px\" \/><\/figure>\n<\/div>\n\n\n<p class=\"has-text-align-justify wp-block-paragraph\">W kontenerze zostaje odkryte okaleczone cia\u0142o m\u0142odej kobiety. Trop prowadzi do sprawcy wykorzystuj\u0105cego fa\u0142szywe profile do zdobywania zaufania ofiar.<\/p>\n\n\n\n<h3 class=\"wp-block-heading\"><span class=\"ez-toc-section\" id=\"Z_zimna_krwia\"><\/span><a href=\"https:\/\/audioteka.com\/pl\/audiobook\/z-zimna-krwia-erika-foster-tom-5\/\" target=\"_blank\" rel=\"noopener\">Z zimn\u0105 krwi\u0105<\/a><span class=\"ez-toc-section-end\"><\/span><\/h3>\n\n\n<div class=\"wp-block-image\">\n<figure class=\"aligncenter size-full\"><img data-recalc-dims=\"1\" loading=\"lazy\" decoding=\"async\" width=\"300\" height=\"300\" data-attachment-id=\"22868\" data-permalink=\"https:\/\/blogaudioteka.wpcomstaging.com\/porywajacy-na-kazdym-kroku-seria-z-detektyw-erika-foster-roberta-bryndzy-kolejnosc-najciekawsze-watki-i-bohaterowie\/4-2026-08-22t150618-666\" data-orig-file=\"https:\/\/i0.wp.com\/blogaudioteka.wpcomstaging.com\/wp-content\/uploads\/4-2026-08-22T150618.666.webp?fit=300%2C300&amp;ssl=1\" data-orig-size=\"300,300\" data-comments-opened=\"0\" data-image-meta=\"{&quot;aperture&quot;:&quot;0&quot;,&quot;credit&quot;:&quot;&quot;,&quot;camera&quot;:&quot;&quot;,&quot;caption&quot;:&quot;&quot;,&quot;created_timestamp&quot;:&quot;0&quot;,&quot;copyright&quot;:&quot;&quot;,&quot;focal_length&quot;:&quot;0&quot;,&quot;iso&quot;:&quot;0&quot;,&quot;shutter_speed&quot;:&quot;0&quot;,&quot;title&quot;:&quot;&quot;,&quot;orientation&quot;:&quot;0&quot;,&quot;alt&quot;:&quot;&quot;}\" data-image-title=\"4 &amp;#8211; 2026-08-22T150618.666\" data-image-description=\"\" data-image-caption=\"\" data-large-file=\"https:\/\/i0.wp.com\/blogaudioteka.wpcomstaging.com\/wp-content\/uploads\/4-2026-08-22T150618.666.webp?fit=300%2C300&amp;ssl=1\" src=\"https:\/\/i0.wp.com\/blogaudioteka.wpcomstaging.com\/wp-content\/uploads\/4-2026-08-22T150618.666.webp?resize=300%2C300&#038;ssl=1\" alt=\"\" class=\"wp-image-22868\" srcset=\"https:\/\/i0.wp.com\/blogaudioteka.wpcomstaging.com\/wp-content\/uploads\/4-2026-08-22T150618.666.webp?w=300&amp;ssl=1 300w, https:\/\/i0.wp.com\/blogaudioteka.wpcomstaging.com\/wp-content\/uploads\/4-2026-08-22T150618.666.webp?resize=150%2C150&amp;ssl=1 150w, https:\/\/i0.wp.com\/blogaudioteka.wpcomstaging.com\/wp-content\/uploads\/4-2026-08-22T150618.666.webp?resize=200%2C200&amp;ssl=1 200w, https:\/\/i0.wp.com\/blogaudioteka.wpcomstaging.com\/wp-content\/uploads\/4-2026-08-22T150618.666.webp?resize=148%2C148&amp;ssl=1 148w, https:\/\/i0.wp.com\/blogaudioteka.wpcomstaging.com\/wp-content\/uploads\/4-2026-08-22T150618.666.webp?resize=296%2C296&amp;ssl=1 296w\" sizes=\"auto, (max-width: 300px) 100vw, 300px\" \/><\/figure>\n<\/div>\n\n\n<p class=\"has-text-align-justify wp-block-paragraph\">Walizka znaleziona nad rzek\u0105 zawiera rozcz\u0142onkowane zw\u0142oki m\u0119\u017cczyzny. Podobne zbrodnie splataj\u0105 si\u0119 z&nbsp;handlem narkotykami.<\/p>\n\n\n\n<h3 class=\"wp-block-heading\"><span class=\"ez-toc-section\" id=\"Zabojcze_tajemnice\"><\/span><a href=\"https:\/\/audioteka.com\/pl\/audiobook\/zabojcze-tajemnice-erika-foster-tom-6\/\" target=\"_blank\" rel=\"noopener\">Zab\u00f3jcze tajemnice<\/a><span class=\"ez-toc-section-end\"><\/span><\/h3>\n\n\n<div class=\"wp-block-image\">\n<figure class=\"aligncenter size-full\"><img data-recalc-dims=\"1\" loading=\"lazy\" decoding=\"async\" width=\"300\" height=\"300\" data-attachment-id=\"22869\" data-permalink=\"https:\/\/blogaudioteka.wpcomstaging.com\/porywajacy-na-kazdym-kroku-seria-z-detektyw-erika-foster-roberta-bryndzy-kolejnosc-najciekawsze-watki-i-bohaterowie\/image-150\" data-orig-file=\"https:\/\/i0.wp.com\/blogaudioteka.wpcomstaging.com\/wp-content\/uploads\/image-118.png?fit=300%2C300&amp;ssl=1\" data-orig-size=\"300,300\" data-comments-opened=\"0\" data-image-meta=\"{&quot;aperture&quot;:&quot;0&quot;,&quot;credit&quot;:&quot;&quot;,&quot;camera&quot;:&quot;&quot;,&quot;caption&quot;:&quot;&quot;,&quot;created_timestamp&quot;:&quot;0&quot;,&quot;copyright&quot;:&quot;&quot;,&quot;focal_length&quot;:&quot;0&quot;,&quot;iso&quot;:&quot;0&quot;,&quot;shutter_speed&quot;:&quot;0&quot;,&quot;title&quot;:&quot;&quot;,&quot;orientation&quot;:&quot;0&quot;,&quot;alt&quot;:&quot;&quot;}\" data-image-title=\"image\" data-image-description=\"\" data-image-caption=\"\" data-large-file=\"https:\/\/i0.wp.com\/blogaudioteka.wpcomstaging.com\/wp-content\/uploads\/image-118.png?fit=300%2C300&amp;ssl=1\" src=\"https:\/\/i0.wp.com\/blogaudioteka.wpcomstaging.com\/wp-content\/uploads\/image-118.png?resize=300%2C300&#038;ssl=1\" alt=\"\" class=\"wp-image-22869\" srcset=\"https:\/\/i0.wp.com\/blogaudioteka.wpcomstaging.com\/wp-content\/uploads\/image-118.png?w=300&amp;ssl=1 300w, https:\/\/i0.wp.com\/blogaudioteka.wpcomstaging.com\/wp-content\/uploads\/image-118.png?resize=150%2C150&amp;ssl=1 150w, https:\/\/i0.wp.com\/blogaudioteka.wpcomstaging.com\/wp-content\/uploads\/image-118.png?resize=200%2C200&amp;ssl=1 200w, https:\/\/i0.wp.com\/blogaudioteka.wpcomstaging.com\/wp-content\/uploads\/image-118.png?resize=148%2C148&amp;ssl=1 148w, https:\/\/i0.wp.com\/blogaudioteka.wpcomstaging.com\/wp-content\/uploads\/image-118.png?resize=296%2C296&amp;ssl=1 296w\" sizes=\"auto, (max-width: 300px) 100vw, 300px\" \/><\/figure>\n<\/div>\n\n\n<p class=\"has-text-align-justify wp-block-paragraph\">Zamarzni\u0119te cia\u0142o m\u0142odej kobiety le\u017cy przed rodzinnym domem. W&nbsp;tej samej okolicy napada cz\u0142owiek w&nbsp;masce przeciwgazowej.<\/p>\n\n\n\n<h3 class=\"wp-block-heading\"><span class=\"ez-toc-section\" id=\"Martwy_swiadek\"><\/span><a href=\"https:\/\/audioteka.com\/pl\/audiobook\/martwy-swiadek-erika-foster-tom-7\/\" target=\"_blank\" rel=\"noopener\">Martwy \u015bwiadek<\/a><span class=\"ez-toc-section-end\"><\/span><\/h3>\n\n\n<div class=\"wp-block-image\">\n<figure class=\"aligncenter size-full\"><img data-recalc-dims=\"1\" loading=\"lazy\" decoding=\"async\" width=\"300\" height=\"300\" data-attachment-id=\"22871\" data-permalink=\"https:\/\/blogaudioteka.wpcomstaging.com\/porywajacy-na-kazdym-kroku-seria-z-detektyw-erika-foster-roberta-bryndzy-kolejnosc-najciekawsze-watki-i-bohaterowie\/4-2026-08-22t150649-741\" data-orig-file=\"https:\/\/i0.wp.com\/blogaudioteka.wpcomstaging.com\/wp-content\/uploads\/4-2026-08-22T150649.741.webp?fit=300%2C300&amp;ssl=1\" data-orig-size=\"300,300\" data-comments-opened=\"0\" data-image-meta=\"{&quot;aperture&quot;:&quot;0&quot;,&quot;credit&quot;:&quot;&quot;,&quot;camera&quot;:&quot;&quot;,&quot;caption&quot;:&quot;&quot;,&quot;created_timestamp&quot;:&quot;0&quot;,&quot;copyright&quot;:&quot;&quot;,&quot;focal_length&quot;:&quot;0&quot;,&quot;iso&quot;:&quot;0&quot;,&quot;shutter_speed&quot;:&quot;0&quot;,&quot;title&quot;:&quot;&quot;,&quot;orientation&quot;:&quot;0&quot;,&quot;alt&quot;:&quot;&quot;}\" data-image-title=\"4 &amp;#8211; 2026-08-22T150649.741\" data-image-description=\"\" data-image-caption=\"\" data-large-file=\"https:\/\/i0.wp.com\/blogaudioteka.wpcomstaging.com\/wp-content\/uploads\/4-2026-08-22T150649.741.webp?fit=300%2C300&amp;ssl=1\" src=\"https:\/\/i0.wp.com\/blogaudioteka.wpcomstaging.com\/wp-content\/uploads\/4-2026-08-22T150649.741.webp?resize=300%2C300&#038;ssl=1\" alt=\"\" class=\"wp-image-22871\" srcset=\"https:\/\/i0.wp.com\/blogaudioteka.wpcomstaging.com\/wp-content\/uploads\/4-2026-08-22T150649.741.webp?w=300&amp;ssl=1 300w, https:\/\/i0.wp.com\/blogaudioteka.wpcomstaging.com\/wp-content\/uploads\/4-2026-08-22T150649.741.webp?resize=150%2C150&amp;ssl=1 150w, https:\/\/i0.wp.com\/blogaudioteka.wpcomstaging.com\/wp-content\/uploads\/4-2026-08-22T150649.741.webp?resize=200%2C200&amp;ssl=1 200w, https:\/\/i0.wp.com\/blogaudioteka.wpcomstaging.com\/wp-content\/uploads\/4-2026-08-22T150649.741.webp?resize=148%2C148&amp;ssl=1 148w, https:\/\/i0.wp.com\/blogaudioteka.wpcomstaging.com\/wp-content\/uploads\/4-2026-08-22T150649.741.webp?resize=296%2C296&amp;ssl=1 296w\" sizes=\"auto, (max-width: 300px) 100vw, 300px\" \/><\/figure>\n<\/div>\n\n\n<p class=\"has-text-align-justify wp-block-paragraph\">Po przeprowadzce do Blackheath Erika trafia na miejsce zab\u00f3jstwa podcasterki Vicky Clarke. Znikaj\u0105 jej materia\u0142y o&nbsp;prze\u015bladowcy studentek.<\/p>\n\n\n\n<h2 class=\"wp-block-heading\"><span class=\"ez-toc-section\" id=\"Erika_Moss_Peterson_i_Marsh_%E2%80%93_bohaterowie_cyklu\"><\/span>Erika, Moss, Peterson i&nbsp;Marsh \u2013 bohaterowie cyklu<span class=\"ez-toc-section-end\"><\/span><\/h2>\n\n\n\n<p class=\"wp-block-paragraph\"><strong>Erika<\/strong> jest bezpo\u015brednia, uparta i&nbsp;nastawiona na wynik, ale nie nieomylna. Za skuteczno\u015b\u0107 p\u0142aci trudno\u015bci\u0105 w&nbsp;przyjmowaniu pomocy, sk\u0142onno\u015bci\u0105 do ryzyka i&nbsp;konfliktami z&nbsp;osobami pilnuj\u0105cymi procedur. Jej charakter ujawnia si\u0119 najpe\u0142niej wtedy, gdy musi wybra\u0107 mi\u0119dzy rozkazem a&nbsp;tropem, kt\u00f3rego nie potrafi porzuci\u0107.<\/p>\n\n\n\n<p class=\"wp-block-paragraph\"><strong>Kate Moss i&nbsp;James Peterson<\/strong> r\u00f3wnowa\u017c\u0105 impulsywno\u015b\u0107 prze\u0142o\u017conej kompetencj\u0105 oraz lojalno\u015bci\u0105. Peterson wnosi tak\u017ce osobisty wymiar relacji z&nbsp;Erik\u0105, nie przes\u0142aniaj\u0105c jednak osi kryminalnej. <strong>Marsh r<\/strong>eprezentuje instytucj\u0119 \u2013 bywa wsparciem, przy czym musi bra\u0107 pod uwag\u0119 reputacj\u0119 policji i&nbsp;ryzyko zawodowe. Patolog I<strong>saac Strong<\/strong> przek\u0142ada makabryczne znaleziska na informacje, kt\u00f3re kieruj\u0105 \u015bledczych ku sprawcy.<\/p>\n\n\n\n<div class=\"wp-block-group is-style-cs-promo\"><div class=\"wp-block-group__inner-container is-layout-constrained wp-block-group-is-layout-constrained\">\n<p class=\"wp-block-paragraph\">\ud83d\udc49<a href=\"https:\/\/audioteka.com\/pl\/blog\/skandynawski-mrok-i-genialny-detektyw-w-jakiej-kolejnosci-poznawac-sprawy-konrada-sejera-w-audiotece\" target=\"_blank\" rel=\"noopener\">Skandynawski mrok i&nbsp;genialny detektyw. W&nbsp;jakiej kolejno\u015bci poznawa\u0107 sprawy Konrada Sejera w&nbsp;Audiotece?<\/a><\/p>\n<\/div><\/div>\n\n\n\n<h2 class=\"wp-block-heading\"><span class=\"ez-toc-section\" id=\"Najwazniejsze_watki_serii_ktore_pokochali_czytelnicy\"><\/span>Najwa\u017cniejsze w\u0105tki serii, kt\u00f3re pokochali czytelnicy<span class=\"ez-toc-section-end\"><\/span><\/h2>\n\n\n\n<p class=\"has-text-align-justify wp-block-paragraph\">W serii najmocniejszym motywem jest <strong>konflikt prawdy z&nbsp;wp\u0142ywami<\/strong>. Ju\u017c w&nbsp;pierwszym tomie status rodziny ofiary utrudnia dochodzenie, a&nbsp;p\u00f3\u017aniej podobn\u0105 funkcj\u0119 pe\u0142ni\u0105 policyjna hierarchia, interesy prze\u0142o\u017conych i&nbsp;l\u0119k przed kompromitacj\u0105. <strong>Drugi wa\u017cny temat to pami\u0119\u0107<\/strong> \u2013 prywatna, zwi\u0105zana ze \u015bmierci\u0105 Marka, oraz zbiorowa, ukryta w&nbsp;niewyja\u015bnionych sprawach i&nbsp;rodzinnych sekretach.<\/p>\n\n\n\n<p class=\"has-text-align-justify wp-block-paragraph\">Bryndza pokazuje te\u017c <strong>zmian\u0119 metod dzia\u0142ania przest\u0119pc\u00f3w<\/strong>. Fa\u0142szywe profile, cyfrowe \u015blady, podcasty i&nbsp;kradzie\u017c nagra\u0144 poszerzaj\u0105 klasyczny procedural o&nbsp;wsp\u00f3\u0142czesne formy obserwacji oraz manipulacji. Napi\u0119cie nie wynika wi\u0119c wy\u0142\u0105cznie z&nbsp;pytania, kto zabi\u0142. R\u00f3wnie istotne jest to, kto kontroluje opowie\u015b\u0107 o&nbsp;ofierze, co ukryto i&nbsp;czy dowody przetrwaj\u0105 pr\u00f3b\u0119 czasu.<\/p>\n\n\n\n<figure class=\"wp-block-image size-full is-resized\"><a href=\"https:\/\/audioteka.com\/pl\/aplikacje\/\" target=\"_blank\" rel=\"noopener\"><img data-recalc-dims=\"1\" loading=\"lazy\" decoding=\"async\" width=\"768\" height=\"216\" data-attachment-id=\"21539\" data-permalink=\"https:\/\/blogaudioteka.wpcomstaging.com\/6-queerowych-historii-milosnych-do-przesluchania-dla-zainteresowanych\/gdy-tajemnice-wychodza-na-jaw\" data-orig-file=\"https:\/\/i0.wp.com\/blogaudioteka.wpcomstaging.com\/wp-content\/uploads\/Gdy-tajemnice-wychodza-na-jaw.png?fit=768%2C216&amp;ssl=1\" data-orig-size=\"768,216\" data-comments-opened=\"0\" data-image-meta=\"{&quot;aperture&quot;:&quot;0&quot;,&quot;credit&quot;:&quot;&quot;,&quot;camera&quot;:&quot;&quot;,&quot;caption&quot;:&quot;&quot;,&quot;created_timestamp&quot;:&quot;0&quot;,&quot;copyright&quot;:&quot;&quot;,&quot;focal_length&quot;:&quot;0&quot;,&quot;iso&quot;:&quot;0&quot;,&quot;shutter_speed&quot;:&quot;0&quot;,&quot;title&quot;:&quot;&quot;,&quot;orientation&quot;:&quot;0&quot;,&quot;alt&quot;:&quot;&quot;}\" data-image-title=\"Gdy tajemnice wychodz\u0105 na jaw.\" data-image-description=\"\" data-image-caption=\"\" data-large-file=\"https:\/\/i0.wp.com\/blogaudioteka.wpcomstaging.com\/wp-content\/uploads\/Gdy-tajemnice-wychodza-na-jaw.png?fit=768%2C216&amp;ssl=1\" src=\"https:\/\/i0.wp.com\/blogaudioteka.wpcomstaging.com\/wp-content\/uploads\/Gdy-tajemnice-wychodza-na-jaw.png?resize=768%2C216&#038;ssl=1\" alt=\"\" class=\"wp-image-21539\" style=\"width:800px;height:auto\" srcset=\"https:\/\/i0.wp.com\/blogaudioteka.wpcomstaging.com\/wp-content\/uploads\/Gdy-tajemnice-wychodza-na-jaw.png?w=768&amp;ssl=1 768w, https:\/\/i0.wp.com\/blogaudioteka.wpcomstaging.com\/wp-content\/uploads\/Gdy-tajemnice-wychodza-na-jaw.png?resize=300%2C84&amp;ssl=1 300w, https:\/\/i0.wp.com\/blogaudioteka.wpcomstaging.com\/wp-content\/uploads\/Gdy-tajemnice-wychodza-na-jaw.png?resize=512%2C144&amp;ssl=1 512w\" sizes=\"auto, (max-width: 768px) 100vw, 768px\" \/><\/a><\/figure>\n\n\n\n<h2 class=\"wp-block-heading\"><span class=\"ez-toc-section\" id=\"Seria_z_Erika_Foster_w_Audiotece_%E2%80%93_do_odsluchania_juz_teraz\"><\/span>Seria z&nbsp;Erik\u0105 Foster w&nbsp;Audiotece \u2013 do ods\u0142uchania ju\u017c teraz<span class=\"ez-toc-section-end\"><\/span><\/h2>\n\n\n\n<p class=\"has-text-align-justify wp-block-paragraph\">Siedem tom\u00f3w dost\u0119pnych w&nbsp;<a href=\"https:\/\/audioteka.com\/pl\/\" target=\"_blank\" rel=\"noopener\">Audiotece<\/a> tworzy sp\u00f3jn\u0105 drog\u0119 \u2013 od powrotu Eriki do s\u0142u\u017cby po \u015bledztwo prowadzone ju\u017c w&nbsp;nowym miejscu i&nbsp;wobec nowych zagro\u017ce\u0144. Warto zachowa\u0107 kolejno\u015b\u0107, aby obserwowa\u0107 nie tylko rozwi\u0105zania spraw, a&nbsp;tak\u017ce narastaj\u0105ce konsekwencje zawodowych wybor\u00f3w bohaterki. <strong>Wszystkie opisane pozycje znajdziesz w&nbsp;serwisie Audioteka w&nbsp;formie audiobook\u00f3w, czytanych przez Ann\u0119 Krypczyk.<\/strong><\/p>\n\n\n\n<h2 class=\"wp-block-heading\"><span class=\"ez-toc-section\" id=\"FAQ\"><\/span>FAQ<span class=\"ez-toc-section-end\"><\/span><\/h2>\n\n\n\n<h3 class=\"wp-block-heading\"><span class=\"ez-toc-section\" id=\"W_jakiej_kolejnosci_nalezy_czytac_lub_sluchac_serie_z_Erika_Foster_Roberta_Bryndzy\"><\/span>W jakiej kolejno\u015bci nale\u017cy czyta\u0107 lub s\u0142ucha\u0107 seri\u0119 z&nbsp;Erik\u0105 Foster Roberta Bryndzy?<span class=\"ez-toc-section-end\"><\/span><\/h3>\n\n\n\n<p class=\"wp-block-paragraph\">Seri\u0119 z&nbsp;Erik\u0105 Foster najlepiej poznawa\u0107 zgodnie z&nbsp;kolejno\u015bci\u0105 wydania: &#8222;Dziewczyna w&nbsp;lodzie\u201d, &#8222;Nocny stalker\u201d, &#8222;Mroczna to\u0144\u201d, &#8222;Ostatni oddech\u201d, &#8222;Z zimn\u0105 krwi\u0105\u201d, &#8222;Zab\u00f3jcze tajemnice\u201d i&nbsp;&#8222;Martwy \u015bwiadek\u201d. Ka\u017cdy tom przedstawia osobne \u015bledztwo, ale relacje bohater\u00f3w oraz zawodowe i&nbsp;prywatne konsekwencje decyzji Eriki rozwijaj\u0105 si\u0119 przez ca\u0142y cykl.<\/p>\n\n\n\n<h3 class=\"wp-block-heading\"><span class=\"ez-toc-section\" id=\"Od_ktorego_tomu_zaczac_serie_z_detektyw_Erika_Foster\"><\/span>Od kt\u00f3rego tomu zacz\u0105\u0107 seri\u0119 z&nbsp;detektyw Erik\u0105 Foster?<span class=\"ez-toc-section-end\"><\/span><\/h3>\n\n\n\n<p class=\"wp-block-paragraph\">Seri\u0119 z&nbsp;detektyw Erik\u0105 Foster nale\u017cy zacz\u0105\u0107 od ksi\u0105\u017cki &#8222;Dziewczyna w&nbsp;lodzie\u201d. W&nbsp;pierwszym tomie Erika wraca do s\u0142u\u017cby po \u015bmierci m\u0119\u017ca i&nbsp;prowadzi dochodzenie w&nbsp;sprawie zab\u00f3jstwa c\u00f3rki wp\u0142ywowego polityka.<\/p>\n\n\n\n<h3 class=\"wp-block-heading\"><span class=\"ez-toc-section\" id=\"Kim_jest_Erika_Foster_w_ksiazkach_Roberta_Bryndzy\"><\/span>Kim jest Erika Foster w&nbsp;ksi\u0105\u017ckach Roberta Bryndzy?<span class=\"ez-toc-section-end\"><\/span><\/h3>\n\n\n\n<p class=\"wp-block-paragraph\">Erika Foster jest urodzon\u0105 na S\u0142owacji funkcjonariuszk\u0105 londy\u0144skiej policji, kt\u00f3ra specjalizuje si\u0119 w&nbsp;prowadzeniu trudnych \u015bledztw dotycz\u0105cych zab\u00f3jstw. Jest bezpo\u015brednia, uparta i&nbsp;skuteczna, ale jej dzia\u0142ania cz\u0119sto prowadz\u0105 do konflikt\u00f3w z&nbsp;prze\u0142o\u017conymi i&nbsp;policyjnymi procedurami.<\/p>\n\n\n\n<h3 class=\"wp-block-heading\"><span class=\"ez-toc-section\" id=\"Czy_kazdy_tom_serii_z_Erika_Foster_opowiada_odrebna_historie\"><\/span>Czy ka\u017cdy tom serii z&nbsp;Erik\u0105 Foster opowiada odr\u0119bn\u0105 histori\u0119?<span class=\"ez-toc-section-end\"><\/span><\/h3>\n\n\n\n<p class=\"wp-block-paragraph\">Ka\u017cdy tom serii z&nbsp;Erik\u0105 Foster przedstawia odr\u0119bn\u0105 spraw\u0119 kryminaln\u0105, kt\u00f3r\u0105 mo\u017cna \u015bledzi\u0107 jako zamkni\u0119te dochodzenie. Warto jednak zachowa\u0107 kolejno\u015b\u0107, poniewa\u017c \u017cycie prywatne Eriki, jej relacje z&nbsp;zespo\u0142em, awanse i&nbsp;skutki wcze\u015bniejszych wydarze\u0144 przechodz\u0105 z&nbsp;jednej cz\u0119\u015bci do nast\u0119pnej.<\/p>\n\n\n\n<h3 class=\"wp-block-heading\"><span class=\"ez-toc-section\" id=\"Kim_sa_najwazniejsi_bohaterowie_serii_z_Erika_Foster\"><\/span>Kim s\u0105 najwa\u017cniejsi bohaterowie serii z&nbsp;Erik\u0105 Foster?<span class=\"ez-toc-section-end\"><\/span><\/h3>\n\n\n\n<p class=\"wp-block-paragraph\">Do najwa\u017cniejszych bohater\u00f3w serii nale\u017c\u0105 Erika Foster, Kate Moss, James Peterson, Marsh i&nbsp;patolog Isaac Strong. Moss i&nbsp;Peterson wspieraj\u0105 Erik\u0119 podczas \u015bledztw, Marsh reprezentuje policyjn\u0105 hierarchi\u0119, a&nbsp;Isaac Strong analizuje cia\u0142a ofiar i&nbsp;dostarcza informacji istotnych dla dochodze\u0144.<\/p>\n\n\n\n<h3 class=\"wp-block-heading\"><span class=\"ez-toc-section\" id=\"Gdzie_mozna_posluchac_audiobookow_z_serii_o_Erice_Foster\"><\/span>Gdzie mo\u017cna pos\u0142ucha\u0107 audiobook\u00f3w z&nbsp;serii o&nbsp;Erice Foster?<span class=\"ez-toc-section-end\"><\/span><\/h3>\n\n\n\n<p class=\"wp-block-paragraph\">Siedem opisanych tom\u00f3w serii z&nbsp;Erik\u0105 Foster jest dost\u0119pnych w&nbsp;formie audiobook\u00f3w w&nbsp;serwisie Audioteka. Wszystkie cz\u0119\u015bci czyta Anna Krypczyk, a&nbsp;s\u0142uchanie ich w&nbsp;kolejno\u015bci pozwala obserwowa\u0107 rozw\u00f3j bohaterki i&nbsp;jej relacji z&nbsp;zespo\u0142em.<\/p>\n","protected":false},"excerpt":{"rendered":"W londy\u0144skim parku pod lodem spoczywa cia\u0142o m\u0142odej kobiety. Na miejsce przyje\u017cd\u017ca Erika Foster \u2013 policjantka wracaj\u0105ca do&hellip;","protected":false},"author":264736303,"featured_media":22877,"comment_status":"closed","ping_status":"closed","sticky":false,"template":"","format":"standard","meta":{"thumbnail_image":"","_jetpack_newsletter_access":"","_jetpack_dont_email_post_to_subs":false,"_jetpack_newsletter_tier_id":0,"_jetpack_memberships_contains_paywalled_content":false,"_wpcom_ai_launchpad_first_post":false,"csco_display_header_overlay":false,"csco_singular_sidebar":"","csco_page_header_type":"","_jetpack_feature_clip_id":0,"_jetpack_memberships_contains_paid_content":false,"footnotes":"","jetpack_post_was_ever_published":false},"categories":[14928,14929],"tags":[],"class_list":["post-22861","post","type-post","status-publish","format-standard","has-post-thumbnail","category-porady","category-poradniki","cs-entry"],"jetpack_sharing_enabled":true,"jetpack_featured_media_url":"https:\/\/i0.wp.com\/blogaudioteka.wpcomstaging.com\/wp-content\/uploads\/Projekt-bez-nazwy-78-2.png?fit=1920%2C1080&ssl=1","_links":{"self":[{"href":"https:\/\/blogaudioteka.wpcomstaging.com\/wp-json\/wp\/v2\/posts\/22861","targetHints":{"allow":["GET"]}}],"collection":[{"href":"https:\/\/blogaudioteka.wpcomstaging.com\/wp-json\/wp\/v2\/posts"}],"about":[{"href":"https:\/\/blogaudioteka.wpcomstaging.com\/wp-json\/wp\/v2\/types\/post"}],"author":[{"embeddable":true,"href":"https:\/\/blogaudioteka.wpcomstaging.com\/wp-json\/wp\/v2\/users\/264736303"}],"replies":[{"embeddable":true,"href":"https:\/\/blogaudioteka.wpcomstaging.com\/wp-json\/wp\/v2\/comments?post=22861"}],"version-history":[{"count":9,"href":"https:\/\/blogaudioteka.wpcomstaging.com\/wp-json\/wp\/v2\/posts\/22861\/revisions"}],"predecessor-version":[{"id":22878,"href":"https:\/\/blogaudioteka.wpcomstaging.com\/wp-json\/wp\/v2\/posts\/22861\/revisions\/22878"}],"wp:featuredmedia":[{"embeddable":true,"href":"https:\/\/blogaudioteka.wpcomstaging.com\/wp-json\/wp\/v2\/media\/22877"}],"wp:attachment":[{"href":"https:\/\/blogaudioteka.wpcomstaging.com\/wp-json\/wp\/v2\/media?parent=22861"}],"wp:term":[{"taxonomy":"category","embeddable":true,"href":"https:\/\/blogaudioteka.wpcomstaging.com\/wp-json\/wp\/v2\/categories?post=22861"},{"taxonomy":"post_tag","embeddable":true,"href":"https:\/\/blogaudioteka.wpcomstaging.com\/wp-json\/wp\/v2\/tags?post=22861"}],"curies":[{"name":"wp","href":"https:\/\/api.w.org\/{rel}","templated":true}]}}