{"id":17193,"date":"2026-04-23T12:48:03","date_gmt":"2026-04-23T10:48:03","guid":{"rendered":"https:\/\/blogaudioteka.wpcomstaging.com\/?p=17193"},"modified":"2026-04-23T12:48:06","modified_gmt":"2026-04-23T10:48:06","slug":"swietujemy-swiatowy-dzien-ksiazki-i-urodziny-filipa-kosiora-to-nie-moze-byc-przypadek-%f0%9f%98%89","status":"publish","type":"post","link":"https:\/\/blogaudioteka.wpcomstaging.com\/swietujemy-swiatowy-dzien-ksiazki-i-urodziny-filipa-kosiora-to-nie-moze-byc-przypadek-%f0%9f%98%89","title":{"rendered":"\u015awi\u0119tujemy \u015awiatowy Dzie\u0144 Ksi\u0105\u017cki i urodziny Filipa Kosiora. To nie mo\u017ce by\u0107 przypadek&#8230; \ud83d\ude09"},"content":{"rendered":"\n<p class=\"has-text-align-justify wp-block-paragraph\"><strong>\u201eKto czyta ksi\u0105\u017cki, \u017cyje podw\u00f3jnie\u201d \u2013 mawia\u0142 Umberto Eco. A&nbsp;ile razy \u017cyje ten, kto ich s\u0142ucha w&nbsp;fenomenalnej interpretacji? 23 kwietnia ca\u0142y \u015bwiat g\u0142o\u015bno celebruje Dzie\u0144 Ksi\u0105\u017cki, ale dla fan\u00f3w audiobook\u00f3w to data podw\u00f3jnie wyj\u0105tkowa. W\u0142a\u015bnie dzi\u015b urodziny obchodzi Filip Kosior \u2013 lektor, kt\u00f3rego g\u0142os ka\u017cdy z&nbsp;nas rozpozna\u0142by nawet o&nbsp;3 nad ranem. Sprawd\u017acie, dlaczego ten kosmiczny zbieg okoliczno\u015bci po prostu nie m\u00f3g\u0142 by\u0107 przypadkiem i&nbsp;poznajcie zestawienie absolutnych hit\u00f3w z&nbsp;naszym dzisiejszym solenizantem w&nbsp;roli g\u0142\u00f3wnej!<\/strong><\/p>\n\n\n\n<div id=\"ez-toc-container\" class=\"ez-toc-v2_0_82_2 counter-hierarchy ez-toc-counter ez-toc-grey ez-toc-container-direction\">\n<div class=\"ez-toc-title-container\"><span class=\"ez-toc-title\" style=\"cursor:inherit\">Spis tre\u015bci<\/span>\n<\/div><nav><ul class='ez-toc-list ez-toc-list-level-1 ' ><li class='ez-toc-page-1 ez-toc-heading-level-2'><a class=\"ez-toc-link ez-toc-heading-1\" href=\"https:\/\/blogaudioteka.wpcomstaging.com\/swietujemy-swiatowy-dzien-ksiazki-i-urodziny-filipa-kosiora-to-nie-moze-byc-przypadek-%f0%9f%98%89\/#Swiatowy_Dzien_Ksiazki_i_Praw_Autorskich_2026\" >\u015awiatowy Dzie\u0144 Ksi\u0105\u017cki i&nbsp;Praw Autorskich 2026<\/a><\/li><li class='ez-toc-page-1 ez-toc-heading-level-2'><a class=\"ez-toc-link ez-toc-heading-2\" href=\"https:\/\/blogaudioteka.wpcomstaging.com\/swietujemy-swiatowy-dzien-ksiazki-i-urodziny-filipa-kosiora-to-nie-moze-byc-przypadek-%f0%9f%98%89\/#Glos_ktory_uwielbiaja_sluchacze_Wszystkiego_najlepszego_Filipie\" >G\u0142os, kt\u00f3ry uwielbiaj\u0105 s\u0142uchacze. Wszystkiego najlepszego, Filipie!<\/a><\/li><li class='ez-toc-page-1 ez-toc-heading-level-2'><a class=\"ez-toc-link ez-toc-heading-3\" href=\"https:\/\/blogaudioteka.wpcomstaging.com\/swietujemy-swiatowy-dzien-ksiazki-i-urodziny-filipa-kosiora-to-nie-moze-byc-przypadek-%f0%9f%98%89\/#Popularne_i_znane_serie_w_Audiotece_w_interpretacji_solenizanta\" >Popularne i&nbsp;znane serie w&nbsp;Audiotece w&nbsp;interpretacji solenizanta<\/a><\/li><\/ul><\/nav><\/div>\n<h2 class=\"wp-block-heading\"><span class=\"ez-toc-section\" id=\"Swiatowy_Dzien_Ksiazki_i_Praw_Autorskich_2026\"><\/span>\u015awiatowy Dzie\u0144 Ksi\u0105\u017cki i&nbsp;Praw Autorskich 2026<span class=\"ez-toc-section-end\"><\/span><\/h2>\n\n\n\n<p class=\"has-text-align-justify wp-block-paragraph\">23 kwietnia to data, kt\u00f3r\u0105 ka\u017cdy prawdziwy mi\u0142o\u015bnik literatury ma zaznaczon\u0105 w&nbsp;kalendarzu. To w\u0142a\u015bnie dzi\u015b obchodzimy \u015awiatowy Dzie\u0144 Ksi\u0105\u017cki i&nbsp;Praw Autorskich \u2013 wyj\u0105tkowe \u015bwi\u0119to ustanowione przez UNESCO. Na \u015bwiecie celebrujemy je w&nbsp;wymiarze globalnym ju\u017c od 31 lat, cho\u0107 jego historyczne korzenie si\u0119gaj\u0105 niemal stu lat wstecz do przepi\u0119knej hiszpa\u0144skiej Katalonii, sk\u0105d wywodzi si\u0119 ta pi\u0119kna tradycja.<\/p>\n\n\n\n<p class=\"has-text-align-justify wp-block-paragraph\"><em>\u201eCzytanie ksi\u0105\u017cek to najpi\u0119kniejsza zabawa, jak\u0105 sobie ludzko\u015b\u0107 wymy\u015bli\u0142a\u201d<\/em> \u2013 pisa\u0142a <a href=\"https:\/\/audioteka.com\/pl\/autor\/wislawa-szymborska\/\" target=\"_blank\" rel=\"noopener\">Wis\u0142awa Szymborska<\/a>.\u00a0 Dzisiaj w&nbsp;ponad 100 krajach g\u0142o\u015bno promujemy czytelnictwo, edytorstwo oraz przypominamy o&nbsp;bardzo wa\u017cnych zasadach ochrony w\u0142asno\u015bci intelektualnej i&nbsp;praw autorskich. <\/p>\n\n\n\n<p class=\"has-text-align-justify wp-block-paragraph\">To fantastyczny moment w&nbsp;roku, aby doceni\u0107 ogromn\u0105 prac\u0119 pisarzy, t\u0142umaczy, grafik\u00f3w, wydawc\u00f3w, ksi\u0119garzy, bibliotekarzy\u2026 i&nbsp;naturalnie tych, dzi\u0119ki kt\u00f3rym opowie\u015bci o\u017cywaj\u0105 nam prosto w&nbsp;uszach! I&nbsp;w tym miejscu musimy zwr\u00f3ci\u0107 uwag\u0119 na absolutnie niezwyk\u0142y zbieg okoliczno\u015bci.<\/p>\n\n\n\n<figure class=\"wp-block-image size-full is-resized\"><a href=\"https:\/\/klub.audioteka.com\/\" target=\"_blank\" rel=\"noopener\"><img data-recalc-dims=\"1\" loading=\"lazy\" decoding=\"async\" width=\"1200\" height=\"1200\" data-attachment-id=\"17198\" data-permalink=\"https:\/\/blogaudioteka.wpcomstaging.com\/swietujemy-swiatowy-dzien-ksiazki-i-urodziny-filipa-kosiora-to-nie-moze-byc-przypadek-%f0%9f%98%89\/fb_post\" data-orig-file=\"https:\/\/i0.wp.com\/blogaudioteka.wpcomstaging.com\/wp-content\/uploads\/Fb_post.png?fit=1200%2C1200&amp;ssl=1\" data-orig-size=\"1200,1200\" data-comments-opened=\"0\" data-image-meta=\"{&quot;aperture&quot;:&quot;0&quot;,&quot;credit&quot;:&quot;&quot;,&quot;camera&quot;:&quot;&quot;,&quot;caption&quot;:&quot;&quot;,&quot;created_timestamp&quot;:&quot;0&quot;,&quot;copyright&quot;:&quot;&quot;,&quot;focal_length&quot;:&quot;0&quot;,&quot;iso&quot;:&quot;0&quot;,&quot;shutter_speed&quot;:&quot;0&quot;,&quot;title&quot;:&quot;&quot;,&quot;orientation&quot;:&quot;0&quot;}\" data-image-title=\"Fb_post\" data-image-description=\"\" data-image-caption=\"\" data-large-file=\"https:\/\/i0.wp.com\/blogaudioteka.wpcomstaging.com\/wp-content\/uploads\/Fb_post.png?fit=1024%2C1024&amp;ssl=1\" src=\"https:\/\/i0.wp.com\/blogaudioteka.wpcomstaging.com\/wp-content\/uploads\/Fb_post.png?resize=1200%2C1200&#038;ssl=1\" alt=\"\" class=\"wp-image-17198\" style=\"width:800px;height:auto\" srcset=\"https:\/\/i0.wp.com\/blogaudioteka.wpcomstaging.com\/wp-content\/uploads\/Fb_post.png?w=1200&amp;ssl=1 1200w, https:\/\/i0.wp.com\/blogaudioteka.wpcomstaging.com\/wp-content\/uploads\/Fb_post.png?resize=300%2C300&amp;ssl=1 300w, https:\/\/i0.wp.com\/blogaudioteka.wpcomstaging.com\/wp-content\/uploads\/Fb_post.png?resize=1024%2C1024&amp;ssl=1 1024w, https:\/\/i0.wp.com\/blogaudioteka.wpcomstaging.com\/wp-content\/uploads\/Fb_post.png?resize=150%2C150&amp;ssl=1 150w, https:\/\/i0.wp.com\/blogaudioteka.wpcomstaging.com\/wp-content\/uploads\/Fb_post.png?resize=768%2C768&amp;ssl=1 768w, https:\/\/i0.wp.com\/blogaudioteka.wpcomstaging.com\/wp-content\/uploads\/Fb_post.png?resize=400%2C400&amp;ssl=1 400w, https:\/\/i0.wp.com\/blogaudioteka.wpcomstaging.com\/wp-content\/uploads\/Fb_post.png?resize=148%2C148&amp;ssl=1 148w, https:\/\/i0.wp.com\/blogaudioteka.wpcomstaging.com\/wp-content\/uploads\/Fb_post.png?resize=296%2C296&amp;ssl=1 296w, https:\/\/i0.wp.com\/blogaudioteka.wpcomstaging.com\/wp-content\/uploads\/Fb_post.png?resize=512%2C512&amp;ssl=1 512w, https:\/\/i0.wp.com\/blogaudioteka.wpcomstaging.com\/wp-content\/uploads\/Fb_post.png?resize=920%2C920&amp;ssl=1 920w\" sizes=\"auto, (max-width: 1200px) 100vw, 1200px\" \/><\/a><\/figure>\n\n\n\n<h2 class=\"wp-block-heading\"><span class=\"ez-toc-section\" id=\"Glos_ktory_uwielbiaja_sluchacze_Wszystkiego_najlepszego_Filipie\"><\/span>G\u0142os, kt\u00f3ry uwielbiaj\u0105 s\u0142uchacze. Wszystkiego najlepszego, Filipie!<span class=\"ez-toc-section-end\"><\/span><\/h2>\n\n\n\n<p class=\"has-text-align-justify wp-block-paragraph\">\u015awi\u0119tujemy literatur\u0119, ale to nie wszystko. <strong>Czy to przypadek, \u017ce w&nbsp;ten sam dzie\u0144 \u2013 23 kwietnia \u2013 swoje urodziny obchodzi r\u00f3wnie\u017c jeden z&nbsp;najpopularniejszych, najbardziej rozpoznawalnych i&nbsp;uwielbianych w&nbsp;Polsce lektor\u00f3w audiobook\u00f3w?<\/strong> Nie s\u0105dz\u0119! Kto\u015b obdarzony tak niesamowitym talentem, genialnym g\u0142osem i&nbsp;pot\u0119\u017cn\u0105 pasj\u0105 do s\u0142owa po prostu nie m\u00f3g\u0142 przyj\u015b\u0107 na \u015bwiat w&nbsp;jakimkolwiek innym terminie. Najwi\u0119ksze \u015bwi\u0119to czytelnik\u00f3w to idealny dzie\u0144 na urodziny cz\u0142owieka, kt\u00f3ry w&nbsp;zaciszu studia nagraniowego robi z&nbsp;ksi\u0105\u017ckami prawdziwe cuda.<\/p>\n\n\n\n<p class=\"has-text-align-justify wp-block-paragraph\">Mowa oczywi\u015bcie o&nbsp;<a href=\"https:\/\/audioteka.com\/pl\/lektor\/filip-kosior\/\" target=\"_blank\" rel=\"noopener\">Filipie Kosiorze<\/a>. To nazwisko (i g\u0142os!), kt\u00f3rego prawdopodobnie nie trzeba przestawia\u0107 \u017cadnemu sta\u0142emu bywalcowi Audioteki. S\u0142uchacze na ca\u0142ym kraju kochaj\u0105 go za niesamowit\u0105 wra\u017cliwo\u015b\u0107 na tekst, precyzj\u0119 dykcji oraz ogromn\u0105 elastyczno\u015b\u0107. <strong>Kiedy Filip Kosior czyta <a href=\"https:\/\/audioteka.com\/pl\/katalog\/kryminaly\/\" target=\"_blank\" rel=\"noopener\">krymina\u0142<\/a> lub dystopi\u0119, czujemy na plecach lodowate ciarki. <\/strong>Kiedy opowiada historie fantastyczne, potrafi w&nbsp;mgnieniu oka przenie\u015b\u0107 nas do innych \u015bwiat\u00f3w. Kosior nie po prostu &#8222;czyta nam do ucha&#8221; \u2013 on bywa dla nas najlepszym przewodnikiem. Doskonale zna miejsce, po kt\u00f3rym oprowadza, nie przeszkadza i&nbsp;pozostawia s\u0142uchaczom przestrze\u0144 na to, by samodzielnie poczuli ca\u0142\u0105 magi\u0119 historii.<\/p>\n\n\n\n<div class=\"wp-block-group is-style-cs-promo\"><div class=\"wp-block-group__inner-container is-layout-constrained wp-block-group-is-layout-constrained\">\n<p class=\"wp-block-paragraph\">\ud83d\udc49<a href=\"https:\/\/audioteka.com\/pl\/blog\/filip-kosior-o-tym-jak-pasja-do-literatury-stala-sie-sposobem-na-zycie-i-jak-wyglada-rynek-audio-w-polsce-od-kuchni-podcast\" target=\"_blank\" rel=\"noopener\">Czyta 120 ksi\u0105\u017cek rocznie. Filip Kosior zdradza kulisy pracy lektora<\/a><\/p>\n<\/div><\/div>\n\n\n\n<p class=\"has-text-align-justify wp-block-paragraph\">Z okazji urodzin przesy\u0142amy mu nasze najlepsze \u017cyczenia oraz czekamy na kolejne lektorskie wyzwania, a&nbsp;Wam, drodzy s\u0142uchacze, chcemy dzisiaj poleci\u0107 co\u015b bardzo specjalnego.<\/p>\n\n\n\n<figure class=\"wp-block-embed is-type-video is-provider-youtube wp-block-embed-youtube wp-embed-aspect-16-9 wp-has-aspect-ratio\"><div class=\"wp-block-embed__wrapper\">\n<span class=\"embed-youtube\" style=\"text-align:center; display: block;\"><iframe loading=\"lazy\" class=\"youtube-player\" width=\"1200\" height=\"675\" src=\"https:\/\/www.youtube.com\/embed\/7yZ_ofltD3Y?version=3&#038;rel=1&#038;showsearch=0&#038;showinfo=1&#038;iv_load_policy=1&#038;fs=1&#038;hl=pl-PL&#038;autohide=2&#038;wmode=transparent\" allowfullscreen=\"true\" style=\"border:0;\" sandbox=\"allow-scripts allow-same-origin allow-popups allow-presentation allow-popups-to-escape-sandbox\"><\/iframe><\/span>\n<\/div><\/figure>\n\n\n\n<h2 class=\"wp-block-heading\"><span class=\"ez-toc-section\" id=\"Popularne_i_znane_serie_w_Audiotece_w_interpretacji_solenizanta\"><\/span><strong>Popularne i&nbsp;znane serie w&nbsp;Audiotece w&nbsp;interpretacji solenizanta<\/strong><span class=\"ez-toc-section-end\"><\/span><\/h2>\n\n\n\n<p class=\"has-text-align-justify wp-block-paragraph\">Je\u017celi zastanawiacie si\u0119, jak uczci\u0107 dzisiejszy wiecz\u00f3r, w&nbsp;Audiotece znajdziecie absolutne bestsellery odczytane tym uwielbianym g\u0142osem. Oto s\u0142ynne serie i&nbsp;tytu\u0142y, z&nbsp;kt\u00f3rymi zdecydowanie warto sp\u0119dzi\u0107 Dzie\u0144 Ksi\u0105\u017cki (i nie tylko!):<\/p>\n\n\n\n<ul class=\"wp-block-list\">\n<li><strong><a href=\"https:\/\/audioteka.com\/pl\/cykl\/seria-kryminalna-z-komisarz-olga-balicka\/\" target=\"_blank\" rel=\"noopener\">Seria kryminalna z&nbsp;komisarz Olg\u0105 Balick\u0105<\/a><\/strong>\u00a0\u2013 wci\u0105gaj\u0105ce zagadki kryminalne i&nbsp;\u015bwietnie wykreowana posta\u0107 \u015bledczej. Filip Kosior doskonale potrafi budowa\u0107 tu napi\u0119cie, sprawiaj\u0105c, \u017ce mroczny klimat poch\u0142ania s\u0142uchacza bez reszty.<\/li>\n\n\n\n<li><strong><a href=\"https:\/\/audioteka.com\/pl\/cykl\/czwartkowy-klub-zbrodni-10b52542\/\" target=\"_blank\" rel=\"noopener\">Czwartkowy Klub Zbrodni<\/a><\/strong>\u00a0\u2013 absolutny fenomen. Urocza, pe\u0142na nietuzinkowego, brytyjskiego humoru seria, w&nbsp;kt\u00f3rej lektor kapitalnie bawi si\u0119 g\u0142osami starszych, dociekliwych detektyw\u00f3w-amator\u00f3w.<\/li>\n\n\n\n<li><strong><a href=\"https:\/\/audioteka.com\/pl\/cykl\/druzyna-do-zadan-specjalnych\/\" target=\"_blank\" rel=\"noopener\">Dru\u017cyna do zada\u0144 specjalnych<\/a><\/strong>\u00a0\u2013 je\u015bli kochacie przepe\u0142nione humorem i&nbsp;awanturnicze fantasy, odnajdziecie si\u0119 tu idealnie. Interpretacja Filipa nadaje tej serii niesamowit\u0105 dynamik\u0119 i&nbsp;mn\u00f3stwo komediowych barw.<\/li>\n\n\n\n<li><strong><a href=\"https:\/\/audioteka.com\/pl\/cykl\/komisarz-bondys\/\" target=\"_blank\" rel=\"noopener\">Komisarz Bondys<\/a><\/strong>\u00a0oraz\u00a0<strong><a href=\"https:\/\/audioteka.com\/pl\/cykl\/komisarz-oczko\/\" target=\"_blank\" rel=\"noopener\">Komisarz Oczko<\/a><\/strong>\u00a0\u2013 rasowe serie policyjne, w&nbsp;kt\u00f3rych mroczne tajemnice, skomplikowane dochodzenia i&nbsp;\u017cmudna praca \u015bledczych zyskuj\u0105 w&nbsp;audio niesamowit\u0105 g\u0142\u0119bi\u0119.<\/li>\n\n\n\n<li><strong><a href=\"https:\/\/audioteka.com\/pl\/cykl\/millie-calloway-5b92decf\/\" target=\"_blank\" rel=\"noopener\">Pomoc domowa<\/a><\/strong>\u00a0\u2013 znakomity, duszny thriller psychologiczny, w&nbsp;kt\u00f3rym niepok\u00f3j ro\u015bnie z&nbsp;ka\u017cd\u0105 minut\u0105. G\u0142os lektora idealnie pot\u0119guje uczucie osaczenia.<\/li>\n\n\n\n<li><strong><a href=\"https:\/\/audioteka.com\/pl\/cykl\/kroczacy-wsrod-cieni-fa13ff78\/\" target=\"_blank\" rel=\"noopener\">Krocz\u0105cy w\u015br\u00f3d cieni<\/a><\/strong>\u00a0\u2013 historia, od kt\u00f3rej dos\u0142ownie nie mo\u017cna si\u0119 oderwa\u0107. Doskona\u0142a propozycja dla fan\u00f3w mocnych wra\u017ce\u0144 i&nbsp;fantasy.<\/li>\n\n\n\n<li><strong><a href=\"https:\/\/audioteka.com\/pl\/cykl\/raport\/\" target=\"_blank\" rel=\"noopener\">Raport<\/a><\/strong>\u00a0\u2013 niezast\u0105piony kr\u00f3l polskich thriller\u00f3w w&nbsp;uj\u0119ciu, kt\u00f3re intryguje i&nbsp;szokuje. Duet Mr\u00f3z &amp; Kosior to gwarancja wypiek\u00f3w na twarzy!<\/li>\n\n\n\n<li><strong><a href=\"https:\/\/audioteka.com\/pl\/cykl\/lena-katarzyna-bonda\/\" target=\"_blank\" rel=\"noopener\">Seria &#8222;Lena&#8221;<\/a><\/strong>\u00a0\u2013 g\u0119sta, niezwykle dopracowana opowie\u015b\u0107 od kr\u00f3lowej polskiego krymina\u0142u. Narracja Kosiora dodaje tej historii surowego i&nbsp;bardzo autentycznego sznytu.<\/li>\n\n\n\n<li><strong>Audioseriale i&nbsp;superprodukcje (m.in. <a href=\"https:\/\/audioteka.com\/pl\/cykl\/ozyrys-audioserial\/\" target=\"_blank\" rel=\"noopener\">\u201eOzyrys\u201d<\/a>, <a href=\"https:\/\/audioteka.com\/pl\/audiobook\/arachnia-superprodukcja\/\" target=\"_blank\" rel=\"noopener\">\u201eArachnia\u201d<\/a>, <a href=\"https:\/\/audioteka.com\/pl\/cykl\/wojna1943-pl-audioserial\/\" target=\"_blank\" rel=\"noopener\">\u201eWojna 1943\u201d<\/a>)<\/strong>\u00a0\u2013 bogate, przepe\u0142nione efektami d\u017awi\u0119kowymi widowiska, w&nbsp;kt\u00f3rych solenizant czuje si\u0119 jak ryba w&nbsp;wodzie. Razem z&nbsp;fenomenaln\u0105 obsad\u0105 tworzy dla s\u0142uchaczy prawdziwie \u201ekinowe\u201d prze\u017cycie dla uszu.<\/li>\n<\/ul>\n\n\n\n<figure class=\"wp-block-image size-full is-resized\"><a href=\"https:\/\/audioteka.com\/pl\/cykl\/wojna1943-pl-audioserial\/\" target=\"_blank\" rel=\"noopener\"><img data-recalc-dims=\"1\" loading=\"lazy\" decoding=\"async\" width=\"768\" height=\"216\" data-attachment-id=\"17201\" data-permalink=\"https:\/\/blogaudioteka.wpcomstaging.com\/swietujemy-swiatowy-dzien-ksiazki-i-urodziny-filipa-kosiora-to-nie-moze-byc-przypadek-%f0%9f%98%89\/hhz2luag\" data-orig-file=\"https:\/\/i0.wp.com\/blogaudioteka.wpcomstaging.com\/wp-content\/uploads\/hhZ2LUag.png?fit=768%2C216&amp;ssl=1\" data-orig-size=\"768,216\" data-comments-opened=\"0\" data-image-meta=\"{&quot;aperture&quot;:&quot;0&quot;,&quot;credit&quot;:&quot;&quot;,&quot;camera&quot;:&quot;&quot;,&quot;caption&quot;:&quot;&quot;,&quot;created_timestamp&quot;:&quot;0&quot;,&quot;copyright&quot;:&quot;&quot;,&quot;focal_length&quot;:&quot;0&quot;,&quot;iso&quot;:&quot;0&quot;,&quot;shutter_speed&quot;:&quot;0&quot;,&quot;title&quot;:&quot;&quot;,&quot;orientation&quot;:&quot;0&quot;}\" data-image-title=\"hhZ2LUag\" data-image-description=\"\" data-image-caption=\"\" data-large-file=\"https:\/\/i0.wp.com\/blogaudioteka.wpcomstaging.com\/wp-content\/uploads\/hhZ2LUag.png?fit=768%2C216&amp;ssl=1\" src=\"https:\/\/i0.wp.com\/blogaudioteka.wpcomstaging.com\/wp-content\/uploads\/hhZ2LUag.png?resize=768%2C216&#038;ssl=1\" alt=\"\" class=\"wp-image-17201\" style=\"width:800px;height:auto\" srcset=\"https:\/\/i0.wp.com\/blogaudioteka.wpcomstaging.com\/wp-content\/uploads\/hhZ2LUag.png?w=768&amp;ssl=1 768w, https:\/\/i0.wp.com\/blogaudioteka.wpcomstaging.com\/wp-content\/uploads\/hhZ2LUag.png?resize=300%2C84&amp;ssl=1 300w, https:\/\/i0.wp.com\/blogaudioteka.wpcomstaging.com\/wp-content\/uploads\/hhZ2LUag.png?resize=512%2C144&amp;ssl=1 512w\" sizes=\"auto, (max-width: 768px) 100vw, 768px\" \/><\/a><\/figure>\n\n\n\n<p class=\"has-text-align-justify wp-block-paragraph\">Zr\u00f3bcie dzi\u015b co\u015b dobrego dla siebie. \u015awiatowy Dzie\u0144 Ksi\u0105\u017cki to fantastyczny pretekst, by podzieli\u0107 si\u0119 ze znajomymi tytu\u0142em ostatnio przes\u0142uchanej opowie\u015bci, odwiedzi\u0107 ulubion\u0105 ksi\u0119garni\u0119 i&nbsp;obowi\u0105zkowo za\u0142o\u017cy\u0107 po zmroku s\u0142uchawki.<\/p>\n\n\n\n<p class=\"wp-block-paragraph\"><strong><em>Wspania\u0142ego Dnia Ksi\u0105\u017cki dla Was wszystkich!<\/em><\/strong><\/p>\n\n\n\n<p class=\"wp-block-paragraph\"><\/p>\n","protected":false},"excerpt":{"rendered":"\u201eKto czyta ksi\u0105\u017cki, \u017cyje podw\u00f3jnie\u201d \u2013 mawia\u0142 Umberto Eco. A&nbsp;ile razy \u017cyje ten, kto ich s\u0142ucha w&nbsp;fenomenalnej interpretacji?&hellip;","protected":false},"author":264736300,"featured_media":17207,"comment_status":"closed","ping_status":"closed","sticky":false,"template":"","format":"standard","meta":{"_crdt_document":"","csco_display_header_overlay":false,"csco_singular_sidebar":"","csco_page_header_type":"","_jetpack_memberships_contains_paid_content":false,"footnotes":""},"categories":[14931,14935],"tags":[],"class_list":{"0":"post-17193","1":"post","2":"type-post","3":"status-publish","4":"format-standard","5":"has-post-thumbnail","7":"category-aktualnosci","8":"category-lifestylowe","9":"cs-entry"},"jetpack_featured_media_url":"https:\/\/i0.wp.com\/blogaudioteka.wpcomstaging.com\/wp-content\/uploads\/Kosior_Blog_16x9-e1776941275679.png?fit=1920%2C973&ssl=1","jetpack_sharing_enabled":true,"_links":{"self":[{"href":"https:\/\/blogaudioteka.wpcomstaging.com\/wp-json\/wp\/v2\/posts\/17193","targetHints":{"allow":["GET"]}}],"collection":[{"href":"https:\/\/blogaudioteka.wpcomstaging.com\/wp-json\/wp\/v2\/posts"}],"about":[{"href":"https:\/\/blogaudioteka.wpcomstaging.com\/wp-json\/wp\/v2\/types\/post"}],"author":[{"embeddable":true,"href":"https:\/\/blogaudioteka.wpcomstaging.com\/wp-json\/wp\/v2\/users\/264736300"}],"replies":[{"embeddable":true,"href":"https:\/\/blogaudioteka.wpcomstaging.com\/wp-json\/wp\/v2\/comments?post=17193"}],"version-history":[{"count":11,"href":"https:\/\/blogaudioteka.wpcomstaging.com\/wp-json\/wp\/v2\/posts\/17193\/revisions"}],"predecessor-version":[{"id":17218,"href":"https:\/\/blogaudioteka.wpcomstaging.com\/wp-json\/wp\/v2\/posts\/17193\/revisions\/17218"}],"wp:featuredmedia":[{"embeddable":true,"href":"https:\/\/blogaudioteka.wpcomstaging.com\/wp-json\/wp\/v2\/media\/17207"}],"wp:attachment":[{"href":"https:\/\/blogaudioteka.wpcomstaging.com\/wp-json\/wp\/v2\/media?parent=17193"}],"wp:term":[{"taxonomy":"category","embeddable":true,"href":"https:\/\/blogaudioteka.wpcomstaging.com\/wp-json\/wp\/v2\/categories?post=17193"},{"taxonomy":"post_tag","embeddable":true,"href":"https:\/\/blogaudioteka.wpcomstaging.com\/wp-json\/wp\/v2\/tags?post=17193"}],"curies":[{"name":"wp","href":"https:\/\/api.w.org\/{rel}","templated":true}]}}