{"id":14287,"date":"2026-02-26T11:48:00","date_gmt":"2026-02-26T10:48:00","guid":{"rendered":"https:\/\/blogaudioteka.wpcomstaging.com\/?p=14287"},"modified":"2026-02-27T11:18:05","modified_gmt":"2026-02-27T10:18:05","slug":"top-10-audiobookow-grozy-w-ktorych-natura-przeraza-najbardziej-las-mgla-i-jeziora-jako-pulapki-bez-wyjscia","status":"publish","type":"post","link":"https:\/\/blogaudioteka.wpcomstaging.com\/top-10-audiobookow-grozy-w-ktorych-natura-przeraza-najbardziej-las-mgla-i-jeziora-jako-pulapki-bez-wyjscia","title":{"rendered":"TOP 10 audiobook\u00f3w grozy, w kt\u00f3rych natura przera\u017ca najbardziej. Las, mg\u0142a i jeziora jako pu\u0142apki bez wyj\u015bcia"},"content":{"rendered":"\n<p class=\"has-text-align-justify wp-block-paragraph\"><strong>Najbardziej pierwotny l\u0119k rzadko rodzi si\u0119 w&nbsp;zamkni\u0119tym pomieszczeniu. Pojawia si\u0119 tam, gdzie przestrze\u0144 wydaje si\u0119 zbyt rozleg\u0142a, a&nbsp;cisza nagle zaczyna brzmie\u0107 podejrzanie. Las, jezioro spowite mg\u0142\u0105 czy odludne szlaki od lat stanowi\u0105 idealne t\u0142o dla horror\u00f3w, poniewa\u017c natura potrafi by\u0107 r\u00f3wnie pi\u0119kna, co niepokoj\u0105ca. W\u0142a\u015bnie w&nbsp;takich sceneriach napi\u0119cie narasta najwolniej, ale zostaje z&nbsp;odbiorc\u0105 najd\u0142u\u017cej.<\/strong><\/p>\n\n\n\n<div id=\"ez-toc-container\" class=\"ez-toc-v2_0_82_2 counter-hierarchy ez-toc-counter ez-toc-grey ez-toc-container-direction\">\n<div class=\"ez-toc-title-container\"><span class=\"ez-toc-title\" style=\"cursor:inherit\">Spis tre\u015bci<\/span>\n<\/div><nav><ul class='ez-toc-list ez-toc-list-level-1 ' ><li class='ez-toc-page-1 ez-toc-heading-level-2'><a class=\"ez-toc-link ez-toc-heading-1\" href=\"https:\/\/blogaudioteka.wpcomstaging.com\/top-10-audiobookow-grozy-w-ktorych-natura-przeraza-najbardziej-las-mgla-i-jeziora-jako-pulapki-bez-wyjscia\/#Horror_w_plenerze_dlaczego_las_i_woda_buduja_najsilniejsze_napiecie\" >Horror w&nbsp;plenerze: dlaczego las i&nbsp;woda buduj\u0105 najsilniejsze napi\u0119cie?<\/a><\/li><li class='ez-toc-page-1 ez-toc-heading-level-2'><a class=\"ez-toc-link ez-toc-heading-2\" href=\"https:\/\/blogaudioteka.wpcomstaging.com\/top-10-audiobookow-grozy-w-ktorych-natura-przeraza-najbardziej-las-mgla-i-jeziora-jako-pulapki-bez-wyjscia\/#Odkryj_mrok_w_Audioteka_Klub_%E2%80%93_tysiace_historii_za_linia_drzew\" >Odkryj mrok w&nbsp;Audioteka Klub \u2013 tysi\u0105ce historii za lini\u0105 drzew<\/a><\/li><li class='ez-toc-page-1 ez-toc-heading-level-2'><a class=\"ez-toc-link ez-toc-heading-3\" href=\"https:\/\/blogaudioteka.wpcomstaging.com\/top-10-audiobookow-grozy-w-ktorych-natura-przeraza-najbardziej-las-mgla-i-jeziora-jako-pulapki-bez-wyjscia\/#Przerazajace_historie_z_natura_w_roli_glownej_nasze_TOP_10\" >Przera\u017caj\u0105ce historie z&nbsp;natur\u0105 w&nbsp;roli g\u0142\u00f3wnej: nasze TOP 10<\/a><ul class='ez-toc-list-level-3' ><li class='ez-toc-heading-level-3'><a class=\"ez-toc-link ez-toc-heading-4\" href=\"https:\/\/blogaudioteka.wpcomstaging.com\/top-10-audiobookow-grozy-w-ktorych-natura-przeraza-najbardziej-las-mgla-i-jeziora-jako-pulapki-bez-wyjscia\/#1_Audioserial_Mazurski_przekret\" >1. Audioserial Mazurski przekr\u0119t<\/a><\/li><li class='ez-toc-page-1 ez-toc-heading-level-3'><a class=\"ez-toc-link ez-toc-heading-5\" href=\"https:\/\/blogaudioteka.wpcomstaging.com\/top-10-audiobookow-grozy-w-ktorych-natura-przeraza-najbardziej-las-mgla-i-jeziora-jako-pulapki-bez-wyjscia\/#2_Saga_o_Lipowie_%E2%80%93_Katarzyna_Puzynska\" >2. Saga o&nbsp;Lipowie \u2013 Katarzyna Puzy\u0144ska<\/a><\/li><li class='ez-toc-page-1 ez-toc-heading-level-3'><a class=\"ez-toc-link ez-toc-heading-6\" href=\"https:\/\/blogaudioteka.wpcomstaging.com\/top-10-audiobookow-grozy-w-ktorych-natura-przeraza-najbardziej-las-mgla-i-jeziora-jako-pulapki-bez-wyjscia\/#3_Superodukcja_Ton_%E2%80%93_Ishbel_Szatrawska\" >3. Superodukcja To\u0144 \u2013 Ishbel Szatrawska<\/a><\/li><li class='ez-toc-page-1 ez-toc-heading-level-3'><a class=\"ez-toc-link ez-toc-heading-7\" href=\"https:\/\/blogaudioteka.wpcomstaging.com\/top-10-audiobookow-grozy-w-ktorych-natura-przeraza-najbardziej-las-mgla-i-jeziora-jako-pulapki-bez-wyjscia\/#4_Cykl_Anima_%E2%80%93_Kinga_Krzeminska\" >4. Cykl Anima \u2013 Kinga Krzemi\u0144ska<\/a><\/li><li class='ez-toc-page-1 ez-toc-heading-level-3'><a class=\"ez-toc-link ez-toc-heading-8\" href=\"https:\/\/blogaudioteka.wpcomstaging.com\/top-10-audiobookow-grozy-w-ktorych-natura-przeraza-najbardziej-las-mgla-i-jeziora-jako-pulapki-bez-wyjscia\/#5_Tylko_nie_Mazury_%E2%80%93_Sylwia_Skuza\" >5. Tylko nie Mazury \u2013 Sylwia Skuza<\/a><\/li><li class='ez-toc-page-1 ez-toc-heading-level-3'><a class=\"ez-toc-link ez-toc-heading-9\" href=\"https:\/\/blogaudioteka.wpcomstaging.com\/top-10-audiobookow-grozy-w-ktorych-natura-przeraza-najbardziej-las-mgla-i-jeziora-jako-pulapki-bez-wyjscia\/#6_RIP_%E2%80%93_Mariusz_Czubaj\" >6. R.I.P. \u2013 Mariusz Czubaj<\/a><\/li><li class='ez-toc-page-1 ez-toc-heading-level-3'><a class=\"ez-toc-link ez-toc-heading-10\" href=\"https:\/\/blogaudioteka.wpcomstaging.com\/top-10-audiobookow-grozy-w-ktorych-natura-przeraza-najbardziej-las-mgla-i-jeziora-jako-pulapki-bez-wyjscia\/#7_Krolowa_Glodu_%E2%80%93_Wojciech_Chmielarz\" >7. Kr\u00f3lowa G\u0142odu \u2013 Wojciech Chmielarz<\/a><\/li><li class='ez-toc-page-1 ez-toc-heading-level-3'><a class=\"ez-toc-link ez-toc-heading-11\" href=\"https:\/\/blogaudioteka.wpcomstaging.com\/top-10-audiobookow-grozy-w-ktorych-natura-przeraza-najbardziej-las-mgla-i-jeziora-jako-pulapki-bez-wyjscia\/#8_Ludzie_z_mgly_%E2%80%93_Izabela_Janiszewska\" >8. Ludzie z&nbsp;mg\u0142y \u2013 Izabela Janiszewska<\/a><\/li><li class='ez-toc-page-1 ez-toc-heading-level-3'><a class=\"ez-toc-link ez-toc-heading-12\" href=\"https:\/\/blogaudioteka.wpcomstaging.com\/top-10-audiobookow-grozy-w-ktorych-natura-przeraza-najbardziej-las-mgla-i-jeziora-jako-pulapki-bez-wyjscia\/#9_Smierc_w_skalnym_lesie_%E2%80%93_Agnieszka_Jez\" >9. \u015amier\u0107 w&nbsp;skalnym lesie \u2013 Agnieszka Je\u017c<\/a><\/li><li class='ez-toc-page-1 ez-toc-heading-level-3'><a class=\"ez-toc-link ez-toc-heading-13\" href=\"https:\/\/blogaudioteka.wpcomstaging.com\/top-10-audiobookow-grozy-w-ktorych-natura-przeraza-najbardziej-las-mgla-i-jeziora-jako-pulapki-bez-wyjscia\/#10_W_glebi_lasu_%E2%80%93_Harlan_Coben\" >10. W g\u0142\u0119bi lasu \u2013 Harlan Coben<\/a><\/li><\/ul><\/li><li class='ez-toc-page-1 ez-toc-heading-level-2'><a class=\"ez-toc-link ez-toc-heading-14\" href=\"https:\/\/blogaudioteka.wpcomstaging.com\/top-10-audiobookow-grozy-w-ktorych-natura-przeraza-najbardziej-las-mgla-i-jeziora-jako-pulapki-bez-wyjscia\/#Podsumowanie\" >Podsumowanie<\/a><\/li><\/ul><\/nav><\/div>\n<h2 class=\"wp-block-heading\"><span class=\"ez-toc-section\" id=\"Horror_w_plenerze_dlaczego_las_i_woda_buduja_najsilniejsze_napiecie\"><\/span><strong>Horror w&nbsp;plenerze: dlaczego las i&nbsp;woda buduj\u0105 najsilniejsze napi\u0119cie?<\/strong><span class=\"ez-toc-section-end\"><\/span><\/h2>\n\n\n\n<p class=\"has-text-align-justify wp-block-paragraph\">Audiobooki grozy szczeg\u00f3lnie dobrze wykorzystuj\u0105 motyw otwartej przestrzeni. Szum drzew, echo krok\u00f3w na mokrej ziemi czy odleg\u0142y plusk wody dzia\u0142aj\u0105 na wyobra\u017ani\u0119 mocniej ni\u017c najbardziej szczeg\u00f3\u0142owy opis. <strong>S\u0142uchacz nie widzi zagro\u017cenia, musi je sobie dopowiedzie\u0107<\/strong>, a&nbsp;w\u0142a\u015bnie ta niewidzialno\u015b\u0107 staje si\u0119 \u017ar\u00f3d\u0142em napi\u0119cia. Las czy odludne jezioro przestaj\u0105 by\u0107 t\u0142em wydarze\u0144 i&nbsp;zaczynaj\u0105 funkcjonowa\u0107 jak pe\u0142noprawny bohater historii.<\/p>\n\n\n\n<figure class=\"wp-block-image size-full\"><a href=\"https:\/\/audioteka.com\/pl\/cykl\/mazury-zywych-trupow-audioserial\/\" target=\"_blank\" rel=\"noopener\"><img data-recalc-dims=\"1\" loading=\"lazy\" decoding=\"async\" width=\"768\" height=\"216\" data-attachment-id=\"14461\" data-permalink=\"https:\/\/blogaudioteka.wpcomstaging.com\/top-10-audiobookow-grozy-w-ktorych-natura-przeraza-najbardziej-las-mgla-i-jeziora-jako-pulapki-bez-wyjscia\/7pmg828g-3\" data-orig-file=\"https:\/\/i0.wp.com\/blogaudioteka.wpcomstaging.com\/wp-content\/uploads\/7pMg828g-2.png?fit=768%2C216&amp;ssl=1\" data-orig-size=\"768,216\" data-comments-opened=\"0\" data-image-meta=\"{&quot;aperture&quot;:&quot;0&quot;,&quot;credit&quot;:&quot;&quot;,&quot;camera&quot;:&quot;&quot;,&quot;caption&quot;:&quot;&quot;,&quot;created_timestamp&quot;:&quot;0&quot;,&quot;copyright&quot;:&quot;&quot;,&quot;focal_length&quot;:&quot;0&quot;,&quot;iso&quot;:&quot;0&quot;,&quot;shutter_speed&quot;:&quot;0&quot;,&quot;title&quot;:&quot;&quot;,&quot;orientation&quot;:&quot;0&quot;}\" data-image-title=\"7pMg828g\" data-image-description=\"\" data-image-caption=\"\" data-large-file=\"https:\/\/i0.wp.com\/blogaudioteka.wpcomstaging.com\/wp-content\/uploads\/7pMg828g-2.png?fit=768%2C216&amp;ssl=1\" src=\"https:\/\/i0.wp.com\/blogaudioteka.wpcomstaging.com\/wp-content\/uploads\/7pMg828g-2.png?resize=768%2C216&#038;ssl=1\" alt=\"\" class=\"wp-image-14461\" srcset=\"https:\/\/i0.wp.com\/blogaudioteka.wpcomstaging.com\/wp-content\/uploads\/7pMg828g-2.png?w=768&amp;ssl=1 768w, https:\/\/i0.wp.com\/blogaudioteka.wpcomstaging.com\/wp-content\/uploads\/7pMg828g-2.png?resize=300%2C84&amp;ssl=1 300w, https:\/\/i0.wp.com\/blogaudioteka.wpcomstaging.com\/wp-content\/uploads\/7pMg828g-2.png?resize=512%2C144&amp;ssl=1 512w\" sizes=\"auto, (max-width: 768px) 100vw, 768px\" \/><\/a><\/figure>\n\n\n\n<p class=\"has-text-align-justify wp-block-paragraph\"><strong>Forma audio pot\u0119guje wra\u017cenie obecno\u015bci w&nbsp;samym centrum wydarze\u0144. <\/strong>Spacer po zmroku, podr\u00f3\u017c poci\u0105giem albo samotny wiecz\u00f3r nagle zmieniaj\u0105 si\u0119 w&nbsp;cz\u0119\u015b\u0107 opowie\u015bci, poniewa\u017c d\u017awi\u0119k w&nbsp;naturalny spos\u00f3b miesza fikcj\u0119 z&nbsp;rzeczywisto\u015bci\u0105. Horror w&nbsp;plenerze dzia\u0142a wi\u0119c inaczej ni\u017c klasyczna groza, nie atakuje nag\u0142ym strachem, lecz powoli buduje atmosfer\u0119 niepewno\u015bci, kt\u00f3ra zostaje jeszcze d\u0142ugo po zako\u0144czeniu historii.<\/p>\n\n\n\n<h2 class=\"wp-block-heading\"><span class=\"ez-toc-section\" id=\"Odkryj_mrok_w_Audioteka_Klub_%E2%80%93_tysiace_historii_za_linia_drzew\"><\/span><strong>Odkryj mrok w&nbsp;Audioteka Klub \u2013 tysi\u0105ce historii za lini\u0105 drzew<\/strong><span class=\"ez-toc-section-end\"><\/span><\/h2>\n\n\n\n<p class=\"has-text-align-justify wp-block-paragraph\">Mi\u0142o\u015bnicy mrocznych opowie\u015bci nie musz\u0105 dzi\u015b ogranicza\u0107 si\u0119 do pojedynczych tytu\u0142\u00f3w. W&nbsp;<a href=\"https:\/\/audioteka.com\/pl\/\" target=\"_blank\" rel=\"noopener\">Audiotece<\/a> dost\u0119pny jest ogromny wyb\u00f3r audiobook\u00f3w i&nbsp;<strong>s\u0142uchowisk osadzonych w&nbsp;klimacie odludnych miejsc<\/strong>, tajemniczych krajobraz\u00f3w i&nbsp;historii rozgrywaj\u0105cych si\u0119 z&nbsp;dala od cywilizacji. Produkcje audio pozwalaj\u0105 zanurzy\u0107 si\u0119 w&nbsp;r\u00f3\u017cne odmiany grozy, od psychologicznego thrillera po horror folkowy inspirowany natur\u0105 i&nbsp;lokalnymi legendami.<\/p>\n\n\n\n<figure class=\"wp-block-image size-full\"><a href=\"https:\/\/klub.audioteka.com\/\" target=\"_blank\" rel=\"noopener\"><img data-recalc-dims=\"1\" loading=\"lazy\" decoding=\"async\" width=\"768\" height=\"216\" data-attachment-id=\"8351\" data-permalink=\"https:\/\/blogaudioteka.wpcomstaging.com\/wrogowie-czy-kochankowie-najpiekniejszy-literacki-zwrot-akcji\/ak_4-2\" data-orig-file=\"https:\/\/i0.wp.com\/blogaudioteka.wpcomstaging.com\/wp-content\/uploads\/ak_4.webp?fit=768%2C216&amp;ssl=1\" data-orig-size=\"768,216\" data-comments-opened=\"0\" data-image-meta=\"{&quot;aperture&quot;:&quot;0&quot;,&quot;credit&quot;:&quot;&quot;,&quot;camera&quot;:&quot;&quot;,&quot;caption&quot;:&quot;&quot;,&quot;created_timestamp&quot;:&quot;0&quot;,&quot;copyright&quot;:&quot;&quot;,&quot;focal_length&quot;:&quot;0&quot;,&quot;iso&quot;:&quot;0&quot;,&quot;shutter_speed&quot;:&quot;0&quot;,&quot;title&quot;:&quot;&quot;,&quot;orientation&quot;:&quot;0&quot;}\" data-image-title=\"audioteka klub\" data-image-description=\"\" data-image-caption=\"\" data-large-file=\"https:\/\/i0.wp.com\/blogaudioteka.wpcomstaging.com\/wp-content\/uploads\/ak_4.webp?fit=768%2C216&amp;ssl=1\" src=\"https:\/\/i0.wp.com\/blogaudioteka.wpcomstaging.com\/wp-content\/uploads\/ak_4.webp?resize=768%2C216&#038;ssl=1\" alt=\"audioteka klub\" class=\"wp-image-8351\" srcset=\"https:\/\/i0.wp.com\/blogaudioteka.wpcomstaging.com\/wp-content\/uploads\/ak_4.webp?w=768&amp;ssl=1 768w, https:\/\/i0.wp.com\/blogaudioteka.wpcomstaging.com\/wp-content\/uploads\/ak_4.webp?resize=300%2C84&amp;ssl=1 300w, https:\/\/i0.wp.com\/blogaudioteka.wpcomstaging.com\/wp-content\/uploads\/ak_4.webp?resize=512%2C144&amp;ssl=1 512w\" sizes=\"auto, (max-width: 768px) 100vw, 768px\" \/><\/a><\/figure>\n\n\n\n<p class=\"has-text-align-justify wp-block-paragraph\">Szczeg\u00f3lnie wygodnym rozwi\u0105zaniem jest <a href=\"https:\/\/klub.audioteka.com\/\" target=\"_blank\" rel=\"noopener\">Audioteka Klub<\/a>, kt\u00f3ry umo\u017cliwia <strong>dost\u0119p do wielu ksi\u0105\u017cek audio w&nbsp;ramach jednej subskrypcji<\/strong> lub w&nbsp;specjalnej ofercie cenowej dla klubowicz\u00f3w. Dzi\u0119ki temu mo\u017cna swobodnie odkrywa\u0107 kolejne historie, testowa\u0107 nowe gatunki i&nbsp;wraca\u0107 do ulubionych klimat\u00f3w bez konieczno\u015bci wybierania tylko jednego tytu\u0142u. To przestrze\u0144 dla tych, kt\u00f3rzy lubi\u0105, gdy napi\u0119cie narasta powoli, a&nbsp;najlepsze historie zaczynaj\u0105 si\u0119 tam, gdzie ko\u0144czy si\u0119 bezpieczna \u015bcie\u017cka!<\/p>\n\n\n\n<h2 class=\"wp-block-heading\"><span class=\"ez-toc-section\" id=\"Przerazajace_historie_z_natura_w_roli_glownej_nasze_TOP_10\"><\/span><strong>Przera\u017caj\u0105ce historie z&nbsp;natur\u0105 w&nbsp;roli g\u0142\u00f3wnej: nasze TOP 10<\/strong><span class=\"ez-toc-section-end\"><\/span><\/h2>\n\n\n\n<p class=\"has-text-align-justify wp-block-paragraph\">Las, jezioro, odludna wie\u015b czy g\u00f3rska droga prowadz\u0105ca donik\u0105d od lat stanowi\u0105 jedne z&nbsp;najbardziej sugestywnych scenerii <a href=\"https:\/\/audioteka.com\/pl\/katalog\/horror-n\/\" target=\"_blank\" rel=\"noopener\">horroru<\/a>. W\u0142a\u015bnie tam cisza brzmi najg\u0142o\u015bniej, a&nbsp;granica mi\u0119dzy rzeczywisto\u015bci\u0105 a&nbsp;tym, co niewyt\u0142umaczalne, zaczyna si\u0119 niebezpiecznie zaciera\u0107. W&nbsp;naszej redakcyjnej selekcji zebrali\u015bmy historie, w&nbsp;kt\u00f3rych natura nie jest jedynie t\u0142em wydarze\u0144, lecz aktywn\u0105 si\u0142\u0105 buduj\u0105c\u0105 napi\u0119cie, pot\u0119guj\u0105c\u0105 l\u0119k i&nbsp;sprawiaj\u0105c\u0105, \u017ce s\u0142uchacz ani przez chwil\u0119 nie czuje si\u0119 naprawd\u0119 bezpiecznie.<\/p>\n\n\n\n<h3 class=\"wp-block-heading\"><span class=\"ez-toc-section\" id=\"1_Audioserial_Mazurski_przekret\"><\/span>1. <a href=\"https:\/\/audioteka.com\/pl\/cykl\/mazurski-przekret-audioserial\/\" target=\"_blank\" rel=\"noopener\">Audioserial Mazurski przekr\u0119t<\/a><span class=\"ez-toc-section-end\"><\/span><\/h3>\n\n\n\n<figure class=\"wp-block-embed is-type-video is-provider-youtube wp-block-embed-youtube wp-embed-aspect-16-9 wp-has-aspect-ratio\"><div class=\"wp-block-embed__wrapper\">\n<span class=\"embed-youtube\" style=\"text-align:center; display: block;\"><iframe loading=\"lazy\" class=\"youtube-player\" width=\"1200\" height=\"675\" src=\"https:\/\/www.youtube.com\/embed\/A9QwsoWxEEA?version=3&#038;rel=1&#038;showsearch=0&#038;showinfo=1&#038;iv_load_policy=1&#038;fs=1&#038;hl=pl-PL&#038;autohide=2&#038;wmode=transparent\" allowfullscreen=\"true\" style=\"border:0;\" sandbox=\"allow-scripts allow-same-origin allow-popups allow-presentation allow-popups-to-escape-sandbox\"><\/iframe><\/span>\n<\/div><\/figure>\n\n\n\n<p class=\"has-text-align-justify wp-block-paragraph\">Mazury, kt\u00f3re zwykle kojarz\u0105 si\u0119 z&nbsp;cisz\u0105, wod\u0105 i&nbsp;wakacyjnym spokojem, w&nbsp;tym <a href=\"https:\/\/audioteka.com\/pl\/katalog\/audioseriale\/\" target=\"_blank\" rel=\"noopener\">audioserialu <\/a>szybko ods\u0142aniaj\u0105 znacznie mroczniejsze oblicze. Historia Piotra Brandta pokazuje, jak \u0142atwo sielankowy krajobraz mo\u017ce zamieni\u0107 si\u0119 w&nbsp;przestrze\u0144 pe\u0142n\u0105 tajemnic, lokalnych uk\u0142ad\u00f3w i&nbsp;niebezpiecznych sekret\u00f3w ukrytych tu\u017c pod powierzchni\u0105 jezior. Naturalna sceneria pot\u0119guje napi\u0119cie, bo im pi\u0119kniejsze otoczenie, tym bardziej niepokoj\u0105ce staje si\u0119 odkrycie, \u017ce z\u0142o cz\u0119sto najlepiej maskuje si\u0119 w\u0142a\u015bnie w&nbsp;miejscach, kt\u00f3re mia\u0142y by\u0107 ucieczk\u0105 od \u015bwiata.<\/p>\n\n\n\n<h3 class=\"wp-block-heading\"><span class=\"ez-toc-section\" id=\"2_Saga_o_Lipowie_%E2%80%93_Katarzyna_Puzynska\"><\/span>2. <a href=\"https:\/\/audioteka.com\/pl\/cykl\/lipowo\/\" target=\"_blank\" rel=\"noopener\">Saga o&nbsp;Lipowie \u2013 Katarzyna Puzy\u0144ska<\/a><span class=\"ez-toc-section-end\"><\/span><\/h3>\n\n\n<div class=\"wp-block-image\">\n<figure class=\"aligncenter size-full\"><img data-recalc-dims=\"1\" loading=\"lazy\" decoding=\"async\" width=\"360\" height=\"360\" data-attachment-id=\"14307\" data-permalink=\"https:\/\/blogaudioteka.wpcomstaging.com\/top-10-audiobookow-grozy-w-ktorych-natura-przeraza-najbardziej-las-mgla-i-jeziora-jako-pulapki-bez-wyjscia\/165-1\" data-orig-file=\"https:\/\/i0.wp.com\/blogaudioteka.wpcomstaging.com\/wp-content\/uploads\/165-1.webp?fit=360%2C360&amp;ssl=1\" data-orig-size=\"360,360\" data-comments-opened=\"0\" data-image-meta=\"{&quot;aperture&quot;:&quot;0&quot;,&quot;credit&quot;:&quot;&quot;,&quot;camera&quot;:&quot;&quot;,&quot;caption&quot;:&quot;&quot;,&quot;created_timestamp&quot;:&quot;0&quot;,&quot;copyright&quot;:&quot;&quot;,&quot;focal_length&quot;:&quot;0&quot;,&quot;iso&quot;:&quot;0&quot;,&quot;shutter_speed&quot;:&quot;0&quot;,&quot;title&quot;:&quot;&quot;,&quot;orientation&quot;:&quot;0&quot;}\" data-image-title=\"165 (1)\" data-image-description=\"\" data-image-caption=\"\" data-large-file=\"https:\/\/i0.wp.com\/blogaudioteka.wpcomstaging.com\/wp-content\/uploads\/165-1.webp?fit=360%2C360&amp;ssl=1\" src=\"https:\/\/i0.wp.com\/blogaudioteka.wpcomstaging.com\/wp-content\/uploads\/165-1.webp?resize=360%2C360&#038;ssl=1\" alt=\"\" class=\"wp-image-14307\" srcset=\"https:\/\/i0.wp.com\/blogaudioteka.wpcomstaging.com\/wp-content\/uploads\/165-1.webp?w=360&amp;ssl=1 360w, https:\/\/i0.wp.com\/blogaudioteka.wpcomstaging.com\/wp-content\/uploads\/165-1.webp?resize=300%2C300&amp;ssl=1 300w, https:\/\/i0.wp.com\/blogaudioteka.wpcomstaging.com\/wp-content\/uploads\/165-1.webp?resize=150%2C150&amp;ssl=1 150w, https:\/\/i0.wp.com\/blogaudioteka.wpcomstaging.com\/wp-content\/uploads\/165-1.webp?resize=200%2C200&amp;ssl=1 200w, https:\/\/i0.wp.com\/blogaudioteka.wpcomstaging.com\/wp-content\/uploads\/165-1.webp?resize=148%2C148&amp;ssl=1 148w, https:\/\/i0.wp.com\/blogaudioteka.wpcomstaging.com\/wp-content\/uploads\/165-1.webp?resize=296%2C296&amp;ssl=1 296w\" sizes=\"auto, (max-width: 360px) 100vw, 360px\" \/><\/figure>\n<\/div>\n\n\n<p class=\"has-text-align-justify wp-block-paragraph\">Lipowo to miejsce, w&nbsp;kt\u00f3rym natura uspokaja tylko pozornie, bo <strong>mazurskie lasy, jeziora i&nbsp;odludne drogi staj\u0105 si\u0119 t\u0142em dla historii pe\u0142nych przemilcze\u0144<\/strong>, dawnych uraz i&nbsp;sekret\u00f3w, kt\u00f3re nigdy nie powinny ujrze\u0107 \u015bwiat\u0142a dziennego. W&nbsp;sadze Katarzyny Puzy\u0144skiej napi\u0119cie rodzi si\u0119 w\u0142a\u015bnie z&nbsp;kontrastu mi\u0119dzy spokojem ma\u0142ej spo\u0142eczno\u015bci a&nbsp;narastaj\u0105cym poczuciem, \u017ce w\u015br\u00f3d znajomych twarzy kto\u015b zawsze co\u015b ukrywa, a&nbsp;zbrodnia jest jedynie pocz\u0105tkiem znacznie mroczniejszej opowie\u015bci. Troch\u0119 w&nbsp;klimacie \u201cMiasteczka Twin Peaks\u201d.<\/p>\n\n\n\n<div class=\"wp-block-group is-style-cs-promo\"><div class=\"wp-block-group__inner-container is-layout-constrained wp-block-group-is-layout-constrained\">\n<p class=\"wp-block-paragraph\">\ud83d\udc49<a href=\"https:\/\/audioteka.com\/pl\/blog\/polskie-twin-peaks-lezy-na-mazurach-o-czym-jest-saga-o-lipowie-fenomen-polskich-kryminalow-katarzyny-puzynskiej\" target=\"_blank\" rel=\"noopener\">Saga o&nbsp;Lipowie Puzy\u0144skiej to polskie Twin Peaks. S\u0142uchaj w&nbsp;Audiotece!<\/a><\/p>\n<\/div><\/div>\n\n\n\n<h3 class=\"wp-block-heading\"><span class=\"ez-toc-section\" id=\"3_Superodukcja_Ton_%E2%80%93_Ishbel_Szatrawska\"><\/span>3. <a href=\"https:\/\/audioteka.com\/pl\/audiobook\/ton-superprodukcja\/\" target=\"_blank\" rel=\"noopener\">Superodukcja To\u0144 \u2013 Ishbel Szatrawska<\/a><span class=\"ez-toc-section-end\"><\/span><\/h3>\n\n\n\n<figure class=\"wp-block-embed is-type-video is-provider-youtube wp-block-embed-youtube wp-embed-aspect-16-9 wp-has-aspect-ratio\"><div class=\"wp-block-embed__wrapper\">\n<span class=\"embed-youtube\" style=\"text-align:center; display: block;\"><iframe loading=\"lazy\" class=\"youtube-player\" width=\"1200\" height=\"675\" src=\"https:\/\/www.youtube.com\/embed\/iz7fKO2qZ8w?version=3&#038;rel=1&#038;showsearch=0&#038;showinfo=1&#038;iv_load_policy=1&#038;fs=1&#038;hl=pl-PL&#038;autohide=2&#038;wmode=transparent\" allowfullscreen=\"true\" style=\"border:0;\" sandbox=\"allow-scripts allow-same-origin allow-popups allow-presentation allow-popups-to-escape-sandbox\"><\/iframe><\/span>\n<\/div><\/figure>\n\n\n\n<p class=\"has-text-align-justify wp-block-paragraph\">W \u201cToni\u201d natura nie jest spokojnym krajobrazem, lecz przestrzeni\u0105 przesi\u0105kni\u0119t\u0105 pami\u0119ci\u0105, histori\u0105 i&nbsp;czym\u015b trudnym do nazwania, co nieustannie powraca spod powierzchni. Opowie\u015b\u0107 osadzona na dawnych terenach Prus Wschodnich buduje napi\u0119cie poprzez mglist\u0105 atmosfer\u0119 rzeki, las\u00f3w i&nbsp;starych dom\u00f3w, w&nbsp;kt\u00f3rych przesz\u0142o\u015b\u0107 dos\u0142ownie nie chce zamilkn\u0105\u0107, zamieniaj\u0105c t\u0119 audioserialow\u0105 <a href=\"https:\/\/audioteka.com\/pl\/katalog\/superprodukcje-audioteki\/\" target=\"_blank\" rel=\"noopener\">superprodukcj\u0119<\/a> w&nbsp;<strong>hipnotyzuj\u0105cy, niepokoj\u0105cy horror zakorzeniony w&nbsp;miejscu<\/strong>.<\/p>\n\n\n\n<h3 class=\"wp-block-heading\"><span class=\"ez-toc-section\" id=\"4_Cykl_Anima_%E2%80%93_Kinga_Krzeminska\"><\/span>4. <a href=\"https:\/\/audioteka.com\/pl\/cykl\/anima-41b38030\/\" target=\"_blank\" rel=\"noopener\">Cykl Anima \u2013 Kinga Krzemi\u0144ska<\/a><span class=\"ez-toc-section-end\"><\/span><\/h3>\n\n\n<div class=\"wp-block-image\">\n<figure class=\"aligncenter size-full is-resized\"><img data-recalc-dims=\"1\" loading=\"lazy\" decoding=\"async\" width=\"360\" height=\"360\" data-attachment-id=\"14302\" data-permalink=\"https:\/\/blogaudioteka.wpcomstaging.com\/top-10-audiobookow-grozy-w-ktorych-natura-przeraza-najbardziej-las-mgla-i-jeziora-jako-pulapki-bez-wyjscia\/attachment\/1068\" data-orig-file=\"https:\/\/i0.wp.com\/blogaudioteka.wpcomstaging.com\/wp-content\/uploads\/1068.webp?fit=360%2C360&amp;ssl=1\" data-orig-size=\"360,360\" data-comments-opened=\"0\" data-image-meta=\"{&quot;aperture&quot;:&quot;0&quot;,&quot;credit&quot;:&quot;&quot;,&quot;camera&quot;:&quot;&quot;,&quot;caption&quot;:&quot;&quot;,&quot;created_timestamp&quot;:&quot;0&quot;,&quot;copyright&quot;:&quot;&quot;,&quot;focal_length&quot;:&quot;0&quot;,&quot;iso&quot;:&quot;0&quot;,&quot;shutter_speed&quot;:&quot;0&quot;,&quot;title&quot;:&quot;&quot;,&quot;orientation&quot;:&quot;0&quot;}\" data-image-title=\"1068\" data-image-description=\"\" data-image-caption=\"\" data-large-file=\"https:\/\/i0.wp.com\/blogaudioteka.wpcomstaging.com\/wp-content\/uploads\/1068.webp?fit=360%2C360&amp;ssl=1\" src=\"https:\/\/i0.wp.com\/blogaudioteka.wpcomstaging.com\/wp-content\/uploads\/1068.webp?resize=360%2C360&#038;ssl=1\" alt=\"\" class=\"wp-image-14302\" style=\"width:322px;height:auto\" srcset=\"https:\/\/i0.wp.com\/blogaudioteka.wpcomstaging.com\/wp-content\/uploads\/1068.webp?w=360&amp;ssl=1 360w, https:\/\/i0.wp.com\/blogaudioteka.wpcomstaging.com\/wp-content\/uploads\/1068.webp?resize=300%2C300&amp;ssl=1 300w, https:\/\/i0.wp.com\/blogaudioteka.wpcomstaging.com\/wp-content\/uploads\/1068.webp?resize=150%2C150&amp;ssl=1 150w, https:\/\/i0.wp.com\/blogaudioteka.wpcomstaging.com\/wp-content\/uploads\/1068.webp?resize=200%2C200&amp;ssl=1 200w, https:\/\/i0.wp.com\/blogaudioteka.wpcomstaging.com\/wp-content\/uploads\/1068.webp?resize=148%2C148&amp;ssl=1 148w, https:\/\/i0.wp.com\/blogaudioteka.wpcomstaging.com\/wp-content\/uploads\/1068.webp?resize=296%2C296&amp;ssl=1 296w\" sizes=\"auto, (max-width: 360px) 100vw, 360px\" \/><\/figure>\n<\/div>\n\n\n<p class=\"has-text-align-justify wp-block-paragraph\">W Animie odci\u0119ta od \u015bwiata wie\u015b i&nbsp;otaczaj\u0105ca j\u0105 dzika natura staj\u0105 si\u0119 przestrzeni\u0105, w&nbsp;kt\u00f3rej granica mi\u0119dzy rzeczywisto\u015bci\u0105 a&nbsp;czym\u015b niewyt\u0142umaczalnym zaczyna powoli znika\u0107. To historia grozy budowanej cisz\u0105, pustk\u0105 i&nbsp;narastaj\u0105cym poczuciem, \u017ce <strong>las oraz opuszczone domy skrywaj\u0105 tajemnic\u0119 starsz\u0105 ni\u017c sami mieszka\u0144cy<\/strong>, a&nbsp;perfekcyjnie zrealizowana warstwa d\u017awi\u0119kowa sprawia, \u017ce s\u0142uchacz niemal fizycznie odczuwa niepok\u00f3j czaj\u0105cy si\u0119 poza zasi\u0119giem wzroku. W&nbsp;mistrzowskiej roli g\u0142\u00f3wnej \u2013 \u0141ukasz Simlat.<\/p>\n\n\n\n<h3 class=\"wp-block-heading\"><span class=\"ez-toc-section\" id=\"5_Tylko_nie_Mazury_%E2%80%93_Sylwia_Skuza\"><\/span>5. <a href=\"https:\/\/audioteka.com\/pl\/audiobook\/tylko-nie-mazury\/\" target=\"_blank\" rel=\"noopener\">Tylko nie Mazury \u2013 Sylwia Skuza<\/a><span class=\"ez-toc-section-end\"><\/span><\/h3>\n\n\n<div class=\"wp-block-image\">\n<figure class=\"aligncenter size-full\"><img data-recalc-dims=\"1\" loading=\"lazy\" decoding=\"async\" width=\"300\" height=\"300\" data-attachment-id=\"14301\" data-permalink=\"https:\/\/blogaudioteka.wpcomstaging.com\/top-10-audiobookow-grozy-w-ktorych-natura-przeraza-najbardziej-las-mgla-i-jeziora-jako-pulapki-bez-wyjscia\/54-3\" data-orig-file=\"https:\/\/i0.wp.com\/blogaudioteka.wpcomstaging.com\/wp-content\/uploads\/54-3.webp?fit=300%2C300&amp;ssl=1\" data-orig-size=\"300,300\" data-comments-opened=\"0\" data-image-meta=\"{&quot;aperture&quot;:&quot;0&quot;,&quot;credit&quot;:&quot;&quot;,&quot;camera&quot;:&quot;&quot;,&quot;caption&quot;:&quot;&quot;,&quot;created_timestamp&quot;:&quot;0&quot;,&quot;copyright&quot;:&quot;&quot;,&quot;focal_length&quot;:&quot;0&quot;,&quot;iso&quot;:&quot;0&quot;,&quot;shutter_speed&quot;:&quot;0&quot;,&quot;title&quot;:&quot;&quot;,&quot;orientation&quot;:&quot;0&quot;}\" data-image-title=\"54 (3)\" data-image-description=\"\" data-image-caption=\"\" data-large-file=\"https:\/\/i0.wp.com\/blogaudioteka.wpcomstaging.com\/wp-content\/uploads\/54-3.webp?fit=300%2C300&amp;ssl=1\" src=\"https:\/\/i0.wp.com\/blogaudioteka.wpcomstaging.com\/wp-content\/uploads\/54-3.webp?resize=300%2C300&#038;ssl=1\" alt=\"\" class=\"wp-image-14301\" srcset=\"https:\/\/i0.wp.com\/blogaudioteka.wpcomstaging.com\/wp-content\/uploads\/54-3.webp?w=300&amp;ssl=1 300w, https:\/\/i0.wp.com\/blogaudioteka.wpcomstaging.com\/wp-content\/uploads\/54-3.webp?resize=150%2C150&amp;ssl=1 150w, https:\/\/i0.wp.com\/blogaudioteka.wpcomstaging.com\/wp-content\/uploads\/54-3.webp?resize=200%2C200&amp;ssl=1 200w, https:\/\/i0.wp.com\/blogaudioteka.wpcomstaging.com\/wp-content\/uploads\/54-3.webp?resize=148%2C148&amp;ssl=1 148w, https:\/\/i0.wp.com\/blogaudioteka.wpcomstaging.com\/wp-content\/uploads\/54-3.webp?resize=296%2C296&amp;ssl=1 296w\" sizes=\"auto, (max-width: 300px) 100vw, 300px\" \/><\/figure>\n<\/div>\n\n\n<p class=\"has-text-align-justify wp-block-paragraph\">W tej historii mazurski krajobraz szybko przestaje by\u0107 poczt\u00f3wkowym t\u0142em, a&nbsp;bagna, jeziora i&nbsp;odludne tereny zaczynaj\u0105 budowa\u0107 atmosfer\u0119 narastaj\u0105cego zagro\u017cenia. Przeniesiony z&nbsp;miasta policjant trafia w&nbsp;miejsce, gdzie natura skrywa \u015blady dawnych konflikt\u00f3w i&nbsp;niewyja\u015bnionych historii, a&nbsp;\u015bledztwo stopniowo ods\u0142ania <strong>mrok ukryty zar\u00f3wno w&nbsp;lokalnej spo\u0142eczno\u015bci, jak i&nbsp;w samej przestrzeni<\/strong>, kt\u00f3ra zdaje si\u0119 nie oddawa\u0107 swoich tajemnic bez walki.<\/p>\n\n\n\n<h3 class=\"wp-block-heading\"><span class=\"ez-toc-section\" id=\"6_RIP_%E2%80%93_Mariusz_Czubaj\"><\/span>6. <a href=\"https:\/\/audioteka.com\/pl\/audiobook\/rip\/\" target=\"_blank\" rel=\"noopener\">R.I.P. \u2013 Mariusz Czubaj<\/a><span class=\"ez-toc-section-end\"><\/span><\/h3>\n\n\n<div class=\"wp-block-image\">\n<figure class=\"aligncenter size-full\"><img data-recalc-dims=\"1\" loading=\"lazy\" decoding=\"async\" width=\"300\" height=\"300\" data-attachment-id=\"14299\" data-permalink=\"https:\/\/blogaudioteka.wpcomstaging.com\/top-10-audiobookow-grozy-w-ktorych-natura-przeraza-najbardziej-las-mgla-i-jeziora-jako-pulapki-bez-wyjscia\/attachment\/63\" data-orig-file=\"https:\/\/i0.wp.com\/blogaudioteka.wpcomstaging.com\/wp-content\/uploads\/63.webp?fit=300%2C300&amp;ssl=1\" data-orig-size=\"300,300\" data-comments-opened=\"0\" data-image-meta=\"{&quot;aperture&quot;:&quot;0&quot;,&quot;credit&quot;:&quot;&quot;,&quot;camera&quot;:&quot;&quot;,&quot;caption&quot;:&quot;&quot;,&quot;created_timestamp&quot;:&quot;0&quot;,&quot;copyright&quot;:&quot;&quot;,&quot;focal_length&quot;:&quot;0&quot;,&quot;iso&quot;:&quot;0&quot;,&quot;shutter_speed&quot;:&quot;0&quot;,&quot;title&quot;:&quot;&quot;,&quot;orientation&quot;:&quot;0&quot;}\" data-image-title=\"63\" data-image-description=\"\" data-image-caption=\"\" data-large-file=\"https:\/\/i0.wp.com\/blogaudioteka.wpcomstaging.com\/wp-content\/uploads\/63.webp?fit=300%2C300&amp;ssl=1\" src=\"https:\/\/i0.wp.com\/blogaudioteka.wpcomstaging.com\/wp-content\/uploads\/63.webp?resize=300%2C300&#038;ssl=1\" alt=\"\" class=\"wp-image-14299\" srcset=\"https:\/\/i0.wp.com\/blogaudioteka.wpcomstaging.com\/wp-content\/uploads\/63.webp?w=300&amp;ssl=1 300w, https:\/\/i0.wp.com\/blogaudioteka.wpcomstaging.com\/wp-content\/uploads\/63.webp?resize=150%2C150&amp;ssl=1 150w, https:\/\/i0.wp.com\/blogaudioteka.wpcomstaging.com\/wp-content\/uploads\/63.webp?resize=200%2C200&amp;ssl=1 200w, https:\/\/i0.wp.com\/blogaudioteka.wpcomstaging.com\/wp-content\/uploads\/63.webp?resize=148%2C148&amp;ssl=1 148w, https:\/\/i0.wp.com\/blogaudioteka.wpcomstaging.com\/wp-content\/uploads\/63.webp?resize=296%2C296&amp;ssl=1 296w\" sizes=\"auto, (max-width: 300px) 100vw, 300px\" \/><\/figure>\n<\/div>\n\n\n<p class=\"has-text-align-justify wp-block-paragraph\">Mazurskie jeziora i&nbsp;lasy w&nbsp;powie\u015bci Mariusza Czubaja staj\u0105 si\u0119 przestrzeni\u0105, w&nbsp;kt\u00f3rej przesz\u0142o\u015b\u0107 nie znika, lecz cierpliwie czeka na moment powrotu. Poszukiwanie zaginionej dziewczyny prowadzi bohatera w&nbsp;g\u0142\u0105b historii pe\u0142nej niedopowiedzianych win, dawnych konflikt\u00f3w i&nbsp;ludzi, kt\u00f3rzy od lat pr\u00f3buj\u0105 ukry\u0107 prawd\u0119, a&nbsp;surowy, <strong>naturalny krajobraz tylko wzmacnia poczucie osamotnienia i&nbsp;nieuchronnego zagro\u017cenia<\/strong>. Jedna z&nbsp;u\u017cytkowniczek Audioteki napisa\u0142a w&nbsp;swojej recenzji: \u201eBardzo dobry krymina\u0142 westernowski, je\u015bli b\u0119dzie kontynuacja bior\u0119 w&nbsp;ciemno!\u201d.<\/p>\n\n\n\n<h3 class=\"wp-block-heading\"><span class=\"ez-toc-section\" id=\"7_Krolowa_Glodu_%E2%80%93_Wojciech_Chmielarz\"><\/span>7. <a href=\"https:\/\/audioteka.com\/pl\/audiobook\/krolowa-glodu\/\" target=\"_blank\" rel=\"noopener\">Kr\u00f3lowa G\u0142odu \u2013 Wojciech Chmielarz<\/a><span class=\"ez-toc-section-end\"><\/span><\/h3>\n\n\n<div class=\"wp-block-image\">\n<figure class=\"aligncenter size-full\"><img data-recalc-dims=\"1\" loading=\"lazy\" decoding=\"async\" width=\"300\" height=\"300\" data-attachment-id=\"14296\" data-permalink=\"https:\/\/blogaudioteka.wpcomstaging.com\/top-10-audiobookow-grozy-w-ktorych-natura-przeraza-najbardziej-las-mgla-i-jeziora-jako-pulapki-bez-wyjscia\/54-2-2\" data-orig-file=\"https:\/\/i0.wp.com\/blogaudioteka.wpcomstaging.com\/wp-content\/uploads\/54-2.webp?fit=300%2C300&amp;ssl=1\" data-orig-size=\"300,300\" data-comments-opened=\"0\" data-image-meta=\"{&quot;aperture&quot;:&quot;0&quot;,&quot;credit&quot;:&quot;&quot;,&quot;camera&quot;:&quot;&quot;,&quot;caption&quot;:&quot;&quot;,&quot;created_timestamp&quot;:&quot;0&quot;,&quot;copyright&quot;:&quot;&quot;,&quot;focal_length&quot;:&quot;0&quot;,&quot;iso&quot;:&quot;0&quot;,&quot;shutter_speed&quot;:&quot;0&quot;,&quot;title&quot;:&quot;&quot;,&quot;orientation&quot;:&quot;0&quot;}\" data-image-title=\"54 (2)\" data-image-description=\"\" data-image-caption=\"\" data-large-file=\"https:\/\/i0.wp.com\/blogaudioteka.wpcomstaging.com\/wp-content\/uploads\/54-2.webp?fit=300%2C300&amp;ssl=1\" src=\"https:\/\/i0.wp.com\/blogaudioteka.wpcomstaging.com\/wp-content\/uploads\/54-2.webp?resize=300%2C300&#038;ssl=1\" alt=\"\" class=\"wp-image-14296\" srcset=\"https:\/\/i0.wp.com\/blogaudioteka.wpcomstaging.com\/wp-content\/uploads\/54-2.webp?w=300&amp;ssl=1 300w, https:\/\/i0.wp.com\/blogaudioteka.wpcomstaging.com\/wp-content\/uploads\/54-2.webp?resize=150%2C150&amp;ssl=1 150w, https:\/\/i0.wp.com\/blogaudioteka.wpcomstaging.com\/wp-content\/uploads\/54-2.webp?resize=200%2C200&amp;ssl=1 200w, https:\/\/i0.wp.com\/blogaudioteka.wpcomstaging.com\/wp-content\/uploads\/54-2.webp?resize=148%2C148&amp;ssl=1 148w, https:\/\/i0.wp.com\/blogaudioteka.wpcomstaging.com\/wp-content\/uploads\/54-2.webp?resize=296%2C296&amp;ssl=1 296w\" sizes=\"auto, (max-width: 300px) 100vw, 300px\" \/><\/figure>\n<\/div>\n\n\n<p class=\"has-text-align-justify wp-block-paragraph\">W tej historii natura nie jest ju\u017c t\u0142em wydarze\u0144, lecz przestrzeni\u0105 ska\u017con\u0105, dzik\u0105 i&nbsp;nieprzewidywaln\u0105, gdzie lasy kryj\u0105 potwory, a&nbsp;cywilizacja istnieje jedynie w&nbsp;szcz\u0105tkowej, brutalnej formie. <a href=\"https:\/\/audioteka.com\/pl\/autor\/wojciech-chmielarz\/\" target=\"_blank\" rel=\"noopener\">Wojciech Chmielarz<\/a> zabiera s\u0142uchacza do postapokaliptycznego \u015bwiata pogranicza horroru, fantasy i&nbsp;westernu, w&nbsp;kt\u00f3rym ka\u017cda wyprawa poza granice miasta Ka\u017a\u0144 oznacza ryzyko spotkania czego\u015b znacznie gro\u017aniejszego ni\u017c ludzie. Interpretacja Filipa Kosiora wzmacnia napi\u0119cie tej opowie\u015bci, sprawiaj\u0105c, \u017ce <strong>mrok nadci\u0105gaj\u0105cy z&nbsp;g\u0142\u0119bi lasu wydaje si\u0119 niemal namacalny<\/strong>, a&nbsp;poczucie zagro\u017cenia towarzyszy s\u0142uchaczowi od pierwszych minut a\u017c po fina\u0142.<\/p>\n\n\n\n<figure class=\"wp-block-image size-full\"><a href=\"https:\/\/audioteka.com\/pl\/audiobook\/czarne-niebo-superprodukcja\/\" target=\"_blank\" rel=\"noopener\"><img data-recalc-dims=\"1\" loading=\"lazy\" decoding=\"async\" width=\"768\" height=\"216\" data-attachment-id=\"14298\" data-permalink=\"https:\/\/blogaudioteka.wpcomstaging.com\/top-10-audiobookow-grozy-w-ktorych-natura-przeraza-najbardziej-las-mgla-i-jeziora-jako-pulapki-bez-wyjscia\/xrpe-9kw\" data-orig-file=\"https:\/\/i0.wp.com\/blogaudioteka.wpcomstaging.com\/wp-content\/uploads\/xrpE-9Kw.png?fit=768%2C216&amp;ssl=1\" data-orig-size=\"768,216\" data-comments-opened=\"0\" data-image-meta=\"{&quot;aperture&quot;:&quot;0&quot;,&quot;credit&quot;:&quot;&quot;,&quot;camera&quot;:&quot;&quot;,&quot;caption&quot;:&quot;&quot;,&quot;created_timestamp&quot;:&quot;0&quot;,&quot;copyright&quot;:&quot;&quot;,&quot;focal_length&quot;:&quot;0&quot;,&quot;iso&quot;:&quot;0&quot;,&quot;shutter_speed&quot;:&quot;0&quot;,&quot;title&quot;:&quot;&quot;,&quot;orientation&quot;:&quot;0&quot;}\" data-image-title=\"xrpE-9Kw\" data-image-description=\"\" data-image-caption=\"\" data-large-file=\"https:\/\/i0.wp.com\/blogaudioteka.wpcomstaging.com\/wp-content\/uploads\/xrpE-9Kw.png?fit=768%2C216&amp;ssl=1\" src=\"https:\/\/i0.wp.com\/blogaudioteka.wpcomstaging.com\/wp-content\/uploads\/xrpE-9Kw.png?resize=768%2C216&#038;ssl=1\" alt=\"\" class=\"wp-image-14298\" srcset=\"https:\/\/i0.wp.com\/blogaudioteka.wpcomstaging.com\/wp-content\/uploads\/xrpE-9Kw.png?w=768&amp;ssl=1 768w, https:\/\/i0.wp.com\/blogaudioteka.wpcomstaging.com\/wp-content\/uploads\/xrpE-9Kw.png?resize=300%2C84&amp;ssl=1 300w, https:\/\/i0.wp.com\/blogaudioteka.wpcomstaging.com\/wp-content\/uploads\/xrpE-9Kw.png?resize=512%2C144&amp;ssl=1 512w\" sizes=\"auto, (max-width: 768px) 100vw, 768px\" \/><\/a><\/figure>\n\n\n\n<h3 class=\"wp-block-heading\"><span class=\"ez-toc-section\" id=\"8_Ludzie_z_mgly_%E2%80%93_Izabela_Janiszewska\"><\/span>8. <a href=\"https:\/\/audioteka.com\/pl\/audiobook\/ludzie-z-mgly\/\" target=\"_blank\" rel=\"noopener\">Ludzie z&nbsp;mg\u0142y \u2013 Izabela Janiszewska<\/a><span class=\"ez-toc-section-end\"><\/span><\/h3>\n\n\n<div class=\"wp-block-image\">\n<figure class=\"aligncenter size-full\"><img data-recalc-dims=\"1\" loading=\"lazy\" decoding=\"async\" width=\"300\" height=\"300\" data-attachment-id=\"14294\" data-permalink=\"https:\/\/blogaudioteka.wpcomstaging.com\/top-10-audiobookow-grozy-w-ktorych-natura-przeraza-najbardziej-las-mgla-i-jeziora-jako-pulapki-bez-wyjscia\/attachment\/476\" data-orig-file=\"https:\/\/i0.wp.com\/blogaudioteka.wpcomstaging.com\/wp-content\/uploads\/476.webp?fit=300%2C300&amp;ssl=1\" data-orig-size=\"300,300\" data-comments-opened=\"0\" data-image-meta=\"{&quot;aperture&quot;:&quot;0&quot;,&quot;credit&quot;:&quot;&quot;,&quot;camera&quot;:&quot;&quot;,&quot;caption&quot;:&quot;&quot;,&quot;created_timestamp&quot;:&quot;0&quot;,&quot;copyright&quot;:&quot;&quot;,&quot;focal_length&quot;:&quot;0&quot;,&quot;iso&quot;:&quot;0&quot;,&quot;shutter_speed&quot;:&quot;0&quot;,&quot;title&quot;:&quot;&quot;,&quot;orientation&quot;:&quot;0&quot;}\" data-image-title=\"476\" data-image-description=\"\" data-image-caption=\"\" data-large-file=\"https:\/\/i0.wp.com\/blogaudioteka.wpcomstaging.com\/wp-content\/uploads\/476.webp?fit=300%2C300&amp;ssl=1\" src=\"https:\/\/i0.wp.com\/blogaudioteka.wpcomstaging.com\/wp-content\/uploads\/476.webp?resize=300%2C300&#038;ssl=1\" alt=\"\" class=\"wp-image-14294\" srcset=\"https:\/\/i0.wp.com\/blogaudioteka.wpcomstaging.com\/wp-content\/uploads\/476.webp?w=300&amp;ssl=1 300w, https:\/\/i0.wp.com\/blogaudioteka.wpcomstaging.com\/wp-content\/uploads\/476.webp?resize=150%2C150&amp;ssl=1 150w, https:\/\/i0.wp.com\/blogaudioteka.wpcomstaging.com\/wp-content\/uploads\/476.webp?resize=200%2C200&amp;ssl=1 200w, https:\/\/i0.wp.com\/blogaudioteka.wpcomstaging.com\/wp-content\/uploads\/476.webp?resize=148%2C148&amp;ssl=1 148w, https:\/\/i0.wp.com\/blogaudioteka.wpcomstaging.com\/wp-content\/uploads\/476.webp?resize=296%2C296&amp;ssl=1 296w\" sizes=\"auto, (max-width: 300px) 100vw, 300px\" \/><\/figure>\n<\/div>\n\n\n<p class=\"has-text-align-justify wp-block-paragraph\">W <a href=\"https:\/\/audioteka.com\/pl\/katalog\/thriller\/\" target=\"_blank\" rel=\"noopener\">thrillerze<\/a> Izabeli Janiszewskiej <strong>natura staje si\u0119 pe\u0142noprawnym bohaterem historii<\/strong>, a&nbsp;g\u0119sta mg\u0142a unosz\u0105ca si\u0119 nad podlaskimi \u0142\u0105kami wyznacza granic\u0119 mi\u0119dzy rzeczywisto\u015bci\u0105 a&nbsp;tajemnic\u0105, kt\u00f3rej mieszka\u0144cy Sinic od lat pr\u00f3buj\u0105 nie dostrzega\u0107. Zagini\u0119cie m\u0142odej dziewczyny uruchamia \u015bledztwo prowadz\u0105ce przez lokalne legendy, przemilczane winy i&nbsp;l\u0119ki zakorzenione g\u0142\u0119boko w&nbsp;spo\u0142eczno\u015bci, gdzie ka\u017cdy co\u015b ukrywa, a&nbsp;wej\u015bcie w&nbsp;mg\u0142\u0119 oznacza konfrontacj\u0119 z&nbsp;prawd\u0105 mog\u0105c\u0105 okaza\u0107 si\u0119 bardziej przera\u017caj\u0105c\u0105 ni\u017c samo znikni\u0119cie. Interpretacja <a href=\"https:\/\/audioteka.com\/pl\/lektor\/filip-kosior\/\" target=\"_blank\" rel=\"noopener\">Filipa Kosiora <\/a>dodatkowo zag\u0119szcza atmosfer\u0119 niepokoju, sprawiaj\u0105c, \u017ce s\u0142uchacz niemal fizycznie odczuwa ch\u0142\u00f3d miejsca, w&nbsp;kt\u00f3rym \u0142atwo si\u0119 zgubi\u0107 i&nbsp;znacznie trudniej odnale\u017a\u0107 drog\u0119 powrotn\u0105.<\/p>\n\n\n\n<h3 class=\"wp-block-heading\"><span class=\"ez-toc-section\" id=\"9_Smierc_w_skalnym_lesie_%E2%80%93_Agnieszka_Jez\"><\/span>9. <a href=\"https:\/\/audioteka.com\/pl\/audiobook\/smierc-w-skalnym-lesie\/\" target=\"_blank\" rel=\"noopener\">\u015amier\u0107 w&nbsp;skalnym lesie \u2013 Agnieszka Je\u017c<\/a><span class=\"ez-toc-section-end\"><\/span><\/h3>\n\n\n<div class=\"wp-block-image\">\n<figure class=\"aligncenter size-full\"><img data-recalc-dims=\"1\" loading=\"lazy\" decoding=\"async\" width=\"300\" height=\"300\" data-attachment-id=\"14292\" data-permalink=\"https:\/\/blogaudioteka.wpcomstaging.com\/top-10-audiobookow-grozy-w-ktorych-natura-przeraza-najbardziej-las-mgla-i-jeziora-jako-pulapki-bez-wyjscia\/48-1\" data-orig-file=\"https:\/\/i0.wp.com\/blogaudioteka.wpcomstaging.com\/wp-content\/uploads\/48-1.webp?fit=300%2C300&amp;ssl=1\" data-orig-size=\"300,300\" data-comments-opened=\"0\" data-image-meta=\"{&quot;aperture&quot;:&quot;0&quot;,&quot;credit&quot;:&quot;&quot;,&quot;camera&quot;:&quot;&quot;,&quot;caption&quot;:&quot;&quot;,&quot;created_timestamp&quot;:&quot;0&quot;,&quot;copyright&quot;:&quot;&quot;,&quot;focal_length&quot;:&quot;0&quot;,&quot;iso&quot;:&quot;0&quot;,&quot;shutter_speed&quot;:&quot;0&quot;,&quot;title&quot;:&quot;&quot;,&quot;orientation&quot;:&quot;0&quot;}\" data-image-title=\"48 (1)\" data-image-description=\"\" data-image-caption=\"\" data-large-file=\"https:\/\/i0.wp.com\/blogaudioteka.wpcomstaging.com\/wp-content\/uploads\/48-1.webp?fit=300%2C300&amp;ssl=1\" src=\"https:\/\/i0.wp.com\/blogaudioteka.wpcomstaging.com\/wp-content\/uploads\/48-1.webp?resize=300%2C300&#038;ssl=1\" alt=\"\" class=\"wp-image-14292\" srcset=\"https:\/\/i0.wp.com\/blogaudioteka.wpcomstaging.com\/wp-content\/uploads\/48-1.webp?w=300&amp;ssl=1 300w, https:\/\/i0.wp.com\/blogaudioteka.wpcomstaging.com\/wp-content\/uploads\/48-1.webp?resize=150%2C150&amp;ssl=1 150w, https:\/\/i0.wp.com\/blogaudioteka.wpcomstaging.com\/wp-content\/uploads\/48-1.webp?resize=200%2C200&amp;ssl=1 200w, https:\/\/i0.wp.com\/blogaudioteka.wpcomstaging.com\/wp-content\/uploads\/48-1.webp?resize=148%2C148&amp;ssl=1 148w, https:\/\/i0.wp.com\/blogaudioteka.wpcomstaging.com\/wp-content\/uploads\/48-1.webp?resize=296%2C296&amp;ssl=1 296w\" sizes=\"auto, (max-width: 300px) 100vw, 300px\" \/><\/figure>\n<\/div>\n\n\n<p class=\"has-text-align-justify wp-block-paragraph\">Tatry w&nbsp;tej historii nie s\u0105 przestrzeni\u0105 odpoczynku, lecz <strong>miejscem, gdzie natura przechowuje dawne sekrety i&nbsp;cierpliwie czeka, a\u017c kto\u015b je naruszy<\/strong>. Odkrycie obr\u0105czki w&nbsp;tajemniczym skalnym lesie Wantule uruchamia \u015bledztwo si\u0119gaj\u0105ce wiele lat wstecz, ods\u0142aniaj\u0105c dramat rodzinny, lokalne milczenie i&nbsp;histori\u0119 zagini\u0119cia, kt\u00f3re nigdy nie zosta\u0142o naprawd\u0119 wyja\u015bnione. Agnieszka Je\u017c \u0142\u0105czy krymina\u0142 z&nbsp;opowie\u015bci\u0105 obyczajow\u0105, pokazuj\u0105c, \u017ce najwi\u0119kszy niepok\u00f3j rodzi si\u0119 tam, gdzie pi\u0119kny krajobraz zderza si\u0119 z&nbsp;ludzkimi s\u0142abo\u015bciami. Jak zauwa\u017cy\u0142a jedna ze s\u0142uchaczek Audioteki: \u201eCiekawa. Taka hybryda. Troch\u0119 klasyczny <a href=\"https:\/\/audioteka.com\/pl\/katalog\/kryminaly\/\" target=\"_blank\" rel=\"noopener\">krymina\u0142<\/a>, a&nbsp;troch\u0119 powie\u015b\u0107 obyczajowa\u2026 i&nbsp;jeszcze w&nbsp;g\u0142owie co\u015b zostaje do przemy\u015blenia.\u201d<\/p>\n\n\n\n<h3 class=\"wp-block-heading\"><span class=\"ez-toc-section\" id=\"10_W_glebi_lasu_%E2%80%93_Harlan_Coben\"><\/span>10. <a href=\"https:\/\/audioteka.com\/pl\/audiobook\/w-glebi-lasu\/\" target=\"_blank\" rel=\"noopener\">W g\u0142\u0119bi lasu \u2013 Harlan Coben<\/a><span class=\"ez-toc-section-end\"><\/span><\/h3>\n\n\n<div class=\"wp-block-image\">\n<figure class=\"aligncenter size-full\"><img data-recalc-dims=\"1\" loading=\"lazy\" decoding=\"async\" width=\"300\" height=\"300\" data-attachment-id=\"14291\" data-permalink=\"https:\/\/blogaudioteka.wpcomstaging.com\/top-10-audiobookow-grozy-w-ktorych-natura-przeraza-najbardziej-las-mgla-i-jeziora-jako-pulapki-bez-wyjscia\/attachment\/313\" data-orig-file=\"https:\/\/i0.wp.com\/blogaudioteka.wpcomstaging.com\/wp-content\/uploads\/313.webp?fit=300%2C300&amp;ssl=1\" data-orig-size=\"300,300\" data-comments-opened=\"0\" data-image-meta=\"{&quot;aperture&quot;:&quot;0&quot;,&quot;credit&quot;:&quot;&quot;,&quot;camera&quot;:&quot;&quot;,&quot;caption&quot;:&quot;&quot;,&quot;created_timestamp&quot;:&quot;0&quot;,&quot;copyright&quot;:&quot;&quot;,&quot;focal_length&quot;:&quot;0&quot;,&quot;iso&quot;:&quot;0&quot;,&quot;shutter_speed&quot;:&quot;0&quot;,&quot;title&quot;:&quot;&quot;,&quot;orientation&quot;:&quot;0&quot;}\" data-image-title=\"313\" data-image-description=\"\" data-image-caption=\"\" data-large-file=\"https:\/\/i0.wp.com\/blogaudioteka.wpcomstaging.com\/wp-content\/uploads\/313.webp?fit=300%2C300&amp;ssl=1\" src=\"https:\/\/i0.wp.com\/blogaudioteka.wpcomstaging.com\/wp-content\/uploads\/313.webp?resize=300%2C300&#038;ssl=1\" alt=\"\" class=\"wp-image-14291\" srcset=\"https:\/\/i0.wp.com\/blogaudioteka.wpcomstaging.com\/wp-content\/uploads\/313.webp?w=300&amp;ssl=1 300w, https:\/\/i0.wp.com\/blogaudioteka.wpcomstaging.com\/wp-content\/uploads\/313.webp?resize=150%2C150&amp;ssl=1 150w, https:\/\/i0.wp.com\/blogaudioteka.wpcomstaging.com\/wp-content\/uploads\/313.webp?resize=200%2C200&amp;ssl=1 200w, https:\/\/i0.wp.com\/blogaudioteka.wpcomstaging.com\/wp-content\/uploads\/313.webp?resize=148%2C148&amp;ssl=1 148w, https:\/\/i0.wp.com\/blogaudioteka.wpcomstaging.com\/wp-content\/uploads\/313.webp?resize=296%2C296&amp;ssl=1 296w\" sizes=\"auto, (max-width: 300px) 100vw, 300px\" \/><\/figure>\n<\/div>\n\n\n<p class=\"has-text-align-justify wp-block-paragraph\"><strong>\u201ePewnej nocy poszli\u015bmy sami do lasu. Nie powinni\u015bmy\u201d \u2013 ten cytat najlepiej oddaje klimat thrillera <a href=\"https:\/\/audioteka.com\/pl\/autor\/harlan-coben\/\" target=\"_blank\" rel=\"noopener\">Cobena<\/a>. <\/strong>To opowie\u015b\u0107 o&nbsp;tragedii na letnim obozie sprzed dwudziestu lat, kt\u00f3ra rzuca cie\u0144 na tera\u017aniejszo\u015b\u0107 prokuratora Paula Copelanda. Las staje si\u0119 tu \u015bwiadkiem krwawych wydarze\u0144, kt\u00f3rych echa powracaj\u0105 po latach. Wybitna interpretacja Krzysztofa Globisza sprawia, \u017ce ka\u017cda minuta tego ponad 11-godzinnego audiobooka trzyma w&nbsp;napi\u0119ciu. Je\u015bli podoba\u0142 Ci si\u0119 polski serial na Netflixie, wersja audio pozwoli Ci jeszcze g\u0142\u0119biej poczu\u0107 ten duszny, le\u015bny klimat.<\/p>\n\n\n\n<div class=\"wp-block-group is-style-cs-promo\"><div class=\"wp-block-group__inner-container is-layout-constrained wp-block-group-is-layout-constrained\">\n<p class=\"wp-block-paragraph\">\ud83d\udc49<a href=\"https:\/\/audioteka.com\/pl\/blog\/harlan-coben-mistrz-znikniec-twistow-i-tajemnic-posluchaj-jego-najlepszych-ksiazek-w-formie-audio\" target=\"_blank\" rel=\"noopener\">Harlan Coben \u2013 mistrz znikni\u0119\u0107, twist\u00f3w i&nbsp;tajemnic. Pos\u0142uchaj jego najlepszych ksi\u0105\u017cek w&nbsp;formie audio<\/a><\/p>\n<\/div><\/div>\n\n\n\n<h2 class=\"wp-block-heading\"><span class=\"ez-toc-section\" id=\"Podsumowanie\"><\/span>Podsumowanie<span class=\"ez-toc-section-end\"><\/span><\/h2>\n\n\n\n<ul class=\"wp-block-list\">\n<li>Horror najskuteczniej dzia\u0142a w&nbsp;otwartej przestrzeni, czyli tam, gdzie natura wzmacnia poczucie zagro\u017cenia i&nbsp;niepewno\u015bci.<\/li>\n\n\n\n<li>Format audio pot\u0119guje napi\u0119cie dzi\u0119ki d\u017awi\u0119kom otoczenia, kt\u00f3re anga\u017cuj\u0105 wyobra\u017ani\u0119 s\u0142uchacza.<\/li>\n\n\n\n<li>W Audiotece znajdziesz szeroki wyb\u00f3r historii grozy osadzonych w&nbsp;lasach, g\u00f3rach i&nbsp;odludnych miejscach.<\/li>\n\n\n\n<li>Audioteka Klub umo\u017cliwia dost\u0119p do wielu mrocznych produkcji w&nbsp;ramach jednej subskrypcji.<\/li>\n\n\n\n<li>Nasza redakcyjna selekcja TOP 10 obejmuje thrillery, krymina\u0142y i&nbsp;superprodukcje audio, w&nbsp;kt\u00f3rych natura staje si\u0119 pe\u0142noprawnym bohaterem historii.<\/li>\n<\/ul>\n","protected":false},"excerpt":{"rendered":"Najbardziej pierwotny l\u0119k rzadko rodzi si\u0119 w&nbsp;zamkni\u0119tym pomieszczeniu. Pojawia si\u0119 tam, gdzie przestrze\u0144 wydaje si\u0119 zbyt rozleg\u0142a, a&nbsp;cisza&hellip;","protected":false},"author":264736300,"featured_media":14309,"comment_status":"closed","ping_status":"closed","sticky":false,"template":"","format":"standard","meta":{"_crdt_document":"","csco_display_header_overlay":false,"csco_singular_sidebar":"","csco_page_header_type":"","_jetpack_memberships_contains_paid_content":false,"footnotes":""},"categories":[14925,14926],"tags":[],"class_list":{"0":"post-14287","1":"post","2":"type-post","3":"status-publish","4":"format-standard","5":"has-post-thumbnail","7":"category-rankingi-zestawienia","8":"category-zestawienia","9":"cs-entry"},"jetpack_featured_media_url":"https:\/\/i0.wp.com\/blogaudioteka.wpcomstaging.com\/wp-content\/uploads\/atk_group_60848_httpss.mj_.runH58kwUNmtD8_Hyper_-_realistic_ph_a0f31ccc-a8db-4bae-b6a3-1f0a65b62596_0.png?fit=1456%2C816&ssl=1","jetpack_sharing_enabled":true,"_links":{"self":[{"href":"https:\/\/blogaudioteka.wpcomstaging.com\/wp-json\/wp\/v2\/posts\/14287","targetHints":{"allow":["GET"]}}],"collection":[{"href":"https:\/\/blogaudioteka.wpcomstaging.com\/wp-json\/wp\/v2\/posts"}],"about":[{"href":"https:\/\/blogaudioteka.wpcomstaging.com\/wp-json\/wp\/v2\/types\/post"}],"author":[{"embeddable":true,"href":"https:\/\/blogaudioteka.wpcomstaging.com\/wp-json\/wp\/v2\/users\/264736300"}],"replies":[{"embeddable":true,"href":"https:\/\/blogaudioteka.wpcomstaging.com\/wp-json\/wp\/v2\/comments?post=14287"}],"version-history":[{"count":13,"href":"https:\/\/blogaudioteka.wpcomstaging.com\/wp-json\/wp\/v2\/posts\/14287\/revisions"}],"predecessor-version":[{"id":14462,"href":"https:\/\/blogaudioteka.wpcomstaging.com\/wp-json\/wp\/v2\/posts\/14287\/revisions\/14462"}],"wp:featuredmedia":[{"embeddable":true,"href":"https:\/\/blogaudioteka.wpcomstaging.com\/wp-json\/wp\/v2\/media\/14309"}],"wp:attachment":[{"href":"https:\/\/blogaudioteka.wpcomstaging.com\/wp-json\/wp\/v2\/media?parent=14287"}],"wp:term":[{"taxonomy":"category","embeddable":true,"href":"https:\/\/blogaudioteka.wpcomstaging.com\/wp-json\/wp\/v2\/categories?post=14287"},{"taxonomy":"post_tag","embeddable":true,"href":"https:\/\/blogaudioteka.wpcomstaging.com\/wp-json\/wp\/v2\/tags?post=14287"}],"curies":[{"name":"wp","href":"https:\/\/api.w.org\/{rel}","templated":true}]}}