{"id":13972,"date":"2026-02-20T07:22:00","date_gmt":"2026-02-20T06:22:00","guid":{"rendered":"https:\/\/blogaudioteka.wpcomstaging.com\/?p=13972"},"modified":"2026-02-18T18:59:54","modified_gmt":"2026-02-18T17:59:54","slug":"literacka-lista-marzen-15-ksiazek-do-przeczytania-przed-smiercia-mamy-je-w-audio","status":"publish","type":"post","link":"https:\/\/blogaudioteka.wpcomstaging.com\/literacka-lista-marzen-15-ksiazek-do-przeczytania-przed-smiercia-mamy-je-w-audio","title":{"rendered":"Literacka lista marze\u0144: 15 ksi\u0105\u017cek do przeczytania przed \u015bmierci\u0105 (mamy je w audio)"},"content":{"rendered":"\n<p class=\"has-text-align-justify wp-block-paragraph\"><strong>S\u0105 listy zakup\u00f3w, listy postanowie\u0144 noworocznych i&nbsp;listy film\u00f3w \u201cdo obejrzenia\u201d. A&nbsp;gdzie\u015b pomi\u0119dzy nimi \u2013 literacka lista marze\u0144, czyli zestaw ksi\u0105\u017cek, kt\u00f3re koniecznie MUSIMY przeczyta\u0107 \u2013 po pierwsze dlatego, \u017ce wr\u0119cz wypada, a&nbsp;po drugiego dlatego, \u017ce z&nbsp;ca\u0142\u0105 pewno\u015bci\u0105 nie pozostawi\u0105 nas oboj\u0119tnymi. To intymna mapa czytelniczych pragnie\u0144: troch\u0119 sentymentalna, troch\u0119 ambitna, cz\u0119sto zmieniaj\u0105ca si\u0119 razem z&nbsp;nami. Jakie lektury wed\u0142ug nas s\u0105 obowi\u0105zkowe? Sprawd\u017a.<\/strong><\/p>\n\n\n\n<div id=\"ez-toc-container\" class=\"ez-toc-v2_0_82_2 counter-hierarchy ez-toc-counter ez-toc-grey ez-toc-container-direction\">\n<div class=\"ez-toc-title-container\"><span class=\"ez-toc-title\" style=\"cursor:inherit\">Spis tre\u015bci<\/span>\n<\/div><nav><ul class='ez-toc-list ez-toc-list-level-1 ' ><li class='ez-toc-page-1 ez-toc-heading-level-2'><a class=\"ez-toc-link ez-toc-heading-1\" href=\"https:\/\/blogaudioteka.wpcomstaging.com\/literacka-lista-marzen-15-ksiazek-do-przeczytania-przed-smiercia-mamy-je-w-audio\/#Literacka_lista_marzen_%E2%80%93_osobista_jak_playlisty_na_Spotify\" >Literacka lista marze\u0144 \u2013 osobista jak playlisty na Spotify<\/a><\/li><li class='ez-toc-page-1 ez-toc-heading-level-2'><a class=\"ez-toc-link ez-toc-heading-2\" href=\"https:\/\/blogaudioteka.wpcomstaging.com\/literacka-lista-marzen-15-ksiazek-do-przeczytania-przed-smiercia-mamy-je-w-audio\/#Oto_nasza_lista_lektur_obowiazkowych\" >Oto nasza lista lektur obowi\u0105zkowych<\/a><ul class='ez-toc-list-level-3' ><li class='ez-toc-heading-level-3'><a class=\"ez-toc-link ez-toc-heading-3\" href=\"https:\/\/blogaudioteka.wpcomstaging.com\/literacka-lista-marzen-15-ksiazek-do-przeczytania-przed-smiercia-mamy-je-w-audio\/#1_Opowiesci_z_Narnii_Lew_Czarownica_i_Stara_Szafa_%E2%80%93_Clive_Staples_Lewis\" >1. Opowie\u015bci z&nbsp;Narnii. Lew, Czarownica i&nbsp;Stara Szafa \u2013 Clive Staples Lewis<\/a><\/li><li class='ez-toc-page-1 ez-toc-heading-level-3'><a class=\"ez-toc-link ez-toc-heading-4\" href=\"https:\/\/blogaudioteka.wpcomstaging.com\/literacka-lista-marzen-15-ksiazek-do-przeczytania-przed-smiercia-mamy-je-w-audio\/#2_Hobbit_czyli_tam_i_z_powrotem_%E2%80%93_John_Ronald_Reuel_Tolkien\" >2. Hobbit, czyli tam i&nbsp;z powrotem \u2013 John Ronald Reuel Tolkien<\/a><\/li><li class='ez-toc-page-1 ez-toc-heading-level-3'><a class=\"ez-toc-link ez-toc-heading-5\" href=\"https:\/\/blogaudioteka.wpcomstaging.com\/literacka-lista-marzen-15-ksiazek-do-przeczytania-przed-smiercia-mamy-je-w-audio\/#3_Solaris_%E2%80%93_Stanislaw_Lem\" >3. Solaris \u2013 Stanis\u0142aw Lem<\/a><\/li><li class='ez-toc-page-1 ez-toc-heading-level-3'><a class=\"ez-toc-link ez-toc-heading-6\" href=\"https:\/\/blogaudioteka.wpcomstaging.com\/literacka-lista-marzen-15-ksiazek-do-przeczytania-przed-smiercia-mamy-je-w-audio\/#4_Czlowiek_w_poszukiwaniu_sensu_%E2%80%93_Viktor_E_Frankl\" >4. Cz\u0142owiek w&nbsp;poszukiwaniu sensu \u2013 Viktor E. Frankl<\/a><\/li><li class='ez-toc-page-1 ez-toc-heading-level-3'><a class=\"ez-toc-link ez-toc-heading-7\" href=\"https:\/\/blogaudioteka.wpcomstaging.com\/literacka-lista-marzen-15-ksiazek-do-przeczytania-przed-smiercia-mamy-je-w-audio\/#5_Mistrz_i_Malgorzata_%E2%80%93_Michail_Bulhakow\" >5. Mistrz i&nbsp;Ma\u0142gorzata \u2013 Michai\u0142 Bu\u0142hakow<\/a><\/li><li class='ez-toc-page-1 ez-toc-heading-level-3'><a class=\"ez-toc-link ez-toc-heading-8\" href=\"https:\/\/blogaudioteka.wpcomstaging.com\/literacka-lista-marzen-15-ksiazek-do-przeczytania-przed-smiercia-mamy-je-w-audio\/#6_Diuna_%E2%80%93_Frank_Herbert\" >6. Diuna \u2013 Frank Herbert<\/a><\/li><li class='ez-toc-page-1 ez-toc-heading-level-3'><a class=\"ez-toc-link ez-toc-heading-9\" href=\"https:\/\/blogaudioteka.wpcomstaging.com\/literacka-lista-marzen-15-ksiazek-do-przeczytania-przed-smiercia-mamy-je-w-audio\/#7_Pulapki_myslenia_O_mysleniu_szybkim_i_wolnym_%E2%80%93_Daniel_Kahneman\" >7. Pu\u0142apki my\u015blenia. O&nbsp;my\u015bleniu szybkim i&nbsp;wolnym \u2013 Daniel Kahneman<\/a><\/li><li class='ez-toc-page-1 ez-toc-heading-level-3'><a class=\"ez-toc-link ez-toc-heading-10\" href=\"https:\/\/blogaudioteka.wpcomstaging.com\/literacka-lista-marzen-15-ksiazek-do-przeczytania-przed-smiercia-mamy-je-w-audio\/#8_Chlopi_%E2%80%93_Wladyslaw_Stanislaw_Reymont\" >8. Ch\u0142opi \u2013 W\u0142adys\u0142aw Stanis\u0142aw Reymont<\/a><\/li><li class='ez-toc-page-1 ez-toc-heading-level-3'><a class=\"ez-toc-link ez-toc-heading-11\" href=\"https:\/\/blogaudioteka.wpcomstaging.com\/literacka-lista-marzen-15-ksiazek-do-przeczytania-przed-smiercia-mamy-je-w-audio\/#9_Czarodziejska_gora_%E2%80%93_Thomas_Mann\" >9. Czarodziejska g\u00f3ra \u2013 Thomas Mann<\/a><\/li><li class='ez-toc-page-1 ez-toc-heading-level-3'><a class=\"ez-toc-link ez-toc-heading-12\" href=\"https:\/\/blogaudioteka.wpcomstaging.com\/literacka-lista-marzen-15-ksiazek-do-przeczytania-przed-smiercia-mamy-je-w-audio\/#10_Nowy_wspanialy_swiat_%E2%80%93_Aldous_Huxley\" >10. Nowy wspania\u0142y \u015bwiat \u2013 Aldous Huxley<\/a><\/li><li class='ez-toc-page-1 ez-toc-heading-level-3'><a class=\"ez-toc-link ez-toc-heading-13\" href=\"https:\/\/blogaudioteka.wpcomstaging.com\/literacka-lista-marzen-15-ksiazek-do-przeczytania-przed-smiercia-mamy-je-w-audio\/#11_Proces_%E2%80%93_Franz_Kafka\" >11.\u00a0Proces \u2013 Franz Kafka<\/a><\/li><li class='ez-toc-page-1 ez-toc-heading-level-3'><a class=\"ez-toc-link ez-toc-heading-14\" href=\"https:\/\/blogaudioteka.wpcomstaging.com\/literacka-lista-marzen-15-ksiazek-do-przeczytania-przed-smiercia-mamy-je-w-audio\/#12_Maly_Ksiaze_%E2%80%93_Antoine_de_Saint-Exupery\" >12. Ma\u0142y Ksi\u0105\u017c\u0119 \u2013 Antoine de Saint-Exup\u00e9ry<\/a><\/li><li class='ez-toc-page-1 ez-toc-heading-level-3'><a class=\"ez-toc-link ez-toc-heading-15\" href=\"https:\/\/blogaudioteka.wpcomstaging.com\/literacka-lista-marzen-15-ksiazek-do-przeczytania-przed-smiercia-mamy-je-w-audio\/#13_Zabic_drozda_%E2%80%93_Harper_Lee\" >13. Zabi\u0107 drozda \u2013 Harper Lee<\/a><\/li><li class='ez-toc-page-1 ez-toc-heading-level-3'><a class=\"ez-toc-link ez-toc-heading-16\" href=\"https:\/\/blogaudioteka.wpcomstaging.com\/literacka-lista-marzen-15-ksiazek-do-przeczytania-przed-smiercia-mamy-je-w-audio\/#14_Malowany_ptak_%E2%80%93_Jerzy_Kosinski\" >14. Malowany ptak \u2013 Jerzy Kosi\u0144ski<\/a><\/li><li class='ez-toc-page-1 ez-toc-heading-level-3'><a class=\"ez-toc-link ez-toc-heading-17\" href=\"https:\/\/blogaudioteka.wpcomstaging.com\/literacka-lista-marzen-15-ksiazek-do-przeczytania-przed-smiercia-mamy-je-w-audio\/#15_Ksiegi_Jakubowe_%E2%80%93_Olga_Tokarczuk\" >15. Ksi\u0119gi Jakubowe \u2013 Olga Tokarczuk<\/a><\/li><\/ul><\/li><li class='ez-toc-page-1 ez-toc-heading-level-2'><a class=\"ez-toc-link ez-toc-heading-18\" href=\"https:\/\/blogaudioteka.wpcomstaging.com\/literacka-lista-marzen-15-ksiazek-do-przeczytania-przed-smiercia-mamy-je-w-audio\/#Podsumowanie\" >Podsumowanie<\/a><\/li><\/ul><\/nav><\/div>\n<h2 class=\"wp-block-heading\"><span class=\"ez-toc-section\" id=\"Literacka_lista_marzen_%E2%80%93_osobista_jak_playlisty_na_Spotify\"><\/span>Literacka lista marze\u0144 \u2013 osobista jak playlisty na Spotify<span class=\"ez-toc-section-end\"><\/span><\/h2>\n\n\n\n<p class=\"has-text-align-justify wp-block-paragraph\">Dla jednej osoby literack\u0105 list\u0105 marze\u0144 b\u0119dzie kanon \u015bwiatowej literatury, dla innej \u2013 ksi\u0105\u017cki kultowe, o&nbsp;kt\u00f3rych m\u00f3wi\u0105 wszyscy, a&nbsp;jeszcze dla kogo\u015b \u2013 tytu\u0142y, kt\u00f3re od lat stoj\u0105 na p\u00f3\u0142ce i&nbsp;czekaj\u0105 na w\u0142a\u015bciwy moment. <strong>Taki spis zawsze wyrasta z&nbsp;do\u015bwiadcze\u0144, emocji i&nbsp;ciekawo\u015bci \u015bwiata<\/strong>, dlatego\u2026 nie ma dw\u00f3ch identycznych. Wp\u0142ywa na list\u0119 ksi\u0105\u017cek do przeczytania ma wiek, wra\u017cliwo\u015b\u0107, otoczenie, to, co w\u0142a\u015bnie prze\u017cywamy, nasze zainteresowania, gust. To nie zamkni\u0119ty ranking ani tym bardziej szkolny kanon \u201cdo odhaczenia\u201d. To \u017cywy organizm: jedne tytu\u0142y znikaj\u0105, inne dopisujemy pod wp\u0142ywem rozmowy, filmu, cytatu us\u0142yszanego przypadkiem. <strong>Zmienia si\u0119 razem z&nbsp;nami<\/strong>, reaguje na nasze nastroje i&nbsp;pytania, kt\u00f3re w&nbsp;danym momencie zadajemy \u015bwiatu.<\/p>\n\n\n\n<figure class=\"wp-block-image size-full\"><a href=\"https:\/\/audioteka.com\/pl\/dolacz-do-audioteka-klub\/\" target=\"_blank\" rel=\"noopener\"><img data-recalc-dims=\"1\" loading=\"lazy\" decoding=\"async\" width=\"768\" height=\"216\" data-attachment-id=\"8351\" data-permalink=\"https:\/\/blogaudioteka.wpcomstaging.com\/wrogowie-czy-kochankowie-najpiekniejszy-literacki-zwrot-akcji\/ak_4-2\" data-orig-file=\"https:\/\/i0.wp.com\/blogaudioteka.wpcomstaging.com\/wp-content\/uploads\/ak_4.webp?fit=768%2C216&amp;ssl=1\" data-orig-size=\"768,216\" data-comments-opened=\"0\" data-image-meta=\"{&quot;aperture&quot;:&quot;0&quot;,&quot;credit&quot;:&quot;&quot;,&quot;camera&quot;:&quot;&quot;,&quot;caption&quot;:&quot;&quot;,&quot;created_timestamp&quot;:&quot;0&quot;,&quot;copyright&quot;:&quot;&quot;,&quot;focal_length&quot;:&quot;0&quot;,&quot;iso&quot;:&quot;0&quot;,&quot;shutter_speed&quot;:&quot;0&quot;,&quot;title&quot;:&quot;&quot;,&quot;orientation&quot;:&quot;0&quot;}\" data-image-title=\"audioteka klub\" data-image-description=\"\" data-image-caption=\"\" data-large-file=\"https:\/\/i0.wp.com\/blogaudioteka.wpcomstaging.com\/wp-content\/uploads\/ak_4.webp?fit=768%2C216&amp;ssl=1\" src=\"https:\/\/i0.wp.com\/blogaudioteka.wpcomstaging.com\/wp-content\/uploads\/ak_4.webp?resize=768%2C216&#038;ssl=1\" alt=\"audioteka klub\" class=\"wp-image-8351\" srcset=\"https:\/\/i0.wp.com\/blogaudioteka.wpcomstaging.com\/wp-content\/uploads\/ak_4.webp?w=768&amp;ssl=1 768w, https:\/\/i0.wp.com\/blogaudioteka.wpcomstaging.com\/wp-content\/uploads\/ak_4.webp?resize=300%2C84&amp;ssl=1 300w, https:\/\/i0.wp.com\/blogaudioteka.wpcomstaging.com\/wp-content\/uploads\/ak_4.webp?resize=512%2C144&amp;ssl=1 512w\" sizes=\"auto, (max-width: 768px) 100vw, 768px\" \/><\/a><\/figure>\n\n\n\n<p class=\"has-text-align-justify wp-block-paragraph\">List\u0119 ksi\u0105\u017cek wszech czas\u00f3w mo\u017cesz pobra\u0107 np. z&nbsp;magazynu Time, ale mo\u017cesz te\u017c\u2026 stworzy\u0107 j\u0105 samodzielnie. Takie zadanie ma w&nbsp;sobie co\u015b z&nbsp;planowania podr\u00f3\u017cy. Porz\u0105dkuje czytelniczy chaos, motywuje do si\u0119gania po rzeczy ambitniejsze i&nbsp;przypomina, dlaczego w&nbsp;og\u00f3le kochamy ksi\u0105\u017cki. A&nbsp;potem przychodzi ten moment: otwieramy pierwsz\u0105 stron\u0119 (albo zak\u0142adamy s\u0142uchawki i&nbsp;naciskamy \u201cplay\u201d) i&nbsp;wiemy, \u017ce <strong>w\u0142a\u015bnie zaczynamy jedn\u0105 z&nbsp;tych historii, kt\u00f3re zostaj\u0105 z&nbsp;nami na d\u0142ugo<\/strong>.&nbsp;<\/p>\n\n\n\n<h2 class=\"wp-block-heading\"><span class=\"ez-toc-section\" id=\"Oto_nasza_lista_lektur_obowiazkowych\"><\/span>Oto nasza lista lektur obowi\u0105zkowych <span class=\"ez-toc-section-end\"><\/span><\/h2>\n\n\n\n<p class=\"has-text-align-justify wp-block-paragraph\">Redakcja Audioteki przygotowa\u0142a w\u0142asn\u0105 literack\u0105 list\u0119 marze\u0144 \u2013 subiektywn\u0105, emocjonaln\u0105 i&nbsp;\u015bwiadomie nieoczywist\u0105. <strong>To zestaw ksi\u0105\u017cek, kt\u00f3re rezonuj\u0105 kulturowo<\/strong>, zostawi\u0142y trwa\u0142y \u015blad w&nbsp;popkulturze albo wci\u0105\u017c wracaj\u0105 w&nbsp;rozmowach, cytatach i&nbsp;nowych interpretacjach. To historie, kt\u00f3re wed\u0142ug nas warto pozna\u0107 \u2013 zar\u00f3wno si\u0119gaj\u0105c po papierowe wydanie, jak i&nbsp;w\u0142\u0105czaj\u0105c audiobooka.<\/p>\n\n\n\n<h3 class=\"wp-block-heading\"><span class=\"ez-toc-section\" id=\"1_Opowiesci_z_Narnii_Lew_Czarownica_i_Stara_Szafa_%E2%80%93_Clive_Staples_Lewis\"><\/span>1. <a href=\"https:\/\/audioteka.com\/pl\/audiobook\/opowiesci-z-narnii-lew-czarownica-i-stara-szafa\/\" target=\"_blank\" rel=\"noopener\">Opowie\u015bci z&nbsp;Narnii. Lew, Czarownica i&nbsp;Stara Szafa \u2013 Clive Staples Lewis<\/a><span class=\"ez-toc-section-end\"><\/span><\/h3>\n\n\n<div class=\"wp-block-image\">\n<figure class=\"aligncenter size-full\"><img data-recalc-dims=\"1\" loading=\"lazy\" decoding=\"async\" width=\"300\" height=\"300\" data-attachment-id=\"14046\" data-permalink=\"https:\/\/blogaudioteka.wpcomstaging.com\/literacka-lista-marzen-15-ksiazek-do-przeczytania-przed-smiercia-mamy-je-w-audio\/733-2\" data-orig-file=\"https:\/\/i0.wp.com\/blogaudioteka.wpcomstaging.com\/wp-content\/uploads\/733-2.webp?fit=300%2C300&amp;ssl=1\" data-orig-size=\"300,300\" data-comments-opened=\"0\" data-image-meta=\"{&quot;aperture&quot;:&quot;0&quot;,&quot;credit&quot;:&quot;&quot;,&quot;camera&quot;:&quot;&quot;,&quot;caption&quot;:&quot;&quot;,&quot;created_timestamp&quot;:&quot;0&quot;,&quot;copyright&quot;:&quot;&quot;,&quot;focal_length&quot;:&quot;0&quot;,&quot;iso&quot;:&quot;0&quot;,&quot;shutter_speed&quot;:&quot;0&quot;,&quot;title&quot;:&quot;&quot;,&quot;orientation&quot;:&quot;0&quot;}\" data-image-title=\"733\" data-image-description=\"\" data-image-caption=\"\" data-large-file=\"https:\/\/i0.wp.com\/blogaudioteka.wpcomstaging.com\/wp-content\/uploads\/733-2.webp?fit=300%2C300&amp;ssl=1\" src=\"https:\/\/i0.wp.com\/blogaudioteka.wpcomstaging.com\/wp-content\/uploads\/733-2.webp?resize=300%2C300&#038;ssl=1\" alt=\"\" class=\"wp-image-14046\" srcset=\"https:\/\/i0.wp.com\/blogaudioteka.wpcomstaging.com\/wp-content\/uploads\/733-2.webp?w=300&amp;ssl=1 300w, https:\/\/i0.wp.com\/blogaudioteka.wpcomstaging.com\/wp-content\/uploads\/733-2.webp?resize=150%2C150&amp;ssl=1 150w, https:\/\/i0.wp.com\/blogaudioteka.wpcomstaging.com\/wp-content\/uploads\/733-2.webp?resize=200%2C200&amp;ssl=1 200w, https:\/\/i0.wp.com\/blogaudioteka.wpcomstaging.com\/wp-content\/uploads\/733-2.webp?resize=148%2C148&amp;ssl=1 148w, https:\/\/i0.wp.com\/blogaudioteka.wpcomstaging.com\/wp-content\/uploads\/733-2.webp?resize=296%2C296&amp;ssl=1 296w\" sizes=\"auto, (max-width: 300px) 100vw, 300px\" \/><\/figure>\n<\/div>\n\n\n<p class=\"has-text-align-justify wp-block-paragraph\">To jedna z&nbsp;tych historii, kt\u00f3re <strong>otwieraj\u0105 wyobra\u017ani\u0119 na o\u015bcie\u017c<\/strong> niezale\u017cnie od wieku. \u201cLew, Czarownica i&nbsp;Stara Szafa\u201d zaczyna si\u0119 jak dzieci\u0119ca przygoda, a&nbsp;bardzo szybko zamienia si\u0119 w&nbsp;opowie\u015b\u0107 o&nbsp;wyborach, lojalno\u015bci i&nbsp;dojrzewaniu, kt\u00f3re potrafi\u0105 zaskoczy\u0107 tak\u017ce doros\u0142ego s\u0142uchacza. Przej\u015bcie przez star\u0105 szaf\u0119 do Narnii jest literackim symbolem ucieczki od codzienno\u015bci, ale te\u017c zaproszeniem do \u015bwiata, w&nbsp;kt\u00f3rym dobro i&nbsp;z\u0142o maj\u0105 wyra\u017ane kontury, a&nbsp;ka\u017cda decyzja niesie za sob\u0105 konsekwencje. Klasyka fantasy w&nbsp;formie audiobooka <strong>cechuje si\u0119 niezwyk\u0142\u0105 emocjonaln\u0105 g\u0142\u0119bi\u0105<\/strong>, pozwalaj\u0105c wr\u00f3ci\u0107 do magii dzieci\u0144stwa albo odkry\u0107 j\u0105 na nowo \u2013 ju\u017c z&nbsp;baga\u017cem w\u0142asnych do\u015bwiadcze\u0144. To punkt obowi\u0105zkowy na literackiej li\u015bcie marze\u0144, bo przypomina, dlaczego w&nbsp;og\u00f3le zakochali\u015bmy si\u0119 w&nbsp;opowie\u015bciach!<\/p>\n\n\n\n<h3 class=\"wp-block-heading\"><span class=\"ez-toc-section\" id=\"2_Hobbit_czyli_tam_i_z_powrotem_%E2%80%93_John_Ronald_Reuel_Tolkien\"><\/span>2. <a href=\"https:\/\/audioteka.com\/pl\/audiobook\/hobbit-czyli-tam-i-z-powrotem\/\" target=\"_blank\" rel=\"noopener\">Hobbit, czyli tam i&nbsp;z powrotem \u2013 John Ronald Reuel Tolkien<\/a><span class=\"ez-toc-section-end\"><\/span><\/h3>\n\n\n<div class=\"wp-block-image\">\n<figure class=\"aligncenter size-full\"><img data-recalc-dims=\"1\" loading=\"lazy\" decoding=\"async\" width=\"300\" height=\"300\" data-attachment-id=\"14047\" data-permalink=\"https:\/\/blogaudioteka.wpcomstaging.com\/literacka-lista-marzen-15-ksiazek-do-przeczytania-przed-smiercia-mamy-je-w-audio\/attachment\/938\" data-orig-file=\"https:\/\/i0.wp.com\/blogaudioteka.wpcomstaging.com\/wp-content\/uploads\/938.webp?fit=300%2C300&amp;ssl=1\" data-orig-size=\"300,300\" data-comments-opened=\"0\" data-image-meta=\"{&quot;aperture&quot;:&quot;0&quot;,&quot;credit&quot;:&quot;&quot;,&quot;camera&quot;:&quot;&quot;,&quot;caption&quot;:&quot;&quot;,&quot;created_timestamp&quot;:&quot;0&quot;,&quot;copyright&quot;:&quot;&quot;,&quot;focal_length&quot;:&quot;0&quot;,&quot;iso&quot;:&quot;0&quot;,&quot;shutter_speed&quot;:&quot;0&quot;,&quot;title&quot;:&quot;&quot;,&quot;orientation&quot;:&quot;0&quot;}\" data-image-title=\"938\" data-image-description=\"\" data-image-caption=\"\" data-large-file=\"https:\/\/i0.wp.com\/blogaudioteka.wpcomstaging.com\/wp-content\/uploads\/938.webp?fit=300%2C300&amp;ssl=1\" src=\"https:\/\/i0.wp.com\/blogaudioteka.wpcomstaging.com\/wp-content\/uploads\/938.webp?resize=300%2C300&#038;ssl=1\" alt=\"\" class=\"wp-image-14047\" srcset=\"https:\/\/i0.wp.com\/blogaudioteka.wpcomstaging.com\/wp-content\/uploads\/938.webp?w=300&amp;ssl=1 300w, https:\/\/i0.wp.com\/blogaudioteka.wpcomstaging.com\/wp-content\/uploads\/938.webp?resize=150%2C150&amp;ssl=1 150w, https:\/\/i0.wp.com\/blogaudioteka.wpcomstaging.com\/wp-content\/uploads\/938.webp?resize=200%2C200&amp;ssl=1 200w, https:\/\/i0.wp.com\/blogaudioteka.wpcomstaging.com\/wp-content\/uploads\/938.webp?resize=148%2C148&amp;ssl=1 148w, https:\/\/i0.wp.com\/blogaudioteka.wpcomstaging.com\/wp-content\/uploads\/938.webp?resize=296%2C296&amp;ssl=1 296w\" sizes=\"auto, (max-width: 300px) 100vw, 300px\" \/><\/figure>\n<\/div>\n\n\n<p class=\"has-text-align-justify wp-block-paragraph\">\u201cHobbit\u201d to opowie\u015b\u0107 inicjacyjna w&nbsp;najczystszej postaci \u2013 historia o&nbsp;kim\u015b, <strong>kto wcale nie marzy\u0142 o&nbsp;przygodzie, a&nbsp;jednak da\u0142 si\u0119 jej porwa\u0107<\/strong>. Tolkien z&nbsp;lekko\u015bci\u0105 i&nbsp;humorem prowadzi Bilba Bagginsa od bezpiecznej norki w&nbsp;Shire a\u017c po miejsca, w&nbsp;kt\u00f3rym odwaga rodzi si\u0119 wbrew strachowi, a&nbsp;spryt okazuje si\u0119 cenniejszy ni\u017c si\u0142a. Ta ksi\u0105\u017cka <strong>uczy, \u017ce bohaterstwo bywa ciche i&nbsp;niepozorne<\/strong>, a&nbsp;wielkie zmiany cz\u0119sto zaczynaj\u0105 si\u0119 od jednego nie\u015bmia\u0142ego \u201ctak\u201d. Audiobook zachowuje ba\u015bniowy rytm i&nbsp;narracyjn\u0105 przyjemno\u015b\u0107, dzi\u0119ki czemu r\u00f3wnie dobrze trafia do m\u0142odszych s\u0142uchaczy, jak i&nbsp;do doros\u0142ych wracaj\u0105cych do \u015ar\u00f3dziemia z&nbsp;sentymentem. Pozycja obowi\u0105zkowa na literackiej li\u015bcie marze\u0144!<\/p>\n\n\n\n<div class=\"wp-block-group is-style-cs-promo\"><div class=\"wp-block-group__inner-container is-layout-constrained wp-block-group-is-layout-constrained\">\n<p class=\"wp-block-paragraph\">\ud83d\udc49<a href=\"https:\/\/audioteka.com\/pl\/blog\/top-of-the-top-ikony-gatunku-ktore-uksztaltowaly-fantasy-wszystkie-w-audiotece\" target=\"_blank\" rel=\"noopener\">Top of the top. Ikony gatunku, kt\u00f3re ukszta\u0142towa\u0142y fantasy \u2013 wszystkie dost\u0119pne w&nbsp;Audiotece!<\/a><\/p>\n<\/div><\/div>\n\n\n\n<h3 class=\"wp-block-heading\"><span class=\"ez-toc-section\" id=\"3_Solaris_%E2%80%93_Stanislaw_Lem\"><\/span>3. <a href=\"https:\/\/audioteka.com\/pl\/audiobook\/solaris-superprodukcja\/\" target=\"_blank\" rel=\"noopener\">Solaris \u2013 Stanis\u0142aw Lem<\/a><span class=\"ez-toc-section-end\"><\/span><\/h3>\n\n\n<div class=\"wp-block-image\">\n<figure class=\"aligncenter size-full\"><img data-recalc-dims=\"1\" loading=\"lazy\" decoding=\"async\" width=\"300\" height=\"300\" data-attachment-id=\"14051\" data-permalink=\"https:\/\/blogaudioteka.wpcomstaging.com\/literacka-lista-marzen-15-ksiazek-do-przeczytania-przed-smiercia-mamy-je-w-audio\/attachment\/2494\" data-orig-file=\"https:\/\/i0.wp.com\/blogaudioteka.wpcomstaging.com\/wp-content\/uploads\/2494.webp?fit=300%2C300&amp;ssl=1\" data-orig-size=\"300,300\" data-comments-opened=\"0\" data-image-meta=\"{&quot;aperture&quot;:&quot;0&quot;,&quot;credit&quot;:&quot;&quot;,&quot;camera&quot;:&quot;&quot;,&quot;caption&quot;:&quot;&quot;,&quot;created_timestamp&quot;:&quot;0&quot;,&quot;copyright&quot;:&quot;&quot;,&quot;focal_length&quot;:&quot;0&quot;,&quot;iso&quot;:&quot;0&quot;,&quot;shutter_speed&quot;:&quot;0&quot;,&quot;title&quot;:&quot;&quot;,&quot;orientation&quot;:&quot;0&quot;}\" data-image-title=\"2494\" data-image-description=\"\" data-image-caption=\"\" data-large-file=\"https:\/\/i0.wp.com\/blogaudioteka.wpcomstaging.com\/wp-content\/uploads\/2494.webp?fit=300%2C300&amp;ssl=1\" src=\"https:\/\/i0.wp.com\/blogaudioteka.wpcomstaging.com\/wp-content\/uploads\/2494.webp?resize=300%2C300&#038;ssl=1\" alt=\"\" class=\"wp-image-14051\" srcset=\"https:\/\/i0.wp.com\/blogaudioteka.wpcomstaging.com\/wp-content\/uploads\/2494.webp?w=300&amp;ssl=1 300w, https:\/\/i0.wp.com\/blogaudioteka.wpcomstaging.com\/wp-content\/uploads\/2494.webp?resize=150%2C150&amp;ssl=1 150w, https:\/\/i0.wp.com\/blogaudioteka.wpcomstaging.com\/wp-content\/uploads\/2494.webp?resize=200%2C200&amp;ssl=1 200w, https:\/\/i0.wp.com\/blogaudioteka.wpcomstaging.com\/wp-content\/uploads\/2494.webp?resize=148%2C148&amp;ssl=1 148w, https:\/\/i0.wp.com\/blogaudioteka.wpcomstaging.com\/wp-content\/uploads\/2494.webp?resize=296%2C296&amp;ssl=1 296w\" sizes=\"auto, (max-width: 300px) 100vw, 300px\" \/><\/figure>\n<\/div>\n\n\n<p class=\"has-text-align-justify wp-block-paragraph\"><a href=\"https:\/\/audioteka.com\/pl\/katalog\/science-fiction-n\/\" target=\"_blank\" rel=\"noopener\">Science fiction<\/a>, kt\u00f3re <strong>nie jest po prostu opowie\u015bci\u0105 o&nbsp;kosmosie<\/strong>. Stanis\u0142aw Lem wykorzysta\u0142 motyw pierwszego kontaktu, by opowiedzie\u0107 histori\u0119 o&nbsp;granicach poznania, samotno\u015bci i&nbsp;pami\u0119ci, kt\u00f3ra potrafi by\u0107 r\u00f3wnie obca jak inteligentny ocean planety Solaris. Spotkanie z&nbsp;niepoj\u0119t\u0105 form\u0105 \u017cycia nie prowadzi tu do spektakularnych odkry\u0107, lecz do bolesnej konfrontacji z&nbsp;w\u0142asnymi emocjami, winami i&nbsp;stratami. <a href=\"https:\/\/audioteka.com\/pl\/katalog\/superprodukcje-audioteki\/\" target=\"_blank\" rel=\"noopener\">Superprodukcja Audioteki<\/a> wyr\u00f3\u017cnia si\u0119 dodatkow\u0105 warstw\u0105 intensywno\u015bci \u2013 aktorskie interpretacje i&nbsp;d\u017awi\u0119kowa przestrze\u0144 podkre\u015blaj\u0105 klaustrofobiczn\u0105 atmosfer\u0119 stacji badawczej oraz psychologiczne napi\u0119cie bohater\u00f3w. T\u0119 pozycj\u0119 warto wpisa\u0107 na literack\u0105 list\u0119 \u201cdo przeczytania przed \u015bmierci\u0105\u201d, bo pokazuje, \u017ce <strong>najtrudniejszym obcym, z&nbsp;jakim przychodzi nam si\u0119 zmierzy\u0107, bywa\u2026 w\u0142asne wn\u0119trze<\/strong>.<\/p>\n\n\n\n<figure class=\"wp-block-embed is-type-video is-provider-youtube wp-block-embed-youtube wp-embed-aspect-16-9 wp-has-aspect-ratio\"><div class=\"wp-block-embed__wrapper\">\n<span class=\"embed-youtube\" style=\"text-align:center; display: block;\"><iframe loading=\"lazy\" class=\"youtube-player\" width=\"1200\" height=\"675\" src=\"https:\/\/www.youtube.com\/embed\/ocf7BexGHE8?version=3&#038;rel=1&#038;showsearch=0&#038;showinfo=1&#038;iv_load_policy=1&#038;fs=1&#038;hl=pl-PL&#038;autohide=2&#038;wmode=transparent\" allowfullscreen=\"true\" style=\"border:0;\" sandbox=\"allow-scripts allow-same-origin allow-popups allow-presentation allow-popups-to-escape-sandbox\"><\/iframe><\/span>\n<\/div><\/figure>\n\n\n\n<h3 class=\"wp-block-heading\"><span class=\"ez-toc-section\" id=\"4_Czlowiek_w_poszukiwaniu_sensu_%E2%80%93_Viktor_E_Frankl\"><\/span>4. <a href=\"https:\/\/audioteka.com\/pl\/audiobook\/czlowiek-w-poszukiwaniu-sensu\/\" target=\"_blank\" rel=\"noopener\">Cz\u0142owiek w&nbsp;poszukiwaniu sensu \u2013 Viktor E. Frankl<\/a><span class=\"ez-toc-section-end\"><\/span><\/h3>\n\n\n<div class=\"wp-block-image\">\n<figure class=\"aligncenter size-full\"><img data-recalc-dims=\"1\" loading=\"lazy\" decoding=\"async\" width=\"300\" height=\"300\" data-attachment-id=\"14052\" data-permalink=\"https:\/\/blogaudioteka.wpcomstaging.com\/literacka-lista-marzen-15-ksiazek-do-przeczytania-przed-smiercia-mamy-je-w-audio\/attachment\/272\" data-orig-file=\"https:\/\/i0.wp.com\/blogaudioteka.wpcomstaging.com\/wp-content\/uploads\/272.webp?fit=300%2C300&amp;ssl=1\" data-orig-size=\"300,300\" data-comments-opened=\"0\" data-image-meta=\"{&quot;aperture&quot;:&quot;0&quot;,&quot;credit&quot;:&quot;&quot;,&quot;camera&quot;:&quot;&quot;,&quot;caption&quot;:&quot;&quot;,&quot;created_timestamp&quot;:&quot;0&quot;,&quot;copyright&quot;:&quot;&quot;,&quot;focal_length&quot;:&quot;0&quot;,&quot;iso&quot;:&quot;0&quot;,&quot;shutter_speed&quot;:&quot;0&quot;,&quot;title&quot;:&quot;&quot;,&quot;orientation&quot;:&quot;0&quot;}\" data-image-title=\"272\" data-image-description=\"\" data-image-caption=\"\" data-large-file=\"https:\/\/i0.wp.com\/blogaudioteka.wpcomstaging.com\/wp-content\/uploads\/272.webp?fit=300%2C300&amp;ssl=1\" src=\"https:\/\/i0.wp.com\/blogaudioteka.wpcomstaging.com\/wp-content\/uploads\/272.webp?resize=300%2C300&#038;ssl=1\" alt=\"\" class=\"wp-image-14052\" srcset=\"https:\/\/i0.wp.com\/blogaudioteka.wpcomstaging.com\/wp-content\/uploads\/272.webp?w=300&amp;ssl=1 300w, https:\/\/i0.wp.com\/blogaudioteka.wpcomstaging.com\/wp-content\/uploads\/272.webp?resize=150%2C150&amp;ssl=1 150w, https:\/\/i0.wp.com\/blogaudioteka.wpcomstaging.com\/wp-content\/uploads\/272.webp?resize=200%2C200&amp;ssl=1 200w, https:\/\/i0.wp.com\/blogaudioteka.wpcomstaging.com\/wp-content\/uploads\/272.webp?resize=148%2C148&amp;ssl=1 148w, https:\/\/i0.wp.com\/blogaudioteka.wpcomstaging.com\/wp-content\/uploads\/272.webp?resize=296%2C296&amp;ssl=1 296w\" sizes=\"auto, (max-width: 300px) 100vw, 300px\" \/><\/figure>\n<\/div>\n\n\n<p class=\"has-text-align-justify wp-block-paragraph\">To jedna z&nbsp;tych ksi\u0105\u017cek, kt\u00f3re <strong>czyta si\u0119 powoli i&nbsp;z uwag\u0105<\/strong>, bo ka\u017cde zdanie potrafi rezonowa\u0107 d\u0142ugo po zako\u0144czeniu lektury. Frankl, \u0142\u0105cz\u0105c osobiste do\u015bwiadczenie oboz\u00f3w koncentracyjnych z&nbsp;refleksj\u0105 psychologiczn\u0105, stworzy\u0142 poruszaj\u0105c\u0105 <strong>opowie\u015b\u0107 o&nbsp;sensie jako wewn\u0119trznej sile przetrwania<\/strong>. Nie moralizuje, nie upraszcza \u2013 zamiast tego pokazuje, \u017ce nawet w&nbsp;skrajnych warunkach cz\u0142owiek zachowuje wolno\u015b\u0107 wyboru postawy wobec cierpienia. Spokojna, wywa\u017cona narracja audiobooka pozwala skupi\u0107 si\u0119 na znaczeniach i&nbsp;pytaniach, kt\u00f3re autor stawia s\u0142uchaczowi. Nie ma tu <strong>gotowych odpowiedzi.<\/strong><\/p>\n\n\n\n<h3 class=\"wp-block-heading\"><span class=\"ez-toc-section\" id=\"5_Mistrz_i_Malgorzata_%E2%80%93_Michail_Bulhakow\"><\/span>5. <a href=\"https:\/\/audioteka.com\/pl\/audiobook\/mistrz-i-malgorzata-superprodukcja\/\" target=\"_blank\" rel=\"noopener\">Mistrz i&nbsp;Ma\u0142gorzata \u2013 Michai\u0142 Bu\u0142hakow<\/a><span class=\"ez-toc-section-end\"><\/span><\/h3>\n\n\n\n<figure class=\"wp-block-embed is-type-video is-provider-youtube wp-block-embed-youtube wp-embed-aspect-16-9 wp-has-aspect-ratio\"><div class=\"wp-block-embed__wrapper\">\n<span class=\"embed-youtube\" style=\"text-align:center; display: block;\"><iframe loading=\"lazy\" class=\"youtube-player\" width=\"1200\" height=\"675\" src=\"https:\/\/www.youtube.com\/embed\/LVzbZmUUcaI?version=3&#038;rel=1&#038;showsearch=0&#038;showinfo=1&#038;iv_load_policy=1&#038;fs=1&#038;hl=pl-PL&#038;autohide=2&#038;wmode=transparent\" allowfullscreen=\"true\" style=\"border:0;\" sandbox=\"allow-scripts allow-same-origin allow-popups allow-presentation allow-popups-to-escape-sandbox\"><\/iframe><\/span>\n<\/div><\/figure>\n\n\n\n<p class=\"has-text-align-justify wp-block-paragraph\">To jedna z&nbsp;tych powie\u015bci, kt\u00f3re <strong>nieustannie wymykaj\u0105 si\u0119 jednoznacznym interpretacjom<\/strong>. Michai\u0142 Bu\u0142hakow po\u0142\u0105czy\u0142 satyr\u0119 polityczn\u0105, metafizyczn\u0105 przypowie\u015b\u0107 i&nbsp;histori\u0119 mi\u0142osn\u0105 w&nbsp;opowie\u015b\u0107 o&nbsp;wolno\u015bci \u2013 artystycznej, moralnej i&nbsp;wewn\u0119trznej. Diabelska wizyta w&nbsp;Moskwie obna\u017ca ludzk\u0105 hipokryzj\u0119 i&nbsp;konformizm, a&nbsp;w\u0105tek Mistrza i&nbsp;Ma\u0142gorzaty przypomina, \u017ce mi\u0142o\u015b\u0107 i&nbsp;sztuka bywaj\u0105 ostatnim azylem w&nbsp;\u015bwiecie opresji. W&nbsp;superprodukcji Audioteki ta wielowarstwowa historia <strong>nabra\u0142a teatralnego rozmachu i&nbsp;emocjonalnej intensywno\u015bci<\/strong> \u2013 g\u0142osy aktor\u00f3w, muzyka i&nbsp;d\u017awi\u0119k buduj\u0105 atmosfer\u0119 groteski, niepokoju i&nbsp;ironii. Warto!<\/p>\n\n\n\n<figure class=\"wp-block-embed is-type-video is-provider-youtube wp-block-embed-youtube wp-embed-aspect-16-9 wp-has-aspect-ratio\"><div class=\"wp-block-embed__wrapper\">\n<span class=\"embed-youtube\" style=\"text-align:center; display: block;\"><iframe loading=\"lazy\" class=\"youtube-player\" width=\"1200\" height=\"675\" src=\"https:\/\/www.youtube.com\/embed\/M4aykavIJiA?version=3&#038;rel=1&#038;showsearch=0&#038;showinfo=1&#038;iv_load_policy=1&#038;fs=1&#038;hl=pl-PL&#038;autohide=2&#038;wmode=transparent\" allowfullscreen=\"true\" style=\"border:0;\" sandbox=\"allow-scripts allow-same-origin allow-popups allow-presentation allow-popups-to-escape-sandbox\"><\/iframe><\/span>\n<\/div><\/figure>\n\n\n\n<h3 class=\"wp-block-heading\"><span class=\"ez-toc-section\" id=\"6_Diuna_%E2%80%93_Frank_Herbert\"><\/span>6. <a href=\"https:\/\/audioteka.com\/pl\/audiobook\/diuna\/\" target=\"_blank\" rel=\"noopener\">Diuna \u2013 Frank Herbert<\/a><span class=\"ez-toc-section-end\"><\/span><\/h3>\n\n\n<div class=\"wp-block-image\">\n<figure class=\"aligncenter size-full\"><img data-recalc-dims=\"1\" loading=\"lazy\" decoding=\"async\" width=\"300\" height=\"300\" data-attachment-id=\"14055\" data-permalink=\"https:\/\/blogaudioteka.wpcomstaging.com\/literacka-lista-marzen-15-ksiazek-do-przeczytania-przed-smiercia-mamy-je-w-audio\/1322-2\" data-orig-file=\"https:\/\/i0.wp.com\/blogaudioteka.wpcomstaging.com\/wp-content\/uploads\/1322-1.webp?fit=300%2C300&amp;ssl=1\" data-orig-size=\"300,300\" data-comments-opened=\"0\" data-image-meta=\"{&quot;aperture&quot;:&quot;0&quot;,&quot;credit&quot;:&quot;&quot;,&quot;camera&quot;:&quot;&quot;,&quot;caption&quot;:&quot;&quot;,&quot;created_timestamp&quot;:&quot;0&quot;,&quot;copyright&quot;:&quot;&quot;,&quot;focal_length&quot;:&quot;0&quot;,&quot;iso&quot;:&quot;0&quot;,&quot;shutter_speed&quot;:&quot;0&quot;,&quot;title&quot;:&quot;&quot;,&quot;orientation&quot;:&quot;0&quot;}\" data-image-title=\"1322\" data-image-description=\"\" data-image-caption=\"\" data-large-file=\"https:\/\/i0.wp.com\/blogaudioteka.wpcomstaging.com\/wp-content\/uploads\/1322-1.webp?fit=300%2C300&amp;ssl=1\" src=\"https:\/\/i0.wp.com\/blogaudioteka.wpcomstaging.com\/wp-content\/uploads\/1322-1.webp?resize=300%2C300&#038;ssl=1\" alt=\"\" class=\"wp-image-14055\" srcset=\"https:\/\/i0.wp.com\/blogaudioteka.wpcomstaging.com\/wp-content\/uploads\/1322-1.webp?w=300&amp;ssl=1 300w, https:\/\/i0.wp.com\/blogaudioteka.wpcomstaging.com\/wp-content\/uploads\/1322-1.webp?resize=150%2C150&amp;ssl=1 150w, https:\/\/i0.wp.com\/blogaudioteka.wpcomstaging.com\/wp-content\/uploads\/1322-1.webp?resize=200%2C200&amp;ssl=1 200w, https:\/\/i0.wp.com\/blogaudioteka.wpcomstaging.com\/wp-content\/uploads\/1322-1.webp?resize=148%2C148&amp;ssl=1 148w, https:\/\/i0.wp.com\/blogaudioteka.wpcomstaging.com\/wp-content\/uploads\/1322-1.webp?resize=296%2C296&amp;ssl=1 296w\" sizes=\"auto, (max-width: 300px) 100vw, 300px\" \/><\/figure>\n<\/div>\n\n\n<p class=\"wp-block-paragraph\">Ta powie\u015b\u0107 <strong>nie ko\u0144czy si\u0119 wraz z&nbsp;ostatnim rozdzia\u0142em<\/strong> \u2013 \u015bwiat wykreowany przez Franka Herberta zostaje w&nbsp;g\u0142owie na d\u0142ugo. Epicka opowie\u015b\u0107 o&nbsp;w\u0142adzy, wierze i&nbsp;ekologii wyprzedzi\u0142a swoje czasy i&nbsp;jest zaskakuj\u0105co aktualna tak\u017ce dzi\u015b. Arrakis nie jest tu jedynie egzotyczn\u0105 planet\u0105, lecz scen\u0105 brutalnych gier politycznych i&nbsp;duchowych napi\u0119\u0107, a&nbsp;historia Paula Atrydy pokazuje, jak cienka bywa granica mi\u0119dzy mesjaszem a&nbsp;narz\u0119dziem systemu. Monumentalno\u015b\u0107 \u201cDiuny\u201d <strong>to zas\u0142uga hipnotycznego rytmu<\/strong> i&nbsp;filozoficznych podtekst\u00f3w, kt\u00f3re doskonale wybrzmiewaj\u0105 w&nbsp;audiobooku dost\u0119pnym w&nbsp;Audiotece. T\u0119 pozycj\u0119 powinien pozna\u0107 ka\u017cdy, kto traktuje science fiction jako gatunek zdolny opowiada\u0107 o&nbsp;ludzkiej naturze z&nbsp;rozmachem godnym najwi\u0119kszych klasyk\u00f3w.<\/p>\n\n\n\n<div class=\"wp-block-group is-style-cs-promo\"><div class=\"wp-block-group__inner-container is-layout-constrained wp-block-group-is-layout-constrained\">\n<p class=\"wp-block-paragraph\">\ud83d\udc49<a href=\"https:\/\/audioteka.com\/pl\/blog\/w-jakiej-kolejnosci-czytac-diune-franka-herberta-i-jej-kontynuacje\" target=\"_blank\" rel=\"noopener\">W jakiej kolejno\u015bci czyta\u0107 \u201cDiun\u0119\u201d Franka Herberta i&nbsp;jej kontynuacje?<\/a><\/p>\n<\/div><\/div>\n\n\n\n<h3 class=\"wp-block-heading\"><span class=\"ez-toc-section\" id=\"7_Pulapki_myslenia_O_mysleniu_szybkim_i_wolnym_%E2%80%93_Daniel_Kahneman\"><\/span>7. <a href=\"https:\/\/audioteka.com\/pl\/audiobook\/pulapki-myslenia\/\" target=\"_blank\" rel=\"noopener\">Pu\u0142apki my\u015blenia. O&nbsp;my\u015bleniu szybkim i&nbsp;wolnym \u2013 Daniel Kahneman<\/a><span class=\"ez-toc-section-end\"><\/span><\/h3>\n\n\n<div class=\"wp-block-image\">\n<figure class=\"aligncenter size-full\"><img data-recalc-dims=\"1\" loading=\"lazy\" decoding=\"async\" width=\"300\" height=\"300\" data-attachment-id=\"14057\" data-permalink=\"https:\/\/blogaudioteka.wpcomstaging.com\/literacka-lista-marzen-15-ksiazek-do-przeczytania-przed-smiercia-mamy-je-w-audio\/attachment\/184\" data-orig-file=\"https:\/\/i0.wp.com\/blogaudioteka.wpcomstaging.com\/wp-content\/uploads\/184.webp?fit=300%2C300&amp;ssl=1\" data-orig-size=\"300,300\" data-comments-opened=\"0\" data-image-meta=\"{&quot;aperture&quot;:&quot;0&quot;,&quot;credit&quot;:&quot;&quot;,&quot;camera&quot;:&quot;&quot;,&quot;caption&quot;:&quot;&quot;,&quot;created_timestamp&quot;:&quot;0&quot;,&quot;copyright&quot;:&quot;&quot;,&quot;focal_length&quot;:&quot;0&quot;,&quot;iso&quot;:&quot;0&quot;,&quot;shutter_speed&quot;:&quot;0&quot;,&quot;title&quot;:&quot;&quot;,&quot;orientation&quot;:&quot;0&quot;}\" data-image-title=\"184\" data-image-description=\"\" data-image-caption=\"\" data-large-file=\"https:\/\/i0.wp.com\/blogaudioteka.wpcomstaging.com\/wp-content\/uploads\/184.webp?fit=300%2C300&amp;ssl=1\" src=\"https:\/\/i0.wp.com\/blogaudioteka.wpcomstaging.com\/wp-content\/uploads\/184.webp?resize=300%2C300&#038;ssl=1\" alt=\"\" class=\"wp-image-14057\" srcset=\"https:\/\/i0.wp.com\/blogaudioteka.wpcomstaging.com\/wp-content\/uploads\/184.webp?w=300&amp;ssl=1 300w, https:\/\/i0.wp.com\/blogaudioteka.wpcomstaging.com\/wp-content\/uploads\/184.webp?resize=150%2C150&amp;ssl=1 150w, https:\/\/i0.wp.com\/blogaudioteka.wpcomstaging.com\/wp-content\/uploads\/184.webp?resize=200%2C200&amp;ssl=1 200w, https:\/\/i0.wp.com\/blogaudioteka.wpcomstaging.com\/wp-content\/uploads\/184.webp?resize=148%2C148&amp;ssl=1 148w, https:\/\/i0.wp.com\/blogaudioteka.wpcomstaging.com\/wp-content\/uploads\/184.webp?resize=296%2C296&amp;ssl=1 296w\" sizes=\"auto, (max-width: 300px) 100vw, 300px\" \/><\/figure>\n<\/div>\n\n\n<p class=\"has-text-align-justify wp-block-paragraph\">To jedna z&nbsp;tych ksi\u0105\u017cek, kt\u00f3re <strong>trwale zmieniaj\u0105 spos\u00f3b patrzenia na w\u0142asne decyzje<\/strong>. Kahneman z&nbsp;chirurgiczn\u0105 precyzj\u0105 rozk\u0142ada na czynniki pierwsze mechanizmy ludzkiego my\u015blenia, pokazuj\u0105c, jak cz\u0119sto ulegamy z\u0142udzeniom, skr\u00f3tom poznawczym i&nbsp;pozornie racjonalnym intuicjom. Podzia\u0142 na dwa systemy \u2013 szybki, emocjonalny i&nbsp;wolny, analityczny \u2013 pozwala lepiej zrozumie\u0107, dlaczego nawet osoby kompetentne i&nbsp;do\u015bwiadczone regularnie pope\u0142niaj\u0105 b\u0142\u0119dy w&nbsp;ocenie sytuacji. Audiobook jest wymagaj\u0105cy, ale pozwala z&nbsp;uwag\u0105 \u015bledzi\u0107&nbsp; argumenty i&nbsp;przyk\u0142ady. Dlaczego warto po niego si\u0119gn\u0105\u0107? Bo uczy nie tyle, jak my\u015ble\u0107 lepiej, ile \u2013 <strong>jak rozpozna\u0107 momenty, w&nbsp;kt\u00f3rych nasz umys\u0142 najbardziej lubi nas zwodzi\u0107<\/strong>.<\/p>\n\n\n\n<h3 class=\"wp-block-heading\"><span class=\"ez-toc-section\" id=\"8_Chlopi_%E2%80%93_Wladyslaw_Stanislaw_Reymont\"><\/span>8. <a href=\"https:\/\/audioteka.com\/pl\/audiobook\/chlopi-empik-go\/\" target=\"_blank\" rel=\"noopener\">Ch\u0142opi \u2013 W\u0142adys\u0142aw Stanis\u0142aw Reymont<\/a><span class=\"ez-toc-section-end\"><\/span><\/h3>\n\n\n<div class=\"wp-block-image\">\n<figure class=\"aligncenter size-full\"><img data-recalc-dims=\"1\" loading=\"lazy\" decoding=\"async\" width=\"300\" height=\"300\" data-attachment-id=\"14058\" data-permalink=\"https:\/\/blogaudioteka.wpcomstaging.com\/literacka-lista-marzen-15-ksiazek-do-przeczytania-przed-smiercia-mamy-je-w-audio\/17-6-2\" data-orig-file=\"https:\/\/i0.wp.com\/blogaudioteka.wpcomstaging.com\/wp-content\/uploads\/17-6-1.webp?fit=300%2C300&amp;ssl=1\" data-orig-size=\"300,300\" data-comments-opened=\"0\" data-image-meta=\"{&quot;aperture&quot;:&quot;0&quot;,&quot;credit&quot;:&quot;&quot;,&quot;camera&quot;:&quot;&quot;,&quot;caption&quot;:&quot;&quot;,&quot;created_timestamp&quot;:&quot;0&quot;,&quot;copyright&quot;:&quot;&quot;,&quot;focal_length&quot;:&quot;0&quot;,&quot;iso&quot;:&quot;0&quot;,&quot;shutter_speed&quot;:&quot;0&quot;,&quot;title&quot;:&quot;&quot;,&quot;orientation&quot;:&quot;0&quot;}\" data-image-title=\"17 (6)\" data-image-description=\"\" data-image-caption=\"\" data-large-file=\"https:\/\/i0.wp.com\/blogaudioteka.wpcomstaging.com\/wp-content\/uploads\/17-6-1.webp?fit=300%2C300&amp;ssl=1\" src=\"https:\/\/i0.wp.com\/blogaudioteka.wpcomstaging.com\/wp-content\/uploads\/17-6-1.webp?resize=300%2C300&#038;ssl=1\" alt=\"\" class=\"wp-image-14058\" srcset=\"https:\/\/i0.wp.com\/blogaudioteka.wpcomstaging.com\/wp-content\/uploads\/17-6-1.webp?w=300&amp;ssl=1 300w, https:\/\/i0.wp.com\/blogaudioteka.wpcomstaging.com\/wp-content\/uploads\/17-6-1.webp?resize=150%2C150&amp;ssl=1 150w, https:\/\/i0.wp.com\/blogaudioteka.wpcomstaging.com\/wp-content\/uploads\/17-6-1.webp?resize=200%2C200&amp;ssl=1 200w, https:\/\/i0.wp.com\/blogaudioteka.wpcomstaging.com\/wp-content\/uploads\/17-6-1.webp?resize=148%2C148&amp;ssl=1 148w, https:\/\/i0.wp.com\/blogaudioteka.wpcomstaging.com\/wp-content\/uploads\/17-6-1.webp?resize=296%2C296&amp;ssl=1 296w\" sizes=\"auto, (max-width: 300px) 100vw, 300px\" \/><\/figure>\n<\/div>\n\n\n<p class=\"has-text-align-justify wp-block-paragraph\">Kojarzysz \u201cCh\u0142op\u00f3w\u201d jako nudn\u0105 <a href=\"https:\/\/audioteka.com\/pl\/katalog\/lektury-szkolne-k\/\" target=\"_blank\" rel=\"noopener\">lektur\u0119 szkoln\u0105<\/a>? Pora to zmieni\u0107. Ta literacka epopeja genialnie <strong>oddaje rytm \u017cycia podporz\u0105dkowanego naturze, ziemi i&nbsp;niepisanym prawom wsp\u00f3lnoty<\/strong>. Reymont z&nbsp;niezwyk\u0142\u0105 wra\u017cliwo\u015bci\u0105 opisa\u0142 wie\u015b jako zamkni\u0119ty mikro\u015bwiat pe\u0142en nami\u0119tno\u015bci, konflikt\u00f3w, hierarchii i&nbsp;emocji, kt\u00f3re nie trac\u0105 na aktualno\u015bci mimo up\u0142ywu czasu. Historia Boryn\u00f3w i&nbsp;Jagny nie jest jedynie realistycznym portretem XIX-wiecznej wsi, lecz uniwersaln\u0105 <strong>opowie\u015bci\u0105 o&nbsp;w\u0142adzy, po\u017c\u0105daniu, wykluczeniu i&nbsp;cenie, jak\u0105 p\u0142aci si\u0119 za przekraczanie spo\u0142ecznych granic<\/strong>. Dzi\u0119ki fenomenalnej produkcji audiobooka \u201cCh\u0142opi\u201d b\u0119dziesz go s\u0142ucha\u0107 jak \u017cyw\u0105, aktualn\u0105 i&nbsp;przede wszystkim poruszaj\u0105c\u0105 histori\u0119 o&nbsp;ludzkiej naturze.&nbsp;<\/p>\n\n\n\n<div class=\"wp-block-group is-style-cs-promo\"><div class=\"wp-block-group__inner-container is-layout-constrained wp-block-group-is-layout-constrained\">\n<p class=\"wp-block-paragraph\">\ud83d\udc49<a href=\"https:\/\/audioteka.com\/pl\/blog\/zaczynasz-przygotowania-do-matury-2026-mamy-dla-ciebie-najlepsze-opracowania-audio-na-telefon\" target=\"_blank\" rel=\"noopener\">Opracowania audio do matury 2026 w&nbsp;Twoim telefonie! | Audioteka<\/a><\/p>\n<\/div><\/div>\n\n\n\n<h3 class=\"wp-block-heading\"><span class=\"ez-toc-section\" id=\"9_Czarodziejska_gora_%E2%80%93_Thomas_Mann\"><\/span>9. <a href=\"https:\/\/audioteka.com\/pl\/audiobook\/czarodziejska-gora\/\" target=\"_blank\" rel=\"noopener\">Czarodziejska g\u00f3ra \u2013 Thomas Mann<\/a><span class=\"ez-toc-section-end\"><\/span><\/h3>\n\n\n<div class=\"wp-block-image\">\n<figure class=\"aligncenter size-full\"><img data-recalc-dims=\"1\" loading=\"lazy\" decoding=\"async\" width=\"300\" height=\"300\" data-attachment-id=\"14061\" data-permalink=\"https:\/\/blogaudioteka.wpcomstaging.com\/literacka-lista-marzen-15-ksiazek-do-przeczytania-przed-smiercia-mamy-je-w-audio\/76-1-2\" data-orig-file=\"https:\/\/i0.wp.com\/blogaudioteka.wpcomstaging.com\/wp-content\/uploads\/76-1-1.webp?fit=300%2C300&amp;ssl=1\" data-orig-size=\"300,300\" data-comments-opened=\"0\" data-image-meta=\"{&quot;aperture&quot;:&quot;0&quot;,&quot;credit&quot;:&quot;&quot;,&quot;camera&quot;:&quot;&quot;,&quot;caption&quot;:&quot;&quot;,&quot;created_timestamp&quot;:&quot;0&quot;,&quot;copyright&quot;:&quot;&quot;,&quot;focal_length&quot;:&quot;0&quot;,&quot;iso&quot;:&quot;0&quot;,&quot;shutter_speed&quot;:&quot;0&quot;,&quot;title&quot;:&quot;&quot;,&quot;orientation&quot;:&quot;0&quot;}\" data-image-title=\"76 (1)\" data-image-description=\"\" data-image-caption=\"\" data-large-file=\"https:\/\/i0.wp.com\/blogaudioteka.wpcomstaging.com\/wp-content\/uploads\/76-1-1.webp?fit=300%2C300&amp;ssl=1\" src=\"https:\/\/i0.wp.com\/blogaudioteka.wpcomstaging.com\/wp-content\/uploads\/76-1-1.webp?resize=300%2C300&#038;ssl=1\" alt=\"\" class=\"wp-image-14061\" srcset=\"https:\/\/i0.wp.com\/blogaudioteka.wpcomstaging.com\/wp-content\/uploads\/76-1-1.webp?w=300&amp;ssl=1 300w, https:\/\/i0.wp.com\/blogaudioteka.wpcomstaging.com\/wp-content\/uploads\/76-1-1.webp?resize=150%2C150&amp;ssl=1 150w, https:\/\/i0.wp.com\/blogaudioteka.wpcomstaging.com\/wp-content\/uploads\/76-1-1.webp?resize=200%2C200&amp;ssl=1 200w, https:\/\/i0.wp.com\/blogaudioteka.wpcomstaging.com\/wp-content\/uploads\/76-1-1.webp?resize=148%2C148&amp;ssl=1 148w, https:\/\/i0.wp.com\/blogaudioteka.wpcomstaging.com\/wp-content\/uploads\/76-1-1.webp?resize=296%2C296&amp;ssl=1 296w\" sizes=\"auto, (max-width: 300px) 100vw, 300px\" \/><\/figure>\n<\/div>\n\n\n<p class=\"has-text-align-justify wp-block-paragraph\">\u201cCzarodziejska g\u00f3ra\u201d <strong>wymaga czasu \u2013 i&nbsp;w\u0142a\u015bnie o&nbsp;czasie opowiada<\/strong>. Mann zamieni\u0142 sanatorium wysoko w&nbsp;Alpach w&nbsp;metafor\u0119 Europy tu\u017c przed katastrof\u0105, przestrze\u0144 zawieszon\u0105 mi\u0119dzy \u017cyciem a&nbsp;stagnacj\u0105, refleksj\u0105 a&nbsp;ucieczk\u0105 od rzeczywisto\u015bci. Historia Hansa Castorpa, kt\u00f3ry przyje\u017cd\u017ca do obiektu na chwil\u0119, a&nbsp;zostaje w&nbsp;nim na lata, staje si\u0119 pretekstem do rozwa\u017ca\u0144 o&nbsp;chorobie, \u015bmierci, mi\u0142o\u015bci i&nbsp;duchowym kryzysie Zachodu. Audiobook z&nbsp;t\u0105 monumentaln\u0105 proz\u0105 <strong>ma hipnotyczny rytm<\/strong>, pozwalaj\u0105cy zanurzy\u0107 si\u0119 w&nbsp;filozoficznych dialogach i&nbsp;powolnym, g\u0119stym \u015bwiecie Berghofu.<strong> T\u0119 ksi\u0105\u017ck\u0119 audio warto doceni\u0107 nie jak szybk\u0105 lektur\u0119, lecz jako do\u015bwiadczenie<\/strong>, do kt\u00f3rego dojrzewa si\u0119 latami.<\/p>\n\n\n\n<h3 class=\"wp-block-heading\"><span class=\"ez-toc-section\" id=\"10_Nowy_wspanialy_swiat_%E2%80%93_Aldous_Huxley\"><\/span>10. <a href=\"https:\/\/audioteka.com\/pl\/audiobook\/nowy-wspanialy-swiat\/\" target=\"_blank\" rel=\"noopener\">Nowy wspania\u0142y \u015bwiat \u2013 Aldous Huxley<\/a><span class=\"ez-toc-section-end\"><\/span><\/h3>\n\n\n<div class=\"wp-block-image\">\n<figure class=\"aligncenter size-full\"><img data-recalc-dims=\"1\" loading=\"lazy\" decoding=\"async\" width=\"300\" height=\"300\" data-attachment-id=\"14062\" data-permalink=\"https:\/\/blogaudioteka.wpcomstaging.com\/literacka-lista-marzen-15-ksiazek-do-przeczytania-przed-smiercia-mamy-je-w-audio\/attachment\/294\" data-orig-file=\"https:\/\/i0.wp.com\/blogaudioteka.wpcomstaging.com\/wp-content\/uploads\/294.webp?fit=300%2C300&amp;ssl=1\" data-orig-size=\"300,300\" data-comments-opened=\"0\" data-image-meta=\"{&quot;aperture&quot;:&quot;0&quot;,&quot;credit&quot;:&quot;&quot;,&quot;camera&quot;:&quot;&quot;,&quot;caption&quot;:&quot;&quot;,&quot;created_timestamp&quot;:&quot;0&quot;,&quot;copyright&quot;:&quot;&quot;,&quot;focal_length&quot;:&quot;0&quot;,&quot;iso&quot;:&quot;0&quot;,&quot;shutter_speed&quot;:&quot;0&quot;,&quot;title&quot;:&quot;&quot;,&quot;orientation&quot;:&quot;0&quot;}\" data-image-title=\"294\" data-image-description=\"\" data-image-caption=\"\" data-large-file=\"https:\/\/i0.wp.com\/blogaudioteka.wpcomstaging.com\/wp-content\/uploads\/294.webp?fit=300%2C300&amp;ssl=1\" src=\"https:\/\/i0.wp.com\/blogaudioteka.wpcomstaging.com\/wp-content\/uploads\/294.webp?resize=300%2C300&#038;ssl=1\" alt=\"\" class=\"wp-image-14062\" srcset=\"https:\/\/i0.wp.com\/blogaudioteka.wpcomstaging.com\/wp-content\/uploads\/294.webp?w=300&amp;ssl=1 300w, https:\/\/i0.wp.com\/blogaudioteka.wpcomstaging.com\/wp-content\/uploads\/294.webp?resize=150%2C150&amp;ssl=1 150w, https:\/\/i0.wp.com\/blogaudioteka.wpcomstaging.com\/wp-content\/uploads\/294.webp?resize=200%2C200&amp;ssl=1 200w, https:\/\/i0.wp.com\/blogaudioteka.wpcomstaging.com\/wp-content\/uploads\/294.webp?resize=148%2C148&amp;ssl=1 148w, https:\/\/i0.wp.com\/blogaudioteka.wpcomstaging.com\/wp-content\/uploads\/294.webp?resize=296%2C296&amp;ssl=1 296w\" sizes=\"auto, (max-width: 300px) 100vw, 300px\" \/><\/figure>\n<\/div>\n\n\n<p class=\"has-text-align-justify wp-block-paragraph\">Antyutopia, kt\u00f3ra <strong>nie straszy przemoc\u0105, lecz\u2026 wygod\u0105<\/strong>. Aldous Huxley zaproponowa\u0142 w&nbsp;latach 30. XX wieku wizj\u0119 przysz\u0142o\u015bci, w&nbsp;kt\u00f3rej wolno\u015b\u0107 zosta\u0142a wymieniona na komfort, a&nbsp;szcz\u0119\u015bcie sta\u0142o si\u0119 produktem masowym \u2013 \u0142atwym, kontrolowanym i&nbsp;obowi\u0105zkowym. Spo\u0142ecze\u0144stwo pozbawione b\u00f3lu, konflikt\u00f3w i&nbsp;indywidualnych pragnie\u0144 okazuje si\u0119 \u015bwiatem g\u0142\u0119boko odcz\u0142owieczonym, w&nbsp;kt\u00f3rym my\u015blenie bywa aktem odwagi. W&nbsp;wersji audiobookowej ta ch\u0142odna, ironiczna opowie\u015b\u0107 <strong>wybrzmiewa z&nbsp;niepokoj\u0105c\u0105 aktualno\u015bci\u0105<\/strong> \u2013 rytm narracji i&nbsp;interpretacja podkre\u015blaj\u0105 dystans mi\u0119dzy jednostk\u0105 a&nbsp;systemem, kt\u00f3ry wie lepiej. T\u0119 pozycj\u0119 traktujemy jako obowi\u0105zkow\u0105 dla ka\u017cdego \u2013 uczy, \u017ce<strong> najwi\u0119kszym zagro\u017ceniem bywa paradoksalnie \u015bwiat, w&nbsp;kt\u00f3rym wszystko dzia\u0142a zbyt dobrze<\/strong>.<\/p>\n\n\n\n<div class=\"wp-block-group is-style-cs-promo\"><div class=\"wp-block-group__inner-container is-layout-constrained wp-block-group-is-layout-constrained\">\n<p class=\"wp-block-paragraph\">\ud83d\udc49<a href=\"https:\/\/audioteka.com\/pl\/blog\/top-10-najciekawsze-audiobooki-postapokaliptyczne-swiat-po-koncu-swiata\" target=\"_blank\" rel=\"noopener\">TOP 10: najciekawsze audiobooki postapokaliptyczne \u2013 \u015bwiat po ko\u0144cu \u015bwiata<\/a><\/p>\n<\/div><\/div>\n\n\n\n<h3 class=\"wp-block-heading\"><span class=\"ez-toc-section\" id=\"11_Proces_%E2%80%93_Franz_Kafka\"><\/span>11.\u00a0<a href=\"https:\/\/audioteka.com\/pl\/audiobook\/proces-saga-egmont\/\" target=\"_blank\" rel=\"noopener\">Proces \u2013 Franz Kafka<\/a><span class=\"ez-toc-section-end\"><\/span><\/h3>\n\n\n<div class=\"wp-block-image\">\n<figure class=\"aligncenter size-full\"><img data-recalc-dims=\"1\" loading=\"lazy\" decoding=\"async\" width=\"300\" height=\"300\" data-attachment-id=\"14068\" data-permalink=\"https:\/\/blogaudioteka.wpcomstaging.com\/literacka-lista-marzen-15-ksiazek-do-przeczytania-przed-smiercia-mamy-je-w-audio\/95-1\" data-orig-file=\"https:\/\/i0.wp.com\/blogaudioteka.wpcomstaging.com\/wp-content\/uploads\/95-1.webp?fit=300%2C300&amp;ssl=1\" data-orig-size=\"300,300\" data-comments-opened=\"0\" data-image-meta=\"{&quot;aperture&quot;:&quot;0&quot;,&quot;credit&quot;:&quot;&quot;,&quot;camera&quot;:&quot;&quot;,&quot;caption&quot;:&quot;&quot;,&quot;created_timestamp&quot;:&quot;0&quot;,&quot;copyright&quot;:&quot;&quot;,&quot;focal_length&quot;:&quot;0&quot;,&quot;iso&quot;:&quot;0&quot;,&quot;shutter_speed&quot;:&quot;0&quot;,&quot;title&quot;:&quot;&quot;,&quot;orientation&quot;:&quot;0&quot;}\" data-image-title=\"95 (1)\" data-image-description=\"\" data-image-caption=\"\" data-large-file=\"https:\/\/i0.wp.com\/blogaudioteka.wpcomstaging.com\/wp-content\/uploads\/95-1.webp?fit=300%2C300&amp;ssl=1\" src=\"https:\/\/i0.wp.com\/blogaudioteka.wpcomstaging.com\/wp-content\/uploads\/95-1.webp?resize=300%2C300&#038;ssl=1\" alt=\"\" class=\"wp-image-14068\" srcset=\"https:\/\/i0.wp.com\/blogaudioteka.wpcomstaging.com\/wp-content\/uploads\/95-1.webp?w=300&amp;ssl=1 300w, https:\/\/i0.wp.com\/blogaudioteka.wpcomstaging.com\/wp-content\/uploads\/95-1.webp?resize=150%2C150&amp;ssl=1 150w, https:\/\/i0.wp.com\/blogaudioteka.wpcomstaging.com\/wp-content\/uploads\/95-1.webp?resize=200%2C200&amp;ssl=1 200w, https:\/\/i0.wp.com\/blogaudioteka.wpcomstaging.com\/wp-content\/uploads\/95-1.webp?resize=148%2C148&amp;ssl=1 148w, https:\/\/i0.wp.com\/blogaudioteka.wpcomstaging.com\/wp-content\/uploads\/95-1.webp?resize=296%2C296&amp;ssl=1 296w\" sizes=\"auto, (max-width: 300px) 100vw, 300px\" \/><\/figure>\n<\/div>\n\n\n<p class=\"has-text-align-justify wp-block-paragraph\">Opowie\u015b\u0107 o&nbsp;\u015bwiecie, w&nbsp;kt\u00f3rym <strong>poczucie winy pojawia si\u0119 wcze\u015bniej ni\u017c wina sama w&nbsp;sobie<\/strong>. <a href=\"https:\/\/audioteka.com\/pl\/autor\/franz-kafka\/\" target=\"_blank\" rel=\"noopener\">Franz Kafka<\/a> stworzy\u0142 duszn\u0105, klaustrofobiczn\u0105 wizj\u0119 rzeczywisto\u015bci rz\u0105dzonej przez anonimow\u0105 w\u0142adz\u0119, procedury pozbawione sensu i&nbsp;prawo, kt\u00f3re nigdy nie ods\u0142ania swoich zasad. Historia J\u00f3zefa K. nie jest krymina\u0142em ani zagadk\u0105 do rozwi\u0105zania \u2013 to egzystencjalny koszmar, w&nbsp;kt\u00f3rym jednostka stopniowo traci grunt pod nogami, pr\u00f3buj\u0105c zachowa\u0107 racjonalno\u015b\u0107 w&nbsp;systemie opartym na absurdzie. W&nbsp;wersji audio ta ponadczasowa opowie\u015b\u0107 <strong>wybrzmiewa szczeg\u00f3lnie intensywnie<\/strong> \u2013 rytm narracji i&nbsp;narastaj\u0105ce napi\u0119cie pot\u0119guj\u0105 poczucie osaczenia i&nbsp;bezradno\u015bci. Pos\u0142uchaj koniecznie, nawet je\u015bli czyta\u0142e\u015b \u201dProces\u201d lata temu.<\/p>\n\n\n\n<h3 class=\"wp-block-heading\"><span class=\"ez-toc-section\" id=\"12_Maly_Ksiaze_%E2%80%93_Antoine_de_Saint-Exupery\"><\/span>12. <a href=\"https:\/\/audioteka.com\/pl\/audiobook\/maly-ksiaze-4p-acoustic\/\" target=\"_blank\" rel=\"noopener\">Ma\u0142y Ksi\u0105\u017c\u0119 \u2013 Antoine de Saint-Exup\u00e9ry<\/a><span class=\"ez-toc-section-end\"><\/span><\/h3>\n\n\n<div class=\"wp-block-image\">\n<figure class=\"aligncenter size-full\"><img data-recalc-dims=\"1\" loading=\"lazy\" decoding=\"async\" width=\"300\" height=\"300\" data-attachment-id=\"14070\" data-permalink=\"https:\/\/blogaudioteka.wpcomstaging.com\/literacka-lista-marzen-15-ksiazek-do-przeczytania-przed-smiercia-mamy-je-w-audio\/12-9\" data-orig-file=\"https:\/\/i0.wp.com\/blogaudioteka.wpcomstaging.com\/wp-content\/uploads\/12-9.webp?fit=300%2C300&amp;ssl=1\" data-orig-size=\"300,300\" data-comments-opened=\"0\" data-image-meta=\"{&quot;aperture&quot;:&quot;0&quot;,&quot;credit&quot;:&quot;&quot;,&quot;camera&quot;:&quot;&quot;,&quot;caption&quot;:&quot;&quot;,&quot;created_timestamp&quot;:&quot;0&quot;,&quot;copyright&quot;:&quot;&quot;,&quot;focal_length&quot;:&quot;0&quot;,&quot;iso&quot;:&quot;0&quot;,&quot;shutter_speed&quot;:&quot;0&quot;,&quot;title&quot;:&quot;&quot;,&quot;orientation&quot;:&quot;0&quot;}\" data-image-title=\"12 (9)\" data-image-description=\"\" data-image-caption=\"\" data-large-file=\"https:\/\/i0.wp.com\/blogaudioteka.wpcomstaging.com\/wp-content\/uploads\/12-9.webp?fit=300%2C300&amp;ssl=1\" src=\"https:\/\/i0.wp.com\/blogaudioteka.wpcomstaging.com\/wp-content\/uploads\/12-9.webp?resize=300%2C300&#038;ssl=1\" alt=\"\" class=\"wp-image-14070\" srcset=\"https:\/\/i0.wp.com\/blogaudioteka.wpcomstaging.com\/wp-content\/uploads\/12-9.webp?w=300&amp;ssl=1 300w, https:\/\/i0.wp.com\/blogaudioteka.wpcomstaging.com\/wp-content\/uploads\/12-9.webp?resize=150%2C150&amp;ssl=1 150w, https:\/\/i0.wp.com\/blogaudioteka.wpcomstaging.com\/wp-content\/uploads\/12-9.webp?resize=200%2C200&amp;ssl=1 200w, https:\/\/i0.wp.com\/blogaudioteka.wpcomstaging.com\/wp-content\/uploads\/12-9.webp?resize=148%2C148&amp;ssl=1 148w, https:\/\/i0.wp.com\/blogaudioteka.wpcomstaging.com\/wp-content\/uploads\/12-9.webp?resize=296%2C296&amp;ssl=1 296w\" sizes=\"auto, (max-width: 300px) 100vw, 300px\" \/><\/figure>\n<\/div>\n\n\n<p class=\"has-text-align-justify wp-block-paragraph\">Kolejny wa\u017cny punkt na literackiej li\u015bcie marze\u0144. Do tej historii warto wraca\u0107 w&nbsp;r\u00f3\u017cnych momentach \u017cycia, za ka\u017cdym razem odkrywaj\u0105c j\u0105 na nowo! \u201cMa\u0142y Ksi\u0105\u017c\u0119\u201d <strong>ro\u015bnie razem z&nbsp;czytelnikiem<\/strong>.&nbsp; Jako dzieci widzimy w&nbsp;niej ba\u015b\u0144 o&nbsp;ch\u0142opcu z&nbsp;innej planety, a&nbsp;jako doro\u015bli \u2013 opowie\u015b\u0107 o&nbsp;samotno\u015bci, odpowiedzialno\u015bci i&nbsp;utraconej zdolno\u015bci patrzenia sercem. Antoine de Saint-Exup\u00e9ry napisa\u0142 histori\u0119 prost\u0105 w&nbsp;formie, lecz zaskakuj\u0105co g\u0142\u0119bok\u0105 w&nbsp;sensach, pe\u0142n\u0105 <strong>metafor dotycz\u0105cych mi\u0142o\u015bci, przyja\u017ani i&nbsp;sensu relacji mi\u0119dzyludzkich<\/strong>. Je\u015bli rzadko masz czas, by zag\u0142\u0119bi\u0107 si\u0119 w&nbsp;\u201cpapierow\u0105\u201d lektur\u0119, wybierz audiobook i&nbsp;s\u0142uchaj go wtedy, gdy to mo\u017cliwe, np. podczas spaceru czy w&nbsp;aucie.<\/p>\n\n\n\n<h3 class=\"wp-block-heading\"><span class=\"ez-toc-section\" id=\"13_Zabic_drozda_%E2%80%93_Harper_Lee\"><\/span>13. <a href=\"https:\/\/audioteka.com\/pl\/audiobook\/zabic-drozda\/\" target=\"_blank\" rel=\"noopener\">Zabi\u0107 drozda \u2013 Harper Lee<\/a><span class=\"ez-toc-section-end\"><\/span><\/h3>\n\n\n<div class=\"wp-block-image\">\n<figure class=\"aligncenter size-full\"><img data-recalc-dims=\"1\" loading=\"lazy\" decoding=\"async\" width=\"300\" height=\"300\" data-attachment-id=\"14071\" data-permalink=\"https:\/\/blogaudioteka.wpcomstaging.com\/literacka-lista-marzen-15-ksiazek-do-przeczytania-przed-smiercia-mamy-je-w-audio\/218-1-2\" data-orig-file=\"https:\/\/i0.wp.com\/blogaudioteka.wpcomstaging.com\/wp-content\/uploads\/218-1-1.webp?fit=300%2C300&amp;ssl=1\" data-orig-size=\"300,300\" data-comments-opened=\"0\" data-image-meta=\"{&quot;aperture&quot;:&quot;0&quot;,&quot;credit&quot;:&quot;&quot;,&quot;camera&quot;:&quot;&quot;,&quot;caption&quot;:&quot;&quot;,&quot;created_timestamp&quot;:&quot;0&quot;,&quot;copyright&quot;:&quot;&quot;,&quot;focal_length&quot;:&quot;0&quot;,&quot;iso&quot;:&quot;0&quot;,&quot;shutter_speed&quot;:&quot;0&quot;,&quot;title&quot;:&quot;&quot;,&quot;orientation&quot;:&quot;0&quot;}\" data-image-title=\"218 (1)\" data-image-description=\"\" data-image-caption=\"\" data-large-file=\"https:\/\/i0.wp.com\/blogaudioteka.wpcomstaging.com\/wp-content\/uploads\/218-1-1.webp?fit=300%2C300&amp;ssl=1\" src=\"https:\/\/i0.wp.com\/blogaudioteka.wpcomstaging.com\/wp-content\/uploads\/218-1-1.webp?resize=300%2C300&#038;ssl=1\" alt=\"\" class=\"wp-image-14071\" srcset=\"https:\/\/i0.wp.com\/blogaudioteka.wpcomstaging.com\/wp-content\/uploads\/218-1-1.webp?w=300&amp;ssl=1 300w, https:\/\/i0.wp.com\/blogaudioteka.wpcomstaging.com\/wp-content\/uploads\/218-1-1.webp?resize=150%2C150&amp;ssl=1 150w, https:\/\/i0.wp.com\/blogaudioteka.wpcomstaging.com\/wp-content\/uploads\/218-1-1.webp?resize=200%2C200&amp;ssl=1 200w, https:\/\/i0.wp.com\/blogaudioteka.wpcomstaging.com\/wp-content\/uploads\/218-1-1.webp?resize=148%2C148&amp;ssl=1 148w, https:\/\/i0.wp.com\/blogaudioteka.wpcomstaging.com\/wp-content\/uploads\/218-1-1.webp?resize=296%2C296&amp;ssl=1 296w\" sizes=\"auto, (max-width: 300px) 100vw, 300px\" \/><\/figure>\n<\/div>\n\n\n<p class=\"has-text-align-justify wp-block-paragraph\">\u201cZabi\u0107 drozda\u201d to powie\u015b\u0107, kt\u00f3ra <strong>\u0142\u0105czy czu\u0142o\u015b\u0107 dzieci\u0119cej perspektywy z&nbsp;bezlitosn\u0105 diagnoz\u0105 \u015bwiata doros\u0142ych<\/strong>. Harper Lee opowiedzia\u0142a histori\u0119 rasizmu, niesprawiedliwo\u015bci i&nbsp;spo\u0142ecznych uprzedze\u0144 nie poprzez manifest, lecz codzienno\u015b\u0107 ma\u0142ego miasteczka widzian\u0105 oczami Scout Finch. Dzi\u0119ki temu dramat s\u0105dowy i&nbsp;moralne wybory Atticusa Fincha s\u0105 zrozumia\u0142e, poruszaj\u0105ce i&nbsp;bole\u015bnie prawdziwe. Czy warto si\u0119gn\u0105\u0107 po audiobook? Jak najbardziej \u2013 opowie\u015b\u0107 w&nbsp;tej wersji <strong>zachowuje te charakterystyczn\u0105 dla siebie r\u00f3wnowag\u0119 mi\u0119dzy ciep\u0142em a&nbsp;gniewem<\/strong>, pozwala te\u017c wybrzmie\u0107 ca\u0142ej palecie emocji. Po ten tytu\u0142 warto si\u0119gn\u0105\u0107, by przypomnia\u0142 nam, \u017ce przyzwoito\u015b\u0107 cz\u0119sto wymaga sprzeciwu \u2013 nawet wtedy, gdy \u015bwiat wok\u00f3\u0142 woli milcze\u0107.<\/p>\n\n\n\n<div class=\"wp-block-group is-style-cs-promo\"><div class=\"wp-block-group__inner-container is-layout-constrained wp-block-group-is-layout-constrained\">\n<p class=\"wp-block-paragraph\">\ud83d\udc49<a href=\"https:\/\/audioteka.com\/pl\/blog\/klasyki-literatury-swiatowej-ktorych-warto-posluchac-must-listen-w-audiotece\" target=\"_blank\" rel=\"noopener\">Klasyki literatury \u015bwiatowej, kt\u00f3rych warto pos\u0142ucha\u0107 \u2013 must listen w&nbsp;Audiotece<\/a><\/p>\n<\/div><\/div>\n\n\n\n<h3 class=\"wp-block-heading\"><span class=\"ez-toc-section\" id=\"14_Malowany_ptak_%E2%80%93_Jerzy_Kosinski\"><\/span>14. <a href=\"https:\/\/audioteka.com\/pl\/audiobook\/malowany-ptak\/\" target=\"_blank\" rel=\"noopener\">Malowany ptak \u2013 Jerzy Kosi\u0144ski<\/a><span class=\"ez-toc-section-end\"><\/span><\/h3>\n\n\n<div class=\"wp-block-image\">\n<figure class=\"aligncenter size-full\"><img data-recalc-dims=\"1\" loading=\"lazy\" decoding=\"async\" width=\"300\" height=\"300\" data-attachment-id=\"14072\" data-permalink=\"https:\/\/blogaudioteka.wpcomstaging.com\/literacka-lista-marzen-15-ksiazek-do-przeczytania-przed-smiercia-mamy-je-w-audio\/21-4\" data-orig-file=\"https:\/\/i0.wp.com\/blogaudioteka.wpcomstaging.com\/wp-content\/uploads\/21-4.webp?fit=300%2C300&amp;ssl=1\" data-orig-size=\"300,300\" data-comments-opened=\"0\" data-image-meta=\"{&quot;aperture&quot;:&quot;0&quot;,&quot;credit&quot;:&quot;&quot;,&quot;camera&quot;:&quot;&quot;,&quot;caption&quot;:&quot;&quot;,&quot;created_timestamp&quot;:&quot;0&quot;,&quot;copyright&quot;:&quot;&quot;,&quot;focal_length&quot;:&quot;0&quot;,&quot;iso&quot;:&quot;0&quot;,&quot;shutter_speed&quot;:&quot;0&quot;,&quot;title&quot;:&quot;&quot;,&quot;orientation&quot;:&quot;0&quot;}\" data-image-title=\"21 (4)\" data-image-description=\"\" data-image-caption=\"\" data-large-file=\"https:\/\/i0.wp.com\/blogaudioteka.wpcomstaging.com\/wp-content\/uploads\/21-4.webp?fit=300%2C300&amp;ssl=1\" src=\"https:\/\/i0.wp.com\/blogaudioteka.wpcomstaging.com\/wp-content\/uploads\/21-4.webp?resize=300%2C300&#038;ssl=1\" alt=\"\" class=\"wp-image-14072\" srcset=\"https:\/\/i0.wp.com\/blogaudioteka.wpcomstaging.com\/wp-content\/uploads\/21-4.webp?w=300&amp;ssl=1 300w, https:\/\/i0.wp.com\/blogaudioteka.wpcomstaging.com\/wp-content\/uploads\/21-4.webp?resize=150%2C150&amp;ssl=1 150w, https:\/\/i0.wp.com\/blogaudioteka.wpcomstaging.com\/wp-content\/uploads\/21-4.webp?resize=200%2C200&amp;ssl=1 200w, https:\/\/i0.wp.com\/blogaudioteka.wpcomstaging.com\/wp-content\/uploads\/21-4.webp?resize=148%2C148&amp;ssl=1 148w, https:\/\/i0.wp.com\/blogaudioteka.wpcomstaging.com\/wp-content\/uploads\/21-4.webp?resize=296%2C296&amp;ssl=1 296w\" sizes=\"auto, (max-width: 300px) 100vw, 300px\" \/><\/figure>\n<\/div>\n\n\n<p class=\"has-text-align-justify wp-block-paragraph\">Jedna z&nbsp;najbardziej <strong>kontrowersyjnych i&nbsp;wstrz\u0105saj\u0105cych powie\u015bci XX wieku<\/strong> \u2013 ksi\u0105\u017cka, kt\u00f3ra nie daje komfortu ani czytelniczej ulgi. Jerzy Kosi\u0144ski stworzy\u0142 brutaln\u0105 parabol\u0119 wojennego dzieci\u0144stwa, pokazuj\u0105c \u015bwiat pozbawiony empatii, zdominowany przez przemoc, zabobon i&nbsp;strach przed inno\u015bci\u0105. Opowie\u015b\u0107 o&nbsp;ch\u0142opcu zdanym na \u0142ask\u0119 i&nbsp;nie\u0142ask\u0119 przypadkowych ludzi dzia\u0142a jak test graniczny dla wra\u017cliwo\u015bci odbiorcy \u2013 zmusza do konfrontacji z&nbsp;pytaniami o&nbsp;natur\u0119 z\u0142a, dehumanizacj\u0119 i&nbsp;psychiczne konsekwencje traumy. S\u0142uchanie audiobooka robi jeszcze wi\u0119ksze wra\u017cenie \u2013 <strong>surowy j\u0119zyk i&nbsp;powtarzalno\u015b\u0107 okrucie\u0144stw pot\u0119guj\u0105 poczucie osaczenia<\/strong>. Jeste\u015bmy \u015bwiadomi, \u017ce to pozycja nie dla ka\u017cdego, ale naszym zdaniem konieczna dla tych, kt\u00f3rzy chc\u0105 zmierzy\u0107 si\u0119 z&nbsp;literatur\u0105 bez kompromis\u00f3w.<\/p>\n\n\n\n<h3 class=\"wp-block-heading\"><span class=\"ez-toc-section\" id=\"15_Ksiegi_Jakubowe_%E2%80%93_Olga_Tokarczuk\"><\/span>15. <a href=\"https:\/\/audioteka.com\/pl\/audiobook\/ksiegi-jakubowe\/\" target=\"_blank\" rel=\"noopener\">Ksi\u0119gi Jakubowe \u2013 Olga Tokarczuk<\/a><span class=\"ez-toc-section-end\"><\/span><\/h3>\n\n\n\n<figure class=\"wp-block-embed is-type-video is-provider-youtube wp-block-embed-youtube wp-embed-aspect-16-9 wp-has-aspect-ratio\"><div class=\"wp-block-embed__wrapper\">\n<span class=\"embed-youtube\" style=\"text-align:center; display: block;\"><iframe loading=\"lazy\" class=\"youtube-player\" width=\"1200\" height=\"675\" src=\"https:\/\/www.youtube.com\/embed\/2JLyYxtNvOs?version=3&#038;rel=1&#038;showsearch=0&#038;showinfo=1&#038;iv_load_policy=1&#038;fs=1&#038;hl=pl-PL&#038;autohide=2&#038;wmode=transparent\" allowfullscreen=\"true\" style=\"border:0;\" sandbox=\"allow-scripts allow-same-origin allow-popups allow-presentation allow-popups-to-escape-sandbox\"><\/iframe><\/span>\n<\/div><\/figure>\n\n\n\n<p class=\"wp-block-paragraph\">\u201cKsi\u0119gi Jakubowe\u201d to powie\u015b\u0107, kt\u00f3ra <strong>rozci\u0105ga literatur\u0119 w&nbsp;czasie i&nbsp;przestrzeni<\/strong>, wymagaj\u0105c od odbiorcy uwa\u017cno\u015bci, cierpliwo\u015bci i&nbsp;gotowo\u015bci na wielog\u0142os. Olga Tokarczuk stworzy\u0142a monumentaln\u0105 narracj\u0119 o&nbsp;XVIII-wiecznej Rzeczypospolitej \u2013 \u015bwiecie religijnych napi\u0119\u0107, politycznych ambicji i&nbsp;duchowych poszukiwa\u0144, w&nbsp;kt\u00f3rym historia nie jest prost\u0105 lini\u0105, lecz splotem ludzkich los\u00f3w, idei i&nbsp;przypadk\u00f3w. Posta\u0107 Jakuba Franka staje si\u0119 tu nie tyle bohaterem, ile soczewk\u0105 skupiaj\u0105c\u0105 pytania o&nbsp;wiar\u0119, w\u0142adz\u0119 i&nbsp;mechanizmy zbiorowej fascynacji. Si\u0119gnij po jeden z&nbsp;najwa\u017cniejszych audiobook\u00f3w ostatnich lat, je\u015bli lubisz literatur\u0119 ambitn\u0105, wymagaj\u0105c\u0105 \u2013 tak\u0105, kt\u00f3ra <strong>opowiada o&nbsp;przesz\u0142o\u015bci, a&nbsp;jednocze\u015bnie m\u00f3wi co\u015b istotnego o&nbsp;tera\u017aniejszo\u015bci<\/strong>.<\/p>\n\n\n\n<h2 class=\"wp-block-heading\"><span class=\"ez-toc-section\" id=\"Podsumowanie\"><\/span>Podsumowanie<span class=\"ez-toc-section-end\"><\/span><\/h2>\n\n\n\n<ul class=\"wp-block-list\">\n<li>Literacka lista marze\u0144 jest osobistym zapisem czytelniczych potrzeb, kt\u00f3ry zmienia si\u0119 wraz z&nbsp;do\u015bwiadczeniami i&nbsp;wra\u017cliwo\u015bci\u0105.<\/li>\n\n\n\n<li>Taki zestaw lektur pomaga uporz\u0105dkowa\u0107 wybory i&nbsp;\u015bwiadomie si\u0119ga\u0107 po ksi\u0105\u017cki istotne kulturowo i&nbsp;emocjonalnie.<\/li>\n\n\n\n<li>Klasyczne i&nbsp;wsp\u00f3\u0142czesne dzie\u0142a potrafi\u0105 porusza\u0107 aktualne tematy i&nbsp;prowokowa\u0107 do refleksji niezale\u017cnie od epoki.<\/li>\n\n\n\n<li>R\u00f3\u017cne formy obcowania z&nbsp;literatur\u0105 pozwalaj\u0105 wraca\u0107 do wa\u017cnych historii nawet wtedy, gdy brakuje czasu na tradycyjne czytanie.<br><\/li>\n<\/ul>\n\n\n\n<figure class=\"wp-block-image size-large\"><a href=\"https:\/\/audioteka.com\/pl\/dolacz-do-audioteka-klub\/\" target=\"_blank\" rel=\"noopener\"><img data-recalc-dims=\"1\" loading=\"lazy\" decoding=\"async\" width=\"1024\" height=\"536\" data-attachment-id=\"13169\" data-permalink=\"https:\/\/blogaudioteka.wpcomstaging.com\/zanim-obejrzysz-4-sezon-bridgertonow-poznaj-tworczosc-julii-quinn-w-audiotece\/1200x628-1\" data-orig-file=\"https:\/\/i0.wp.com\/blogaudioteka.wpcomstaging.com\/wp-content\/uploads\/1200x628-1.png?fit=1200%2C628&amp;ssl=1\" data-orig-size=\"1200,628\" data-comments-opened=\"0\" data-image-meta=\"{&quot;aperture&quot;:&quot;0&quot;,&quot;credit&quot;:&quot;&quot;,&quot;camera&quot;:&quot;&quot;,&quot;caption&quot;:&quot;&quot;,&quot;created_timestamp&quot;:&quot;0&quot;,&quot;copyright&quot;:&quot;&quot;,&quot;focal_length&quot;:&quot;0&quot;,&quot;iso&quot;:&quot;0&quot;,&quot;shutter_speed&quot;:&quot;0&quot;,&quot;title&quot;:&quot;&quot;,&quot;orientation&quot;:&quot;0&quot;}\" data-image-title=\"1200&amp;#215;628 (1)\" data-image-description=\"\" data-image-caption=\"\" data-large-file=\"https:\/\/i0.wp.com\/blogaudioteka.wpcomstaging.com\/wp-content\/uploads\/1200x628-1.png?fit=1024%2C536&amp;ssl=1\" src=\"https:\/\/i0.wp.com\/blogaudioteka.wpcomstaging.com\/wp-content\/uploads\/1200x628-1.png?resize=1024%2C536&#038;ssl=1\" alt=\"\" class=\"wp-image-13169\" srcset=\"https:\/\/i0.wp.com\/blogaudioteka.wpcomstaging.com\/wp-content\/uploads\/1200x628-1.png?resize=1024%2C536&amp;ssl=1 1024w, https:\/\/i0.wp.com\/blogaudioteka.wpcomstaging.com\/wp-content\/uploads\/1200x628-1.png?resize=300%2C157&amp;ssl=1 300w, https:\/\/i0.wp.com\/blogaudioteka.wpcomstaging.com\/wp-content\/uploads\/1200x628-1.png?resize=768%2C402&amp;ssl=1 768w, https:\/\/i0.wp.com\/blogaudioteka.wpcomstaging.com\/wp-content\/uploads\/1200x628-1.png?resize=512%2C268&amp;ssl=1 512w, https:\/\/i0.wp.com\/blogaudioteka.wpcomstaging.com\/wp-content\/uploads\/1200x628-1.png?resize=920%2C481&amp;ssl=1 920w, https:\/\/i0.wp.com\/blogaudioteka.wpcomstaging.com\/wp-content\/uploads\/1200x628-1.png?w=1200&amp;ssl=1 1200w\" sizes=\"auto, (max-width: 1024px) 100vw, 1024px\" \/><\/a><\/figure>\n","protected":false},"excerpt":{"rendered":"S\u0105 listy zakup\u00f3w, listy postanowie\u0144 noworocznych i&nbsp;listy film\u00f3w \u201cdo obejrzenia\u201d. A&nbsp;gdzie\u015b pomi\u0119dzy nimi \u2013 literacka lista marze\u0144, czyli&hellip;","protected":false},"author":264736300,"featured_media":14074,"comment_status":"closed","ping_status":"closed","sticky":false,"template":"","format":"standard","meta":{"_crdt_document":"","csco_display_header_overlay":false,"csco_singular_sidebar":"","csco_page_header_type":"","_jetpack_memberships_contains_paid_content":false,"footnotes":""},"categories":[14925,14926],"tags":[],"class_list":{"0":"post-13972","1":"post","2":"type-post","3":"status-publish","4":"format-standard","5":"has-post-thumbnail","7":"category-rankingi-zestawienia","8":"category-zestawienia","9":"cs-entry"},"jetpack_featured_media_url":"https:\/\/i0.wp.com\/blogaudioteka.wpcomstaging.com\/wp-content\/uploads\/atk_group_60848_httpss.mj_.runPfrBc8DUO7A_a_person_wearing_whi_225ffe51-d5d5-4395-8d56-2dade861e5e7_0.png?fit=1456%2C816&ssl=1","jetpack_sharing_enabled":true,"_links":{"self":[{"href":"https:\/\/blogaudioteka.wpcomstaging.com\/wp-json\/wp\/v2\/posts\/13972","targetHints":{"allow":["GET"]}}],"collection":[{"href":"https:\/\/blogaudioteka.wpcomstaging.com\/wp-json\/wp\/v2\/posts"}],"about":[{"href":"https:\/\/blogaudioteka.wpcomstaging.com\/wp-json\/wp\/v2\/types\/post"}],"author":[{"embeddable":true,"href":"https:\/\/blogaudioteka.wpcomstaging.com\/wp-json\/wp\/v2\/users\/264736300"}],"replies":[{"embeddable":true,"href":"https:\/\/blogaudioteka.wpcomstaging.com\/wp-json\/wp\/v2\/comments?post=13972"}],"version-history":[{"count":19,"href":"https:\/\/blogaudioteka.wpcomstaging.com\/wp-json\/wp\/v2\/posts\/13972\/revisions"}],"predecessor-version":[{"id":14077,"href":"https:\/\/blogaudioteka.wpcomstaging.com\/wp-json\/wp\/v2\/posts\/13972\/revisions\/14077"}],"wp:featuredmedia":[{"embeddable":true,"href":"https:\/\/blogaudioteka.wpcomstaging.com\/wp-json\/wp\/v2\/media\/14074"}],"wp:attachment":[{"href":"https:\/\/blogaudioteka.wpcomstaging.com\/wp-json\/wp\/v2\/media?parent=13972"}],"wp:term":[{"taxonomy":"category","embeddable":true,"href":"https:\/\/blogaudioteka.wpcomstaging.com\/wp-json\/wp\/v2\/categories?post=13972"},{"taxonomy":"post_tag","embeddable":true,"href":"https:\/\/blogaudioteka.wpcomstaging.com\/wp-json\/wp\/v2\/tags?post=13972"}],"curies":[{"name":"wp","href":"https:\/\/api.w.org\/{rel}","templated":true}]}}