{"id":13265,"date":"2026-02-12T08:20:00","date_gmt":"2026-02-12T07:20:00","guid":{"rendered":"https:\/\/blogaudioteka.wpcomstaging.com\/?p=13265"},"modified":"2026-02-18T12:40:36","modified_gmt":"2026-02-18T11:40:36","slug":"wielkie-kinowe-premiery-2026-zaczynaja-sie-w-twoich-sluchawkach-a-konkretniej-w-audiotece","status":"publish","type":"post","link":"https:\/\/blogaudioteka.wpcomstaging.com\/wielkie-kinowe-premiery-2026-zaczynaja-sie-w-twoich-sluchawkach-a-konkretniej-w-audiotece","title":{"rendered":"Kinowe premiery 2026 zacznij w s\u0142uchawkach. Najg\u0142o\u015bniejsze historie czekaj\u0105 w Audiotece"},"content":{"rendered":"\n<p class=\"has-text-align-justify wp-block-paragraph\"><strong>Rok 2026 zapowiada si\u0119 jako prawdziwa uczta dla kinomaniak\u00f3w, ale zanim wielkie historie trafi\u0105 na srebrny ekran, warto prze\u017cy\u0107 je w&nbsp;najbardziej intymny spos\u00f3b \u2013 w&nbsp;wyobra\u017ani. Nadchodz\u0105ce miesi\u0105ce przynios\u0105 ekranizacje bestseller\u00f3w i&nbsp;klasyki literatury. Czy film dor\u00f3wna pierwowzorowi? Jest tylko jeden spos\u00f3b, by si\u0119 przekona\u0107: najpierw pos\u0142uchaj ksi\u0105\u017cki. Oto przewodnik po tytu\u0142ach dost\u0119pnych w&nbsp;Audiotece, kt\u00f3re wkr\u00f3tce zaw\u0142adn\u0105 salami kinowymi. <\/strong><\/p>\n\n\n\n<div id=\"ez-toc-container\" class=\"ez-toc-v2_0_82_2 counter-hierarchy ez-toc-counter ez-toc-grey ez-toc-container-direction\">\n<div class=\"ez-toc-title-container\"><span class=\"ez-toc-title\" style=\"cursor:inherit\">Spis tre\u015bci<\/span>\n<\/div><nav><ul class='ez-toc-list ez-toc-list-level-1 ' ><li class='ez-toc-page-1 ez-toc-heading-level-2'><a class=\"ez-toc-link ez-toc-heading-1\" href=\"https:\/\/blogaudioteka.wpcomstaging.com\/wielkie-kinowe-premiery-2026-zaczynaja-sie-w-twoich-sluchawkach-a-konkretniej-w-audiotece\/#1_Wichrowe_Wzgorza_Emily_Bronte\" >1. Wichrowe Wzg\u00f3rza (Emily Bront\u00eb)<\/a><\/li><li class='ez-toc-page-1 ez-toc-heading-level-2'><a class=\"ez-toc-link ez-toc-heading-2\" href=\"https:\/\/blogaudioteka.wpcomstaging.com\/wielkie-kinowe-premiery-2026-zaczynaja-sie-w-twoich-sluchawkach-a-konkretniej-w-audiotece\/#2_Lalka_Boleslaw_Prus\" >2. Lalka (Boles\u0142aw Prus)<\/a><\/li><li class='ez-toc-page-1 ez-toc-heading-level-2'><a class=\"ez-toc-link ez-toc-heading-3\" href=\"https:\/\/blogaudioteka.wpcomstaging.com\/wielkie-kinowe-premiery-2026-zaczynaja-sie-w-twoich-sluchawkach-a-konkretniej-w-audiotece\/#3_Odyseja_Homer\" >3. Odyseja (Homer)<\/a><\/li><li class='ez-toc-page-1 ez-toc-heading-level-2'><a class=\"ez-toc-link ez-toc-heading-4\" href=\"https:\/\/blogaudioteka.wpcomstaging.com\/wielkie-kinowe-premiery-2026-zaczynaja-sie-w-twoich-sluchawkach-a-konkretniej-w-audiotece\/#4_Igrzyska_Smierci_Wschod_slonca_w_dzien_dozynek_Suzanne_Collins\" >4. Igrzyska \u015amierci: Wsch\u00f3d s\u0142o\u0144ca w&nbsp;dzie\u0144 do\u017cynek (Suzanne Collins)<\/a><\/li><li class='ez-toc-page-1 ez-toc-heading-level-2'><a class=\"ez-toc-link ez-toc-heading-5\" href=\"https:\/\/blogaudioteka.wpcomstaging.com\/wielkie-kinowe-premiery-2026-zaczynaja-sie-w-twoich-sluchawkach-a-konkretniej-w-audiotece\/#5_Diabel_ubiera_sie_u_Prady_Lauren_Weisberger\" >5. Diabe\u0142 ubiera si\u0119 u&nbsp;Prady (Lauren Weisberger)<\/a><\/li><li class='ez-toc-page-1 ez-toc-heading-level-2'><a class=\"ez-toc-link ez-toc-heading-6\" href=\"https:\/\/blogaudioteka.wpcomstaging.com\/wielkie-kinowe-premiery-2026-zaczynaja-sie-w-twoich-sluchawkach-a-konkretniej-w-audiotece\/#6_Hail_Mary_Andy_Weir\" >6. Hail Mary (Andy Weir)<\/a><\/li><li class='ez-toc-page-1 ez-toc-heading-level-2'><a class=\"ez-toc-link ez-toc-heading-7\" href=\"https:\/\/blogaudioteka.wpcomstaging.com\/wielkie-kinowe-premiery-2026-zaczynaja-sie-w-twoich-sluchawkach-a-konkretniej-w-audiotece\/#7_Verity_Coraz_wiekszy_mrok_Colleen_Hoover\" >7. Verity. Coraz wi\u0119kszy mrok (Colleen Hoover)<\/a><\/li><li class='ez-toc-page-1 ez-toc-heading-level-2'><a class=\"ez-toc-link ez-toc-heading-8\" href=\"https:\/\/blogaudioteka.wpcomstaging.com\/wielkie-kinowe-premiery-2026-zaczynaja-sie-w-twoich-sluchawkach-a-konkretniej-w-audiotece\/#8_Reminders_of_Him_Czastka_ciebie_ktora_znam_Colleen_Hoover\" >8. Reminders of Him. Cz\u0105stka ciebie, kt\u00f3r\u0105 znam (Colleen Hoover)<\/a><\/li><\/ul><\/nav><\/div>\n<h2 class=\"wp-block-heading\"><span class=\"ez-toc-section\" id=\"1_Wichrowe_Wzgorza_Emily_Bronte\"><\/span>1. <strong>Wichrowe Wzg\u00f3rza<\/strong> (Emily Bront\u00eb)<span class=\"ez-toc-section-end\"><\/span><\/h2>\n\n\n\n<ul class=\"wp-block-list\">\n<li><em><strong>Premiera kinowa: <\/strong>pi\u0105tek, 13 lutego<\/em><\/li>\n\n\n\n<li><strong>S\u0142uchaj w&nbsp;Audiotece ju\u017c teraz:<\/strong> <a href=\"https:\/\/audioteka.com\/pl\/audiobook\/wichrowe-wzgorza-superprodukcja\/\" target=\"_blank\" rel=\"noopener\">Wichrowe wzg\u00f3rza &#8211; Audiobook &#8211; Emily Bronte &#8211; Audioteka | Audioteka<\/a><\/li>\n<\/ul>\n\n\n<div class=\"wp-block-image\">\n<figure class=\"aligncenter size-full\"><img data-recalc-dims=\"1\" loading=\"lazy\" decoding=\"async\" width=\"300\" height=\"300\" data-attachment-id=\"13679\" data-permalink=\"https:\/\/blogaudioteka.wpcomstaging.com\/wielkie-kinowe-premiery-2026-zaczynaja-sie-w-twoich-sluchawkach-a-konkretniej-w-audiotece\/196-3\" data-orig-file=\"https:\/\/i0.wp.com\/blogaudioteka.wpcomstaging.com\/wp-content\/uploads\/196-3.webp?fit=300%2C300&amp;ssl=1\" data-orig-size=\"300,300\" data-comments-opened=\"0\" data-image-meta=\"{&quot;aperture&quot;:&quot;0&quot;,&quot;credit&quot;:&quot;&quot;,&quot;camera&quot;:&quot;&quot;,&quot;caption&quot;:&quot;&quot;,&quot;created_timestamp&quot;:&quot;0&quot;,&quot;copyright&quot;:&quot;&quot;,&quot;focal_length&quot;:&quot;0&quot;,&quot;iso&quot;:&quot;0&quot;,&quot;shutter_speed&quot;:&quot;0&quot;,&quot;title&quot;:&quot;&quot;,&quot;orientation&quot;:&quot;0&quot;}\" data-image-title=\"196 (3)\" data-image-description=\"\" data-image-caption=\"\" data-large-file=\"https:\/\/i0.wp.com\/blogaudioteka.wpcomstaging.com\/wp-content\/uploads\/196-3.webp?fit=300%2C300&amp;ssl=1\" src=\"https:\/\/i0.wp.com\/blogaudioteka.wpcomstaging.com\/wp-content\/uploads\/196-3.webp?resize=300%2C300&#038;ssl=1\" alt=\"\" class=\"wp-image-13679\" srcset=\"https:\/\/i0.wp.com\/blogaudioteka.wpcomstaging.com\/wp-content\/uploads\/196-3.webp?w=300&amp;ssl=1 300w, https:\/\/i0.wp.com\/blogaudioteka.wpcomstaging.com\/wp-content\/uploads\/196-3.webp?resize=150%2C150&amp;ssl=1 150w, https:\/\/i0.wp.com\/blogaudioteka.wpcomstaging.com\/wp-content\/uploads\/196-3.webp?resize=200%2C200&amp;ssl=1 200w, https:\/\/i0.wp.com\/blogaudioteka.wpcomstaging.com\/wp-content\/uploads\/196-3.webp?resize=148%2C148&amp;ssl=1 148w, https:\/\/i0.wp.com\/blogaudioteka.wpcomstaging.com\/wp-content\/uploads\/196-3.webp?resize=296%2C296&amp;ssl=1 296w\" sizes=\"auto, (max-width: 300px) 100vw, 300px\" \/><\/figure>\n<\/div>\n\n\n<p class=\"has-text-align-justify wp-block-paragraph\">To nie jest powszechna interpretacja ksi\u0105\u017cki \u2013<strong> to <a href=\"https:\/\/audioteka.com\/pl\/katalog\/superprodukcje-audioteki\/\" target=\"_blank\" rel=\"noopener\">Superprodukcja Audioteki<\/a>. Zanim wybierzesz si\u0119 do kina na now\u0105 adaptacj\u0119 tej gotyckiej historii, zanurz si\u0119 w&nbsp;mroczny \u015bwiat wrzosowisk Yorkshire<\/strong>, budowany przez King\u0119 Preis (Narratorka), <a href=\"https:\/\/audioteka.com\/pl\/lektor\/michal-zurawski\/\" target=\"_blank\" rel=\"noopener\">Micha\u0142a \u017burawskiego<\/a> (Heathcliff) i&nbsp;Mari\u0119 Soboci\u0144sk\u0105 (Cathy). To 15 godzin uczty d\u017awi\u0119kowej, kt\u00f3ra pozwoli Ci zrozumie\u0107 motywacje bohater\u00f3w g\u0142\u0119biej, ni\u017c jakikolwiek film.<\/p>\n\n\n\n<div class=\"wp-block-group is-style-cs-promo\"><div class=\"wp-block-group__inner-container is-layout-constrained wp-block-group-is-layout-constrained\">\n<p class=\"wp-block-paragraph\">\ud83d\udc49<a href=\"https:\/\/audioteka.com\/pl\/blog\/nie-czekaj-na-film-z-margot-robbie-posluchaj-superprodukcji-wichrowe-wzgorza-juz-dzis\" target=\"_blank\" rel=\"noopener\">Nie czekaj na film z&nbsp;Margot Robbie. Pos\u0142uchaj superprodukcji 'Wichrowe Wzg\u00f3rza&#8217; ju\u017c dzi\u015b<\/a><\/p>\n<\/div><\/div>\n\n\n\n<h2 class=\"wp-block-heading\"><span class=\"ez-toc-section\" id=\"2_Lalka_Boleslaw_Prus\"><\/span>2. <strong>Lalka<\/strong> (Boles\u0142aw Prus)<span class=\"ez-toc-section-end\"><\/span><\/h2>\n\n\n\n<ul class=\"wp-block-list\">\n<li><em><strong>Premiera kinowa: <\/strong>30 wrze\u015bnia 2026<\/em><\/li>\n\n\n\n<li><strong>S\u0142uchaj w&nbsp;Audiotece ju\u017c teraz:<\/strong> <a href=\"https:\/\/audioteka.com\/pl\/audiobook\/lalka-audioteka\/\" target=\"_blank\" rel=\"noopener\">Lalka &#8211; Audiobook &#8211; Boles\u0142aw Prus &#8211; Audioteka | Audioteka<\/a><\/li>\n<\/ul>\n\n\n<div class=\"wp-block-image\">\n<figure class=\"aligncenter size-full\"><img data-recalc-dims=\"1\" loading=\"lazy\" decoding=\"async\" width=\"300\" height=\"300\" data-attachment-id=\"13686\" data-permalink=\"https:\/\/blogaudioteka.wpcomstaging.com\/wielkie-kinowe-premiery-2026-zaczynaja-sie-w-twoich-sluchawkach-a-konkretniej-w-audiotece\/attachment\/176\" data-orig-file=\"https:\/\/i0.wp.com\/blogaudioteka.wpcomstaging.com\/wp-content\/uploads\/176.webp?fit=300%2C300&amp;ssl=1\" data-orig-size=\"300,300\" data-comments-opened=\"0\" data-image-meta=\"{&quot;aperture&quot;:&quot;0&quot;,&quot;credit&quot;:&quot;&quot;,&quot;camera&quot;:&quot;&quot;,&quot;caption&quot;:&quot;&quot;,&quot;created_timestamp&quot;:&quot;0&quot;,&quot;copyright&quot;:&quot;&quot;,&quot;focal_length&quot;:&quot;0&quot;,&quot;iso&quot;:&quot;0&quot;,&quot;shutter_speed&quot;:&quot;0&quot;,&quot;title&quot;:&quot;&quot;,&quot;orientation&quot;:&quot;0&quot;}\" data-image-title=\"176\" data-image-description=\"\" data-image-caption=\"\" data-large-file=\"https:\/\/i0.wp.com\/blogaudioteka.wpcomstaging.com\/wp-content\/uploads\/176.webp?fit=300%2C300&amp;ssl=1\" src=\"https:\/\/i0.wp.com\/blogaudioteka.wpcomstaging.com\/wp-content\/uploads\/176.webp?resize=300%2C300&#038;ssl=1\" alt=\"\" class=\"wp-image-13686\" srcset=\"https:\/\/i0.wp.com\/blogaudioteka.wpcomstaging.com\/wp-content\/uploads\/176.webp?w=300&amp;ssl=1 300w, https:\/\/i0.wp.com\/blogaudioteka.wpcomstaging.com\/wp-content\/uploads\/176.webp?resize=150%2C150&amp;ssl=1 150w, https:\/\/i0.wp.com\/blogaudioteka.wpcomstaging.com\/wp-content\/uploads\/176.webp?resize=200%2C200&amp;ssl=1 200w, https:\/\/i0.wp.com\/blogaudioteka.wpcomstaging.com\/wp-content\/uploads\/176.webp?resize=148%2C148&amp;ssl=1 148w, https:\/\/i0.wp.com\/blogaudioteka.wpcomstaging.com\/wp-content\/uploads\/176.webp?resize=296%2C296&amp;ssl=1 296w\" sizes=\"auto, (max-width: 300px) 100vw, 300px\" \/><\/figure>\n<\/div>\n\n\n<p class=\"has-text-align-justify wp-block-paragraph\"><strong>Polska powie\u015b\u0107 wszech czas\u00f3w wraca na ekrany jesieni\u0105 tego roku. <\/strong>Zanim zobaczysz nowoczesn\u0105 interpretacj\u0119 los\u00f3w Wokulskiego i&nbsp;\u0141\u0119ckiej, przypomnij sobie orygina\u0142 w&nbsp;wykonaniu mistrza \u2013 <a href=\"https:\/\/audioteka.com\/pl\/lektor\/zbigniew-zapasiewicz\/\" target=\"_blank\" rel=\"noopener\">Zbigniewa Zapasiewicza<\/a>. Jego g\u0142os idealnie oddaje dylematy warszawskiego kupca i&nbsp;ch\u0142\u00f3d arystokracji. To pozycja obowi\u0105zkowa, by doceni\u0107 (lub skrytykowa\u0107!) nadchodz\u0105c\u0105 wizj\u0119 re\u017cysera.<\/p>\n\n\n\n<h2 class=\"wp-block-heading\"><span class=\"ez-toc-section\" id=\"3_Odyseja_Homer\"><\/span>3. <strong>Odyseja<\/strong> (Homer)<span class=\"ez-toc-section-end\"><\/span><\/h2>\n\n\n\n<ul class=\"wp-block-list\">\n<li><em><strong>Premiera kinowa: <\/strong>pi\u0105tek, 17 lipca<\/em><\/li>\n\n\n\n<li><strong><em>S\u0142uchaj w&nbsp;Audiotece ju\u017c teraz:<\/em><\/strong> <a href=\"https:\/\/audioteka.com\/pl\/audiobook\/odyseja-audioteka\/\" target=\"_blank\" rel=\"noopener\">Odyseja &#8211; Audiobook &#8211; Hom\u00e9r &#8211; Audioteka | Audioteka<\/a><\/li>\n<\/ul>\n\n\n<div class=\"wp-block-image\">\n<figure class=\"aligncenter size-full\"><img data-recalc-dims=\"1\" loading=\"lazy\" decoding=\"async\" width=\"300\" height=\"300\" data-attachment-id=\"13688\" data-permalink=\"https:\/\/blogaudioteka.wpcomstaging.com\/wielkie-kinowe-premiery-2026-zaczynaja-sie-w-twoich-sluchawkach-a-konkretniej-w-audiotece\/15-2\" data-orig-file=\"https:\/\/i0.wp.com\/blogaudioteka.wpcomstaging.com\/wp-content\/uploads\/15-1.webp?fit=300%2C300&amp;ssl=1\" data-orig-size=\"300,300\" data-comments-opened=\"0\" data-image-meta=\"{&quot;aperture&quot;:&quot;0&quot;,&quot;credit&quot;:&quot;&quot;,&quot;camera&quot;:&quot;&quot;,&quot;caption&quot;:&quot;&quot;,&quot;created_timestamp&quot;:&quot;0&quot;,&quot;copyright&quot;:&quot;&quot;,&quot;focal_length&quot;:&quot;0&quot;,&quot;iso&quot;:&quot;0&quot;,&quot;shutter_speed&quot;:&quot;0&quot;,&quot;title&quot;:&quot;&quot;,&quot;orientation&quot;:&quot;0&quot;}\" data-image-title=\"15\" data-image-description=\"\" data-image-caption=\"\" data-large-file=\"https:\/\/i0.wp.com\/blogaudioteka.wpcomstaging.com\/wp-content\/uploads\/15-1.webp?fit=300%2C300&amp;ssl=1\" src=\"https:\/\/i0.wp.com\/blogaudioteka.wpcomstaging.com\/wp-content\/uploads\/15-1.webp?resize=300%2C300&#038;ssl=1\" alt=\"\" class=\"wp-image-13688\" srcset=\"https:\/\/i0.wp.com\/blogaudioteka.wpcomstaging.com\/wp-content\/uploads\/15-1.webp?w=300&amp;ssl=1 300w, https:\/\/i0.wp.com\/blogaudioteka.wpcomstaging.com\/wp-content\/uploads\/15-1.webp?resize=150%2C150&amp;ssl=1 150w, https:\/\/i0.wp.com\/blogaudioteka.wpcomstaging.com\/wp-content\/uploads\/15-1.webp?resize=200%2C200&amp;ssl=1 200w, https:\/\/i0.wp.com\/blogaudioteka.wpcomstaging.com\/wp-content\/uploads\/15-1.webp?resize=148%2C148&amp;ssl=1 148w, https:\/\/i0.wp.com\/blogaudioteka.wpcomstaging.com\/wp-content\/uploads\/15-1.webp?resize=296%2C296&amp;ssl=1 296w\" sizes=\"auto, (max-width: 300px) 100vw, 300px\" \/><\/figure>\n<\/div>\n\n\n<p class=\"has-text-align-justify wp-block-paragraph\"><strong>M\u00f3wi si\u0119 o&nbsp;nowym projekcie Christophera Nolana si\u0119gaj\u0105cym do korzeni epiki<\/strong>. Zanim wizjoner kina we\u017amie na warsztat mitycznego tu\u0142acza, si\u0119gnij po \u017ar\u00f3d\u0142o. Homerowa &#8222;Odyseja&#8221; w&nbsp;interpretacji <a href=\"https:\/\/audioteka.com\/pl\/lektor\/wojciech-zoladkowicz\/\" target=\"_blank\" rel=\"noopener\">Wojciecha \u017bo\u0142\u0105dkowicza<\/a> to 12 godzin podr\u00f3\u017cy, kt\u00f3ra zdefiniowa\u0142a zachodni\u0105 kultur\u0119. Sprawd\u017a, jak brzmi orygina\u0142, zanim Hollywood przetworzy go na wielkie widowisko.<\/p>\n\n\n\n<h2 class=\"wp-block-heading\"><span class=\"ez-toc-section\" id=\"4_Igrzyska_Smierci_Wschod_slonca_w_dzien_dozynek_Suzanne_Collins\"><\/span>4. <strong>Igrzyska \u015amierci: Wsch\u00f3d s\u0142o\u0144ca w&nbsp;dzie\u0144 do\u017cynek<\/strong> (Suzanne Collins)<span class=\"ez-toc-section-end\"><\/span><\/h2>\n\n\n\n<div class=\"wp-block-group is-vertical is-layout-flex wp-container-core-group-is-layout-4fc3f8e1 wp-block-group-is-layout-flex\">\n<ul class=\"wp-block-list\">\n<li><em><strong>Premiera kinowa: <\/strong>pi\u0105tek, 20 listopada<\/em><\/li>\n<\/ul>\n\n\n\n<ul class=\"wp-block-list\">\n<li><strong><em>S\u0142uchaj w&nbsp;Audiotece ju\u017c teraz: <\/em><a href=\"https:\/\/audioteka.com\/pl\/audiobook\/wschod-slonca-w-dniu-dozynek\/\" target=\"_blank\" rel=\"noopener\">Wsch\u00f3d s\u0142o\u0144ca w&nbsp;dniu do\u017cynek &#8211; Audiobook &#8211; Suzanne Collins &#8211; Media Rodzina | Audioteka<\/a><\/strong><\/li>\n<\/ul>\n<\/div>\n\n\n<div class=\"wp-block-image\">\n<figure class=\"aligncenter size-full\"><img data-recalc-dims=\"1\" loading=\"lazy\" decoding=\"async\" width=\"300\" height=\"300\" data-attachment-id=\"13690\" data-permalink=\"https:\/\/blogaudioteka.wpcomstaging.com\/wielkie-kinowe-premiery-2026-zaczynaja-sie-w-twoich-sluchawkach-a-konkretniej-w-audiotece\/33-2\" data-orig-file=\"https:\/\/i0.wp.com\/blogaudioteka.wpcomstaging.com\/wp-content\/uploads\/33-2.webp?fit=300%2C300&amp;ssl=1\" data-orig-size=\"300,300\" data-comments-opened=\"0\" data-image-meta=\"{&quot;aperture&quot;:&quot;0&quot;,&quot;credit&quot;:&quot;&quot;,&quot;camera&quot;:&quot;&quot;,&quot;caption&quot;:&quot;&quot;,&quot;created_timestamp&quot;:&quot;0&quot;,&quot;copyright&quot;:&quot;&quot;,&quot;focal_length&quot;:&quot;0&quot;,&quot;iso&quot;:&quot;0&quot;,&quot;shutter_speed&quot;:&quot;0&quot;,&quot;title&quot;:&quot;&quot;,&quot;orientation&quot;:&quot;0&quot;}\" data-image-title=\"33\" data-image-description=\"\" data-image-caption=\"\" data-large-file=\"https:\/\/i0.wp.com\/blogaudioteka.wpcomstaging.com\/wp-content\/uploads\/33-2.webp?fit=300%2C300&amp;ssl=1\" src=\"https:\/\/i0.wp.com\/blogaudioteka.wpcomstaging.com\/wp-content\/uploads\/33-2.webp?resize=300%2C300&#038;ssl=1\" alt=\"\" class=\"wp-image-13690\" srcset=\"https:\/\/i0.wp.com\/blogaudioteka.wpcomstaging.com\/wp-content\/uploads\/33-2.webp?w=300&amp;ssl=1 300w, https:\/\/i0.wp.com\/blogaudioteka.wpcomstaging.com\/wp-content\/uploads\/33-2.webp?resize=150%2C150&amp;ssl=1 150w, https:\/\/i0.wp.com\/blogaudioteka.wpcomstaging.com\/wp-content\/uploads\/33-2.webp?resize=200%2C200&amp;ssl=1 200w, https:\/\/i0.wp.com\/blogaudioteka.wpcomstaging.com\/wp-content\/uploads\/33-2.webp?resize=148%2C148&amp;ssl=1 148w, https:\/\/i0.wp.com\/blogaudioteka.wpcomstaging.com\/wp-content\/uploads\/33-2.webp?resize=296%2C296&amp;ssl=1 296w\" sizes=\"auto, (max-width: 300px) 100vw, 300px\" \/><\/figure>\n<\/div>\n\n\n<p class=\"has-text-align-justify wp-block-paragraph\">Fani Panem, \u0142\u0105czcie si\u0119! Nadchodzi film o&nbsp;drugim \u0106wier\u0107wieczu Poskromienia. Zanim zobaczysz m\u0142odo\u015b\u0107 Haymitcha Abernathy&#8217;ego na ekranie, pos\u0142uchaj, co siedzi w&nbsp;jego g\u0142owie. <strong>Audiobook czytany przez <a href=\"https:\/\/audioteka.com\/pl\/lektor\/filip-kosior\/\" target=\"_blank\" rel=\"noopener\">Filipa Kosiora<\/a> (ulubie\u0144ca s\u0142uchaczy!) to gwarancja emocji. <\/strong>Poznaj histori\u0119 ch\u0142opaka z&nbsp;Dwunastego Dystryktu, kt\u00f3ry wiedzia\u0142, \u017ce jest przeznaczony na rze\u017a, a&nbsp;mimo to postanowi\u0142 walczy\u0107.<\/p>\n\n\n\n<div class=\"wp-block-group is-style-cs-promo\"><div class=\"wp-block-group__inner-container is-layout-constrained wp-block-group-is-layout-constrained\">\n<p class=\"wp-block-paragraph\">\ud83d\udc49<a href=\"https:\/\/audioteka.com\/pl\/blog\/ksiazki-z-serii-igrzyska-smierci-w-jakiej-kolejnosci-czytac-sluchac-i-ogladac\" target=\"_blank\" rel=\"noopener\">Popularna seria Igrzyska \u015amierci \u2013 w&nbsp;jakiej kolejno\u015bci czyta\u0107, s\u0142ucha\u0107 i&nbsp;ogl\u0105da\u0107?<\/a><\/p>\n<\/div><\/div>\n\n\n\n<h2 class=\"wp-block-heading\"><span class=\"ez-toc-section\" id=\"5_Diabel_ubiera_sie_u_Prady_Lauren_Weisberger\"><\/span>5. <strong>Diabe\u0142 ubiera si\u0119 u&nbsp;Prady<\/strong> (Lauren Weisberger)<span class=\"ez-toc-section-end\"><\/span><\/h2>\n\n\n\n<ul class=\"wp-block-list\">\n<li><em><strong>Premiera kinowa 2 cz\u0119\u015bci:<\/strong> pi\u0105tek, 1 maja<\/em><\/li>\n\n\n\n<li><strong><em>S\u0142uchaj w&nbsp;Audiotece ju\u017c teraz:<\/em><\/strong> <a href=\"https:\/\/audioteka.com\/pl\/audiobook\/diabel-ubiera-sie-u-prady\/\" target=\"_blank\" rel=\"noopener\">Diabe\u0142 ubiera si\u0119 u&nbsp;Prady &#8211; Audiobook &#8211; Lauren Weisberger &#8211; Wydawnictwo Albatros | Audioteka<\/a><\/li>\n<\/ul>\n\n\n<div class=\"wp-block-image\">\n<figure class=\"aligncenter size-full\"><img data-recalc-dims=\"1\" loading=\"lazy\" decoding=\"async\" width=\"300\" height=\"300\" data-attachment-id=\"13692\" data-permalink=\"https:\/\/blogaudioteka.wpcomstaging.com\/wielkie-kinowe-premiery-2026-zaczynaja-sie-w-twoich-sluchawkach-a-konkretniej-w-audiotece\/40-2\" data-orig-file=\"https:\/\/i0.wp.com\/blogaudioteka.wpcomstaging.com\/wp-content\/uploads\/40-1.webp?fit=300%2C300&amp;ssl=1\" data-orig-size=\"300,300\" data-comments-opened=\"0\" data-image-meta=\"{&quot;aperture&quot;:&quot;0&quot;,&quot;credit&quot;:&quot;&quot;,&quot;camera&quot;:&quot;&quot;,&quot;caption&quot;:&quot;&quot;,&quot;created_timestamp&quot;:&quot;0&quot;,&quot;copyright&quot;:&quot;&quot;,&quot;focal_length&quot;:&quot;0&quot;,&quot;iso&quot;:&quot;0&quot;,&quot;shutter_speed&quot;:&quot;0&quot;,&quot;title&quot;:&quot;&quot;,&quot;orientation&quot;:&quot;0&quot;}\" data-image-title=\"40\" data-image-description=\"\" data-image-caption=\"\" data-large-file=\"https:\/\/i0.wp.com\/blogaudioteka.wpcomstaging.com\/wp-content\/uploads\/40-1.webp?fit=300%2C300&amp;ssl=1\" src=\"https:\/\/i0.wp.com\/blogaudioteka.wpcomstaging.com\/wp-content\/uploads\/40-1.webp?resize=300%2C300&#038;ssl=1\" alt=\"\" class=\"wp-image-13692\" srcset=\"https:\/\/i0.wp.com\/blogaudioteka.wpcomstaging.com\/wp-content\/uploads\/40-1.webp?w=300&amp;ssl=1 300w, https:\/\/i0.wp.com\/blogaudioteka.wpcomstaging.com\/wp-content\/uploads\/40-1.webp?resize=150%2C150&amp;ssl=1 150w, https:\/\/i0.wp.com\/blogaudioteka.wpcomstaging.com\/wp-content\/uploads\/40-1.webp?resize=200%2C200&amp;ssl=1 200w, https:\/\/i0.wp.com\/blogaudioteka.wpcomstaging.com\/wp-content\/uploads\/40-1.webp?resize=148%2C148&amp;ssl=1 148w, https:\/\/i0.wp.com\/blogaudioteka.wpcomstaging.com\/wp-content\/uploads\/40-1.webp?resize=296%2C296&amp;ssl=1 296w\" sizes=\"auto, (max-width: 300px) 100vw, 300px\" \/><\/figure>\n<\/div>\n\n\n<p class=\"has-text-align-justify wp-block-paragraph\">Kino szykuje sequel kultowego filmu, wi\u0119c to idealny moment, by od\u015bwie\u017cy\u0107 sobie pocz\u0105tek tej historii. Bezwzgl\u0119dny \u015bwiat mody, terror Mirandy Priestly i&nbsp;walka o&nbsp;przetrwanie Andrei Sachs smakuj\u0105 wybornie w&nbsp;wersji audio czytanej przez Katarzyn\u0119 Maternowsk\u0105. <strong>Przypomnij sobie, dlaczego &#8222;za nieodpowiednie szpilki mo\u017cna wylecie\u0107 z&nbsp;pracy&#8221;, zanim zobaczysz dalsze losy bohater\u00f3w.<\/strong><\/p>\n\n\n\n<h2 class=\"wp-block-heading\"><span class=\"ez-toc-section\" id=\"6_Hail_Mary_Andy_Weir\"><\/span><strong>6. Hail Mary<\/strong> (Andy Weir)<span class=\"ez-toc-section-end\"><\/span><\/h2>\n\n\n\n<ul class=\"wp-block-list\">\n<li><em><strong>Premiera kinowa: <\/strong>pi\u0105tek, 20 marca<\/em><\/li>\n\n\n\n<li><strong><em>S\u0142uchaj w&nbsp;Audiotece ju\u017c teraz:<\/em><\/strong> <a href=\"https:\/\/audioteka.com\/pl\/audiobook\/projet-hail-mary\/\" target=\"_blank\" rel=\"noopener\">Projekt Hail Mary &#8211; Audiobook &#8211; Andy Weir &#8211; Wydawnictwo Akurat | Audioteka<\/a><\/li>\n<\/ul>\n\n\n<div class=\"wp-block-image\">\n<figure class=\"aligncenter size-full\"><img data-recalc-dims=\"1\" loading=\"lazy\" decoding=\"async\" width=\"300\" height=\"300\" data-attachment-id=\"13693\" data-permalink=\"https:\/\/blogaudioteka.wpcomstaging.com\/wielkie-kinowe-premiery-2026-zaczynaja-sie-w-twoich-sluchawkach-a-konkretniej-w-audiotece\/attachment\/426\" data-orig-file=\"https:\/\/i0.wp.com\/blogaudioteka.wpcomstaging.com\/wp-content\/uploads\/426.webp?fit=300%2C300&amp;ssl=1\" data-orig-size=\"300,300\" data-comments-opened=\"0\" data-image-meta=\"{&quot;aperture&quot;:&quot;0&quot;,&quot;credit&quot;:&quot;&quot;,&quot;camera&quot;:&quot;&quot;,&quot;caption&quot;:&quot;&quot;,&quot;created_timestamp&quot;:&quot;0&quot;,&quot;copyright&quot;:&quot;&quot;,&quot;focal_length&quot;:&quot;0&quot;,&quot;iso&quot;:&quot;0&quot;,&quot;shutter_speed&quot;:&quot;0&quot;,&quot;title&quot;:&quot;&quot;,&quot;orientation&quot;:&quot;0&quot;}\" data-image-title=\"426\" data-image-description=\"\" data-image-caption=\"\" data-large-file=\"https:\/\/i0.wp.com\/blogaudioteka.wpcomstaging.com\/wp-content\/uploads\/426.webp?fit=300%2C300&amp;ssl=1\" src=\"https:\/\/i0.wp.com\/blogaudioteka.wpcomstaging.com\/wp-content\/uploads\/426.webp?resize=300%2C300&#038;ssl=1\" alt=\"\" class=\"wp-image-13693\" srcset=\"https:\/\/i0.wp.com\/blogaudioteka.wpcomstaging.com\/wp-content\/uploads\/426.webp?w=300&amp;ssl=1 300w, https:\/\/i0.wp.com\/blogaudioteka.wpcomstaging.com\/wp-content\/uploads\/426.webp?resize=150%2C150&amp;ssl=1 150w, https:\/\/i0.wp.com\/blogaudioteka.wpcomstaging.com\/wp-content\/uploads\/426.webp?resize=200%2C200&amp;ssl=1 200w, https:\/\/i0.wp.com\/blogaudioteka.wpcomstaging.com\/wp-content\/uploads\/426.webp?resize=148%2C148&amp;ssl=1 148w, https:\/\/i0.wp.com\/blogaudioteka.wpcomstaging.com\/wp-content\/uploads\/426.webp?resize=296%2C296&amp;ssl=1 296w\" sizes=\"auto, (max-width: 300px) 100vw, 300px\" \/><\/figure>\n<\/div>\n\n\n<p class=\"has-text-align-justify wp-block-paragraph\">Samotny astronauta, stawk\u0105 jest przetrwanie ludzko\u015bci, a&nbsp;on&#8230; nie pami\u0119ta nawet, jak si\u0119 nazywa.<strong> Je\u015bli podoba\u0142 Ci si\u0119 &#8222;Marsjanin&#8221;, pokochasz &#8222;Projekt Hail Mary&#8221;. <\/strong>W wersji audio (czyta <a href=\"https:\/\/audioteka.com\/pl\/lektor\/jakub-kamienski\/\" target=\"_blank\" rel=\"noopener\">Jakub Kamie\u0144ski<\/a>) ta historia zyskuje niesamowity rytm. To idealny tytu\u0142 do pos\u0142uchania przed seansem \u2013 ksi\u0105\u017cka Andy&#8217;ego Weira jest pe\u0142na wewn\u0119trznych monolog\u00f3w i&nbsp;naukowych zagadek, kt\u00f3re w&nbsp;kinie mog\u0105 umkn\u0105\u0107.<\/p>\n\n\n\n<h2 class=\"wp-block-heading\"><span class=\"ez-toc-section\" id=\"7_Verity_Coraz_wiekszy_mrok_Colleen_Hoover\"><\/span>7. <strong>Verity. Coraz wi\u0119kszy mrok<\/strong> (Colleen Hoover)<span class=\"ez-toc-section-end\"><\/span><\/h2>\n\n\n\n<ul class=\"wp-block-list\">\n<li><em><strong>Premiera kinowa: <\/strong>pi\u0105tek, 2 pa\u017adziernika<\/em><\/li>\n\n\n\n<li><strong><em>S\u0142uchaj w&nbsp;Audiotece ju\u017c teraz:<\/em><\/strong> <a href=\"https:\/\/audioteka.com\/pl\/audiobook\/verity-coraz-wiekszy-mrok\/\" target=\"_blank\" rel=\"noopener\">Verity. Coraz wi\u0119kszy mrok &#8211; Audiobook &#8211; Colleen Hoover &#8211; Otwarte | Audioteka<\/a><\/li>\n<\/ul>\n\n\n<div class=\"wp-block-image\">\n<figure class=\"aligncenter size-full\"><img data-recalc-dims=\"1\" loading=\"lazy\" decoding=\"async\" width=\"300\" height=\"300\" data-attachment-id=\"13695\" data-permalink=\"https:\/\/blogaudioteka.wpcomstaging.com\/wielkie-kinowe-premiery-2026-zaczynaja-sie-w-twoich-sluchawkach-a-konkretniej-w-audiotece\/10-6\" data-orig-file=\"https:\/\/i0.wp.com\/blogaudioteka.wpcomstaging.com\/wp-content\/uploads\/10-6.webp?fit=300%2C300&amp;ssl=1\" data-orig-size=\"300,300\" data-comments-opened=\"0\" data-image-meta=\"{&quot;aperture&quot;:&quot;0&quot;,&quot;credit&quot;:&quot;&quot;,&quot;camera&quot;:&quot;&quot;,&quot;caption&quot;:&quot;&quot;,&quot;created_timestamp&quot;:&quot;0&quot;,&quot;copyright&quot;:&quot;&quot;,&quot;focal_length&quot;:&quot;0&quot;,&quot;iso&quot;:&quot;0&quot;,&quot;shutter_speed&quot;:&quot;0&quot;,&quot;title&quot;:&quot;&quot;,&quot;orientation&quot;:&quot;0&quot;}\" data-image-title=\"10 (6)\" data-image-description=\"\" data-image-caption=\"\" data-large-file=\"https:\/\/i0.wp.com\/blogaudioteka.wpcomstaging.com\/wp-content\/uploads\/10-6.webp?fit=300%2C300&amp;ssl=1\" src=\"https:\/\/i0.wp.com\/blogaudioteka.wpcomstaging.com\/wp-content\/uploads\/10-6.webp?resize=300%2C300&#038;ssl=1\" alt=\"\" class=\"wp-image-13695\" srcset=\"https:\/\/i0.wp.com\/blogaudioteka.wpcomstaging.com\/wp-content\/uploads\/10-6.webp?w=300&amp;ssl=1 300w, https:\/\/i0.wp.com\/blogaudioteka.wpcomstaging.com\/wp-content\/uploads\/10-6.webp?resize=150%2C150&amp;ssl=1 150w, https:\/\/i0.wp.com\/blogaudioteka.wpcomstaging.com\/wp-content\/uploads\/10-6.webp?resize=200%2C200&amp;ssl=1 200w, https:\/\/i0.wp.com\/blogaudioteka.wpcomstaging.com\/wp-content\/uploads\/10-6.webp?resize=148%2C148&amp;ssl=1 148w, https:\/\/i0.wp.com\/blogaudioteka.wpcomstaging.com\/wp-content\/uploads\/10-6.webp?resize=296%2C296&amp;ssl=1 296w\" sizes=\"auto, (max-width: 300px) 100vw, 300px\" \/><\/figure>\n<\/div>\n\n\n<p class=\"has-text-align-justify wp-block-paragraph\">Colleen Hoover to nie tylko romanse. &#8222;Verity&#8221; to mroczny, g\u0119sty <a href=\"https:\/\/audioteka.com\/pl\/katalog\/thriller\/\" target=\"_blank\" rel=\"noopener\">thriller<\/a>, kt\u00f3ry trzyma w&nbsp;napi\u0119ciu do ostatniego zdania. Historia pisarki, kt\u00f3ra odkrywa przera\u017caj\u0105cy manuskrypt w&nbsp;domu sparali\u017cowanej autorki, w&nbsp;wersji audio (czyta <a href=\"https:\/\/audioteka.com\/pl\/lektor\/magdalena-kumorek\/\" target=\"_blank\" rel=\"noopener\">Magdalena Kumorek<\/a>) wywo\u0142uje ciarki na plecach. <strong>Ostrzegamy: nie szukaj informacji o&nbsp;fabule w&nbsp;internecie przed wys\u0142uchaniem! Spoiler zepsuje wszystko.<\/strong> Pozw\u00f3l, by g\u0142os lektorki wprowadzi\u0142 Ci\u0119 w&nbsp;ten stan niepokoju.<\/p>\n\n\n\n<h2 class=\"wp-block-heading\"><span class=\"ez-toc-section\" id=\"8_Reminders_of_Him_Czastka_ciebie_ktora_znam_Colleen_Hoover\"><\/span>8. <strong>Reminders of Him. Cz\u0105stka ciebie, kt\u00f3r\u0105 znam<\/strong> (Colleen Hoover)<span class=\"ez-toc-section-end\"><\/span><\/h2>\n\n\n\n<ul class=\"wp-block-list\">\n<li><em><strong>Premiera kinowa: <\/strong>pi\u0105tek, 13 marca<\/em><\/li>\n\n\n\n<li><strong><em>S\u0142uchaj w&nbsp;Audiotece ju\u017c teraz:<\/em><\/strong> <a href=\"https:\/\/audioteka.com\/pl\/audiobook\/reminders-of-him-czastka-ciebie-ktora-znam\/\" target=\"_blank\" rel=\"noopener\">Reminders of Him. Cz\u0105stka ciebie, kt\u00f3r\u0105 znam &#8211; Audiobook &#8211; Colleen Hoover &#8211; Otwarte | Audioteka<\/a><\/li>\n<\/ul>\n\n\n<div class=\"wp-block-image\">\n<figure class=\"aligncenter size-full\"><img data-recalc-dims=\"1\" loading=\"lazy\" decoding=\"async\" width=\"300\" height=\"300\" data-attachment-id=\"13697\" data-permalink=\"https:\/\/blogaudioteka.wpcomstaging.com\/wielkie-kinowe-premiery-2026-zaczynaja-sie-w-twoich-sluchawkach-a-konkretniej-w-audiotece\/12-6\" data-orig-file=\"https:\/\/i0.wp.com\/blogaudioteka.wpcomstaging.com\/wp-content\/uploads\/12-6.webp?fit=300%2C300&amp;ssl=1\" data-orig-size=\"300,300\" data-comments-opened=\"0\" data-image-meta=\"{&quot;aperture&quot;:&quot;0&quot;,&quot;credit&quot;:&quot;&quot;,&quot;camera&quot;:&quot;&quot;,&quot;caption&quot;:&quot;&quot;,&quot;created_timestamp&quot;:&quot;0&quot;,&quot;copyright&quot;:&quot;&quot;,&quot;focal_length&quot;:&quot;0&quot;,&quot;iso&quot;:&quot;0&quot;,&quot;shutter_speed&quot;:&quot;0&quot;,&quot;title&quot;:&quot;&quot;,&quot;orientation&quot;:&quot;0&quot;}\" data-image-title=\"12 (6)\" data-image-description=\"\" data-image-caption=\"\" data-large-file=\"https:\/\/i0.wp.com\/blogaudioteka.wpcomstaging.com\/wp-content\/uploads\/12-6.webp?fit=300%2C300&amp;ssl=1\" src=\"https:\/\/i0.wp.com\/blogaudioteka.wpcomstaging.com\/wp-content\/uploads\/12-6.webp?resize=300%2C300&#038;ssl=1\" alt=\"\" class=\"wp-image-13697\" srcset=\"https:\/\/i0.wp.com\/blogaudioteka.wpcomstaging.com\/wp-content\/uploads\/12-6.webp?w=300&amp;ssl=1 300w, https:\/\/i0.wp.com\/blogaudioteka.wpcomstaging.com\/wp-content\/uploads\/12-6.webp?resize=150%2C150&amp;ssl=1 150w, https:\/\/i0.wp.com\/blogaudioteka.wpcomstaging.com\/wp-content\/uploads\/12-6.webp?resize=200%2C200&amp;ssl=1 200w, https:\/\/i0.wp.com\/blogaudioteka.wpcomstaging.com\/wp-content\/uploads\/12-6.webp?resize=148%2C148&amp;ssl=1 148w, https:\/\/i0.wp.com\/blogaudioteka.wpcomstaging.com\/wp-content\/uploads\/12-6.webp?resize=296%2C296&amp;ssl=1 296w\" sizes=\"auto, (max-width: 300px) 100vw, 300px\" \/><\/figure>\n<\/div>\n\n\n<p class=\"has-text-align-justify wp-block-paragraph\">Druga w&nbsp;zestawieniu pozycja od <a href=\"https:\/\/audioteka.com\/pl\/autor\/colleen-hoover\/\" target=\"_blank\" rel=\"noopener\">Colleen Hoover<\/a>, ale o&nbsp;zupe\u0142nie innym \u0142adunku emocjonalnym. <strong>To historia Kenyy Rowan, kt\u00f3ra po wyj\u015bciu z&nbsp;wi\u0119zienia walczy o&nbsp;odzyskanie c\u00f3rki. <\/strong>Przygotuj chusteczki \u2013 wersja audio w&nbsp;interpretacji Magdaleny Kumorek wyciska \u0142zy jeszcze skuteczniej ni\u017c film. Ksi\u0105\u017cka pozwala wej\u015b\u0107 w&nbsp;g\u0142ow\u0119 bohaterki i&nbsp;zrozumie\u0107 jej b\u00f3l, co w&nbsp;kinie cz\u0119sto jest trudne do oddania.<\/p>\n\n\n\n<p class=\"has-text-align-justify wp-block-paragraph\">Nie musisz czeka\u0107 na premier\u0119 kinow\u0105, by pozna\u0107 te historie. Z&nbsp;subskrypcj\u0105 <strong><a href=\"https:\/\/audioteka.com\/pl\/dolacz-do-audioteka-klub\/\" target=\"_blank\" rel=\"noopener\">Audioteka Klub<\/a><\/strong> zyskujesz dost\u0119p do tysi\u0119cy tytu\u0142\u00f3w.<\/p>\n\n\n\n<figure class=\"wp-block-image size-large\"><a href=\"https:\/\/audioteka.com\/pl\/dolacz-do-audioteka-klub\/\" target=\"_blank\" rel=\"noopener\"><img data-recalc-dims=\"1\" loading=\"lazy\" decoding=\"async\" width=\"1024\" height=\"536\" data-attachment-id=\"13183\" data-permalink=\"https:\/\/blogaudioteka.wpcomstaging.com\/jak-pochlaniac-kulture-nie-patrzac-w-ekran-twoj-plan-na-bycie-najlepiej-poinformowana-osoba-w-towarzystwie\/1200x628-3\" data-orig-file=\"https:\/\/i0.wp.com\/blogaudioteka.wpcomstaging.com\/wp-content\/uploads\/1200x628-3.png?fit=1200%2C628&amp;ssl=1\" data-orig-size=\"1200,628\" data-comments-opened=\"0\" data-image-meta=\"{&quot;aperture&quot;:&quot;0&quot;,&quot;credit&quot;:&quot;&quot;,&quot;camera&quot;:&quot;&quot;,&quot;caption&quot;:&quot;&quot;,&quot;created_timestamp&quot;:&quot;0&quot;,&quot;copyright&quot;:&quot;&quot;,&quot;focal_length&quot;:&quot;0&quot;,&quot;iso&quot;:&quot;0&quot;,&quot;shutter_speed&quot;:&quot;0&quot;,&quot;title&quot;:&quot;&quot;,&quot;orientation&quot;:&quot;0&quot;}\" data-image-title=\"1200&amp;#215;628 (3)\" data-image-description=\"\" data-image-caption=\"\" data-large-file=\"https:\/\/i0.wp.com\/blogaudioteka.wpcomstaging.com\/wp-content\/uploads\/1200x628-3.png?fit=1024%2C536&amp;ssl=1\" src=\"https:\/\/i0.wp.com\/blogaudioteka.wpcomstaging.com\/wp-content\/uploads\/1200x628-3.png?resize=1024%2C536&#038;ssl=1\" alt=\"Audioteka klub - 14 dni za darmo\" class=\"wp-image-13183\" srcset=\"https:\/\/i0.wp.com\/blogaudioteka.wpcomstaging.com\/wp-content\/uploads\/1200x628-3.png?resize=1024%2C536&amp;ssl=1 1024w, https:\/\/i0.wp.com\/blogaudioteka.wpcomstaging.com\/wp-content\/uploads\/1200x628-3.png?resize=300%2C157&amp;ssl=1 300w, https:\/\/i0.wp.com\/blogaudioteka.wpcomstaging.com\/wp-content\/uploads\/1200x628-3.png?resize=768%2C402&amp;ssl=1 768w, https:\/\/i0.wp.com\/blogaudioteka.wpcomstaging.com\/wp-content\/uploads\/1200x628-3.png?resize=512%2C268&amp;ssl=1 512w, https:\/\/i0.wp.com\/blogaudioteka.wpcomstaging.com\/wp-content\/uploads\/1200x628-3.png?resize=920%2C481&amp;ssl=1 920w, https:\/\/i0.wp.com\/blogaudioteka.wpcomstaging.com\/wp-content\/uploads\/1200x628-3.png?w=1200&amp;ssl=1 1200w\" sizes=\"auto, (max-width: 1024px) 100vw, 1024px\" \/><\/a><\/figure>\n\n\n\n<p class=\"wp-block-paragraph\">\ud83d\udc49 <strong>Nie czekaj w&nbsp;kolejce do kasy kinowej. Za\u0142\u00f3\u017c s\u0142uchawki i&nbsp;w\u0142\u0105cz premier\u0119 ju\u017c dzi\u015b!<\/strong><\/p>\n","protected":false},"excerpt":{"rendered":"Rok 2026 zapowiada si\u0119 jako prawdziwa uczta dla kinomaniak\u00f3w, ale zanim wielkie historie trafi\u0105 na srebrny ekran, warto&hellip;","protected":false},"author":264736303,"featured_media":13999,"comment_status":"closed","ping_status":"closed","sticky":false,"template":"","format":"standard","meta":{"_crdt_document":"","csco_display_header_overlay":false,"csco_singular_sidebar":"","csco_page_header_type":"","_jetpack_memberships_contains_paid_content":false,"footnotes":""},"categories":[14931,14935],"tags":[],"class_list":{"0":"post-13265","1":"post","2":"type-post","3":"status-publish","4":"format-standard","5":"has-post-thumbnail","7":"category-aktualnosci","8":"category-lifestylowe","9":"cs-entry"},"jetpack_featured_media_url":"https:\/\/i0.wp.com\/blogaudioteka.wpcomstaging.com\/wp-content\/uploads\/White-And-Orange-Simple-Creative-Best-Music-Playlist-Soundcloud-Banner-1.png?fit=1920%2C1080&ssl=1","jetpack_sharing_enabled":true,"_links":{"self":[{"href":"https:\/\/blogaudioteka.wpcomstaging.com\/wp-json\/wp\/v2\/posts\/13265","targetHints":{"allow":["GET"]}}],"collection":[{"href":"https:\/\/blogaudioteka.wpcomstaging.com\/wp-json\/wp\/v2\/posts"}],"about":[{"href":"https:\/\/blogaudioteka.wpcomstaging.com\/wp-json\/wp\/v2\/types\/post"}],"author":[{"embeddable":true,"href":"https:\/\/blogaudioteka.wpcomstaging.com\/wp-json\/wp\/v2\/users\/264736303"}],"replies":[{"embeddable":true,"href":"https:\/\/blogaudioteka.wpcomstaging.com\/wp-json\/wp\/v2\/comments?post=13265"}],"version-history":[{"count":19,"href":"https:\/\/blogaudioteka.wpcomstaging.com\/wp-json\/wp\/v2\/posts\/13265\/revisions"}],"predecessor-version":[{"id":14009,"href":"https:\/\/blogaudioteka.wpcomstaging.com\/wp-json\/wp\/v2\/posts\/13265\/revisions\/14009"}],"wp:featuredmedia":[{"embeddable":true,"href":"https:\/\/blogaudioteka.wpcomstaging.com\/wp-json\/wp\/v2\/media\/13999"}],"wp:attachment":[{"href":"https:\/\/blogaudioteka.wpcomstaging.com\/wp-json\/wp\/v2\/media?parent=13265"}],"wp:term":[{"taxonomy":"category","embeddable":true,"href":"https:\/\/blogaudioteka.wpcomstaging.com\/wp-json\/wp\/v2\/categories?post=13265"},{"taxonomy":"post_tag","embeddable":true,"href":"https:\/\/blogaudioteka.wpcomstaging.com\/wp-json\/wp\/v2\/tags?post=13265"}],"curies":[{"name":"wp","href":"https:\/\/api.w.org\/{rel}","templated":true}]}}