{"id":12784,"date":"2026-01-18T14:24:50","date_gmt":"2026-01-18T13:24:50","guid":{"rendered":"https:\/\/blogaudioteka.wpcomstaging.com\/?p=12784"},"modified":"2026-01-18T14:24:54","modified_gmt":"2026-01-18T13:24:54","slug":"nowosci-tygodnia-w-audiotece-top-15-12-01-18-01","status":"publish","type":"post","link":"https:\/\/blogaudioteka.wpcomstaging.com\/nowosci-tygodnia-w-audiotece-top-15-12-01-18-01","title":{"rendered":"Nowo\u015bci tygodnia w Audiotece \u2013 TOP 15 [12.01 \u2013 18.01]"},"content":{"rendered":"\n<p class=\"has-text-align-justify wp-block-paragraph\"><strong>Nowy tydzie\u0144 to nowe historie, kt\u00f3re tylko czekaj\u0105, by je odkry\u0107. Niezale\u017cnie od tego, czy szukasz trzymaj\u0105cego w&nbsp;napi\u0119ciu krymina\u0142u, inspiruj\u0105cej biografii, czy lekkiej powie\u015bci na popraw\u0119 humoru \u2013 mamy to! Przeanalizowali\u015bmy wszystko, co wpad\u0142o na nasze wirtualne p\u00f3\u0142ki mi\u0119dzy 12 a&nbsp;18 stycznia, i&nbsp;wybrali\u015bmy dla Was absolutn\u0105 \u015bmietank\u0119. Oto TOP 15 nowo\u015bci, kt\u00f3re w&nbsp;tym tygodniu podbijaj\u0105 s\u0142uchawki naszych u\u017cytkownik\u00f3w. Rozsi\u0105d\u017a si\u0119 wygodnie, wci\u015bnij &#8222;play&#8221; i&nbsp;sprawd\u017a, co warto doda\u0107 do swojej biblioteki! \ud83d\udc47<\/strong><\/p>\n\n\n\n<div id=\"ez-toc-container\" class=\"ez-toc-v2_0_82_2 counter-hierarchy ez-toc-counter ez-toc-grey ez-toc-container-direction\">\n<div class=\"ez-toc-title-container\"><span class=\"ez-toc-title\" style=\"cursor:inherit\">Spis tre\u015bci<\/span>\n<\/div><nav><ul class='ez-toc-list ez-toc-list-level-1 ' ><li class='ez-toc-page-1 ez-toc-heading-level-2'><a class=\"ez-toc-link ez-toc-heading-1\" href=\"https:\/\/blogaudioteka.wpcomstaging.com\/nowosci-tygodnia-w-audiotece-top-15-12-01-18-01\/#1_Gen_zla_%E2%80%93_Katarzyna_Wolwowicz\" >1. Gen z\u0142a \u2013 Katarzyna Wolwowicz<\/a><\/li><li class='ez-toc-page-1 ez-toc-heading-level-2'><a class=\"ez-toc-link ez-toc-heading-2\" href=\"https:\/\/blogaudioteka.wpcomstaging.com\/nowosci-tygodnia-w-audiotece-top-15-12-01-18-01\/#2_Wirus_%E2%80%93_MM_Perr\" >2. Wirus \u2013 M.M. Perr<\/a><\/li><li class='ez-toc-page-1 ez-toc-heading-level-2'><a class=\"ez-toc-link ez-toc-heading-3\" href=\"https:\/\/blogaudioteka.wpcomstaging.com\/nowosci-tygodnia-w-audiotece-top-15-12-01-18-01\/#3_Kazdy_twoj_ruch_%E2%80%93_CL_Taylor\" >3. Ka\u017cdy tw\u00f3j ruch \u2013 C.L. Taylor<\/a><\/li><li class='ez-toc-page-1 ez-toc-heading-level-2'><a class=\"ez-toc-link ez-toc-heading-4\" href=\"https:\/\/blogaudioteka.wpcomstaging.com\/nowosci-tygodnia-w-audiotece-top-15-12-01-18-01\/#4_Godziny_gniewu_%E2%80%93_MM_Perr\" >4. Godziny gniewu \u2013 M.M. Perr<\/a><\/li><li class='ez-toc-page-1 ez-toc-heading-level-2'><a class=\"ez-toc-link ez-toc-heading-5\" href=\"https:\/\/blogaudioteka.wpcomstaging.com\/nowosci-tygodnia-w-audiotece-top-15-12-01-18-01\/#5_Grobowa_cisza_%E2%80%93_Ryszard_Cwirlej\" >5. Grobowa cisza \u2013 Ryszard \u0106wirlej<\/a><\/li><li class='ez-toc-page-1 ez-toc-heading-level-2'><a class=\"ez-toc-link ez-toc-heading-6\" href=\"https:\/\/blogaudioteka.wpcomstaging.com\/nowosci-tygodnia-w-audiotece-top-15-12-01-18-01\/#6_Maz_innej_zony_%E2%80%93_Nadzieja_Niedzwiecka\" >6. M\u0105\u017c innej \u017cony \u2013 Nadzieja Nied\u017awiecka<\/a><\/li><li class='ez-toc-page-1 ez-toc-heading-level-2'><a class=\"ez-toc-link ez-toc-heading-7\" href=\"https:\/\/blogaudioteka.wpcomstaging.com\/nowosci-tygodnia-w-audiotece-top-15-12-01-18-01\/#7_Gerda_%E2%80%93_Krzysztof_A_Zajas\" >7. Gerda \u2013 Krzysztof A. Zajas<\/a><\/li><li class='ez-toc-page-1 ez-toc-heading-level-2'><a class=\"ez-toc-link ez-toc-heading-8\" href=\"https:\/\/blogaudioteka.wpcomstaging.com\/nowosci-tygodnia-w-audiotece-top-15-12-01-18-01\/#8_Lodowa_pulapka_%E2%80%93_James_Rollins\" >8. Lodowa pu\u0142apka \u2013 James Rollins<\/a><\/li><li class='ez-toc-page-1 ez-toc-heading-level-2'><a class=\"ez-toc-link ez-toc-heading-9\" href=\"https:\/\/blogaudioteka.wpcomstaging.com\/nowosci-tygodnia-w-audiotece-top-15-12-01-18-01\/#9_Idealny_syn_%E2%80%93_Freida_McFadden\" >9. Idealny syn \u2013 Freida McFadden<\/a><\/li><li class='ez-toc-page-1 ez-toc-heading-level-2'><a class=\"ez-toc-link ez-toc-heading-10\" href=\"https:\/\/blogaudioteka.wpcomstaging.com\/nowosci-tygodnia-w-audiotece-top-15-12-01-18-01\/#10_White_Shirt_Scars_on_Ice_tom_3_%E2%80%93_Julia_Popiel\" >10. White Shirt. Scars on Ice. tom 3 \u2013 Julia Popiel<\/a><\/li><li class='ez-toc-page-1 ez-toc-heading-level-2'><a class=\"ez-toc-link ez-toc-heading-11\" href=\"https:\/\/blogaudioteka.wpcomstaging.com\/nowosci-tygodnia-w-audiotece-top-15-12-01-18-01\/#11_Dobrze_powiedziane_Mila_Jankowska_%E2%80%93_Katarzyna_Wesierska\" >11. Dobrze powiedziane: Mila Jankowska \u2013 Katarzyna W\u0119sierska<\/a><\/li><li class='ez-toc-page-1 ez-toc-heading-level-2'><a class=\"ez-toc-link ez-toc-heading-12\" href=\"https:\/\/blogaudioteka.wpcomstaging.com\/nowosci-tygodnia-w-audiotece-top-15-12-01-18-01\/#12_Tatuaze_i_krew_Kroczacy_wsrod_cieni_Tom_3_%E2%80%93_Jaroslaw_Kukielka\" >12. Tatua\u017ce i&nbsp;krew. Krocz\u0105cy w\u015br\u00f3d cieni. Tom 3 \u2013 Jaros\u0142aw Kukie\u0142ka<\/a><\/li><li class='ez-toc-page-1 ez-toc-heading-level-2'><a class=\"ez-toc-link ez-toc-heading-13\" href=\"https:\/\/blogaudioteka.wpcomstaging.com\/nowosci-tygodnia-w-audiotece-top-15-12-01-18-01\/#13_Cienie_%E2%80%93_Anna_Binkowska\" >13. Cienie \u2013 Anna Bi\u0144kowska<\/a><\/li><li class='ez-toc-page-1 ez-toc-heading-level-2'><a class=\"ez-toc-link ez-toc-heading-14\" href=\"https:\/\/blogaudioteka.wpcomstaging.com\/nowosci-tygodnia-w-audiotece-top-15-12-01-18-01\/#14_Nowy_dom_Eurydyki_%E2%80%93_Bartosz_Hyla\" >14. Nowy dom Eurydyki \u2013 Bartosz Hyla<\/a><\/li><li class='ez-toc-page-1 ez-toc-heading-level-2'><a class=\"ez-toc-link ez-toc-heading-15\" href=\"https:\/\/blogaudioteka.wpcomstaging.com\/nowosci-tygodnia-w-audiotece-top-15-12-01-18-01\/#15_Nastolatki_na_krawedzi_%E2%80%93_Krystyna_Romanowska\" >15. Nastolatki na kraw\u0119dzi \u2013 Krystyna Romanowska<\/a><\/li><\/ul><\/nav><\/div>\n<h2 class=\"wp-block-heading\"><span class=\"ez-toc-section\" id=\"1_Gen_zla_%E2%80%93_Katarzyna_Wolwowicz\"><\/span>1. <strong>Gen z\u0142a \u2013 Katarzyna Wolwowicz<\/strong><span class=\"ez-toc-section-end\"><\/span><\/h2>\n\n\n\n<p class=\"wp-block-paragraph\"><em><a href=\"https:\/\/audioteka.com\/pl\/cykl\/kryminal-polski\/\" target=\"_blank\" rel=\"noopener\">Krymina\u0142 polski <\/a>| Czyta: Filip Kosior<\/em><\/p>\n\n\n<div class=\"wp-block-image\">\n<figure class=\"aligncenter size-full\"><img data-recalc-dims=\"1\" loading=\"lazy\" decoding=\"async\" width=\"300\" height=\"300\" data-attachment-id=\"12831\" data-permalink=\"https:\/\/blogaudioteka.wpcomstaging.com\/nowosci-tygodnia-w-audiotece-top-15-12-01-18-01\/19-3\" data-orig-file=\"https:\/\/i0.wp.com\/blogaudioteka.wpcomstaging.com\/wp-content\/uploads\/19-3.webp?fit=300%2C300&amp;ssl=1\" data-orig-size=\"300,300\" data-comments-opened=\"0\" data-image-meta=\"{&quot;aperture&quot;:&quot;0&quot;,&quot;credit&quot;:&quot;&quot;,&quot;camera&quot;:&quot;&quot;,&quot;caption&quot;:&quot;&quot;,&quot;created_timestamp&quot;:&quot;0&quot;,&quot;copyright&quot;:&quot;&quot;,&quot;focal_length&quot;:&quot;0&quot;,&quot;iso&quot;:&quot;0&quot;,&quot;shutter_speed&quot;:&quot;0&quot;,&quot;title&quot;:&quot;&quot;,&quot;orientation&quot;:&quot;0&quot;}\" data-image-title=\"19 (3)\" data-image-description=\"\" data-image-caption=\"\" data-large-file=\"https:\/\/i0.wp.com\/blogaudioteka.wpcomstaging.com\/wp-content\/uploads\/19-3.webp?fit=300%2C300&amp;ssl=1\" src=\"https:\/\/i0.wp.com\/blogaudioteka.wpcomstaging.com\/wp-content\/uploads\/19-3.webp?resize=300%2C300&#038;ssl=1\" alt=\"\" class=\"wp-image-12831\" srcset=\"https:\/\/i0.wp.com\/blogaudioteka.wpcomstaging.com\/wp-content\/uploads\/19-3.webp?w=300&amp;ssl=1 300w, https:\/\/i0.wp.com\/blogaudioteka.wpcomstaging.com\/wp-content\/uploads\/19-3.webp?resize=150%2C150&amp;ssl=1 150w, https:\/\/i0.wp.com\/blogaudioteka.wpcomstaging.com\/wp-content\/uploads\/19-3.webp?resize=200%2C200&amp;ssl=1 200w, https:\/\/i0.wp.com\/blogaudioteka.wpcomstaging.com\/wp-content\/uploads\/19-3.webp?resize=148%2C148&amp;ssl=1 148w, https:\/\/i0.wp.com\/blogaudioteka.wpcomstaging.com\/wp-content\/uploads\/19-3.webp?resize=296%2C296&amp;ssl=1 296w\" sizes=\"auto, (max-width: 300px) 100vw, 300px\" \/><\/figure>\n<\/div>\n\n\n<p class=\"wp-block-paragraph\"><strong>\ud83d\udc49S\u0142ucham: <a href=\"https:\/\/audioteka.com\/pl\/audiobook\/gen-zla\/\" target=\"_blank\" rel=\"noopener\">Gen z\u0142a &#8211; Audiobook &#8211; Katarzyna Wolwowicz &#8211; Wydawnictwo Zwierciad\u0142o | Audioteka<\/a><\/strong><\/p>\n\n\n\n<p class=\"has-text-align-justify wp-block-paragraph\"><a href=\"https:\/\/audioteka.com\/pl\/cykl\/seria-kryminalna-z-komisarz-olga-balicka\/\" target=\"_blank\" rel=\"noopener\">Komisarz Olga Balicka<\/a> powraca w&nbsp;swoim najtrudniejszym \u015bledztwie. Porwanie, morderstwa w&nbsp;Jeleniej G\u00f3rze i&nbsp;pytania o&nbsp;dziedziczenie z\u0142a. Czy makabryczne wydarzenia \u0142\u0105cz\u0105 si\u0119 z&nbsp;tragiczn\u0105 przesz\u0142o\u015bci\u0105 pewnego ch\u0142opca z&nbsp;domu dziecka? <strong>To trzymaj\u0105ca w&nbsp;napi\u0119ciu kontynuacja serii o&nbsp;mrocznej i&nbsp;wielow\u0105tkowej fabule.<\/strong> Dodatkowym atutem jest genialna interpretacja lektorska Filipa Kosiora.<\/p>\n\n\n\n<h2 class=\"wp-block-heading\"><span class=\"ez-toc-section\" id=\"2_Wirus_%E2%80%93_MM_Perr\"><\/span><strong>2. Wirus \u2013 M.M. Perr<\/strong><span class=\"ez-toc-section-end\"><\/span><\/h2>\n\n\n\n<p class=\"wp-block-paragraph\"><em><a href=\"https:\/\/audioteka.com\/pl\/katalog\/science-fiction-n\/\" target=\"_blank\" rel=\"noopener\">Science Fiction<\/a> \/ Post-apokalipsa | Czyta: Miko\u0142aj Krawczyk<\/em><\/p>\n\n\n<div class=\"wp-block-image\">\n<figure class=\"aligncenter size-full\"><img data-recalc-dims=\"1\" loading=\"lazy\" decoding=\"async\" width=\"300\" height=\"300\" data-attachment-id=\"12844\" data-permalink=\"https:\/\/blogaudioteka.wpcomstaging.com\/nowosci-tygodnia-w-audiotece-top-15-12-01-18-01\/4-27\" data-orig-file=\"https:\/\/i0.wp.com\/blogaudioteka.wpcomstaging.com\/wp-content\/uploads\/4-27.webp?fit=300%2C300&amp;ssl=1\" data-orig-size=\"300,300\" data-comments-opened=\"0\" data-image-meta=\"{&quot;aperture&quot;:&quot;0&quot;,&quot;credit&quot;:&quot;&quot;,&quot;camera&quot;:&quot;&quot;,&quot;caption&quot;:&quot;&quot;,&quot;created_timestamp&quot;:&quot;0&quot;,&quot;copyright&quot;:&quot;&quot;,&quot;focal_length&quot;:&quot;0&quot;,&quot;iso&quot;:&quot;0&quot;,&quot;shutter_speed&quot;:&quot;0&quot;,&quot;title&quot;:&quot;&quot;,&quot;orientation&quot;:&quot;0&quot;}\" data-image-title=\"4 (27)\" data-image-description=\"\" data-image-caption=\"\" data-large-file=\"https:\/\/i0.wp.com\/blogaudioteka.wpcomstaging.com\/wp-content\/uploads\/4-27.webp?fit=300%2C300&amp;ssl=1\" src=\"https:\/\/i0.wp.com\/blogaudioteka.wpcomstaging.com\/wp-content\/uploads\/4-27.webp?resize=300%2C300&#038;ssl=1\" alt=\"\" class=\"wp-image-12844\" srcset=\"https:\/\/i0.wp.com\/blogaudioteka.wpcomstaging.com\/wp-content\/uploads\/4-27.webp?w=300&amp;ssl=1 300w, https:\/\/i0.wp.com\/blogaudioteka.wpcomstaging.com\/wp-content\/uploads\/4-27.webp?resize=150%2C150&amp;ssl=1 150w, https:\/\/i0.wp.com\/blogaudioteka.wpcomstaging.com\/wp-content\/uploads\/4-27.webp?resize=200%2C200&amp;ssl=1 200w, https:\/\/i0.wp.com\/blogaudioteka.wpcomstaging.com\/wp-content\/uploads\/4-27.webp?resize=148%2C148&amp;ssl=1 148w, https:\/\/i0.wp.com\/blogaudioteka.wpcomstaging.com\/wp-content\/uploads\/4-27.webp?resize=296%2C296&amp;ssl=1 296w\" sizes=\"auto, (max-width: 300px) 100vw, 300px\" \/><\/figure>\n<\/div>\n\n\n<p class=\"wp-block-paragraph\"><strong>\ud83d\udc49S\u0142ucham: <a href=\"https:\/\/audioteka.com\/pl\/audiobook\/wirus-wyd-prozami\/\" target=\"_blank\" rel=\"noopener\">Wirus &#8211; Audiobook &#8211; M.M. Perr &#8211; Wydawnictwo Prozami | Audioteka<\/a><\/strong><\/p>\n\n\n\n<p class=\"has-text-align-justify wp-block-paragraph\">Co si\u0119 stanie, gdy znikn\u0105 doro\u015bli, a&nbsp;z nimi wszelkie zasady? W&nbsp;\u015bwiecie dotkni\u0119tym tajemniczym wirusem dzieci musz\u0105 same walczy\u0107 o&nbsp;przetrwanie. To opowie\u015b\u0107 o&nbsp;rzeczywisto\u015bci, w&nbsp;kt\u00f3rej odpowiedzialno\u015b\u0107 przychodzi zbyt wcze\u015bnie, a&nbsp;g\u0142\u00f3d dyktuje warunki. <strong>Czeka na Was intryguj\u0105ca wizja \u015bwiata bez doros\u0142ych w&nbsp;klimacie \u201eW\u0142adcy Much\u201d<\/strong>. To kr\u00f3tka forma (nieca\u0142e 2h), b\u0119d\u0105ca cz\u0119\u015bci\u0105 nowej serii opowiada\u0144 <a href=\"https:\/\/audioteka.com\/pl\/cykl\/apokalipsa-210400b9\/\" target=\"_blank\" rel=\"noopener\">\u201eApokalipsa\u201d<\/a>.<\/p>\n\n\n\n<h2 class=\"wp-block-heading\"><span class=\"ez-toc-section\" id=\"3_Kazdy_twoj_ruch_%E2%80%93_CL_Taylor\"><\/span><strong>3. Ka\u017cdy tw\u00f3j ruch \u2013 C.L. Taylor<\/strong><span class=\"ez-toc-section-end\"><\/span><\/h2>\n\n\n\n<p class=\"wp-block-paragraph\"><em><a href=\"https:\/\/audioteka.com\/pl\/katalog\/thriller\/\" target=\"_blank\" rel=\"noopener\">Thriller<\/a> | Czyta: Anna Szawiel<\/em><\/p>\n\n\n<div class=\"wp-block-image\">\n<figure class=\"aligncenter size-full\"><img data-recalc-dims=\"1\" loading=\"lazy\" decoding=\"async\" width=\"300\" height=\"300\" data-attachment-id=\"12846\" data-permalink=\"https:\/\/blogaudioteka.wpcomstaging.com\/nowosci-tygodnia-w-audiotece-top-15-12-01-18-01\/7-11\" data-orig-file=\"https:\/\/i0.wp.com\/blogaudioteka.wpcomstaging.com\/wp-content\/uploads\/7-11.webp?fit=300%2C300&amp;ssl=1\" data-orig-size=\"300,300\" data-comments-opened=\"0\" data-image-meta=\"{&quot;aperture&quot;:&quot;0&quot;,&quot;credit&quot;:&quot;&quot;,&quot;camera&quot;:&quot;&quot;,&quot;caption&quot;:&quot;&quot;,&quot;created_timestamp&quot;:&quot;0&quot;,&quot;copyright&quot;:&quot;&quot;,&quot;focal_length&quot;:&quot;0&quot;,&quot;iso&quot;:&quot;0&quot;,&quot;shutter_speed&quot;:&quot;0&quot;,&quot;title&quot;:&quot;&quot;,&quot;orientation&quot;:&quot;0&quot;}\" data-image-title=\"7 (11)\" data-image-description=\"\" data-image-caption=\"\" data-large-file=\"https:\/\/i0.wp.com\/blogaudioteka.wpcomstaging.com\/wp-content\/uploads\/7-11.webp?fit=300%2C300&amp;ssl=1\" src=\"https:\/\/i0.wp.com\/blogaudioteka.wpcomstaging.com\/wp-content\/uploads\/7-11.webp?resize=300%2C300&#038;ssl=1\" alt=\"\" class=\"wp-image-12846\" srcset=\"https:\/\/i0.wp.com\/blogaudioteka.wpcomstaging.com\/wp-content\/uploads\/7-11.webp?w=300&amp;ssl=1 300w, https:\/\/i0.wp.com\/blogaudioteka.wpcomstaging.com\/wp-content\/uploads\/7-11.webp?resize=150%2C150&amp;ssl=1 150w, https:\/\/i0.wp.com\/blogaudioteka.wpcomstaging.com\/wp-content\/uploads\/7-11.webp?resize=200%2C200&amp;ssl=1 200w, https:\/\/i0.wp.com\/blogaudioteka.wpcomstaging.com\/wp-content\/uploads\/7-11.webp?resize=148%2C148&amp;ssl=1 148w, https:\/\/i0.wp.com\/blogaudioteka.wpcomstaging.com\/wp-content\/uploads\/7-11.webp?resize=296%2C296&amp;ssl=1 296w\" sizes=\"auto, (max-width: 300px) 100vw, 300px\" \/><\/figure>\n<\/div>\n\n\n<p class=\"wp-block-paragraph\"><strong>\ud83d\udc49S\u0142ucham: <a href=\"https:\/\/audioteka.com\/pl\/audiobook\/kazdy-twoj-ruch\/\" target=\"_blank\" rel=\"noopener\">Ka\u017cdy tw\u00f3j ruch &#8211; Audiobook &#8211; C.L. Taylor &#8211; Wydawnictwo Albatros | Audioteka<\/a><\/strong><\/p>\n\n\n\n<p class=\"has-text-align-justify wp-block-paragraph\">Pi\u0119\u0107 przyjaci\u00f3\u0142ek po\u0142\u0105czonych koszmarem przesz\u0142o\u015bci \u2013 wszystkie by\u0142y ofiarami stalkera. Gdy prze\u015bladowca wychodzi z&nbsp;wi\u0119zienia, a&nbsp;jedna z&nbsp;nich ginie, pozosta\u0142e wiedz\u0105, \u017ce czas ucieczki si\u0119 sko\u0144czy\u0142. <strong>Aby przetrwa\u0107, same musz\u0105 sta\u0107 si\u0119 my\u015bliwymi. Jest to doskona\u0142y wyb\u00f3r dla fan\u00f3w thriller\u00f3w psychologicznych, oferuj\u0105cy wysokie napi\u0119cie i&nbsp;odliczanie do kolejnej zbrodni. <\/strong>Ksi\u0105\u017cka ciekawie ogrywa motyw zemsty, w&nbsp;kt\u00f3rej ofiary zamieniaj\u0105 si\u0119 w&nbsp;drapie\u017cnik\u00f3w.<\/p>\n\n\n\n<h2 class=\"wp-block-heading\"><span class=\"ez-toc-section\" id=\"4_Godziny_gniewu_%E2%80%93_MM_Perr\"><\/span><strong>4. Godziny gniewu \u2013 M.M. Perr<\/strong><span class=\"ez-toc-section-end\"><\/span><\/h2>\n\n\n\n<p class=\"wp-block-paragraph\"><em>Thriller psychologiczny | Czyta: <a href=\"https:\/\/audioteka.com\/pl\/lektor\/filip-kosior\/\" target=\"_blank\" rel=\"noopener\">Filip Kosior<\/a><\/em><\/p>\n\n\n<div class=\"wp-block-image\">\n<figure class=\"aligncenter size-full\"><img data-recalc-dims=\"1\" loading=\"lazy\" decoding=\"async\" width=\"300\" height=\"300\" data-attachment-id=\"12849\" data-permalink=\"https:\/\/blogaudioteka.wpcomstaging.com\/nowosci-tygodnia-w-audiotece-top-15-12-01-18-01\/5-6\" data-orig-file=\"https:\/\/i0.wp.com\/blogaudioteka.wpcomstaging.com\/wp-content\/uploads\/5-6.webp?fit=300%2C300&amp;ssl=1\" data-orig-size=\"300,300\" data-comments-opened=\"0\" data-image-meta=\"{&quot;aperture&quot;:&quot;0&quot;,&quot;credit&quot;:&quot;&quot;,&quot;camera&quot;:&quot;&quot;,&quot;caption&quot;:&quot;&quot;,&quot;created_timestamp&quot;:&quot;0&quot;,&quot;copyright&quot;:&quot;&quot;,&quot;focal_length&quot;:&quot;0&quot;,&quot;iso&quot;:&quot;0&quot;,&quot;shutter_speed&quot;:&quot;0&quot;,&quot;title&quot;:&quot;&quot;,&quot;orientation&quot;:&quot;0&quot;}\" data-image-title=\"5 (6)\" data-image-description=\"\" data-image-caption=\"\" data-large-file=\"https:\/\/i0.wp.com\/blogaudioteka.wpcomstaging.com\/wp-content\/uploads\/5-6.webp?fit=300%2C300&amp;ssl=1\" src=\"https:\/\/i0.wp.com\/blogaudioteka.wpcomstaging.com\/wp-content\/uploads\/5-6.webp?resize=300%2C300&#038;ssl=1\" alt=\"\" class=\"wp-image-12849\" srcset=\"https:\/\/i0.wp.com\/blogaudioteka.wpcomstaging.com\/wp-content\/uploads\/5-6.webp?w=300&amp;ssl=1 300w, https:\/\/i0.wp.com\/blogaudioteka.wpcomstaging.com\/wp-content\/uploads\/5-6.webp?resize=150%2C150&amp;ssl=1 150w, https:\/\/i0.wp.com\/blogaudioteka.wpcomstaging.com\/wp-content\/uploads\/5-6.webp?resize=200%2C200&amp;ssl=1 200w, https:\/\/i0.wp.com\/blogaudioteka.wpcomstaging.com\/wp-content\/uploads\/5-6.webp?resize=148%2C148&amp;ssl=1 148w, https:\/\/i0.wp.com\/blogaudioteka.wpcomstaging.com\/wp-content\/uploads\/5-6.webp?resize=296%2C296&amp;ssl=1 296w\" sizes=\"auto, (max-width: 300px) 100vw, 300px\" \/><\/figure>\n<\/div>\n\n\n<p class=\"wp-block-paragraph\"><strong>\ud83d\udc49S\u0142ucham: <a href=\"https:\/\/audioteka.com\/pl\/audiobook\/godziny-gniewu\/\" target=\"_blank\" rel=\"noopener\">Godziny gniewu &#8211; Audiobook &#8211; M.M. Perr &#8211; Wydawnictwo Prozami | Audioteka<\/a><\/strong><\/p>\n\n\n\n<p class=\"has-text-align-justify wp-block-paragraph\">Podkomisarz Robert Lew staje przed najtrudniejszym dylematem: policjant czy ojciec? Jego c\u00f3rka, b\u0119d\u0105ca pod wp\u0142ywem sekty, przyznaje si\u0119 do zab\u00f3jstwa. Robert wkracza w&nbsp;\u015bwiat manipulacji, by ocali\u0107 swoje dziecko, ryzykuj\u0105c wszystko, co ma. <strong>W tej pozycji znajdziecie mocny w\u0105tek sekt i&nbsp;manipulacji psychicznej oraz dramatyczn\u0105 walk\u0119 ojca o&nbsp;odzyskanie c\u00f3rki. <\/strong>Gwarancj\u0105 jako\u015bci jest r\u00f3wnie\u017c lektor Filip Kosior.<\/p>\n\n\n\n<div class=\"wp-block-group is-style-cs-promo\"><div class=\"wp-block-group__inner-container is-layout-constrained wp-block-group-is-layout-constrained\">\n<p class=\"wp-block-paragraph\"><strong>\ud83d\udc49<\/strong><a href=\"https:\/\/audioteka.com\/pl\/blog\/kiedy-jest-twoj-idealny-czas-na-sluchanie-quiz\" target=\"_blank\" rel=\"noopener\">Kiedy jest Tw\u00f3j idealny czas na s\u0142uchanie? [QUIZ]<\/a><\/p>\n<\/div><\/div>\n\n\n\n<h2 class=\"wp-block-heading\"><span class=\"ez-toc-section\" id=\"5_Grobowa_cisza_%E2%80%93_Ryszard_Cwirlej\"><\/span><strong>5. Grobowa cisza \u2013 Ryszard \u0106wirlej<\/strong><span class=\"ez-toc-section-end\"><\/span><\/h2>\n\n\n\n<p class=\"wp-block-paragraph\"><em>Krymina\u0142 (Lata 90.) | Czyta: <a href=\"https:\/\/audioteka.com\/pl\/lektor\/leszek-filipowicz\/\" target=\"_blank\" rel=\"noopener\">Leszek Filipowicz<\/a><\/em><\/p>\n\n\n<div class=\"wp-block-image\">\n<figure class=\"aligncenter size-full\"><img data-recalc-dims=\"1\" loading=\"lazy\" decoding=\"async\" width=\"300\" height=\"300\" data-attachment-id=\"12851\" data-permalink=\"https:\/\/blogaudioteka.wpcomstaging.com\/nowosci-tygodnia-w-audiotece-top-15-12-01-18-01\/4-28\" data-orig-file=\"https:\/\/i0.wp.com\/blogaudioteka.wpcomstaging.com\/wp-content\/uploads\/4-28.webp?fit=300%2C300&amp;ssl=1\" data-orig-size=\"300,300\" data-comments-opened=\"0\" data-image-meta=\"{&quot;aperture&quot;:&quot;0&quot;,&quot;credit&quot;:&quot;&quot;,&quot;camera&quot;:&quot;&quot;,&quot;caption&quot;:&quot;&quot;,&quot;created_timestamp&quot;:&quot;0&quot;,&quot;copyright&quot;:&quot;&quot;,&quot;focal_length&quot;:&quot;0&quot;,&quot;iso&quot;:&quot;0&quot;,&quot;shutter_speed&quot;:&quot;0&quot;,&quot;title&quot;:&quot;&quot;,&quot;orientation&quot;:&quot;0&quot;}\" data-image-title=\"4 (28)\" data-image-description=\"\" data-image-caption=\"\" data-large-file=\"https:\/\/i0.wp.com\/blogaudioteka.wpcomstaging.com\/wp-content\/uploads\/4-28.webp?fit=300%2C300&amp;ssl=1\" src=\"https:\/\/i0.wp.com\/blogaudioteka.wpcomstaging.com\/wp-content\/uploads\/4-28.webp?resize=300%2C300&#038;ssl=1\" alt=\"\" class=\"wp-image-12851\" srcset=\"https:\/\/i0.wp.com\/blogaudioteka.wpcomstaging.com\/wp-content\/uploads\/4-28.webp?w=300&amp;ssl=1 300w, https:\/\/i0.wp.com\/blogaudioteka.wpcomstaging.com\/wp-content\/uploads\/4-28.webp?resize=150%2C150&amp;ssl=1 150w, https:\/\/i0.wp.com\/blogaudioteka.wpcomstaging.com\/wp-content\/uploads\/4-28.webp?resize=200%2C200&amp;ssl=1 200w, https:\/\/i0.wp.com\/blogaudioteka.wpcomstaging.com\/wp-content\/uploads\/4-28.webp?resize=148%2C148&amp;ssl=1 148w, https:\/\/i0.wp.com\/blogaudioteka.wpcomstaging.com\/wp-content\/uploads\/4-28.webp?resize=296%2C296&amp;ssl=1 296w\" sizes=\"auto, (max-width: 300px) 100vw, 300px\" \/><\/figure>\n<\/div>\n\n\n<p class=\"wp-block-paragraph\"><strong>\ud83d\udc49S\u0142ucham: <a href=\"https:\/\/audioteka.com\/pl\/audiobook\/grobowa-cisza-muza\/\" target=\"_blank\" rel=\"noopener\">Grobowa cisza &#8211; Audiobook &#8211; Ryszard \u0106wirlej &#8211; MUZA S.A. | Audioteka<\/a><\/strong><\/p>\n\n\n\n<p class=\"has-text-align-justify wp-block-paragraph\">Rok 1992. Cia\u0142o w&nbsp;lesie po polowaniu, przemyt spirytusu na wielk\u0105 skal\u0119 i&nbsp;znikni\u0119cie dziennikarza tropi\u0105cego afery bankowe. Pozna\u0144ska policja ma pe\u0142ne r\u0119ce roboty. Trzy z&nbsp;pozoru odleg\u0142e sprawy zaczynaj\u0105 si\u0119 splata\u0107 w&nbsp;jeden niebezpieczny w\u0119ze\u0142. <strong>Powie\u015b\u0107 oferuje nostalgiczny klimat Polski lat 90. oraz rozbudowan\u0105, wielow\u0105tkow\u0105 intryg\u0119 kryminaln\u0105. <\/strong>Wracaj\u0105 tu r\u00f3wnie\u017c kultowi dla serii bohaterowie, m.in. Teofil Olkiewicz.<\/p>\n\n\n\n<figure class=\"wp-block-image size-full\"><a href=\"https:\/\/klub.audioteka.com\/\" target=\"_blank\" rel=\"noopener\"><img data-recalc-dims=\"1\" loading=\"lazy\" decoding=\"async\" width=\"764\" height=\"215\" data-attachment-id=\"11766\" data-permalink=\"https:\/\/blogaudioteka.wpcomstaging.com\/oczy-odpoczywaja-wyobraznia-pracuje-dlaczego-audiobook-to-najlepszy-rytual-przed-snem\/banner-8\" data-orig-file=\"https:\/\/i0.wp.com\/blogaudioteka.wpcomstaging.com\/wp-content\/uploads\/Banner-8.jpg?fit=764%2C215&amp;ssl=1\" data-orig-size=\"764,215\" data-comments-opened=\"0\" data-image-meta=\"{&quot;aperture&quot;:&quot;0&quot;,&quot;credit&quot;:&quot;&quot;,&quot;camera&quot;:&quot;&quot;,&quot;caption&quot;:&quot;&quot;,&quot;created_timestamp&quot;:&quot;0&quot;,&quot;copyright&quot;:&quot;&quot;,&quot;focal_length&quot;:&quot;0&quot;,&quot;iso&quot;:&quot;0&quot;,&quot;shutter_speed&quot;:&quot;0&quot;,&quot;title&quot;:&quot;&quot;,&quot;orientation&quot;:&quot;0&quot;}\" data-image-title=\"Banner 8\" data-image-description=\"\" data-image-caption=\"\" data-large-file=\"https:\/\/i0.wp.com\/blogaudioteka.wpcomstaging.com\/wp-content\/uploads\/Banner-8.jpg?fit=764%2C215&amp;ssl=1\" src=\"https:\/\/i0.wp.com\/blogaudioteka.wpcomstaging.com\/wp-content\/uploads\/Banner-8.jpg?resize=764%2C215&#038;ssl=1\" alt=\"\" class=\"wp-image-11766\" srcset=\"https:\/\/i0.wp.com\/blogaudioteka.wpcomstaging.com\/wp-content\/uploads\/Banner-8.jpg?w=764&amp;ssl=1 764w, https:\/\/i0.wp.com\/blogaudioteka.wpcomstaging.com\/wp-content\/uploads\/Banner-8.jpg?resize=300%2C84&amp;ssl=1 300w, https:\/\/i0.wp.com\/blogaudioteka.wpcomstaging.com\/wp-content\/uploads\/Banner-8.jpg?resize=512%2C144&amp;ssl=1 512w\" sizes=\"auto, (max-width: 764px) 100vw, 764px\" \/><\/a><\/figure>\n\n\n\n<h2 class=\"wp-block-heading\"><span class=\"ez-toc-section\" id=\"6_Maz_innej_zony_%E2%80%93_Nadzieja_Niedzwiecka\"><\/span><strong>6. M\u0105\u017c innej \u017cony \u2013 Nadzieja Nied\u017awiecka<\/strong><span class=\"ez-toc-section-end\"><\/span><\/h2>\n\n\n\n<p class=\"wp-block-paragraph\"><em>Krymina\u0142 \/ Opowiadanie | Czyta: Miko\u0142aj Krawczyk<\/em><\/p>\n\n\n<div class=\"wp-block-image\">\n<figure class=\"aligncenter size-full\"><img data-recalc-dims=\"1\" loading=\"lazy\" decoding=\"async\" width=\"300\" height=\"300\" data-attachment-id=\"12853\" data-permalink=\"https:\/\/blogaudioteka.wpcomstaging.com\/nowosci-tygodnia-w-audiotece-top-15-12-01-18-01\/4-29\" data-orig-file=\"https:\/\/i0.wp.com\/blogaudioteka.wpcomstaging.com\/wp-content\/uploads\/4-29.webp?fit=300%2C300&amp;ssl=1\" data-orig-size=\"300,300\" data-comments-opened=\"0\" data-image-meta=\"{&quot;aperture&quot;:&quot;0&quot;,&quot;credit&quot;:&quot;&quot;,&quot;camera&quot;:&quot;&quot;,&quot;caption&quot;:&quot;&quot;,&quot;created_timestamp&quot;:&quot;0&quot;,&quot;copyright&quot;:&quot;&quot;,&quot;focal_length&quot;:&quot;0&quot;,&quot;iso&quot;:&quot;0&quot;,&quot;shutter_speed&quot;:&quot;0&quot;,&quot;title&quot;:&quot;&quot;,&quot;orientation&quot;:&quot;0&quot;}\" data-image-title=\"4 (29)\" data-image-description=\"\" data-image-caption=\"\" data-large-file=\"https:\/\/i0.wp.com\/blogaudioteka.wpcomstaging.com\/wp-content\/uploads\/4-29.webp?fit=300%2C300&amp;ssl=1\" src=\"https:\/\/i0.wp.com\/blogaudioteka.wpcomstaging.com\/wp-content\/uploads\/4-29.webp?resize=300%2C300&#038;ssl=1\" alt=\"\" class=\"wp-image-12853\" srcset=\"https:\/\/i0.wp.com\/blogaudioteka.wpcomstaging.com\/wp-content\/uploads\/4-29.webp?w=300&amp;ssl=1 300w, https:\/\/i0.wp.com\/blogaudioteka.wpcomstaging.com\/wp-content\/uploads\/4-29.webp?resize=150%2C150&amp;ssl=1 150w, https:\/\/i0.wp.com\/blogaudioteka.wpcomstaging.com\/wp-content\/uploads\/4-29.webp?resize=200%2C200&amp;ssl=1 200w, https:\/\/i0.wp.com\/blogaudioteka.wpcomstaging.com\/wp-content\/uploads\/4-29.webp?resize=148%2C148&amp;ssl=1 148w, https:\/\/i0.wp.com\/blogaudioteka.wpcomstaging.com\/wp-content\/uploads\/4-29.webp?resize=296%2C296&amp;ssl=1 296w\" sizes=\"auto, (max-width: 300px) 100vw, 300px\" \/><\/figure>\n<\/div>\n\n\n<p class=\"wp-block-paragraph\"><strong>\ud83d\udc49S\u0142ucham: <a href=\"https:\/\/audioteka.com\/pl\/audiobook\/maz-innej-zony\/\" target=\"_blank\" rel=\"noopener\">M\u0105\u017c innej \u017cony &#8211; Audiobook &#8211; Nadzieja Nied\u017awiecka &#8211; Pulp Books | Audioteka<\/a><\/strong><\/p>\n\n\n\n<p class=\"has-text-align-justify wp-block-paragraph\">Matylda znika bez \u015bladu, a&nbsp;ekipa poszukiwawcza przeczesuje las. W&nbsp;tym samym czasie inna kobieta zg\u0142\u0119bia swoj\u0105 pami\u0119\u0107, wspominaj\u0105c Gabriela \u2013 m\u0119\u017ca zaginionej. Czy przesz\u0142o\u015b\u0107 rzuci \u015bwiat\u0142o na obecne wydarzenia? Jest to bardzo kr\u00f3tka, ale intensywna forma (niespe\u0142na p\u00f3\u0142 godziny), kt\u00f3ra idealnie sprawdzi si\u0119 w&nbsp;trakcie szybkiej przerwy. <strong>Histori\u0119 pe\u0142n\u0105 niedopowiedze\u0144 interpretuje znany aktor <a href=\"https:\/\/audioteka.com\/pl\/lektor\/mikolaj-krawczyk\/\" target=\"_blank\" rel=\"noopener\">Miko\u0142aj Krawczyk<\/a>, co dodaje jej emocjonalnego ci\u0119\u017caru.<\/strong><\/p>\n\n\n\n<h2 class=\"wp-block-heading\"><span class=\"ez-toc-section\" id=\"7_Gerda_%E2%80%93_Krzysztof_A_Zajas\"><\/span><strong>7. Gerda \u2013 Krzysztof A. Zajas<\/strong><span class=\"ez-toc-section-end\"><\/span><\/h2>\n\n\n\n<p class=\"wp-block-paragraph\"><em>Krymina\u0142 polski | Czyta: Marcin Stec<\/em><\/p>\n\n\n<div class=\"wp-block-image\">\n<figure class=\"aligncenter size-full\"><img data-recalc-dims=\"1\" loading=\"lazy\" decoding=\"async\" width=\"300\" height=\"300\" data-attachment-id=\"12855\" data-permalink=\"https:\/\/blogaudioteka.wpcomstaging.com\/nowosci-tygodnia-w-audiotece-top-15-12-01-18-01\/6-35\" data-orig-file=\"https:\/\/i0.wp.com\/blogaudioteka.wpcomstaging.com\/wp-content\/uploads\/6-35.webp?fit=300%2C300&amp;ssl=1\" data-orig-size=\"300,300\" data-comments-opened=\"0\" data-image-meta=\"{&quot;aperture&quot;:&quot;0&quot;,&quot;credit&quot;:&quot;&quot;,&quot;camera&quot;:&quot;&quot;,&quot;caption&quot;:&quot;&quot;,&quot;created_timestamp&quot;:&quot;0&quot;,&quot;copyright&quot;:&quot;&quot;,&quot;focal_length&quot;:&quot;0&quot;,&quot;iso&quot;:&quot;0&quot;,&quot;shutter_speed&quot;:&quot;0&quot;,&quot;title&quot;:&quot;&quot;,&quot;orientation&quot;:&quot;0&quot;}\" data-image-title=\"6 (35)\" data-image-description=\"\" data-image-caption=\"\" data-large-file=\"https:\/\/i0.wp.com\/blogaudioteka.wpcomstaging.com\/wp-content\/uploads\/6-35.webp?fit=300%2C300&amp;ssl=1\" src=\"https:\/\/i0.wp.com\/blogaudioteka.wpcomstaging.com\/wp-content\/uploads\/6-35.webp?resize=300%2C300&#038;ssl=1\" alt=\"\" class=\"wp-image-12855\" srcset=\"https:\/\/i0.wp.com\/blogaudioteka.wpcomstaging.com\/wp-content\/uploads\/6-35.webp?w=300&amp;ssl=1 300w, https:\/\/i0.wp.com\/blogaudioteka.wpcomstaging.com\/wp-content\/uploads\/6-35.webp?resize=150%2C150&amp;ssl=1 150w, https:\/\/i0.wp.com\/blogaudioteka.wpcomstaging.com\/wp-content\/uploads\/6-35.webp?resize=200%2C200&amp;ssl=1 200w, https:\/\/i0.wp.com\/blogaudioteka.wpcomstaging.com\/wp-content\/uploads\/6-35.webp?resize=148%2C148&amp;ssl=1 148w, https:\/\/i0.wp.com\/blogaudioteka.wpcomstaging.com\/wp-content\/uploads\/6-35.webp?resize=296%2C296&amp;ssl=1 296w\" sizes=\"auto, (max-width: 300px) 100vw, 300px\" \/><\/figure>\n<\/div>\n\n\n<p class=\"wp-block-paragraph\"><strong>\ud83d\udc49S\u0142ucham: <a href=\"https:\/\/audioteka.com\/pl\/audiobook\/gerda\/\" target=\"_blank\" rel=\"noopener\">Gerda &#8211; Audiobook &#8211; Krzysztof A. Zajas &#8211; Wydawnictwo Zoffu | Audioteka<\/a><\/strong><\/p>\n\n\n\n<p class=\"has-text-align-justify wp-block-paragraph\">Krakowski duet \u015bledczy, Krzycki i&nbsp;Ba\u0142y\u015b, rusza na Pomorze, by rozwik\u0142a\u0107 zagadk\u0119 zaginionej dziewczyny i&nbsp;morderstwa. Maj\u0105 tylko kilkadziesi\u0105t godzin, a&nbsp;tropy prowadz\u0105 do mro\u017anej zimy 1945 roku i&nbsp;brutalnych reali\u00f3w ko\u0144ca wojny. <strong>To d\u0142ugo wyczekiwany fina\u0142owy tom <a href=\"https:\/\/audioteka.com\/pl\/cykl\/trylogia-pomorska\/\" target=\"_blank\" rel=\"noopener\">\u201etrylogii pomorskiej\u201d<\/a>, kt\u00f3ry \u0142\u0105czy wsp\u00f3\u0142czesne \u015bledztwo z&nbsp;bolesn\u0105 histori\u0105 ewakuacji ludno\u015bci w&nbsp;1945 roku.<\/strong> Wielbiciele serii doceni\u0105 powr\u00f3t ulubionych bohater\u00f3w oraz b\u0142yskotliwe dialogi i&nbsp;niepowtarzalny klimat budowany przez Marcina Steca.<\/p>\n\n\n\n<h2 class=\"wp-block-heading\"><span class=\"ez-toc-section\" id=\"8_Lodowa_pulapka_%E2%80%93_James_Rollins\"><\/span><strong>8. Lodowa pu\u0142apka \u2013 James Rollins<\/strong><span class=\"ez-toc-section-end\"><\/span><\/h2>\n\n\n\n<p class=\"wp-block-paragraph\"><em><a href=\"https:\/\/audioteka.com\/pl\/katalog\/sensacja-i-thriller\/\" target=\"_blank\" rel=\"noopener\">Sensacja i&nbsp;thriller <\/a>| Czyta: Leszek Filipowicz<\/em><\/p>\n\n\n<div class=\"wp-block-image\">\n<figure class=\"aligncenter size-full\"><img data-recalc-dims=\"1\" loading=\"lazy\" decoding=\"async\" width=\"300\" height=\"300\" data-attachment-id=\"12857\" data-permalink=\"https:\/\/blogaudioteka.wpcomstaging.com\/nowosci-tygodnia-w-audiotece-top-15-12-01-18-01\/7-12\" data-orig-file=\"https:\/\/i0.wp.com\/blogaudioteka.wpcomstaging.com\/wp-content\/uploads\/7-12.webp?fit=300%2C300&amp;ssl=1\" data-orig-size=\"300,300\" data-comments-opened=\"0\" data-image-meta=\"{&quot;aperture&quot;:&quot;0&quot;,&quot;credit&quot;:&quot;&quot;,&quot;camera&quot;:&quot;&quot;,&quot;caption&quot;:&quot;&quot;,&quot;created_timestamp&quot;:&quot;0&quot;,&quot;copyright&quot;:&quot;&quot;,&quot;focal_length&quot;:&quot;0&quot;,&quot;iso&quot;:&quot;0&quot;,&quot;shutter_speed&quot;:&quot;0&quot;,&quot;title&quot;:&quot;&quot;,&quot;orientation&quot;:&quot;0&quot;}\" data-image-title=\"7 (12)\" data-image-description=\"\" data-image-caption=\"\" data-large-file=\"https:\/\/i0.wp.com\/blogaudioteka.wpcomstaging.com\/wp-content\/uploads\/7-12.webp?fit=300%2C300&amp;ssl=1\" src=\"https:\/\/i0.wp.com\/blogaudioteka.wpcomstaging.com\/wp-content\/uploads\/7-12.webp?resize=300%2C300&#038;ssl=1\" alt=\"\" class=\"wp-image-12857\" srcset=\"https:\/\/i0.wp.com\/blogaudioteka.wpcomstaging.com\/wp-content\/uploads\/7-12.webp?w=300&amp;ssl=1 300w, https:\/\/i0.wp.com\/blogaudioteka.wpcomstaging.com\/wp-content\/uploads\/7-12.webp?resize=150%2C150&amp;ssl=1 150w, https:\/\/i0.wp.com\/blogaudioteka.wpcomstaging.com\/wp-content\/uploads\/7-12.webp?resize=200%2C200&amp;ssl=1 200w, https:\/\/i0.wp.com\/blogaudioteka.wpcomstaging.com\/wp-content\/uploads\/7-12.webp?resize=148%2C148&amp;ssl=1 148w, https:\/\/i0.wp.com\/blogaudioteka.wpcomstaging.com\/wp-content\/uploads\/7-12.webp?resize=296%2C296&amp;ssl=1 296w\" sizes=\"auto, (max-width: 300px) 100vw, 300px\" \/><\/figure>\n<\/div>\n\n\n<p class=\"wp-block-paragraph\"><strong>\ud83d\udc49S\u0142ucham: <a href=\"https:\/\/audioteka.com\/pl\/audiobook\/lodowa-pulapka\/\" target=\"_blank\" rel=\"noopener\">Lodowa pu\u0142apka &#8211; Audiobook &#8211; James Rollins &#8211; Wydawnictwo Albatros | Audioteka<\/a><\/strong><\/p>\n\n\n\n<p class=\"has-text-align-justify wp-block-paragraph\">W lodach Arktyki ukryta jest tajna sowiecka stacja Grendel, gdzie przeprowadzano przera\u017caj\u0105ce eksperymenty. Gdy ameryka\u0144ski statek trafia na jej \u015blad, rozpoczyna si\u0119 wy\u015bcig z&nbsp;czasem, w&nbsp;kt\u00f3ry wpl\u0105tany zostaje by\u0142y komandos Matthew Pike. <strong>Stawk\u0105 jest globalna zag\u0142ada. Pozycja obowi\u0105zkowa dla fan\u00f3w literatury sensacyjnej w&nbsp;stylu wielkich filmowych blockbuster\u00f3w, pe\u0142na po\u015bcig\u00f3w i&nbsp;tajemnic z&nbsp;okresu zimnej wojny. <\/strong>Klimat mro\u017anej p\u00f3\u0142nocy i&nbsp;militarn\u0105 intryg\u0119 doskonale oddaje g\u0142\u0119boki g\u0142os Leszka Filipowicza.<\/p>\n\n\n\n<h2 class=\"wp-block-heading\"><span class=\"ez-toc-section\" id=\"9_Idealny_syn_%E2%80%93_Freida_McFadden\"><\/span><strong>9. Idealny syn \u2013 Freida McFadden<\/strong><span class=\"ez-toc-section-end\"><\/span><\/h2>\n\n\n\n<p class=\"wp-block-paragraph\"><em>Krymina\u0142 wsp\u00f3\u0142czesny | Czyta: Filip Kosior<\/em><\/p>\n\n\n<div class=\"wp-block-image\">\n<figure class=\"aligncenter size-full\"><img data-recalc-dims=\"1\" loading=\"lazy\" decoding=\"async\" width=\"300\" height=\"300\" data-attachment-id=\"12859\" data-permalink=\"https:\/\/blogaudioteka.wpcomstaging.com\/nowosci-tygodnia-w-audiotece-top-15-12-01-18-01\/4-30\" data-orig-file=\"https:\/\/i0.wp.com\/blogaudioteka.wpcomstaging.com\/wp-content\/uploads\/4-30.webp?fit=300%2C300&amp;ssl=1\" data-orig-size=\"300,300\" data-comments-opened=\"0\" data-image-meta=\"{&quot;aperture&quot;:&quot;0&quot;,&quot;credit&quot;:&quot;&quot;,&quot;camera&quot;:&quot;&quot;,&quot;caption&quot;:&quot;&quot;,&quot;created_timestamp&quot;:&quot;0&quot;,&quot;copyright&quot;:&quot;&quot;,&quot;focal_length&quot;:&quot;0&quot;,&quot;iso&quot;:&quot;0&quot;,&quot;shutter_speed&quot;:&quot;0&quot;,&quot;title&quot;:&quot;&quot;,&quot;orientation&quot;:&quot;0&quot;}\" data-image-title=\"4 (30)\" data-image-description=\"\" data-image-caption=\"\" data-large-file=\"https:\/\/i0.wp.com\/blogaudioteka.wpcomstaging.com\/wp-content\/uploads\/4-30.webp?fit=300%2C300&amp;ssl=1\" src=\"https:\/\/i0.wp.com\/blogaudioteka.wpcomstaging.com\/wp-content\/uploads\/4-30.webp?resize=300%2C300&#038;ssl=1\" alt=\"\" class=\"wp-image-12859\" srcset=\"https:\/\/i0.wp.com\/blogaudioteka.wpcomstaging.com\/wp-content\/uploads\/4-30.webp?w=300&amp;ssl=1 300w, https:\/\/i0.wp.com\/blogaudioteka.wpcomstaging.com\/wp-content\/uploads\/4-30.webp?resize=150%2C150&amp;ssl=1 150w, https:\/\/i0.wp.com\/blogaudioteka.wpcomstaging.com\/wp-content\/uploads\/4-30.webp?resize=200%2C200&amp;ssl=1 200w, https:\/\/i0.wp.com\/blogaudioteka.wpcomstaging.com\/wp-content\/uploads\/4-30.webp?resize=148%2C148&amp;ssl=1 148w, https:\/\/i0.wp.com\/blogaudioteka.wpcomstaging.com\/wp-content\/uploads\/4-30.webp?resize=296%2C296&amp;ssl=1 296w\" sizes=\"auto, (max-width: 300px) 100vw, 300px\" \/><\/figure>\n<\/div>\n\n\n<p class=\"wp-block-paragraph\"><strong>\ud83d\udc49S\u0142ucham: <a href=\"https:\/\/audioteka.com\/pl\/audiobook\/idealny-syn\/\" target=\"_blank\" rel=\"noopener\">Idealny syn &#8211; Audiobook &#8211; Freida McFadden &#8211; Czwarta Strona | Audioteka<\/a><\/strong><\/p>\n\n\n\n<p class=\"has-text-align-justify wp-block-paragraph\">Liam Cass to wzorowy ucze\u0144 i&nbsp;idealny syn, ale gdy w&nbsp;okolicy znika nastolatka, jego ch\u0142odne spojrzenie zaczyna budzi\u0107 niepok\u00f3j \u015bwiadk\u00f3w. Matka ch\u0142opaka wie wi\u0119cej, ni\u017c m\u00f3wi. Czy za perfekcyjnym wizerunkiem kryje si\u0119 mroczna prawda? <a href=\"https:\/\/audioteka.com\/pl\/autor\/freida-mcfadden\/\" target=\"_blank\" rel=\"noopener\"> <\/a><strong><a href=\"https:\/\/audioteka.com\/pl\/autor\/freida-mcfadden\/\" target=\"_blank\" rel=\"noopener\">Freida McFadden<\/a> to mistrzyni thriller\u00f3w psychologicznych, kt\u00f3ra \u015bwietnie ogrywa motyw &#8222;z\u0142ego nasienia&#8221; i&nbsp;tajemnic ukrytych w&nbsp;czterech \u015bcianach domu<\/strong>. Napi\u0119cie pot\u0119guje interpretacja Filipa Kosiora, kt\u00f3ry jak nikt inny potrafi odda\u0107 duszny klimat podejrze\u0144.<\/p>\n\n\n\n<div class=\"wp-block-group is-style-cs-promo\"><div class=\"wp-block-group__inner-container is-layout-constrained wp-block-group-is-layout-constrained\">\n<p class=\"has-text-align-justify wp-block-paragraph\"><strong>\ud83d\udc49<\/strong><a href=\"https:\/\/audioteka.com\/pl\/blog\/nowy-thriller-pomoc-domowa-rozpalil-internet-posluchaj-audiobooka-autorstwa-freidy-mcfadden-i-poznaj-wiecej-tytulow-od-tej-autorki\" target=\"_blank\" rel=\"noopener\">Nowy thriller &#8222;Pomoc domowa&#8221; rozpali\u0142 internet! Pos\u0142uchaj audiobooka autorstwa Freidy McFadden i&nbsp;poznaj wi\u0119cej tytu\u0142\u00f3w od tej autorki!<\/a><\/p>\n<\/div><\/div>\n\n\n\n<h2 class=\"wp-block-heading\"><span class=\"ez-toc-section\" id=\"10_White_Shirt_Scars_on_Ice_tom_3_%E2%80%93_Julia_Popiel\"><\/span><strong>10. White Shirt. Scars on Ice. tom 3 \u2013 Julia Popiel<\/strong><span class=\"ez-toc-section-end\"><\/span><\/h2>\n\n\n\n<p class=\"wp-block-paragraph\"><em>New Adult \/ <a href=\"https:\/\/audioteka.com\/pl\/katalog\/erotyka-i-romans\/\" target=\"_blank\" rel=\"noopener\">Romans <\/a>| Czyta: Agata Sk\u00f3rska<\/em><\/p>\n\n\n<div class=\"wp-block-image\">\n<figure class=\"aligncenter size-full\"><img data-recalc-dims=\"1\" loading=\"lazy\" decoding=\"async\" width=\"300\" height=\"300\" data-attachment-id=\"12863\" data-permalink=\"https:\/\/blogaudioteka.wpcomstaging.com\/nowosci-tygodnia-w-audiotece-top-15-12-01-18-01\/4-31\" data-orig-file=\"https:\/\/i0.wp.com\/blogaudioteka.wpcomstaging.com\/wp-content\/uploads\/4-31.webp?fit=300%2C300&amp;ssl=1\" data-orig-size=\"300,300\" data-comments-opened=\"0\" data-image-meta=\"{&quot;aperture&quot;:&quot;0&quot;,&quot;credit&quot;:&quot;&quot;,&quot;camera&quot;:&quot;&quot;,&quot;caption&quot;:&quot;&quot;,&quot;created_timestamp&quot;:&quot;0&quot;,&quot;copyright&quot;:&quot;&quot;,&quot;focal_length&quot;:&quot;0&quot;,&quot;iso&quot;:&quot;0&quot;,&quot;shutter_speed&quot;:&quot;0&quot;,&quot;title&quot;:&quot;&quot;,&quot;orientation&quot;:&quot;0&quot;}\" data-image-title=\"4 (31)\" data-image-description=\"\" data-image-caption=\"\" data-large-file=\"https:\/\/i0.wp.com\/blogaudioteka.wpcomstaging.com\/wp-content\/uploads\/4-31.webp?fit=300%2C300&amp;ssl=1\" src=\"https:\/\/i0.wp.com\/blogaudioteka.wpcomstaging.com\/wp-content\/uploads\/4-31.webp?resize=300%2C300&#038;ssl=1\" alt=\"\" class=\"wp-image-12863\" srcset=\"https:\/\/i0.wp.com\/blogaudioteka.wpcomstaging.com\/wp-content\/uploads\/4-31.webp?w=300&amp;ssl=1 300w, https:\/\/i0.wp.com\/blogaudioteka.wpcomstaging.com\/wp-content\/uploads\/4-31.webp?resize=150%2C150&amp;ssl=1 150w, https:\/\/i0.wp.com\/blogaudioteka.wpcomstaging.com\/wp-content\/uploads\/4-31.webp?resize=200%2C200&amp;ssl=1 200w, https:\/\/i0.wp.com\/blogaudioteka.wpcomstaging.com\/wp-content\/uploads\/4-31.webp?resize=148%2C148&amp;ssl=1 148w, https:\/\/i0.wp.com\/blogaudioteka.wpcomstaging.com\/wp-content\/uploads\/4-31.webp?resize=296%2C296&amp;ssl=1 296w\" sizes=\"auto, (max-width: 300px) 100vw, 300px\" \/><\/figure>\n<\/div>\n\n\n<p class=\"wp-block-paragraph\"><strong>\ud83d\udc49S\u0142ucham: <a href=\"https:\/\/audioteka.com\/pl\/audiobook\/white-shirt-scars-on-ice-tom-3\/\" target=\"_blank\" rel=\"noopener\">White Shirt. Scars on Ice. tom 3 &#8211; Audiobook &#8211; Julia Popiel &#8211; Wydawnictwo NieZwyk\u0142e | Audioteka<\/a><\/strong><\/p>\n\n\n\n<p class=\"has-text-align-justify wp-block-paragraph\">Trzeci tom bestsellerowej serii <em><a href=\"https:\/\/audioteka.com\/pl\/cykl\/scars-on-ice\/\" target=\"_blank\" rel=\"noopener\">Scars on Ice<\/a><\/em>. \u015awi\u0119ta Bo\u017cego Narodzenia przynosz\u0105 nieporozumienia, ci\u0105\u017cowe domys\u0142y i&nbsp;trudne decyzje o&nbsp;przysz\u0142o\u015bci zawodowej. Hayden staje przed wyborem mi\u0119dzy karier\u0105 w&nbsp;NHL a&nbsp;blisko\u015bci\u0105 z&nbsp;Blake, co rodzi mi\u0119dzy nimi mur niedopowiedze\u0144.<strong> To gratka dla fanek gatunku New Adult i&nbsp;w\u0105tk\u00f3w sportowych, zamykaj\u0105ca wiele w\u0105tk\u00f3w z&nbsp;\u017cycia bohater\u00f3w. <\/strong>Powie\u015b\u0107 skupia si\u0119 na emocjonalnych dylematach wchodzenia w&nbsp;doros\u0142o\u015b\u0107 i&nbsp;trudnej sztuce kompromisu w&nbsp;zwi\u0105zku.<\/p>\n\n\n\n<h2 class=\"wp-block-heading\"><span class=\"ez-toc-section\" id=\"11_Dobrze_powiedziane_Mila_Jankowska_%E2%80%93_Katarzyna_Wesierska\"><\/span><strong>11. Dobrze powiedziane: Mila Jankowska \u2013 Katarzyna W\u0119sierska<\/strong><span class=\"ez-toc-section-end\"><\/span><\/h2>\n\n\n\n<p class=\"wp-block-paragraph\"><em>Podcast \/ Wywiad | Rozmawia: <a href=\"https:\/\/audioteka.com\/pl\/lektor\/katarzyna-wesierska\/\" target=\"_blank\" rel=\"noopener\">Katarzyna W\u0119sierska<\/a><\/em><\/p>\n\n\n<div class=\"wp-block-image\">\n<figure class=\"aligncenter size-full\"><img data-recalc-dims=\"1\" loading=\"lazy\" decoding=\"async\" width=\"300\" height=\"300\" data-attachment-id=\"12871\" data-permalink=\"https:\/\/blogaudioteka.wpcomstaging.com\/nowosci-tygodnia-w-audiotece-top-15-12-01-18-01\/cover-m85yghgl9v6klw\" data-orig-file=\"https:\/\/i0.wp.com\/blogaudioteka.wpcomstaging.com\/wp-content\/uploads\/cover-m85Yghgl9V6KLw.webp?fit=300%2C300&amp;ssl=1\" data-orig-size=\"300,300\" data-comments-opened=\"0\" data-image-meta=\"{&quot;aperture&quot;:&quot;0&quot;,&quot;credit&quot;:&quot;&quot;,&quot;camera&quot;:&quot;&quot;,&quot;caption&quot;:&quot;&quot;,&quot;created_timestamp&quot;:&quot;0&quot;,&quot;copyright&quot;:&quot;&quot;,&quot;focal_length&quot;:&quot;0&quot;,&quot;iso&quot;:&quot;0&quot;,&quot;shutter_speed&quot;:&quot;0&quot;,&quot;title&quot;:&quot;&quot;,&quot;orientation&quot;:&quot;0&quot;}\" data-image-title=\"cover-m85Yghgl9V6KLw\" data-image-description=\"\" data-image-caption=\"\" data-large-file=\"https:\/\/i0.wp.com\/blogaudioteka.wpcomstaging.com\/wp-content\/uploads\/cover-m85Yghgl9V6KLw.webp?fit=300%2C300&amp;ssl=1\" src=\"https:\/\/i0.wp.com\/blogaudioteka.wpcomstaging.com\/wp-content\/uploads\/cover-m85Yghgl9V6KLw.webp?resize=300%2C300&#038;ssl=1\" alt=\"\" class=\"wp-image-12871\" srcset=\"https:\/\/i0.wp.com\/blogaudioteka.wpcomstaging.com\/wp-content\/uploads\/cover-m85Yghgl9V6KLw.webp?w=300&amp;ssl=1 300w, https:\/\/i0.wp.com\/blogaudioteka.wpcomstaging.com\/wp-content\/uploads\/cover-m85Yghgl9V6KLw.webp?resize=150%2C150&amp;ssl=1 150w, https:\/\/i0.wp.com\/blogaudioteka.wpcomstaging.com\/wp-content\/uploads\/cover-m85Yghgl9V6KLw.webp?resize=200%2C200&amp;ssl=1 200w, https:\/\/i0.wp.com\/blogaudioteka.wpcomstaging.com\/wp-content\/uploads\/cover-m85Yghgl9V6KLw.webp?resize=148%2C148&amp;ssl=1 148w, https:\/\/i0.wp.com\/blogaudioteka.wpcomstaging.com\/wp-content\/uploads\/cover-m85Yghgl9V6KLw.webp?resize=296%2C296&amp;ssl=1 296w\" sizes=\"auto, (max-width: 300px) 100vw, 300px\" \/><\/figure>\n<\/div>\n\n\n<p class=\"wp-block-paragraph\"><strong>\ud83d\udc49S\u0142ucham: <a href=\"https:\/\/audioteka.com\/pl\/audiobook\/dobrze-powiedziane-mila-jankowska\/\" target=\"_blank\" rel=\"noopener\">Dobrze powiedziane: Mila Jankowska &#8211; Audiobook &#8211; Katarzyna W\u0119sierska &#8211; Audioteka | Audioteka<\/a><\/strong><\/p>\n\n\n\n<p class=\"has-text-align-justify wp-block-paragraph\">Co naprawd\u0119 znajdowa\u0142o si\u0119 w&nbsp;tajemniczych pud\u0142ach w&nbsp;programie \u201eOd przedszkola do Opola\u201d? <strong>Mila Jankowska, aktorka m\u0142odego pokolenia, zdradza kulisy dzieci\u0119cego show-biznesu i&nbsp;opowiada o&nbsp;tym, jak to jest gra\u0107 postaci zupe\u0142nie inne od samej siebie.<\/strong> To \u015bwietna propozycja dla fan\u00f3w lu\u017anych, ale inspiruj\u0105cych rozm\u00f3w o&nbsp;kulisach \u015bwiata artystycznego. Odcinek \u0142\u0105czy nut\u0119 nostalgii za telewizj\u0105 lat 90. z&nbsp;opowie\u015bci\u0105 o&nbsp;spe\u0142nianiu marze\u0144 w&nbsp;bran\u017cy audio i&nbsp;filmowej.<\/p>\n\n\n\n<h2 class=\"wp-block-heading\"><span class=\"ez-toc-section\" id=\"12_Tatuaze_i_krew_Kroczacy_wsrod_cieni_Tom_3_%E2%80%93_Jaroslaw_Kukielka\"><\/span><strong>12. Tatua\u017ce i&nbsp;krew. Krocz\u0105cy w\u015br\u00f3d cieni. Tom 3 \u2013 Jaros\u0142aw Kukie\u0142ka<\/strong><span class=\"ez-toc-section-end\"><\/span><\/h2>\n\n\n\n<p class=\"wp-block-paragraph\"><em><a href=\"https:\/\/audioteka.com\/pl\/katalog\/fantasy-n\/\" target=\"_blank\" rel=\"noopener\">Fantasy<\/a> | Czyta: Filip Kosior<\/em><\/p>\n\n\n<div class=\"wp-block-image\">\n<figure class=\"aligncenter size-full\"><img data-recalc-dims=\"1\" loading=\"lazy\" decoding=\"async\" width=\"300\" height=\"300\" data-attachment-id=\"12865\" data-permalink=\"https:\/\/blogaudioteka.wpcomstaging.com\/nowosci-tygodnia-w-audiotece-top-15-12-01-18-01\/3-8\" data-orig-file=\"https:\/\/i0.wp.com\/blogaudioteka.wpcomstaging.com\/wp-content\/uploads\/3-8.webp?fit=300%2C300&amp;ssl=1\" data-orig-size=\"300,300\" data-comments-opened=\"0\" data-image-meta=\"{&quot;aperture&quot;:&quot;0&quot;,&quot;credit&quot;:&quot;&quot;,&quot;camera&quot;:&quot;&quot;,&quot;caption&quot;:&quot;&quot;,&quot;created_timestamp&quot;:&quot;0&quot;,&quot;copyright&quot;:&quot;&quot;,&quot;focal_length&quot;:&quot;0&quot;,&quot;iso&quot;:&quot;0&quot;,&quot;shutter_speed&quot;:&quot;0&quot;,&quot;title&quot;:&quot;&quot;,&quot;orientation&quot;:&quot;0&quot;}\" data-image-title=\"3 (8)\" data-image-description=\"\" data-image-caption=\"\" data-large-file=\"https:\/\/i0.wp.com\/blogaudioteka.wpcomstaging.com\/wp-content\/uploads\/3-8.webp?fit=300%2C300&amp;ssl=1\" src=\"https:\/\/i0.wp.com\/blogaudioteka.wpcomstaging.com\/wp-content\/uploads\/3-8.webp?resize=300%2C300&#038;ssl=1\" alt=\"\" class=\"wp-image-12865\" srcset=\"https:\/\/i0.wp.com\/blogaudioteka.wpcomstaging.com\/wp-content\/uploads\/3-8.webp?w=300&amp;ssl=1 300w, https:\/\/i0.wp.com\/blogaudioteka.wpcomstaging.com\/wp-content\/uploads\/3-8.webp?resize=150%2C150&amp;ssl=1 150w, https:\/\/i0.wp.com\/blogaudioteka.wpcomstaging.com\/wp-content\/uploads\/3-8.webp?resize=200%2C200&amp;ssl=1 200w, https:\/\/i0.wp.com\/blogaudioteka.wpcomstaging.com\/wp-content\/uploads\/3-8.webp?resize=148%2C148&amp;ssl=1 148w, https:\/\/i0.wp.com\/blogaudioteka.wpcomstaging.com\/wp-content\/uploads\/3-8.webp?resize=296%2C296&amp;ssl=1 296w\" sizes=\"auto, (max-width: 300px) 100vw, 300px\" \/><\/figure>\n<\/div>\n\n\n<p class=\"wp-block-paragraph\"><strong>\ud83d\udc49S\u0142ucham: <a href=\"https:\/\/audioteka.com\/pl\/audiobook\/tatuaze-i-krew-kroczacy-wsrod-cieni-tom-3\/\" target=\"_blank\" rel=\"noopener\">Tatua\u017ce i&nbsp;krew. Krocz\u0105cy w\u015br\u00f3d cieni. Tom 3 &#8211; Audiobook &#8211; Jaros\u0142aw Kukie\u0142ka &#8211; Sine Qua Non | Audioteka<\/a><\/strong><\/p>\n\n\n\n<p class=\"has-text-align-justify wp-block-paragraph\">W Iwinterii leje si\u0119 krew, a&nbsp;zdrada goni zdrad\u0119. W&nbsp;chaosie bitwy o&nbsp;Tin-Leve m\u0142ody Jarto pope\u0142nia b\u0142\u0119dy, a&nbsp;zakuty Vartik kolekcjonuje gniew. Nadchodzi katastrofa, w&nbsp;kt\u00f3rej kluczow\u0105 rol\u0119 odegraj\u0105 tajemnicze tatua\u017ce i&nbsp;niewidoczne dot\u0105d duchy. <strong>Jest to trzeci tom epickiej sagi fantasy <\/strong><em><strong><a href=\"https:\/\/audioteka.com\/pl\/cykl\/kroczacy-wsrod-cieni-fa13ff78\/\" target=\"_blank\" rel=\"noopener\">Krocz\u0105cy w\u015br\u00f3d cieni<\/a>,<\/strong><\/em><strong> w&nbsp;kt\u00f3rej polityczne intrygi i&nbsp;wojna mieszaj\u0105 si\u0119 z&nbsp;pot\u0119\u017cn\u0105 magi\u0105. <\/strong>Atutem jest nie tylko rozmach \u015bwiata przedstawionego, ale r\u00f3wnie\u017c brawurowe wykonanie lektorskie Filipa Kosiora, kt\u00f3ry doskonale buduje napi\u0119cie.<\/p>\n\n\n\n<h2 class=\"wp-block-heading\"><span class=\"ez-toc-section\" id=\"13_Cienie_%E2%80%93_Anna_Binkowska\"><\/span><strong>13. Cienie \u2013 Anna Bi\u0144kowska<\/strong><span class=\"ez-toc-section-end\"><\/span><\/h2>\n\n\n\n<p class=\"wp-block-paragraph\"><em>Krymina\u0142 retro | Czyta: R\u00f3\u017ca Cie\u015bli\u0144ska-Dziekiewicz<\/em><\/p>\n\n\n<div class=\"wp-block-image\">\n<figure class=\"aligncenter size-full\"><img data-recalc-dims=\"1\" loading=\"lazy\" decoding=\"async\" width=\"300\" height=\"300\" data-attachment-id=\"12867\" data-permalink=\"https:\/\/blogaudioteka.wpcomstaging.com\/nowosci-tygodnia-w-audiotece-top-15-12-01-18-01\/4-32\" data-orig-file=\"https:\/\/i0.wp.com\/blogaudioteka.wpcomstaging.com\/wp-content\/uploads\/4-32.webp?fit=300%2C300&amp;ssl=1\" data-orig-size=\"300,300\" data-comments-opened=\"0\" data-image-meta=\"{&quot;aperture&quot;:&quot;0&quot;,&quot;credit&quot;:&quot;&quot;,&quot;camera&quot;:&quot;&quot;,&quot;caption&quot;:&quot;&quot;,&quot;created_timestamp&quot;:&quot;0&quot;,&quot;copyright&quot;:&quot;&quot;,&quot;focal_length&quot;:&quot;0&quot;,&quot;iso&quot;:&quot;0&quot;,&quot;shutter_speed&quot;:&quot;0&quot;,&quot;title&quot;:&quot;&quot;,&quot;orientation&quot;:&quot;0&quot;}\" data-image-title=\"4 (32)\" data-image-description=\"\" data-image-caption=\"\" data-large-file=\"https:\/\/i0.wp.com\/blogaudioteka.wpcomstaging.com\/wp-content\/uploads\/4-32.webp?fit=300%2C300&amp;ssl=1\" src=\"https:\/\/i0.wp.com\/blogaudioteka.wpcomstaging.com\/wp-content\/uploads\/4-32.webp?resize=300%2C300&#038;ssl=1\" alt=\"\" class=\"wp-image-12867\" srcset=\"https:\/\/i0.wp.com\/blogaudioteka.wpcomstaging.com\/wp-content\/uploads\/4-32.webp?w=300&amp;ssl=1 300w, https:\/\/i0.wp.com\/blogaudioteka.wpcomstaging.com\/wp-content\/uploads\/4-32.webp?resize=150%2C150&amp;ssl=1 150w, https:\/\/i0.wp.com\/blogaudioteka.wpcomstaging.com\/wp-content\/uploads\/4-32.webp?resize=200%2C200&amp;ssl=1 200w, https:\/\/i0.wp.com\/blogaudioteka.wpcomstaging.com\/wp-content\/uploads\/4-32.webp?resize=148%2C148&amp;ssl=1 148w, https:\/\/i0.wp.com\/blogaudioteka.wpcomstaging.com\/wp-content\/uploads\/4-32.webp?resize=296%2C296&amp;ssl=1 296w\" sizes=\"auto, (max-width: 300px) 100vw, 300px\" \/><\/figure>\n<\/div>\n\n\n<p class=\"wp-block-paragraph\"><strong>\ud83d\udc49S\u0142ucham: <a href=\"https:\/\/audioteka.com\/pl\/audiobook\/cienie-skarpa-warszawska\/\" target=\"_blank\" rel=\"noopener\">Cienie &#8211; Audiobook &#8211; Anna Bi\u0144kowska &#8211; Skarpa Warszawska | Audioteka<\/a><\/strong><\/p>\n\n\n\n<p class=\"has-text-align-justify wp-block-paragraph\">Warszawa, rok 1924. Miasto t\u0119tni \u017cyciem, ale skrywa mroczne sekrety. Gdy znika c\u00f3rka bogatego kupca, spraw\u0119 bierze w&nbsp;swoje r\u0119ce Regina Brywczy\u0144ska \u2013 zamo\u017cna wdowa o&nbsp;wielkim uporze. Jej prywatne \u015bledztwo prowadzi do odkrycia zbrodniczego procederu. <strong>Powie\u015b\u0107 genialnie przenosi s\u0142uchacza do klimatycznej mi\u0119dzywojennej Warszawy, pe\u0142nej blichtru i&nbsp;niebezpiecze\u0144stw. <\/strong>To gratka dla wielbicieli krymina\u0142\u00f3w retro z&nbsp;siln\u0105, niebanaln\u0105 kobiec\u0105 bohaterk\u0105, kt\u00f3ra wymyka si\u0119 \u00f3wczesnym schematom.<\/p>\n\n\n\n<h2 class=\"wp-block-heading\"><span class=\"ez-toc-section\" id=\"14_Nowy_dom_Eurydyki_%E2%80%93_Bartosz_Hyla\"><\/span><strong>14. Nowy dom Eurydyki \u2013 Bartosz Hyla<\/strong><span class=\"ez-toc-section-end\"><\/span><\/h2>\n\n\n\n<p class=\"wp-block-paragraph\"><em><a href=\"https:\/\/audioteka.com\/pl\/katalog\/horror-n\/\" target=\"_blank\" rel=\"noopener\">Horror<\/a> \/ Fantastyka | Czyta: Miko\u0142aj Krawczyk<\/em><\/p>\n\n\n<div class=\"wp-block-image\">\n<figure class=\"aligncenter size-full\"><img data-recalc-dims=\"1\" loading=\"lazy\" decoding=\"async\" width=\"300\" height=\"300\" data-attachment-id=\"12869\" data-permalink=\"https:\/\/blogaudioteka.wpcomstaging.com\/nowosci-tygodnia-w-audiotece-top-15-12-01-18-01\/5-7\" data-orig-file=\"https:\/\/i0.wp.com\/blogaudioteka.wpcomstaging.com\/wp-content\/uploads\/5-7.webp?fit=300%2C300&amp;ssl=1\" data-orig-size=\"300,300\" data-comments-opened=\"0\" data-image-meta=\"{&quot;aperture&quot;:&quot;0&quot;,&quot;credit&quot;:&quot;&quot;,&quot;camera&quot;:&quot;&quot;,&quot;caption&quot;:&quot;&quot;,&quot;created_timestamp&quot;:&quot;0&quot;,&quot;copyright&quot;:&quot;&quot;,&quot;focal_length&quot;:&quot;0&quot;,&quot;iso&quot;:&quot;0&quot;,&quot;shutter_speed&quot;:&quot;0&quot;,&quot;title&quot;:&quot;&quot;,&quot;orientation&quot;:&quot;0&quot;}\" data-image-title=\"5 (7)\" data-image-description=\"\" data-image-caption=\"\" data-large-file=\"https:\/\/i0.wp.com\/blogaudioteka.wpcomstaging.com\/wp-content\/uploads\/5-7.webp?fit=300%2C300&amp;ssl=1\" src=\"https:\/\/i0.wp.com\/blogaudioteka.wpcomstaging.com\/wp-content\/uploads\/5-7.webp?resize=300%2C300&#038;ssl=1\" alt=\"\" class=\"wp-image-12869\" srcset=\"https:\/\/i0.wp.com\/blogaudioteka.wpcomstaging.com\/wp-content\/uploads\/5-7.webp?w=300&amp;ssl=1 300w, https:\/\/i0.wp.com\/blogaudioteka.wpcomstaging.com\/wp-content\/uploads\/5-7.webp?resize=150%2C150&amp;ssl=1 150w, https:\/\/i0.wp.com\/blogaudioteka.wpcomstaging.com\/wp-content\/uploads\/5-7.webp?resize=200%2C200&amp;ssl=1 200w, https:\/\/i0.wp.com\/blogaudioteka.wpcomstaging.com\/wp-content\/uploads\/5-7.webp?resize=148%2C148&amp;ssl=1 148w, https:\/\/i0.wp.com\/blogaudioteka.wpcomstaging.com\/wp-content\/uploads\/5-7.webp?resize=296%2C296&amp;ssl=1 296w\" sizes=\"auto, (max-width: 300px) 100vw, 300px\" \/><\/figure>\n<\/div>\n\n\n<p class=\"wp-block-paragraph\"><strong>\ud83d\udc49S\u0142ucham: <a href=\"https:\/\/audioteka.com\/pl\/audiobook\/nowy-dom-eurydyki\/\" target=\"_blank\" rel=\"noopener\">Nowy dom Eurydyki &#8211; Audiobook &#8211; Bartosz Hyla &#8211; Pulp Books | Audioteka<\/a><\/strong><\/p>\n\n\n\n<p class=\"has-text-align-justify wp-block-paragraph\">Ma\u0142\u017ce\u0144stwo kupuje dom, ignoruj\u0105c plotki o&nbsp;jego nawiedzeniu. Sielank\u0119 przerywa jednak tragiczny wypadek. Zrozpaczony m\u0105\u017c postanawia za wszelk\u0105 cen\u0119 odwr\u00f3ci\u0107 bieg czasu, by ocali\u0107 ukochan\u0105, nie zwa\u017caj\u0105c na konsekwencje igrania z&nbsp;przesz\u0142o\u015bci\u0105. <strong>To kr\u00f3tka, niespe\u0142na p\u00f3\u0142godzinna opowie\u015b\u0107 grozy, kt\u00f3ra \u0142\u0105czy klasyczny motyw nawiedzonego domu z&nbsp;dramatem utraty. <\/strong><\/p>\n\n\n\n<h2 class=\"wp-block-heading\"><span class=\"ez-toc-section\" id=\"15_Nastolatki_na_krawedzi_%E2%80%93_Krystyna_Romanowska\"><\/span><strong>15. Nastolatki na kraw\u0119dzi \u2013 Krystyna Romanowska<\/strong><span class=\"ez-toc-section-end\"><\/span><\/h2>\n\n\n\n<p class=\"wp-block-paragraph\"><em>Poradnik \/ <a href=\"https:\/\/audioteka.com\/pl\/katalog\/rodzicielstwo\/\" target=\"_blank\" rel=\"noopener\">Rodzicielstwo<\/a> | Czyta: Wojciech Stagenalski<\/em><\/p>\n\n\n<div class=\"wp-block-image\">\n<figure class=\"aligncenter size-full\"><img data-recalc-dims=\"1\" loading=\"lazy\" decoding=\"async\" width=\"300\" height=\"300\" data-attachment-id=\"12840\" data-permalink=\"https:\/\/blogaudioteka.wpcomstaging.com\/nowosci-tygodnia-w-audiotece-top-15-12-01-18-01\/6-34\" data-orig-file=\"https:\/\/i0.wp.com\/blogaudioteka.wpcomstaging.com\/wp-content\/uploads\/6-34.webp?fit=300%2C300&amp;ssl=1\" data-orig-size=\"300,300\" data-comments-opened=\"0\" data-image-meta=\"{&quot;aperture&quot;:&quot;0&quot;,&quot;credit&quot;:&quot;&quot;,&quot;camera&quot;:&quot;&quot;,&quot;caption&quot;:&quot;&quot;,&quot;created_timestamp&quot;:&quot;0&quot;,&quot;copyright&quot;:&quot;&quot;,&quot;focal_length&quot;:&quot;0&quot;,&quot;iso&quot;:&quot;0&quot;,&quot;shutter_speed&quot;:&quot;0&quot;,&quot;title&quot;:&quot;&quot;,&quot;orientation&quot;:&quot;0&quot;}\" data-image-title=\"6 (34)\" data-image-description=\"\" data-image-caption=\"\" data-large-file=\"https:\/\/i0.wp.com\/blogaudioteka.wpcomstaging.com\/wp-content\/uploads\/6-34.webp?fit=300%2C300&amp;ssl=1\" src=\"https:\/\/i0.wp.com\/blogaudioteka.wpcomstaging.com\/wp-content\/uploads\/6-34.webp?resize=300%2C300&#038;ssl=1\" alt=\"\" class=\"wp-image-12840\" srcset=\"https:\/\/i0.wp.com\/blogaudioteka.wpcomstaging.com\/wp-content\/uploads\/6-34.webp?w=300&amp;ssl=1 300w, https:\/\/i0.wp.com\/blogaudioteka.wpcomstaging.com\/wp-content\/uploads\/6-34.webp?resize=150%2C150&amp;ssl=1 150w, https:\/\/i0.wp.com\/blogaudioteka.wpcomstaging.com\/wp-content\/uploads\/6-34.webp?resize=200%2C200&amp;ssl=1 200w, https:\/\/i0.wp.com\/blogaudioteka.wpcomstaging.com\/wp-content\/uploads\/6-34.webp?resize=148%2C148&amp;ssl=1 148w, https:\/\/i0.wp.com\/blogaudioteka.wpcomstaging.com\/wp-content\/uploads\/6-34.webp?resize=296%2C296&amp;ssl=1 296w\" sizes=\"auto, (max-width: 300px) 100vw, 300px\" \/><\/figure>\n<\/div>\n\n\n<p class=\"wp-block-paragraph\"><strong>\ud83d\udc49S\u0142ucham<\/strong>: <a href=\"https:\/\/audioteka.com\/pl\/audiobook\/nastolatki-na-krawedzi\/\" target=\"_blank\" rel=\"noopener\">Nastolatki na kraw\u0119dzi &#8211; Audiobook &#8211; Krystyna Romanowska &#8211; MUZA S.A. | Audioteka<\/a><\/p>\n\n\n\n<p class=\"has-text-align-justify wp-block-paragraph\">W \u015bwiecie presji medi\u00f3w spo\u0142eczno\u015bciowych, depresji i&nbsp;kryzysu to\u017csamo\u015bci, rodzice cz\u0119sto czuj\u0105 si\u0119 bezradni. <strong>Ta ksi\u0105\u017cka to zestaw narz\u0119dzi, kt\u00f3re pomog\u0105 wyposa\u017cy\u0107 nastolatka w&nbsp;odporno\u015b\u0107 psychiczn\u0105 i&nbsp;pom\u00f3c mu zbudowa\u0107 zdrow\u0105 doros\u0142o\u015b\u0107.<\/strong> Jest to niezwykle wa\u017cny i&nbsp;aktualny poradnik, kt\u00f3ry bez tabu porusza najtrudniejsze problemy dzisiejszej m\u0142odzie\u017cy, od l\u0119ku po seksualizacj\u0119. Pozycja oferuje konkretn\u0105 wiedz\u0119 eksperck\u0105, pomagaj\u0105c\u0105 odbudowa\u0107 relacj\u0119 z&nbsp;dzieckiem w&nbsp;skomplikowanej rzeczywisto\u015bci.<\/p>\n\n\n\n<figure class=\"wp-block-image size-full\"><a href=\"https:\/\/klub.audioteka.com\/\" target=\"_blank\" rel=\"noopener\"><img data-recalc-dims=\"1\" loading=\"lazy\" decoding=\"async\" width=\"768\" height=\"216\" data-attachment-id=\"8351\" data-permalink=\"https:\/\/blogaudioteka.wpcomstaging.com\/wrogowie-czy-kochankowie-najpiekniejszy-literacki-zwrot-akcji\/ak_4-2\" data-orig-file=\"https:\/\/i0.wp.com\/blogaudioteka.wpcomstaging.com\/wp-content\/uploads\/ak_4.webp?fit=768%2C216&amp;ssl=1\" data-orig-size=\"768,216\" data-comments-opened=\"0\" data-image-meta=\"{&quot;aperture&quot;:&quot;0&quot;,&quot;credit&quot;:&quot;&quot;,&quot;camera&quot;:&quot;&quot;,&quot;caption&quot;:&quot;&quot;,&quot;created_timestamp&quot;:&quot;0&quot;,&quot;copyright&quot;:&quot;&quot;,&quot;focal_length&quot;:&quot;0&quot;,&quot;iso&quot;:&quot;0&quot;,&quot;shutter_speed&quot;:&quot;0&quot;,&quot;title&quot;:&quot;&quot;,&quot;orientation&quot;:&quot;0&quot;}\" data-image-title=\"audioteka klub\" data-image-description=\"\" data-image-caption=\"\" data-large-file=\"https:\/\/i0.wp.com\/blogaudioteka.wpcomstaging.com\/wp-content\/uploads\/ak_4.webp?fit=768%2C216&amp;ssl=1\" src=\"https:\/\/i0.wp.com\/blogaudioteka.wpcomstaging.com\/wp-content\/uploads\/ak_4.webp?resize=768%2C216&#038;ssl=1\" alt=\"audioteka klub\" class=\"wp-image-8351\" srcset=\"https:\/\/i0.wp.com\/blogaudioteka.wpcomstaging.com\/wp-content\/uploads\/ak_4.webp?w=768&amp;ssl=1 768w, https:\/\/i0.wp.com\/blogaudioteka.wpcomstaging.com\/wp-content\/uploads\/ak_4.webp?resize=300%2C84&amp;ssl=1 300w, https:\/\/i0.wp.com\/blogaudioteka.wpcomstaging.com\/wp-content\/uploads\/ak_4.webp?resize=512%2C144&amp;ssl=1 512w\" sizes=\"auto, (max-width: 768px) 100vw, 768px\" \/><\/a><\/figure>\n\n\n\n<p class=\"has-text-align-justify wp-block-paragraph\">To ju\u017c ca\u0142a lista TOP 15! Masz ju\u017c swojego faworyta? Wszystkie wymienione tytu\u0142y czekaj\u0105 na Ciebie w&nbsp;aplikacji. Nie tra\u0107 czasu \u2013 za\u0142\u00f3\u017c s\u0142uchawki i&nbsp;zanurz si\u0119 w&nbsp;najlepszych premierach tego tygodnia!<\/p>\n","protected":false},"excerpt":{"rendered":"Nowy tydzie\u0144 to nowe historie, kt\u00f3re tylko czekaj\u0105, by je odkry\u0107. Niezale\u017cnie od tego, czy szukasz trzymaj\u0105cego w&nbsp;napi\u0119ciu&hellip;","protected":false},"author":264736300,"featured_media":12785,"comment_status":"closed","ping_status":"closed","sticky":false,"template":"","format":"standard","meta":{"_crdt_document":"","csco_display_header_overlay":false,"csco_singular_sidebar":"","csco_page_header_type":"","_jetpack_memberships_contains_paid_content":false,"footnotes":""},"categories":[14931,14935],"tags":[],"class_list":{"0":"post-12784","1":"post","2":"type-post","3":"status-publish","4":"format-standard","5":"has-post-thumbnail","7":"category-aktualnosci","8":"category-lifestylowe","9":"cs-entry"},"jetpack_featured_media_url":"https:\/\/i0.wp.com\/blogaudioteka.wpcomstaging.com\/wp-content\/uploads\/nowosci_blog-23.jpg?fit=800%2C450&ssl=1","jetpack_sharing_enabled":true,"_links":{"self":[{"href":"https:\/\/blogaudioteka.wpcomstaging.com\/wp-json\/wp\/v2\/posts\/12784","targetHints":{"allow":["GET"]}}],"collection":[{"href":"https:\/\/blogaudioteka.wpcomstaging.com\/wp-json\/wp\/v2\/posts"}],"about":[{"href":"https:\/\/blogaudioteka.wpcomstaging.com\/wp-json\/wp\/v2\/types\/post"}],"author":[{"embeddable":true,"href":"https:\/\/blogaudioteka.wpcomstaging.com\/wp-json\/wp\/v2\/users\/264736300"}],"replies":[{"embeddable":true,"href":"https:\/\/blogaudioteka.wpcomstaging.com\/wp-json\/wp\/v2\/comments?post=12784"}],"version-history":[{"count":30,"href":"https:\/\/blogaudioteka.wpcomstaging.com\/wp-json\/wp\/v2\/posts\/12784\/revisions"}],"predecessor-version":[{"id":12873,"href":"https:\/\/blogaudioteka.wpcomstaging.com\/wp-json\/wp\/v2\/posts\/12784\/revisions\/12873"}],"wp:featuredmedia":[{"embeddable":true,"href":"https:\/\/blogaudioteka.wpcomstaging.com\/wp-json\/wp\/v2\/media\/12785"}],"wp:attachment":[{"href":"https:\/\/blogaudioteka.wpcomstaging.com\/wp-json\/wp\/v2\/media?parent=12784"}],"wp:term":[{"taxonomy":"category","embeddable":true,"href":"https:\/\/blogaudioteka.wpcomstaging.com\/wp-json\/wp\/v2\/categories?post=12784"},{"taxonomy":"post_tag","embeddable":true,"href":"https:\/\/blogaudioteka.wpcomstaging.com\/wp-json\/wp\/v2\/tags?post=12784"}],"curies":[{"name":"wp","href":"https:\/\/api.w.org\/{rel}","templated":true}]}}