{"id":12227,"date":"2026-01-05T12:12:12","date_gmt":"2026-01-05T11:12:12","guid":{"rendered":"https:\/\/blogaudioteka.wpcomstaging.com\/?p=12227"},"modified":"2026-01-05T12:12:16","modified_gmt":"2026-01-05T11:12:16","slug":"26-audiobookow-na-2026-rok-od-tego-musisz-zaczac","status":"publish","type":"post","link":"https:\/\/blogaudioteka.wpcomstaging.com\/26-audiobookow-na-2026-rok-od-tego-musisz-zaczac","title":{"rendered":"26 audiobook\u00f3w na 2026 rok. Od tego musisz zacz\u0105\u0107!"},"content":{"rendered":"\n<p class=\"has-text-align-justify wp-block-paragraph\"><strong>Nowy rok, nowa karta i&#8230; tysi\u0105ce godzin niesamowitych historii czekaj\u0105cych na odkrycie. Rok 2026 w&nbsp;\u015bwiecie audiobook\u00f3w zapowiada si\u0119 jako prawdziwa uczta dla wyobra\u017ani. Od mro\u017c\u0105cych krew w&nbsp;\u017cy\u0142ach thriller\u00f3w, przez wielkie powroty literackich mistrz\u00f3w, a\u017c po g\u0142o\u015bne debiuty, o&nbsp;kt\u00f3rych za chwil\u0119 b\u0119dzie m\u00f3wi\u0107 ca\u0142a Polska. Przygotowali\u015bmy dla Was list\u0119 26 tytu\u0142\u00f3w, kt\u00f3re w&nbsp;nadchodz\u0105cych miesi\u0105cach zdominuj\u0105 Wasze s\u0142uchawki. To nie jest zwyk\u0142e zestawienie \u2013 to Wasz literacki kompas na ca\u0142y rok. Gotowi na maraton s\u0142uchania?<\/strong><\/p>\n\n\n\n<div id=\"ez-toc-container\" class=\"ez-toc-v2_0_82_2 counter-hierarchy ez-toc-counter ez-toc-grey ez-toc-container-direction\">\n<div class=\"ez-toc-title-container\"><span class=\"ez-toc-title\" style=\"cursor:inherit\">Spis tre\u015bci<\/span>\n<\/div><nav><ul class='ez-toc-list ez-toc-list-level-1 ' ><li class='ez-toc-page-1 ez-toc-heading-level-2'><a class=\"ez-toc-link ez-toc-heading-1\" href=\"https:\/\/blogaudioteka.wpcomstaging.com\/26-audiobookow-na-2026-rok-od-tego-musisz-zaczac\/#Rozwoj_osobisty_i_psychologia_audiobooki_ktore_pozwola_Ci_zrozumiec_siebie_w_nowym_roku\" >Rozw\u00f3j osobisty i&nbsp;psychologia: audiobooki, kt\u00f3re pozwol\u0105 Ci zrozumie\u0107 siebie w&nbsp;nowym roku<\/a><ul class='ez-toc-list-level-3' ><li class='ez-toc-heading-level-3'><a class=\"ez-toc-link ez-toc-heading-2\" href=\"https:\/\/blogaudioteka.wpcomstaging.com\/26-audiobookow-na-2026-rok-od-tego-musisz-zaczac\/#1_%E2%80%9EUkoic_siebie%E2%80%9D_%E2%80%93_Ewa_Woydyllo_Martyna_Harland\" >1. &#8222;Ukoi\u0107 siebie&#8221; &#8211; Ewa Woydy\u0142\u0142o, Martyna Harland<\/a><\/li><li class='ez-toc-page-1 ez-toc-heading-level-3'><a class=\"ez-toc-link ez-toc-heading-3\" href=\"https:\/\/blogaudioteka.wpcomstaging.com\/26-audiobookow-na-2026-rok-od-tego-musisz-zaczac\/#2_%E2%80%9ETeoria_POZWOL_IM%E2%80%9D_%E2%80%93_Mel_Robbins\" >2. &#8222;Teoria POZW\u00d3L IM&#8221; &#8211; Mel Robbins<\/a><\/li><li class='ez-toc-page-1 ez-toc-heading-level-3'><a class=\"ez-toc-link ez-toc-heading-4\" href=\"https:\/\/blogaudioteka.wpcomstaging.com\/26-audiobookow-na-2026-rok-od-tego-musisz-zaczac\/#3_%E2%80%9ETwoj_kieszonkowy_terapeuta%E2%80%9D_%E2%80%93_Annie_Zimmerman\" >3. &#8222;Tw\u00f3j kieszonkowy terapeuta&#8221; &#8211; Annie Zimmerman<\/a><\/li><li class='ez-toc-page-1 ez-toc-heading-level-3'><a class=\"ez-toc-link ez-toc-heading-5\" href=\"https:\/\/blogaudioteka.wpcomstaging.com\/26-audiobookow-na-2026-rok-od-tego-musisz-zaczac\/#4_%E2%80%9EPoukladaj_to_sobie_w_glowie%E2%80%9D_%E2%80%93_Aga_Rogala\" >4. &#8222;Pouk\u0142adaj to sobie w&nbsp;g\u0142owie&#8221; &#8211; Aga Rogala<\/a><\/li><li class='ez-toc-page-1 ez-toc-heading-level-3'><a class=\"ez-toc-link ez-toc-heading-6\" href=\"https:\/\/blogaudioteka.wpcomstaging.com\/26-audiobookow-na-2026-rok-od-tego-musisz-zaczac\/#5_%E2%80%9ENiemily_facet%E2%80%9D_%E2%80%93_Robert_Glover\" >5. &#8222;(Nie)mi\u0142y facet&#8221; &#8211; Robert Glover<\/a><\/li><li class='ez-toc-page-1 ez-toc-heading-level-3'><a class=\"ez-toc-link ez-toc-heading-7\" href=\"https:\/\/blogaudioteka.wpcomstaging.com\/26-audiobookow-na-2026-rok-od-tego-musisz-zaczac\/#6_%E2%80%9EJak_zdobyc_przyjaciol_i_zjednac_sobie_ludzi%E2%80%9D_%E2%80%93_Dale_Carnegie\" >6. &#8222;Jak zdoby\u0107 przyjaci\u00f3\u0142 i&nbsp;zjedna\u0107 sobie ludzi&#8221; &#8211; Dale Carnegie<\/a><\/li><\/ul><\/li><li class='ez-toc-page-1 ez-toc-heading-level-2'><a class=\"ez-toc-link ez-toc-heading-8\" href=\"https:\/\/blogaudioteka.wpcomstaging.com\/26-audiobookow-na-2026-rok-od-tego-musisz-zaczac\/#Kryminal_i_thriller_ksiazki_audio_dla_fanow_mocnych_emocji\" >Krymina\u0142 i&nbsp;thriller: ksi\u0105\u017cki audio dla fan\u00f3w mocnych emocji<\/a><ul class='ez-toc-list-level-3' ><li class='ez-toc-heading-level-3'><a class=\"ez-toc-link ez-toc-heading-9\" href=\"https:\/\/blogaudioteka.wpcomstaging.com\/26-audiobookow-na-2026-rok-od-tego-musisz-zaczac\/#7_%E2%80%9ENic_takiego%E2%80%9D_%E2%80%93_Katarzyna_Puzynska\" >7. &#8222;Nic takiego&#8221; \u2013 Katarzyna Puzy\u0144ska<\/a><\/li><li class='ez-toc-page-1 ez-toc-heading-level-3'><a class=\"ez-toc-link ez-toc-heading-10\" href=\"https:\/\/blogaudioteka.wpcomstaging.com\/26-audiobookow-na-2026-rok-od-tego-musisz-zaczac\/#8_%E2%80%9ERok_zmian%E2%80%9D_%E2%80%93_Mieczyslaw_Gorzka\" >8. &#8222;Rok zmian&#8221; \u2013 Mieczys\u0142aw Gorzka<\/a><\/li><li class='ez-toc-page-1 ez-toc-heading-level-3'><a class=\"ez-toc-link ez-toc-heading-11\" href=\"https:\/\/blogaudioteka.wpcomstaging.com\/26-audiobookow-na-2026-rok-od-tego-musisz-zaczac\/#9_%E2%80%9EZanim_powiesz_zegnaj%E2%80%9D_%E2%80%93_Harlan_Coben_Reese_Witherspoon\" >9. &#8222;Zanim powiesz \u017cegnaj&#8221; \u2013 Harlan Coben, Reese Witherspoon<\/a><\/li><li class='ez-toc-page-1 ez-toc-heading-level-3'><a class=\"ez-toc-link ez-toc-heading-12\" href=\"https:\/\/blogaudioteka.wpcomstaging.com\/26-audiobookow-na-2026-rok-od-tego-musisz-zaczac\/#9_%E2%80%9EGlupiec_Karty_Tarota_T_2%E2%80%9D_%E2%80%93_Magdalena_Kornak\" >9. &#8222;G\u0142upiec. Karty Tarota. T. 2&#8221; &#8211; Magdalena Kornak<\/a><\/li><li class='ez-toc-page-1 ez-toc-heading-level-3'><a class=\"ez-toc-link ez-toc-heading-13\" href=\"https:\/\/blogaudioteka.wpcomstaging.com\/26-audiobookow-na-2026-rok-od-tego-musisz-zaczac\/#10_%E2%80%9EFala%E2%80%9D_%E2%80%93_Katarzyna_Wolwowicz\" >10. &#8222;Fala&#8221; &#8211; Katarzyna Wolwowicz<\/a><\/li><\/ul><\/li><li class='ez-toc-page-1 ez-toc-heading-level-2'><a class=\"ez-toc-link ez-toc-heading-14\" href=\"https:\/\/blogaudioteka.wpcomstaging.com\/26-audiobookow-na-2026-rok-od-tego-musisz-zaczac\/#Fantastyka_dzwiek_ktory_przeniesie_Cie_do_innych_swiatow\" >Fantastyka: d\u017awi\u0119k, kt\u00f3ry przeniesie Ci\u0119 do innych \u015bwiat\u00f3w<\/a><ul class='ez-toc-list-level-3' ><li class='ez-toc-heading-level-3'><a class=\"ez-toc-link ez-toc-heading-15\" href=\"https:\/\/blogaudioteka.wpcomstaging.com\/26-audiobookow-na-2026-rok-od-tego-musisz-zaczac\/#11_%E2%80%9EWladca_Pierscieni_Druzyna_Pierscienia%E2%80%9D_%E2%80%93_JRR_Tolkien\" >11. &#8222;W\u0142adca Pier\u015bcieni. Dru\u017cyna Pier\u015bcienia&#8221; \u2013 J.R.R. Tolkien<\/a><\/li><li class='ez-toc-page-1 ez-toc-heading-level-3'><a class=\"ez-toc-link ez-toc-heading-16\" href=\"https:\/\/blogaudioteka.wpcomstaging.com\/26-audiobookow-na-2026-rok-od-tego-musisz-zaczac\/#12_%E2%80%9EWieza_Jaskolki%E2%80%9D_%E2%80%93_Andrzej_Sapkowski\" >12. &#8222;Wie\u017ca Jask\u00f3\u0142ki&#8221; \u2013 Andrzej Sapkowski<\/a><\/li><li class='ez-toc-page-1 ez-toc-heading-level-3'><a class=\"ez-toc-link ez-toc-heading-17\" href=\"https:\/\/blogaudioteka.wpcomstaging.com\/26-audiobookow-na-2026-rok-od-tego-musisz-zaczac\/#13_%E2%80%9EFourth_Wing_Czwarte_skrzydlo%E2%80%9D_%E2%80%93_Rebecca_Yarros\" >13. &#8222;Fourth Wing. Czwarte skrzyd\u0142o&#8221; &#8211; Rebecca Yarros<\/a><\/li><li class='ez-toc-page-1 ez-toc-heading-level-3'><a class=\"ez-toc-link ez-toc-heading-18\" href=\"https:\/\/blogaudioteka.wpcomstaging.com\/26-audiobookow-na-2026-rok-od-tego-musisz-zaczac\/#14_%E2%80%9EWojslawicka_masakra_kosa_lancuchowa%E2%80%9D_%E2%80%93_Andrzej_Pilipiuk\" >14. &#8222;Wojs\u0142awicka masakra kos\u0105 \u0142a\u0144cuchow\u0105&#8221; \u2013 Andrzej Pilipiuk<\/a><\/li><li class='ez-toc-page-1 ez-toc-heading-level-3'><a class=\"ez-toc-link ez-toc-heading-19\" href=\"https:\/\/blogaudioteka.wpcomstaging.com\/26-audiobookow-na-2026-rok-od-tego-musisz-zaczac\/#15_%E2%80%9ETo%E2%80%9D_%E2%80%93_Stephen_King\" >15. &#8222;To&#8221; \u2013 Stephen King<\/a><\/li><\/ul><\/li><li class='ez-toc-page-1 ez-toc-heading-level-2'><a class=\"ez-toc-link ez-toc-heading-20\" href=\"https:\/\/blogaudioteka.wpcomstaging.com\/26-audiobookow-na-2026-rok-od-tego-musisz-zaczac\/#Literatura_faktu_i_biografie_interesujace_audiobooki_odkrywajace_prawde\" >Literatura faktu i&nbsp;biografie: interesuj\u0105ce audiobooki odkrywaj\u0105ce prawd\u0119<\/a><ul class='ez-toc-list-level-3' ><li class='ez-toc-heading-level-3'><a class=\"ez-toc-link ez-toc-heading-21\" href=\"https:\/\/blogaudioteka.wpcomstaging.com\/26-audiobookow-na-2026-rok-od-tego-musisz-zaczac\/#16_%E2%80%9ELewandowski_Prawdziwy%E2%80%9D_%E2%80%93_Sebastian_Staszewski\" >16. &#8222;Lewandowski. Prawdziwy&#8221; \u2013 Sebastian Staszewski<\/a><\/li><li class='ez-toc-page-1 ez-toc-heading-level-3'><a class=\"ez-toc-link ez-toc-heading-22\" href=\"https:\/\/blogaudioteka.wpcomstaging.com\/26-audiobookow-na-2026-rok-od-tego-musisz-zaczac\/#17_%E2%80%9ENiebo_Piec_lat_w_sekcie%E2%80%9D_%E2%80%93_Sebastian_Keller\" >17. &#8222;Niebo. Pi\u0119\u0107 lat w&nbsp;sekcie&#8221; \u2013 Sebastian Keller<\/a><\/li><li class='ez-toc-page-1 ez-toc-heading-level-3'><a class=\"ez-toc-link ez-toc-heading-23\" href=\"https:\/\/blogaudioteka.wpcomstaging.com\/26-audiobookow-na-2026-rok-od-tego-musisz-zaczac\/#18_%E2%80%9EQuo_vAIdis%E2%80%9D_%E2%80%93_Andrzej_Dragan\" >18. &#8222;Quo vAIdis&#8221; \u2013 Andrzej Dragan<\/a><\/li><li class='ez-toc-page-1 ez-toc-heading-level-3'><a class=\"ez-toc-link ez-toc-heading-24\" href=\"https:\/\/blogaudioteka.wpcomstaging.com\/26-audiobookow-na-2026-rok-od-tego-musisz-zaczac\/#19_%E2%80%9EAlkoiluzja%E2%80%9D_%E2%80%93_Robert_Rutkowski_Irena_A_Stanislawska\" >19. &#8222;Alkoiluzja&#8221; \u2013 Robert Rutkowski, Irena A. Stanis\u0142awska<\/a><\/li><li class='ez-toc-page-1 ez-toc-heading-level-3'><a class=\"ez-toc-link ez-toc-heading-25\" href=\"https:\/\/blogaudioteka.wpcomstaging.com\/26-audiobookow-na-2026-rok-od-tego-musisz-zaczac\/#20_%E2%80%9EKwiat_pustyni%E2%80%9D_%E2%80%93_Waris_Dirie_Cathleen_Miller\" >20. &#8222;Kwiat pustyni&#8221; \u2013 Waris Dirie, Cathleen Miller<\/a><\/li><\/ul><\/li><li class='ez-toc-page-1 ez-toc-heading-level-2'><a class=\"ez-toc-link ez-toc-heading-26\" href=\"https:\/\/blogaudioteka.wpcomstaging.com\/26-audiobookow-na-2026-rok-od-tego-musisz-zaczac\/#Literatura_piekna_i_dziecieca_ksiazki_czytane_dla_relaksu_i_zabawy\" >Literatura pi\u0119kna i&nbsp;dzieci\u0119ca: ksi\u0105\u017cki czytane dla relaksu i&nbsp;zabawy<\/a><ul class='ez-toc-list-level-3' ><li class='ez-toc-heading-level-3'><a class=\"ez-toc-link ez-toc-heading-27\" href=\"https:\/\/blogaudioteka.wpcomstaging.com\/26-audiobookow-na-2026-rok-od-tego-musisz-zaczac\/#21_%E2%80%9EA_swiat_trwa%E2%80%9D_%E2%80%93_Laszlo_Krasznahorkai\" >21. &#8222;A \u015bwiat trwa&#8221; &#8211; L\u00e1szl\u00f3 Krasznahorkai<\/a><\/li><li class='ez-toc-page-1 ez-toc-heading-level-3'><a class=\"ez-toc-link ez-toc-heading-28\" href=\"https:\/\/blogaudioteka.wpcomstaging.com\/26-audiobookow-na-2026-rok-od-tego-musisz-zaczac\/#22_%E2%80%9EWczoraj_bylas_zla_na_zielono%E2%80%9D_%E2%80%93_Eliza_Kacka\" >22. &#8222;Wczoraj by\u0142a\u015b z\u0142a na zielono&#8221; \u2013 Eliza K\u0105cka<\/a><\/li><li class='ez-toc-page-1 ez-toc-heading-level-3'><a class=\"ez-toc-link ez-toc-heading-29\" href=\"https:\/\/blogaudioteka.wpcomstaging.com\/26-audiobookow-na-2026-rok-od-tego-musisz-zaczac\/#23_%E2%80%9ENull%E2%80%9D_%E2%80%93_Szczepan_Twardoch\" >23. &#8222;Null&#8221; \u2013 Szczepan Twardoch<\/a><\/li><li class='ez-toc-page-1 ez-toc-heading-level-3'><a class=\"ez-toc-link ez-toc-heading-30\" href=\"https:\/\/blogaudioteka.wpcomstaging.com\/26-audiobookow-na-2026-rok-od-tego-musisz-zaczac\/#24_%E2%80%9ERodzina_Monet_Skarb_Tom_1%E2%80%9D_%E2%80%93_Weronika_Marczak\" >24. &#8222;Rodzina Monet. Skarb. Tom 1&#8221; \u2013 Weronika Marczak<\/a><\/li><li class='ez-toc-page-1 ez-toc-heading-level-3'><a class=\"ez-toc-link ez-toc-heading-31\" href=\"https:\/\/blogaudioteka.wpcomstaging.com\/26-audiobookow-na-2026-rok-od-tego-musisz-zaczac\/#25_%E2%80%9EDzieci_z_Bullerbyn%E2%80%9D_%E2%80%93_Astrid_Lindgren\" >25. &#8222;Dzieci z&nbsp;Bullerbyn&#8221; \u2013 Astrid Lindgren<\/a><\/li><li class='ez-toc-page-1 ez-toc-heading-level-3'><a class=\"ez-toc-link ez-toc-heading-32\" href=\"https:\/\/blogaudioteka.wpcomstaging.com\/26-audiobookow-na-2026-rok-od-tego-musisz-zaczac\/#26_%E2%80%9EPamietnik_grzecznego_psa_Tom_1%E2%80%9D_%E2%80%93_K_Terechowicz_W_Cesarz\" >26. &#8222;Pami\u0119tnik grzecznego psa. Tom 1&#8221; \u2013 K. Terechowicz, W. Cesarz<\/a><\/li><\/ul><\/li><li class='ez-toc-page-1 ez-toc-heading-level-2'><a class=\"ez-toc-link ez-toc-heading-33\" href=\"https:\/\/blogaudioteka.wpcomstaging.com\/26-audiobookow-na-2026-rok-od-tego-musisz-zaczac\/#26_wartosciowych_historii_na_2026_rok_%E2%80%93_sluchaj_w_Audioteka_Klub\" >26 warto\u015bciowych historii na 2026 rok &#8211; s\u0142uchaj w&nbsp;Audioteka Klub<\/a><\/li><\/ul><\/nav><\/div>\n<h2 class=\"wp-block-heading\"><span class=\"ez-toc-section\" id=\"Rozwoj_osobisty_i_psychologia_audiobooki_ktore_pozwola_Ci_zrozumiec_siebie_w_nowym_roku\"><\/span>Rozw\u00f3j osobisty i&nbsp;psychologia: audiobooki, kt\u00f3re pozwol\u0105 Ci zrozumie\u0107 siebie w&nbsp;nowym roku<span class=\"ez-toc-section-end\"><\/span><\/h2>\n\n\n\n<h3 class=\"wp-block-heading\"><span class=\"ez-toc-section\" id=\"1_%E2%80%9EUkoic_siebie%E2%80%9D_%E2%80%93_Ewa_Woydyllo_Martyna_Harland\"><\/span>1. <a href=\"https:\/\/audioteka.com\/pl\/audiobook\/ukoic-siebie-czyli-jak-oswoic-lek-i-traume\/\" target=\"_blank\" rel=\"noopener\"><strong>&#8222;Ukoi\u0107 siebie&#8221; &#8211; Ewa Woydy\u0142\u0142o, Martyna Harland<\/strong> <\/a><span class=\"ez-toc-section-end\"><\/span><\/h3>\n\n\n<div class=\"wp-block-image\">\n<figure class=\"aligncenter size-full\"><img data-recalc-dims=\"1\" loading=\"lazy\" decoding=\"async\" width=\"300\" height=\"300\" data-attachment-id=\"12364\" data-permalink=\"https:\/\/blogaudioteka.wpcomstaging.com\/26-audiobookow-na-2026-rok-od-tego-musisz-zaczac\/attachment\/20\" data-orig-file=\"https:\/\/i0.wp.com\/blogaudioteka.wpcomstaging.com\/wp-content\/uploads\/20.webp?fit=300%2C300&amp;ssl=1\" data-orig-size=\"300,300\" data-comments-opened=\"0\" data-image-meta=\"{&quot;aperture&quot;:&quot;0&quot;,&quot;credit&quot;:&quot;&quot;,&quot;camera&quot;:&quot;&quot;,&quot;caption&quot;:&quot;&quot;,&quot;created_timestamp&quot;:&quot;0&quot;,&quot;copyright&quot;:&quot;&quot;,&quot;focal_length&quot;:&quot;0&quot;,&quot;iso&quot;:&quot;0&quot;,&quot;shutter_speed&quot;:&quot;0&quot;,&quot;title&quot;:&quot;&quot;,&quot;orientation&quot;:&quot;0&quot;}\" data-image-title=\"20\" data-image-description=\"\" data-image-caption=\"\" data-large-file=\"https:\/\/i0.wp.com\/blogaudioteka.wpcomstaging.com\/wp-content\/uploads\/20.webp?fit=300%2C300&amp;ssl=1\" src=\"https:\/\/i0.wp.com\/blogaudioteka.wpcomstaging.com\/wp-content\/uploads\/20.webp?resize=300%2C300&#038;ssl=1\" alt=\"\" class=\"wp-image-12364\" srcset=\"https:\/\/i0.wp.com\/blogaudioteka.wpcomstaging.com\/wp-content\/uploads\/20.webp?w=300&amp;ssl=1 300w, https:\/\/i0.wp.com\/blogaudioteka.wpcomstaging.com\/wp-content\/uploads\/20.webp?resize=150%2C150&amp;ssl=1 150w, https:\/\/i0.wp.com\/blogaudioteka.wpcomstaging.com\/wp-content\/uploads\/20.webp?resize=200%2C200&amp;ssl=1 200w, https:\/\/i0.wp.com\/blogaudioteka.wpcomstaging.com\/wp-content\/uploads\/20.webp?resize=148%2C148&amp;ssl=1 148w, https:\/\/i0.wp.com\/blogaudioteka.wpcomstaging.com\/wp-content\/uploads\/20.webp?resize=296%2C296&amp;ssl=1 296w\" sizes=\"auto, (max-width: 300px) 100vw, 300px\" \/><\/figure>\n<\/div>\n\n\n<p class=\"has-text-align-justify wp-block-paragraph\">Wybitna psycholo\u017cka dr Ewa Woydy\u0142\u0142o t\u0142umaczy, jak uwolni\u0107 si\u0119 od ci\u0119\u017caru przesz\u0142o\u015bci, rozpozna\u0107 traumy zapisane w&nbsp;ciele i&nbsp;w ko\u0144cu zacz\u0105\u0107 oddycha\u0107 pe\u0142n\u0105 piersi\u0105.<\/p>\n\n\n\n<div class=\"wp-block-group is-style-cs-promo\"><div class=\"wp-block-group__inner-container is-layout-constrained wp-block-group-is-layout-constrained\">\n<p class=\"wp-block-paragraph\">\ud83d\udc49<a href=\"https:\/\/audioteka.com\/pl\/blog\/ksiazki-ewy-woydyllo-ktore-kazdy-powinien-poznac-tych-tytulow-posluchasz-w-audiotece\" target=\"_blank\" rel=\"noopener\">Ksi\u0105\u017cki Ewy Woydy\u0142\u0142o, kt\u00f3re ka\u017cdy powinien pozna\u0107 &#8211; tych tytu\u0142\u00f3w pos\u0142uchasz w&nbsp;Audiotece!<\/a><\/p>\n<\/div><\/div>\n\n\n\n<h3 class=\"wp-block-heading\"><span class=\"ez-toc-section\" id=\"2_%E2%80%9ETeoria_POZWOL_IM%E2%80%9D_%E2%80%93_Mel_Robbins\"><\/span>2. <strong><a href=\"https:\/\/audioteka.com\/pl\/audiobook\/teoria-pozwol-im\/\" target=\"_blank\" rel=\"noopener\">&#8222;Teoria POZW\u00d3L IM&#8221; &#8211; Mel Robbins<\/a><\/strong><span class=\"ez-toc-section-end\"><\/span><\/h3>\n\n\n<div class=\"wp-block-image\">\n<figure class=\"aligncenter size-full\"><img data-recalc-dims=\"1\" loading=\"lazy\" decoding=\"async\" width=\"300\" height=\"300\" data-attachment-id=\"12366\" data-permalink=\"https:\/\/blogaudioteka.wpcomstaging.com\/26-audiobookow-na-2026-rok-od-tego-musisz-zaczac\/43-4\" data-orig-file=\"https:\/\/i0.wp.com\/blogaudioteka.wpcomstaging.com\/wp-content\/uploads\/43-4.webp?fit=300%2C300&amp;ssl=1\" data-orig-size=\"300,300\" data-comments-opened=\"0\" data-image-meta=\"{&quot;aperture&quot;:&quot;0&quot;,&quot;credit&quot;:&quot;&quot;,&quot;camera&quot;:&quot;&quot;,&quot;caption&quot;:&quot;&quot;,&quot;created_timestamp&quot;:&quot;0&quot;,&quot;copyright&quot;:&quot;&quot;,&quot;focal_length&quot;:&quot;0&quot;,&quot;iso&quot;:&quot;0&quot;,&quot;shutter_speed&quot;:&quot;0&quot;,&quot;title&quot;:&quot;&quot;,&quot;orientation&quot;:&quot;0&quot;}\" data-image-title=\"43 (4)\" data-image-description=\"\" data-image-caption=\"\" data-large-file=\"https:\/\/i0.wp.com\/blogaudioteka.wpcomstaging.com\/wp-content\/uploads\/43-4.webp?fit=300%2C300&amp;ssl=1\" src=\"https:\/\/i0.wp.com\/blogaudioteka.wpcomstaging.com\/wp-content\/uploads\/43-4.webp?resize=300%2C300&#038;ssl=1\" alt=\"\" class=\"wp-image-12366\" srcset=\"https:\/\/i0.wp.com\/blogaudioteka.wpcomstaging.com\/wp-content\/uploads\/43-4.webp?w=300&amp;ssl=1 300w, https:\/\/i0.wp.com\/blogaudioteka.wpcomstaging.com\/wp-content\/uploads\/43-4.webp?resize=150%2C150&amp;ssl=1 150w, https:\/\/i0.wp.com\/blogaudioteka.wpcomstaging.com\/wp-content\/uploads\/43-4.webp?resize=200%2C200&amp;ssl=1 200w, https:\/\/i0.wp.com\/blogaudioteka.wpcomstaging.com\/wp-content\/uploads\/43-4.webp?resize=148%2C148&amp;ssl=1 148w, https:\/\/i0.wp.com\/blogaudioteka.wpcomstaging.com\/wp-content\/uploads\/43-4.webp?resize=296%2C296&amp;ssl=1 296w\" sizes=\"auto, (max-width: 300px) 100vw, 300px\" \/><\/figure>\n<\/div>\n\n\n<p class=\"has-text-align-justify wp-block-paragraph\">Hit z&nbsp;USA. Rewolucyjny poradnik, kt\u00f3ry uczy, jak odzyska\u0107 kontrol\u0119 nad w\u0142asnym \u017cyciem poprzez\u2026 odpuszczenie kontroli nad innymi. Prosta, ale pot\u0119\u017cna metoda, kt\u00f3ra pozwala przesta\u0107 przejmowa\u0107 si\u0119 cudzymi opiniami i&nbsp;skupi\u0107 si\u0119 na tym, co naprawd\u0119 wa\u017cne.<\/p>\n\n\n\n<h3 class=\"wp-block-heading\"><span class=\"ez-toc-section\" id=\"3_%E2%80%9ETwoj_kieszonkowy_terapeuta%E2%80%9D_%E2%80%93_Annie_Zimmerman\"><\/span>3. <strong><a href=\"https:\/\/audioteka.com\/pl\/audiobook\/twoj-kieszonkowy-terapeuta-uwolnij-sie-od-schematow-i-zmien-swoje-zycie\/\" target=\"_blank\" rel=\"noopener\">&#8222;Tw\u00f3j kieszonkowy terapeuta&#8221; &#8211; Annie Zimmerman<\/a><\/strong><span class=\"ez-toc-section-end\"><\/span><\/h3>\n\n\n<div class=\"wp-block-image\">\n<figure class=\"aligncenter size-full\"><img data-recalc-dims=\"1\" loading=\"lazy\" decoding=\"async\" width=\"300\" height=\"300\" data-attachment-id=\"12367\" data-permalink=\"https:\/\/blogaudioteka.wpcomstaging.com\/26-audiobookow-na-2026-rok-od-tego-musisz-zaczac\/28-4\" data-orig-file=\"https:\/\/i0.wp.com\/blogaudioteka.wpcomstaging.com\/wp-content\/uploads\/28-4.webp?fit=300%2C300&amp;ssl=1\" data-orig-size=\"300,300\" data-comments-opened=\"0\" data-image-meta=\"{&quot;aperture&quot;:&quot;0&quot;,&quot;credit&quot;:&quot;&quot;,&quot;camera&quot;:&quot;&quot;,&quot;caption&quot;:&quot;&quot;,&quot;created_timestamp&quot;:&quot;0&quot;,&quot;copyright&quot;:&quot;&quot;,&quot;focal_length&quot;:&quot;0&quot;,&quot;iso&quot;:&quot;0&quot;,&quot;shutter_speed&quot;:&quot;0&quot;,&quot;title&quot;:&quot;&quot;,&quot;orientation&quot;:&quot;0&quot;}\" data-image-title=\"28 (4)\" data-image-description=\"\" data-image-caption=\"\" data-large-file=\"https:\/\/i0.wp.com\/blogaudioteka.wpcomstaging.com\/wp-content\/uploads\/28-4.webp?fit=300%2C300&amp;ssl=1\" src=\"https:\/\/i0.wp.com\/blogaudioteka.wpcomstaging.com\/wp-content\/uploads\/28-4.webp?resize=300%2C300&#038;ssl=1\" alt=\"\" class=\"wp-image-12367\" srcset=\"https:\/\/i0.wp.com\/blogaudioteka.wpcomstaging.com\/wp-content\/uploads\/28-4.webp?w=300&amp;ssl=1 300w, https:\/\/i0.wp.com\/blogaudioteka.wpcomstaging.com\/wp-content\/uploads\/28-4.webp?resize=150%2C150&amp;ssl=1 150w, https:\/\/i0.wp.com\/blogaudioteka.wpcomstaging.com\/wp-content\/uploads\/28-4.webp?resize=200%2C200&amp;ssl=1 200w, https:\/\/i0.wp.com\/blogaudioteka.wpcomstaging.com\/wp-content\/uploads\/28-4.webp?resize=148%2C148&amp;ssl=1 148w, https:\/\/i0.wp.com\/blogaudioteka.wpcomstaging.com\/wp-content\/uploads\/28-4.webp?resize=296%2C296&amp;ssl=1 296w\" sizes=\"auto, (max-width: 300px) 100vw, 300px\" \/><\/figure>\n<\/div>\n\n\n<p class=\"has-text-align-justify wp-block-paragraph\">Praktyczny przewodnik po w\u0142asnej psychice. Autorka t\u0142umaczy, dlaczego powielamy nieszcz\u0119\u015bliwe schematy w&nbsp;zwi\u0105zkach i&nbsp;jak uwolni\u0107 si\u0119 od l\u0119ku. Zamiast dawa\u0107 gotowe recepty, uczy zadawania w\u0142a\u015bciwych pyta\u0144, kt\u00f3re prowadz\u0105 do trwa\u0142ej zmiany.<\/p>\n\n\n\n<h3 class=\"wp-block-heading\"><span class=\"ez-toc-section\" id=\"4_%E2%80%9EPoukladaj_to_sobie_w_glowie%E2%80%9D_%E2%80%93_Aga_Rogala\"><\/span>4. <strong><a href=\"https:\/\/audioteka.com\/pl\/audiobook\/poukladaj-to-sobie-w-glowie-100-maili-do-ciebie-o-rodzicielstwie-i-partnerstwie\/\" target=\"_blank\" rel=\"noopener\">&#8222;Pouk\u0142adaj to sobie w&nbsp;g\u0142owie&#8221; &#8211; Aga Rogala<\/a><\/strong><span class=\"ez-toc-section-end\"><\/span><\/h3>\n\n\n<div class=\"wp-block-image\">\n<figure class=\"aligncenter size-full\"><img data-recalc-dims=\"1\" loading=\"lazy\" decoding=\"async\" width=\"300\" height=\"300\" data-attachment-id=\"12369\" data-permalink=\"https:\/\/blogaudioteka.wpcomstaging.com\/26-audiobookow-na-2026-rok-od-tego-musisz-zaczac\/11-2\" data-orig-file=\"https:\/\/i0.wp.com\/blogaudioteka.wpcomstaging.com\/wp-content\/uploads\/11-2.webp?fit=300%2C300&amp;ssl=1\" data-orig-size=\"300,300\" data-comments-opened=\"0\" data-image-meta=\"{&quot;aperture&quot;:&quot;0&quot;,&quot;credit&quot;:&quot;&quot;,&quot;camera&quot;:&quot;&quot;,&quot;caption&quot;:&quot;&quot;,&quot;created_timestamp&quot;:&quot;0&quot;,&quot;copyright&quot;:&quot;&quot;,&quot;focal_length&quot;:&quot;0&quot;,&quot;iso&quot;:&quot;0&quot;,&quot;shutter_speed&quot;:&quot;0&quot;,&quot;title&quot;:&quot;&quot;,&quot;orientation&quot;:&quot;0&quot;}\" data-image-title=\"11 (2)\" data-image-description=\"\" data-image-caption=\"\" data-large-file=\"https:\/\/i0.wp.com\/blogaudioteka.wpcomstaging.com\/wp-content\/uploads\/11-2.webp?fit=300%2C300&amp;ssl=1\" src=\"https:\/\/i0.wp.com\/blogaudioteka.wpcomstaging.com\/wp-content\/uploads\/11-2.webp?resize=300%2C300&#038;ssl=1\" alt=\"\" class=\"wp-image-12369\" srcset=\"https:\/\/i0.wp.com\/blogaudioteka.wpcomstaging.com\/wp-content\/uploads\/11-2.webp?w=300&amp;ssl=1 300w, https:\/\/i0.wp.com\/blogaudioteka.wpcomstaging.com\/wp-content\/uploads\/11-2.webp?resize=150%2C150&amp;ssl=1 150w, https:\/\/i0.wp.com\/blogaudioteka.wpcomstaging.com\/wp-content\/uploads\/11-2.webp?resize=200%2C200&amp;ssl=1 200w, https:\/\/i0.wp.com\/blogaudioteka.wpcomstaging.com\/wp-content\/uploads\/11-2.webp?resize=148%2C148&amp;ssl=1 148w, https:\/\/i0.wp.com\/blogaudioteka.wpcomstaging.com\/wp-content\/uploads\/11-2.webp?resize=296%2C296&amp;ssl=1 296w\" sizes=\"auto, (max-width: 300px) 100vw, 300px\" \/><\/figure>\n<\/div>\n\n\n<p class=\"has-text-align-justify wp-block-paragraph\">Zbi\u00f3r 100 inspiruj\u0105cych lekcji o&nbsp;rodzicielstwie i&nbsp;partnerstwie. Aga Rogala pisze z&nbsp;empati\u0105 kole\u017canki i&nbsp;wiedz\u0105 terapeuty, pomagaj\u0105c odnale\u017a\u0107 spok\u00f3j w&nbsp;codziennym chaosie k\u0142\u00f3tni, stresu i&nbsp;braku czasu. Ksi\u0105\u017cka, kt\u00f3ra sprawia, \u017ce jako rodzic czujesz si\u0119 mniej samotny.<\/p>\n\n\n\n<h3 class=\"wp-block-heading\"><span class=\"ez-toc-section\" id=\"5_%E2%80%9ENiemily_facet%E2%80%9D_%E2%80%93_Robert_Glover\"><\/span>5. <strong><a href=\"https:\/\/audioteka.com\/pl\/audiobook\/niemily-facet-meskie-spojrzenie-na-milosc-seks-i-zwiazki\/\" target=\"_blank\" rel=\"noopener\">&#8222;(Nie)mi\u0142y facet&#8221; &#8211; Robert Glover<\/a><\/strong><span class=\"ez-toc-section-end\"><\/span><\/h3>\n\n\n<div class=\"wp-block-image\">\n<figure class=\"aligncenter size-full\"><img data-recalc-dims=\"1\" loading=\"lazy\" decoding=\"async\" width=\"300\" height=\"300\" data-attachment-id=\"12371\" data-permalink=\"https:\/\/blogaudioteka.wpcomstaging.com\/26-audiobookow-na-2026-rok-od-tego-musisz-zaczac\/41-1\" data-orig-file=\"https:\/\/i0.wp.com\/blogaudioteka.wpcomstaging.com\/wp-content\/uploads\/41-1.webp?fit=300%2C300&amp;ssl=1\" data-orig-size=\"300,300\" data-comments-opened=\"0\" data-image-meta=\"{&quot;aperture&quot;:&quot;0&quot;,&quot;credit&quot;:&quot;&quot;,&quot;camera&quot;:&quot;&quot;,&quot;caption&quot;:&quot;&quot;,&quot;created_timestamp&quot;:&quot;0&quot;,&quot;copyright&quot;:&quot;&quot;,&quot;focal_length&quot;:&quot;0&quot;,&quot;iso&quot;:&quot;0&quot;,&quot;shutter_speed&quot;:&quot;0&quot;,&quot;title&quot;:&quot;&quot;,&quot;orientation&quot;:&quot;0&quot;}\" data-image-title=\"41 (1)\" data-image-description=\"\" data-image-caption=\"\" data-large-file=\"https:\/\/i0.wp.com\/blogaudioteka.wpcomstaging.com\/wp-content\/uploads\/41-1.webp?fit=300%2C300&amp;ssl=1\" src=\"https:\/\/i0.wp.com\/blogaudioteka.wpcomstaging.com\/wp-content\/uploads\/41-1.webp?resize=300%2C300&#038;ssl=1\" alt=\"\" class=\"wp-image-12371\" srcset=\"https:\/\/i0.wp.com\/blogaudioteka.wpcomstaging.com\/wp-content\/uploads\/41-1.webp?w=300&amp;ssl=1 300w, https:\/\/i0.wp.com\/blogaudioteka.wpcomstaging.com\/wp-content\/uploads\/41-1.webp?resize=150%2C150&amp;ssl=1 150w, https:\/\/i0.wp.com\/blogaudioteka.wpcomstaging.com\/wp-content\/uploads\/41-1.webp?resize=200%2C200&amp;ssl=1 200w, https:\/\/i0.wp.com\/blogaudioteka.wpcomstaging.com\/wp-content\/uploads\/41-1.webp?resize=148%2C148&amp;ssl=1 148w, https:\/\/i0.wp.com\/blogaudioteka.wpcomstaging.com\/wp-content\/uploads\/41-1.webp?resize=296%2C296&amp;ssl=1 296w\" sizes=\"auto, (max-width: 300px) 100vw, 300px\" \/><\/figure>\n<\/div>\n\n\n<p class=\"has-text-align-justify wp-block-paragraph\">Prze\u0142omowy poradnik dla m\u0119\u017cczyzn (i ich partnerek), kt\u00f3ry pomaga uwolni\u0107 si\u0119 od toksycznego &#8222;syndromu mi\u0142ego faceta&#8221;. Dr Glover uczy, jak stawia\u0107 granice, otwarcie m\u00f3wi\u0107 o&nbsp;swoich potrzebach i&nbsp;budowa\u0107 prawdziw\u0105 m\u0119sko\u015b\u0107 opart\u0105 na szczero\u015bci, a&nbsp;nie na przypodobywaniu si\u0119 innym.<\/p>\n\n\n\n<div class=\"wp-block-group is-style-cs-promo\"><div class=\"wp-block-group__inner-container is-layout-constrained wp-block-group-is-layout-constrained\">\n<p class=\"wp-block-paragraph\">\ud83d\udc49<a href=\"https:\/\/audioteka.com\/pl\/blog\/jak-osiagnac-sukces-w-pracy-relacjach-i-rozwoju-osobistym-poradniki-dla-mezczyzn\" target=\"_blank\" rel=\"noopener\">Jak osi\u0105gn\u0105\u0107 sukces w&nbsp;pracy, relacjach i&nbsp;rozwoju osobistym? Poradniki dla m\u0119\u017cczyzn<\/a><\/p>\n<\/div><\/div>\n\n\n\n<h3 class=\"wp-block-heading\"><span class=\"ez-toc-section\" id=\"6_%E2%80%9EJak_zdobyc_przyjaciol_i_zjednac_sobie_ludzi%E2%80%9D_%E2%80%93_Dale_Carnegie\"><\/span>6.<a href=\"https:\/\/audioteka.com\/pl\/audiobook\/jak-zdobyc-przyjaciol\/\" target=\"_blank\" rel=\"noopener\"> <strong>&#8222;Jak zdoby\u0107 przyjaci\u00f3\u0142 i&nbsp;zjedna\u0107 sobie ludzi&#8221; &#8211; Dale Carnegie<\/strong><\/a><span class=\"ez-toc-section-end\"><\/span><\/h3>\n\n\n<div class=\"wp-block-image\">\n<figure class=\"aligncenter size-full\"><img data-recalc-dims=\"1\" loading=\"lazy\" decoding=\"async\" width=\"300\" height=\"300\" data-attachment-id=\"12374\" data-permalink=\"https:\/\/blogaudioteka.wpcomstaging.com\/26-audiobookow-na-2026-rok-od-tego-musisz-zaczac\/attachment\/587\" data-orig-file=\"https:\/\/i0.wp.com\/blogaudioteka.wpcomstaging.com\/wp-content\/uploads\/587.webp?fit=300%2C300&amp;ssl=1\" data-orig-size=\"300,300\" data-comments-opened=\"0\" data-image-meta=\"{&quot;aperture&quot;:&quot;0&quot;,&quot;credit&quot;:&quot;&quot;,&quot;camera&quot;:&quot;&quot;,&quot;caption&quot;:&quot;&quot;,&quot;created_timestamp&quot;:&quot;0&quot;,&quot;copyright&quot;:&quot;&quot;,&quot;focal_length&quot;:&quot;0&quot;,&quot;iso&quot;:&quot;0&quot;,&quot;shutter_speed&quot;:&quot;0&quot;,&quot;title&quot;:&quot;&quot;,&quot;orientation&quot;:&quot;0&quot;}\" data-image-title=\"587\" data-image-description=\"\" data-image-caption=\"\" data-large-file=\"https:\/\/i0.wp.com\/blogaudioteka.wpcomstaging.com\/wp-content\/uploads\/587.webp?fit=300%2C300&amp;ssl=1\" src=\"https:\/\/i0.wp.com\/blogaudioteka.wpcomstaging.com\/wp-content\/uploads\/587.webp?resize=300%2C300&#038;ssl=1\" alt=\"\" class=\"wp-image-12374\" srcset=\"https:\/\/i0.wp.com\/blogaudioteka.wpcomstaging.com\/wp-content\/uploads\/587.webp?w=300&amp;ssl=1 300w, https:\/\/i0.wp.com\/blogaudioteka.wpcomstaging.com\/wp-content\/uploads\/587.webp?resize=150%2C150&amp;ssl=1 150w, https:\/\/i0.wp.com\/blogaudioteka.wpcomstaging.com\/wp-content\/uploads\/587.webp?resize=200%2C200&amp;ssl=1 200w, https:\/\/i0.wp.com\/blogaudioteka.wpcomstaging.com\/wp-content\/uploads\/587.webp?resize=148%2C148&amp;ssl=1 148w, https:\/\/i0.wp.com\/blogaudioteka.wpcomstaging.com\/wp-content\/uploads\/587.webp?resize=296%2C296&amp;ssl=1 296w\" sizes=\"auto, (max-width: 300px) 100vw, 300px\" \/><\/figure>\n<\/div>\n\n\n<p class=\"has-text-align-justify wp-block-paragraph\">Ponadczasowy klasyk rozwoju osobistego, kt\u00f3ry mimo up\u0142ywu lat wci\u0105\u017c pozostaje najlepszym podr\u0119cznikiem relacji mi\u0119dzyludzkich. Proste, praktyczne zasady, kt\u00f3re sprawi\u0105, \u017ce Twoja komunikacja z&nbsp;innymi wejdzie na zupe\u0142nie nowy poziom \u2013 zar\u00f3wno w&nbsp;pracy, jak i&nbsp;w \u017cyciu prywatnym.<\/p>\n\n\n\n<h2 class=\"wp-block-heading\"><span class=\"ez-toc-section\" id=\"Kryminal_i_thriller_ksiazki_audio_dla_fanow_mocnych_emocji\"><\/span>Krymina\u0142 i&nbsp;thriller: ksi\u0105\u017cki audio dla fan\u00f3w mocnych emocji<span class=\"ez-toc-section-end\"><\/span><\/h2>\n\n\n\n<h3 class=\"wp-block-heading\"><span class=\"ez-toc-section\" id=\"7_%E2%80%9ENic_takiego%E2%80%9D_%E2%80%93_Katarzyna_Puzynska\"><\/span>7.<a href=\"https:\/\/audioteka.com\/pl\/audiobook\/nic-takiego\/\" target=\"_blank\" rel=\"noopener\"> <strong>&#8222;Nic takiego&#8221; \u2013 Katarzyna Puzy\u0144ska<\/strong> <\/a><span class=\"ez-toc-section-end\"><\/span><\/h3>\n\n\n<div class=\"wp-block-image\">\n<figure class=\"aligncenter size-full\"><img data-recalc-dims=\"1\" loading=\"lazy\" decoding=\"async\" width=\"300\" height=\"300\" data-attachment-id=\"12376\" data-permalink=\"https:\/\/blogaudioteka.wpcomstaging.com\/26-audiobookow-na-2026-rok-od-tego-musisz-zaczac\/attachment\/11\" data-orig-file=\"https:\/\/i0.wp.com\/blogaudioteka.wpcomstaging.com\/wp-content\/uploads\/11.jpg?fit=300%2C300&amp;ssl=1\" data-orig-size=\"300,300\" data-comments-opened=\"0\" data-image-meta=\"{&quot;aperture&quot;:&quot;0&quot;,&quot;credit&quot;:&quot;&quot;,&quot;camera&quot;:&quot;&quot;,&quot;caption&quot;:&quot;&quot;,&quot;created_timestamp&quot;:&quot;0&quot;,&quot;copyright&quot;:&quot;&quot;,&quot;focal_length&quot;:&quot;0&quot;,&quot;iso&quot;:&quot;0&quot;,&quot;shutter_speed&quot;:&quot;0&quot;,&quot;title&quot;:&quot;&quot;,&quot;orientation&quot;:&quot;0&quot;}\" data-image-title=\"11\" data-image-description=\"\" data-image-caption=\"\" data-large-file=\"https:\/\/i0.wp.com\/blogaudioteka.wpcomstaging.com\/wp-content\/uploads\/11.jpg?fit=300%2C300&amp;ssl=1\" src=\"https:\/\/i0.wp.com\/blogaudioteka.wpcomstaging.com\/wp-content\/uploads\/11.jpg?resize=300%2C300&#038;ssl=1\" alt=\"\" class=\"wp-image-12376\" srcset=\"https:\/\/i0.wp.com\/blogaudioteka.wpcomstaging.com\/wp-content\/uploads\/11.jpg?w=300&amp;ssl=1 300w, https:\/\/i0.wp.com\/blogaudioteka.wpcomstaging.com\/wp-content\/uploads\/11.jpg?resize=150%2C150&amp;ssl=1 150w, https:\/\/i0.wp.com\/blogaudioteka.wpcomstaging.com\/wp-content\/uploads\/11.jpg?resize=200%2C200&amp;ssl=1 200w, https:\/\/i0.wp.com\/blogaudioteka.wpcomstaging.com\/wp-content\/uploads\/11.jpg?resize=148%2C148&amp;ssl=1 148w, https:\/\/i0.wp.com\/blogaudioteka.wpcomstaging.com\/wp-content\/uploads\/11.jpg?resize=296%2C296&amp;ssl=1 296w\" sizes=\"auto, (max-width: 300px) 100vw, 300px\" \/><\/figure>\n<\/div>\n\n\n<p class=\"has-text-align-justify wp-block-paragraph\">Kr\u00f3lowa <a href=\"https:\/\/audioteka.com\/pl\/katalog\/kryminal-polski\/\" target=\"_blank\" rel=\"noopener\">polskiego krymina\u0142u<\/a> powraca w&nbsp;wielkim stylu. Tym razem splata losy prokuratora \u015bcigaj\u0105cego demony przesz\u0142o\u015bci i&nbsp;dw\u00f3ch policjantek prowadz\u0105cych \u015bledztwo w&nbsp;luksusowej willi. To g\u0119sty thriller psychologiczny, w&nbsp;kt\u00f3rym ka\u017cdy bohater ma co\u015b do ukrycia, a&nbsp;prawda jest bardziej bolesna ni\u017c k\u0142amstwo.<\/p>\n\n\n\n<h3 class=\"wp-block-heading\"><span class=\"ez-toc-section\" id=\"8_%E2%80%9ERok_zmian%E2%80%9D_%E2%80%93_Mieczyslaw_Gorzka\"><\/span>8. <strong><a href=\"https:\/\/audioteka.com\/pl\/audiobook\/rok-zmian\/\" target=\"_blank\" rel=\"noopener\">&#8222;Rok zmian&#8221; \u2013 Mieczys\u0142aw Gorzka<\/a><\/strong> <span class=\"ez-toc-section-end\"><\/span><\/h3>\n\n\n<div class=\"wp-block-image\">\n<figure class=\"aligncenter size-full\"><img data-recalc-dims=\"1\" loading=\"lazy\" decoding=\"async\" width=\"300\" height=\"268\" data-attachment-id=\"12378\" data-permalink=\"https:\/\/blogaudioteka.wpcomstaging.com\/26-audiobookow-na-2026-rok-od-tego-musisz-zaczac\/14-1\" data-orig-file=\"https:\/\/i0.wp.com\/blogaudioteka.wpcomstaging.com\/wp-content\/uploads\/14-1.webp?fit=300%2C268&amp;ssl=1\" data-orig-size=\"300,268\" data-comments-opened=\"0\" data-image-meta=\"{&quot;aperture&quot;:&quot;0&quot;,&quot;credit&quot;:&quot;&quot;,&quot;camera&quot;:&quot;&quot;,&quot;caption&quot;:&quot;&quot;,&quot;created_timestamp&quot;:&quot;0&quot;,&quot;copyright&quot;:&quot;&quot;,&quot;focal_length&quot;:&quot;0&quot;,&quot;iso&quot;:&quot;0&quot;,&quot;shutter_speed&quot;:&quot;0&quot;,&quot;title&quot;:&quot;&quot;,&quot;orientation&quot;:&quot;0&quot;}\" data-image-title=\"14 (1)\" data-image-description=\"\" data-image-caption=\"\" data-large-file=\"https:\/\/i0.wp.com\/blogaudioteka.wpcomstaging.com\/wp-content\/uploads\/14-1.webp?fit=300%2C268&amp;ssl=1\" src=\"https:\/\/i0.wp.com\/blogaudioteka.wpcomstaging.com\/wp-content\/uploads\/14-1.webp?resize=300%2C268&#038;ssl=1\" alt=\"\" class=\"wp-image-12378\"\/><\/figure>\n<\/div>\n\n\n<p class=\"has-text-align-justify wp-block-paragraph\">Mroczny thriller o&nbsp;tym, jak noworoczne postanowienia i&nbsp;jedna wr\u00f3\u017cba mog\u0105 uruchomi\u0107 lawin\u0119 nieszcz\u0119\u015b\u0107. Trzy splataj\u0105ce si\u0119 losy i&nbsp;walka z&nbsp;mroczn\u0105 natur\u0105, kt\u00f3ra nie daje o&nbsp;sobie zapomnie\u0107.<\/p>\n\n\n\n<h3 class=\"wp-block-heading\"><span class=\"ez-toc-section\" id=\"9_%E2%80%9EZanim_powiesz_zegnaj%E2%80%9D_%E2%80%93_Harlan_Coben_Reese_Witherspoon\"><\/span>9. <strong><a href=\"https:\/\/audioteka.com\/pl\/audiobook\/zanim-powiesz-zegnaj\/\" target=\"_blank\" rel=\"noopener\"><strong>&#8222;Zanim powiesz \u017cegnaj&#8221; \u2013 Harlan Coben, Reese Witherspoon<\/strong> <\/a><\/strong><span class=\"ez-toc-section-end\"><\/span><\/h3>\n\n\n<div class=\"wp-block-image\">\n<figure class=\"aligncenter size-full\"><img data-recalc-dims=\"1\" loading=\"lazy\" decoding=\"async\" width=\"300\" height=\"300\" data-attachment-id=\"12356\" data-permalink=\"https:\/\/blogaudioteka.wpcomstaging.com\/26-audiobookow-na-2026-rok-od-tego-musisz-zaczac\/149-3\" data-orig-file=\"https:\/\/i0.wp.com\/blogaudioteka.wpcomstaging.com\/wp-content\/uploads\/149-3.webp?fit=300%2C300&amp;ssl=1\" data-orig-size=\"300,300\" data-comments-opened=\"0\" data-image-meta=\"{&quot;aperture&quot;:&quot;0&quot;,&quot;credit&quot;:&quot;&quot;,&quot;camera&quot;:&quot;&quot;,&quot;caption&quot;:&quot;&quot;,&quot;created_timestamp&quot;:&quot;0&quot;,&quot;copyright&quot;:&quot;&quot;,&quot;focal_length&quot;:&quot;0&quot;,&quot;iso&quot;:&quot;0&quot;,&quot;shutter_speed&quot;:&quot;0&quot;,&quot;title&quot;:&quot;&quot;,&quot;orientation&quot;:&quot;0&quot;}\" data-image-title=\"149 (3)\" data-image-description=\"\" data-image-caption=\"\" data-large-file=\"https:\/\/i0.wp.com\/blogaudioteka.wpcomstaging.com\/wp-content\/uploads\/149-3.webp?fit=300%2C300&amp;ssl=1\" src=\"https:\/\/i0.wp.com\/blogaudioteka.wpcomstaging.com\/wp-content\/uploads\/149-3.webp?resize=300%2C300&#038;ssl=1\" alt=\"\" class=\"wp-image-12356\" srcset=\"https:\/\/i0.wp.com\/blogaudioteka.wpcomstaging.com\/wp-content\/uploads\/149-3.webp?w=300&amp;ssl=1 300w, https:\/\/i0.wp.com\/blogaudioteka.wpcomstaging.com\/wp-content\/uploads\/149-3.webp?resize=150%2C150&amp;ssl=1 150w, https:\/\/i0.wp.com\/blogaudioteka.wpcomstaging.com\/wp-content\/uploads\/149-3.webp?resize=200%2C200&amp;ssl=1 200w, https:\/\/i0.wp.com\/blogaudioteka.wpcomstaging.com\/wp-content\/uploads\/149-3.webp?resize=148%2C148&amp;ssl=1 148w, https:\/\/i0.wp.com\/blogaudioteka.wpcomstaging.com\/wp-content\/uploads\/149-3.webp?resize=296%2C296&amp;ssl=1 296w\" sizes=\"auto, (max-width: 300px) 100vw, 300px\" \/><\/figure>\n<\/div>\n\n\n<p class=\"has-text-align-justify wp-block-paragraph\">Duet gigant\u00f3w serwuje nam <a href=\"https:\/\/audioteka.com\/pl\/katalog\/thriller\/\" target=\"_blank\" rel=\"noopener\">thriller<\/a> na miar\u0119 Oscara. Elitarna chirurg wojskowa trafia do zamkni\u0119tej kliniki dla najbogatszych, gdzie jeden b\u0142\u0105d mo\u017ce kosztowa\u0107 \u017cycie. Gdy pacjent znika, zaczyna si\u0119 desperacki wy\u015bcig z&nbsp;czasem w&nbsp;\u015bwiecie, gdzie za milczenie p\u0142aci si\u0119 ka\u017cd\u0105 cen\u0119.<\/p>\n\n\n\n<h3 class=\"wp-block-heading\"><span class=\"ez-toc-section\" id=\"9_%E2%80%9EGlupiec_Karty_Tarota_T_2%E2%80%9D_%E2%80%93_Magdalena_Kornak\"><\/span>9. <strong><a href=\"https:\/\/audioteka.com\/pl\/audiobook\/glupiec\/\" target=\"_blank\" rel=\"noopener\">&#8222;G\u0142upiec. Karty Tarota. T. 2&#8221; &#8211; Magdalena Kornak<\/a><\/strong><span class=\"ez-toc-section-end\"><\/span><\/h3>\n\n\n<div class=\"wp-block-image\">\n<figure class=\"aligncenter size-full\"><img data-recalc-dims=\"1\" loading=\"lazy\" decoding=\"async\" width=\"300\" height=\"300\" data-attachment-id=\"12354\" data-permalink=\"https:\/\/blogaudioteka.wpcomstaging.com\/26-audiobookow-na-2026-rok-od-tego-musisz-zaczac\/6-21\" data-orig-file=\"https:\/\/i0.wp.com\/blogaudioteka.wpcomstaging.com\/wp-content\/uploads\/6-21.webp?fit=300%2C300&amp;ssl=1\" data-orig-size=\"300,300\" data-comments-opened=\"0\" data-image-meta=\"{&quot;aperture&quot;:&quot;0&quot;,&quot;credit&quot;:&quot;&quot;,&quot;camera&quot;:&quot;&quot;,&quot;caption&quot;:&quot;&quot;,&quot;created_timestamp&quot;:&quot;0&quot;,&quot;copyright&quot;:&quot;&quot;,&quot;focal_length&quot;:&quot;0&quot;,&quot;iso&quot;:&quot;0&quot;,&quot;shutter_speed&quot;:&quot;0&quot;,&quot;title&quot;:&quot;&quot;,&quot;orientation&quot;:&quot;0&quot;}\" data-image-title=\"6 (21)\" data-image-description=\"\" data-image-caption=\"\" data-large-file=\"https:\/\/i0.wp.com\/blogaudioteka.wpcomstaging.com\/wp-content\/uploads\/6-21.webp?fit=300%2C300&amp;ssl=1\" src=\"https:\/\/i0.wp.com\/blogaudioteka.wpcomstaging.com\/wp-content\/uploads\/6-21.webp?resize=300%2C300&#038;ssl=1\" alt=\"\" class=\"wp-image-12354\" srcset=\"https:\/\/i0.wp.com\/blogaudioteka.wpcomstaging.com\/wp-content\/uploads\/6-21.webp?w=300&amp;ssl=1 300w, https:\/\/i0.wp.com\/blogaudioteka.wpcomstaging.com\/wp-content\/uploads\/6-21.webp?resize=150%2C150&amp;ssl=1 150w, https:\/\/i0.wp.com\/blogaudioteka.wpcomstaging.com\/wp-content\/uploads\/6-21.webp?resize=200%2C200&amp;ssl=1 200w, https:\/\/i0.wp.com\/blogaudioteka.wpcomstaging.com\/wp-content\/uploads\/6-21.webp?resize=148%2C148&amp;ssl=1 148w, https:\/\/i0.wp.com\/blogaudioteka.wpcomstaging.com\/wp-content\/uploads\/6-21.webp?resize=296%2C296&amp;ssl=1 296w\" sizes=\"auto, (max-width: 300px) 100vw, 300px\" \/><\/figure>\n<\/div>\n\n\n<p class=\"has-text-align-justify wp-block-paragraph\">Mroczny Wroc\u0142aw i&nbsp;bezwzgl\u0119dna zemsta praskiego gangu. Gdy znaleziona zostaje makabryczna zagadka \u2013 rozcz\u0142onkowane zw\u0142oki na terenie dawnej jednostki \u2013 nowi \u015bledczy musz\u0105 zmierzy\u0107 si\u0119 z&nbsp;mrokiem miasta. Thriller o&nbsp;lojalno\u015bci, w&nbsp;kt\u00f3rym jedna karta tarota decyduje o&nbsp;\u017cyciu i&nbsp;\u015bmierci.<\/p>\n\n\n\n<h3 class=\"wp-block-heading\"><span class=\"ez-toc-section\" id=\"10_%E2%80%9EFala%E2%80%9D_%E2%80%93_Katarzyna_Wolwowicz\"><\/span>10. <strong><a href=\"https:\/\/audioteka.com\/pl\/audiobook\/fala-wyd-zwierciadlo\/\" target=\"_blank\" rel=\"noopener\">&#8222;Fala&#8221; &#8211; Katarzyna Wolwowicz<\/a><\/strong><span class=\"ez-toc-section-end\"><\/span><\/h3>\n\n\n<div class=\"wp-block-image\">\n<figure class=\"aligncenter size-full\"><img data-recalc-dims=\"1\" loading=\"lazy\" decoding=\"async\" width=\"300\" height=\"300\" data-attachment-id=\"12353\" data-permalink=\"https:\/\/blogaudioteka.wpcomstaging.com\/26-audiobookow-na-2026-rok-od-tego-musisz-zaczac\/224-1\" data-orig-file=\"https:\/\/i0.wp.com\/blogaudioteka.wpcomstaging.com\/wp-content\/uploads\/224-1.webp?fit=300%2C300&amp;ssl=1\" data-orig-size=\"300,300\" data-comments-opened=\"0\" data-image-meta=\"{&quot;aperture&quot;:&quot;0&quot;,&quot;credit&quot;:&quot;&quot;,&quot;camera&quot;:&quot;&quot;,&quot;caption&quot;:&quot;&quot;,&quot;created_timestamp&quot;:&quot;0&quot;,&quot;copyright&quot;:&quot;&quot;,&quot;focal_length&quot;:&quot;0&quot;,&quot;iso&quot;:&quot;0&quot;,&quot;shutter_speed&quot;:&quot;0&quot;,&quot;title&quot;:&quot;&quot;,&quot;orientation&quot;:&quot;0&quot;}\" data-image-title=\"224 (1)\" data-image-description=\"\" data-image-caption=\"\" data-large-file=\"https:\/\/i0.wp.com\/blogaudioteka.wpcomstaging.com\/wp-content\/uploads\/224-1.webp?fit=300%2C300&amp;ssl=1\" src=\"https:\/\/i0.wp.com\/blogaudioteka.wpcomstaging.com\/wp-content\/uploads\/224-1.webp?resize=300%2C300&#038;ssl=1\" alt=\"\" class=\"wp-image-12353\" srcset=\"https:\/\/i0.wp.com\/blogaudioteka.wpcomstaging.com\/wp-content\/uploads\/224-1.webp?w=300&amp;ssl=1 300w, https:\/\/i0.wp.com\/blogaudioteka.wpcomstaging.com\/wp-content\/uploads\/224-1.webp?resize=150%2C150&amp;ssl=1 150w, https:\/\/i0.wp.com\/blogaudioteka.wpcomstaging.com\/wp-content\/uploads\/224-1.webp?resize=200%2C200&amp;ssl=1 200w, https:\/\/i0.wp.com\/blogaudioteka.wpcomstaging.com\/wp-content\/uploads\/224-1.webp?resize=148%2C148&amp;ssl=1 148w, https:\/\/i0.wp.com\/blogaudioteka.wpcomstaging.com\/wp-content\/uploads\/224-1.webp?resize=296%2C296&amp;ssl=1 296w\" sizes=\"auto, (max-width: 300px) 100vw, 300px\" \/><\/figure>\n<\/div>\n\n\n<p class=\"has-text-align-justify wp-block-paragraph\">Jubileuszowy, 10. tom <a href=\"https:\/\/audioteka.com\/pl\/cykl\/seria-kryminalna-z-komisarz-olga-balicka\/\" target=\"_blank\" rel=\"noopener\">serii z&nbsp;komisarz Olg\u0105 Balick\u0105<\/a>. Tym razem akcja przenosi si\u0119 do nadmorskiego kurortu, gdzie pod p\u0142aszczem luksusu kryj\u0105 si\u0119 mroczne sekrety przedsi\u0119biorcy i&nbsp;\u015blad seryjnego mordercy. Czy Hannibal, skazany za zbrodnie, to faktycznie ten w\u0142a\u015bciwy cz\u0142owiek?<\/p>\n\n\n\n<h2 class=\"wp-block-heading\"><span class=\"ez-toc-section\" id=\"Fantastyka_dzwiek_ktory_przeniesie_Cie_do_innych_swiatow\"><\/span>Fantastyka: d\u017awi\u0119k, kt\u00f3ry przeniesie Ci\u0119 do innych \u015bwiat\u00f3w <span class=\"ez-toc-section-end\"><\/span><\/h2>\n\n\n\n<h3 class=\"wp-block-heading\"><span class=\"ez-toc-section\" id=\"11_%E2%80%9EWladca_Pierscieni_Druzyna_Pierscienia%E2%80%9D_%E2%80%93_JRR_Tolkien\"><\/span>11. <a href=\"https:\/\/audioteka.com\/pl\/audiobook\/wladca-pierscieni-druzyna-pierscienia-t1\/\" target=\"_blank\" rel=\"noopener\"><strong>&#8222;W\u0142adca Pier\u015bcieni. Dru\u017cyna Pier\u015bcienia&#8221; \u2013 J.R.R. Tolkien<\/strong> <\/a><span class=\"ez-toc-section-end\"><\/span><\/h3>\n\n\n<div class=\"wp-block-image\">\n<figure class=\"aligncenter size-full\"><img data-recalc-dims=\"1\" loading=\"lazy\" decoding=\"async\" width=\"300\" height=\"300\" data-attachment-id=\"12351\" data-permalink=\"https:\/\/blogaudioteka.wpcomstaging.com\/26-audiobookow-na-2026-rok-od-tego-musisz-zaczac\/186-3\" data-orig-file=\"https:\/\/i0.wp.com\/blogaudioteka.wpcomstaging.com\/wp-content\/uploads\/186-3.webp?fit=300%2C300&amp;ssl=1\" data-orig-size=\"300,300\" data-comments-opened=\"0\" data-image-meta=\"{&quot;aperture&quot;:&quot;0&quot;,&quot;credit&quot;:&quot;&quot;,&quot;camera&quot;:&quot;&quot;,&quot;caption&quot;:&quot;&quot;,&quot;created_timestamp&quot;:&quot;0&quot;,&quot;copyright&quot;:&quot;&quot;,&quot;focal_length&quot;:&quot;0&quot;,&quot;iso&quot;:&quot;0&quot;,&quot;shutter_speed&quot;:&quot;0&quot;,&quot;title&quot;:&quot;&quot;,&quot;orientation&quot;:&quot;0&quot;}\" data-image-title=\"186 (3)\" data-image-description=\"\" data-image-caption=\"\" data-large-file=\"https:\/\/i0.wp.com\/blogaudioteka.wpcomstaging.com\/wp-content\/uploads\/186-3.webp?fit=300%2C300&amp;ssl=1\" src=\"https:\/\/i0.wp.com\/blogaudioteka.wpcomstaging.com\/wp-content\/uploads\/186-3.webp?resize=300%2C300&#038;ssl=1\" alt=\"\" class=\"wp-image-12351\" srcset=\"https:\/\/i0.wp.com\/blogaudioteka.wpcomstaging.com\/wp-content\/uploads\/186-3.webp?w=300&amp;ssl=1 300w, https:\/\/i0.wp.com\/blogaudioteka.wpcomstaging.com\/wp-content\/uploads\/186-3.webp?resize=150%2C150&amp;ssl=1 150w, https:\/\/i0.wp.com\/blogaudioteka.wpcomstaging.com\/wp-content\/uploads\/186-3.webp?resize=200%2C200&amp;ssl=1 200w, https:\/\/i0.wp.com\/blogaudioteka.wpcomstaging.com\/wp-content\/uploads\/186-3.webp?resize=148%2C148&amp;ssl=1 148w, https:\/\/i0.wp.com\/blogaudioteka.wpcomstaging.com\/wp-content\/uploads\/186-3.webp?resize=296%2C296&amp;ssl=1 296w\" sizes=\"auto, (max-width: 300px) 100vw, 300px\" \/><\/figure>\n<\/div>\n\n\n<p class=\"has-text-align-justify wp-block-paragraph\">Epicki pocz\u0105tek najwa\u017cniejszej wyprawy w&nbsp;historii fantasy. Marian Czarkowski swoim g\u0142osem o\u017cywia \u015ar\u00f3dziemie, prowadz\u0105c nas przez walk\u0119 dobra ze z\u0142em i&nbsp;narodziny niezwyk\u0142ej przyja\u017ani.<\/p>\n\n\n\n<h3 class=\"wp-block-heading\"><span class=\"ez-toc-section\" id=\"12_%E2%80%9EWieza_Jaskolki%E2%80%9D_%E2%80%93_Andrzej_Sapkowski\"><\/span>12. <a href=\"https:\/\/audioteka.com\/pl\/audiobook\/wieza-jaskolki-tom-1\/\" target=\"_blank\" rel=\"noopener\"><strong>&#8222;Wie\u017ca Jask\u00f3\u0142ki&#8221; \u2013 Andrzej Sapkowski<\/strong> <\/a><span class=\"ez-toc-section-end\"><\/span><\/h3>\n\n\n<div class=\"wp-block-image\">\n<figure class=\"aligncenter size-full\"><img data-recalc-dims=\"1\" loading=\"lazy\" decoding=\"async\" width=\"300\" height=\"300\" data-attachment-id=\"12345\" data-permalink=\"https:\/\/blogaudioteka.wpcomstaging.com\/26-audiobookow-na-2026-rok-od-tego-musisz-zaczac\/943-1\" data-orig-file=\"https:\/\/i0.wp.com\/blogaudioteka.wpcomstaging.com\/wp-content\/uploads\/943-1.webp?fit=300%2C300&amp;ssl=1\" data-orig-size=\"300,300\" data-comments-opened=\"0\" data-image-meta=\"{&quot;aperture&quot;:&quot;0&quot;,&quot;credit&quot;:&quot;&quot;,&quot;camera&quot;:&quot;&quot;,&quot;caption&quot;:&quot;&quot;,&quot;created_timestamp&quot;:&quot;0&quot;,&quot;copyright&quot;:&quot;&quot;,&quot;focal_length&quot;:&quot;0&quot;,&quot;iso&quot;:&quot;0&quot;,&quot;shutter_speed&quot;:&quot;0&quot;,&quot;title&quot;:&quot;&quot;,&quot;orientation&quot;:&quot;0&quot;}\" data-image-title=\"943 (1)\" data-image-description=\"\" data-image-caption=\"\" data-large-file=\"https:\/\/i0.wp.com\/blogaudioteka.wpcomstaging.com\/wp-content\/uploads\/943-1.webp?fit=300%2C300&amp;ssl=1\" src=\"https:\/\/i0.wp.com\/blogaudioteka.wpcomstaging.com\/wp-content\/uploads\/943-1.webp?resize=300%2C300&#038;ssl=1\" alt=\"\" class=\"wp-image-12345\" srcset=\"https:\/\/i0.wp.com\/blogaudioteka.wpcomstaging.com\/wp-content\/uploads\/943-1.webp?w=300&amp;ssl=1 300w, https:\/\/i0.wp.com\/blogaudioteka.wpcomstaging.com\/wp-content\/uploads\/943-1.webp?resize=150%2C150&amp;ssl=1 150w, https:\/\/i0.wp.com\/blogaudioteka.wpcomstaging.com\/wp-content\/uploads\/943-1.webp?resize=200%2C200&amp;ssl=1 200w, https:\/\/i0.wp.com\/blogaudioteka.wpcomstaging.com\/wp-content\/uploads\/943-1.webp?resize=148%2C148&amp;ssl=1 148w, https:\/\/i0.wp.com\/blogaudioteka.wpcomstaging.com\/wp-content\/uploads\/943-1.webp?resize=296%2C296&amp;ssl=1 296w\" sizes=\"auto, (max-width: 300px) 100vw, 300px\" \/><\/figure>\n<\/div>\n\n\n<p class=\"has-text-align-justify wp-block-paragraph\">Czwarty tom sagi o&nbsp;Wied\u017aminie w&nbsp;formie spektakularnego s\u0142uchowiska. Podczas gdy Geralt desperacko szuka Ciri, ona sama walczy o&nbsp;przetrwanie, zmierzaj\u0105c ku tajemniczej Wie\u017cy Jask\u00f3\u0142ki. G\u0142os <a href=\"https:\/\/audioteka.com\/pl\/lektor\/krzysztof-gosztyla\/\" target=\"_blank\" rel=\"noopener\">Krzysztofa Goszty\u0142y<\/a> i&nbsp;genialna oprawa d\u017awi\u0119kowa sprawiaj\u0105, \u017ce \u015bwiat \u015ar\u00f3dziemia (i Kontynentu) staje si\u0119 niemal namacalny.<\/p>\n\n\n\n<h3 class=\"wp-block-heading\"><span class=\"ez-toc-section\" id=\"13_%E2%80%9EFourth_Wing_Czwarte_skrzydlo%E2%80%9D_%E2%80%93_Rebecca_Yarros\"><\/span>13. <strong><a href=\"https:\/\/audioteka.com\/pl\/audiobook\/fourth-wing-czwarte-skrzydlo\/\" target=\"_blank\" rel=\"noopener\">&#8222;Fourth Wing. Czwarte skrzyd\u0142o&#8221; &#8211; Rebecca Yarros<\/a><\/strong><span class=\"ez-toc-section-end\"><\/span><\/h3>\n\n\n<div class=\"wp-block-image\">\n<figure class=\"aligncenter size-full\"><img data-recalc-dims=\"1\" loading=\"lazy\" decoding=\"async\" width=\"300\" height=\"300\" data-attachment-id=\"12347\" data-permalink=\"https:\/\/blogaudioteka.wpcomstaging.com\/26-audiobookow-na-2026-rok-od-tego-musisz-zaczac\/208-1\" data-orig-file=\"https:\/\/i0.wp.com\/blogaudioteka.wpcomstaging.com\/wp-content\/uploads\/208-1.webp?fit=300%2C300&amp;ssl=1\" data-orig-size=\"300,300\" data-comments-opened=\"0\" data-image-meta=\"{&quot;aperture&quot;:&quot;0&quot;,&quot;credit&quot;:&quot;&quot;,&quot;camera&quot;:&quot;&quot;,&quot;caption&quot;:&quot;&quot;,&quot;created_timestamp&quot;:&quot;0&quot;,&quot;copyright&quot;:&quot;&quot;,&quot;focal_length&quot;:&quot;0&quot;,&quot;iso&quot;:&quot;0&quot;,&quot;shutter_speed&quot;:&quot;0&quot;,&quot;title&quot;:&quot;&quot;,&quot;orientation&quot;:&quot;0&quot;}\" data-image-title=\"208 (1)\" data-image-description=\"\" data-image-caption=\"\" data-large-file=\"https:\/\/i0.wp.com\/blogaudioteka.wpcomstaging.com\/wp-content\/uploads\/208-1.webp?fit=300%2C300&amp;ssl=1\" src=\"https:\/\/i0.wp.com\/blogaudioteka.wpcomstaging.com\/wp-content\/uploads\/208-1.webp?resize=300%2C300&#038;ssl=1\" alt=\"\" class=\"wp-image-12347\" srcset=\"https:\/\/i0.wp.com\/blogaudioteka.wpcomstaging.com\/wp-content\/uploads\/208-1.webp?w=300&amp;ssl=1 300w, https:\/\/i0.wp.com\/blogaudioteka.wpcomstaging.com\/wp-content\/uploads\/208-1.webp?resize=150%2C150&amp;ssl=1 150w, https:\/\/i0.wp.com\/blogaudioteka.wpcomstaging.com\/wp-content\/uploads\/208-1.webp?resize=200%2C200&amp;ssl=1 200w, https:\/\/i0.wp.com\/blogaudioteka.wpcomstaging.com\/wp-content\/uploads\/208-1.webp?resize=148%2C148&amp;ssl=1 148w, https:\/\/i0.wp.com\/blogaudioteka.wpcomstaging.com\/wp-content\/uploads\/208-1.webp?resize=296%2C296&amp;ssl=1 296w\" sizes=\"auto, (max-width: 300px) 100vw, 300px\" \/><\/figure>\n<\/div>\n\n\n<p class=\"has-text-align-justify wp-block-paragraph\">\u015awiatowy fenomen gatunku <em>romantasy<\/em>. Violet trafia do brutalnej uczelni dla je\u017ad\u017ac\u00f3w smok\u00f3w, gdzie ka\u017cdy dzie\u0144 to walka o&nbsp;przetrwanie. Smoki nie wi\u0105\u017c\u0105 si\u0119 z&nbsp;kruchymi lud\u017ami \u2013 one ich eliminuj\u0105. Gor\u0105cy romans, wielkie smoki i&nbsp;tajemnice, kt\u00f3re mog\u0105 zniszczy\u0107 kr\u00f3lestwo.<\/p>\n\n\n\n<h3 class=\"wp-block-heading\"><span class=\"ez-toc-section\" id=\"14_%E2%80%9EWojslawicka_masakra_kosa_lancuchowa%E2%80%9D_%E2%80%93_Andrzej_Pilipiuk\"><\/span>14. <a href=\"https:\/\/audioteka.com\/pl\/audiobook\/wojslawicka-masakra-kosa-lancuchowa\/\" target=\"_blank\" rel=\"noopener\"><strong>&#8222;Wojs\u0142awicka masakra kos\u0105 \u0142a\u0144cuchow\u0105&#8221; \u2013 Andrzej Pilipiuk<\/strong> <\/a><span class=\"ez-toc-section-end\"><\/span><\/h3>\n\n\n<div class=\"wp-block-image\">\n<figure class=\"aligncenter size-full\"><img data-recalc-dims=\"1\" loading=\"lazy\" decoding=\"async\" width=\"300\" height=\"300\" data-attachment-id=\"12349\" data-permalink=\"https:\/\/blogaudioteka.wpcomstaging.com\/26-audiobookow-na-2026-rok-od-tego-musisz-zaczac\/attachment\/222\" data-orig-file=\"https:\/\/i0.wp.com\/blogaudioteka.wpcomstaging.com\/wp-content\/uploads\/222.webp?fit=300%2C300&amp;ssl=1\" data-orig-size=\"300,300\" data-comments-opened=\"0\" data-image-meta=\"{&quot;aperture&quot;:&quot;0&quot;,&quot;credit&quot;:&quot;&quot;,&quot;camera&quot;:&quot;&quot;,&quot;caption&quot;:&quot;&quot;,&quot;created_timestamp&quot;:&quot;0&quot;,&quot;copyright&quot;:&quot;&quot;,&quot;focal_length&quot;:&quot;0&quot;,&quot;iso&quot;:&quot;0&quot;,&quot;shutter_speed&quot;:&quot;0&quot;,&quot;title&quot;:&quot;&quot;,&quot;orientation&quot;:&quot;0&quot;}\" data-image-title=\"222\" data-image-description=\"\" data-image-caption=\"\" data-large-file=\"https:\/\/i0.wp.com\/blogaudioteka.wpcomstaging.com\/wp-content\/uploads\/222.webp?fit=300%2C300&amp;ssl=1\" src=\"https:\/\/i0.wp.com\/blogaudioteka.wpcomstaging.com\/wp-content\/uploads\/222.webp?resize=300%2C300&#038;ssl=1\" alt=\"\" class=\"wp-image-12349\" srcset=\"https:\/\/i0.wp.com\/blogaudioteka.wpcomstaging.com\/wp-content\/uploads\/222.webp?w=300&amp;ssl=1 300w, https:\/\/i0.wp.com\/blogaudioteka.wpcomstaging.com\/wp-content\/uploads\/222.webp?resize=150%2C150&amp;ssl=1 150w, https:\/\/i0.wp.com\/blogaudioteka.wpcomstaging.com\/wp-content\/uploads\/222.webp?resize=200%2C200&amp;ssl=1 200w, https:\/\/i0.wp.com\/blogaudioteka.wpcomstaging.com\/wp-content\/uploads\/222.webp?resize=148%2C148&amp;ssl=1 148w, https:\/\/i0.wp.com\/blogaudioteka.wpcomstaging.com\/wp-content\/uploads\/222.webp?resize=296%2C296&amp;ssl=1 296w\" sizes=\"auto, (max-width: 300px) 100vw, 300px\" \/><\/figure>\n<\/div>\n\n\n<p class=\"has-text-align-justify wp-block-paragraph\">Kultowy <a href=\"https:\/\/audioteka.com\/pl\/cykl\/opowiadania-o-jakubie-wedrowyczu\/\" target=\"_blank\" rel=\"noopener\">Jakub W\u0119drowycz<\/a> powraca! Bimbrownik, egzorcysta i&nbsp;amator samogonu zn\u00f3w staje do walki z&nbsp;si\u0142ami nieczystymi (i s\u0105siadami) w&nbsp;swoim niepowtarzalnym, wiejskim stylu. Absurdalny humor i&nbsp;podlaski klimat, kt\u00f3ry wci\u0105ga mocniej ni\u017c bagna w&nbsp;Wojs\u0142awicach.<\/p>\n\n\n\n<h3 class=\"wp-block-heading\"><span class=\"ez-toc-section\" id=\"15_%E2%80%9ETo%E2%80%9D_%E2%80%93_Stephen_King\"><\/span>15. <a href=\"https:\/\/audioteka.com\/pl\/audiobook\/to\/\" target=\"_blank\" rel=\"noopener\"><strong>&#8222;To&#8221; \u2013 Stephen King<\/strong> <\/a><span class=\"ez-toc-section-end\"><\/span><\/h3>\n\n\n<div class=\"wp-block-image\">\n<figure class=\"aligncenter size-full\"><img data-recalc-dims=\"1\" loading=\"lazy\" decoding=\"async\" width=\"300\" height=\"300\" data-attachment-id=\"12344\" data-permalink=\"https:\/\/blogaudioteka.wpcomstaging.com\/26-audiobookow-na-2026-rok-od-tego-musisz-zaczac\/attachment\/248\" data-orig-file=\"https:\/\/i0.wp.com\/blogaudioteka.wpcomstaging.com\/wp-content\/uploads\/248.webp?fit=300%2C300&amp;ssl=1\" data-orig-size=\"300,300\" data-comments-opened=\"0\" data-image-meta=\"{&quot;aperture&quot;:&quot;0&quot;,&quot;credit&quot;:&quot;&quot;,&quot;camera&quot;:&quot;&quot;,&quot;caption&quot;:&quot;&quot;,&quot;created_timestamp&quot;:&quot;0&quot;,&quot;copyright&quot;:&quot;&quot;,&quot;focal_length&quot;:&quot;0&quot;,&quot;iso&quot;:&quot;0&quot;,&quot;shutter_speed&quot;:&quot;0&quot;,&quot;title&quot;:&quot;&quot;,&quot;orientation&quot;:&quot;0&quot;}\" data-image-title=\"248\" data-image-description=\"\" data-image-caption=\"\" data-large-file=\"https:\/\/i0.wp.com\/blogaudioteka.wpcomstaging.com\/wp-content\/uploads\/248.webp?fit=300%2C300&amp;ssl=1\" src=\"https:\/\/i0.wp.com\/blogaudioteka.wpcomstaging.com\/wp-content\/uploads\/248.webp?resize=300%2C300&#038;ssl=1\" alt=\"\" class=\"wp-image-12344\" srcset=\"https:\/\/i0.wp.com\/blogaudioteka.wpcomstaging.com\/wp-content\/uploads\/248.webp?w=300&amp;ssl=1 300w, https:\/\/i0.wp.com\/blogaudioteka.wpcomstaging.com\/wp-content\/uploads\/248.webp?resize=150%2C150&amp;ssl=1 150w, https:\/\/i0.wp.com\/blogaudioteka.wpcomstaging.com\/wp-content\/uploads\/248.webp?resize=200%2C200&amp;ssl=1 200w, https:\/\/i0.wp.com\/blogaudioteka.wpcomstaging.com\/wp-content\/uploads\/248.webp?resize=148%2C148&amp;ssl=1 148w, https:\/\/i0.wp.com\/blogaudioteka.wpcomstaging.com\/wp-content\/uploads\/248.webp?resize=296%2C296&amp;ssl=1 296w\" sizes=\"auto, (max-width: 300px) 100vw, 300px\" \/><\/figure>\n<\/div>\n\n\n<p class=\"has-text-align-justify wp-block-paragraph\">Najbardziej przera\u017caj\u0105ca powie\u015b\u0107 kr\u00f3la grozy w&nbsp;monumentalnym wydaniu. To nie jest tylko historia o&nbsp;morderczym klaunie Pennywise \u017ceruj\u0105cym w&nbsp;kana\u0142ach Derry. To epicka, trwaj\u0105ca ponad 54 godziny opowie\u015b\u0107 o&nbsp;pot\u0119dze dzieci\u0119cej wyobra\u017ani, traumach, kt\u00f3re wracaj\u0105 po latach, i&nbsp;ostatecznym starciu ze z\u0142em, kt\u00f3re przybiera posta\u0107 naszych najwi\u0119kszych l\u0119k\u00f3w.<\/p>\n\n\n\n<h2 class=\"wp-block-heading\"><span class=\"ez-toc-section\" id=\"Literatura_faktu_i_biografie_interesujace_audiobooki_odkrywajace_prawde\"><\/span>Literatura faktu i&nbsp;biografie: interesuj\u0105ce audiobooki odkrywaj\u0105ce prawd\u0119<span class=\"ez-toc-section-end\"><\/span><\/h2>\n\n\n\n<h3 class=\"wp-block-heading\"><span class=\"ez-toc-section\" id=\"16_%E2%80%9ELewandowski_Prawdziwy%E2%80%9D_%E2%80%93_Sebastian_Staszewski\"><\/span>16. <a href=\"https:\/\/audioteka.com\/pl\/audiobook\/lewandowski-prawdziwy\/\" target=\"_blank\" rel=\"noopener\"><strong>&#8222;Lewandowski. Prawdziwy&#8221; \u2013 Sebastian Staszewski<\/strong> <\/a><span class=\"ez-toc-section-end\"><\/span><\/h3>\n\n\n<div class=\"wp-block-image\">\n<figure class=\"aligncenter size-full\"><img data-recalc-dims=\"1\" loading=\"lazy\" decoding=\"async\" width=\"300\" height=\"300\" data-attachment-id=\"12379\" data-permalink=\"https:\/\/blogaudioteka.wpcomstaging.com\/26-audiobookow-na-2026-rok-od-tego-musisz-zaczac\/17-5\" data-orig-file=\"https:\/\/i0.wp.com\/blogaudioteka.wpcomstaging.com\/wp-content\/uploads\/17-5.webp?fit=300%2C300&amp;ssl=1\" data-orig-size=\"300,300\" data-comments-opened=\"0\" data-image-meta=\"{&quot;aperture&quot;:&quot;0&quot;,&quot;credit&quot;:&quot;&quot;,&quot;camera&quot;:&quot;&quot;,&quot;caption&quot;:&quot;&quot;,&quot;created_timestamp&quot;:&quot;0&quot;,&quot;copyright&quot;:&quot;&quot;,&quot;focal_length&quot;:&quot;0&quot;,&quot;iso&quot;:&quot;0&quot;,&quot;shutter_speed&quot;:&quot;0&quot;,&quot;title&quot;:&quot;&quot;,&quot;orientation&quot;:&quot;0&quot;}\" data-image-title=\"17 (5)\" data-image-description=\"\" data-image-caption=\"\" data-large-file=\"https:\/\/i0.wp.com\/blogaudioteka.wpcomstaging.com\/wp-content\/uploads\/17-5.webp?fit=300%2C300&amp;ssl=1\" src=\"https:\/\/i0.wp.com\/blogaudioteka.wpcomstaging.com\/wp-content\/uploads\/17-5.webp?resize=300%2C300&#038;ssl=1\" alt=\"\" class=\"wp-image-12379\" srcset=\"https:\/\/i0.wp.com\/blogaudioteka.wpcomstaging.com\/wp-content\/uploads\/17-5.webp?w=300&amp;ssl=1 300w, https:\/\/i0.wp.com\/blogaudioteka.wpcomstaging.com\/wp-content\/uploads\/17-5.webp?resize=150%2C150&amp;ssl=1 150w, https:\/\/i0.wp.com\/blogaudioteka.wpcomstaging.com\/wp-content\/uploads\/17-5.webp?resize=200%2C200&amp;ssl=1 200w, https:\/\/i0.wp.com\/blogaudioteka.wpcomstaging.com\/wp-content\/uploads\/17-5.webp?resize=148%2C148&amp;ssl=1 148w, https:\/\/i0.wp.com\/blogaudioteka.wpcomstaging.com\/wp-content\/uploads\/17-5.webp?resize=296%2C296&amp;ssl=1 296w\" sizes=\"auto, (max-width: 300px) 100vw, 300px\" \/><\/figure>\n<\/div>\n\n\n<p class=\"wp-block-paragraph\">Brutalnie szczery portret Roberta Lewandowskiego. Kulisy wielkich transfer\u00f3w, tajemnice szatni \u015bwiatowych gigant\u00f3w i&nbsp;d\u0142uga droga na szczyt, kt\u00f3ra nie zawsze by\u0142a us\u0142ana r\u00f3\u017cami.<\/p>\n\n\n\n<h3 class=\"wp-block-heading\"><span class=\"ez-toc-section\" id=\"17_%E2%80%9ENiebo_Piec_lat_w_sekcie%E2%80%9D_%E2%80%93_Sebastian_Keller\"><\/span>17. <a href=\"https:\/\/audioteka.com\/pl\/audiobook\/niebo-piec-lat-w-sekcie\/\" target=\"_blank\" rel=\"noopener\"><strong>&#8222;Niebo. Pi\u0119\u0107 lat w&nbsp;sekcie&#8221; \u2013 Sebastian Keller<\/strong> <\/a><span class=\"ez-toc-section-end\"><\/span><\/h3>\n\n\n<div class=\"wp-block-image\">\n<figure class=\"aligncenter size-full\"><img data-recalc-dims=\"1\" loading=\"lazy\" decoding=\"async\" width=\"300\" height=\"300\" data-attachment-id=\"12381\" data-permalink=\"https:\/\/blogaudioteka.wpcomstaging.com\/26-audiobookow-na-2026-rok-od-tego-musisz-zaczac\/8-4\" data-orig-file=\"https:\/\/i0.wp.com\/blogaudioteka.wpcomstaging.com\/wp-content\/uploads\/8-4.webp?fit=300%2C300&amp;ssl=1\" data-orig-size=\"300,300\" data-comments-opened=\"0\" data-image-meta=\"{&quot;aperture&quot;:&quot;0&quot;,&quot;credit&quot;:&quot;&quot;,&quot;camera&quot;:&quot;&quot;,&quot;caption&quot;:&quot;&quot;,&quot;created_timestamp&quot;:&quot;0&quot;,&quot;copyright&quot;:&quot;&quot;,&quot;focal_length&quot;:&quot;0&quot;,&quot;iso&quot;:&quot;0&quot;,&quot;shutter_speed&quot;:&quot;0&quot;,&quot;title&quot;:&quot;&quot;,&quot;orientation&quot;:&quot;0&quot;}\" data-image-title=\"8 (4)\" data-image-description=\"\" data-image-caption=\"\" data-large-file=\"https:\/\/i0.wp.com\/blogaudioteka.wpcomstaging.com\/wp-content\/uploads\/8-4.webp?fit=300%2C300&amp;ssl=1\" src=\"https:\/\/i0.wp.com\/blogaudioteka.wpcomstaging.com\/wp-content\/uploads\/8-4.webp?resize=300%2C300&#038;ssl=1\" alt=\"\" class=\"wp-image-12381\" srcset=\"https:\/\/i0.wp.com\/blogaudioteka.wpcomstaging.com\/wp-content\/uploads\/8-4.webp?w=300&amp;ssl=1 300w, https:\/\/i0.wp.com\/blogaudioteka.wpcomstaging.com\/wp-content\/uploads\/8-4.webp?resize=150%2C150&amp;ssl=1 150w, https:\/\/i0.wp.com\/blogaudioteka.wpcomstaging.com\/wp-content\/uploads\/8-4.webp?resize=200%2C200&amp;ssl=1 200w, https:\/\/i0.wp.com\/blogaudioteka.wpcomstaging.com\/wp-content\/uploads\/8-4.webp?resize=148%2C148&amp;ssl=1 148w, https:\/\/i0.wp.com\/blogaudioteka.wpcomstaging.com\/wp-content\/uploads\/8-4.webp?resize=296%2C296&amp;ssl=1 296w\" sizes=\"auto, (max-width: 300px) 100vw, 300px\" \/><\/figure>\n<\/div>\n\n\n<p class=\"wp-block-paragraph\">Wstrz\u0105saj\u0105ca relacja cz\u0142owieka, kt\u00f3ry szukaj\u0105c ukojenia, trafi\u0142 do piek\u0142a manipulacji. Opowie\u015b\u0107 o&nbsp;utracie to\u017csamo\u015bci i&nbsp;trudnej drodze do odzyskania wolno\u015bci z&nbsp;r\u0105k charyzmatycznego guru.<\/p>\n\n\n\n<h3 class=\"wp-block-heading\"><span class=\"ez-toc-section\" id=\"18_%E2%80%9EQuo_vAIdis%E2%80%9D_%E2%80%93_Andrzej_Dragan\"><\/span>18. <strong><a href=\"https:\/\/audioteka.com\/pl\/audiobook\/quo-vaidis\/\" target=\"_blank\" rel=\"noopener\">&#8222;Quo vAIdis&#8221; \u2013 Andrzej Dragan<\/a><\/strong> <span class=\"ez-toc-section-end\"><\/span><\/h3>\n\n\n<div class=\"wp-block-image\">\n<figure class=\"aligncenter size-full\"><img data-recalc-dims=\"1\" loading=\"lazy\" decoding=\"async\" width=\"300\" height=\"300\" data-attachment-id=\"12382\" data-permalink=\"https:\/\/blogaudioteka.wpcomstaging.com\/26-audiobookow-na-2026-rok-od-tego-musisz-zaczac\/28-5\" data-orig-file=\"https:\/\/i0.wp.com\/blogaudioteka.wpcomstaging.com\/wp-content\/uploads\/28-5.webp?fit=300%2C300&amp;ssl=1\" data-orig-size=\"300,300\" data-comments-opened=\"0\" data-image-meta=\"{&quot;aperture&quot;:&quot;0&quot;,&quot;credit&quot;:&quot;&quot;,&quot;camera&quot;:&quot;&quot;,&quot;caption&quot;:&quot;&quot;,&quot;created_timestamp&quot;:&quot;0&quot;,&quot;copyright&quot;:&quot;&quot;,&quot;focal_length&quot;:&quot;0&quot;,&quot;iso&quot;:&quot;0&quot;,&quot;shutter_speed&quot;:&quot;0&quot;,&quot;title&quot;:&quot;&quot;,&quot;orientation&quot;:&quot;0&quot;}\" data-image-title=\"28 (5)\" data-image-description=\"\" data-image-caption=\"\" data-large-file=\"https:\/\/i0.wp.com\/blogaudioteka.wpcomstaging.com\/wp-content\/uploads\/28-5.webp?fit=300%2C300&amp;ssl=1\" src=\"https:\/\/i0.wp.com\/blogaudioteka.wpcomstaging.com\/wp-content\/uploads\/28-5.webp?resize=300%2C300&#038;ssl=1\" alt=\"\" class=\"wp-image-12382\" srcset=\"https:\/\/i0.wp.com\/blogaudioteka.wpcomstaging.com\/wp-content\/uploads\/28-5.webp?w=300&amp;ssl=1 300w, https:\/\/i0.wp.com\/blogaudioteka.wpcomstaging.com\/wp-content\/uploads\/28-5.webp?resize=150%2C150&amp;ssl=1 150w, https:\/\/i0.wp.com\/blogaudioteka.wpcomstaging.com\/wp-content\/uploads\/28-5.webp?resize=200%2C200&amp;ssl=1 200w, https:\/\/i0.wp.com\/blogaudioteka.wpcomstaging.com\/wp-content\/uploads\/28-5.webp?resize=148%2C148&amp;ssl=1 148w, https:\/\/i0.wp.com\/blogaudioteka.wpcomstaging.com\/wp-content\/uploads\/28-5.webp?resize=296%2C296&amp;ssl=1 296w\" sizes=\"auto, (max-width: 300px) 100vw, 300px\" \/><\/figure>\n<\/div>\n\n\n<p class=\"has-text-align-justify wp-block-paragraph\">Profesor fizyki i&nbsp;wizjoner zabiera nas w&nbsp;podr\u00f3\u017c po \u015bwiecie Sztucznej Inteligencji. Bez moralizowania, za to z&nbsp;ogromn\u0105 dawk\u0105 fascynuj\u0105cych fakt\u00f3w, Dragan wyja\u015bnia, jak dzia\u0142aj\u0105 sieci neuronowe i&nbsp;czy AI rzeczywi\u015bcie potrafi my\u015ble\u0107. Lektura obowi\u0105zkowa dla ka\u017cdego, kto chce zrozumie\u0107 przysz\u0142o\u015b\u0107, kt\u00f3ra ju\u017c nadesz\u0142a.<\/p>\n\n\n\n<div class=\"wp-block-group is-style-cs-promo\"><div class=\"wp-block-group__inner-container is-layout-constrained wp-block-group-is-layout-constrained\">\n<p class=\"wp-block-paragraph\">\ud83d\udc49<a href=\"https:\/\/audioteka.com\/pl\/blog\/ksiazki-niezbedne-do-zrozumienia-sztucznej-inteligencji\" target=\"_blank\" rel=\"noopener\">Ksi\u0105\u017cki niezb\u0119dne do zrozumienia sztucznej inteligencji<\/a><\/p>\n<\/div><\/div>\n\n\n\n<h3 class=\"wp-block-heading\"><span class=\"ez-toc-section\" id=\"19_%E2%80%9EAlkoiluzja%E2%80%9D_%E2%80%93_Robert_Rutkowski_Irena_A_Stanislawska\"><\/span>19. <strong><a href=\"https:\/\/audioteka.com\/pl\/audiobook\/alkoiluzja\/\" target=\"_blank\" rel=\"noopener\">&#8222;Alkoiluzja&#8221; \u2013 Robert Rutkowski, Irena A. Stanis\u0142awska<\/a><\/strong> <span class=\"ez-toc-section-end\"><\/span><\/h3>\n\n\n<div class=\"wp-block-image\">\n<figure class=\"aligncenter size-full\"><img data-recalc-dims=\"1\" loading=\"lazy\" decoding=\"async\" width=\"300\" height=\"300\" data-attachment-id=\"12384\" data-permalink=\"https:\/\/blogaudioteka.wpcomstaging.com\/26-audiobookow-na-2026-rok-od-tego-musisz-zaczac\/84-1\" data-orig-file=\"https:\/\/i0.wp.com\/blogaudioteka.wpcomstaging.com\/wp-content\/uploads\/84-1.webp?fit=300%2C300&amp;ssl=1\" data-orig-size=\"300,300\" data-comments-opened=\"0\" data-image-meta=\"{&quot;aperture&quot;:&quot;0&quot;,&quot;credit&quot;:&quot;&quot;,&quot;camera&quot;:&quot;&quot;,&quot;caption&quot;:&quot;&quot;,&quot;created_timestamp&quot;:&quot;0&quot;,&quot;copyright&quot;:&quot;&quot;,&quot;focal_length&quot;:&quot;0&quot;,&quot;iso&quot;:&quot;0&quot;,&quot;shutter_speed&quot;:&quot;0&quot;,&quot;title&quot;:&quot;&quot;,&quot;orientation&quot;:&quot;0&quot;}\" data-image-title=\"84 (1)\" data-image-description=\"\" data-image-caption=\"\" data-large-file=\"https:\/\/i0.wp.com\/blogaudioteka.wpcomstaging.com\/wp-content\/uploads\/84-1.webp?fit=300%2C300&amp;ssl=1\" src=\"https:\/\/i0.wp.com\/blogaudioteka.wpcomstaging.com\/wp-content\/uploads\/84-1.webp?resize=300%2C300&#038;ssl=1\" alt=\"\" class=\"wp-image-12384\" srcset=\"https:\/\/i0.wp.com\/blogaudioteka.wpcomstaging.com\/wp-content\/uploads\/84-1.webp?w=300&amp;ssl=1 300w, https:\/\/i0.wp.com\/blogaudioteka.wpcomstaging.com\/wp-content\/uploads\/84-1.webp?resize=150%2C150&amp;ssl=1 150w, https:\/\/i0.wp.com\/blogaudioteka.wpcomstaging.com\/wp-content\/uploads\/84-1.webp?resize=200%2C200&amp;ssl=1 200w, https:\/\/i0.wp.com\/blogaudioteka.wpcomstaging.com\/wp-content\/uploads\/84-1.webp?resize=148%2C148&amp;ssl=1 148w, https:\/\/i0.wp.com\/blogaudioteka.wpcomstaging.com\/wp-content\/uploads\/84-1.webp?resize=296%2C296&amp;ssl=1 296w\" sizes=\"auto, (max-width: 300px) 100vw, 300px\" \/><\/figure>\n<\/div>\n\n\n<p class=\"has-text-align-justify wp-block-paragraph\">Ksi\u0105\u017cka, kt\u00f3ra bezlito\u015bnie obna\u017ca spo\u0142eczne k\u0142amstwa na temat alkoholu. Znany terapeuta Robert Rutkowski pokazuje, jak kultura i&nbsp;koncerny wm\u00f3wi\u0142y nam, \u017ce picie jest norm\u0105. To otrze\u017awiaj\u0105ca lektura o&nbsp;odzyskiwaniu wolno\u015bci i&nbsp;demaskowaniu najwi\u0119kszej iluzji naszych czas\u00f3w.<\/p>\n\n\n\n<h3 class=\"wp-block-heading\"><span class=\"ez-toc-section\" id=\"20_%E2%80%9EKwiat_pustyni%E2%80%9D_%E2%80%93_Waris_Dirie_Cathleen_Miller\"><\/span>20. <strong><a href=\"https:\/\/audioteka.com\/pl\/audiobook\/kwiat-pustyni-niezwykla-wedrowka-z-szalasu-nomadow-do-swiata-wielkiej-mody\/\" target=\"_blank\" rel=\"noopener\">&#8222;Kwiat pustyni&#8221; \u2013 Waris Dirie, Cathleen Miller<\/a><\/strong> <span class=\"ez-toc-section-end\"><\/span><\/h3>\n\n\n<div class=\"wp-block-image\">\n<figure class=\"aligncenter size-full\"><img data-recalc-dims=\"1\" loading=\"lazy\" decoding=\"async\" width=\"300\" height=\"300\" data-attachment-id=\"12386\" data-permalink=\"https:\/\/blogaudioteka.wpcomstaging.com\/26-audiobookow-na-2026-rok-od-tego-musisz-zaczac\/17-6\" data-orig-file=\"https:\/\/i0.wp.com\/blogaudioteka.wpcomstaging.com\/wp-content\/uploads\/17-6.webp?fit=300%2C300&amp;ssl=1\" data-orig-size=\"300,300\" data-comments-opened=\"0\" data-image-meta=\"{&quot;aperture&quot;:&quot;0&quot;,&quot;credit&quot;:&quot;&quot;,&quot;camera&quot;:&quot;&quot;,&quot;caption&quot;:&quot;&quot;,&quot;created_timestamp&quot;:&quot;0&quot;,&quot;copyright&quot;:&quot;&quot;,&quot;focal_length&quot;:&quot;0&quot;,&quot;iso&quot;:&quot;0&quot;,&quot;shutter_speed&quot;:&quot;0&quot;,&quot;title&quot;:&quot;&quot;,&quot;orientation&quot;:&quot;0&quot;}\" data-image-title=\"17 (6)\" data-image-description=\"\" data-image-caption=\"\" data-large-file=\"https:\/\/i0.wp.com\/blogaudioteka.wpcomstaging.com\/wp-content\/uploads\/17-6.webp?fit=300%2C300&amp;ssl=1\" src=\"https:\/\/i0.wp.com\/blogaudioteka.wpcomstaging.com\/wp-content\/uploads\/17-6.webp?resize=300%2C300&#038;ssl=1\" alt=\"\" class=\"wp-image-12386\" srcset=\"https:\/\/i0.wp.com\/blogaudioteka.wpcomstaging.com\/wp-content\/uploads\/17-6.webp?w=300&amp;ssl=1 300w, https:\/\/i0.wp.com\/blogaudioteka.wpcomstaging.com\/wp-content\/uploads\/17-6.webp?resize=150%2C150&amp;ssl=1 150w, https:\/\/i0.wp.com\/blogaudioteka.wpcomstaging.com\/wp-content\/uploads\/17-6.webp?resize=200%2C200&amp;ssl=1 200w, https:\/\/i0.wp.com\/blogaudioteka.wpcomstaging.com\/wp-content\/uploads\/17-6.webp?resize=148%2C148&amp;ssl=1 148w, https:\/\/i0.wp.com\/blogaudioteka.wpcomstaging.com\/wp-content\/uploads\/17-6.webp?resize=296%2C296&amp;ssl=1 296w\" sizes=\"auto, (max-width: 300px) 100vw, 300px\" \/><\/figure>\n<\/div>\n\n\n<p class=\"has-text-align-justify wp-block-paragraph\">Wstrz\u0105saj\u0105ca i&nbsp;inspiruj\u0105ca historia somalijskiej koczowniczki, kt\u00f3ra uciek\u0142a przed okrutnym losem, by zosta\u0107 \u015bwiatow\u0105 supermodelk\u0105 i&nbsp;ambasadork\u0105 ONZ.<\/p>\n\n\n\n<h2 class=\"wp-block-heading\"><span class=\"ez-toc-section\" id=\"Literatura_piekna_i_dziecieca_ksiazki_czytane_dla_relaksu_i_zabawy\"><\/span>Literatura pi\u0119kna i&nbsp;dzieci\u0119ca: ksi\u0105\u017cki czytane dla relaksu i&nbsp;zabawy<span class=\"ez-toc-section-end\"><\/span><\/h2>\n\n\n\n<h3 class=\"wp-block-heading\"><span class=\"ez-toc-section\" id=\"21_%E2%80%9EA_swiat_trwa%E2%80%9D_%E2%80%93_Laszlo_Krasznahorkai\"><\/span>21. <strong><a href=\"https:\/\/audioteka.com\/pl\/audiobook\/a-swiat-trwa\/\" target=\"_blank\" rel=\"noopener\">&#8222;A \u015bwiat trwa&#8221; &#8211; L\u00e1szl\u00f3 Krasznahorkai<\/a><\/strong><span class=\"ez-toc-section-end\"><\/span><\/h3>\n\n\n<div class=\"wp-block-image\">\n<figure class=\"aligncenter size-full\"><img data-recalc-dims=\"1\" loading=\"lazy\" decoding=\"async\" width=\"300\" height=\"300\" data-attachment-id=\"12389\" data-permalink=\"https:\/\/blogaudioteka.wpcomstaging.com\/26-audiobookow-na-2026-rok-od-tego-musisz-zaczac\/19-2\" data-orig-file=\"https:\/\/i0.wp.com\/blogaudioteka.wpcomstaging.com\/wp-content\/uploads\/19-2.webp?fit=300%2C300&amp;ssl=1\" data-orig-size=\"300,300\" data-comments-opened=\"0\" data-image-meta=\"{&quot;aperture&quot;:&quot;0&quot;,&quot;credit&quot;:&quot;&quot;,&quot;camera&quot;:&quot;&quot;,&quot;caption&quot;:&quot;&quot;,&quot;created_timestamp&quot;:&quot;0&quot;,&quot;copyright&quot;:&quot;&quot;,&quot;focal_length&quot;:&quot;0&quot;,&quot;iso&quot;:&quot;0&quot;,&quot;shutter_speed&quot;:&quot;0&quot;,&quot;title&quot;:&quot;&quot;,&quot;orientation&quot;:&quot;0&quot;}\" data-image-title=\"19 (2)\" data-image-description=\"\" data-image-caption=\"\" data-large-file=\"https:\/\/i0.wp.com\/blogaudioteka.wpcomstaging.com\/wp-content\/uploads\/19-2.webp?fit=300%2C300&amp;ssl=1\" src=\"https:\/\/i0.wp.com\/blogaudioteka.wpcomstaging.com\/wp-content\/uploads\/19-2.webp?resize=300%2C300&#038;ssl=1\" alt=\"\" class=\"wp-image-12389\" srcset=\"https:\/\/i0.wp.com\/blogaudioteka.wpcomstaging.com\/wp-content\/uploads\/19-2.webp?w=300&amp;ssl=1 300w, https:\/\/i0.wp.com\/blogaudioteka.wpcomstaging.com\/wp-content\/uploads\/19-2.webp?resize=150%2C150&amp;ssl=1 150w, https:\/\/i0.wp.com\/blogaudioteka.wpcomstaging.com\/wp-content\/uploads\/19-2.webp?resize=200%2C200&amp;ssl=1 200w, https:\/\/i0.wp.com\/blogaudioteka.wpcomstaging.com\/wp-content\/uploads\/19-2.webp?resize=148%2C148&amp;ssl=1 148w, https:\/\/i0.wp.com\/blogaudioteka.wpcomstaging.com\/wp-content\/uploads\/19-2.webp?resize=296%2C296&amp;ssl=1 296w\" sizes=\"auto, (max-width: 300px) 100vw, 300px\" \/><\/figure>\n<\/div>\n\n\n<p class=\"has-text-align-justify wp-block-paragraph\">Wydarzenie literackie roku \u2013 proza laureata Nagrody Nobla 2025. W\u0119gierski mistrz zabiera nas w&nbsp;hipnotyczn\u0105 podr\u00f3\u017c przez 21 opowie\u015bci o&nbsp;kondycji wsp\u00f3\u0142czesnego cz\u0142owieka. To literatura g\u0142\u0119boka, egzystencjalna i&nbsp;wymagaj\u0105ca, kt\u00f3ra zostaje w&nbsp;s\u0142uchaczu na zawsze.<\/p>\n\n\n\n<h3 class=\"wp-block-heading\"><span class=\"ez-toc-section\" id=\"22_%E2%80%9EWczoraj_bylas_zla_na_zielono%E2%80%9D_%E2%80%93_Eliza_Kacka\"><\/span>22. <a href=\"https:\/\/audioteka.com\/pl\/audiobook\/wczoraj-bylas-zla-na-zielono\/\" target=\"_blank\" rel=\"noopener\"><strong>&#8222;Wczoraj by\u0142a\u015b z\u0142a na zielono&#8221; \u2013 Eliza K\u0105cka<\/strong> <\/a><span class=\"ez-toc-section-end\"><\/span><\/h3>\n\n\n<div class=\"wp-block-image\">\n<figure class=\"aligncenter size-full\"><img data-recalc-dims=\"1\" loading=\"lazy\" decoding=\"async\" width=\"300\" height=\"300\" data-attachment-id=\"12388\" data-permalink=\"https:\/\/blogaudioteka.wpcomstaging.com\/26-audiobookow-na-2026-rok-od-tego-musisz-zaczac\/72-1\" data-orig-file=\"https:\/\/i0.wp.com\/blogaudioteka.wpcomstaging.com\/wp-content\/uploads\/72-1.webp?fit=300%2C300&amp;ssl=1\" data-orig-size=\"300,300\" data-comments-opened=\"0\" data-image-meta=\"{&quot;aperture&quot;:&quot;0&quot;,&quot;credit&quot;:&quot;&quot;,&quot;camera&quot;:&quot;&quot;,&quot;caption&quot;:&quot;&quot;,&quot;created_timestamp&quot;:&quot;0&quot;,&quot;copyright&quot;:&quot;&quot;,&quot;focal_length&quot;:&quot;0&quot;,&quot;iso&quot;:&quot;0&quot;,&quot;shutter_speed&quot;:&quot;0&quot;,&quot;title&quot;:&quot;&quot;,&quot;orientation&quot;:&quot;0&quot;}\" data-image-title=\"72 (1)\" data-image-description=\"\" data-image-caption=\"\" data-large-file=\"https:\/\/i0.wp.com\/blogaudioteka.wpcomstaging.com\/wp-content\/uploads\/72-1.webp?fit=300%2C300&amp;ssl=1\" src=\"https:\/\/i0.wp.com\/blogaudioteka.wpcomstaging.com\/wp-content\/uploads\/72-1.webp?resize=300%2C300&#038;ssl=1\" alt=\"\" class=\"wp-image-12388\" srcset=\"https:\/\/i0.wp.com\/blogaudioteka.wpcomstaging.com\/wp-content\/uploads\/72-1.webp?w=300&amp;ssl=1 300w, https:\/\/i0.wp.com\/blogaudioteka.wpcomstaging.com\/wp-content\/uploads\/72-1.webp?resize=150%2C150&amp;ssl=1 150w, https:\/\/i0.wp.com\/blogaudioteka.wpcomstaging.com\/wp-content\/uploads\/72-1.webp?resize=200%2C200&amp;ssl=1 200w, https:\/\/i0.wp.com\/blogaudioteka.wpcomstaging.com\/wp-content\/uploads\/72-1.webp?resize=148%2C148&amp;ssl=1 148w, https:\/\/i0.wp.com\/blogaudioteka.wpcomstaging.com\/wp-content\/uploads\/72-1.webp?resize=296%2C296&amp;ssl=1 296w\" sizes=\"auto, (max-width: 300px) 100vw, 300px\" \/><\/figure>\n<\/div>\n\n\n<p class=\"wp-block-paragraph\">Niezwykle osobista i&nbsp;brawurowa proza autobiograficzna. Autorka opisuje budowanie relacji matki z&nbsp;c\u00f3rk\u0105 w&nbsp;\u015bwiecie, kt\u00f3ry nie zawsze rozumie ich odmienno\u015b\u0107. To wzruszaj\u0105ca opowie\u015b\u0107 o&nbsp;mi\u0142o\u015bci, &#8222;widzeniu s\u0142\u00f3w w&nbsp;kolorach&#8221; i&nbsp;odwadze \u017cycia na w\u0142asnych zasadach, z&nbsp;dala od medycznych diagnoz.<\/p>\n\n\n\n<div class=\"wp-block-group is-style-cs-promo\"><div class=\"wp-block-group__inner-container is-layout-constrained wp-block-group-is-layout-constrained\">\n<p class=\"wp-block-paragraph\">\ud83d\udc49<a href=\"https:\/\/audioteka.com\/pl\/blog\/nominowani-i-laureaci-ksiazki-ktore-zdobyly-uznanie-w-swiecie-literackim-posluchaj-ich-u-nas\" target=\"_blank\" rel=\"noopener\">Nominowani i&nbsp;laureaci &#8211; ksi\u0105\u017cki, kt\u00f3re zdoby\u0142y uznanie w&nbsp;\u015bwiecie literackim. Pos\u0142uchaj ich u&nbsp;nas!<\/a><\/p>\n<\/div><\/div>\n\n\n\n<h3 class=\"wp-block-heading\"><span class=\"ez-toc-section\" id=\"23_%E2%80%9ENull%E2%80%9D_%E2%80%93_Szczepan_Twardoch\"><\/span>23. <strong><a href=\"https:\/\/audioteka.com\/pl\/audiobook\/null\/\" target=\"_blank\" rel=\"noopener\">&#8222;Null&#8221; \u2013 Szczepan Twardoch<\/a><\/strong> <span class=\"ez-toc-section-end\"><\/span><\/h3>\n\n\n<div class=\"wp-block-image\">\n<figure class=\"aligncenter size-full\"><img data-recalc-dims=\"1\" loading=\"lazy\" decoding=\"async\" width=\"300\" height=\"300\" data-attachment-id=\"12362\" data-permalink=\"https:\/\/blogaudioteka.wpcomstaging.com\/26-audiobookow-na-2026-rok-od-tego-musisz-zaczac\/attachment\/464\" data-orig-file=\"https:\/\/i0.wp.com\/blogaudioteka.wpcomstaging.com\/wp-content\/uploads\/464.webp?fit=300%2C300&amp;ssl=1\" data-orig-size=\"300,300\" data-comments-opened=\"0\" data-image-meta=\"{&quot;aperture&quot;:&quot;0&quot;,&quot;credit&quot;:&quot;&quot;,&quot;camera&quot;:&quot;&quot;,&quot;caption&quot;:&quot;&quot;,&quot;created_timestamp&quot;:&quot;0&quot;,&quot;copyright&quot;:&quot;&quot;,&quot;focal_length&quot;:&quot;0&quot;,&quot;iso&quot;:&quot;0&quot;,&quot;shutter_speed&quot;:&quot;0&quot;,&quot;title&quot;:&quot;&quot;,&quot;orientation&quot;:&quot;0&quot;}\" data-image-title=\"464\" data-image-description=\"\" data-image-caption=\"\" data-large-file=\"https:\/\/i0.wp.com\/blogaudioteka.wpcomstaging.com\/wp-content\/uploads\/464.webp?fit=300%2C300&amp;ssl=1\" src=\"https:\/\/i0.wp.com\/blogaudioteka.wpcomstaging.com\/wp-content\/uploads\/464.webp?resize=300%2C300&#038;ssl=1\" alt=\"\" class=\"wp-image-12362\" srcset=\"https:\/\/i0.wp.com\/blogaudioteka.wpcomstaging.com\/wp-content\/uploads\/464.webp?w=300&amp;ssl=1 300w, https:\/\/i0.wp.com\/blogaudioteka.wpcomstaging.com\/wp-content\/uploads\/464.webp?resize=150%2C150&amp;ssl=1 150w, https:\/\/i0.wp.com\/blogaudioteka.wpcomstaging.com\/wp-content\/uploads\/464.webp?resize=200%2C200&amp;ssl=1 200w, https:\/\/i0.wp.com\/blogaudioteka.wpcomstaging.com\/wp-content\/uploads\/464.webp?resize=148%2C148&amp;ssl=1 148w, https:\/\/i0.wp.com\/blogaudioteka.wpcomstaging.com\/wp-content\/uploads\/464.webp?resize=296%2C296&amp;ssl=1 296w\" sizes=\"auto, (max-width: 300px) 100vw, 300px\" \/><\/figure>\n<\/div>\n\n\n<p class=\"wp-block-paragraph\">Mocna, m\u0119ska proza o&nbsp;wojnie, kt\u00f3ra nie zna lito\u015bci. Na pierwszej linii frontu \u2013 tytularnym &#8222;nullu&#8221; \u2013 bohater o&nbsp;pseudonimie Ko\u0144 szuka odkupienia w\u015br\u00f3d b\u0142ota, dron\u00f3w i&nbsp;nieustannego zagro\u017cenia. Twardoch po mistrzowsku pokazuje, jak w&nbsp;ekstremalnych warunkach zmienia si\u0119 definicja odwagi, mi\u0142o\u015bci i&nbsp;cz\u0142owiecze\u0144stwa.<\/p>\n\n\n\n<h3 class=\"wp-block-heading\"><span class=\"ez-toc-section\" id=\"24_%E2%80%9ERodzina_Monet_Skarb_Tom_1%E2%80%9D_%E2%80%93_Weronika_Marczak\"><\/span>24. <a href=\"https:\/\/audioteka.com\/pl\/audiobook\/rodzina-monet\/\" target=\"_blank\" rel=\"noopener\"><strong>&#8222;Rodzina Monet. Skarb. Tom 1&#8221; \u2013 Weronika Marczak<\/strong> <\/a><span class=\"ez-toc-section-end\"><\/span><\/h3>\n\n\n<div class=\"wp-block-image\">\n<figure class=\"aligncenter size-full\"><img data-recalc-dims=\"1\" loading=\"lazy\" decoding=\"async\" width=\"300\" height=\"300\" data-attachment-id=\"12361\" data-permalink=\"https:\/\/blogaudioteka.wpcomstaging.com\/26-audiobookow-na-2026-rok-od-tego-musisz-zaczac\/attachment\/143\" data-orig-file=\"https:\/\/i0.wp.com\/blogaudioteka.wpcomstaging.com\/wp-content\/uploads\/143.webp?fit=300%2C300&amp;ssl=1\" data-orig-size=\"300,300\" data-comments-opened=\"0\" data-image-meta=\"{&quot;aperture&quot;:&quot;0&quot;,&quot;credit&quot;:&quot;&quot;,&quot;camera&quot;:&quot;&quot;,&quot;caption&quot;:&quot;&quot;,&quot;created_timestamp&quot;:&quot;0&quot;,&quot;copyright&quot;:&quot;&quot;,&quot;focal_length&quot;:&quot;0&quot;,&quot;iso&quot;:&quot;0&quot;,&quot;shutter_speed&quot;:&quot;0&quot;,&quot;title&quot;:&quot;&quot;,&quot;orientation&quot;:&quot;0&quot;}\" data-image-title=\"143\" data-image-description=\"\" data-image-caption=\"\" data-large-file=\"https:\/\/i0.wp.com\/blogaudioteka.wpcomstaging.com\/wp-content\/uploads\/143.webp?fit=300%2C300&amp;ssl=1\" src=\"https:\/\/i0.wp.com\/blogaudioteka.wpcomstaging.com\/wp-content\/uploads\/143.webp?resize=300%2C300&#038;ssl=1\" alt=\"\" class=\"wp-image-12361\" srcset=\"https:\/\/i0.wp.com\/blogaudioteka.wpcomstaging.com\/wp-content\/uploads\/143.webp?w=300&amp;ssl=1 300w, https:\/\/i0.wp.com\/blogaudioteka.wpcomstaging.com\/wp-content\/uploads\/143.webp?resize=150%2C150&amp;ssl=1 150w, https:\/\/i0.wp.com\/blogaudioteka.wpcomstaging.com\/wp-content\/uploads\/143.webp?resize=200%2C200&amp;ssl=1 200w, https:\/\/i0.wp.com\/blogaudioteka.wpcomstaging.com\/wp-content\/uploads\/143.webp?resize=148%2C148&amp;ssl=1 148w, https:\/\/i0.wp.com\/blogaudioteka.wpcomstaging.com\/wp-content\/uploads\/143.webp?resize=296%2C296&amp;ssl=1 296w\" sizes=\"auto, (max-width: 300px) 100vw, 300px\" \/><\/figure>\n<\/div>\n\n\n<p class=\"has-text-align-justify wp-block-paragraph\">Literacki fenomen, kt\u00f3ry podbi\u0142 serca m\u0142odzie\u017cy. Osierocona Hailie trafia do luksusowej willi pi\u0119ciu starszych braci, gdzie bogactwo miesza si\u0119 z&nbsp;ch\u0142odem i&nbsp;mrocznymi rodzinnymi sekretami.<\/p>\n\n\n\n<h3 class=\"wp-block-heading\"><span class=\"ez-toc-section\" id=\"25_%E2%80%9EDzieci_z_Bullerbyn%E2%80%9D_%E2%80%93_Astrid_Lindgren\"><\/span>25. <a href=\"https:\/\/audioteka.com\/pl\/audiobook\/dzieci-z-bullerbyn\/\" target=\"_blank\" rel=\"noopener\"><strong>&#8222;Dzieci z&nbsp;Bullerbyn&#8221; \u2013 Astrid Lindgren<\/strong> <\/a><span class=\"ez-toc-section-end\"><\/span><\/h3>\n\n\n<div class=\"wp-block-image\">\n<figure class=\"aligncenter size-full\"><img data-recalc-dims=\"1\" loading=\"lazy\" decoding=\"async\" width=\"300\" height=\"300\" data-attachment-id=\"12359\" data-permalink=\"https:\/\/blogaudioteka.wpcomstaging.com\/26-audiobookow-na-2026-rok-od-tego-musisz-zaczac\/2059-2\" data-orig-file=\"https:\/\/i0.wp.com\/blogaudioteka.wpcomstaging.com\/wp-content\/uploads\/2059-2.webp?fit=300%2C300&amp;ssl=1\" data-orig-size=\"300,300\" data-comments-opened=\"0\" data-image-meta=\"{&quot;aperture&quot;:&quot;0&quot;,&quot;credit&quot;:&quot;&quot;,&quot;camera&quot;:&quot;&quot;,&quot;caption&quot;:&quot;&quot;,&quot;created_timestamp&quot;:&quot;0&quot;,&quot;copyright&quot;:&quot;&quot;,&quot;focal_length&quot;:&quot;0&quot;,&quot;iso&quot;:&quot;0&quot;,&quot;shutter_speed&quot;:&quot;0&quot;,&quot;title&quot;:&quot;&quot;,&quot;orientation&quot;:&quot;0&quot;}\" data-image-title=\"2059 (2)\" data-image-description=\"\" data-image-caption=\"\" data-large-file=\"https:\/\/i0.wp.com\/blogaudioteka.wpcomstaging.com\/wp-content\/uploads\/2059-2.webp?fit=300%2C300&amp;ssl=1\" src=\"https:\/\/i0.wp.com\/blogaudioteka.wpcomstaging.com\/wp-content\/uploads\/2059-2.webp?resize=300%2C300&#038;ssl=1\" alt=\"\" class=\"wp-image-12359\" srcset=\"https:\/\/i0.wp.com\/blogaudioteka.wpcomstaging.com\/wp-content\/uploads\/2059-2.webp?w=300&amp;ssl=1 300w, https:\/\/i0.wp.com\/blogaudioteka.wpcomstaging.com\/wp-content\/uploads\/2059-2.webp?resize=150%2C150&amp;ssl=1 150w, https:\/\/i0.wp.com\/blogaudioteka.wpcomstaging.com\/wp-content\/uploads\/2059-2.webp?resize=200%2C200&amp;ssl=1 200w, https:\/\/i0.wp.com\/blogaudioteka.wpcomstaging.com\/wp-content\/uploads\/2059-2.webp?resize=148%2C148&amp;ssl=1 148w, https:\/\/i0.wp.com\/blogaudioteka.wpcomstaging.com\/wp-content\/uploads\/2059-2.webp?resize=296%2C296&amp;ssl=1 296w\" sizes=\"auto, (max-width: 300px) 100vw, 300px\" \/><\/figure>\n<\/div>\n\n\n<p class=\"has-text-align-justify wp-block-paragraph\">Ponadczasowy powr\u00f3t do krainy beztroski. <a href=\"https:\/\/audioteka.com\/pl\/lektor\/edyta-jungowska\/\" target=\"_blank\" rel=\"noopener\">Edyta Jungowska<\/a> brawurowo interpretuje przygody rodze\u0144stwa i&nbsp;przyjaci\u00f3\u0142, udowadniaj\u0105c, \u017ce do szcz\u0119\u015bcia nie potrzeba komputer\u00f3w.<\/p>\n\n\n\n<h3 class=\"wp-block-heading\"><span class=\"ez-toc-section\" id=\"26_%E2%80%9EPamietnik_grzecznego_psa_Tom_1%E2%80%9D_%E2%80%93_K_Terechowicz_W_Cesarz\"><\/span>26. <a href=\"https:\/\/audioteka.com\/pl\/audiobook\/pamietnik-grzecznego-psa\/\" target=\"_blank\" rel=\"noopener\"><strong>&#8222;Pami\u0119tnik grzecznego psa. Tom 1&#8221; \u2013 K. Terechowicz, W. Cesarz<\/strong> <\/a><span class=\"ez-toc-section-end\"><\/span><\/h3>\n\n\n<div class=\"wp-block-image\">\n<figure class=\"aligncenter size-full\"><img data-recalc-dims=\"1\" loading=\"lazy\" decoding=\"async\" width=\"300\" height=\"300\" data-attachment-id=\"12357\" data-permalink=\"https:\/\/blogaudioteka.wpcomstaging.com\/26-audiobookow-na-2026-rok-od-tego-musisz-zaczac\/469-1\" data-orig-file=\"https:\/\/i0.wp.com\/blogaudioteka.wpcomstaging.com\/wp-content\/uploads\/469-1.webp?fit=300%2C300&amp;ssl=1\" data-orig-size=\"300,300\" data-comments-opened=\"0\" data-image-meta=\"{&quot;aperture&quot;:&quot;0&quot;,&quot;credit&quot;:&quot;&quot;,&quot;camera&quot;:&quot;&quot;,&quot;caption&quot;:&quot;&quot;,&quot;created_timestamp&quot;:&quot;0&quot;,&quot;copyright&quot;:&quot;&quot;,&quot;focal_length&quot;:&quot;0&quot;,&quot;iso&quot;:&quot;0&quot;,&quot;shutter_speed&quot;:&quot;0&quot;,&quot;title&quot;:&quot;&quot;,&quot;orientation&quot;:&quot;0&quot;}\" data-image-title=\"469 (1)\" data-image-description=\"\" data-image-caption=\"\" data-large-file=\"https:\/\/i0.wp.com\/blogaudioteka.wpcomstaging.com\/wp-content\/uploads\/469-1.webp?fit=300%2C300&amp;ssl=1\" src=\"https:\/\/i0.wp.com\/blogaudioteka.wpcomstaging.com\/wp-content\/uploads\/469-1.webp?resize=300%2C300&#038;ssl=1\" alt=\"\" class=\"wp-image-12357\" srcset=\"https:\/\/i0.wp.com\/blogaudioteka.wpcomstaging.com\/wp-content\/uploads\/469-1.webp?w=300&amp;ssl=1 300w, https:\/\/i0.wp.com\/blogaudioteka.wpcomstaging.com\/wp-content\/uploads\/469-1.webp?resize=150%2C150&amp;ssl=1 150w, https:\/\/i0.wp.com\/blogaudioteka.wpcomstaging.com\/wp-content\/uploads\/469-1.webp?resize=200%2C200&amp;ssl=1 200w, https:\/\/i0.wp.com\/blogaudioteka.wpcomstaging.com\/wp-content\/uploads\/469-1.webp?resize=148%2C148&amp;ssl=1 148w, https:\/\/i0.wp.com\/blogaudioteka.wpcomstaging.com\/wp-content\/uploads\/469-1.webp?resize=296%2C296&amp;ssl=1 296w\" sizes=\"auto, (max-width: 300px) 100vw, 300px\" \/><\/figure>\n<\/div>\n\n\n<p class=\"has-text-align-justify wp-block-paragraph\">Przygody Wintera, alaskana malamuta, kt\u00f3ry wywraca \u017cycie pewnej rodziny do g\u00f3ry nogami. Ciep\u0142a, przezabawna historia opowiedziana z&nbsp;perspektywy czworonoga, kt\u00f3ry \u201egrzeczno\u015b\u0107\u201d rozumie w&nbsp;bardzo specyficzny spos\u00f3b. Idealna propozycja dla ca\u0142ej rodziny.<\/p>\n\n\n\n<h2 class=\"wp-block-heading\"><span class=\"ez-toc-section\" id=\"26_wartosciowych_historii_na_2026_rok_%E2%80%93_sluchaj_w_Audioteka_Klub\"><\/span>26 warto\u015bciowych historii na 2026 rok &#8211; s\u0142uchaj w&nbsp;Audioteka Klub<span class=\"ez-toc-section-end\"><\/span><\/h2>\n\n\n\n<div class=\"wp-block-group is-style-cs-promo\"><div class=\"wp-block-group__inner-container is-layout-constrained wp-block-group-is-layout-constrained\">\n<p class=\"wp-block-paragraph\">\ud83d\udc49<a href=\"https:\/\/audioteka.com\/pl\/blog\/postanowienia-noworoczne-2026-mniej-presji-wiecej-dobrych-historii\" target=\"_blank\" rel=\"noopener\">Postanowienia noworoczne 2026: mniej presji, wi\u0119cej dobrych historii<\/a><\/p>\n<\/div><\/div>\n\n\n\n<p class=\"has-text-align-justify wp-block-paragraph\">Kt\u00f3ry z&nbsp;tych tytu\u0142\u00f3w jako pierwszy wyl\u0105duje na Twojej p\u00f3\u0142ce w&nbsp;Audiotece? A&nbsp;mo\u017ce ju\u017c s\u0142uchasz kt\u00f3rego\u015b z&nbsp;nich? Ka\u017cda z&nbsp;tych 26 pozycji to inna emocja, inny g\u0142os i&nbsp;inna perspektywa. <strong>Nie czekaj na &#8222;odpowiedni moment&#8221; <\/strong>\u2013 Tw\u00f3j nast\u0119pny ulubiony audiobook jest ju\u017c na wyci\u0105gni\u0119cie r\u0119ki (i ucha) w&nbsp;aplikacji Audioteki.<strong> Pobierz, wci\u015bnij &#8222;play&#8221; i&nbsp;pozw\u00f3l, by rok 2026 up\u0142yn\u0105\u0142 Ci pod znakiem najlepszych historii.<\/strong><\/p>\n\n\n\n<figure class=\"wp-block-image size-full\"><a href=\"https:\/\/klub.audioteka.com\/\" target=\"_blank\" rel=\"noopener\"><img data-recalc-dims=\"1\" loading=\"lazy\" decoding=\"async\" width=\"768\" height=\"216\" data-attachment-id=\"8351\" data-permalink=\"https:\/\/blogaudioteka.wpcomstaging.com\/wrogowie-czy-kochankowie-najpiekniejszy-literacki-zwrot-akcji\/ak_4-2\" data-orig-file=\"https:\/\/i0.wp.com\/blogaudioteka.wpcomstaging.com\/wp-content\/uploads\/ak_4.webp?fit=768%2C216&amp;ssl=1\" data-orig-size=\"768,216\" data-comments-opened=\"0\" data-image-meta=\"{&quot;aperture&quot;:&quot;0&quot;,&quot;credit&quot;:&quot;&quot;,&quot;camera&quot;:&quot;&quot;,&quot;caption&quot;:&quot;&quot;,&quot;created_timestamp&quot;:&quot;0&quot;,&quot;copyright&quot;:&quot;&quot;,&quot;focal_length&quot;:&quot;0&quot;,&quot;iso&quot;:&quot;0&quot;,&quot;shutter_speed&quot;:&quot;0&quot;,&quot;title&quot;:&quot;&quot;,&quot;orientation&quot;:&quot;0&quot;}\" data-image-title=\"audioteka klub\" data-image-description=\"\" data-image-caption=\"\" data-large-file=\"https:\/\/i0.wp.com\/blogaudioteka.wpcomstaging.com\/wp-content\/uploads\/ak_4.webp?fit=768%2C216&amp;ssl=1\" src=\"https:\/\/i0.wp.com\/blogaudioteka.wpcomstaging.com\/wp-content\/uploads\/ak_4.webp?resize=768%2C216&#038;ssl=1\" alt=\"audioteka klub\" class=\"wp-image-8351\" srcset=\"https:\/\/i0.wp.com\/blogaudioteka.wpcomstaging.com\/wp-content\/uploads\/ak_4.webp?w=768&amp;ssl=1 768w, https:\/\/i0.wp.com\/blogaudioteka.wpcomstaging.com\/wp-content\/uploads\/ak_4.webp?resize=300%2C84&amp;ssl=1 300w, https:\/\/i0.wp.com\/blogaudioteka.wpcomstaging.com\/wp-content\/uploads\/ak_4.webp?resize=512%2C144&amp;ssl=1 512w\" sizes=\"auto, (max-width: 768px) 100vw, 768px\" \/><\/a><\/figure>\n","protected":false},"excerpt":{"rendered":"Nowy rok, nowa karta i&#8230; tysi\u0105ce godzin niesamowitych historii czekaj\u0105cych na odkrycie. Rok 2026 w&nbsp;\u015bwiecie audiobook\u00f3w zapowiada si\u0119&hellip;","protected":false},"author":264736302,"featured_media":12393,"comment_status":"closed","ping_status":"closed","sticky":false,"template":"","format":"standard","meta":{"_crdt_document":"","csco_display_header_overlay":false,"csco_singular_sidebar":"","csco_page_header_type":"","_jetpack_memberships_contains_paid_content":false,"footnotes":""},"categories":[14928,14929],"tags":[],"class_list":{"0":"post-12227","1":"post","2":"type-post","3":"status-publish","4":"format-standard","5":"has-post-thumbnail","7":"category-porady","8":"category-poradniki","9":"cs-entry"},"jetpack_featured_media_url":"https:\/\/i0.wp.com\/blogaudioteka.wpcomstaging.com\/wp-content\/uploads\/Projekt-bez-nazwy-2026-01-05T121138.634.png?fit=1920%2C1080&ssl=1","jetpack_sharing_enabled":true,"_links":{"self":[{"href":"https:\/\/blogaudioteka.wpcomstaging.com\/wp-json\/wp\/v2\/posts\/12227","targetHints":{"allow":["GET"]}}],"collection":[{"href":"https:\/\/blogaudioteka.wpcomstaging.com\/wp-json\/wp\/v2\/posts"}],"about":[{"href":"https:\/\/blogaudioteka.wpcomstaging.com\/wp-json\/wp\/v2\/types\/post"}],"author":[{"embeddable":true,"href":"https:\/\/blogaudioteka.wpcomstaging.com\/wp-json\/wp\/v2\/users\/264736302"}],"replies":[{"embeddable":true,"href":"https:\/\/blogaudioteka.wpcomstaging.com\/wp-json\/wp\/v2\/comments?post=12227"}],"version-history":[{"count":43,"href":"https:\/\/blogaudioteka.wpcomstaging.com\/wp-json\/wp\/v2\/posts\/12227\/revisions"}],"predecessor-version":[{"id":12394,"href":"https:\/\/blogaudioteka.wpcomstaging.com\/wp-json\/wp\/v2\/posts\/12227\/revisions\/12394"}],"wp:featuredmedia":[{"embeddable":true,"href":"https:\/\/blogaudioteka.wpcomstaging.com\/wp-json\/wp\/v2\/media\/12393"}],"wp:attachment":[{"href":"https:\/\/blogaudioteka.wpcomstaging.com\/wp-json\/wp\/v2\/media?parent=12227"}],"wp:term":[{"taxonomy":"category","embeddable":true,"href":"https:\/\/blogaudioteka.wpcomstaging.com\/wp-json\/wp\/v2\/categories?post=12227"},{"taxonomy":"post_tag","embeddable":true,"href":"https:\/\/blogaudioteka.wpcomstaging.com\/wp-json\/wp\/v2\/tags?post=12227"}],"curies":[{"name":"wp","href":"https:\/\/api.w.org\/{rel}","templated":true}]}}