{"id":12148,"date":"2025-12-30T15:25:01","date_gmt":"2025-12-30T14:25:01","guid":{"rendered":"https:\/\/blogaudioteka.wpcomstaging.com\/?p=12148"},"modified":"2025-12-30T15:25:04","modified_gmt":"2025-12-30T14:25:04","slug":"wakacje-w-zimie-odwiedz-ibize-usa-i-tatry-bez-wychodzenia-z-domu","status":"publish","type":"post","link":"https:\/\/blogaudioteka.wpcomstaging.com\/wakacje-w-zimie-odwiedz-ibize-usa-i-tatry-bez-wychodzenia-z-domu","title":{"rendered":"Wakacje w zimie? Odwied\u017a Ibiz\u0119, USA i Tatry bez wychodzenia z domu"},"content":{"rendered":"\n<p class=\"has-text-align-justify wp-block-paragraph\"><strong>Zima w&nbsp;pe\u0142ni, a&nbsp;do urlopu wci\u0105\u017c daleko? Cho\u0107 za oknem mr\u00f3z, wcale nie musisz czeka\u0107 do lata, by poczu\u0107 klimat dalekich podr\u00f3\u017cy. W&nbsp;Audiotece wierzymy, \u017ce najlepiej podr\u00f3\u017cuje si\u0119 uszami. Zamiast pakowa\u0107 walizki, wystarczy na\u0142o\u017cy\u0107 s\u0142uchawki, by w&nbsp;u\u0142amku sekundy przenie\u015b\u0107 si\u0119 w&nbsp;sam \u015brodek akcji. Przygotowali\u015bmy zestawienie najlepszych audioseriali i&nbsp;superprodukcji, kt\u00f3re przenios\u0105 Ci\u0119 w&nbsp;najr\u00f3\u017cniejsze zak\u0105tki Polski i&nbsp;\u015bwiata. Za\u0142\u00f3\u017c s\u0142uchawki, zamknij oczy i&nbsp;wybierz sw\u00f3j kierunek na zimowy \u201eurlop\u201d z&nbsp;Audiotek\u0105.<\/strong><\/p>\n\n\n\n<div id=\"ez-toc-container\" class=\"ez-toc-v2_0_82_2 counter-hierarchy ez-toc-counter ez-toc-grey ez-toc-container-direction\">\n<div class=\"ez-toc-title-container\"><span class=\"ez-toc-title\" style=\"cursor:inherit\">Spis tre\u015bci<\/span>\n<\/div><nav><ul class='ez-toc-list ez-toc-list-level-1 ' ><li class='ez-toc-page-1 ez-toc-heading-level-2'><a class=\"ez-toc-link ez-toc-heading-1\" href=\"https:\/\/blogaudioteka.wpcomstaging.com\/wakacje-w-zimie-odwiedz-ibize-usa-i-tatry-bez-wychodzenia-z-domu\/#Szum_reglowego_lasu_i_echa_tajemnic_Uslysz_polskie_gory_i_jeziora\" >Szum reglowego lasu i&nbsp;echa tajemnic: Us\u0142ysz polskie g\u00f3ry i&nbsp;jeziora<\/a><ul class='ez-toc-list-level-3' ><li class='ez-toc-heading-level-3'><a class=\"ez-toc-link ez-toc-heading-2\" href=\"https:\/\/blogaudioteka.wpcomstaging.com\/wakacje-w-zimie-odwiedz-ibize-usa-i-tatry-bez-wychodzenia-z-domu\/#1_Podmuchy_wiatru_w_%E2%80%9ECoSieStaloZAnnaKos%E2%80%9D\" >1. Podmuchy wiatru w&nbsp;\u201e#CoSi\u0119Sta\u0142oZAnn\u0105Kos\u201d<\/a><\/li><li class='ez-toc-page-1 ez-toc-heading-level-3'><a class=\"ez-toc-link ez-toc-heading-3\" href=\"https:\/\/blogaudioteka.wpcomstaging.com\/wakacje-w-zimie-odwiedz-ibize-usa-i-tatry-bez-wychodzenia-z-domu\/#2_Plusk_mazurskiej_wody_w_%E2%80%9EMazurskim_Przekrecie%E2%80%9D\" >2. Plusk mazurskiej wody w&nbsp;\u201eMazurskim Przekr\u0119cie\u201d<\/a><\/li><\/ul><\/li><li class='ez-toc-page-1 ez-toc-heading-level-2'><a class=\"ez-toc-link ez-toc-heading-4\" href=\"https:\/\/blogaudioteka.wpcomstaging.com\/wakacje-w-zimie-odwiedz-ibize-usa-i-tatry-bez-wychodzenia-z-domu\/#Odglosy_wielkiego_swiata_od_Bialego_Domu_po_galaktyczne_Los_Angeles\" >Odg\u0142osy wielkiego \u015bwiata: od Bia\u0142ego Domu po galaktyczne Los Angeles<\/a><ul class='ez-toc-list-level-3' ><li class='ez-toc-heading-level-3'><a class=\"ez-toc-link ez-toc-heading-5\" href=\"https:\/\/blogaudioteka.wpcomstaging.com\/wakacje-w-zimie-odwiedz-ibize-usa-i-tatry-bez-wychodzenia-z-domu\/#3_Echa_przeszlosci_w_%E2%80%9EUpadku_gigantow%E2%80%9D\" >3. Echa przesz\u0142o\u015bci w&nbsp;\u201eUpadku gigant\u00f3w\u201d<\/a><\/li><li class='ez-toc-page-1 ez-toc-heading-level-3'><a class=\"ez-toc-link ez-toc-heading-6\" href=\"https:\/\/blogaudioteka.wpcomstaging.com\/wakacje-w-zimie-odwiedz-ibize-usa-i-tatry-bez-wychodzenia-z-domu\/#4_Metaliczny_poglos_w_%E2%80%9EOni_tu_sa%E2%80%9D\" >4. Metaliczny pog\u0142os w&nbsp;\u201eOni tu s\u0105\u201d<\/a><\/li><\/ul><\/li><li class='ez-toc-page-1 ez-toc-heading-level-2'><a class=\"ez-toc-link ez-toc-heading-7\" href=\"https:\/\/blogaudioteka.wpcomstaging.com\/wakacje-w-zimie-odwiedz-ibize-usa-i-tatry-bez-wychodzenia-z-domu\/#Rytm_nocy_i_srodziemnomorski_klimat_dzwieki_Ibizy_i_Wloch\" >Rytm nocy i&nbsp;\u015br\u00f3dziemnomorski klimat: d\u017awi\u0119ki Ibizy i&nbsp;W\u0142och<\/a><ul class='ez-toc-list-level-3' ><li class='ez-toc-heading-level-3'><a class=\"ez-toc-link ez-toc-heading-8\" href=\"https:\/\/blogaudioteka.wpcomstaging.com\/wakacje-w-zimie-odwiedz-ibize-usa-i-tatry-bez-wychodzenia-z-domu\/#5_Pulsujacy_bas_w_%E2%80%9EIbiza_Thriller_all_inclusive%E2%80%9D\" >5. Pulsuj\u0105cy bas w&nbsp;\u201eIbiza. Thriller all inclusive\u201d<\/a><\/li><li class='ez-toc-page-1 ez-toc-heading-level-3'><a class=\"ez-toc-link ez-toc-heading-9\" href=\"https:\/\/blogaudioteka.wpcomstaging.com\/wakacje-w-zimie-odwiedz-ibize-usa-i-tatry-bez-wychodzenia-z-domu\/#6_Wloska_aura_w_%E2%80%9ECzynniku_turynskim%E2%80%9D\" >6. W\u0142oska aura w&nbsp;\u201eCzynniku tury\u0144skim\u201d<\/a><\/li><\/ul><\/li><li class='ez-toc-page-1 ez-toc-heading-level-2'><a class=\"ez-toc-link ez-toc-heading-10\" href=\"https:\/\/blogaudioteka.wpcomstaging.com\/wakacje-w-zimie-odwiedz-ibize-usa-i-tatry-bez-wychodzenia-z-domu\/#Dzwiekowa_podroz_przez_dawna_Europe_dzwony_katedr_i_huk_pary\" >D\u017awi\u0119kowa podr\u00f3\u017c przez dawn\u0105 Europ\u0119: dzwony katedr i&nbsp;huk pary<\/a><ul class='ez-toc-list-level-3' ><li class='ez-toc-heading-level-3'><a class=\"ez-toc-link ez-toc-heading-11\" href=\"https:\/\/blogaudioteka.wpcomstaging.com\/wakacje-w-zimie-odwiedz-ibize-usa-i-tatry-bez-wychodzenia-z-domu\/#7_Piesni_sredniowiecza_w_%E2%80%9EFilarach_Ziemi%E2%80%9D\" >7. Pie\u015bni \u015bredniowiecza w&nbsp;\u201eFilarach Ziemi\u201d<\/a><\/li><li class='ez-toc-page-1 ez-toc-heading-level-3'><a class=\"ez-toc-link ez-toc-heading-12\" href=\"https:\/\/blogaudioteka.wpcomstaging.com\/wakacje-w-zimie-odwiedz-ibize-usa-i-tatry-bez-wychodzenia-z-domu\/#8_Dudnienie_silnikow_w_%E2%80%9ESherlock_Holmes_%E2%80%93_Odcienie_Czerni%E2%80%9D\" >8. Dudnienie silnik\u00f3w w&nbsp;\u201eSherlock Holmes &#8211; Odcienie Czerni\u201d<\/a><\/li><\/ul><\/li><li class='ez-toc-page-1 ez-toc-heading-level-2'><a class=\"ez-toc-link ez-toc-heading-13\" href=\"https:\/\/blogaudioteka.wpcomstaging.com\/wakacje-w-zimie-odwiedz-ibize-usa-i-tatry-bez-wychodzenia-z-domu\/#Dzwiek_fal_na_pelnym_morzu_%E2%80%9EDesire%E2%80%9D\" >D\u017awi\u0119k fal na pe\u0142nym morzu: \u201eDesire\u201d<\/a><\/li><li class='ez-toc-page-1 ez-toc-heading-level-2'><a class=\"ez-toc-link ez-toc-heading-14\" href=\"https:\/\/blogaudioteka.wpcomstaging.com\/wakacje-w-zimie-odwiedz-ibize-usa-i-tatry-bez-wychodzenia-z-domu\/#Bilet_do_swiata_audio_%E2%80%93_Twoje_zimowe_wakacje_zaczynaja_sie_tutaj\" >Bilet do \u015bwiata audio &#8211; Twoje zimowe wakacje zaczynaj\u0105 si\u0119 tutaj<\/a><\/li><\/ul><\/nav><\/div>\n<h2 class=\"wp-block-heading\"><span class=\"ez-toc-section\" id=\"Szum_reglowego_lasu_i_echa_tajemnic_Uslysz_polskie_gory_i_jeziora\"><\/span>Szum reglowego lasu i&nbsp;echa tajemnic: Us\u0142ysz polskie g\u00f3ry i&nbsp;jeziora<span class=\"ez-toc-section-end\"><\/span><\/h2>\n\n\n\n<p class=\"wp-block-paragraph\">Zimowe wieczory to idealny czas, by zanurzy\u0107 si\u0119 w&nbsp;g\u0119stej atmosferze <a href=\"https:\/\/audioteka.com\/pl\/katalog\/kryminal-polski\/\" target=\"_blank\" rel=\"noopener\">polskich krymina\u0142\u00f3w<\/a>. Tu d\u017awi\u0119ki natury s\u0105 r\u00f3wnie wa\u017cne, co dialogi bohater\u00f3w.<\/p>\n\n\n\n<h3 class=\"wp-block-heading\"><span class=\"ez-toc-section\" id=\"1_Podmuchy_wiatru_w_%E2%80%9ECoSieStaloZAnnaKos%E2%80%9D\"><\/span>1. Podmuchy wiatru w&nbsp;\u201e#CoSi\u0119Sta\u0142oZAnn\u0105Kos\u201d<span class=\"ez-toc-section-end\"><\/span><\/h3>\n\n\n<div class=\"wp-block-image\">\n<figure class=\"aligncenter size-full\"><img data-recalc-dims=\"1\" loading=\"lazy\" decoding=\"async\" width=\"360\" height=\"360\" data-attachment-id=\"12156\" data-permalink=\"https:\/\/blogaudioteka.wpcomstaging.com\/wakacje-w-zimie-odwiedz-ibize-usa-i-tatry-bez-wychodzenia-z-domu\/8-2\" data-orig-file=\"https:\/\/i0.wp.com\/blogaudioteka.wpcomstaging.com\/wp-content\/uploads\/8-2.webp?fit=360%2C360&amp;ssl=1\" data-orig-size=\"360,360\" data-comments-opened=\"0\" data-image-meta=\"{&quot;aperture&quot;:&quot;0&quot;,&quot;credit&quot;:&quot;&quot;,&quot;camera&quot;:&quot;&quot;,&quot;caption&quot;:&quot;&quot;,&quot;created_timestamp&quot;:&quot;0&quot;,&quot;copyright&quot;:&quot;&quot;,&quot;focal_length&quot;:&quot;0&quot;,&quot;iso&quot;:&quot;0&quot;,&quot;shutter_speed&quot;:&quot;0&quot;,&quot;title&quot;:&quot;&quot;,&quot;orientation&quot;:&quot;0&quot;}\" data-image-title=\"8 (2)\" data-image-description=\"\" data-image-caption=\"\" data-large-file=\"https:\/\/i0.wp.com\/blogaudioteka.wpcomstaging.com\/wp-content\/uploads\/8-2.webp?fit=360%2C360&amp;ssl=1\" src=\"https:\/\/i0.wp.com\/blogaudioteka.wpcomstaging.com\/wp-content\/uploads\/8-2.webp?resize=360%2C360&#038;ssl=1\" alt=\"\" class=\"wp-image-12156\" srcset=\"https:\/\/i0.wp.com\/blogaudioteka.wpcomstaging.com\/wp-content\/uploads\/8-2.webp?w=360&amp;ssl=1 360w, https:\/\/i0.wp.com\/blogaudioteka.wpcomstaging.com\/wp-content\/uploads\/8-2.webp?resize=300%2C300&amp;ssl=1 300w, https:\/\/i0.wp.com\/blogaudioteka.wpcomstaging.com\/wp-content\/uploads\/8-2.webp?resize=150%2C150&amp;ssl=1 150w, https:\/\/i0.wp.com\/blogaudioteka.wpcomstaging.com\/wp-content\/uploads\/8-2.webp?resize=200%2C200&amp;ssl=1 200w, https:\/\/i0.wp.com\/blogaudioteka.wpcomstaging.com\/wp-content\/uploads\/8-2.webp?resize=148%2C148&amp;ssl=1 148w, https:\/\/i0.wp.com\/blogaudioteka.wpcomstaging.com\/wp-content\/uploads\/8-2.webp?resize=296%2C296&amp;ssl=1 296w\" sizes=\"auto, (max-width: 360px) 100vw, 360px\" \/><\/figure>\n<\/div>\n\n\n<ul class=\"wp-block-list\">\n<li><a href=\"https:\/\/audioteka.com\/pl\/cykl\/tatry-cosiestalozannakos-audioserial\/\" target=\"_blank\" rel=\"noopener\"><strong>Tatry. #CoSi\u0119Sta\u0142oZAnn\u0105Kos. Audioserial &#8211; cykl audiobook\u00f3w | Audioteka<\/strong><\/a><\/li>\n<\/ul>\n\n\n\n<p class=\"has-text-align-justify wp-block-paragraph\">W tej opowie\u015bci Zakopane nie brzmi jak gwarny deptak. To raczej trzeszczenie starego drewna w&nbsp;pensjonacie \u201eNiezapominajka\u201d i&nbsp;niepokoj\u0105cy szum tatrza\u0144skich las\u00f3w. Karolina, influencerka szukaj\u0105ca spokoju, szybko zrozumie, \u017ce w&nbsp;g\u00f3rach cisza rzadko oznacza bezpiecze\u0144stwo. W&nbsp;rolach g\u0142\u00f3wnych: Helena Englert i&nbsp;<a href=\"https:\/\/audioteka.com\/pl\/lektor\/mateusz-kmiecik\/\" target=\"_blank\" rel=\"noopener\">Mateusz Kmiecik<\/a>.<\/p>\n\n\n\n<h3 class=\"wp-block-heading\"><span class=\"ez-toc-section\" id=\"2_Plusk_mazurskiej_wody_w_%E2%80%9EMazurskim_Przekrecie%E2%80%9D\"><\/span>2. Plusk mazurskiej wody w&nbsp;\u201eMazurskim Przekr\u0119cie\u201d<span class=\"ez-toc-section-end\"><\/span><\/h3>\n\n\n<div class=\"wp-block-image\">\n<figure class=\"aligncenter size-full\"><img data-recalc-dims=\"1\" loading=\"lazy\" decoding=\"async\" width=\"360\" height=\"360\" data-attachment-id=\"12159\" data-permalink=\"https:\/\/blogaudioteka.wpcomstaging.com\/wakacje-w-zimie-odwiedz-ibize-usa-i-tatry-bez-wychodzenia-z-domu\/attachment\/26\" data-orig-file=\"https:\/\/i0.wp.com\/blogaudioteka.wpcomstaging.com\/wp-content\/uploads\/26.webp?fit=360%2C360&amp;ssl=1\" data-orig-size=\"360,360\" data-comments-opened=\"0\" data-image-meta=\"{&quot;aperture&quot;:&quot;0&quot;,&quot;credit&quot;:&quot;&quot;,&quot;camera&quot;:&quot;&quot;,&quot;caption&quot;:&quot;&quot;,&quot;created_timestamp&quot;:&quot;0&quot;,&quot;copyright&quot;:&quot;&quot;,&quot;focal_length&quot;:&quot;0&quot;,&quot;iso&quot;:&quot;0&quot;,&quot;shutter_speed&quot;:&quot;0&quot;,&quot;title&quot;:&quot;&quot;,&quot;orientation&quot;:&quot;0&quot;}\" data-image-title=\"26\" data-image-description=\"\" data-image-caption=\"\" data-large-file=\"https:\/\/i0.wp.com\/blogaudioteka.wpcomstaging.com\/wp-content\/uploads\/26.webp?fit=360%2C360&amp;ssl=1\" src=\"https:\/\/i0.wp.com\/blogaudioteka.wpcomstaging.com\/wp-content\/uploads\/26.webp?resize=360%2C360&#038;ssl=1\" alt=\"\" class=\"wp-image-12159\" srcset=\"https:\/\/i0.wp.com\/blogaudioteka.wpcomstaging.com\/wp-content\/uploads\/26.webp?w=360&amp;ssl=1 360w, https:\/\/i0.wp.com\/blogaudioteka.wpcomstaging.com\/wp-content\/uploads\/26.webp?resize=300%2C300&amp;ssl=1 300w, https:\/\/i0.wp.com\/blogaudioteka.wpcomstaging.com\/wp-content\/uploads\/26.webp?resize=150%2C150&amp;ssl=1 150w, https:\/\/i0.wp.com\/blogaudioteka.wpcomstaging.com\/wp-content\/uploads\/26.webp?resize=200%2C200&amp;ssl=1 200w, https:\/\/i0.wp.com\/blogaudioteka.wpcomstaging.com\/wp-content\/uploads\/26.webp?resize=148%2C148&amp;ssl=1 148w, https:\/\/i0.wp.com\/blogaudioteka.wpcomstaging.com\/wp-content\/uploads\/26.webp?resize=296%2C296&amp;ssl=1 296w\" sizes=\"auto, (max-width: 360px) 100vw, 360px\" \/><\/figure>\n<\/div>\n\n\n<ul class=\"wp-block-list\">\n<li><a href=\"https:\/\/audioteka.com\/pl\/cykl\/mazurski-przekret-audioserial\/\" target=\"_blank\" rel=\"noopener\"><strong>Mazurski Przekr\u0119t. Audioserial &#8211; cykl audiobook\u00f3w | Audioteka<\/strong><\/a><\/li>\n<\/ul>\n\n\n\n<p class=\"has-text-align-justify wp-block-paragraph\">Zamiast sielskiego wypoczynku \u2013 odg\u0142osy \u015bledztwa na najwy\u017cszych obrotach. Piotr Brandt, szukaj\u0105c ukojenia nad jeziorami, trafia na spraw\u0119 grubsz\u0105 ni\u017c cokolwiek, co s\u0142ysza\u0142 na rockowej scenie. To Mazury pe\u0142ne intryg, kt\u00f3re brzmi\u0105 jak mroczna, kryminalna uk\u0142adanka. W&nbsp;rolach g\u0142\u00f3wnych: <a href=\"https:\/\/audioteka.com\/pl\/lektor\/grzegorz-malecki\/\" target=\"_blank\" rel=\"noopener\">Grzegorz Ma\u0142ecki<\/a>, <a href=\"https:\/\/audioteka.com\/pl\/lektor\/szymon-kusmider\/\" target=\"_blank\" rel=\"noopener\">Szymon Ku\u015bmider<\/a> i&nbsp;<a href=\"https:\/\/audioteka.com\/pl\/lektor\/damian-kulec\/\" target=\"_blank\" rel=\"noopener\">Damian Kulec<\/a>.<\/p>\n\n\n\n<h2 class=\"wp-block-heading\"><span class=\"ez-toc-section\" id=\"Odglosy_wielkiego_swiata_od_Bialego_Domu_po_galaktyczne_Los_Angeles\"><\/span>Odg\u0142osy wielkiego \u015bwiata: od Bia\u0142ego Domu po galaktyczne Los Angeles<span class=\"ez-toc-section-end\"><\/span><\/h2>\n\n\n\n<p class=\"wp-block-paragraph\">Je\u015bli marzy Ci si\u0119 wyprawa za ocean, nasze ameryka\u0144skie <a href=\"https:\/\/audioteka.com\/pl\/katalog\/superprodukcje-audioteki\/\" target=\"_blank\" rel=\"noopener\">superprodukcje<\/a> zaserwuj\u0105 Ci pe\u0142ne spektrum d\u017awi\u0119kowych wra\u017ce\u0144 \u2013 od salon\u00f3w politycznych po futurystyczne brzmienia. Stany Zjednoczone w&nbsp;Audiotece to podr\u00f3\u017c w&nbsp;dw\u00f3ch skrajnych wymiarach.<\/p>\n\n\n\n<h3 class=\"wp-block-heading\"><span class=\"ez-toc-section\" id=\"3_Echa_przeszlosci_w_%E2%80%9EUpadku_gigantow%E2%80%9D\"><\/span>3. <strong>Echa przesz\u0142o\u015bci w&nbsp;\u201eUpadku gigant\u00f3w\u201d<\/strong><span class=\"ez-toc-section-end\"><\/span><\/h3>\n\n\n<div class=\"wp-block-image\">\n<figure class=\"aligncenter size-full\"><img data-recalc-dims=\"1\" loading=\"lazy\" decoding=\"async\" width=\"360\" height=\"360\" data-attachment-id=\"12162\" data-permalink=\"https:\/\/blogaudioteka.wpcomstaging.com\/wakacje-w-zimie-odwiedz-ibize-usa-i-tatry-bez-wychodzenia-z-domu\/attachment\/646\" data-orig-file=\"https:\/\/i0.wp.com\/blogaudioteka.wpcomstaging.com\/wp-content\/uploads\/646.webp?fit=360%2C360&amp;ssl=1\" data-orig-size=\"360,360\" data-comments-opened=\"0\" data-image-meta=\"{&quot;aperture&quot;:&quot;0&quot;,&quot;credit&quot;:&quot;&quot;,&quot;camera&quot;:&quot;&quot;,&quot;caption&quot;:&quot;&quot;,&quot;created_timestamp&quot;:&quot;0&quot;,&quot;copyright&quot;:&quot;&quot;,&quot;focal_length&quot;:&quot;0&quot;,&quot;iso&quot;:&quot;0&quot;,&quot;shutter_speed&quot;:&quot;0&quot;,&quot;title&quot;:&quot;&quot;,&quot;orientation&quot;:&quot;0&quot;}\" data-image-title=\"646\" data-image-description=\"\" data-image-caption=\"\" data-large-file=\"https:\/\/i0.wp.com\/blogaudioteka.wpcomstaging.com\/wp-content\/uploads\/646.webp?fit=360%2C360&amp;ssl=1\" src=\"https:\/\/i0.wp.com\/blogaudioteka.wpcomstaging.com\/wp-content\/uploads\/646.webp?resize=360%2C360&#038;ssl=1\" alt=\"\" class=\"wp-image-12162\" srcset=\"https:\/\/i0.wp.com\/blogaudioteka.wpcomstaging.com\/wp-content\/uploads\/646.webp?w=360&amp;ssl=1 360w, https:\/\/i0.wp.com\/blogaudioteka.wpcomstaging.com\/wp-content\/uploads\/646.webp?resize=300%2C300&amp;ssl=1 300w, https:\/\/i0.wp.com\/blogaudioteka.wpcomstaging.com\/wp-content\/uploads\/646.webp?resize=150%2C150&amp;ssl=1 150w, https:\/\/i0.wp.com\/blogaudioteka.wpcomstaging.com\/wp-content\/uploads\/646.webp?resize=200%2C200&amp;ssl=1 200w, https:\/\/i0.wp.com\/blogaudioteka.wpcomstaging.com\/wp-content\/uploads\/646.webp?resize=148%2C148&amp;ssl=1 148w, https:\/\/i0.wp.com\/blogaudioteka.wpcomstaging.com\/wp-content\/uploads\/646.webp?resize=296%2C296&amp;ssl=1 296w\" sizes=\"auto, (max-width: 360px) 100vw, 360px\" \/><\/figure>\n<\/div>\n\n\n<ul class=\"wp-block-list\">\n<li><a href=\"https:\/\/audioteka.com\/pl\/cykl\/upadek-gigantow-audioserial\/\" target=\"_blank\" rel=\"noopener\"><strong>Upadek gigant\u00f3w. Audioserial &#8211; cykl audiobook\u00f3w | Audioteka<\/strong><\/a><\/li>\n<\/ul>\n\n\n\n<p class=\"has-text-align-justify wp-block-paragraph\">Us\u0142ysz, jak brzmia\u0142y korytarze Bia\u0142ego Domu i&nbsp;gabinety Waszyngtonu w&nbsp;przededniu wielkich zmian. Dzi\u0119ki udzia\u0142owi ponad 120 aktor\u00f3w i&nbsp;d\u017awi\u0119kom tradycyjnych celtyckich instrument\u00f3w, ta saga <a href=\"https:\/\/audioteka.com\/pl\/autor\/ken-follett\/\" target=\"_blank\" rel=\"noopener\">Kena Folletta<\/a> o\u017cywa w&nbsp;uszach z&nbsp;niesamowit\u0105 si\u0142\u0105.<\/p>\n\n\n\n<h3 class=\"wp-block-heading\"><span class=\"ez-toc-section\" id=\"4_Metaliczny_poglos_w_%E2%80%9EOni_tu_sa%E2%80%9D\"><\/span>4. <strong>Metaliczny pog\u0142os w&nbsp;\u201eOni tu s\u0105\u201d<\/strong><span class=\"ez-toc-section-end\"><\/span><\/h3>\n\n\n<div class=\"wp-block-image\">\n<figure class=\"aligncenter size-full\"><img data-recalc-dims=\"1\" loading=\"lazy\" decoding=\"async\" width=\"360\" height=\"360\" data-attachment-id=\"12164\" data-permalink=\"https:\/\/blogaudioteka.wpcomstaging.com\/wakacje-w-zimie-odwiedz-ibize-usa-i-tatry-bez-wychodzenia-z-domu\/attachment\/148\" data-orig-file=\"https:\/\/i0.wp.com\/blogaudioteka.wpcomstaging.com\/wp-content\/uploads\/148.webp?fit=360%2C360&amp;ssl=1\" data-orig-size=\"360,360\" data-comments-opened=\"0\" data-image-meta=\"{&quot;aperture&quot;:&quot;0&quot;,&quot;credit&quot;:&quot;&quot;,&quot;camera&quot;:&quot;&quot;,&quot;caption&quot;:&quot;&quot;,&quot;created_timestamp&quot;:&quot;0&quot;,&quot;copyright&quot;:&quot;&quot;,&quot;focal_length&quot;:&quot;0&quot;,&quot;iso&quot;:&quot;0&quot;,&quot;shutter_speed&quot;:&quot;0&quot;,&quot;title&quot;:&quot;&quot;,&quot;orientation&quot;:&quot;0&quot;}\" data-image-title=\"148\" data-image-description=\"\" data-image-caption=\"\" data-large-file=\"https:\/\/i0.wp.com\/blogaudioteka.wpcomstaging.com\/wp-content\/uploads\/148.webp?fit=360%2C360&amp;ssl=1\" src=\"https:\/\/i0.wp.com\/blogaudioteka.wpcomstaging.com\/wp-content\/uploads\/148.webp?resize=360%2C360&#038;ssl=1\" alt=\"\" class=\"wp-image-12164\" srcset=\"https:\/\/i0.wp.com\/blogaudioteka.wpcomstaging.com\/wp-content\/uploads\/148.webp?w=360&amp;ssl=1 360w, https:\/\/i0.wp.com\/blogaudioteka.wpcomstaging.com\/wp-content\/uploads\/148.webp?resize=300%2C300&amp;ssl=1 300w, https:\/\/i0.wp.com\/blogaudioteka.wpcomstaging.com\/wp-content\/uploads\/148.webp?resize=150%2C150&amp;ssl=1 150w, https:\/\/i0.wp.com\/blogaudioteka.wpcomstaging.com\/wp-content\/uploads\/148.webp?resize=200%2C200&amp;ssl=1 200w, https:\/\/i0.wp.com\/blogaudioteka.wpcomstaging.com\/wp-content\/uploads\/148.webp?resize=148%2C148&amp;ssl=1 148w, https:\/\/i0.wp.com\/blogaudioteka.wpcomstaging.com\/wp-content\/uploads\/148.webp?resize=296%2C296&amp;ssl=1 296w\" sizes=\"auto, (max-width: 360px) 100vw, 360px\" \/><\/figure>\n<\/div>\n\n\n<ul class=\"wp-block-list\">\n<li><a href=\"https:\/\/audioteka.com\/pl\/cykl\/oni-tu-sa-audioserial\/\" target=\"_blank\" rel=\"noopener\"><strong>Oni tu s\u0105. Audioserial &#8211; cykl audiobook\u00f3w | Audioteka<\/strong><\/a><\/li>\n<\/ul>\n\n\n\n<p class=\"has-text-align-justify wp-block-paragraph\">Przenie\u015b si\u0119 do Los Angeles, gdzie rutynowa interwencja w&nbsp;krematorium zmienia si\u0119 w&nbsp;galaktyczn\u0105 misj\u0119. Poczuj dreszcz, s\u0142uchaj\u0105c sygna\u0142u emitowanego przez tajemniczy przedmiot nieznanego pochodzenia. <a href=\"https:\/\/audioteka.com\/pl\/lektor\/magdalena-rozczka\/\" target=\"_blank\" rel=\"noopener\">Magdalena R\u00f3\u017cczka<\/a> i&nbsp;<a href=\"https:\/\/audioteka.com\/pl\/lektor\/mateusz-banasiuk\/\" target=\"_blank\" rel=\"noopener\">Mateusz Banasiuk<\/a> wci\u0105gn\u0105 Ci\u0119 w&nbsp;d\u017awi\u0119kow\u0105 gr\u0119 o&nbsp;przysz\u0142o\u015b\u0107 planety.<\/p>\n\n\n\n<h2 class=\"wp-block-heading\"><span class=\"ez-toc-section\" id=\"Rytm_nocy_i_srodziemnomorski_klimat_dzwieki_Ibizy_i_Wloch\"><\/span>Rytm nocy i&nbsp;\u015br\u00f3dziemnomorski klimat: d\u017awi\u0119ki Ibizy i&nbsp;W\u0142och<span class=\"ez-toc-section-end\"><\/span><\/h2>\n\n\n\n<p class=\"has-text-align-justify wp-block-paragraph\">T\u0119sknisz za s\u0142o\u0144cem i&nbsp;energi\u0105? Te <a href=\"https:\/\/audioteka.com\/pl\/katalog\/audioseriale\/\" target=\"_blank\" rel=\"noopener\">audioseriale<\/a> to Twoja dawka witaminy D w&nbsp;formie fal d\u017awi\u0119kowych.<\/p>\n\n\n\n<h3 class=\"wp-block-heading\"><span class=\"ez-toc-section\" id=\"5_Pulsujacy_bas_w_%E2%80%9EIbiza_Thriller_all_inclusive%E2%80%9D\"><\/span>5. Pulsuj\u0105cy bas w&nbsp;\u201eIbiza. Thriller all inclusive\u201d<span class=\"ez-toc-section-end\"><\/span><\/h3>\n\n\n<div class=\"wp-block-image\">\n<figure class=\"aligncenter size-full\"><img data-recalc-dims=\"1\" loading=\"lazy\" decoding=\"async\" width=\"360\" height=\"360\" data-attachment-id=\"12167\" data-permalink=\"https:\/\/blogaudioteka.wpcomstaging.com\/wakacje-w-zimie-odwiedz-ibize-usa-i-tatry-bez-wychodzenia-z-domu\/23-1\" data-orig-file=\"https:\/\/i0.wp.com\/blogaudioteka.wpcomstaging.com\/wp-content\/uploads\/23-1.webp?fit=360%2C360&amp;ssl=1\" data-orig-size=\"360,360\" data-comments-opened=\"0\" data-image-meta=\"{&quot;aperture&quot;:&quot;0&quot;,&quot;credit&quot;:&quot;&quot;,&quot;camera&quot;:&quot;&quot;,&quot;caption&quot;:&quot;&quot;,&quot;created_timestamp&quot;:&quot;0&quot;,&quot;copyright&quot;:&quot;&quot;,&quot;focal_length&quot;:&quot;0&quot;,&quot;iso&quot;:&quot;0&quot;,&quot;shutter_speed&quot;:&quot;0&quot;,&quot;title&quot;:&quot;&quot;,&quot;orientation&quot;:&quot;0&quot;}\" data-image-title=\"23 (1)\" data-image-description=\"\" data-image-caption=\"\" data-large-file=\"https:\/\/i0.wp.com\/blogaudioteka.wpcomstaging.com\/wp-content\/uploads\/23-1.webp?fit=360%2C360&amp;ssl=1\" src=\"https:\/\/i0.wp.com\/blogaudioteka.wpcomstaging.com\/wp-content\/uploads\/23-1.webp?resize=360%2C360&#038;ssl=1\" alt=\"\" class=\"wp-image-12167\" srcset=\"https:\/\/i0.wp.com\/blogaudioteka.wpcomstaging.com\/wp-content\/uploads\/23-1.webp?w=360&amp;ssl=1 360w, https:\/\/i0.wp.com\/blogaudioteka.wpcomstaging.com\/wp-content\/uploads\/23-1.webp?resize=300%2C300&amp;ssl=1 300w, https:\/\/i0.wp.com\/blogaudioteka.wpcomstaging.com\/wp-content\/uploads\/23-1.webp?resize=150%2C150&amp;ssl=1 150w, https:\/\/i0.wp.com\/blogaudioteka.wpcomstaging.com\/wp-content\/uploads\/23-1.webp?resize=200%2C200&amp;ssl=1 200w, https:\/\/i0.wp.com\/blogaudioteka.wpcomstaging.com\/wp-content\/uploads\/23-1.webp?resize=148%2C148&amp;ssl=1 148w, https:\/\/i0.wp.com\/blogaudioteka.wpcomstaging.com\/wp-content\/uploads\/23-1.webp?resize=296%2C296&amp;ssl=1 296w\" sizes=\"auto, (max-width: 360px) 100vw, 360px\" \/><\/figure>\n<\/div>\n\n\n<ul class=\"wp-block-list\">\n<li><a href=\"https:\/\/audioteka.com\/pl\/cykl\/ibiza-thriller-all-inclusive-audioserial\/\" target=\"_blank\" rel=\"noopener\"><strong>Ibiza. Thriller all inclusive. Audioserial &#8211; cykl audiobook\u00f3w | Audioteka<\/strong><\/a><\/li>\n<\/ul>\n\n\n\n<p class=\"has-text-align-justify wp-block-paragraph\">Poczuj wibracje najlepszych klub\u00f3w na \u015bwiecie i&nbsp;szum luksusowych jacht\u00f3w. Ale uwa\u017caj \u2013 w&nbsp;rytmie Ibizy kryje si\u0119 fa\u0142sz. Gdy znika polski did\u017cej, imprezowa wyspa zmienia sw\u00f3j soundtrack na mroczny <a href=\"https:\/\/audioteka.com\/pl\/katalog\/thriller\/\" target=\"_blank\" rel=\"noopener\">thriller<\/a>, w&nbsp;kt\u00f3rym ka\u017cdy d\u017awi\u0119k mo\u017ce by\u0107 zmy\u0142k\u0105.<\/p>\n\n\n\n<h3 class=\"wp-block-heading\"><span class=\"ez-toc-section\" id=\"6_Wloska_aura_w_%E2%80%9ECzynniku_turynskim%E2%80%9D\"><\/span>6. W\u0142oska aura w&nbsp;\u201eCzynniku tury\u0144skim\u201d<span class=\"ez-toc-section-end\"><\/span><\/h3>\n\n\n<div class=\"wp-block-image\">\n<figure class=\"aligncenter size-full\"><img data-recalc-dims=\"1\" loading=\"lazy\" decoding=\"async\" width=\"360\" height=\"360\" data-attachment-id=\"12169\" data-permalink=\"https:\/\/blogaudioteka.wpcomstaging.com\/wakacje-w-zimie-odwiedz-ibize-usa-i-tatry-bez-wychodzenia-z-domu\/137-1\" data-orig-file=\"https:\/\/i0.wp.com\/blogaudioteka.wpcomstaging.com\/wp-content\/uploads\/137-1.webp?fit=360%2C360&amp;ssl=1\" data-orig-size=\"360,360\" data-comments-opened=\"0\" data-image-meta=\"{&quot;aperture&quot;:&quot;0&quot;,&quot;credit&quot;:&quot;&quot;,&quot;camera&quot;:&quot;&quot;,&quot;caption&quot;:&quot;&quot;,&quot;created_timestamp&quot;:&quot;0&quot;,&quot;copyright&quot;:&quot;&quot;,&quot;focal_length&quot;:&quot;0&quot;,&quot;iso&quot;:&quot;0&quot;,&quot;shutter_speed&quot;:&quot;0&quot;,&quot;title&quot;:&quot;&quot;,&quot;orientation&quot;:&quot;0&quot;}\" data-image-title=\"137 (1)\" data-image-description=\"\" data-image-caption=\"\" data-large-file=\"https:\/\/i0.wp.com\/blogaudioteka.wpcomstaging.com\/wp-content\/uploads\/137-1.webp?fit=360%2C360&amp;ssl=1\" src=\"https:\/\/i0.wp.com\/blogaudioteka.wpcomstaging.com\/wp-content\/uploads\/137-1.webp?resize=360%2C360&#038;ssl=1\" alt=\"\" class=\"wp-image-12169\" srcset=\"https:\/\/i0.wp.com\/blogaudioteka.wpcomstaging.com\/wp-content\/uploads\/137-1.webp?w=360&amp;ssl=1 360w, https:\/\/i0.wp.com\/blogaudioteka.wpcomstaging.com\/wp-content\/uploads\/137-1.webp?resize=300%2C300&amp;ssl=1 300w, https:\/\/i0.wp.com\/blogaudioteka.wpcomstaging.com\/wp-content\/uploads\/137-1.webp?resize=150%2C150&amp;ssl=1 150w, https:\/\/i0.wp.com\/blogaudioteka.wpcomstaging.com\/wp-content\/uploads\/137-1.webp?resize=200%2C200&amp;ssl=1 200w, https:\/\/i0.wp.com\/blogaudioteka.wpcomstaging.com\/wp-content\/uploads\/137-1.webp?resize=148%2C148&amp;ssl=1 148w, https:\/\/i0.wp.com\/blogaudioteka.wpcomstaging.com\/wp-content\/uploads\/137-1.webp?resize=296%2C296&amp;ssl=1 296w\" sizes=\"auto, (max-width: 360px) 100vw, 360px\" \/><\/figure>\n<\/div>\n\n\n<ul class=\"wp-block-list\">\n<li><a href=\"https:\/\/audioteka.com\/pl\/cykl\/czynnik-turynski-audioserial\/\" target=\"_blank\" rel=\"noopener\"><strong>Czynnik tury\u0144ski. Audioserial &#8211; cykl audiobook\u00f3w | Audioteka<\/strong><\/a><\/li>\n<\/ul>\n\n\n\n<p class=\"has-text-align-justify wp-block-paragraph\">Jak brzmi kwarantanna w&nbsp;malowniczym Piemoncie? Pawe\u0142 Kr\u00f3l, dziennikarz sportowy, trafia do Turynu, gdzie sportowe emocje ust\u0119puj\u0105 miejsca narastaj\u0105cemu niepokojowi. Odkryj tajemnic\u0119 wsi Montaldo Torinese, s\u0142uchaj\u0105c opowie\u015bci mieszka\u0144c\u00f3w, kt\u00f3rzy twierdz\u0105, \u017ce ich dom to miejsce odporne na ka\u017cd\u0105 zaraz\u0119.<\/p>\n\n\n\n<h2 class=\"wp-block-heading\"><span class=\"ez-toc-section\" id=\"Dzwiekowa_podroz_przez_dawna_Europe_dzwony_katedr_i_huk_pary\"><\/span>D\u017awi\u0119kowa podr\u00f3\u017c przez dawn\u0105 Europ\u0119: dzwony katedr i&nbsp;huk pary<span class=\"ez-toc-section-end\"><\/span><\/h2>\n\n\n\n<p class=\"has-text-align-justify wp-block-paragraph\">Przenie\u015b si\u0119 w&nbsp;czasie dzi\u0119ki realizacjom, kt\u00f3re oddaj\u0105 ducha minionych epok \u2013 od surowego \u015bredniowiecza po brudn\u0105 epok\u0119 przemys\u0142ow\u0105.<\/p>\n\n\n\n<h3 class=\"wp-block-heading\"><span class=\"ez-toc-section\" id=\"7_Piesni_sredniowiecza_w_%E2%80%9EFilarach_Ziemi%E2%80%9D\"><\/span>7. Pie\u015bni \u015bredniowiecza w&nbsp;\u201eFilarach Ziemi\u201d<span class=\"ez-toc-section-end\"><\/span><\/h3>\n\n\n<div class=\"wp-block-image\">\n<figure class=\"aligncenter size-full\"><img data-recalc-dims=\"1\" loading=\"lazy\" decoding=\"async\" width=\"360\" height=\"360\" data-attachment-id=\"12171\" data-permalink=\"https:\/\/blogaudioteka.wpcomstaging.com\/wakacje-w-zimie-odwiedz-ibize-usa-i-tatry-bez-wychodzenia-z-domu\/attachment\/264\" data-orig-file=\"https:\/\/i0.wp.com\/blogaudioteka.wpcomstaging.com\/wp-content\/uploads\/264.webp?fit=360%2C360&amp;ssl=1\" data-orig-size=\"360,360\" data-comments-opened=\"0\" data-image-meta=\"{&quot;aperture&quot;:&quot;0&quot;,&quot;credit&quot;:&quot;&quot;,&quot;camera&quot;:&quot;&quot;,&quot;caption&quot;:&quot;&quot;,&quot;created_timestamp&quot;:&quot;0&quot;,&quot;copyright&quot;:&quot;&quot;,&quot;focal_length&quot;:&quot;0&quot;,&quot;iso&quot;:&quot;0&quot;,&quot;shutter_speed&quot;:&quot;0&quot;,&quot;title&quot;:&quot;&quot;,&quot;orientation&quot;:&quot;0&quot;}\" data-image-title=\"264\" data-image-description=\"\" data-image-caption=\"\" data-large-file=\"https:\/\/i0.wp.com\/blogaudioteka.wpcomstaging.com\/wp-content\/uploads\/264.webp?fit=360%2C360&amp;ssl=1\" src=\"https:\/\/i0.wp.com\/blogaudioteka.wpcomstaging.com\/wp-content\/uploads\/264.webp?resize=360%2C360&#038;ssl=1\" alt=\"\" class=\"wp-image-12171\" srcset=\"https:\/\/i0.wp.com\/blogaudioteka.wpcomstaging.com\/wp-content\/uploads\/264.webp?w=360&amp;ssl=1 360w, https:\/\/i0.wp.com\/blogaudioteka.wpcomstaging.com\/wp-content\/uploads\/264.webp?resize=300%2C300&amp;ssl=1 300w, https:\/\/i0.wp.com\/blogaudioteka.wpcomstaging.com\/wp-content\/uploads\/264.webp?resize=150%2C150&amp;ssl=1 150w, https:\/\/i0.wp.com\/blogaudioteka.wpcomstaging.com\/wp-content\/uploads\/264.webp?resize=200%2C200&amp;ssl=1 200w, https:\/\/i0.wp.com\/blogaudioteka.wpcomstaging.com\/wp-content\/uploads\/264.webp?resize=148%2C148&amp;ssl=1 148w, https:\/\/i0.wp.com\/blogaudioteka.wpcomstaging.com\/wp-content\/uploads\/264.webp?resize=296%2C296&amp;ssl=1 296w\" sizes=\"auto, (max-width: 360px) 100vw, 360px\" \/><\/figure>\n<\/div>\n\n\n<ul class=\"wp-block-list\">\n<li><a href=\"https:\/\/audioteka.com\/pl\/cykl\/filary-ziemi-audioserial\/\" target=\"_blank\" rel=\"noopener\"><strong>Filary Ziemi. Audioserial &#8211; cykl audiobook\u00f3w | Audioteka<\/strong><\/a><\/li>\n<\/ul>\n\n\n\n<p class=\"has-text-align-justify wp-block-paragraph\">To nie jest zwyk\u0142e s\u0142uchowisko. To monumentalna budowa katedry w&nbsp;<a href=\"https:\/\/audioteka.com\/pl\/cykl\/kingsbridge\/\" target=\"_blank\" rel=\"noopener\">Kingsbridge<\/a>, kt\u00f3rej towarzysz\u0105 poruszaj\u0105ce wykonania ch\u00f3ru gregoria\u0144skiego. Poczuj ci\u0119\u017car kamieni i&nbsp;si\u0142\u0119 ludzkiej determinacji zapisanej w&nbsp;d\u017awi\u0119ku.<\/p>\n\n\n\n<h3 class=\"wp-block-heading\"><span class=\"ez-toc-section\" id=\"8_Dudnienie_silnikow_w_%E2%80%9ESherlock_Holmes_%E2%80%93_Odcienie_Czerni%E2%80%9D\"><\/span>8. Dudnienie silnik\u00f3w w&nbsp;\u201eSherlock Holmes &#8211; Odcienie Czerni\u201d<span class=\"ez-toc-section-end\"><\/span><\/h3>\n\n\n<div class=\"wp-block-image\">\n<figure class=\"aligncenter size-full\"><img data-recalc-dims=\"1\" loading=\"lazy\" decoding=\"async\" width=\"360\" height=\"360\" data-attachment-id=\"12173\" data-permalink=\"https:\/\/blogaudioteka.wpcomstaging.com\/wakacje-w-zimie-odwiedz-ibize-usa-i-tatry-bez-wychodzenia-z-domu\/218-1\" data-orig-file=\"https:\/\/i0.wp.com\/blogaudioteka.wpcomstaging.com\/wp-content\/uploads\/218-1.webp?fit=360%2C360&amp;ssl=1\" data-orig-size=\"360,360\" data-comments-opened=\"0\" data-image-meta=\"{&quot;aperture&quot;:&quot;0&quot;,&quot;credit&quot;:&quot;&quot;,&quot;camera&quot;:&quot;&quot;,&quot;caption&quot;:&quot;&quot;,&quot;created_timestamp&quot;:&quot;0&quot;,&quot;copyright&quot;:&quot;&quot;,&quot;focal_length&quot;:&quot;0&quot;,&quot;iso&quot;:&quot;0&quot;,&quot;shutter_speed&quot;:&quot;0&quot;,&quot;title&quot;:&quot;&quot;,&quot;orientation&quot;:&quot;0&quot;}\" data-image-title=\"218 (1)\" data-image-description=\"\" data-image-caption=\"\" data-large-file=\"https:\/\/i0.wp.com\/blogaudioteka.wpcomstaging.com\/wp-content\/uploads\/218-1.webp?fit=360%2C360&amp;ssl=1\" src=\"https:\/\/i0.wp.com\/blogaudioteka.wpcomstaging.com\/wp-content\/uploads\/218-1.webp?resize=360%2C360&#038;ssl=1\" alt=\"\" class=\"wp-image-12173\" srcset=\"https:\/\/i0.wp.com\/blogaudioteka.wpcomstaging.com\/wp-content\/uploads\/218-1.webp?w=360&amp;ssl=1 360w, https:\/\/i0.wp.com\/blogaudioteka.wpcomstaging.com\/wp-content\/uploads\/218-1.webp?resize=300%2C300&amp;ssl=1 300w, https:\/\/i0.wp.com\/blogaudioteka.wpcomstaging.com\/wp-content\/uploads\/218-1.webp?resize=150%2C150&amp;ssl=1 150w, https:\/\/i0.wp.com\/blogaudioteka.wpcomstaging.com\/wp-content\/uploads\/218-1.webp?resize=200%2C200&amp;ssl=1 200w, https:\/\/i0.wp.com\/blogaudioteka.wpcomstaging.com\/wp-content\/uploads\/218-1.webp?resize=148%2C148&amp;ssl=1 148w, https:\/\/i0.wp.com\/blogaudioteka.wpcomstaging.com\/wp-content\/uploads\/218-1.webp?resize=296%2C296&amp;ssl=1 296w\" sizes=\"auto, (max-width: 360px) 100vw, 360px\" \/><\/figure>\n<\/div>\n\n\n<ul class=\"wp-block-list\">\n<li><a href=\"https:\/\/audioteka.com\/pl\/cykl\/sherlock-holmes-odcienie-czerni-ac2f8640\/\" target=\"_blank\" rel=\"noopener\"><strong>Sherlock Holmes &#8211; Odcienie czerni &#8211; cykl audiobook\u00f3w | Audioteka<\/strong><\/a><\/li>\n<\/ul>\n\n\n\n<p class=\"has-text-align-justify wp-block-paragraph\">Londyn w&nbsp;wersji steampunk to ocean g\u0119stej mg\u0142y i&nbsp;ryk maszyn parowych. Us\u0142ysz, jak <a href=\"https:\/\/audioteka.com\/pl\/lektor\/robert-wieckiewicz\/\" target=\"_blank\" rel=\"noopener\">Robert Wi\u0119ckiewicz<\/a> (Holmes) i&nbsp;<a href=\"https:\/\/audioteka.com\/pl\/lektor\/jacek-braciak\/\" target=\"_blank\" rel=\"noopener\">Jacek Braciak<\/a> (Watson) przedzieraj\u0105 si\u0119 przez kondygnacje miasta, w&nbsp;kt\u00f3rym technologia i&nbsp;biedota tworz\u0105 wybuchow\u0105 mieszank\u0119 d\u017awi\u0119kow\u0105.<\/p>\n\n\n\n<h2 class=\"wp-block-heading\"><span class=\"ez-toc-section\" id=\"Dzwiek_fal_na_pelnym_morzu_%E2%80%9EDesire%E2%80%9D\"><\/span>D\u017awi\u0119k fal na pe\u0142nym morzu: \u201eDesire\u201d<span class=\"ez-toc-section-end\"><\/span><\/h2>\n\n\n<div class=\"wp-block-image\">\n<figure class=\"aligncenter size-full\"><img data-recalc-dims=\"1\" loading=\"lazy\" decoding=\"async\" width=\"300\" height=\"300\" data-attachment-id=\"12175\" data-permalink=\"https:\/\/blogaudioteka.wpcomstaging.com\/wakacje-w-zimie-odwiedz-ibize-usa-i-tatry-bez-wychodzenia-z-domu\/attachment\/90\" data-orig-file=\"https:\/\/i0.wp.com\/blogaudioteka.wpcomstaging.com\/wp-content\/uploads\/90.webp?fit=300%2C300&amp;ssl=1\" data-orig-size=\"300,300\" data-comments-opened=\"0\" data-image-meta=\"{&quot;aperture&quot;:&quot;0&quot;,&quot;credit&quot;:&quot;&quot;,&quot;camera&quot;:&quot;&quot;,&quot;caption&quot;:&quot;&quot;,&quot;created_timestamp&quot;:&quot;0&quot;,&quot;copyright&quot;:&quot;&quot;,&quot;focal_length&quot;:&quot;0&quot;,&quot;iso&quot;:&quot;0&quot;,&quot;shutter_speed&quot;:&quot;0&quot;,&quot;title&quot;:&quot;&quot;,&quot;orientation&quot;:&quot;0&quot;}\" data-image-title=\"90\" data-image-description=\"\" data-image-caption=\"\" data-large-file=\"https:\/\/i0.wp.com\/blogaudioteka.wpcomstaging.com\/wp-content\/uploads\/90.webp?fit=300%2C300&amp;ssl=1\" src=\"https:\/\/i0.wp.com\/blogaudioteka.wpcomstaging.com\/wp-content\/uploads\/90.webp?resize=300%2C300&#038;ssl=1\" alt=\"\" class=\"wp-image-12175\" srcset=\"https:\/\/i0.wp.com\/blogaudioteka.wpcomstaging.com\/wp-content\/uploads\/90.webp?w=300&amp;ssl=1 300w, https:\/\/i0.wp.com\/blogaudioteka.wpcomstaging.com\/wp-content\/uploads\/90.webp?resize=150%2C150&amp;ssl=1 150w, https:\/\/i0.wp.com\/blogaudioteka.wpcomstaging.com\/wp-content\/uploads\/90.webp?resize=200%2C200&amp;ssl=1 200w, https:\/\/i0.wp.com\/blogaudioteka.wpcomstaging.com\/wp-content\/uploads\/90.webp?resize=148%2C148&amp;ssl=1 148w, https:\/\/i0.wp.com\/blogaudioteka.wpcomstaging.com\/wp-content\/uploads\/90.webp?resize=296%2C296&amp;ssl=1 296w\" sizes=\"auto, (max-width: 300px) 100vw, 300px\" \/><\/figure>\n<\/div>\n\n\n<ul class=\"wp-block-list\">\n<li><a href=\"https:\/\/audioteka.com\/pl\/audiobook\/desire-superprodukcja\/\" target=\"_blank\" rel=\"noopener\"><strong>Desire &#8211; Audiobook &#8211; Wies\u0142aw Cybulski &#8211; Audioteka | Audioteka<\/strong><\/a><\/li>\n<\/ul>\n\n\n\n<p class=\"has-text-align-justify wp-block-paragraph\">Na koniec co\u015b dla fan\u00f3w morskiej \u017ceglugi. Miesi\u0105c na jachcie na Ba\u0142tyku brzmi jak marzenie, dop\u00f3ki jedynym d\u017awi\u0119kiem, jaki s\u0142yszysz, nie stan\u0105 si\u0119 oskar\u017cenia i&nbsp;skrywane pretensje wsp\u00f3\u0142pasa\u017cer\u00f3w. To thriller, kt\u00f3ry udowadnia, \u017ce na otwartym morzu prawda zawsze wyp\u0142ywa na wierzch.<\/p>\n\n\n\n<h2 class=\"wp-block-heading\"><span class=\"ez-toc-section\" id=\"Bilet_do_swiata_audio_%E2%80%93_Twoje_zimowe_wakacje_zaczynaja_sie_tutaj\"><\/span>Bilet do \u015bwiata audio &#8211; <strong>Twoje zimowe wakacje zaczynaj\u0105 si\u0119 tutaj<\/strong><span class=\"ez-toc-section-end\"><\/span><\/h2>\n\n\n\n<p class=\"has-text-align-justify wp-block-paragraph\">Wszystkie wymienione tytu\u0142y to <strong>Superprodukcje Audioteki<\/strong>, co oznacza najwy\u017csz\u0105 jako\u015b\u0107 d\u017awi\u0119ku, oryginaln\u0105 muzyk\u0119 i&nbsp;najlepsze polskie g\u0142osy. Nie czekaj na lepsz\u0105 pogod\u0119 \u2013 stw\u00f3rz j\u0105 sobie sam. Za\u0142\u00f3\u017c s\u0142uchawki, zamknij oczy i&nbsp;wybierz, jaki d\u017awi\u0119k b\u0119dzie towarzyszy\u0142 Ci dzisiejszego wieczoru. <strong>Kt\u00f3r\u0105 stron\u0119 \u015bwiata chcesz dzi\u015b us\u0142ysze\u0107? <\/strong><\/p>\n\n\n\n<figure class=\"wp-block-image size-full\"><a href=\"https:\/\/klub.audioteka.com\/\" target=\"_blank\" rel=\"noopener\"><img data-recalc-dims=\"1\" loading=\"lazy\" decoding=\"async\" width=\"764\" height=\"215\" data-attachment-id=\"11767\" data-permalink=\"https:\/\/blogaudioteka.wpcomstaging.com\/oczy-odpoczywaja-wyobraznia-pracuje-dlaczego-audiobook-to-najlepszy-rytual-przed-snem\/banner-5-2\" data-orig-file=\"https:\/\/i0.wp.com\/blogaudioteka.wpcomstaging.com\/wp-content\/uploads\/Banner-5-1.jpg?fit=764%2C215&amp;ssl=1\" data-orig-size=\"764,215\" data-comments-opened=\"0\" data-image-meta=\"{&quot;aperture&quot;:&quot;0&quot;,&quot;credit&quot;:&quot;&quot;,&quot;camera&quot;:&quot;&quot;,&quot;caption&quot;:&quot;&quot;,&quot;created_timestamp&quot;:&quot;0&quot;,&quot;copyright&quot;:&quot;&quot;,&quot;focal_length&quot;:&quot;0&quot;,&quot;iso&quot;:&quot;0&quot;,&quot;shutter_speed&quot;:&quot;0&quot;,&quot;title&quot;:&quot;&quot;,&quot;orientation&quot;:&quot;0&quot;}\" data-image-title=\"Banner 5\" data-image-description=\"\" data-image-caption=\"\" data-large-file=\"https:\/\/i0.wp.com\/blogaudioteka.wpcomstaging.com\/wp-content\/uploads\/Banner-5-1.jpg?fit=764%2C215&amp;ssl=1\" src=\"https:\/\/i0.wp.com\/blogaudioteka.wpcomstaging.com\/wp-content\/uploads\/Banner-5-1.jpg?resize=764%2C215&#038;ssl=1\" alt=\"\" class=\"wp-image-11767\" srcset=\"https:\/\/i0.wp.com\/blogaudioteka.wpcomstaging.com\/wp-content\/uploads\/Banner-5-1.jpg?w=764&amp;ssl=1 764w, https:\/\/i0.wp.com\/blogaudioteka.wpcomstaging.com\/wp-content\/uploads\/Banner-5-1.jpg?resize=300%2C84&amp;ssl=1 300w, https:\/\/i0.wp.com\/blogaudioteka.wpcomstaging.com\/wp-content\/uploads\/Banner-5-1.jpg?resize=512%2C144&amp;ssl=1 512w\" sizes=\"auto, (max-width: 764px) 100vw, 764px\" \/><\/a><\/figure>\n","protected":false},"excerpt":{"rendered":"Zima w&nbsp;pe\u0142ni, a&nbsp;do urlopu wci\u0105\u017c daleko? Cho\u0107 za oknem mr\u00f3z, wcale nie musisz czeka\u0107 do lata, by poczu\u0107&hellip;","protected":false},"author":264736300,"featured_media":12178,"comment_status":"closed","ping_status":"closed","sticky":false,"template":"","format":"standard","meta":{"_crdt_document":"","csco_display_header_overlay":false,"csco_singular_sidebar":"","csco_page_header_type":"","_jetpack_memberships_contains_paid_content":false,"footnotes":""},"categories":[14931,14935],"tags":[],"class_list":{"0":"post-12148","1":"post","2":"type-post","3":"status-publish","4":"format-standard","5":"has-post-thumbnail","7":"category-aktualnosci","8":"category-lifestylowe","9":"cs-entry"},"jetpack_featured_media_url":"https:\/\/i0.wp.com\/blogaudioteka.wpcomstaging.com\/wp-content\/uploads\/atk_group_60848_httpss.mj_.run9OM7RBdj0xw_A_red_Santa_hat_rest_5cb7d29d-acbb-48d9-86e2-284e030c6005_1.png?fit=1456%2C816&ssl=1","jetpack_sharing_enabled":true,"_links":{"self":[{"href":"https:\/\/blogaudioteka.wpcomstaging.com\/wp-json\/wp\/v2\/posts\/12148","targetHints":{"allow":["GET"]}}],"collection":[{"href":"https:\/\/blogaudioteka.wpcomstaging.com\/wp-json\/wp\/v2\/posts"}],"about":[{"href":"https:\/\/blogaudioteka.wpcomstaging.com\/wp-json\/wp\/v2\/types\/post"}],"author":[{"embeddable":true,"href":"https:\/\/blogaudioteka.wpcomstaging.com\/wp-json\/wp\/v2\/users\/264736300"}],"replies":[{"embeddable":true,"href":"https:\/\/blogaudioteka.wpcomstaging.com\/wp-json\/wp\/v2\/comments?post=12148"}],"version-history":[{"count":20,"href":"https:\/\/blogaudioteka.wpcomstaging.com\/wp-json\/wp\/v2\/posts\/12148\/revisions"}],"predecessor-version":[{"id":12177,"href":"https:\/\/blogaudioteka.wpcomstaging.com\/wp-json\/wp\/v2\/posts\/12148\/revisions\/12177"}],"wp:featuredmedia":[{"embeddable":true,"href":"https:\/\/blogaudioteka.wpcomstaging.com\/wp-json\/wp\/v2\/media\/12178"}],"wp:attachment":[{"href":"https:\/\/blogaudioteka.wpcomstaging.com\/wp-json\/wp\/v2\/media?parent=12148"}],"wp:term":[{"taxonomy":"category","embeddable":true,"href":"https:\/\/blogaudioteka.wpcomstaging.com\/wp-json\/wp\/v2\/categories?post=12148"},{"taxonomy":"post_tag","embeddable":true,"href":"https:\/\/blogaudioteka.wpcomstaging.com\/wp-json\/wp\/v2\/tags?post=12148"}],"curies":[{"name":"wp","href":"https:\/\/api.w.org\/{rel}","templated":true}]}}