{"id":12089,"date":"2025-12-22T09:20:00","date_gmt":"2025-12-22T08:20:00","guid":{"rendered":"https:\/\/blogaudioteka.wpcomstaging.com\/?p=12089"},"modified":"2025-12-21T15:48:14","modified_gmt":"2025-12-21T14:48:14","slug":"podsumowanie-roku-2025-w-audiotece-tego-sluchaliscie","status":"publish","type":"post","link":"https:\/\/blogaudioteka.wpcomstaging.com\/podsumowanie-roku-2025-w-audiotece-tego-sluchaliscie","title":{"rendered":"Podsumowanie roku 2025 w Audiotece. Tego s\u0142uchali\u015bcie!"},"content":{"rendered":"\n<p class=\"has-text-align-justify wp-block-paragraph\"><strong>Rok 2025 by\u0142 dla nas absolutnie wyj\u0105tkowy \u2013 to by\u0142 czas rekord\u00f3w, wielkich emocji i&nbsp;nowych format\u00f3w. Razem sp\u0119dzili\u015bmy blisko 438 milion\u00f3w minut, s\u0142uchaj\u0105c historii, kt\u00f3re nie pozwala\u0142y zasn\u0105\u0107. W&nbsp;tym czasie nasza &#8222;fabryka wyobra\u017ani&#8221; pracowa\u0142a na najwy\u017cszych obrotach: stworzyli\u015bmy 35 nowych audioseriali (daj\u0105c Wam 251 godzin \u015bwie\u017cego materia\u0142u), a&nbsp;tak\u017ce wystartowali\u015bmy z&nbsp;nowym podcastem &#8222;Dobrze powiedziane&#8221;. To by\u0142 rok, w&nbsp;kt\u00f3rym udowodnili\u015bcie, \u017ce superprodukcje audio to pot\u0119\u017cny trend, kt\u00f3ry pokochali\u015bcie na zab\u00f3j.<\/strong><\/p>\n\n\n\n<p class=\"wp-block-paragraph\"><strong>Sprawd\u017acie szczeg\u00f3\u0142owo, co (i kto!) rz\u0105dzi\u0142o w&nbsp;Waszych s\u0142uchawkach.<\/strong><\/p>\n\n\n\n<div id=\"ez-toc-container\" class=\"ez-toc-v2_0_82_2 counter-hierarchy ez-toc-counter ez-toc-grey ez-toc-container-direction\">\n<div class=\"ez-toc-title-container\"><span class=\"ez-toc-title\" style=\"cursor:inherit\">Spis tre\u015bci<\/span>\n<\/div><nav><ul class='ez-toc-list ez-toc-list-level-1 ' ><li class='ez-toc-page-1 ez-toc-heading-level-2'><a class=\"ez-toc-link ez-toc-heading-1\" href=\"https:\/\/blogaudioteka.wpcomstaging.com\/podsumowanie-roku-2025-w-audiotece-tego-sluchaliscie\/#Najpopularniejsze_audioseriale_2025\" >Najpopularniejsze audioseriale 2025<\/a><\/li><li class='ez-toc-page-1 ez-toc-heading-level-2'><a class=\"ez-toc-link ez-toc-heading-2\" href=\"https:\/\/blogaudioteka.wpcomstaging.com\/podsumowanie-roku-2025-w-audiotece-tego-sluchaliscie\/#Najchetniej_sluchani_lektorzy\" >Najch\u0119tniej s\u0142uchani lektorzy<\/a><\/li><li class='ez-toc-page-1 ez-toc-heading-level-2'><a class=\"ez-toc-link ez-toc-heading-3\" href=\"https:\/\/blogaudioteka.wpcomstaging.com\/podsumowanie-roku-2025-w-audiotece-tego-sluchaliscie\/#Top_5_autorow_w_Audiotece\" >Top 5 autor\u00f3w w&nbsp;Audiotece<\/a><\/li><li class='ez-toc-page-1 ez-toc-heading-level-2'><a class=\"ez-toc-link ez-toc-heading-4\" href=\"https:\/\/blogaudioteka.wpcomstaging.com\/podsumowanie-roku-2025-w-audiotece-tego-sluchaliscie\/#Najbardziej_wyczekiwana_premiera_2025_roku_%E2%80%9EWiedzmin%E2%80%9D_Wieza_Jaskolki%E2%80%9D\" >Najbardziej wyczekiwana premiera 2025 roku: &#8222;Wied\u017amin&#8221; Wie\u017ca Jask\u00f3\u0142ki&#8221;<\/a><\/li><li class='ez-toc-page-1 ez-toc-heading-level-2'><a class=\"ez-toc-link ez-toc-heading-5\" href=\"https:\/\/blogaudioteka.wpcomstaging.com\/podsumowanie-roku-2025-w-audiotece-tego-sluchaliscie\/#Plany_na_rok_2026\" >Plany na rok 2026<\/a><\/li><\/ul><\/nav><\/div>\n<h2 class=\"wp-block-heading\"><span class=\"ez-toc-section\" id=\"Najpopularniejsze_audioseriale_2025\"><\/span>Najpopularniejsze audioseriale 2025<span class=\"ez-toc-section-end\"><\/span><\/h2>\n\n\n\n<p class=\"has-text-align-justify wp-block-paragraph\">Cho\u0107 klasyczne audiobooki maj\u0105 si\u0119 \u015bwietnie, to <a href=\"https:\/\/audioteka.com\/pl\/katalog\/audioseriale\/\" target=\"_blank\" rel=\"noopener\">audioseriale<\/a> sta\u0142y si\u0119 prawdziwym hitem tego roku. Pokochali\u015bcie rozmach, efekty d\u017awi\u0119kowe i&nbsp;wielog\u0142osow\u0105 obsad\u0119.<\/p>\n\n\n\n<figure class=\"wp-block-image size-large\"><img data-recalc-dims=\"1\" loading=\"lazy\" decoding=\"async\" width=\"1024\" height=\"1024\" data-attachment-id=\"12094\" data-permalink=\"https:\/\/blogaudioteka.wpcomstaging.com\/podsumowanie-roku-2025-w-audiotece-tego-sluchaliscie\/image-43\" data-orig-file=\"https:\/\/i0.wp.com\/blogaudioteka.wpcomstaging.com\/wp-content\/uploads\/image-11.png?fit=1080%2C1080&amp;ssl=1\" data-orig-size=\"1080,1080\" data-comments-opened=\"0\" data-image-meta=\"{&quot;aperture&quot;:&quot;0&quot;,&quot;credit&quot;:&quot;&quot;,&quot;camera&quot;:&quot;&quot;,&quot;caption&quot;:&quot;&quot;,&quot;created_timestamp&quot;:&quot;0&quot;,&quot;copyright&quot;:&quot;&quot;,&quot;focal_length&quot;:&quot;0&quot;,&quot;iso&quot;:&quot;0&quot;,&quot;shutter_speed&quot;:&quot;0&quot;,&quot;title&quot;:&quot;&quot;,&quot;orientation&quot;:&quot;0&quot;}\" data-image-title=\"image\" data-image-description=\"\" data-image-caption=\"\" data-large-file=\"https:\/\/i0.wp.com\/blogaudioteka.wpcomstaging.com\/wp-content\/uploads\/image-11.png?fit=1024%2C1024&amp;ssl=1\" src=\"https:\/\/i0.wp.com\/blogaudioteka.wpcomstaging.com\/wp-content\/uploads\/image-11.png?resize=1024%2C1024&#038;ssl=1\" alt=\"\" class=\"wp-image-12094\" srcset=\"https:\/\/i0.wp.com\/blogaudioteka.wpcomstaging.com\/wp-content\/uploads\/image-11.png?resize=1024%2C1024&amp;ssl=1 1024w, https:\/\/i0.wp.com\/blogaudioteka.wpcomstaging.com\/wp-content\/uploads\/image-11.png?resize=300%2C300&amp;ssl=1 300w, https:\/\/i0.wp.com\/blogaudioteka.wpcomstaging.com\/wp-content\/uploads\/image-11.png?resize=150%2C150&amp;ssl=1 150w, https:\/\/i0.wp.com\/blogaudioteka.wpcomstaging.com\/wp-content\/uploads\/image-11.png?resize=768%2C768&amp;ssl=1 768w, https:\/\/i0.wp.com\/blogaudioteka.wpcomstaging.com\/wp-content\/uploads\/image-11.png?resize=400%2C400&amp;ssl=1 400w, https:\/\/i0.wp.com\/blogaudioteka.wpcomstaging.com\/wp-content\/uploads\/image-11.png?resize=800%2C800&amp;ssl=1 800w, https:\/\/i0.wp.com\/blogaudioteka.wpcomstaging.com\/wp-content\/uploads\/image-11.png?resize=600%2C600&amp;ssl=1 600w, https:\/\/i0.wp.com\/blogaudioteka.wpcomstaging.com\/wp-content\/uploads\/image-11.png?resize=200%2C200&amp;ssl=1 200w, https:\/\/i0.wp.com\/blogaudioteka.wpcomstaging.com\/wp-content\/uploads\/image-11.png?resize=148%2C148&amp;ssl=1 148w, https:\/\/i0.wp.com\/blogaudioteka.wpcomstaging.com\/wp-content\/uploads\/image-11.png?resize=296%2C296&amp;ssl=1 296w, https:\/\/i0.wp.com\/blogaudioteka.wpcomstaging.com\/wp-content\/uploads\/image-11.png?resize=512%2C512&amp;ssl=1 512w, https:\/\/i0.wp.com\/blogaudioteka.wpcomstaging.com\/wp-content\/uploads\/image-11.png?resize=920%2C920&amp;ssl=1 920w, https:\/\/i0.wp.com\/blogaudioteka.wpcomstaging.com\/wp-content\/uploads\/image-11.png?w=1080&amp;ssl=1 1080w\" sizes=\"auto, (max-width: 1024px) 100vw, 1024px\" \/><\/figure>\n\n\n\n<p class=\"wp-block-paragraph\">Oto tytu\u0142y, kt\u00f3re wci\u0105gn\u0119\u0142y Was najbardziej:<\/p>\n\n\n\n<ol start=\"1\" class=\"wp-block-list\">\n<li><strong><a href=\"https:\/\/audioteka.com\/pl\/cykl\/sleboda-audioserial\/\" target=\"_blank\" rel=\"noopener\">\u015aleboda<\/a><\/strong> \u2013 bezapelacyjny numer 1.<\/li>\n\n\n\n<li><a href=\"https:\/\/audioteka.com\/pl\/cykl\/ozyrys-audioserial\/\" target=\"_blank\" rel=\"noopener\"><strong>Ozyrys<\/strong>.<\/a><\/li>\n\n\n\n<li><a href=\"https:\/\/audioteka.com\/pl\/cykl\/szacki-czesc-1-uwiklanie-audioserial\/\" target=\"_blank\" rel=\"noopener\"><strong>Szacki. Cz\u0119\u015b\u0107 1: Uwik\u0142anie<\/strong>.<\/a><\/li>\n\n\n\n<li><strong>Foliarze<\/strong>.<\/li>\n\n\n\n<li><a href=\"https:\/\/audioteka.com\/pl\/cykl\/tatry-cosiestalozannakos-audioserial\/\" target=\"_blank\" rel=\"noopener\"><strong>Tatry. #CoSi\u0119Sta\u0142oZAnn\u0105Kos<\/strong>.<\/a><\/li>\n<\/ol>\n\n\n\n<p class=\"has-text-align-justify wp-block-paragraph\">Szczeg\u00f3lne wyr\u00f3\u017cnienie nale\u017cy si\u0119 <strong><a href=\"https:\/\/audioteka.com\/pl\/cykl\/foliarze-audioserial\/\" target=\"_blank\" rel=\"noopener\">&#8222;Foliarzom&#8221;<\/a><\/strong>. To w\u0142a\u015bnie ten tytu\u0142 zdoby\u0142 miano <strong>najcz\u0119\u015bciej komentowanej superprodukcji roku<\/strong>. Sekcja komentarzy p\u0142on\u0119\u0142a od Waszych teorii i&nbsp;dyskusji \u2013 dzi\u0119kujemy za to zaanga\u017cowanie!<\/p>\n\n\n\n<figure class=\"wp-block-image size-large\"><img data-recalc-dims=\"1\" loading=\"lazy\" decoding=\"async\" width=\"1024\" height=\"1024\" data-attachment-id=\"12093\" data-permalink=\"https:\/\/blogaudioteka.wpcomstaging.com\/podsumowanie-roku-2025-w-audiotece-tego-sluchaliscie\/image-42\" data-orig-file=\"https:\/\/i0.wp.com\/blogaudioteka.wpcomstaging.com\/wp-content\/uploads\/image-10.png?fit=1080%2C1080&amp;ssl=1\" data-orig-size=\"1080,1080\" data-comments-opened=\"0\" data-image-meta=\"{&quot;aperture&quot;:&quot;0&quot;,&quot;credit&quot;:&quot;&quot;,&quot;camera&quot;:&quot;&quot;,&quot;caption&quot;:&quot;&quot;,&quot;created_timestamp&quot;:&quot;0&quot;,&quot;copyright&quot;:&quot;&quot;,&quot;focal_length&quot;:&quot;0&quot;,&quot;iso&quot;:&quot;0&quot;,&quot;shutter_speed&quot;:&quot;0&quot;,&quot;title&quot;:&quot;&quot;,&quot;orientation&quot;:&quot;0&quot;}\" data-image-title=\"image\" data-image-description=\"\" data-image-caption=\"\" data-large-file=\"https:\/\/i0.wp.com\/blogaudioteka.wpcomstaging.com\/wp-content\/uploads\/image-10.png?fit=1024%2C1024&amp;ssl=1\" src=\"https:\/\/i0.wp.com\/blogaudioteka.wpcomstaging.com\/wp-content\/uploads\/image-10.png?resize=1024%2C1024&#038;ssl=1\" alt=\"\" class=\"wp-image-12093\" srcset=\"https:\/\/i0.wp.com\/blogaudioteka.wpcomstaging.com\/wp-content\/uploads\/image-10.png?resize=1024%2C1024&amp;ssl=1 1024w, https:\/\/i0.wp.com\/blogaudioteka.wpcomstaging.com\/wp-content\/uploads\/image-10.png?resize=300%2C300&amp;ssl=1 300w, https:\/\/i0.wp.com\/blogaudioteka.wpcomstaging.com\/wp-content\/uploads\/image-10.png?resize=150%2C150&amp;ssl=1 150w, https:\/\/i0.wp.com\/blogaudioteka.wpcomstaging.com\/wp-content\/uploads\/image-10.png?resize=768%2C768&amp;ssl=1 768w, https:\/\/i0.wp.com\/blogaudioteka.wpcomstaging.com\/wp-content\/uploads\/image-10.png?resize=400%2C400&amp;ssl=1 400w, https:\/\/i0.wp.com\/blogaudioteka.wpcomstaging.com\/wp-content\/uploads\/image-10.png?resize=800%2C800&amp;ssl=1 800w, https:\/\/i0.wp.com\/blogaudioteka.wpcomstaging.com\/wp-content\/uploads\/image-10.png?resize=600%2C600&amp;ssl=1 600w, https:\/\/i0.wp.com\/blogaudioteka.wpcomstaging.com\/wp-content\/uploads\/image-10.png?resize=200%2C200&amp;ssl=1 200w, https:\/\/i0.wp.com\/blogaudioteka.wpcomstaging.com\/wp-content\/uploads\/image-10.png?resize=148%2C148&amp;ssl=1 148w, https:\/\/i0.wp.com\/blogaudioteka.wpcomstaging.com\/wp-content\/uploads\/image-10.png?resize=296%2C296&amp;ssl=1 296w, https:\/\/i0.wp.com\/blogaudioteka.wpcomstaging.com\/wp-content\/uploads\/image-10.png?resize=512%2C512&amp;ssl=1 512w, https:\/\/i0.wp.com\/blogaudioteka.wpcomstaging.com\/wp-content\/uploads\/image-10.png?resize=920%2C920&amp;ssl=1 920w, https:\/\/i0.wp.com\/blogaudioteka.wpcomstaging.com\/wp-content\/uploads\/image-10.png?w=1080&amp;ssl=1 1080w\" sizes=\"auto, (max-width: 1024px) 100vw, 1024px\" \/><\/figure>\n\n\n\n<h2 class=\"wp-block-heading\"><span class=\"ez-toc-section\" id=\"Najchetniej_sluchani_lektorzy\"><\/span>Najch\u0119tniej s\u0142uchani lektorzy<span class=\"ez-toc-section-end\"><\/span><\/h2>\n\n\n\n<p class=\"has-text-align-justify wp-block-paragraph\">Dobra historia potrzebuje mistrzowskiego g\u0142osu. <strong>S\u0105 lektorzy, dla kt\u00f3rych jeste\u015bcie w&nbsp;stanie zarwa\u0107 noc, a&nbsp;ich nazwiska na ok\u0142adce to gwarancja jako\u015bci.<\/strong> W&nbsp;2025 roku Wasza ulubiona pi\u0105tka to:<\/p>\n\n\n\n<ol start=\"1\" class=\"wp-block-list\">\n<li><strong><a href=\"https:\/\/audioteka.com\/pl\/lektor\/filip-kosior\/\" target=\"_blank\" rel=\"noopener\">Filip Kosior<\/a><\/strong> \u2013 niezmiennie na szczycie.<\/li>\n\n\n\n<li><strong><a href=\"https:\/\/audioteka.com\/pl\/lektor\/krzysztof-gosztyla\/\" target=\"_blank\" rel=\"noopener\">Krzysztof Goszty\u0142a<\/a><\/strong> \u2013 klasa sama w&nbsp;sobie.<\/li>\n\n\n\n<li><strong><a href=\"https:\/\/audioteka.com\/pl\/lektor\/janusz-zadura\/\" target=\"_blank\" rel=\"noopener\">Janusz Zadura<\/a><\/strong>.<\/li>\n\n\n\n<li><strong><a href=\"https:\/\/audioteka.com\/pl\/lektor\/wojciech-masiak\/\" target=\"_blank\" rel=\"noopener\">Wojciech Masiak<\/a><\/strong>.<\/li>\n\n\n\n<li><strong><a href=\"https:\/\/audioteka.com\/pl\/lektor\/marcin-popczynski\/\" target=\"_blank\" rel=\"noopener\">Marcin Popczy\u0144ski<\/a><\/strong>.<\/li>\n<\/ol>\n\n\n\n<figure class=\"wp-block-image size-large\"><img data-recalc-dims=\"1\" loading=\"lazy\" decoding=\"async\" width=\"1024\" height=\"1024\" data-attachment-id=\"12096\" data-permalink=\"https:\/\/blogaudioteka.wpcomstaging.com\/podsumowanie-roku-2025-w-audiotece-tego-sluchaliscie\/image-44\" data-orig-file=\"https:\/\/i0.wp.com\/blogaudioteka.wpcomstaging.com\/wp-content\/uploads\/image-12.png?fit=1080%2C1080&amp;ssl=1\" data-orig-size=\"1080,1080\" data-comments-opened=\"0\" data-image-meta=\"{&quot;aperture&quot;:&quot;0&quot;,&quot;credit&quot;:&quot;&quot;,&quot;camera&quot;:&quot;&quot;,&quot;caption&quot;:&quot;&quot;,&quot;created_timestamp&quot;:&quot;0&quot;,&quot;copyright&quot;:&quot;&quot;,&quot;focal_length&quot;:&quot;0&quot;,&quot;iso&quot;:&quot;0&quot;,&quot;shutter_speed&quot;:&quot;0&quot;,&quot;title&quot;:&quot;&quot;,&quot;orientation&quot;:&quot;0&quot;}\" data-image-title=\"image\" data-image-description=\"\" data-image-caption=\"\" data-large-file=\"https:\/\/i0.wp.com\/blogaudioteka.wpcomstaging.com\/wp-content\/uploads\/image-12.png?fit=1024%2C1024&amp;ssl=1\" src=\"https:\/\/i0.wp.com\/blogaudioteka.wpcomstaging.com\/wp-content\/uploads\/image-12.png?resize=1024%2C1024&#038;ssl=1\" alt=\"\" class=\"wp-image-12096\" srcset=\"https:\/\/i0.wp.com\/blogaudioteka.wpcomstaging.com\/wp-content\/uploads\/image-12.png?resize=1024%2C1024&amp;ssl=1 1024w, https:\/\/i0.wp.com\/blogaudioteka.wpcomstaging.com\/wp-content\/uploads\/image-12.png?resize=300%2C300&amp;ssl=1 300w, https:\/\/i0.wp.com\/blogaudioteka.wpcomstaging.com\/wp-content\/uploads\/image-12.png?resize=150%2C150&amp;ssl=1 150w, https:\/\/i0.wp.com\/blogaudioteka.wpcomstaging.com\/wp-content\/uploads\/image-12.png?resize=768%2C768&amp;ssl=1 768w, https:\/\/i0.wp.com\/blogaudioteka.wpcomstaging.com\/wp-content\/uploads\/image-12.png?resize=400%2C400&amp;ssl=1 400w, https:\/\/i0.wp.com\/blogaudioteka.wpcomstaging.com\/wp-content\/uploads\/image-12.png?resize=800%2C800&amp;ssl=1 800w, https:\/\/i0.wp.com\/blogaudioteka.wpcomstaging.com\/wp-content\/uploads\/image-12.png?resize=600%2C600&amp;ssl=1 600w, https:\/\/i0.wp.com\/blogaudioteka.wpcomstaging.com\/wp-content\/uploads\/image-12.png?resize=200%2C200&amp;ssl=1 200w, https:\/\/i0.wp.com\/blogaudioteka.wpcomstaging.com\/wp-content\/uploads\/image-12.png?resize=148%2C148&amp;ssl=1 148w, https:\/\/i0.wp.com\/blogaudioteka.wpcomstaging.com\/wp-content\/uploads\/image-12.png?resize=296%2C296&amp;ssl=1 296w, https:\/\/i0.wp.com\/blogaudioteka.wpcomstaging.com\/wp-content\/uploads\/image-12.png?resize=512%2C512&amp;ssl=1 512w, https:\/\/i0.wp.com\/blogaudioteka.wpcomstaging.com\/wp-content\/uploads\/image-12.png?resize=920%2C920&amp;ssl=1 920w, https:\/\/i0.wp.com\/blogaudioteka.wpcomstaging.com\/wp-content\/uploads\/image-12.png?w=1080&amp;ssl=1 1080w\" sizes=\"auto, (max-width: 1024px) 100vw, 1024px\" \/><\/figure>\n\n\n\n<h2 class=\"wp-block-heading\"><span class=\"ez-toc-section\" id=\"Top_5_autorow_w_Audiotece\"><\/span>Top 5 autor\u00f3w w&nbsp;Audiotece<span class=\"ez-toc-section-end\"><\/span><\/h2>\n\n\n\n<p class=\"has-text-align-justify wp-block-paragraph\">Kto pisa\u0142 historie, kt\u00f3rych nie mogli\u015bcie przesta\u0107 s\u0142ucha\u0107? W&nbsp;zestawieniu dominuje polska literatura gatunkowa, ale nie zabrak\u0142o te\u017c \u015bwiatowych gigant\u00f3w. Oto najpopularniejsi autorzy:<\/p>\n\n\n\n<ol start=\"1\" class=\"wp-block-list\">\n<li><strong><a href=\"https:\/\/audioteka.com\/pl\/autor\/remigiusz-mroz\/\" target=\"_blank\" rel=\"noopener\">Remigiusz Mr\u00f3z<\/a><\/strong> \u2013 najp\u0142odniejszy polski pisarz wci\u0105\u017c na szczycie.<\/li>\n\n\n\n<li><strong><a href=\"https:\/\/audioteka.com\/pl\/autor\/andrzej-sapkowski\/\" target=\"_blank\" rel=\"noopener\">Andrzej Sapkowski<\/a><\/strong> \u2013 <em>Wied\u017amin<\/em> jest wiecznie \u017cywy.<\/li>\n\n\n\n<li><strong><a href=\"https:\/\/audioteka.com\/pl\/autor\/marcin-mortka\/\" target=\"_blank\" rel=\"noopener\">Marcin Mortka<\/a><\/strong>.<\/li>\n\n\n\n<li><strong><a href=\"https:\/\/audioteka.com\/pl\/autor\/ken-follett\/\" target=\"_blank\" rel=\"noopener\">Ken Follett<\/a><\/strong>.<\/li>\n\n\n\n<li><strong><a href=\"https:\/\/audioteka.com\/pl\/autor\/marcin-ciszewski\/\" target=\"_blank\" rel=\"noopener\">Marcin Ciszewski<\/a><\/strong>.<\/li>\n<\/ol>\n\n\n\n<figure class=\"wp-block-image size-large\"><img data-recalc-dims=\"1\" loading=\"lazy\" decoding=\"async\" width=\"1024\" height=\"1024\" data-attachment-id=\"12097\" data-permalink=\"https:\/\/blogaudioteka.wpcomstaging.com\/podsumowanie-roku-2025-w-audiotece-tego-sluchaliscie\/image-45\" data-orig-file=\"https:\/\/i0.wp.com\/blogaudioteka.wpcomstaging.com\/wp-content\/uploads\/image-13.png?fit=1080%2C1080&amp;ssl=1\" data-orig-size=\"1080,1080\" data-comments-opened=\"0\" data-image-meta=\"{&quot;aperture&quot;:&quot;0&quot;,&quot;credit&quot;:&quot;&quot;,&quot;camera&quot;:&quot;&quot;,&quot;caption&quot;:&quot;&quot;,&quot;created_timestamp&quot;:&quot;0&quot;,&quot;copyright&quot;:&quot;&quot;,&quot;focal_length&quot;:&quot;0&quot;,&quot;iso&quot;:&quot;0&quot;,&quot;shutter_speed&quot;:&quot;0&quot;,&quot;title&quot;:&quot;&quot;,&quot;orientation&quot;:&quot;0&quot;}\" data-image-title=\"image\" data-image-description=\"\" data-image-caption=\"\" data-large-file=\"https:\/\/i0.wp.com\/blogaudioteka.wpcomstaging.com\/wp-content\/uploads\/image-13.png?fit=1024%2C1024&amp;ssl=1\" src=\"https:\/\/i0.wp.com\/blogaudioteka.wpcomstaging.com\/wp-content\/uploads\/image-13.png?resize=1024%2C1024&#038;ssl=1\" alt=\"\" class=\"wp-image-12097\" srcset=\"https:\/\/i0.wp.com\/blogaudioteka.wpcomstaging.com\/wp-content\/uploads\/image-13.png?resize=1024%2C1024&amp;ssl=1 1024w, https:\/\/i0.wp.com\/blogaudioteka.wpcomstaging.com\/wp-content\/uploads\/image-13.png?resize=300%2C300&amp;ssl=1 300w, https:\/\/i0.wp.com\/blogaudioteka.wpcomstaging.com\/wp-content\/uploads\/image-13.png?resize=150%2C150&amp;ssl=1 150w, https:\/\/i0.wp.com\/blogaudioteka.wpcomstaging.com\/wp-content\/uploads\/image-13.png?resize=768%2C768&amp;ssl=1 768w, https:\/\/i0.wp.com\/blogaudioteka.wpcomstaging.com\/wp-content\/uploads\/image-13.png?resize=400%2C400&amp;ssl=1 400w, https:\/\/i0.wp.com\/blogaudioteka.wpcomstaging.com\/wp-content\/uploads\/image-13.png?resize=800%2C800&amp;ssl=1 800w, https:\/\/i0.wp.com\/blogaudioteka.wpcomstaging.com\/wp-content\/uploads\/image-13.png?resize=600%2C600&amp;ssl=1 600w, https:\/\/i0.wp.com\/blogaudioteka.wpcomstaging.com\/wp-content\/uploads\/image-13.png?resize=200%2C200&amp;ssl=1 200w, https:\/\/i0.wp.com\/blogaudioteka.wpcomstaging.com\/wp-content\/uploads\/image-13.png?resize=148%2C148&amp;ssl=1 148w, https:\/\/i0.wp.com\/blogaudioteka.wpcomstaging.com\/wp-content\/uploads\/image-13.png?resize=296%2C296&amp;ssl=1 296w, https:\/\/i0.wp.com\/blogaudioteka.wpcomstaging.com\/wp-content\/uploads\/image-13.png?resize=512%2C512&amp;ssl=1 512w, https:\/\/i0.wp.com\/blogaudioteka.wpcomstaging.com\/wp-content\/uploads\/image-13.png?resize=920%2C920&amp;ssl=1 920w, https:\/\/i0.wp.com\/blogaudioteka.wpcomstaging.com\/wp-content\/uploads\/image-13.png?w=1080&amp;ssl=1 1080w\" sizes=\"auto, (max-width: 1024px) 100vw, 1024px\" \/><\/figure>\n\n\n\n<h2 class=\"wp-block-heading\"><span class=\"ez-toc-section\" id=\"Najbardziej_wyczekiwana_premiera_2025_roku_%E2%80%9EWiedzmin%E2%80%9D_Wieza_Jaskolki%E2%80%9D\"><\/span>Najbardziej wyczekiwana premiera 2025 roku: &#8222;Wied\u017amin&#8221; Wie\u017ca Jask\u00f3\u0142ki&#8221;<span class=\"ez-toc-section-end\"><\/span><\/h2>\n\n\n\n<p class=\"has-text-align-justify wp-block-paragraph\">Cho\u0107 oficjalnie najbardziej wyczekiwan\u0105 produkcj\u0105 w&nbsp;systemie jest <strong><a href=\"https:\/\/audioteka.com\/pl\/audiobook\/wieza-jaskolki-tom-1\/\" target=\"_blank\" rel=\"noopener\">&#8222;Wied\u017amin: Wie\u017ca Jask\u00f3\u0142ki&#8221;<\/a><\/strong>, to doskonale wiemy, \u017ce fina\u0142 sagi jest tym, na co czekacie z&nbsp;najwi\u0119kszymi wypiekami na twarzy. Nasze skrzynki mailowe p\u0119ka\u0142y w&nbsp;szwach od jednego pytania: <em>&#8222;Kiedy Pani Jeziora?&#8221;<\/em>. To by\u0142o najcz\u0119\u015bciej zadawane pytanie w&nbsp;2025 roku. <\/p>\n\n\n\n<figure class=\"wp-block-image size-large\"><img data-recalc-dims=\"1\" loading=\"lazy\" decoding=\"async\" width=\"1024\" height=\"1024\" data-attachment-id=\"12099\" data-permalink=\"https:\/\/blogaudioteka.wpcomstaging.com\/podsumowanie-roku-2025-w-audiotece-tego-sluchaliscie\/image-46\" data-orig-file=\"https:\/\/i0.wp.com\/blogaudioteka.wpcomstaging.com\/wp-content\/uploads\/image-14.png?fit=1080%2C1080&amp;ssl=1\" data-orig-size=\"1080,1080\" data-comments-opened=\"0\" data-image-meta=\"{&quot;aperture&quot;:&quot;0&quot;,&quot;credit&quot;:&quot;&quot;,&quot;camera&quot;:&quot;&quot;,&quot;caption&quot;:&quot;&quot;,&quot;created_timestamp&quot;:&quot;0&quot;,&quot;copyright&quot;:&quot;&quot;,&quot;focal_length&quot;:&quot;0&quot;,&quot;iso&quot;:&quot;0&quot;,&quot;shutter_speed&quot;:&quot;0&quot;,&quot;title&quot;:&quot;&quot;,&quot;orientation&quot;:&quot;0&quot;}\" data-image-title=\"image\" data-image-description=\"\" data-image-caption=\"\" data-large-file=\"https:\/\/i0.wp.com\/blogaudioteka.wpcomstaging.com\/wp-content\/uploads\/image-14.png?fit=1024%2C1024&amp;ssl=1\" src=\"https:\/\/i0.wp.com\/blogaudioteka.wpcomstaging.com\/wp-content\/uploads\/image-14.png?resize=1024%2C1024&#038;ssl=1\" alt=\"\" class=\"wp-image-12099\" srcset=\"https:\/\/i0.wp.com\/blogaudioteka.wpcomstaging.com\/wp-content\/uploads\/image-14.png?resize=1024%2C1024&amp;ssl=1 1024w, https:\/\/i0.wp.com\/blogaudioteka.wpcomstaging.com\/wp-content\/uploads\/image-14.png?resize=300%2C300&amp;ssl=1 300w, https:\/\/i0.wp.com\/blogaudioteka.wpcomstaging.com\/wp-content\/uploads\/image-14.png?resize=150%2C150&amp;ssl=1 150w, https:\/\/i0.wp.com\/blogaudioteka.wpcomstaging.com\/wp-content\/uploads\/image-14.png?resize=768%2C768&amp;ssl=1 768w, https:\/\/i0.wp.com\/blogaudioteka.wpcomstaging.com\/wp-content\/uploads\/image-14.png?resize=400%2C400&amp;ssl=1 400w, https:\/\/i0.wp.com\/blogaudioteka.wpcomstaging.com\/wp-content\/uploads\/image-14.png?resize=800%2C800&amp;ssl=1 800w, https:\/\/i0.wp.com\/blogaudioteka.wpcomstaging.com\/wp-content\/uploads\/image-14.png?resize=600%2C600&amp;ssl=1 600w, https:\/\/i0.wp.com\/blogaudioteka.wpcomstaging.com\/wp-content\/uploads\/image-14.png?resize=200%2C200&amp;ssl=1 200w, https:\/\/i0.wp.com\/blogaudioteka.wpcomstaging.com\/wp-content\/uploads\/image-14.png?resize=148%2C148&amp;ssl=1 148w, https:\/\/i0.wp.com\/blogaudioteka.wpcomstaging.com\/wp-content\/uploads\/image-14.png?resize=296%2C296&amp;ssl=1 296w, https:\/\/i0.wp.com\/blogaudioteka.wpcomstaging.com\/wp-content\/uploads\/image-14.png?resize=512%2C512&amp;ssl=1 512w, https:\/\/i0.wp.com\/blogaudioteka.wpcomstaging.com\/wp-content\/uploads\/image-14.png?resize=920%2C920&amp;ssl=1 920w, https:\/\/i0.wp.com\/blogaudioteka.wpcomstaging.com\/wp-content\/uploads\/image-14.png?w=1080&amp;ssl=1 1080w\" sizes=\"auto, (max-width: 1024px) 100vw, 1024px\" \/><\/figure>\n\n\n\n<h2 class=\"wp-block-heading\"><span class=\"ez-toc-section\" id=\"Plany_na_rok_2026\"><\/span>Plany na rok 2026<span class=\"ez-toc-section-end\"><\/span><\/h2>\n\n\n\n<p class=\"has-text-align-justify wp-block-paragraph\">Dzi\u0119kujemy, \u017ce byli\u015bcie z&nbsp;nami. <strong>Rok 2026 zapowiada si\u0119 jeszcze bardziej kreatywnie<\/strong> \u2013 szykujemy jeszcze wi\u0119cej opowie\u015bci i&nbsp;format\u00f3w, kt\u00f3re nie pozwol\u0105 Wam zdj\u0105\u0107 s\u0142uchawek. Cieszymy si\u0119, \u017ce jeste\u015bcie z&nbsp;nami nie tylko dla klasyki, ale tak otwarcie przyjmujecie nasze innowacyjne <a href=\"https:\/\/audioteka.com\/pl\/katalog\/superprodukcje-audioteki\/\" target=\"_blank\" rel=\"noopener\">superprodukcje<\/a>.<\/p>\n\n\n\n<p class=\"has-text-align-justify wp-block-paragraph\">P\u0142yn\u0105c dalej \u2013 zach\u0119camy Was do aktywno\u015bci! <strong>Komentujcie, dzielcie si\u0119 opiniami bezpo\u015brednio w&nbsp;serwisie i&nbsp;zg\u0142aszajcie nam swoje zapotrzebowanie na upragnione historie<\/strong> oraz interpretacje. Wasz g\u0142os ma dla nas kluczowe znaczenie.<\/p>\n\n\n\n<figure class=\"wp-block-image size-large\"><img data-recalc-dims=\"1\" loading=\"lazy\" decoding=\"async\" width=\"1024\" height=\"1024\" data-attachment-id=\"12100\" data-permalink=\"https:\/\/blogaudioteka.wpcomstaging.com\/podsumowanie-roku-2025-w-audiotece-tego-sluchaliscie\/image-47\" data-orig-file=\"https:\/\/i0.wp.com\/blogaudioteka.wpcomstaging.com\/wp-content\/uploads\/image-15.png?fit=1080%2C1080&amp;ssl=1\" data-orig-size=\"1080,1080\" data-comments-opened=\"0\" data-image-meta=\"{&quot;aperture&quot;:&quot;0&quot;,&quot;credit&quot;:&quot;&quot;,&quot;camera&quot;:&quot;&quot;,&quot;caption&quot;:&quot;&quot;,&quot;created_timestamp&quot;:&quot;0&quot;,&quot;copyright&quot;:&quot;&quot;,&quot;focal_length&quot;:&quot;0&quot;,&quot;iso&quot;:&quot;0&quot;,&quot;shutter_speed&quot;:&quot;0&quot;,&quot;title&quot;:&quot;&quot;,&quot;orientation&quot;:&quot;0&quot;}\" data-image-title=\"image\" data-image-description=\"\" data-image-caption=\"\" data-large-file=\"https:\/\/i0.wp.com\/blogaudioteka.wpcomstaging.com\/wp-content\/uploads\/image-15.png?fit=1024%2C1024&amp;ssl=1\" src=\"https:\/\/i0.wp.com\/blogaudioteka.wpcomstaging.com\/wp-content\/uploads\/image-15.png?resize=1024%2C1024&#038;ssl=1\" alt=\"\" class=\"wp-image-12100\" srcset=\"https:\/\/i0.wp.com\/blogaudioteka.wpcomstaging.com\/wp-content\/uploads\/image-15.png?resize=1024%2C1024&amp;ssl=1 1024w, https:\/\/i0.wp.com\/blogaudioteka.wpcomstaging.com\/wp-content\/uploads\/image-15.png?resize=300%2C300&amp;ssl=1 300w, https:\/\/i0.wp.com\/blogaudioteka.wpcomstaging.com\/wp-content\/uploads\/image-15.png?resize=150%2C150&amp;ssl=1 150w, https:\/\/i0.wp.com\/blogaudioteka.wpcomstaging.com\/wp-content\/uploads\/image-15.png?resize=768%2C768&amp;ssl=1 768w, https:\/\/i0.wp.com\/blogaudioteka.wpcomstaging.com\/wp-content\/uploads\/image-15.png?resize=400%2C400&amp;ssl=1 400w, https:\/\/i0.wp.com\/blogaudioteka.wpcomstaging.com\/wp-content\/uploads\/image-15.png?resize=800%2C800&amp;ssl=1 800w, https:\/\/i0.wp.com\/blogaudioteka.wpcomstaging.com\/wp-content\/uploads\/image-15.png?resize=600%2C600&amp;ssl=1 600w, https:\/\/i0.wp.com\/blogaudioteka.wpcomstaging.com\/wp-content\/uploads\/image-15.png?resize=200%2C200&amp;ssl=1 200w, https:\/\/i0.wp.com\/blogaudioteka.wpcomstaging.com\/wp-content\/uploads\/image-15.png?resize=148%2C148&amp;ssl=1 148w, https:\/\/i0.wp.com\/blogaudioteka.wpcomstaging.com\/wp-content\/uploads\/image-15.png?resize=296%2C296&amp;ssl=1 296w, https:\/\/i0.wp.com\/blogaudioteka.wpcomstaging.com\/wp-content\/uploads\/image-15.png?resize=512%2C512&amp;ssl=1 512w, https:\/\/i0.wp.com\/blogaudioteka.wpcomstaging.com\/wp-content\/uploads\/image-15.png?resize=920%2C920&amp;ssl=1 920w, https:\/\/i0.wp.com\/blogaudioteka.wpcomstaging.com\/wp-content\/uploads\/image-15.png?w=1080&amp;ssl=1 1080w\" sizes=\"auto, (max-width: 1024px) 100vw, 1024px\" \/><\/figure>\n\n\n\n<p class=\"has-text-align-justify wp-block-paragraph\">Zagl\u0105dajcie te\u017c regularnie na naszego <a href=\"https:\/\/audioteka.com\/pl\/blog\/\" target=\"_blank\" rel=\"noopener\">bloga<\/a> \u2013 znajdziecie tu wszystko, co wa\u017cne: naj\u015bwie\u017csze newsy, poradniki, zestawienia i&nbsp;inspiracje.<\/p>\n\n\n\n<p class=\"wp-block-paragraph\"><strong>Do us\u0142yszenia w&nbsp;2026!<\/strong> \ud83c\udfa7<\/p>\n","protected":false},"excerpt":{"rendered":"Rok 2025 by\u0142 dla nas absolutnie wyj\u0105tkowy \u2013 to by\u0142 czas rekord\u00f3w, wielkich emocji i&nbsp;nowych format\u00f3w. Razem sp\u0119dzili\u015bmy&hellip;","protected":false},"author":264736300,"featured_media":12106,"comment_status":"closed","ping_status":"closed","sticky":false,"template":"","format":"standard","meta":{"_crdt_document":"","csco_display_header_overlay":false,"csco_singular_sidebar":"","csco_page_header_type":"","_jetpack_memberships_contains_paid_content":false,"footnotes":""},"categories":[14931,14933],"tags":[],"class_list":{"0":"post-12089","1":"post","2":"type-post","3":"status-publish","4":"format-standard","5":"has-post-thumbnail","7":"category-aktualnosci","8":"category-newsy","9":"cs-entry"},"jetpack_featured_media_url":"https:\/\/i0.wp.com\/blogaudioteka.wpcomstaging.com\/wp-content\/uploads\/1920x1080-2.png?fit=1920%2C1080&ssl=1","jetpack_sharing_enabled":true,"_links":{"self":[{"href":"https:\/\/blogaudioteka.wpcomstaging.com\/wp-json\/wp\/v2\/posts\/12089","targetHints":{"allow":["GET"]}}],"collection":[{"href":"https:\/\/blogaudioteka.wpcomstaging.com\/wp-json\/wp\/v2\/posts"}],"about":[{"href":"https:\/\/blogaudioteka.wpcomstaging.com\/wp-json\/wp\/v2\/types\/post"}],"author":[{"embeddable":true,"href":"https:\/\/blogaudioteka.wpcomstaging.com\/wp-json\/wp\/v2\/users\/264736300"}],"replies":[{"embeddable":true,"href":"https:\/\/blogaudioteka.wpcomstaging.com\/wp-json\/wp\/v2\/comments?post=12089"}],"version-history":[{"count":11,"href":"https:\/\/blogaudioteka.wpcomstaging.com\/wp-json\/wp\/v2\/posts\/12089\/revisions"}],"predecessor-version":[{"id":12107,"href":"https:\/\/blogaudioteka.wpcomstaging.com\/wp-json\/wp\/v2\/posts\/12089\/revisions\/12107"}],"wp:featuredmedia":[{"embeddable":true,"href":"https:\/\/blogaudioteka.wpcomstaging.com\/wp-json\/wp\/v2\/media\/12106"}],"wp:attachment":[{"href":"https:\/\/blogaudioteka.wpcomstaging.com\/wp-json\/wp\/v2\/media?parent=12089"}],"wp:term":[{"taxonomy":"category","embeddable":true,"href":"https:\/\/blogaudioteka.wpcomstaging.com\/wp-json\/wp\/v2\/categories?post=12089"},{"taxonomy":"post_tag","embeddable":true,"href":"https:\/\/blogaudioteka.wpcomstaging.com\/wp-json\/wp\/v2\/tags?post=12089"}],"curies":[{"name":"wp","href":"https:\/\/api.w.org\/{rel}","templated":true}]}}