{"id":11410,"date":"2025-11-28T13:17:33","date_gmt":"2025-11-28T12:17:33","guid":{"rendered":"https:\/\/blogaudioteka.wpcomstaging.com\/?p=11410"},"modified":"2025-12-11T17:48:15","modified_gmt":"2025-12-11T16:48:15","slug":"prezentujemy-zimowa-ramowke","status":"publish","type":"post","link":"https:\/\/blogaudioteka.wpcomstaging.com\/prezentujemy-zimowa-ramowke","title":{"rendered":"Prezentujemy zimow\u0105 ram\u00f3wk\u0119 &#8211; trzy nowe seriale oryginalne, rekordowe plany i premiera pierwszego videocastu \u201eDobrze powiedziane\u201d"},"content":{"rendered":"\n<p class=\"has-text-align-justify wp-block-paragraph\"><strong>27 listopada w&nbsp;Kinogramie w&nbsp;Fabryce Norblina, przedstawili\u015bmy najwa\u017cniejsze premiery naszego sezonu zimowego oraz nowy projekt &#8211; pierwszy w&nbsp;historii naszej marki videocast \u201eDobrze powiedziane\u201d. W&nbsp;wydarzeniu wzi\u0119li udzia\u0142 tw\u00f3rcy i&nbsp;aktorzy nadchodz\u0105cych produkcji: Katarzyna Ga\u0142\u0105zka, Lena G\u00f3ra, Ewa Kasprzyk, Piotr Polak, Agnieszka \u017bulewska oraz autor Krzysztof Domaradzki.<\/strong><\/p>\n\n\n\n<div id=\"ez-toc-container\" class=\"ez-toc-v2_0_82_2 counter-hierarchy ez-toc-counter ez-toc-grey ez-toc-container-direction\">\n<div class=\"ez-toc-title-container\"><span class=\"ez-toc-title\" style=\"cursor:inherit\">Spis tre\u015bci<\/span>\n<\/div><nav><ul class='ez-toc-list ez-toc-list-level-1 ' ><li class='ez-toc-page-1 ez-toc-heading-level-2'><a class=\"ez-toc-link ez-toc-heading-1\" href=\"https:\/\/blogaudioteka.wpcomstaging.com\/prezentujemy-zimowa-ramowke\/#Trzy_nowe_produkcje_oryginalne_w_zimowej_ramowce\" >Trzy nowe produkcje oryginalne w&nbsp;zimowej ram\u00f3wce<\/a><ul class='ez-toc-list-level-3' ><li class='ez-toc-heading-level-3'><a class=\"ez-toc-link ez-toc-heading-2\" href=\"https:\/\/blogaudioteka.wpcomstaging.com\/prezentujemy-zimowa-ramowke\/#%E2%80%9ELek_wysokosci%E2%80%9D_%E2%80%93_sensacyjny_thriller_w_swiatecznej_Warszawie\" >\u201eL\u0119k wysoko\u015bci\u201d \u2013 sensacyjny thriller w&nbsp;\u015bwi\u0105tecznej Warszawie<\/a><\/li><li class='ez-toc-page-1 ez-toc-heading-level-3'><a class=\"ez-toc-link ez-toc-heading-3\" href=\"https:\/\/blogaudioteka.wpcomstaging.com\/prezentujemy-zimowa-ramowke\/#%E2%80%9EDom_klamsTV%E2%80%9D_%E2%80%93_sensacja_i_dramat_zza_kulis_telewizji\" >\u201eDom k\u0142amsTV\u201d \u2013 sensacja i&nbsp;dramat zza kulis telewizji<\/a><\/li><li class='ez-toc-page-1 ez-toc-heading-level-3'><a class=\"ez-toc-link ez-toc-heading-4\" href=\"https:\/\/blogaudioteka.wpcomstaging.com\/prezentujemy-zimowa-ramowke\/#%E2%80%9EFechmistrzyni%E2%80%9D_%E2%80%93_kostiumowa_przygoda_w_XVIII-wiecznej_Polsce\" >\u201eFechmistrzyni\u201d \u2013 kostiumowa przygoda w&nbsp;XVIII-wiecznej Polsce<\/a><\/li><\/ul><\/li><li class='ez-toc-page-1 ez-toc-heading-level-2'><a class=\"ez-toc-link ez-toc-heading-5\" href=\"https:\/\/blogaudioteka.wpcomstaging.com\/prezentujemy-zimowa-ramowke\/#Rekordowe_wzrosty_i_plany_rozwojowe\" >Rekordowe wzrosty i&nbsp;plany rozwojowe<\/a><\/li><li class='ez-toc-page-1 ez-toc-heading-level-2'><a class=\"ez-toc-link ez-toc-heading-6\" href=\"https:\/\/blogaudioteka.wpcomstaging.com\/prezentujemy-zimowa-ramowke\/#Premiera_pierwszego_naszego_videocastu_%E2%80%9EDobrze_powiedziane%E2%80%9D\" >Premiera pierwszego naszego videocastu \u201eDobrze powiedziane\u201d<\/a><\/li><\/ul><\/nav><\/div>\n<h2 class=\"wp-block-heading\"><span class=\"ez-toc-section\" id=\"Trzy_nowe_produkcje_oryginalne_w_zimowej_ramowce\"><\/span>Trzy nowe produkcje oryginalne w&nbsp;zimowej ram\u00f3wce<span class=\"ez-toc-section-end\"><\/span><\/h2>\n\n\n\n<p class=\"has-text-align-justify wp-block-paragraph\">W zimowej ods\u0142onie <strong>naszego<\/strong> katalogu Audioteka Original <strong>zaprezentowali\u015bmy<\/strong> trzy nowe, wysokobud\u017cetowe audioseriale, kt\u00f3re wprowadz\u0105 s\u0142uchaczy w&nbsp;\u015bwiat sensacji, historii i&nbsp;intryg &#8211; ka\u017cda w&nbsp;zupe\u0142nie innym gatunku i&nbsp;stylu, ale wszystkie zrealizowane z&nbsp;filmowym rozmachem.<\/p>\n\n\n\n<h3 class=\"wp-block-heading\"><span class=\"ez-toc-section\" id=\"%E2%80%9ELek_wysokosci%E2%80%9D_%E2%80%93_sensacyjny_thriller_w_swiatecznej_Warszawie\"><\/span>\u201eL\u0119k wysoko\u015bci\u201d \u2013 sensacyjny thriller w&nbsp;\u015bwi\u0105tecznej Warszawie<span class=\"ez-toc-section-end\"><\/span><\/h3>\n\n\n\n<p class=\"has-text-align-justify wp-block-paragraph\">O\u015bmioodcinkowa superprodukcja Krzysztofa Domaradzkiego, z&nbsp;udzia\u0142em Agnieszki \u017bulewskiej, Adama Woronowicza, J\u00f3zefa Paw\u0142owskiego i&nbsp;Bartka Weso\u0142owskego przenosi s\u0142uchaczy do Warsaw Financial Center, gdzie korporacyjna \u015bwi\u0105teczna impreza zmienia si\u0119 w&nbsp;koszmar. Gdy do sali wchodz\u0105 m\u0119\u017cczy\u017ani przebrani za Miko\u0142aj\u00f3w, nikt nie spodziewa si\u0119, \u017ce pod czerwonymi kostiumami kryj\u0105 si\u0119 terrory\u015bci, a&nbsp;ich prezenty maj\u0105 zapalniki.<\/p>\n\n\n\n<p class=\"has-text-align-justify wp-block-paragraph\">W jednej chwili luksusowy wie\u017cowiec staje si\u0119 pu\u0142apk\u0105. Uzbrojony oddzia\u0142 przejmuje kontrol\u0119 nad budynkiem, bierze zak\u0142adnik\u00f3w i&nbsp;wyg\u0142asza \u017c\u0105dania \u2013 tak absurdalne, \u017ce tylko kto\u015b naprawd\u0119 czujny m\u00f3g\u0142by zauwa\u017cy\u0107, i\u017c to jedynie zas\u0142ona dymna. Prawdziwy plan rozgrywa si\u0119 zupe\u0142nie gdzie indziej: jedno pi\u0119tro ni\u017cej\u2026 lub kilkana\u015bcie pi\u0119ter wy\u017cej.<\/p>\n\n\n\n<p class=\"has-text-align-justify wp-block-paragraph\">Na jednym z&nbsp;taras\u00f3w czeka Anna Bamber (w tej roli Agnieszka \u017bulewska), do\u015bwiadczona \u017co\u0142nierka, kt\u00f3ra &#8211; cho\u0107 mia\u0142a po\u017cegna\u0107 si\u0119 ze s\u0142u\u017cb\u0105 &#8211; stanie samotnie do walki, by powstrzyma\u0107 eskalacj\u0119 kryzysu, zanim ten wybuchnie na skal\u0119 og\u00f3lnopolsk\u0105.<\/p>\n\n\n\n<p class=\"has-text-align-justify wp-block-paragraph\"><strong>Ca\u0142y sezon \u201eL\u0119ku wysoko\u015bci\u201d ma premier\u0119 dzisiaj (28 listopada). Pierwszy odcinek jest dost\u0119pny w&nbsp;naszej aplikacji bezp\u0142atnie.<\/strong><\/p>\n\n\n<div class=\"wp-block-image\">\n<figure class=\"aligncenter size-full\"><img loading=\"lazy\" decoding=\"async\" width=\"300\" height=\"300\" data-attachment-id=\"11386\" data-permalink=\"https:\/\/blogaudioteka.wpcomstaging.com\/nowosci-tygodnia-w-audiotece-top-15-24-11-30-11\/lek-wysokosci-audioteka\" data-orig-file=\"https:\/\/blogaudioteka.wpcomstaging.com\/wp-content\/uploads\/lek-wysokosci-audioteka.avif\" data-orig-size=\"300,300\" data-comments-opened=\"0\" data-image-meta=\"{&quot;aperture&quot;:&quot;0&quot;,&quot;credit&quot;:&quot;&quot;,&quot;camera&quot;:&quot;&quot;,&quot;caption&quot;:&quot;&quot;,&quot;created_timestamp&quot;:&quot;0&quot;,&quot;copyright&quot;:&quot;&quot;,&quot;focal_length&quot;:&quot;0&quot;,&quot;iso&quot;:&quot;0&quot;,&quot;shutter_speed&quot;:&quot;0&quot;,&quot;title&quot;:&quot;&quot;,&quot;orientation&quot;:&quot;0&quot;}\" data-image-title=\"lek-wysokosci-audioteka\" data-image-description=\"\" data-image-caption=\"\" data-large-file=\"https:\/\/blogaudioteka.wpcomstaging.com\/wp-content\/uploads\/lek-wysokosci-audioteka.avif\" src=\"https:\/\/blogaudioteka.wpcomstaging.com\/wp-content\/uploads\/lek-wysokosci-audioteka.avif\" alt=\"lek-wysokosci-audioteka\" class=\"wp-image-11386\" srcset=\"https:\/\/blogaudioteka.wpcomstaging.com\/wp-content\/uploads\/lek-wysokosci-audioteka.avif 300w, https:\/\/blogaudioteka.wpcomstaging.com\/wp-content\/uploads\/lek-wysokosci-audioteka-150x150.avif 150w, https:\/\/blogaudioteka.wpcomstaging.com\/wp-content\/uploads\/lek-wysokosci-audioteka-200x200.avif 200w, https:\/\/blogaudioteka.wpcomstaging.com\/wp-content\/uploads\/lek-wysokosci-audioteka-148x148.avif 148w, https:\/\/blogaudioteka.wpcomstaging.com\/wp-content\/uploads\/lek-wysokosci-audioteka-296x296.avif 296w\" sizes=\"auto, (max-width: 300px) 100vw, 300px\" \/><\/figure>\n<\/div>\n\n\n<p class=\"wp-block-paragraph\"><strong><em>\ud83d\udc49S\u0142uchaj:\u00a0<a href=\"https:\/\/audioteka.com\/pl\/cykl\/lek-wysokosci-audioserial\/\" target=\"_blank\" rel=\"noreferrer noopener\">L\u0119k wysoko\u015bci \u2013 Audiobook \u2013 Krzysztof Domaradzki | Audioteka<\/a><\/em><\/strong><\/p>\n\n\n\n<h3 class=\"wp-block-heading\"><span class=\"ez-toc-section\" id=\"%E2%80%9EDom_klamsTV%E2%80%9D_%E2%80%93_sensacja_i_dramat_zza_kulis_telewizji\"><\/span>\u201eDom k\u0142amsTV\u201d \u2013 sensacja i&nbsp;dramat zza kulis telewizji<span class=\"ez-toc-section-end\"><\/span><\/h3>\n\n\n\n<p class=\"has-text-align-justify wp-block-paragraph\">W tej produkcji Agaty Burdajewicz, z&nbsp;udzia\u0142em Ewy Kasprzyk, Andrzeja Deskura, Katarzyny Ga\u0142\u0105zki, Micha\u0142a Czerneckiego i&nbsp;Miko\u0142aja Kubackiego odkrywamy nieznane i&nbsp;bezlitosne mechanizmy pracy przy reality shows. To opowie\u015b\u0107 o&nbsp;ostatniej edycji kontrowersyjnego programu \u201eBajeranci\u201d, kt\u00f3ry zako\u0144czy\u0142 si\u0119 skandalem i&nbsp;kosztowa\u0142 stanowisko szefow\u0105 stacji.<\/p>\n\n\n\n<p class=\"has-text-align-justify wp-block-paragraph\">S\u0142uchacze zostan\u0105 wci\u0105gni\u0119ci w&nbsp;\u015bwiat pe\u0142en napi\u0119\u0107, rywalizacji i&nbsp;walki o&nbsp;wp\u0142ywy \u2014 tam, gdzie ka\u017cdy ruch mo\u017ce by\u0107 wykorzystany przeciwko tobie, a&nbsp;zaufanie staje si\u0119 walut\u0105 deficytow\u0105. \u201eDom k\u0142amsTV\u201d \u0142\u0105czy elementy krymina\u0142u i&nbsp;dramatu, pozwalaj\u0105c zajrze\u0107 za kulisy pracy, kt\u00f3rej widzowie na co dzie\u0144 nie s\u0105 \u015bwiadomi, a&nbsp;kt\u00f3ra rz\u0105dzi si\u0119 w\u0142asnymi, twardymi zasadami.<\/p>\n\n\n\n<h3 class=\"wp-block-heading\"><span class=\"ez-toc-section\" id=\"%E2%80%9EFechmistrzyni%E2%80%9D_%E2%80%93_kostiumowa_przygoda_w_XVIII-wiecznej_Polsce\"><\/span>\u201eFechmistrzyni\u201d \u2013 kostiumowa przygoda w&nbsp;XVIII-wiecznej Polsce<span class=\"ez-toc-section-end\"><\/span><\/h3>\n\n\n\n<p class=\"has-text-align-justify wp-block-paragraph\">Thriller historyczno-przygodowy autorstwa Stanis\u0142awa Drygiela, z&nbsp;Len\u0105 G\u00f3r\u0105, Kiry\u0142em Pietruczukiem, Piotrem Polakiem i&nbsp;Paulin\u0105 Ga\u0142\u0105zk\u0105, opowiada alternatywn\u0105 histori\u0119 Gertrudy Komorowskiej &#8211; pierwszej \u017cony Stanis\u0142awa Szcz\u0119snego Potockiego.<\/p>\n\n\n\n<p class=\"has-text-align-justify wp-block-paragraph\">Gertruda, uznana przed laty za zmar\u0142\u0105, powraca jako Miko\u0142aj Soko\u0142owski, tajemniczy mistrz szabli do wynaj\u0119cia. Jej celem jest zemsta na rodzinie Potockich, jednej z&nbsp;najpot\u0119\u017cniejszych familii dawnej Rzeczypospolitej. W&nbsp;tle rozgrywaj\u0105 si\u0119 pierwsze miesi\u0105ce konfederacji barskiej: pojedynki, po\u015bcigi, intrygi i&nbsp;gra pozor\u00f3w, w&nbsp;kt\u00f3rej nikt nie jest tym, za kogo si\u0119 podaje. \u201eFechmistrzyni\u201d \u0142\u0105czy klasyczne motywy \u201ep\u0142aszcza i&nbsp;szpady\u201d z&nbsp;nowoczesn\u0105 narracj\u0105 i&nbsp;energi\u0105 rodem z&nbsp;film\u00f3w Tarantino czy Ritchiego.<\/p>\n\n\n\n<h2 class=\"wp-block-heading\"><span class=\"ez-toc-section\" id=\"Rekordowe_wzrosty_i_plany_rozwojowe\"><\/span>Rekordowe wzrosty i&nbsp;plany rozwojowe<span class=\"ez-toc-section-end\"><\/span><\/h2>\n\n\n\n<p class=\"wp-block-paragraph\"><strong>Podsumowali\u015bmy<\/strong> r\u00f3wnie\u017c rozw\u00f3j segmentu <strong>naszych<\/strong> produkcji w\u0142asnych.<\/p>\n\n\n\n<ul class=\"wp-block-list\">\n<li><strong>2024:<\/strong> 19 nowych superprodukcji<\/li>\n\n\n\n<li><strong>2025:<\/strong> planujemy 31 premier z&nbsp;tej kategorii \u2013 najwy\u017csza liczba w&nbsp;<strong>naszej<\/strong> historii<\/li>\n\n\n\n<li><strong>2026:<\/strong> planowanych 50 nowych tytu\u0142\u00f3w<\/li>\n<\/ul>\n\n\n\n<p class=\"wp-block-paragraph\">Planujemy, \u017ce do ko\u0144ca 2025 roku w&nbsp;<strong>naszym<\/strong> katalogu b\u0119d\u0105 dost\u0119pne a\u017c 224 superprodukcje i&nbsp;audioseriale.<\/p>\n\n\n\n<p class=\"wp-block-paragraph\"><strong><em>Tomasz Kin, Head of Original Story w&nbsp;Audiotece, podkre\u015bla:<\/em><\/strong><\/p>\n\n\n\n<blockquote class=\"wp-block-quote is-layout-flow wp-block-quote-is-layout-flow\">\n<p class=\"has-text-align-justify wp-block-paragraph\">\u201eAudioteka Original to dzi\u015b jedna z&nbsp;najbardziej unikatowych ofert na naszym rynku audio. Tworzymy historie pisane specjalnie do s\u0142uchania \u2013 pe\u0142ne emocji, rozmachu, \u015bwietnie zagrane i&nbsp;realizowane na poziomie filmowym. Ka\u017cda kolejna premiera to dla nas okazja, by udowodni\u0107, \u017ce audio mo\u017ce by\u0107 r\u00f3wnie anga\u017cuj\u0105ce jak kino, a&nbsp;cz\u0119sto \u2013 nawet bardziej intymne i&nbsp;wyraziste.\u201d<\/p>\n<\/blockquote>\n\n\n\n<h2 class=\"wp-block-heading\"><span class=\"ez-toc-section\" id=\"Premiera_pierwszego_naszego_videocastu_%E2%80%9EDobrze_powiedziane%E2%80%9D\"><\/span>Premiera pierwszego naszego videocastu \u201eDobrze powiedziane\u201d<span class=\"ez-toc-section-end\"><\/span><\/h2>\n\n\n\n<p class=\"has-text-align-justify wp-block-paragraph\">Drug\u0105 kluczow\u0105 zapowiedzi\u0105 wydarzenia by\u0142a prezentacja <strong>naszego<\/strong> nowego formatu &#8211; videocastu \u201eDobrze powiedziane\u201d, kt\u00f3ry poprowadzi Kasia W\u0119sierska, na co dzie\u0144 zwi\u0105zana z&nbsp;radiem ESKA. W&nbsp;podca\u015bcie gwiazdy <strong>naszych<\/strong> seriali ods\u0142oni\u0105 kulisy pracy nad produkcjami audio i&nbsp;poka\u017c\u0105, jak wygl\u0105da storytelling od kuchni &#8211; ten prawdziwy, niepodkr\u0119cony filtrem. Opowiedz\u0105 o&nbsp;budowaniu w\u0142asnego wizerunku, o&nbsp;tym, jak odnajduj\u0105 si\u0119 na dynamicznie zmieniaj\u0105cym si\u0119 rynku i&nbsp;jak reaguj\u0105 na opinie s\u0142uchaczy, kt\u00f3re potrafi\u0105 zaskoczy\u0107 nawet najbardziej do\u015bwiadczonych tw\u00f3rc\u00f3w. S\u0142uchacze dostan\u0105 wszystko, czego nie wida\u0107 w&nbsp;finalnym nagraniu audio produkcji &#8211; intymne rozmowy, szczere wyznania, \u017cywe emocje, anegdoty z&nbsp;planu, ci\u0119te komentarze, b\u0142yskotliwe dygresje, kt\u00f3re nie mieszcz\u0105 si\u0119 w&nbsp;\u017cadnych scenariuszach. Podcast \u201eDobrze powiedziane\u201d b\u0119dzie przestrzeni\u0105, w&nbsp;kt\u00f3rej gwiazdy zdradzaj\u0105 co i&nbsp;jak m\u00f3wi\u0107, \u017ceby m\u00f3wi\u0107 naprawd\u0119 dobrze &#8211; robi\u0105 to z&nbsp;luzem, humorem i&nbsp;pe\u0142n\u0105 \u015bwiadomo\u015bci\u0105 w\u0142asnego rzemios\u0142a.<\/p>\n\n\n\n<p class=\"has-text-align-justify wp-block-paragraph\">Premiera pierwszego odcinka odb\u0119dzie si\u0119 4 grudnia 2025 r. w&nbsp;<strong>naszej<\/strong> aplikacji (podcast) oraz na <strong>naszym<\/strong> kanale YouTube (video).<\/p>\n\n\n\n<p class=\"has-text-align-justify wp-block-paragraph\"><strong>W\u015br\u00f3d pierwszych go\u015bci znajd\u0105 si\u0119 m.in.: Piotr Polak, Maurycy Popiel i&nbsp;Lena G\u00f3ra. Link do zapowiedzi podcastu:<\/strong><\/p>\n\n\n\n<figure class=\"wp-block-embed is-type-video is-provider-youtube wp-block-embed-youtube wp-embed-aspect-16-9 wp-has-aspect-ratio\"><div class=\"wp-block-embed__wrapper\">\n<span class=\"embed-youtube\" style=\"text-align:center; display: block;\"><iframe loading=\"lazy\" class=\"youtube-player\" width=\"1200\" height=\"675\" src=\"https:\/\/www.youtube.com\/embed\/fOUO_ux5Q5c?version=3&#038;rel=1&#038;showsearch=0&#038;showinfo=1&#038;iv_load_policy=1&#038;fs=1&#038;hl=pl-PL&#038;autohide=2&#038;wmode=transparent\" allowfullscreen=\"true\" style=\"border:0;\" sandbox=\"allow-scripts allow-same-origin allow-popups allow-presentation allow-popups-to-escape-sandbox\"><\/iframe><\/span>\n<\/div><\/figure>\n\n\n\n<p class=\"wp-block-paragraph\">Rozmowy b\u0119d\u0105 dost\u0119pne w&nbsp;<strong>naszej<\/strong> aplikacji \u2013 jako podcast, w&nbsp;formie wideo &#8211; m.in. na <strong>naszym<\/strong> kanale YouTube.<\/p>\n\n\n\n<p class=\"wp-block-paragraph\"><strong>Kasia W\u0119sierska o&nbsp;nowym projekcie:<\/strong><\/p>\n\n\n\n<blockquote class=\"wp-block-quote is-layout-flow wp-block-quote-is-layout-flow\">\n<p class=\"wp-block-paragraph\"><em><strong>\u201e\u2018Dobrze powiedziane\u2019 to rozmowy z&nbsp;lud\u017ami, kt\u00f3rzy kochaj\u0105 historie \u2013 tworz\u0105 je, graj\u0105 w&nbsp;nich, \u017cyj\u0105 nimi. Chcemy ods\u0142oni\u0107 kulisy pracy nad produkcjami audio i&nbsp;pokaza\u0107, jak fascynuj\u0105cy jest to \u015bwiat. To format pe\u0142en pasji, ciekawo\u015bci i&nbsp;energii, kt\u00f3ry \u2013 mam nadziej\u0119 \u2013 pozwoli s\u0142uchaczom jeszcze mocniej zanurzy\u0107 si\u0119 w&nbsp;uniwersum Audioteki.\u201d<\/strong><\/em><\/p>\n<\/blockquote>\n\n\n\n<figure class=\"wp-block-gallery has-nested-images columns-default is-cropped wp-block-gallery-6 is-layout-flex wp-block-gallery-is-layout-flex\">\n<figure class=\"wp-block-image size-large\"><img data-recalc-dims=\"1\" loading=\"lazy\" decoding=\"async\" width=\"1024\" height=\"683\" data-attachment-id=\"11425\" data-permalink=\"https:\/\/blogaudioteka.wpcomstaging.com\/prezentujemy-zimowa-ramowke\/fot-jacek-kurnikowski-akpa-5\" data-orig-file=\"https:\/\/i0.wp.com\/blogaudioteka.wpcomstaging.com\/wp-content\/uploads\/akpa20251127_audioteka_jk_9386-1.jpg?fit=7916%2C5277&amp;ssl=1\" data-orig-size=\"7916,5277\" data-comments-opened=\"0\" data-image-meta=\"{&quot;aperture&quot;:&quot;3.2&quot;,&quot;credit&quot;:&quot;&quot;,&quot;camera&quot;:&quot;NIKON Z 9&quot;,&quot;caption&quot;:&quot;Fot. Jacek Kurnikowski\/AKPA&quot;,&quot;created_timestamp&quot;:&quot;1764244509&quot;,&quot;copyright&quot;:&quot;AKPA&quot;,&quot;focal_length&quot;:&quot;37&quot;,&quot;iso&quot;:&quot;6400&quot;,&quot;shutter_speed&quot;:&quot;0.00625&quot;,&quot;title&quot;:&quot;Fot. Jacek Kurnikowski\/AKPA&quot;,&quot;orientation&quot;:&quot;0&quot;}\" data-image-title=\"Fot. Jacek Kurnikowski\/AKPA\" data-image-description=\"\" data-image-caption=\"&lt;p&gt;Fot. Jacek Kurnikowski\/AKPA&lt;\/p&gt;\n\" data-large-file=\"https:\/\/i0.wp.com\/blogaudioteka.wpcomstaging.com\/wp-content\/uploads\/akpa20251127_audioteka_jk_9386-1.jpg?fit=1024%2C683&amp;ssl=1\" data-id=\"11425\" src=\"https:\/\/i0.wp.com\/blogaudioteka.wpcomstaging.com\/wp-content\/uploads\/akpa20251127_audioteka_jk_9386-1.jpg?resize=1024%2C683&#038;ssl=1\" alt=\"\" class=\"wp-image-11425\" srcset=\"https:\/\/i0.wp.com\/blogaudioteka.wpcomstaging.com\/wp-content\/uploads\/akpa20251127_audioteka_jk_9386-1.jpg?resize=1024%2C683&amp;ssl=1 1024w, https:\/\/i0.wp.com\/blogaudioteka.wpcomstaging.com\/wp-content\/uploads\/akpa20251127_audioteka_jk_9386-1.jpg?resize=300%2C200&amp;ssl=1 300w, https:\/\/i0.wp.com\/blogaudioteka.wpcomstaging.com\/wp-content\/uploads\/akpa20251127_audioteka_jk_9386-1.jpg?resize=768%2C512&amp;ssl=1 768w, https:\/\/i0.wp.com\/blogaudioteka.wpcomstaging.com\/wp-content\/uploads\/akpa20251127_audioteka_jk_9386-1.jpg?resize=1536%2C1024&amp;ssl=1 1536w, https:\/\/i0.wp.com\/blogaudioteka.wpcomstaging.com\/wp-content\/uploads\/akpa20251127_audioteka_jk_9386-1.jpg?resize=2048%2C1365&amp;ssl=1 2048w, https:\/\/i0.wp.com\/blogaudioteka.wpcomstaging.com\/wp-content\/uploads\/akpa20251127_audioteka_jk_9386-1.jpg?resize=1200%2C800&amp;ssl=1 1200w, https:\/\/i0.wp.com\/blogaudioteka.wpcomstaging.com\/wp-content\/uploads\/akpa20251127_audioteka_jk_9386-1.jpg?resize=512%2C341&amp;ssl=1 512w, https:\/\/i0.wp.com\/blogaudioteka.wpcomstaging.com\/wp-content\/uploads\/akpa20251127_audioteka_jk_9386-1.jpg?resize=920%2C613&amp;ssl=1 920w, https:\/\/i0.wp.com\/blogaudioteka.wpcomstaging.com\/wp-content\/uploads\/akpa20251127_audioteka_jk_9386-1.jpg?resize=1600%2C1067&amp;ssl=1 1600w, https:\/\/i0.wp.com\/blogaudioteka.wpcomstaging.com\/wp-content\/uploads\/akpa20251127_audioteka_jk_9386-1.jpg?resize=3200%2C2133&amp;ssl=1 3200w, https:\/\/i0.wp.com\/blogaudioteka.wpcomstaging.com\/wp-content\/uploads\/akpa20251127_audioteka_jk_9386-1.jpg?resize=1920%2C1280&amp;ssl=1 1920w, https:\/\/i0.wp.com\/blogaudioteka.wpcomstaging.com\/wp-content\/uploads\/akpa20251127_audioteka_jk_9386-1.jpg?w=2400&amp;ssl=1 2400w, https:\/\/i0.wp.com\/blogaudioteka.wpcomstaging.com\/wp-content\/uploads\/akpa20251127_audioteka_jk_9386-1.jpg?w=3600&amp;ssl=1 3600w\" sizes=\"auto, (max-width: 1024px) 100vw, 1024px\" \/><figcaption class=\"wp-element-caption\">Fot. Jacek Kurnikowski\/AKPA<\/figcaption><\/figure>\n\n\n\n<figure class=\"wp-block-image size-large\"><img data-recalc-dims=\"1\" loading=\"lazy\" decoding=\"async\" width=\"683\" height=\"1024\" data-attachment-id=\"11423\" data-permalink=\"https:\/\/blogaudioteka.wpcomstaging.com\/prezentujemy-zimowa-ramowke\/na-zdj-ewa-kasprzyk-fot-jacek-kurnikowski-akpa\" data-orig-file=\"https:\/\/i0.wp.com\/blogaudioteka.wpcomstaging.com\/wp-content\/uploads\/akpa20251127_audioteka_jk_9129.jpg?fit=5389%2C8083&amp;ssl=1\" data-orig-size=\"5389,8083\" data-comments-opened=\"0\" data-image-meta=\"{&quot;aperture&quot;:&quot;0&quot;,&quot;credit&quot;:&quot;&quot;,&quot;camera&quot;:&quot;&quot;,&quot;caption&quot;:&quot;Na zdj.: Ewa Kasprzyk, Fot. Jacek Kurnikowski\/AKPA&quot;,&quot;created_timestamp&quot;:&quot;0&quot;,&quot;copyright&quot;:&quot;AKPA&quot;,&quot;focal_length&quot;:&quot;0&quot;,&quot;iso&quot;:&quot;0&quot;,&quot;shutter_speed&quot;:&quot;0&quot;,&quot;title&quot;:&quot;Na zdj.: Ewa Kasprzyk, Fot. Jacek Kurnikowski\/AKPA&quot;,&quot;orientation&quot;:&quot;1&quot;}\" data-image-title=\"Na zdj.: Ewa Kasprzyk, Fot. Jacek Kurnikowski\/AKPA\" data-image-description=\"\" data-image-caption=\"&lt;p&gt;Na zdj.: Ewa Kasprzyk, Fot. Jacek Kurnikowski\/AKPA&lt;\/p&gt;\n\" data-large-file=\"https:\/\/i0.wp.com\/blogaudioteka.wpcomstaging.com\/wp-content\/uploads\/akpa20251127_audioteka_jk_9129.jpg?fit=683%2C1024&amp;ssl=1\" data-id=\"11423\" src=\"https:\/\/i0.wp.com\/blogaudioteka.wpcomstaging.com\/wp-content\/uploads\/akpa20251127_audioteka_jk_9129.jpg?resize=683%2C1024&#038;ssl=1\" alt=\"\" class=\"wp-image-11423\" srcset=\"https:\/\/i0.wp.com\/blogaudioteka.wpcomstaging.com\/wp-content\/uploads\/akpa20251127_audioteka_jk_9129.jpg?resize=683%2C1024&amp;ssl=1 683w, https:\/\/i0.wp.com\/blogaudioteka.wpcomstaging.com\/wp-content\/uploads\/akpa20251127_audioteka_jk_9129.jpg?resize=200%2C300&amp;ssl=1 200w, https:\/\/i0.wp.com\/blogaudioteka.wpcomstaging.com\/wp-content\/uploads\/akpa20251127_audioteka_jk_9129.jpg?resize=768%2C1152&amp;ssl=1 768w, https:\/\/i0.wp.com\/blogaudioteka.wpcomstaging.com\/wp-content\/uploads\/akpa20251127_audioteka_jk_9129.jpg?resize=1024%2C1536&amp;ssl=1 1024w, https:\/\/i0.wp.com\/blogaudioteka.wpcomstaging.com\/wp-content\/uploads\/akpa20251127_audioteka_jk_9129.jpg?resize=1365%2C2048&amp;ssl=1 1365w, https:\/\/i0.wp.com\/blogaudioteka.wpcomstaging.com\/wp-content\/uploads\/akpa20251127_audioteka_jk_9129.jpg?resize=1200%2C1800&amp;ssl=1 1200w, https:\/\/i0.wp.com\/blogaudioteka.wpcomstaging.com\/wp-content\/uploads\/akpa20251127_audioteka_jk_9129.jpg?resize=512%2C768&amp;ssl=1 512w, https:\/\/i0.wp.com\/blogaudioteka.wpcomstaging.com\/wp-content\/uploads\/akpa20251127_audioteka_jk_9129.jpg?resize=920%2C1380&amp;ssl=1 920w, https:\/\/i0.wp.com\/blogaudioteka.wpcomstaging.com\/wp-content\/uploads\/akpa20251127_audioteka_jk_9129.jpg?resize=1600%2C2400&amp;ssl=1 1600w, https:\/\/i0.wp.com\/blogaudioteka.wpcomstaging.com\/wp-content\/uploads\/akpa20251127_audioteka_jk_9129.jpg?resize=3200%2C4800&amp;ssl=1 3200w, https:\/\/i0.wp.com\/blogaudioteka.wpcomstaging.com\/wp-content\/uploads\/akpa20251127_audioteka_jk_9129.jpg?resize=1920%2C2880&amp;ssl=1 1920w, https:\/\/i0.wp.com\/blogaudioteka.wpcomstaging.com\/wp-content\/uploads\/akpa20251127_audioteka_jk_9129.jpg?w=2400&amp;ssl=1 2400w, https:\/\/i0.wp.com\/blogaudioteka.wpcomstaging.com\/wp-content\/uploads\/akpa20251127_audioteka_jk_9129.jpg?w=3600&amp;ssl=1 3600w\" sizes=\"auto, (max-width: 683px) 100vw, 683px\" \/><figcaption class=\"wp-element-caption\">Na zdj.: Ewa Kasprzyk, Fot. Jacek Kurnikowski\/AKPA<\/figcaption><\/figure>\n\n\n\n<figure class=\"wp-block-image size-large\"><img data-recalc-dims=\"1\" loading=\"lazy\" decoding=\"async\" width=\"1024\" height=\"683\" data-attachment-id=\"11422\" data-permalink=\"https:\/\/blogaudioteka.wpcomstaging.com\/prezentujemy-zimowa-ramowke\/na-zdj-tomasz-kin-fot-jacek-kurnikowski-akpa\" data-orig-file=\"https:\/\/i0.wp.com\/blogaudioteka.wpcomstaging.com\/wp-content\/uploads\/akpa20251127_audioteka_jk_9719-1.jpg?fit=8256%2C5504&amp;ssl=1\" data-orig-size=\"8256,5504\" data-comments-opened=\"0\" data-image-meta=\"{&quot;aperture&quot;:&quot;3.5&quot;,&quot;credit&quot;:&quot;&quot;,&quot;camera&quot;:&quot;NIKON Z 9&quot;,&quot;caption&quot;:&quot;Na zdj.: Tomasz Kin, Fot. Jacek Kurnikowski\/AKPA&quot;,&quot;created_timestamp&quot;:&quot;1764248070&quot;,&quot;copyright&quot;:&quot;AKPA&quot;,&quot;focal_length&quot;:&quot;24&quot;,&quot;iso&quot;:&quot;1600&quot;,&quot;shutter_speed&quot;:&quot;0.005&quot;,&quot;title&quot;:&quot;Na zdj.: Tomasz Kin, Fot. Jacek Kurnikowski\/AKPA&quot;,&quot;orientation&quot;:&quot;1&quot;}\" data-image-title=\"Na zdj.: Tomasz Kin, Fot. Jacek Kurnikowski\/AKPA\" data-image-description=\"\" data-image-caption=\"&lt;p&gt;Na zdj.: Tomasz Kin, Fot. Jacek Kurnikowski\/AKPA&lt;\/p&gt;\n\" data-large-file=\"https:\/\/i0.wp.com\/blogaudioteka.wpcomstaging.com\/wp-content\/uploads\/akpa20251127_audioteka_jk_9719-1.jpg?fit=1024%2C683&amp;ssl=1\" data-id=\"11422\" src=\"https:\/\/i0.wp.com\/blogaudioteka.wpcomstaging.com\/wp-content\/uploads\/akpa20251127_audioteka_jk_9719-1.jpg?resize=1024%2C683&#038;ssl=1\" alt=\"\" class=\"wp-image-11422\" srcset=\"https:\/\/i0.wp.com\/blogaudioteka.wpcomstaging.com\/wp-content\/uploads\/akpa20251127_audioteka_jk_9719-1.jpg?resize=1024%2C683&amp;ssl=1 1024w, https:\/\/i0.wp.com\/blogaudioteka.wpcomstaging.com\/wp-content\/uploads\/akpa20251127_audioteka_jk_9719-1.jpg?resize=300%2C200&amp;ssl=1 300w, https:\/\/i0.wp.com\/blogaudioteka.wpcomstaging.com\/wp-content\/uploads\/akpa20251127_audioteka_jk_9719-1.jpg?resize=768%2C512&amp;ssl=1 768w, https:\/\/i0.wp.com\/blogaudioteka.wpcomstaging.com\/wp-content\/uploads\/akpa20251127_audioteka_jk_9719-1.jpg?resize=1536%2C1024&amp;ssl=1 1536w, https:\/\/i0.wp.com\/blogaudioteka.wpcomstaging.com\/wp-content\/uploads\/akpa20251127_audioteka_jk_9719-1.jpg?resize=2048%2C1365&amp;ssl=1 2048w, https:\/\/i0.wp.com\/blogaudioteka.wpcomstaging.com\/wp-content\/uploads\/akpa20251127_audioteka_jk_9719-1.jpg?resize=1200%2C800&amp;ssl=1 1200w, https:\/\/i0.wp.com\/blogaudioteka.wpcomstaging.com\/wp-content\/uploads\/akpa20251127_audioteka_jk_9719-1.jpg?resize=512%2C341&amp;ssl=1 512w, https:\/\/i0.wp.com\/blogaudioteka.wpcomstaging.com\/wp-content\/uploads\/akpa20251127_audioteka_jk_9719-1.jpg?resize=920%2C613&amp;ssl=1 920w, https:\/\/i0.wp.com\/blogaudioteka.wpcomstaging.com\/wp-content\/uploads\/akpa20251127_audioteka_jk_9719-1.jpg?resize=1600%2C1067&amp;ssl=1 1600w, https:\/\/i0.wp.com\/blogaudioteka.wpcomstaging.com\/wp-content\/uploads\/akpa20251127_audioteka_jk_9719-1.jpg?resize=3200%2C2133&amp;ssl=1 3200w, https:\/\/i0.wp.com\/blogaudioteka.wpcomstaging.com\/wp-content\/uploads\/akpa20251127_audioteka_jk_9719-1.jpg?resize=1920%2C1280&amp;ssl=1 1920w, https:\/\/i0.wp.com\/blogaudioteka.wpcomstaging.com\/wp-content\/uploads\/akpa20251127_audioteka_jk_9719-1.jpg?w=2400&amp;ssl=1 2400w, https:\/\/i0.wp.com\/blogaudioteka.wpcomstaging.com\/wp-content\/uploads\/akpa20251127_audioteka_jk_9719-1.jpg?w=3600&amp;ssl=1 3600w\" sizes=\"auto, (max-width: 1024px) 100vw, 1024px\" \/><figcaption class=\"wp-element-caption\">Na zdj.: Tomasz Kin, Fot. Jacek Kurnikowski\/AKPA<\/figcaption><\/figure>\n\n\n\n<figure class=\"wp-block-image size-large\"><img data-recalc-dims=\"1\" loading=\"lazy\" decoding=\"async\" width=\"1024\" height=\"683\" data-attachment-id=\"11421\" data-permalink=\"https:\/\/blogaudioteka.wpcomstaging.com\/prezentujemy-zimowa-ramowke\/fot-jacek-kurnikowski-akpa-3\" data-orig-file=\"https:\/\/i0.wp.com\/blogaudioteka.wpcomstaging.com\/wp-content\/uploads\/akpa20251127_audioteka_jk_9408.jpg?fit=8256%2C5504&amp;ssl=1\" data-orig-size=\"8256,5504\" data-comments-opened=\"0\" data-image-meta=\"{&quot;aperture&quot;:&quot;4&quot;,&quot;credit&quot;:&quot;&quot;,&quot;camera&quot;:&quot;NIKON Z 9&quot;,&quot;caption&quot;:&quot;Fot. Jacek Kurnikowski\/AKPA&quot;,&quot;created_timestamp&quot;:&quot;1764244603&quot;,&quot;copyright&quot;:&quot;AKPA&quot;,&quot;focal_length&quot;:&quot;28.5&quot;,&quot;iso&quot;:&quot;6400&quot;,&quot;shutter_speed&quot;:&quot;0.005&quot;,&quot;title&quot;:&quot;Fot. Jacek Kurnikowski\/AKPA&quot;,&quot;orientation&quot;:&quot;0&quot;}\" data-image-title=\"Fot. Jacek Kurnikowski\/AKPA\" data-image-description=\"\" data-image-caption=\"&lt;p&gt;Fot. Jacek Kurnikowski\/AKPA&lt;\/p&gt;\n\" data-large-file=\"https:\/\/i0.wp.com\/blogaudioteka.wpcomstaging.com\/wp-content\/uploads\/akpa20251127_audioteka_jk_9408.jpg?fit=1024%2C683&amp;ssl=1\" data-id=\"11421\" src=\"https:\/\/i0.wp.com\/blogaudioteka.wpcomstaging.com\/wp-content\/uploads\/akpa20251127_audioteka_jk_9408.jpg?resize=1024%2C683&#038;ssl=1\" alt=\"\" class=\"wp-image-11421\" srcset=\"https:\/\/i0.wp.com\/blogaudioteka.wpcomstaging.com\/wp-content\/uploads\/akpa20251127_audioteka_jk_9408.jpg?resize=1024%2C683&amp;ssl=1 1024w, https:\/\/i0.wp.com\/blogaudioteka.wpcomstaging.com\/wp-content\/uploads\/akpa20251127_audioteka_jk_9408.jpg?resize=300%2C200&amp;ssl=1 300w, https:\/\/i0.wp.com\/blogaudioteka.wpcomstaging.com\/wp-content\/uploads\/akpa20251127_audioteka_jk_9408.jpg?resize=768%2C512&amp;ssl=1 768w, https:\/\/i0.wp.com\/blogaudioteka.wpcomstaging.com\/wp-content\/uploads\/akpa20251127_audioteka_jk_9408.jpg?resize=1536%2C1024&amp;ssl=1 1536w, https:\/\/i0.wp.com\/blogaudioteka.wpcomstaging.com\/wp-content\/uploads\/akpa20251127_audioteka_jk_9408.jpg?resize=2048%2C1365&amp;ssl=1 2048w, https:\/\/i0.wp.com\/blogaudioteka.wpcomstaging.com\/wp-content\/uploads\/akpa20251127_audioteka_jk_9408.jpg?resize=1200%2C800&amp;ssl=1 1200w, https:\/\/i0.wp.com\/blogaudioteka.wpcomstaging.com\/wp-content\/uploads\/akpa20251127_audioteka_jk_9408.jpg?resize=512%2C341&amp;ssl=1 512w, https:\/\/i0.wp.com\/blogaudioteka.wpcomstaging.com\/wp-content\/uploads\/akpa20251127_audioteka_jk_9408.jpg?resize=920%2C613&amp;ssl=1 920w, https:\/\/i0.wp.com\/blogaudioteka.wpcomstaging.com\/wp-content\/uploads\/akpa20251127_audioteka_jk_9408.jpg?resize=1600%2C1067&amp;ssl=1 1600w, https:\/\/i0.wp.com\/blogaudioteka.wpcomstaging.com\/wp-content\/uploads\/akpa20251127_audioteka_jk_9408.jpg?resize=3200%2C2133&amp;ssl=1 3200w, https:\/\/i0.wp.com\/blogaudioteka.wpcomstaging.com\/wp-content\/uploads\/akpa20251127_audioteka_jk_9408.jpg?resize=1920%2C1280&amp;ssl=1 1920w, https:\/\/i0.wp.com\/blogaudioteka.wpcomstaging.com\/wp-content\/uploads\/akpa20251127_audioteka_jk_9408.jpg?w=2400&amp;ssl=1 2400w, https:\/\/i0.wp.com\/blogaudioteka.wpcomstaging.com\/wp-content\/uploads\/akpa20251127_audioteka_jk_9408.jpg?w=3600&amp;ssl=1 3600w\" sizes=\"auto, (max-width: 1024px) 100vw, 1024px\" \/><figcaption class=\"wp-element-caption\">Fot. Jacek Kurnikowski\/AKPA<\/figcaption><\/figure>\n\n\n\n<figure class=\"wp-block-image size-large\"><img data-recalc-dims=\"1\" loading=\"lazy\" decoding=\"async\" width=\"683\" height=\"1024\" data-attachment-id=\"11420\" data-permalink=\"https:\/\/blogaudioteka.wpcomstaging.com\/prezentujemy-zimowa-ramowke\/na-zdj-agnieszka-zulewska-fot-jacek-kurnikowski-akpa-2\" data-orig-file=\"https:\/\/i0.wp.com\/blogaudioteka.wpcomstaging.com\/wp-content\/uploads\/akpa20251127_audioteka_jk_9204.jpg?fit=5504%2C8256&amp;ssl=1\" data-orig-size=\"5504,8256\" data-comments-opened=\"0\" data-image-meta=\"{&quot;aperture&quot;:&quot;0&quot;,&quot;credit&quot;:&quot;&quot;,&quot;camera&quot;:&quot;&quot;,&quot;caption&quot;:&quot;Na zdj.: Agnieszka \\u017bulewska, Fot. Jacek Kurnikowski\/AKPA&quot;,&quot;created_timestamp&quot;:&quot;0&quot;,&quot;copyright&quot;:&quot;AKPA&quot;,&quot;focal_length&quot;:&quot;0&quot;,&quot;iso&quot;:&quot;0&quot;,&quot;shutter_speed&quot;:&quot;0&quot;,&quot;title&quot;:&quot;Na zdj.: Agnieszka \\u017bulewska, Fot. Jacek Kurnikowski\/AKPA&quot;,&quot;orientation&quot;:&quot;1&quot;}\" data-image-title=\"Na zdj.: Agnieszka \u017bulewska, Fot. Jacek Kurnikowski\/AKPA\" data-image-description=\"\" data-image-caption=\"&lt;p&gt;Na zdj.: Agnieszka \u017bulewska, Fot. Jacek Kurnikowski\/AKPA&lt;\/p&gt;\n\" data-large-file=\"https:\/\/i0.wp.com\/blogaudioteka.wpcomstaging.com\/wp-content\/uploads\/akpa20251127_audioteka_jk_9204.jpg?fit=683%2C1024&amp;ssl=1\" data-id=\"11420\" src=\"https:\/\/i0.wp.com\/blogaudioteka.wpcomstaging.com\/wp-content\/uploads\/akpa20251127_audioteka_jk_9204.jpg?resize=683%2C1024&#038;ssl=1\" alt=\"\" class=\"wp-image-11420\" srcset=\"https:\/\/i0.wp.com\/blogaudioteka.wpcomstaging.com\/wp-content\/uploads\/akpa20251127_audioteka_jk_9204.jpg?resize=683%2C1024&amp;ssl=1 683w, https:\/\/i0.wp.com\/blogaudioteka.wpcomstaging.com\/wp-content\/uploads\/akpa20251127_audioteka_jk_9204.jpg?resize=200%2C300&amp;ssl=1 200w, https:\/\/i0.wp.com\/blogaudioteka.wpcomstaging.com\/wp-content\/uploads\/akpa20251127_audioteka_jk_9204.jpg?resize=768%2C1152&amp;ssl=1 768w, https:\/\/i0.wp.com\/blogaudioteka.wpcomstaging.com\/wp-content\/uploads\/akpa20251127_audioteka_jk_9204.jpg?resize=1024%2C1536&amp;ssl=1 1024w, https:\/\/i0.wp.com\/blogaudioteka.wpcomstaging.com\/wp-content\/uploads\/akpa20251127_audioteka_jk_9204.jpg?resize=1365%2C2048&amp;ssl=1 1365w, https:\/\/i0.wp.com\/blogaudioteka.wpcomstaging.com\/wp-content\/uploads\/akpa20251127_audioteka_jk_9204.jpg?resize=1200%2C1800&amp;ssl=1 1200w, https:\/\/i0.wp.com\/blogaudioteka.wpcomstaging.com\/wp-content\/uploads\/akpa20251127_audioteka_jk_9204.jpg?resize=512%2C768&amp;ssl=1 512w, https:\/\/i0.wp.com\/blogaudioteka.wpcomstaging.com\/wp-content\/uploads\/akpa20251127_audioteka_jk_9204.jpg?resize=920%2C1380&amp;ssl=1 920w, https:\/\/i0.wp.com\/blogaudioteka.wpcomstaging.com\/wp-content\/uploads\/akpa20251127_audioteka_jk_9204.jpg?resize=1600%2C2400&amp;ssl=1 1600w, https:\/\/i0.wp.com\/blogaudioteka.wpcomstaging.com\/wp-content\/uploads\/akpa20251127_audioteka_jk_9204.jpg?resize=3200%2C4800&amp;ssl=1 3200w, https:\/\/i0.wp.com\/blogaudioteka.wpcomstaging.com\/wp-content\/uploads\/akpa20251127_audioteka_jk_9204.jpg?resize=1920%2C2880&amp;ssl=1 1920w, https:\/\/i0.wp.com\/blogaudioteka.wpcomstaging.com\/wp-content\/uploads\/akpa20251127_audioteka_jk_9204.jpg?w=2400&amp;ssl=1 2400w, https:\/\/i0.wp.com\/blogaudioteka.wpcomstaging.com\/wp-content\/uploads\/akpa20251127_audioteka_jk_9204.jpg?w=3600&amp;ssl=1 3600w\" sizes=\"auto, (max-width: 683px) 100vw, 683px\" \/><figcaption class=\"wp-element-caption\">Na zdj.: Agnieszka \u017bulewska, Fot. Jacek Kurnikowski\/AKPA<\/figcaption><\/figure>\n\n\n\n<figure class=\"wp-block-image size-large\"><img data-recalc-dims=\"1\" loading=\"lazy\" decoding=\"async\" width=\"683\" height=\"1024\" data-attachment-id=\"11419\" data-permalink=\"https:\/\/blogaudioteka.wpcomstaging.com\/prezentujemy-zimowa-ramowke\/fot-jacek-kurnikowski-akpa-2\" data-orig-file=\"https:\/\/i0.wp.com\/blogaudioteka.wpcomstaging.com\/wp-content\/uploads\/akpa20251127_audioteka_jk_9226.jpg?fit=5258%2C7887&amp;ssl=1\" data-orig-size=\"5258,7887\" data-comments-opened=\"0\" data-image-meta=\"{&quot;aperture&quot;:&quot;0&quot;,&quot;credit&quot;:&quot;&quot;,&quot;camera&quot;:&quot;&quot;,&quot;caption&quot;:&quot;Fot. Jacek Kurnikowski\/AKPA&quot;,&quot;created_timestamp&quot;:&quot;0&quot;,&quot;copyright&quot;:&quot;AKPA&quot;,&quot;focal_length&quot;:&quot;0&quot;,&quot;iso&quot;:&quot;0&quot;,&quot;shutter_speed&quot;:&quot;0&quot;,&quot;title&quot;:&quot;Fot. Jacek Kurnikowski\/AKPA&quot;,&quot;orientation&quot;:&quot;1&quot;}\" data-image-title=\"Fot. Jacek Kurnikowski\/AKPA\" data-image-description=\"\" data-image-caption=\"&lt;p&gt;Fot. Jacek Kurnikowski\/AKPA&lt;\/p&gt;\n\" data-large-file=\"https:\/\/i0.wp.com\/blogaudioteka.wpcomstaging.com\/wp-content\/uploads\/akpa20251127_audioteka_jk_9226.jpg?fit=683%2C1024&amp;ssl=1\" data-id=\"11419\" src=\"https:\/\/i0.wp.com\/blogaudioteka.wpcomstaging.com\/wp-content\/uploads\/akpa20251127_audioteka_jk_9226.jpg?resize=683%2C1024&#038;ssl=1\" alt=\"\" class=\"wp-image-11419\" srcset=\"https:\/\/i0.wp.com\/blogaudioteka.wpcomstaging.com\/wp-content\/uploads\/akpa20251127_audioteka_jk_9226.jpg?resize=683%2C1024&amp;ssl=1 683w, https:\/\/i0.wp.com\/blogaudioteka.wpcomstaging.com\/wp-content\/uploads\/akpa20251127_audioteka_jk_9226.jpg?resize=200%2C300&amp;ssl=1 200w, https:\/\/i0.wp.com\/blogaudioteka.wpcomstaging.com\/wp-content\/uploads\/akpa20251127_audioteka_jk_9226.jpg?resize=768%2C1152&amp;ssl=1 768w, https:\/\/i0.wp.com\/blogaudioteka.wpcomstaging.com\/wp-content\/uploads\/akpa20251127_audioteka_jk_9226.jpg?resize=1024%2C1536&amp;ssl=1 1024w, https:\/\/i0.wp.com\/blogaudioteka.wpcomstaging.com\/wp-content\/uploads\/akpa20251127_audioteka_jk_9226.jpg?resize=1365%2C2048&amp;ssl=1 1365w, https:\/\/i0.wp.com\/blogaudioteka.wpcomstaging.com\/wp-content\/uploads\/akpa20251127_audioteka_jk_9226.jpg?resize=1200%2C1800&amp;ssl=1 1200w, https:\/\/i0.wp.com\/blogaudioteka.wpcomstaging.com\/wp-content\/uploads\/akpa20251127_audioteka_jk_9226.jpg?resize=512%2C768&amp;ssl=1 512w, https:\/\/i0.wp.com\/blogaudioteka.wpcomstaging.com\/wp-content\/uploads\/akpa20251127_audioteka_jk_9226.jpg?resize=920%2C1380&amp;ssl=1 920w, https:\/\/i0.wp.com\/blogaudioteka.wpcomstaging.com\/wp-content\/uploads\/akpa20251127_audioteka_jk_9226.jpg?resize=1600%2C2400&amp;ssl=1 1600w, https:\/\/i0.wp.com\/blogaudioteka.wpcomstaging.com\/wp-content\/uploads\/akpa20251127_audioteka_jk_9226.jpg?resize=3200%2C4800&amp;ssl=1 3200w, https:\/\/i0.wp.com\/blogaudioteka.wpcomstaging.com\/wp-content\/uploads\/akpa20251127_audioteka_jk_9226.jpg?resize=1920%2C2880&amp;ssl=1 1920w, https:\/\/i0.wp.com\/blogaudioteka.wpcomstaging.com\/wp-content\/uploads\/akpa20251127_audioteka_jk_9226.jpg?w=2400&amp;ssl=1 2400w, https:\/\/i0.wp.com\/blogaudioteka.wpcomstaging.com\/wp-content\/uploads\/akpa20251127_audioteka_jk_9226.jpg?w=3600&amp;ssl=1 3600w\" sizes=\"auto, (max-width: 683px) 100vw, 683px\" \/><figcaption class=\"wp-element-caption\">Fot. Jacek Kurnikowski\/AKPA<\/figcaption><\/figure>\n\n\n\n<figure class=\"wp-block-image size-large\"><img data-recalc-dims=\"1\" loading=\"lazy\" decoding=\"async\" width=\"1024\" height=\"683\" data-attachment-id=\"11418\" data-permalink=\"https:\/\/blogaudioteka.wpcomstaging.com\/prezentujemy-zimowa-ramowke\/na-zdj-agnieszka-zulewska-fot-jacek-kurnikowski-akpa\" data-orig-file=\"https:\/\/i0.wp.com\/blogaudioteka.wpcomstaging.com\/wp-content\/uploads\/akpa20251127_audioteka_jk_9110-1.jpg?fit=8256%2C5504&amp;ssl=1\" data-orig-size=\"8256,5504\" data-comments-opened=\"0\" data-image-meta=\"{&quot;aperture&quot;:&quot;4&quot;,&quot;credit&quot;:&quot;&quot;,&quot;camera&quot;:&quot;NIKON Z 9&quot;,&quot;caption&quot;:&quot;Na zdj.: Agnieszka \\u017bulewska, Fot. Jacek Kurnikowski\/AKPA&quot;,&quot;created_timestamp&quot;:&quot;1764242425&quot;,&quot;copyright&quot;:&quot;AKPA&quot;,&quot;focal_length&quot;:&quot;41&quot;,&quot;iso&quot;:&quot;1000&quot;,&quot;shutter_speed&quot;:&quot;0.005&quot;,&quot;title&quot;:&quot;Na zdj.: Agnieszka \\u017bulewska, Fot. Jacek Kurnikowski\/AKPA&quot;,&quot;orientation&quot;:&quot;1&quot;}\" data-image-title=\"Na zdj.: Agnieszka \u017bulewska, Fot. Jacek Kurnikowski\/AKPA\" data-image-description=\"\" data-image-caption=\"&lt;p&gt;Na zdj.: Agnieszka \u017bulewska, Fot. Jacek Kurnikowski\/AKPA&lt;\/p&gt;\n\" data-large-file=\"https:\/\/i0.wp.com\/blogaudioteka.wpcomstaging.com\/wp-content\/uploads\/akpa20251127_audioteka_jk_9110-1.jpg?fit=1024%2C683&amp;ssl=1\" data-id=\"11418\" src=\"https:\/\/i0.wp.com\/blogaudioteka.wpcomstaging.com\/wp-content\/uploads\/akpa20251127_audioteka_jk_9110-1.jpg?resize=1024%2C683&#038;ssl=1\" alt=\"\" class=\"wp-image-11418\" srcset=\"https:\/\/i0.wp.com\/blogaudioteka.wpcomstaging.com\/wp-content\/uploads\/akpa20251127_audioteka_jk_9110-1.jpg?resize=1024%2C683&amp;ssl=1 1024w, https:\/\/i0.wp.com\/blogaudioteka.wpcomstaging.com\/wp-content\/uploads\/akpa20251127_audioteka_jk_9110-1.jpg?resize=300%2C200&amp;ssl=1 300w, https:\/\/i0.wp.com\/blogaudioteka.wpcomstaging.com\/wp-content\/uploads\/akpa20251127_audioteka_jk_9110-1.jpg?resize=768%2C512&amp;ssl=1 768w, https:\/\/i0.wp.com\/blogaudioteka.wpcomstaging.com\/wp-content\/uploads\/akpa20251127_audioteka_jk_9110-1.jpg?resize=1536%2C1024&amp;ssl=1 1536w, https:\/\/i0.wp.com\/blogaudioteka.wpcomstaging.com\/wp-content\/uploads\/akpa20251127_audioteka_jk_9110-1.jpg?resize=2048%2C1365&amp;ssl=1 2048w, https:\/\/i0.wp.com\/blogaudioteka.wpcomstaging.com\/wp-content\/uploads\/akpa20251127_audioteka_jk_9110-1.jpg?resize=1200%2C800&amp;ssl=1 1200w, https:\/\/i0.wp.com\/blogaudioteka.wpcomstaging.com\/wp-content\/uploads\/akpa20251127_audioteka_jk_9110-1.jpg?resize=512%2C341&amp;ssl=1 512w, https:\/\/i0.wp.com\/blogaudioteka.wpcomstaging.com\/wp-content\/uploads\/akpa20251127_audioteka_jk_9110-1.jpg?resize=920%2C613&amp;ssl=1 920w, https:\/\/i0.wp.com\/blogaudioteka.wpcomstaging.com\/wp-content\/uploads\/akpa20251127_audioteka_jk_9110-1.jpg?resize=1600%2C1067&amp;ssl=1 1600w, https:\/\/i0.wp.com\/blogaudioteka.wpcomstaging.com\/wp-content\/uploads\/akpa20251127_audioteka_jk_9110-1.jpg?resize=3200%2C2133&amp;ssl=1 3200w, https:\/\/i0.wp.com\/blogaudioteka.wpcomstaging.com\/wp-content\/uploads\/akpa20251127_audioteka_jk_9110-1.jpg?resize=1920%2C1280&amp;ssl=1 1920w, https:\/\/i0.wp.com\/blogaudioteka.wpcomstaging.com\/wp-content\/uploads\/akpa20251127_audioteka_jk_9110-1.jpg?w=2400&amp;ssl=1 2400w, https:\/\/i0.wp.com\/blogaudioteka.wpcomstaging.com\/wp-content\/uploads\/akpa20251127_audioteka_jk_9110-1.jpg?w=3600&amp;ssl=1 3600w\" sizes=\"auto, (max-width: 1024px) 100vw, 1024px\" \/><figcaption class=\"wp-element-caption\">Na zdj.: Agnieszka \u017bulewska, Fot. Jacek Kurnikowski\/AKPA<\/figcaption><\/figure>\n<\/figure>\n","protected":false},"excerpt":{"rendered":"27 listopada w&nbsp;Kinogramie w&nbsp;Fabryce Norblina, przedstawili\u015bmy najwa\u017cniejsze premiery naszego sezonu zimowego oraz nowy projekt &#8211; pierwszy w&nbsp;historii naszej&hellip;","protected":false},"author":264736294,"featured_media":11416,"comment_status":"closed","ping_status":"closed","sticky":false,"template":"","format":"standard","meta":{"_crdt_document":"","csco_display_header_overlay":false,"csco_singular_sidebar":"","csco_page_header_type":"","_jetpack_memberships_contains_paid_content":false,"footnotes":""},"categories":[14931,14937],"tags":[],"class_list":{"0":"post-11410","1":"post","2":"type-post","3":"status-publish","4":"format-standard","5":"has-post-thumbnail","7":"category-aktualnosci","8":"category-notki-prasowe","9":"cs-entry"},"jetpack_featured_media_url":"https:\/\/i0.wp.com\/blogaudioteka.wpcomstaging.com\/wp-content\/uploads\/akpa20251127_audioteka_jk_9423.jpg?fit=8022%2C5348&ssl=1","jetpack_sharing_enabled":true,"_links":{"self":[{"href":"https:\/\/blogaudioteka.wpcomstaging.com\/wp-json\/wp\/v2\/posts\/11410","targetHints":{"allow":["GET"]}}],"collection":[{"href":"https:\/\/blogaudioteka.wpcomstaging.com\/wp-json\/wp\/v2\/posts"}],"about":[{"href":"https:\/\/blogaudioteka.wpcomstaging.com\/wp-json\/wp\/v2\/types\/post"}],"author":[{"embeddable":true,"href":"https:\/\/blogaudioteka.wpcomstaging.com\/wp-json\/wp\/v2\/users\/264736294"}],"replies":[{"embeddable":true,"href":"https:\/\/blogaudioteka.wpcomstaging.com\/wp-json\/wp\/v2\/comments?post=11410"}],"version-history":[{"count":8,"href":"https:\/\/blogaudioteka.wpcomstaging.com\/wp-json\/wp\/v2\/posts\/11410\/revisions"}],"predecessor-version":[{"id":11786,"href":"https:\/\/blogaudioteka.wpcomstaging.com\/wp-json\/wp\/v2\/posts\/11410\/revisions\/11786"}],"wp:featuredmedia":[{"embeddable":true,"href":"https:\/\/blogaudioteka.wpcomstaging.com\/wp-json\/wp\/v2\/media\/11416"}],"wp:attachment":[{"href":"https:\/\/blogaudioteka.wpcomstaging.com\/wp-json\/wp\/v2\/media?parent=11410"}],"wp:term":[{"taxonomy":"category","embeddable":true,"href":"https:\/\/blogaudioteka.wpcomstaging.com\/wp-json\/wp\/v2\/categories?post=11410"},{"taxonomy":"post_tag","embeddable":true,"href":"https:\/\/blogaudioteka.wpcomstaging.com\/wp-json\/wp\/v2\/tags?post=11410"}],"curies":[{"name":"wp","href":"https:\/\/api.w.org\/{rel}","templated":true}]}}