{"id":10250,"date":"2025-10-28T08:43:00","date_gmt":"2025-10-28T07:43:00","guid":{"rendered":"https:\/\/blogaudioteka.wpcomstaging.com\/?p=10250"},"modified":"2025-10-27T18:30:32","modified_gmt":"2025-10-27T17:30:32","slug":"swiatloczulosc-i-kontury-czy-za-bestsellerami-jakuba-jarno-stoi-remigiusz-mroz-literackie-sledztwo-z-przymruzeniem-oka","status":"publish","type":"post","link":"https:\/\/blogaudioteka.wpcomstaging.com\/swiatloczulosc-i-kontury-czy-za-bestsellerami-jakuba-jarno-stoi-remigiusz-mroz-literackie-sledztwo-z-przymruzeniem-oka","title":{"rendered":"\u201e\u015awiat\u0142oczu\u0142o\u015b\u0107\u201d i \u201eKontury\u201d: czy za bestsellerami Jakuba Jarno stoi Remigiusz Mr\u00f3z? Literackie \u015bledztwo z przymru\u017ceniem oka!"},"content":{"rendered":"\n<p class=\"has-text-align-justify wp-block-paragraph\"><strong>\u015awiat literatury dr\u017cy w&nbsp;posadach, a&nbsp;czytelnicy stawiaj\u0105 zak\u0142ady: czy autor fenomenalnych \u201e\u015awiat\u0142oczu\u0142o\u015bci\u201d i&nbsp;\u201eKontur\u201d, Jakub Jarno, to aby na pewno Jakub Jarno? A&nbsp;mo\u017ce pod tym pseudonimem skrywa si\u0119 najbardziej p\u0142odny pisarz ostatnich lat, sam Remigiusz Mr\u00f3z? Wyruszamy w&nbsp;literackie \u015bledztwo, by z&nbsp;przymru\u017ceniem oka rozszyfrowa\u0107 t\u0119 zagadk\u0119, kt\u00f3ra rozpali\u0142a Wydawnictwo Literackie i&nbsp;ca\u0142\u0105 Polsk\u0119! Przy okazji zapowiadamy premier\u0119 &#8222;Kontur&#8221; w&nbsp;Audiotece.<\/strong><\/p>\n\n\n\n<div id=\"ez-toc-container\" class=\"ez-toc-v2_0_82_2 counter-hierarchy ez-toc-counter ez-toc-grey ez-toc-container-direction\">\n<div class=\"ez-toc-title-container\"><span class=\"ez-toc-title\" style=\"cursor:inherit\">Spis tre\u015bci<\/span>\n<\/div><nav><ul class='ez-toc-list ez-toc-list-level-1 ' ><li class='ez-toc-page-1 ez-toc-heading-level-2'><a class=\"ez-toc-link ez-toc-heading-1\" href=\"https:\/\/blogaudioteka.wpcomstaging.com\/swiatloczulosc-i-kontury-czy-za-bestsellerami-jakuba-jarno-stoi-remigiusz-mroz-literackie-sledztwo-z-przymruzeniem-oka\/#Literacki_debiut_czy_mistyfikacja_Fenomen_Jakuba_Jarno_pod_lupa\" >Literacki debiut czy mistyfikacja?\u00a0Fenomen Jakuba Jarno pod lup\u0105<\/a><ul class='ez-toc-list-level-3' ><li class='ez-toc-heading-level-3'><a class=\"ez-toc-link ez-toc-heading-2\" href=\"https:\/\/blogaudioteka.wpcomstaging.com\/swiatloczulosc-i-kontury-czy-za-bestsellerami-jakuba-jarno-stoi-remigiusz-mroz-literackie-sledztwo-z-przymruzeniem-oka\/#Zagadka_ktora_spedza_sen_z_powiek_Kim_jest_tajemniczy_Jakub_Jarno\" >Zagadka, kt\u00f3ra sp\u0119dza sen z&nbsp;powiek. Kim jest tajemniczy Jakub Jarno?<\/a><\/li><\/ul><\/li><li class='ez-toc-page-1 ez-toc-heading-level-2'><a class=\"ez-toc-link ez-toc-heading-3\" href=\"https:\/\/blogaudioteka.wpcomstaging.com\/swiatloczulosc-i-kontury-czy-za-bestsellerami-jakuba-jarno-stoi-remigiusz-mroz-literackie-sledztwo-z-przymruzeniem-oka\/#Czy_Remigiusz_Mroz_znow_to_zrobil\" >Czy Remigiusz Mr\u00f3z zn\u00f3w to zrobi\u0142?<\/a><ul class='ez-toc-list-level-3' ><li class='ez-toc-heading-level-3'><a class=\"ez-toc-link ez-toc-heading-4\" href=\"https:\/\/blogaudioteka.wpcomstaging.com\/swiatloczulosc-i-kontury-czy-za-bestsellerami-jakuba-jarno-stoi-remigiusz-mroz-literackie-sledztwo-z-przymruzeniem-oka\/#%E2%80%9EKontury%E2%80%9D_%E2%80%93_bestseller_zanim_trafil_na_polki\" >&#8222;Kontury&#8221; \u2013 bestseller, zanim trafi\u0142 na p\u00f3\u0142ki!<\/a><\/li><\/ul><\/li><li class='ez-toc-page-1 ez-toc-heading-level-2'><a class=\"ez-toc-link ez-toc-heading-5\" href=\"https:\/\/blogaudioteka.wpcomstaging.com\/swiatloczulosc-i-kontury-czy-za-bestsellerami-jakuba-jarno-stoi-remigiusz-mroz-literackie-sledztwo-z-przymruzeniem-oka\/#Nie_przegap_premiery_%E2%80%9EKontury%E2%80%9D_audiobook_w_Audiotece\" >Nie przegap premiery &#8222;Kontury&#8221; audiobook w Audiotece!<\/a><ul class='ez-toc-list-level-3' ><li class='ez-toc-heading-level-3'><a class=\"ez-toc-link ez-toc-heading-6\" href=\"https:\/\/blogaudioteka.wpcomstaging.com\/swiatloczulosc-i-kontury-czy-za-bestsellerami-jakuba-jarno-stoi-remigiusz-mroz-literackie-sledztwo-z-przymruzeniem-oka\/#Opowiesc_ktora_poruszy_do_glebi\" >Opowie\u015b\u0107, kt\u00f3ra poruszy do g\u0142\u0119bi<\/a><\/li><li class='ez-toc-page-1 ez-toc-heading-level-3'><a class=\"ez-toc-link ez-toc-heading-7\" href=\"https:\/\/blogaudioteka.wpcomstaging.com\/swiatloczulosc-i-kontury-czy-za-bestsellerami-jakuba-jarno-stoi-remigiusz-mroz-literackie-sledztwo-z-przymruzeniem-oka\/#Moga_Cie_zainteresowac\" >Mog\u0105 Ci\u0119 zainteresowa\u0107:<\/a><\/li><\/ul><\/li><\/ul><\/nav><\/div>\n<h2 class=\"wp-block-heading\"><span class=\"ez-toc-section\" id=\"Literacki_debiut_czy_mistyfikacja_Fenomen_Jakuba_Jarno_pod_lupa\"><\/span>Literacki debiut czy mistyfikacja?\u00a0Fenomen Jakuba Jarno pod lup\u0105<span class=\"ez-toc-section-end\"><\/span><\/h2>\n\n\n\n<p class=\"has-text-align-justify wp-block-paragraph\">Rok temu na literackiej scenie pojawi\u0142 si\u0119<strong>\u00a0<a href=\"https:\/\/audioteka.com\/pl\/autor\/jakub-jarno\/\" target=\"_blank\" rel=\"noopener\">Jakub Jarno<\/a>\u00a0z&nbsp;debiutanck\u0105 powie\u015bci\u0105 &#8222;\u015awiat\u0142oczu\u0142o\u015b\u0107&#8221;. Autor od razu zelektryzowa\u0142 czytelnik\u00f3w, ale nie tylko tre\u015bci\u0105 swojej ksi\u0105\u017cki, lecz tak\u017ce\u2026 w\u0142asn\u0105 nieobecno\u015bci\u0105. <\/strong>\u017badnej biografii, \u017cadnych zdj\u0119\u0107, \u017cadnych wywiad\u00f3w. Jarno mieszka na wsi i, jak sam twierdzi, &#8222;ksi\u0105\u017cki b\u0119d\u0105 za niego m\u00f3wi\u0107&#8221;. Postawa godna podziwu w&nbsp;erze nieustannej autopromocji, prawda? Tym bardziej, \u017ce <a href=\"https:\/\/audioteka.com\/pl\/audiobook\/swiatloczulosc\/\" target=\"_blank\" rel=\"noopener\">&#8222;\u015awiat\u0142oczu\u0142o\u015b\u0107&#8221;<\/a> zosta\u0142a przyj\u0119ta z&nbsp;entuzjazmem, zbieraj\u0105c oceny od czytelnik\u00f3w z&nbsp;Audioteki i&nbsp;innych platform, kt\u00f3rzy rozp\u0142ywali si\u0119 nad pi\u0119knem j\u0119zyka i&nbsp;poruszaj\u0105c\u0105 fabu\u0142\u0105. <\/p>\n\n\n<div class=\"wp-block-image\">\n<figure class=\"aligncenter size-full\"><img loading=\"lazy\" decoding=\"async\" width=\"300\" height=\"300\" data-attachment-id=\"10267\" data-permalink=\"https:\/\/blogaudioteka.wpcomstaging.com\/swiatloczulosc-i-kontury-czy-za-bestsellerami-jakuba-jarno-stoi-remigiusz-mroz-literackie-sledztwo-z-przymruzeniem-oka\/swiatloczulosc-original\" data-orig-file=\"https:\/\/blogaudioteka.wpcomstaging.com\/wp-content\/uploads\/swiatloczulosc-original.avif\" data-orig-size=\"300,300\" data-comments-opened=\"0\" data-image-meta=\"{&quot;aperture&quot;:&quot;0&quot;,&quot;credit&quot;:&quot;&quot;,&quot;camera&quot;:&quot;&quot;,&quot;caption&quot;:&quot;&quot;,&quot;created_timestamp&quot;:&quot;0&quot;,&quot;copyright&quot;:&quot;&quot;,&quot;focal_length&quot;:&quot;0&quot;,&quot;iso&quot;:&quot;0&quot;,&quot;shutter_speed&quot;:&quot;0&quot;,&quot;title&quot;:&quot;&quot;,&quot;orientation&quot;:&quot;0&quot;}\" data-image-title=\"swiatloczulosc-original\" data-image-description=\"\" data-image-caption=\"\" data-large-file=\"https:\/\/blogaudioteka.wpcomstaging.com\/wp-content\/uploads\/swiatloczulosc-original.avif\" src=\"https:\/\/blogaudioteka.wpcomstaging.com\/wp-content\/uploads\/swiatloczulosc-original.avif\" alt=\"\" class=\"wp-image-10267\" srcset=\"https:\/\/blogaudioteka.wpcomstaging.com\/wp-content\/uploads\/swiatloczulosc-original.avif 300w, https:\/\/blogaudioteka.wpcomstaging.com\/wp-content\/uploads\/swiatloczulosc-original-150x150.avif 150w, https:\/\/blogaudioteka.wpcomstaging.com\/wp-content\/uploads\/swiatloczulosc-original-200x200.avif 200w, https:\/\/blogaudioteka.wpcomstaging.com\/wp-content\/uploads\/swiatloczulosc-original-148x148.avif 148w, https:\/\/blogaudioteka.wpcomstaging.com\/wp-content\/uploads\/swiatloczulosc-original-296x296.avif 296w\" sizes=\"auto, (max-width: 300px) 100vw, 300px\" \/><\/figure>\n<\/div>\n\n\n<p class=\"has-text-align-justify wp-block-paragraph\">S\u0142uchaczy zachwyci\u0142 gwiazdorski duet: Krzysztof Goszty\u0142a, <a href=\"https:\/\/audioteka.com\/pl\/lektor\/karolina-gruszka\/\" target=\"_blank\" rel=\"noopener\">Karolina Gruszka<\/a> i&nbsp;<a href=\"https:\/\/audioteka.com\/pl\/lektor\/antoni-pawlicki\/\" target=\"_blank\" rel=\"noopener\">Antoni Pawlicki<\/a>.<strong> A&nbsp;skoro o&nbsp;Gosztyle mowa \u2013 to przecie\u017c g\u0142os doskonale znany fanom krymina\u0142\u00f3w Mroza! <\/strong>Wielu s\u0142uchaczy nie omieszka\u0142o tego skomentowa\u0107 w&nbsp;swoich recenzjach:<\/p>\n\n\n\n<ul class=\"wp-block-list\">\n<li><em>&#8222;Je\u015bli Pan Autor (kt\u00f3ry nie jest R.M.;)) b\u0119dzie wydawa\u0142 wi\u0119cej takich powie\u015bci, to za par\u0119 lat mamy pewniaka do literackiego Nobla.&#8221; <\/em><\/li>\n\n\n\n<li><em>&#8222;Nie wierz\u0119, \u017ce to debiut, nie mo\u017cna by\u0107 tak zdolnym! (&#8230;) Znam tylko jednego autora, kt\u00f3ry potrafi tak pisa\u0107. J. M?&#8221;<\/em><\/li>\n\n\n\n<li><em>&#8222;Fenomenalna ksi\u0105\u017cka. Mam nadziej\u0119, \u017ce autorstwa p. Remigiusza Mroza, ukrytego pod pseudonimem Jakuba Jarno&#8221; <\/em><\/li>\n<\/ul>\n\n\n\n<div class=\"wp-block-group is-style-cs-promo\"><div class=\"wp-block-group__inner-container is-layout-constrained wp-block-group-is-layout-constrained\">\n<p class=\"wp-block-paragraph\">\ud83d\udc49<a href=\"https:\/\/audioteka.com\/pl\/blog\/przedstawiamy-kolejnosc-ksiazek-mroza-o-sewerynie-zaorskim-i-nie-tylko\" target=\"_blank\" rel=\"noopener\">Przedstawiamy kolejno\u015b\u0107 ksi\u0105\u017cek Mroza o&nbsp;Sewerynie Zaorskim, i&nbsp;nie tylko<\/a><\/p>\n<\/div><\/div>\n\n\n\n<h3 class=\"wp-block-heading\"><span class=\"ez-toc-section\" id=\"Zagadka_ktora_spedza_sen_z_powiek_Kim_jest_tajemniczy_Jakub_Jarno\"><\/span>Zagadka, kt\u00f3ra sp\u0119dza sen z&nbsp;powiek. Kim jest tajemniczy Jakub Jarno?<span class=\"ez-toc-section-end\"><\/span><\/h3>\n\n\n\n<p class=\"has-text-align-justify wp-block-paragraph\">W\u0142a\u015bnie ten brak transparentno\u015bci rozpala wyobra\u017ani\u0119. Jarno nie udziela wywiad\u00f3w, nie pojawia si\u0119 na spotkaniach autorskich, a&nbsp;jego biografia jest tak szczup\u0142a, \u017ce budzi podejrzenia nawet u&nbsp;najmniej sk\u0142onnych do spisk\u00f3w. Nic dziwnego, \u017ce natychmiast pojawi\u0142o si\u0119 pytanie:<strong> czy to nowy literacki geniusz, czy mo\u017ce doskonale zaplanowany zabieg marketingowy, a&nbsp;za Jakubem Jarno kryje si\u0119 kto\u015b, kogo ju\u017c znamy?<\/strong><\/p>\n\n\n\n<p class=\"wp-block-paragraph\">Czy <a href=\"https:\/\/audioteka.com\/pl\/wydawca\/wydawnictwo-literackie\/\" target=\"_blank\" rel=\"noopener\">Wydawnictwo Literackie<\/a> sprytnie podgrzewa atmosfer\u0119, czy faktycznie chroni to\u017csamo\u015b\u0107 niezwykle utalentowanego, ale wyj\u0105tkowo skrytego pisarza? Mg\u0142a tajemnicy g\u0119stnieje, a&nbsp;my, uzbrojeni w&nbsp;lupa i&nbsp;kapelusz detektywa, jeste\u015bmy gotowi j\u0105 rozwia\u0107.<\/p>\n\n\n\n<figure class=\"wp-block-image size-full\"><a href=\"https:\/\/klub.audioteka.com\/\" target=\"_blank\" rel=\"noopener\"><img data-recalc-dims=\"1\" loading=\"lazy\" decoding=\"async\" width=\"768\" height=\"216\" data-attachment-id=\"9442\" data-permalink=\"https:\/\/blogaudioteka.wpcomstaging.com\/10-cytatow-z-dumy-i-uprzedzenia-ktore-rozbrzmiewaja-do-dzis\/znakomite_polskie_glosy_blog_banner-1\" data-orig-file=\"https:\/\/i0.wp.com\/blogaudioteka.wpcomstaging.com\/wp-content\/uploads\/znakomite_polskie_glosy_blog_banner-1.png?fit=768%2C216&amp;ssl=1\" data-orig-size=\"768,216\" data-comments-opened=\"0\" data-image-meta=\"{&quot;aperture&quot;:&quot;0&quot;,&quot;credit&quot;:&quot;&quot;,&quot;camera&quot;:&quot;&quot;,&quot;caption&quot;:&quot;&quot;,&quot;created_timestamp&quot;:&quot;0&quot;,&quot;copyright&quot;:&quot;&quot;,&quot;focal_length&quot;:&quot;0&quot;,&quot;iso&quot;:&quot;0&quot;,&quot;shutter_speed&quot;:&quot;0&quot;,&quot;title&quot;:&quot;&quot;,&quot;orientation&quot;:&quot;0&quot;}\" data-image-title=\"znakomite_polskie_glosy_blog_banner (1)\" data-image-description=\"\" data-image-caption=\"\" data-large-file=\"https:\/\/i0.wp.com\/blogaudioteka.wpcomstaging.com\/wp-content\/uploads\/znakomite_polskie_glosy_blog_banner-1.png?fit=768%2C216&amp;ssl=1\" src=\"https:\/\/i0.wp.com\/blogaudioteka.wpcomstaging.com\/wp-content\/uploads\/znakomite_polskie_glosy_blog_banner-1.png?resize=768%2C216&#038;ssl=1\" alt=\"\" class=\"wp-image-9442\" srcset=\"https:\/\/i0.wp.com\/blogaudioteka.wpcomstaging.com\/wp-content\/uploads\/znakomite_polskie_glosy_blog_banner-1.png?w=768&amp;ssl=1 768w, https:\/\/i0.wp.com\/blogaudioteka.wpcomstaging.com\/wp-content\/uploads\/znakomite_polskie_glosy_blog_banner-1.png?resize=300%2C84&amp;ssl=1 300w, https:\/\/i0.wp.com\/blogaudioteka.wpcomstaging.com\/wp-content\/uploads\/znakomite_polskie_glosy_blog_banner-1.png?resize=512%2C144&amp;ssl=1 512w\" sizes=\"auto, (max-width: 768px) 100vw, 768px\" \/><\/a><\/figure>\n\n\n\n<h2 class=\"wp-block-heading\"><span class=\"ez-toc-section\" id=\"Czy_Remigiusz_Mroz_znow_to_zrobil\"><\/span>Czy Remigiusz Mr\u00f3z zn\u00f3w to zrobi\u0142?<span class=\"ez-toc-section-end\"><\/span><\/h2>\n\n\n\n<p class=\"has-text-align-justify wp-block-paragraph\">Ju\u017c po debiucie &#8222;\u015awiat\u0142oczu\u0142o\u015bci&#8221; internet hucza\u0142 od plotek.<strong> Czy\u00a0Jakub Jarno\u00a0to przypadkiem nie nowy pseudonim\u00a0Remigiusza Mroza? Nie zapominajmy, \u017ce Remigiusz Mr\u00f3z to mistrz kamufla\u017cu. Ju\u017c wcze\u015bniej pisa\u0142 pod pseudonimami, cho\u0107by jako <a href=\"https:\/\/audioteka.com\/pl\/autor\/remigiusz-mroz-pod-pseud-ove-logmansbo\/\" target=\"_blank\" rel=\"noopener\">Ove L\u00f8gmansb\u00f8<\/a>. <\/strong>To pokazuje, \u017ce ma do\u015bwiadczenie w&nbsp;tworzeniu alternatywnych to\u017csamo\u015bci literackich, nie tylko dla zabawy, ale i&nbsp;dla eksplorowania nowych gatunk\u00f3w czy strategii marketingowych. Sam Mr\u00f3z przyzna\u0142 wtedy, \u017ce chcia\u0142 si\u0119 sprawdzi\u0107 jako debiutant, podobnie jak <a href=\"https:\/\/audioteka.com\/pl\/autor\/j-k-rowling\/\" target=\"_blank\" rel=\"noopener\">J.K. Rowling<\/a> (jako <a href=\"https:\/\/audioteka.com\/pl\/autor\/robert-galbraith\/\" target=\"_blank\" rel=\"noopener\">Robert Galbraith<\/a>) czy <a href=\"https:\/\/audioteka.com\/pl\/autor\/stephen-king\/\" target=\"_blank\" rel=\"noopener\">Stephen King<\/a> (jako Richard Bachman). Czy wi\u0119c Jakub Jarno to tylko kolejny literacki awatar, stworzony do eksplorowania nowych gatunk\u00f3w lub po prostu dla czystej zabawy z&nbsp;czytelnikami?<\/p>\n\n\n\n<figure class=\"wp-block-gallery has-nested-images columns-default is-cropped wp-block-gallery-6 is-layout-flex wp-block-gallery-is-layout-flex\">\n<figure class=\"wp-block-image size-large\"><a href=\"https:\/\/audioteka.com\/pl\/audiobook\/prom\/\" target=\"_blank\" rel=\"noopener\"><img loading=\"lazy\" decoding=\"async\" width=\"360\" height=\"360\" data-attachment-id=\"10264\" data-permalink=\"https:\/\/blogaudioteka.wpcomstaging.com\/swiatloczulosc-i-kontury-czy-za-bestsellerami-jakuba-jarno-stoi-remigiusz-mroz-literackie-sledztwo-z-przymruzeniem-oka\/prom-original\" data-orig-file=\"https:\/\/blogaudioteka.wpcomstaging.com\/wp-content\/uploads\/prom-original.avif\" data-orig-size=\"360,360\" data-comments-opened=\"0\" data-image-meta=\"{&quot;aperture&quot;:&quot;0&quot;,&quot;credit&quot;:&quot;&quot;,&quot;camera&quot;:&quot;&quot;,&quot;caption&quot;:&quot;&quot;,&quot;created_timestamp&quot;:&quot;0&quot;,&quot;copyright&quot;:&quot;&quot;,&quot;focal_length&quot;:&quot;0&quot;,&quot;iso&quot;:&quot;0&quot;,&quot;shutter_speed&quot;:&quot;0&quot;,&quot;title&quot;:&quot;&quot;,&quot;orientation&quot;:&quot;0&quot;}\" data-image-title=\"prom-original\" data-image-description=\"\" data-image-caption=\"\" data-large-file=\"https:\/\/blogaudioteka.wpcomstaging.com\/wp-content\/uploads\/prom-original.avif\" data-id=\"10264\" src=\"https:\/\/blogaudioteka.wpcomstaging.com\/wp-content\/uploads\/prom-original.avif\" alt=\"\" class=\"wp-image-10264\" srcset=\"https:\/\/blogaudioteka.wpcomstaging.com\/wp-content\/uploads\/prom-original.avif 360w, https:\/\/blogaudioteka.wpcomstaging.com\/wp-content\/uploads\/prom-original-300x300.avif 300w, https:\/\/blogaudioteka.wpcomstaging.com\/wp-content\/uploads\/prom-original-150x150.avif 150w, https:\/\/blogaudioteka.wpcomstaging.com\/wp-content\/uploads\/prom-original-148x148.avif 148w, https:\/\/blogaudioteka.wpcomstaging.com\/wp-content\/uploads\/prom-original-296x296.avif 296w\" sizes=\"auto, (max-width: 360px) 100vw, 360px\" \/><\/a><\/figure>\n\n\n\n<figure class=\"wp-block-image size-large\"><a href=\"https:\/\/audioteka.com\/pl\/audiobook\/polow\/\" target=\"_blank\" rel=\"noopener\"><img loading=\"lazy\" decoding=\"async\" width=\"360\" height=\"360\" data-attachment-id=\"10265\" data-permalink=\"https:\/\/blogaudioteka.wpcomstaging.com\/swiatloczulosc-i-kontury-czy-za-bestsellerami-jakuba-jarno-stoi-remigiusz-mroz-literackie-sledztwo-z-przymruzeniem-oka\/polow-original\" data-orig-file=\"https:\/\/blogaudioteka.wpcomstaging.com\/wp-content\/uploads\/polow-original.avif\" data-orig-size=\"360,360\" data-comments-opened=\"0\" data-image-meta=\"{&quot;aperture&quot;:&quot;0&quot;,&quot;credit&quot;:&quot;&quot;,&quot;camera&quot;:&quot;&quot;,&quot;caption&quot;:&quot;&quot;,&quot;created_timestamp&quot;:&quot;0&quot;,&quot;copyright&quot;:&quot;&quot;,&quot;focal_length&quot;:&quot;0&quot;,&quot;iso&quot;:&quot;0&quot;,&quot;shutter_speed&quot;:&quot;0&quot;,&quot;title&quot;:&quot;&quot;,&quot;orientation&quot;:&quot;0&quot;}\" data-image-title=\"polow-original\" data-image-description=\"\" data-image-caption=\"\" data-large-file=\"https:\/\/blogaudioteka.wpcomstaging.com\/wp-content\/uploads\/polow-original.avif\" data-id=\"10265\" src=\"https:\/\/blogaudioteka.wpcomstaging.com\/wp-content\/uploads\/polow-original.avif\" alt=\"\" class=\"wp-image-10265\" srcset=\"https:\/\/blogaudioteka.wpcomstaging.com\/wp-content\/uploads\/polow-original.avif 360w, https:\/\/blogaudioteka.wpcomstaging.com\/wp-content\/uploads\/polow-original-300x300.avif 300w, https:\/\/blogaudioteka.wpcomstaging.com\/wp-content\/uploads\/polow-original-150x150.avif 150w, https:\/\/blogaudioteka.wpcomstaging.com\/wp-content\/uploads\/polow-original-148x148.avif 148w, https:\/\/blogaudioteka.wpcomstaging.com\/wp-content\/uploads\/polow-original-296x296.avif 296w\" sizes=\"auto, (max-width: 360px) 100vw, 360px\" \/><\/a><\/figure>\n<\/figure>\n\n\n\n<p class=\"has-text-align-justify wp-block-paragraph\">Jego zdolno\u015b\u0107 do utrzymywania w&nbsp;tajemnicy prawdziwej to\u017csamo\u015bci w&nbsp;przesz\u0142o\u015bci jest silnym argumentem dla tych, kt\u00f3rzy obstawiaj\u0105, \u017ce za Jakubem Jarno stoi w\u0142a\u015bnie Mr\u00f3z. To jak rozpoznawa\u0107 po\u017car po dymie \u2013 nawet je\u015bli nie widzimy p\u0142omieni, wiemy, \u017ce co\u015b si\u0119 pali, a&nbsp;w tym przypadku, \u017ce kto\u015b pisze. <\/p>\n\n\n\n<p class=\"has-text-align-justify wp-block-paragraph\">Teraz, w&nbsp;przypadku Jarno, <strong>Mr\u00f3z nie potwierdza ani nie zaprzecza. Ale co robi? Aktywnie promuje kolejne dzie\u0142o Jakuba Jarno!<\/strong><\/p>\n\n\n\n<div class=\"wp-block-group is-style-cs-promo\"><div class=\"wp-block-group__inner-container is-layout-constrained wp-block-group-is-layout-constrained\">\n<p class=\"wp-block-paragraph\">\ud83d\udc49<a href=\"https:\/\/audioteka.com\/pl\/blog\/pieklo-jest-puste-ale-fani-w-siodmym-niebie-nowa-seria-remigiusza-mroza-juz-w-audiotece\" target=\"_blank\" rel=\"noopener\">\u201ePiek\u0142o jest puste\u201d, a&nbsp;fani s\u0105 w&nbsp;si\u00f3dmym niebie! Nowa seria Remigiusza Mroza w&nbsp;Audiotece!<\/a><\/p>\n<\/div><\/div>\n\n\n\n<h3 class=\"wp-block-heading\"><span class=\"ez-toc-section\" id=\"%E2%80%9EKontury%E2%80%9D_%E2%80%93_bestseller_zanim_trafil_na_polki\"><\/span>&#8222;Kontury&#8221; \u2013 bestseller, zanim trafi\u0142 na p\u00f3\u0142ki!<span class=\"ez-toc-section-end\"><\/span><\/h3>\n\n\n\n<p class=\"has-text-align-justify wp-block-paragraph\">Najnowsza powie\u015b\u0107 Jakuba Jarno, &#8222;Kontury&#8221;, mia\u0142a swoj\u0105 premier\u0119 i&nbsp;ju\u017c zd\u0105\u017cy\u0142a wywo\u0142a\u0107 niema\u0142e zamieszanie. Wed\u0142ug <a href=\"https:\/\/audioteka.com\/pl\/autor\/remigiusz-mroz\/\" target=\"_blank\" rel=\"noopener\">Remigiusza Mroza<\/a>, zainteresowanie ksi\u0105\u017ck\u0105 by\u0142o tak wielkie, \u017ce&#8230; nak\u0142ad wyprzeda\u0142 si\u0119 zanim w&nbsp;og\u00f3le trafi\u0142 do ksi\u0119gar\u0144! <strong>Cytuj\u0105c Mroza: &#8222;Ot\u00f3\u017c zainteresowanie 'Konturami&#8217; osi\u0105gn\u0119\u0142o tak niebotyczne rozmiary, i\u017c ksi\u0105\u017cki sko\u0144czy\u0142y si\u0119, zanim zosta\u0142y wydrukowane. Przynajmniej tak twierdzi jego Mi\u0142a Pani od Marketingu. Jak wida\u0107, ch\u0142op ma ludzi od wszystkiego, a&nbsp;sam tylko siedzi na swojej wsi i&nbsp;pisze. Pozazdro\u015bci\u0107&#8221;. <\/strong>Czy\u017c to nie jest zabawny, cho\u0107 nieco podejrzany komentarz od kogo\u015b, kto nie jest autorem?<\/p>\n\n\n\n<h2 class=\"wp-block-heading\"><span class=\"ez-toc-section\" id=\"Nie_przegap_premiery_%E2%80%9EKontury%E2%80%9D_audiobook_w_Audiotece\"><\/span><strong>Nie przegap premiery <strong>&#8222;Kontury&#8221; audiobook<\/strong><\/strong> <strong>w Audiotece!<\/strong><span class=\"ez-toc-section-end\"><\/span><\/h2>\n\n\n\n<p class=\"has-text-align-justify wp-block-paragraph\">Pami\u0119tacie szum wok\u00f3\u0142 &#8222;\u015awiat\u0142oczu\u0142o\u015bci&#8221; i&nbsp;nieuchwytnego autora, kt\u00f3ry, jak plotka niesie, ma nieziemsk\u0105 zdolno\u015b\u0107 do pisania i&#8230; ukrywania si\u0119? A&nbsp;mo\u017ce to po prostu nasz ulubiony pisarz-maszyna, Remigiusz Mr\u00f3z, po raz kolejny bawi si\u0119 w&nbsp;ciuciubabk\u0119 z&nbsp;czytelnikami? <strong>Niezale\u017cnie od tego, kto stoi za pseudonimem\u00a0Jakub Jarno, jedno jest pewne: jego nowa powie\u015b\u0107 <a href=\"https:\/\/audioteka.com\/pl\/audiobook\/kontury\/\" target=\"_blank\" rel=\"noopener\">&#8222;Kontury&#8221;<\/a> ju\u017c teraz budzi ogromne emocje. <\/strong>Czy to tylko sprytny marketing, czy faktycznie mamy do czynienia z&nbsp;fenomenem na miar\u0119 <a href=\"https:\/\/audioteka.com\/pl\/autor\/elena-ferrante-e42ee412\/\" target=\"_blank\" rel=\"noopener\">Eleny Ferrante<\/a>?<\/p>\n\n\n<div class=\"wp-block-image\">\n<figure class=\"aligncenter size-full\"><a href=\"https:\/\/audioteka.com\/pl\/audiobook\/kontury\/\" target=\"_blank\" rel=\"noopener\"><img loading=\"lazy\" decoding=\"async\" width=\"300\" height=\"300\" data-attachment-id=\"10262\" data-permalink=\"https:\/\/blogaudioteka.wpcomstaging.com\/swiatloczulosc-i-kontury-czy-za-bestsellerami-jakuba-jarno-stoi-remigiusz-mroz-literackie-sledztwo-z-przymruzeniem-oka\/kontury-original\" data-orig-file=\"https:\/\/blogaudioteka.wpcomstaging.com\/wp-content\/uploads\/kontury-original.avif\" data-orig-size=\"300,300\" data-comments-opened=\"0\" data-image-meta=\"{&quot;aperture&quot;:&quot;0&quot;,&quot;credit&quot;:&quot;&quot;,&quot;camera&quot;:&quot;&quot;,&quot;caption&quot;:&quot;&quot;,&quot;created_timestamp&quot;:&quot;0&quot;,&quot;copyright&quot;:&quot;&quot;,&quot;focal_length&quot;:&quot;0&quot;,&quot;iso&quot;:&quot;0&quot;,&quot;shutter_speed&quot;:&quot;0&quot;,&quot;title&quot;:&quot;&quot;,&quot;orientation&quot;:&quot;0&quot;}\" data-image-title=\"kontury-original\" data-image-description=\"\" data-image-caption=\"\" data-large-file=\"https:\/\/blogaudioteka.wpcomstaging.com\/wp-content\/uploads\/kontury-original.avif\" src=\"https:\/\/blogaudioteka.wpcomstaging.com\/wp-content\/uploads\/kontury-original.avif\" alt=\"\" class=\"wp-image-10262\" srcset=\"https:\/\/blogaudioteka.wpcomstaging.com\/wp-content\/uploads\/kontury-original.avif 300w, https:\/\/blogaudioteka.wpcomstaging.com\/wp-content\/uploads\/kontury-original-150x150.avif 150w, https:\/\/blogaudioteka.wpcomstaging.com\/wp-content\/uploads\/kontury-original-200x200.avif 200w, https:\/\/blogaudioteka.wpcomstaging.com\/wp-content\/uploads\/kontury-original-148x148.avif 148w, https:\/\/blogaudioteka.wpcomstaging.com\/wp-content\/uploads\/kontury-original-296x296.avif 296w\" sizes=\"auto, (max-width: 300px) 100vw, 300px\" \/><\/a><\/figure>\n<\/div>\n\n\n<p class=\"wp-block-paragraph\">W Audiotece, zamiast bawi\u0107 si\u0119 w&nbsp;detektyw\u00f3w (chocia\u017c to i&nbsp;tak \u015bwietna zabawa!), skupiamy si\u0119 na tym, co najwa\u017cniejsze: na historii. A&nbsp;ta w&nbsp;&#8222;<strong>Konturach<\/strong>&#8221; zapowiada si\u0119 r\u00f3wnie porywaj\u0105co, co to\u017csamo\u015b\u0107 jej tw\u00f3rcy! Wiemy, \u017ce ksi\u0105\u017cka trafi\u0142a ju\u017c do ksi\u0119gar\u0144, ale prawdziw\u0105 <strong>gratk\u0105 dla fan\u00f3w literatury jest\u00a0pe\u0142ny audiobook, kt\u00f3ry ju\u017c\u00a029 pa\u017adziernika\u00a0pojawi si\u0119 w&nbsp;naszej kolekcji!<\/strong><\/p>\n\n\n\n<p class=\"has-text-align-justify wp-block-paragraph\">Kto przeniesie nas w&nbsp;\u015bwiat Wandy Je\u017cy\u0144skiej? <strong>Nikt inny, jak dwie ikony polskiego dubbingu i&nbsp;interpretacji: niezr\u00f3wnany\u00a0<a href=\"https:\/\/audioteka.com\/pl\/lektor\/krzysztof-gosztyla\/\" target=\"_blank\" rel=\"noopener\">Krzysztof Goszty\u0142a<\/a>\u00a0oraz magnetyzuj\u0105ca\u00a0<a href=\"https:\/\/audioteka.com\/pl\/lektor\/maja-ostaszewska\/\" target=\"_blank\" rel=\"noopener\">Maja Ostaszewska<\/a>!<\/strong> Po raz kolejny, ich g\u0142osy (pan Goszty\u0142a, co ciekawe, doskonale znany z&nbsp;interpretacji dzie\u0142&#8230; Remigiusza Mroza!) tchn\u0105 \u017cycie w&nbsp;bohater\u00f3w\u00a0Wydawnictwa Literackiego, obiecuj\u0105c niezapomniane wra\u017cenia s\u0142uchowe.<\/p>\n\n\n\n<h3 class=\"wp-block-heading\"><span class=\"ez-toc-section\" id=\"Opowiesc_ktora_poruszy_do_glebi\"><\/span><strong>Opowie\u015b\u0107, kt\u00f3ra poruszy do g\u0142\u0119bi<\/strong><span class=\"ez-toc-section-end\"><\/span><\/h3>\n\n\n\n<p class=\"has-text-align-justify wp-block-paragraph\"><strong>&#8222;Kontury&#8221; to historia Wandy Je\u017cy\u0144skiej, dziewczyny urodzonej w&nbsp;ostatnich dniach wojny.<\/strong> To opowie\u015b\u0107 o&nbsp;walce o&nbsp;przetrwanie, o&nbsp;pr\u00f3bie okie\u0142znania \u017cywio\u0142\u00f3w i&nbsp;odnalezienia swojego miejsca w&nbsp;bezlitosnym \u015bwiecie. Wanda, zdana wy\u0142\u0105cznie na siebie, staje w&nbsp;obliczu najci\u0119\u017cszych pr\u00f3b, a&nbsp;na jej drodze pojawiaj\u0105 si\u0119 Franek \u015awiat\u0142o i&nbsp;Urban Sierpi\u0144ski. Kim oka\u017c\u0105 si\u0119 dla niej \u2013 wybawieniem czy przekle\u0144stwem?<\/p>\n\n\n\n<ul class=\"wp-block-list\">\n<li>\u201eW powojennej zawierusze nikn\u0119\u0142o wszystko, a&nbsp;przede wszystkim ludzkie losy.&#8221;<\/li>\n\n\n\n<li>\u201eNale\u017ca\u0142am do ludzi, kt\u00f3rzy nigdy nie powinni si\u0119 urodzi\u0107, nie mieli bowiem szansy na to, by nauczy\u0107 si\u0119 \u017cy\u0107. By\u0142am dzieckiem otch\u0142ani, wytworem chaosu, bezpa\u0144skim py\u0142em na gruzach historii.&#8221;<\/li>\n<\/ul>\n\n\n\n<p class=\"has-text-align-justify wp-block-paragraph\"><strong>Te s\u0142owa z&nbsp;opisu zapowiadaj\u0105 g\u0142\u0119bok\u0105, poruszaj\u0105c\u0105 powie\u015b\u0107 o&nbsp;ludzkiej sile i&nbsp;pami\u0119ci, o&nbsp;kt\u00f3rej wspominali ju\u017c czytelnicy &#8222;\u015awiat\u0142oczu\u0142o\u015bci&#8221;. <\/strong>Je\u015bli cenicie sobie literatur\u0119 wsp\u00f3\u0142czesn\u0105, kt\u00f3ra zmusza do refleksji i&nbsp;pozostaje w&nbsp;pami\u0119ci na d\u0142ugo,\u00a0audiobook &#8222;Kontury&#8221;\u00a0to pozycja obowi\u0105zkowa!<\/p>\n\n\n\n<figure class=\"wp-block-image size-full\"><a href=\"https:\/\/audioteka.com\/pl\/applications\" target=\"_blank\" rel=\"noopener\"><img data-recalc-dims=\"1\" loading=\"lazy\" decoding=\"async\" width=\"768\" height=\"216\" data-attachment-id=\"9400\" data-permalink=\"https:\/\/blogaudioteka.wpcomstaging.com\/top-10-najlepszych-pilkarzy-swiata-wysluchaj-inspirujacych-biografii-legend-futbolu\/relaks\" data-orig-file=\"https:\/\/i0.wp.com\/blogaudioteka.wpcomstaging.com\/wp-content\/uploads\/relaks.png?fit=768%2C216&amp;ssl=1\" data-orig-size=\"768,216\" data-comments-opened=\"0\" data-image-meta=\"{&quot;aperture&quot;:&quot;0&quot;,&quot;credit&quot;:&quot;&quot;,&quot;camera&quot;:&quot;&quot;,&quot;caption&quot;:&quot;&quot;,&quot;created_timestamp&quot;:&quot;0&quot;,&quot;copyright&quot;:&quot;&quot;,&quot;focal_length&quot;:&quot;0&quot;,&quot;iso&quot;:&quot;0&quot;,&quot;shutter_speed&quot;:&quot;0&quot;,&quot;title&quot;:&quot;&quot;,&quot;orientation&quot;:&quot;0&quot;}\" data-image-title=\"relaks\" data-image-description=\"\" data-image-caption=\"\" data-large-file=\"https:\/\/i0.wp.com\/blogaudioteka.wpcomstaging.com\/wp-content\/uploads\/relaks.png?fit=768%2C216&amp;ssl=1\" src=\"https:\/\/i0.wp.com\/blogaudioteka.wpcomstaging.com\/wp-content\/uploads\/relaks.png?resize=768%2C216&#038;ssl=1\" alt=\"\" class=\"wp-image-9400\" srcset=\"https:\/\/i0.wp.com\/blogaudioteka.wpcomstaging.com\/wp-content\/uploads\/relaks.png?w=768&amp;ssl=1 768w, https:\/\/i0.wp.com\/blogaudioteka.wpcomstaging.com\/wp-content\/uploads\/relaks.png?resize=300%2C84&amp;ssl=1 300w, https:\/\/i0.wp.com\/blogaudioteka.wpcomstaging.com\/wp-content\/uploads\/relaks.png?resize=512%2C144&amp;ssl=1 512w\" sizes=\"auto, (max-width: 768px) 100vw, 768px\" \/><\/a><\/figure>\n\n\n\n<p class=\"has-text-align-justify wp-block-paragraph\">Niezale\u017cnie od tego, czy wierzycie w&nbsp;istnienie Jakuba Jarno, czy te\u017c widzicie w&nbsp;nim kolejne genialne wcielenie Remigiusza Mroza, jedno jest pewne: ta historia zas\u0142uguje na Wasz\u0105 uwag\u0119!\u00a0<strong>&#8222;Kontury&#8221;\u00a0w&nbsp;interpretacji Krzysztofa Goszty\u0142y i&nbsp;Mai Ostaszewskiej to zapowied\u017a prawdziwej uczty dla uszu. Premiera audiobooka ju\u017c 29 pa\u017adziernika w&nbsp;<a href=\"https:\/\/audioteka.com\/pl\/\" target=\"_blank\" rel=\"noopener\">Audiotece<\/a>!<\/strong>\u00a0Dodajcie do ulubionych, ustawcie przypomnienia i&nbsp;b\u0105d\u017acie pierwsi, kt\u00f3rzy odkryj\u0105 &#8222;Kontury&#8221; tej niezwyk\u0142ej opowie\u015bci! Kto wie, mo\u017ce to w\u0142a\u015bnie Wy znajdziecie klucz do zagadki Jakuba Jarno?<\/p>\n\n\n\n<h3 class=\"wp-block-heading\"><span class=\"ez-toc-section\" id=\"Moga_Cie_zainteresowac\"><\/span>Mog\u0105 Ci\u0119 zainteresowa\u0107:<span class=\"ez-toc-section-end\"><\/span><\/h3>\n\n\n\n<figure class=\"wp-block-gallery has-nested-images columns-default is-cropped wp-block-gallery-7 is-layout-flex wp-block-gallery-is-layout-flex\">\n<figure class=\"wp-block-image size-large\"><a href=\"https:\/\/audioteka.com\/pl\/audiobook\/paderborn\/\" target=\"_blank\" rel=\"noopener\"><img loading=\"lazy\" decoding=\"async\" width=\"360\" height=\"360\" data-attachment-id=\"10278\" data-permalink=\"https:\/\/blogaudioteka.wpcomstaging.com\/swiatloczulosc-i-kontury-czy-za-bestsellerami-jakuba-jarno-stoi-remigiusz-mroz-literackie-sledztwo-z-przymruzeniem-oka\/paderborn-original-3-3\" data-orig-file=\"https:\/\/blogaudioteka.wpcomstaging.com\/wp-content\/uploads\/paderborn-original-3-2.avif\" data-orig-size=\"360,360\" data-comments-opened=\"0\" data-image-meta=\"{&quot;aperture&quot;:&quot;0&quot;,&quot;credit&quot;:&quot;&quot;,&quot;camera&quot;:&quot;&quot;,&quot;caption&quot;:&quot;&quot;,&quot;created_timestamp&quot;:&quot;0&quot;,&quot;copyright&quot;:&quot;&quot;,&quot;focal_length&quot;:&quot;0&quot;,&quot;iso&quot;:&quot;0&quot;,&quot;shutter_speed&quot;:&quot;0&quot;,&quot;title&quot;:&quot;&quot;,&quot;orientation&quot;:&quot;0&quot;}\" data-image-title=\"paderborn-original (3)\" data-image-description=\"\" data-image-caption=\"\" data-large-file=\"https:\/\/blogaudioteka.wpcomstaging.com\/wp-content\/uploads\/paderborn-original-3-2.avif\" data-id=\"10278\" src=\"https:\/\/blogaudioteka.wpcomstaging.com\/wp-content\/uploads\/paderborn-original-3-2.avif\" alt=\"\" class=\"wp-image-10278\" srcset=\"https:\/\/blogaudioteka.wpcomstaging.com\/wp-content\/uploads\/paderborn-original-3-2.avif 360w, https:\/\/blogaudioteka.wpcomstaging.com\/wp-content\/uploads\/paderborn-original-3-2-300x300.avif 300w, https:\/\/blogaudioteka.wpcomstaging.com\/wp-content\/uploads\/paderborn-original-3-2-150x150.avif 150w, https:\/\/blogaudioteka.wpcomstaging.com\/wp-content\/uploads\/paderborn-original-3-2-200x200.avif 200w, https:\/\/blogaudioteka.wpcomstaging.com\/wp-content\/uploads\/paderborn-original-3-2-148x148.avif 148w, https:\/\/blogaudioteka.wpcomstaging.com\/wp-content\/uploads\/paderborn-original-3-2-296x296.avif 296w\" sizes=\"auto, (max-width: 360px) 100vw, 360px\" \/><\/a><\/figure>\n\n\n\n<figure class=\"wp-block-image size-large\"><a href=\"https:\/\/audioteka.com\/pl\/audiobook\/listy-zza-grobu\/\" target=\"_blank\" rel=\"noopener\"><img loading=\"lazy\" decoding=\"async\" width=\"300\" height=\"300\" data-attachment-id=\"10275\" data-permalink=\"https:\/\/blogaudioteka.wpcomstaging.com\/swiatloczulosc-i-kontury-czy-za-bestsellerami-jakuba-jarno-stoi-remigiusz-mroz-literackie-sledztwo-z-przymruzeniem-oka\/listy-zza-grobu-original-1-2\" data-orig-file=\"https:\/\/blogaudioteka.wpcomstaging.com\/wp-content\/uploads\/listy-zza-grobu-original-1-1.avif\" data-orig-size=\"300,300\" data-comments-opened=\"0\" data-image-meta=\"{&quot;aperture&quot;:&quot;0&quot;,&quot;credit&quot;:&quot;&quot;,&quot;camera&quot;:&quot;&quot;,&quot;caption&quot;:&quot;&quot;,&quot;created_timestamp&quot;:&quot;0&quot;,&quot;copyright&quot;:&quot;&quot;,&quot;focal_length&quot;:&quot;0&quot;,&quot;iso&quot;:&quot;0&quot;,&quot;shutter_speed&quot;:&quot;0&quot;,&quot;title&quot;:&quot;&quot;,&quot;orientation&quot;:&quot;0&quot;}\" data-image-title=\"listy-zza-grobu-original (1)\" data-image-description=\"\" data-image-caption=\"\" data-large-file=\"https:\/\/blogaudioteka.wpcomstaging.com\/wp-content\/uploads\/listy-zza-grobu-original-1-1.avif\" data-id=\"10275\" src=\"https:\/\/blogaudioteka.wpcomstaging.com\/wp-content\/uploads\/listy-zza-grobu-original-1-1.avif\" alt=\"\" class=\"wp-image-10275\" srcset=\"https:\/\/blogaudioteka.wpcomstaging.com\/wp-content\/uploads\/listy-zza-grobu-original-1-1.avif 300w, https:\/\/blogaudioteka.wpcomstaging.com\/wp-content\/uploads\/listy-zza-grobu-original-1-1-150x150.avif 150w, https:\/\/blogaudioteka.wpcomstaging.com\/wp-content\/uploads\/listy-zza-grobu-original-1-1-200x200.avif 200w, https:\/\/blogaudioteka.wpcomstaging.com\/wp-content\/uploads\/listy-zza-grobu-original-1-1-148x148.avif 148w, https:\/\/blogaudioteka.wpcomstaging.com\/wp-content\/uploads\/listy-zza-grobu-original-1-1-296x296.avif 296w\" sizes=\"auto, (max-width: 300px) 100vw, 300px\" \/><\/a><\/figure>\n\n\n\n<figure class=\"wp-block-image size-large\"><a href=\"https:\/\/audioteka.com\/pl\/audiobook\/parabellum-1\/\" target=\"_blank\" rel=\"noopener\"><img loading=\"lazy\" decoding=\"async\" width=\"360\" height=\"360\" data-attachment-id=\"10274\" data-permalink=\"https:\/\/blogaudioteka.wpcomstaging.com\/swiatloczulosc-i-kontury-czy-za-bestsellerami-jakuba-jarno-stoi-remigiusz-mroz-literackie-sledztwo-z-przymruzeniem-oka\/parabellum-1-original-1-2\" data-orig-file=\"https:\/\/blogaudioteka.wpcomstaging.com\/wp-content\/uploads\/parabellum-1-original-1-1.avif\" data-orig-size=\"360,360\" data-comments-opened=\"0\" data-image-meta=\"{&quot;aperture&quot;:&quot;0&quot;,&quot;credit&quot;:&quot;&quot;,&quot;camera&quot;:&quot;&quot;,&quot;caption&quot;:&quot;&quot;,&quot;created_timestamp&quot;:&quot;0&quot;,&quot;copyright&quot;:&quot;&quot;,&quot;focal_length&quot;:&quot;0&quot;,&quot;iso&quot;:&quot;0&quot;,&quot;shutter_speed&quot;:&quot;0&quot;,&quot;title&quot;:&quot;&quot;,&quot;orientation&quot;:&quot;0&quot;}\" data-image-title=\"parabellum-1-original (1)\" data-image-description=\"\" data-image-caption=\"\" data-large-file=\"https:\/\/blogaudioteka.wpcomstaging.com\/wp-content\/uploads\/parabellum-1-original-1-1.avif\" data-id=\"10274\" src=\"https:\/\/blogaudioteka.wpcomstaging.com\/wp-content\/uploads\/parabellum-1-original-1-1.avif\" alt=\"\" class=\"wp-image-10274\" srcset=\"https:\/\/blogaudioteka.wpcomstaging.com\/wp-content\/uploads\/parabellum-1-original-1-1.avif 360w, https:\/\/blogaudioteka.wpcomstaging.com\/wp-content\/uploads\/parabellum-1-original-1-1-300x300.avif 300w, https:\/\/blogaudioteka.wpcomstaging.com\/wp-content\/uploads\/parabellum-1-original-1-1-150x150.avif 150w, https:\/\/blogaudioteka.wpcomstaging.com\/wp-content\/uploads\/parabellum-1-original-1-1-200x200.avif 200w, https:\/\/blogaudioteka.wpcomstaging.com\/wp-content\/uploads\/parabellum-1-original-1-1-148x148.avif 148w, https:\/\/blogaudioteka.wpcomstaging.com\/wp-content\/uploads\/parabellum-1-original-1-1-296x296.avif 296w\" sizes=\"auto, (max-width: 360px) 100vw, 360px\" \/><\/a><\/figure>\n\n\n\n<figure class=\"wp-block-image size-full\"><a href=\"https:\/\/audioteka.com\/pl\/audiobook\/projekt-riese\/\" target=\"_blank\" rel=\"noopener\"><img loading=\"lazy\" decoding=\"async\" width=\"360\" height=\"360\" data-attachment-id=\"10281\" data-permalink=\"https:\/\/blogaudioteka.wpcomstaging.com\/swiatloczulosc-i-kontury-czy-za-bestsellerami-jakuba-jarno-stoi-remigiusz-mroz-literackie-sledztwo-z-przymruzeniem-oka\/projekt-riese-original\" data-orig-file=\"https:\/\/blogaudioteka.wpcomstaging.com\/wp-content\/uploads\/projekt-riese-original.avif\" data-orig-size=\"360,360\" data-comments-opened=\"0\" data-image-meta=\"{&quot;aperture&quot;:&quot;0&quot;,&quot;credit&quot;:&quot;&quot;,&quot;camera&quot;:&quot;&quot;,&quot;caption&quot;:&quot;&quot;,&quot;created_timestamp&quot;:&quot;0&quot;,&quot;copyright&quot;:&quot;&quot;,&quot;focal_length&quot;:&quot;0&quot;,&quot;iso&quot;:&quot;0&quot;,&quot;shutter_speed&quot;:&quot;0&quot;,&quot;title&quot;:&quot;&quot;,&quot;orientation&quot;:&quot;0&quot;}\" data-image-title=\"projekt-riese-original\" data-image-description=\"\" data-image-caption=\"\" data-large-file=\"https:\/\/blogaudioteka.wpcomstaging.com\/wp-content\/uploads\/projekt-riese-original.avif\" data-id=\"10281\" src=\"https:\/\/blogaudioteka.wpcomstaging.com\/wp-content\/uploads\/projekt-riese-original.avif\" alt=\"\" class=\"wp-image-10281\" srcset=\"https:\/\/blogaudioteka.wpcomstaging.com\/wp-content\/uploads\/projekt-riese-original.avif 360w, https:\/\/blogaudioteka.wpcomstaging.com\/wp-content\/uploads\/projekt-riese-original-300x300.avif 300w, https:\/\/blogaudioteka.wpcomstaging.com\/wp-content\/uploads\/projekt-riese-original-150x150.avif 150w, https:\/\/blogaudioteka.wpcomstaging.com\/wp-content\/uploads\/projekt-riese-original-148x148.avif 148w, https:\/\/blogaudioteka.wpcomstaging.com\/wp-content\/uploads\/projekt-riese-original-296x296.avif 296w\" sizes=\"auto, (max-width: 360px) 100vw, 360px\" \/><\/a><\/figure>\n\n\n\n<figure class=\"wp-block-image size-full\"><a href=\"https:\/\/audioteka.com\/pl\/audiobook\/operacja-mir\/\" target=\"_blank\" rel=\"noopener\"><img loading=\"lazy\" decoding=\"async\" width=\"360\" height=\"360\" data-attachment-id=\"10280\" data-permalink=\"https:\/\/blogaudioteka.wpcomstaging.com\/swiatloczulosc-i-kontury-czy-za-bestsellerami-jakuba-jarno-stoi-remigiusz-mroz-literackie-sledztwo-z-przymruzeniem-oka\/operacja_mir_2-new-1\" data-orig-file=\"https:\/\/blogaudioteka.wpcomstaging.com\/wp-content\/uploads\/operacja_mir_2-new-1.avif\" data-orig-size=\"360,360\" data-comments-opened=\"0\" data-image-meta=\"{&quot;aperture&quot;:&quot;0&quot;,&quot;credit&quot;:&quot;&quot;,&quot;camera&quot;:&quot;&quot;,&quot;caption&quot;:&quot;&quot;,&quot;created_timestamp&quot;:&quot;0&quot;,&quot;copyright&quot;:&quot;&quot;,&quot;focal_length&quot;:&quot;0&quot;,&quot;iso&quot;:&quot;0&quot;,&quot;shutter_speed&quot;:&quot;0&quot;,&quot;title&quot;:&quot;&quot;,&quot;orientation&quot;:&quot;0&quot;}\" data-image-title=\"operacja_mir_2-new (1)\" data-image-description=\"\" data-image-caption=\"\" data-large-file=\"https:\/\/blogaudioteka.wpcomstaging.com\/wp-content\/uploads\/operacja_mir_2-new-1.avif\" data-id=\"10280\" src=\"https:\/\/blogaudioteka.wpcomstaging.com\/wp-content\/uploads\/operacja_mir_2-new-1.avif\" alt=\"\" class=\"wp-image-10280\" srcset=\"https:\/\/blogaudioteka.wpcomstaging.com\/wp-content\/uploads\/operacja_mir_2-new-1.avif 360w, https:\/\/blogaudioteka.wpcomstaging.com\/wp-content\/uploads\/operacja_mir_2-new-1-300x300.avif 300w, https:\/\/blogaudioteka.wpcomstaging.com\/wp-content\/uploads\/operacja_mir_2-new-1-150x150.avif 150w, https:\/\/blogaudioteka.wpcomstaging.com\/wp-content\/uploads\/operacja_mir_2-new-1-148x148.avif 148w, https:\/\/blogaudioteka.wpcomstaging.com\/wp-content\/uploads\/operacja_mir_2-new-1-296x296.avif 296w\" sizes=\"auto, (max-width: 360px) 100vw, 360px\" \/><\/a><\/figure>\n\n\n\n<figure class=\"wp-block-image size-large\"><a href=\"https:\/\/audioteka.com\/pl\/audiobook\/pieklo-jest-puste-czesc-1\/\" target=\"_blank\" rel=\"noopener\"><img loading=\"lazy\" decoding=\"async\" width=\"300\" height=\"300\" data-attachment-id=\"10277\" data-permalink=\"https:\/\/blogaudioteka.wpcomstaging.com\/swiatloczulosc-i-kontury-czy-za-bestsellerami-jakuba-jarno-stoi-remigiusz-mroz-literackie-sledztwo-z-przymruzeniem-oka\/pieklo-jest-puste-czesc-1-original-3-2\" data-orig-file=\"https:\/\/blogaudioteka.wpcomstaging.com\/wp-content\/uploads\/pieklo-jest-puste-czesc-1-original-3-1.avif\" data-orig-size=\"300,300\" data-comments-opened=\"0\" data-image-meta=\"{&quot;aperture&quot;:&quot;0&quot;,&quot;credit&quot;:&quot;&quot;,&quot;camera&quot;:&quot;&quot;,&quot;caption&quot;:&quot;&quot;,&quot;created_timestamp&quot;:&quot;0&quot;,&quot;copyright&quot;:&quot;&quot;,&quot;focal_length&quot;:&quot;0&quot;,&quot;iso&quot;:&quot;0&quot;,&quot;shutter_speed&quot;:&quot;0&quot;,&quot;title&quot;:&quot;&quot;,&quot;orientation&quot;:&quot;0&quot;}\" data-image-title=\"pieklo-jest-puste-czesc-1-original (3)\" data-image-description=\"\" data-image-caption=\"\" data-large-file=\"https:\/\/blogaudioteka.wpcomstaging.com\/wp-content\/uploads\/pieklo-jest-puste-czesc-1-original-3-1.avif\" data-id=\"10277\" src=\"https:\/\/blogaudioteka.wpcomstaging.com\/wp-content\/uploads\/pieklo-jest-puste-czesc-1-original-3-1.avif\" alt=\"\" class=\"wp-image-10277\" srcset=\"https:\/\/blogaudioteka.wpcomstaging.com\/wp-content\/uploads\/pieklo-jest-puste-czesc-1-original-3-1.avif 300w, https:\/\/blogaudioteka.wpcomstaging.com\/wp-content\/uploads\/pieklo-jest-puste-czesc-1-original-3-1-150x150.avif 150w, https:\/\/blogaudioteka.wpcomstaging.com\/wp-content\/uploads\/pieklo-jest-puste-czesc-1-original-3-1-200x200.avif 200w, https:\/\/blogaudioteka.wpcomstaging.com\/wp-content\/uploads\/pieklo-jest-puste-czesc-1-original-3-1-148x148.avif 148w, https:\/\/blogaudioteka.wpcomstaging.com\/wp-content\/uploads\/pieklo-jest-puste-czesc-1-original-3-1-296x296.avif 296w\" sizes=\"auto, (max-width: 300px) 100vw, 300px\" \/><\/a><\/figure>\n<\/figure>\n","protected":false},"excerpt":{"rendered":"\u015awiat literatury dr\u017cy w&nbsp;posadach, a&nbsp;czytelnicy stawiaj\u0105 zak\u0142ady: czy autor fenomenalnych \u201e\u015awiat\u0142oczu\u0142o\u015bci\u201d i&nbsp;\u201eKontur\u201d, Jakub Jarno, to aby na pewno&hellip;","protected":false},"author":264736300,"featured_media":10283,"comment_status":"closed","ping_status":"closed","sticky":false,"template":"","format":"standard","meta":{"_crdt_document":"","csco_display_header_overlay":false,"csco_singular_sidebar":"","csco_page_header_type":"","_jetpack_memberships_contains_paid_content":false,"footnotes":""},"categories":[14931,14935],"tags":[],"class_list":{"0":"post-10250","1":"post","2":"type-post","3":"status-publish","4":"format-standard","5":"has-post-thumbnail","7":"category-aktualnosci","8":"category-lifestylowe","9":"cs-entry"},"jetpack_featured_media_url":"https:\/\/i0.wp.com\/blogaudioteka.wpcomstaging.com\/wp-content\/uploads\/Projekt-bez-nazwy-94.png?fit=1920%2C1080&ssl=1","jetpack_sharing_enabled":true,"_links":{"self":[{"href":"https:\/\/blogaudioteka.wpcomstaging.com\/wp-json\/wp\/v2\/posts\/10250","targetHints":{"allow":["GET"]}}],"collection":[{"href":"https:\/\/blogaudioteka.wpcomstaging.com\/wp-json\/wp\/v2\/posts"}],"about":[{"href":"https:\/\/blogaudioteka.wpcomstaging.com\/wp-json\/wp\/v2\/types\/post"}],"author":[{"embeddable":true,"href":"https:\/\/blogaudioteka.wpcomstaging.com\/wp-json\/wp\/v2\/users\/264736300"}],"replies":[{"embeddable":true,"href":"https:\/\/blogaudioteka.wpcomstaging.com\/wp-json\/wp\/v2\/comments?post=10250"}],"version-history":[{"count":21,"href":"https:\/\/blogaudioteka.wpcomstaging.com\/wp-json\/wp\/v2\/posts\/10250\/revisions"}],"predecessor-version":[{"id":10284,"href":"https:\/\/blogaudioteka.wpcomstaging.com\/wp-json\/wp\/v2\/posts\/10250\/revisions\/10284"}],"wp:featuredmedia":[{"embeddable":true,"href":"https:\/\/blogaudioteka.wpcomstaging.com\/wp-json\/wp\/v2\/media\/10283"}],"wp:attachment":[{"href":"https:\/\/blogaudioteka.wpcomstaging.com\/wp-json\/wp\/v2\/media?parent=10250"}],"wp:term":[{"taxonomy":"category","embeddable":true,"href":"https:\/\/blogaudioteka.wpcomstaging.com\/wp-json\/wp\/v2\/categories?post=10250"},{"taxonomy":"post_tag","embeddable":true,"href":"https:\/\/blogaudioteka.wpcomstaging.com\/wp-json\/wp\/v2\/tags?post=10250"}],"curies":[{"name":"wp","href":"https:\/\/api.w.org\/{rel}","templated":true}]}}